{"id":209637,"date":"2026-08-28T06:16:06","date_gmt":"2026-08-28T09:16:06","guid":{"rendered":"https:\/\/gysfm.com.ar\/inicio\/asesino-a-sus-tres-hijos-dijo-que-las-voces-se-lo-ordenaron-y-los-forenses-descartaron-psicosis-nunca-vi-algo-asi\/"},"modified":"2026-08-28T06:16:07","modified_gmt":"2026-08-28T09:16:07","slug":"asesino-a-sus-tres-hijos-dijo-que-las-voces-se-lo-ordenaron-y-los-forenses-descartaron-psicosis-nunca-vi-algo-asi","status":"publish","type":"post","link":"https:\/\/gysfm.com.ar\/inicio\/asesino-a-sus-tres-hijos-dijo-que-las-voces-se-lo-ordenaron-y-los-forenses-descartaron-psicosis-nunca-vi-algo-asi\/","title":{"rendered":"Asesin\u00f3 a sus tres hijos, dijo que \u201clas voces\u201d se lo ordenaron y los forenses descartaron psicosis: \u201cNunca vi algo as\u00ed\u201d"},"content":{"rendered":"<p> <br \/>\n<\/p>\n<div>\n<p class=\"com-paragraph --capital --s\">El juicio contra <a href=\"https:\/\/www.lanacion.com.ar\/estados-unidos\/el-duro-testimonio-del-padre-que-encontro-a-sus-3-hijos-asesinados-por-la-madre-sangre-por-todas-nid30072026\/\" target=\"_self\" title=\"https:\/\/www.lanacion.com.ar\/estados-unidos\/el-duro-testimonio-del-padre-que-encontro-a-sus-3-hijos-asesinados-por-la-madre-sangre-por-todas-nid30072026\/\" class=\"com-link break-word\" data-mrf-recirculation=\"n_link_parrafo\">Lindsay Clancy, la mujer de 36 a\u00f1os acusada de matar a sus tres hijos peque\u00f1os<\/a> en la casa familiar de Duxbury, Massachusetts, entr\u00f3 en su etapa decisiva. El pasado mi\u00e9rcoles 26 de agosto concluyeron los testimonios y se espera que, tras los alegatos finales, el jurado comience a deliberar para determinar su responsabilidad penal.<\/p>\n<p class=\"com-paragraph --s\">Clancy est\u00e1 acusada de haber estrangulado a <strong>Cora, de 5 a\u00f1os; Dawson, de 3; y Callan, de apenas 8 meses<\/strong>, el 24 de enero de 2023. La mujer se declar\u00f3 inocente por falta de responsabilidad penal y su defensa sostiene que, al momento de los hechos, <strong>atravesaba una psicosis posparto que habr\u00eda alterado su capacidad para comprender y controlar sus acciones<\/strong>.<\/p>\n<p class=\"com-paragraph --s\">La fiscal\u00eda, por el contrario, busca demostrar que planific\u00f3 los asesinatos, mantuvo el control de sus actos y sab\u00eda que aquello que estaba haciendo era incorrecto. Una parte central de esa discusi\u00f3n gira alrededor de una de las primeras declaraciones dadas por la mujer, en la que asegur\u00f3 que cometi\u00f3 el asesinato por una voz en su cabeza que se lo ordenaba. <\/p>\n<div class=\"content-media\">\n<section role=\"button\" class=\"mod-media   \">\n<figure role=\"button\" tabindex=\"0\" class=\"mod-figure \"><figcaption class=\"mod-figcaption\"><span class=\"com-text --caption --twoxs\">Seg\u00fan la fiscal\u00eda, la mujer habr\u00eda planeado durante meses c\u00f3mo asesinar a sus ni\u00f1os<\/span><span class=\"com-text --credit --twoxs\">(Foto: Reuters)<\/span><\/figcaption><\/figure>\n<\/section>\n<\/div>\n<p class=\"com-paragraph --s\"><strong>Ese relato fue cuestionado durante el juicio por el psiquiatra forense Gregory Saathoff<\/strong>, de la Universidad de Virginia y psiquiatra s\u00e9nior de la Unidad de An\u00e1lisis del Comportamiento del FBI, quien brind\u00f3 su an\u00e1lisis como testigo de refutaci\u00f3n de la fiscal\u00eda. \u201cEl hecho de no tener instrucciones sobre c\u00f3mo hacerlo, pero ser capaz de ejecutar esas decisiones\u2026 es sorprendente que haya podido lograr todo esto sin ning\u00fan otro tipo de direcci\u00f3n o plan\u201d, dijo.<\/p>\n<p class=\"com-paragraph --s\">Seg\u00fan la autopsia, los peque\u00f1os fueron estrangulados con bandas el\u00e1sticas en el s\u00f3tano de la vivienda familiar y luego de cometido el crimen, la mujer intent\u00f3 quitarse la vida. Su exesposo y padre de los ni\u00f1os fue quien la encontr\u00f3, despu\u00e9s de haber sido enviado por ella misma a comprar algunos productos en el supermercado y luego en la farmacia. Estas instrucciones, seg\u00fan el psiquiatra, daban cuenta de que la mujer <strong>\u201cten\u00eda control, control de la secuencia de lo que hac\u00eda en todo momento\u201d<\/strong>.<\/p>\n<p class=\"com-paragraph --s\">Otro aspecto que llam\u00f3 la atenci\u00f3n del especialista fue la manera en que Clancy describi\u00f3 la supuesta voz. Gregory Saathoff consider\u00f3 inusual que la mujer asegurara que <strong>la voz desapareci\u00f3 inmediatamente despu\u00e9s de terminar de estrangular a sus hijos<\/strong>. Tambi\u00e9n se\u00f1al\u00f3 que Clancy la describi\u00f3 como constante y no intermitente y que anteriormente no habr\u00eda informado a los profesionales que la atend\u00edan que experimentaba ese tipo de alucinaciones.<\/p>\n<div class=\"content-media cursor-pointer\">\n<section class=\"media-container relative w-100 mod-media pb-32\">\n<figure class=\"mod-video flex flex-column ai-center bg-neutral-light-50\">\n<div class=\"video-player ratio-9-16 flex jc-center ai-center w-100 h-100 w-320\" data-has-jwplayer=\"true\" data-video-id-jw=\"d5fVXUA3\" data-config=\"{&quot;title&quot;:&quot;\u00bfQu\u00e9 intenta determinar la Justicia en el caso de Lindsay Clancy?&quot;,&quot;mediaId&quot;:&quot;d5fVXUA3&quot;,&quot;playerId&quot;:&quot;hOz6uuUy&quot;,&quot;playlist&quot;:[{&quot;mediaid&quot;:&quot;d5fVXUA3&quot;,&quot;sources&quot;:[{&quot;file&quot;:&quot;https:\/\/cdn.jwplayer.com\/manifests\/d5fVXUA3.m3u8&quot;,&quot;type&quot;:&quot;application\/vnd.apple.mpegurl&quot;},{&quot;bitrate&quot;:286120,&quot;file&quot;:&quot;https:\/\/cdn.jwplayer.com\/videos\/d5fVXUA3-kTExGaWf.mp4&quot;,&quot;filesize&quot;:3290388,&quot;framerate&quot;:30,&quot;height&quot;:320,&quot;label&quot;:&quot;180p&quot;,&quot;type&quot;:&quot;video\/mp4&quot;,&quot;width&quot;:180},{&quot;bitrate&quot;:411144,&quot;file&quot;:&quot;https:\/\/cdn.jwplayer.com\/videos\/d5fVXUA3-K8B0kybS.mp4&quot;,&quot;filesize&quot;:4728159,&quot;framerate&quot;:30,&quot;height&quot;:480,&quot;label&quot;:&quot;270p&quot;,&quot;type&quot;:&quot;video\/mp4&quot;,&quot;width&quot;:270},{&quot;bitrate&quot;:113938,&quot;file&quot;:&quot;https:\/\/cdn.jwplayer.com\/videos\/d5fVXUA3-hz5z2Tv4.m4a&quot;,&quot;filesize&quot;:1310287,&quot;label&quot;:&quot;AAC Audio&quot;,&quot;type&quot;:&quot;audio\/mp4&quot;},{&quot;bitrate&quot;:526143,&quot;file&quot;:&quot;https:\/\/cdn.jwplayer.com\/videos\/d5fVXUA3-FnZGUVnC.mp4&quot;,&quot;filesize&quot;:6050655,&quot;framerate&quot;:30,&quot;height&quot;:640,&quot;label&quot;:&quot;360p&quot;,&quot;type&quot;:&quot;video\/mp4&quot;,&quot;width&quot;:360},{&quot;bitrate&quot;:825644,&quot;file&quot;:&quot;https:\/\/cdn.jwplayer.com\/videos\/d5fVXUA3-0G6Pwvlw.mp4&quot;,&quot;filesize&quot;:9494907,&quot;framerate&quot;:30,&quot;height&quot;:960,&quot;label&quot;:&quot;540p&quot;,&quot;type&quot;:&quot;video\/mp4&quot;,&quot;width&quot;:540}]}],&quot;hasAutoplay&quot;:false,&quot;autostart&quot;:true,&quot;tagsUrl&quot;:&quot;https:\/\/pubads.g.doubleclick.net\/gampad\/ads?slotname=\/133919216\/la_nacion_video\/nota\/preroll&amp;sz=640x480|400x300&amp;ciu_szs=300x250&amp;unviewed_position_start=1&amp;output=vast&amp;impl=s&amp;env=vp&amp;gdfp_req=1&amp;ad_rule=0&amp;vad_type=linear&amp;vpos=preroll&amp;cust_params=tags_nuevos%3Dte_historias_del_crimen%2Cca_el_mundo%2C%2CPBM6DGPWQZG53JXIRGDRAK2MOE&amp;pod=3&amp;ppos=1&amp;lip=true&amp;min_ad_duration=0&amp;max_ad_duration=30000&amp;vrid=6256&amp;url=https%3A%2F%2Fwww.lanacion.com.ar%2Fel-mundo%2Fasesino-a-sus-tres-hijos-y-dijo-que-las-voces-se-lo-ordenaron-es-sorprendente-que-haya-podido-lograr-nid27082026%2F%3Fvariant%3DA%26utm_term%3DAutofeed%26utm_source%3DTwitter%26utm_medium%3DEchobox&amp;description_url=https%3A%2F%2Fwww.lanacion.com.ar%2Fel-mundo%2Fasesino-a-sus-tres-hijos-y-dijo-que-las-voces-se-lo-ordenaron-es-sorprendente-que-haya-podido-lograr-nid27082026%2F%3Fvariant%3DA%26utm_term%3DAutofeed%26utm_source%3DTwitter%26utm_medium%3DEchobox&amp;video_doc_id=short_onecue&amp;cmsid=496&amp;kfa=0&amp;tfcd=0&amp;correlator=1787908100503&quot;,&quot;arcSite&quot;:&quot;la-nacion-ar&quot;,&quot;duration&quot;:&quot;92000&quot;}\">\n<div id=\"facade-d5fVXUA3\" class=\"content-facade-jw relative bg-black w-100 ratio-9-16\"><picture><source media=\"(max-width: 767px)\" srcset=\"https:\/\/www.lanacion.com.ar\/resizer\/v2\/https%3A%2F%2Fcdn.jwplayer.com%2Fv2%2Fmedia%2Fd5fVXUA3%2Fposter.jpg%3Fwidth%3D720?auth=60c115097505b8f47a815444df832545edeaafb44490abd89afb9a225f89cecd&amp;width=480&amp;quality=70&amp;smart=false\"\/><\/picture><\/div>\n<\/div><figcaption class=\"border border-1 border-bottom border-light-300 relative px-16 py-8 min-h-36 w-100_md w-100 bg-white\"><span class=\"text ln-text text-16 block\">\u00bfQu\u00e9 intenta determinar la Justicia en el caso de Lindsay Clancy?<\/span><\/figcaption><\/figure>\n<\/section>\n<\/div>\n<p class=\"com-paragraph --s\">Adem\u00e1s, habr\u00eda brindado versiones diferentes a distintos evaluadores acerca del momento exacto en el que comenz\u00f3 a escucharla. <strong>\u201cCometer ese acto no cura la voz\u201d<\/strong>, se\u00f1al\u00f3 Saathoff al analizar la supuesta desaparici\u00f3n inmediata de la alucinaci\u00f3n despu\u00e9s de los asesinatos. Y agreg\u00f3: <strong>\u201cNunca hab\u00eda visto algo as\u00ed\u201d.<\/strong><\/p>\n<p><h2 class=\"font-primary font-w-bold text-subheading-lg text-left container-center-100 mb-8\"><span>La defensa sostiene que Lindsay Clancy sufr\u00eda psicosis posparto<\/span><\/h2>\n<\/p>\n<p class=\"com-paragraph --s\">Los abogados de Clancy sostienen una interpretaci\u00f3n completamente diferente a la del psiquiatra. Su estrategia apunta a demostrar que la acusada <strong>atravesaba una grave alteraci\u00f3n de su salud mental despu\u00e9s del nacimiento de su tercer hijo<\/strong> y que esa condici\u00f3n debe ser considerada para determinar si era penalmente responsable cuando ocurrieron las muertes.<\/p>\n<p class=\"com-paragraph --s\">La psicosis posparto es una enfermedad poco frecuente que puede aparecer despu\u00e9s de dar a luz y provocar s\u00edntomas graves, entre ellos delirios y alucinaciones. Puede estar relacionada con distintos factores, incluidos los cambios hormonales, la falta de sue\u00f1o y otras condiciones de vulnerabilidad.<\/p>\n<section class=\"container-center-100 mb-40 border border-bottom border-thin border-neutral-light-700\"\/><\/div>\n<p><script id=\"facebookpixel\" defer=\"\" type=\"text\/javascript\">\n        !function(f,b,e,v,n,t,s)\n        {if(f.fbq)return;n=f.fbq=function(){n.callMethod?\n        n.callMethod.apply(n,arguments):n.queue.push(arguments)};\n        if(!f._fbq)f._fbq=n;n.push=n;n.loaded=!0;n.version='2.0';\n        n.queue=[];t=b.createElement(e);t.async=!0;\n        t.src=v;s=b.getElementsByTagName(e)[0];\n        s.parentNode.insertBefore(t,s)}(window, document,'script',\n        'https:\/\/connect.facebook.net\/en_US\/fbevents.js');\n        fbq('init', '492459597522335');\n        fbq('track', 'PageView');\n    <\/script><br \/>\n<br \/><\/p>\n","protected":false},"excerpt":{"rendered":"<p>El juicio contra Lindsay Clancy, la mujer de 36 a\u00f1os acusada de matar a sus tres hijos peque\u00f1os en la casa familiar de Duxbury, Massachusetts, entr\u00f3 en su etapa decisiva. El pasado mi\u00e9rcoles 26 de agosto concluyeron los testimonios y se espera que, tras los alegatos finales, el jurado comience a deliberar para determinar su [&hellip;]<\/p>\n","protected":false},"author":2,"featured_media":209638,"comment_status":"closed","ping_status":"closed","sticky":false,"template":"","format":"standard","meta":{"footnotes":""},"categories":[26],"tags":[],"class_list":["post-209637","post","type-post","status-publish","format-standard","has-post-thumbnail","hentry","category-internacionales"],"yoast_head":"<!-- This site is optimized with the Yoast SEO plugin v24.4 - https:\/\/yoast.com\/wordpress\/plugins\/seo\/ -->\n<title>Asesin\u00f3 a sus tres hijos, dijo que \u201clas voces\u201d se lo ordenaron y los forenses descartaron psicosis: \u201cNunca vi algo as\u00ed\u201d - GYS NOTICIAS |<\/title>\n<meta name=\"robots\" content=\"index, follow, max-snippet:-1, max-image-preview:large, max-video-preview:-1\" \/>\n<link rel=\"canonical\" href=\"https:\/\/gysfm.com.ar\/inicio\/asesino-a-sus-tres-hijos-dijo-que-las-voces-se-lo-ordenaron-y-los-forenses-descartaron-psicosis-nunca-vi-algo-asi\/\" \/>\n<meta property=\"og:locale\" content=\"es_ES\" \/>\n<meta property=\"og:type\" content=\"article\" \/>\n<meta property=\"og:title\" content=\"Asesin\u00f3 a sus tres hijos, dijo que \u201clas voces\u201d se lo ordenaron y los forenses descartaron psicosis: \u201cNunca vi algo as\u00ed\u201d - GYS NOTICIAS |\" \/>\n<meta property=\"og:description\" content=\"El juicio contra Lindsay Clancy, la mujer de 36 a\u00f1os acusada de matar a sus tres hijos peque\u00f1os en la casa familiar de Duxbury, Massachusetts, entr\u00f3 en su etapa decisiva. El pasado mi\u00e9rcoles 26 de agosto concluyeron los testimonios y se espera que, tras los alegatos finales, el jurado comience a deliberar para determinar su [&hellip;]\" \/>\n<meta property=\"og:url\" content=\"https:\/\/gysfm.com.ar\/inicio\/asesino-a-sus-tres-hijos-dijo-que-las-voces-se-lo-ordenaron-y-los-forenses-descartaron-psicosis-nunca-vi-algo-asi\/\" \/>\n<meta property=\"og:site_name\" content=\"GYS NOTICIAS |\" \/>\n<meta property=\"article:published_time\" content=\"2026-08-28T09:16:06+00:00\" \/>\n<meta property=\"article:modified_time\" content=\"2026-08-28T09:16:07+00:00\" \/>\n<meta property=\"og:image\" content=\"https:\/\/gysfm.com.ar\/inicio\/wp-content\/uploads\/2026\/08\/el-miercoles-concluyo-el-testimonio-en-el-juicio-ZPMATWSMUJAD3IPU4BGWURIBBQ.jpg\" \/>\n\t<meta property=\"og:image:width\" content=\"1200\" \/>\n\t<meta property=\"og:image:height\" content=\"800\" \/>\n\t<meta property=\"og:image:type\" content=\"image\/jpeg\" \/>\n<meta name=\"author\" content=\"Prensa G&amp;S FM\" \/>\n<meta name=\"twitter:card\" content=\"summary_large_image\" \/>\n<meta name=\"twitter:label1\" content=\"Escrito por\" \/>\n\t<meta name=\"twitter:data1\" content=\"Prensa G&amp;S FM\" \/>\n\t<meta name=\"twitter:label2\" content=\"Tiempo de lectura\" \/>\n\t<meta name=\"twitter:data2\" content=\"3 minutos\" \/>\n<script type=\"application\/ld+json\" class=\"yoast-schema-graph\">{\"@context\":\"https:\/\/schema.org\",\"@graph\":[{\"@type\":\"Article\",\"@id\":\"https:\/\/gysfm.com.ar\/inicio\/asesino-a-sus-tres-hijos-dijo-que-las-voces-se-lo-ordenaron-y-los-forenses-descartaron-psicosis-nunca-vi-algo-asi\/#article\",\"isPartOf\":{\"@id\":\"https:\/\/gysfm.com.ar\/inicio\/asesino-a-sus-tres-hijos-dijo-que-las-voces-se-lo-ordenaron-y-los-forenses-descartaron-psicosis-nunca-vi-algo-asi\/\"},\"author\":{\"name\":\"Prensa G&amp;S FM\",\"@id\":\"https:\/\/gysfm.com.ar\/inicio\/#\/schema\/person\/3abba7593ef2ad19e1be221d54383dc5\"},\"headline\":\"Asesin\u00f3 a sus tres hijos, dijo que \u201clas voces\u201d se lo ordenaron y los forenses descartaron psicosis: \u201cNunca vi algo as\u00ed\u201d\",\"datePublished\":\"2026-08-28T09:16:06+00:00\",\"dateModified\":\"2026-08-28T09:16:07+00:00\",\"mainEntityOfPage\":{\"@id\":\"https:\/\/gysfm.com.ar\/inicio\/asesino-a-sus-tres-hijos-dijo-que-las-voces-se-lo-ordenaron-y-los-forenses-descartaron-psicosis-nunca-vi-algo-asi\/\"},\"wordCount\":653,\"publisher\":{\"@id\":\"https:\/\/gysfm.com.ar\/inicio\/#organization\"},\"image\":{\"@id\":\"https:\/\/gysfm.com.ar\/inicio\/asesino-a-sus-tres-hijos-dijo-que-las-voces-se-lo-ordenaron-y-los-forenses-descartaron-psicosis-nunca-vi-algo-asi\/#primaryimage\"},\"thumbnailUrl\":\"https:\/\/gysfm.com.ar\/inicio\/wp-content\/uploads\/2026\/08\/el-miercoles-concluyo-el-testimonio-en-el-juicio-ZPMATWSMUJAD3IPU4BGWURIBBQ.jpg\",\"articleSection\":[\"INTERNACIONALES\"],\"inLanguage\":\"es\"},{\"@type\":\"WebPage\",\"@id\":\"https:\/\/gysfm.com.ar\/inicio\/asesino-a-sus-tres-hijos-dijo-que-las-voces-se-lo-ordenaron-y-los-forenses-descartaron-psicosis-nunca-vi-algo-asi\/\",\"url\":\"https:\/\/gysfm.com.ar\/inicio\/asesino-a-sus-tres-hijos-dijo-que-las-voces-se-lo-ordenaron-y-los-forenses-descartaron-psicosis-nunca-vi-algo-asi\/\",\"name\":\"Asesin\u00f3 a sus tres hijos, dijo que \u201clas voces\u201d se lo ordenaron y los forenses descartaron psicosis: \u201cNunca vi algo as\u00ed\u201d - GYS NOTICIAS |\",\"isPartOf\":{\"@id\":\"https:\/\/gysfm.com.ar\/inicio\/#website\"},\"primaryImageOfPage\":{\"@id\":\"https:\/\/gysfm.com.ar\/inicio\/asesino-a-sus-tres-hijos-dijo-que-las-voces-se-lo-ordenaron-y-los-forenses-descartaron-psicosis-nunca-vi-algo-asi\/#primaryimage\"},\"image\":{\"@id\":\"https:\/\/gysfm.com.ar\/inicio\/asesino-a-sus-tres-hijos-dijo-que-las-voces-se-lo-ordenaron-y-los-forenses-descartaron-psicosis-nunca-vi-algo-asi\/#primaryimage\"},\"thumbnailUrl\":\"https:\/\/gysfm.com.ar\/inicio\/wp-content\/uploads\/2026\/08\/el-miercoles-concluyo-el-testimonio-en-el-juicio-ZPMATWSMUJAD3IPU4BGWURIBBQ.jpg\",\"datePublished\":\"2026-08-28T09:16:06+00:00\",\"dateModified\":\"2026-08-28T09:16:07+00:00\",\"breadcrumb\":{\"@id\":\"https:\/\/gysfm.com.ar\/inicio\/asesino-a-sus-tres-hijos-dijo-que-las-voces-se-lo-ordenaron-y-los-forenses-descartaron-psicosis-nunca-vi-algo-asi\/#breadcrumb\"},\"inLanguage\":\"es\",\"potentialAction\":[{\"@type\":\"ReadAction\",\"target\":[\"https:\/\/gysfm.com.ar\/inicio\/asesino-a-sus-tres-hijos-dijo-que-las-voces-se-lo-ordenaron-y-los-forenses-descartaron-psicosis-nunca-vi-algo-asi\/\"]}]},{\"@type\":\"ImageObject\",\"inLanguage\":\"es\",\"@id\":\"https:\/\/gysfm.com.ar\/inicio\/asesino-a-sus-tres-hijos-dijo-que-las-voces-se-lo-ordenaron-y-los-forenses-descartaron-psicosis-nunca-vi-algo-asi\/#primaryimage\",\"url\":\"https:\/\/gysfm.com.ar\/inicio\/wp-content\/uploads\/2026\/08\/el-miercoles-concluyo-el-testimonio-en-el-juicio-ZPMATWSMUJAD3IPU4BGWURIBBQ.jpg\",\"contentUrl\":\"https:\/\/gysfm.com.ar\/inicio\/wp-content\/uploads\/2026\/08\/el-miercoles-concluyo-el-testimonio-en-el-juicio-ZPMATWSMUJAD3IPU4BGWURIBBQ.jpg\",\"width\":1200,\"height\":800},{\"@type\":\"BreadcrumbList\",\"@id\":\"https:\/\/gysfm.com.ar\/inicio\/asesino-a-sus-tres-hijos-dijo-que-las-voces-se-lo-ordenaron-y-los-forenses-descartaron-psicosis-nunca-vi-algo-asi\/#breadcrumb\",\"itemListElement\":[{\"@type\":\"ListItem\",\"position\":1,\"name\":\"Portada\",\"item\":\"https:\/\/gysfm.com.ar\/inicio\/\"},{\"@type\":\"ListItem\",\"position\":2,\"name\":\"Asesin\u00f3 a sus tres hijos, dijo que \u201clas voces\u201d se lo ordenaron y los forenses descartaron psicosis: \u201cNunca vi algo as\u00ed\u201d\"}]},{\"@type\":\"WebSite\",\"@id\":\"https:\/\/gysfm.com.ar\/inicio\/#website\",\"url\":\"https:\/\/gysfm.com.ar\/inicio\/\",\"name\":\"GYS NOTICIAS |\",\"description\":\"DIARIO - RADIO ONLINE SAN JUAN ARGENTINA\",\"publisher\":{\"@id\":\"https:\/\/gysfm.com.ar\/inicio\/#organization\"},\"potentialAction\":[{\"@type\":\"SearchAction\",\"target\":{\"@type\":\"EntryPoint\",\"urlTemplate\":\"https:\/\/gysfm.com.ar\/inicio\/?s={search_term_string}\"},\"query-input\":{\"@type\":\"PropertyValueSpecification\",\"valueRequired\":true,\"valueName\":\"search_term_string\"}}],\"inLanguage\":\"es\"},{\"@type\":\"Organization\",\"@id\":\"https:\/\/gysfm.com.ar\/inicio\/#organization\",\"name\":\"GYS NOTICIAS |\",\"url\":\"https:\/\/gysfm.com.ar\/inicio\/\",\"logo\":{\"@type\":\"ImageObject\",\"inLanguage\":\"es\",\"@id\":\"https:\/\/gysfm.com.ar\/inicio\/#\/schema\/logo\/image\/\",\"url\":\"https:\/\/gysfm.com.ar\/inicio\/wp-content\/uploads\/2023\/07\/LOGOGYS-OK.png\",\"contentUrl\":\"https:\/\/gysfm.com.ar\/inicio\/wp-content\/uploads\/2023\/07\/LOGOGYS-OK.png\",\"width\":1170,\"height\":872,\"caption\":\"GYS NOTICIAS |\"},\"image\":{\"@id\":\"https:\/\/gysfm.com.ar\/inicio\/#\/schema\/logo\/image\/\"}},{\"@type\":\"Person\",\"@id\":\"https:\/\/gysfm.com.ar\/inicio\/#\/schema\/person\/3abba7593ef2ad19e1be221d54383dc5\",\"name\":\"Prensa G&amp;S FM\",\"image\":{\"@type\":\"ImageObject\",\"inLanguage\":\"es\",\"@id\":\"https:\/\/gysfm.com.ar\/inicio\/#\/schema\/person\/image\/\",\"url\":\"https:\/\/secure.gravatar.com\/avatar\/096ec78df02049ab018702bb4ccedf659377fa92a26540b5247612077a0dbd29?s=96&d=mm&r=g\",\"contentUrl\":\"https:\/\/secure.gravatar.com\/avatar\/096ec78df02049ab018702bb4ccedf659377fa92a26540b5247612077a0dbd29?s=96&d=mm&r=g\",\"caption\":\"Prensa G&amp;S FM\"},\"sameAs\":[\"https:\/\/gysfm.com.ar\/\"],\"url\":\"https:\/\/gysfm.com.ar\/inicio\/author\/lucasm\/\"}]}<\/script>\n<!-- \/ Yoast SEO plugin. -->","yoast_head_json":{"title":"Asesin\u00f3 a sus tres hijos, dijo que \u201clas voces\u201d se lo ordenaron y los forenses descartaron psicosis: \u201cNunca vi algo as\u00ed\u201d - GYS NOTICIAS |","robots":{"index":"index","follow":"follow","max-snippet":"max-snippet:-1","max-image-preview":"max-image-preview:large","max-video-preview":"max-video-preview:-1"},"canonical":"https:\/\/gysfm.com.ar\/inicio\/asesino-a-sus-tres-hijos-dijo-que-las-voces-se-lo-ordenaron-y-los-forenses-descartaron-psicosis-nunca-vi-algo-asi\/","og_locale":"es_ES","og_type":"article","og_title":"Asesin\u00f3 a sus tres hijos, dijo que \u201clas voces\u201d se lo ordenaron y los forenses descartaron psicosis: \u201cNunca vi algo as\u00ed\u201d - GYS NOTICIAS |","og_description":"El juicio contra Lindsay Clancy, la mujer de 36 a\u00f1os acusada de matar a sus tres hijos peque\u00f1os en la casa familiar de Duxbury, Massachusetts, entr\u00f3 en su etapa decisiva. El pasado mi\u00e9rcoles 26 de agosto concluyeron los testimonios y se espera que, tras los alegatos finales, el jurado comience a deliberar para determinar su [&hellip;]","og_url":"https:\/\/gysfm.com.ar\/inicio\/asesino-a-sus-tres-hijos-dijo-que-las-voces-se-lo-ordenaron-y-los-forenses-descartaron-psicosis-nunca-vi-algo-asi\/","og_site_name":"GYS NOTICIAS |","article_published_time":"2026-08-28T09:16:06+00:00","article_modified_time":"2026-08-28T09:16:07+00:00","og_image":[{"width":1200,"height":800,"url":"https:\/\/gysfm.com.ar\/inicio\/wp-content\/uploads\/2026\/08\/el-miercoles-concluyo-el-testimonio-en-el-juicio-ZPMATWSMUJAD3IPU4BGWURIBBQ.jpg","type":"image\/jpeg"}],"author":"Prensa G&amp;S FM","twitter_card":"summary_large_image","twitter_misc":{"Escrito por":"Prensa G&amp;S FM","Tiempo de lectura":"3 minutos"},"schema":{"@context":"https:\/\/schema.org","@graph":[{"@type":"Article","@id":"https:\/\/gysfm.com.ar\/inicio\/asesino-a-sus-tres-hijos-dijo-que-las-voces-se-lo-ordenaron-y-los-forenses-descartaron-psicosis-nunca-vi-algo-asi\/#article","isPartOf":{"@id":"https:\/\/gysfm.com.ar\/inicio\/asesino-a-sus-tres-hijos-dijo-que-las-voces-se-lo-ordenaron-y-los-forenses-descartaron-psicosis-nunca-vi-algo-asi\/"},"author":{"name":"Prensa G&amp;S FM","@id":"https:\/\/gysfm.com.ar\/inicio\/#\/schema\/person\/3abba7593ef2ad19e1be221d54383dc5"},"headline":"Asesin\u00f3 a sus tres hijos, dijo que \u201clas voces\u201d se lo ordenaron y los forenses descartaron psicosis: \u201cNunca vi algo as\u00ed\u201d","datePublished":"2026-08-28T09:16:06+00:00","dateModified":"2026-08-28T09:16:07+00:00","mainEntityOfPage":{"@id":"https:\/\/gysfm.com.ar\/inicio\/asesino-a-sus-tres-hijos-dijo-que-las-voces-se-lo-ordenaron-y-los-forenses-descartaron-psicosis-nunca-vi-algo-asi\/"},"wordCount":653,"publisher":{"@id":"https:\/\/gysfm.com.ar\/inicio\/#organization"},"image":{"@id":"https:\/\/gysfm.com.ar\/inicio\/asesino-a-sus-tres-hijos-dijo-que-las-voces-se-lo-ordenaron-y-los-forenses-descartaron-psicosis-nunca-vi-algo-asi\/#primaryimage"},"thumbnailUrl":"https:\/\/gysfm.com.ar\/inicio\/wp-content\/uploads\/2026\/08\/el-miercoles-concluyo-el-testimonio-en-el-juicio-ZPMATWSMUJAD3IPU4BGWURIBBQ.jpg","articleSection":["INTERNACIONALES"],"inLanguage":"es"},{"@type":"WebPage","@id":"https:\/\/gysfm.com.ar\/inicio\/asesino-a-sus-tres-hijos-dijo-que-las-voces-se-lo-ordenaron-y-los-forenses-descartaron-psicosis-nunca-vi-algo-asi\/","url":"https:\/\/gysfm.com.ar\/inicio\/asesino-a-sus-tres-hijos-dijo-que-las-voces-se-lo-ordenaron-y-los-forenses-descartaron-psicosis-nunca-vi-algo-asi\/","name":"Asesin\u00f3 a sus tres hijos, dijo que \u201clas voces\u201d se lo ordenaron y los forenses descartaron psicosis: \u201cNunca vi algo as\u00ed\u201d - GYS NOTICIAS |","isPartOf":{"@id":"https:\/\/gysfm.com.ar\/inicio\/#website"},"primaryImageOfPage":{"@id":"https:\/\/gysfm.com.ar\/inicio\/asesino-a-sus-tres-hijos-dijo-que-las-voces-se-lo-ordenaron-y-los-forenses-descartaron-psicosis-nunca-vi-algo-asi\/#primaryimage"},"image":{"@id":"https:\/\/gysfm.com.ar\/inicio\/asesino-a-sus-tres-hijos-dijo-que-las-voces-se-lo-ordenaron-y-los-forenses-descartaron-psicosis-nunca-vi-algo-asi\/#primaryimage"},"thumbnailUrl":"https:\/\/gysfm.com.ar\/inicio\/wp-content\/uploads\/2026\/08\/el-miercoles-concluyo-el-testimonio-en-el-juicio-ZPMATWSMUJAD3IPU4BGWURIBBQ.jpg","datePublished":"2026-08-28T09:16:06+00:00","dateModified":"2026-08-28T09:16:07+00:00","breadcrumb":{"@id":"https:\/\/gysfm.com.ar\/inicio\/asesino-a-sus-tres-hijos-dijo-que-las-voces-se-lo-ordenaron-y-los-forenses-descartaron-psicosis-nunca-vi-algo-asi\/#breadcrumb"},"inLanguage":"es","potentialAction":[{"@type":"ReadAction","target":["https:\/\/gysfm.com.ar\/inicio\/asesino-a-sus-tres-hijos-dijo-que-las-voces-se-lo-ordenaron-y-los-forenses-descartaron-psicosis-nunca-vi-algo-asi\/"]}]},{"@type":"ImageObject","inLanguage":"es","@id":"https:\/\/gysfm.com.ar\/inicio\/asesino-a-sus-tres-hijos-dijo-que-las-voces-se-lo-ordenaron-y-los-forenses-descartaron-psicosis-nunca-vi-algo-asi\/#primaryimage","url":"https:\/\/gysfm.com.ar\/inicio\/wp-content\/uploads\/2026\/08\/el-miercoles-concluyo-el-testimonio-en-el-juicio-ZPMATWSMUJAD3IPU4BGWURIBBQ.jpg","contentUrl":"https:\/\/gysfm.com.ar\/inicio\/wp-content\/uploads\/2026\/08\/el-miercoles-concluyo-el-testimonio-en-el-juicio-ZPMATWSMUJAD3IPU4BGWURIBBQ.jpg","width":1200,"height":800},{"@type":"BreadcrumbList","@id":"https:\/\/gysfm.com.ar\/inicio\/asesino-a-sus-tres-hijos-dijo-que-las-voces-se-lo-ordenaron-y-los-forenses-descartaron-psicosis-nunca-vi-algo-asi\/#breadcrumb","itemListElement":[{"@type":"ListItem","position":1,"name":"Portada","item":"https:\/\/gysfm.com.ar\/inicio\/"},{"@type":"ListItem","position":2,"name":"Asesin\u00f3 a sus tres hijos, dijo que \u201clas voces\u201d se lo ordenaron y los forenses descartaron psicosis: \u201cNunca vi algo as\u00ed\u201d"}]},{"@type":"WebSite","@id":"https:\/\/gysfm.com.ar\/inicio\/#website","url":"https:\/\/gysfm.com.ar\/inicio\/","name":"GYS NOTICIAS |","description":"DIARIO - RADIO ONLINE SAN JUAN ARGENTINA","publisher":{"@id":"https:\/\/gysfm.com.ar\/inicio\/#organization"},"potentialAction":[{"@type":"SearchAction","target":{"@type":"EntryPoint","urlTemplate":"https:\/\/gysfm.com.ar\/inicio\/?s={search_term_string}"},"query-input":{"@type":"PropertyValueSpecification","valueRequired":true,"valueName":"search_term_string"}}],"inLanguage":"es"},{"@type":"Organization","@id":"https:\/\/gysfm.com.ar\/inicio\/#organization","name":"GYS NOTICIAS |","url":"https:\/\/gysfm.com.ar\/inicio\/","logo":{"@type":"ImageObject","inLanguage":"es","@id":"https:\/\/gysfm.com.ar\/inicio\/#\/schema\/logo\/image\/","url":"https:\/\/gysfm.com.ar\/inicio\/wp-content\/uploads\/2023\/07\/LOGOGYS-OK.png","contentUrl":"https:\/\/gysfm.com.ar\/inicio\/wp-content\/uploads\/2023\/07\/LOGOGYS-OK.png","width":1170,"height":872,"caption":"GYS NOTICIAS |"},"image":{"@id":"https:\/\/gysfm.com.ar\/inicio\/#\/schema\/logo\/image\/"}},{"@type":"Person","@id":"https:\/\/gysfm.com.ar\/inicio\/#\/schema\/person\/3abba7593ef2ad19e1be221d54383dc5","name":"Prensa G&amp;S FM","image":{"@type":"ImageObject","inLanguage":"es","@id":"https:\/\/gysfm.com.ar\/inicio\/#\/schema\/person\/image\/","url":"https:\/\/secure.gravatar.com\/avatar\/096ec78df02049ab018702bb4ccedf659377fa92a26540b5247612077a0dbd29?s=96&d=mm&r=g","contentUrl":"https:\/\/secure.gravatar.com\/avatar\/096ec78df02049ab018702bb4ccedf659377fa92a26540b5247612077a0dbd29?s=96&d=mm&r=g","caption":"Prensa G&amp;S FM"},"sameAs":["https:\/\/gysfm.com.ar\/"],"url":"https:\/\/gysfm.com.ar\/inicio\/author\/lucasm\/"}]}},"_links":{"self":[{"href":"https:\/\/gysfm.com.ar\/inicio\/wp-json\/wp\/v2\/posts\/209637","targetHints":{"allow":["GET"]}}],"collection":[{"href":"https:\/\/gysfm.com.ar\/inicio\/wp-json\/wp\/v2\/posts"}],"about":[{"href":"https:\/\/gysfm.com.ar\/inicio\/wp-json\/wp\/v2\/types\/post"}],"author":[{"embeddable":true,"href":"https:\/\/gysfm.com.ar\/inicio\/wp-json\/wp\/v2\/users\/2"}],"replies":[{"embeddable":true,"href":"https:\/\/gysfm.com.ar\/inicio\/wp-json\/wp\/v2\/comments?post=209637"}],"version-history":[{"count":1,"href":"https:\/\/gysfm.com.ar\/inicio\/wp-json\/wp\/v2\/posts\/209637\/revisions"}],"predecessor-version":[{"id":209639,"href":"https:\/\/gysfm.com.ar\/inicio\/wp-json\/wp\/v2\/posts\/209637\/revisions\/209639"}],"wp:featuredmedia":[{"embeddable":true,"href":"https:\/\/gysfm.com.ar\/inicio\/wp-json\/wp\/v2\/media\/209638"}],"wp:attachment":[{"href":"https:\/\/gysfm.com.ar\/inicio\/wp-json\/wp\/v2\/media?parent=209637"}],"wp:term":[{"taxonomy":"category","embeddable":true,"href":"https:\/\/gysfm.com.ar\/inicio\/wp-json\/wp\/v2\/categories?post=209637"},{"taxonomy":"post_tag","embeddable":true,"href":"https:\/\/gysfm.com.ar\/inicio\/wp-json\/wp\/v2\/tags?post=209637"}],"curies":[{"name":"wp","href":"https:\/\/api.w.org\/{rel}","templated":true}]}}