{"id":209633,"date":"2026-08-28T05:15:07","date_gmt":"2026-08-28T08:15:07","guid":{"rendered":"https:\/\/gysfm.com.ar\/inicio\/el-stock-de-misiles-patriot-alcanzo-un-nivel-mas-que-critico-en-europa-por-la-guerra-de-iran\/"},"modified":"2026-08-28T05:15:08","modified_gmt":"2026-08-28T08:15:08","slug":"el-stock-de-misiles-patriot-alcanzo-un-nivel-mas-que-critico-en-europa-por-la-guerra-de-iran","status":"publish","type":"post","link":"https:\/\/gysfm.com.ar\/inicio\/el-stock-de-misiles-patriot-alcanzo-un-nivel-mas-que-critico-en-europa-por-la-guerra-de-iran\/","title":{"rendered":"El stock de misiles Patriot alcanz\u00f3 un nivel \u201cm\u00e1s que cr\u00edtico\u201d en Europa por la guerra de Ir\u00e1n"},"content":{"rendered":"<p> <br \/>\n<\/p>\n<div>\n<p class=\"com-paragraph --capital --s\">WASHINGTON.\u2013 El Ej\u00e9rcito estadounidense enfrenta una escasez <strong>\u201cm\u00e1s que cr\u00edtica\u201d<\/strong> de interceptores de misiles avanzados en Europa, provocada en gran medida por la confrontaci\u00f3n del presidente <strong>Donald Trump<\/strong> con Ir\u00e1n, seg\u00fan informaron a The Associated Press un funcionario de Defensa de Estados Unidos en Europa y un funcionario de la OTAN, lo que genera preocupaci\u00f3n sobre <strong>la vulnerabilidad de los pa\u00edses de la Alianza <\/strong><a href=\"https:\/\/www.lanacion.com.ar\/el-mundo\/rusia-amenaza-a-reino-unido-mientras-el-director-de-la-cia-advierte-al-kremlin-que-no-ataque-a-nid27082026\/\" target=\"_self\" title=\"https:\/\/www.lanacion.com.ar\/el-mundo\/rusia-amenaza-a-reino-unido-mientras-el-director-de-la-cia-advierte-al-kremlin-que-no-ataque-a-nid27082026\/\" class=\"com-link break-word\" data-mrf-recirculation=\"n_link_parrafo\">ante un posible ataque ruso<\/a>.<\/p>\n<p class=\"com-paragraph --s\">El funcionario estadounidense afirm\u00f3 que la carencia m\u00e1s preocupante es de misiles <strong>Patriot<\/strong>, que pueden derribar los misiles bal\u00edsticos rusos de alta velocidad. El funcionario de la OTAN <strong>confirm\u00f3 los bajos inventarios de Patriots<\/strong> entre las fuerzas estadounidenses y de la OTAN en Europa. Ambos hablaron bajo condici\u00f3n de anonimato para tratar asuntos militares delicados.<\/p>\n<div class=\"content-media\">\n<section role=\"button\" class=\"mod-media   \">\n<figure role=\"button\" tabindex=\"0\" class=\"mod-figure \"><figcaption class=\"mod-figcaption\"><span class=\"com-text --caption --twoxs\">El cuartel general de la OTAN en Bruselas <\/span><span class=\"com-text --credit --twoxs\">Virginia Mayo &#8211; AP<\/span><\/figcaption><\/figure>\n<\/section>\n<\/div>\n<p class=\"com-paragraph --s\">El funcionario norteamericano se\u00f1al\u00f3 que, en caso de un asalto con misiles bal\u00edsticos rusos contra, por ejemplo, un cuartel militar o una central el\u00e9ctrica, la OTAN podr\u00eda quedar en una situaci\u00f3n similar a la de Ucrania y verse obligada <strong>\u201ca recibir golpe tras golpe en la boca\u201d<\/strong>.<\/p>\n<p class=\"com-paragraph --s\">Indic\u00f3 que, en Europa, el Ej\u00e9rcito estadounidense \u201cdefinitivamente\u201d <strong>no tiene suficientes Patriots para detener un ataque sostenido con misiles bal\u00edsticos<\/strong> y tendr\u00eda una capacidad \u201cmuy limitada\u201d para defenderse de un solo ataque con misiles bal\u00edsticos o de un misil ruso que se desv\u00ede de su trayectoria.<\/p>\n<p class=\"com-paragraph --s\">La situaci\u00f3n es un reflejo de las repercusiones de la decisi\u00f3n del presidente Donald Trump de iniciar una guerra contra Ir\u00e1n, <a href=\"https:\/\/www.lanacion.com.ar\/el-mundo\/las-principales-consecuencias-de-la-guerra-con-iran-que-cambio-y-la-falsa-promesa-de-donald-trump-nid27082026\/\" target=\"_self\" title=\"https:\/\/www.lanacion.com.ar\/el-mundo\/las-principales-consecuencias-de-la-guerra-con-iran-que-cambio-y-la-falsa-promesa-de-donald-trump-nid27082026\/\" class=\"com-link break-word\" data-mrf-recirculation=\"n_link_parrafo\">un conflicto que cumple seis meses el viernes<\/a>. Las reservas de misiles en Europa <strong>se han trasladado a Medio Oriente<\/strong>, donde Estados Unidos y sus aliados del Golfo P\u00e9rsico han disparado cantidades significativas de interceptores, incluidos Patriots, para frustrar los drones y misiles de Ir\u00e1n.<\/p>\n<p class=\"com-paragraph --s\">Aunque no parece inminente un ataque de misiles bal\u00edsticos rusos contra pa\u00edses de la OTAN, el director de la CIA, <a href=\"https:\/\/www.lanacion.com.ar\/el-mundo\/el-director-de-la-cia-john-ratcliffe-viajo-a-moscu-en-medio-de-la-tension-con-rusia-nid25082026\/\" target=\"_self\" title=\"https:\/\/www.lanacion.com.ar\/el-mundo\/el-director-de-la-cia-john-ratcliffe-viajo-a-moscu-en-medio-de-la-tension-con-rusia-nid25082026\/\" class=\"com-link break-word\" data-mrf-recirculation=\"n_link_parrafo\"><strong>John Ratcliffe<\/strong><\/a><strong>,<\/strong> <strong>viaj\u00f3 a Mosc\u00fa esta semana para advertir a Rusia que no ataque<\/strong>,<strong> <\/strong>seg\u00fan<strong> <\/strong>inform\u00f3 <em>The Wall Street Journal<\/em>. Trump rest\u00f3 importancia al significado del viaje, inusual y realizado bajo estricto hermetismo, al decir que fue <strong>\u201calgo as\u00ed como semirrutinario\u201d<\/strong>.<\/p>\n<div class=\"content-media\">\n<section role=\"button\" class=\"mod-media   \">\n<figure role=\"button\" tabindex=\"0\" class=\"mod-figure \"><figcaption class=\"mod-figcaption\"><span class=\"com-text --caption --twoxs\">El director de la CIA, John Ratcliffe, durante una reuni\u00f3n en la Casa Blanca<\/span><span class=\"com-text --credit --twoxs\">Evan Vucci &#8211; AP<\/span><\/figcaption><\/figure>\n<\/section>\n<\/div>\n<p class=\"com-paragraph --s\">Funcionarios europeos y de la OTAN afirman que Rusia podr\u00eda estar en condiciones de atacar a pa\u00edses de la alianza para 2030. <strong>Se prev\u00e9 que las reservas de Patriots se recuperen para entonces<\/strong>. Mientras tanto, la guerra de Rusia en Ucrania podr\u00eda obstaculizar su capacidad para llevar a cabo cualquier ataque con misiles contra Europa, ya que para Mosc\u00fa ser\u00eda un desaf\u00edo librar una guerra a\u00e9rea en dos frentes.<\/p>\n<p class=\"com-paragraph --s\">La escasez de misiles Patriot <strong>se siente con mayor intensidad en Ucrania<\/strong>,<strong> <\/strong>que ha suplicado m\u00e1s apoyo de defensa a\u00e9rea y donde transferencias previas de Estados Unidos tambi\u00e9n han reducido parte del suministro. Kiev afirma que <strong>solo los Patriots fabricados en Estados Unidos pueden detener los avanzados misiles bal\u00edsticos de Rusia<\/strong>, <a href=\"https:\/\/www.lanacion.com.ar\/el-mundo\/rusia-ataco-un-centro-comercial-repleto-de-gente-y-volvio-a-bombardear-cuando-llegaron-los-nid22082026\/\" target=\"_self\" title=\"https:\/\/www.lanacion.com.ar\/el-mundo\/rusia-ataco-un-centro-comercial-repleto-de-gente-y-volvio-a-bombardear-cuando-llegaron-los-nid22082026\/\" class=\"com-link break-word\" data-mrf-recirculation=\"n_link_parrafo\">que logran atravesar las defensas ucranianas<\/a>.<\/p>\n<p class=\"com-paragraph --s\">Estados Unidos suministr\u00f3 cientos de misiles Patriot a Ucrania a lo largo del conflicto <strong>pero la guerra con Ir\u00e1n fue el punto de inflexi\u00f3n que encogi\u00f3 los inventarios<\/strong>, explic\u00f3 Ed Arnold, investigador asociado senior del Royal United Services Institute, un think tank de asuntos militares con sede en Londres.<\/p>\n<p class=\"com-paragraph --s\">El suministro a Ucrania estaba planificado y se midi\u00f3 de manera razonable, explic\u00f3, <strong>mientras que las existencias en Medio Oriente se han agotado de forma inesperada y r\u00e1pida<\/strong>, lo que dej\u00f3 al descubierto limitaciones en la cadena de suministro.<\/p>\n<div class=\"content-media\">\n<section role=\"button\" class=\"mod-media   \">\n<figure role=\"button\" tabindex=\"0\" class=\"mod-figure \"><figcaption class=\"mod-figcaption\"><span class=\"com-text --caption --twoxs\">Zelensky ante un sistema de misiles durante una visita a un campo de entrenamiento en Alemania<\/span><span class=\"com-text --credit --twoxs\">Jens Buettner &#8211; DPA<\/span><\/figcaption><\/figure>\n<\/section>\n<\/div>\n<p class=\"com-paragraph --s\">Los dos funcionarios indicaron que el Ej\u00e9rcito de Estados Unidos en Europa tambi\u00e9n lidia con <strong>escaseces cr\u00edticas del Army Tactical Missile System, o ATACMS<\/strong>, un misil bal\u00edstico de alcance medio dise\u00f1ado para atacar detr\u00e1s de las l\u00edneas enemigas. Pero el panorama general de municiones en Europa es menos grave que el de las defensas a\u00e9reas por s\u00ed solas, <strong>porque algunos ej\u00e9rcitos europeos tienen sus propios misiles ofensivos,<\/strong> como el Taurus y el Storm Shadow, ambos misiles de largo alcance lanzados desde el aire y dise\u00f1ados para destruir b\u00fankeres.<\/p>\n<p class=\"com-paragraph --s\">El coronel del Ej\u00e9rcito de Estados Unidos Martin O\u2019Donnell, vocero de la OTAN, afirm\u00f3 que <strong>\u201csimplemente no es el caso\u201d<\/strong> que haya escasez de misiles Patriot en Europa. La OTAN, sostuvo, puede <strong>\u201cbloquear golpes\u201d<\/strong> y tiene suficientes municiones disponibles para defenderse, as\u00ed como para donar a Ucrania.<\/p>\n<p class=\"com-paragraph --s\">El vocero principal del Pent\u00e1gono, Sean Parnell, declar\u00f3 asimismo en un comunicado este jueves que las afirmaciones sobre escasez de municiones <strong>\u201cson falsas\u201d<\/strong>.<\/p>\n<p class=\"com-paragraph --s\">\u201cTenemos todo lo necesario para atacar en el momento y el lugar que el presidente elija\u201d, dijo Parnell. \u201cEn m\u00faltiples mandos combatientes, ya hemos ejecutado <strong>operaciones exitosas<\/strong> mientras mantenemos un arsenal profundo y listo para defender a nuestra gente y nuestros intereses\u201d.<\/p>\n<div class=\"content-media\">\n<section role=\"button\" class=\"mod-media   \">\n<figure role=\"button\" tabindex=\"0\" class=\"mod-figure \"><figcaption class=\"mod-figcaption\"><span class=\"com-text --caption --twoxs\">Tropas rusas cargan un misil Iskander en un lanzador m\u00f3vil en un lugar no revelado de Rusia<\/span><span class=\"com-text --credit --twoxs\">Russian Defense Ministry Press Service<\/span><\/figcaption><\/figure>\n<\/section>\n<\/div>\n<p class=\"com-paragraph --s\">La falta de Patriots en Europa <strong>dejar\u00eda pocas alternativas para derribar los misiles bal\u00edsticos m\u00e1s avanzados de Rusia<\/strong>,<strong> <\/strong>que pueden combinarse con enjambres de drones baratos para saturar las defensas, seg\u00fan expertos.<\/p>\n<p class=\"com-paragraph --s\">Ucrania y algunos aliados ya usan sistemas capaces de destruir drones de movimiento m\u00e1s lento sin recurrir a misiles costosos. Pero los misiles bal\u00edsticos son un desaf\u00edo <strong>porque se precipitan con gran inclinaci\u00f3n hacia los objetivos a m\u00e1s de cinco veces la velocidad del sonido<\/strong>, lo que deja poco tiempo para detenerlos.<\/p>\n<p class=\"com-paragraph --s\">El sistema Patriot rastrea el misil, predice su trayectoria y se lanza en cuesti\u00f3n de minutos, <strong>mientras realiza c\u00e1lculos complejos para garantizar que el interceptor encuentre su objetivo<\/strong>. Una bater\u00eda Patriot solo puede cubrir un \u00e1rea limitada: por ejemplo, una peque\u00f1a base militar, pero no una ciudad entera.<\/p>\n<p class=\"com-paragraph --s\">Una alternativa podr\u00eda ser el sistema de defensa a\u00e9rea <strong>SAMP\/T NG<\/strong> de Francia e Italia. Francia ha prometido acelerar la entrega del sistema \u2013la versi\u00f3n mejorada del SAMP\/T actual\u2013 a Ucrania, que, seg\u00fan el fabricante, est\u00e1 mejor capacitado para contrarrestar misiles bal\u00edsticos.<\/p>\n<div class=\"content-media\">\n<section role=\"button\" class=\"mod-media   \">\n<figure role=\"button\" tabindex=\"0\" class=\"mod-figure \"><figcaption class=\"mod-figcaption\"><span class=\"com-text --caption --twoxs\">Misiles iran\u00edes Zolfaghar en una exhibici\u00f3n p\u00fablica en la Plaza Azadi de Teher\u00e1n<\/span><span class=\"com-text --credit --twoxs\">ATTA KENARE &#8211; AFP<\/span><\/figcaption><\/figure>\n<\/section>\n<\/div>\n<p class=\"com-paragraph --s\">Sin embargo, la nueva versi\u00f3n a\u00fan <strong>no ha sido probada en combate<\/strong> y la versi\u00f3n actual del SAMP\/T tiene un alcance menor que el Patriot.<\/p>\n<p class=\"com-paragraph --s\">Aunque los ej\u00e9rcitos de Estados Unidos y Europa cuentan con buques de guerra que pueden servir como defensa a\u00e9rea m\u00f3vil, <strong>podr\u00edan estar demasiado lejos de un objetivo para protegerlo y corren el riesgo de ser hundidos<\/strong>.<\/p>\n<p class=\"com-paragraph --s\">Ucrania ha recibido Patriots de reservas estadounidenses y europeas desde la invasi\u00f3n rusa de 2022, <strong>y Estados Unidos aport\u00f3 alrededor de 600 de los interceptores durante el gobierno de Joe Biden,<\/strong> apunt\u00f3 Mark Cancian, coronel retirado de la Infanter\u00eda de Marina que ahora es asesor en el Center for Strategic and International Studies en Washington.<\/p>\n<p class=\"com-paragraph --s\">Pero el mayor gasto se ha producido durante el conflicto con Ir\u00e1n, <strong>que ha consumido el 65% de los Patriots de Estados Unidos, lo que equivale a aproximadamente 1500 de los 2330 interceptores del pa\u00eds,<\/strong> seg\u00fan el CSIS. Este a\u00f1o deber\u00edan fabricarse unos 600 misiles, incluidos los destinados a Europa, con una meta de producci\u00f3n de 2000 misiles Patriot al a\u00f1o fijada para 2030, dijo Cancian.<\/p>\n<div class=\"content-media\">\n<section role=\"button\" class=\"mod-media   \">\n<figure role=\"button\" tabindex=\"0\" class=\"mod-figure \"><figcaption class=\"mod-figcaption\"><span class=\"com-text --caption --twoxs\">Transporte de misiles Patriot desde Alemania con destino a Polonia<\/span><span class=\"com-text --credit --twoxs\">Bernd W\u00fcstneck &#8211; dpa<\/span><\/figcaption><\/figure>\n<\/section>\n<\/div>\n<p class=\"com-paragraph --s\">La OTAN afirma que <strong>la primera planta de producci\u00f3n de misiles Patriot de Europa abrir\u00e1 en Alemania en septiembre,<\/strong> y que las entregas podr\u00edan comenzar a principios del pr\u00f3ximo a\u00f1o. El funcionario de Defensa de Estados Unidos dijo que las primeras entregas deber\u00edan ir a pa\u00edses que ya han hecho pedidos, incluidos Alemania, Holanda, Rumania y Espa\u00f1a.<\/p>\n<p class=\"com-paragraph --s\">Pero por ahora eso significa que algunos pa\u00edses, como Alemania, <strong>han comprado costosos sistemas Patriot pero est\u00e1n en la posici\u00f3n \u201crid\u00edcula\u201d de no tener munici\u00f3n para dispararlos, <\/strong>se\u00f1al\u00f3 Arnold, del centro de estudios londinense. El Ministerio de Defensa de Alemania dijo que no comenta sobre reservas.<\/p>\n<p class=\"com-paragraph --s\">Arnold afirm\u00f3 que Mosc\u00fa probablemente no puede llevar a cabo un<strong> asalto a\u00e9reo sostenido <\/strong>contra un objetivo de la OTAN mientras lanza ataques casi nocturnos contra Ucrania.<\/p>\n<p class=\"com-paragraph --s\">Los recientes ataques de Ucrania dentro de Rusia tambi\u00e9n <a href=\"https:\/\/www.lanacion.com.ar\/el-mundo\/ucrania-lanzo-uno-de-sus-mayores-ataques-aereos-sobre-rusia-al-menos-13-muertos-en-una-lluvia-de-nid16082026\/\" target=\"_self\" title=\"https:\/\/www.lanacion.com.ar\/el-mundo\/ucrania-lanzo-uno-de-sus-mayores-ataques-aereos-sobre-rusia-al-menos-13-muertos-en-una-lluvia-de-nid16082026\/\" class=\"com-link break-word\" data-mrf-recirculation=\"n_link_parrafo\">han dejado al descubierto debilidades en las defensas a\u00e9reas rusas,<\/a> lo que podr\u00eda hacer que Putin se lo piense dos veces antes de provocar un ataque de represalia.<\/p>\n<p class=\"com-paragraph --s\">\u201cLa verdad inc\u00f3moda es que posiblemente la mejor <strong>defensa a\u00e9rea <\/strong>que tenemos son las limitaciones rusas\u201d, expres\u00f3 Arnold.<\/p>\n<section class=\"container-center-100 mb-40 border border-bottom border-thin border-neutral-light-700\">\n<div class=\"grid grid-cols-2_m gap-12 py-16 py-12_m\">\n<div class=\"flex flex-column gap-12\">\n<div class=\"flex flex-column brand-color\">\n<div class=\"flex flex-wrap w-100 w-full\">\n<div class=\"signature-with-authors flex flex-wrap flex-column flex-row_m ai-center_m ai-start  gap-16 w-100 w-full 2\">\n<div class=\"flex inline-flex ai-center gap-12\">\n<p><span>Por <span><strong>Emma Burrows y Ben Finley<\/strong><\/span><\/span><\/p>\n<\/div>\n<\/div>\n<\/div>\n<\/div>\n<\/div>\n<\/div>\n<hr\/>\n<\/section>\n<\/div>\n<p><script id=\"facebookpixel\" defer=\"\" type=\"text\/javascript\">\n        !function(f,b,e,v,n,t,s)\n        {if(f.fbq)return;n=f.fbq=function(){n.callMethod?\n        n.callMethod.apply(n,arguments):n.queue.push(arguments)};\n        if(!f._fbq)f._fbq=n;n.push=n;n.loaded=!0;n.version='2.0';\n        n.queue=[];t=b.createElement(e);t.async=!0;\n        t.src=v;s=b.getElementsByTagName(e)[0];\n        s.parentNode.insertBefore(t,s)}(window, document,'script',\n        'https:\/\/connect.facebook.net\/en_US\/fbevents.js');\n        fbq('init', '492459597522335');\n        fbq('track', 'PageView');\n    <\/script><br \/>\n<br \/><\/p>\n","protected":false},"excerpt":{"rendered":"<p>WASHINGTON.\u2013 El Ej\u00e9rcito estadounidense enfrenta una escasez \u201cm\u00e1s que cr\u00edtica\u201d de interceptores de misiles avanzados en Europa, provocada en gran medida por la confrontaci\u00f3n del presidente Donald Trump con Ir\u00e1n, seg\u00fan informaron a The Associated Press un funcionario de Defensa de Estados Unidos en Europa y un funcionario de la OTAN, lo que genera preocupaci\u00f3n [&hellip;]<\/p>\n","protected":false},"author":2,"featured_media":209634,"comment_status":"closed","ping_status":"closed","sticky":false,"template":"","format":"standard","meta":{"footnotes":""},"categories":[26],"tags":[],"class_list":["post-209633","post","type-post","status-publish","format-standard","has-post-thumbnail","hentry","category-internacionales"],"yoast_head":"<!-- This site is optimized with the Yoast SEO plugin v24.4 - https:\/\/yoast.com\/wordpress\/plugins\/seo\/ -->\n<title>El stock de misiles Patriot alcanz\u00f3 un nivel \u201cm\u00e1s que cr\u00edtico\u201d en Europa por la guerra de Ir\u00e1n - GYS NOTICIAS |<\/title>\n<meta name=\"robots\" content=\"index, follow, max-snippet:-1, max-image-preview:large, max-video-preview:-1\" \/>\n<link rel=\"canonical\" href=\"https:\/\/gysfm.com.ar\/inicio\/el-stock-de-misiles-patriot-alcanzo-un-nivel-mas-que-critico-en-europa-por-la-guerra-de-iran\/\" \/>\n<meta property=\"og:locale\" content=\"es_ES\" \/>\n<meta property=\"og:type\" content=\"article\" \/>\n<meta property=\"og:title\" content=\"El stock de misiles Patriot alcanz\u00f3 un nivel \u201cm\u00e1s que cr\u00edtico\u201d en Europa por la guerra de Ir\u00e1n - GYS NOTICIAS |\" \/>\n<meta property=\"og:description\" content=\"WASHINGTON.\u2013 El Ej\u00e9rcito estadounidense enfrenta una escasez \u201cm\u00e1s que cr\u00edtica\u201d de interceptores de misiles avanzados en Europa, provocada en gran medida por la confrontaci\u00f3n del presidente Donald Trump con Ir\u00e1n, seg\u00fan informaron a The Associated Press un funcionario de Defensa de Estados Unidos en Europa y un funcionario de la OTAN, lo que genera preocupaci\u00f3n [&hellip;]\" \/>\n<meta property=\"og:url\" content=\"https:\/\/gysfm.com.ar\/inicio\/el-stock-de-misiles-patriot-alcanzo-un-nivel-mas-que-critico-en-europa-por-la-guerra-de-iran\/\" \/>\n<meta property=\"og:site_name\" content=\"GYS NOTICIAS |\" \/>\n<meta property=\"article:published_time\" content=\"2026-08-28T08:15:07+00:00\" \/>\n<meta property=\"article:modified_time\" content=\"2026-08-28T08:15:08+00:00\" \/>\n<meta property=\"og:image\" content=\"https:\/\/gysfm.com.ar\/inicio\/wp-content\/uploads\/2026\/08\/misiles-patriot-en-el-aeropuerto-rzeszow-jasionka-AUG3GEWZTNHF5MFG5PKEW7J6OE.jpg\" \/>\n\t<meta property=\"og:image:width\" content=\"1200\" \/>\n\t<meta property=\"og:image:height\" content=\"800\" \/>\n\t<meta property=\"og:image:type\" content=\"image\/jpeg\" \/>\n<meta name=\"author\" content=\"Prensa G&amp;S FM\" \/>\n<meta name=\"twitter:card\" content=\"summary_large_image\" \/>\n<meta name=\"twitter:label1\" content=\"Escrito por\" \/>\n\t<meta name=\"twitter:data1\" content=\"Prensa G&amp;S FM\" \/>\n\t<meta name=\"twitter:label2\" content=\"Tiempo de lectura\" \/>\n\t<meta name=\"twitter:data2\" content=\"8 minutos\" \/>\n<script type=\"application\/ld+json\" class=\"yoast-schema-graph\">{\"@context\":\"https:\/\/schema.org\",\"@graph\":[{\"@type\":\"Article\",\"@id\":\"https:\/\/gysfm.com.ar\/inicio\/el-stock-de-misiles-patriot-alcanzo-un-nivel-mas-que-critico-en-europa-por-la-guerra-de-iran\/#article\",\"isPartOf\":{\"@id\":\"https:\/\/gysfm.com.ar\/inicio\/el-stock-de-misiles-patriot-alcanzo-un-nivel-mas-que-critico-en-europa-por-la-guerra-de-iran\/\"},\"author\":{\"name\":\"Prensa G&amp;S FM\",\"@id\":\"https:\/\/gysfm.com.ar\/inicio\/#\/schema\/person\/3abba7593ef2ad19e1be221d54383dc5\"},\"headline\":\"El stock de misiles Patriot alcanz\u00f3 un nivel \u201cm\u00e1s que cr\u00edtico\u201d en Europa por la guerra de Ir\u00e1n\",\"datePublished\":\"2026-08-28T08:15:07+00:00\",\"dateModified\":\"2026-08-28T08:15:08+00:00\",\"mainEntityOfPage\":{\"@id\":\"https:\/\/gysfm.com.ar\/inicio\/el-stock-de-misiles-patriot-alcanzo-un-nivel-mas-que-critico-en-europa-por-la-guerra-de-iran\/\"},\"wordCount\":1542,\"publisher\":{\"@id\":\"https:\/\/gysfm.com.ar\/inicio\/#organization\"},\"image\":{\"@id\":\"https:\/\/gysfm.com.ar\/inicio\/el-stock-de-misiles-patriot-alcanzo-un-nivel-mas-que-critico-en-europa-por-la-guerra-de-iran\/#primaryimage\"},\"thumbnailUrl\":\"https:\/\/gysfm.com.ar\/inicio\/wp-content\/uploads\/2026\/08\/misiles-patriot-en-el-aeropuerto-rzeszow-jasionka-AUG3GEWZTNHF5MFG5PKEW7J6OE.jpg\",\"articleSection\":[\"INTERNACIONALES\"],\"inLanguage\":\"es\"},{\"@type\":\"WebPage\",\"@id\":\"https:\/\/gysfm.com.ar\/inicio\/el-stock-de-misiles-patriot-alcanzo-un-nivel-mas-que-critico-en-europa-por-la-guerra-de-iran\/\",\"url\":\"https:\/\/gysfm.com.ar\/inicio\/el-stock-de-misiles-patriot-alcanzo-un-nivel-mas-que-critico-en-europa-por-la-guerra-de-iran\/\",\"name\":\"El stock de misiles Patriot alcanz\u00f3 un nivel \u201cm\u00e1s que cr\u00edtico\u201d en Europa por la guerra de Ir\u00e1n - GYS NOTICIAS |\",\"isPartOf\":{\"@id\":\"https:\/\/gysfm.com.ar\/inicio\/#website\"},\"primaryImageOfPage\":{\"@id\":\"https:\/\/gysfm.com.ar\/inicio\/el-stock-de-misiles-patriot-alcanzo-un-nivel-mas-que-critico-en-europa-por-la-guerra-de-iran\/#primaryimage\"},\"image\":{\"@id\":\"https:\/\/gysfm.com.ar\/inicio\/el-stock-de-misiles-patriot-alcanzo-un-nivel-mas-que-critico-en-europa-por-la-guerra-de-iran\/#primaryimage\"},\"thumbnailUrl\":\"https:\/\/gysfm.com.ar\/inicio\/wp-content\/uploads\/2026\/08\/misiles-patriot-en-el-aeropuerto-rzeszow-jasionka-AUG3GEWZTNHF5MFG5PKEW7J6OE.jpg\",\"datePublished\":\"2026-08-28T08:15:07+00:00\",\"dateModified\":\"2026-08-28T08:15:08+00:00\",\"breadcrumb\":{\"@id\":\"https:\/\/gysfm.com.ar\/inicio\/el-stock-de-misiles-patriot-alcanzo-un-nivel-mas-que-critico-en-europa-por-la-guerra-de-iran\/#breadcrumb\"},\"inLanguage\":\"es\",\"potentialAction\":[{\"@type\":\"ReadAction\",\"target\":[\"https:\/\/gysfm.com.ar\/inicio\/el-stock-de-misiles-patriot-alcanzo-un-nivel-mas-que-critico-en-europa-por-la-guerra-de-iran\/\"]}]},{\"@type\":\"ImageObject\",\"inLanguage\":\"es\",\"@id\":\"https:\/\/gysfm.com.ar\/inicio\/el-stock-de-misiles-patriot-alcanzo-un-nivel-mas-que-critico-en-europa-por-la-guerra-de-iran\/#primaryimage\",\"url\":\"https:\/\/gysfm.com.ar\/inicio\/wp-content\/uploads\/2026\/08\/misiles-patriot-en-el-aeropuerto-rzeszow-jasionka-AUG3GEWZTNHF5MFG5PKEW7J6OE.jpg\",\"contentUrl\":\"https:\/\/gysfm.com.ar\/inicio\/wp-content\/uploads\/2026\/08\/misiles-patriot-en-el-aeropuerto-rzeszow-jasionka-AUG3GEWZTNHF5MFG5PKEW7J6OE.jpg\",\"width\":1200,\"height\":800},{\"@type\":\"BreadcrumbList\",\"@id\":\"https:\/\/gysfm.com.ar\/inicio\/el-stock-de-misiles-patriot-alcanzo-un-nivel-mas-que-critico-en-europa-por-la-guerra-de-iran\/#breadcrumb\",\"itemListElement\":[{\"@type\":\"ListItem\",\"position\":1,\"name\":\"Portada\",\"item\":\"https:\/\/gysfm.com.ar\/inicio\/\"},{\"@type\":\"ListItem\",\"position\":2,\"name\":\"El stock de misiles Patriot alcanz\u00f3 un nivel \u201cm\u00e1s que cr\u00edtico\u201d en Europa por la guerra de Ir\u00e1n\"}]},{\"@type\":\"WebSite\",\"@id\":\"https:\/\/gysfm.com.ar\/inicio\/#website\",\"url\":\"https:\/\/gysfm.com.ar\/inicio\/\",\"name\":\"GYS NOTICIAS |\",\"description\":\"DIARIO - RADIO ONLINE SAN JUAN ARGENTINA\",\"publisher\":{\"@id\":\"https:\/\/gysfm.com.ar\/inicio\/#organization\"},\"potentialAction\":[{\"@type\":\"SearchAction\",\"target\":{\"@type\":\"EntryPoint\",\"urlTemplate\":\"https:\/\/gysfm.com.ar\/inicio\/?s={search_term_string}\"},\"query-input\":{\"@type\":\"PropertyValueSpecification\",\"valueRequired\":true,\"valueName\":\"search_term_string\"}}],\"inLanguage\":\"es\"},{\"@type\":\"Organization\",\"@id\":\"https:\/\/gysfm.com.ar\/inicio\/#organization\",\"name\":\"GYS NOTICIAS |\",\"url\":\"https:\/\/gysfm.com.ar\/inicio\/\",\"logo\":{\"@type\":\"ImageObject\",\"inLanguage\":\"es\",\"@id\":\"https:\/\/gysfm.com.ar\/inicio\/#\/schema\/logo\/image\/\",\"url\":\"https:\/\/gysfm.com.ar\/inicio\/wp-content\/uploads\/2023\/07\/LOGOGYS-OK.png\",\"contentUrl\":\"https:\/\/gysfm.com.ar\/inicio\/wp-content\/uploads\/2023\/07\/LOGOGYS-OK.png\",\"width\":1170,\"height\":872,\"caption\":\"GYS NOTICIAS |\"},\"image\":{\"@id\":\"https:\/\/gysfm.com.ar\/inicio\/#\/schema\/logo\/image\/\"}},{\"@type\":\"Person\",\"@id\":\"https:\/\/gysfm.com.ar\/inicio\/#\/schema\/person\/3abba7593ef2ad19e1be221d54383dc5\",\"name\":\"Prensa G&amp;S FM\",\"image\":{\"@type\":\"ImageObject\",\"inLanguage\":\"es\",\"@id\":\"https:\/\/gysfm.com.ar\/inicio\/#\/schema\/person\/image\/\",\"url\":\"https:\/\/secure.gravatar.com\/avatar\/096ec78df02049ab018702bb4ccedf659377fa92a26540b5247612077a0dbd29?s=96&d=mm&r=g\",\"contentUrl\":\"https:\/\/secure.gravatar.com\/avatar\/096ec78df02049ab018702bb4ccedf659377fa92a26540b5247612077a0dbd29?s=96&d=mm&r=g\",\"caption\":\"Prensa G&amp;S FM\"},\"sameAs\":[\"https:\/\/gysfm.com.ar\/\"],\"url\":\"https:\/\/gysfm.com.ar\/inicio\/author\/lucasm\/\"}]}<\/script>\n<!-- \/ Yoast SEO plugin. -->","yoast_head_json":{"title":"El stock de misiles Patriot alcanz\u00f3 un nivel \u201cm\u00e1s que cr\u00edtico\u201d en Europa por la guerra de Ir\u00e1n - GYS NOTICIAS |","robots":{"index":"index","follow":"follow","max-snippet":"max-snippet:-1","max-image-preview":"max-image-preview:large","max-video-preview":"max-video-preview:-1"},"canonical":"https:\/\/gysfm.com.ar\/inicio\/el-stock-de-misiles-patriot-alcanzo-un-nivel-mas-que-critico-en-europa-por-la-guerra-de-iran\/","og_locale":"es_ES","og_type":"article","og_title":"El stock de misiles Patriot alcanz\u00f3 un nivel \u201cm\u00e1s que cr\u00edtico\u201d en Europa por la guerra de Ir\u00e1n - GYS NOTICIAS |","og_description":"WASHINGTON.\u2013 El Ej\u00e9rcito estadounidense enfrenta una escasez \u201cm\u00e1s que cr\u00edtica\u201d de interceptores de misiles avanzados en Europa, provocada en gran medida por la confrontaci\u00f3n del presidente Donald Trump con Ir\u00e1n, seg\u00fan informaron a The Associated Press un funcionario de Defensa de Estados Unidos en Europa y un funcionario de la OTAN, lo que genera preocupaci\u00f3n [&hellip;]","og_url":"https:\/\/gysfm.com.ar\/inicio\/el-stock-de-misiles-patriot-alcanzo-un-nivel-mas-que-critico-en-europa-por-la-guerra-de-iran\/","og_site_name":"GYS NOTICIAS |","article_published_time":"2026-08-28T08:15:07+00:00","article_modified_time":"2026-08-28T08:15:08+00:00","og_image":[{"width":1200,"height":800,"url":"https:\/\/gysfm.com.ar\/inicio\/wp-content\/uploads\/2026\/08\/misiles-patriot-en-el-aeropuerto-rzeszow-jasionka-AUG3GEWZTNHF5MFG5PKEW7J6OE.jpg","type":"image\/jpeg"}],"author":"Prensa G&amp;S FM","twitter_card":"summary_large_image","twitter_misc":{"Escrito por":"Prensa G&amp;S FM","Tiempo de lectura":"8 minutos"},"schema":{"@context":"https:\/\/schema.org","@graph":[{"@type":"Article","@id":"https:\/\/gysfm.com.ar\/inicio\/el-stock-de-misiles-patriot-alcanzo-un-nivel-mas-que-critico-en-europa-por-la-guerra-de-iran\/#article","isPartOf":{"@id":"https:\/\/gysfm.com.ar\/inicio\/el-stock-de-misiles-patriot-alcanzo-un-nivel-mas-que-critico-en-europa-por-la-guerra-de-iran\/"},"author":{"name":"Prensa G&amp;S FM","@id":"https:\/\/gysfm.com.ar\/inicio\/#\/schema\/person\/3abba7593ef2ad19e1be221d54383dc5"},"headline":"El stock de misiles Patriot alcanz\u00f3 un nivel \u201cm\u00e1s que cr\u00edtico\u201d en Europa por la guerra de Ir\u00e1n","datePublished":"2026-08-28T08:15:07+00:00","dateModified":"2026-08-28T08:15:08+00:00","mainEntityOfPage":{"@id":"https:\/\/gysfm.com.ar\/inicio\/el-stock-de-misiles-patriot-alcanzo-un-nivel-mas-que-critico-en-europa-por-la-guerra-de-iran\/"},"wordCount":1542,"publisher":{"@id":"https:\/\/gysfm.com.ar\/inicio\/#organization"},"image":{"@id":"https:\/\/gysfm.com.ar\/inicio\/el-stock-de-misiles-patriot-alcanzo-un-nivel-mas-que-critico-en-europa-por-la-guerra-de-iran\/#primaryimage"},"thumbnailUrl":"https:\/\/gysfm.com.ar\/inicio\/wp-content\/uploads\/2026\/08\/misiles-patriot-en-el-aeropuerto-rzeszow-jasionka-AUG3GEWZTNHF5MFG5PKEW7J6OE.jpg","articleSection":["INTERNACIONALES"],"inLanguage":"es"},{"@type":"WebPage","@id":"https:\/\/gysfm.com.ar\/inicio\/el-stock-de-misiles-patriot-alcanzo-un-nivel-mas-que-critico-en-europa-por-la-guerra-de-iran\/","url":"https:\/\/gysfm.com.ar\/inicio\/el-stock-de-misiles-patriot-alcanzo-un-nivel-mas-que-critico-en-europa-por-la-guerra-de-iran\/","name":"El stock de misiles Patriot alcanz\u00f3 un nivel \u201cm\u00e1s que cr\u00edtico\u201d en Europa por la guerra de Ir\u00e1n - GYS NOTICIAS |","isPartOf":{"@id":"https:\/\/gysfm.com.ar\/inicio\/#website"},"primaryImageOfPage":{"@id":"https:\/\/gysfm.com.ar\/inicio\/el-stock-de-misiles-patriot-alcanzo-un-nivel-mas-que-critico-en-europa-por-la-guerra-de-iran\/#primaryimage"},"image":{"@id":"https:\/\/gysfm.com.ar\/inicio\/el-stock-de-misiles-patriot-alcanzo-un-nivel-mas-que-critico-en-europa-por-la-guerra-de-iran\/#primaryimage"},"thumbnailUrl":"https:\/\/gysfm.com.ar\/inicio\/wp-content\/uploads\/2026\/08\/misiles-patriot-en-el-aeropuerto-rzeszow-jasionka-AUG3GEWZTNHF5MFG5PKEW7J6OE.jpg","datePublished":"2026-08-28T08:15:07+00:00","dateModified":"2026-08-28T08:15:08+00:00","breadcrumb":{"@id":"https:\/\/gysfm.com.ar\/inicio\/el-stock-de-misiles-patriot-alcanzo-un-nivel-mas-que-critico-en-europa-por-la-guerra-de-iran\/#breadcrumb"},"inLanguage":"es","potentialAction":[{"@type":"ReadAction","target":["https:\/\/gysfm.com.ar\/inicio\/el-stock-de-misiles-patriot-alcanzo-un-nivel-mas-que-critico-en-europa-por-la-guerra-de-iran\/"]}]},{"@type":"ImageObject","inLanguage":"es","@id":"https:\/\/gysfm.com.ar\/inicio\/el-stock-de-misiles-patriot-alcanzo-un-nivel-mas-que-critico-en-europa-por-la-guerra-de-iran\/#primaryimage","url":"https:\/\/gysfm.com.ar\/inicio\/wp-content\/uploads\/2026\/08\/misiles-patriot-en-el-aeropuerto-rzeszow-jasionka-AUG3GEWZTNHF5MFG5PKEW7J6OE.jpg","contentUrl":"https:\/\/gysfm.com.ar\/inicio\/wp-content\/uploads\/2026\/08\/misiles-patriot-en-el-aeropuerto-rzeszow-jasionka-AUG3GEWZTNHF5MFG5PKEW7J6OE.jpg","width":1200,"height":800},{"@type":"BreadcrumbList","@id":"https:\/\/gysfm.com.ar\/inicio\/el-stock-de-misiles-patriot-alcanzo-un-nivel-mas-que-critico-en-europa-por-la-guerra-de-iran\/#breadcrumb","itemListElement":[{"@type":"ListItem","position":1,"name":"Portada","item":"https:\/\/gysfm.com.ar\/inicio\/"},{"@type":"ListItem","position":2,"name":"El stock de misiles Patriot alcanz\u00f3 un nivel \u201cm\u00e1s que cr\u00edtico\u201d en Europa por la guerra de Ir\u00e1n"}]},{"@type":"WebSite","@id":"https:\/\/gysfm.com.ar\/inicio\/#website","url":"https:\/\/gysfm.com.ar\/inicio\/","name":"GYS NOTICIAS |","description":"DIARIO - RADIO ONLINE SAN JUAN ARGENTINA","publisher":{"@id":"https:\/\/gysfm.com.ar\/inicio\/#organization"},"potentialAction":[{"@type":"SearchAction","target":{"@type":"EntryPoint","urlTemplate":"https:\/\/gysfm.com.ar\/inicio\/?s={search_term_string}"},"query-input":{"@type":"PropertyValueSpecification","valueRequired":true,"valueName":"search_term_string"}}],"inLanguage":"es"},{"@type":"Organization","@id":"https:\/\/gysfm.com.ar\/inicio\/#organization","name":"GYS NOTICIAS |","url":"https:\/\/gysfm.com.ar\/inicio\/","logo":{"@type":"ImageObject","inLanguage":"es","@id":"https:\/\/gysfm.com.ar\/inicio\/#\/schema\/logo\/image\/","url":"https:\/\/gysfm.com.ar\/inicio\/wp-content\/uploads\/2023\/07\/LOGOGYS-OK.png","contentUrl":"https:\/\/gysfm.com.ar\/inicio\/wp-content\/uploads\/2023\/07\/LOGOGYS-OK.png","width":1170,"height":872,"caption":"GYS NOTICIAS |"},"image":{"@id":"https:\/\/gysfm.com.ar\/inicio\/#\/schema\/logo\/image\/"}},{"@type":"Person","@id":"https:\/\/gysfm.com.ar\/inicio\/#\/schema\/person\/3abba7593ef2ad19e1be221d54383dc5","name":"Prensa G&amp;S FM","image":{"@type":"ImageObject","inLanguage":"es","@id":"https:\/\/gysfm.com.ar\/inicio\/#\/schema\/person\/image\/","url":"https:\/\/secure.gravatar.com\/avatar\/096ec78df02049ab018702bb4ccedf659377fa92a26540b5247612077a0dbd29?s=96&d=mm&r=g","contentUrl":"https:\/\/secure.gravatar.com\/avatar\/096ec78df02049ab018702bb4ccedf659377fa92a26540b5247612077a0dbd29?s=96&d=mm&r=g","caption":"Prensa G&amp;S FM"},"sameAs":["https:\/\/gysfm.com.ar\/"],"url":"https:\/\/gysfm.com.ar\/inicio\/author\/lucasm\/"}]}},"_links":{"self":[{"href":"https:\/\/gysfm.com.ar\/inicio\/wp-json\/wp\/v2\/posts\/209633","targetHints":{"allow":["GET"]}}],"collection":[{"href":"https:\/\/gysfm.com.ar\/inicio\/wp-json\/wp\/v2\/posts"}],"about":[{"href":"https:\/\/gysfm.com.ar\/inicio\/wp-json\/wp\/v2\/types\/post"}],"author":[{"embeddable":true,"href":"https:\/\/gysfm.com.ar\/inicio\/wp-json\/wp\/v2\/users\/2"}],"replies":[{"embeddable":true,"href":"https:\/\/gysfm.com.ar\/inicio\/wp-json\/wp\/v2\/comments?post=209633"}],"version-history":[{"count":1,"href":"https:\/\/gysfm.com.ar\/inicio\/wp-json\/wp\/v2\/posts\/209633\/revisions"}],"predecessor-version":[{"id":209635,"href":"https:\/\/gysfm.com.ar\/inicio\/wp-json\/wp\/v2\/posts\/209633\/revisions\/209635"}],"wp:featuredmedia":[{"embeddable":true,"href":"https:\/\/gysfm.com.ar\/inicio\/wp-json\/wp\/v2\/media\/209634"}],"wp:attachment":[{"href":"https:\/\/gysfm.com.ar\/inicio\/wp-json\/wp\/v2\/media?parent=209633"}],"wp:term":[{"taxonomy":"category","embeddable":true,"href":"https:\/\/gysfm.com.ar\/inicio\/wp-json\/wp\/v2\/categories?post=209633"},{"taxonomy":"post_tag","embeddable":true,"href":"https:\/\/gysfm.com.ar\/inicio\/wp-json\/wp\/v2\/tags?post=209633"}],"curies":[{"name":"wp","href":"https:\/\/api.w.org\/{rel}","templated":true}]}}