{"id":209632,"date":"2026-08-28T05:02:16","date_gmt":"2026-08-28T08:02:16","guid":{"rendered":"https:\/\/gysfm.com.ar\/inicio\/el-consumo-masivo-se-contrajo-37-en-el-segundo-trimestre-y-la-caida-se-profundiza-en-el-amba\/"},"modified":"2026-08-28T05:02:16","modified_gmt":"2026-08-28T08:02:16","slug":"el-consumo-masivo-se-contrajo-37-en-el-segundo-trimestre-y-la-caida-se-profundiza-en-el-amba","status":"publish","type":"post","link":"https:\/\/gysfm.com.ar\/inicio\/el-consumo-masivo-se-contrajo-37-en-el-segundo-trimestre-y-la-caida-se-profundiza-en-el-amba\/","title":{"rendered":"El consumo masivo se contrajo 3,7% en el segundo trimestre y la ca\u00edda se profundiza en el AMBA"},"content":{"rendered":"<p> <br \/>\n<\/p>\n<div id=\"\">\n<p id=\"p-1787849684539-12849\"><strong> El consumo masivo se contrajo un 3,7% interanual en el segundo trimestre de 2026,<\/strong> impulsado por una <strong>fuerte ca\u00edda del 6,8% en el AMBA<\/strong>, seg\u00fan el informe Consumer Insights de Worldpanel by Numerator.<\/p>\n<\/div>\n<div id=\"\">\n<p id=\"p-1787849875450-93769\"><strong>Durante el primer semestre, el consumo acumul\u00f3 una ca\u00edda del 2,5%. <\/strong>Este comportamiento responde a un <strong>consumidor cada vez m\u00e1s cauteloso, <\/strong>que achica el tama\u00f1o de sus compras, ajusta el presupuesto familiar y prioriza que sostener en el changuito.<\/p>\n<\/div>\n<div id=\"\">\n<p id=\"p-1787850200382-49557\"> Seg\u00fan <strong>Worldpanel by Numerator<\/strong>, \u201cel segundo trimestre de 2026 muestra un consumo masivo que todav\u00eda no recupera el terreno perdido\u201d. Asimismo, el informe ubica al AMBA como la zona m\u00e1s castigada del mapa nacional, superando en ca\u00edda al resto de las provincias.<\/p>\n<\/div>\n<div id=\"\">\n<div contenteditable=\"false\" class=\"embed_cont type_imagen\" id=\"6138897-Libre-1329122080_wrap\">\n<div id=\"6138897-Libre-1329122080_content\" class=\"embed_content\"><img src=\"https:\/\/media.ambito.com\/p\/d6d1e4eef56128d192285d72de4daa08\/adjuntos\/239\/imagenes\/029\/625\/0029625160\/el-consumo-masivo-sigue-baja-se-contrajo-un-2-el-tercer-trimestre.jpg?0000-00-00-00-00-00\" decoding=\"async\" fetchpriority=\"low\" loading=\"lazy\" alt=\"AMBA castigado: La regi\u00f3n m\u00e1s afectada, con una baja del 6,8% en sus compras.\" title=\"AMBA castigado: La regi\u00f3n m\u00e1s afectada, con una baja del 6,8% en sus compras.\" width=\"1000\" height=\"540\" id=\"6138897-Libre-1329122080_embed\"\/><\/div>\n<div class=\"embed_wrapper-cont\" id=\"p-1787853026194-58163\">\n<div id=\"6138897-Libre-1329122080_epigrafe\" class=\"embed_epigrafe\">\n<p id=\"p-1787853155242-27870\"><strong> AMBA castigado:<\/strong> La regi\u00f3n m\u00e1s afectada, con una baja del 6,8% en sus compras.<\/p>\n<\/div><\/div><\/div>\n<h2 id=\"p-1787850312177-98955\">El detalle<\/h2>\n<p id=\"p-1787850397362-69492\">La <strong>heterogeneidad regional apareci\u00f3 como uno de los datos centrales del trabajo.<\/strong> El estudio destac\u00f3 que \u201cCABA y Gran Buenos Aires profundizan la ca\u00edda, con un retroceso del 6,8% en el trimestre, mientras que el interior muestra un comportamiento m\u00e1s estable\u201d. La evidencia denota un dato geogr\u00e1fico claro en la crisis del consumo: mientras la ca\u00edda se siente a nivel nacional, <strong>la p\u00e9rdida de volumen de compra se observa con particular fuerza en las familias de la Capital y el conurbano.<\/strong><\/p>\n<\/p><\/div>\n<div id=\"\">\n<p id=\"p-1787850422791-80746\"> Aunque <strong>el volumen vendido cay\u00f3, la asistencia a los comercios no cedi\u00f3.<\/strong> De acuerdo con Worldpanel, \u00abla frecuencia con la que las personas asisten a los puntos de venta se mantiene firme, con una suba del <strong>1,1%<\/strong> en el trimestre\u00bb, aunque esa mayor recurrencia no se tradujo en un incremento de las compras.<\/p>\n<\/div>\n<div id=\"\">\n<p id=\"p-1787850806038-28245\" data-path-to-node=\"4,0,1,0\">El comportamiento prudente de los hogares se sinti\u00f3 de manera transversal en casi todos los rubros de consumo masivo relevados. As\u00ed, el informe precis\u00f3 que \u201csolo 3 de cada 10 categor\u00edas de productos logran desafiar la contracci\u00f3n, creciendo o recuperando terreno perdido en meses anteriores; mientras que el 44% muestra un descenso y el 23% es despriorizada a la hora de elegir\u201d.<\/p>\n<div contenteditable=\"false\" class=\"embed_cont type_imagen\" id=\"6122823-Libre-1773420168_wrap\">\n<div id=\"6122823-Libre-1773420168_content\" class=\"embed_content\"><img src=\"https:\/\/media.ambito.com\/p\/903de83da67c6e1e8d8602b1f319cfbf\/adjuntos\/239\/imagenes\/029\/750\/0029750268\/consumo-masivo-estudio-revela-altisimo-nivel-concentracion-el-mercado-interno.jpg?0000-00-00-00-00-00\" decoding=\"async\" fetchpriority=\"low\" loading=\"lazy\" alt=\"Consumo masivo: Cay\u00f3 3,7% interanual en el segundo trimestre de 2026.\" title=\"Consumo masivo: Cay\u00f3 3,7% interanual en el segundo trimestre de 2026.\" width=\"1000\" height=\"540\" id=\"6122823-Libre-1773420168_embed\"\/><\/div>\n<div class=\"embed_wrapper-cont\" id=\"p-1787853263099-26704\">\n<div id=\"6122823-Libre-1773420168_epigrafe\" class=\"embed_epigrafe\">\n<p id=\"p-1787861987821-35257\"><strong> Consumo masivo:<\/strong> Cay\u00f3 3,7% interanual en el segundo trimestre de 2026.<\/p>\n<\/div><\/div><\/div>\n<h2 id=\"p-1787850837585-53002\" data-path-to-node=\"4,0,1,0\">El desglose<\/h2>\n<p id=\"p-1787850935049-89634\" data-path-to-node=\"4,0,1,0\">Por categor\u00edas, los <strong>alimentos secos <\/strong>(-1,7%) e <strong>infusiones<\/strong> (-2,4%) amortiguaron la baja, frente a ca\u00eddas pronunciadas en <strong>l\u00e1cteos<\/strong> (-7,6%), <strong>bebidas alcoh\u00f3licas<\/strong> (-10,6%) y<strong> congelados<\/strong> (-5,7%). En contraste, las <strong>bebidas sin alcohol <\/strong>subieron un 0,5%.<\/p>\n<p id=\"p-1787851041142-89715\">Seg\u00fan Esteban Cagnoli, managing director de Worldpanel by Numerator en Argentina, el freno en las ventas obedece a una administraci\u00f3n del presupuesto familiar cada vez m\u00e1s selectiva.<\/p>\n<p id=\"p-1787851064507-49547\">\u201c<strong>Los hogares buscan sostener dos tipos de compras: <\/strong>por un lado, los <strong>productos b\u00e1sicos<\/strong> que forman parte de su rutina; por el otro, <strong>consumos puntuales<\/strong> que les aportan bienestar, placer o el acceso a opciones m\u00e1s saludables. La diferencia es que hoy administran ambos casos con mayor cuidado, compran menos cantidad y eligen con mayor precisi\u00f3n d\u00f3nde poner su presupuesto\u201d, afirm\u00f3.<\/p>\n<p id=\"p-1787851067179-54202\">Por tama\u00f1o de hogar, los <strong>unipersonales fueron los \u00fanicos en crecer (+1,1%)<\/strong>, mientras que las <strong>familias de 3 a 4<\/strong> integrantes <strong>sufrieron la contracci\u00f3n m\u00e1s marcada (-5,1%),<\/strong> acentuando el deterioro observado en el AMBA.<\/p>\n<div contenteditable=\"false\" class=\"embed_cont type_imagen\" id=\"6085112-Libre-1899343220_wrap\">\n<div id=\"6085112-Libre-1899343220_content\" class=\"embed_content\"><img src=\"https:\/\/media.ambito.com\/p\/e16ee963fe85911334d9e595e16d88ce\/adjuntos\/239\/imagenes\/030\/106\/0030106865\/el-descenso-del-consumo-es-generalizado-casi-todos-los-productos-masivos.jpg?0000-00-00-00-00-00\" decoding=\"async\" fetchpriority=\"low\" loading=\"lazy\" alt=\"Consumidor cauto: Prioriza productos b\u00e1sicos y achica el tama\u00f1o de sus compras.\" title=\"Consumidor cauto: Prioriza productos b\u00e1sicos y achica el tama\u00f1o de sus compras.\" width=\"1000\" height=\"540\" id=\"6085112-Libre-1899343220_embed\"\/><\/div>\n<div class=\"embed_wrapper-cont\" id=\"p-1787853110011-29431\">\n<div id=\"6085112-Libre-1899343220_epigrafe\" class=\"embed_epigrafe\">\n<p id=\"p-1787853184309-11391\"><strong> Consumidor cauto:<\/strong> Prioriza productos b\u00e1sicos y achica el tama\u00f1o de sus compras.<\/p>\n<\/div><\/div><\/div>\n<p id=\"p-1787851223120-67649\">Adme\u00e1s, los <strong>cambios de consumo fortalecieron al comercio de cercan\u00eda:<\/strong> el vuelco hacia compras inmediatas y de reposici\u00f3n elev\u00f3 la frecuencia de visitas y promovi\u00f3 el despacho de formatos peque\u00f1os en almacenes y autoservicios por sobre comprar en cantidad.<\/p>\n<\/div>\n<p><script>\n!function(f,b,e,v,n,t,s)\n{if(f.fbq)return;n=f.fbq=function(){n.callMethod?\nn.callMethod.apply(n,arguments):n.queue.push(arguments)};\nif(!f._fbq)f._fbq=n;n.push=n;n.loaded=!0;n.version='2.0';\nn.queue=[];t=b.createElement(e);t.async=!0;\nt.src=v;s=b.getElementsByTagName(e)[0];\ns.parentNode.insertBefore(t,s)}(window,document,'script',\n'https:\/\/connect.facebook.net\/en_US\/fbevents.js');\nfbq('init', '2047048335588113');\nfbq('track', 'PageView');\n<\/script><br \/>\n<br \/><\/p>\n","protected":false},"excerpt":{"rendered":"<p>El consumo masivo se contrajo un 3,7% interanual en el segundo trimestre de 2026, impulsado por una fuerte ca\u00edda del 6,8% en el AMBA, seg\u00fan el informe Consumer Insights de Worldpanel by Numerator. Durante el primer semestre, el consumo acumul\u00f3 una ca\u00edda del 2,5%. Este comportamiento responde a un consumidor cada vez m\u00e1s cauteloso, que [&hellip;]<\/p>\n","protected":false},"author":1,"featured_media":183051,"comment_status":"closed","ping_status":"closed","sticky":false,"template":"","format":"standard","meta":{"footnotes":""},"categories":[28],"tags":[],"class_list":["post-209632","post","type-post","status-publish","format-standard","has-post-thumbnail","hentry","category-economia"],"yoast_head":"<!-- This site is optimized with the Yoast SEO plugin v24.4 - https:\/\/yoast.com\/wordpress\/plugins\/seo\/ -->\n<title>El consumo masivo se contrajo 3,7% en el segundo trimestre y la ca\u00edda se profundiza en el AMBA - GYS NOTICIAS |<\/title>\n<meta name=\"robots\" content=\"index, follow, max-snippet:-1, max-image-preview:large, max-video-preview:-1\" \/>\n<link rel=\"canonical\" href=\"https:\/\/gysfm.com.ar\/inicio\/el-consumo-masivo-se-contrajo-37-en-el-segundo-trimestre-y-la-caida-se-profundiza-en-el-amba\/\" \/>\n<meta property=\"og:locale\" content=\"es_ES\" \/>\n<meta property=\"og:type\" content=\"article\" \/>\n<meta property=\"og:title\" content=\"El consumo masivo se contrajo 3,7% en el segundo trimestre y la ca\u00edda se profundiza en el AMBA - GYS NOTICIAS |\" \/>\n<meta property=\"og:description\" content=\"El consumo masivo se contrajo un 3,7% interanual en el segundo trimestre de 2026, impulsado por una fuerte ca\u00edda del 6,8% en el AMBA, seg\u00fan el informe Consumer Insights de Worldpanel by Numerator. Durante el primer semestre, el consumo acumul\u00f3 una ca\u00edda del 2,5%. Este comportamiento responde a un consumidor cada vez m\u00e1s cauteloso, que [&hellip;]\" \/>\n<meta property=\"og:url\" content=\"https:\/\/gysfm.com.ar\/inicio\/el-consumo-masivo-se-contrajo-37-en-el-segundo-trimestre-y-la-caida-se-profundiza-en-el-amba\/\" \/>\n<meta property=\"og:site_name\" content=\"GYS NOTICIAS |\" \/>\n<meta property=\"article:published_time\" content=\"2026-08-28T08:02:16+00:00\" \/>\n<meta property=\"og:image\" content=\"https:\/\/media.ambito.com\/p\/d6d1e4eef56128d192285d72de4daa08\/adjuntos\/239\/imagenes\/029\/625\/0029625160\/el-consumo-masivo-sigue-baja-se-contrajo-un-2-el-tercer-trimestre.jpg?0000-00-00-00-00-00\" \/>\n<meta name=\"author\" content=\"admin\" \/>\n<meta name=\"twitter:card\" content=\"summary_large_image\" \/>\n<meta name=\"twitter:label1\" content=\"Escrito por\" \/>\n\t<meta name=\"twitter:data1\" content=\"admin\" \/>\n\t<meta name=\"twitter:label2\" content=\"Tiempo de lectura\" \/>\n\t<meta name=\"twitter:data2\" content=\"3 minutos\" \/>\n<script type=\"application\/ld+json\" class=\"yoast-schema-graph\">{\"@context\":\"https:\/\/schema.org\",\"@graph\":[{\"@type\":\"Article\",\"@id\":\"https:\/\/gysfm.com.ar\/inicio\/el-consumo-masivo-se-contrajo-37-en-el-segundo-trimestre-y-la-caida-se-profundiza-en-el-amba\/#article\",\"isPartOf\":{\"@id\":\"https:\/\/gysfm.com.ar\/inicio\/el-consumo-masivo-se-contrajo-37-en-el-segundo-trimestre-y-la-caida-se-profundiza-en-el-amba\/\"},\"author\":{\"name\":\"admin\",\"@id\":\"https:\/\/gysfm.com.ar\/inicio\/#\/schema\/person\/5bedd7ecd35cc35548d89effafa23696\"},\"headline\":\"El consumo masivo se contrajo 3,7% en el segundo trimestre y la ca\u00edda se profundiza en el AMBA\",\"datePublished\":\"2026-08-28T08:02:16+00:00\",\"mainEntityOfPage\":{\"@id\":\"https:\/\/gysfm.com.ar\/inicio\/el-consumo-masivo-se-contrajo-37-en-el-segundo-trimestre-y-la-caida-se-profundiza-en-el-amba\/\"},\"wordCount\":586,\"publisher\":{\"@id\":\"https:\/\/gysfm.com.ar\/inicio\/#organization\"},\"image\":{\"@id\":\"https:\/\/gysfm.com.ar\/inicio\/el-consumo-masivo-se-contrajo-37-en-el-segundo-trimestre-y-la-caida-se-profundiza-en-el-amba\/#primaryimage\"},\"thumbnailUrl\":\"https:\/\/gysfm.com.ar\/inicio\/wp-content\/uploads\/2026\/02\/consumo-masivowebp.png\",\"articleSection\":[\"ECONOMIA\"],\"inLanguage\":\"es\"},{\"@type\":\"WebPage\",\"@id\":\"https:\/\/gysfm.com.ar\/inicio\/el-consumo-masivo-se-contrajo-37-en-el-segundo-trimestre-y-la-caida-se-profundiza-en-el-amba\/\",\"url\":\"https:\/\/gysfm.com.ar\/inicio\/el-consumo-masivo-se-contrajo-37-en-el-segundo-trimestre-y-la-caida-se-profundiza-en-el-amba\/\",\"name\":\"El consumo masivo se contrajo 3,7% en el segundo trimestre y la ca\u00edda se profundiza en el AMBA - GYS NOTICIAS |\",\"isPartOf\":{\"@id\":\"https:\/\/gysfm.com.ar\/inicio\/#website\"},\"primaryImageOfPage\":{\"@id\":\"https:\/\/gysfm.com.ar\/inicio\/el-consumo-masivo-se-contrajo-37-en-el-segundo-trimestre-y-la-caida-se-profundiza-en-el-amba\/#primaryimage\"},\"image\":{\"@id\":\"https:\/\/gysfm.com.ar\/inicio\/el-consumo-masivo-se-contrajo-37-en-el-segundo-trimestre-y-la-caida-se-profundiza-en-el-amba\/#primaryimage\"},\"thumbnailUrl\":\"https:\/\/gysfm.com.ar\/inicio\/wp-content\/uploads\/2026\/02\/consumo-masivowebp.png\",\"datePublished\":\"2026-08-28T08:02:16+00:00\",\"breadcrumb\":{\"@id\":\"https:\/\/gysfm.com.ar\/inicio\/el-consumo-masivo-se-contrajo-37-en-el-segundo-trimestre-y-la-caida-se-profundiza-en-el-amba\/#breadcrumb\"},\"inLanguage\":\"es\",\"potentialAction\":[{\"@type\":\"ReadAction\",\"target\":[\"https:\/\/gysfm.com.ar\/inicio\/el-consumo-masivo-se-contrajo-37-en-el-segundo-trimestre-y-la-caida-se-profundiza-en-el-amba\/\"]}]},{\"@type\":\"ImageObject\",\"inLanguage\":\"es\",\"@id\":\"https:\/\/gysfm.com.ar\/inicio\/el-consumo-masivo-se-contrajo-37-en-el-segundo-trimestre-y-la-caida-se-profundiza-en-el-amba\/#primaryimage\",\"url\":\"https:\/\/gysfm.com.ar\/inicio\/wp-content\/uploads\/2026\/02\/consumo-masivowebp.png\",\"contentUrl\":\"https:\/\/gysfm.com.ar\/inicio\/wp-content\/uploads\/2026\/02\/consumo-masivowebp.png\",\"width\":1200,\"height\":675},{\"@type\":\"BreadcrumbList\",\"@id\":\"https:\/\/gysfm.com.ar\/inicio\/el-consumo-masivo-se-contrajo-37-en-el-segundo-trimestre-y-la-caida-se-profundiza-en-el-amba\/#breadcrumb\",\"itemListElement\":[{\"@type\":\"ListItem\",\"position\":1,\"name\":\"Portada\",\"item\":\"https:\/\/gysfm.com.ar\/inicio\/\"},{\"@type\":\"ListItem\",\"position\":2,\"name\":\"El consumo masivo se contrajo 3,7% en el segundo trimestre y la ca\u00edda se profundiza en el AMBA\"}]},{\"@type\":\"WebSite\",\"@id\":\"https:\/\/gysfm.com.ar\/inicio\/#website\",\"url\":\"https:\/\/gysfm.com.ar\/inicio\/\",\"name\":\"GYS NOTICIAS |\",\"description\":\"DIARIO - RADIO ONLINE SAN JUAN ARGENTINA\",\"publisher\":{\"@id\":\"https:\/\/gysfm.com.ar\/inicio\/#organization\"},\"potentialAction\":[{\"@type\":\"SearchAction\",\"target\":{\"@type\":\"EntryPoint\",\"urlTemplate\":\"https:\/\/gysfm.com.ar\/inicio\/?s={search_term_string}\"},\"query-input\":{\"@type\":\"PropertyValueSpecification\",\"valueRequired\":true,\"valueName\":\"search_term_string\"}}],\"inLanguage\":\"es\"},{\"@type\":\"Organization\",\"@id\":\"https:\/\/gysfm.com.ar\/inicio\/#organization\",\"name\":\"GYS NOTICIAS |\",\"url\":\"https:\/\/gysfm.com.ar\/inicio\/\",\"logo\":{\"@type\":\"ImageObject\",\"inLanguage\":\"es\",\"@id\":\"https:\/\/gysfm.com.ar\/inicio\/#\/schema\/logo\/image\/\",\"url\":\"https:\/\/gysfm.com.ar\/inicio\/wp-content\/uploads\/2023\/07\/LOGOGYS-OK.png\",\"contentUrl\":\"https:\/\/gysfm.com.ar\/inicio\/wp-content\/uploads\/2023\/07\/LOGOGYS-OK.png\",\"width\":1170,\"height\":872,\"caption\":\"GYS NOTICIAS |\"},\"image\":{\"@id\":\"https:\/\/gysfm.com.ar\/inicio\/#\/schema\/logo\/image\/\"}},{\"@type\":\"Person\",\"@id\":\"https:\/\/gysfm.com.ar\/inicio\/#\/schema\/person\/5bedd7ecd35cc35548d89effafa23696\",\"name\":\"admin\",\"image\":{\"@type\":\"ImageObject\",\"inLanguage\":\"es\",\"@id\":\"https:\/\/gysfm.com.ar\/inicio\/#\/schema\/person\/image\/\",\"url\":\"https:\/\/secure.gravatar.com\/avatar\/c331d312b5243fb64d5ba28108a447b27c925295129a363082c9ea52c28d32c2?s=96&d=mm&r=g\",\"contentUrl\":\"https:\/\/secure.gravatar.com\/avatar\/c331d312b5243fb64d5ba28108a447b27c925295129a363082c9ea52c28d32c2?s=96&d=mm&r=g\",\"caption\":\"admin\"},\"sameAs\":[\"https:\/\/gysfm.com.ar\/inicio\"],\"url\":\"https:\/\/gysfm.com.ar\/inicio\/author\/admin\/\"}]}<\/script>\n<!-- \/ Yoast SEO plugin. -->","yoast_head_json":{"title":"El consumo masivo se contrajo 3,7% en el segundo trimestre y la ca\u00edda se profundiza en el AMBA - GYS NOTICIAS |","robots":{"index":"index","follow":"follow","max-snippet":"max-snippet:-1","max-image-preview":"max-image-preview:large","max-video-preview":"max-video-preview:-1"},"canonical":"https:\/\/gysfm.com.ar\/inicio\/el-consumo-masivo-se-contrajo-37-en-el-segundo-trimestre-y-la-caida-se-profundiza-en-el-amba\/","og_locale":"es_ES","og_type":"article","og_title":"El consumo masivo se contrajo 3,7% en el segundo trimestre y la ca\u00edda se profundiza en el AMBA - GYS NOTICIAS |","og_description":"El consumo masivo se contrajo un 3,7% interanual en el segundo trimestre de 2026, impulsado por una fuerte ca\u00edda del 6,8% en el AMBA, seg\u00fan el informe Consumer Insights de Worldpanel by Numerator. Durante el primer semestre, el consumo acumul\u00f3 una ca\u00edda del 2,5%. Este comportamiento responde a un consumidor cada vez m\u00e1s cauteloso, que [&hellip;]","og_url":"https:\/\/gysfm.com.ar\/inicio\/el-consumo-masivo-se-contrajo-37-en-el-segundo-trimestre-y-la-caida-se-profundiza-en-el-amba\/","og_site_name":"GYS NOTICIAS |","article_published_time":"2026-08-28T08:02:16+00:00","og_image":[{"url":"https:\/\/media.ambito.com\/p\/d6d1e4eef56128d192285d72de4daa08\/adjuntos\/239\/imagenes\/029\/625\/0029625160\/el-consumo-masivo-sigue-baja-se-contrajo-un-2-el-tercer-trimestre.jpg?0000-00-00-00-00-00","type":"","width":"","height":""}],"author":"admin","twitter_card":"summary_large_image","twitter_misc":{"Escrito por":"admin","Tiempo de lectura":"3 minutos"},"schema":{"@context":"https:\/\/schema.org","@graph":[{"@type":"Article","@id":"https:\/\/gysfm.com.ar\/inicio\/el-consumo-masivo-se-contrajo-37-en-el-segundo-trimestre-y-la-caida-se-profundiza-en-el-amba\/#article","isPartOf":{"@id":"https:\/\/gysfm.com.ar\/inicio\/el-consumo-masivo-se-contrajo-37-en-el-segundo-trimestre-y-la-caida-se-profundiza-en-el-amba\/"},"author":{"name":"admin","@id":"https:\/\/gysfm.com.ar\/inicio\/#\/schema\/person\/5bedd7ecd35cc35548d89effafa23696"},"headline":"El consumo masivo se contrajo 3,7% en el segundo trimestre y la ca\u00edda se profundiza en el AMBA","datePublished":"2026-08-28T08:02:16+00:00","mainEntityOfPage":{"@id":"https:\/\/gysfm.com.ar\/inicio\/el-consumo-masivo-se-contrajo-37-en-el-segundo-trimestre-y-la-caida-se-profundiza-en-el-amba\/"},"wordCount":586,"publisher":{"@id":"https:\/\/gysfm.com.ar\/inicio\/#organization"},"image":{"@id":"https:\/\/gysfm.com.ar\/inicio\/el-consumo-masivo-se-contrajo-37-en-el-segundo-trimestre-y-la-caida-se-profundiza-en-el-amba\/#primaryimage"},"thumbnailUrl":"https:\/\/gysfm.com.ar\/inicio\/wp-content\/uploads\/2026\/02\/consumo-masivowebp.png","articleSection":["ECONOMIA"],"inLanguage":"es"},{"@type":"WebPage","@id":"https:\/\/gysfm.com.ar\/inicio\/el-consumo-masivo-se-contrajo-37-en-el-segundo-trimestre-y-la-caida-se-profundiza-en-el-amba\/","url":"https:\/\/gysfm.com.ar\/inicio\/el-consumo-masivo-se-contrajo-37-en-el-segundo-trimestre-y-la-caida-se-profundiza-en-el-amba\/","name":"El consumo masivo se contrajo 3,7% en el segundo trimestre y la ca\u00edda se profundiza en el AMBA - GYS NOTICIAS |","isPartOf":{"@id":"https:\/\/gysfm.com.ar\/inicio\/#website"},"primaryImageOfPage":{"@id":"https:\/\/gysfm.com.ar\/inicio\/el-consumo-masivo-se-contrajo-37-en-el-segundo-trimestre-y-la-caida-se-profundiza-en-el-amba\/#primaryimage"},"image":{"@id":"https:\/\/gysfm.com.ar\/inicio\/el-consumo-masivo-se-contrajo-37-en-el-segundo-trimestre-y-la-caida-se-profundiza-en-el-amba\/#primaryimage"},"thumbnailUrl":"https:\/\/gysfm.com.ar\/inicio\/wp-content\/uploads\/2026\/02\/consumo-masivowebp.png","datePublished":"2026-08-28T08:02:16+00:00","breadcrumb":{"@id":"https:\/\/gysfm.com.ar\/inicio\/el-consumo-masivo-se-contrajo-37-en-el-segundo-trimestre-y-la-caida-se-profundiza-en-el-amba\/#breadcrumb"},"inLanguage":"es","potentialAction":[{"@type":"ReadAction","target":["https:\/\/gysfm.com.ar\/inicio\/el-consumo-masivo-se-contrajo-37-en-el-segundo-trimestre-y-la-caida-se-profundiza-en-el-amba\/"]}]},{"@type":"ImageObject","inLanguage":"es","@id":"https:\/\/gysfm.com.ar\/inicio\/el-consumo-masivo-se-contrajo-37-en-el-segundo-trimestre-y-la-caida-se-profundiza-en-el-amba\/#primaryimage","url":"https:\/\/gysfm.com.ar\/inicio\/wp-content\/uploads\/2026\/02\/consumo-masivowebp.png","contentUrl":"https:\/\/gysfm.com.ar\/inicio\/wp-content\/uploads\/2026\/02\/consumo-masivowebp.png","width":1200,"height":675},{"@type":"BreadcrumbList","@id":"https:\/\/gysfm.com.ar\/inicio\/el-consumo-masivo-se-contrajo-37-en-el-segundo-trimestre-y-la-caida-se-profundiza-en-el-amba\/#breadcrumb","itemListElement":[{"@type":"ListItem","position":1,"name":"Portada","item":"https:\/\/gysfm.com.ar\/inicio\/"},{"@type":"ListItem","position":2,"name":"El consumo masivo se contrajo 3,7% en el segundo trimestre y la ca\u00edda se profundiza en el AMBA"}]},{"@type":"WebSite","@id":"https:\/\/gysfm.com.ar\/inicio\/#website","url":"https:\/\/gysfm.com.ar\/inicio\/","name":"GYS NOTICIAS |","description":"DIARIO - RADIO ONLINE SAN JUAN ARGENTINA","publisher":{"@id":"https:\/\/gysfm.com.ar\/inicio\/#organization"},"potentialAction":[{"@type":"SearchAction","target":{"@type":"EntryPoint","urlTemplate":"https:\/\/gysfm.com.ar\/inicio\/?s={search_term_string}"},"query-input":{"@type":"PropertyValueSpecification","valueRequired":true,"valueName":"search_term_string"}}],"inLanguage":"es"},{"@type":"Organization","@id":"https:\/\/gysfm.com.ar\/inicio\/#organization","name":"GYS NOTICIAS |","url":"https:\/\/gysfm.com.ar\/inicio\/","logo":{"@type":"ImageObject","inLanguage":"es","@id":"https:\/\/gysfm.com.ar\/inicio\/#\/schema\/logo\/image\/","url":"https:\/\/gysfm.com.ar\/inicio\/wp-content\/uploads\/2023\/07\/LOGOGYS-OK.png","contentUrl":"https:\/\/gysfm.com.ar\/inicio\/wp-content\/uploads\/2023\/07\/LOGOGYS-OK.png","width":1170,"height":872,"caption":"GYS NOTICIAS |"},"image":{"@id":"https:\/\/gysfm.com.ar\/inicio\/#\/schema\/logo\/image\/"}},{"@type":"Person","@id":"https:\/\/gysfm.com.ar\/inicio\/#\/schema\/person\/5bedd7ecd35cc35548d89effafa23696","name":"admin","image":{"@type":"ImageObject","inLanguage":"es","@id":"https:\/\/gysfm.com.ar\/inicio\/#\/schema\/person\/image\/","url":"https:\/\/secure.gravatar.com\/avatar\/c331d312b5243fb64d5ba28108a447b27c925295129a363082c9ea52c28d32c2?s=96&d=mm&r=g","contentUrl":"https:\/\/secure.gravatar.com\/avatar\/c331d312b5243fb64d5ba28108a447b27c925295129a363082c9ea52c28d32c2?s=96&d=mm&r=g","caption":"admin"},"sameAs":["https:\/\/gysfm.com.ar\/inicio"],"url":"https:\/\/gysfm.com.ar\/inicio\/author\/admin\/"}]}},"_links":{"self":[{"href":"https:\/\/gysfm.com.ar\/inicio\/wp-json\/wp\/v2\/posts\/209632","targetHints":{"allow":["GET"]}}],"collection":[{"href":"https:\/\/gysfm.com.ar\/inicio\/wp-json\/wp\/v2\/posts"}],"about":[{"href":"https:\/\/gysfm.com.ar\/inicio\/wp-json\/wp\/v2\/types\/post"}],"author":[{"embeddable":true,"href":"https:\/\/gysfm.com.ar\/inicio\/wp-json\/wp\/v2\/users\/1"}],"replies":[{"embeddable":true,"href":"https:\/\/gysfm.com.ar\/inicio\/wp-json\/wp\/v2\/comments?post=209632"}],"version-history":[{"count":0,"href":"https:\/\/gysfm.com.ar\/inicio\/wp-json\/wp\/v2\/posts\/209632\/revisions"}],"wp:featuredmedia":[{"embeddable":true,"href":"https:\/\/gysfm.com.ar\/inicio\/wp-json\/wp\/v2\/media\/183051"}],"wp:attachment":[{"href":"https:\/\/gysfm.com.ar\/inicio\/wp-json\/wp\/v2\/media?parent=209632"}],"wp:term":[{"taxonomy":"category","embeddable":true,"href":"https:\/\/gysfm.com.ar\/inicio\/wp-json\/wp\/v2\/categories?post=209632"},{"taxonomy":"post_tag","embeddable":true,"href":"https:\/\/gysfm.com.ar\/inicio\/wp-json\/wp\/v2\/tags?post=209632"}],"curies":[{"name":"wp","href":"https:\/\/api.w.org\/{rel}","templated":true}]}}