{"id":209626,"date":"2026-08-28T03:13:14","date_gmt":"2026-08-28T06:13:14","guid":{"rendered":"https:\/\/gysfm.com.ar\/inicio\/suiza-prepara-un-batallon-de-drones-para-2028-y-eleva-la-prioridad-de-la-tecnologia-militar\/"},"modified":"2026-08-28T03:13:15","modified_gmt":"2026-08-28T06:13:15","slug":"suiza-prepara-un-batallon-de-drones-para-2028-y-eleva-la-prioridad-de-la-tecnologia-militar","status":"publish","type":"post","link":"https:\/\/gysfm.com.ar\/inicio\/suiza-prepara-un-batallon-de-drones-para-2028-y-eleva-la-prioridad-de-la-tecnologia-militar\/","title":{"rendered":"Suiza prepara un batall\u00f3n de drones para 2028 y eleva la prioridad de la tecnolog\u00eda militar"},"content":{"rendered":"<p> <br \/>\n<\/p>\n<div>\n<p class=\"com-paragraph --capital --s\">BERNA.\u2013<strong> Suiza anunci\u00f3 que a partir de 2028 contar\u00e1 con su propio batall\u00f3n militar de drones<\/strong>, una decisi\u00f3n que coloca a estos sistemas, la defensa antidrones y la rob\u00f3tica entre las principales <a href=\"https:\/\/www.lanacion.com.ar\/el-mundo\/suiza-el-primer-pais-del-mundo-que-se-plantea-poner-un-limite-a-su-poblacion-no-a-los-10-millones-de-nid13062026\/\" target=\"_self\" title=\"https:\/\/www.lanacion.com.ar\/el-mundo\/suiza-el-primer-pais-del-mundo-que-se-plantea-poner-un-limite-a-su-poblacion-no-a-los-10-millones-de-nid13062026\/\" class=\"com-link break-word\" data-mrf-recirculation=\"n_link_parrafo\">prioridades estrat\u00e9gicas<\/a> de sus Fuerzas Armadas. <\/p>\n<p class=\"com-paragraph --s\">El proyecto se conoce en momentos en que el uso de veh\u00edculos no tripulados adquiri\u00f3 un papel central en los conflictos contempor\u00e1neos y mientras buena parte de Europa revisa sus capacidades militares.<\/p>\n<div class=\"content-media\">\n<section role=\"button\" class=\"mod-media   \">\n<figure role=\"button\" tabindex=\"0\" class=\"mod-figure \"><figcaption class=\"mod-figcaption\"><span class=\"com-text --caption --twoxs\">Un dron de ataque de largo alcance FP-1 en una ubicaci\u00f3n no revelada en Ucrania<\/span><span class=\"com-text --credit --twoxs\">Efrem Lukatsky &#8211; AP<\/span><\/figcaption><\/figure>\n<\/section>\n<\/div>\n<p class=\"com-paragraph --s\">Seg\u00fan inform\u00f3 el Ministerio de Defensa, la nueva unidad tendr\u00e1 funciones de <strong>reconocimiento, operaciones y defensa<\/strong> y estar\u00e1 acompa\u00f1ada por un programa espec\u00edfico de reclutamiento y formaci\u00f3n. La intenci\u00f3n oficial es que el Ej\u00e9rcito desarrolle capacidades propias en un terreno que ya dej\u00f3 de ser complementario y pas\u00f3 a ocupar un lugar decisivo en la planificaci\u00f3n militar.<\/p>\n<p class=\"com-paragraph --s\">El plan tambi\u00e9n contempla la creaci\u00f3n de un <strong>centro civil-militar dedicado a drones y rob\u00f3tica<\/strong>, compuesto por un polo tecnol\u00f3gico y un mando militar. La apuesta busca reunir desarrollo, capacitaci\u00f3n y aplicaci\u00f3n operativa bajo una misma estructura, en un momento en que estas herramientas se utilizan tanto para vigilancia y recopilaci\u00f3n de inteligencia como para ataques contra posiciones enemigas.<\/p>\n<p class=\"com-paragraph --s\">El Ministerio de Defensa sostuvo que los <strong>drones, la defensa contra drones y la rob\u00f3tica<\/strong> son ahora una <strong>\u201cprioridad estrat\u00e9gica\u201d<\/strong> para el pa\u00eds. En los \u00faltimos a\u00f1os, estos sistemas se volvieron cada vez m\u00e1s frecuentes en los campos de batalla y muchas de sus funciones incorporan adem\u00e1s herramientas de inteligencia artificial.<\/p>\n<div class=\"content-media\">\n<section role=\"button\" class=\"mod-media   \">\n<figure role=\"button\" tabindex=\"0\" class=\"mod-figure \"><figcaption class=\"mod-figcaption\"><span class=\"com-text --caption --twoxs\">Foto ilustrativa drone comercial<\/span><span class=\"com-text --credit --twoxs\">Shutterstock<\/span><\/figcaption><\/figure>\n<\/section>\n<\/div>\n<p class=\"com-paragraph --s\">La preocupaci\u00f3n suiza no responde s\u00f3lo a lo que ocurre fuera de sus fronteras. El gobierno se\u00f1al\u00f3 que detect\u00f3 <strong>un aumento de vuelos de drones sobre infraestructuras militares<\/strong>, un fen\u00f3meno que llev\u00f3 al pa\u00eds a acelerar su preparaci\u00f3n frente a posibles amenazas. Suiza ya introdujo su primer sistema de defensa antidrones, un paso previo a la formaci\u00f3n de la nueva unidad prevista para 2028.<\/p>\n<p class=\"com-paragraph --s\">La decisi\u00f3n tambi\u00e9n adquiere relevancia por la posici\u00f3n hist\u00f3rica del pa\u00eds. <strong>Suiza sostiene desde hace d\u00e9cadas una pol\u00edtica de neutralidad bien armada<\/strong> y mantiene el servicio militar obligatorio para los hombres. Sin abandonar ese principio, el pa\u00eds se adapta ahora a un escenario europeo marcado por una mayor atenci\u00f3n sobre la defensa y las vulnerabilidades tecnol\u00f3gicas.<\/p>\n<p class=\"com-paragraph --s\">Ese debate sobre seguridad se cruza adem\u00e1s con una discusi\u00f3n interna m\u00e1s amplia sobre el futuro del pa\u00eds. En <strong>junio de 2026<\/strong>, Suiza deb\u00eda someter a refer\u00e9ndum una propuesta respaldada por el Partido Popular Suizo para impedir que la poblaci\u00f3n superara los 10 millones antes de 2050 y obligar al gobierno a tomar medidas una vez alcanzados los 9,5 millones.<\/p>\n<div class=\"content-media\">\n<section role=\"button\" class=\"mod-media   \">\n<figure role=\"button\" tabindex=\"0\" class=\"mod-figure \"><figcaption class=\"mod-figcaption\"><span class=\"com-text --caption --twoxs\">Foto ilustrativa drone comercial<\/span><span class=\"com-text --credit --twoxs\">Shutterstock<\/span><\/figcaption><\/figure>\n<\/section>\n<\/div>\n<p class=\"com-paragraph --s\">La iniciativa, presentada por sus impulsores como una medida de sostenibilidad, apuntaba directamente a la inmigraci\u00f3n y buscaba aliviar la presi\u00f3n sobre la vivienda, los servicios p\u00fablicos y el medio ambiente. <\/p>\n<p class=\"com-paragraph --s\">Sus adversarios, entre ellos el gobierno, los principales partidos, empresarios y sindicatos, advert\u00edan que el l\u00edmite pod\u00eda afectar sectores que dependen fuertemente de trabajadores extranjeros, como hospitales, residencias de ancianos y hoteles.<\/p>\n<p class=\"com-paragraph --s\">La discusi\u00f3n ten\u00eda adem\u00e1s un fuerte componente europeo. Si Suiza alcanzaba el l\u00edmite previsto, la propuesta obligaba a revisar acuerdos internacionales, incluida la <strong>libre circulaci\u00f3n de personas con la Uni\u00f3n Europea<\/strong>. Empresarios y dirigentes pol\u00edticos alertaban que una ruptura de esos compromisos pod\u00eda complicar la relaci\u00f3n con el principal socio comercial del pa\u00eds y reducir el acceso a trabajadores cualificados provenientes del resto de Europa.<\/p>\n<div class=\"content-media\">\n<section role=\"button\" class=\"mod-media   \">\n<figure role=\"button\" tabindex=\"0\" class=\"mod-figure \"><figcaption class=\"mod-figcaption\"><span class=\"com-text --caption --twoxs\">Miembros del ej\u00e9rcito taiwan\u00e9s operan un dron durante los ejercicios militares anuales Han Kuang en Changhua, Taiw\u00e1n<\/span><span class=\"com-text --credit --twoxs\">Lam Yik Fei\/NYT &#8211; NYTNS<\/span><\/figcaption><\/figure>\n<\/section>\n<\/div>\n<p class=\"com-paragraph --s\">Ese temor al aislamiento se mezclaba con un contexto geopol\u00edtico m\u00e1s tenso. <strong>Suiza, pese a su neutralidad, planeaba estrechar sus v\u00ednculos de defensa con sus vecinos europeos<\/strong> y aumentar el gasto militar. El pa\u00eds tambi\u00e9n hab\u00eda sufrido el impacto del aumento de los precios del combustible por la invasi\u00f3n rusa de Ucrania y el conflicto en Ir\u00e1n, adem\u00e1s de los aranceles estadounidenses sobre productos suizos.<\/p>\n<p class=\"com-paragraph --s\">El nuevo batall\u00f3n se proyecta as\u00ed sobre un pa\u00eds que conserva la neutralidad como principio, pero que al mismo tiempo <strong>refuerza sus capacidades militares y tecnol\u00f3gicas<\/strong> frente a un entorno europeo m\u00e1s inestable. <\/p>\n<p class=\"com-paragraph --s\">La unidad prevista para 2028 se sumar\u00e1 al sistema antidrones ya introducido y al futuro centro civil-militar de drones y rob\u00f3tica.<\/p>\n<p class=\"com-paragraph --s\"><strong>Agencia AFP<\/strong><\/p>\n<section class=\"container-center-100 mb-40 border border-bottom border-thin border-neutral-light-700\">\n<hr\/>\n<\/section>\n<\/div>\n<p><script id=\"facebookpixel\" defer=\"\" type=\"text\/javascript\">\n        !function(f,b,e,v,n,t,s)\n        {if(f.fbq)return;n=f.fbq=function(){n.callMethod?\n        n.callMethod.apply(n,arguments):n.queue.push(arguments)};\n        if(!f._fbq)f._fbq=n;n.push=n;n.loaded=!0;n.version='2.0';\n        n.queue=[];t=b.createElement(e);t.async=!0;\n        t.src=v;s=b.getElementsByTagName(e)[0];\n        s.parentNode.insertBefore(t,s)}(window, document,'script',\n        'https:\/\/connect.facebook.net\/en_US\/fbevents.js');\n        fbq('init', '492459597522335');\n        fbq('track', 'PageView');\n    <\/script><br \/>\n<br \/><\/p>\n","protected":false},"excerpt":{"rendered":"<p>BERNA.\u2013 Suiza anunci\u00f3 que a partir de 2028 contar\u00e1 con su propio batall\u00f3n militar de drones, una decisi\u00f3n que coloca a estos sistemas, la defensa antidrones y la rob\u00f3tica entre las principales prioridades estrat\u00e9gicas de sus Fuerzas Armadas. El proyecto se conoce en momentos en que el uso de veh\u00edculos no tripulados adquiri\u00f3 un papel [&hellip;]<\/p>\n","protected":false},"author":2,"featured_media":209627,"comment_status":"closed","ping_status":"closed","sticky":false,"template":"","format":"standard","meta":{"footnotes":""},"categories":[26],"tags":[],"class_list":["post-209626","post","type-post","status-publish","format-standard","has-post-thumbnail","hentry","category-internacionales"],"yoast_head":"<!-- This site is optimized with the Yoast SEO plugin v24.4 - https:\/\/yoast.com\/wordpress\/plugins\/seo\/ -->\n<title>Suiza prepara un batall\u00f3n de drones para 2028 y eleva la prioridad de la tecnolog\u00eda militar - GYS NOTICIAS |<\/title>\n<meta name=\"robots\" content=\"index, follow, max-snippet:-1, max-image-preview:large, max-video-preview:-1\" \/>\n<link rel=\"canonical\" href=\"https:\/\/gysfm.com.ar\/inicio\/suiza-prepara-un-batallon-de-drones-para-2028-y-eleva-la-prioridad-de-la-tecnologia-militar\/\" \/>\n<meta property=\"og:locale\" content=\"es_ES\" \/>\n<meta property=\"og:type\" content=\"article\" \/>\n<meta property=\"og:title\" content=\"Suiza prepara un batall\u00f3n de drones para 2028 y eleva la prioridad de la tecnolog\u00eda militar - GYS NOTICIAS |\" \/>\n<meta property=\"og:description\" content=\"BERNA.\u2013 Suiza anunci\u00f3 que a partir de 2028 contar\u00e1 con su propio batall\u00f3n militar de drones, una decisi\u00f3n que coloca a estos sistemas, la defensa antidrones y la rob\u00f3tica entre las principales prioridades estrat\u00e9gicas de sus Fuerzas Armadas. El proyecto se conoce en momentos en que el uso de veh\u00edculos no tripulados adquiri\u00f3 un papel [&hellip;]\" \/>\n<meta property=\"og:url\" content=\"https:\/\/gysfm.com.ar\/inicio\/suiza-prepara-un-batallon-de-drones-para-2028-y-eleva-la-prioridad-de-la-tecnologia-militar\/\" \/>\n<meta property=\"og:site_name\" content=\"GYS NOTICIAS |\" \/>\n<meta property=\"article:published_time\" content=\"2026-08-28T06:13:14+00:00\" \/>\n<meta property=\"article:modified_time\" content=\"2026-08-28T06:13:15+00:00\" \/>\n<meta property=\"og:image\" content=\"https:\/\/gysfm.com.ar\/inicio\/wp-content\/uploads\/2026\/08\/un-soldado-suizo-sostiene-un-dron-fpv-durante-una-2NU45JUJ75AM5AGXD5N7GFTQDY.jpg\" \/>\n\t<meta property=\"og:image:width\" content=\"1200\" \/>\n\t<meta property=\"og:image:height\" content=\"800\" \/>\n\t<meta property=\"og:image:type\" content=\"image\/jpeg\" \/>\n<meta name=\"author\" content=\"Prensa G&amp;S FM\" \/>\n<meta name=\"twitter:card\" content=\"summary_large_image\" \/>\n<meta name=\"twitter:label1\" content=\"Escrito por\" \/>\n\t<meta name=\"twitter:data1\" content=\"Prensa G&amp;S FM\" \/>\n\t<meta name=\"twitter:label2\" content=\"Tiempo de lectura\" \/>\n\t<meta name=\"twitter:data2\" content=\"4 minutos\" \/>\n<script type=\"application\/ld+json\" class=\"yoast-schema-graph\">{\"@context\":\"https:\/\/schema.org\",\"@graph\":[{\"@type\":\"Article\",\"@id\":\"https:\/\/gysfm.com.ar\/inicio\/suiza-prepara-un-batallon-de-drones-para-2028-y-eleva-la-prioridad-de-la-tecnologia-militar\/#article\",\"isPartOf\":{\"@id\":\"https:\/\/gysfm.com.ar\/inicio\/suiza-prepara-un-batallon-de-drones-para-2028-y-eleva-la-prioridad-de-la-tecnologia-militar\/\"},\"author\":{\"name\":\"Prensa G&amp;S FM\",\"@id\":\"https:\/\/gysfm.com.ar\/inicio\/#\/schema\/person\/3abba7593ef2ad19e1be221d54383dc5\"},\"headline\":\"Suiza prepara un batall\u00f3n de drones para 2028 y eleva la prioridad de la tecnolog\u00eda militar\",\"datePublished\":\"2026-08-28T06:13:14+00:00\",\"dateModified\":\"2026-08-28T06:13:15+00:00\",\"mainEntityOfPage\":{\"@id\":\"https:\/\/gysfm.com.ar\/inicio\/suiza-prepara-un-batallon-de-drones-para-2028-y-eleva-la-prioridad-de-la-tecnologia-militar\/\"},\"wordCount\":814,\"publisher\":{\"@id\":\"https:\/\/gysfm.com.ar\/inicio\/#organization\"},\"image\":{\"@id\":\"https:\/\/gysfm.com.ar\/inicio\/suiza-prepara-un-batallon-de-drones-para-2028-y-eleva-la-prioridad-de-la-tecnologia-militar\/#primaryimage\"},\"thumbnailUrl\":\"https:\/\/gysfm.com.ar\/inicio\/wp-content\/uploads\/2026\/08\/un-soldado-suizo-sostiene-un-dron-fpv-durante-una-2NU45JUJ75AM5AGXD5N7GFTQDY.jpg\",\"articleSection\":[\"INTERNACIONALES\"],\"inLanguage\":\"es\"},{\"@type\":\"WebPage\",\"@id\":\"https:\/\/gysfm.com.ar\/inicio\/suiza-prepara-un-batallon-de-drones-para-2028-y-eleva-la-prioridad-de-la-tecnologia-militar\/\",\"url\":\"https:\/\/gysfm.com.ar\/inicio\/suiza-prepara-un-batallon-de-drones-para-2028-y-eleva-la-prioridad-de-la-tecnologia-militar\/\",\"name\":\"Suiza prepara un batall\u00f3n de drones para 2028 y eleva la prioridad de la tecnolog\u00eda militar - GYS NOTICIAS |\",\"isPartOf\":{\"@id\":\"https:\/\/gysfm.com.ar\/inicio\/#website\"},\"primaryImageOfPage\":{\"@id\":\"https:\/\/gysfm.com.ar\/inicio\/suiza-prepara-un-batallon-de-drones-para-2028-y-eleva-la-prioridad-de-la-tecnologia-militar\/#primaryimage\"},\"image\":{\"@id\":\"https:\/\/gysfm.com.ar\/inicio\/suiza-prepara-un-batallon-de-drones-para-2028-y-eleva-la-prioridad-de-la-tecnologia-militar\/#primaryimage\"},\"thumbnailUrl\":\"https:\/\/gysfm.com.ar\/inicio\/wp-content\/uploads\/2026\/08\/un-soldado-suizo-sostiene-un-dron-fpv-durante-una-2NU45JUJ75AM5AGXD5N7GFTQDY.jpg\",\"datePublished\":\"2026-08-28T06:13:14+00:00\",\"dateModified\":\"2026-08-28T06:13:15+00:00\",\"breadcrumb\":{\"@id\":\"https:\/\/gysfm.com.ar\/inicio\/suiza-prepara-un-batallon-de-drones-para-2028-y-eleva-la-prioridad-de-la-tecnologia-militar\/#breadcrumb\"},\"inLanguage\":\"es\",\"potentialAction\":[{\"@type\":\"ReadAction\",\"target\":[\"https:\/\/gysfm.com.ar\/inicio\/suiza-prepara-un-batallon-de-drones-para-2028-y-eleva-la-prioridad-de-la-tecnologia-militar\/\"]}]},{\"@type\":\"ImageObject\",\"inLanguage\":\"es\",\"@id\":\"https:\/\/gysfm.com.ar\/inicio\/suiza-prepara-un-batallon-de-drones-para-2028-y-eleva-la-prioridad-de-la-tecnologia-militar\/#primaryimage\",\"url\":\"https:\/\/gysfm.com.ar\/inicio\/wp-content\/uploads\/2026\/08\/un-soldado-suizo-sostiene-un-dron-fpv-durante-una-2NU45JUJ75AM5AGXD5N7GFTQDY.jpg\",\"contentUrl\":\"https:\/\/gysfm.com.ar\/inicio\/wp-content\/uploads\/2026\/08\/un-soldado-suizo-sostiene-un-dron-fpv-durante-una-2NU45JUJ75AM5AGXD5N7GFTQDY.jpg\",\"width\":1200,\"height\":800},{\"@type\":\"BreadcrumbList\",\"@id\":\"https:\/\/gysfm.com.ar\/inicio\/suiza-prepara-un-batallon-de-drones-para-2028-y-eleva-la-prioridad-de-la-tecnologia-militar\/#breadcrumb\",\"itemListElement\":[{\"@type\":\"ListItem\",\"position\":1,\"name\":\"Portada\",\"item\":\"https:\/\/gysfm.com.ar\/inicio\/\"},{\"@type\":\"ListItem\",\"position\":2,\"name\":\"Suiza prepara un batall\u00f3n de drones para 2028 y eleva la prioridad de la tecnolog\u00eda militar\"}]},{\"@type\":\"WebSite\",\"@id\":\"https:\/\/gysfm.com.ar\/inicio\/#website\",\"url\":\"https:\/\/gysfm.com.ar\/inicio\/\",\"name\":\"GYS NOTICIAS |\",\"description\":\"DIARIO - RADIO ONLINE SAN JUAN ARGENTINA\",\"publisher\":{\"@id\":\"https:\/\/gysfm.com.ar\/inicio\/#organization\"},\"potentialAction\":[{\"@type\":\"SearchAction\",\"target\":{\"@type\":\"EntryPoint\",\"urlTemplate\":\"https:\/\/gysfm.com.ar\/inicio\/?s={search_term_string}\"},\"query-input\":{\"@type\":\"PropertyValueSpecification\",\"valueRequired\":true,\"valueName\":\"search_term_string\"}}],\"inLanguage\":\"es\"},{\"@type\":\"Organization\",\"@id\":\"https:\/\/gysfm.com.ar\/inicio\/#organization\",\"name\":\"GYS NOTICIAS |\",\"url\":\"https:\/\/gysfm.com.ar\/inicio\/\",\"logo\":{\"@type\":\"ImageObject\",\"inLanguage\":\"es\",\"@id\":\"https:\/\/gysfm.com.ar\/inicio\/#\/schema\/logo\/image\/\",\"url\":\"https:\/\/gysfm.com.ar\/inicio\/wp-content\/uploads\/2023\/07\/LOGOGYS-OK.png\",\"contentUrl\":\"https:\/\/gysfm.com.ar\/inicio\/wp-content\/uploads\/2023\/07\/LOGOGYS-OK.png\",\"width\":1170,\"height\":872,\"caption\":\"GYS NOTICIAS |\"},\"image\":{\"@id\":\"https:\/\/gysfm.com.ar\/inicio\/#\/schema\/logo\/image\/\"}},{\"@type\":\"Person\",\"@id\":\"https:\/\/gysfm.com.ar\/inicio\/#\/schema\/person\/3abba7593ef2ad19e1be221d54383dc5\",\"name\":\"Prensa G&amp;S FM\",\"image\":{\"@type\":\"ImageObject\",\"inLanguage\":\"es\",\"@id\":\"https:\/\/gysfm.com.ar\/inicio\/#\/schema\/person\/image\/\",\"url\":\"https:\/\/secure.gravatar.com\/avatar\/096ec78df02049ab018702bb4ccedf659377fa92a26540b5247612077a0dbd29?s=96&d=mm&r=g\",\"contentUrl\":\"https:\/\/secure.gravatar.com\/avatar\/096ec78df02049ab018702bb4ccedf659377fa92a26540b5247612077a0dbd29?s=96&d=mm&r=g\",\"caption\":\"Prensa G&amp;S FM\"},\"sameAs\":[\"https:\/\/gysfm.com.ar\/\"],\"url\":\"https:\/\/gysfm.com.ar\/inicio\/author\/lucasm\/\"}]}<\/script>\n<!-- \/ Yoast SEO plugin. -->","yoast_head_json":{"title":"Suiza prepara un batall\u00f3n de drones para 2028 y eleva la prioridad de la tecnolog\u00eda militar - GYS NOTICIAS |","robots":{"index":"index","follow":"follow","max-snippet":"max-snippet:-1","max-image-preview":"max-image-preview:large","max-video-preview":"max-video-preview:-1"},"canonical":"https:\/\/gysfm.com.ar\/inicio\/suiza-prepara-un-batallon-de-drones-para-2028-y-eleva-la-prioridad-de-la-tecnologia-militar\/","og_locale":"es_ES","og_type":"article","og_title":"Suiza prepara un batall\u00f3n de drones para 2028 y eleva la prioridad de la tecnolog\u00eda militar - GYS NOTICIAS |","og_description":"BERNA.\u2013 Suiza anunci\u00f3 que a partir de 2028 contar\u00e1 con su propio batall\u00f3n militar de drones, una decisi\u00f3n que coloca a estos sistemas, la defensa antidrones y la rob\u00f3tica entre las principales prioridades estrat\u00e9gicas de sus Fuerzas Armadas. El proyecto se conoce en momentos en que el uso de veh\u00edculos no tripulados adquiri\u00f3 un papel [&hellip;]","og_url":"https:\/\/gysfm.com.ar\/inicio\/suiza-prepara-un-batallon-de-drones-para-2028-y-eleva-la-prioridad-de-la-tecnologia-militar\/","og_site_name":"GYS NOTICIAS |","article_published_time":"2026-08-28T06:13:14+00:00","article_modified_time":"2026-08-28T06:13:15+00:00","og_image":[{"width":1200,"height":800,"url":"https:\/\/gysfm.com.ar\/inicio\/wp-content\/uploads\/2026\/08\/un-soldado-suizo-sostiene-un-dron-fpv-durante-una-2NU45JUJ75AM5AGXD5N7GFTQDY.jpg","type":"image\/jpeg"}],"author":"Prensa G&amp;S FM","twitter_card":"summary_large_image","twitter_misc":{"Escrito por":"Prensa G&amp;S FM","Tiempo de lectura":"4 minutos"},"schema":{"@context":"https:\/\/schema.org","@graph":[{"@type":"Article","@id":"https:\/\/gysfm.com.ar\/inicio\/suiza-prepara-un-batallon-de-drones-para-2028-y-eleva-la-prioridad-de-la-tecnologia-militar\/#article","isPartOf":{"@id":"https:\/\/gysfm.com.ar\/inicio\/suiza-prepara-un-batallon-de-drones-para-2028-y-eleva-la-prioridad-de-la-tecnologia-militar\/"},"author":{"name":"Prensa G&amp;S FM","@id":"https:\/\/gysfm.com.ar\/inicio\/#\/schema\/person\/3abba7593ef2ad19e1be221d54383dc5"},"headline":"Suiza prepara un batall\u00f3n de drones para 2028 y eleva la prioridad de la tecnolog\u00eda militar","datePublished":"2026-08-28T06:13:14+00:00","dateModified":"2026-08-28T06:13:15+00:00","mainEntityOfPage":{"@id":"https:\/\/gysfm.com.ar\/inicio\/suiza-prepara-un-batallon-de-drones-para-2028-y-eleva-la-prioridad-de-la-tecnologia-militar\/"},"wordCount":814,"publisher":{"@id":"https:\/\/gysfm.com.ar\/inicio\/#organization"},"image":{"@id":"https:\/\/gysfm.com.ar\/inicio\/suiza-prepara-un-batallon-de-drones-para-2028-y-eleva-la-prioridad-de-la-tecnologia-militar\/#primaryimage"},"thumbnailUrl":"https:\/\/gysfm.com.ar\/inicio\/wp-content\/uploads\/2026\/08\/un-soldado-suizo-sostiene-un-dron-fpv-durante-una-2NU45JUJ75AM5AGXD5N7GFTQDY.jpg","articleSection":["INTERNACIONALES"],"inLanguage":"es"},{"@type":"WebPage","@id":"https:\/\/gysfm.com.ar\/inicio\/suiza-prepara-un-batallon-de-drones-para-2028-y-eleva-la-prioridad-de-la-tecnologia-militar\/","url":"https:\/\/gysfm.com.ar\/inicio\/suiza-prepara-un-batallon-de-drones-para-2028-y-eleva-la-prioridad-de-la-tecnologia-militar\/","name":"Suiza prepara un batall\u00f3n de drones para 2028 y eleva la prioridad de la tecnolog\u00eda militar - GYS NOTICIAS |","isPartOf":{"@id":"https:\/\/gysfm.com.ar\/inicio\/#website"},"primaryImageOfPage":{"@id":"https:\/\/gysfm.com.ar\/inicio\/suiza-prepara-un-batallon-de-drones-para-2028-y-eleva-la-prioridad-de-la-tecnologia-militar\/#primaryimage"},"image":{"@id":"https:\/\/gysfm.com.ar\/inicio\/suiza-prepara-un-batallon-de-drones-para-2028-y-eleva-la-prioridad-de-la-tecnologia-militar\/#primaryimage"},"thumbnailUrl":"https:\/\/gysfm.com.ar\/inicio\/wp-content\/uploads\/2026\/08\/un-soldado-suizo-sostiene-un-dron-fpv-durante-una-2NU45JUJ75AM5AGXD5N7GFTQDY.jpg","datePublished":"2026-08-28T06:13:14+00:00","dateModified":"2026-08-28T06:13:15+00:00","breadcrumb":{"@id":"https:\/\/gysfm.com.ar\/inicio\/suiza-prepara-un-batallon-de-drones-para-2028-y-eleva-la-prioridad-de-la-tecnologia-militar\/#breadcrumb"},"inLanguage":"es","potentialAction":[{"@type":"ReadAction","target":["https:\/\/gysfm.com.ar\/inicio\/suiza-prepara-un-batallon-de-drones-para-2028-y-eleva-la-prioridad-de-la-tecnologia-militar\/"]}]},{"@type":"ImageObject","inLanguage":"es","@id":"https:\/\/gysfm.com.ar\/inicio\/suiza-prepara-un-batallon-de-drones-para-2028-y-eleva-la-prioridad-de-la-tecnologia-militar\/#primaryimage","url":"https:\/\/gysfm.com.ar\/inicio\/wp-content\/uploads\/2026\/08\/un-soldado-suizo-sostiene-un-dron-fpv-durante-una-2NU45JUJ75AM5AGXD5N7GFTQDY.jpg","contentUrl":"https:\/\/gysfm.com.ar\/inicio\/wp-content\/uploads\/2026\/08\/un-soldado-suizo-sostiene-un-dron-fpv-durante-una-2NU45JUJ75AM5AGXD5N7GFTQDY.jpg","width":1200,"height":800},{"@type":"BreadcrumbList","@id":"https:\/\/gysfm.com.ar\/inicio\/suiza-prepara-un-batallon-de-drones-para-2028-y-eleva-la-prioridad-de-la-tecnologia-militar\/#breadcrumb","itemListElement":[{"@type":"ListItem","position":1,"name":"Portada","item":"https:\/\/gysfm.com.ar\/inicio\/"},{"@type":"ListItem","position":2,"name":"Suiza prepara un batall\u00f3n de drones para 2028 y eleva la prioridad de la tecnolog\u00eda militar"}]},{"@type":"WebSite","@id":"https:\/\/gysfm.com.ar\/inicio\/#website","url":"https:\/\/gysfm.com.ar\/inicio\/","name":"GYS NOTICIAS |","description":"DIARIO - RADIO ONLINE SAN JUAN ARGENTINA","publisher":{"@id":"https:\/\/gysfm.com.ar\/inicio\/#organization"},"potentialAction":[{"@type":"SearchAction","target":{"@type":"EntryPoint","urlTemplate":"https:\/\/gysfm.com.ar\/inicio\/?s={search_term_string}"},"query-input":{"@type":"PropertyValueSpecification","valueRequired":true,"valueName":"search_term_string"}}],"inLanguage":"es"},{"@type":"Organization","@id":"https:\/\/gysfm.com.ar\/inicio\/#organization","name":"GYS NOTICIAS |","url":"https:\/\/gysfm.com.ar\/inicio\/","logo":{"@type":"ImageObject","inLanguage":"es","@id":"https:\/\/gysfm.com.ar\/inicio\/#\/schema\/logo\/image\/","url":"https:\/\/gysfm.com.ar\/inicio\/wp-content\/uploads\/2023\/07\/LOGOGYS-OK.png","contentUrl":"https:\/\/gysfm.com.ar\/inicio\/wp-content\/uploads\/2023\/07\/LOGOGYS-OK.png","width":1170,"height":872,"caption":"GYS NOTICIAS |"},"image":{"@id":"https:\/\/gysfm.com.ar\/inicio\/#\/schema\/logo\/image\/"}},{"@type":"Person","@id":"https:\/\/gysfm.com.ar\/inicio\/#\/schema\/person\/3abba7593ef2ad19e1be221d54383dc5","name":"Prensa G&amp;S FM","image":{"@type":"ImageObject","inLanguage":"es","@id":"https:\/\/gysfm.com.ar\/inicio\/#\/schema\/person\/image\/","url":"https:\/\/secure.gravatar.com\/avatar\/096ec78df02049ab018702bb4ccedf659377fa92a26540b5247612077a0dbd29?s=96&d=mm&r=g","contentUrl":"https:\/\/secure.gravatar.com\/avatar\/096ec78df02049ab018702bb4ccedf659377fa92a26540b5247612077a0dbd29?s=96&d=mm&r=g","caption":"Prensa G&amp;S FM"},"sameAs":["https:\/\/gysfm.com.ar\/"],"url":"https:\/\/gysfm.com.ar\/inicio\/author\/lucasm\/"}]}},"_links":{"self":[{"href":"https:\/\/gysfm.com.ar\/inicio\/wp-json\/wp\/v2\/posts\/209626","targetHints":{"allow":["GET"]}}],"collection":[{"href":"https:\/\/gysfm.com.ar\/inicio\/wp-json\/wp\/v2\/posts"}],"about":[{"href":"https:\/\/gysfm.com.ar\/inicio\/wp-json\/wp\/v2\/types\/post"}],"author":[{"embeddable":true,"href":"https:\/\/gysfm.com.ar\/inicio\/wp-json\/wp\/v2\/users\/2"}],"replies":[{"embeddable":true,"href":"https:\/\/gysfm.com.ar\/inicio\/wp-json\/wp\/v2\/comments?post=209626"}],"version-history":[{"count":1,"href":"https:\/\/gysfm.com.ar\/inicio\/wp-json\/wp\/v2\/posts\/209626\/revisions"}],"predecessor-version":[{"id":209628,"href":"https:\/\/gysfm.com.ar\/inicio\/wp-json\/wp\/v2\/posts\/209626\/revisions\/209628"}],"wp:featuredmedia":[{"embeddable":true,"href":"https:\/\/gysfm.com.ar\/inicio\/wp-json\/wp\/v2\/media\/209627"}],"wp:attachment":[{"href":"https:\/\/gysfm.com.ar\/inicio\/wp-json\/wp\/v2\/media?parent=209626"}],"wp:term":[{"taxonomy":"category","embeddable":true,"href":"https:\/\/gysfm.com.ar\/inicio\/wp-json\/wp\/v2\/categories?post=209626"},{"taxonomy":"post_tag","embeddable":true,"href":"https:\/\/gysfm.com.ar\/inicio\/wp-json\/wp\/v2\/tags?post=209626"}],"curies":[{"name":"wp","href":"https:\/\/api.w.org\/{rel}","templated":true}]}}