{"id":209600,"date":"2026-08-27T21:02:45","date_gmt":"2026-08-28T00:02:45","guid":{"rendered":"https:\/\/gysfm.com.ar\/inicio\/las-imagenes-mas-impresionantes-de-la-avalancha-y-las-inundaciones-en-nepal\/"},"modified":"2026-08-27T21:02:52","modified_gmt":"2026-08-28T00:02:52","slug":"las-imagenes-mas-impresionantes-de-la-avalancha-y-las-inundaciones-en-nepal","status":"publish","type":"post","link":"https:\/\/gysfm.com.ar\/inicio\/las-imagenes-mas-impresionantes-de-la-avalancha-y-las-inundaciones-en-nepal\/","title":{"rendered":"Las im\u00e1genes m\u00e1s impresionantes de la avalancha y las inundaciones en Nepal"},"content":{"rendered":"<p> <br \/>\n<\/p>\n<div>\n<div class=\"col-span-8 md:col-span-10 md:col-start-2 xl:col-span-8 xl:col-start-5 max-w-550 md:max-w-635 mb-24\" id=\"cuerpo__nota\">\n<div class=\"flex flex-col ai-center gap-8 mb-40\">\n<p><time datetime=\"2026-08-26T14:43:38.133Z\" class=\"flex items-center gap-8\"><span>26 de agosto de 2026<\/span><i class=\"ds-icon inline-flex justify-center items-center [&amp;&gt;svg]:size-[inherit] [&amp;&gt;svg]:align-top size-12 data-[has-wrapper=&quot;true&quot;]:p-6\" aria-hidden=\"true\" role=\"presentation\" data-has-wrapper=\"false\"><svg fill=\"currentColor\"><use href=\"http:\/\/www.lanacion.com.ar\/pf\/resources\/images\/sprites\/sprite-lanacion-default.svg?d=2047#bullet-filled\"\/><\/svg><\/i><span>11:43<\/span><\/time><i class=\"ds-icon inline-flex justify-center items-center [&amp;&gt;svg]:size-[inherit] [&amp;&gt;svg]:align-top size-12 data-[has-wrapper=&quot;true&quot;]:p-6 hidden md:block\" aria-hidden=\"true\" role=\"presentation\" data-has-wrapper=\"false\"><svg fill=\"currentColor\"><use href=\"http:\/\/www.lanacion.com.ar\/pf\/resources\/images\/sprites\/sprite-lanacion-default.svg?d=2047#bullet-filled\"\/><\/svg><\/i><span class=\"flex items-center gap-4\"><i class=\"ds-icon inline-flex justify-center items-center [&amp;&gt;svg]:size-[inherit] [&amp;&gt;svg]:align-top size-16 data-[has-wrapper=&quot;true&quot;]:p-8\" aria-hidden=\"true\" role=\"presentation\" data-has-wrapper=\"false\"><svg fill=\"currentColor\"><use href=\"http:\/\/www.lanacion.com.ar\/pf\/resources\/images\/sprites\/sprite-lanacion-default.svg?d=2047#time\"\/><\/svg><\/i>3<!-- -->&#8216;<span class=\"hidden md:inline\">minutos<!-- --> de lectura<\/span><\/span><\/p>\n<\/div>\n<\/div>\n<div class=\"col-span-8 md:col-span-10 md:col-start-2 xl:col-span-8 xl:col-start-5 max-w-550 md:max-w-635 mb-16\">\n<p class=\"ds-custom-paragraph font-tertiary text-20 leading-[150%] tracking-[-0.1px] text-left editorial-drop-cap\">UDIN DHUNGA.\u2014 Nepal atraviesa por estas horas momentos de extrema gravedad y de desesperaci\u00f3n luego de que <strong>se desataran inundaciones masivas causadas<\/strong>, aparentemente,<strong> por un deslizamiento de tierra en una zona fronteriza con China, en la regi\u00f3n vecina del T\u00edbet<\/strong>. Hasta el momento, <strong>las autoridades confirmaron al menos 95 muertos y cientos de desaparecidos<\/strong>.<strong> <\/strong>Las im\u00e1genes del desastre natural son impresionantes.<\/p>\n<\/div>\n<div class=\"col-span-8 md:col-span-12 xl:col-span-10 xl:col-start-4 w-screen\">\n<section class=\"gallery-embed grid grid-cols-8 mb-64 md:grid-cols-12 md:gap-24 xl:grid-cols-16 xl:gap-32 mt-32 mx-auto w-full max-w-1340 lg:px-16\" aria-labelledby=\"gallery-caption\">\n<div class=\"gallery-embed__item col-span-full xl:px-58 2xl:col-start-2 2xl:col-end-16 2xl:px-0\">\n<div class=\"gallery-embed__figure\">\n<p><span class=\"text-16 tracking-[-0.32px]\" id=\"gallery-caption\">Varias personas fallecidas y cientos de desaparecidos tras las repentinas y violentas inundaciones en Nepal<\/span><\/p>\n<\/div>\n<\/div>\n<\/section>\n<\/div>\n<div class=\"col-span-8 md:col-span-10 md:col-start-2 xl:col-span-8 xl:col-start-5 max-w-550 md:max-w-635 mb-16\">\n<p class=\"ds-custom-paragraph font-tertiary text-20 leading-[150%] tracking-[-0.1px] text-left\">El<strong> r\u00edo Bhotekoshi<\/strong>, por ejemplo, se desbord\u00f3 alrededor de las 9 de la ma\u00f1ana de este mi\u00e9rcoles y <strong>destruy\u00f3 varias aldeas, adem\u00e1s de carreteras y proyectos hidroel\u00e9ctricos<\/strong>. \u201cPedimos tanto a India como a China que nos ayuden en las labores de rescate\u201d, indic\u00f3 Sasmit Pokharel, portavoz del gobierno nepal\u00ed. Al menos 19 cuerpos sin vida hab\u00edan sido recuperados tras las inundaciones, indic\u00f3 la Polic\u00eda local, que a\u00f1adi\u00f3 que tambi\u00e9n hab\u00eda \u201cvarios agentes que estaban fuera de contacto\u201d.<\/p>\n<\/div>\n<div class=\"col-span-8 md:col-span-10 md:col-start-2 xl:col-span-8 xl:col-start-5 max-w-550 md:max-w-635 mb-16\">\n<p class=\"ds-custom-paragraph font-tertiary text-20 leading-[150%] tracking-[-0.1px] text-left\">\u201cVi c\u00f3mo las aguas se llevaban por delante ocho o nueve camiones, adem\u00e1s de casas y personas\u201d, cont\u00f3 Suman Chalise, un profesor de 34 a\u00f1os, en la localidad de Nuwakot. <strong>\u201cFue absolutamente desgarrador (&#8230;) Fui testigo de una devastaci\u00f3n de tal magnitud que nunca hab\u00eda visto nada igual\u201d<\/strong>, a\u00f1adi\u00f3.<\/p>\n<\/div>\n<div class=\"col-span-8 md:col-span-12 xl:col-span-10 xl:col-start-4 w-screen\">\n<section class=\"gallery-embed grid grid-cols-8 mb-64 md:grid-cols-12 md:gap-24 xl:grid-cols-16 xl:gap-32 mt-32 mx-auto w-full max-w-1340 lg:px-16\" aria-labelledby=\"gallery-caption\">\n<div class=\"gallery-embed__item col-span-full xl:px-58 2xl:col-start-2 2xl:col-end-16 2xl:px-0\">\n<div class=\"gallery-embed__figure\">\n<p><span class=\"text-16 tracking-[-0.32px]\" id=\"gallery-caption\">Las avalanchas de hielo y rocas en la zona que bajaron de la zona monta\u00f1osa arrasaron con todo a su paso<\/span><\/p>\n<\/div>\n<\/div>\n<\/section>\n<\/div>\n<div class=\"col-span-8 md:col-span-10 md:col-start-2 xl:col-span-8 xl:col-start-5 max-w-550 md:max-w-635 mb-64\">\n<div class=\"w-full flex justify-center bg-neutral-50\">\n<div data-has-jwplayer=\"true\" data-video-id-jw=\"qLjRVimp\" data-config=\"{&quot;title&quot;:&quot;Las im\u00e1genes m\u00e1s impresionantes de las inundaciones en Nepal &quot;,&quot;mediaId&quot;:&quot;qLjRVimp&quot;,&quot;playerId&quot;:&quot;ih0086X3&quot;,&quot;playlist&quot;:[{&quot;mediaid&quot;:&quot;qLjRVimp&quot;,&quot;sources&quot;:[{&quot;file&quot;:&quot;https:\/\/cdn.jwplayer.com\/manifests\/qLjRVimp.m3u8&quot;,&quot;type&quot;:&quot;application\/vnd.apple.mpegurl&quot;},{&quot;bitrate&quot;:247352,&quot;file&quot;:&quot;https:\/\/cdn.jwplayer.com\/videos\/qLjRVimp-kTExGaWf.mp4&quot;,&quot;filesize&quot;:2288007,&quot;framerate&quot;:24,&quot;height&quot;:148,&quot;label&quot;:&quot;180p&quot;,&quot;type&quot;:&quot;video\/mp4&quot;,&quot;width&quot;:320},{&quot;bitrate&quot;:405705,&quot;file&quot;:&quot;https:\/\/cdn.jwplayer.com\/videos\/qLjRVimp-K8B0kybS.mp4&quot;,&quot;filesize&quot;:3752772,&quot;framerate&quot;:24,&quot;height&quot;:222,&quot;label&quot;:&quot;270p&quot;,&quot;type&quot;:&quot;video\/mp4&quot;,&quot;width&quot;:480},{&quot;bitrate&quot;:1168032,&quot;file&quot;:&quot;https:\/\/cdn.jwplayer.com\/videos\/qLjRVimp-46NIuRKO.mp4&quot;,&quot;filesize&quot;:10804303,&quot;framerate&quot;:24,&quot;height&quot;:590,&quot;label&quot;:&quot;720p&quot;,&quot;type&quot;:&quot;video\/mp4&quot;,&quot;width&quot;:1280},{&quot;bitrate&quot;:114347,&quot;file&quot;:&quot;https:\/\/cdn.jwplayer.com\/videos\/qLjRVimp-hz5z2Tv4.m4a&quot;,&quot;filesize&quot;:1057717,&quot;label&quot;:&quot;AAC Audio&quot;,&quot;type&quot;:&quot;audio\/mp4&quot;},{&quot;bitrate&quot;:531910,&quot;file&quot;:&quot;https:\/\/cdn.jwplayer.com\/videos\/qLjRVimp-FnZGUVnC.mp4&quot;,&quot;filesize&quot;:4920174,&quot;framerate&quot;:24,&quot;height&quot;:296,&quot;label&quot;:&quot;360p&quot;,&quot;type&quot;:&quot;video\/mp4&quot;,&quot;width&quot;:640},{&quot;bitrate&quot;:961585,&quot;file&quot;:&quot;https:\/\/cdn.jwplayer.com\/videos\/qLjRVimp-0G6Pwvlw.mp4&quot;,&quot;filesize&quot;:8894662,&quot;framerate&quot;:24,&quot;height&quot;:444,&quot;label&quot;:&quot;540p&quot;,&quot;type&quot;:&quot;video\/mp4&quot;,&quot;width&quot;:960}]}],&quot;hasAutoplay&quot;:false,&quot;autostart&quot;:true,&quot;tagsUrl&quot;:&quot;https:\/\/pubads.g.doubleclick.net\/gampad\/ads?slotname=\/133919216\/la_nacion_video\/nota\/preroll&amp;sz=640x480|400x300&amp;ciu_szs=300x250&amp;unviewed_position_start=1&amp;output=vast&amp;impl=s&amp;env=vp&amp;gdfp_req=1&amp;ad_rule=0&amp;vad_type=linear&amp;vpos=preroll&amp;cust_params=tags_nuevos%3Dte_nepal%2Cte_inundaciones%2Cte_fotos_del_dia%2Cca_el_mundo%2C%2CZG2LKWSUIBABHPY7J3GMJ55BBU&amp;pod=3&amp;ppos=1&amp;lip=true&amp;min_ad_duration=0&amp;max_ad_duration=30000&amp;vrid=6256&amp;url=https%3A%2F%2Fwww.lanacion.com.ar%2Fel-mundo%2Flas-imagenes-mas-impresionantes-de-la-avalancha-y-las-inundaciones-en-nepal-nid26082026%2F%3Fvariant%3DA&amp;description_url=https%3A%2F%2Fwww.lanacion.com.ar%2Fel-mundo%2Flas-imagenes-mas-impresionantes-de-la-avalancha-y-las-inundaciones-en-nepal-nid26082026%2F%3Fvariant%3DA&amp;video_doc_id=short_onecue&amp;cmsid=496&amp;kfa=0&amp;tfcd=0&amp;correlator=1787875342065&quot;,&quot;arcSite&quot;:&quot;la-nacion-ar&quot;,&quot;duration&quot;:&quot;74000&quot;}\" class=\"border-1 border-neutral-200 w-full box-content aspect-16\/9\">\n<div class=\"relative cursor-pointer\" id=\"facade-qLjRVimp\">\n<div class=\"relative overflow-hidden h-full w-full\"><picture><source srcset=\"https:\/\/www.lanacion.com.ar\/resizer\/v2\/https%3A%2F%2Fcdn.jwplayer.com%2Fv2%2Fmedia%2FqLjRVimp%2Fposter.jpg%3Fwidth%3D720?auth=655c9fe21853a42004179f85421f44244c4141cf2f90af5c6d35109fd6869a9a&amp;width=480&amp;quality=70&amp;smart=false\" media=\"(max-width: 767px)\"\/><\/picture><\/div>\n<\/div>\n<\/div>\n<\/div><figcaption class=\"py-8\"><span class=\"text-body-sm font-secondary\">Las im\u00e1genes m\u00e1s impresionantes de las inundaciones en Nepal <\/span><\/figcaption><\/div>\n<div class=\"col-span-8 md:col-span-10 md:col-start-2 xl:col-span-8 xl:col-start-5 max-w-550 md:max-w-635 mb-16\">\n<p class=\"ds-custom-paragraph font-tertiary text-20 leading-[150%] tracking-[-0.1px] text-left\"><strong>Las autoridades reportaron la desaparici\u00f3n de 384 turistas, incluidos 291 de pa\u00edses como India, Estados Unidos, Reino Unido y Malasia<\/strong>. Las versiones indican que en su mayor\u00eda se encontraban en peregrinaci\u00f3n al monte Kailash en el T\u00edbet, un sitio sagrado para los hind\u00faes.<\/p>\n<\/div>\n<div class=\"col-span-8 md:col-span-12 xl:col-span-10 xl:col-start-4 w-screen\">\n<section class=\"gallery-embed grid grid-cols-8 mb-64 md:grid-cols-12 md:gap-24 xl:grid-cols-16 xl:gap-32 mt-32 mx-auto w-full max-w-1340 lg:px-16\" aria-labelledby=\"gallery-caption\">\n<div class=\"gallery-embed__item col-span-full xl:px-58 2xl:col-start-2 2xl:col-end-16 2xl:px-0\">\n<div class=\"gallery-embed__figure\">\n<p><span class=\"text-16 tracking-[-0.32px]\" id=\"gallery-caption\">Todo qued\u00f3 sepultado baja un r\u00edo de lodo en muy poco tiempo<\/span><\/p>\n<\/div>\n<\/div>\n<\/section>\n<\/div>\n<div class=\"col-span-8 md:col-span-10 md:col-start-2 xl:col-span-8 xl:col-start-5 max-w-550 md:max-w-635 mb-16\">\n<p class=\"ds-custom-paragraph font-tertiary text-20 leading-[150%] tracking-[-0.1px] text-left\"><strong>Decenas de edificios, camiones y furgonetas quedaron sepultadas bajo montones de lodo <\/strong>en el distrito de Nuwakot, una de las zonas m\u00e1s afectadas. Funcionarios emitieron avisos a residentes de varios distritos y pidieron que <strong>se alejaran de las riberas de los r\u00edos Bhotekoshi, Trishuli y Narayani<\/strong>.<\/p>\n<\/div>\n<div class=\"col-span-8 md:col-span-10 md:col-start-2 xl:col-span-8 xl:col-start-5 max-w-550 md:max-w-635 mb-64\">\n<div class=\"w-full flex justify-center bg-neutral-50\">\n<div data-has-jwplayer=\"true\" data-video-id-jw=\"VrPml29I\" data-config=\"{&quot;title&quot;:&quot;Las im\u00e1genes m\u00e1s impresionantes de las inundaciones en Nepal &quot;,&quot;mediaId&quot;:&quot;VrPml29I&quot;,&quot;playerId&quot;:&quot;ih0086X3&quot;,&quot;playlist&quot;:[{&quot;mediaid&quot;:&quot;VrPml29I&quot;,&quot;sources&quot;:[{&quot;file&quot;:&quot;https:\/\/cdn.jwplayer.com\/manifests\/VrPml29I.m3u8&quot;,&quot;type&quot;:&quot;application\/vnd.apple.mpegurl&quot;},{&quot;bitrate&quot;:541169,&quot;file&quot;:&quot;https:\/\/cdn.jwplayer.com\/videos\/VrPml29I-kTExGaWf.mp4&quot;,&quot;filesize&quot;:5479338,&quot;framerate&quot;:30,&quot;height&quot;:320,&quot;label&quot;:&quot;180p&quot;,&quot;type&quot;:&quot;video\/mp4&quot;,&quot;width&quot;:180},{&quot;bitrate&quot;:760428,&quot;file&quot;:&quot;https:\/\/cdn.jwplayer.com\/videos\/VrPml29I-K8B0kybS.mp4&quot;,&quot;filesize&quot;:7699341,&quot;framerate&quot;:30,&quot;height&quot;:480,&quot;label&quot;:&quot;270p&quot;,&quot;type&quot;:&quot;video\/mp4&quot;,&quot;width&quot;:270},{&quot;bitrate&quot;:113569,&quot;file&quot;:&quot;https:\/\/cdn.jwplayer.com\/videos\/VrPml29I-hz5z2Tv4.m4a&quot;,&quot;filesize&quot;:1149888,&quot;label&quot;:&quot;AAC Audio&quot;,&quot;type&quot;:&quot;audio\/mp4&quot;},{&quot;bitrate&quot;:1020710,&quot;file&quot;:&quot;https:\/\/cdn.jwplayer.com\/videos\/VrPml29I-FnZGUVnC.mp4&quot;,&quot;filesize&quot;:10334690,&quot;framerate&quot;:30,&quot;height&quot;:640,&quot;label&quot;:&quot;360p&quot;,&quot;type&quot;:&quot;video\/mp4&quot;,&quot;width&quot;:360},{&quot;bitrate&quot;:1709058,&quot;file&quot;:&quot;https:\/\/cdn.jwplayer.com\/videos\/VrPml29I-0G6Pwvlw.mp4&quot;,&quot;filesize&quot;:17304215,&quot;framerate&quot;:30,&quot;height&quot;:960,&quot;label&quot;:&quot;540p&quot;,&quot;type&quot;:&quot;video\/mp4&quot;,&quot;width&quot;:540}]}],&quot;hasAutoplay&quot;:false,&quot;autostart&quot;:true,&quot;tagsUrl&quot;:&quot;https:\/\/pubads.g.doubleclick.net\/gampad\/ads?slotname=\/133919216\/la_nacion_video\/nota\/preroll&amp;sz=640x480|400x300&amp;ciu_szs=300x250&amp;unviewed_position_start=1&amp;output=vast&amp;impl=s&amp;env=vp&amp;gdfp_req=1&amp;ad_rule=0&amp;vad_type=linear&amp;vpos=preroll&amp;cust_params=tags_nuevos%3Dte_nepal%2Cte_inundaciones%2Cte_fotos_del_dia%2Cca_el_mundo%2C%2CZG2LKWSUIBABHPY7J3GMJ55BBU&amp;pod=3&amp;ppos=1&amp;lip=true&amp;min_ad_duration=0&amp;max_ad_duration=30000&amp;vrid=6256&amp;url=https%3A%2F%2Fwww.lanacion.com.ar%2Fel-mundo%2Flas-imagenes-mas-impresionantes-de-la-avalancha-y-las-inundaciones-en-nepal-nid26082026%2F%3Fvariant%3DA&amp;description_url=https%3A%2F%2Fwww.lanacion.com.ar%2Fel-mundo%2Flas-imagenes-mas-impresionantes-de-la-avalancha-y-las-inundaciones-en-nepal-nid26082026%2F%3Fvariant%3DA&amp;video_doc_id=short_onecue&amp;cmsid=496&amp;kfa=0&amp;tfcd=0&amp;correlator=1787875342066&quot;,&quot;arcSite&quot;:&quot;la-nacion-ar&quot;,&quot;duration&quot;:&quot;81000&quot;}\" class=\"border-1 border-neutral-200 w-full box-content aspect-16\/9\">\n<div class=\"relative cursor-pointer\" id=\"facade-VrPml29I\">\n<div class=\"relative overflow-hidden h-full w-full\"><picture><source srcset=\"https:\/\/www.lanacion.com.ar\/resizer\/v2\/https%3A%2F%2Fcdn.jwplayer.com%2Fv2%2Fmedia%2FVrPml29I%2Fposter.jpg%3Fwidth%3D720?auth=ce29e53b842cd4a83c316c218c088c046d02c7f5fafa4197d5e15ea3313d1b09&amp;width=480&amp;quality=70&amp;smart=false\" media=\"(max-width: 767px)\"\/><img alt=\"Las im\u00e1genes m\u00e1s impresionantes de las inundaciones en Nepal \" loading=\"lazy\" decoding=\"async\" class=\"ds-image relative z-1 object-contain h-full w-full\" src=\"https:\/\/gysfm.com.ar\/inicio\/wp-content\/uploads\/2026\/08\/https:\/\/cdn.jwplayer.com\/v2\/media\/VrPml29I\/poster.jpg\" fetchpriority=\"low\"\/><\/picture><\/div>\n<\/div>\n<\/div>\n<\/div><figcaption class=\"py-8\"><span class=\"text-body-sm font-secondary\">Las im\u00e1genes m\u00e1s impresionantes de las inundaciones en Nepal <\/span><\/figcaption><\/div>\n<div class=\"col-span-8 md:col-span-10 md:col-start-2 xl:col-span-8 xl:col-start-5 max-w-550 md:max-w-635 mb-16\">\n<p class=\"ds-custom-paragraph font-tertiary text-20 leading-[150%] tracking-[-0.1px] text-left\">El gobierno surcoreano en tanto apunt\u00f3 que ciudadanos suyos que trabajaban en la construcci\u00f3n de una planta hidroel\u00e9ctrica en Nepal estaban entre los desaparecidos. Asimismo, <strong>Rasuwa registr\u00f3 inundaciones repentinas similares a las de agosto del a\u00f1o pasado<\/strong>, cuando un lago glaciar en el vecino T\u00edbet se desbord\u00f3 a consecuencia de las altas temperaturas en la regi\u00f3n monta\u00f1osa. <\/p>\n<\/div>\n<div class=\"col-span-8 md:col-span-12 xl:col-span-10 xl:col-start-4 w-screen\">\n<section class=\"gallery-embed grid grid-cols-8 mb-64 md:grid-cols-12 md:gap-24 xl:grid-cols-16 xl:gap-32 mt-32 mx-auto w-full max-w-1340 lg:px-16\" aria-labelledby=\"gallery-caption\">\n<div class=\"gallery-embed__item col-span-full xl:px-58 2xl:col-start-2 2xl:col-end-16 2xl:px-0\">\n<div class=\"gallery-embed__figure\">\n<p><span class=\"text-16 tracking-[-0.32px]\" id=\"gallery-caption\">Los habitantes no dieron a tiempo a abandonar sus casas y hay cientos de personas desaparecidas<\/span><\/p>\n<\/div>\n<\/div>\n<\/section>\n<\/div>\n<div class=\"col-span-8 md:col-span-10 md:col-start-2 xl:col-span-8 xl:col-start-5 max-w-550 md:max-w-635 mb-64\">\n<div class=\"w-full flex justify-center bg-neutral-50\">\n<div data-has-jwplayer=\"true\" data-video-id-jw=\"swhbWUvS\" data-config=\"{&quot;title&quot;:&quot;Las im\u00e1genes m\u00e1s impresionantes de las inundaciones en Nepal &quot;,&quot;mediaId&quot;:&quot;swhbWUvS&quot;,&quot;playerId&quot;:&quot;ih0086X3&quot;,&quot;playlist&quot;:[{&quot;mediaid&quot;:&quot;swhbWUvS&quot;,&quot;sources&quot;:[{&quot;file&quot;:&quot;https:\/\/cdn.jwplayer.com\/manifests\/swhbWUvS.m3u8&quot;,&quot;type&quot;:&quot;application\/vnd.apple.mpegurl&quot;},{&quot;bitrate&quot;:376820,&quot;file&quot;:&quot;https:\/\/cdn.jwplayer.com\/videos\/swhbWUvS-kTExGaWf.mp4&quot;,&quot;filesize&quot;:2166718,&quot;framerate&quot;:30,&quot;height&quot;:320,&quot;label&quot;:&quot;180p&quot;,&quot;type&quot;:&quot;video\/mp4&quot;,&quot;width&quot;:242},{&quot;bitrate&quot;:115788,&quot;file&quot;:&quot;https:\/\/cdn.jwplayer.com\/videos\/swhbWUvS-hz5z2Tv4.m4a&quot;,&quot;filesize&quot;:665782,&quot;label&quot;:&quot;AAC Audio&quot;,&quot;type&quot;:&quot;audio\/mp4&quot;}]}],&quot;hasAutoplay&quot;:false,&quot;autostart&quot;:true,&quot;tagsUrl&quot;:&quot;https:\/\/pubads.g.doubleclick.net\/gampad\/ads?slotname=\/133919216\/la_nacion_video\/nota\/preroll&amp;sz=640x480|400x300&amp;ciu_szs=300x250&amp;unviewed_position_start=1&amp;output=vast&amp;impl=s&amp;env=vp&amp;gdfp_req=1&amp;ad_rule=0&amp;vad_type=linear&amp;vpos=preroll&amp;cust_params=tags_nuevos%3Dte_nepal%2Cte_inundaciones%2Cte_fotos_del_dia%2Cca_el_mundo%2C%2CZG2LKWSUIBABHPY7J3GMJ55BBU&amp;pod=3&amp;ppos=1&amp;lip=true&amp;min_ad_duration=0&amp;max_ad_duration=30000&amp;vrid=6256&amp;url=https%3A%2F%2Fwww.lanacion.com.ar%2Fel-mundo%2Flas-imagenes-mas-impresionantes-de-la-avalancha-y-las-inundaciones-en-nepal-nid26082026%2F%3Fvariant%3DA&amp;description_url=https%3A%2F%2Fwww.lanacion.com.ar%2Fel-mundo%2Flas-imagenes-mas-impresionantes-de-la-avalancha-y-las-inundaciones-en-nepal-nid26082026%2F%3Fvariant%3DA&amp;video_doc_id=short_onecue&amp;cmsid=496&amp;kfa=0&amp;tfcd=0&amp;correlator=1787875342067&quot;,&quot;arcSite&quot;:&quot;la-nacion-ar&quot;,&quot;duration&quot;:&quot;46000&quot;}\" class=\"border-1 border-neutral-200 w-full box-content aspect-16\/9\">\n<div class=\"relative cursor-pointer\" id=\"facade-swhbWUvS\">\n<div class=\"relative overflow-hidden h-full w-full\"><picture><source srcset=\"https:\/\/www.lanacion.com.ar\/resizer\/v2\/https%3A%2F%2Fcdn.jwplayer.com%2Fv2%2Fmedia%2FswhbWUvS%2Fposter.jpg%3Fwidth%3D720?auth=3b193fffcd19ff83e6913f8c6967c9d194c8c885730e82391c4e5c24d079d3e4&amp;width=480&amp;quality=70&amp;smart=false\" media=\"(max-width: 767px)\"\/><img alt=\"Las im\u00e1genes m\u00e1s impresionantes de las inundaciones en Nepal \" loading=\"lazy\" decoding=\"async\" class=\"ds-image relative z-1 object-contain h-full w-full\" src=\"https:\/\/gysfm.com.ar\/inicio\/wp-content\/uploads\/2026\/08\/https:\/\/cdn.jwplayer.com\/v2\/media\/swhbWUvS\/poster.jpg\" fetchpriority=\"low\"\/><\/picture><\/div>\n<\/div>\n<\/div>\n<\/div><figcaption class=\"py-8\"><span class=\"text-body-sm font-secondary\">Las im\u00e1genes m\u00e1s impresionantes de las inundaciones en Nepal <\/span><\/figcaption><\/div>\n<div class=\"col-span-8 md:col-span-10 md:col-start-2 xl:col-span-8 xl:col-start-5 max-w-550 md:max-w-635 mb-64\">\n<div class=\"w-full flex justify-center bg-neutral-50\">\n<div data-has-jwplayer=\"true\" data-video-id-jw=\"30A1fsSb\" data-config=\"{&quot;title&quot;:&quot;Impresionantes im\u00e1genes de las inundaciones que arrasaron pueblos en Nepal&quot;,&quot;mediaId&quot;:&quot;30A1fsSb&quot;,&quot;playerId&quot;:&quot;ih0086X3&quot;,&quot;playlist&quot;:[{&quot;mediaid&quot;:&quot;30A1fsSb&quot;,&quot;sources&quot;:[{&quot;file&quot;:&quot;https:\/\/cdn.jwplayer.com\/manifests\/30A1fsSb.m3u8&quot;,&quot;type&quot;:&quot;application\/vnd.apple.mpegurl&quot;},{&quot;bitrate&quot;:164338,&quot;file&quot;:&quot;https:\/\/cdn.jwplayer.com\/videos\/30A1fsSb-kTExGaWf.mp4&quot;,&quot;filesize&quot;:4868533,&quot;framerate&quot;:24,&quot;height&quot;:180,&quot;label&quot;:&quot;180p&quot;,&quot;type&quot;:&quot;video\/mp4&quot;,&quot;width&quot;:320},{&quot;bitrate&quot;:323533,&quot;file&quot;:&quot;https:\/\/cdn.jwplayer.com\/videos\/30A1fsSb-K8B0kybS.mp4&quot;,&quot;filesize&quot;:9584681,&quot;framerate&quot;:24,&quot;height&quot;:270,&quot;label&quot;:&quot;270p&quot;,&quot;type&quot;:&quot;video\/mp4&quot;,&quot;width&quot;:480},{&quot;bitrate&quot;:455069,&quot;file&quot;:&quot;https:\/\/cdn.jwplayer.com\/videos\/30A1fsSb-FnZGUVnC.mp4&quot;,&quot;filesize&quot;:13481436,&quot;framerate&quot;:24,&quot;height&quot;:360,&quot;label&quot;:&quot;360p&quot;,&quot;type&quot;:&quot;video\/mp4&quot;,&quot;width&quot;:640}]}],&quot;hasAutoplay&quot;:false,&quot;autostart&quot;:true,&quot;tagsUrl&quot;:&quot;https:\/\/pubads.g.doubleclick.net\/gampad\/ads?slotname=\/133919216\/la_nacion_video\/nota\/preroll&amp;sz=640x480|400x300&amp;ciu_szs=300x250&amp;unviewed_position_start=1&amp;output=vast&amp;impl=s&amp;env=vp&amp;gdfp_req=1&amp;ad_rule=0&amp;vad_type=linear&amp;vpos=preroll&amp;cust_params=tags_nuevos%3Dte_nepal%2Cte_inundaciones%2Cte_fotos_del_dia%2Cca_el_mundo%2C%2CZG2LKWSUIBABHPY7J3GMJ55BBU&amp;pod=3&amp;ppos=1&amp;lip=true&amp;min_ad_duration=0&amp;max_ad_duration=30000&amp;vrid=6256&amp;url=https%3A%2F%2Fwww.lanacion.com.ar%2Fel-mundo%2Flas-imagenes-mas-impresionantes-de-la-avalancha-y-las-inundaciones-en-nepal-nid26082026%2F%3Fvariant%3DA&amp;description_url=https%3A%2F%2Fwww.lanacion.com.ar%2Fel-mundo%2Flas-imagenes-mas-impresionantes-de-la-avalancha-y-las-inundaciones-en-nepal-nid26082026%2F%3Fvariant%3DA&amp;video_doc_id=short_onecue&amp;cmsid=496&amp;kfa=0&amp;tfcd=0&amp;correlator=1787875342067&quot;,&quot;arcSite&quot;:&quot;la-nacion-ar&quot;,&quot;duration&quot;:&quot;237000&quot;}\" class=\"border-1 border-neutral-200 w-full box-content aspect-16\/9\">\n<div class=\"relative cursor-pointer\" id=\"facade-30A1fsSb\">\n<div class=\"relative overflow-hidden h-full w-full\"><picture><source srcset=\"https:\/\/www.lanacion.com.ar\/resizer\/v2\/https%3A%2F%2Fcdn.jwplayer.com%2Fv2%2Fmedia%2F30A1fsSb%2Fposter.jpg%3Fwidth%3D720?auth=950e74632efee4fdf1f8db9ed20ae102488f02af7649c338d808b7f042f8278b&amp;width=480&amp;quality=70&amp;smart=false\" media=\"(max-width: 767px)\"\/><img alt=\"Impresionantes im\u00e1genes de las inundaciones que arrasaron pueblos en Nepal\" loading=\"lazy\" decoding=\"async\" class=\"ds-image relative z-1 object-contain h-full w-full\" src=\"https:\/\/gysfm.com.ar\/inicio\/wp-content\/uploads\/2026\/08\/https:\/\/cdn.jwplayer.com\/v2\/media\/30A1fsSb\/poster.jpg\" fetchpriority=\"low\"\/><\/picture><\/div>\n<\/div>\n<\/div>\n<\/div><figcaption class=\"py-8\"><span class=\"text-body-sm font-secondary\">Impresionantes im\u00e1genes de las inundaciones que arrasaron pueblos en Nepal<\/span><\/figcaption><\/div>\n<div class=\"col-span-8 md:col-span-10 md:col-start-2 xl:col-span-8 xl:col-start-5 max-w-550 md:max-w-635 mb-16\">\n<p class=\"ds-custom-paragraph font-tertiary text-20 leading-[150%] tracking-[-0.1px] text-left\">Expertos clim\u00e1ticos del Centro Internacional para el Desarrollo Integrado de las Monta\u00f1as, con sede en Katmand\u00fa, se\u00f1alaron que las inundaciones repentinas pudieron tener su origen en una <strong>avalancha procedente de un glaciar. <\/strong><\/p>\n<\/div>\n<div class=\"col-span-8 md:col-span-10 md:col-start-2 xl:col-span-8 xl:col-start-5 max-w-550 md:max-w-635 mb-16\">\n<p class=\"ds-custom-paragraph font-tertiary text-20 leading-[150%] tracking-[-0.1px] text-left\">El r\u00edo Lhende Khola, un afluente del r\u00edo Bhotekoshi, registr\u00f3 su m\u00e1ximo nivel de crecida el mi\u00e9rcoles, se\u00f1alaron. <\/p>\n<\/div>\n<\/div>\n<p><script id=\"facebookpixel\" defer=\"\" type=\"text\/javascript\">\n        !function(f,b,e,v,n,t,s)\n        {if(f.fbq)return;n=f.fbq=function(){n.callMethod?\n        n.callMethod.apply(n,arguments):n.queue.push(arguments)};\n        if(!f._fbq)f._fbq=n;n.push=n;n.loaded=!0;n.version='2.0';\n        n.queue=[];t=b.createElement(e);t.async=!0;\n        t.src=v;s=b.getElementsByTagName(e)[0];\n        s.parentNode.insertBefore(t,s)}(window, document,'script',\n        'https:\/\/connect.facebook.net\/en_US\/fbevents.js');\n        fbq('init', '492459597522335');\n        fbq('track', 'PageView');\n    <\/script><br \/>\n<br \/><\/p>\n","protected":false},"excerpt":{"rendered":"<p>26 de agosto de 202611:433&#8216;minutos de lectura UDIN DHUNGA.\u2014 Nepal atraviesa por estas horas momentos de extrema gravedad y de desesperaci\u00f3n luego de que se desataran inundaciones masivas causadas, aparentemente, por un deslizamiento de tierra en una zona fronteriza con China, en la regi\u00f3n vecina del T\u00edbet. Hasta el momento, las autoridades confirmaron al menos [&hellip;]<\/p>\n","protected":false},"author":2,"featured_media":209601,"comment_status":"closed","ping_status":"closed","sticky":false,"template":"","format":"standard","meta":{"footnotes":""},"categories":[26],"tags":[],"class_list":["post-209600","post","type-post","status-publish","format-standard","has-post-thumbnail","hentry","category-internacionales"],"yoast_head":"<!-- This site is optimized with the Yoast SEO plugin v24.4 - https:\/\/yoast.com\/wordpress\/plugins\/seo\/ -->\n<title>Las im\u00e1genes m\u00e1s impresionantes de la avalancha y las inundaciones en Nepal - GYS NOTICIAS |<\/title>\n<meta name=\"robots\" content=\"index, follow, max-snippet:-1, max-image-preview:large, max-video-preview:-1\" \/>\n<link rel=\"canonical\" href=\"https:\/\/gysfm.com.ar\/inicio\/las-imagenes-mas-impresionantes-de-la-avalancha-y-las-inundaciones-en-nepal\/\" \/>\n<meta property=\"og:locale\" content=\"es_ES\" \/>\n<meta property=\"og:type\" content=\"article\" \/>\n<meta property=\"og:title\" content=\"Las im\u00e1genes m\u00e1s impresionantes de la avalancha y las inundaciones en Nepal - GYS NOTICIAS |\" \/>\n<meta property=\"og:description\" content=\"26 de agosto de 202611:433&#8216;minutos de lectura UDIN DHUNGA.\u2014 Nepal atraviesa por estas horas momentos de extrema gravedad y de desesperaci\u00f3n luego de que se desataran inundaciones masivas causadas, aparentemente, por un deslizamiento de tierra en una zona fronteriza con China, en la regi\u00f3n vecina del T\u00edbet. Hasta el momento, las autoridades confirmaron al menos [&hellip;]\" \/>\n<meta property=\"og:url\" content=\"https:\/\/gysfm.com.ar\/inicio\/las-imagenes-mas-impresionantes-de-la-avalancha-y-las-inundaciones-en-nepal\/\" \/>\n<meta property=\"og:site_name\" content=\"GYS NOTICIAS |\" \/>\n<meta property=\"article:published_time\" content=\"2026-08-28T00:02:45+00:00\" \/>\n<meta property=\"article:modified_time\" content=\"2026-08-28T00:02:52+00:00\" \/>\n<meta property=\"og:image\" content=\"https:\/\/gysfm.com.ar\/inicio\/wp-content\/uploads\/2026\/08\/las-imagenes-mas-impresionantes-de-las-CL3LIQXQANHYDAVKGUVDE7GMSQ.jpg\" \/>\n\t<meta property=\"og:image:width\" content=\"1200\" \/>\n\t<meta property=\"og:image:height\" content=\"675\" \/>\n\t<meta property=\"og:image:type\" content=\"image\/jpeg\" \/>\n<meta name=\"author\" content=\"Prensa G&amp;S FM\" \/>\n<meta name=\"twitter:card\" content=\"summary_large_image\" \/>\n<meta name=\"twitter:label1\" content=\"Escrito por\" \/>\n\t<meta name=\"twitter:data1\" content=\"Prensa G&amp;S FM\" \/>\n\t<meta name=\"twitter:label2\" content=\"Tiempo de lectura\" \/>\n\t<meta name=\"twitter:data2\" content=\"3 minutos\" \/>\n<script type=\"application\/ld+json\" class=\"yoast-schema-graph\">{\"@context\":\"https:\/\/schema.org\",\"@graph\":[{\"@type\":\"Article\",\"@id\":\"https:\/\/gysfm.com.ar\/inicio\/las-imagenes-mas-impresionantes-de-la-avalancha-y-las-inundaciones-en-nepal\/#article\",\"isPartOf\":{\"@id\":\"https:\/\/gysfm.com.ar\/inicio\/las-imagenes-mas-impresionantes-de-la-avalancha-y-las-inundaciones-en-nepal\/\"},\"author\":{\"name\":\"Prensa G&amp;S FM\",\"@id\":\"https:\/\/gysfm.com.ar\/inicio\/#\/schema\/person\/3abba7593ef2ad19e1be221d54383dc5\"},\"headline\":\"Las im\u00e1genes m\u00e1s impresionantes de la avalancha y las inundaciones en Nepal\",\"datePublished\":\"2026-08-28T00:02:45+00:00\",\"dateModified\":\"2026-08-28T00:02:52+00:00\",\"mainEntityOfPage\":{\"@id\":\"https:\/\/gysfm.com.ar\/inicio\/las-imagenes-mas-impresionantes-de-la-avalancha-y-las-inundaciones-en-nepal\/\"},\"wordCount\":550,\"publisher\":{\"@id\":\"https:\/\/gysfm.com.ar\/inicio\/#organization\"},\"image\":{\"@id\":\"https:\/\/gysfm.com.ar\/inicio\/las-imagenes-mas-impresionantes-de-la-avalancha-y-las-inundaciones-en-nepal\/#primaryimage\"},\"thumbnailUrl\":\"https:\/\/gysfm.com.ar\/inicio\/wp-content\/uploads\/2026\/08\/las-imagenes-mas-impresionantes-de-las-CL3LIQXQANHYDAVKGUVDE7GMSQ.jpg\",\"articleSection\":[\"INTERNACIONALES\"],\"inLanguage\":\"es\"},{\"@type\":\"WebPage\",\"@id\":\"https:\/\/gysfm.com.ar\/inicio\/las-imagenes-mas-impresionantes-de-la-avalancha-y-las-inundaciones-en-nepal\/\",\"url\":\"https:\/\/gysfm.com.ar\/inicio\/las-imagenes-mas-impresionantes-de-la-avalancha-y-las-inundaciones-en-nepal\/\",\"name\":\"Las im\u00e1genes m\u00e1s impresionantes de la avalancha y las inundaciones en Nepal - GYS NOTICIAS |\",\"isPartOf\":{\"@id\":\"https:\/\/gysfm.com.ar\/inicio\/#website\"},\"primaryImageOfPage\":{\"@id\":\"https:\/\/gysfm.com.ar\/inicio\/las-imagenes-mas-impresionantes-de-la-avalancha-y-las-inundaciones-en-nepal\/#primaryimage\"},\"image\":{\"@id\":\"https:\/\/gysfm.com.ar\/inicio\/las-imagenes-mas-impresionantes-de-la-avalancha-y-las-inundaciones-en-nepal\/#primaryimage\"},\"thumbnailUrl\":\"https:\/\/gysfm.com.ar\/inicio\/wp-content\/uploads\/2026\/08\/las-imagenes-mas-impresionantes-de-las-CL3LIQXQANHYDAVKGUVDE7GMSQ.jpg\",\"datePublished\":\"2026-08-28T00:02:45+00:00\",\"dateModified\":\"2026-08-28T00:02:52+00:00\",\"breadcrumb\":{\"@id\":\"https:\/\/gysfm.com.ar\/inicio\/las-imagenes-mas-impresionantes-de-la-avalancha-y-las-inundaciones-en-nepal\/#breadcrumb\"},\"inLanguage\":\"es\",\"potentialAction\":[{\"@type\":\"ReadAction\",\"target\":[\"https:\/\/gysfm.com.ar\/inicio\/las-imagenes-mas-impresionantes-de-la-avalancha-y-las-inundaciones-en-nepal\/\"]}]},{\"@type\":\"ImageObject\",\"inLanguage\":\"es\",\"@id\":\"https:\/\/gysfm.com.ar\/inicio\/las-imagenes-mas-impresionantes-de-la-avalancha-y-las-inundaciones-en-nepal\/#primaryimage\",\"url\":\"https:\/\/gysfm.com.ar\/inicio\/wp-content\/uploads\/2026\/08\/las-imagenes-mas-impresionantes-de-las-CL3LIQXQANHYDAVKGUVDE7GMSQ.jpg\",\"contentUrl\":\"https:\/\/gysfm.com.ar\/inicio\/wp-content\/uploads\/2026\/08\/las-imagenes-mas-impresionantes-de-las-CL3LIQXQANHYDAVKGUVDE7GMSQ.jpg\",\"width\":1200,\"height\":675},{\"@type\":\"BreadcrumbList\",\"@id\":\"https:\/\/gysfm.com.ar\/inicio\/las-imagenes-mas-impresionantes-de-la-avalancha-y-las-inundaciones-en-nepal\/#breadcrumb\",\"itemListElement\":[{\"@type\":\"ListItem\",\"position\":1,\"name\":\"Portada\",\"item\":\"https:\/\/gysfm.com.ar\/inicio\/\"},{\"@type\":\"ListItem\",\"position\":2,\"name\":\"Las im\u00e1genes m\u00e1s impresionantes de la avalancha y las inundaciones en Nepal\"}]},{\"@type\":\"WebSite\",\"@id\":\"https:\/\/gysfm.com.ar\/inicio\/#website\",\"url\":\"https:\/\/gysfm.com.ar\/inicio\/\",\"name\":\"GYS NOTICIAS |\",\"description\":\"DIARIO - RADIO ONLINE SAN JUAN ARGENTINA\",\"publisher\":{\"@id\":\"https:\/\/gysfm.com.ar\/inicio\/#organization\"},\"potentialAction\":[{\"@type\":\"SearchAction\",\"target\":{\"@type\":\"EntryPoint\",\"urlTemplate\":\"https:\/\/gysfm.com.ar\/inicio\/?s={search_term_string}\"},\"query-input\":{\"@type\":\"PropertyValueSpecification\",\"valueRequired\":true,\"valueName\":\"search_term_string\"}}],\"inLanguage\":\"es\"},{\"@type\":\"Organization\",\"@id\":\"https:\/\/gysfm.com.ar\/inicio\/#organization\",\"name\":\"GYS NOTICIAS |\",\"url\":\"https:\/\/gysfm.com.ar\/inicio\/\",\"logo\":{\"@type\":\"ImageObject\",\"inLanguage\":\"es\",\"@id\":\"https:\/\/gysfm.com.ar\/inicio\/#\/schema\/logo\/image\/\",\"url\":\"https:\/\/gysfm.com.ar\/inicio\/wp-content\/uploads\/2023\/07\/LOGOGYS-OK.png\",\"contentUrl\":\"https:\/\/gysfm.com.ar\/inicio\/wp-content\/uploads\/2023\/07\/LOGOGYS-OK.png\",\"width\":1170,\"height\":872,\"caption\":\"GYS NOTICIAS |\"},\"image\":{\"@id\":\"https:\/\/gysfm.com.ar\/inicio\/#\/schema\/logo\/image\/\"}},{\"@type\":\"Person\",\"@id\":\"https:\/\/gysfm.com.ar\/inicio\/#\/schema\/person\/3abba7593ef2ad19e1be221d54383dc5\",\"name\":\"Prensa G&amp;S FM\",\"image\":{\"@type\":\"ImageObject\",\"inLanguage\":\"es\",\"@id\":\"https:\/\/gysfm.com.ar\/inicio\/#\/schema\/person\/image\/\",\"url\":\"https:\/\/secure.gravatar.com\/avatar\/096ec78df02049ab018702bb4ccedf659377fa92a26540b5247612077a0dbd29?s=96&d=mm&r=g\",\"contentUrl\":\"https:\/\/secure.gravatar.com\/avatar\/096ec78df02049ab018702bb4ccedf659377fa92a26540b5247612077a0dbd29?s=96&d=mm&r=g\",\"caption\":\"Prensa G&amp;S FM\"},\"sameAs\":[\"https:\/\/gysfm.com.ar\/\"],\"url\":\"https:\/\/gysfm.com.ar\/inicio\/author\/lucasm\/\"}]}<\/script>\n<!-- \/ Yoast SEO plugin. -->","yoast_head_json":{"title":"Las im\u00e1genes m\u00e1s impresionantes de la avalancha y las inundaciones en Nepal - GYS NOTICIAS |","robots":{"index":"index","follow":"follow","max-snippet":"max-snippet:-1","max-image-preview":"max-image-preview:large","max-video-preview":"max-video-preview:-1"},"canonical":"https:\/\/gysfm.com.ar\/inicio\/las-imagenes-mas-impresionantes-de-la-avalancha-y-las-inundaciones-en-nepal\/","og_locale":"es_ES","og_type":"article","og_title":"Las im\u00e1genes m\u00e1s impresionantes de la avalancha y las inundaciones en Nepal - GYS NOTICIAS |","og_description":"26 de agosto de 202611:433&#8216;minutos de lectura UDIN DHUNGA.\u2014 Nepal atraviesa por estas horas momentos de extrema gravedad y de desesperaci\u00f3n luego de que se desataran inundaciones masivas causadas, aparentemente, por un deslizamiento de tierra en una zona fronteriza con China, en la regi\u00f3n vecina del T\u00edbet. Hasta el momento, las autoridades confirmaron al menos [&hellip;]","og_url":"https:\/\/gysfm.com.ar\/inicio\/las-imagenes-mas-impresionantes-de-la-avalancha-y-las-inundaciones-en-nepal\/","og_site_name":"GYS NOTICIAS |","article_published_time":"2026-08-28T00:02:45+00:00","article_modified_time":"2026-08-28T00:02:52+00:00","og_image":[{"width":1200,"height":675,"url":"https:\/\/gysfm.com.ar\/inicio\/wp-content\/uploads\/2026\/08\/las-imagenes-mas-impresionantes-de-las-CL3LIQXQANHYDAVKGUVDE7GMSQ.jpg","type":"image\/jpeg"}],"author":"Prensa G&amp;S FM","twitter_card":"summary_large_image","twitter_misc":{"Escrito por":"Prensa G&amp;S FM","Tiempo de lectura":"3 minutos"},"schema":{"@context":"https:\/\/schema.org","@graph":[{"@type":"Article","@id":"https:\/\/gysfm.com.ar\/inicio\/las-imagenes-mas-impresionantes-de-la-avalancha-y-las-inundaciones-en-nepal\/#article","isPartOf":{"@id":"https:\/\/gysfm.com.ar\/inicio\/las-imagenes-mas-impresionantes-de-la-avalancha-y-las-inundaciones-en-nepal\/"},"author":{"name":"Prensa G&amp;S FM","@id":"https:\/\/gysfm.com.ar\/inicio\/#\/schema\/person\/3abba7593ef2ad19e1be221d54383dc5"},"headline":"Las im\u00e1genes m\u00e1s impresionantes de la avalancha y las inundaciones en Nepal","datePublished":"2026-08-28T00:02:45+00:00","dateModified":"2026-08-28T00:02:52+00:00","mainEntityOfPage":{"@id":"https:\/\/gysfm.com.ar\/inicio\/las-imagenes-mas-impresionantes-de-la-avalancha-y-las-inundaciones-en-nepal\/"},"wordCount":550,"publisher":{"@id":"https:\/\/gysfm.com.ar\/inicio\/#organization"},"image":{"@id":"https:\/\/gysfm.com.ar\/inicio\/las-imagenes-mas-impresionantes-de-la-avalancha-y-las-inundaciones-en-nepal\/#primaryimage"},"thumbnailUrl":"https:\/\/gysfm.com.ar\/inicio\/wp-content\/uploads\/2026\/08\/las-imagenes-mas-impresionantes-de-las-CL3LIQXQANHYDAVKGUVDE7GMSQ.jpg","articleSection":["INTERNACIONALES"],"inLanguage":"es"},{"@type":"WebPage","@id":"https:\/\/gysfm.com.ar\/inicio\/las-imagenes-mas-impresionantes-de-la-avalancha-y-las-inundaciones-en-nepal\/","url":"https:\/\/gysfm.com.ar\/inicio\/las-imagenes-mas-impresionantes-de-la-avalancha-y-las-inundaciones-en-nepal\/","name":"Las im\u00e1genes m\u00e1s impresionantes de la avalancha y las inundaciones en Nepal - GYS NOTICIAS |","isPartOf":{"@id":"https:\/\/gysfm.com.ar\/inicio\/#website"},"primaryImageOfPage":{"@id":"https:\/\/gysfm.com.ar\/inicio\/las-imagenes-mas-impresionantes-de-la-avalancha-y-las-inundaciones-en-nepal\/#primaryimage"},"image":{"@id":"https:\/\/gysfm.com.ar\/inicio\/las-imagenes-mas-impresionantes-de-la-avalancha-y-las-inundaciones-en-nepal\/#primaryimage"},"thumbnailUrl":"https:\/\/gysfm.com.ar\/inicio\/wp-content\/uploads\/2026\/08\/las-imagenes-mas-impresionantes-de-las-CL3LIQXQANHYDAVKGUVDE7GMSQ.jpg","datePublished":"2026-08-28T00:02:45+00:00","dateModified":"2026-08-28T00:02:52+00:00","breadcrumb":{"@id":"https:\/\/gysfm.com.ar\/inicio\/las-imagenes-mas-impresionantes-de-la-avalancha-y-las-inundaciones-en-nepal\/#breadcrumb"},"inLanguage":"es","potentialAction":[{"@type":"ReadAction","target":["https:\/\/gysfm.com.ar\/inicio\/las-imagenes-mas-impresionantes-de-la-avalancha-y-las-inundaciones-en-nepal\/"]}]},{"@type":"ImageObject","inLanguage":"es","@id":"https:\/\/gysfm.com.ar\/inicio\/las-imagenes-mas-impresionantes-de-la-avalancha-y-las-inundaciones-en-nepal\/#primaryimage","url":"https:\/\/gysfm.com.ar\/inicio\/wp-content\/uploads\/2026\/08\/las-imagenes-mas-impresionantes-de-las-CL3LIQXQANHYDAVKGUVDE7GMSQ.jpg","contentUrl":"https:\/\/gysfm.com.ar\/inicio\/wp-content\/uploads\/2026\/08\/las-imagenes-mas-impresionantes-de-las-CL3LIQXQANHYDAVKGUVDE7GMSQ.jpg","width":1200,"height":675},{"@type":"BreadcrumbList","@id":"https:\/\/gysfm.com.ar\/inicio\/las-imagenes-mas-impresionantes-de-la-avalancha-y-las-inundaciones-en-nepal\/#breadcrumb","itemListElement":[{"@type":"ListItem","position":1,"name":"Portada","item":"https:\/\/gysfm.com.ar\/inicio\/"},{"@type":"ListItem","position":2,"name":"Las im\u00e1genes m\u00e1s impresionantes de la avalancha y las inundaciones en Nepal"}]},{"@type":"WebSite","@id":"https:\/\/gysfm.com.ar\/inicio\/#website","url":"https:\/\/gysfm.com.ar\/inicio\/","name":"GYS NOTICIAS |","description":"DIARIO - RADIO ONLINE SAN JUAN ARGENTINA","publisher":{"@id":"https:\/\/gysfm.com.ar\/inicio\/#organization"},"potentialAction":[{"@type":"SearchAction","target":{"@type":"EntryPoint","urlTemplate":"https:\/\/gysfm.com.ar\/inicio\/?s={search_term_string}"},"query-input":{"@type":"PropertyValueSpecification","valueRequired":true,"valueName":"search_term_string"}}],"inLanguage":"es"},{"@type":"Organization","@id":"https:\/\/gysfm.com.ar\/inicio\/#organization","name":"GYS NOTICIAS |","url":"https:\/\/gysfm.com.ar\/inicio\/","logo":{"@type":"ImageObject","inLanguage":"es","@id":"https:\/\/gysfm.com.ar\/inicio\/#\/schema\/logo\/image\/","url":"https:\/\/gysfm.com.ar\/inicio\/wp-content\/uploads\/2023\/07\/LOGOGYS-OK.png","contentUrl":"https:\/\/gysfm.com.ar\/inicio\/wp-content\/uploads\/2023\/07\/LOGOGYS-OK.png","width":1170,"height":872,"caption":"GYS NOTICIAS |"},"image":{"@id":"https:\/\/gysfm.com.ar\/inicio\/#\/schema\/logo\/image\/"}},{"@type":"Person","@id":"https:\/\/gysfm.com.ar\/inicio\/#\/schema\/person\/3abba7593ef2ad19e1be221d54383dc5","name":"Prensa G&amp;S FM","image":{"@type":"ImageObject","inLanguage":"es","@id":"https:\/\/gysfm.com.ar\/inicio\/#\/schema\/person\/image\/","url":"https:\/\/secure.gravatar.com\/avatar\/096ec78df02049ab018702bb4ccedf659377fa92a26540b5247612077a0dbd29?s=96&d=mm&r=g","contentUrl":"https:\/\/secure.gravatar.com\/avatar\/096ec78df02049ab018702bb4ccedf659377fa92a26540b5247612077a0dbd29?s=96&d=mm&r=g","caption":"Prensa G&amp;S FM"},"sameAs":["https:\/\/gysfm.com.ar\/"],"url":"https:\/\/gysfm.com.ar\/inicio\/author\/lucasm\/"}]}},"_links":{"self":[{"href":"https:\/\/gysfm.com.ar\/inicio\/wp-json\/wp\/v2\/posts\/209600","targetHints":{"allow":["GET"]}}],"collection":[{"href":"https:\/\/gysfm.com.ar\/inicio\/wp-json\/wp\/v2\/posts"}],"about":[{"href":"https:\/\/gysfm.com.ar\/inicio\/wp-json\/wp\/v2\/types\/post"}],"author":[{"embeddable":true,"href":"https:\/\/gysfm.com.ar\/inicio\/wp-json\/wp\/v2\/users\/2"}],"replies":[{"embeddable":true,"href":"https:\/\/gysfm.com.ar\/inicio\/wp-json\/wp\/v2\/comments?post=209600"}],"version-history":[{"count":1,"href":"https:\/\/gysfm.com.ar\/inicio\/wp-json\/wp\/v2\/posts\/209600\/revisions"}],"predecessor-version":[{"id":209602,"href":"https:\/\/gysfm.com.ar\/inicio\/wp-json\/wp\/v2\/posts\/209600\/revisions\/209602"}],"wp:featuredmedia":[{"embeddable":true,"href":"https:\/\/gysfm.com.ar\/inicio\/wp-json\/wp\/v2\/media\/209601"}],"wp:attachment":[{"href":"https:\/\/gysfm.com.ar\/inicio\/wp-json\/wp\/v2\/media?parent=209600"}],"wp:term":[{"taxonomy":"category","embeddable":true,"href":"https:\/\/gysfm.com.ar\/inicio\/wp-json\/wp\/v2\/categories?post=209600"},{"taxonomy":"post_tag","embeddable":true,"href":"https:\/\/gysfm.com.ar\/inicio\/wp-json\/wp\/v2\/tags?post=209600"}],"curies":[{"name":"wp","href":"https:\/\/api.w.org\/{rel}","templated":true}]}}