{"id":209599,"date":"2026-08-27T20:31:46","date_gmt":"2026-08-27T23:31:46","guid":{"rendered":"https:\/\/gysfm.com.ar\/inicio\/el-litio-se-metio-por-primera-vez-y-el-rubro-automotriz-salio-del-podio\/"},"modified":"2026-08-27T20:31:46","modified_gmt":"2026-08-27T23:31:46","slug":"el-litio-se-metio-por-primera-vez-y-el-rubro-automotriz-salio-del-podio","status":"publish","type":"post","link":"https:\/\/gysfm.com.ar\/inicio\/el-litio-se-metio-por-primera-vez-y-el-rubro-automotriz-salio-del-podio\/","title":{"rendered":"el litio se meti\u00f3 por primera vez y el rubro automotriz sali\u00f3 del podio"},"content":{"rendered":"<p> <br \/>\n<\/p>\n<div>\t\t<!-- { REGION4 --> <\/p>\n<header class=\"news-headline\">\n<div class=\"news-headline__topics-and-date-wrapper\">    <span class=\"news-headline__publication-date\"> 27 de agosto 2026 &#8211; 20:29<br \/>\n            <\/span><\/div>\n<h2 class=\"news-headline__article-summary\"\/>\n<p id=\"p-1787869520384-77590\" class=\"ignore-parser\"> Los datos del INDEC volvieron a mostrar al complejo sojero como la principal fuente de divisas en materia de comercio exterior. Sin embargo, el complejo petrolero ya le pisa los talones.<\/p>\n<\/header>\n<article class=\"article-body article-body--first-paragraph\" data-td-script-src=\"https:\/\/www.ambito.com\/td\/modulos\/encuestas\/js\/function-embeds-min-version-1787803691.js\">\n<p id=\"p-1787869520382-59639\">El <strong>ranking de exportaciones por complejo<\/strong> experiment\u00f3 algunos cambios novedosos en el <strong>primer semestre de 2026<\/strong>. Mientras se recort\u00f3 la brecha entre la soja y el sector energ\u00e9tico, el ma\u00edz desplaz\u00f3 al sector automotriz del podio y el litio ingres\u00f3 por primera vez en el Top 10.<\/p>\n<\/article>\n<section class=\"suscription-false printed-edition\" style=\"display:none\">\n<p> El contenido al que quiere acceder es exclusivo para suscriptores.<\/p>\n<p>  <span> <button type=\"button\" name=\"button\" class=\"subscribe-btn mercadopago-btn\">suscribirse<\/button><\/span>  <span class=\"btns\"><button type=\"button\" name=\"button\" class=\"subscribe-btn reload-login\"> ya estoy suscripto<\/button><\/span>  <\/p>\n<\/section>\n<article class=\"article-body article-body--second-paragraph\">\n<p id=\"p-1787869794866-85841\">Seg\u00fan datos del <strong>INDEC<\/strong>, el <strong>complejo sojero <\/strong>volvi\u00f3 a ser la principal fuente de divisas del comercio exterior en la primera mitad del a\u00f1o. Aqu\u00ed las ventas <strong>alcanzaron unos u$s9.082 millones<\/strong>, lo cual implic\u00f3 un incremento del 5,7% respecto del mismo per\u00edodo de 2025.<\/p>\n<\/article>\n<section class=\"related-news\">\t\t<span class=\"related-news__title\">Informate m\u00e1s<\/span>\t\t<\/p>\n<div class=\"row row--eq-height\">\n<div class=\"col-12 col-md-6\">\n<article class=\"news-article news-article--landscape-news news-article--landscape-news\">\n<figure class=\"news-article__figure figure\">\n\t\t\t\t\t\t\t\t\t\t\t<img src=\"https:\/\/media.ambito.com\/p\/6bc4a9db69e3e5dc0bbe1e95997561d3\/adjuntos\/351\/imagenes\/043\/439\/0043439301\/93x52\/smart\/fintech-tecnologia-innovacion.jpg\" decoding=\"async\" fetchpriority=\"low\" loading=\"lazy\" alt=\"Las exportaciones TIC representan un 4,5% del PBI.\u00a0\" title=\"Las exportaciones TIC representan un 4,5% del PBI.\u00a0\" width=\"93\" height=\"52\" class=\"news-article__figure-img figure-img img-fluid\"\/>\t\t<\/figure>\n<\/article><\/div>\n<div class=\"col-12 col-md-6\">\n<article class=\"news-article news-article--landscape-news news-article--landscape-news\">\n<figure class=\"news-article__figure figure\">\n\t\t\t\t\t\t\t\t\t\t\t<img src=\"https:\/\/media.ambito.com\/p\/93ce45abe832cca154b919429af03ac3\/adjuntos\/351\/imagenes\/042\/600\/0042600592\/93x52\/smart\/importaciones-carne.jpeg\" decoding=\"async\" fetchpriority=\"low\" loading=\"lazy\" alt=\"Las exportaciones aumentaron en su facturaci\u00f3n, aunque bajaron en volumen.\u00a0\" title=\"Las exportaciones aumentaron en su facturaci\u00f3n, aunque bajaron en volumen.\u00a0\" width=\"93\" height=\"52\" class=\"news-article__figure-img figure-img img-fluid\"\/>\t\t<\/figure>\n<\/article><\/div>\n<\/div>\n<\/section>\n<article class=\"article-body article-body--third-paragraph\">\n<p id=\"p-1787869940288-76893\"> M\u00e1s del 85% de estas exportaciones fueron explicadas por <strong>harina y residuos de soja<\/strong>, y por aceite de soja, dos productos en los cuales Argentina es el principal exportador del mundo. En cuanto a los principales destinos, resaltaron <strong>India, China, Indonesia, Vietnam y Arabia Saudita<\/strong>.<\/p>\n<\/article>\n<article class=\"article-body article-body--fourth-paragraph\">\n<div contenteditable=\"false\" class=\"embed_cont type_imagen\" id=\"8270653-Libre-1059591379_wrap\">\n<div id=\"8270653-Libre-1059591379_content\" class=\"embed_content\"><img src=\"https:\/\/media.ambito.com\/p\/fe337fad7c3a65aaf7ac986d79480620\/adjuntos\/239\/imagenes\/043\/608\/0043608810\/730x0\/smart\/image.png\" decoding=\"async\" fetchpriority=\"low\" loading=\"lazy\" alt=\"\" title=\"\" width=\"730\" height=\"undefined\" id=\"8270653-Libre-1059591379_embed\"\/><\/div><\/div>\n<p id=\"p-1787870237626-10186\">Sin embargo, el peso de la soja sobre los env\u00edos totales a otros pa\u00edses se redujo contra 2025, del 21,6% al 18,3%. En el segundo lugar se ubic\u00f3 el complejo <strong>petrolero-petroqu\u00edmico<\/strong>, cuya participaci\u00f3n avanz\u00f3 del 14,2% al 16,4%.<\/p>\n<\/article>\n<article class=\"article-body article-body--fifth-paragraph\">\n<p id=\"p-1787870691638-47866\">Las exportaciones energ\u00e9ticas se dispararon 43,7% anual, a <strong>u$s8.116 millones<\/strong>, tanto por efecto precios, debido a la guerra en Medio Oriente, como por el efecto cantidades, derivado de la producci\u00f3n sin techo de Vaca Muerta. El grueso de estas ventas (83,5%) correspondi\u00f3 al <strong>petr\u00f3leo<\/strong>, mientras que m\u00e1s de la mitad se dirigi\u00f3 a tres pa\u00edses: <strong>Estados Unidos, Chile y Brasil.<\/strong><\/p>\n<\/article>\n<article class=\"article-body article-body--remaining-paragraph\">\n<div contenteditable=\"false\" class=\"embed_cont type_imagen\" id=\"8270654-Libre-1183657051_wrap\">\n<div id=\"8270654-Libre-1183657051_content\" class=\"embed_content\"><img src=\"https:\/\/media.ambito.com\/p\/9913c6abc6610c060f81cab92cf89c2d\/adjuntos\/239\/imagenes\/043\/608\/0043608811\/730x0\/smart\/image.png\" decoding=\"async\" fetchpriority=\"low\" loading=\"lazy\" alt=\"\" title=\"\" width=\"730\" height=\"undefined\" id=\"8270654-Libre-1183657051_embed\"\/><\/div><\/div>\n<h2 id=\"p-1787872321716-92342\">El complejo automotriz pierde peso en las exportaciones, mientras el litio se mete al pelot\u00f3n principal<\/h2>\n<p id=\"p-1787870983593-3967\">Asimismo, el complejo <strong>maicero <\/strong>desplaz\u00f3 al <strong>automotriz<\/strong> del tercer lugar del podio. Vale recordar que este \u00faltimo ocupaba el segundo lugar hacia 2023, lo cual refleja una p\u00e9rdida de terreno en la canasta exportadora durante los \u00faltimos a\u00f1os.<\/p>\n<div contenteditable=\"false\" class=\"embed_cont type_imagen\" id=\"8270655-Libre-1779844346_wrap\" style=\"opacity:1;height:auto;\">\n<div id=\"8270655-Libre-1779844346_content\" class=\"embed_content\"><img src=\"https:\/\/media.ambito.com\/p\/f364970053289c9bd1fe6860da2da1b3\/adjuntos\/239\/imagenes\/043\/608\/0043608812\/730x0\/smart\/image.png\" decoding=\"async\" fetchpriority=\"low\" loading=\"lazy\" alt=\"\" title=\"\" width=\"730\" height=\"undefined\" id=\"8270655-Libre-1779844346_embed\"\/><\/div><\/div>\n<p id=\"p-1787871144333-13853\">En el caso del ma\u00edz, el incremento anual fue del 6,9% y los principales destinos fueron <strong>Vietnam, Argelia y Per\u00fa<\/strong>. Por su parte, el aumento en las ventas de la industria automotriz fue del 4,7%; las mismas estuvieron dominadas, como de costumbre, por las pick-ups y tuvieron a <strong>Brasil<\/strong> como punto de llegada primordial, muy por sobre el resto de los pa\u00edses.<\/p>\n<div contenteditable=\"false\" class=\"embed_cont type_imagen\" id=\"8270652-Libre-30342062_wrap\">\n<div id=\"8270652-Libre-30342062_content\" class=\"embed_content\"><img src=\"https:\/\/media.ambito.com\/p\/d113c960c36ddc7dafd27f9d8e03e4ba\/adjuntos\/239\/imagenes\/043\/608\/0043608809\/730x0\/smart\/image.png\" decoding=\"async\" fetchpriority=\"low\" loading=\"lazy\" alt=\"\" title=\"\" width=\"730\" height=\"undefined\" id=\"8270652-Libre-30342062_embed\"\/><\/div><\/div>\n<p id=\"p-1787871506217-40939\">Para el resto del Top 10, la novedad m\u00e1s rimbombante fue el <strong>ingreso en el ranking, por primera vez, del complejo del litio<\/strong>, en detrimento de la cebada, que emigr\u00f3 de este tope privilegiado. Las exportaciones de este mineral estrella, clave para la la transici\u00f3n energ\u00e9tica hacia una mayor electrificaci\u00f3n, se dispararon 186,3% en el primer semestre, hasta los <strong>u$s1.126 millones<\/strong>, y tuvieron a <strong>China <\/strong>como principal demandante.<\/p>\n<p id=\"p-1787871897214-11551\">Adem\u00e1s, resalt\u00f3 una mayor peso sobre el total de las exportaciones de <strong>oro y plata,<\/strong> y de <strong>girasol<\/strong>, mientras que hubo un retroceso en el \u00abshare\u00bb del complejo <strong>pesquero<\/strong>.<\/p>\n<\/article>\n<p>\t\t<!-- REGION4 } --><\/div>\n<p><script>\n!function(f,b,e,v,n,t,s)\n{if(f.fbq)return;n=f.fbq=function(){n.callMethod?\nn.callMethod.apply(n,arguments):n.queue.push(arguments)};\nif(!f._fbq)f._fbq=n;n.push=n;n.loaded=!0;n.version='2.0';\nn.queue=[];t=b.createElement(e);t.async=!0;\nt.src=v;s=b.getElementsByTagName(e)[0];\ns.parentNode.insertBefore(t,s)}(window,document,'script',\n'https:\/\/connect.facebook.net\/en_US\/fbevents.js');\nfbq('init', '2047048335588113');\nfbq('track', 'PageView');\n<\/script><br \/>\n<br \/><\/p>\n","protected":false},"excerpt":{"rendered":"<p>27 de agosto 2026 &#8211; 20:29 Los datos del INDEC volvieron a mostrar al complejo sojero como la principal fuente de divisas en materia de comercio exterior. Sin embargo, el complejo petrolero ya le pisa los talones. El ranking de exportaciones por complejo experiment\u00f3 algunos cambios novedosos en el primer semestre de 2026. Mientras se [&hellip;]<\/p>\n","protected":false},"author":1,"featured_media":177007,"comment_status":"closed","ping_status":"closed","sticky":false,"template":"","format":"standard","meta":{"footnotes":""},"categories":[28],"tags":[],"class_list":["post-209599","post","type-post","status-publish","format-standard","has-post-thumbnail","hentry","category-economia"],"yoast_head":"<!-- This site is optimized with the Yoast SEO plugin v24.4 - https:\/\/yoast.com\/wordpress\/plugins\/seo\/ -->\n<title>el litio se meti\u00f3 por primera vez y el rubro automotriz sali\u00f3 del podio - GYS NOTICIAS |<\/title>\n<meta name=\"robots\" content=\"index, follow, max-snippet:-1, max-image-preview:large, max-video-preview:-1\" \/>\n<link rel=\"canonical\" href=\"https:\/\/gysfm.com.ar\/inicio\/el-litio-se-metio-por-primera-vez-y-el-rubro-automotriz-salio-del-podio\/\" \/>\n<meta property=\"og:locale\" content=\"es_ES\" \/>\n<meta property=\"og:type\" content=\"article\" \/>\n<meta property=\"og:title\" content=\"el litio se meti\u00f3 por primera vez y el rubro automotriz sali\u00f3 del podio - GYS NOTICIAS |\" \/>\n<meta property=\"og:description\" content=\"27 de agosto 2026 &#8211; 20:29 Los datos del INDEC volvieron a mostrar al complejo sojero como la principal fuente de divisas en materia de comercio exterior. Sin embargo, el complejo petrolero ya le pisa los talones. El ranking de exportaciones por complejo experiment\u00f3 algunos cambios novedosos en el primer semestre de 2026. Mientras se [&hellip;]\" \/>\n<meta property=\"og:url\" content=\"https:\/\/gysfm.com.ar\/inicio\/el-litio-se-metio-por-primera-vez-y-el-rubro-automotriz-salio-del-podio\/\" \/>\n<meta property=\"og:site_name\" content=\"GYS NOTICIAS |\" \/>\n<meta property=\"article:published_time\" content=\"2026-08-27T23:31:46+00:00\" \/>\n<meta property=\"og:image\" content=\"https:\/\/media.ambito.com\/p\/6bc4a9db69e3e5dc0bbe1e95997561d3\/adjuntos\/351\/imagenes\/043\/439\/0043439301\/93x52\/smart\/fintech-tecnologia-innovacion.jpg\" \/>\n<meta name=\"author\" content=\"admin\" \/>\n<meta name=\"twitter:card\" content=\"summary_large_image\" \/>\n<meta name=\"twitter:label1\" content=\"Escrito por\" \/>\n\t<meta name=\"twitter:data1\" content=\"admin\" \/>\n\t<meta name=\"twitter:label2\" content=\"Tiempo de lectura\" \/>\n\t<meta name=\"twitter:data2\" content=\"3 minutos\" \/>\n<script type=\"application\/ld+json\" class=\"yoast-schema-graph\">{\"@context\":\"https:\/\/schema.org\",\"@graph\":[{\"@type\":\"Article\",\"@id\":\"https:\/\/gysfm.com.ar\/inicio\/el-litio-se-metio-por-primera-vez-y-el-rubro-automotriz-salio-del-podio\/#article\",\"isPartOf\":{\"@id\":\"https:\/\/gysfm.com.ar\/inicio\/el-litio-se-metio-por-primera-vez-y-el-rubro-automotriz-salio-del-podio\/\"},\"author\":{\"name\":\"admin\",\"@id\":\"https:\/\/gysfm.com.ar\/inicio\/#\/schema\/person\/5bedd7ecd35cc35548d89effafa23696\"},\"headline\":\"el litio se meti\u00f3 por primera vez y el rubro automotriz sali\u00f3 del podio\",\"datePublished\":\"2026-08-27T23:31:46+00:00\",\"mainEntityOfPage\":{\"@id\":\"https:\/\/gysfm.com.ar\/inicio\/el-litio-se-metio-por-primera-vez-y-el-rubro-automotriz-salio-del-podio\/\"},\"wordCount\":525,\"publisher\":{\"@id\":\"https:\/\/gysfm.com.ar\/inicio\/#organization\"},\"image\":{\"@id\":\"https:\/\/gysfm.com.ar\/inicio\/el-litio-se-metio-por-primera-vez-y-el-rubro-automotriz-salio-del-podio\/#primaryimage\"},\"thumbnailUrl\":\"https:\/\/gysfm.com.ar\/inicio\/wp-content\/uploads\/2026\/01\/litio-va.jpg\",\"articleSection\":[\"ECONOMIA\"],\"inLanguage\":\"es\"},{\"@type\":\"WebPage\",\"@id\":\"https:\/\/gysfm.com.ar\/inicio\/el-litio-se-metio-por-primera-vez-y-el-rubro-automotriz-salio-del-podio\/\",\"url\":\"https:\/\/gysfm.com.ar\/inicio\/el-litio-se-metio-por-primera-vez-y-el-rubro-automotriz-salio-del-podio\/\",\"name\":\"el litio se meti\u00f3 por primera vez y el rubro automotriz sali\u00f3 del podio - GYS NOTICIAS |\",\"isPartOf\":{\"@id\":\"https:\/\/gysfm.com.ar\/inicio\/#website\"},\"primaryImageOfPage\":{\"@id\":\"https:\/\/gysfm.com.ar\/inicio\/el-litio-se-metio-por-primera-vez-y-el-rubro-automotriz-salio-del-podio\/#primaryimage\"},\"image\":{\"@id\":\"https:\/\/gysfm.com.ar\/inicio\/el-litio-se-metio-por-primera-vez-y-el-rubro-automotriz-salio-del-podio\/#primaryimage\"},\"thumbnailUrl\":\"https:\/\/gysfm.com.ar\/inicio\/wp-content\/uploads\/2026\/01\/litio-va.jpg\",\"datePublished\":\"2026-08-27T23:31:46+00:00\",\"breadcrumb\":{\"@id\":\"https:\/\/gysfm.com.ar\/inicio\/el-litio-se-metio-por-primera-vez-y-el-rubro-automotriz-salio-del-podio\/#breadcrumb\"},\"inLanguage\":\"es\",\"potentialAction\":[{\"@type\":\"ReadAction\",\"target\":[\"https:\/\/gysfm.com.ar\/inicio\/el-litio-se-metio-por-primera-vez-y-el-rubro-automotriz-salio-del-podio\/\"]}]},{\"@type\":\"ImageObject\",\"inLanguage\":\"es\",\"@id\":\"https:\/\/gysfm.com.ar\/inicio\/el-litio-se-metio-por-primera-vez-y-el-rubro-automotriz-salio-del-podio\/#primaryimage\",\"url\":\"https:\/\/gysfm.com.ar\/inicio\/wp-content\/uploads\/2026\/01\/litio-va.jpg\",\"contentUrl\":\"https:\/\/gysfm.com.ar\/inicio\/wp-content\/uploads\/2026\/01\/litio-va.jpg\",\"width\":1200,\"height\":675},{\"@type\":\"BreadcrumbList\",\"@id\":\"https:\/\/gysfm.com.ar\/inicio\/el-litio-se-metio-por-primera-vez-y-el-rubro-automotriz-salio-del-podio\/#breadcrumb\",\"itemListElement\":[{\"@type\":\"ListItem\",\"position\":1,\"name\":\"Portada\",\"item\":\"https:\/\/gysfm.com.ar\/inicio\/\"},{\"@type\":\"ListItem\",\"position\":2,\"name\":\"el litio se meti\u00f3 por primera vez y el rubro automotriz sali\u00f3 del podio\"}]},{\"@type\":\"WebSite\",\"@id\":\"https:\/\/gysfm.com.ar\/inicio\/#website\",\"url\":\"https:\/\/gysfm.com.ar\/inicio\/\",\"name\":\"GYS NOTICIAS |\",\"description\":\"DIARIO - RADIO ONLINE SAN JUAN ARGENTINA\",\"publisher\":{\"@id\":\"https:\/\/gysfm.com.ar\/inicio\/#organization\"},\"potentialAction\":[{\"@type\":\"SearchAction\",\"target\":{\"@type\":\"EntryPoint\",\"urlTemplate\":\"https:\/\/gysfm.com.ar\/inicio\/?s={search_term_string}\"},\"query-input\":{\"@type\":\"PropertyValueSpecification\",\"valueRequired\":true,\"valueName\":\"search_term_string\"}}],\"inLanguage\":\"es\"},{\"@type\":\"Organization\",\"@id\":\"https:\/\/gysfm.com.ar\/inicio\/#organization\",\"name\":\"GYS NOTICIAS |\",\"url\":\"https:\/\/gysfm.com.ar\/inicio\/\",\"logo\":{\"@type\":\"ImageObject\",\"inLanguage\":\"es\",\"@id\":\"https:\/\/gysfm.com.ar\/inicio\/#\/schema\/logo\/image\/\",\"url\":\"https:\/\/gysfm.com.ar\/inicio\/wp-content\/uploads\/2023\/07\/LOGOGYS-OK.png\",\"contentUrl\":\"https:\/\/gysfm.com.ar\/inicio\/wp-content\/uploads\/2023\/07\/LOGOGYS-OK.png\",\"width\":1170,\"height\":872,\"caption\":\"GYS NOTICIAS |\"},\"image\":{\"@id\":\"https:\/\/gysfm.com.ar\/inicio\/#\/schema\/logo\/image\/\"}},{\"@type\":\"Person\",\"@id\":\"https:\/\/gysfm.com.ar\/inicio\/#\/schema\/person\/5bedd7ecd35cc35548d89effafa23696\",\"name\":\"admin\",\"image\":{\"@type\":\"ImageObject\",\"inLanguage\":\"es\",\"@id\":\"https:\/\/gysfm.com.ar\/inicio\/#\/schema\/person\/image\/\",\"url\":\"https:\/\/secure.gravatar.com\/avatar\/c331d312b5243fb64d5ba28108a447b27c925295129a363082c9ea52c28d32c2?s=96&d=mm&r=g\",\"contentUrl\":\"https:\/\/secure.gravatar.com\/avatar\/c331d312b5243fb64d5ba28108a447b27c925295129a363082c9ea52c28d32c2?s=96&d=mm&r=g\",\"caption\":\"admin\"},\"sameAs\":[\"https:\/\/gysfm.com.ar\/inicio\"],\"url\":\"https:\/\/gysfm.com.ar\/inicio\/author\/admin\/\"}]}<\/script>\n<!-- \/ Yoast SEO plugin. -->","yoast_head_json":{"title":"el litio se meti\u00f3 por primera vez y el rubro automotriz sali\u00f3 del podio - GYS NOTICIAS |","robots":{"index":"index","follow":"follow","max-snippet":"max-snippet:-1","max-image-preview":"max-image-preview:large","max-video-preview":"max-video-preview:-1"},"canonical":"https:\/\/gysfm.com.ar\/inicio\/el-litio-se-metio-por-primera-vez-y-el-rubro-automotriz-salio-del-podio\/","og_locale":"es_ES","og_type":"article","og_title":"el litio se meti\u00f3 por primera vez y el rubro automotriz sali\u00f3 del podio - GYS NOTICIAS |","og_description":"27 de agosto 2026 &#8211; 20:29 Los datos del INDEC volvieron a mostrar al complejo sojero como la principal fuente de divisas en materia de comercio exterior. Sin embargo, el complejo petrolero ya le pisa los talones. El ranking de exportaciones por complejo experiment\u00f3 algunos cambios novedosos en el primer semestre de 2026. Mientras se [&hellip;]","og_url":"https:\/\/gysfm.com.ar\/inicio\/el-litio-se-metio-por-primera-vez-y-el-rubro-automotriz-salio-del-podio\/","og_site_name":"GYS NOTICIAS |","article_published_time":"2026-08-27T23:31:46+00:00","og_image":[{"url":"https:\/\/media.ambito.com\/p\/6bc4a9db69e3e5dc0bbe1e95997561d3\/adjuntos\/351\/imagenes\/043\/439\/0043439301\/93x52\/smart\/fintech-tecnologia-innovacion.jpg","type":"","width":"","height":""}],"author":"admin","twitter_card":"summary_large_image","twitter_misc":{"Escrito por":"admin","Tiempo de lectura":"3 minutos"},"schema":{"@context":"https:\/\/schema.org","@graph":[{"@type":"Article","@id":"https:\/\/gysfm.com.ar\/inicio\/el-litio-se-metio-por-primera-vez-y-el-rubro-automotriz-salio-del-podio\/#article","isPartOf":{"@id":"https:\/\/gysfm.com.ar\/inicio\/el-litio-se-metio-por-primera-vez-y-el-rubro-automotriz-salio-del-podio\/"},"author":{"name":"admin","@id":"https:\/\/gysfm.com.ar\/inicio\/#\/schema\/person\/5bedd7ecd35cc35548d89effafa23696"},"headline":"el litio se meti\u00f3 por primera vez y el rubro automotriz sali\u00f3 del podio","datePublished":"2026-08-27T23:31:46+00:00","mainEntityOfPage":{"@id":"https:\/\/gysfm.com.ar\/inicio\/el-litio-se-metio-por-primera-vez-y-el-rubro-automotriz-salio-del-podio\/"},"wordCount":525,"publisher":{"@id":"https:\/\/gysfm.com.ar\/inicio\/#organization"},"image":{"@id":"https:\/\/gysfm.com.ar\/inicio\/el-litio-se-metio-por-primera-vez-y-el-rubro-automotriz-salio-del-podio\/#primaryimage"},"thumbnailUrl":"https:\/\/gysfm.com.ar\/inicio\/wp-content\/uploads\/2026\/01\/litio-va.jpg","articleSection":["ECONOMIA"],"inLanguage":"es"},{"@type":"WebPage","@id":"https:\/\/gysfm.com.ar\/inicio\/el-litio-se-metio-por-primera-vez-y-el-rubro-automotriz-salio-del-podio\/","url":"https:\/\/gysfm.com.ar\/inicio\/el-litio-se-metio-por-primera-vez-y-el-rubro-automotriz-salio-del-podio\/","name":"el litio se meti\u00f3 por primera vez y el rubro automotriz sali\u00f3 del podio - GYS NOTICIAS |","isPartOf":{"@id":"https:\/\/gysfm.com.ar\/inicio\/#website"},"primaryImageOfPage":{"@id":"https:\/\/gysfm.com.ar\/inicio\/el-litio-se-metio-por-primera-vez-y-el-rubro-automotriz-salio-del-podio\/#primaryimage"},"image":{"@id":"https:\/\/gysfm.com.ar\/inicio\/el-litio-se-metio-por-primera-vez-y-el-rubro-automotriz-salio-del-podio\/#primaryimage"},"thumbnailUrl":"https:\/\/gysfm.com.ar\/inicio\/wp-content\/uploads\/2026\/01\/litio-va.jpg","datePublished":"2026-08-27T23:31:46+00:00","breadcrumb":{"@id":"https:\/\/gysfm.com.ar\/inicio\/el-litio-se-metio-por-primera-vez-y-el-rubro-automotriz-salio-del-podio\/#breadcrumb"},"inLanguage":"es","potentialAction":[{"@type":"ReadAction","target":["https:\/\/gysfm.com.ar\/inicio\/el-litio-se-metio-por-primera-vez-y-el-rubro-automotriz-salio-del-podio\/"]}]},{"@type":"ImageObject","inLanguage":"es","@id":"https:\/\/gysfm.com.ar\/inicio\/el-litio-se-metio-por-primera-vez-y-el-rubro-automotriz-salio-del-podio\/#primaryimage","url":"https:\/\/gysfm.com.ar\/inicio\/wp-content\/uploads\/2026\/01\/litio-va.jpg","contentUrl":"https:\/\/gysfm.com.ar\/inicio\/wp-content\/uploads\/2026\/01\/litio-va.jpg","width":1200,"height":675},{"@type":"BreadcrumbList","@id":"https:\/\/gysfm.com.ar\/inicio\/el-litio-se-metio-por-primera-vez-y-el-rubro-automotriz-salio-del-podio\/#breadcrumb","itemListElement":[{"@type":"ListItem","position":1,"name":"Portada","item":"https:\/\/gysfm.com.ar\/inicio\/"},{"@type":"ListItem","position":2,"name":"el litio se meti\u00f3 por primera vez y el rubro automotriz sali\u00f3 del podio"}]},{"@type":"WebSite","@id":"https:\/\/gysfm.com.ar\/inicio\/#website","url":"https:\/\/gysfm.com.ar\/inicio\/","name":"GYS NOTICIAS |","description":"DIARIO - RADIO ONLINE SAN JUAN ARGENTINA","publisher":{"@id":"https:\/\/gysfm.com.ar\/inicio\/#organization"},"potentialAction":[{"@type":"SearchAction","target":{"@type":"EntryPoint","urlTemplate":"https:\/\/gysfm.com.ar\/inicio\/?s={search_term_string}"},"query-input":{"@type":"PropertyValueSpecification","valueRequired":true,"valueName":"search_term_string"}}],"inLanguage":"es"},{"@type":"Organization","@id":"https:\/\/gysfm.com.ar\/inicio\/#organization","name":"GYS NOTICIAS |","url":"https:\/\/gysfm.com.ar\/inicio\/","logo":{"@type":"ImageObject","inLanguage":"es","@id":"https:\/\/gysfm.com.ar\/inicio\/#\/schema\/logo\/image\/","url":"https:\/\/gysfm.com.ar\/inicio\/wp-content\/uploads\/2023\/07\/LOGOGYS-OK.png","contentUrl":"https:\/\/gysfm.com.ar\/inicio\/wp-content\/uploads\/2023\/07\/LOGOGYS-OK.png","width":1170,"height":872,"caption":"GYS NOTICIAS |"},"image":{"@id":"https:\/\/gysfm.com.ar\/inicio\/#\/schema\/logo\/image\/"}},{"@type":"Person","@id":"https:\/\/gysfm.com.ar\/inicio\/#\/schema\/person\/5bedd7ecd35cc35548d89effafa23696","name":"admin","image":{"@type":"ImageObject","inLanguage":"es","@id":"https:\/\/gysfm.com.ar\/inicio\/#\/schema\/person\/image\/","url":"https:\/\/secure.gravatar.com\/avatar\/c331d312b5243fb64d5ba28108a447b27c925295129a363082c9ea52c28d32c2?s=96&d=mm&r=g","contentUrl":"https:\/\/secure.gravatar.com\/avatar\/c331d312b5243fb64d5ba28108a447b27c925295129a363082c9ea52c28d32c2?s=96&d=mm&r=g","caption":"admin"},"sameAs":["https:\/\/gysfm.com.ar\/inicio"],"url":"https:\/\/gysfm.com.ar\/inicio\/author\/admin\/"}]}},"_links":{"self":[{"href":"https:\/\/gysfm.com.ar\/inicio\/wp-json\/wp\/v2\/posts\/209599","targetHints":{"allow":["GET"]}}],"collection":[{"href":"https:\/\/gysfm.com.ar\/inicio\/wp-json\/wp\/v2\/posts"}],"about":[{"href":"https:\/\/gysfm.com.ar\/inicio\/wp-json\/wp\/v2\/types\/post"}],"author":[{"embeddable":true,"href":"https:\/\/gysfm.com.ar\/inicio\/wp-json\/wp\/v2\/users\/1"}],"replies":[{"embeddable":true,"href":"https:\/\/gysfm.com.ar\/inicio\/wp-json\/wp\/v2\/comments?post=209599"}],"version-history":[{"count":0,"href":"https:\/\/gysfm.com.ar\/inicio\/wp-json\/wp\/v2\/posts\/209599\/revisions"}],"wp:featuredmedia":[{"embeddable":true,"href":"https:\/\/gysfm.com.ar\/inicio\/wp-json\/wp\/v2\/media\/177007"}],"wp:attachment":[{"href":"https:\/\/gysfm.com.ar\/inicio\/wp-json\/wp\/v2\/media?parent=209599"}],"wp:term":[{"taxonomy":"category","embeddable":true,"href":"https:\/\/gysfm.com.ar\/inicio\/wp-json\/wp\/v2\/categories?post=209599"},{"taxonomy":"post_tag","embeddable":true,"href":"https:\/\/gysfm.com.ar\/inicio\/wp-json\/wp\/v2\/tags?post=209599"}],"curies":[{"name":"wp","href":"https:\/\/api.w.org\/{rel}","templated":true}]}}