{"id":209596,"date":"2026-08-27T20:00:40","date_gmt":"2026-08-27T23:00:40","guid":{"rendered":"https:\/\/gysfm.com.ar\/inicio\/la-provocacion-de-trump-a-dos-paises-europeos-y-un-mensaje-desafiante-a-canada\/"},"modified":"2026-08-27T20:00:41","modified_gmt":"2026-08-27T23:00:41","slug":"la-provocacion-de-trump-a-dos-paises-europeos-y-un-mensaje-desafiante-a-canada","status":"publish","type":"post","link":"https:\/\/gysfm.com.ar\/inicio\/la-provocacion-de-trump-a-dos-paises-europeos-y-un-mensaje-desafiante-a-canada\/","title":{"rendered":"La provocaci\u00f3n de Trump a dos pa\u00edses europeos y un mensaje desafiante a Canad\u00e1"},"content":{"rendered":"<p> <br \/>\n<\/p>\n<div>\n<p class=\"com-paragraph --capital --s\">WASHINGTON.- En plena<a href=\"https:\/\/www.lanacion.com.ar\/el-mundo\/canada-desafia-a-estados-unidos-y-anuncia-que-le-impondra-aranceles-de-hasta-un-50-nid25082026\/\" target=\"_self\" title=\"https:\/\/www.lanacion.com.ar\/el-mundo\/canada-desafia-a-estados-unidos-y-anuncia-que-le-impondra-aranceles-de-hasta-un-50-nid25082026\/\" class=\"com-link break-word\" data-mrf-recirculation=\"n_link_parrafo\"><strong> escalada comercial con Canad\u00e1, <\/strong><\/a>y mientras crece la incertidumbre por el curso de<strong> <\/strong><a href=\"https:\/\/www.lanacion.com.ar\/el-mundo\/iran-desafia-las-nuevas-sanciones-de-estados-unidos-y-amenaza-con-escalar-la-presion-sobre-el-golfo-nid25082026\/\" target=\"_self\" title=\"https:\/\/www.lanacion.com.ar\/el-mundo\/iran-desafia-las-nuevas-sanciones-de-estados-unidos-y-amenaza-con-escalar-la-presion-sobre-el-golfo-nid25082026\/\" class=\"com-link break-word\" data-mrf-recirculation=\"n_link_parrafo\"><strong>la guerra en Medio Oriente, <\/strong><\/a>el presidente <strong>Donald Trump <\/strong>cuestion\u00f3 en duros t\u00e9rminos a <strong>Inglaterra<\/strong> y <strong>Francia <\/strong>por lo que considera una creciente influencia de la ley isl\u00e1mica en ambos pa\u00edses.<strong> \u201cVas a Londres y Par\u00eds, y es casi como si la sharia fuera un segundo estilo de vida\u201d, <\/strong>apunt\u00f3 el mandatario republicano, en una nueva provocaci\u00f3n a sus aliados en Europa.<\/p>\n<p class=\"com-paragraph --s\"><strong>\u201cProhibir\u00eda totalmente eso de la ley isl\u00e1mica (sharia), y es algo que est\u00e1 ocurriendo un poco en este pa\u00eds\u201d,<\/strong> sentenci\u00f3 Trump en una entrevista con el conductor Glenn Beck. \u201cDonde la vemos, la eliminamos. <strong>Hay que eliminarla. Existe un solo sistema\u201d,<\/strong> arremeti\u00f3 el presidente estadounidense. <\/p>\n<p><h2 class=\"font-primary font-w-bold text-subheading-lg text-left container-center-100 mb-8\"><span>Disputa comercial con Canad\u00e1<\/span><\/h2>\n<\/p>\n<p class=\"com-paragraph --s\">En un tono similar, Trump volvi\u00f3 a desafiar a Canad\u00e1 con quien mantiene una disputa comercial, tras varios d\u00edas de amenazas mutuas de aranceles a productos que podr\u00edan escalar al 50%. <\/p>\n<p class=\"com-paragraph --s\"><strong>\u201cNo tienen nada que \u200bnosotros necesitemos, podemos arregl\u00e1rnoslas. <\/strong>Hay \u2060un par de cosas que nos causar\u00edan algunas \u200cmolestias, pero podemos conseguirlas en otro lugar\u00bb, se\u00f1al\u00f3 Trump despu\u00e9s de que Canad\u00e1 anunciara ayer que impondr\u00e1 aranceles de represalia sobre productos norteamericanos, que <strong>oscilan entre el 15% y el 50%.<\/strong><\/p>\n<p class=\"com-paragraph --s\">Los aranceles del <strong>50% <\/strong>se aplicar\u00e1n a sectores como <strong>el acero, el aluminio, el mobiliario y la confecci\u00f3n<\/strong>; los del <strong>25%<\/strong>, al queso, los electrodom\u00e9sticos y algunos productos del mar; mientras que los del <strong>15% <\/strong>alcanzar\u00e1n, entre otros, a productos electr\u00f3nicos y herramientas.<\/p>\n<div class=\"content-media\">\n<section role=\"button\" class=\"mod-media   \">\n<figure role=\"button\" tabindex=\"0\" class=\"mod-figure \"><figcaption class=\"mod-figcaption\"><span class=\"com-text --caption --twoxs\">El primer ministro canadiense, Mark Carney, observa mientras Jim Davies, copropietario del astillero Davie, habla sobre la disputa comercial con Estados Unidos en las instalaciones de la empresa en L\u00e9vis, Quebec<\/span><span class=\"com-text --credit --twoxs\">ANDREJ IVANOV &#8211; AFP<\/span><\/figcaption><\/figure>\n<\/section>\n<\/div>\n<p class=\"com-paragraph --s\">Previamente Trump hab\u00eda impuesto a Ottawa nuevos<strong> aranceles \u200cdel 50% a 20.000 millones de d\u00f3lares <\/strong>en importaciones \u2060canadienses tras el fracaso de las \u200cnegociaciones entre ambos pa\u00edses.<\/p>\n<p class=\"com-paragraph --s\"><strong>\u201cEs hora de ense\u00f1arle a Canad\u00e1 que ya no puede seguir haciendo esto\u201d,<\/strong> sentenci\u00f3 el presidente republicano. <\/p>\n<p><h2 class=\"font-primary font-w-bold text-subheading-lg text-left container-center-100 mb-8\"><span>Guerra con Ir\u00e1n<\/span><\/h2>\n<\/p>\n<p class=\"com-paragraph --s\">En otro tramo de la entrevista, Trump se refiri\u00f3 al conflicto b\u00e9lico que mantiene con Ir\u00e1n y asegur\u00f3 que el estrat\u00e9gico estrecho de Ormuz se encuentra \u201coperativo y perfectamente funcionando\u201d. <\/p>\n<p class=\"com-paragraph --s\">Asimismo, afirm\u00f3 que Estados Unidos elimin\u00f3 las minas colocadas en sus aguas y pronostic\u00f3 una <strong>\u201cgran victoria\u201d<\/strong> sobre Ir\u00e1n y un final relativamente pr\u00f3ximo de una guerra que est\u00e1 a punto de cumplir seis meses.<\/p>\n<div class=\"content-media\">\n<section role=\"button\" class=\"mod-media   \">\n<figure role=\"button\" tabindex=\"0\" class=\"mod-figure \"><figcaption class=\"mod-figcaption\"><span class=\"com-text --caption --twoxs\">Motociclistas pasan junto a un cartel que muestra al presidente de Estados Unidos, Donald Trump, con unas manos alrededor del cuello, debajo de la frase \u201cLa venganza es inevitable\u201d, en Teher\u00e1n<\/span><span class=\"com-text --credit --twoxs\">Vahid Salemi &#8211; AP<\/span><\/figcaption><\/figure>\n<\/section>\n<\/div>\n<p class=\"com-paragraph --s\">\u201cDe vez en cuando lanzan un dron o un misil o algo as\u00ed, pero es un estrecho perfectamente operativo\u201d, se\u00f1al\u00f3. Trump sostuvo adem\u00e1s que grandes cantidades de petr\u00f3leo est\u00e1n volviendo a atravesar la v\u00eda mar\u00edtima y confirm\u00f3 que el martes pasaron por all\u00ed 10 millones de barriles de crudo y que durante la noche 22 embarcaciones atravesaron el paso mar\u00edtimo sin inconvenientes. \u201cVamos a tener una gran victoria aqu\u00ed muy pronto\u201d, pronostic\u00f3. <\/p>\n<p class=\"com-paragraph --s\">Por \u00faltimo Trump dijo que cree que el l\u00edder supremo de Ir\u00e1n, <strong>Mojtaba Khamenei<\/strong>, quien no ha sido visto en p\u00fablico desde que asumi\u00f3 el cargo tras el asesinato de su padre en febrero, <strong>sigue con vida<\/strong>.<\/p>\n<p class=\"com-paragraph --s\">\u201cResult\u00f3 gravemente herido. El lado izquierdo de su cuerpo, el brazo, la pierna, todo. Pero no creo que est\u00e9 muerto\u201d, concluy\u00f3 Trump. <\/p>\n<p class=\"com-paragraph --s\"><em><strong>Agencias Reuters, AFP, ANSA<\/strong><\/em><\/p>\n<section class=\"container-center-100 mb-40 border border-bottom border-thin border-neutral-light-700\">\n<hr\/>\n<\/section>\n<\/div>\n<p><script id=\"facebookpixel\" defer=\"\" type=\"text\/javascript\">\n        !function(f,b,e,v,n,t,s)\n        {if(f.fbq)return;n=f.fbq=function(){n.callMethod?\n        n.callMethod.apply(n,arguments):n.queue.push(arguments)};\n        if(!f._fbq)f._fbq=n;n.push=n;n.loaded=!0;n.version='2.0';\n        n.queue=[];t=b.createElement(e);t.async=!0;\n        t.src=v;s=b.getElementsByTagName(e)[0];\n        s.parentNode.insertBefore(t,s)}(window, document,'script',\n        'https:\/\/connect.facebook.net\/en_US\/fbevents.js');\n        fbq('init', '492459597522335');\n        fbq('track', 'PageView');\n    <\/script><br \/>\n<br \/><\/p>\n","protected":false},"excerpt":{"rendered":"<p>WASHINGTON.- En plena escalada comercial con Canad\u00e1, y mientras crece la incertidumbre por el curso de la guerra en Medio Oriente, el presidente Donald Trump cuestion\u00f3 en duros t\u00e9rminos a Inglaterra y Francia por lo que considera una creciente influencia de la ley isl\u00e1mica en ambos pa\u00edses. \u201cVas a Londres y Par\u00eds, y es casi [&hellip;]<\/p>\n","protected":false},"author":2,"featured_media":209597,"comment_status":"closed","ping_status":"closed","sticky":false,"template":"","format":"standard","meta":{"footnotes":""},"categories":[26],"tags":[],"class_list":["post-209596","post","type-post","status-publish","format-standard","has-post-thumbnail","hentry","category-internacionales"],"yoast_head":"<!-- This site is optimized with the Yoast SEO plugin v24.4 - https:\/\/yoast.com\/wordpress\/plugins\/seo\/ -->\n<title>La provocaci\u00f3n de Trump a dos pa\u00edses europeos y un mensaje desafiante a Canad\u00e1 - GYS NOTICIAS |<\/title>\n<meta name=\"robots\" content=\"index, follow, max-snippet:-1, max-image-preview:large, max-video-preview:-1\" \/>\n<link rel=\"canonical\" href=\"https:\/\/gysfm.com.ar\/inicio\/la-provocacion-de-trump-a-dos-paises-europeos-y-un-mensaje-desafiante-a-canada\/\" \/>\n<meta property=\"og:locale\" content=\"es_ES\" \/>\n<meta property=\"og:type\" content=\"article\" \/>\n<meta property=\"og:title\" content=\"La provocaci\u00f3n de Trump a dos pa\u00edses europeos y un mensaje desafiante a Canad\u00e1 - GYS NOTICIAS |\" \/>\n<meta property=\"og:description\" content=\"WASHINGTON.- En plena escalada comercial con Canad\u00e1, y mientras crece la incertidumbre por el curso de la guerra en Medio Oriente, el presidente Donald Trump cuestion\u00f3 en duros t\u00e9rminos a Inglaterra y Francia por lo que considera una creciente influencia de la ley isl\u00e1mica en ambos pa\u00edses. \u201cVas a Londres y Par\u00eds, y es casi [&hellip;]\" \/>\n<meta property=\"og:url\" content=\"https:\/\/gysfm.com.ar\/inicio\/la-provocacion-de-trump-a-dos-paises-europeos-y-un-mensaje-desafiante-a-canada\/\" \/>\n<meta property=\"og:site_name\" content=\"GYS NOTICIAS |\" \/>\n<meta property=\"article:published_time\" content=\"2026-08-27T23:00:40+00:00\" \/>\n<meta property=\"article:modified_time\" content=\"2026-08-27T23:00:41+00:00\" \/>\n<meta property=\"og:image\" content=\"https:\/\/gysfm.com.ar\/inicio\/wp-content\/uploads\/2026\/08\/una-joven-musulmana-asiatica-con-hiyab-sobre-el-Q53VGXRPEJGXZCKAG7JPP6O7EY.JPG\" \/>\n\t<meta property=\"og:image:width\" content=\"1200\" \/>\n\t<meta property=\"og:image:height\" content=\"800\" \/>\n\t<meta property=\"og:image:type\" content=\"image\/jpeg\" \/>\n<meta name=\"author\" content=\"Prensa G&amp;S FM\" \/>\n<meta name=\"twitter:card\" content=\"summary_large_image\" \/>\n<meta name=\"twitter:label1\" content=\"Escrito por\" \/>\n\t<meta name=\"twitter:data1\" content=\"Prensa G&amp;S FM\" \/>\n\t<meta name=\"twitter:label2\" content=\"Tiempo de lectura\" \/>\n\t<meta name=\"twitter:data2\" content=\"3 minutos\" \/>\n<script type=\"application\/ld+json\" class=\"yoast-schema-graph\">{\"@context\":\"https:\/\/schema.org\",\"@graph\":[{\"@type\":\"Article\",\"@id\":\"https:\/\/gysfm.com.ar\/inicio\/la-provocacion-de-trump-a-dos-paises-europeos-y-un-mensaje-desafiante-a-canada\/#article\",\"isPartOf\":{\"@id\":\"https:\/\/gysfm.com.ar\/inicio\/la-provocacion-de-trump-a-dos-paises-europeos-y-un-mensaje-desafiante-a-canada\/\"},\"author\":{\"name\":\"Prensa G&amp;S FM\",\"@id\":\"https:\/\/gysfm.com.ar\/inicio\/#\/schema\/person\/3abba7593ef2ad19e1be221d54383dc5\"},\"headline\":\"La provocaci\u00f3n de Trump a dos pa\u00edses europeos y un mensaje desafiante a Canad\u00e1\",\"datePublished\":\"2026-08-27T23:00:40+00:00\",\"dateModified\":\"2026-08-27T23:00:41+00:00\",\"mainEntityOfPage\":{\"@id\":\"https:\/\/gysfm.com.ar\/inicio\/la-provocacion-de-trump-a-dos-paises-europeos-y-un-mensaje-desafiante-a-canada\/\"},\"wordCount\":616,\"publisher\":{\"@id\":\"https:\/\/gysfm.com.ar\/inicio\/#organization\"},\"image\":{\"@id\":\"https:\/\/gysfm.com.ar\/inicio\/la-provocacion-de-trump-a-dos-paises-europeos-y-un-mensaje-desafiante-a-canada\/#primaryimage\"},\"thumbnailUrl\":\"https:\/\/gysfm.com.ar\/inicio\/wp-content\/uploads\/2026\/08\/una-joven-musulmana-asiatica-con-hiyab-sobre-el-Q53VGXRPEJGXZCKAG7JPP6O7EY.JPG\",\"articleSection\":[\"INTERNACIONALES\"],\"inLanguage\":\"es\"},{\"@type\":\"WebPage\",\"@id\":\"https:\/\/gysfm.com.ar\/inicio\/la-provocacion-de-trump-a-dos-paises-europeos-y-un-mensaje-desafiante-a-canada\/\",\"url\":\"https:\/\/gysfm.com.ar\/inicio\/la-provocacion-de-trump-a-dos-paises-europeos-y-un-mensaje-desafiante-a-canada\/\",\"name\":\"La provocaci\u00f3n de Trump a dos pa\u00edses europeos y un mensaje desafiante a Canad\u00e1 - GYS NOTICIAS |\",\"isPartOf\":{\"@id\":\"https:\/\/gysfm.com.ar\/inicio\/#website\"},\"primaryImageOfPage\":{\"@id\":\"https:\/\/gysfm.com.ar\/inicio\/la-provocacion-de-trump-a-dos-paises-europeos-y-un-mensaje-desafiante-a-canada\/#primaryimage\"},\"image\":{\"@id\":\"https:\/\/gysfm.com.ar\/inicio\/la-provocacion-de-trump-a-dos-paises-europeos-y-un-mensaje-desafiante-a-canada\/#primaryimage\"},\"thumbnailUrl\":\"https:\/\/gysfm.com.ar\/inicio\/wp-content\/uploads\/2026\/08\/una-joven-musulmana-asiatica-con-hiyab-sobre-el-Q53VGXRPEJGXZCKAG7JPP6O7EY.JPG\",\"datePublished\":\"2026-08-27T23:00:40+00:00\",\"dateModified\":\"2026-08-27T23:00:41+00:00\",\"breadcrumb\":{\"@id\":\"https:\/\/gysfm.com.ar\/inicio\/la-provocacion-de-trump-a-dos-paises-europeos-y-un-mensaje-desafiante-a-canada\/#breadcrumb\"},\"inLanguage\":\"es\",\"potentialAction\":[{\"@type\":\"ReadAction\",\"target\":[\"https:\/\/gysfm.com.ar\/inicio\/la-provocacion-de-trump-a-dos-paises-europeos-y-un-mensaje-desafiante-a-canada\/\"]}]},{\"@type\":\"ImageObject\",\"inLanguage\":\"es\",\"@id\":\"https:\/\/gysfm.com.ar\/inicio\/la-provocacion-de-trump-a-dos-paises-europeos-y-un-mensaje-desafiante-a-canada\/#primaryimage\",\"url\":\"https:\/\/gysfm.com.ar\/inicio\/wp-content\/uploads\/2026\/08\/una-joven-musulmana-asiatica-con-hiyab-sobre-el-Q53VGXRPEJGXZCKAG7JPP6O7EY.JPG\",\"contentUrl\":\"https:\/\/gysfm.com.ar\/inicio\/wp-content\/uploads\/2026\/08\/una-joven-musulmana-asiatica-con-hiyab-sobre-el-Q53VGXRPEJGXZCKAG7JPP6O7EY.JPG\",\"width\":1200,\"height\":800},{\"@type\":\"BreadcrumbList\",\"@id\":\"https:\/\/gysfm.com.ar\/inicio\/la-provocacion-de-trump-a-dos-paises-europeos-y-un-mensaje-desafiante-a-canada\/#breadcrumb\",\"itemListElement\":[{\"@type\":\"ListItem\",\"position\":1,\"name\":\"Portada\",\"item\":\"https:\/\/gysfm.com.ar\/inicio\/\"},{\"@type\":\"ListItem\",\"position\":2,\"name\":\"La provocaci\u00f3n de Trump a dos pa\u00edses europeos y un mensaje desafiante a Canad\u00e1\"}]},{\"@type\":\"WebSite\",\"@id\":\"https:\/\/gysfm.com.ar\/inicio\/#website\",\"url\":\"https:\/\/gysfm.com.ar\/inicio\/\",\"name\":\"GYS NOTICIAS |\",\"description\":\"DIARIO - RADIO ONLINE SAN JUAN ARGENTINA\",\"publisher\":{\"@id\":\"https:\/\/gysfm.com.ar\/inicio\/#organization\"},\"potentialAction\":[{\"@type\":\"SearchAction\",\"target\":{\"@type\":\"EntryPoint\",\"urlTemplate\":\"https:\/\/gysfm.com.ar\/inicio\/?s={search_term_string}\"},\"query-input\":{\"@type\":\"PropertyValueSpecification\",\"valueRequired\":true,\"valueName\":\"search_term_string\"}}],\"inLanguage\":\"es\"},{\"@type\":\"Organization\",\"@id\":\"https:\/\/gysfm.com.ar\/inicio\/#organization\",\"name\":\"GYS NOTICIAS |\",\"url\":\"https:\/\/gysfm.com.ar\/inicio\/\",\"logo\":{\"@type\":\"ImageObject\",\"inLanguage\":\"es\",\"@id\":\"https:\/\/gysfm.com.ar\/inicio\/#\/schema\/logo\/image\/\",\"url\":\"https:\/\/gysfm.com.ar\/inicio\/wp-content\/uploads\/2023\/07\/LOGOGYS-OK.png\",\"contentUrl\":\"https:\/\/gysfm.com.ar\/inicio\/wp-content\/uploads\/2023\/07\/LOGOGYS-OK.png\",\"width\":1170,\"height\":872,\"caption\":\"GYS NOTICIAS |\"},\"image\":{\"@id\":\"https:\/\/gysfm.com.ar\/inicio\/#\/schema\/logo\/image\/\"}},{\"@type\":\"Person\",\"@id\":\"https:\/\/gysfm.com.ar\/inicio\/#\/schema\/person\/3abba7593ef2ad19e1be221d54383dc5\",\"name\":\"Prensa G&amp;S FM\",\"image\":{\"@type\":\"ImageObject\",\"inLanguage\":\"es\",\"@id\":\"https:\/\/gysfm.com.ar\/inicio\/#\/schema\/person\/image\/\",\"url\":\"https:\/\/secure.gravatar.com\/avatar\/096ec78df02049ab018702bb4ccedf659377fa92a26540b5247612077a0dbd29?s=96&d=mm&r=g\",\"contentUrl\":\"https:\/\/secure.gravatar.com\/avatar\/096ec78df02049ab018702bb4ccedf659377fa92a26540b5247612077a0dbd29?s=96&d=mm&r=g\",\"caption\":\"Prensa G&amp;S FM\"},\"sameAs\":[\"https:\/\/gysfm.com.ar\/\"],\"url\":\"https:\/\/gysfm.com.ar\/inicio\/author\/lucasm\/\"}]}<\/script>\n<!-- \/ Yoast SEO plugin. -->","yoast_head_json":{"title":"La provocaci\u00f3n de Trump a dos pa\u00edses europeos y un mensaje desafiante a Canad\u00e1 - GYS NOTICIAS |","robots":{"index":"index","follow":"follow","max-snippet":"max-snippet:-1","max-image-preview":"max-image-preview:large","max-video-preview":"max-video-preview:-1"},"canonical":"https:\/\/gysfm.com.ar\/inicio\/la-provocacion-de-trump-a-dos-paises-europeos-y-un-mensaje-desafiante-a-canada\/","og_locale":"es_ES","og_type":"article","og_title":"La provocaci\u00f3n de Trump a dos pa\u00edses europeos y un mensaje desafiante a Canad\u00e1 - GYS NOTICIAS |","og_description":"WASHINGTON.- En plena escalada comercial con Canad\u00e1, y mientras crece la incertidumbre por el curso de la guerra en Medio Oriente, el presidente Donald Trump cuestion\u00f3 en duros t\u00e9rminos a Inglaterra y Francia por lo que considera una creciente influencia de la ley isl\u00e1mica en ambos pa\u00edses. \u201cVas a Londres y Par\u00eds, y es casi [&hellip;]","og_url":"https:\/\/gysfm.com.ar\/inicio\/la-provocacion-de-trump-a-dos-paises-europeos-y-un-mensaje-desafiante-a-canada\/","og_site_name":"GYS NOTICIAS |","article_published_time":"2026-08-27T23:00:40+00:00","article_modified_time":"2026-08-27T23:00:41+00:00","og_image":[{"width":1200,"height":800,"url":"https:\/\/gysfm.com.ar\/inicio\/wp-content\/uploads\/2026\/08\/una-joven-musulmana-asiatica-con-hiyab-sobre-el-Q53VGXRPEJGXZCKAG7JPP6O7EY.JPG","type":"image\/jpeg"}],"author":"Prensa G&amp;S FM","twitter_card":"summary_large_image","twitter_misc":{"Escrito por":"Prensa G&amp;S FM","Tiempo de lectura":"3 minutos"},"schema":{"@context":"https:\/\/schema.org","@graph":[{"@type":"Article","@id":"https:\/\/gysfm.com.ar\/inicio\/la-provocacion-de-trump-a-dos-paises-europeos-y-un-mensaje-desafiante-a-canada\/#article","isPartOf":{"@id":"https:\/\/gysfm.com.ar\/inicio\/la-provocacion-de-trump-a-dos-paises-europeos-y-un-mensaje-desafiante-a-canada\/"},"author":{"name":"Prensa G&amp;S FM","@id":"https:\/\/gysfm.com.ar\/inicio\/#\/schema\/person\/3abba7593ef2ad19e1be221d54383dc5"},"headline":"La provocaci\u00f3n de Trump a dos pa\u00edses europeos y un mensaje desafiante a Canad\u00e1","datePublished":"2026-08-27T23:00:40+00:00","dateModified":"2026-08-27T23:00:41+00:00","mainEntityOfPage":{"@id":"https:\/\/gysfm.com.ar\/inicio\/la-provocacion-de-trump-a-dos-paises-europeos-y-un-mensaje-desafiante-a-canada\/"},"wordCount":616,"publisher":{"@id":"https:\/\/gysfm.com.ar\/inicio\/#organization"},"image":{"@id":"https:\/\/gysfm.com.ar\/inicio\/la-provocacion-de-trump-a-dos-paises-europeos-y-un-mensaje-desafiante-a-canada\/#primaryimage"},"thumbnailUrl":"https:\/\/gysfm.com.ar\/inicio\/wp-content\/uploads\/2026\/08\/una-joven-musulmana-asiatica-con-hiyab-sobre-el-Q53VGXRPEJGXZCKAG7JPP6O7EY.JPG","articleSection":["INTERNACIONALES"],"inLanguage":"es"},{"@type":"WebPage","@id":"https:\/\/gysfm.com.ar\/inicio\/la-provocacion-de-trump-a-dos-paises-europeos-y-un-mensaje-desafiante-a-canada\/","url":"https:\/\/gysfm.com.ar\/inicio\/la-provocacion-de-trump-a-dos-paises-europeos-y-un-mensaje-desafiante-a-canada\/","name":"La provocaci\u00f3n de Trump a dos pa\u00edses europeos y un mensaje desafiante a Canad\u00e1 - GYS NOTICIAS |","isPartOf":{"@id":"https:\/\/gysfm.com.ar\/inicio\/#website"},"primaryImageOfPage":{"@id":"https:\/\/gysfm.com.ar\/inicio\/la-provocacion-de-trump-a-dos-paises-europeos-y-un-mensaje-desafiante-a-canada\/#primaryimage"},"image":{"@id":"https:\/\/gysfm.com.ar\/inicio\/la-provocacion-de-trump-a-dos-paises-europeos-y-un-mensaje-desafiante-a-canada\/#primaryimage"},"thumbnailUrl":"https:\/\/gysfm.com.ar\/inicio\/wp-content\/uploads\/2026\/08\/una-joven-musulmana-asiatica-con-hiyab-sobre-el-Q53VGXRPEJGXZCKAG7JPP6O7EY.JPG","datePublished":"2026-08-27T23:00:40+00:00","dateModified":"2026-08-27T23:00:41+00:00","breadcrumb":{"@id":"https:\/\/gysfm.com.ar\/inicio\/la-provocacion-de-trump-a-dos-paises-europeos-y-un-mensaje-desafiante-a-canada\/#breadcrumb"},"inLanguage":"es","potentialAction":[{"@type":"ReadAction","target":["https:\/\/gysfm.com.ar\/inicio\/la-provocacion-de-trump-a-dos-paises-europeos-y-un-mensaje-desafiante-a-canada\/"]}]},{"@type":"ImageObject","inLanguage":"es","@id":"https:\/\/gysfm.com.ar\/inicio\/la-provocacion-de-trump-a-dos-paises-europeos-y-un-mensaje-desafiante-a-canada\/#primaryimage","url":"https:\/\/gysfm.com.ar\/inicio\/wp-content\/uploads\/2026\/08\/una-joven-musulmana-asiatica-con-hiyab-sobre-el-Q53VGXRPEJGXZCKAG7JPP6O7EY.JPG","contentUrl":"https:\/\/gysfm.com.ar\/inicio\/wp-content\/uploads\/2026\/08\/una-joven-musulmana-asiatica-con-hiyab-sobre-el-Q53VGXRPEJGXZCKAG7JPP6O7EY.JPG","width":1200,"height":800},{"@type":"BreadcrumbList","@id":"https:\/\/gysfm.com.ar\/inicio\/la-provocacion-de-trump-a-dos-paises-europeos-y-un-mensaje-desafiante-a-canada\/#breadcrumb","itemListElement":[{"@type":"ListItem","position":1,"name":"Portada","item":"https:\/\/gysfm.com.ar\/inicio\/"},{"@type":"ListItem","position":2,"name":"La provocaci\u00f3n de Trump a dos pa\u00edses europeos y un mensaje desafiante a Canad\u00e1"}]},{"@type":"WebSite","@id":"https:\/\/gysfm.com.ar\/inicio\/#website","url":"https:\/\/gysfm.com.ar\/inicio\/","name":"GYS NOTICIAS |","description":"DIARIO - RADIO ONLINE SAN JUAN ARGENTINA","publisher":{"@id":"https:\/\/gysfm.com.ar\/inicio\/#organization"},"potentialAction":[{"@type":"SearchAction","target":{"@type":"EntryPoint","urlTemplate":"https:\/\/gysfm.com.ar\/inicio\/?s={search_term_string}"},"query-input":{"@type":"PropertyValueSpecification","valueRequired":true,"valueName":"search_term_string"}}],"inLanguage":"es"},{"@type":"Organization","@id":"https:\/\/gysfm.com.ar\/inicio\/#organization","name":"GYS NOTICIAS |","url":"https:\/\/gysfm.com.ar\/inicio\/","logo":{"@type":"ImageObject","inLanguage":"es","@id":"https:\/\/gysfm.com.ar\/inicio\/#\/schema\/logo\/image\/","url":"https:\/\/gysfm.com.ar\/inicio\/wp-content\/uploads\/2023\/07\/LOGOGYS-OK.png","contentUrl":"https:\/\/gysfm.com.ar\/inicio\/wp-content\/uploads\/2023\/07\/LOGOGYS-OK.png","width":1170,"height":872,"caption":"GYS NOTICIAS |"},"image":{"@id":"https:\/\/gysfm.com.ar\/inicio\/#\/schema\/logo\/image\/"}},{"@type":"Person","@id":"https:\/\/gysfm.com.ar\/inicio\/#\/schema\/person\/3abba7593ef2ad19e1be221d54383dc5","name":"Prensa G&amp;S FM","image":{"@type":"ImageObject","inLanguage":"es","@id":"https:\/\/gysfm.com.ar\/inicio\/#\/schema\/person\/image\/","url":"https:\/\/secure.gravatar.com\/avatar\/096ec78df02049ab018702bb4ccedf659377fa92a26540b5247612077a0dbd29?s=96&d=mm&r=g","contentUrl":"https:\/\/secure.gravatar.com\/avatar\/096ec78df02049ab018702bb4ccedf659377fa92a26540b5247612077a0dbd29?s=96&d=mm&r=g","caption":"Prensa G&amp;S FM"},"sameAs":["https:\/\/gysfm.com.ar\/"],"url":"https:\/\/gysfm.com.ar\/inicio\/author\/lucasm\/"}]}},"_links":{"self":[{"href":"https:\/\/gysfm.com.ar\/inicio\/wp-json\/wp\/v2\/posts\/209596","targetHints":{"allow":["GET"]}}],"collection":[{"href":"https:\/\/gysfm.com.ar\/inicio\/wp-json\/wp\/v2\/posts"}],"about":[{"href":"https:\/\/gysfm.com.ar\/inicio\/wp-json\/wp\/v2\/types\/post"}],"author":[{"embeddable":true,"href":"https:\/\/gysfm.com.ar\/inicio\/wp-json\/wp\/v2\/users\/2"}],"replies":[{"embeddable":true,"href":"https:\/\/gysfm.com.ar\/inicio\/wp-json\/wp\/v2\/comments?post=209596"}],"version-history":[{"count":1,"href":"https:\/\/gysfm.com.ar\/inicio\/wp-json\/wp\/v2\/posts\/209596\/revisions"}],"predecessor-version":[{"id":209598,"href":"https:\/\/gysfm.com.ar\/inicio\/wp-json\/wp\/v2\/posts\/209596\/revisions\/209598"}],"wp:featuredmedia":[{"embeddable":true,"href":"https:\/\/gysfm.com.ar\/inicio\/wp-json\/wp\/v2\/media\/209597"}],"wp:attachment":[{"href":"https:\/\/gysfm.com.ar\/inicio\/wp-json\/wp\/v2\/media?parent=209596"}],"wp:term":[{"taxonomy":"category","embeddable":true,"href":"https:\/\/gysfm.com.ar\/inicio\/wp-json\/wp\/v2\/categories?post=209596"},{"taxonomy":"post_tag","embeddable":true,"href":"https:\/\/gysfm.com.ar\/inicio\/wp-json\/wp\/v2\/tags?post=209596"}],"curies":[{"name":"wp","href":"https:\/\/api.w.org\/{rel}","templated":true}]}}