{"id":209593,"date":"2026-08-27T18:59:49","date_gmt":"2026-08-27T21:59:49","guid":{"rendered":"https:\/\/gysfm.com.ar\/inicio\/santiago-bausili-y-hernan-lacunza-se-cruzaron-en-redes-por-la-alta-morosidad-y-el-rol-del-banco-central\/"},"modified":"2026-08-27T18:59:50","modified_gmt":"2026-08-27T21:59:50","slug":"santiago-bausili-y-hernan-lacunza-se-cruzaron-en-redes-por-la-alta-morosidad-y-el-rol-del-banco-central","status":"publish","type":"post","link":"https:\/\/gysfm.com.ar\/inicio\/santiago-bausili-y-hernan-lacunza-se-cruzaron-en-redes-por-la-alta-morosidad-y-el-rol-del-banco-central\/","title":{"rendered":"Santiago Bausili y Hern\u00e1n Lacunza se cruzaron en redes por la alta morosidad y el rol del Banco Central"},"content":{"rendered":"<p><\/p>\n<div>\n<p class=\"com-paragraph --capital --s\">El debate en torno a los niveles de morosidad crediticia deriv\u00f3 en un cruce en la red social X entre <strong>Hern\u00e1n Lacunza<\/strong>, exministro de Econom\u00eda y referente econ\u00f3mico de Pro, y el presidente del Banco Central (BCRA), <strong>Santiago Bausili<\/strong>. <\/p>\n<p class=\"com-paragraph --s\">Ambos economistas enfrentaron visiones t\u00e9cnicas y pol\u00edticas sobre si las dificultades de pago de los deudores se tratan de un asunto estrictamente privado o si requieren un marco de regulaci\u00f3n estatal. Por su parte, <a href=\"https:\/\/www.lanacion.com.ar\/politica\/el-gobierno-insistio-en-que-no-intervendra-para-ayudar-a-quienes-tienen-deudas-con-los-bancos-y-las-nid25082026\/\" target=\"_self\" title=\"https:\/\/www.lanacion.com.ar\/politica\/el-gobierno-insistio-en-que-no-intervendra-para-ayudar-a-quienes-tienen-deudas-con-los-bancos-y-las-nid25082026\/\" class=\"com-link break-word\" data-mrf-recirculation=\"n_link_parrafo\">el presidente <strong>Javier Milei<\/strong> hab\u00eda afirmado<\/a> que se trata de un <strong>\u201cproblema entre privados\u201d.<\/strong><\/p>\n<p class=\"com-paragraph --s\">\u201c<strong>Un choque de autos tambi\u00e9n es un problema \u2018entre privados\u2019<\/strong>. A veces despu\u00e9s tiene que intervenir la polic\u00eda, una ambulancia, un juez. Es decir, el Estado. A nadie se le ocurre que el juez pague los da\u00f1os con dinero p\u00fablico, s\u00ed que revise cumplimiento de normas y estimule acuerdos voluntarios\u201d, plante\u00f3 Lacunza en su cuenta de X.<\/p>\n<p class=\"com-paragraph --s\">En esa l\u00ednea, el <a href=\"https:\/\/www.lanacion.com.ar\/politica\/hernan-lacunza-dijo-que-aspira-a-ser-candidato-a-presidente-en-2027-pro-debe-tener-una-opcion-nid30072026\/\" target=\"_self\" title=\"https:\/\/www.lanacion.com.ar\/politica\/hernan-lacunza-dijo-que-aspira-a-ser-candidato-a-presidente-en-2027-pro-debe-tener-una-opcion-nid30072026\/\" class=\"com-link break-word\" data-mrf-recirculation=\"n_link_parrafo\">precandidato a presidente de Pro<\/a> agreg\u00f3: \u201cA veces falla la prevenci\u00f3n. Ausencia de carteles de velocidad, cruce de caminos, falta de educaci\u00f3n vial, estimulan conductas imprudentes. <strong>Y todo es risas\u2026 hasta que dos privados chocan.<\/strong> Lo mismo con el cr\u00e9dito. Si se ceba a 100 por hora para recuperar consumo perdido, sin educaci\u00f3n financiera es m\u00e1s probable que se trague los baches\u201d.<\/p>\n<p class=\"com-paragraph --s\">Con el transcurso de las horas, lleg\u00f3 la respuesta del titular de la autoridad monetaria, dando inicio al contrapunto: <strong>\u201cFlojo Hern\u00e1n. <\/strong>Saltaste de ser gerente general del BCRA a pol\u00edtico casi sin escalas. <strong>Transform\u00e1s resolver una disputa econ\u00f3mica entre privados a una sensaci\u00f3n de falta de supervisi\u00f3n totalmente falsa.<\/strong> \u201cComo si no supieses perfectamente c\u00f3mo funciona la realidad\u201d.<\/p>\n<p class=\"com-paragraph --s\">Por su parte, Lacunza le contest\u00f3 a Bausili a los pocos minutos: \u201cHola Santi. No importo yo. <strong>En cambio yo reconozco tu integridad.<\/strong> Pero tampoco import\u00e1s vos\u201d.<\/p>\n<p class=\"com-paragraph --s\"><strong>\u201cS\u00ed importa que 28% de las personas deudoras est\u00e1n en mora (12,8% en monto, 15,5% incluyendo billeteras). Un choque en cadena. <\/strong>Alguna euforia p\u00fablica pudo haber sobreestimulado el cr\u00e9dito (+130% real los pr\u00e9stamos personales en 2024, r\u00e9cord en este siglo). Si los pron\u00f3sticos de salarios reales pecaban de optimistas, la capacidad de repago iba a ser menor. T\u00edpicos contratos donde el prestamista sabe m\u00e1s que el tomador: a veces las cuotas esconden tasas muy altas, m\u00e1s con inflaci\u00f3n descendente\u201d, analiz\u00f3 el tambi\u00e9n titular de la consultora Empiria.<\/p>\n<p class=\"com-paragraph --s\">Lacunza concluy\u00f3:<strong> \u201cNegar el problema ser\u00eda una preocupaci\u00f3n adicional. Dejar en la banquina a tanta gente no es opci\u00f3n.<\/strong> Pero conozco tu capacidad. S\u00e9 que lo vas a resolver sin poner plata del Estado. Coincidiremos, como tantas otras veces. Abrazo\u201d.<\/p>\n<p class=\"com-paragraph --s\">La discusi\u00f3n entre ambos economistas \u2014quienes convivieron en la gesti\u00f3n p\u00fablica durante el gobierno de Cambiemos\u2014 se produjo en un escenario de creciente atenci\u00f3n sobre la situaci\u00f3n de los deudores bancarios y, en particular, sobre los tomadores de cr\u00e9ditos en proveedores no financieros.<\/p>\n<p class=\"com-paragraph --s\">Mientras el Gobierno nacional sostiene que las relaciones crediticias corresponden al sector privado y que las normas vigentes son suficientes para garantizar la estabilidad del sistema,<strong> Lacunza <\/strong><a href=\"https:\/\/www.lanacion.com.ar\/economia\/la-advertencia-de-lacunza-por-la-mora-crediticia-y-las-condiciones-que-le-puso-a-su-candidatura-nid20082026\/\" target=\"_self\" title=\"https:\/\/www.lanacion.com.ar\/economia\/la-advertencia-de-lacunza-por-la-mora-crediticia-y-las-condiciones-que-le-puso-a-su-candidatura-nid20082026\/\" class=\"com-link break-word\" data-mrf-recirculation=\"n_link_parrafo\"><strong>viene advirtiendo sobre la magnitud del fen\u00f3meno del atraso crediticio<\/strong><\/a><strong>.<\/strong><\/p>\n<p class=\"com-paragraph --s\">En declaraciones recientes, el exministro de Hacienda de Mauricio Macri alert\u00f3 que <strong>m\u00e1s de cinco millones de personas presentan atrasos superiores a los 90 d\u00edas en el cumplimiento de sus obligaciones crediticias<\/strong>, con un impacto marcado en j\u00f3venes y en el segmento no bancario (<em>fintech<\/em>, tarjetas no bancarias y casas de electrodom\u00e9sticos, entre otros), donde la irregularidad llega a rozar un tercio de la cartera.<\/p>\n<p class=\"com-paragraph --s\">Para el exfuncionario, <strong>desatender la situaci\u00f3n de la mora podr\u00eda dilatar su resoluci\u00f3n por \u201ccinco a\u00f1os\u201d.<\/strong> En esa l\u00ednea, remarc\u00f3 que el Estado debe intervenir como facilitador regulatorio \u2014promoviendo esquemas de refinanciamiento o instrumentos <em>ad hoc<\/em>\u2014 para recomponer la situaci\u00f3n patrimonial de los deudores sin que eso implique un rescate fiscal.<\/p>\n<p><h2 class=\"font-primary font-w-bold text-subheading-lg text-left container-center-100 mb-8\"><span>La proyecci\u00f3n de cara a 2027<\/span><\/h2>\n<\/p>\n<p class=\"com-paragraph --s\">La controversia entre los economistas se inscribe en la <strong>reconfiguraci\u00f3n del escenario pol\u00edtico <\/strong>en la antesala de las elecciones presidenciales del pr\u00f3ximo a\u00f1o. <\/p>\n<p class=\"com-paragraph --s\">Tal <a href=\"https:\/\/www.lanacion.com.ar\/politica\/hernan-lacunza-viajo-a-nueva-york-para-contar-su-plan-presidencial-ante-inversores-y-ya-busca-nid21082026\/\" target=\"_self\" title=\"https:\/\/www.lanacion.com.ar\/politica\/hernan-lacunza-viajo-a-nueva-york-para-contar-su-plan-presidencial-ante-inversores-y-ya-busca-nid21082026\/\" class=\"com-link break-word\" data-mrf-recirculation=\"n_link_parrafo\">como cont\u00f3 <strong>LA NACION<\/strong><\/a>, Lacunza comenz\u00f3 a posicionarse como precandidato presidencial de Pro luego de una gira por Nueva York, donde <strong>present\u00f3 su programa econ\u00f3mico<\/strong> y mantuvo reuniones con fondos de inversi\u00f3n de Wall Street.<\/p>\n<p class=\"com-paragraph --s\">Con el respaldo reservado de la vieja guardia del espacio, como la exgobernadora bonaerense Mar\u00eda Eugenia Vidal y la exvicepresidente Gabriela Michetti, el director de Empiria busca consolidar una <strong>alternativa de centro, <\/strong>frente a las medidas de shock de la administraci\u00f3n de La Libertad Avanza.<\/p>\n<section class=\"container-center-100 mb-40 border border-bottom border-thin border-neutral-light-700\">\n<hr\/>\n<\/section>\n<\/div>\n<p><script id=\"facebookpixel\" defer=\"\" type=\"text\/javascript\">\n        !function(f,b,e,v,n,t,s)\n        {if(f.fbq)return;n=f.fbq=function(){n.callMethod?\n        n.callMethod.apply(n,arguments):n.queue.push(arguments)};\n        if(!f._fbq)f._fbq=n;n.push=n;n.loaded=!0;n.version='2.0';\n        n.queue=[];t=b.createElement(e);t.async=!0;\n        t.src=v;s=b.getElementsByTagName(e)[0];\n        s.parentNode.insertBefore(t,s)}(window, document,'script',\n        'https:\/\/connect.facebook.net\/en_US\/fbevents.js');\n        fbq('init', '492459597522335');\n        fbq('track', 'PageView');\n    <\/script><\/p>\n","protected":false},"excerpt":{"rendered":"<p>El debate en torno a los niveles de morosidad crediticia deriv\u00f3 en un cruce en la red social X entre Hern\u00e1n Lacunza, exministro de Econom\u00eda y referente econ\u00f3mico de Pro, y el presidente del Banco Central (BCRA), Santiago Bausili. Ambos economistas enfrentaron visiones t\u00e9cnicas y pol\u00edticas sobre si las dificultades de pago de los deudores [&hellip;]<\/p>\n","protected":false},"author":1,"featured_media":209594,"comment_status":"closed","ping_status":"closed","sticky":false,"template":"","format":"standard","meta":{"footnotes":""},"categories":[28],"tags":[],"class_list":["post-209593","post","type-post","status-publish","format-standard","has-post-thumbnail","hentry","category-economia"],"yoast_head":"<!-- This site is optimized with the Yoast SEO plugin v24.4 - https:\/\/yoast.com\/wordpress\/plugins\/seo\/ -->\n<title>Santiago Bausili y Hern\u00e1n Lacunza se cruzaron en redes por la alta morosidad y el rol del Banco Central - GYS NOTICIAS |<\/title>\n<meta name=\"robots\" content=\"index, follow, max-snippet:-1, max-image-preview:large, max-video-preview:-1\" \/>\n<link rel=\"canonical\" href=\"https:\/\/gysfm.com.ar\/inicio\/santiago-bausili-y-hernan-lacunza-se-cruzaron-en-redes-por-la-alta-morosidad-y-el-rol-del-banco-central\/\" \/>\n<meta property=\"og:locale\" content=\"es_ES\" \/>\n<meta property=\"og:type\" content=\"article\" \/>\n<meta property=\"og:title\" content=\"Santiago Bausili y Hern\u00e1n Lacunza se cruzaron en redes por la alta morosidad y el rol del Banco Central - GYS NOTICIAS |\" \/>\n<meta property=\"og:description\" content=\"El debate en torno a los niveles de morosidad crediticia deriv\u00f3 en un cruce en la red social X entre Hern\u00e1n Lacunza, exministro de Econom\u00eda y referente econ\u00f3mico de Pro, y el presidente del Banco Central (BCRA), Santiago Bausili. Ambos economistas enfrentaron visiones t\u00e9cnicas y pol\u00edticas sobre si las dificultades de pago de los deudores [&hellip;]\" \/>\n<meta property=\"og:url\" content=\"https:\/\/gysfm.com.ar\/inicio\/santiago-bausili-y-hernan-lacunza-se-cruzaron-en-redes-por-la-alta-morosidad-y-el-rol-del-banco-central\/\" \/>\n<meta property=\"og:site_name\" content=\"GYS NOTICIAS |\" \/>\n<meta property=\"article:published_time\" content=\"2026-08-27T21:59:49+00:00\" \/>\n<meta property=\"article:modified_time\" content=\"2026-08-27T21:59:50+00:00\" \/>\n<meta property=\"og:image\" content=\"https:\/\/gysfm.com.ar\/inicio\/wp-content\/uploads\/2026\/08\/hernan-lacunza-y-santiago-bausili-dos-ZGTD65VD4FDO3JVE6E6A6OHDBA.jpg\" \/>\n\t<meta property=\"og:image:width\" content=\"1200\" \/>\n\t<meta property=\"og:image:height\" content=\"800\" \/>\n\t<meta property=\"og:image:type\" content=\"image\/jpeg\" \/>\n<meta name=\"author\" content=\"admin\" \/>\n<meta name=\"twitter:card\" content=\"summary_large_image\" \/>\n<meta name=\"twitter:label1\" content=\"Escrito por\" \/>\n\t<meta name=\"twitter:data1\" content=\"admin\" \/>\n\t<meta name=\"twitter:label2\" content=\"Tiempo de lectura\" \/>\n\t<meta name=\"twitter:data2\" content=\"4 minutos\" \/>\n<script type=\"application\/ld+json\" class=\"yoast-schema-graph\">{\"@context\":\"https:\/\/schema.org\",\"@graph\":[{\"@type\":\"Article\",\"@id\":\"https:\/\/gysfm.com.ar\/inicio\/santiago-bausili-y-hernan-lacunza-se-cruzaron-en-redes-por-la-alta-morosidad-y-el-rol-del-banco-central\/#article\",\"isPartOf\":{\"@id\":\"https:\/\/gysfm.com.ar\/inicio\/santiago-bausili-y-hernan-lacunza-se-cruzaron-en-redes-por-la-alta-morosidad-y-el-rol-del-banco-central\/\"},\"author\":{\"name\":\"admin\",\"@id\":\"https:\/\/gysfm.com.ar\/inicio\/#\/schema\/person\/5bedd7ecd35cc35548d89effafa23696\"},\"headline\":\"Santiago Bausili y Hern\u00e1n Lacunza se cruzaron en redes por la alta morosidad y el rol del Banco Central\",\"datePublished\":\"2026-08-27T21:59:49+00:00\",\"dateModified\":\"2026-08-27T21:59:50+00:00\",\"mainEntityOfPage\":{\"@id\":\"https:\/\/gysfm.com.ar\/inicio\/santiago-bausili-y-hernan-lacunza-se-cruzaron-en-redes-por-la-alta-morosidad-y-el-rol-del-banco-central\/\"},\"wordCount\":806,\"publisher\":{\"@id\":\"https:\/\/gysfm.com.ar\/inicio\/#organization\"},\"image\":{\"@id\":\"https:\/\/gysfm.com.ar\/inicio\/santiago-bausili-y-hernan-lacunza-se-cruzaron-en-redes-por-la-alta-morosidad-y-el-rol-del-banco-central\/#primaryimage\"},\"thumbnailUrl\":\"https:\/\/gysfm.com.ar\/inicio\/wp-content\/uploads\/2026\/08\/hernan-lacunza-y-santiago-bausili-dos-ZGTD65VD4FDO3JVE6E6A6OHDBA.jpg\",\"articleSection\":[\"ECONOMIA\"],\"inLanguage\":\"es\"},{\"@type\":\"WebPage\",\"@id\":\"https:\/\/gysfm.com.ar\/inicio\/santiago-bausili-y-hernan-lacunza-se-cruzaron-en-redes-por-la-alta-morosidad-y-el-rol-del-banco-central\/\",\"url\":\"https:\/\/gysfm.com.ar\/inicio\/santiago-bausili-y-hernan-lacunza-se-cruzaron-en-redes-por-la-alta-morosidad-y-el-rol-del-banco-central\/\",\"name\":\"Santiago Bausili y Hern\u00e1n Lacunza se cruzaron en redes por la alta morosidad y el rol del Banco Central - GYS NOTICIAS |\",\"isPartOf\":{\"@id\":\"https:\/\/gysfm.com.ar\/inicio\/#website\"},\"primaryImageOfPage\":{\"@id\":\"https:\/\/gysfm.com.ar\/inicio\/santiago-bausili-y-hernan-lacunza-se-cruzaron-en-redes-por-la-alta-morosidad-y-el-rol-del-banco-central\/#primaryimage\"},\"image\":{\"@id\":\"https:\/\/gysfm.com.ar\/inicio\/santiago-bausili-y-hernan-lacunza-se-cruzaron-en-redes-por-la-alta-morosidad-y-el-rol-del-banco-central\/#primaryimage\"},\"thumbnailUrl\":\"https:\/\/gysfm.com.ar\/inicio\/wp-content\/uploads\/2026\/08\/hernan-lacunza-y-santiago-bausili-dos-ZGTD65VD4FDO3JVE6E6A6OHDBA.jpg\",\"datePublished\":\"2026-08-27T21:59:49+00:00\",\"dateModified\":\"2026-08-27T21:59:50+00:00\",\"breadcrumb\":{\"@id\":\"https:\/\/gysfm.com.ar\/inicio\/santiago-bausili-y-hernan-lacunza-se-cruzaron-en-redes-por-la-alta-morosidad-y-el-rol-del-banco-central\/#breadcrumb\"},\"inLanguage\":\"es\",\"potentialAction\":[{\"@type\":\"ReadAction\",\"target\":[\"https:\/\/gysfm.com.ar\/inicio\/santiago-bausili-y-hernan-lacunza-se-cruzaron-en-redes-por-la-alta-morosidad-y-el-rol-del-banco-central\/\"]}]},{\"@type\":\"ImageObject\",\"inLanguage\":\"es\",\"@id\":\"https:\/\/gysfm.com.ar\/inicio\/santiago-bausili-y-hernan-lacunza-se-cruzaron-en-redes-por-la-alta-morosidad-y-el-rol-del-banco-central\/#primaryimage\",\"url\":\"https:\/\/gysfm.com.ar\/inicio\/wp-content\/uploads\/2026\/08\/hernan-lacunza-y-santiago-bausili-dos-ZGTD65VD4FDO3JVE6E6A6OHDBA.jpg\",\"contentUrl\":\"https:\/\/gysfm.com.ar\/inicio\/wp-content\/uploads\/2026\/08\/hernan-lacunza-y-santiago-bausili-dos-ZGTD65VD4FDO3JVE6E6A6OHDBA.jpg\",\"width\":1200,\"height\":800},{\"@type\":\"BreadcrumbList\",\"@id\":\"https:\/\/gysfm.com.ar\/inicio\/santiago-bausili-y-hernan-lacunza-se-cruzaron-en-redes-por-la-alta-morosidad-y-el-rol-del-banco-central\/#breadcrumb\",\"itemListElement\":[{\"@type\":\"ListItem\",\"position\":1,\"name\":\"Portada\",\"item\":\"https:\/\/gysfm.com.ar\/inicio\/\"},{\"@type\":\"ListItem\",\"position\":2,\"name\":\"Santiago Bausili y Hern\u00e1n Lacunza se cruzaron en redes por la alta morosidad y el rol del Banco Central\"}]},{\"@type\":\"WebSite\",\"@id\":\"https:\/\/gysfm.com.ar\/inicio\/#website\",\"url\":\"https:\/\/gysfm.com.ar\/inicio\/\",\"name\":\"GYS NOTICIAS |\",\"description\":\"DIARIO - RADIO ONLINE SAN JUAN ARGENTINA\",\"publisher\":{\"@id\":\"https:\/\/gysfm.com.ar\/inicio\/#organization\"},\"potentialAction\":[{\"@type\":\"SearchAction\",\"target\":{\"@type\":\"EntryPoint\",\"urlTemplate\":\"https:\/\/gysfm.com.ar\/inicio\/?s={search_term_string}\"},\"query-input\":{\"@type\":\"PropertyValueSpecification\",\"valueRequired\":true,\"valueName\":\"search_term_string\"}}],\"inLanguage\":\"es\"},{\"@type\":\"Organization\",\"@id\":\"https:\/\/gysfm.com.ar\/inicio\/#organization\",\"name\":\"GYS NOTICIAS |\",\"url\":\"https:\/\/gysfm.com.ar\/inicio\/\",\"logo\":{\"@type\":\"ImageObject\",\"inLanguage\":\"es\",\"@id\":\"https:\/\/gysfm.com.ar\/inicio\/#\/schema\/logo\/image\/\",\"url\":\"https:\/\/gysfm.com.ar\/inicio\/wp-content\/uploads\/2023\/07\/LOGOGYS-OK.png\",\"contentUrl\":\"https:\/\/gysfm.com.ar\/inicio\/wp-content\/uploads\/2023\/07\/LOGOGYS-OK.png\",\"width\":1170,\"height\":872,\"caption\":\"GYS NOTICIAS |\"},\"image\":{\"@id\":\"https:\/\/gysfm.com.ar\/inicio\/#\/schema\/logo\/image\/\"}},{\"@type\":\"Person\",\"@id\":\"https:\/\/gysfm.com.ar\/inicio\/#\/schema\/person\/5bedd7ecd35cc35548d89effafa23696\",\"name\":\"admin\",\"image\":{\"@type\":\"ImageObject\",\"inLanguage\":\"es\",\"@id\":\"https:\/\/gysfm.com.ar\/inicio\/#\/schema\/person\/image\/\",\"url\":\"https:\/\/secure.gravatar.com\/avatar\/c331d312b5243fb64d5ba28108a447b27c925295129a363082c9ea52c28d32c2?s=96&d=mm&r=g\",\"contentUrl\":\"https:\/\/secure.gravatar.com\/avatar\/c331d312b5243fb64d5ba28108a447b27c925295129a363082c9ea52c28d32c2?s=96&d=mm&r=g\",\"caption\":\"admin\"},\"sameAs\":[\"https:\/\/gysfm.com.ar\/inicio\"],\"url\":\"https:\/\/gysfm.com.ar\/inicio\/author\/admin\/\"}]}<\/script>\n<!-- \/ Yoast SEO plugin. -->","yoast_head_json":{"title":"Santiago Bausili y Hern\u00e1n Lacunza se cruzaron en redes por la alta morosidad y el rol del Banco Central - GYS NOTICIAS |","robots":{"index":"index","follow":"follow","max-snippet":"max-snippet:-1","max-image-preview":"max-image-preview:large","max-video-preview":"max-video-preview:-1"},"canonical":"https:\/\/gysfm.com.ar\/inicio\/santiago-bausili-y-hernan-lacunza-se-cruzaron-en-redes-por-la-alta-morosidad-y-el-rol-del-banco-central\/","og_locale":"es_ES","og_type":"article","og_title":"Santiago Bausili y Hern\u00e1n Lacunza se cruzaron en redes por la alta morosidad y el rol del Banco Central - GYS NOTICIAS |","og_description":"El debate en torno a los niveles de morosidad crediticia deriv\u00f3 en un cruce en la red social X entre Hern\u00e1n Lacunza, exministro de Econom\u00eda y referente econ\u00f3mico de Pro, y el presidente del Banco Central (BCRA), Santiago Bausili. Ambos economistas enfrentaron visiones t\u00e9cnicas y pol\u00edticas sobre si las dificultades de pago de los deudores [&hellip;]","og_url":"https:\/\/gysfm.com.ar\/inicio\/santiago-bausili-y-hernan-lacunza-se-cruzaron-en-redes-por-la-alta-morosidad-y-el-rol-del-banco-central\/","og_site_name":"GYS NOTICIAS |","article_published_time":"2026-08-27T21:59:49+00:00","article_modified_time":"2026-08-27T21:59:50+00:00","og_image":[{"width":1200,"height":800,"url":"https:\/\/gysfm.com.ar\/inicio\/wp-content\/uploads\/2026\/08\/hernan-lacunza-y-santiago-bausili-dos-ZGTD65VD4FDO3JVE6E6A6OHDBA.jpg","type":"image\/jpeg"}],"author":"admin","twitter_card":"summary_large_image","twitter_misc":{"Escrito por":"admin","Tiempo de lectura":"4 minutos"},"schema":{"@context":"https:\/\/schema.org","@graph":[{"@type":"Article","@id":"https:\/\/gysfm.com.ar\/inicio\/santiago-bausili-y-hernan-lacunza-se-cruzaron-en-redes-por-la-alta-morosidad-y-el-rol-del-banco-central\/#article","isPartOf":{"@id":"https:\/\/gysfm.com.ar\/inicio\/santiago-bausili-y-hernan-lacunza-se-cruzaron-en-redes-por-la-alta-morosidad-y-el-rol-del-banco-central\/"},"author":{"name":"admin","@id":"https:\/\/gysfm.com.ar\/inicio\/#\/schema\/person\/5bedd7ecd35cc35548d89effafa23696"},"headline":"Santiago Bausili y Hern\u00e1n Lacunza se cruzaron en redes por la alta morosidad y el rol del Banco Central","datePublished":"2026-08-27T21:59:49+00:00","dateModified":"2026-08-27T21:59:50+00:00","mainEntityOfPage":{"@id":"https:\/\/gysfm.com.ar\/inicio\/santiago-bausili-y-hernan-lacunza-se-cruzaron-en-redes-por-la-alta-morosidad-y-el-rol-del-banco-central\/"},"wordCount":806,"publisher":{"@id":"https:\/\/gysfm.com.ar\/inicio\/#organization"},"image":{"@id":"https:\/\/gysfm.com.ar\/inicio\/santiago-bausili-y-hernan-lacunza-se-cruzaron-en-redes-por-la-alta-morosidad-y-el-rol-del-banco-central\/#primaryimage"},"thumbnailUrl":"https:\/\/gysfm.com.ar\/inicio\/wp-content\/uploads\/2026\/08\/hernan-lacunza-y-santiago-bausili-dos-ZGTD65VD4FDO3JVE6E6A6OHDBA.jpg","articleSection":["ECONOMIA"],"inLanguage":"es"},{"@type":"WebPage","@id":"https:\/\/gysfm.com.ar\/inicio\/santiago-bausili-y-hernan-lacunza-se-cruzaron-en-redes-por-la-alta-morosidad-y-el-rol-del-banco-central\/","url":"https:\/\/gysfm.com.ar\/inicio\/santiago-bausili-y-hernan-lacunza-se-cruzaron-en-redes-por-la-alta-morosidad-y-el-rol-del-banco-central\/","name":"Santiago Bausili y Hern\u00e1n Lacunza se cruzaron en redes por la alta morosidad y el rol del Banco Central - GYS NOTICIAS |","isPartOf":{"@id":"https:\/\/gysfm.com.ar\/inicio\/#website"},"primaryImageOfPage":{"@id":"https:\/\/gysfm.com.ar\/inicio\/santiago-bausili-y-hernan-lacunza-se-cruzaron-en-redes-por-la-alta-morosidad-y-el-rol-del-banco-central\/#primaryimage"},"image":{"@id":"https:\/\/gysfm.com.ar\/inicio\/santiago-bausili-y-hernan-lacunza-se-cruzaron-en-redes-por-la-alta-morosidad-y-el-rol-del-banco-central\/#primaryimage"},"thumbnailUrl":"https:\/\/gysfm.com.ar\/inicio\/wp-content\/uploads\/2026\/08\/hernan-lacunza-y-santiago-bausili-dos-ZGTD65VD4FDO3JVE6E6A6OHDBA.jpg","datePublished":"2026-08-27T21:59:49+00:00","dateModified":"2026-08-27T21:59:50+00:00","breadcrumb":{"@id":"https:\/\/gysfm.com.ar\/inicio\/santiago-bausili-y-hernan-lacunza-se-cruzaron-en-redes-por-la-alta-morosidad-y-el-rol-del-banco-central\/#breadcrumb"},"inLanguage":"es","potentialAction":[{"@type":"ReadAction","target":["https:\/\/gysfm.com.ar\/inicio\/santiago-bausili-y-hernan-lacunza-se-cruzaron-en-redes-por-la-alta-morosidad-y-el-rol-del-banco-central\/"]}]},{"@type":"ImageObject","inLanguage":"es","@id":"https:\/\/gysfm.com.ar\/inicio\/santiago-bausili-y-hernan-lacunza-se-cruzaron-en-redes-por-la-alta-morosidad-y-el-rol-del-banco-central\/#primaryimage","url":"https:\/\/gysfm.com.ar\/inicio\/wp-content\/uploads\/2026\/08\/hernan-lacunza-y-santiago-bausili-dos-ZGTD65VD4FDO3JVE6E6A6OHDBA.jpg","contentUrl":"https:\/\/gysfm.com.ar\/inicio\/wp-content\/uploads\/2026\/08\/hernan-lacunza-y-santiago-bausili-dos-ZGTD65VD4FDO3JVE6E6A6OHDBA.jpg","width":1200,"height":800},{"@type":"BreadcrumbList","@id":"https:\/\/gysfm.com.ar\/inicio\/santiago-bausili-y-hernan-lacunza-se-cruzaron-en-redes-por-la-alta-morosidad-y-el-rol-del-banco-central\/#breadcrumb","itemListElement":[{"@type":"ListItem","position":1,"name":"Portada","item":"https:\/\/gysfm.com.ar\/inicio\/"},{"@type":"ListItem","position":2,"name":"Santiago Bausili y Hern\u00e1n Lacunza se cruzaron en redes por la alta morosidad y el rol del Banco Central"}]},{"@type":"WebSite","@id":"https:\/\/gysfm.com.ar\/inicio\/#website","url":"https:\/\/gysfm.com.ar\/inicio\/","name":"GYS NOTICIAS |","description":"DIARIO - RADIO ONLINE SAN JUAN ARGENTINA","publisher":{"@id":"https:\/\/gysfm.com.ar\/inicio\/#organization"},"potentialAction":[{"@type":"SearchAction","target":{"@type":"EntryPoint","urlTemplate":"https:\/\/gysfm.com.ar\/inicio\/?s={search_term_string}"},"query-input":{"@type":"PropertyValueSpecification","valueRequired":true,"valueName":"search_term_string"}}],"inLanguage":"es"},{"@type":"Organization","@id":"https:\/\/gysfm.com.ar\/inicio\/#organization","name":"GYS NOTICIAS |","url":"https:\/\/gysfm.com.ar\/inicio\/","logo":{"@type":"ImageObject","inLanguage":"es","@id":"https:\/\/gysfm.com.ar\/inicio\/#\/schema\/logo\/image\/","url":"https:\/\/gysfm.com.ar\/inicio\/wp-content\/uploads\/2023\/07\/LOGOGYS-OK.png","contentUrl":"https:\/\/gysfm.com.ar\/inicio\/wp-content\/uploads\/2023\/07\/LOGOGYS-OK.png","width":1170,"height":872,"caption":"GYS NOTICIAS |"},"image":{"@id":"https:\/\/gysfm.com.ar\/inicio\/#\/schema\/logo\/image\/"}},{"@type":"Person","@id":"https:\/\/gysfm.com.ar\/inicio\/#\/schema\/person\/5bedd7ecd35cc35548d89effafa23696","name":"admin","image":{"@type":"ImageObject","inLanguage":"es","@id":"https:\/\/gysfm.com.ar\/inicio\/#\/schema\/person\/image\/","url":"https:\/\/secure.gravatar.com\/avatar\/c331d312b5243fb64d5ba28108a447b27c925295129a363082c9ea52c28d32c2?s=96&d=mm&r=g","contentUrl":"https:\/\/secure.gravatar.com\/avatar\/c331d312b5243fb64d5ba28108a447b27c925295129a363082c9ea52c28d32c2?s=96&d=mm&r=g","caption":"admin"},"sameAs":["https:\/\/gysfm.com.ar\/inicio"],"url":"https:\/\/gysfm.com.ar\/inicio\/author\/admin\/"}]}},"_links":{"self":[{"href":"https:\/\/gysfm.com.ar\/inicio\/wp-json\/wp\/v2\/posts\/209593","targetHints":{"allow":["GET"]}}],"collection":[{"href":"https:\/\/gysfm.com.ar\/inicio\/wp-json\/wp\/v2\/posts"}],"about":[{"href":"https:\/\/gysfm.com.ar\/inicio\/wp-json\/wp\/v2\/types\/post"}],"author":[{"embeddable":true,"href":"https:\/\/gysfm.com.ar\/inicio\/wp-json\/wp\/v2\/users\/1"}],"replies":[{"embeddable":true,"href":"https:\/\/gysfm.com.ar\/inicio\/wp-json\/wp\/v2\/comments?post=209593"}],"version-history":[{"count":1,"href":"https:\/\/gysfm.com.ar\/inicio\/wp-json\/wp\/v2\/posts\/209593\/revisions"}],"predecessor-version":[{"id":209595,"href":"https:\/\/gysfm.com.ar\/inicio\/wp-json\/wp\/v2\/posts\/209593\/revisions\/209595"}],"wp:featuredmedia":[{"embeddable":true,"href":"https:\/\/gysfm.com.ar\/inicio\/wp-json\/wp\/v2\/media\/209594"}],"wp:attachment":[{"href":"https:\/\/gysfm.com.ar\/inicio\/wp-json\/wp\/v2\/media?parent=209593"}],"wp:term":[{"taxonomy":"category","embeddable":true,"href":"https:\/\/gysfm.com.ar\/inicio\/wp-json\/wp\/v2\/categories?post=209593"},{"taxonomy":"post_tag","embeddable":true,"href":"https:\/\/gysfm.com.ar\/inicio\/wp-json\/wp\/v2\/tags?post=209593"}],"curies":[{"name":"wp","href":"https:\/\/api.w.org\/{rel}","templated":true}]}}