{"id":209585,"date":"2026-08-27T17:57:25","date_gmt":"2026-08-27T20:57:25","guid":{"rendered":"https:\/\/gysfm.com.ar\/inicio\/aeroparque-retomo-sus-operaciones-tras-55-horas-de-trabajos-de-mantenimiento\/"},"modified":"2026-08-27T17:57:26","modified_gmt":"2026-08-27T20:57:26","slug":"aeroparque-retomo-sus-operaciones-tras-55-horas-de-trabajos-de-mantenimiento","status":"publish","type":"post","link":"https:\/\/gysfm.com.ar\/inicio\/aeroparque-retomo-sus-operaciones-tras-55-horas-de-trabajos-de-mantenimiento\/","title":{"rendered":"Aeroparque retom\u00f3 sus operaciones tras 55 horas de trabajos de mantenimiento"},"content":{"rendered":"<p><\/p>\n<div>\n<p class=\"com-paragraph --capital --s\">El <a href=\"https:\/\/www.lanacion.com.ar\/economia\/obras-en-aeroparque-cuales-son-los-dias-de-la-semana-que-viene-en-los-que-no-habra-actividad-y-que-nid21082026\/\" target=\"_self\" title=\"https:\/\/www.lanacion.com.ar\/economia\/obras-en-aeroparque-cuales-son-los-dias-de-la-semana-que-viene-en-los-que-no-habra-actividad-y-que-nid21082026\/\" class=\"com-link break-word\" data-mrf-recirculation=\"n_link_parrafo\">Aeroparque Jorge Newbery<\/a> <strong>retom\u00f3 hoy sus operaciones a las 16, <\/strong>tal como estaba previsto, luego de permanecer <strong>cerrado durante 55 horas<\/strong> por trabajos de mantenimiento preventivo en la pista y tareas de puesta a punto en distintos sectores de la terminal.<\/p>\n<p class=\"com-paragraph --s\">Las obras comenzaron a las 9 del martes 25 de agosto y finalizaron a las 16 de este jueves 27. En la pista se realizaron tareas de bacheo preventivo y se reforz\u00f3 el sistema de balizamiento. En paralelo, se llevaron adelante trabajos de mantenimiento y mejoras en las instalaciones de la terminal.<\/p>\n<p class=\"com-paragraph --s\">Una de las principales novedades es la incorporaci\u00f3n de<strong> nuevos kioscos de <\/strong><em><strong>self check-in<\/strong><\/em><strong> y <\/strong><em><strong>self bag drop<\/strong><\/em><strong>,<\/strong> que permiten a los pasajeros realizar de manera aut\u00f3noma imprimir la tarjeta de embarque y despachar el equipaje.<\/p>\n<p class=\"com-paragraph --s\">Los equipos fueron instalados a lo largo de todo el hall p\u00fablico de mostradores. En total, se incorporaron 35 kioscos de <em>self check-in<\/em>, ocho <em>flex box<\/em> y 19 equipos de <em>self bag drop<\/em>. Seg\u00fan las estimaciones del concesionario Aeropuertos Argentina, este nuevo sistema <strong>permitir\u00e1 reducir en un 22% los tiempos de espera en las filas.<\/strong><\/p>\n<p class=\"com-paragraph --s\">Durante el cierre tambi\u00e9n se realiz\u00f3 una limpieza profunda de las \u00e1reas gastron\u00f3micas y de los locales comerciales, adem\u00e1s de los sectores de preembarque. <\/p>\n<p class=\"com-paragraph --s\">Mientras Aeroparque permaneci\u00f3 cerrado, <strong>parte de los vuelos fueron trasladados al Aeropuerto Internacional de Ezeiza.<\/strong> Durante el per\u00edodo de intervenci\u00f3n, Ezeiza registr\u00f3 940 movimientos, lo que represent\u00f3 un incremento de aproximadamente 80% en comparaci\u00f3n con su operaci\u00f3n habitual.<\/p>\n<div class=\"content-media\">\n<section role=\"button\" class=\"mod-media   \">\n<figure role=\"button\" tabindex=\"0\" class=\"mod-figure \"><figcaption class=\"mod-figcaption\"><span class=\"com-text --caption --twoxs\">Durante el per\u00edodo de intervenci\u00f3n, Ezeiza registr\u00f3 940 movimientos, lo que represent\u00f3 un incremento de aproximadamente 80% en comparaci\u00f3n con su operaci\u00f3n habitual<\/p>\n<p> .<\/span><span class=\"com-text --credit --twoxs\">Santiago Filipuzzi<\/span><\/figcaption><\/figure>\n<\/section>\n<\/div>\n<p class=\"com-paragraph --s\">En Aeroparque, en tanto, se contabilizaron aproximadamente 180 movimientos durante las horas previas al cierre \u2014el martes 25, entre las 0 y las 9\u2014 y durante el d\u00eda de la reapertura, este jueves 27, desde las 16.<\/p>\n<p class=\"com-paragraph --s\">Seg\u00fan explic\u00f3 la compa\u00f1\u00eda, las obras se enmarcan en el <strong>fuerte crecimiento de la operaci\u00f3n de Aeroparque y en las perspectivas de una nueva expansi\u00f3n de la actividad. <\/strong>El aumento de la oferta de vuelos y la demanda de las aerol\u00edneas y de la aviaci\u00f3n ejecutiva son algunos de los factores que impulsaron el plan de modernizaci\u00f3n.<\/p>\n<p><h2 class=\"font-primary font-w-bold text-subheading-lg text-left container-center-100 mb-8\"><span>Obras por m\u00e1s de US$85 millones<\/span><\/h2>\n<\/p>\n<p class=\"com-paragraph --s\">El cierre temporal de la pista forma parte de un proyecto integral de modernizaci\u00f3n de Aeroparque que <strong>contempla una inversi\u00f3n superior a los US$85 millones.<\/strong><\/p>\n<p class=\"com-paragraph --s\">El programa <strong>incluye la construcci\u00f3n de una nueva sala VIP,<\/strong> la ampliaci\u00f3n de la superficie comercial y la incorporaci\u00f3n de nuevas propuestas gastron\u00f3micas, entre ellas, Bis Caf\u00e9, que llegar\u00e1 a Aeroparque de la mano de Gonzalo Aramburu, el \u00fanico chef argentino que cuenta con dos estrellas Michelin. Tambi\u00e9n est\u00e1 prevista la apertura de un nuevo restaurante de la cadena Outback Steakhouse en el sector de preembarque nacional.<\/p>\n<p class=\"com-paragraph --s\">El proyecto contempla adem\u00e1s la ampliaci\u00f3n de los servicios del espacio \u201cAmo Viajar\u201d, destinado a brindar asistencia a pasajeros con necesidades espec\u00edficas. El sector contar\u00e1 con espacios reservados y equipamiento de asistencia especializada para adultos mayores, mujeres en per\u00edodo de lactancia y personas con requerimientos m\u00e9dicos particulares.<\/p>\n<p class=\"com-paragraph --s\">El programa integral de obras fue dise\u00f1ado en coordinaci\u00f3n con el Organismo Regulador del Sistema Nacional de Aeropuertos (Orsna), con el objetivo de optimizar los espacios de la terminal y mejorar los servicios para los distintos perfiles de pasajeros que utilizan diariamente Aeroparque.<\/p>\n<section class=\"container-center-100 mb-40 border border-bottom border-thin border-neutral-light-700\">\n<hr\/>\n<\/section>\n<\/div>\n<p><script id=\"facebookpixel\" defer=\"\" type=\"text\/javascript\">\n        !function(f,b,e,v,n,t,s)\n        {if(f.fbq)return;n=f.fbq=function(){n.callMethod?\n        n.callMethod.apply(n,arguments):n.queue.push(arguments)};\n        if(!f._fbq)f._fbq=n;n.push=n;n.loaded=!0;n.version='2.0';\n        n.queue=[];t=b.createElement(e);t.async=!0;\n        t.src=v;s=b.getElementsByTagName(e)[0];\n        s.parentNode.insertBefore(t,s)}(window, document,'script',\n        'https:\/\/connect.facebook.net\/en_US\/fbevents.js');\n        fbq('init', '492459597522335');\n        fbq('track', 'PageView');\n    <\/script><\/p>\n","protected":false},"excerpt":{"rendered":"<p>El Aeroparque Jorge Newbery retom\u00f3 hoy sus operaciones a las 16, tal como estaba previsto, luego de permanecer cerrado durante 55 horas por trabajos de mantenimiento preventivo en la pista y tareas de puesta a punto en distintos sectores de la terminal. Las obras comenzaron a las 9 del martes 25 de agosto y finalizaron [&hellip;]<\/p>\n","protected":false},"author":1,"featured_media":209586,"comment_status":"closed","ping_status":"closed","sticky":false,"template":"","format":"standard","meta":{"footnotes":""},"categories":[28],"tags":[],"class_list":["post-209585","post","type-post","status-publish","format-standard","has-post-thumbnail","hentry","category-economia"],"yoast_head":"<!-- This site is optimized with the Yoast SEO plugin v24.4 - https:\/\/yoast.com\/wordpress\/plugins\/seo\/ -->\n<title>Aeroparque retom\u00f3 sus operaciones tras 55 horas de trabajos de mantenimiento - GYS NOTICIAS |<\/title>\n<meta name=\"robots\" content=\"index, follow, max-snippet:-1, max-image-preview:large, max-video-preview:-1\" \/>\n<link rel=\"canonical\" href=\"https:\/\/gysfm.com.ar\/inicio\/aeroparque-retomo-sus-operaciones-tras-55-horas-de-trabajos-de-mantenimiento\/\" \/>\n<meta property=\"og:locale\" content=\"es_ES\" \/>\n<meta property=\"og:type\" content=\"article\" \/>\n<meta property=\"og:title\" content=\"Aeroparque retom\u00f3 sus operaciones tras 55 horas de trabajos de mantenimiento - GYS NOTICIAS |\" \/>\n<meta property=\"og:description\" content=\"El Aeroparque Jorge Newbery retom\u00f3 hoy sus operaciones a las 16, tal como estaba previsto, luego de permanecer cerrado durante 55 horas por trabajos de mantenimiento preventivo en la pista y tareas de puesta a punto en distintos sectores de la terminal. Las obras comenzaron a las 9 del martes 25 de agosto y finalizaron [&hellip;]\" \/>\n<meta property=\"og:url\" content=\"https:\/\/gysfm.com.ar\/inicio\/aeroparque-retomo-sus-operaciones-tras-55-horas-de-trabajos-de-mantenimiento\/\" \/>\n<meta property=\"og:site_name\" content=\"GYS NOTICIAS |\" \/>\n<meta property=\"article:published_time\" content=\"2026-08-27T20:57:25+00:00\" \/>\n<meta property=\"article:modified_time\" content=\"2026-08-27T20:57:26+00:00\" \/>\n<meta property=\"og:image\" content=\"https:\/\/gysfm.com.ar\/inicio\/wp-content\/uploads\/2026\/08\/en-la-pista-se-realizaron-tareas-de-bacheo-IQ57WHNYOVEAJK5P3OZPDIGZOU.jpg\" \/>\n\t<meta property=\"og:image:width\" content=\"1200\" \/>\n\t<meta property=\"og:image:height\" content=\"800\" \/>\n\t<meta property=\"og:image:type\" content=\"image\/jpeg\" \/>\n<meta name=\"author\" content=\"admin\" \/>\n<meta name=\"twitter:card\" content=\"summary_large_image\" \/>\n<meta name=\"twitter:label1\" content=\"Escrito por\" \/>\n\t<meta name=\"twitter:data1\" content=\"admin\" \/>\n\t<meta name=\"twitter:label2\" content=\"Tiempo de lectura\" \/>\n\t<meta name=\"twitter:data2\" content=\"3 minutos\" \/>\n<script type=\"application\/ld+json\" class=\"yoast-schema-graph\">{\"@context\":\"https:\/\/schema.org\",\"@graph\":[{\"@type\":\"Article\",\"@id\":\"https:\/\/gysfm.com.ar\/inicio\/aeroparque-retomo-sus-operaciones-tras-55-horas-de-trabajos-de-mantenimiento\/#article\",\"isPartOf\":{\"@id\":\"https:\/\/gysfm.com.ar\/inicio\/aeroparque-retomo-sus-operaciones-tras-55-horas-de-trabajos-de-mantenimiento\/\"},\"author\":{\"name\":\"admin\",\"@id\":\"https:\/\/gysfm.com.ar\/inicio\/#\/schema\/person\/5bedd7ecd35cc35548d89effafa23696\"},\"headline\":\"Aeroparque retom\u00f3 sus operaciones tras 55 horas de trabajos de mantenimiento\",\"datePublished\":\"2026-08-27T20:57:25+00:00\",\"dateModified\":\"2026-08-27T20:57:26+00:00\",\"mainEntityOfPage\":{\"@id\":\"https:\/\/gysfm.com.ar\/inicio\/aeroparque-retomo-sus-operaciones-tras-55-horas-de-trabajos-de-mantenimiento\/\"},\"wordCount\":583,\"publisher\":{\"@id\":\"https:\/\/gysfm.com.ar\/inicio\/#organization\"},\"image\":{\"@id\":\"https:\/\/gysfm.com.ar\/inicio\/aeroparque-retomo-sus-operaciones-tras-55-horas-de-trabajos-de-mantenimiento\/#primaryimage\"},\"thumbnailUrl\":\"https:\/\/gysfm.com.ar\/inicio\/wp-content\/uploads\/2026\/08\/en-la-pista-se-realizaron-tareas-de-bacheo-IQ57WHNYOVEAJK5P3OZPDIGZOU.jpg\",\"articleSection\":[\"ECONOMIA\"],\"inLanguage\":\"es\"},{\"@type\":\"WebPage\",\"@id\":\"https:\/\/gysfm.com.ar\/inicio\/aeroparque-retomo-sus-operaciones-tras-55-horas-de-trabajos-de-mantenimiento\/\",\"url\":\"https:\/\/gysfm.com.ar\/inicio\/aeroparque-retomo-sus-operaciones-tras-55-horas-de-trabajos-de-mantenimiento\/\",\"name\":\"Aeroparque retom\u00f3 sus operaciones tras 55 horas de trabajos de mantenimiento - GYS NOTICIAS |\",\"isPartOf\":{\"@id\":\"https:\/\/gysfm.com.ar\/inicio\/#website\"},\"primaryImageOfPage\":{\"@id\":\"https:\/\/gysfm.com.ar\/inicio\/aeroparque-retomo-sus-operaciones-tras-55-horas-de-trabajos-de-mantenimiento\/#primaryimage\"},\"image\":{\"@id\":\"https:\/\/gysfm.com.ar\/inicio\/aeroparque-retomo-sus-operaciones-tras-55-horas-de-trabajos-de-mantenimiento\/#primaryimage\"},\"thumbnailUrl\":\"https:\/\/gysfm.com.ar\/inicio\/wp-content\/uploads\/2026\/08\/en-la-pista-se-realizaron-tareas-de-bacheo-IQ57WHNYOVEAJK5P3OZPDIGZOU.jpg\",\"datePublished\":\"2026-08-27T20:57:25+00:00\",\"dateModified\":\"2026-08-27T20:57:26+00:00\",\"breadcrumb\":{\"@id\":\"https:\/\/gysfm.com.ar\/inicio\/aeroparque-retomo-sus-operaciones-tras-55-horas-de-trabajos-de-mantenimiento\/#breadcrumb\"},\"inLanguage\":\"es\",\"potentialAction\":[{\"@type\":\"ReadAction\",\"target\":[\"https:\/\/gysfm.com.ar\/inicio\/aeroparque-retomo-sus-operaciones-tras-55-horas-de-trabajos-de-mantenimiento\/\"]}]},{\"@type\":\"ImageObject\",\"inLanguage\":\"es\",\"@id\":\"https:\/\/gysfm.com.ar\/inicio\/aeroparque-retomo-sus-operaciones-tras-55-horas-de-trabajos-de-mantenimiento\/#primaryimage\",\"url\":\"https:\/\/gysfm.com.ar\/inicio\/wp-content\/uploads\/2026\/08\/en-la-pista-se-realizaron-tareas-de-bacheo-IQ57WHNYOVEAJK5P3OZPDIGZOU.jpg\",\"contentUrl\":\"https:\/\/gysfm.com.ar\/inicio\/wp-content\/uploads\/2026\/08\/en-la-pista-se-realizaron-tareas-de-bacheo-IQ57WHNYOVEAJK5P3OZPDIGZOU.jpg\",\"width\":1200,\"height\":800},{\"@type\":\"BreadcrumbList\",\"@id\":\"https:\/\/gysfm.com.ar\/inicio\/aeroparque-retomo-sus-operaciones-tras-55-horas-de-trabajos-de-mantenimiento\/#breadcrumb\",\"itemListElement\":[{\"@type\":\"ListItem\",\"position\":1,\"name\":\"Portada\",\"item\":\"https:\/\/gysfm.com.ar\/inicio\/\"},{\"@type\":\"ListItem\",\"position\":2,\"name\":\"Aeroparque retom\u00f3 sus operaciones tras 55 horas de trabajos de mantenimiento\"}]},{\"@type\":\"WebSite\",\"@id\":\"https:\/\/gysfm.com.ar\/inicio\/#website\",\"url\":\"https:\/\/gysfm.com.ar\/inicio\/\",\"name\":\"GYS NOTICIAS |\",\"description\":\"DIARIO - RADIO ONLINE SAN JUAN ARGENTINA\",\"publisher\":{\"@id\":\"https:\/\/gysfm.com.ar\/inicio\/#organization\"},\"potentialAction\":[{\"@type\":\"SearchAction\",\"target\":{\"@type\":\"EntryPoint\",\"urlTemplate\":\"https:\/\/gysfm.com.ar\/inicio\/?s={search_term_string}\"},\"query-input\":{\"@type\":\"PropertyValueSpecification\",\"valueRequired\":true,\"valueName\":\"search_term_string\"}}],\"inLanguage\":\"es\"},{\"@type\":\"Organization\",\"@id\":\"https:\/\/gysfm.com.ar\/inicio\/#organization\",\"name\":\"GYS NOTICIAS |\",\"url\":\"https:\/\/gysfm.com.ar\/inicio\/\",\"logo\":{\"@type\":\"ImageObject\",\"inLanguage\":\"es\",\"@id\":\"https:\/\/gysfm.com.ar\/inicio\/#\/schema\/logo\/image\/\",\"url\":\"https:\/\/gysfm.com.ar\/inicio\/wp-content\/uploads\/2023\/07\/LOGOGYS-OK.png\",\"contentUrl\":\"https:\/\/gysfm.com.ar\/inicio\/wp-content\/uploads\/2023\/07\/LOGOGYS-OK.png\",\"width\":1170,\"height\":872,\"caption\":\"GYS NOTICIAS |\"},\"image\":{\"@id\":\"https:\/\/gysfm.com.ar\/inicio\/#\/schema\/logo\/image\/\"}},{\"@type\":\"Person\",\"@id\":\"https:\/\/gysfm.com.ar\/inicio\/#\/schema\/person\/5bedd7ecd35cc35548d89effafa23696\",\"name\":\"admin\",\"image\":{\"@type\":\"ImageObject\",\"inLanguage\":\"es\",\"@id\":\"https:\/\/gysfm.com.ar\/inicio\/#\/schema\/person\/image\/\",\"url\":\"https:\/\/secure.gravatar.com\/avatar\/c331d312b5243fb64d5ba28108a447b27c925295129a363082c9ea52c28d32c2?s=96&d=mm&r=g\",\"contentUrl\":\"https:\/\/secure.gravatar.com\/avatar\/c331d312b5243fb64d5ba28108a447b27c925295129a363082c9ea52c28d32c2?s=96&d=mm&r=g\",\"caption\":\"admin\"},\"sameAs\":[\"https:\/\/gysfm.com.ar\/inicio\"],\"url\":\"https:\/\/gysfm.com.ar\/inicio\/author\/admin\/\"}]}<\/script>\n<!-- \/ Yoast SEO plugin. -->","yoast_head_json":{"title":"Aeroparque retom\u00f3 sus operaciones tras 55 horas de trabajos de mantenimiento - GYS NOTICIAS |","robots":{"index":"index","follow":"follow","max-snippet":"max-snippet:-1","max-image-preview":"max-image-preview:large","max-video-preview":"max-video-preview:-1"},"canonical":"https:\/\/gysfm.com.ar\/inicio\/aeroparque-retomo-sus-operaciones-tras-55-horas-de-trabajos-de-mantenimiento\/","og_locale":"es_ES","og_type":"article","og_title":"Aeroparque retom\u00f3 sus operaciones tras 55 horas de trabajos de mantenimiento - GYS NOTICIAS |","og_description":"El Aeroparque Jorge Newbery retom\u00f3 hoy sus operaciones a las 16, tal como estaba previsto, luego de permanecer cerrado durante 55 horas por trabajos de mantenimiento preventivo en la pista y tareas de puesta a punto en distintos sectores de la terminal. Las obras comenzaron a las 9 del martes 25 de agosto y finalizaron [&hellip;]","og_url":"https:\/\/gysfm.com.ar\/inicio\/aeroparque-retomo-sus-operaciones-tras-55-horas-de-trabajos-de-mantenimiento\/","og_site_name":"GYS NOTICIAS |","article_published_time":"2026-08-27T20:57:25+00:00","article_modified_time":"2026-08-27T20:57:26+00:00","og_image":[{"width":1200,"height":800,"url":"https:\/\/gysfm.com.ar\/inicio\/wp-content\/uploads\/2026\/08\/en-la-pista-se-realizaron-tareas-de-bacheo-IQ57WHNYOVEAJK5P3OZPDIGZOU.jpg","type":"image\/jpeg"}],"author":"admin","twitter_card":"summary_large_image","twitter_misc":{"Escrito por":"admin","Tiempo de lectura":"3 minutos"},"schema":{"@context":"https:\/\/schema.org","@graph":[{"@type":"Article","@id":"https:\/\/gysfm.com.ar\/inicio\/aeroparque-retomo-sus-operaciones-tras-55-horas-de-trabajos-de-mantenimiento\/#article","isPartOf":{"@id":"https:\/\/gysfm.com.ar\/inicio\/aeroparque-retomo-sus-operaciones-tras-55-horas-de-trabajos-de-mantenimiento\/"},"author":{"name":"admin","@id":"https:\/\/gysfm.com.ar\/inicio\/#\/schema\/person\/5bedd7ecd35cc35548d89effafa23696"},"headline":"Aeroparque retom\u00f3 sus operaciones tras 55 horas de trabajos de mantenimiento","datePublished":"2026-08-27T20:57:25+00:00","dateModified":"2026-08-27T20:57:26+00:00","mainEntityOfPage":{"@id":"https:\/\/gysfm.com.ar\/inicio\/aeroparque-retomo-sus-operaciones-tras-55-horas-de-trabajos-de-mantenimiento\/"},"wordCount":583,"publisher":{"@id":"https:\/\/gysfm.com.ar\/inicio\/#organization"},"image":{"@id":"https:\/\/gysfm.com.ar\/inicio\/aeroparque-retomo-sus-operaciones-tras-55-horas-de-trabajos-de-mantenimiento\/#primaryimage"},"thumbnailUrl":"https:\/\/gysfm.com.ar\/inicio\/wp-content\/uploads\/2026\/08\/en-la-pista-se-realizaron-tareas-de-bacheo-IQ57WHNYOVEAJK5P3OZPDIGZOU.jpg","articleSection":["ECONOMIA"],"inLanguage":"es"},{"@type":"WebPage","@id":"https:\/\/gysfm.com.ar\/inicio\/aeroparque-retomo-sus-operaciones-tras-55-horas-de-trabajos-de-mantenimiento\/","url":"https:\/\/gysfm.com.ar\/inicio\/aeroparque-retomo-sus-operaciones-tras-55-horas-de-trabajos-de-mantenimiento\/","name":"Aeroparque retom\u00f3 sus operaciones tras 55 horas de trabajos de mantenimiento - GYS NOTICIAS |","isPartOf":{"@id":"https:\/\/gysfm.com.ar\/inicio\/#website"},"primaryImageOfPage":{"@id":"https:\/\/gysfm.com.ar\/inicio\/aeroparque-retomo-sus-operaciones-tras-55-horas-de-trabajos-de-mantenimiento\/#primaryimage"},"image":{"@id":"https:\/\/gysfm.com.ar\/inicio\/aeroparque-retomo-sus-operaciones-tras-55-horas-de-trabajos-de-mantenimiento\/#primaryimage"},"thumbnailUrl":"https:\/\/gysfm.com.ar\/inicio\/wp-content\/uploads\/2026\/08\/en-la-pista-se-realizaron-tareas-de-bacheo-IQ57WHNYOVEAJK5P3OZPDIGZOU.jpg","datePublished":"2026-08-27T20:57:25+00:00","dateModified":"2026-08-27T20:57:26+00:00","breadcrumb":{"@id":"https:\/\/gysfm.com.ar\/inicio\/aeroparque-retomo-sus-operaciones-tras-55-horas-de-trabajos-de-mantenimiento\/#breadcrumb"},"inLanguage":"es","potentialAction":[{"@type":"ReadAction","target":["https:\/\/gysfm.com.ar\/inicio\/aeroparque-retomo-sus-operaciones-tras-55-horas-de-trabajos-de-mantenimiento\/"]}]},{"@type":"ImageObject","inLanguage":"es","@id":"https:\/\/gysfm.com.ar\/inicio\/aeroparque-retomo-sus-operaciones-tras-55-horas-de-trabajos-de-mantenimiento\/#primaryimage","url":"https:\/\/gysfm.com.ar\/inicio\/wp-content\/uploads\/2026\/08\/en-la-pista-se-realizaron-tareas-de-bacheo-IQ57WHNYOVEAJK5P3OZPDIGZOU.jpg","contentUrl":"https:\/\/gysfm.com.ar\/inicio\/wp-content\/uploads\/2026\/08\/en-la-pista-se-realizaron-tareas-de-bacheo-IQ57WHNYOVEAJK5P3OZPDIGZOU.jpg","width":1200,"height":800},{"@type":"BreadcrumbList","@id":"https:\/\/gysfm.com.ar\/inicio\/aeroparque-retomo-sus-operaciones-tras-55-horas-de-trabajos-de-mantenimiento\/#breadcrumb","itemListElement":[{"@type":"ListItem","position":1,"name":"Portada","item":"https:\/\/gysfm.com.ar\/inicio\/"},{"@type":"ListItem","position":2,"name":"Aeroparque retom\u00f3 sus operaciones tras 55 horas de trabajos de mantenimiento"}]},{"@type":"WebSite","@id":"https:\/\/gysfm.com.ar\/inicio\/#website","url":"https:\/\/gysfm.com.ar\/inicio\/","name":"GYS NOTICIAS |","description":"DIARIO - RADIO ONLINE SAN JUAN ARGENTINA","publisher":{"@id":"https:\/\/gysfm.com.ar\/inicio\/#organization"},"potentialAction":[{"@type":"SearchAction","target":{"@type":"EntryPoint","urlTemplate":"https:\/\/gysfm.com.ar\/inicio\/?s={search_term_string}"},"query-input":{"@type":"PropertyValueSpecification","valueRequired":true,"valueName":"search_term_string"}}],"inLanguage":"es"},{"@type":"Organization","@id":"https:\/\/gysfm.com.ar\/inicio\/#organization","name":"GYS NOTICIAS |","url":"https:\/\/gysfm.com.ar\/inicio\/","logo":{"@type":"ImageObject","inLanguage":"es","@id":"https:\/\/gysfm.com.ar\/inicio\/#\/schema\/logo\/image\/","url":"https:\/\/gysfm.com.ar\/inicio\/wp-content\/uploads\/2023\/07\/LOGOGYS-OK.png","contentUrl":"https:\/\/gysfm.com.ar\/inicio\/wp-content\/uploads\/2023\/07\/LOGOGYS-OK.png","width":1170,"height":872,"caption":"GYS NOTICIAS |"},"image":{"@id":"https:\/\/gysfm.com.ar\/inicio\/#\/schema\/logo\/image\/"}},{"@type":"Person","@id":"https:\/\/gysfm.com.ar\/inicio\/#\/schema\/person\/5bedd7ecd35cc35548d89effafa23696","name":"admin","image":{"@type":"ImageObject","inLanguage":"es","@id":"https:\/\/gysfm.com.ar\/inicio\/#\/schema\/person\/image\/","url":"https:\/\/secure.gravatar.com\/avatar\/c331d312b5243fb64d5ba28108a447b27c925295129a363082c9ea52c28d32c2?s=96&d=mm&r=g","contentUrl":"https:\/\/secure.gravatar.com\/avatar\/c331d312b5243fb64d5ba28108a447b27c925295129a363082c9ea52c28d32c2?s=96&d=mm&r=g","caption":"admin"},"sameAs":["https:\/\/gysfm.com.ar\/inicio"],"url":"https:\/\/gysfm.com.ar\/inicio\/author\/admin\/"}]}},"_links":{"self":[{"href":"https:\/\/gysfm.com.ar\/inicio\/wp-json\/wp\/v2\/posts\/209585","targetHints":{"allow":["GET"]}}],"collection":[{"href":"https:\/\/gysfm.com.ar\/inicio\/wp-json\/wp\/v2\/posts"}],"about":[{"href":"https:\/\/gysfm.com.ar\/inicio\/wp-json\/wp\/v2\/types\/post"}],"author":[{"embeddable":true,"href":"https:\/\/gysfm.com.ar\/inicio\/wp-json\/wp\/v2\/users\/1"}],"replies":[{"embeddable":true,"href":"https:\/\/gysfm.com.ar\/inicio\/wp-json\/wp\/v2\/comments?post=209585"}],"version-history":[{"count":1,"href":"https:\/\/gysfm.com.ar\/inicio\/wp-json\/wp\/v2\/posts\/209585\/revisions"}],"predecessor-version":[{"id":209587,"href":"https:\/\/gysfm.com.ar\/inicio\/wp-json\/wp\/v2\/posts\/209585\/revisions\/209587"}],"wp:featuredmedia":[{"embeddable":true,"href":"https:\/\/gysfm.com.ar\/inicio\/wp-json\/wp\/v2\/media\/209586"}],"wp:attachment":[{"href":"https:\/\/gysfm.com.ar\/inicio\/wp-json\/wp\/v2\/media?parent=209585"}],"wp:term":[{"taxonomy":"category","embeddable":true,"href":"https:\/\/gysfm.com.ar\/inicio\/wp-json\/wp\/v2\/categories?post=209585"},{"taxonomy":"post_tag","embeddable":true,"href":"https:\/\/gysfm.com.ar\/inicio\/wp-json\/wp\/v2\/tags?post=209585"}],"curies":[{"name":"wp","href":"https:\/\/api.w.org\/{rel}","templated":true}]}}