{"id":209582,"date":"2026-08-27T17:56:22","date_gmt":"2026-08-27T20:56:22","guid":{"rendered":"https:\/\/gysfm.com.ar\/inicio\/el-ceo-de-ryanair-redoblo-su-ataque-contra-el-ministro-de-transporte-de-pedro-sanchez-y-se-recrudece-la-pelea\/"},"modified":"2026-08-27T17:56:22","modified_gmt":"2026-08-27T20:56:22","slug":"el-ceo-de-ryanair-redoblo-su-ataque-contra-el-ministro-de-transporte-de-pedro-sanchez-y-se-recrudece-la-pelea","status":"publish","type":"post","link":"https:\/\/gysfm.com.ar\/inicio\/el-ceo-de-ryanair-redoblo-su-ataque-contra-el-ministro-de-transporte-de-pedro-sanchez-y-se-recrudece-la-pelea\/","title":{"rendered":"El CEO de Ryanair redobl\u00f3 su ataque contra el ministro de Transporte de Pedro S\u00e1nchez y se recrudece la pelea"},"content":{"rendered":"<p> <br \/>\n<\/p>\n<div>\n<p class=\"com-paragraph --capital --s\">MADRID.\u2013 El<strong> CEO del Grupo <\/strong><a href=\"https:\/\/www.lanacion.com.ar\/el-mundo\/ryanair-volvio-a-apuntar-contra-la-seleccion-con-una-filosa-chicana-nid14082026\/\" target=\"_self\" title=\"https:\/\/www.lanacion.com.ar\/el-mundo\/ryanair-volvio-a-apuntar-contra-la-seleccion-con-una-filosa-chicana-nid14082026\/\" class=\"com-link break-word\" data-mrf-recirculation=\"n_link_parrafo\"><strong>Ryanair<\/strong><\/a>, Michael O\u2019Leary, elev\u00f3 este mi\u00e9rcoles el tono de la<strong> disputa con el gobierno espa\u00f1ol <\/strong>y calific\u00f3 de <strong>\u201ctonto\u201d al ministro de Transportes, \u00d3scar Puente<\/strong>, al que acus\u00f3 de <strong>no reconocer que <\/strong><a href=\"https:\/\/www.lanacion.com.ar\/el-mundo\/el-gobierno-de-sanchez-endurece-las-leyes-de-extranjeria-y-asilo-en-linea-con-el-pacto-europeo-en-nid25082026\/\" target=\"_self\" title=\"https:\/\/www.lanacion.com.ar\/el-mundo\/el-gobierno-de-sanchez-endurece-las-leyes-de-extranjeria-y-asilo-en-linea-con-el-pacto-europeo-en-nid25082026\/\" class=\"com-link break-word\" data-mrf-recirculation=\"n_link_parrafo\"><strong>Espa\u00f1a<\/strong><\/a><strong> \u201cno es competitiva\u201d<\/strong>. <\/p>\n<p class=\"com-paragraph --s\">La ofensiva se produjo despu\u00e9s de que <strong>Puente atribuyera el recorte de vuelos regionales de la aerol\u00ednea a la escasez global de aviones y a los retrasos en las entregas de Boeing<\/strong>. <\/p>\n<p class=\"com-paragraph --s\"><strong>\u201cEspa\u00f1a puede crecer, pero solo con un ministro de Transportes que sepa sumar y restar y que reconozca que Espa\u00f1a no es competitiva\u201d<\/strong>, afirm\u00f3 O\u2019Leary en un video publicado por la compa\u00f1\u00eda en X. En tono a\u00fan m\u00e1s provocador, el ejecutivo agreg\u00f3: <strong>\u201cLa \u00fanica soluci\u00f3n es enviarle esta semana al ministro Puente el libro <\/strong><em><strong>Matem\u00e1ticas cl\u00e1sicas para tontos<\/strong><\/em><strong>, porque el ministro Puente es un tonto\u201d<\/strong>.<\/p>\n<p class=\"com-paragraph --s\">Puente respondi\u00f3 poco despu\u00e9s al ataque de O\u2019Leary y rechaz\u00f3 su acusaci\u00f3n sobre la falta de competitividad de Espa\u00f1a. <strong>\u201cS\u00e9 sumar perfectamente. Las tasas de los aeropuertos espa\u00f1oles son lo suficientemente bajas para que una sola persona de Ryanair se haya embolsado 100 millones de euros el a\u00f1o pasado\u201d<\/strong>, escribi\u00f3 el ministro en X. <\/p>\n<p class=\"com-paragraph --s\">Y en una nueva alusi\u00f3n al enfrentamiento por las tarifas aeroportuarias, agreg\u00f3: <strong>\u201cYa sabes: si no te gustan nuestras reglas, vuela a otro sitio\u201d<\/strong>.<\/p>\n<p class=\"com-paragraph --s\">El nuevo cruce es el \u00faltimo cap\u00edtulo de una<strong> disputa que enfrenta a Ryanair con Puente y con Aena<\/strong>, el gestor aeroportuario espa\u00f1ol, por las <strong>tarifas <\/strong>que pagan las aerol\u00edneas. El conflicto se intensific\u00f3 despu\u00e9s de que <strong>Ryanair anunciara un recorte de tres millones de asientos en aeropuertos regionales espa\u00f1oles entre 2025 y 2026<\/strong>, mientras<strong> aument\u00f3 en unas 600.000 plazas su oferta en grandes centros como Madrid, Barcelona, Palma de Mallorca y M\u00e1laga<\/strong>.<\/p>\n<p class=\"com-paragraph --s\"><strong>Puente sostiene que Ryanair utiliza el debate sobre las tasas para \u201cdisfrazar sus problemas\u201d de disponibilidad de aviones<\/strong> y presionar a los gobiernos para conseguir mejores condiciones. Seg\u00fan el ministro, los retrasos en las entregas de aeronaves afectan a toda la industria y la compa\u00f1\u00eda est\u00e1 trasladando aviones desde aeropuertos menos rentables hacia grandes centros donde obtiene mayores beneficios.<\/p>\n<p class=\"com-paragraph --s\">Ryanair rechaz\u00f3 esa explicaci\u00f3n y calific\u00f3 de <strong>\u201cfalsas y objetivamente incorrectas\u201d<\/strong> las afirmaciones del ministro sobre una supuesta falta de flota. La compa\u00f1\u00eda asegura que <strong>recibi\u00f3 \u00edntegramente los 210 Boeing 737 MAX-8200 de su pedido, pero decidi\u00f3 destinarlos a mercados que considera m\u00e1s competitivos, como Marruecos, Italia, Albania, Polonia, Eslovaquia y Suecia<\/strong>, debido a sus menores costos aeroportuarios. <\/p>\n<p class=\"com-paragraph --s\">La aerol\u00ednea asegur\u00f3 que est\u00e1 dispuesta a reforzar su presencia en las regiones espa\u00f1olas con parte de los <strong>300 nuevos aviones que prev\u00e9 recibir en los pr\u00f3ximos a\u00f1os<\/strong>, pero condicion\u00f3 esa expansi\u00f3n a una reducci\u00f3n de los costos aeroportuarios. <strong>\u201cEstaremos encantados de destinar a las regiones espa\u00f1olas parte de los 300 nuevos aviones que recibiremos en los pr\u00f3ximos a\u00f1os, siempre que sus aeropuertos vuelvan a ser competitivos y capaces de atraer crecimiento\u201d<\/strong>, afirm\u00f3 la compa\u00f1\u00eda en X.<\/p>\n<p class=\"com-paragraph --s\">Cerraron la publicaci\u00f3n con la expresi\u00f3n<strong> \u201cChao pescao\u201d<\/strong>, una referencia ir\u00f3nica a la frase que utiliz\u00f3 la presidenta de la comunidad de Madrid, Isabel D\u00edaz Ayuso, para dar por finalizada una acusaci\u00f3n por la compra de un lujoso departamento en el barrio madrile\u00f1o de Salamanca.<\/p>\n<p><h2 class=\"font-primary font-w-bold text-subheading-lg text-left container-center-100 mb-8\"><span>Enfrentamiento de larga data<\/span><\/h2>\n<\/p>\n<p class=\"com-paragraph --s\">El <strong>enfrentamiento entre Ryanair, el Gobierno espa\u00f1ol y Aena se arrastra desde 2024<\/strong>, cuando la<strong> aerol\u00ednea reclam\u00f3 congelar las tasas aeroportuarias<\/strong> y establecer nuevos incentivos para recuperar tr\u00e1fico en los aeropuertos regionales. La compa\u00f1\u00eda sostiene que los <strong>aumentos aplicados en 2024 y 2026, del 4,1% y 6,4%<\/strong>, respectivamente, redujeron la competitividad de esas instalaciones. En respuesta, <strong>Ryanair elimin\u00f3 su base en Santiago y ces\u00f3 operaciones en Valladolid, Jerez, Asturias, Tenerife Norte y Vigo<\/strong>, adem\u00e1s de recortar millones de asientos.<\/p>\n<div class=\"content-media\">\n<section role=\"button\" class=\"mod-media   \">\n<figure role=\"button\" tabindex=\"0\" class=\"mod-figure \"><figcaption class=\"mod-figcaption\"><span class=\"com-text --caption --twoxs\">El presidente de Ryanair, Michael O\u00b4Leary<\/span><\/figcaption><\/figure>\n<\/section>\n<\/div>\n<p class=\"com-paragraph --s\">Pese al conflicto por las tarifas, <strong>Espa\u00f1a sigue siendo un mercado clave para Ryanair<\/strong>. La <strong>aerol\u00ednea transporta all\u00ed m\u00e1s de 62 millones de pasajeros<\/strong> y mantiene una fuerte presencia en destinos como M\u00e1laga y Alicante, donde contin\u00faa ampliando su capacidad. <\/p>\n<p class=\"com-paragraph --s\">Tambi\u00e9n apuesta por Espa\u00f1a para el <strong>mantenimiento y la formaci\u00f3n de su nueva flota: cuenta con instalaciones en Madrid y Sevilla y prev\u00e9 invertir unos 500 millones de euros en dos centros de reparaci\u00f3n de motores que abrir\u00e1n entre 2029 y 2030<\/strong>, con la creaci\u00f3n de unos 600 empleos.<\/p>\n<p class=\"com-paragraph --s\">Ryanair sostiene que su posici\u00f3n coincide con la de la Asociaci\u00f3n de L\u00edneas A\u00e9reas de Espa\u00f1a (ALA), que re\u00fane a unas 70 compa\u00f1\u00edas y tambi\u00e9n reclama una reducci\u00f3n de las tarifas aeroportuarias. La aerol\u00ednea argumenta que los aeropuertos regionales espa\u00f1oles pierden competitividad frente a instalaciones de otros pa\u00edses europeos donde existen menores costos o incentivos para atraer nuevas rutas.<\/p>\n<p class=\"com-paragraph --s\">Aena, por su parte, sostiene que <strong>las tarifas aeroportuarias no se negocian individualmente con cada compa\u00f1\u00eda<\/strong>, sino que son iguales para todas y su c\u00e1lculo est\u00e1 regulado por ley. Adem\u00e1s, las tarifas espa\u00f1olas no se encuentran entre las m\u00e1s altas de Europa: var\u00edan seg\u00fan el aeropuerto y son considerablemente inferiores en algunas instalaciones regionales.<\/p>\n<div class=\"content-media\">\n<section role=\"button\" class=\"mod-media   \">\n<figure role=\"button\" tabindex=\"0\" class=\"mod-figure \"><figcaption class=\"mod-figcaption\"><span class=\"com-text --caption --twoxs\">El jefe de Ryanair volvi\u00f3 a cruzar a Puente<\/span><span class=\"com-text --credit --twoxs\">Thomas Banneyer &#8211; dpa DPA<\/span><\/figcaption><\/figure>\n<\/section>\n<\/div>\n<p class=\"com-paragraph --s\">El gobierno rechaza el argumento de Ryanair y defiende la competitividad del sistema aeroportuario espa\u00f1ol. <strong>Puente considera que la decisi\u00f3n de trasladar capacidad responde a una \u201cpura l\u00f3gica de maximizaci\u00f3n de beneficios\u201d<\/strong> y se\u00f1al\u00f3 que Madrid-Barajas y Barcelona-El Prat pueden resultar m\u00e1s rentables para la aerol\u00ednea pese a sus mayores tasas.<\/p>\n<p class=\"com-paragraph --s\">El enfrentamiento se produce adem\u00e1s mientras Espa\u00f1a atraviesa un fuerte crecimiento del tr\u00e1fico a\u00e9reo. Puente advirti\u00f3 que la red aeroportuaria se encuentra bajo presi\u00f3n ante la perspectiva de alcanzar los <strong>100 millones de turistas<\/strong> y defendi\u00f3 la aprobaci\u00f3n del Documento de Regulaci\u00f3n Aeroportuaria (DORA III), que contempla inversiones de hasta <strong>13.000 millones de euros entre 2027 y 2031<\/strong>.<\/p>\n<p class=\"com-paragraph --s\"><strong>Agencia Reuters y diario <\/strong><em><strong>El Pa\u00eds<\/strong><\/em><\/p>\n<section class=\"container-center-100 mb-40 border border-bottom border-thin border-neutral-light-700\">\n<hr\/>\n<\/section>\n<\/div>\n<p><script id=\"facebookpixel\" defer=\"\" type=\"text\/javascript\">\n        !function(f,b,e,v,n,t,s)\n        {if(f.fbq)return;n=f.fbq=function(){n.callMethod?\n        n.callMethod.apply(n,arguments):n.queue.push(arguments)};\n        if(!f._fbq)f._fbq=n;n.push=n;n.loaded=!0;n.version='2.0';\n        n.queue=[];t=b.createElement(e);t.async=!0;\n        t.src=v;s=b.getElementsByTagName(e)[0];\n        s.parentNode.insertBefore(t,s)}(window, document,'script',\n        'https:\/\/connect.facebook.net\/en_US\/fbevents.js');\n        fbq('init', '492459597522335');\n        fbq('track', 'PageView');\n    <\/script><br \/>\n<br \/><\/p>\n","protected":false},"excerpt":{"rendered":"<p>MADRID.\u2013 El CEO del Grupo Ryanair, Michael O\u2019Leary, elev\u00f3 este mi\u00e9rcoles el tono de la disputa con el gobierno espa\u00f1ol y calific\u00f3 de \u201ctonto\u201d al ministro de Transportes, \u00d3scar Puente, al que acus\u00f3 de no reconocer que Espa\u00f1a \u201cno es competitiva\u201d. La ofensiva se produjo despu\u00e9s de que Puente atribuyera el recorte de vuelos regionales [&hellip;]<\/p>\n","protected":false},"author":2,"featured_media":209583,"comment_status":"closed","ping_status":"closed","sticky":false,"template":"","format":"standard","meta":{"footnotes":""},"categories":[26],"tags":[],"class_list":["post-209582","post","type-post","status-publish","format-standard","has-post-thumbnail","hentry","category-internacionales"],"yoast_head":"<!-- This site is optimized with the Yoast SEO plugin v24.4 - https:\/\/yoast.com\/wordpress\/plugins\/seo\/ -->\n<title>El CEO de Ryanair redobl\u00f3 su ataque contra el ministro de Transporte de Pedro S\u00e1nchez y se recrudece la pelea - GYS NOTICIAS |<\/title>\n<meta name=\"robots\" content=\"index, follow, max-snippet:-1, max-image-preview:large, max-video-preview:-1\" \/>\n<link rel=\"canonical\" href=\"https:\/\/gysfm.com.ar\/inicio\/el-ceo-de-ryanair-redoblo-su-ataque-contra-el-ministro-de-transporte-de-pedro-sanchez-y-se-recrudece-la-pelea\/\" \/>\n<meta property=\"og:locale\" content=\"es_ES\" \/>\n<meta property=\"og:type\" content=\"article\" \/>\n<meta property=\"og:title\" content=\"El CEO de Ryanair redobl\u00f3 su ataque contra el ministro de Transporte de Pedro S\u00e1nchez y se recrudece la pelea - GYS NOTICIAS |\" \/>\n<meta property=\"og:description\" content=\"MADRID.\u2013 El CEO del Grupo Ryanair, Michael O\u2019Leary, elev\u00f3 este mi\u00e9rcoles el tono de la disputa con el gobierno espa\u00f1ol y calific\u00f3 de \u201ctonto\u201d al ministro de Transportes, \u00d3scar Puente, al que acus\u00f3 de no reconocer que Espa\u00f1a \u201cno es competitiva\u201d. La ofensiva se produjo despu\u00e9s de que Puente atribuyera el recorte de vuelos regionales [&hellip;]\" \/>\n<meta property=\"og:url\" content=\"https:\/\/gysfm.com.ar\/inicio\/el-ceo-de-ryanair-redoblo-su-ataque-contra-el-ministro-de-transporte-de-pedro-sanchez-y-se-recrudece-la-pelea\/\" \/>\n<meta property=\"og:site_name\" content=\"GYS NOTICIAS |\" \/>\n<meta property=\"article:published_time\" content=\"2026-08-27T20:56:22+00:00\" \/>\n<meta property=\"og:image\" content=\"https:\/\/gysfm.com.ar\/inicio\/wp-content\/uploads\/2026\/08\/el-aeropuerto-de-barajas-en-ZVHZHYXJVFDDVAX74DXZBZEJNU.jpg\" \/>\n\t<meta property=\"og:image:width\" content=\"1200\" \/>\n\t<meta property=\"og:image:height\" content=\"800\" \/>\n\t<meta property=\"og:image:type\" content=\"image\/jpeg\" \/>\n<meta name=\"author\" content=\"Prensa G&amp;S FM\" \/>\n<meta name=\"twitter:card\" content=\"summary_large_image\" \/>\n<meta name=\"twitter:label1\" content=\"Escrito por\" \/>\n\t<meta name=\"twitter:data1\" content=\"Prensa G&amp;S FM\" \/>\n\t<meta name=\"twitter:label2\" content=\"Tiempo de lectura\" \/>\n\t<meta name=\"twitter:data2\" content=\"5 minutos\" \/>\n<script type=\"application\/ld+json\" class=\"yoast-schema-graph\">{\"@context\":\"https:\/\/schema.org\",\"@graph\":[{\"@type\":\"Article\",\"@id\":\"https:\/\/gysfm.com.ar\/inicio\/el-ceo-de-ryanair-redoblo-su-ataque-contra-el-ministro-de-transporte-de-pedro-sanchez-y-se-recrudece-la-pelea\/#article\",\"isPartOf\":{\"@id\":\"https:\/\/gysfm.com.ar\/inicio\/el-ceo-de-ryanair-redoblo-su-ataque-contra-el-ministro-de-transporte-de-pedro-sanchez-y-se-recrudece-la-pelea\/\"},\"author\":{\"name\":\"Prensa G&amp;S FM\",\"@id\":\"https:\/\/gysfm.com.ar\/inicio\/#\/schema\/person\/3abba7593ef2ad19e1be221d54383dc5\"},\"headline\":\"El CEO de Ryanair redobl\u00f3 su ataque contra el ministro de Transporte de Pedro S\u00e1nchez y se recrudece la pelea\",\"datePublished\":\"2026-08-27T20:56:22+00:00\",\"mainEntityOfPage\":{\"@id\":\"https:\/\/gysfm.com.ar\/inicio\/el-ceo-de-ryanair-redoblo-su-ataque-contra-el-ministro-de-transporte-de-pedro-sanchez-y-se-recrudece-la-pelea\/\"},\"wordCount\":1048,\"publisher\":{\"@id\":\"https:\/\/gysfm.com.ar\/inicio\/#organization\"},\"image\":{\"@id\":\"https:\/\/gysfm.com.ar\/inicio\/el-ceo-de-ryanair-redoblo-su-ataque-contra-el-ministro-de-transporte-de-pedro-sanchez-y-se-recrudece-la-pelea\/#primaryimage\"},\"thumbnailUrl\":\"https:\/\/gysfm.com.ar\/inicio\/wp-content\/uploads\/2026\/08\/el-aeropuerto-de-barajas-en-ZVHZHYXJVFDDVAX74DXZBZEJNU.jpg\",\"articleSection\":[\"INTERNACIONALES\"],\"inLanguage\":\"es\"},{\"@type\":\"WebPage\",\"@id\":\"https:\/\/gysfm.com.ar\/inicio\/el-ceo-de-ryanair-redoblo-su-ataque-contra-el-ministro-de-transporte-de-pedro-sanchez-y-se-recrudece-la-pelea\/\",\"url\":\"https:\/\/gysfm.com.ar\/inicio\/el-ceo-de-ryanair-redoblo-su-ataque-contra-el-ministro-de-transporte-de-pedro-sanchez-y-se-recrudece-la-pelea\/\",\"name\":\"El CEO de Ryanair redobl\u00f3 su ataque contra el ministro de Transporte de Pedro S\u00e1nchez y se recrudece la pelea - GYS NOTICIAS |\",\"isPartOf\":{\"@id\":\"https:\/\/gysfm.com.ar\/inicio\/#website\"},\"primaryImageOfPage\":{\"@id\":\"https:\/\/gysfm.com.ar\/inicio\/el-ceo-de-ryanair-redoblo-su-ataque-contra-el-ministro-de-transporte-de-pedro-sanchez-y-se-recrudece-la-pelea\/#primaryimage\"},\"image\":{\"@id\":\"https:\/\/gysfm.com.ar\/inicio\/el-ceo-de-ryanair-redoblo-su-ataque-contra-el-ministro-de-transporte-de-pedro-sanchez-y-se-recrudece-la-pelea\/#primaryimage\"},\"thumbnailUrl\":\"https:\/\/gysfm.com.ar\/inicio\/wp-content\/uploads\/2026\/08\/el-aeropuerto-de-barajas-en-ZVHZHYXJVFDDVAX74DXZBZEJNU.jpg\",\"datePublished\":\"2026-08-27T20:56:22+00:00\",\"breadcrumb\":{\"@id\":\"https:\/\/gysfm.com.ar\/inicio\/el-ceo-de-ryanair-redoblo-su-ataque-contra-el-ministro-de-transporte-de-pedro-sanchez-y-se-recrudece-la-pelea\/#breadcrumb\"},\"inLanguage\":\"es\",\"potentialAction\":[{\"@type\":\"ReadAction\",\"target\":[\"https:\/\/gysfm.com.ar\/inicio\/el-ceo-de-ryanair-redoblo-su-ataque-contra-el-ministro-de-transporte-de-pedro-sanchez-y-se-recrudece-la-pelea\/\"]}]},{\"@type\":\"ImageObject\",\"inLanguage\":\"es\",\"@id\":\"https:\/\/gysfm.com.ar\/inicio\/el-ceo-de-ryanair-redoblo-su-ataque-contra-el-ministro-de-transporte-de-pedro-sanchez-y-se-recrudece-la-pelea\/#primaryimage\",\"url\":\"https:\/\/gysfm.com.ar\/inicio\/wp-content\/uploads\/2026\/08\/el-aeropuerto-de-barajas-en-ZVHZHYXJVFDDVAX74DXZBZEJNU.jpg\",\"contentUrl\":\"https:\/\/gysfm.com.ar\/inicio\/wp-content\/uploads\/2026\/08\/el-aeropuerto-de-barajas-en-ZVHZHYXJVFDDVAX74DXZBZEJNU.jpg\",\"width\":1200,\"height\":800},{\"@type\":\"BreadcrumbList\",\"@id\":\"https:\/\/gysfm.com.ar\/inicio\/el-ceo-de-ryanair-redoblo-su-ataque-contra-el-ministro-de-transporte-de-pedro-sanchez-y-se-recrudece-la-pelea\/#breadcrumb\",\"itemListElement\":[{\"@type\":\"ListItem\",\"position\":1,\"name\":\"Portada\",\"item\":\"https:\/\/gysfm.com.ar\/inicio\/\"},{\"@type\":\"ListItem\",\"position\":2,\"name\":\"El CEO de Ryanair redobl\u00f3 su ataque contra el ministro de Transporte de Pedro S\u00e1nchez y se recrudece la pelea\"}]},{\"@type\":\"WebSite\",\"@id\":\"https:\/\/gysfm.com.ar\/inicio\/#website\",\"url\":\"https:\/\/gysfm.com.ar\/inicio\/\",\"name\":\"GYS NOTICIAS |\",\"description\":\"DIARIO - RADIO ONLINE SAN JUAN ARGENTINA\",\"publisher\":{\"@id\":\"https:\/\/gysfm.com.ar\/inicio\/#organization\"},\"potentialAction\":[{\"@type\":\"SearchAction\",\"target\":{\"@type\":\"EntryPoint\",\"urlTemplate\":\"https:\/\/gysfm.com.ar\/inicio\/?s={search_term_string}\"},\"query-input\":{\"@type\":\"PropertyValueSpecification\",\"valueRequired\":true,\"valueName\":\"search_term_string\"}}],\"inLanguage\":\"es\"},{\"@type\":\"Organization\",\"@id\":\"https:\/\/gysfm.com.ar\/inicio\/#organization\",\"name\":\"GYS NOTICIAS |\",\"url\":\"https:\/\/gysfm.com.ar\/inicio\/\",\"logo\":{\"@type\":\"ImageObject\",\"inLanguage\":\"es\",\"@id\":\"https:\/\/gysfm.com.ar\/inicio\/#\/schema\/logo\/image\/\",\"url\":\"https:\/\/gysfm.com.ar\/inicio\/wp-content\/uploads\/2023\/07\/LOGOGYS-OK.png\",\"contentUrl\":\"https:\/\/gysfm.com.ar\/inicio\/wp-content\/uploads\/2023\/07\/LOGOGYS-OK.png\",\"width\":1170,\"height\":872,\"caption\":\"GYS NOTICIAS |\"},\"image\":{\"@id\":\"https:\/\/gysfm.com.ar\/inicio\/#\/schema\/logo\/image\/\"}},{\"@type\":\"Person\",\"@id\":\"https:\/\/gysfm.com.ar\/inicio\/#\/schema\/person\/3abba7593ef2ad19e1be221d54383dc5\",\"name\":\"Prensa G&amp;S FM\",\"image\":{\"@type\":\"ImageObject\",\"inLanguage\":\"es\",\"@id\":\"https:\/\/gysfm.com.ar\/inicio\/#\/schema\/person\/image\/\",\"url\":\"https:\/\/secure.gravatar.com\/avatar\/096ec78df02049ab018702bb4ccedf659377fa92a26540b5247612077a0dbd29?s=96&d=mm&r=g\",\"contentUrl\":\"https:\/\/secure.gravatar.com\/avatar\/096ec78df02049ab018702bb4ccedf659377fa92a26540b5247612077a0dbd29?s=96&d=mm&r=g\",\"caption\":\"Prensa G&amp;S FM\"},\"sameAs\":[\"https:\/\/gysfm.com.ar\/\"],\"url\":\"https:\/\/gysfm.com.ar\/inicio\/author\/lucasm\/\"}]}<\/script>\n<!-- \/ Yoast SEO plugin. -->","yoast_head_json":{"title":"El CEO de Ryanair redobl\u00f3 su ataque contra el ministro de Transporte de Pedro S\u00e1nchez y se recrudece la pelea - GYS NOTICIAS |","robots":{"index":"index","follow":"follow","max-snippet":"max-snippet:-1","max-image-preview":"max-image-preview:large","max-video-preview":"max-video-preview:-1"},"canonical":"https:\/\/gysfm.com.ar\/inicio\/el-ceo-de-ryanair-redoblo-su-ataque-contra-el-ministro-de-transporte-de-pedro-sanchez-y-se-recrudece-la-pelea\/","og_locale":"es_ES","og_type":"article","og_title":"El CEO de Ryanair redobl\u00f3 su ataque contra el ministro de Transporte de Pedro S\u00e1nchez y se recrudece la pelea - GYS NOTICIAS |","og_description":"MADRID.\u2013 El CEO del Grupo Ryanair, Michael O\u2019Leary, elev\u00f3 este mi\u00e9rcoles el tono de la disputa con el gobierno espa\u00f1ol y calific\u00f3 de \u201ctonto\u201d al ministro de Transportes, \u00d3scar Puente, al que acus\u00f3 de no reconocer que Espa\u00f1a \u201cno es competitiva\u201d. La ofensiva se produjo despu\u00e9s de que Puente atribuyera el recorte de vuelos regionales [&hellip;]","og_url":"https:\/\/gysfm.com.ar\/inicio\/el-ceo-de-ryanair-redoblo-su-ataque-contra-el-ministro-de-transporte-de-pedro-sanchez-y-se-recrudece-la-pelea\/","og_site_name":"GYS NOTICIAS |","article_published_time":"2026-08-27T20:56:22+00:00","og_image":[{"width":1200,"height":800,"url":"https:\/\/gysfm.com.ar\/inicio\/wp-content\/uploads\/2026\/08\/el-aeropuerto-de-barajas-en-ZVHZHYXJVFDDVAX74DXZBZEJNU.jpg","type":"image\/jpeg"}],"author":"Prensa G&amp;S FM","twitter_card":"summary_large_image","twitter_misc":{"Escrito por":"Prensa G&amp;S FM","Tiempo de lectura":"5 minutos"},"schema":{"@context":"https:\/\/schema.org","@graph":[{"@type":"Article","@id":"https:\/\/gysfm.com.ar\/inicio\/el-ceo-de-ryanair-redoblo-su-ataque-contra-el-ministro-de-transporte-de-pedro-sanchez-y-se-recrudece-la-pelea\/#article","isPartOf":{"@id":"https:\/\/gysfm.com.ar\/inicio\/el-ceo-de-ryanair-redoblo-su-ataque-contra-el-ministro-de-transporte-de-pedro-sanchez-y-se-recrudece-la-pelea\/"},"author":{"name":"Prensa G&amp;S FM","@id":"https:\/\/gysfm.com.ar\/inicio\/#\/schema\/person\/3abba7593ef2ad19e1be221d54383dc5"},"headline":"El CEO de Ryanair redobl\u00f3 su ataque contra el ministro de Transporte de Pedro S\u00e1nchez y se recrudece la pelea","datePublished":"2026-08-27T20:56:22+00:00","mainEntityOfPage":{"@id":"https:\/\/gysfm.com.ar\/inicio\/el-ceo-de-ryanair-redoblo-su-ataque-contra-el-ministro-de-transporte-de-pedro-sanchez-y-se-recrudece-la-pelea\/"},"wordCount":1048,"publisher":{"@id":"https:\/\/gysfm.com.ar\/inicio\/#organization"},"image":{"@id":"https:\/\/gysfm.com.ar\/inicio\/el-ceo-de-ryanair-redoblo-su-ataque-contra-el-ministro-de-transporte-de-pedro-sanchez-y-se-recrudece-la-pelea\/#primaryimage"},"thumbnailUrl":"https:\/\/gysfm.com.ar\/inicio\/wp-content\/uploads\/2026\/08\/el-aeropuerto-de-barajas-en-ZVHZHYXJVFDDVAX74DXZBZEJNU.jpg","articleSection":["INTERNACIONALES"],"inLanguage":"es"},{"@type":"WebPage","@id":"https:\/\/gysfm.com.ar\/inicio\/el-ceo-de-ryanair-redoblo-su-ataque-contra-el-ministro-de-transporte-de-pedro-sanchez-y-se-recrudece-la-pelea\/","url":"https:\/\/gysfm.com.ar\/inicio\/el-ceo-de-ryanair-redoblo-su-ataque-contra-el-ministro-de-transporte-de-pedro-sanchez-y-se-recrudece-la-pelea\/","name":"El CEO de Ryanair redobl\u00f3 su ataque contra el ministro de Transporte de Pedro S\u00e1nchez y se recrudece la pelea - GYS NOTICIAS |","isPartOf":{"@id":"https:\/\/gysfm.com.ar\/inicio\/#website"},"primaryImageOfPage":{"@id":"https:\/\/gysfm.com.ar\/inicio\/el-ceo-de-ryanair-redoblo-su-ataque-contra-el-ministro-de-transporte-de-pedro-sanchez-y-se-recrudece-la-pelea\/#primaryimage"},"image":{"@id":"https:\/\/gysfm.com.ar\/inicio\/el-ceo-de-ryanair-redoblo-su-ataque-contra-el-ministro-de-transporte-de-pedro-sanchez-y-se-recrudece-la-pelea\/#primaryimage"},"thumbnailUrl":"https:\/\/gysfm.com.ar\/inicio\/wp-content\/uploads\/2026\/08\/el-aeropuerto-de-barajas-en-ZVHZHYXJVFDDVAX74DXZBZEJNU.jpg","datePublished":"2026-08-27T20:56:22+00:00","breadcrumb":{"@id":"https:\/\/gysfm.com.ar\/inicio\/el-ceo-de-ryanair-redoblo-su-ataque-contra-el-ministro-de-transporte-de-pedro-sanchez-y-se-recrudece-la-pelea\/#breadcrumb"},"inLanguage":"es","potentialAction":[{"@type":"ReadAction","target":["https:\/\/gysfm.com.ar\/inicio\/el-ceo-de-ryanair-redoblo-su-ataque-contra-el-ministro-de-transporte-de-pedro-sanchez-y-se-recrudece-la-pelea\/"]}]},{"@type":"ImageObject","inLanguage":"es","@id":"https:\/\/gysfm.com.ar\/inicio\/el-ceo-de-ryanair-redoblo-su-ataque-contra-el-ministro-de-transporte-de-pedro-sanchez-y-se-recrudece-la-pelea\/#primaryimage","url":"https:\/\/gysfm.com.ar\/inicio\/wp-content\/uploads\/2026\/08\/el-aeropuerto-de-barajas-en-ZVHZHYXJVFDDVAX74DXZBZEJNU.jpg","contentUrl":"https:\/\/gysfm.com.ar\/inicio\/wp-content\/uploads\/2026\/08\/el-aeropuerto-de-barajas-en-ZVHZHYXJVFDDVAX74DXZBZEJNU.jpg","width":1200,"height":800},{"@type":"BreadcrumbList","@id":"https:\/\/gysfm.com.ar\/inicio\/el-ceo-de-ryanair-redoblo-su-ataque-contra-el-ministro-de-transporte-de-pedro-sanchez-y-se-recrudece-la-pelea\/#breadcrumb","itemListElement":[{"@type":"ListItem","position":1,"name":"Portada","item":"https:\/\/gysfm.com.ar\/inicio\/"},{"@type":"ListItem","position":2,"name":"El CEO de Ryanair redobl\u00f3 su ataque contra el ministro de Transporte de Pedro S\u00e1nchez y se recrudece la pelea"}]},{"@type":"WebSite","@id":"https:\/\/gysfm.com.ar\/inicio\/#website","url":"https:\/\/gysfm.com.ar\/inicio\/","name":"GYS NOTICIAS |","description":"DIARIO - RADIO ONLINE SAN JUAN ARGENTINA","publisher":{"@id":"https:\/\/gysfm.com.ar\/inicio\/#organization"},"potentialAction":[{"@type":"SearchAction","target":{"@type":"EntryPoint","urlTemplate":"https:\/\/gysfm.com.ar\/inicio\/?s={search_term_string}"},"query-input":{"@type":"PropertyValueSpecification","valueRequired":true,"valueName":"search_term_string"}}],"inLanguage":"es"},{"@type":"Organization","@id":"https:\/\/gysfm.com.ar\/inicio\/#organization","name":"GYS NOTICIAS |","url":"https:\/\/gysfm.com.ar\/inicio\/","logo":{"@type":"ImageObject","inLanguage":"es","@id":"https:\/\/gysfm.com.ar\/inicio\/#\/schema\/logo\/image\/","url":"https:\/\/gysfm.com.ar\/inicio\/wp-content\/uploads\/2023\/07\/LOGOGYS-OK.png","contentUrl":"https:\/\/gysfm.com.ar\/inicio\/wp-content\/uploads\/2023\/07\/LOGOGYS-OK.png","width":1170,"height":872,"caption":"GYS NOTICIAS |"},"image":{"@id":"https:\/\/gysfm.com.ar\/inicio\/#\/schema\/logo\/image\/"}},{"@type":"Person","@id":"https:\/\/gysfm.com.ar\/inicio\/#\/schema\/person\/3abba7593ef2ad19e1be221d54383dc5","name":"Prensa G&amp;S FM","image":{"@type":"ImageObject","inLanguage":"es","@id":"https:\/\/gysfm.com.ar\/inicio\/#\/schema\/person\/image\/","url":"https:\/\/secure.gravatar.com\/avatar\/096ec78df02049ab018702bb4ccedf659377fa92a26540b5247612077a0dbd29?s=96&d=mm&r=g","contentUrl":"https:\/\/secure.gravatar.com\/avatar\/096ec78df02049ab018702bb4ccedf659377fa92a26540b5247612077a0dbd29?s=96&d=mm&r=g","caption":"Prensa G&amp;S FM"},"sameAs":["https:\/\/gysfm.com.ar\/"],"url":"https:\/\/gysfm.com.ar\/inicio\/author\/lucasm\/"}]}},"_links":{"self":[{"href":"https:\/\/gysfm.com.ar\/inicio\/wp-json\/wp\/v2\/posts\/209582","targetHints":{"allow":["GET"]}}],"collection":[{"href":"https:\/\/gysfm.com.ar\/inicio\/wp-json\/wp\/v2\/posts"}],"about":[{"href":"https:\/\/gysfm.com.ar\/inicio\/wp-json\/wp\/v2\/types\/post"}],"author":[{"embeddable":true,"href":"https:\/\/gysfm.com.ar\/inicio\/wp-json\/wp\/v2\/users\/2"}],"replies":[{"embeddable":true,"href":"https:\/\/gysfm.com.ar\/inicio\/wp-json\/wp\/v2\/comments?post=209582"}],"version-history":[{"count":1,"href":"https:\/\/gysfm.com.ar\/inicio\/wp-json\/wp\/v2\/posts\/209582\/revisions"}],"predecessor-version":[{"id":209584,"href":"https:\/\/gysfm.com.ar\/inicio\/wp-json\/wp\/v2\/posts\/209582\/revisions\/209584"}],"wp:featuredmedia":[{"embeddable":true,"href":"https:\/\/gysfm.com.ar\/inicio\/wp-json\/wp\/v2\/media\/209583"}],"wp:attachment":[{"href":"https:\/\/gysfm.com.ar\/inicio\/wp-json\/wp\/v2\/media?parent=209582"}],"wp:term":[{"taxonomy":"category","embeddable":true,"href":"https:\/\/gysfm.com.ar\/inicio\/wp-json\/wp\/v2\/categories?post=209582"},{"taxonomy":"post_tag","embeddable":true,"href":"https:\/\/gysfm.com.ar\/inicio\/wp-json\/wp\/v2\/tags?post=209582"}],"curies":[{"name":"wp","href":"https:\/\/api.w.org\/{rel}","templated":true}]}}