{"id":209580,"date":"2026-08-27T17:25:19","date_gmt":"2026-08-27T20:25:19","guid":{"rendered":"https:\/\/gysfm.com.ar\/inicio\/se-abrio-una-pulseada-entre-bancos-y-sociedades-de-bolsa-para-atraer-a-empresas\/"},"modified":"2026-08-27T17:25:19","modified_gmt":"2026-08-27T20:25:19","slug":"se-abrio-una-pulseada-entre-bancos-y-sociedades-de-bolsa-para-atraer-a-empresas","status":"publish","type":"post","link":"https:\/\/gysfm.com.ar\/inicio\/se-abrio-una-pulseada-entre-bancos-y-sociedades-de-bolsa-para-atraer-a-empresas\/","title":{"rendered":"se abri\u00f3 una pulseada entre bancos y sociedades de bolsa para atraer a empresas"},"content":{"rendered":"<p> <br \/>\n<\/p>\n<div id=\"\">\n<p id=\"p-1787780993389-94933\">Los <strong>Fondos de Asistencia Laboral (FAL)<\/strong> est\u00e1 previsto que debuten el pr\u00f3ximo<strong> 1\u00b0 de noviembre<\/strong>, si es que no existe ning\u00fan contratiempo que lo aplace. Esto generar\u00e1 una inyecci\u00f3n importante de dinero al mercado de capitales que ya generan una<strong> fuerte competencia entre bancos y Agentes de Liquidaci\u00f3n y Compensaci\u00f3n (ALyCs)<\/strong> por ver quien capta esa masa de efectivo proveniente de los <strong>aportes de los trabajadores a la seguridad social<\/strong>, que para las grandes empresas ser\u00e1 del 1% y las peque\u00f1as y medianas del 2,5%.<\/p>\n<\/div>\n<div id=\"\">\n<p id=\"p-1787787961740-54950\">Para tomar dimensi\u00f3n, se estima que <strong>el primer a\u00f1o el FAL ser\u00e1 de u$s2.000 millones <\/strong>y en el segundo, de u$s4.000 millones. \u00ab<strong data-start=\"9189\" data-end=\"9394\">En el d\u00e9cimo a\u00f1o, capitaliz\u00e1ndolo, estamos hablando de un 5% del PIB\u00bb<\/strong>, calcularon desde<strong> Grupo IEB<\/strong>. Por este fondo millonario, tanto bancos como ALyCs y agentes fiduciarios salieron a ofrecer su servicio a empresas, orientado sobre todo a grandes n\u00f3minas de empleados. Si bien hoy se pone el ojo en los beneficios que otorga cada administradora de fondos, todos los actores coinciden en que se compite por qu\u00e9 fondo rinde m\u00e1s.<\/p>\n<\/div>\n<div id=\"\">\n<p id=\"p-1787781439050-95746\"> Los <strong>bancos<\/strong>, a trav\u00e9s de sus sociedades gerentes, salieron a ofrecer<strong> grandes beneficios a sus clientes para quedarse con los fondos<\/strong> provenientes de esas empresas que tienen pago de salarios y que operan a diario con ellos. Dos grandes bancos ya propusieron <strong>comisi\u00f3n 0%<\/strong> a sus clientes y apuntan a quedarse con la totalidad de las compa\u00f1\u00edas que tienen n\u00f3mina en su entidad. <strong>\u00abMe dijeron que despiden a toda la gerencia del banco si no se quedan con todos los clientes grandes despu\u00e9s de renunciar a la comisi\u00f3n\u00bb<\/strong>, confi\u00f3 a <strong>\u00c1mbito<\/strong> una persona del mercado.<\/p>\n<\/div>\n<div id=\"\">\n<p id=\"p-1787782076536-10421\">Asimismo, una de esas entidades ofrece beneficios para empleados de esas empresas como <strong>paquetes bonificados, mayores l\u00edmites de cr\u00e9dito, adelantos de sueldo y transferencias con tarjeta de cr\u00e9dito<\/strong>. Ese mismo banco contempla <strong>tasas exclusivas para l\u00edneas de financiamiento<\/strong>: pr\u00e9stamos hipotecarios a UVA+7,5% (similar al que lanz\u00f3 este mi\u00e9rcoles el Gobierno; \u00bfutilizar\u00e1n el dinero proveniente del FGS como \u00abbeneficio para empleados\u00bb de sus clientes?) y -10% de tasa para cr\u00e9ditos personales.<\/p>\n<\/div>\n<div id=\"\">\n<p id=\"p-1787782356189-60170\"><strong>En la city, las gestoras privadas estiman que podr\u00edan administrar entre un 25% y un 30% del FAL. <\/strong>Eso ya ser\u00eda considerado un \u00ab\u00e9xito\u00bb. De esta manera, <strong>el otro 70% ser\u00eda de los bancos<\/strong>, que tienen la delantera por tener n\u00f3mina y operar con esas empresas ya desde hace a\u00f1os.<\/p>\n<\/div>\n<div id=\"\">\n<p id=\"p-1787785139558-29376\"><strong>\u00abLos bancos salieron re agresivos a ofrecer beneficios para empresas y empleados de esas empresas. Nosotros tambi\u00e9n podemos ofrecerlos. Te puedo decir: &#8216;Dame tu FAL y te doy un bono'\u00bb<\/strong>, dijo <strong>Juan Ignacio Abuchdid<\/strong>, presidente de <strong>Grupo IEB<\/strong>, quien lejos de achicarse redobl\u00f3 la apuesta.<\/p>\n<p id=\"p-1787786401997-43464\">En una reuni\u00f3n con periodistas, desde Grupo IEB subrayaron la importancia de ofrecer el servicio a lo largo y ancho del pa\u00eds, present\u00e1ndose con c\u00e1maras empresarias en diferentes provincias para poder penetrar el territorio, llevando informaci\u00f3n sobre el FAL y educaci\u00f3n financiera.<\/p>\n<p id=\"p-1787786890261-4520\">Adem\u00e1s, destacaron la <strong>cercan\u00eda de los ALyCs con las pymes<\/strong> a diferencia del v\u00ednculo con un banco grande. \u00abYo conozco el nombre de los hijos de mis clientes, no creo que ning\u00fan asesor de un banco pueda decir lo mismo. La relaci\u00f3n es diferente\u00bb, enfatizaron desde <strong>Grupo IEB<\/strong>.<\/p>\n<h2 id=\"p-1787785140646-96193\">FAL: \u00bfqu\u00e9 tipo de veh\u00edculos ofrecer\u00e1n los bancos y ALyCs?<\/h2>\n<p id=\"p-1787783444761-65362\">Si bien desde el <strong>Asset Management<\/strong> de <strong>Santander<\/strong> no detallaron beneficios puntuales que ofrezcan a sus clientes para tentarlos de administrarle los fondos, s\u00ed se\u00f1alaron que tienen pensado lanzar dos <strong>Fondos Comunes de Inversi\u00f3n (FCI) de FAL multiempresa<\/strong>. Aunque si existe una demanda de clientes grandes por un Fondo Fiduciario, se analizar\u00e1 la posibilidad de ofrecerlo.<\/p>\n<p id=\"p-1787784630101-29948\" class=\"\" data-start=\"1597\" data-end=\"1960\">\u201cTendr\u00e1n dos pol\u00edticas de inversi\u00f3n definidas y diferenciadas: uno un poco m\u00e1s de corto plazo, m\u00e1s conservador, y otro que tenga un horizonte de inversi\u00f3n un poquito m\u00e1s largo, atado a instrumentos que ajusten por alguna cl\u00e1usula, por ejemplo inflaci\u00f3n o CER\u00bb, confi\u00f3 a este medio <strong>Daniela Castaldo<\/strong>, CEO de Santander Asset Management.<\/p>\n<p id=\"p-1787784683491-72284\" class=\"\" data-start=\"1597\" data-end=\"1960\">En ese sentido, Castaldo explic\u00f3 que el m\u00e1s conservador puede estar orientado a una empresa que necesite utilizarlo en el corto plazo. <strong>El mercado ve el FAL como una herramienta de planificaci\u00f3n financiera para las empresas<\/strong>, es algo que se repite en entidades bancarias, ALyCs y agentes fiduciarios financieros. Por eso mismo es que desde Santander subrayaron que el tipo de FAL que elija la empresa va a estar relacionado con la <strong>planificaci\u00f3n estrat\u00e9gica que tenga esa compa\u00f1\u00eda en el corto o mediano plazo<\/strong>.<\/p>\n<p id=\"p-1787787605004-74808\" class=\"\" data-start=\"1597\" data-end=\"1960\">Por su parte, Grupo IEB prev\u00e9 tener entre tres y cuatro fondos multiempresas con distintas carteras,<strong data-start=\"4430\" data-end=\"4570\"> \u00abya sea en duraci\u00f3n y en riesgo\u00bb, <\/strong>se\u00f1alaron. La idea es que con esas herramientas disponibles <strong data-start=\"4614\" data-end=\"4742\">\u00abcada empresa pueda elegir seg\u00fan su perfil de desvinculaci\u00f3n\u00bb.<\/strong><\/p>\n<p id=\"p-1787789147085-85574\" class=\"\" data-start=\"1597\" data-end=\"1960\">Desde <strong>Banco Ciudad<\/strong> a\u00fan no tienen definido la cantidad de fondos ofrecer\u00e1n y el tipo de comisi\u00f3n, aunque s\u00ed comenzaron a entablar charlas con sus clientes. \u201cLo que rescatamos de las reuniones que hemos tenido con empresas grandes es que, cuando desde casa matriz lo tienen que explicar, les son importantes los bancos p\u00fablicos, m\u00e1s que nada por su trayectoria y porque son parte de la estructura del pa\u00eds desde hace much\u00edsimos a\u00f1os\u00bb, subray\u00f3 <strong>Sebasti\u00e1n Dinucci<\/strong>, gerente de Fondos Crecer de la entidad.<\/p>\n<p id=\"p-1787789330888-86419\" class=\"\" data-start=\"1597\" data-end=\"1960\">Sobre fondos espec\u00edficos para empresas, Dinuncci afirm\u00f3 que en el caso de las <strong>cerealeras<\/strong>, que tienen una evoluci\u00f3n de salarios mayor a la inflaci\u00f3n, existe un incentivo para tener, quiz\u00e1s, <strong data-start=\"2981\" data-end=\"3237\">\u00abun fondo dedicado para ellos<\/strong>, con una mayor volatilidad, instrumentos a m\u00e1s largo plazo o d\u00f3lar linked, pero que quiz\u00e1s s\u00ed va a tener una pol\u00edtica m\u00e1s atada a la inversi\u00f3n que quiera tener la empresa\u00bb.<\/p>\n<p id=\"p-1787789146475-20673\" class=\"\" data-start=\"1597\" data-end=\"1960\">Dentro de la <strong>planificaci\u00f3n estrat\u00e9gica<\/strong> se pueden presentar diversos casos. \u00abUna empresa chica puede que no tenga en el corto plazo planes de reestructuraci\u00f3n y vea una estabilidad dentro de su n\u00f3mina. Esa empresa seguramente no necesitar\u00e1 ir a un instrumento tan conservador. Y habr\u00e1 otras empresas que son grandes, pero que tienen planificado para el pr\u00f3ximo a\u00f1o alg\u00fan plan espec\u00edfico de reestructuraci\u00f3n o eficiencia que hace que este fondo vayan a tener que utilizarlo\u00bb, ejemplific\u00f3 Castaldo.<\/p>\n<p id=\"p-1787787735420-64926\" class=\"\" data-start=\"1597\" data-end=\"1960\">Adem\u00e1s, otro de los puntos importantes del FAL son los \u00abaportes voluntarios\u00bb. \u00abCreo que tambi\u00e9n es una buena noticia para muchas empresas, teniendo en cuenta que tiene<strong> beneficios impositivos. Todos los aportes FAL no est\u00e1n gravados por Ganancias <\/strong>y, a su vez, todos los rendimientos del fondo com\u00fan de inversi\u00f3n en el cual est\u00e9n invertidos tampoco pagan Ganancias y est\u00e1n exentos de IVA\u00bb, explic\u00f3 <strong>Alexis Billone<\/strong>, CEO de IEB Fondos.<\/p>\n<p id=\"p-1787787828690-47704\" class=\"\" data-start=\"1597\" data-end=\"1960\">Por lo pronto, Abuchdid resalt\u00f3 la importancia de deshacerse del \u00abpasivo laboral\u00bb de las empresas. \u00abCuando vas a comprar una empresa, lo primero que ve\u00edamos era cu\u00e1nto val\u00eda, pero que valga 2 millones o 10 millones m\u00e1s o menos daba lo mismo, porque <strong>el pasivo real que ten\u00eda era toda la contingencia laboral<\/strong>\u00ab, resalt\u00f3 el presidente de Grupo IEB, al mismo tiempo que subray\u00f3 que \u00abcuando a las empresas les empiece a sacar ese pasivo laboral, esa contingencia laboral, porque pasa a formar parte de un fondo de riesgo, es una soluci\u00f3n que no afecta al trabajador\u00bb.<\/p>\n<p id=\"p-1787788438170-64113\" class=\"\" data-start=\"1597\" data-end=\"1960\">Asimismo, destac\u00f3 que la antig\u00fcedad, pese a que se elimina como pasivo de la empresa, contin\u00faa siendo un activo del trabajador. \u00abLa \u00fanica diferencia es que el Estado le dijo a las empresas: &#8216;Eso ahora lo garpo yo, no lo garpan m\u00e1s ustedes&#8217;. No es menor porque la empresa empieza a tener una un activo que antes no ten\u00eda, o a borrar un pasivo muy grande que antes ten\u00eda\u00bb, insisti\u00f3.<\/p>\n<\/div>\n<p><script>\n!function(f,b,e,v,n,t,s)\n{if(f.fbq)return;n=f.fbq=function(){n.callMethod?\nn.callMethod.apply(n,arguments):n.queue.push(arguments)};\nif(!f._fbq)f._fbq=n;n.push=n;n.loaded=!0;n.version='2.0';\nn.queue=[];t=b.createElement(e);t.async=!0;\nt.src=v;s=b.getElementsByTagName(e)[0];\ns.parentNode.insertBefore(t,s)}(window,document,'script',\n'https:\/\/connect.facebook.net\/en_US\/fbevents.js');\nfbq('init', '2047048335588113');\nfbq('track', 'PageView');\n<\/script><br \/>\n<br \/><\/p>\n","protected":false},"excerpt":{"rendered":"<p>Los Fondos de Asistencia Laboral (FAL) est\u00e1 previsto que debuten el pr\u00f3ximo 1\u00b0 de noviembre, si es que no existe ning\u00fan contratiempo que lo aplace. Esto generar\u00e1 una inyecci\u00f3n importante de dinero al mercado de capitales que ya generan una fuerte competencia entre bancos y Agentes de Liquidaci\u00f3n y Compensaci\u00f3n (ALyCs) por ver quien capta [&hellip;]<\/p>\n","protected":false},"author":1,"featured_media":209581,"comment_status":"closed","ping_status":"closed","sticky":false,"template":"","format":"standard","meta":{"footnotes":""},"categories":[28],"tags":[],"class_list":["post-209580","post","type-post","status-publish","format-standard","has-post-thumbnail","hentry","category-economia"],"yoast_head":"<!-- This site is optimized with the Yoast SEO plugin v24.4 - https:\/\/yoast.com\/wordpress\/plugins\/seo\/ -->\n<title>se abri\u00f3 una pulseada entre bancos y sociedades de bolsa para atraer a empresas - GYS NOTICIAS |<\/title>\n<meta name=\"robots\" content=\"index, follow, max-snippet:-1, max-image-preview:large, max-video-preview:-1\" \/>\n<link rel=\"canonical\" href=\"https:\/\/gysfm.com.ar\/inicio\/se-abrio-una-pulseada-entre-bancos-y-sociedades-de-bolsa-para-atraer-a-empresas\/\" \/>\n<meta property=\"og:locale\" content=\"es_ES\" \/>\n<meta property=\"og:type\" content=\"article\" \/>\n<meta property=\"og:title\" content=\"se abri\u00f3 una pulseada entre bancos y sociedades de bolsa para atraer a empresas - GYS NOTICIAS |\" \/>\n<meta property=\"og:description\" content=\"Los Fondos de Asistencia Laboral (FAL) est\u00e1 previsto que debuten el pr\u00f3ximo 1\u00b0 de noviembre, si es que no existe ning\u00fan contratiempo que lo aplace. Esto generar\u00e1 una inyecci\u00f3n importante de dinero al mercado de capitales que ya generan una fuerte competencia entre bancos y Agentes de Liquidaci\u00f3n y Compensaci\u00f3n (ALyCs) por ver quien capta [&hellip;]\" \/>\n<meta property=\"og:url\" content=\"https:\/\/gysfm.com.ar\/inicio\/se-abrio-una-pulseada-entre-bancos-y-sociedades-de-bolsa-para-atraer-a-empresas\/\" \/>\n<meta property=\"og:site_name\" content=\"GYS NOTICIAS |\" \/>\n<meta property=\"article:published_time\" content=\"2026-08-27T20:25:19+00:00\" \/>\n<meta name=\"author\" content=\"admin\" \/>\n<meta name=\"twitter:card\" content=\"summary_large_image\" \/>\n<meta name=\"twitter:label1\" content=\"Escrito por\" \/>\n\t<meta name=\"twitter:data1\" content=\"admin\" \/>\n\t<meta name=\"twitter:label2\" content=\"Tiempo de lectura\" \/>\n\t<meta name=\"twitter:data2\" content=\"7 minutos\" \/>\n<script type=\"application\/ld+json\" class=\"yoast-schema-graph\">{\"@context\":\"https:\/\/schema.org\",\"@graph\":[{\"@type\":\"Article\",\"@id\":\"https:\/\/gysfm.com.ar\/inicio\/se-abrio-una-pulseada-entre-bancos-y-sociedades-de-bolsa-para-atraer-a-empresas\/#article\",\"isPartOf\":{\"@id\":\"https:\/\/gysfm.com.ar\/inicio\/se-abrio-una-pulseada-entre-bancos-y-sociedades-de-bolsa-para-atraer-a-empresas\/\"},\"author\":{\"name\":\"admin\",\"@id\":\"https:\/\/gysfm.com.ar\/inicio\/#\/schema\/person\/5bedd7ecd35cc35548d89effafa23696\"},\"headline\":\"se abri\u00f3 una pulseada entre bancos y sociedades de bolsa para atraer a empresas\",\"datePublished\":\"2026-08-27T20:25:19+00:00\",\"mainEntityOfPage\":{\"@id\":\"https:\/\/gysfm.com.ar\/inicio\/se-abrio-una-pulseada-entre-bancos-y-sociedades-de-bolsa-para-atraer-a-empresas\/\"},\"wordCount\":1355,\"publisher\":{\"@id\":\"https:\/\/gysfm.com.ar\/inicio\/#organization\"},\"image\":{\"@id\":\"https:\/\/gysfm.com.ar\/inicio\/se-abrio-una-pulseada-entre-bancos-y-sociedades-de-bolsa-para-atraer-a-empresas\/#primaryimage\"},\"thumbnailUrl\":\"https:\/\/gysfm.com.ar\/inicio\/wp-content\/uploads\/2026\/08\/impuestos.jpg\",\"articleSection\":[\"ECONOMIA\"],\"inLanguage\":\"es\"},{\"@type\":\"WebPage\",\"@id\":\"https:\/\/gysfm.com.ar\/inicio\/se-abrio-una-pulseada-entre-bancos-y-sociedades-de-bolsa-para-atraer-a-empresas\/\",\"url\":\"https:\/\/gysfm.com.ar\/inicio\/se-abrio-una-pulseada-entre-bancos-y-sociedades-de-bolsa-para-atraer-a-empresas\/\",\"name\":\"se abri\u00f3 una pulseada entre bancos y sociedades de bolsa para atraer a empresas - GYS NOTICIAS |\",\"isPartOf\":{\"@id\":\"https:\/\/gysfm.com.ar\/inicio\/#website\"},\"primaryImageOfPage\":{\"@id\":\"https:\/\/gysfm.com.ar\/inicio\/se-abrio-una-pulseada-entre-bancos-y-sociedades-de-bolsa-para-atraer-a-empresas\/#primaryimage\"},\"image\":{\"@id\":\"https:\/\/gysfm.com.ar\/inicio\/se-abrio-una-pulseada-entre-bancos-y-sociedades-de-bolsa-para-atraer-a-empresas\/#primaryimage\"},\"thumbnailUrl\":\"https:\/\/gysfm.com.ar\/inicio\/wp-content\/uploads\/2026\/08\/impuestos.jpg\",\"datePublished\":\"2026-08-27T20:25:19+00:00\",\"breadcrumb\":{\"@id\":\"https:\/\/gysfm.com.ar\/inicio\/se-abrio-una-pulseada-entre-bancos-y-sociedades-de-bolsa-para-atraer-a-empresas\/#breadcrumb\"},\"inLanguage\":\"es\",\"potentialAction\":[{\"@type\":\"ReadAction\",\"target\":[\"https:\/\/gysfm.com.ar\/inicio\/se-abrio-una-pulseada-entre-bancos-y-sociedades-de-bolsa-para-atraer-a-empresas\/\"]}]},{\"@type\":\"ImageObject\",\"inLanguage\":\"es\",\"@id\":\"https:\/\/gysfm.com.ar\/inicio\/se-abrio-una-pulseada-entre-bancos-y-sociedades-de-bolsa-para-atraer-a-empresas\/#primaryimage\",\"url\":\"https:\/\/gysfm.com.ar\/inicio\/wp-content\/uploads\/2026\/08\/impuestos.jpg\",\"contentUrl\":\"https:\/\/gysfm.com.ar\/inicio\/wp-content\/uploads\/2026\/08\/impuestos.jpg\",\"width\":1200,\"height\":675},{\"@type\":\"BreadcrumbList\",\"@id\":\"https:\/\/gysfm.com.ar\/inicio\/se-abrio-una-pulseada-entre-bancos-y-sociedades-de-bolsa-para-atraer-a-empresas\/#breadcrumb\",\"itemListElement\":[{\"@type\":\"ListItem\",\"position\":1,\"name\":\"Portada\",\"item\":\"https:\/\/gysfm.com.ar\/inicio\/\"},{\"@type\":\"ListItem\",\"position\":2,\"name\":\"se abri\u00f3 una pulseada entre bancos y sociedades de bolsa para atraer a empresas\"}]},{\"@type\":\"WebSite\",\"@id\":\"https:\/\/gysfm.com.ar\/inicio\/#website\",\"url\":\"https:\/\/gysfm.com.ar\/inicio\/\",\"name\":\"GYS NOTICIAS |\",\"description\":\"DIARIO - RADIO ONLINE SAN JUAN ARGENTINA\",\"publisher\":{\"@id\":\"https:\/\/gysfm.com.ar\/inicio\/#organization\"},\"potentialAction\":[{\"@type\":\"SearchAction\",\"target\":{\"@type\":\"EntryPoint\",\"urlTemplate\":\"https:\/\/gysfm.com.ar\/inicio\/?s={search_term_string}\"},\"query-input\":{\"@type\":\"PropertyValueSpecification\",\"valueRequired\":true,\"valueName\":\"search_term_string\"}}],\"inLanguage\":\"es\"},{\"@type\":\"Organization\",\"@id\":\"https:\/\/gysfm.com.ar\/inicio\/#organization\",\"name\":\"GYS NOTICIAS |\",\"url\":\"https:\/\/gysfm.com.ar\/inicio\/\",\"logo\":{\"@type\":\"ImageObject\",\"inLanguage\":\"es\",\"@id\":\"https:\/\/gysfm.com.ar\/inicio\/#\/schema\/logo\/image\/\",\"url\":\"https:\/\/gysfm.com.ar\/inicio\/wp-content\/uploads\/2023\/07\/LOGOGYS-OK.png\",\"contentUrl\":\"https:\/\/gysfm.com.ar\/inicio\/wp-content\/uploads\/2023\/07\/LOGOGYS-OK.png\",\"width\":1170,\"height\":872,\"caption\":\"GYS NOTICIAS |\"},\"image\":{\"@id\":\"https:\/\/gysfm.com.ar\/inicio\/#\/schema\/logo\/image\/\"}},{\"@type\":\"Person\",\"@id\":\"https:\/\/gysfm.com.ar\/inicio\/#\/schema\/person\/5bedd7ecd35cc35548d89effafa23696\",\"name\":\"admin\",\"image\":{\"@type\":\"ImageObject\",\"inLanguage\":\"es\",\"@id\":\"https:\/\/gysfm.com.ar\/inicio\/#\/schema\/person\/image\/\",\"url\":\"https:\/\/secure.gravatar.com\/avatar\/c331d312b5243fb64d5ba28108a447b27c925295129a363082c9ea52c28d32c2?s=96&d=mm&r=g\",\"contentUrl\":\"https:\/\/secure.gravatar.com\/avatar\/c331d312b5243fb64d5ba28108a447b27c925295129a363082c9ea52c28d32c2?s=96&d=mm&r=g\",\"caption\":\"admin\"},\"sameAs\":[\"https:\/\/gysfm.com.ar\/inicio\"],\"url\":\"https:\/\/gysfm.com.ar\/inicio\/author\/admin\/\"}]}<\/script>\n<!-- \/ Yoast SEO plugin. -->","yoast_head_json":{"title":"se abri\u00f3 una pulseada entre bancos y sociedades de bolsa para atraer a empresas - GYS NOTICIAS |","robots":{"index":"index","follow":"follow","max-snippet":"max-snippet:-1","max-image-preview":"max-image-preview:large","max-video-preview":"max-video-preview:-1"},"canonical":"https:\/\/gysfm.com.ar\/inicio\/se-abrio-una-pulseada-entre-bancos-y-sociedades-de-bolsa-para-atraer-a-empresas\/","og_locale":"es_ES","og_type":"article","og_title":"se abri\u00f3 una pulseada entre bancos y sociedades de bolsa para atraer a empresas - GYS NOTICIAS |","og_description":"Los Fondos de Asistencia Laboral (FAL) est\u00e1 previsto que debuten el pr\u00f3ximo 1\u00b0 de noviembre, si es que no existe ning\u00fan contratiempo que lo aplace. Esto generar\u00e1 una inyecci\u00f3n importante de dinero al mercado de capitales que ya generan una fuerte competencia entre bancos y Agentes de Liquidaci\u00f3n y Compensaci\u00f3n (ALyCs) por ver quien capta [&hellip;]","og_url":"https:\/\/gysfm.com.ar\/inicio\/se-abrio-una-pulseada-entre-bancos-y-sociedades-de-bolsa-para-atraer-a-empresas\/","og_site_name":"GYS NOTICIAS |","article_published_time":"2026-08-27T20:25:19+00:00","author":"admin","twitter_card":"summary_large_image","twitter_misc":{"Escrito por":"admin","Tiempo de lectura":"7 minutos"},"schema":{"@context":"https:\/\/schema.org","@graph":[{"@type":"Article","@id":"https:\/\/gysfm.com.ar\/inicio\/se-abrio-una-pulseada-entre-bancos-y-sociedades-de-bolsa-para-atraer-a-empresas\/#article","isPartOf":{"@id":"https:\/\/gysfm.com.ar\/inicio\/se-abrio-una-pulseada-entre-bancos-y-sociedades-de-bolsa-para-atraer-a-empresas\/"},"author":{"name":"admin","@id":"https:\/\/gysfm.com.ar\/inicio\/#\/schema\/person\/5bedd7ecd35cc35548d89effafa23696"},"headline":"se abri\u00f3 una pulseada entre bancos y sociedades de bolsa para atraer a empresas","datePublished":"2026-08-27T20:25:19+00:00","mainEntityOfPage":{"@id":"https:\/\/gysfm.com.ar\/inicio\/se-abrio-una-pulseada-entre-bancos-y-sociedades-de-bolsa-para-atraer-a-empresas\/"},"wordCount":1355,"publisher":{"@id":"https:\/\/gysfm.com.ar\/inicio\/#organization"},"image":{"@id":"https:\/\/gysfm.com.ar\/inicio\/se-abrio-una-pulseada-entre-bancos-y-sociedades-de-bolsa-para-atraer-a-empresas\/#primaryimage"},"thumbnailUrl":"https:\/\/gysfm.com.ar\/inicio\/wp-content\/uploads\/2026\/08\/impuestos.jpg","articleSection":["ECONOMIA"],"inLanguage":"es"},{"@type":"WebPage","@id":"https:\/\/gysfm.com.ar\/inicio\/se-abrio-una-pulseada-entre-bancos-y-sociedades-de-bolsa-para-atraer-a-empresas\/","url":"https:\/\/gysfm.com.ar\/inicio\/se-abrio-una-pulseada-entre-bancos-y-sociedades-de-bolsa-para-atraer-a-empresas\/","name":"se abri\u00f3 una pulseada entre bancos y sociedades de bolsa para atraer a empresas - GYS NOTICIAS |","isPartOf":{"@id":"https:\/\/gysfm.com.ar\/inicio\/#website"},"primaryImageOfPage":{"@id":"https:\/\/gysfm.com.ar\/inicio\/se-abrio-una-pulseada-entre-bancos-y-sociedades-de-bolsa-para-atraer-a-empresas\/#primaryimage"},"image":{"@id":"https:\/\/gysfm.com.ar\/inicio\/se-abrio-una-pulseada-entre-bancos-y-sociedades-de-bolsa-para-atraer-a-empresas\/#primaryimage"},"thumbnailUrl":"https:\/\/gysfm.com.ar\/inicio\/wp-content\/uploads\/2026\/08\/impuestos.jpg","datePublished":"2026-08-27T20:25:19+00:00","breadcrumb":{"@id":"https:\/\/gysfm.com.ar\/inicio\/se-abrio-una-pulseada-entre-bancos-y-sociedades-de-bolsa-para-atraer-a-empresas\/#breadcrumb"},"inLanguage":"es","potentialAction":[{"@type":"ReadAction","target":["https:\/\/gysfm.com.ar\/inicio\/se-abrio-una-pulseada-entre-bancos-y-sociedades-de-bolsa-para-atraer-a-empresas\/"]}]},{"@type":"ImageObject","inLanguage":"es","@id":"https:\/\/gysfm.com.ar\/inicio\/se-abrio-una-pulseada-entre-bancos-y-sociedades-de-bolsa-para-atraer-a-empresas\/#primaryimage","url":"https:\/\/gysfm.com.ar\/inicio\/wp-content\/uploads\/2026\/08\/impuestos.jpg","contentUrl":"https:\/\/gysfm.com.ar\/inicio\/wp-content\/uploads\/2026\/08\/impuestos.jpg","width":1200,"height":675},{"@type":"BreadcrumbList","@id":"https:\/\/gysfm.com.ar\/inicio\/se-abrio-una-pulseada-entre-bancos-y-sociedades-de-bolsa-para-atraer-a-empresas\/#breadcrumb","itemListElement":[{"@type":"ListItem","position":1,"name":"Portada","item":"https:\/\/gysfm.com.ar\/inicio\/"},{"@type":"ListItem","position":2,"name":"se abri\u00f3 una pulseada entre bancos y sociedades de bolsa para atraer a empresas"}]},{"@type":"WebSite","@id":"https:\/\/gysfm.com.ar\/inicio\/#website","url":"https:\/\/gysfm.com.ar\/inicio\/","name":"GYS NOTICIAS |","description":"DIARIO - RADIO ONLINE SAN JUAN ARGENTINA","publisher":{"@id":"https:\/\/gysfm.com.ar\/inicio\/#organization"},"potentialAction":[{"@type":"SearchAction","target":{"@type":"EntryPoint","urlTemplate":"https:\/\/gysfm.com.ar\/inicio\/?s={search_term_string}"},"query-input":{"@type":"PropertyValueSpecification","valueRequired":true,"valueName":"search_term_string"}}],"inLanguage":"es"},{"@type":"Organization","@id":"https:\/\/gysfm.com.ar\/inicio\/#organization","name":"GYS NOTICIAS |","url":"https:\/\/gysfm.com.ar\/inicio\/","logo":{"@type":"ImageObject","inLanguage":"es","@id":"https:\/\/gysfm.com.ar\/inicio\/#\/schema\/logo\/image\/","url":"https:\/\/gysfm.com.ar\/inicio\/wp-content\/uploads\/2023\/07\/LOGOGYS-OK.png","contentUrl":"https:\/\/gysfm.com.ar\/inicio\/wp-content\/uploads\/2023\/07\/LOGOGYS-OK.png","width":1170,"height":872,"caption":"GYS NOTICIAS |"},"image":{"@id":"https:\/\/gysfm.com.ar\/inicio\/#\/schema\/logo\/image\/"}},{"@type":"Person","@id":"https:\/\/gysfm.com.ar\/inicio\/#\/schema\/person\/5bedd7ecd35cc35548d89effafa23696","name":"admin","image":{"@type":"ImageObject","inLanguage":"es","@id":"https:\/\/gysfm.com.ar\/inicio\/#\/schema\/person\/image\/","url":"https:\/\/secure.gravatar.com\/avatar\/c331d312b5243fb64d5ba28108a447b27c925295129a363082c9ea52c28d32c2?s=96&d=mm&r=g","contentUrl":"https:\/\/secure.gravatar.com\/avatar\/c331d312b5243fb64d5ba28108a447b27c925295129a363082c9ea52c28d32c2?s=96&d=mm&r=g","caption":"admin"},"sameAs":["https:\/\/gysfm.com.ar\/inicio"],"url":"https:\/\/gysfm.com.ar\/inicio\/author\/admin\/"}]}},"_links":{"self":[{"href":"https:\/\/gysfm.com.ar\/inicio\/wp-json\/wp\/v2\/posts\/209580","targetHints":{"allow":["GET"]}}],"collection":[{"href":"https:\/\/gysfm.com.ar\/inicio\/wp-json\/wp\/v2\/posts"}],"about":[{"href":"https:\/\/gysfm.com.ar\/inicio\/wp-json\/wp\/v2\/types\/post"}],"author":[{"embeddable":true,"href":"https:\/\/gysfm.com.ar\/inicio\/wp-json\/wp\/v2\/users\/1"}],"replies":[{"embeddable":true,"href":"https:\/\/gysfm.com.ar\/inicio\/wp-json\/wp\/v2\/comments?post=209580"}],"version-history":[{"count":0,"href":"https:\/\/gysfm.com.ar\/inicio\/wp-json\/wp\/v2\/posts\/209580\/revisions"}],"wp:featuredmedia":[{"embeddable":true,"href":"https:\/\/gysfm.com.ar\/inicio\/wp-json\/wp\/v2\/media\/209581"}],"wp:attachment":[{"href":"https:\/\/gysfm.com.ar\/inicio\/wp-json\/wp\/v2\/media?parent=209580"}],"wp:term":[{"taxonomy":"category","embeddable":true,"href":"https:\/\/gysfm.com.ar\/inicio\/wp-json\/wp\/v2\/categories?post=209580"},{"taxonomy":"post_tag","embeddable":true,"href":"https:\/\/gysfm.com.ar\/inicio\/wp-json\/wp\/v2\/tags?post=209580"}],"curies":[{"name":"wp","href":"https:\/\/api.w.org\/{rel}","templated":true}]}}