{"id":209576,"date":"2026-08-27T16:23:30","date_gmt":"2026-08-27T19:23:30","guid":{"rendered":"https:\/\/gysfm.com.ar\/inicio\/donald-trump-excluyo-a-la-argentina-de-la-nueva-cuota-de-importacion-de-300-000-toneladas-de-carne-sin-aranceles\/"},"modified":"2026-08-27T16:23:30","modified_gmt":"2026-08-27T19:23:30","slug":"donald-trump-excluyo-a-la-argentina-de-la-nueva-cuota-de-importacion-de-300-000-toneladas-de-carne-sin-aranceles","status":"publish","type":"post","link":"https:\/\/gysfm.com.ar\/inicio\/donald-trump-excluyo-a-la-argentina-de-la-nueva-cuota-de-importacion-de-300-000-toneladas-de-carne-sin-aranceles\/","title":{"rendered":"Donald Trump excluy\u00f3 a la Argentina de la nueva cuota de importaci\u00f3n de 300.000 toneladas de carne sin aranceles"},"content":{"rendered":"<p> <br \/>\n<\/p>\n<div id=\"\">\n<p id=\"p-1787837646221-44094\" data-path-to-node=\"1,0\">El presidente de Estados Unidos, Donald Trump, oficializ\u00f3 la medida anticipada v\u00eda redes sociales al firmar una <strong>proclama que habilita el ingreso temporal y extraordinario de 300.000 toneladas de carne vacuna magra sin aranceles,<\/strong> por fuera de los cupos y canales habituales.<\/p>\n<\/div>\n<div id=\"\">\n<p id=\"p-1787837660448-11267\" data-path-to-node=\"1,0\">La <strong>medida excluye de sus ventajas a la Argentina, Uruguay, Australia y Nueva Zelanda, pa\u00edses que ya operan bajo vol\u00famenes asignados previamente<\/strong>. En contrapartida, la decisi\u00f3n le abre una oportunidad clave a <strong>Brasil,<\/strong> que hasta ahora no dispon\u00eda de un tratamiento arancelario preferencial en Estados Unidos.<\/p>\n<\/div>\n<div id=\"\">\n<h2 id=\"p-1787839691889-9406\" data-path-to-node=\"1,0\"> El detalle<\/h2>\n<p id=\"p-1787839696109-24398\" data-path-to-node=\"1,0\">La decisi\u00f3n, comunicada por la Casa Blanca, busca<strong> volcar m\u00e1s carne para la elaboraci\u00f3n de carne picada y frenar los valores al consumidor<\/strong>, en un marco atravesado por el marcado <strong>desplome del stock ganadero<\/strong> estadounidense y crecientes problemas de abastecimiento.<\/p>\n<\/div>\n<div id=\"\">\n<p id=\"p-1787839840920-49762\">Sin embargo, seg\u00fan la proclama, <strong>el alcance de la medida estar\u00e1 acotado en el tiempo y en volumen. <\/strong>Con inicio fijado para el <strong>1\u00b0 de septiembre de 2026 y una duraci\u00f3n de 90 d\u00edas<\/strong>, la resoluci\u00f3n autoriza cupos mensuales de 100.000 toneladas hasta completar el l<strong>\u00edmite global de 300.000 toneladas.<\/strong><\/p>\n<\/p><\/div>\n<div id=\"\">\n<div contenteditable=\"false\" class=\"embed_cont type_imagen\" id=\"8270307-Libre-970031432_wrap\">\n<div id=\"8270307-Libre-970031432_content\" class=\"embed_content\"><img src=\"https:\/\/media.ambito.com\/p\/7e8576a11820c430dd5626e93fbf6739\/adjuntos\/239\/imagenes\/043\/606\/0043606946\/730x0\/smart\/image.png\" decoding=\"async\" fetchpriority=\"low\" loading=\"lazy\" alt=\"Donald Trump autoriz\u00f3 la importaci\u00f3n extraordinaria de 300.000 toneladas de carne magra sin aranceles para frenar precios.\" title=\"Donald Trump autoriz\u00f3 la importaci\u00f3n extraordinaria de 300.000 toneladas de carne magra sin aranceles para frenar precios.\" width=\"730\" height=\"undefined\" id=\"8270307-Libre-970031432_embed\"\/><\/div>\n<div class=\"embed_wrapper-cont\" id=\"p-1787841535560-57562\">\n<div id=\"8270307-Libre-970031432_epigrafe\" class=\"embed_epigrafe\">\n<p id=\"p-1787841812111-26482\">Donald Trump autoriz\u00f3 la importaci\u00f3n extraordinaria de 300.000 toneladas de carne magra sin aranceles para frenar precios.<\/p>\n<\/div><\/div><\/div>\n<p id=\"p-1787839959509-23052\" class=\"\">Cabe precisar que la carne comprendida en el programa deber\u00e1 destinarse exclusivamente a <strong>recortes magros <\/strong>que luego ser\u00e1n mezclados con carne estadounidense para la elaboraci\u00f3n de carne molida.<\/p>\n<\/div>\n<div id=\"\">\n<p id=\"p-1787840129550-80055\" class=\"\">Asimismo, la Casa Blanca detall\u00f3 que el objetivo del plan es <strong>colocar esos cortes en el mercado con un descuento<\/strong> aproximado del<strong> 25%<\/strong> sobre los precios habituales de importaci\u00f3n.<\/p>\n<h2 id=\"p-1787840639430-11978\">Las implicancias de la medida<\/h2>\n<p id=\"p-1787840153586-74532\" class=\"\">Un detalle de especial magnitud es que el documento <strong>deja expl\u00edcitamente establecido <\/strong>que la decisi\u00f3n<strong> no modifica los compromisos asumidos con los pa\u00edses que cuentan con tratados de libre comercio con EEUU, <\/strong>ni alcanza a aquellos pa\u00edses que ya poseen cuotas espec\u00edficas para exportar carne vacuna.<\/p>\n<p id=\"p-1787840390729-15294\" class=\"\"><strong>La Argentina queda al margen del beneficio por disponer de un cupo arancelario propio de 20.000 toneladas,<\/strong> estatus que comparte con Uruguay, Australia y Nueva Zelanda. La Argentina hist\u00f3ricamente tuvo 20.000 toneladas y Trump la subi\u00f3 a 100.000 toneladas este a\u00f1o.<\/p>\n<p id=\"p-1787840649559-43195\" class=\"\">De este modo, la ventaja de la medida impactar\u00e1 sobre aquellos proveedores que comercializan hacienda hacia Estados Unidos fuera de un marco de cuotas fijas, con Brasil a la cabeza. Desde la administraci\u00f3n Trump argumentaron que <strong>la apertura busca mitigar el complejo escenario productivo de la ganader\u00eda norteamericana.<\/strong><\/p>\n<div contenteditable=\"false\" class=\"embed_cont type_imagen\" id=\"8112443-Libre-551780859_wrap\">\n<div id=\"8112443-Libre-551780859_content\" class=\"embed_content\"> <img src=\"https:\/\/media.ambito.com\/p\/e7d45bfac489fff70b76ebf74341fd81\/adjuntos\/239\/imagenes\/042\/667\/0042667873\/lula-y-trump.jpeg?2025-08-13-10-44-39\" decoding=\"async\" fetchpriority=\"high\" loading=\"eager\" crossorigin=\"anonymous\" alt=\"La ventaja de la medida impactar\u00e1 sobre aquellos proveedores que comercializan hacienda hacia Estados Unidos fuera de un marco de cuotas fijas, con Brasil a la cabeza.\" title=\"La ventaja de la medida impactar\u00e1 sobre aquellos proveedores que comercializan hacienda hacia Estados Unidos fuera de un marco de cuotas fijas, con Brasil a la cabeza.\" width=\"730\" height=\"425\" id=\"8112443-Libre-551780859_embed\"\/><\/div>\n<div class=\"embed_wrapper-cont\" id=\"p-1787841579807-28081\">\n<div id=\"8112443-Libre-551780859_epigrafe\" class=\"embed_epigrafe\">\n<p id=\"p-1787841850691-66986\">La ventaja de la medida impactar\u00e1 sobre aquellos proveedores que comercializan hacienda hacia Estados Unidos fuera de un marco de cuotas fijas, con Brasil a la cabeza.<\/p>\n<\/div><\/div><\/div>\n<p id=\"p-1787840665185-46413\">Desde el gobierno estadounidense indicaron que <strong>\u201cel presidente Trump est\u00e1 tomando medidas decisivas para responder a las perturbaciones del mercado <\/strong>y a los desastres naturales, con el objetivo de garantizar un suministro adecuado y precios asequibles de los productos c\u00e1rnicos para las familias estadounidenses\u201d.<\/p>\n<h2 id=\"p-1787840720631-37540\">La cr\u00edtica a Biden<\/h2>\n<p id=\"p-1787840725356-56211\">El documento destaca que la presidencia de<strong> Joe Biden<\/strong> dej\u00f3 al sector con <strong>\u201cuna de las crisis de suministro de carne de res m\u00e1s graves de las \u00faltimas d\u00e9cadas\u201d, <\/strong>llevando al rodeo bovino estadounidense <strong>\u201ca su nivel m\u00e1s bajo en 75 a\u00f1os\u201d.<\/strong><\/p>\n<p id=\"p-1787840760060-94451\">La Casa Blanca atribuy\u00f3 la responsabilidad del cuadro actual a las decisiones de la gesti\u00f3n dem\u00f3crata, al incremento de los costos de producci\u00f3n y a diversas restricciones que afectaron a los productores ganaderos.<\/p>\n<div contenteditable=\"false\" class=\"embed_cont type_imagen\" id=\"8270310-Libre-1759173451_wrap\">\n<div id=\"8270310-Libre-1759173451_content\" class=\"embed_content\"><img src=\"https:\/\/media.ambito.com\/p\/e637c7479cd3bbf31d136f7ade2aea05\/adjuntos\/239\/imagenes\/043\/606\/0043606982\/730x0\/smart\/image.png\" decoding=\"async\" fetchpriority=\"low\" loading=\"lazy\" alt=\"La Casa Blanca atribuy\u00f3 la responsabilidad del cuadro actual a las decisiones de la gesti\u00f3n dem\u00f3crata.\" title=\"La Casa Blanca atribuy\u00f3 la responsabilidad del cuadro actual a las decisiones de la gesti\u00f3n dem\u00f3crata.\" width=\"730\" height=\"undefined\" id=\"8270310-Libre-1759173451_embed\"\/><\/div>\n<div class=\"embed_wrapper-cont\" id=\"p-1787841597487-56021\">\n<div id=\"8270310-Libre-1759173451_epigrafe\" class=\"embed_epigrafe\">\n<p id=\"p-1787841875497-85744\">La Casa Blanca atribuy\u00f3 la responsabilidad del cuadro actual a las decisiones de la gesti\u00f3n dem\u00f3crata.<\/p>\n<\/div><\/div><\/div>\n<p id=\"p-1787840962141-81076\">Adem\u00e1s, la administraci\u00f3n Trump se\u00f1al\u00f3 que la oferta se vio castigada este a\u00f1o por el bloqueo al ganado mexicano tras la alerta de gusano barrenador, la sequ\u00eda en las pasturas y los incendios que destruyeron forrajes. Como consecuencia de ese panorama negativo, el Departamento de Agricultura de Estados Unidos (USDA) proyecta que la producci\u00f3n de carne vacuna caer\u00e1 alrededor de un <strong>4%<\/strong> respecto de los niveles registrados en 2025.<\/p>\n<h2 id=\"p-1787841003698-49986\">El mayor consumidor mundial de carne vacuna por volumen<\/h2>\n<p id=\"p-1787841058233-96511\"><strong>El Ejecutivo estadounidense remarc\u00f3 la magnitud de su mercado interno:<\/strong> Estados Unidos encabeza el <strong>consumo global de carne vacuna en volumen y ocupa el segundo lugar per c\u00e1pita.<\/strong> Bajo esa premisa, desde Washington argumentaron que la apertura busca asegurar el abastecimiento en un mercado de alta demanda estructural.<\/p>\n<p id=\"p-1787841092100-30914\" data-path-to-node=\"4,0,1,0\">Con este esquema, <strong>la Casa Blanca prev\u00e9 un impacto directo en el volumen circulante:<\/strong> seg\u00fan las estimaciones oficiales, el cupo extraordinario volcar\u00e1 un 10% adicional de carne vacuna al mercado en comparaci\u00f3n con los pron\u00f3sticos previos.<\/p>\n<div contenteditable=\"false\" class=\"embed_cont type_imagen\" id=\"8270318-Libre-673631378_wrap\">\n<div id=\"8270318-Libre-673631378_content\" class=\"embed_content\"><img src=\"https:\/\/media.ambito.com\/p\/a7465701ed383438cb8b54880c0669d7\/adjuntos\/239\/imagenes\/043\/607\/0043607005\/730x0\/smart\/image.png\" decoding=\"async\" fetchpriority=\"low\" loading=\"lazy\" alt=\"El Ejecutivo estadounidense remarc\u00f3 la magnitud de su mercado interno: Estados Unidos encabeza el consumo global de carne vacuna en volumen y ocupa el segundo lugar per c\u00e1pita.\" title=\"El Ejecutivo estadounidense remarc\u00f3 la magnitud de su mercado interno: Estados Unidos encabeza el consumo global de carne vacuna en volumen y ocupa el segundo lugar per c\u00e1pita.\" width=\"730\" height=\"undefined\" id=\"8270318-Libre-673631378_embed\"\/><\/div>\n<div class=\"embed_wrapper-cont\" id=\"p-1787841690705-82190\">\n<div id=\"8270318-Libre-673631378_epigrafe\" class=\"embed_epigrafe\">\n<p id=\"p-1787847655099-49787\">El Ejecutivo estadounidense remarc\u00f3 la magnitud de su mercado interno: Estados Unidos encabeza el consumo global de carne vacuna en volumen y ocupa el segundo lugar per c\u00e1pita.<\/p>\n<\/div><\/div><\/div>\n<p id=\"p-1787841097563-10044\" data-path-to-node=\"4,0,1,0\">De manera paralela, desde Washington buscaron llevar tranquilidad indicando que la medida fue dise\u00f1ada para <strong>no afectar de manera significativa el mercado de hacienda para engorde ni perjudicar a los ganaderos estadounidenses. <\/strong>La proclama remarca adem\u00e1s que el objetivo central sigue siendo la reconstrucci\u00f3n del rodeo nacional y el fortalecimiento de la producci\u00f3n dom\u00e9stica.<\/p>\n<p id=\"p-1787841247249-16899\" data-path-to-node=\"4,0,1,0\">La Casa Blanca asegur\u00f3 que, desde el regreso de Trump, el sector ganadero muestra se\u00f1ales de recuperaci\u00f3n in\u00e9ditas desde 2018, impulsado por el aumento del rodeo y la retenci\u00f3n de vaquillonas.<\/p>\n<\/div>\n<p><script>\n!function(f,b,e,v,n,t,s)\n{if(f.fbq)return;n=f.fbq=function(){n.callMethod?\nn.callMethod.apply(n,arguments):n.queue.push(arguments)};\nif(!f._fbq)f._fbq=n;n.push=n;n.loaded=!0;n.version='2.0';\nn.queue=[];t=b.createElement(e);t.async=!0;\nt.src=v;s=b.getElementsByTagName(e)[0];\ns.parentNode.insertBefore(t,s)}(window,document,'script',\n'https:\/\/connect.facebook.net\/en_US\/fbevents.js');\nfbq('init', '2047048335588113');\nfbq('track', 'PageView');\n<\/script><br \/>\n<br \/><\/p>\n","protected":false},"excerpt":{"rendered":"<p>El presidente de Estados Unidos, Donald Trump, oficializ\u00f3 la medida anticipada v\u00eda redes sociales al firmar una proclama que habilita el ingreso temporal y extraordinario de 300.000 toneladas de carne vacuna magra sin aranceles, por fuera de los cupos y canales habituales. La medida excluye de sus ventajas a la Argentina, Uruguay, Australia y Nueva [&hellip;]<\/p>\n","protected":false},"author":1,"featured_media":105290,"comment_status":"closed","ping_status":"closed","sticky":false,"template":"","format":"standard","meta":{"footnotes":""},"categories":[28],"tags":[],"class_list":["post-209576","post","type-post","status-publish","format-standard","has-post-thumbnail","hentry","category-economia"],"yoast_head":"<!-- This site is optimized with the Yoast SEO plugin v24.4 - https:\/\/yoast.com\/wordpress\/plugins\/seo\/ -->\n<title>Donald Trump excluy\u00f3 a la Argentina de la nueva cuota de importaci\u00f3n de 300.000 toneladas de carne sin aranceles - GYS NOTICIAS |<\/title>\n<meta name=\"robots\" content=\"index, follow, max-snippet:-1, max-image-preview:large, max-video-preview:-1\" \/>\n<link rel=\"canonical\" href=\"https:\/\/gysfm.com.ar\/inicio\/donald-trump-excluyo-a-la-argentina-de-la-nueva-cuota-de-importacion-de-300-000-toneladas-de-carne-sin-aranceles\/\" \/>\n<meta property=\"og:locale\" content=\"es_ES\" \/>\n<meta property=\"og:type\" content=\"article\" \/>\n<meta property=\"og:title\" content=\"Donald Trump excluy\u00f3 a la Argentina de la nueva cuota de importaci\u00f3n de 300.000 toneladas de carne sin aranceles - GYS NOTICIAS |\" \/>\n<meta property=\"og:description\" content=\"El presidente de Estados Unidos, Donald Trump, oficializ\u00f3 la medida anticipada v\u00eda redes sociales al firmar una proclama que habilita el ingreso temporal y extraordinario de 300.000 toneladas de carne vacuna magra sin aranceles, por fuera de los cupos y canales habituales. La medida excluye de sus ventajas a la Argentina, Uruguay, Australia y Nueva [&hellip;]\" \/>\n<meta property=\"og:url\" content=\"https:\/\/gysfm.com.ar\/inicio\/donald-trump-excluyo-a-la-argentina-de-la-nueva-cuota-de-importacion-de-300-000-toneladas-de-carne-sin-aranceles\/\" \/>\n<meta property=\"og:site_name\" content=\"GYS NOTICIAS |\" \/>\n<meta property=\"article:published_time\" content=\"2026-08-27T19:23:30+00:00\" \/>\n<meta property=\"og:image\" content=\"https:\/\/media.ambito.com\/p\/7e8576a11820c430dd5626e93fbf6739\/adjuntos\/239\/imagenes\/043\/606\/0043606946\/730x0\/smart\/image.png\" \/>\n<meta name=\"author\" content=\"admin\" \/>\n<meta name=\"twitter:card\" content=\"summary_large_image\" \/>\n<meta name=\"twitter:label1\" content=\"Escrito por\" \/>\n\t<meta name=\"twitter:data1\" content=\"admin\" \/>\n\t<meta name=\"twitter:label2\" content=\"Tiempo de lectura\" \/>\n\t<meta name=\"twitter:data2\" content=\"4 minutos\" \/>\n<script type=\"application\/ld+json\" class=\"yoast-schema-graph\">{\"@context\":\"https:\/\/schema.org\",\"@graph\":[{\"@type\":\"Article\",\"@id\":\"https:\/\/gysfm.com.ar\/inicio\/donald-trump-excluyo-a-la-argentina-de-la-nueva-cuota-de-importacion-de-300-000-toneladas-de-carne-sin-aranceles\/#article\",\"isPartOf\":{\"@id\":\"https:\/\/gysfm.com.ar\/inicio\/donald-trump-excluyo-a-la-argentina-de-la-nueva-cuota-de-importacion-de-300-000-toneladas-de-carne-sin-aranceles\/\"},\"author\":{\"name\":\"admin\",\"@id\":\"https:\/\/gysfm.com.ar\/inicio\/#\/schema\/person\/5bedd7ecd35cc35548d89effafa23696\"},\"headline\":\"Donald Trump excluy\u00f3 a la Argentina de la nueva cuota de importaci\u00f3n de 300.000 toneladas de carne sin aranceles\",\"datePublished\":\"2026-08-27T19:23:30+00:00\",\"mainEntityOfPage\":{\"@id\":\"https:\/\/gysfm.com.ar\/inicio\/donald-trump-excluyo-a-la-argentina-de-la-nueva-cuota-de-importacion-de-300-000-toneladas-de-carne-sin-aranceles\/\"},\"wordCount\":897,\"publisher\":{\"@id\":\"https:\/\/gysfm.com.ar\/inicio\/#organization\"},\"image\":{\"@id\":\"https:\/\/gysfm.com.ar\/inicio\/donald-trump-excluyo-a-la-argentina-de-la-nueva-cuota-de-importacion-de-300-000-toneladas-de-carne-sin-aranceles\/#primaryimage\"},\"thumbnailUrl\":\"https:\/\/gysfm.com.ar\/inicio\/wp-content\/uploads\/2025\/03\/trump-y-milei.jpg\",\"articleSection\":[\"ECONOMIA\"],\"inLanguage\":\"es\"},{\"@type\":\"WebPage\",\"@id\":\"https:\/\/gysfm.com.ar\/inicio\/donald-trump-excluyo-a-la-argentina-de-la-nueva-cuota-de-importacion-de-300-000-toneladas-de-carne-sin-aranceles\/\",\"url\":\"https:\/\/gysfm.com.ar\/inicio\/donald-trump-excluyo-a-la-argentina-de-la-nueva-cuota-de-importacion-de-300-000-toneladas-de-carne-sin-aranceles\/\",\"name\":\"Donald Trump excluy\u00f3 a la Argentina de la nueva cuota de importaci\u00f3n de 300.000 toneladas de carne sin aranceles - GYS NOTICIAS |\",\"isPartOf\":{\"@id\":\"https:\/\/gysfm.com.ar\/inicio\/#website\"},\"primaryImageOfPage\":{\"@id\":\"https:\/\/gysfm.com.ar\/inicio\/donald-trump-excluyo-a-la-argentina-de-la-nueva-cuota-de-importacion-de-300-000-toneladas-de-carne-sin-aranceles\/#primaryimage\"},\"image\":{\"@id\":\"https:\/\/gysfm.com.ar\/inicio\/donald-trump-excluyo-a-la-argentina-de-la-nueva-cuota-de-importacion-de-300-000-toneladas-de-carne-sin-aranceles\/#primaryimage\"},\"thumbnailUrl\":\"https:\/\/gysfm.com.ar\/inicio\/wp-content\/uploads\/2025\/03\/trump-y-milei.jpg\",\"datePublished\":\"2026-08-27T19:23:30+00:00\",\"breadcrumb\":{\"@id\":\"https:\/\/gysfm.com.ar\/inicio\/donald-trump-excluyo-a-la-argentina-de-la-nueva-cuota-de-importacion-de-300-000-toneladas-de-carne-sin-aranceles\/#breadcrumb\"},\"inLanguage\":\"es\",\"potentialAction\":[{\"@type\":\"ReadAction\",\"target\":[\"https:\/\/gysfm.com.ar\/inicio\/donald-trump-excluyo-a-la-argentina-de-la-nueva-cuota-de-importacion-de-300-000-toneladas-de-carne-sin-aranceles\/\"]}]},{\"@type\":\"ImageObject\",\"inLanguage\":\"es\",\"@id\":\"https:\/\/gysfm.com.ar\/inicio\/donald-trump-excluyo-a-la-argentina-de-la-nueva-cuota-de-importacion-de-300-000-toneladas-de-carne-sin-aranceles\/#primaryimage\",\"url\":\"https:\/\/gysfm.com.ar\/inicio\/wp-content\/uploads\/2025\/03\/trump-y-milei.jpg\",\"contentUrl\":\"https:\/\/gysfm.com.ar\/inicio\/wp-content\/uploads\/2025\/03\/trump-y-milei.jpg\",\"width\":1200,\"height\":675},{\"@type\":\"BreadcrumbList\",\"@id\":\"https:\/\/gysfm.com.ar\/inicio\/donald-trump-excluyo-a-la-argentina-de-la-nueva-cuota-de-importacion-de-300-000-toneladas-de-carne-sin-aranceles\/#breadcrumb\",\"itemListElement\":[{\"@type\":\"ListItem\",\"position\":1,\"name\":\"Portada\",\"item\":\"https:\/\/gysfm.com.ar\/inicio\/\"},{\"@type\":\"ListItem\",\"position\":2,\"name\":\"Donald Trump excluy\u00f3 a la Argentina de la nueva cuota de importaci\u00f3n de 300.000 toneladas de carne sin aranceles\"}]},{\"@type\":\"WebSite\",\"@id\":\"https:\/\/gysfm.com.ar\/inicio\/#website\",\"url\":\"https:\/\/gysfm.com.ar\/inicio\/\",\"name\":\"GYS NOTICIAS |\",\"description\":\"DIARIO - RADIO ONLINE SAN JUAN ARGENTINA\",\"publisher\":{\"@id\":\"https:\/\/gysfm.com.ar\/inicio\/#organization\"},\"potentialAction\":[{\"@type\":\"SearchAction\",\"target\":{\"@type\":\"EntryPoint\",\"urlTemplate\":\"https:\/\/gysfm.com.ar\/inicio\/?s={search_term_string}\"},\"query-input\":{\"@type\":\"PropertyValueSpecification\",\"valueRequired\":true,\"valueName\":\"search_term_string\"}}],\"inLanguage\":\"es\"},{\"@type\":\"Organization\",\"@id\":\"https:\/\/gysfm.com.ar\/inicio\/#organization\",\"name\":\"GYS NOTICIAS |\",\"url\":\"https:\/\/gysfm.com.ar\/inicio\/\",\"logo\":{\"@type\":\"ImageObject\",\"inLanguage\":\"es\",\"@id\":\"https:\/\/gysfm.com.ar\/inicio\/#\/schema\/logo\/image\/\",\"url\":\"https:\/\/gysfm.com.ar\/inicio\/wp-content\/uploads\/2023\/07\/LOGOGYS-OK.png\",\"contentUrl\":\"https:\/\/gysfm.com.ar\/inicio\/wp-content\/uploads\/2023\/07\/LOGOGYS-OK.png\",\"width\":1170,\"height\":872,\"caption\":\"GYS NOTICIAS |\"},\"image\":{\"@id\":\"https:\/\/gysfm.com.ar\/inicio\/#\/schema\/logo\/image\/\"}},{\"@type\":\"Person\",\"@id\":\"https:\/\/gysfm.com.ar\/inicio\/#\/schema\/person\/5bedd7ecd35cc35548d89effafa23696\",\"name\":\"admin\",\"image\":{\"@type\":\"ImageObject\",\"inLanguage\":\"es\",\"@id\":\"https:\/\/gysfm.com.ar\/inicio\/#\/schema\/person\/image\/\",\"url\":\"https:\/\/secure.gravatar.com\/avatar\/c331d312b5243fb64d5ba28108a447b27c925295129a363082c9ea52c28d32c2?s=96&d=mm&r=g\",\"contentUrl\":\"https:\/\/secure.gravatar.com\/avatar\/c331d312b5243fb64d5ba28108a447b27c925295129a363082c9ea52c28d32c2?s=96&d=mm&r=g\",\"caption\":\"admin\"},\"sameAs\":[\"https:\/\/gysfm.com.ar\/inicio\"],\"url\":\"https:\/\/gysfm.com.ar\/inicio\/author\/admin\/\"}]}<\/script>\n<!-- \/ Yoast SEO plugin. -->","yoast_head_json":{"title":"Donald Trump excluy\u00f3 a la Argentina de la nueva cuota de importaci\u00f3n de 300.000 toneladas de carne sin aranceles - GYS NOTICIAS |","robots":{"index":"index","follow":"follow","max-snippet":"max-snippet:-1","max-image-preview":"max-image-preview:large","max-video-preview":"max-video-preview:-1"},"canonical":"https:\/\/gysfm.com.ar\/inicio\/donald-trump-excluyo-a-la-argentina-de-la-nueva-cuota-de-importacion-de-300-000-toneladas-de-carne-sin-aranceles\/","og_locale":"es_ES","og_type":"article","og_title":"Donald Trump excluy\u00f3 a la Argentina de la nueva cuota de importaci\u00f3n de 300.000 toneladas de carne sin aranceles - GYS NOTICIAS |","og_description":"El presidente de Estados Unidos, Donald Trump, oficializ\u00f3 la medida anticipada v\u00eda redes sociales al firmar una proclama que habilita el ingreso temporal y extraordinario de 300.000 toneladas de carne vacuna magra sin aranceles, por fuera de los cupos y canales habituales. La medida excluye de sus ventajas a la Argentina, Uruguay, Australia y Nueva [&hellip;]","og_url":"https:\/\/gysfm.com.ar\/inicio\/donald-trump-excluyo-a-la-argentina-de-la-nueva-cuota-de-importacion-de-300-000-toneladas-de-carne-sin-aranceles\/","og_site_name":"GYS NOTICIAS |","article_published_time":"2026-08-27T19:23:30+00:00","og_image":[{"url":"https:\/\/media.ambito.com\/p\/7e8576a11820c430dd5626e93fbf6739\/adjuntos\/239\/imagenes\/043\/606\/0043606946\/730x0\/smart\/image.png","type":"","width":"","height":""}],"author":"admin","twitter_card":"summary_large_image","twitter_misc":{"Escrito por":"admin","Tiempo de lectura":"4 minutos"},"schema":{"@context":"https:\/\/schema.org","@graph":[{"@type":"Article","@id":"https:\/\/gysfm.com.ar\/inicio\/donald-trump-excluyo-a-la-argentina-de-la-nueva-cuota-de-importacion-de-300-000-toneladas-de-carne-sin-aranceles\/#article","isPartOf":{"@id":"https:\/\/gysfm.com.ar\/inicio\/donald-trump-excluyo-a-la-argentina-de-la-nueva-cuota-de-importacion-de-300-000-toneladas-de-carne-sin-aranceles\/"},"author":{"name":"admin","@id":"https:\/\/gysfm.com.ar\/inicio\/#\/schema\/person\/5bedd7ecd35cc35548d89effafa23696"},"headline":"Donald Trump excluy\u00f3 a la Argentina de la nueva cuota de importaci\u00f3n de 300.000 toneladas de carne sin aranceles","datePublished":"2026-08-27T19:23:30+00:00","mainEntityOfPage":{"@id":"https:\/\/gysfm.com.ar\/inicio\/donald-trump-excluyo-a-la-argentina-de-la-nueva-cuota-de-importacion-de-300-000-toneladas-de-carne-sin-aranceles\/"},"wordCount":897,"publisher":{"@id":"https:\/\/gysfm.com.ar\/inicio\/#organization"},"image":{"@id":"https:\/\/gysfm.com.ar\/inicio\/donald-trump-excluyo-a-la-argentina-de-la-nueva-cuota-de-importacion-de-300-000-toneladas-de-carne-sin-aranceles\/#primaryimage"},"thumbnailUrl":"https:\/\/gysfm.com.ar\/inicio\/wp-content\/uploads\/2025\/03\/trump-y-milei.jpg","articleSection":["ECONOMIA"],"inLanguage":"es"},{"@type":"WebPage","@id":"https:\/\/gysfm.com.ar\/inicio\/donald-trump-excluyo-a-la-argentina-de-la-nueva-cuota-de-importacion-de-300-000-toneladas-de-carne-sin-aranceles\/","url":"https:\/\/gysfm.com.ar\/inicio\/donald-trump-excluyo-a-la-argentina-de-la-nueva-cuota-de-importacion-de-300-000-toneladas-de-carne-sin-aranceles\/","name":"Donald Trump excluy\u00f3 a la Argentina de la nueva cuota de importaci\u00f3n de 300.000 toneladas de carne sin aranceles - GYS NOTICIAS |","isPartOf":{"@id":"https:\/\/gysfm.com.ar\/inicio\/#website"},"primaryImageOfPage":{"@id":"https:\/\/gysfm.com.ar\/inicio\/donald-trump-excluyo-a-la-argentina-de-la-nueva-cuota-de-importacion-de-300-000-toneladas-de-carne-sin-aranceles\/#primaryimage"},"image":{"@id":"https:\/\/gysfm.com.ar\/inicio\/donald-trump-excluyo-a-la-argentina-de-la-nueva-cuota-de-importacion-de-300-000-toneladas-de-carne-sin-aranceles\/#primaryimage"},"thumbnailUrl":"https:\/\/gysfm.com.ar\/inicio\/wp-content\/uploads\/2025\/03\/trump-y-milei.jpg","datePublished":"2026-08-27T19:23:30+00:00","breadcrumb":{"@id":"https:\/\/gysfm.com.ar\/inicio\/donald-trump-excluyo-a-la-argentina-de-la-nueva-cuota-de-importacion-de-300-000-toneladas-de-carne-sin-aranceles\/#breadcrumb"},"inLanguage":"es","potentialAction":[{"@type":"ReadAction","target":["https:\/\/gysfm.com.ar\/inicio\/donald-trump-excluyo-a-la-argentina-de-la-nueva-cuota-de-importacion-de-300-000-toneladas-de-carne-sin-aranceles\/"]}]},{"@type":"ImageObject","inLanguage":"es","@id":"https:\/\/gysfm.com.ar\/inicio\/donald-trump-excluyo-a-la-argentina-de-la-nueva-cuota-de-importacion-de-300-000-toneladas-de-carne-sin-aranceles\/#primaryimage","url":"https:\/\/gysfm.com.ar\/inicio\/wp-content\/uploads\/2025\/03\/trump-y-milei.jpg","contentUrl":"https:\/\/gysfm.com.ar\/inicio\/wp-content\/uploads\/2025\/03\/trump-y-milei.jpg","width":1200,"height":675},{"@type":"BreadcrumbList","@id":"https:\/\/gysfm.com.ar\/inicio\/donald-trump-excluyo-a-la-argentina-de-la-nueva-cuota-de-importacion-de-300-000-toneladas-de-carne-sin-aranceles\/#breadcrumb","itemListElement":[{"@type":"ListItem","position":1,"name":"Portada","item":"https:\/\/gysfm.com.ar\/inicio\/"},{"@type":"ListItem","position":2,"name":"Donald Trump excluy\u00f3 a la Argentina de la nueva cuota de importaci\u00f3n de 300.000 toneladas de carne sin aranceles"}]},{"@type":"WebSite","@id":"https:\/\/gysfm.com.ar\/inicio\/#website","url":"https:\/\/gysfm.com.ar\/inicio\/","name":"GYS NOTICIAS |","description":"DIARIO - RADIO ONLINE SAN JUAN ARGENTINA","publisher":{"@id":"https:\/\/gysfm.com.ar\/inicio\/#organization"},"potentialAction":[{"@type":"SearchAction","target":{"@type":"EntryPoint","urlTemplate":"https:\/\/gysfm.com.ar\/inicio\/?s={search_term_string}"},"query-input":{"@type":"PropertyValueSpecification","valueRequired":true,"valueName":"search_term_string"}}],"inLanguage":"es"},{"@type":"Organization","@id":"https:\/\/gysfm.com.ar\/inicio\/#organization","name":"GYS NOTICIAS |","url":"https:\/\/gysfm.com.ar\/inicio\/","logo":{"@type":"ImageObject","inLanguage":"es","@id":"https:\/\/gysfm.com.ar\/inicio\/#\/schema\/logo\/image\/","url":"https:\/\/gysfm.com.ar\/inicio\/wp-content\/uploads\/2023\/07\/LOGOGYS-OK.png","contentUrl":"https:\/\/gysfm.com.ar\/inicio\/wp-content\/uploads\/2023\/07\/LOGOGYS-OK.png","width":1170,"height":872,"caption":"GYS NOTICIAS |"},"image":{"@id":"https:\/\/gysfm.com.ar\/inicio\/#\/schema\/logo\/image\/"}},{"@type":"Person","@id":"https:\/\/gysfm.com.ar\/inicio\/#\/schema\/person\/5bedd7ecd35cc35548d89effafa23696","name":"admin","image":{"@type":"ImageObject","inLanguage":"es","@id":"https:\/\/gysfm.com.ar\/inicio\/#\/schema\/person\/image\/","url":"https:\/\/secure.gravatar.com\/avatar\/c331d312b5243fb64d5ba28108a447b27c925295129a363082c9ea52c28d32c2?s=96&d=mm&r=g","contentUrl":"https:\/\/secure.gravatar.com\/avatar\/c331d312b5243fb64d5ba28108a447b27c925295129a363082c9ea52c28d32c2?s=96&d=mm&r=g","caption":"admin"},"sameAs":["https:\/\/gysfm.com.ar\/inicio"],"url":"https:\/\/gysfm.com.ar\/inicio\/author\/admin\/"}]}},"_links":{"self":[{"href":"https:\/\/gysfm.com.ar\/inicio\/wp-json\/wp\/v2\/posts\/209576","targetHints":{"allow":["GET"]}}],"collection":[{"href":"https:\/\/gysfm.com.ar\/inicio\/wp-json\/wp\/v2\/posts"}],"about":[{"href":"https:\/\/gysfm.com.ar\/inicio\/wp-json\/wp\/v2\/types\/post"}],"author":[{"embeddable":true,"href":"https:\/\/gysfm.com.ar\/inicio\/wp-json\/wp\/v2\/users\/1"}],"replies":[{"embeddable":true,"href":"https:\/\/gysfm.com.ar\/inicio\/wp-json\/wp\/v2\/comments?post=209576"}],"version-history":[{"count":0,"href":"https:\/\/gysfm.com.ar\/inicio\/wp-json\/wp\/v2\/posts\/209576\/revisions"}],"wp:featuredmedia":[{"embeddable":true,"href":"https:\/\/gysfm.com.ar\/inicio\/wp-json\/wp\/v2\/media\/105290"}],"wp:attachment":[{"href":"https:\/\/gysfm.com.ar\/inicio\/wp-json\/wp\/v2\/media?parent=209576"}],"wp:term":[{"taxonomy":"category","embeddable":true,"href":"https:\/\/gysfm.com.ar\/inicio\/wp-json\/wp\/v2\/categories?post=209576"},{"taxonomy":"post_tag","embeddable":true,"href":"https:\/\/gysfm.com.ar\/inicio\/wp-json\/wp\/v2\/tags?post=209576"}],"curies":[{"name":"wp","href":"https:\/\/api.w.org\/{rel}","templated":true}]}}