{"id":209570,"date":"2026-08-27T15:52:40","date_gmt":"2026-08-27T18:52:40","guid":{"rendered":"https:\/\/gysfm.com.ar\/inicio\/costa-rica-que-se-jacta-de-no-tener-ejercito-ahora-apuesta-por-construir-una-megacarcel-al-estilo-bukele\/"},"modified":"2026-08-27T15:52:47","modified_gmt":"2026-08-27T18:52:47","slug":"costa-rica-que-se-jacta-de-no-tener-ejercito-ahora-apuesta-por-construir-una-megacarcel-al-estilo-bukele","status":"publish","type":"post","link":"https:\/\/gysfm.com.ar\/inicio\/costa-rica-que-se-jacta-de-no-tener-ejercito-ahora-apuesta-por-construir-una-megacarcel-al-estilo-bukele\/","title":{"rendered":"Costa Rica, que se jacta de no tener ej\u00e9rcito, ahora apuesta por construir una megac\u00e1rcel al estilo Bukele"},"content":{"rendered":"<p> <br \/>\n<\/p>\n<div>\n<p class=\"com-paragraph --capital --s\">ALAJUELA, Costa Rica.\u2013 La presidenta de Costa Rica, <a href=\"https:\/\/www.lanacion.com.ar\/el-mundo\/quien-es-laura-fernandez-la-bukele-de-costa-rica-que-arraso-en-las-elecciones-y-sera-la-proxima-nid02022026\/\" target=\"_self\" title=\"https:\/\/www.lanacion.com.ar\/el-mundo\/quien-es-laura-fernandez-la-bukele-de-costa-rica-que-arraso-en-las-elecciones-y-sera-la-proxima-nid02022026\/\" class=\"com-link break-word\" data-mrf-recirculation=\"n_link_parrafo\"><strong>Laura Fern\u00e1ndez<\/strong><\/a>, que ha puesto a la seguridad como \u200c<a href=\"https:\/\/www.lanacion.com.ar\/el-mundo\/no-me-temblara-el-pulso-contra-el-crimen-organizado-prometio-la-nueva-presidenta-de-costa-rica-nid08052026\/\" target=\"_self\" title=\"https:\/\/www.lanacion.com.ar\/el-mundo\/no-me-temblara-el-pulso-contra-el-crimen-organizado-prometio-la-nueva-presidenta-de-costa-rica-nid08052026\/\" class=\"com-link break-word\" data-mrf-recirculation=\"n_link_parrafo\">una de las prioridades de \u200csu \u2060gobierno<\/a>, <strong>avanza en la construcci\u00f3n del Centro de Alta Contenci\u00f3n de la Criminalidad Organizada (CACCO)<\/strong>, una prisi\u00f3n de m\u00e1xima seguridad inspirada parcialmente en las pol\u00edticas penitenciarias \u200bimpulsadas por \u2060el \u2060mandatario salvadore\u00f1o, <a href=\"https:\/\/www.lanacion.com.ar\/el-mundo\/bukele-buscara-un-tercer-mandato-tras-una-polemica-reforma-que-elimino-los-limites-nid13072026\/\" target=\"_self\" title=\"https:\/\/www.lanacion.com.ar\/el-mundo\/bukele-buscara-un-tercer-mandato-tras-una-polemica-reforma-que-elimino-los-limites-nid13072026\/\" class=\"com-link break-word\" data-mrf-recirculation=\"n_link_parrafo\"><strong>Nayib Bukele<\/strong><\/a>. <\/p>\n<p class=\"com-paragraph --s\">Las obras del complejo penitenciario en la provincia de Alajuela, a unos 20 \u200bkil\u00f3metros al noroeste de San Jos\u00e9, <strong>muestran celdas, pasillos, \u00e1reas sanitarias y sistemas \u200cde seguridad a\u00fan en construcci\u00f3n<\/strong>, seg\u00fan im\u00e1genes difundidas por el \u200bMinisterio de Justicia en julio. El proyecto \u200bbusca alojar a <a href=\"https:\/\/www.lanacion.com.ar\/el-mundo\/quien-es-el-diablo-el-criminal-mas-buscado-de-costa-rica-capturado-tras-una-compleja-operacion-nid28072026\/\" target=\"_self\" title=\"https:\/\/www.lanacion.com.ar\/el-mundo\/quien-es-el-diablo-el-criminal-mas-buscado-de-costa-rica-capturado-tras-una-compleja-operacion-nid28072026\/\" class=\"com-link break-word\" data-mrf-recirculation=\"n_link_parrafo\">reclusos considerados de alta peligrosidad<\/a> y cortar presuntas operaciones criminales dirigidas desde las c\u00e1rceles.<\/p>\n<p class=\"com-paragraph --s\">Fern\u00e1ndez, quien defendi\u00f3 la iniciativa desde la campa\u00f1a electoral, afirm\u00f3 tras ganar las elecciones que Costa Rica no deb\u00eda seguir brindando \u201ctecho, comida y protecci\u00f3n\u201d a delincuentes que contin\u00faan operando bandas desde prisi\u00f3n. La mandataria a\u00f1adi\u00f3 \u200bentonces que hab\u00eda conversado con Bukele, quien <strong>reiter\u00f3 su disposici\u00f3n a colaborar con Costa Rica en materia de seguridad <\/strong>y en \u2060el desarrollo del proyecto penitenciario.<\/p>\n<p class=\"com-paragraph --s\">Durante el inicio de las obras en enero, al que asisti\u00f3 Bukele, el mandatario salvadore\u00f1o \u200csostuvo que Costa Rica ten\u00eda la oportunidad de enfrentar el problema antes de que alcanzara niveles como los observados en El Salvador a\u00f1os atr\u00e1s. Fern\u00e1ndez reiter\u00f3 el 19 de agosto, al cumplir 100 d\u00edas de gobierno, que <strong>la seguridad nacional continuaba siendo la principal preocupaci\u00f3n de los costarricenses <\/strong>y que su administraci\u00f3n ha dado m\u00e1xima prioridad al tema.<\/p>\n<p class=\"com-paragraph --s\">La c\u00e1rcel, cuya construcci\u00f3n est\u00e1 al 89%, <strong>\u200ctendr\u00e1 capacidad para 5000 internos<\/strong>, el 25% de la poblaci\u00f3n carcelaria de Costa Rica.<\/p>\n<p class=\"com-paragraph --s\">Sin embargo, <strong>la estrategia \u2060ha generado cr\u00edticas de especialistas en derechos humanos<\/strong>. El analista <strong>Marco Feoli <\/strong>afirm\u00f3 que la \u200cpol\u00edtica est\u00e1 inspirada en la \u201cespectacularidad\u201d del modelo salvadore\u00f1o y argument\u00f3 que Costa \u2060Rica enfrenta una realidad distinta, sin la fuerte presencia de las \u2060peligrosas Maras.<\/p>\n<div class=\"content-media\">\n<section role=\"button\" class=\"mod-media   \">\n<figure role=\"button\" tabindex=\"0\" class=\"mod-figure \"><figcaption class=\"mod-figcaption\"><span class=\"com-text --caption --twoxs\">La presidenta de Costa Rica, Laura Fern\u00e1ndez, en el sitio de construcci\u00f3n del Centro de Alta Contenci\u00f3n de la Criminalidad Organizada (CACCO), en Alajuela, Costa Rica. Fuente: X<\/span><\/figcaption><\/figure>\n<\/section>\n<\/div>\n<p class=\"com-paragraph --s\">Tambi\u00e9n cuestion\u00f3 <strong>la exposici\u00f3n p\u00fablica de algunos detenidos durante operativos recientes<\/strong>, al considerar que esas pr\u00e1cticas pueden resultar humillantes y carecer de un prop\u00f3sito leg\u00edtimo de seguridad.<\/p>\n<p class=\"com-paragraph --s\"><strong>Entre la ciudadan\u00eda, las opiniones est\u00e1n divididas<\/strong>. Algunos residentes consultados por Reuters respaldaron las medidas m\u00e1s estrictas contra el crimen, \u200cargumentando que la delincuencia ha afectado la \u200btranquilidad del pa\u00eds, mientras que otros expresaron dudas sobre la eficacia de una pol\u00edtica centrada en endurecer el sistema penitenciario para reducir la criminalidad.<\/p>\n<p><h2 class=\"font-primary font-w-bold text-subheading-lg text-left container-center-100 mb-8\"><span>Inspirada en Bukele<\/span><\/h2>\n<\/p>\n<p class=\"com-paragraph --s\">De 39 a\u00f1os, Fern\u00e1ndez \u2013quien obtuvo m\u00e1s del 48% de los votos en las elecciones que la llevaron a la presidencia\u2013 es la heredera pol\u00edtica del exmandatario <a href=\"https:\/\/www.lanacion.com.ar\/el-mundo\/el-inedito-nombramiento-para-la-bukele-de-costa-rica-que-despierta-suspicacias-antes-de-su-asuncion-nid04022026\/\" target=\"_self\" title=\"Rodrigo Chaves\" class=\"com-link break-word\" data-mrf-recirculation=\"n_link_parrafo\"><strong>Rodrigo Chaves<\/strong><\/a>, tambi\u00e9n admirador de Bukele y <strong>acusado por la oposici\u00f3n de llevar a Costa Rica por la senda del autoritarismo<\/strong>.<\/p>\n<p class=\"com-paragraph --s\">La polit\u00f3loga gan\u00f3 los comicios con un programa que inclu\u00eda <strong>reformas radicales al sistema judicial y de las leyes de seguridad<\/strong> para enfrentar la violencia del narcotr\u00e1fico que se ha extendido en el pa\u00eds. La presidenta aspira a sustituir as\u00ed el modelo de pa\u00eds que surgi\u00f3 de la guerra civil de 1948, que aboli\u00f3 el Ejercito y sent\u00f3 las bases del Estado de bienestar <strong>por el que es reconocido Costa Rica<\/strong>.<\/p>\n<div class=\"content-media\">\n<section role=\"button\" class=\"mod-media   \">\n<figure role=\"button\" tabindex=\"0\" class=\"mod-figure \"><figcaption class=\"mod-figcaption\"><span class=\"com-text --caption --twoxs\">Imagen del Centro de Alta Contenci\u00f3n de la Criminalidad Organizada (CACCO) a\u00fan en construcci\u00f3n, en Alajuela, Costa Rica. Fuente: X<\/span><\/figcaption><\/figure>\n<\/section>\n<\/div>\n<p class=\"com-paragraph --s\">Durante los cuatro a\u00f1os de mandato de Chaves, <strong>la tasa de homicidios alcanz\u00f3 niveles r\u00e9cord<\/strong>. Entre las causas citadas por expertos en narcotr\u00e1fico y autoridades estadounidenses se encuentra el hecho de que el pa\u00eds caribe\u00f1o se ha convertido en <strong>un centro estrat\u00e9gico para el env\u00edo de coca\u00edna sudamericana con destino a Estados Unidos y Europa<\/strong>. <\/p>\n<p class=\"com-paragraph --s\">Opositores y analistas consideran que el proyecto de Fern\u00e1ndez <strong>apunta a una hegemon\u00eda similar a la del presidente salvadore\u00f1o<\/strong>, quien acumul\u00f3 un poder cuasi absoluto e instaur\u00f3 la reelecci\u00f3n indefinida a partir de su \u00e9xito en la guerra contra las pandillas, que seg\u00fan denunciaron varias ONG especializadas condujo a graves violaciones de derechos humanos.<\/p>\n<p class=\"com-paragraph --s\"><strong>Agencia AFP, ANSA y Reuters<\/strong><\/p>\n<section class=\"container-center-100 mb-40 border border-bottom border-thin border-neutral-light-700\">\n<hr\/>\n<\/section>\n<\/div>\n<p><script id=\"facebookpixel\" defer=\"\" type=\"text\/javascript\">\n        !function(f,b,e,v,n,t,s)\n        {if(f.fbq)return;n=f.fbq=function(){n.callMethod?\n        n.callMethod.apply(n,arguments):n.queue.push(arguments)};\n        if(!f._fbq)f._fbq=n;n.push=n;n.loaded=!0;n.version='2.0';\n        n.queue=[];t=b.createElement(e);t.async=!0;\n        t.src=v;s=b.getElementsByTagName(e)[0];\n        s.parentNode.insertBefore(t,s)}(window, document,'script',\n        'https:\/\/connect.facebook.net\/en_US\/fbevents.js');\n        fbq('init', '492459597522335');\n        fbq('track', 'PageView');\n    <\/script><br \/>\n<br \/><\/p>\n","protected":false},"excerpt":{"rendered":"<p>ALAJUELA, Costa Rica.\u2013 La presidenta de Costa Rica, Laura Fern\u00e1ndez, que ha puesto a la seguridad como \u200cuna de las prioridades de \u200csu \u2060gobierno, avanza en la construcci\u00f3n del Centro de Alta Contenci\u00f3n de la Criminalidad Organizada (CACCO), una prisi\u00f3n de m\u00e1xima seguridad inspirada parcialmente en las pol\u00edticas penitenciarias \u200bimpulsadas por \u2060el \u2060mandatario salvadore\u00f1o, Nayib [&hellip;]<\/p>\n","protected":false},"author":2,"featured_media":209571,"comment_status":"closed","ping_status":"closed","sticky":false,"template":"","format":"standard","meta":{"footnotes":""},"categories":[26],"tags":[],"class_list":["post-209570","post","type-post","status-publish","format-standard","has-post-thumbnail","hentry","category-internacionales"],"yoast_head":"<!-- This site is optimized with the Yoast SEO plugin v24.4 - https:\/\/yoast.com\/wordpress\/plugins\/seo\/ -->\n<title>Costa Rica, que se jacta de no tener ej\u00e9rcito, ahora apuesta por construir una megac\u00e1rcel al estilo Bukele - GYS NOTICIAS |<\/title>\n<meta name=\"robots\" content=\"index, follow, max-snippet:-1, max-image-preview:large, max-video-preview:-1\" \/>\n<link rel=\"canonical\" href=\"https:\/\/gysfm.com.ar\/inicio\/costa-rica-que-se-jacta-de-no-tener-ejercito-ahora-apuesta-por-construir-una-megacarcel-al-estilo-bukele\/\" \/>\n<meta property=\"og:locale\" content=\"es_ES\" \/>\n<meta property=\"og:type\" content=\"article\" \/>\n<meta property=\"og:title\" content=\"Costa Rica, que se jacta de no tener ej\u00e9rcito, ahora apuesta por construir una megac\u00e1rcel al estilo Bukele - GYS NOTICIAS |\" \/>\n<meta property=\"og:description\" content=\"ALAJUELA, Costa Rica.\u2013 La presidenta de Costa Rica, Laura Fern\u00e1ndez, que ha puesto a la seguridad como \u200cuna de las prioridades de \u200csu \u2060gobierno, avanza en la construcci\u00f3n del Centro de Alta Contenci\u00f3n de la Criminalidad Organizada (CACCO), una prisi\u00f3n de m\u00e1xima seguridad inspirada parcialmente en las pol\u00edticas penitenciarias \u200bimpulsadas por \u2060el \u2060mandatario salvadore\u00f1o, Nayib [&hellip;]\" \/>\n<meta property=\"og:url\" content=\"https:\/\/gysfm.com.ar\/inicio\/costa-rica-que-se-jacta-de-no-tener-ejercito-ahora-apuesta-por-construir-una-megacarcel-al-estilo-bukele\/\" \/>\n<meta property=\"og:site_name\" content=\"GYS NOTICIAS |\" \/>\n<meta property=\"article:published_time\" content=\"2026-08-27T18:52:40+00:00\" \/>\n<meta property=\"article:modified_time\" content=\"2026-08-27T18:52:47+00:00\" \/>\n<meta property=\"og:image\" content=\"https:\/\/gysfm.com.ar\/inicio\/wp-content\/uploads\/2026\/08\/imagen-del-centro-de-alta-contencion-de-la-CZPLHO7PZ5GEPH73AJUFVPTVJI.jpg\" \/>\n\t<meta property=\"og:image:width\" content=\"1200\" \/>\n\t<meta property=\"og:image:height\" content=\"800\" \/>\n\t<meta property=\"og:image:type\" content=\"image\/jpeg\" \/>\n<meta name=\"author\" content=\"Prensa G&amp;S FM\" \/>\n<meta name=\"twitter:card\" content=\"summary_large_image\" \/>\n<meta name=\"twitter:label1\" content=\"Escrito por\" \/>\n\t<meta name=\"twitter:data1\" content=\"Prensa G&amp;S FM\" \/>\n\t<meta name=\"twitter:label2\" content=\"Tiempo de lectura\" \/>\n\t<meta name=\"twitter:data2\" content=\"4 minutos\" \/>\n<script type=\"application\/ld+json\" class=\"yoast-schema-graph\">{\"@context\":\"https:\/\/schema.org\",\"@graph\":[{\"@type\":\"Article\",\"@id\":\"https:\/\/gysfm.com.ar\/inicio\/costa-rica-que-se-jacta-de-no-tener-ejercito-ahora-apuesta-por-construir-una-megacarcel-al-estilo-bukele\/#article\",\"isPartOf\":{\"@id\":\"https:\/\/gysfm.com.ar\/inicio\/costa-rica-que-se-jacta-de-no-tener-ejercito-ahora-apuesta-por-construir-una-megacarcel-al-estilo-bukele\/\"},\"author\":{\"name\":\"Prensa G&amp;S FM\",\"@id\":\"https:\/\/gysfm.com.ar\/inicio\/#\/schema\/person\/3abba7593ef2ad19e1be221d54383dc5\"},\"headline\":\"Costa Rica, que se jacta de no tener ej\u00e9rcito, ahora apuesta por construir una megac\u00e1rcel al estilo Bukele\",\"datePublished\":\"2026-08-27T18:52:40+00:00\",\"dateModified\":\"2026-08-27T18:52:47+00:00\",\"mainEntityOfPage\":{\"@id\":\"https:\/\/gysfm.com.ar\/inicio\/costa-rica-que-se-jacta-de-no-tener-ejercito-ahora-apuesta-por-construir-una-megacarcel-al-estilo-bukele\/\"},\"wordCount\":770,\"publisher\":{\"@id\":\"https:\/\/gysfm.com.ar\/inicio\/#organization\"},\"image\":{\"@id\":\"https:\/\/gysfm.com.ar\/inicio\/costa-rica-que-se-jacta-de-no-tener-ejercito-ahora-apuesta-por-construir-una-megacarcel-al-estilo-bukele\/#primaryimage\"},\"thumbnailUrl\":\"https:\/\/gysfm.com.ar\/inicio\/wp-content\/uploads\/2026\/08\/imagen-del-centro-de-alta-contencion-de-la-CZPLHO7PZ5GEPH73AJUFVPTVJI.jpg\",\"articleSection\":[\"INTERNACIONALES\"],\"inLanguage\":\"es\"},{\"@type\":\"WebPage\",\"@id\":\"https:\/\/gysfm.com.ar\/inicio\/costa-rica-que-se-jacta-de-no-tener-ejercito-ahora-apuesta-por-construir-una-megacarcel-al-estilo-bukele\/\",\"url\":\"https:\/\/gysfm.com.ar\/inicio\/costa-rica-que-se-jacta-de-no-tener-ejercito-ahora-apuesta-por-construir-una-megacarcel-al-estilo-bukele\/\",\"name\":\"Costa Rica, que se jacta de no tener ej\u00e9rcito, ahora apuesta por construir una megac\u00e1rcel al estilo Bukele - GYS NOTICIAS |\",\"isPartOf\":{\"@id\":\"https:\/\/gysfm.com.ar\/inicio\/#website\"},\"primaryImageOfPage\":{\"@id\":\"https:\/\/gysfm.com.ar\/inicio\/costa-rica-que-se-jacta-de-no-tener-ejercito-ahora-apuesta-por-construir-una-megacarcel-al-estilo-bukele\/#primaryimage\"},\"image\":{\"@id\":\"https:\/\/gysfm.com.ar\/inicio\/costa-rica-que-se-jacta-de-no-tener-ejercito-ahora-apuesta-por-construir-una-megacarcel-al-estilo-bukele\/#primaryimage\"},\"thumbnailUrl\":\"https:\/\/gysfm.com.ar\/inicio\/wp-content\/uploads\/2026\/08\/imagen-del-centro-de-alta-contencion-de-la-CZPLHO7PZ5GEPH73AJUFVPTVJI.jpg\",\"datePublished\":\"2026-08-27T18:52:40+00:00\",\"dateModified\":\"2026-08-27T18:52:47+00:00\",\"breadcrumb\":{\"@id\":\"https:\/\/gysfm.com.ar\/inicio\/costa-rica-que-se-jacta-de-no-tener-ejercito-ahora-apuesta-por-construir-una-megacarcel-al-estilo-bukele\/#breadcrumb\"},\"inLanguage\":\"es\",\"potentialAction\":[{\"@type\":\"ReadAction\",\"target\":[\"https:\/\/gysfm.com.ar\/inicio\/costa-rica-que-se-jacta-de-no-tener-ejercito-ahora-apuesta-por-construir-una-megacarcel-al-estilo-bukele\/\"]}]},{\"@type\":\"ImageObject\",\"inLanguage\":\"es\",\"@id\":\"https:\/\/gysfm.com.ar\/inicio\/costa-rica-que-se-jacta-de-no-tener-ejercito-ahora-apuesta-por-construir-una-megacarcel-al-estilo-bukele\/#primaryimage\",\"url\":\"https:\/\/gysfm.com.ar\/inicio\/wp-content\/uploads\/2026\/08\/imagen-del-centro-de-alta-contencion-de-la-CZPLHO7PZ5GEPH73AJUFVPTVJI.jpg\",\"contentUrl\":\"https:\/\/gysfm.com.ar\/inicio\/wp-content\/uploads\/2026\/08\/imagen-del-centro-de-alta-contencion-de-la-CZPLHO7PZ5GEPH73AJUFVPTVJI.jpg\",\"width\":1200,\"height\":800},{\"@type\":\"BreadcrumbList\",\"@id\":\"https:\/\/gysfm.com.ar\/inicio\/costa-rica-que-se-jacta-de-no-tener-ejercito-ahora-apuesta-por-construir-una-megacarcel-al-estilo-bukele\/#breadcrumb\",\"itemListElement\":[{\"@type\":\"ListItem\",\"position\":1,\"name\":\"Portada\",\"item\":\"https:\/\/gysfm.com.ar\/inicio\/\"},{\"@type\":\"ListItem\",\"position\":2,\"name\":\"Costa Rica, que se jacta de no tener ej\u00e9rcito, ahora apuesta por construir una megac\u00e1rcel al estilo Bukele\"}]},{\"@type\":\"WebSite\",\"@id\":\"https:\/\/gysfm.com.ar\/inicio\/#website\",\"url\":\"https:\/\/gysfm.com.ar\/inicio\/\",\"name\":\"GYS NOTICIAS |\",\"description\":\"DIARIO - RADIO ONLINE SAN JUAN ARGENTINA\",\"publisher\":{\"@id\":\"https:\/\/gysfm.com.ar\/inicio\/#organization\"},\"potentialAction\":[{\"@type\":\"SearchAction\",\"target\":{\"@type\":\"EntryPoint\",\"urlTemplate\":\"https:\/\/gysfm.com.ar\/inicio\/?s={search_term_string}\"},\"query-input\":{\"@type\":\"PropertyValueSpecification\",\"valueRequired\":true,\"valueName\":\"search_term_string\"}}],\"inLanguage\":\"es\"},{\"@type\":\"Organization\",\"@id\":\"https:\/\/gysfm.com.ar\/inicio\/#organization\",\"name\":\"GYS NOTICIAS |\",\"url\":\"https:\/\/gysfm.com.ar\/inicio\/\",\"logo\":{\"@type\":\"ImageObject\",\"inLanguage\":\"es\",\"@id\":\"https:\/\/gysfm.com.ar\/inicio\/#\/schema\/logo\/image\/\",\"url\":\"https:\/\/gysfm.com.ar\/inicio\/wp-content\/uploads\/2023\/07\/LOGOGYS-OK.png\",\"contentUrl\":\"https:\/\/gysfm.com.ar\/inicio\/wp-content\/uploads\/2023\/07\/LOGOGYS-OK.png\",\"width\":1170,\"height\":872,\"caption\":\"GYS NOTICIAS |\"},\"image\":{\"@id\":\"https:\/\/gysfm.com.ar\/inicio\/#\/schema\/logo\/image\/\"}},{\"@type\":\"Person\",\"@id\":\"https:\/\/gysfm.com.ar\/inicio\/#\/schema\/person\/3abba7593ef2ad19e1be221d54383dc5\",\"name\":\"Prensa G&amp;S FM\",\"image\":{\"@type\":\"ImageObject\",\"inLanguage\":\"es\",\"@id\":\"https:\/\/gysfm.com.ar\/inicio\/#\/schema\/person\/image\/\",\"url\":\"https:\/\/secure.gravatar.com\/avatar\/096ec78df02049ab018702bb4ccedf659377fa92a26540b5247612077a0dbd29?s=96&d=mm&r=g\",\"contentUrl\":\"https:\/\/secure.gravatar.com\/avatar\/096ec78df02049ab018702bb4ccedf659377fa92a26540b5247612077a0dbd29?s=96&d=mm&r=g\",\"caption\":\"Prensa G&amp;S FM\"},\"sameAs\":[\"https:\/\/gysfm.com.ar\/\"],\"url\":\"https:\/\/gysfm.com.ar\/inicio\/author\/lucasm\/\"}]}<\/script>\n<!-- \/ Yoast SEO plugin. -->","yoast_head_json":{"title":"Costa Rica, que se jacta de no tener ej\u00e9rcito, ahora apuesta por construir una megac\u00e1rcel al estilo Bukele - GYS NOTICIAS |","robots":{"index":"index","follow":"follow","max-snippet":"max-snippet:-1","max-image-preview":"max-image-preview:large","max-video-preview":"max-video-preview:-1"},"canonical":"https:\/\/gysfm.com.ar\/inicio\/costa-rica-que-se-jacta-de-no-tener-ejercito-ahora-apuesta-por-construir-una-megacarcel-al-estilo-bukele\/","og_locale":"es_ES","og_type":"article","og_title":"Costa Rica, que se jacta de no tener ej\u00e9rcito, ahora apuesta por construir una megac\u00e1rcel al estilo Bukele - GYS NOTICIAS |","og_description":"ALAJUELA, Costa Rica.\u2013 La presidenta de Costa Rica, Laura Fern\u00e1ndez, que ha puesto a la seguridad como \u200cuna de las prioridades de \u200csu \u2060gobierno, avanza en la construcci\u00f3n del Centro de Alta Contenci\u00f3n de la Criminalidad Organizada (CACCO), una prisi\u00f3n de m\u00e1xima seguridad inspirada parcialmente en las pol\u00edticas penitenciarias \u200bimpulsadas por \u2060el \u2060mandatario salvadore\u00f1o, Nayib [&hellip;]","og_url":"https:\/\/gysfm.com.ar\/inicio\/costa-rica-que-se-jacta-de-no-tener-ejercito-ahora-apuesta-por-construir-una-megacarcel-al-estilo-bukele\/","og_site_name":"GYS NOTICIAS |","article_published_time":"2026-08-27T18:52:40+00:00","article_modified_time":"2026-08-27T18:52:47+00:00","og_image":[{"width":1200,"height":800,"url":"https:\/\/gysfm.com.ar\/inicio\/wp-content\/uploads\/2026\/08\/imagen-del-centro-de-alta-contencion-de-la-CZPLHO7PZ5GEPH73AJUFVPTVJI.jpg","type":"image\/jpeg"}],"author":"Prensa G&amp;S FM","twitter_card":"summary_large_image","twitter_misc":{"Escrito por":"Prensa G&amp;S FM","Tiempo de lectura":"4 minutos"},"schema":{"@context":"https:\/\/schema.org","@graph":[{"@type":"Article","@id":"https:\/\/gysfm.com.ar\/inicio\/costa-rica-que-se-jacta-de-no-tener-ejercito-ahora-apuesta-por-construir-una-megacarcel-al-estilo-bukele\/#article","isPartOf":{"@id":"https:\/\/gysfm.com.ar\/inicio\/costa-rica-que-se-jacta-de-no-tener-ejercito-ahora-apuesta-por-construir-una-megacarcel-al-estilo-bukele\/"},"author":{"name":"Prensa G&amp;S FM","@id":"https:\/\/gysfm.com.ar\/inicio\/#\/schema\/person\/3abba7593ef2ad19e1be221d54383dc5"},"headline":"Costa Rica, que se jacta de no tener ej\u00e9rcito, ahora apuesta por construir una megac\u00e1rcel al estilo Bukele","datePublished":"2026-08-27T18:52:40+00:00","dateModified":"2026-08-27T18:52:47+00:00","mainEntityOfPage":{"@id":"https:\/\/gysfm.com.ar\/inicio\/costa-rica-que-se-jacta-de-no-tener-ejercito-ahora-apuesta-por-construir-una-megacarcel-al-estilo-bukele\/"},"wordCount":770,"publisher":{"@id":"https:\/\/gysfm.com.ar\/inicio\/#organization"},"image":{"@id":"https:\/\/gysfm.com.ar\/inicio\/costa-rica-que-se-jacta-de-no-tener-ejercito-ahora-apuesta-por-construir-una-megacarcel-al-estilo-bukele\/#primaryimage"},"thumbnailUrl":"https:\/\/gysfm.com.ar\/inicio\/wp-content\/uploads\/2026\/08\/imagen-del-centro-de-alta-contencion-de-la-CZPLHO7PZ5GEPH73AJUFVPTVJI.jpg","articleSection":["INTERNACIONALES"],"inLanguage":"es"},{"@type":"WebPage","@id":"https:\/\/gysfm.com.ar\/inicio\/costa-rica-que-se-jacta-de-no-tener-ejercito-ahora-apuesta-por-construir-una-megacarcel-al-estilo-bukele\/","url":"https:\/\/gysfm.com.ar\/inicio\/costa-rica-que-se-jacta-de-no-tener-ejercito-ahora-apuesta-por-construir-una-megacarcel-al-estilo-bukele\/","name":"Costa Rica, que se jacta de no tener ej\u00e9rcito, ahora apuesta por construir una megac\u00e1rcel al estilo Bukele - GYS NOTICIAS |","isPartOf":{"@id":"https:\/\/gysfm.com.ar\/inicio\/#website"},"primaryImageOfPage":{"@id":"https:\/\/gysfm.com.ar\/inicio\/costa-rica-que-se-jacta-de-no-tener-ejercito-ahora-apuesta-por-construir-una-megacarcel-al-estilo-bukele\/#primaryimage"},"image":{"@id":"https:\/\/gysfm.com.ar\/inicio\/costa-rica-que-se-jacta-de-no-tener-ejercito-ahora-apuesta-por-construir-una-megacarcel-al-estilo-bukele\/#primaryimage"},"thumbnailUrl":"https:\/\/gysfm.com.ar\/inicio\/wp-content\/uploads\/2026\/08\/imagen-del-centro-de-alta-contencion-de-la-CZPLHO7PZ5GEPH73AJUFVPTVJI.jpg","datePublished":"2026-08-27T18:52:40+00:00","dateModified":"2026-08-27T18:52:47+00:00","breadcrumb":{"@id":"https:\/\/gysfm.com.ar\/inicio\/costa-rica-que-se-jacta-de-no-tener-ejercito-ahora-apuesta-por-construir-una-megacarcel-al-estilo-bukele\/#breadcrumb"},"inLanguage":"es","potentialAction":[{"@type":"ReadAction","target":["https:\/\/gysfm.com.ar\/inicio\/costa-rica-que-se-jacta-de-no-tener-ejercito-ahora-apuesta-por-construir-una-megacarcel-al-estilo-bukele\/"]}]},{"@type":"ImageObject","inLanguage":"es","@id":"https:\/\/gysfm.com.ar\/inicio\/costa-rica-que-se-jacta-de-no-tener-ejercito-ahora-apuesta-por-construir-una-megacarcel-al-estilo-bukele\/#primaryimage","url":"https:\/\/gysfm.com.ar\/inicio\/wp-content\/uploads\/2026\/08\/imagen-del-centro-de-alta-contencion-de-la-CZPLHO7PZ5GEPH73AJUFVPTVJI.jpg","contentUrl":"https:\/\/gysfm.com.ar\/inicio\/wp-content\/uploads\/2026\/08\/imagen-del-centro-de-alta-contencion-de-la-CZPLHO7PZ5GEPH73AJUFVPTVJI.jpg","width":1200,"height":800},{"@type":"BreadcrumbList","@id":"https:\/\/gysfm.com.ar\/inicio\/costa-rica-que-se-jacta-de-no-tener-ejercito-ahora-apuesta-por-construir-una-megacarcel-al-estilo-bukele\/#breadcrumb","itemListElement":[{"@type":"ListItem","position":1,"name":"Portada","item":"https:\/\/gysfm.com.ar\/inicio\/"},{"@type":"ListItem","position":2,"name":"Costa Rica, que se jacta de no tener ej\u00e9rcito, ahora apuesta por construir una megac\u00e1rcel al estilo Bukele"}]},{"@type":"WebSite","@id":"https:\/\/gysfm.com.ar\/inicio\/#website","url":"https:\/\/gysfm.com.ar\/inicio\/","name":"GYS NOTICIAS |","description":"DIARIO - RADIO ONLINE SAN JUAN ARGENTINA","publisher":{"@id":"https:\/\/gysfm.com.ar\/inicio\/#organization"},"potentialAction":[{"@type":"SearchAction","target":{"@type":"EntryPoint","urlTemplate":"https:\/\/gysfm.com.ar\/inicio\/?s={search_term_string}"},"query-input":{"@type":"PropertyValueSpecification","valueRequired":true,"valueName":"search_term_string"}}],"inLanguage":"es"},{"@type":"Organization","@id":"https:\/\/gysfm.com.ar\/inicio\/#organization","name":"GYS NOTICIAS |","url":"https:\/\/gysfm.com.ar\/inicio\/","logo":{"@type":"ImageObject","inLanguage":"es","@id":"https:\/\/gysfm.com.ar\/inicio\/#\/schema\/logo\/image\/","url":"https:\/\/gysfm.com.ar\/inicio\/wp-content\/uploads\/2023\/07\/LOGOGYS-OK.png","contentUrl":"https:\/\/gysfm.com.ar\/inicio\/wp-content\/uploads\/2023\/07\/LOGOGYS-OK.png","width":1170,"height":872,"caption":"GYS NOTICIAS |"},"image":{"@id":"https:\/\/gysfm.com.ar\/inicio\/#\/schema\/logo\/image\/"}},{"@type":"Person","@id":"https:\/\/gysfm.com.ar\/inicio\/#\/schema\/person\/3abba7593ef2ad19e1be221d54383dc5","name":"Prensa G&amp;S FM","image":{"@type":"ImageObject","inLanguage":"es","@id":"https:\/\/gysfm.com.ar\/inicio\/#\/schema\/person\/image\/","url":"https:\/\/secure.gravatar.com\/avatar\/096ec78df02049ab018702bb4ccedf659377fa92a26540b5247612077a0dbd29?s=96&d=mm&r=g","contentUrl":"https:\/\/secure.gravatar.com\/avatar\/096ec78df02049ab018702bb4ccedf659377fa92a26540b5247612077a0dbd29?s=96&d=mm&r=g","caption":"Prensa G&amp;S FM"},"sameAs":["https:\/\/gysfm.com.ar\/"],"url":"https:\/\/gysfm.com.ar\/inicio\/author\/lucasm\/"}]}},"_links":{"self":[{"href":"https:\/\/gysfm.com.ar\/inicio\/wp-json\/wp\/v2\/posts\/209570","targetHints":{"allow":["GET"]}}],"collection":[{"href":"https:\/\/gysfm.com.ar\/inicio\/wp-json\/wp\/v2\/posts"}],"about":[{"href":"https:\/\/gysfm.com.ar\/inicio\/wp-json\/wp\/v2\/types\/post"}],"author":[{"embeddable":true,"href":"https:\/\/gysfm.com.ar\/inicio\/wp-json\/wp\/v2\/users\/2"}],"replies":[{"embeddable":true,"href":"https:\/\/gysfm.com.ar\/inicio\/wp-json\/wp\/v2\/comments?post=209570"}],"version-history":[{"count":1,"href":"https:\/\/gysfm.com.ar\/inicio\/wp-json\/wp\/v2\/posts\/209570\/revisions"}],"predecessor-version":[{"id":209572,"href":"https:\/\/gysfm.com.ar\/inicio\/wp-json\/wp\/v2\/posts\/209570\/revisions\/209572"}],"wp:featuredmedia":[{"embeddable":true,"href":"https:\/\/gysfm.com.ar\/inicio\/wp-json\/wp\/v2\/media\/209571"}],"wp:attachment":[{"href":"https:\/\/gysfm.com.ar\/inicio\/wp-json\/wp\/v2\/media?parent=209570"}],"wp:term":[{"taxonomy":"category","embeddable":true,"href":"https:\/\/gysfm.com.ar\/inicio\/wp-json\/wp\/v2\/categories?post=209570"},{"taxonomy":"post_tag","embeddable":true,"href":"https:\/\/gysfm.com.ar\/inicio\/wp-json\/wp\/v2\/tags?post=209570"}],"curies":[{"name":"wp","href":"https:\/\/api.w.org\/{rel}","templated":true}]}}