{"id":209560,"date":"2026-08-27T14:23:10","date_gmt":"2026-08-27T17:23:10","guid":{"rendered":"https:\/\/gysfm.com.ar\/inicio\/adam-bareiro-sera-operado-y-boca-lo-perdera-hasta-el-2027-ole\/"},"modified":"2026-08-27T14:23:10","modified_gmt":"2026-08-27T17:23:10","slug":"adam-bareiro-sera-operado-y-boca-lo-perdera-hasta-el-2027-ole","status":"publish","type":"post","link":"https:\/\/gysfm.com.ar\/inicio\/adam-bareiro-sera-operado-y-boca-lo-perdera-hasta-el-2027-ole\/","title":{"rendered":"Adam Bareiro ser\u00e1 operado y Boca lo perder\u00e1 hasta el 2027 :: Ol\u00e9"},"content":{"rendered":"<p> <br \/>\n<\/p>\n<div id=\"storyBody\">\n<div id=\"element-body-0\" class=\"sc-df222161-0 hNvwjb\">\n<p><strong>Adam Bareiro finalmente deber\u00e1 ser operado<\/strong> por la hernia de disco lumbar que lo tiene afuera de las canchas desde hace varios meses. Seg\u00fan pudo confirmar <strong>Ol\u00e9<\/strong>, despu\u00e9s de <strong>intentar evitar la cirug\u00eda mediante un tratamiento conservador<\/strong>, el delantero paraguayo pasar\u00e1 por el quir\u00f3fano el pr\u00f3ximo martes y ya comenz\u00f3 a realizarse los estudios prequir\u00fargicos. As\u00ed, <strong>d\u00edficilmente Boca pueda contar con \u00e9l antes del 2027<\/strong>&#8230;<\/p>\n<\/div>\n<div id=\"element-body-1\" class=\"sc-df222161-0 hNvwjb\">\n<p>La intenci\u00f3n inicial hab\u00eda sido otra. Tanto el cuerpo m\u00e9dico como el futbolista <strong>buscaron distintas alternativas para intentar solucionar el problema sin necesidad de una intervenci\u00f3n<\/strong>. <strong>Bareiro se realiz\u00f3 un bloqueo lumbar<\/strong>, <strong>continu\u00f3 con trabajos de rehabilitaci\u00f3n, gimnasio e incluso lleg\u00f3 a realizar tareas livianas en el campo<\/strong>. Hubo momentos en los que la evoluci\u00f3n gener\u00f3 cierto optimismo, pero <strong>las molestias nunca desaparecieron definitivamente<\/strong>.<\/p>\n<\/div>\n<div id=\"element-body-2\" class=\"sc-df222161-0 hNvwjb\">\n<p>Finalmente, despu\u00e9s de evaluar su evoluci\u00f3n y ante la imposibilidad de avanzar con normalidad en las cargas, <strong>se tom\u00f3 la decisi\u00f3n: Bareiro ser\u00e1 operado de la espalda<\/strong>. <strong>La intervenci\u00f3n est\u00e1 prevista para el martes<\/strong> y seguramente estar\u00e1 <strong>a cargo del doctor Jorge Batista<\/strong>. El paraguayo de 30 a\u00f1os ya comenz\u00f3 con los estudios correspondientes para llegar en condiciones a la cirug\u00eda.<\/p>\n<\/div>\n<div id=\"element-body-3\" class=\"sc-df222161-0 hNvwjb\">\n<p>La noticia representa <strong>otro golpe fuerte para Rodolfo Arruabarrena<\/strong>. Primero, por el momento en el que llega. Apenas unas horas antes se confirm\u00f3 que <strong>Tom\u00e1s Aranda sufri\u00f3 una fractura de peron\u00e9<\/strong>, tambi\u00e9n tendr\u00e1 que ser operado y <strong>se perder\u00e1 lo que resta del a\u00f1o<\/strong>.<\/p>\n<\/div>\n<div id=\"element-body-4\" class=\"sc-df222161-0 hNvwjb\">\n<p>Ahora se suma <strong>Bareiro, quien tambi\u00e9n afrontar\u00e1 una recuperaci\u00f3n extensa<\/strong> y correrr\u00eda una suerte similar, aunque <strong>todav\u00eda no existe informaci\u00f3n oficial de Boca<\/strong> respecto de los plazos que demandar\u00e1 su rehabilitaci\u00f3n; aunque se estima que ser\u00e1 dif\u00edcil tenerlo antes del 2027.<\/p>\n<\/div>\n<p><h2><strong>Una historia que Boca intent\u00f3 evitar<\/strong><\/h2>\n<\/p>\n<div id=\"element-body-6\" class=\"sc-df222161-0 hNvwjb\">\n<p><strong>El caso de Bareiro comenz\u00f3 mucho antes.<\/strong> <strong>Su \u00faltimo partido fue el 9 de mayo ante Hurac\u00e1n<\/strong>, cuando <strong>debi\u00f3 salir antes del entretiempo por una lesi\u00f3n muscular<\/strong> en el complejo aductor y el recto anterior del abdomen izquierdo. Aquella lesi\u00f3n <strong>lo dej\u00f3 afuera durante varias semanas<\/strong> y hasta <strong>le impidi\u00f3 estar con Paraguay en el Mundial<\/strong>.<\/p>\n<\/div>\n<div id=\"element-body-7\" class=\"sc-df222161-0 hNvwjb\">\n<p>Cuando parec\u00eda recuperado y comenzaba a prepararse para volver, apareci\u00f3 el problema lumbar. La <strong>hernia de disco volvi\u00f3 a frenarlo<\/strong> y desde entonces <strong>el delantero no pudo disputar un solo minuto durante el segundo ciclo de Arruabarrena<\/strong>.<\/p>\n<\/div>\n<div id=\"element-body-8\" class=\"sc-df222161-0 hNvwjb\">\n<p><strong>Boca intent\u00f3 evitar la operaci\u00f3n<\/strong> justamente porque significaba extender todav\u00eda m\u00e1s una ausencia que ya es muy prolongada. El bloqueo y el tratamiento conservador fueron los caminos elegidos para tratar de recuperar al delantero sin pasar por el quir\u00f3fano. No alcanz\u00f3.<\/p>\n<\/div>\n<p><h2><strong>El reemplazante de Cavani que por ahora no pudo er<\/strong><\/h2>\n<\/p>\n<div id=\"element-body-10\" class=\"sc-df222161-0 hNvwjb\">\n<p>Y la situaci\u00f3n tiene una particularidad que inevitablemente llama la atenci\u00f3n. <strong>Bareiro hab\u00eda llegado a Boca para convertirse en el reemplazante de Edinson Cavani<\/strong>, quien no pudo continuar en el club justamente <strong>condicionado por sus recurrentes problemas f\u00edsicos y una lesi\u00f3n lumbar<\/strong>. Ahora es el <strong>paraguayo quien deber\u00e1 ser operado por una afecci\u00f3n en la misma zona<\/strong> y quedar\u00e1 afuera durante un per\u00edodo prolongado.<\/p>\n<\/div>\n<div id=\"element-body-11\" class=\"sc-df222161-0 hNvwjb\">\n<p>Por eso tambi\u00e9n se entiende la <strong>decisi\u00f3n de Boca de reforzar el ataque con Enner Valencia<\/strong>. Ante la <strong>incertidumbre alrededor de Bareiro<\/strong>, el ecuatoriano lleg\u00f3 para sumar una alternativa de peso en una ofensiva en la que Arruabarrena tambi\u00e9n cuenta con Miguel Merentiel y Milton Gim\u00e9nez.<\/p>\n<\/div>\n<div id=\"element-body-12\" class=\"sc-df222161-0 hNvwjb\">\n<p>Ahora <strong>comenzar\u00e1 otra etapa<\/strong> para el ex San Lonreoz. Primero <strong>estar\u00e1n los estudios<\/strong>, despu\u00e9s <strong>llegar\u00e1 la operaci\u00f3n del martes<\/strong> y reci\u00e9n entonces <strong>Boca podr\u00e1 tener un panorama m\u00e1s concreto<\/strong> sobre los <strong>tiempos de recuperaci\u00f3n<\/strong>.<\/p>\n<\/div>\n<div id=\"element-body-13\" class=\"sc-df222161-0 hNvwjb\">\n<p>Lo que ya est\u00e1 claro es que aquel <strong>regreso que durante las \u00faltimas semanas parec\u00eda posible en septiembre qued\u00f3 definitivamente descartado<\/strong>. <strong>Bareiro deber\u00e1 empezar pr\u00e1cticamente desde cero<\/strong>. Y <strong>para Arruabarrena es otra baja importante<\/strong> en un plantel que viene acumulando lesionados justo en una etapa decisiva del semestre.<\/p>\n<\/div>\n<div id=\"element-body-14\" class=\"sc-a7166897-0 eTTZWU\"><a href=\"https:\/\/www.ole.com.ar\/boca-juniors\/fecha-dia-confirmado-cuartos-final-sudamerica-boca-san-pablo_0_0WacJr6R1s.html\" aria-label=\"Atento Boca: se confirm\u00f3 fecha y hora del cruce con San Pablo en cuartos de Sudamericana\" class=\"sc-d4f573e5-0 bUEDsN\"\/><\/p>\n<section><picture><img alt=\"Atento Boca: se confirm\u00f3 fecha y hora del cruce con San Pablo en cuartos de Sudamericana\" loading=\"lazy\" width=\"290\" height=\"290\" decoding=\"async\" data-nimg=\"1\" style=\"color:transparent\" src=\"https:\/\/www.ole.com.ar\/images\/2026\/08\/27\/Wa2-8CBWI_290x290__1.jpg\"\/><\/picture>\n<p><span>Mir\u00e1 tambi\u00e9n<\/span><\/p>\n<hr\/>\n<h3>Atento Boca: se confirm\u00f3 fecha y hora del cruce con San Pablo en cuartos de Sudamericana<\/h3>\n<\/p>\n<\/section>\n<\/div>\n<div id=\"element-body-15\" class=\"sc-a7166897-0 eTTZWU\"><a href=\"https:\/\/www.ole.com.ar\/futbol-internacional\/sudamericana\/copa-sudamericana-llave-completa-cuartos-final-2026_0_3cjwEQHCef.html\" aria-label=\"Copa Sudamericana: la llave completa de cuartos con Boca y sin River\" class=\"sc-d4f573e5-0 bUEDsN\"\/><\/p>\n<section><picture><img alt=\"Copa Sudamericana: la llave completa de cuartos con Boca y sin River\" loading=\"lazy\" width=\"290\" height=\"290\" decoding=\"async\" data-nimg=\"1\" style=\"color:transparent\" src=\"https:\/\/www.ole.com.ar\/images\/2026\/08\/26\/5fzPFOA3z_290x290__1.jpg\"\/><\/picture>\n<p><span>Mir\u00e1 tambi\u00e9n<\/span><\/p>\n<hr\/>\n<h3>Copa Sudamericana: la llave completa de cuartos con Boca y sin River<\/h3>\n<\/p>\n<\/section>\n<\/div>\n<div id=\"element-body-16\" class=\"sc-a7166897-0 eTTZWU\"><a href=\"https:\/\/www.ole.com.ar\/boca-juniors\/tomasaranda-fracturadeperone-boca-leandroparedes-xeneize-redessociales-rodolfoarruabarrena-capitan_0_kvMQb4V3Dn.html\" aria-label=\"Paredes y su mensaje para Aranda tras la lesi\u00f3n: \u201cFuerza, Joya\u201d\" class=\"sc-d4f573e5-0 bUEDsN\"\/><\/p>\n<section><picture><img alt=\"Paredes y su mensaje para Aranda tras la lesi\u00f3n: \u201cFuerza, Joya\u201d\" loading=\"lazy\" width=\"290\" height=\"290\" decoding=\"async\" data-nimg=\"1\" style=\"color:transparent\" src=\"https:\/\/www.ole.com.ar\/images\/2026\/08\/26\/nnAmsf-pu_290x290__1.jpg\"\/><\/picture>\n<p><span>Mir\u00e1 tambi\u00e9n<\/span><\/p>\n<hr\/>\n<h3>Paredes y su mensaje para Aranda tras la lesi\u00f3n: \u201cFuerza, Joya\u201d<\/h3>\n<\/p>\n<\/section>\n<\/div>\n<div id=\"element-body-17\" class=\"sc-a7166897-0 eTTZWU\"><a href=\"https:\/\/www.ole.com.ar\/boca-juniors\/leandro-paredes-lista-convocados-boca-vs-lanus_0_XhMLKgddB7.html\" aria-label=\"Leandro Paredes, confirmado en la lista de convocados de Boca ante Lan\u00fas\" class=\"sc-d4f573e5-0 bUEDsN\"\/><\/p>\n<section><picture><img alt=\"Leandro Paredes, confirmado en la lista de convocados de Boca ante Lan\u00fas\" loading=\"lazy\" width=\"290\" height=\"290\" decoding=\"async\" data-nimg=\"1\" style=\"color:transparent\" src=\"https:\/\/www.ole.com.ar\/images\/2026\/08\/26\/udsPQQJRo_290x290__1.jpg\"\/><\/picture>\n<p><span>Mir\u00e1 tambi\u00e9n<\/span><\/p>\n<hr\/>\n<h3>Leandro Paredes, confirmado en la lista de convocados de Boca ante Lan\u00fas<\/h3>\n<\/p>\n<\/section>\n<\/div>\n<div id=\"element-body-18\" class=\"sc-a7166897-0 eTTZWU\"><a href=\"https:\/\/www.ole.com.ar\/boca-juniors\/x-todas-respuestas-aranda-mensajes-plantel-boca_0_YC7e1xrKvc.html\" aria-label=\"Una x una, todas las respuestas de Aranda a los mensajes del plantel de Boca\" class=\"sc-d4f573e5-0 bUEDsN\"\/><\/p>\n<section><picture><img alt=\"Una x una, todas las respuestas de Aranda a los mensajes del plantel de Boca\" loading=\"lazy\" width=\"290\" height=\"290\" decoding=\"async\" data-nimg=\"1\" style=\"color:transparent\" src=\"https:\/\/www.ole.com.ar\/images\/2026\/08\/26\/WohiWz1eL_290x290__1.jpg\"\/><\/picture>\n<p><span>Mir\u00e1 tambi\u00e9n<\/span><\/p>\n<hr\/>\n<h3>Una x una, todas las respuestas de Aranda a los mensajes del plantel de Boca<\/h3>\n<\/p>\n<\/section>\n<\/div>\n<\/div>\n\n","protected":false},"excerpt":{"rendered":"<p>Adam Bareiro finalmente deber\u00e1 ser operado por la hernia de disco lumbar que lo tiene afuera de las canchas desde hace varios meses. Seg\u00fan pudo confirmar Ol\u00e9, despu\u00e9s de intentar evitar la cirug\u00eda mediante un tratamiento conservador, el delantero paraguayo pasar\u00e1 por el quir\u00f3fano el pr\u00f3ximo martes y ya comenz\u00f3 a realizarse los estudios prequir\u00fargicos. [&hellip;]<\/p>\n","protected":false},"author":1,"featured_media":209561,"comment_status":"closed","ping_status":"closed","sticky":false,"template":"","format":"standard","meta":{"footnotes":""},"categories":[27],"tags":[],"class_list":["post-209560","post","type-post","status-publish","format-standard","has-post-thumbnail","hentry","category-deportes"],"yoast_head":"<!-- This site is optimized with the Yoast SEO plugin v24.4 - https:\/\/yoast.com\/wordpress\/plugins\/seo\/ -->\n<title>Adam Bareiro ser\u00e1 operado y Boca lo perder\u00e1 hasta el 2027 :: Ol\u00e9 - GYS NOTICIAS |<\/title>\n<meta name=\"robots\" content=\"index, follow, max-snippet:-1, max-image-preview:large, max-video-preview:-1\" \/>\n<link rel=\"canonical\" href=\"https:\/\/gysfm.com.ar\/inicio\/adam-bareiro-sera-operado-y-boca-lo-perdera-hasta-el-2027-ole\/\" \/>\n<meta property=\"og:locale\" content=\"es_ES\" \/>\n<meta property=\"og:type\" content=\"article\" \/>\n<meta property=\"og:title\" content=\"Adam Bareiro ser\u00e1 operado y Boca lo perder\u00e1 hasta el 2027 :: Ol\u00e9 - GYS NOTICIAS |\" \/>\n<meta property=\"og:description\" content=\"Adam Bareiro finalmente deber\u00e1 ser operado por la hernia de disco lumbar que lo tiene afuera de las canchas desde hace varios meses. Seg\u00fan pudo confirmar Ol\u00e9, despu\u00e9s de intentar evitar la cirug\u00eda mediante un tratamiento conservador, el delantero paraguayo pasar\u00e1 por el quir\u00f3fano el pr\u00f3ximo martes y ya comenz\u00f3 a realizarse los estudios prequir\u00fargicos. [&hellip;]\" \/>\n<meta property=\"og:url\" content=\"https:\/\/gysfm.com.ar\/inicio\/adam-bareiro-sera-operado-y-boca-lo-perdera-hasta-el-2027-ole\/\" \/>\n<meta property=\"og:site_name\" content=\"GYS NOTICIAS |\" \/>\n<meta property=\"article:published_time\" content=\"2026-08-27T17:23:10+00:00\" \/>\n<meta property=\"og:image\" content=\"https:\/\/www.ole.com.ar\/images\/2026\/08\/27\/Wa2-8CBWI_290x290__1.jpg\" \/>\n<meta name=\"author\" content=\"admin\" \/>\n<meta name=\"twitter:card\" content=\"summary_large_image\" \/>\n<meta name=\"twitter:label1\" content=\"Escrito por\" \/>\n\t<meta name=\"twitter:data1\" content=\"admin\" \/>\n\t<meta name=\"twitter:label2\" content=\"Tiempo de lectura\" \/>\n\t<meta name=\"twitter:data2\" content=\"4 minutos\" \/>\n<script type=\"application\/ld+json\" class=\"yoast-schema-graph\">{\"@context\":\"https:\/\/schema.org\",\"@graph\":[{\"@type\":\"Article\",\"@id\":\"https:\/\/gysfm.com.ar\/inicio\/adam-bareiro-sera-operado-y-boca-lo-perdera-hasta-el-2027-ole\/#article\",\"isPartOf\":{\"@id\":\"https:\/\/gysfm.com.ar\/inicio\/adam-bareiro-sera-operado-y-boca-lo-perdera-hasta-el-2027-ole\/\"},\"author\":{\"name\":\"admin\",\"@id\":\"https:\/\/gysfm.com.ar\/inicio\/#\/schema\/person\/5bedd7ecd35cc35548d89effafa23696\"},\"headline\":\"Adam Bareiro ser\u00e1 operado y Boca lo perder\u00e1 hasta el 2027 :: Ol\u00e9\",\"datePublished\":\"2026-08-27T17:23:10+00:00\",\"mainEntityOfPage\":{\"@id\":\"https:\/\/gysfm.com.ar\/inicio\/adam-bareiro-sera-operado-y-boca-lo-perdera-hasta-el-2027-ole\/\"},\"wordCount\":765,\"publisher\":{\"@id\":\"https:\/\/gysfm.com.ar\/inicio\/#organization\"},\"image\":{\"@id\":\"https:\/\/gysfm.com.ar\/inicio\/adam-bareiro-sera-operado-y-boca-lo-perdera-hasta-el-2027-ole\/#primaryimage\"},\"thumbnailUrl\":\"https:\/\/gysfm.com.ar\/inicio\/wp-content\/uploads\/2026\/08\/CrQH17eMZ_2000x1500__1.jpg\",\"articleSection\":[\"DEPORTES\"],\"inLanguage\":\"es\"},{\"@type\":\"WebPage\",\"@id\":\"https:\/\/gysfm.com.ar\/inicio\/adam-bareiro-sera-operado-y-boca-lo-perdera-hasta-el-2027-ole\/\",\"url\":\"https:\/\/gysfm.com.ar\/inicio\/adam-bareiro-sera-operado-y-boca-lo-perdera-hasta-el-2027-ole\/\",\"name\":\"Adam Bareiro ser\u00e1 operado y Boca lo perder\u00e1 hasta el 2027 :: Ol\u00e9 - GYS NOTICIAS |\",\"isPartOf\":{\"@id\":\"https:\/\/gysfm.com.ar\/inicio\/#website\"},\"primaryImageOfPage\":{\"@id\":\"https:\/\/gysfm.com.ar\/inicio\/adam-bareiro-sera-operado-y-boca-lo-perdera-hasta-el-2027-ole\/#primaryimage\"},\"image\":{\"@id\":\"https:\/\/gysfm.com.ar\/inicio\/adam-bareiro-sera-operado-y-boca-lo-perdera-hasta-el-2027-ole\/#primaryimage\"},\"thumbnailUrl\":\"https:\/\/gysfm.com.ar\/inicio\/wp-content\/uploads\/2026\/08\/CrQH17eMZ_2000x1500__1.jpg\",\"datePublished\":\"2026-08-27T17:23:10+00:00\",\"breadcrumb\":{\"@id\":\"https:\/\/gysfm.com.ar\/inicio\/adam-bareiro-sera-operado-y-boca-lo-perdera-hasta-el-2027-ole\/#breadcrumb\"},\"inLanguage\":\"es\",\"potentialAction\":[{\"@type\":\"ReadAction\",\"target\":[\"https:\/\/gysfm.com.ar\/inicio\/adam-bareiro-sera-operado-y-boca-lo-perdera-hasta-el-2027-ole\/\"]}]},{\"@type\":\"ImageObject\",\"inLanguage\":\"es\",\"@id\":\"https:\/\/gysfm.com.ar\/inicio\/adam-bareiro-sera-operado-y-boca-lo-perdera-hasta-el-2027-ole\/#primaryimage\",\"url\":\"https:\/\/gysfm.com.ar\/inicio\/wp-content\/uploads\/2026\/08\/CrQH17eMZ_2000x1500__1.jpg\",\"contentUrl\":\"https:\/\/gysfm.com.ar\/inicio\/wp-content\/uploads\/2026\/08\/CrQH17eMZ_2000x1500__1.jpg\",\"width\":2000,\"height\":1500},{\"@type\":\"BreadcrumbList\",\"@id\":\"https:\/\/gysfm.com.ar\/inicio\/adam-bareiro-sera-operado-y-boca-lo-perdera-hasta-el-2027-ole\/#breadcrumb\",\"itemListElement\":[{\"@type\":\"ListItem\",\"position\":1,\"name\":\"Portada\",\"item\":\"https:\/\/gysfm.com.ar\/inicio\/\"},{\"@type\":\"ListItem\",\"position\":2,\"name\":\"Adam Bareiro ser\u00e1 operado y Boca lo perder\u00e1 hasta el 2027 :: Ol\u00e9\"}]},{\"@type\":\"WebSite\",\"@id\":\"https:\/\/gysfm.com.ar\/inicio\/#website\",\"url\":\"https:\/\/gysfm.com.ar\/inicio\/\",\"name\":\"GYS NOTICIAS |\",\"description\":\"DIARIO - RADIO ONLINE SAN JUAN ARGENTINA\",\"publisher\":{\"@id\":\"https:\/\/gysfm.com.ar\/inicio\/#organization\"},\"potentialAction\":[{\"@type\":\"SearchAction\",\"target\":{\"@type\":\"EntryPoint\",\"urlTemplate\":\"https:\/\/gysfm.com.ar\/inicio\/?s={search_term_string}\"},\"query-input\":{\"@type\":\"PropertyValueSpecification\",\"valueRequired\":true,\"valueName\":\"search_term_string\"}}],\"inLanguage\":\"es\"},{\"@type\":\"Organization\",\"@id\":\"https:\/\/gysfm.com.ar\/inicio\/#organization\",\"name\":\"GYS NOTICIAS |\",\"url\":\"https:\/\/gysfm.com.ar\/inicio\/\",\"logo\":{\"@type\":\"ImageObject\",\"inLanguage\":\"es\",\"@id\":\"https:\/\/gysfm.com.ar\/inicio\/#\/schema\/logo\/image\/\",\"url\":\"https:\/\/gysfm.com.ar\/inicio\/wp-content\/uploads\/2023\/07\/LOGOGYS-OK.png\",\"contentUrl\":\"https:\/\/gysfm.com.ar\/inicio\/wp-content\/uploads\/2023\/07\/LOGOGYS-OK.png\",\"width\":1170,\"height\":872,\"caption\":\"GYS NOTICIAS |\"},\"image\":{\"@id\":\"https:\/\/gysfm.com.ar\/inicio\/#\/schema\/logo\/image\/\"}},{\"@type\":\"Person\",\"@id\":\"https:\/\/gysfm.com.ar\/inicio\/#\/schema\/person\/5bedd7ecd35cc35548d89effafa23696\",\"name\":\"admin\",\"image\":{\"@type\":\"ImageObject\",\"inLanguage\":\"es\",\"@id\":\"https:\/\/gysfm.com.ar\/inicio\/#\/schema\/person\/image\/\",\"url\":\"https:\/\/secure.gravatar.com\/avatar\/c331d312b5243fb64d5ba28108a447b27c925295129a363082c9ea52c28d32c2?s=96&d=mm&r=g\",\"contentUrl\":\"https:\/\/secure.gravatar.com\/avatar\/c331d312b5243fb64d5ba28108a447b27c925295129a363082c9ea52c28d32c2?s=96&d=mm&r=g\",\"caption\":\"admin\"},\"sameAs\":[\"https:\/\/gysfm.com.ar\/inicio\"],\"url\":\"https:\/\/gysfm.com.ar\/inicio\/author\/admin\/\"}]}<\/script>\n<!-- \/ Yoast SEO plugin. -->","yoast_head_json":{"title":"Adam Bareiro ser\u00e1 operado y Boca lo perder\u00e1 hasta el 2027 :: Ol\u00e9 - GYS NOTICIAS |","robots":{"index":"index","follow":"follow","max-snippet":"max-snippet:-1","max-image-preview":"max-image-preview:large","max-video-preview":"max-video-preview:-1"},"canonical":"https:\/\/gysfm.com.ar\/inicio\/adam-bareiro-sera-operado-y-boca-lo-perdera-hasta-el-2027-ole\/","og_locale":"es_ES","og_type":"article","og_title":"Adam Bareiro ser\u00e1 operado y Boca lo perder\u00e1 hasta el 2027 :: Ol\u00e9 - GYS NOTICIAS |","og_description":"Adam Bareiro finalmente deber\u00e1 ser operado por la hernia de disco lumbar que lo tiene afuera de las canchas desde hace varios meses. Seg\u00fan pudo confirmar Ol\u00e9, despu\u00e9s de intentar evitar la cirug\u00eda mediante un tratamiento conservador, el delantero paraguayo pasar\u00e1 por el quir\u00f3fano el pr\u00f3ximo martes y ya comenz\u00f3 a realizarse los estudios prequir\u00fargicos. [&hellip;]","og_url":"https:\/\/gysfm.com.ar\/inicio\/adam-bareiro-sera-operado-y-boca-lo-perdera-hasta-el-2027-ole\/","og_site_name":"GYS NOTICIAS |","article_published_time":"2026-08-27T17:23:10+00:00","og_image":[{"url":"https:\/\/www.ole.com.ar\/images\/2026\/08\/27\/Wa2-8CBWI_290x290__1.jpg","type":"","width":"","height":""}],"author":"admin","twitter_card":"summary_large_image","twitter_misc":{"Escrito por":"admin","Tiempo de lectura":"4 minutos"},"schema":{"@context":"https:\/\/schema.org","@graph":[{"@type":"Article","@id":"https:\/\/gysfm.com.ar\/inicio\/adam-bareiro-sera-operado-y-boca-lo-perdera-hasta-el-2027-ole\/#article","isPartOf":{"@id":"https:\/\/gysfm.com.ar\/inicio\/adam-bareiro-sera-operado-y-boca-lo-perdera-hasta-el-2027-ole\/"},"author":{"name":"admin","@id":"https:\/\/gysfm.com.ar\/inicio\/#\/schema\/person\/5bedd7ecd35cc35548d89effafa23696"},"headline":"Adam Bareiro ser\u00e1 operado y Boca lo perder\u00e1 hasta el 2027 :: Ol\u00e9","datePublished":"2026-08-27T17:23:10+00:00","mainEntityOfPage":{"@id":"https:\/\/gysfm.com.ar\/inicio\/adam-bareiro-sera-operado-y-boca-lo-perdera-hasta-el-2027-ole\/"},"wordCount":765,"publisher":{"@id":"https:\/\/gysfm.com.ar\/inicio\/#organization"},"image":{"@id":"https:\/\/gysfm.com.ar\/inicio\/adam-bareiro-sera-operado-y-boca-lo-perdera-hasta-el-2027-ole\/#primaryimage"},"thumbnailUrl":"https:\/\/gysfm.com.ar\/inicio\/wp-content\/uploads\/2026\/08\/CrQH17eMZ_2000x1500__1.jpg","articleSection":["DEPORTES"],"inLanguage":"es"},{"@type":"WebPage","@id":"https:\/\/gysfm.com.ar\/inicio\/adam-bareiro-sera-operado-y-boca-lo-perdera-hasta-el-2027-ole\/","url":"https:\/\/gysfm.com.ar\/inicio\/adam-bareiro-sera-operado-y-boca-lo-perdera-hasta-el-2027-ole\/","name":"Adam Bareiro ser\u00e1 operado y Boca lo perder\u00e1 hasta el 2027 :: Ol\u00e9 - GYS NOTICIAS |","isPartOf":{"@id":"https:\/\/gysfm.com.ar\/inicio\/#website"},"primaryImageOfPage":{"@id":"https:\/\/gysfm.com.ar\/inicio\/adam-bareiro-sera-operado-y-boca-lo-perdera-hasta-el-2027-ole\/#primaryimage"},"image":{"@id":"https:\/\/gysfm.com.ar\/inicio\/adam-bareiro-sera-operado-y-boca-lo-perdera-hasta-el-2027-ole\/#primaryimage"},"thumbnailUrl":"https:\/\/gysfm.com.ar\/inicio\/wp-content\/uploads\/2026\/08\/CrQH17eMZ_2000x1500__1.jpg","datePublished":"2026-08-27T17:23:10+00:00","breadcrumb":{"@id":"https:\/\/gysfm.com.ar\/inicio\/adam-bareiro-sera-operado-y-boca-lo-perdera-hasta-el-2027-ole\/#breadcrumb"},"inLanguage":"es","potentialAction":[{"@type":"ReadAction","target":["https:\/\/gysfm.com.ar\/inicio\/adam-bareiro-sera-operado-y-boca-lo-perdera-hasta-el-2027-ole\/"]}]},{"@type":"ImageObject","inLanguage":"es","@id":"https:\/\/gysfm.com.ar\/inicio\/adam-bareiro-sera-operado-y-boca-lo-perdera-hasta-el-2027-ole\/#primaryimage","url":"https:\/\/gysfm.com.ar\/inicio\/wp-content\/uploads\/2026\/08\/CrQH17eMZ_2000x1500__1.jpg","contentUrl":"https:\/\/gysfm.com.ar\/inicio\/wp-content\/uploads\/2026\/08\/CrQH17eMZ_2000x1500__1.jpg","width":2000,"height":1500},{"@type":"BreadcrumbList","@id":"https:\/\/gysfm.com.ar\/inicio\/adam-bareiro-sera-operado-y-boca-lo-perdera-hasta-el-2027-ole\/#breadcrumb","itemListElement":[{"@type":"ListItem","position":1,"name":"Portada","item":"https:\/\/gysfm.com.ar\/inicio\/"},{"@type":"ListItem","position":2,"name":"Adam Bareiro ser\u00e1 operado y Boca lo perder\u00e1 hasta el 2027 :: Ol\u00e9"}]},{"@type":"WebSite","@id":"https:\/\/gysfm.com.ar\/inicio\/#website","url":"https:\/\/gysfm.com.ar\/inicio\/","name":"GYS NOTICIAS |","description":"DIARIO - RADIO ONLINE SAN JUAN ARGENTINA","publisher":{"@id":"https:\/\/gysfm.com.ar\/inicio\/#organization"},"potentialAction":[{"@type":"SearchAction","target":{"@type":"EntryPoint","urlTemplate":"https:\/\/gysfm.com.ar\/inicio\/?s={search_term_string}"},"query-input":{"@type":"PropertyValueSpecification","valueRequired":true,"valueName":"search_term_string"}}],"inLanguage":"es"},{"@type":"Organization","@id":"https:\/\/gysfm.com.ar\/inicio\/#organization","name":"GYS NOTICIAS |","url":"https:\/\/gysfm.com.ar\/inicio\/","logo":{"@type":"ImageObject","inLanguage":"es","@id":"https:\/\/gysfm.com.ar\/inicio\/#\/schema\/logo\/image\/","url":"https:\/\/gysfm.com.ar\/inicio\/wp-content\/uploads\/2023\/07\/LOGOGYS-OK.png","contentUrl":"https:\/\/gysfm.com.ar\/inicio\/wp-content\/uploads\/2023\/07\/LOGOGYS-OK.png","width":1170,"height":872,"caption":"GYS NOTICIAS |"},"image":{"@id":"https:\/\/gysfm.com.ar\/inicio\/#\/schema\/logo\/image\/"}},{"@type":"Person","@id":"https:\/\/gysfm.com.ar\/inicio\/#\/schema\/person\/5bedd7ecd35cc35548d89effafa23696","name":"admin","image":{"@type":"ImageObject","inLanguage":"es","@id":"https:\/\/gysfm.com.ar\/inicio\/#\/schema\/person\/image\/","url":"https:\/\/secure.gravatar.com\/avatar\/c331d312b5243fb64d5ba28108a447b27c925295129a363082c9ea52c28d32c2?s=96&d=mm&r=g","contentUrl":"https:\/\/secure.gravatar.com\/avatar\/c331d312b5243fb64d5ba28108a447b27c925295129a363082c9ea52c28d32c2?s=96&d=mm&r=g","caption":"admin"},"sameAs":["https:\/\/gysfm.com.ar\/inicio"],"url":"https:\/\/gysfm.com.ar\/inicio\/author\/admin\/"}]}},"_links":{"self":[{"href":"https:\/\/gysfm.com.ar\/inicio\/wp-json\/wp\/v2\/posts\/209560","targetHints":{"allow":["GET"]}}],"collection":[{"href":"https:\/\/gysfm.com.ar\/inicio\/wp-json\/wp\/v2\/posts"}],"about":[{"href":"https:\/\/gysfm.com.ar\/inicio\/wp-json\/wp\/v2\/types\/post"}],"author":[{"embeddable":true,"href":"https:\/\/gysfm.com.ar\/inicio\/wp-json\/wp\/v2\/users\/1"}],"replies":[{"embeddable":true,"href":"https:\/\/gysfm.com.ar\/inicio\/wp-json\/wp\/v2\/comments?post=209560"}],"version-history":[{"count":0,"href":"https:\/\/gysfm.com.ar\/inicio\/wp-json\/wp\/v2\/posts\/209560\/revisions"}],"wp:featuredmedia":[{"embeddable":true,"href":"https:\/\/gysfm.com.ar\/inicio\/wp-json\/wp\/v2\/media\/209561"}],"wp:attachment":[{"href":"https:\/\/gysfm.com.ar\/inicio\/wp-json\/wp\/v2\/media?parent=209560"}],"wp:term":[{"taxonomy":"category","embeddable":true,"href":"https:\/\/gysfm.com.ar\/inicio\/wp-json\/wp\/v2\/categories?post=209560"},{"taxonomy":"post_tag","embeddable":true,"href":"https:\/\/gysfm.com.ar\/inicio\/wp-json\/wp\/v2\/tags?post=209560"}],"curies":[{"name":"wp","href":"https:\/\/api.w.org\/{rel}","templated":true}]}}