{"id":209555,"date":"2026-08-27T13:48:49","date_gmt":"2026-08-27T16:48:49","guid":{"rendered":"https:\/\/gysfm.com.ar\/inicio\/un-sismo-de-magnitud-4-9-sacudio-varias-ciudades-de-colombia-a-dos-semanas-del-devastador-terremoto\/"},"modified":"2026-08-27T13:48:50","modified_gmt":"2026-08-27T16:48:50","slug":"un-sismo-de-magnitud-4-9-sacudio-varias-ciudades-de-colombia-a-dos-semanas-del-devastador-terremoto","status":"publish","type":"post","link":"https:\/\/gysfm.com.ar\/inicio\/un-sismo-de-magnitud-4-9-sacudio-varias-ciudades-de-colombia-a-dos-semanas-del-devastador-terremoto\/","title":{"rendered":"Un sismo de magnitud 4.9 sacudi\u00f3 varias ciudades de Colombia a dos semanas del devastador terremoto"},"content":{"rendered":"<p> <br \/>\n<\/p>\n<div>\n<p class=\"com-paragraph --s\"><a href=\"https:\/\/www.lanacion.com.ar\/sociedad\/realmente-esta-habiendo-muchos-terremotos-especialistas-explican-que-hay-detras-del-fenomeno-nid25082026\/\" target=\"_self\" title=\"https:\/\/www.lanacion.com.ar\/sociedad\/realmente-esta-habiendo-muchos-terremotos-especialistas-explican-que-hay-detras-del-fenomeno-nid25082026\/\" class=\"com-link break-word\" data-mrf-recirculation=\"n_link_parrafo\"><strong>Un sismo de magnitud 4.9<\/strong><\/a><strong> \u200csacudi\u00f3 \u200cel mi\u00e9rcoles \u2060varias ciudades de Colombia<\/strong>, inform\u00f3 el Servicio Geol\u00f3gico de Estados Unidos (USGS), \u200blo \u2060que provoc\u00f3 \u2060la evacuaci\u00f3n de edificios en \u200bla capital, Bogot\u00e1.<\/p>\n<p class=\"com-paragraph --s\"><strong>El movimiento tel\u00farico se registr\u00f3 \u200ca una profundidad \u200bde 149 \u200bkil\u00f3metros con epicentro den el municipio de Los Santos<\/strong>, en el departamento de Santander, precis\u00f3 adem\u00e1s el Servicio Geol\u00f3gico Colombiano en X.<\/p>\n<p class=\"com-paragraph --s\"><strong>Desde el organismo local, en contraposici\u00f3n con el USGS, sostuvieron que la magnitud del terremoto fue de 5.1.<\/strong> La Presidencia del pa\u00eds \u2060dijo en la misma res social que, tras el \u200csismo, \u201cse mantiene comunicaci\u00f3n permanente con las autoridades y organismos de gesti\u00f3n del riesgo para verificar posibles afectaciones\u201d.<\/p>\n<div class=\"content-media\">\n<section role=\"button\" class=\"mod-media   \">\n<figure role=\"button\" tabindex=\"0\" class=\"mod-figure \"><figcaption class=\"mod-figcaption\"><span class=\"com-text --caption --twoxs\">El movimiento tel\u00farico se registr\u00f3 a una profundidad de 149 kil\u00f3metros con epicentro den el municipio de Los Santos, en el departamento de Santander,<\/span><\/figcaption><\/figure>\n<\/section>\n<\/div>\n<p class=\"com-paragraph --s\">El pa\u00eds sudamericano fue azotado el pasado 10 \u200cde agosto por <a href=\"https:\/\/www.lanacion.com.ar\/el-mundo\/fuerte-terremoto-de-magnitud-74-sacude-a-colombia-y-se-siente-en-bogota-y-quito-nid10082026\/\" target=\"_self\" title=\"https:\/\/www.lanacion.com.ar\/el-mundo\/fuerte-terremoto-de-magnitud-74-sacude-a-colombia-y-se-siente-en-bogota-y-quito-nid10082026\/\" class=\"com-link break-word\" data-mrf-recirculation=\"n_link_parrafo\">un fuerte terremoto de \u2060magnitud 7.4<\/a> con epicentro \u200cen San Jos\u00e9 del Palmar, \u2060en el departamento \u2060del Choc\u00f3, que dej\u00f3 m\u00e1s de 330 personas muertas.<\/p>\n<p class=\"com-paragraph --s\">Derrib\u00f3 adem\u00e1s edificios de apartamentos y da\u00f1\u00f3 viviendas, escuelas, hospitales \u200cy carreteras, \u200bdesde el puerto de Buenaventura, sobre el oc\u00e9ano Pac\u00edfico, hasta ciudades como Quibd\u00f3, Cali, Pereira \u200cy Manizales.<\/p>\n<p class=\"com-paragraph --s\">El presidente derechista <strong>Abelardo de la Espriella <\/strong>decret\u00f3 la emergencia econ\u00f3mica en el pa\u00eds suramericano. Se estima que el valor de la reconstrucci\u00f3n de las zonas afectadas ser\u00e1 de unos <strong>US$9570 millones de d\u00f3lares<\/strong>.<\/p>\n<div class=\"content-media\">\n<section role=\"button\" class=\"mod-media   \">\n<figure role=\"button\" tabindex=\"0\" class=\"mod-figure \"><figcaption class=\"mod-figcaption\"><span class=\"com-text --caption --twoxs\">La Presidencia del pa\u00eds dijo en X que tras el sismo \u201cse mantiene comunicaci\u00f3n permanente con las autoridades y organismos de gesti\u00f3n del riesgo para verificar posibles afectaciones\u201d<\/span><span class=\"com-text --credit --twoxs\">Captura de Pantalla<\/span><\/figcaption><\/figure>\n<\/section>\n<\/div>\n<p class=\"com-paragraph --s\"><a href=\"https:\/\/www.lanacion.com.ar\/estados-unidos\/la-explicacion-del-servicio-geologico-de-eeuu-por-el-terremoto-en-colombia-y-las-fallas-que-nid11082026\/\" target=\"_self\" title=\"https:\/\/www.lanacion.com.ar\/estados-unidos\/la-explicacion-del-servicio-geologico-de-eeuu-por-el-terremoto-en-colombia-y-las-fallas-que-nid11082026\/\" class=\"com-link break-word\" data-mrf-recirculation=\"n_link_parrafo\"><strong>Estados Unidos<\/strong>, aliado del nuevo gobierno<\/a>, ofreci\u00f3 una ayuda de\u00a0US$<strong>15,5 millones\u00a0<\/strong>para auxiliar a los damnificados. La presidenta de la Uni\u00f3n Europea (UE),\u00a0<strong>Ursula von der Leyen<\/strong>, afirm\u00f3 que el bloque\u00a0<strong>dispuso su servicio satelital Copernicus\u00a0<\/strong>para las operaciones de rescate.<\/p>\n<p class=\"com-paragraph --s\">La vecina Venezuela, afectada el 24 de junio por un doble sismo de magnitud 7,2 y 7,5 que caus\u00f3\u00a0<strong>escenas de destrucci\u00f3n<\/strong>\u00a0<strong>y m\u00e1s de 6000 muertos<\/strong>, ofreci\u00f3 el env\u00edo de\u00a0<strong>\u201crescatistas y de ayuda humanitaria\u201d<\/strong>.<\/p>\n<p class=\"com-paragraph --s\">\u201cHemos puesto a disposici\u00f3n del Gobierno de Colombia\u00a0<strong>nuestros brigadistas para el rescate de las personas que est\u00e1n bajo escombros\u00a0<\/strong>(&#8230;) y -estamos- a la espera de que Colombia diga para ir a brindar el apoyo solidario de nuestro pueblo\u201d, dijo la presidenta interina,\u00a0<strong>Delcy Rodr\u00edguez<\/strong>.<\/p>\n<div class=\"content-media\">\n<section role=\"button\" class=\"mod-media   \">\n<figure role=\"button\" tabindex=\"0\" class=\"mod-figure \"><figcaption class=\"mod-figcaption\"><span class=\"com-text --caption --twoxs\">El presidente derechista Abelardo de la Espriella decret\u00f3 la emergencia econ\u00f3mica en el pa\u00eds suramericano<\/span><span class=\"com-text --credit --twoxs\">CESAR QUEIROZ &#8211; AFP<\/span><\/figcaption><\/figure>\n<\/section>\n<\/div>\n<p class=\"com-paragraph --s\"><strong>Israel, M\u00e9xico, Chile, Argentina\u00a0<\/strong>y\u00a0<strong>El Salvador\u00a0<\/strong>tambi\u00e9n ofrecieron ayuda.<strong> <\/strong>El papa\u00a0<strong>Le\u00f3n XIV<\/strong>\u00a0se refiri\u00f3 a la cat\u00e1strofe natural y dijo estar\u00a0<strong>\u201cvivamente apenado\u201d por la situaci\u00f3n\u00a0<\/strong>en el pa\u00eds sudamericano, seg\u00fan un telegrama enviado en su nombre por el n\u00famero dos del Vaticano, el cardenal\u00a0<strong>Pietro Parolin<\/strong>.<\/p>\n<p class=\"com-paragraph --s\">El presidente chino,\u00a0<strong>Xi Jinping, traslad\u00f3 sus condolencias\u00a0<\/strong>y solidaridad al gobierno colombiano y se solidariz\u00f3 con las familias afligidas.<\/p>\n<p class=\"com-paragraph --s\">El sismo fue percibido en pa\u00edses vecinos. Se sinti\u00f3 en algunas regiones de\u00a0<strong>Venezuela<\/strong>, la capital ecuatoriana\u00a0<strong>Quito\u00a0<\/strong>y en\u00a0<strong>Panam\u00e1<\/strong>.<strong> Dichas naciones est\u00e1n ubicados en el cintur\u00f3n de fuego del Pac\u00edfico<\/strong>, una zona altamente s\u00edsmica y volc\u00e1nica donde se registra la actividad de las placas tect\u00f3nicas de Nazca y del Caribe.<\/p>\n<p class=\"com-paragraph --s\"><em><strong>Con informaci\u00f3n de Reuters y AFP<\/strong><\/em><\/p>\n<section class=\"container-center-100 mb-40 border border-bottom border-thin border-neutral-light-700\">\n<hr\/>\n<\/section>\n<\/div>\n<p><script id=\"facebookpixel\" defer=\"\" type=\"text\/javascript\">\n        !function(f,b,e,v,n,t,s)\n        {if(f.fbq)return;n=f.fbq=function(){n.callMethod?\n        n.callMethod.apply(n,arguments):n.queue.push(arguments)};\n        if(!f._fbq)f._fbq=n;n.push=n;n.loaded=!0;n.version='2.0';\n        n.queue=[];t=b.createElement(e);t.async=!0;\n        t.src=v;s=b.getElementsByTagName(e)[0];\n        s.parentNode.insertBefore(t,s)}(window, document,'script',\n        'https:\/\/connect.facebook.net\/en_US\/fbevents.js');\n        fbq('init', '492459597522335');\n        fbq('track', 'PageView');\n    <\/script><br \/>\n<br \/><\/p>\n","protected":false},"excerpt":{"rendered":"<p>Un sismo de magnitud 4.9 \u200csacudi\u00f3 \u200cel mi\u00e9rcoles \u2060varias ciudades de Colombia, inform\u00f3 el Servicio Geol\u00f3gico de Estados Unidos (USGS), \u200blo \u2060que provoc\u00f3 \u2060la evacuaci\u00f3n de edificios en \u200bla capital, Bogot\u00e1. El movimiento tel\u00farico se registr\u00f3 \u200ca una profundidad \u200bde 149 \u200bkil\u00f3metros con epicentro den el municipio de Los Santos, en el departamento de Santander, [&hellip;]<\/p>\n","protected":false},"author":2,"featured_media":209556,"comment_status":"closed","ping_status":"closed","sticky":false,"template":"","format":"standard","meta":{"footnotes":""},"categories":[26],"tags":[],"class_list":["post-209555","post","type-post","status-publish","format-standard","has-post-thumbnail","hentry","category-internacionales"],"yoast_head":"<!-- This site is optimized with the Yoast SEO plugin v24.4 - https:\/\/yoast.com\/wordpress\/plugins\/seo\/ -->\n<title>Un sismo de magnitud 4.9 sacudi\u00f3 varias ciudades de Colombia a dos semanas del devastador terremoto - GYS NOTICIAS |<\/title>\n<meta name=\"robots\" content=\"index, follow, max-snippet:-1, max-image-preview:large, max-video-preview:-1\" \/>\n<link rel=\"canonical\" href=\"https:\/\/gysfm.com.ar\/inicio\/un-sismo-de-magnitud-4-9-sacudio-varias-ciudades-de-colombia-a-dos-semanas-del-devastador-terremoto\/\" \/>\n<meta property=\"og:locale\" content=\"es_ES\" \/>\n<meta property=\"og:type\" content=\"article\" \/>\n<meta property=\"og:title\" content=\"Un sismo de magnitud 4.9 sacudi\u00f3 varias ciudades de Colombia a dos semanas del devastador terremoto - GYS NOTICIAS |\" \/>\n<meta property=\"og:description\" content=\"Un sismo de magnitud 4.9 \u200csacudi\u00f3 \u200cel mi\u00e9rcoles \u2060varias ciudades de Colombia, inform\u00f3 el Servicio Geol\u00f3gico de Estados Unidos (USGS), \u200blo \u2060que provoc\u00f3 \u2060la evacuaci\u00f3n de edificios en \u200bla capital, Bogot\u00e1. El movimiento tel\u00farico se registr\u00f3 \u200ca una profundidad \u200bde 149 \u200bkil\u00f3metros con epicentro den el municipio de Los Santos, en el departamento de Santander, [&hellip;]\" \/>\n<meta property=\"og:url\" content=\"https:\/\/gysfm.com.ar\/inicio\/un-sismo-de-magnitud-4-9-sacudio-varias-ciudades-de-colombia-a-dos-semanas-del-devastador-terremoto\/\" \/>\n<meta property=\"og:site_name\" content=\"GYS NOTICIAS |\" \/>\n<meta property=\"article:published_time\" content=\"2026-08-27T16:48:49+00:00\" \/>\n<meta property=\"article:modified_time\" content=\"2026-08-27T16:48:50+00:00\" \/>\n<meta property=\"og:image\" content=\"https:\/\/gysfm.com.ar\/inicio\/wp-content\/uploads\/2026\/08\/un-sismo-de-magnitud-49-\u200csacudio-\u200cel-miercoles-3CYZBE7K5RHCZC3TCAFKKI3UG4.jpg\" \/>\n\t<meta property=\"og:image:width\" content=\"1200\" \/>\n\t<meta property=\"og:image:height\" content=\"800\" \/>\n\t<meta property=\"og:image:type\" content=\"image\/jpeg\" \/>\n<meta name=\"author\" content=\"Prensa G&amp;S FM\" \/>\n<meta name=\"twitter:card\" content=\"summary_large_image\" \/>\n<meta name=\"twitter:label1\" content=\"Escrito por\" \/>\n\t<meta name=\"twitter:data1\" content=\"Prensa G&amp;S FM\" \/>\n\t<meta name=\"twitter:label2\" content=\"Tiempo de lectura\" \/>\n\t<meta name=\"twitter:data2\" content=\"3 minutos\" \/>\n<script type=\"application\/ld+json\" class=\"yoast-schema-graph\">{\"@context\":\"https:\/\/schema.org\",\"@graph\":[{\"@type\":\"Article\",\"@id\":\"https:\/\/gysfm.com.ar\/inicio\/un-sismo-de-magnitud-4-9-sacudio-varias-ciudades-de-colombia-a-dos-semanas-del-devastador-terremoto\/#article\",\"isPartOf\":{\"@id\":\"https:\/\/gysfm.com.ar\/inicio\/un-sismo-de-magnitud-4-9-sacudio-varias-ciudades-de-colombia-a-dos-semanas-del-devastador-terremoto\/\"},\"author\":{\"name\":\"Prensa G&amp;S FM\",\"@id\":\"https:\/\/gysfm.com.ar\/inicio\/#\/schema\/person\/3abba7593ef2ad19e1be221d54383dc5\"},\"headline\":\"Un sismo de magnitud 4.9 sacudi\u00f3 varias ciudades de Colombia a dos semanas del devastador terremoto\",\"datePublished\":\"2026-08-27T16:48:49+00:00\",\"dateModified\":\"2026-08-27T16:48:50+00:00\",\"mainEntityOfPage\":{\"@id\":\"https:\/\/gysfm.com.ar\/inicio\/un-sismo-de-magnitud-4-9-sacudio-varias-ciudades-de-colombia-a-dos-semanas-del-devastador-terremoto\/\"},\"wordCount\":591,\"publisher\":{\"@id\":\"https:\/\/gysfm.com.ar\/inicio\/#organization\"},\"image\":{\"@id\":\"https:\/\/gysfm.com.ar\/inicio\/un-sismo-de-magnitud-4-9-sacudio-varias-ciudades-de-colombia-a-dos-semanas-del-devastador-terremoto\/#primaryimage\"},\"thumbnailUrl\":\"https:\/\/gysfm.com.ar\/inicio\/wp-content\/uploads\/2026\/08\/un-sismo-de-magnitud-49-\u200csacudio-\u200cel-miercoles-3CYZBE7K5RHCZC3TCAFKKI3UG4.jpg\",\"articleSection\":[\"INTERNACIONALES\"],\"inLanguage\":\"es\"},{\"@type\":\"WebPage\",\"@id\":\"https:\/\/gysfm.com.ar\/inicio\/un-sismo-de-magnitud-4-9-sacudio-varias-ciudades-de-colombia-a-dos-semanas-del-devastador-terremoto\/\",\"url\":\"https:\/\/gysfm.com.ar\/inicio\/un-sismo-de-magnitud-4-9-sacudio-varias-ciudades-de-colombia-a-dos-semanas-del-devastador-terremoto\/\",\"name\":\"Un sismo de magnitud 4.9 sacudi\u00f3 varias ciudades de Colombia a dos semanas del devastador terremoto - GYS NOTICIAS |\",\"isPartOf\":{\"@id\":\"https:\/\/gysfm.com.ar\/inicio\/#website\"},\"primaryImageOfPage\":{\"@id\":\"https:\/\/gysfm.com.ar\/inicio\/un-sismo-de-magnitud-4-9-sacudio-varias-ciudades-de-colombia-a-dos-semanas-del-devastador-terremoto\/#primaryimage\"},\"image\":{\"@id\":\"https:\/\/gysfm.com.ar\/inicio\/un-sismo-de-magnitud-4-9-sacudio-varias-ciudades-de-colombia-a-dos-semanas-del-devastador-terremoto\/#primaryimage\"},\"thumbnailUrl\":\"https:\/\/gysfm.com.ar\/inicio\/wp-content\/uploads\/2026\/08\/un-sismo-de-magnitud-49-\u200csacudio-\u200cel-miercoles-3CYZBE7K5RHCZC3TCAFKKI3UG4.jpg\",\"datePublished\":\"2026-08-27T16:48:49+00:00\",\"dateModified\":\"2026-08-27T16:48:50+00:00\",\"breadcrumb\":{\"@id\":\"https:\/\/gysfm.com.ar\/inicio\/un-sismo-de-magnitud-4-9-sacudio-varias-ciudades-de-colombia-a-dos-semanas-del-devastador-terremoto\/#breadcrumb\"},\"inLanguage\":\"es\",\"potentialAction\":[{\"@type\":\"ReadAction\",\"target\":[\"https:\/\/gysfm.com.ar\/inicio\/un-sismo-de-magnitud-4-9-sacudio-varias-ciudades-de-colombia-a-dos-semanas-del-devastador-terremoto\/\"]}]},{\"@type\":\"ImageObject\",\"inLanguage\":\"es\",\"@id\":\"https:\/\/gysfm.com.ar\/inicio\/un-sismo-de-magnitud-4-9-sacudio-varias-ciudades-de-colombia-a-dos-semanas-del-devastador-terremoto\/#primaryimage\",\"url\":\"https:\/\/gysfm.com.ar\/inicio\/wp-content\/uploads\/2026\/08\/un-sismo-de-magnitud-49-\u200csacudio-\u200cel-miercoles-3CYZBE7K5RHCZC3TCAFKKI3UG4.jpg\",\"contentUrl\":\"https:\/\/gysfm.com.ar\/inicio\/wp-content\/uploads\/2026\/08\/un-sismo-de-magnitud-49-\u200csacudio-\u200cel-miercoles-3CYZBE7K5RHCZC3TCAFKKI3UG4.jpg\",\"width\":1200,\"height\":800},{\"@type\":\"BreadcrumbList\",\"@id\":\"https:\/\/gysfm.com.ar\/inicio\/un-sismo-de-magnitud-4-9-sacudio-varias-ciudades-de-colombia-a-dos-semanas-del-devastador-terremoto\/#breadcrumb\",\"itemListElement\":[{\"@type\":\"ListItem\",\"position\":1,\"name\":\"Portada\",\"item\":\"https:\/\/gysfm.com.ar\/inicio\/\"},{\"@type\":\"ListItem\",\"position\":2,\"name\":\"Un sismo de magnitud 4.9 sacudi\u00f3 varias ciudades de Colombia a dos semanas del devastador terremoto\"}]},{\"@type\":\"WebSite\",\"@id\":\"https:\/\/gysfm.com.ar\/inicio\/#website\",\"url\":\"https:\/\/gysfm.com.ar\/inicio\/\",\"name\":\"GYS NOTICIAS |\",\"description\":\"DIARIO - RADIO ONLINE SAN JUAN ARGENTINA\",\"publisher\":{\"@id\":\"https:\/\/gysfm.com.ar\/inicio\/#organization\"},\"potentialAction\":[{\"@type\":\"SearchAction\",\"target\":{\"@type\":\"EntryPoint\",\"urlTemplate\":\"https:\/\/gysfm.com.ar\/inicio\/?s={search_term_string}\"},\"query-input\":{\"@type\":\"PropertyValueSpecification\",\"valueRequired\":true,\"valueName\":\"search_term_string\"}}],\"inLanguage\":\"es\"},{\"@type\":\"Organization\",\"@id\":\"https:\/\/gysfm.com.ar\/inicio\/#organization\",\"name\":\"GYS NOTICIAS |\",\"url\":\"https:\/\/gysfm.com.ar\/inicio\/\",\"logo\":{\"@type\":\"ImageObject\",\"inLanguage\":\"es\",\"@id\":\"https:\/\/gysfm.com.ar\/inicio\/#\/schema\/logo\/image\/\",\"url\":\"https:\/\/gysfm.com.ar\/inicio\/wp-content\/uploads\/2023\/07\/LOGOGYS-OK.png\",\"contentUrl\":\"https:\/\/gysfm.com.ar\/inicio\/wp-content\/uploads\/2023\/07\/LOGOGYS-OK.png\",\"width\":1170,\"height\":872,\"caption\":\"GYS NOTICIAS |\"},\"image\":{\"@id\":\"https:\/\/gysfm.com.ar\/inicio\/#\/schema\/logo\/image\/\"}},{\"@type\":\"Person\",\"@id\":\"https:\/\/gysfm.com.ar\/inicio\/#\/schema\/person\/3abba7593ef2ad19e1be221d54383dc5\",\"name\":\"Prensa G&amp;S FM\",\"image\":{\"@type\":\"ImageObject\",\"inLanguage\":\"es\",\"@id\":\"https:\/\/gysfm.com.ar\/inicio\/#\/schema\/person\/image\/\",\"url\":\"https:\/\/secure.gravatar.com\/avatar\/096ec78df02049ab018702bb4ccedf659377fa92a26540b5247612077a0dbd29?s=96&d=mm&r=g\",\"contentUrl\":\"https:\/\/secure.gravatar.com\/avatar\/096ec78df02049ab018702bb4ccedf659377fa92a26540b5247612077a0dbd29?s=96&d=mm&r=g\",\"caption\":\"Prensa G&amp;S FM\"},\"sameAs\":[\"https:\/\/gysfm.com.ar\/\"],\"url\":\"https:\/\/gysfm.com.ar\/inicio\/author\/lucasm\/\"}]}<\/script>\n<!-- \/ Yoast SEO plugin. -->","yoast_head_json":{"title":"Un sismo de magnitud 4.9 sacudi\u00f3 varias ciudades de Colombia a dos semanas del devastador terremoto - GYS NOTICIAS |","robots":{"index":"index","follow":"follow","max-snippet":"max-snippet:-1","max-image-preview":"max-image-preview:large","max-video-preview":"max-video-preview:-1"},"canonical":"https:\/\/gysfm.com.ar\/inicio\/un-sismo-de-magnitud-4-9-sacudio-varias-ciudades-de-colombia-a-dos-semanas-del-devastador-terremoto\/","og_locale":"es_ES","og_type":"article","og_title":"Un sismo de magnitud 4.9 sacudi\u00f3 varias ciudades de Colombia a dos semanas del devastador terremoto - GYS NOTICIAS |","og_description":"Un sismo de magnitud 4.9 \u200csacudi\u00f3 \u200cel mi\u00e9rcoles \u2060varias ciudades de Colombia, inform\u00f3 el Servicio Geol\u00f3gico de Estados Unidos (USGS), \u200blo \u2060que provoc\u00f3 \u2060la evacuaci\u00f3n de edificios en \u200bla capital, Bogot\u00e1. El movimiento tel\u00farico se registr\u00f3 \u200ca una profundidad \u200bde 149 \u200bkil\u00f3metros con epicentro den el municipio de Los Santos, en el departamento de Santander, [&hellip;]","og_url":"https:\/\/gysfm.com.ar\/inicio\/un-sismo-de-magnitud-4-9-sacudio-varias-ciudades-de-colombia-a-dos-semanas-del-devastador-terremoto\/","og_site_name":"GYS NOTICIAS |","article_published_time":"2026-08-27T16:48:49+00:00","article_modified_time":"2026-08-27T16:48:50+00:00","og_image":[{"width":1200,"height":800,"url":"https:\/\/gysfm.com.ar\/inicio\/wp-content\/uploads\/2026\/08\/un-sismo-de-magnitud-49-\u200csacudio-\u200cel-miercoles-3CYZBE7K5RHCZC3TCAFKKI3UG4.jpg","type":"image\/jpeg"}],"author":"Prensa G&amp;S FM","twitter_card":"summary_large_image","twitter_misc":{"Escrito por":"Prensa G&amp;S FM","Tiempo de lectura":"3 minutos"},"schema":{"@context":"https:\/\/schema.org","@graph":[{"@type":"Article","@id":"https:\/\/gysfm.com.ar\/inicio\/un-sismo-de-magnitud-4-9-sacudio-varias-ciudades-de-colombia-a-dos-semanas-del-devastador-terremoto\/#article","isPartOf":{"@id":"https:\/\/gysfm.com.ar\/inicio\/un-sismo-de-magnitud-4-9-sacudio-varias-ciudades-de-colombia-a-dos-semanas-del-devastador-terremoto\/"},"author":{"name":"Prensa G&amp;S FM","@id":"https:\/\/gysfm.com.ar\/inicio\/#\/schema\/person\/3abba7593ef2ad19e1be221d54383dc5"},"headline":"Un sismo de magnitud 4.9 sacudi\u00f3 varias ciudades de Colombia a dos semanas del devastador terremoto","datePublished":"2026-08-27T16:48:49+00:00","dateModified":"2026-08-27T16:48:50+00:00","mainEntityOfPage":{"@id":"https:\/\/gysfm.com.ar\/inicio\/un-sismo-de-magnitud-4-9-sacudio-varias-ciudades-de-colombia-a-dos-semanas-del-devastador-terremoto\/"},"wordCount":591,"publisher":{"@id":"https:\/\/gysfm.com.ar\/inicio\/#organization"},"image":{"@id":"https:\/\/gysfm.com.ar\/inicio\/un-sismo-de-magnitud-4-9-sacudio-varias-ciudades-de-colombia-a-dos-semanas-del-devastador-terremoto\/#primaryimage"},"thumbnailUrl":"https:\/\/gysfm.com.ar\/inicio\/wp-content\/uploads\/2026\/08\/un-sismo-de-magnitud-49-\u200csacudio-\u200cel-miercoles-3CYZBE7K5RHCZC3TCAFKKI3UG4.jpg","articleSection":["INTERNACIONALES"],"inLanguage":"es"},{"@type":"WebPage","@id":"https:\/\/gysfm.com.ar\/inicio\/un-sismo-de-magnitud-4-9-sacudio-varias-ciudades-de-colombia-a-dos-semanas-del-devastador-terremoto\/","url":"https:\/\/gysfm.com.ar\/inicio\/un-sismo-de-magnitud-4-9-sacudio-varias-ciudades-de-colombia-a-dos-semanas-del-devastador-terremoto\/","name":"Un sismo de magnitud 4.9 sacudi\u00f3 varias ciudades de Colombia a dos semanas del devastador terremoto - GYS NOTICIAS |","isPartOf":{"@id":"https:\/\/gysfm.com.ar\/inicio\/#website"},"primaryImageOfPage":{"@id":"https:\/\/gysfm.com.ar\/inicio\/un-sismo-de-magnitud-4-9-sacudio-varias-ciudades-de-colombia-a-dos-semanas-del-devastador-terremoto\/#primaryimage"},"image":{"@id":"https:\/\/gysfm.com.ar\/inicio\/un-sismo-de-magnitud-4-9-sacudio-varias-ciudades-de-colombia-a-dos-semanas-del-devastador-terremoto\/#primaryimage"},"thumbnailUrl":"https:\/\/gysfm.com.ar\/inicio\/wp-content\/uploads\/2026\/08\/un-sismo-de-magnitud-49-\u200csacudio-\u200cel-miercoles-3CYZBE7K5RHCZC3TCAFKKI3UG4.jpg","datePublished":"2026-08-27T16:48:49+00:00","dateModified":"2026-08-27T16:48:50+00:00","breadcrumb":{"@id":"https:\/\/gysfm.com.ar\/inicio\/un-sismo-de-magnitud-4-9-sacudio-varias-ciudades-de-colombia-a-dos-semanas-del-devastador-terremoto\/#breadcrumb"},"inLanguage":"es","potentialAction":[{"@type":"ReadAction","target":["https:\/\/gysfm.com.ar\/inicio\/un-sismo-de-magnitud-4-9-sacudio-varias-ciudades-de-colombia-a-dos-semanas-del-devastador-terremoto\/"]}]},{"@type":"ImageObject","inLanguage":"es","@id":"https:\/\/gysfm.com.ar\/inicio\/un-sismo-de-magnitud-4-9-sacudio-varias-ciudades-de-colombia-a-dos-semanas-del-devastador-terremoto\/#primaryimage","url":"https:\/\/gysfm.com.ar\/inicio\/wp-content\/uploads\/2026\/08\/un-sismo-de-magnitud-49-\u200csacudio-\u200cel-miercoles-3CYZBE7K5RHCZC3TCAFKKI3UG4.jpg","contentUrl":"https:\/\/gysfm.com.ar\/inicio\/wp-content\/uploads\/2026\/08\/un-sismo-de-magnitud-49-\u200csacudio-\u200cel-miercoles-3CYZBE7K5RHCZC3TCAFKKI3UG4.jpg","width":1200,"height":800},{"@type":"BreadcrumbList","@id":"https:\/\/gysfm.com.ar\/inicio\/un-sismo-de-magnitud-4-9-sacudio-varias-ciudades-de-colombia-a-dos-semanas-del-devastador-terremoto\/#breadcrumb","itemListElement":[{"@type":"ListItem","position":1,"name":"Portada","item":"https:\/\/gysfm.com.ar\/inicio\/"},{"@type":"ListItem","position":2,"name":"Un sismo de magnitud 4.9 sacudi\u00f3 varias ciudades de Colombia a dos semanas del devastador terremoto"}]},{"@type":"WebSite","@id":"https:\/\/gysfm.com.ar\/inicio\/#website","url":"https:\/\/gysfm.com.ar\/inicio\/","name":"GYS NOTICIAS |","description":"DIARIO - RADIO ONLINE SAN JUAN ARGENTINA","publisher":{"@id":"https:\/\/gysfm.com.ar\/inicio\/#organization"},"potentialAction":[{"@type":"SearchAction","target":{"@type":"EntryPoint","urlTemplate":"https:\/\/gysfm.com.ar\/inicio\/?s={search_term_string}"},"query-input":{"@type":"PropertyValueSpecification","valueRequired":true,"valueName":"search_term_string"}}],"inLanguage":"es"},{"@type":"Organization","@id":"https:\/\/gysfm.com.ar\/inicio\/#organization","name":"GYS NOTICIAS |","url":"https:\/\/gysfm.com.ar\/inicio\/","logo":{"@type":"ImageObject","inLanguage":"es","@id":"https:\/\/gysfm.com.ar\/inicio\/#\/schema\/logo\/image\/","url":"https:\/\/gysfm.com.ar\/inicio\/wp-content\/uploads\/2023\/07\/LOGOGYS-OK.png","contentUrl":"https:\/\/gysfm.com.ar\/inicio\/wp-content\/uploads\/2023\/07\/LOGOGYS-OK.png","width":1170,"height":872,"caption":"GYS NOTICIAS |"},"image":{"@id":"https:\/\/gysfm.com.ar\/inicio\/#\/schema\/logo\/image\/"}},{"@type":"Person","@id":"https:\/\/gysfm.com.ar\/inicio\/#\/schema\/person\/3abba7593ef2ad19e1be221d54383dc5","name":"Prensa G&amp;S FM","image":{"@type":"ImageObject","inLanguage":"es","@id":"https:\/\/gysfm.com.ar\/inicio\/#\/schema\/person\/image\/","url":"https:\/\/secure.gravatar.com\/avatar\/096ec78df02049ab018702bb4ccedf659377fa92a26540b5247612077a0dbd29?s=96&d=mm&r=g","contentUrl":"https:\/\/secure.gravatar.com\/avatar\/096ec78df02049ab018702bb4ccedf659377fa92a26540b5247612077a0dbd29?s=96&d=mm&r=g","caption":"Prensa G&amp;S FM"},"sameAs":["https:\/\/gysfm.com.ar\/"],"url":"https:\/\/gysfm.com.ar\/inicio\/author\/lucasm\/"}]}},"_links":{"self":[{"href":"https:\/\/gysfm.com.ar\/inicio\/wp-json\/wp\/v2\/posts\/209555","targetHints":{"allow":["GET"]}}],"collection":[{"href":"https:\/\/gysfm.com.ar\/inicio\/wp-json\/wp\/v2\/posts"}],"about":[{"href":"https:\/\/gysfm.com.ar\/inicio\/wp-json\/wp\/v2\/types\/post"}],"author":[{"embeddable":true,"href":"https:\/\/gysfm.com.ar\/inicio\/wp-json\/wp\/v2\/users\/2"}],"replies":[{"embeddable":true,"href":"https:\/\/gysfm.com.ar\/inicio\/wp-json\/wp\/v2\/comments?post=209555"}],"version-history":[{"count":1,"href":"https:\/\/gysfm.com.ar\/inicio\/wp-json\/wp\/v2\/posts\/209555\/revisions"}],"predecessor-version":[{"id":209557,"href":"https:\/\/gysfm.com.ar\/inicio\/wp-json\/wp\/v2\/posts\/209555\/revisions\/209557"}],"wp:featuredmedia":[{"embeddable":true,"href":"https:\/\/gysfm.com.ar\/inicio\/wp-json\/wp\/v2\/media\/209556"}],"wp:attachment":[{"href":"https:\/\/gysfm.com.ar\/inicio\/wp-json\/wp\/v2\/media?parent=209555"}],"wp:term":[{"taxonomy":"category","embeddable":true,"href":"https:\/\/gysfm.com.ar\/inicio\/wp-json\/wp\/v2\/categories?post=209555"},{"taxonomy":"post_tag","embeddable":true,"href":"https:\/\/gysfm.com.ar\/inicio\/wp-json\/wp\/v2\/tags?post=209555"}],"curies":[{"name":"wp","href":"https:\/\/api.w.org\/{rel}","templated":true}]}}