{"id":209552,"date":"2026-08-27T13:21:05","date_gmt":"2026-08-27T16:21:05","guid":{"rendered":"https:\/\/gysfm.com.ar\/inicio\/cronica-de-un-final-anunciado-coudet-se-despide-de-river-ole\/"},"modified":"2026-08-27T13:21:05","modified_gmt":"2026-08-27T16:21:05","slug":"cronica-de-un-final-anunciado-coudet-se-despide-de-river-ole","status":"publish","type":"post","link":"https:\/\/gysfm.com.ar\/inicio\/cronica-de-un-final-anunciado-coudet-se-despide-de-river-ole\/","title":{"rendered":"Cr\u00f3nica de un final anunciado: Coudet se despide de River :: Ol\u00e9"},"content":{"rendered":"<p> <br \/>\n<\/p>\n<div id=\"storyBody\">\n<div id=\"element-body-0\" class=\"sc-df222161-0 hNvwjb\">\n<p>Cuando <strong>Eduardo Germ\u00e1n Coudet<\/strong> baj\u00f3 casi al trote las escalinatas del t\u00fanel \u00fanico del <strong>Monumental<\/strong>, el det\u00e9 lo hizo sabiendo que su ciclo de 27 partidos -y varios golpes- al frente de <strong>River<\/strong> estaba a una charla con los dirigentes de terminarse. \u00c9l mismo lo hab\u00eda spoileado despu\u00e9s de perder ante Tigre: si no le encontraba respuestas r\u00e1pidas al ciclo, no ofrecer\u00eda resistencia. Pasada la indigerible eliminaci\u00f3n en la Sudamericana, <strong>aquella postura condicional se transform\u00f3 en realidad.<\/strong><\/p>\n<\/div>\n<div id=\"element-body-1\" class=\"sc-df222161-0 hNvwjb\">\n<p>Luego de una extensa reuni\u00f3n con los directivos en el vestuario local del Liberti, <strong>Coudet le puso fecha y hora a su despedida<\/strong>: la pr\u00e1ctica programada para el jueves a las 15.30, <strong>con una sorpresiva conferencia de prensa pautada para las 15<\/strong>, ser\u00e1 la \u00faltima al frente de un plantel completamente renovado, <strong>al que intent\u00f3 modelar a su gusto pero sin \u00e9xito.<\/strong> Un staff completamente distinto al que dirigi\u00f3 en el sprint final del primer semestre, <strong>cuando hab\u00eda logrado transformar \u201cVietnam\u201d en un oasis transitorio.<\/strong> Uno que se sec\u00f3 con la ca\u00edda en la definici\u00f3n del Apertura ante Belgrano.<\/p>\n<\/div>\n<p><h2><strong>Coudet se despide tras 27 partidos<\/strong><\/h2>\n<\/p>\n<div id=\"element-body-3\" class=\"sc-df222161-0 hNvwjb\">\n<p><strong>El 55% de efectividad, con 13 victorias y 8 derrotas, amerita ser factorizado.<\/strong> Porque buena parte de sus \u00e9xitos se dieron en aquella levantada que empuj\u00f3 a River hasta la final del torneo anterior, mientras que la mayor\u00eda de las ca\u00eddas se dieron despu\u00e9s de la pretemporada y con poca generaci\u00f3n en ofensiva: <strong>cuatro por el Clausura (sin goles convertidos) y una eliminaci\u00f3n en la Copa Argentina<\/strong> le marcaron la cancha a un proceso que, incluso para el Chacho, fue at\u00edpico. <strong>Tanto que \u00e9l mismo reconoci\u00f3 que nunca le hab\u00eda costado tanto imprimirle su estilo a un plantel.<\/strong><\/p>\n<\/div>\n<div id=\"element-body-4\" class=\"sc-df222161-0 hNvwjb\">\n<p>Coudet no pudo forjar un River propio. No consigui\u00f3 hacerlo con un grupo heredado, tampoco con uno pr\u00e1cticamente nuevo por el que se invirtieron decenas de millones de d\u00f3lares: <strong>las recientes llegadas de Thiago Almada y \u00c1ngel Correa generaron expectativa y hasta algo de energ\u00eda renovada. <\/strong> Pero el pasado ya era demasiado pesado. Y no estaba pisado. En el medio, ni la ca\u00edda ante Boca, ni el vodevil por el caso Juanfer Quintero (quien reconoci\u00f3 que no se sent\u00eda \u201cprioridad\u201d; luego rescindi\u00f3) <strong> ni la inc\u00f3moda situaci\u00f3n de los jugadores prescindibles ayudaron a generar un clima ideal.<\/strong><\/p>\n<\/div>\n<div class=\"sc-c0843421-0 iNysjD image-embed\" id=\"element-body-5\"><img alt=\"Eduardo Coudet se va de River. AP.\" loading=\"lazy\" width=\"720\" height=\"100\" decoding=\"async\" data-nimg=\"1\" style=\"color:transparent\" src=\"https:\/\/www.ole.com.ar\/images\/2026\/08\/27\/U8AA2laJ5_720x0__1.jpg\"\/><span class=\"epigraphe\">Eduardo Coudet se va de River. AP.<\/span><\/div>\n<p><h2><strong>Resultados insuficientes y decisiones cuestionadas<\/strong><\/h2>\n<\/p>\n<div id=\"element-body-7\" class=\"sc-df222161-0 hNvwjb\">\n<p>El atisbo de reacci\u00f3n ante Argentinos (2-0), \u00fanica victoria post Mundial, hab\u00eda disparado algunos \u00edndices de optimismo. El pico se esfum\u00f3 ante el primer 0-0. <strong>El sincericidio en Bogot\u00e1, cuando sugiri\u00f3 que cualquiera hubiera \u201cfirmado el empate\u201d, no lo ayud\u00f3 a levantar en las encuestas.<\/strong> Tampoco el 2-2 ante V\u00e9lez o el 1-1 frente a Independiente Santa Fe, con puntos de conexi\u00f3n: los cambios, que lejos de sostener el ritmo que hab\u00eda mostrado River en ambos partidos, lo desaceleraron. Adem\u00e1s de ser ciertamente conservadores. <strong>Rasgo pragm\u00e1tico que se comprend\u00eda en los inicios de su era, ya no tanto con una de las plantillas mejor valuadas de Sudam\u00e9rica.<\/strong><\/p>\n<\/div>\n<div id=\"element-body-9\" class=\"sc-df222161-0 hNvwjb\">\n<p>Las silbatinas de un p\u00fablico con el que tuvo feeling durante su etapa como jugador fueron s\u00edntoma de que la relaci\u00f3n ya estaba rota hac\u00eda varias fechas. Que ya estaba usando el descubierto de su cr\u00e9dito. <strong>El propio Stefano Di Carlo hab\u00eda catalogado como \u201cinadmisible\u201d la cantidad de derrotas consecutivas que llevaba River al 11 de agosto<\/strong>, aunque en contrapartida hab\u00eda bancado al CT diciendo que lo ve\u00eda \u201ccon fuerzas y convicci\u00f3n\u201d.<\/p>\n<\/div>\n<div class=\"sc-c0843421-0 iNysjD image-embed\" id=\"element-body-10\"><img alt=\"Eduardo Coudet. EFE.\" loading=\"lazy\" width=\"720\" height=\"100\" decoding=\"async\" data-nimg=\"1\" style=\"color:transparent\" src=\"https:\/\/www.ole.com.ar\/images\/2026\/08\/27\/jTBAq_ro9_720x0__1.jpg\"\/><span class=\"epigraphe\">Eduardo Coudet. EFE.<\/span><\/div>\n<div id=\"element-body-11\" class=\"sc-df222161-0 hNvwjb\">\n<p><strong>Coudet cierra as\u00ed el ciclo m\u00e1s corto de un entrenador en N\u00fa\u00f1ez en m\u00e1s de 15 a\u00f1os. <\/strong> Un entrenador que hab\u00eda llegado con un aire renovado, buscando interrumpir aquella racha adversa importada del 2025, pero que termin\u00f3 quedando preso de un c\u00edrculo vicioso que en el club buscar\u00e1n cortar cuanto antes. Porque, <strong>como el propio ahora ex det\u00e9 dijo y experiment\u00f3, River no te da tiempo.<\/strong><\/p>\n<\/div>\n<p><h2><strong>Fin de ciclo: Coudet se va de River<\/strong><\/h2>\n<\/p>\n<div id=\"element-body-13\" class=\"sc-8712cf2e-1 brsVwg\"><figcaption class=\"JWvideoNota_title\">\n<p>Desde N\u00fa\u00f1ez confirmaron que este jueves, a las 15, el DT brindar\u00e1 una conferencia de prensa en el Monumental y finalizar\u00e1 su ciclo<\/p>\n<\/figcaption><\/div>\n<\/div>\n\n","protected":false},"excerpt":{"rendered":"<p>Cuando Eduardo Germ\u00e1n Coudet baj\u00f3 casi al trote las escalinatas del t\u00fanel \u00fanico del Monumental, el det\u00e9 lo hizo sabiendo que su ciclo de 27 partidos -y varios golpes- al frente de River estaba a una charla con los dirigentes de terminarse. \u00c9l mismo lo hab\u00eda spoileado despu\u00e9s de perder ante Tigre: si no le [&hellip;]<\/p>\n","protected":false},"author":1,"featured_media":209553,"comment_status":"closed","ping_status":"closed","sticky":false,"template":"","format":"standard","meta":{"footnotes":""},"categories":[27],"tags":[],"class_list":["post-209552","post","type-post","status-publish","format-standard","has-post-thumbnail","hentry","category-deportes"],"yoast_head":"<!-- This site is optimized with the Yoast SEO plugin v24.4 - https:\/\/yoast.com\/wordpress\/plugins\/seo\/ -->\n<title>Cr\u00f3nica de un final anunciado: Coudet se despide de River :: Ol\u00e9 - GYS NOTICIAS |<\/title>\n<meta name=\"robots\" content=\"index, follow, max-snippet:-1, max-image-preview:large, max-video-preview:-1\" \/>\n<link rel=\"canonical\" href=\"https:\/\/gysfm.com.ar\/inicio\/cronica-de-un-final-anunciado-coudet-se-despide-de-river-ole\/\" \/>\n<meta property=\"og:locale\" content=\"es_ES\" \/>\n<meta property=\"og:type\" content=\"article\" \/>\n<meta property=\"og:title\" content=\"Cr\u00f3nica de un final anunciado: Coudet se despide de River :: Ol\u00e9 - GYS NOTICIAS |\" \/>\n<meta property=\"og:description\" content=\"Cuando Eduardo Germ\u00e1n Coudet baj\u00f3 casi al trote las escalinatas del t\u00fanel \u00fanico del Monumental, el det\u00e9 lo hizo sabiendo que su ciclo de 27 partidos -y varios golpes- al frente de River estaba a una charla con los dirigentes de terminarse. \u00c9l mismo lo hab\u00eda spoileado despu\u00e9s de perder ante Tigre: si no le [&hellip;]\" \/>\n<meta property=\"og:url\" content=\"https:\/\/gysfm.com.ar\/inicio\/cronica-de-un-final-anunciado-coudet-se-despide-de-river-ole\/\" \/>\n<meta property=\"og:site_name\" content=\"GYS NOTICIAS |\" \/>\n<meta property=\"article:published_time\" content=\"2026-08-27T16:21:05+00:00\" \/>\n<meta property=\"og:image\" content=\"https:\/\/www.ole.com.ar\/images\/2026\/08\/27\/U8AA2laJ5_720x0__1.jpg\" \/>\n<meta name=\"author\" content=\"admin\" \/>\n<meta name=\"twitter:card\" content=\"summary_large_image\" \/>\n<meta name=\"twitter:label1\" content=\"Escrito por\" \/>\n\t<meta name=\"twitter:data1\" content=\"admin\" \/>\n\t<meta name=\"twitter:label2\" content=\"Tiempo de lectura\" \/>\n\t<meta name=\"twitter:data2\" content=\"4 minutos\" \/>\n<script type=\"application\/ld+json\" class=\"yoast-schema-graph\">{\"@context\":\"https:\/\/schema.org\",\"@graph\":[{\"@type\":\"Article\",\"@id\":\"https:\/\/gysfm.com.ar\/inicio\/cronica-de-un-final-anunciado-coudet-se-despide-de-river-ole\/#article\",\"isPartOf\":{\"@id\":\"https:\/\/gysfm.com.ar\/inicio\/cronica-de-un-final-anunciado-coudet-se-despide-de-river-ole\/\"},\"author\":{\"name\":\"admin\",\"@id\":\"https:\/\/gysfm.com.ar\/inicio\/#\/schema\/person\/5bedd7ecd35cc35548d89effafa23696\"},\"headline\":\"Cr\u00f3nica de un final anunciado: Coudet se despide de River :: Ol\u00e9\",\"datePublished\":\"2026-08-27T16:21:05+00:00\",\"mainEntityOfPage\":{\"@id\":\"https:\/\/gysfm.com.ar\/inicio\/cronica-de-un-final-anunciado-coudet-se-despide-de-river-ole\/\"},\"wordCount\":722,\"publisher\":{\"@id\":\"https:\/\/gysfm.com.ar\/inicio\/#organization\"},\"image\":{\"@id\":\"https:\/\/gysfm.com.ar\/inicio\/cronica-de-un-final-anunciado-coudet-se-despide-de-river-ole\/#primaryimage\"},\"thumbnailUrl\":\"https:\/\/gysfm.com.ar\/inicio\/wp-content\/uploads\/2026\/08\/76ssbW8iW_2000x1500__1.jpg\",\"articleSection\":[\"DEPORTES\"],\"inLanguage\":\"es\"},{\"@type\":\"WebPage\",\"@id\":\"https:\/\/gysfm.com.ar\/inicio\/cronica-de-un-final-anunciado-coudet-se-despide-de-river-ole\/\",\"url\":\"https:\/\/gysfm.com.ar\/inicio\/cronica-de-un-final-anunciado-coudet-se-despide-de-river-ole\/\",\"name\":\"Cr\u00f3nica de un final anunciado: Coudet se despide de River :: Ol\u00e9 - GYS NOTICIAS |\",\"isPartOf\":{\"@id\":\"https:\/\/gysfm.com.ar\/inicio\/#website\"},\"primaryImageOfPage\":{\"@id\":\"https:\/\/gysfm.com.ar\/inicio\/cronica-de-un-final-anunciado-coudet-se-despide-de-river-ole\/#primaryimage\"},\"image\":{\"@id\":\"https:\/\/gysfm.com.ar\/inicio\/cronica-de-un-final-anunciado-coudet-se-despide-de-river-ole\/#primaryimage\"},\"thumbnailUrl\":\"https:\/\/gysfm.com.ar\/inicio\/wp-content\/uploads\/2026\/08\/76ssbW8iW_2000x1500__1.jpg\",\"datePublished\":\"2026-08-27T16:21:05+00:00\",\"breadcrumb\":{\"@id\":\"https:\/\/gysfm.com.ar\/inicio\/cronica-de-un-final-anunciado-coudet-se-despide-de-river-ole\/#breadcrumb\"},\"inLanguage\":\"es\",\"potentialAction\":[{\"@type\":\"ReadAction\",\"target\":[\"https:\/\/gysfm.com.ar\/inicio\/cronica-de-un-final-anunciado-coudet-se-despide-de-river-ole\/\"]}]},{\"@type\":\"ImageObject\",\"inLanguage\":\"es\",\"@id\":\"https:\/\/gysfm.com.ar\/inicio\/cronica-de-un-final-anunciado-coudet-se-despide-de-river-ole\/#primaryimage\",\"url\":\"https:\/\/gysfm.com.ar\/inicio\/wp-content\/uploads\/2026\/08\/76ssbW8iW_2000x1500__1.jpg\",\"contentUrl\":\"https:\/\/gysfm.com.ar\/inicio\/wp-content\/uploads\/2026\/08\/76ssbW8iW_2000x1500__1.jpg\",\"width\":2000,\"height\":1500},{\"@type\":\"BreadcrumbList\",\"@id\":\"https:\/\/gysfm.com.ar\/inicio\/cronica-de-un-final-anunciado-coudet-se-despide-de-river-ole\/#breadcrumb\",\"itemListElement\":[{\"@type\":\"ListItem\",\"position\":1,\"name\":\"Portada\",\"item\":\"https:\/\/gysfm.com.ar\/inicio\/\"},{\"@type\":\"ListItem\",\"position\":2,\"name\":\"Cr\u00f3nica de un final anunciado: Coudet se despide de River :: Ol\u00e9\"}]},{\"@type\":\"WebSite\",\"@id\":\"https:\/\/gysfm.com.ar\/inicio\/#website\",\"url\":\"https:\/\/gysfm.com.ar\/inicio\/\",\"name\":\"GYS NOTICIAS |\",\"description\":\"DIARIO - RADIO ONLINE SAN JUAN ARGENTINA\",\"publisher\":{\"@id\":\"https:\/\/gysfm.com.ar\/inicio\/#organization\"},\"potentialAction\":[{\"@type\":\"SearchAction\",\"target\":{\"@type\":\"EntryPoint\",\"urlTemplate\":\"https:\/\/gysfm.com.ar\/inicio\/?s={search_term_string}\"},\"query-input\":{\"@type\":\"PropertyValueSpecification\",\"valueRequired\":true,\"valueName\":\"search_term_string\"}}],\"inLanguage\":\"es\"},{\"@type\":\"Organization\",\"@id\":\"https:\/\/gysfm.com.ar\/inicio\/#organization\",\"name\":\"GYS NOTICIAS |\",\"url\":\"https:\/\/gysfm.com.ar\/inicio\/\",\"logo\":{\"@type\":\"ImageObject\",\"inLanguage\":\"es\",\"@id\":\"https:\/\/gysfm.com.ar\/inicio\/#\/schema\/logo\/image\/\",\"url\":\"https:\/\/gysfm.com.ar\/inicio\/wp-content\/uploads\/2023\/07\/LOGOGYS-OK.png\",\"contentUrl\":\"https:\/\/gysfm.com.ar\/inicio\/wp-content\/uploads\/2023\/07\/LOGOGYS-OK.png\",\"width\":1170,\"height\":872,\"caption\":\"GYS NOTICIAS |\"},\"image\":{\"@id\":\"https:\/\/gysfm.com.ar\/inicio\/#\/schema\/logo\/image\/\"}},{\"@type\":\"Person\",\"@id\":\"https:\/\/gysfm.com.ar\/inicio\/#\/schema\/person\/5bedd7ecd35cc35548d89effafa23696\",\"name\":\"admin\",\"image\":{\"@type\":\"ImageObject\",\"inLanguage\":\"es\",\"@id\":\"https:\/\/gysfm.com.ar\/inicio\/#\/schema\/person\/image\/\",\"url\":\"https:\/\/secure.gravatar.com\/avatar\/c331d312b5243fb64d5ba28108a447b27c925295129a363082c9ea52c28d32c2?s=96&d=mm&r=g\",\"contentUrl\":\"https:\/\/secure.gravatar.com\/avatar\/c331d312b5243fb64d5ba28108a447b27c925295129a363082c9ea52c28d32c2?s=96&d=mm&r=g\",\"caption\":\"admin\"},\"sameAs\":[\"https:\/\/gysfm.com.ar\/inicio\"],\"url\":\"https:\/\/gysfm.com.ar\/inicio\/author\/admin\/\"}]}<\/script>\n<!-- \/ Yoast SEO plugin. -->","yoast_head_json":{"title":"Cr\u00f3nica de un final anunciado: Coudet se despide de River :: Ol\u00e9 - GYS NOTICIAS |","robots":{"index":"index","follow":"follow","max-snippet":"max-snippet:-1","max-image-preview":"max-image-preview:large","max-video-preview":"max-video-preview:-1"},"canonical":"https:\/\/gysfm.com.ar\/inicio\/cronica-de-un-final-anunciado-coudet-se-despide-de-river-ole\/","og_locale":"es_ES","og_type":"article","og_title":"Cr\u00f3nica de un final anunciado: Coudet se despide de River :: Ol\u00e9 - GYS NOTICIAS |","og_description":"Cuando Eduardo Germ\u00e1n Coudet baj\u00f3 casi al trote las escalinatas del t\u00fanel \u00fanico del Monumental, el det\u00e9 lo hizo sabiendo que su ciclo de 27 partidos -y varios golpes- al frente de River estaba a una charla con los dirigentes de terminarse. \u00c9l mismo lo hab\u00eda spoileado despu\u00e9s de perder ante Tigre: si no le [&hellip;]","og_url":"https:\/\/gysfm.com.ar\/inicio\/cronica-de-un-final-anunciado-coudet-se-despide-de-river-ole\/","og_site_name":"GYS NOTICIAS |","article_published_time":"2026-08-27T16:21:05+00:00","og_image":[{"url":"https:\/\/www.ole.com.ar\/images\/2026\/08\/27\/U8AA2laJ5_720x0__1.jpg","type":"","width":"","height":""}],"author":"admin","twitter_card":"summary_large_image","twitter_misc":{"Escrito por":"admin","Tiempo de lectura":"4 minutos"},"schema":{"@context":"https:\/\/schema.org","@graph":[{"@type":"Article","@id":"https:\/\/gysfm.com.ar\/inicio\/cronica-de-un-final-anunciado-coudet-se-despide-de-river-ole\/#article","isPartOf":{"@id":"https:\/\/gysfm.com.ar\/inicio\/cronica-de-un-final-anunciado-coudet-se-despide-de-river-ole\/"},"author":{"name":"admin","@id":"https:\/\/gysfm.com.ar\/inicio\/#\/schema\/person\/5bedd7ecd35cc35548d89effafa23696"},"headline":"Cr\u00f3nica de un final anunciado: Coudet se despide de River :: Ol\u00e9","datePublished":"2026-08-27T16:21:05+00:00","mainEntityOfPage":{"@id":"https:\/\/gysfm.com.ar\/inicio\/cronica-de-un-final-anunciado-coudet-se-despide-de-river-ole\/"},"wordCount":722,"publisher":{"@id":"https:\/\/gysfm.com.ar\/inicio\/#organization"},"image":{"@id":"https:\/\/gysfm.com.ar\/inicio\/cronica-de-un-final-anunciado-coudet-se-despide-de-river-ole\/#primaryimage"},"thumbnailUrl":"https:\/\/gysfm.com.ar\/inicio\/wp-content\/uploads\/2026\/08\/76ssbW8iW_2000x1500__1.jpg","articleSection":["DEPORTES"],"inLanguage":"es"},{"@type":"WebPage","@id":"https:\/\/gysfm.com.ar\/inicio\/cronica-de-un-final-anunciado-coudet-se-despide-de-river-ole\/","url":"https:\/\/gysfm.com.ar\/inicio\/cronica-de-un-final-anunciado-coudet-se-despide-de-river-ole\/","name":"Cr\u00f3nica de un final anunciado: Coudet se despide de River :: Ol\u00e9 - GYS NOTICIAS |","isPartOf":{"@id":"https:\/\/gysfm.com.ar\/inicio\/#website"},"primaryImageOfPage":{"@id":"https:\/\/gysfm.com.ar\/inicio\/cronica-de-un-final-anunciado-coudet-se-despide-de-river-ole\/#primaryimage"},"image":{"@id":"https:\/\/gysfm.com.ar\/inicio\/cronica-de-un-final-anunciado-coudet-se-despide-de-river-ole\/#primaryimage"},"thumbnailUrl":"https:\/\/gysfm.com.ar\/inicio\/wp-content\/uploads\/2026\/08\/76ssbW8iW_2000x1500__1.jpg","datePublished":"2026-08-27T16:21:05+00:00","breadcrumb":{"@id":"https:\/\/gysfm.com.ar\/inicio\/cronica-de-un-final-anunciado-coudet-se-despide-de-river-ole\/#breadcrumb"},"inLanguage":"es","potentialAction":[{"@type":"ReadAction","target":["https:\/\/gysfm.com.ar\/inicio\/cronica-de-un-final-anunciado-coudet-se-despide-de-river-ole\/"]}]},{"@type":"ImageObject","inLanguage":"es","@id":"https:\/\/gysfm.com.ar\/inicio\/cronica-de-un-final-anunciado-coudet-se-despide-de-river-ole\/#primaryimage","url":"https:\/\/gysfm.com.ar\/inicio\/wp-content\/uploads\/2026\/08\/76ssbW8iW_2000x1500__1.jpg","contentUrl":"https:\/\/gysfm.com.ar\/inicio\/wp-content\/uploads\/2026\/08\/76ssbW8iW_2000x1500__1.jpg","width":2000,"height":1500},{"@type":"BreadcrumbList","@id":"https:\/\/gysfm.com.ar\/inicio\/cronica-de-un-final-anunciado-coudet-se-despide-de-river-ole\/#breadcrumb","itemListElement":[{"@type":"ListItem","position":1,"name":"Portada","item":"https:\/\/gysfm.com.ar\/inicio\/"},{"@type":"ListItem","position":2,"name":"Cr\u00f3nica de un final anunciado: Coudet se despide de River :: Ol\u00e9"}]},{"@type":"WebSite","@id":"https:\/\/gysfm.com.ar\/inicio\/#website","url":"https:\/\/gysfm.com.ar\/inicio\/","name":"GYS NOTICIAS |","description":"DIARIO - RADIO ONLINE SAN JUAN ARGENTINA","publisher":{"@id":"https:\/\/gysfm.com.ar\/inicio\/#organization"},"potentialAction":[{"@type":"SearchAction","target":{"@type":"EntryPoint","urlTemplate":"https:\/\/gysfm.com.ar\/inicio\/?s={search_term_string}"},"query-input":{"@type":"PropertyValueSpecification","valueRequired":true,"valueName":"search_term_string"}}],"inLanguage":"es"},{"@type":"Organization","@id":"https:\/\/gysfm.com.ar\/inicio\/#organization","name":"GYS NOTICIAS |","url":"https:\/\/gysfm.com.ar\/inicio\/","logo":{"@type":"ImageObject","inLanguage":"es","@id":"https:\/\/gysfm.com.ar\/inicio\/#\/schema\/logo\/image\/","url":"https:\/\/gysfm.com.ar\/inicio\/wp-content\/uploads\/2023\/07\/LOGOGYS-OK.png","contentUrl":"https:\/\/gysfm.com.ar\/inicio\/wp-content\/uploads\/2023\/07\/LOGOGYS-OK.png","width":1170,"height":872,"caption":"GYS NOTICIAS |"},"image":{"@id":"https:\/\/gysfm.com.ar\/inicio\/#\/schema\/logo\/image\/"}},{"@type":"Person","@id":"https:\/\/gysfm.com.ar\/inicio\/#\/schema\/person\/5bedd7ecd35cc35548d89effafa23696","name":"admin","image":{"@type":"ImageObject","inLanguage":"es","@id":"https:\/\/gysfm.com.ar\/inicio\/#\/schema\/person\/image\/","url":"https:\/\/secure.gravatar.com\/avatar\/c331d312b5243fb64d5ba28108a447b27c925295129a363082c9ea52c28d32c2?s=96&d=mm&r=g","contentUrl":"https:\/\/secure.gravatar.com\/avatar\/c331d312b5243fb64d5ba28108a447b27c925295129a363082c9ea52c28d32c2?s=96&d=mm&r=g","caption":"admin"},"sameAs":["https:\/\/gysfm.com.ar\/inicio"],"url":"https:\/\/gysfm.com.ar\/inicio\/author\/admin\/"}]}},"_links":{"self":[{"href":"https:\/\/gysfm.com.ar\/inicio\/wp-json\/wp\/v2\/posts\/209552","targetHints":{"allow":["GET"]}}],"collection":[{"href":"https:\/\/gysfm.com.ar\/inicio\/wp-json\/wp\/v2\/posts"}],"about":[{"href":"https:\/\/gysfm.com.ar\/inicio\/wp-json\/wp\/v2\/types\/post"}],"author":[{"embeddable":true,"href":"https:\/\/gysfm.com.ar\/inicio\/wp-json\/wp\/v2\/users\/1"}],"replies":[{"embeddable":true,"href":"https:\/\/gysfm.com.ar\/inicio\/wp-json\/wp\/v2\/comments?post=209552"}],"version-history":[{"count":0,"href":"https:\/\/gysfm.com.ar\/inicio\/wp-json\/wp\/v2\/posts\/209552\/revisions"}],"wp:featuredmedia":[{"embeddable":true,"href":"https:\/\/gysfm.com.ar\/inicio\/wp-json\/wp\/v2\/media\/209553"}],"wp:attachment":[{"href":"https:\/\/gysfm.com.ar\/inicio\/wp-json\/wp\/v2\/media?parent=209552"}],"wp:term":[{"taxonomy":"category","embeddable":true,"href":"https:\/\/gysfm.com.ar\/inicio\/wp-json\/wp\/v2\/categories?post=209552"},{"taxonomy":"post_tag","embeddable":true,"href":"https:\/\/gysfm.com.ar\/inicio\/wp-json\/wp\/v2\/tags?post=209552"}],"curies":[{"name":"wp","href":"https:\/\/api.w.org\/{rel}","templated":true}]}}