{"id":209544,"date":"2026-08-27T12:15:58","date_gmt":"2026-08-27T15:15:58","guid":{"rendered":"https:\/\/gysfm.com.ar\/inicio\/los-industriales-bonaerenses-le-pidieron-a-axel-kicillof-eximir-al-sector-de-ingresos-brutos\/"},"modified":"2026-08-27T12:15:58","modified_gmt":"2026-08-27T15:15:58","slug":"los-industriales-bonaerenses-le-pidieron-a-axel-kicillof-eximir-al-sector-de-ingresos-brutos","status":"publish","type":"post","link":"https:\/\/gysfm.com.ar\/inicio\/los-industriales-bonaerenses-le-pidieron-a-axel-kicillof-eximir-al-sector-de-ingresos-brutos\/","title":{"rendered":"Los industriales bonaerenses le pidieron a Axel Kicillof eximir al sector de Ingresos Brutos"},"content":{"rendered":"<p> <br \/>\n<\/p>\n<div id=\"\">\n<p id=\"p-1787785667060-56891\">En lo inmediato, la propuesta es que se eleve <strong>el m\u00ednimo no imponible del tributo a $3.200 millones de facturaci\u00f3n anual<\/strong>, de manera que quedar\u00edan afuera casi todas las industrias chicas. Para las medianas, la iniciativa prev\u00e9 que se las exima en tres a\u00f1os y, para las grandes, en cinco.<\/p>\n<\/div>\n<div id=\"\">\n<p id=\"p-1787785667060-19643\"> La iniciativa ya <strong>est\u00e1 en el escritorio del ministro de Producci\u00f3n, Augusto Costa<\/strong>, seg\u00fan inform\u00f3 el <strong>presidente de la Uni\u00f3n Industrial de la Provincia de Buenos Aires (UIPBA), Alejandro Gentile<\/strong>, quien asumi\u00f3 recientemente el cargo en reemplazo de Mart\u00edn Rappallini, ahora al frente de la UIA.<\/p>\n<\/div>\n<div id=\"\">\n<p id=\"p-1787785667060-71714\">Gentile ofreci\u00f3 una charla <strong>con periodistas en la sede de la entidad, ubicada en la avenida C\u00f3rdoba<\/strong>, en la ciudad de Buenos Aires. Cabe recordar que el directivo es, a su vez, director de Relaciones Institucionales del Grupo Techint.<\/p>\n<\/div>\n<div id=\"\">\n<p id=\"p-1787785667060-48338\"><strong>\u201cSi el gobernador tiene realmente sentido industrialista, esta es una buena oportunidad para demostrarlo\u201d<\/strong>, explic\u00f3 Gentile.<\/p>\n<\/div>\n<div id=\"\">\n<p id=\"p-1787785667060-79992\">La p\u00e9rdida de recursos, en caso de que avance la medida, <strong>ser\u00eda equivalente al 1,4% de la recaudaci\u00f3n de la provincia, seg\u00fan estimaciones de la UIPBA<\/strong>. El presidente de la entidad advirti\u00f3 que en <strong>C\u00f3rdoba y Santa Fe, otras dos provincias industriales<\/strong> que cuentan con medidas similares a las propuestas por la entidad, \u201cel impacto fue menor\u201d en t\u00e9rminos de p\u00e9rdida de empresas y puestos de trabajo.<\/p>\n<p id=\"p-1787785667060-83733\">Si el Gobierno bonaerense tomara en cuenta <strong>la idea, deber\u00eda incluirla en la Ley Impositiva que la Legislatura trata todos los a\u00f1os<\/strong>, junto con el Presupuesto provincial del ejercicio siguiente. Eso ocurrir\u00e1 en octubre.<\/p>\n<p id=\"p-1787785667061-42101\">La propuesta de los empresarios es <strong>compensar la merma de recursos que dejar\u00edan las grandes y medianas industrias<\/strong> con una mayor fiscalizaci\u00f3n sobre empresas de sectores que hist\u00f3ricamente han demostrado operar con mayor informalidad.<\/p>\n<p id=\"p-1787785667061-70947\">La entidad dio a conocer un estudio en el que se se\u00f1ala que <strong>la presi\u00f3n tributaria efectiva de Ingresos Brutos sobre el valor agregado industrial alcanza el 4,7% en la provincia de Buenos Aires<\/strong>, mientras que en C\u00f3rdoba se ubica en el 3,5% y en Santa Fe, en el 3,6%.<\/p>\n<p id=\"p-1787785903490-1553\">El estudio indica que <strong>desde 2023, el saldo neto entre las empresas que nacieron en la provincia y las que cerraron fue negativo en 1.306 firmas<\/strong>. Eso implic\u00f3 <strong>la p\u00e9rdida de 41.975 puestos de trabajo<\/strong>.<\/p>\n<div contenteditable=\"false\" class=\"embed_cont type_imagen\" id=\"6132568-Libre-237788893_wrap\">\n<div id=\"6132568-Libre-237788893_content\" class=\"embed_content\"> <img src=\"https:\/\/media.ambito.com\/p\/9243f742d81949fc755fd776a9f59f97\/adjuntos\/239\/imagenes\/029\/557\/0029557113\/industriales-pymes-exigen-la-pesificacion-del-precio-la-energia-y-un-congelamiento-precios-seis-meses.jpg?0000-00-00-00-00-00\" decoding=\"async\" fetchpriority=\"low\" loading=\"lazy\" alt=\"\" title=\"\" width=\"1000\" height=\"540\" id=\"6132568-Libre-237788893_embed\"\/><\/div><\/div>\n<p id=\"p-1787785667061-71223\">En ese sentido, se detalla que <strong>20 de los 24 sectores industriales bonaerenses est\u00e1n en declive<\/strong>. El derrumbe est\u00e1 concentrado en el complejo textil, de indumentaria y calzado: entre las tres divisiones perdieron <strong>12.750 puestos de trabajo (-23,6%)<\/strong>. En el otro extremo, <strong>alimentos es la \u00fanica divisi\u00f3n grande que crece (+4,2%)<\/strong> y actualmente es el mayor empleador industrial de la provincia.<\/p>\n<p id=\"p-1787785667061-9555\">La <strong>UIPBA plantea la hip\u00f3tesis de que los cinco sectores con mayor sobrecarga de Ingresos Brutos perdieron el 11,6% de los puestos de trabajo<\/strong>, mientras que aquellos con menor carga tributaria resignaron solo el 7,8%.<\/p>\n<p id=\"p-1787785667061-4766\">Otro dato para tener en cuenta es la comparaci\u00f3n de <strong>la carga tributaria de la industria bonaerense con la de M\u00e9xico y Brasil<\/strong>.<\/p>\n<p id=\"p-1787785667061-57907\">Las industrias bonaerenses tienen <strong>una carga tributaria 2,6 veces m\u00e1s alta que sus competidoras mexicanas<\/strong>. Mientras que en M\u00e9xico casi todo el costo fiscal est\u00e1 constituido por las cargas sociales, en Buenos Aires ese \u00edtem es pr\u00e1cticamente igual. La diferencia est\u00e1 explicada por <strong>64 puntos de Ingresos Brutos, 40 puntos del impuesto al cheque, 38 puntos de tasas municipales y cinco puntos de derechos aduaneros<\/strong>. En Brasil, la diferencia respecto de M\u00e9xico es de 1,48 veces.<\/p>\n<h2 id=\"p-1787785667061-83984\">Cadena de proveedores<\/h2>\n<p id=\"p-1787785667061-30811\">Los industriales de la provincia tratan de <strong>adaptarse a la idea de que deben reconvertirse<\/strong>. Para ello, siguen el ejemplo del programa ProPymes que desarrolla la empresa de Paolo Rocca con sus propios proveedores.<\/p>\n<p id=\"p-1787785667061-38832\"><strong>Ya tienen identificadas 60 pymes que estar\u00edan en condiciones de proveer a empresas del sector minero en el marco del RIGI.<\/strong> Est\u00e1 ganando terreno la idea de que, si un empresario textil se dedica a fabricar pantalones de vestir, ahora podr\u00eda convenirle confeccionar uniformes para los trabajadores de los proyectos mineros adheridos al r\u00e9gimen.<\/p>\n<p id=\"p-1787785667061-61746\">Sin embargo, para poder cotizar frente a una minera global, esas compa\u00f1\u00edas deben transformarse y alcanzar <strong>est\u00e1ndares internacionales<\/strong>, que incluyen el cumplimiento de normas ambientales y medidas contra el trabajo esclavo, entre otras exigencias.<\/p>\n<\/p><\/div>\n<p><script>\n!function(f,b,e,v,n,t,s)\n{if(f.fbq)return;n=f.fbq=function(){n.callMethod?\nn.callMethod.apply(n,arguments):n.queue.push(arguments)};\nif(!f._fbq)f._fbq=n;n.push=n;n.loaded=!0;n.version='2.0';\nn.queue=[];t=b.createElement(e);t.async=!0;\nt.src=v;s=b.getElementsByTagName(e)[0];\ns.parentNode.insertBefore(t,s)}(window,document,'script',\n'https:\/\/connect.facebook.net\/en_US\/fbevents.js');\nfbq('init', '2047048335588113');\nfbq('track', 'PageView');\n<\/script><br \/>\n<br \/><\/p>\n","protected":false},"excerpt":{"rendered":"<p>En lo inmediato, la propuesta es que se eleve el m\u00ednimo no imponible del tributo a $3.200 millones de facturaci\u00f3n anual, de manera que quedar\u00edan afuera casi todas las industrias chicas. Para las medianas, la iniciativa prev\u00e9 que se las exima en tres a\u00f1os y, para las grandes, en cinco. La iniciativa ya est\u00e1 en [&hellip;]<\/p>\n","protected":false},"author":1,"featured_media":209545,"comment_status":"closed","ping_status":"closed","sticky":false,"template":"","format":"standard","meta":{"footnotes":""},"categories":[28],"tags":[],"class_list":["post-209544","post","type-post","status-publish","format-standard","has-post-thumbnail","hentry","category-economia"],"yoast_head":"<!-- This site is optimized with the Yoast SEO plugin v24.4 - https:\/\/yoast.com\/wordpress\/plugins\/seo\/ -->\n<title>Los industriales bonaerenses le pidieron a Axel Kicillof eximir al sector de Ingresos Brutos - GYS NOTICIAS |<\/title>\n<meta name=\"robots\" content=\"index, follow, max-snippet:-1, max-image-preview:large, max-video-preview:-1\" \/>\n<link rel=\"canonical\" href=\"https:\/\/gysfm.com.ar\/inicio\/los-industriales-bonaerenses-le-pidieron-a-axel-kicillof-eximir-al-sector-de-ingresos-brutos\/\" \/>\n<meta property=\"og:locale\" content=\"es_ES\" \/>\n<meta property=\"og:type\" content=\"article\" \/>\n<meta property=\"og:title\" content=\"Los industriales bonaerenses le pidieron a Axel Kicillof eximir al sector de Ingresos Brutos - GYS NOTICIAS |\" \/>\n<meta property=\"og:description\" content=\"En lo inmediato, la propuesta es que se eleve el m\u00ednimo no imponible del tributo a $3.200 millones de facturaci\u00f3n anual, de manera que quedar\u00edan afuera casi todas las industrias chicas. Para las medianas, la iniciativa prev\u00e9 que se las exima en tres a\u00f1os y, para las grandes, en cinco. La iniciativa ya est\u00e1 en [&hellip;]\" \/>\n<meta property=\"og:url\" content=\"https:\/\/gysfm.com.ar\/inicio\/los-industriales-bonaerenses-le-pidieron-a-axel-kicillof-eximir-al-sector-de-ingresos-brutos\/\" \/>\n<meta property=\"og:site_name\" content=\"GYS NOTICIAS |\" \/>\n<meta property=\"article:published_time\" content=\"2026-08-27T15:15:58+00:00\" \/>\n<meta property=\"og:image\" content=\"https:\/\/media.ambito.com\/p\/9243f742d81949fc755fd776a9f59f97\/adjuntos\/239\/imagenes\/029\/557\/0029557113\/industriales-pymes-exigen-la-pesificacion-del-precio-la-energia-y-un-congelamiento-precios-seis-meses.jpg?0000-00-00-00-00-00\" \/>\n<meta name=\"author\" content=\"admin\" \/>\n<meta name=\"twitter:card\" content=\"summary_large_image\" \/>\n<meta name=\"twitter:label1\" content=\"Escrito por\" \/>\n\t<meta name=\"twitter:data1\" content=\"admin\" \/>\n\t<meta name=\"twitter:label2\" content=\"Tiempo de lectura\" \/>\n\t<meta name=\"twitter:data2\" content=\"4 minutos\" \/>\n<script type=\"application\/ld+json\" class=\"yoast-schema-graph\">{\"@context\":\"https:\/\/schema.org\",\"@graph\":[{\"@type\":\"Article\",\"@id\":\"https:\/\/gysfm.com.ar\/inicio\/los-industriales-bonaerenses-le-pidieron-a-axel-kicillof-eximir-al-sector-de-ingresos-brutos\/#article\",\"isPartOf\":{\"@id\":\"https:\/\/gysfm.com.ar\/inicio\/los-industriales-bonaerenses-le-pidieron-a-axel-kicillof-eximir-al-sector-de-ingresos-brutos\/\"},\"author\":{\"name\":\"admin\",\"@id\":\"https:\/\/gysfm.com.ar\/inicio\/#\/schema\/person\/5bedd7ecd35cc35548d89effafa23696\"},\"headline\":\"Los industriales bonaerenses le pidieron a Axel Kicillof eximir al sector de Ingresos Brutos\",\"datePublished\":\"2026-08-27T15:15:58+00:00\",\"mainEntityOfPage\":{\"@id\":\"https:\/\/gysfm.com.ar\/inicio\/los-industriales-bonaerenses-le-pidieron-a-axel-kicillof-eximir-al-sector-de-ingresos-brutos\/\"},\"wordCount\":726,\"publisher\":{\"@id\":\"https:\/\/gysfm.com.ar\/inicio\/#organization\"},\"image\":{\"@id\":\"https:\/\/gysfm.com.ar\/inicio\/los-industriales-bonaerenses-le-pidieron-a-axel-kicillof-eximir-al-sector-de-ingresos-brutos\/#primaryimage\"},\"thumbnailUrl\":\"https:\/\/gysfm.com.ar\/inicio\/wp-content\/uploads\/2026\/08\/alejandro-gentile.jpeg\",\"articleSection\":[\"ECONOMIA\"],\"inLanguage\":\"es\"},{\"@type\":\"WebPage\",\"@id\":\"https:\/\/gysfm.com.ar\/inicio\/los-industriales-bonaerenses-le-pidieron-a-axel-kicillof-eximir-al-sector-de-ingresos-brutos\/\",\"url\":\"https:\/\/gysfm.com.ar\/inicio\/los-industriales-bonaerenses-le-pidieron-a-axel-kicillof-eximir-al-sector-de-ingresos-brutos\/\",\"name\":\"Los industriales bonaerenses le pidieron a Axel Kicillof eximir al sector de Ingresos Brutos - GYS NOTICIAS |\",\"isPartOf\":{\"@id\":\"https:\/\/gysfm.com.ar\/inicio\/#website\"},\"primaryImageOfPage\":{\"@id\":\"https:\/\/gysfm.com.ar\/inicio\/los-industriales-bonaerenses-le-pidieron-a-axel-kicillof-eximir-al-sector-de-ingresos-brutos\/#primaryimage\"},\"image\":{\"@id\":\"https:\/\/gysfm.com.ar\/inicio\/los-industriales-bonaerenses-le-pidieron-a-axel-kicillof-eximir-al-sector-de-ingresos-brutos\/#primaryimage\"},\"thumbnailUrl\":\"https:\/\/gysfm.com.ar\/inicio\/wp-content\/uploads\/2026\/08\/alejandro-gentile.jpeg\",\"datePublished\":\"2026-08-27T15:15:58+00:00\",\"breadcrumb\":{\"@id\":\"https:\/\/gysfm.com.ar\/inicio\/los-industriales-bonaerenses-le-pidieron-a-axel-kicillof-eximir-al-sector-de-ingresos-brutos\/#breadcrumb\"},\"inLanguage\":\"es\",\"potentialAction\":[{\"@type\":\"ReadAction\",\"target\":[\"https:\/\/gysfm.com.ar\/inicio\/los-industriales-bonaerenses-le-pidieron-a-axel-kicillof-eximir-al-sector-de-ingresos-brutos\/\"]}]},{\"@type\":\"ImageObject\",\"inLanguage\":\"es\",\"@id\":\"https:\/\/gysfm.com.ar\/inicio\/los-industriales-bonaerenses-le-pidieron-a-axel-kicillof-eximir-al-sector-de-ingresos-brutos\/#primaryimage\",\"url\":\"https:\/\/gysfm.com.ar\/inicio\/wp-content\/uploads\/2026\/08\/alejandro-gentile.jpeg\",\"contentUrl\":\"https:\/\/gysfm.com.ar\/inicio\/wp-content\/uploads\/2026\/08\/alejandro-gentile.jpeg\",\"width\":1200,\"height\":675},{\"@type\":\"BreadcrumbList\",\"@id\":\"https:\/\/gysfm.com.ar\/inicio\/los-industriales-bonaerenses-le-pidieron-a-axel-kicillof-eximir-al-sector-de-ingresos-brutos\/#breadcrumb\",\"itemListElement\":[{\"@type\":\"ListItem\",\"position\":1,\"name\":\"Portada\",\"item\":\"https:\/\/gysfm.com.ar\/inicio\/\"},{\"@type\":\"ListItem\",\"position\":2,\"name\":\"Los industriales bonaerenses le pidieron a Axel Kicillof eximir al sector de Ingresos Brutos\"}]},{\"@type\":\"WebSite\",\"@id\":\"https:\/\/gysfm.com.ar\/inicio\/#website\",\"url\":\"https:\/\/gysfm.com.ar\/inicio\/\",\"name\":\"GYS NOTICIAS |\",\"description\":\"DIARIO - RADIO ONLINE SAN JUAN ARGENTINA\",\"publisher\":{\"@id\":\"https:\/\/gysfm.com.ar\/inicio\/#organization\"},\"potentialAction\":[{\"@type\":\"SearchAction\",\"target\":{\"@type\":\"EntryPoint\",\"urlTemplate\":\"https:\/\/gysfm.com.ar\/inicio\/?s={search_term_string}\"},\"query-input\":{\"@type\":\"PropertyValueSpecification\",\"valueRequired\":true,\"valueName\":\"search_term_string\"}}],\"inLanguage\":\"es\"},{\"@type\":\"Organization\",\"@id\":\"https:\/\/gysfm.com.ar\/inicio\/#organization\",\"name\":\"GYS NOTICIAS |\",\"url\":\"https:\/\/gysfm.com.ar\/inicio\/\",\"logo\":{\"@type\":\"ImageObject\",\"inLanguage\":\"es\",\"@id\":\"https:\/\/gysfm.com.ar\/inicio\/#\/schema\/logo\/image\/\",\"url\":\"https:\/\/gysfm.com.ar\/inicio\/wp-content\/uploads\/2023\/07\/LOGOGYS-OK.png\",\"contentUrl\":\"https:\/\/gysfm.com.ar\/inicio\/wp-content\/uploads\/2023\/07\/LOGOGYS-OK.png\",\"width\":1170,\"height\":872,\"caption\":\"GYS NOTICIAS |\"},\"image\":{\"@id\":\"https:\/\/gysfm.com.ar\/inicio\/#\/schema\/logo\/image\/\"}},{\"@type\":\"Person\",\"@id\":\"https:\/\/gysfm.com.ar\/inicio\/#\/schema\/person\/5bedd7ecd35cc35548d89effafa23696\",\"name\":\"admin\",\"image\":{\"@type\":\"ImageObject\",\"inLanguage\":\"es\",\"@id\":\"https:\/\/gysfm.com.ar\/inicio\/#\/schema\/person\/image\/\",\"url\":\"https:\/\/secure.gravatar.com\/avatar\/c331d312b5243fb64d5ba28108a447b27c925295129a363082c9ea52c28d32c2?s=96&d=mm&r=g\",\"contentUrl\":\"https:\/\/secure.gravatar.com\/avatar\/c331d312b5243fb64d5ba28108a447b27c925295129a363082c9ea52c28d32c2?s=96&d=mm&r=g\",\"caption\":\"admin\"},\"sameAs\":[\"https:\/\/gysfm.com.ar\/inicio\"],\"url\":\"https:\/\/gysfm.com.ar\/inicio\/author\/admin\/\"}]}<\/script>\n<!-- \/ Yoast SEO plugin. -->","yoast_head_json":{"title":"Los industriales bonaerenses le pidieron a Axel Kicillof eximir al sector de Ingresos Brutos - GYS NOTICIAS |","robots":{"index":"index","follow":"follow","max-snippet":"max-snippet:-1","max-image-preview":"max-image-preview:large","max-video-preview":"max-video-preview:-1"},"canonical":"https:\/\/gysfm.com.ar\/inicio\/los-industriales-bonaerenses-le-pidieron-a-axel-kicillof-eximir-al-sector-de-ingresos-brutos\/","og_locale":"es_ES","og_type":"article","og_title":"Los industriales bonaerenses le pidieron a Axel Kicillof eximir al sector de Ingresos Brutos - GYS NOTICIAS |","og_description":"En lo inmediato, la propuesta es que se eleve el m\u00ednimo no imponible del tributo a $3.200 millones de facturaci\u00f3n anual, de manera que quedar\u00edan afuera casi todas las industrias chicas. Para las medianas, la iniciativa prev\u00e9 que se las exima en tres a\u00f1os y, para las grandes, en cinco. La iniciativa ya est\u00e1 en [&hellip;]","og_url":"https:\/\/gysfm.com.ar\/inicio\/los-industriales-bonaerenses-le-pidieron-a-axel-kicillof-eximir-al-sector-de-ingresos-brutos\/","og_site_name":"GYS NOTICIAS |","article_published_time":"2026-08-27T15:15:58+00:00","og_image":[{"url":"https:\/\/media.ambito.com\/p\/9243f742d81949fc755fd776a9f59f97\/adjuntos\/239\/imagenes\/029\/557\/0029557113\/industriales-pymes-exigen-la-pesificacion-del-precio-la-energia-y-un-congelamiento-precios-seis-meses.jpg?0000-00-00-00-00-00","type":"","width":"","height":""}],"author":"admin","twitter_card":"summary_large_image","twitter_misc":{"Escrito por":"admin","Tiempo de lectura":"4 minutos"},"schema":{"@context":"https:\/\/schema.org","@graph":[{"@type":"Article","@id":"https:\/\/gysfm.com.ar\/inicio\/los-industriales-bonaerenses-le-pidieron-a-axel-kicillof-eximir-al-sector-de-ingresos-brutos\/#article","isPartOf":{"@id":"https:\/\/gysfm.com.ar\/inicio\/los-industriales-bonaerenses-le-pidieron-a-axel-kicillof-eximir-al-sector-de-ingresos-brutos\/"},"author":{"name":"admin","@id":"https:\/\/gysfm.com.ar\/inicio\/#\/schema\/person\/5bedd7ecd35cc35548d89effafa23696"},"headline":"Los industriales bonaerenses le pidieron a Axel Kicillof eximir al sector de Ingresos Brutos","datePublished":"2026-08-27T15:15:58+00:00","mainEntityOfPage":{"@id":"https:\/\/gysfm.com.ar\/inicio\/los-industriales-bonaerenses-le-pidieron-a-axel-kicillof-eximir-al-sector-de-ingresos-brutos\/"},"wordCount":726,"publisher":{"@id":"https:\/\/gysfm.com.ar\/inicio\/#organization"},"image":{"@id":"https:\/\/gysfm.com.ar\/inicio\/los-industriales-bonaerenses-le-pidieron-a-axel-kicillof-eximir-al-sector-de-ingresos-brutos\/#primaryimage"},"thumbnailUrl":"https:\/\/gysfm.com.ar\/inicio\/wp-content\/uploads\/2026\/08\/alejandro-gentile.jpeg","articleSection":["ECONOMIA"],"inLanguage":"es"},{"@type":"WebPage","@id":"https:\/\/gysfm.com.ar\/inicio\/los-industriales-bonaerenses-le-pidieron-a-axel-kicillof-eximir-al-sector-de-ingresos-brutos\/","url":"https:\/\/gysfm.com.ar\/inicio\/los-industriales-bonaerenses-le-pidieron-a-axel-kicillof-eximir-al-sector-de-ingresos-brutos\/","name":"Los industriales bonaerenses le pidieron a Axel Kicillof eximir al sector de Ingresos Brutos - GYS NOTICIAS |","isPartOf":{"@id":"https:\/\/gysfm.com.ar\/inicio\/#website"},"primaryImageOfPage":{"@id":"https:\/\/gysfm.com.ar\/inicio\/los-industriales-bonaerenses-le-pidieron-a-axel-kicillof-eximir-al-sector-de-ingresos-brutos\/#primaryimage"},"image":{"@id":"https:\/\/gysfm.com.ar\/inicio\/los-industriales-bonaerenses-le-pidieron-a-axel-kicillof-eximir-al-sector-de-ingresos-brutos\/#primaryimage"},"thumbnailUrl":"https:\/\/gysfm.com.ar\/inicio\/wp-content\/uploads\/2026\/08\/alejandro-gentile.jpeg","datePublished":"2026-08-27T15:15:58+00:00","breadcrumb":{"@id":"https:\/\/gysfm.com.ar\/inicio\/los-industriales-bonaerenses-le-pidieron-a-axel-kicillof-eximir-al-sector-de-ingresos-brutos\/#breadcrumb"},"inLanguage":"es","potentialAction":[{"@type":"ReadAction","target":["https:\/\/gysfm.com.ar\/inicio\/los-industriales-bonaerenses-le-pidieron-a-axel-kicillof-eximir-al-sector-de-ingresos-brutos\/"]}]},{"@type":"ImageObject","inLanguage":"es","@id":"https:\/\/gysfm.com.ar\/inicio\/los-industriales-bonaerenses-le-pidieron-a-axel-kicillof-eximir-al-sector-de-ingresos-brutos\/#primaryimage","url":"https:\/\/gysfm.com.ar\/inicio\/wp-content\/uploads\/2026\/08\/alejandro-gentile.jpeg","contentUrl":"https:\/\/gysfm.com.ar\/inicio\/wp-content\/uploads\/2026\/08\/alejandro-gentile.jpeg","width":1200,"height":675},{"@type":"BreadcrumbList","@id":"https:\/\/gysfm.com.ar\/inicio\/los-industriales-bonaerenses-le-pidieron-a-axel-kicillof-eximir-al-sector-de-ingresos-brutos\/#breadcrumb","itemListElement":[{"@type":"ListItem","position":1,"name":"Portada","item":"https:\/\/gysfm.com.ar\/inicio\/"},{"@type":"ListItem","position":2,"name":"Los industriales bonaerenses le pidieron a Axel Kicillof eximir al sector de Ingresos Brutos"}]},{"@type":"WebSite","@id":"https:\/\/gysfm.com.ar\/inicio\/#website","url":"https:\/\/gysfm.com.ar\/inicio\/","name":"GYS NOTICIAS |","description":"DIARIO - RADIO ONLINE SAN JUAN ARGENTINA","publisher":{"@id":"https:\/\/gysfm.com.ar\/inicio\/#organization"},"potentialAction":[{"@type":"SearchAction","target":{"@type":"EntryPoint","urlTemplate":"https:\/\/gysfm.com.ar\/inicio\/?s={search_term_string}"},"query-input":{"@type":"PropertyValueSpecification","valueRequired":true,"valueName":"search_term_string"}}],"inLanguage":"es"},{"@type":"Organization","@id":"https:\/\/gysfm.com.ar\/inicio\/#organization","name":"GYS NOTICIAS |","url":"https:\/\/gysfm.com.ar\/inicio\/","logo":{"@type":"ImageObject","inLanguage":"es","@id":"https:\/\/gysfm.com.ar\/inicio\/#\/schema\/logo\/image\/","url":"https:\/\/gysfm.com.ar\/inicio\/wp-content\/uploads\/2023\/07\/LOGOGYS-OK.png","contentUrl":"https:\/\/gysfm.com.ar\/inicio\/wp-content\/uploads\/2023\/07\/LOGOGYS-OK.png","width":1170,"height":872,"caption":"GYS NOTICIAS |"},"image":{"@id":"https:\/\/gysfm.com.ar\/inicio\/#\/schema\/logo\/image\/"}},{"@type":"Person","@id":"https:\/\/gysfm.com.ar\/inicio\/#\/schema\/person\/5bedd7ecd35cc35548d89effafa23696","name":"admin","image":{"@type":"ImageObject","inLanguage":"es","@id":"https:\/\/gysfm.com.ar\/inicio\/#\/schema\/person\/image\/","url":"https:\/\/secure.gravatar.com\/avatar\/c331d312b5243fb64d5ba28108a447b27c925295129a363082c9ea52c28d32c2?s=96&d=mm&r=g","contentUrl":"https:\/\/secure.gravatar.com\/avatar\/c331d312b5243fb64d5ba28108a447b27c925295129a363082c9ea52c28d32c2?s=96&d=mm&r=g","caption":"admin"},"sameAs":["https:\/\/gysfm.com.ar\/inicio"],"url":"https:\/\/gysfm.com.ar\/inicio\/author\/admin\/"}]}},"_links":{"self":[{"href":"https:\/\/gysfm.com.ar\/inicio\/wp-json\/wp\/v2\/posts\/209544","targetHints":{"allow":["GET"]}}],"collection":[{"href":"https:\/\/gysfm.com.ar\/inicio\/wp-json\/wp\/v2\/posts"}],"about":[{"href":"https:\/\/gysfm.com.ar\/inicio\/wp-json\/wp\/v2\/types\/post"}],"author":[{"embeddable":true,"href":"https:\/\/gysfm.com.ar\/inicio\/wp-json\/wp\/v2\/users\/1"}],"replies":[{"embeddable":true,"href":"https:\/\/gysfm.com.ar\/inicio\/wp-json\/wp\/v2\/comments?post=209544"}],"version-history":[{"count":0,"href":"https:\/\/gysfm.com.ar\/inicio\/wp-json\/wp\/v2\/posts\/209544\/revisions"}],"wp:featuredmedia":[{"embeddable":true,"href":"https:\/\/gysfm.com.ar\/inicio\/wp-json\/wp\/v2\/media\/209545"}],"wp:attachment":[{"href":"https:\/\/gysfm.com.ar\/inicio\/wp-json\/wp\/v2\/media?parent=209544"}],"wp:term":[{"taxonomy":"category","embeddable":true,"href":"https:\/\/gysfm.com.ar\/inicio\/wp-json\/wp\/v2\/categories?post=209544"},{"taxonomy":"post_tag","embeddable":true,"href":"https:\/\/gysfm.com.ar\/inicio\/wp-json\/wp\/v2\/tags?post=209544"}],"curies":[{"name":"wp","href":"https:\/\/api.w.org\/{rel}","templated":true}]}}