{"id":209541,"date":"2026-08-27T11:44:28","date_gmt":"2026-08-27T14:44:28","guid":{"rendered":"https:\/\/gysfm.com.ar\/inicio\/madre-e-hija-ecuatorianas-fueron-detenidas-por-el-ice-en-un-hospital-tras-sufrir-un-accidente-de-auto\/"},"modified":"2026-08-27T11:44:29","modified_gmt":"2026-08-27T14:44:29","slug":"madre-e-hija-ecuatorianas-fueron-detenidas-por-el-ice-en-un-hospital-tras-sufrir-un-accidente-de-auto","status":"publish","type":"post","link":"https:\/\/gysfm.com.ar\/inicio\/madre-e-hija-ecuatorianas-fueron-detenidas-por-el-ice-en-un-hospital-tras-sufrir-un-accidente-de-auto\/","title":{"rendered":"Madre e hija ecuatorianas fueron detenidas por el ICE en un hospital tras sufrir un accidente de auto"},"content":{"rendered":"<p> <br \/>\n<\/p>\n<div>\n<p class=\"com-paragraph --s text-left\"><strong>Grace Calero<\/strong> iba con su hija conduciendo camino al trabajo cuando un auto las embisti\u00f3.<\/p>\n<p class=\"com-paragraph --s\">Calero, de 39 a\u00f1os, y su hija <strong>Giulianna Carriel<\/strong>, de 19, fueron trasladadas en una ambulancia a la unidad de urgencias de un hospital de la localidad de Kissimmee, en el <a href=\"https:\/\/www.lanacion.com.ar\/estados-unidos\/florida\/promovida-por-desantis-la-enmienda-que-florida-votara-en-noviembre-y-busca-modificar-la-ley-de-nid24082026\/\" target=\"_self\" title=\"https:\/\/www.lanacion.com.ar\/estados-unidos\/florida\/promovida-por-desantis-la-enmienda-que-florida-votara-en-noviembre-y-busca-modificar-la-ley-de-nid24082026\/\" class=\"com-link break-word\" data-mrf-recirculation=\"n_link_parrafo\">centro de Florida<\/a>, el 20 de agosto.<\/p>\n<p class=\"com-paragraph --s\">Cuando se encontraban en una de las habitaciones del hospital, <strong>la madre fue esposada y detenida por agentes<\/strong> del <a href=\"https:\/\/www.lanacion.com.ar\/estados-unidos\/texas\/noticias-del-ice-en-texas-630-mil-inmigrantes-trabajan-en-construccion-y-las-redadas-amenazan-con-nid25082026\/\" target=\"_self\" title=\"https:\/\/www.lanacion.com.ar\/estados-unidos\/texas\/noticias-del-ice-en-texas-630-mil-inmigrantes-trabajan-en-construccion-y-las-redadas-amenazan-con-nid25082026\/\" class=\"com-link break-word\" data-mrf-recirculation=\"n_link_parrafo\">Servicio de Inmigraci\u00f3n y Control de Aduanas de EE.UU. (ICE)<\/a>, mientras su hija -recostada en una cama- se aferraba a ella, como muestra un desgarrador video grabado por uno de sus familiares y ampliamente difundido en redes sociales.<\/p>\n<p class=\"com-paragraph --s\">En el video se escucha a Gia Calero, hermana de Grace, gritando desesperada, <strong>\u201c\u00a1Auxilio, por favor, auxilio!\u201d<\/strong>, e interpelando a los agentes migratorios para que <strong>le mostraran una orden de arresto<\/strong>.<\/p>\n<div class=\"content-media cursor-pointer container-center-100\">\n<section class=\"media-container relative ratio-16-9 mod-media pb-32\">\n<figure class=\"mod-video\">\n<div class=\"video-player bg-black ratio-16-9\" data-has-jwplayer=\"true\" data-video-id-jw=\"vjDjZVmG\" data-config=\"{&quot;title&quot;:&quot;Una madre e hija ecuatorianas fueron detenidas por el ICE en un hospital tras sufrir un accidente de auto&quot;,&quot;mediaId&quot;:&quot;vjDjZVmG&quot;,&quot;playerId&quot;:&quot;ih0086X3&quot;,&quot;playlist&quot;:[{&quot;mediaid&quot;:&quot;vjDjZVmG&quot;,&quot;sources&quot;:[{&quot;file&quot;:&quot;https:\/\/cdn.jwplayer.com\/manifests\/vjDjZVmG.m3u8&quot;,&quot;type&quot;:&quot;application\/vnd.apple.mpegurl&quot;},{&quot;bitrate&quot;:508336,&quot;file&quot;:&quot;https:\/\/cdn.jwplayer.com\/videos\/vjDjZVmG-kTExGaWf.mp4&quot;,&quot;filesize&quot;:4066695,&quot;framerate&quot;:60,&quot;height&quot;:320,&quot;label&quot;:&quot;180p&quot;,&quot;type&quot;:&quot;video\/mp4&quot;,&quot;width&quot;:196},{&quot;bitrate&quot;:735532,&quot;file&quot;:&quot;https:\/\/cdn.jwplayer.com\/videos\/vjDjZVmG-K8B0kybS.mp4&quot;,&quot;filesize&quot;:5884261,&quot;framerate&quot;:60,&quot;height&quot;:480,&quot;label&quot;:&quot;270p&quot;,&quot;type&quot;:&quot;video\/mp4&quot;,&quot;width&quot;:294},{&quot;bitrate&quot;:113657,&quot;file&quot;:&quot;https:\/\/cdn.jwplayer.com\/videos\/vjDjZVmG-hz5z2Tv4.m4a&quot;,&quot;filesize&quot;:909263,&quot;label&quot;:&quot;AAC Audio&quot;,&quot;type&quot;:&quot;audio\/mp4&quot;},{&quot;bitrate&quot;:1010265,&quot;file&quot;:&quot;https:\/\/cdn.jwplayer.com\/videos\/vjDjZVmG-FnZGUVnC.mp4&quot;,&quot;filesize&quot;:8082125,&quot;framerate&quot;:60,&quot;height&quot;:640,&quot;label&quot;:&quot;360p&quot;,&quot;type&quot;:&quot;video\/mp4&quot;,&quot;width&quot;:392}]}],&quot;hasAutoplay&quot;:false,&quot;autostart&quot;:true,&quot;tagsUrl&quot;:&quot;https:\/\/pubads.g.doubleclick.net\/gampad\/ads?slotname=\/133919216\/la_nacion_video\/nota\/preroll&amp;sz=640x480|400x300&amp;ciu_szs=300x250&amp;unviewed_position_start=1&amp;output=vast&amp;impl=s&amp;env=vp&amp;gdfp_req=1&amp;ad_rule=0&amp;vad_type=linear&amp;vpos=preroll&amp;cust_params=tags_nuevos%3Dte_ecuador%2Cte_estados_unidos%2Cte_ice%2Cca_estados_unidos%2Cca_el_mundo%2C%2CKWGOFLHQCVBU3MPWMWE4CS4JWY&amp;pod=3&amp;ppos=1&amp;lip=true&amp;min_ad_duration=0&amp;max_ad_duration=30000&amp;vrid=6256&amp;url=https%3A%2F%2Fwww.lanacion.com.ar%2Festados-unidos%2Funa-madre-e-hija-ecuatorianas-fueron-detenidas-por-el-ice-en-un-hospital-tras-sufrir-un-accidente-de-nid26082026%2F%3Fvariant%3DA&amp;description_url=https%3A%2F%2Fwww.lanacion.com.ar%2Festados-unidos%2Funa-madre-e-hija-ecuatorianas-fueron-detenidas-por-el-ice-en-un-hospital-tras-sufrir-un-accidente-de-nid26082026%2F%3Fvariant%3DA&amp;video_doc_id=short_onecue&amp;cmsid=496&amp;kfa=0&amp;tfcd=0&amp;correlator=1787841199393&quot;,&quot;arcSite&quot;:&quot;la-nacion-ar&quot;,&quot;duration&quot;:&quot;64000&quot;}\">\n<div id=\"facade-vjDjZVmG\" class=\"content-facade-jw relative bg-black ratio-16-9\"><picture><source media=\"(max-width: 767px)\" srcset=\"https:\/\/www.lanacion.com.ar\/resizer\/v2\/https%3A%2F%2Fcdn.jwplayer.com%2Fv2%2Fmedia%2FvjDjZVmG%2Fposter.jpg%3Fwidth%3D720?auth=1d53bc0b0242074cbd328dff7fa5524df0ff8c3a04eaeba719c7ae8aa764c58e&amp;width=480&amp;quality=70&amp;smart=false\"\/><\/picture><\/div>\n<\/div><figcaption class=\"border border-1 border-bottom border-light-300 relative px-16 py-8 min-h-36 w-100_md px-0_l mb-8 bg-white\"><span class=\"text ln-text text-16 block\">Una madre e hija ecuatorianas fueron detenidas por el ICE en un hospital tras sufrir un accidente de auto<\/span><\/figcaption><\/figure>\n<\/section>\n<\/div>\n<p class=\"com-paragraph --s\">Grace Calero fue llevada por los agentes a <strong>la c\u00e1rcel del condado de Pinellas<\/strong>, el mismo lugar al que fue trasladada su hija unas horas despu\u00e9s.<\/p>\n<p class=\"com-paragraph --s\">Familiares de las migrantes ecuatorianas afirmaron que madre e hija hab\u00edan solicitado asilo en <a href=\"https:\/\/www.lanacion.com.ar\/el-mundo\/trump-anuncio-que-estados-unidos-cesara-los-ataques-contra-iran-tras-un-acuerdo-alcanzados-por-sus-nid02082026\/\" target=\"_self\" title=\"https:\/\/www.lanacion.com.ar\/el-mundo\/trump-anuncio-que-estados-unidos-cesara-los-ataques-contra-iran-tras-un-acuerdo-alcanzados-por-sus-nid02082026\/\" class=\"com-link break-word\" data-mrf-recirculation=\"n_link_parrafo\">Estados Unidos<\/a> tras huir de Guayaquil al ser v\u00edctimas de <strong>amenazas por parte de bandas criminales<\/strong> que operan en su pa\u00eds.<\/p>\n<p class=\"com-paragraph --s\"><strong>Calero ten\u00eda autorizaci\u00f3n para trabajar<\/strong>, seg\u00fan le dijo a BBC Mundo su primo, Jonathan Bravo, quien estuvo presente en el momento de la detenci\u00f3n en el hospital y grab\u00f3 el video.<\/p>\n<p class=\"com-paragraph --s\"><strong>\u201cFue terror\u00edfico\u201d<\/strong>, se\u00f1al\u00f3 en entrevista telef\u00f3nica. Al ver que se llevaban a su madre, \u201cGiuliana tuvo <strong>un ataque de p\u00e1nico seguido de convulsiones<\/strong>\u201d, sostuvo Bravo, agregando que la joven sufr\u00eda <a href=\"https:\/\/www.lanacion.com.ar\/sociedad\/aumento-significativo-un-estudio-argentino-muestra-como-las-experiencias-negativas-en-las-redes-nid07082026\/\" target=\"_self\" title=\"https:\/\/www.lanacion.com.ar\/sociedad\/aumento-significativo-un-estudio-argentino-muestra-como-las-experiencias-negativas-en-las-redes-nid07082026\/\" class=\"com-link break-word\" data-mrf-recirculation=\"n_link_parrafo\">episodios de ansiedad<\/a> y depresi\u00f3n antes del accidente y tras la posterior detenci\u00f3n.<\/p>\n<p class=\"com-paragraph --s\"><strong>\u201cMu\u00e9streme la orden de arresto\u201d<\/strong>, se escucha decir a Bravo en ingl\u00e9s en un segundo video grabado por \u00e9l cuando los agentes sacan a la mujer del hospital y la llevan a un veh\u00edculo.<\/p>\n<div class=\"content-media\">\n<section role=\"button\" class=\"mod-media   \">\n<figure role=\"button\" tabindex=\"0\" class=\"mod-figure \"><figcaption class=\"mod-figcaption\"><span class=\"com-text --caption --twoxs\">Las ecuatorianas Grace Calero y su hija Giulianna Carriel fueron detenidas en el hospital por agentes de ICE<\/span><span class=\"com-text --credit --twoxs\">Gentileza Jonathan Bravo<\/span><\/figcaption><\/figure>\n<\/section>\n<\/div>\n<p class=\"com-paragraph --s\">Un portavoz de ICE, organismo dependiente del Departamento de Seguridad Nacional (DHS, por sus siglas en ingl\u00e9s), inform\u00f3 a BBC Mundo que el 20 de agosto el servicio migratorio emiti\u00f3 \u00f3rdenes de detenci\u00f3n contra las dos mujeres, calific\u00e1ndolas de <strong>\u201cinmigrantes ilegales de <\/strong><a href=\"https:\/\/www.lanacion.com.ar\/deportes\/futbol\/marcelo-gallardo-toma-fuerza-para-dirigir-a-ecuador-el-dt-analiza-su-futuro-nid13082026\/\" target=\"_self\" title=\"https:\/\/www.lanacion.com.ar\/deportes\/futbol\/marcelo-gallardo-toma-fuerza-para-dirigir-a-ecuador-el-dt-analiza-su-futuro-nid13082026\/\" class=\"com-link break-word\" data-mrf-recirculation=\"n_link_parrafo\">Ecuador<\/a><strong>\u201d<\/strong>, tras ser arrestadas por la Oficina del Sheriff del Condado de Polk a ra\u00edz de un accidente de tr\u00e1fico.<\/p>\n<p class=\"com-paragraph --s\">Calero ingres\u00f3 legalmente al pa\u00eds el 8 de marzo de 2023, pero \u201cpermaneci\u00f3 en el territorio <strong>m\u00e1s all\u00e1 del tiempo permitido legalmente<\/strong>\u201d, mientras que Carriel ingres\u00f3 legalmente al pa\u00eds el 8 de febrero de 2025, pero tambi\u00e9n \u201cexcedi\u00f3 el plazo de su estancia legal autorizada\u201d, agreg\u00f3.<\/p>\n<p class=\"com-paragraph --s\">\u201cAmbas permanecer\u00e1n bajo custodia de ICE a la espera de <strong>los procedimientos de expulsi\u00f3n<\/strong>\u201d, apunt\u00f3 el portavoz.<\/p>\n<p><h3 class=\"font-primary text-subheading-lg text-left container-center-100 mb-8\"><span>Deportaci\u00f3n voluntaria<\/span><\/h3>\n<\/p>\n<p class=\"com-paragraph --s\">Madre y e hija fueron trasladadas desde el hospital a la c\u00e1rcel del condado de Pinellas y tras permanecer ah\u00ed <strong>durante cuatro d\u00edas<\/strong>, quedaron bajo la custodia de ICE en un centro de detenci\u00f3n temporal de la divisi\u00f3n de Operaciones de Ejecuci\u00f3n y Remoci\u00f3n (ERO, por sus siglas en ingl\u00e9s) de la ciudad de Tampa, de acuerdo al testimonio de sus familiares.<\/p>\n<div class=\"content-media\">\n<section role=\"button\" class=\"mod-media   \">\n<figure role=\"button\" tabindex=\"0\" class=\"mod-figure \"><figcaption class=\"mod-figcaption\"><span class=\"com-text --caption --twoxs\">El accidente ocurri\u00f3 el 20 de agosto. Madre e hija fueron llevadas de emergencia a un hospital<\/span><span class=\"com-text --credit --twoxs\">Gentileza Jonathan Bravo<\/span><\/figcaption><\/figure>\n<\/section>\n<\/div>\n<p class=\"com-paragraph --s\">Bravo asegur\u00f3 que las mujeres <strong>expresaron su deseo de acogerse a la deportaci\u00f3n voluntaria <\/strong>y solicitaron regresar a su pa\u00eds de origen.<\/p>\n<p class=\"com-paragraph --s\">Gia Calero, hermana de Grace, dijo que su esperanza era que las autoridades les permitieran a sus familiares <strong>autodeportarse y no las enviaran a un pa\u00eds desconocido<\/strong>.<\/p>\n<p class=\"com-paragraph --s\">Despu\u00e9s de todo lo que vivieron, ellas no quieren ser enviadas a un centro de detenci\u00f3n de ICE, \u201cquieren volver a Ecuador\u201d, dijo el martes. \u201cEstamos desesperados.<strong> Nos dijeron que las van a poner en un vuelo, pero yo ya no s\u00e9 qu\u00e9 pensar<\/strong>\u201d, agreg\u00f3 desde Tampa.<\/p>\n<p class=\"com-paragraph --s\">Los familiares expresaron su malestar por el procedimiento empleado para detenerlas. Antes del arresto, asegur\u00f3 Bravo, un polic\u00eda del condado de Polk permaneci\u00f3 en el recinto hospitalario durante varias horas y mientras Calero recib\u00eda tratamiento m\u00e9dico, <strong>el funcionario la interrog\u00f3<\/strong>.<\/p>\n<p class=\"com-paragraph --s\">Estaba con el cuello inmovilizado y \u201cle hab\u00edan dado sedantes para calmar los dolores\u201d. En esas circunstancias, agreg\u00f3, fue realizado <strong>un interrogatorio en relaci\u00f3n a su estatus migratorio<\/strong>.<\/p>\n<p><h3 class=\"font-primary text-subheading-lg text-left container-center-100 mb-8\"><span>\u201cCumplir con las leyes\u201d<\/span><\/h3>\n<\/p>\n<p class=\"com-paragraph --s\">El hospital HCA Florida Poinciana se\u00f1al\u00f3 en un comunicado que su prioridad \u201csiempre es atender a cada paciente que llega a nuestra sala de urgencias, independientemente de su estatus migratorio\u201d, y que sus empleados se dedican a brindar una \u201catenci\u00f3n compasiva a todos los pacientes\u201d, seg\u00fan inform\u00f3 la revista <em>Newsweek<\/em>.<\/p>\n<p class=\"com-paragraph --s\">\u201cAl igual que todos los hospitales, <strong>estamos obligados a cumplir con las leyes y normativas que rigen las interacciones con miembros acreditados de las fuerzas del orden<\/strong> cuando ingresan a nuestro hospital\u201d, agregaron.<\/p>\n<div class=\"content-media\">\n<section role=\"button\" class=\"mod-media   \">\n<figure role=\"button\" tabindex=\"0\" class=\"mod-figure \"><figcaption class=\"mod-figcaption\"><span class=\"com-text --caption --twoxs\">Gia Calero, en la foto con su sobrina Giulianna Carriel, pide que le permitan a ella y a su madre regresar a Ecuador<\/span><span class=\"com-text --credit --twoxs\">Gentileza Jonathan Bravo<\/span><\/figcaption><\/figure>\n<\/section>\n<\/div>\n<p class=\"com-paragraph --s\">Seg\u00fan la Oficina del Sheriff del Condado de Polk, como parte de la investigaci\u00f3n del accidente automovil\u00edstico, agentes policiales acudieron al hospital para hablar con las ocupantes de uno de los veh\u00edculos.<\/p>\n<p class=\"com-paragraph --s\">\u201cMientras los agentes recog\u00edan informaci\u00f3n de los involucrados, se descubri\u00f3 que la conductora, originaria de Ecuador, <strong>se encontraba ilegalmente en Estados Unidos tras haber permanecido en el pa\u00eds varios a\u00f1os despu\u00e9s del vencimiento de <\/strong><a href=\"https:\/\/www.lanacion.com.ar\/el-mundo\/una-jueza-anulo-la-suspension-de-visas-impuesta-por-trump-a-75-paises-nid22082026\/\" target=\"_self\" title=\"https:\/\/www.lanacion.com.ar\/el-mundo\/una-jueza-anulo-la-suspension-de-visas-impuesta-por-trump-a-75-paises-nid22082026\/\" class=\"com-link break-word\" data-mrf-recirculation=\"n_link_parrafo\"><strong>su visa<\/strong><\/a>\u201d, se\u00f1al\u00f3 una declaraci\u00f3n obtenida por BBC Mundo.<\/p>\n<p class=\"com-paragraph --s\">Posteriormente, contin\u00faa el texto, los agentes descubrieron que la hija de la conductora, quien tambi\u00e9n hab\u00eda estado involucrada en el accidente, <strong>\u201cse encontraba en situaci\u00f3n migratoria irregular\u201d<\/strong>. ICE \u201cemiti\u00f3 \u00f3rdenes de detenci\u00f3n para ambas mujeres tras recibir el alta m\u00e9dica\u201d.<\/p>\n<p class=\"com-paragraph --s\">La familia, sin embargo, alega que a las dos mujeres <strong>nunca se les entreg\u00f3 un documento con el alta hospitalaria<\/strong> y que fueron detenidas <strong>mientras recib\u00edan tratamiento m\u00e9dico <\/strong>debido a las lesiones del accidente mientras permanec\u00edan en el interior de su habitaci\u00f3n.<\/p>\n<p class=\"com-paragraph --s\">En horas de la tarde de este martes, la familia de las migrantes inform\u00f3 a BBC Mundo que, tras solicitar la autodeportaci\u00f3n, ICE gestion\u00f3 que fueran embarcadas en vuelo. \u201cMe llamaron desde dentro del avi\u00f3n\u201d, le dijo Gia Carelo a BBC Mundo. \u201cGracias a Dios que ya se fueron\u201d.<\/p>\n<p class=\"com-paragraph --s\">Este mi\u00e9rcoles Calero le dijo a BBC Mundo que <strong>su hermana y su sobrina llegaron a Guayaquil<\/strong>.<\/p>\n<div class=\"content-media\">\n<section role=\"button\" class=\"mod-media   \">\n<figure role=\"button\" tabindex=\"0\" class=\"mod-figure \"><figcaption class=\"mod-figcaption\"><span class=\"com-text --caption --twoxs\">La madre y su hija dentro del avi\u00f3n rumbo a Ecuador. Llegaron este mi\u00e9rcoles<\/span><span class=\"com-text --credit --twoxs\">Gentileza de Gia Calero<\/span><\/figcaption><\/figure>\n<\/section>\n<\/div>\n<p><h3 class=\"font-primary text-subheading-lg text-left container-center-100 mb-8\"><span>Aumento de las detenciones<\/span><\/h3>\n<\/p>\n<p class=\"com-paragraph --s\">El pasado julio ICE <strong>arrest\u00f3 en todo EE.UU. a casi 50.000 personas<\/strong>, la cifra mensual m\u00e1s alta del segundo mandato del presidente Donald Trump, seg\u00fan inform\u00f3 este martes el Proyecto de Datos de Deportaci\u00f3n de la Universidad de California en Berkeley, tras un an\u00e1lisis de informaci\u00f3n oficial.<\/p>\n<p class=\"com-paragraph --s\"><strong>Texas y Florida son los dos estados que concentraron la mayor parte de los arrestos en julio<\/strong>. Ambos estados est\u00e1n colaborando con ICE a trav\u00e9s de programas como la Secci\u00f3n 287(g) de la Ley de Inmigraci\u00f3n y Nacionalidad, que permite que las fuerzas del orden locales y estatales operen, en esencia, como brazos de aplicaci\u00f3n de las leyes migratorias, tras recibir capacitaci\u00f3n y autorizaci\u00f3n federales.<\/p>\n<p class=\"com-paragraph --s\">La pol\u00edtica de detenciones y deportaciones migratorias impulsada por el gobierno de Trump ha ampliado su enfoque en los \u00faltimos meses, incluyendo <strong>m\u00e1s arrestos en aeropuertos y en controles de tr\u00e1nsito<\/strong>.<\/p>\n<p class=\"com-paragraph --s\">Parece que los agentes de ICE est\u00e1n trabajando de manera cada vez m\u00e1s coordinada con otras agencias gubernamentales y con las fuerzas policiales estatales y locales, como ocurri\u00f3 en el caso de las migrantes ecuatorianas tras sufrir un accidente automovil\u00edstico.<\/p>\n<div class=\"content-media\">\n<section role=\"button\" class=\"mod-media   \">\n<figure role=\"button\" tabindex=\"0\" class=\"mod-figure \"><figcaption class=\"mod-figcaption\"><span class=\"com-text --caption --twoxs\">Organizaciones sociales y abogados de inmigraci\u00f3n se\u00f1alan un aumento de las detenciones en los aeropuertos<\/span><span class=\"com-text --credit --twoxs\">Getty Images<\/span><\/figcaption><\/figure>\n<\/section>\n<\/div>\n<p class=\"com-paragraph --s\">Algunas de las personas detenidas cuentan con permisos de trabajo v\u00e1lidos y solicitudes de asilo pendientes, pero eso <strong>no es una garant\u00eda para evitar que sean detenidas por las fuerzas policiales<\/strong> en colaboraci\u00f3n con los agentes de migraci\u00f3n.<\/p>\n<p class=\"com-paragraph --s\">Los operativos se han incrementado en las \u00faltimas semanas en los aeropuertos. Organizaciones sociales y abogados de inmigraci\u00f3n atribuyen el fen\u00f3meno a un memorando de entendimiento firmado por ICE y la Administraci\u00f3n de Seguridad en el Transporte (TSA), vigente desde mayo de 2025 y que permite a ambas agencias compartir informaci\u00f3n.<\/p>\n<p class=\"com-paragraph --s\"><strong>\u201cUna autorizaci\u00f3n de trabajo o una solicitud pendiente no otorgan estatus legal en EE.UU.\u201d<\/strong>, le dijo un portavoz de ICE a BBC Mundo a comienzos de agosto.<\/p>\n<p class=\"com-paragraph --s\">Casos de personas que han sido detenidas por agentes migratorios en aeropuertos de EE.UU., tanto en mostradores de facturaci\u00f3n como en puertas de embarque, han inundado los medios y las redes sociales.<\/p>\n<p class=\"com-paragraph --s\"><em><strong>Por Cecilia Barr\u00eda <\/strong><\/em><\/p>\n<p class=\"com-paragraph --s\"><em><strong>BBC Mundo<\/strong><\/em><\/p>\n<section class=\"container-center-100 mb-40 border border-bottom border-thin border-neutral-light-700\">\n<hr\/>\n<\/section>\n<\/div>\n<p><script id=\"facebookpixel\" defer=\"\" type=\"text\/javascript\">\n        !function(f,b,e,v,n,t,s)\n        {if(f.fbq)return;n=f.fbq=function(){n.callMethod?\n        n.callMethod.apply(n,arguments):n.queue.push(arguments)};\n        if(!f._fbq)f._fbq=n;n.push=n;n.loaded=!0;n.version='2.0';\n        n.queue=[];t=b.createElement(e);t.async=!0;\n        t.src=v;s=b.getElementsByTagName(e)[0];\n        s.parentNode.insertBefore(t,s)}(window, document,'script',\n        'https:\/\/connect.facebook.net\/en_US\/fbevents.js');\n        fbq('init', '492459597522335');\n        fbq('track', 'PageView');\n    <\/script><br \/>\n<br \/><\/p>\n","protected":false},"excerpt":{"rendered":"<p>Grace Calero iba con su hija conduciendo camino al trabajo cuando un auto las embisti\u00f3. Calero, de 39 a\u00f1os, y su hija Giulianna Carriel, de 19, fueron trasladadas en una ambulancia a la unidad de urgencias de un hospital de la localidad de Kissimmee, en el centro de Florida, el 20 de agosto. Cuando se [&hellip;]<\/p>\n","protected":false},"author":2,"featured_media":209542,"comment_status":"closed","ping_status":"closed","sticky":false,"template":"","format":"standard","meta":{"footnotes":""},"categories":[26],"tags":[],"class_list":["post-209541","post","type-post","status-publish","format-standard","has-post-thumbnail","hentry","category-internacionales"],"yoast_head":"<!-- This site is optimized with the Yoast SEO plugin v24.4 - https:\/\/yoast.com\/wordpress\/plugins\/seo\/ -->\n<title>Madre e hija ecuatorianas fueron detenidas por el ICE en un hospital tras sufrir un accidente de auto - GYS NOTICIAS |<\/title>\n<meta name=\"robots\" content=\"index, follow, max-snippet:-1, max-image-preview:large, max-video-preview:-1\" \/>\n<link rel=\"canonical\" href=\"https:\/\/gysfm.com.ar\/inicio\/madre-e-hija-ecuatorianas-fueron-detenidas-por-el-ice-en-un-hospital-tras-sufrir-un-accidente-de-auto\/\" \/>\n<meta property=\"og:locale\" content=\"es_ES\" \/>\n<meta property=\"og:type\" content=\"article\" \/>\n<meta property=\"og:title\" content=\"Madre e hija ecuatorianas fueron detenidas por el ICE en un hospital tras sufrir un accidente de auto - GYS NOTICIAS |\" \/>\n<meta property=\"og:description\" content=\"Grace Calero iba con su hija conduciendo camino al trabajo cuando un auto las embisti\u00f3. Calero, de 39 a\u00f1os, y su hija Giulianna Carriel, de 19, fueron trasladadas en una ambulancia a la unidad de urgencias de un hospital de la localidad de Kissimmee, en el centro de Florida, el 20 de agosto. Cuando se [&hellip;]\" \/>\n<meta property=\"og:url\" content=\"https:\/\/gysfm.com.ar\/inicio\/madre-e-hija-ecuatorianas-fueron-detenidas-por-el-ice-en-un-hospital-tras-sufrir-un-accidente-de-auto\/\" \/>\n<meta property=\"og:site_name\" content=\"GYS NOTICIAS |\" \/>\n<meta property=\"article:published_time\" content=\"2026-08-27T14:44:28+00:00\" \/>\n<meta property=\"article:modified_time\" content=\"2026-08-27T14:44:29+00:00\" \/>\n<meta property=\"og:image\" content=\"https:\/\/gysfm.com.ar\/inicio\/wp-content\/uploads\/2026\/08\/la-madre-e-hija-ecuatorianas-que-fueron-detenidas-ZCG62XD3Y5FTBH7NCBH2CGB2VY.png\" \/>\n\t<meta property=\"og:image:width\" content=\"1200\" \/>\n\t<meta property=\"og:image:height\" content=\"800\" \/>\n\t<meta property=\"og:image:type\" content=\"image\/png\" \/>\n<meta name=\"author\" content=\"Prensa G&amp;S FM\" \/>\n<meta name=\"twitter:card\" content=\"summary_large_image\" \/>\n<meta name=\"twitter:label1\" content=\"Escrito por\" \/>\n\t<meta name=\"twitter:data1\" content=\"Prensa G&amp;S FM\" \/>\n\t<meta name=\"twitter:label2\" content=\"Tiempo de lectura\" \/>\n\t<meta name=\"twitter:data2\" content=\"8 minutos\" \/>\n<script type=\"application\/ld+json\" class=\"yoast-schema-graph\">{\"@context\":\"https:\/\/schema.org\",\"@graph\":[{\"@type\":\"Article\",\"@id\":\"https:\/\/gysfm.com.ar\/inicio\/madre-e-hija-ecuatorianas-fueron-detenidas-por-el-ice-en-un-hospital-tras-sufrir-un-accidente-de-auto\/#article\",\"isPartOf\":{\"@id\":\"https:\/\/gysfm.com.ar\/inicio\/madre-e-hija-ecuatorianas-fueron-detenidas-por-el-ice-en-un-hospital-tras-sufrir-un-accidente-de-auto\/\"},\"author\":{\"name\":\"Prensa G&amp;S FM\",\"@id\":\"https:\/\/gysfm.com.ar\/inicio\/#\/schema\/person\/3abba7593ef2ad19e1be221d54383dc5\"},\"headline\":\"Madre e hija ecuatorianas fueron detenidas por el ICE en un hospital tras sufrir un accidente de auto\",\"datePublished\":\"2026-08-27T14:44:28+00:00\",\"dateModified\":\"2026-08-27T14:44:29+00:00\",\"mainEntityOfPage\":{\"@id\":\"https:\/\/gysfm.com.ar\/inicio\/madre-e-hija-ecuatorianas-fueron-detenidas-por-el-ice-en-un-hospital-tras-sufrir-un-accidente-de-auto\/\"},\"wordCount\":1557,\"publisher\":{\"@id\":\"https:\/\/gysfm.com.ar\/inicio\/#organization\"},\"image\":{\"@id\":\"https:\/\/gysfm.com.ar\/inicio\/madre-e-hija-ecuatorianas-fueron-detenidas-por-el-ice-en-un-hospital-tras-sufrir-un-accidente-de-auto\/#primaryimage\"},\"thumbnailUrl\":\"https:\/\/gysfm.com.ar\/inicio\/wp-content\/uploads\/2026\/08\/la-madre-e-hija-ecuatorianas-que-fueron-detenidas-ZCG62XD3Y5FTBH7NCBH2CGB2VY.png\",\"articleSection\":[\"INTERNACIONALES\"],\"inLanguage\":\"es\"},{\"@type\":\"WebPage\",\"@id\":\"https:\/\/gysfm.com.ar\/inicio\/madre-e-hija-ecuatorianas-fueron-detenidas-por-el-ice-en-un-hospital-tras-sufrir-un-accidente-de-auto\/\",\"url\":\"https:\/\/gysfm.com.ar\/inicio\/madre-e-hija-ecuatorianas-fueron-detenidas-por-el-ice-en-un-hospital-tras-sufrir-un-accidente-de-auto\/\",\"name\":\"Madre e hija ecuatorianas fueron detenidas por el ICE en un hospital tras sufrir un accidente de auto - GYS NOTICIAS |\",\"isPartOf\":{\"@id\":\"https:\/\/gysfm.com.ar\/inicio\/#website\"},\"primaryImageOfPage\":{\"@id\":\"https:\/\/gysfm.com.ar\/inicio\/madre-e-hija-ecuatorianas-fueron-detenidas-por-el-ice-en-un-hospital-tras-sufrir-un-accidente-de-auto\/#primaryimage\"},\"image\":{\"@id\":\"https:\/\/gysfm.com.ar\/inicio\/madre-e-hija-ecuatorianas-fueron-detenidas-por-el-ice-en-un-hospital-tras-sufrir-un-accidente-de-auto\/#primaryimage\"},\"thumbnailUrl\":\"https:\/\/gysfm.com.ar\/inicio\/wp-content\/uploads\/2026\/08\/la-madre-e-hija-ecuatorianas-que-fueron-detenidas-ZCG62XD3Y5FTBH7NCBH2CGB2VY.png\",\"datePublished\":\"2026-08-27T14:44:28+00:00\",\"dateModified\":\"2026-08-27T14:44:29+00:00\",\"breadcrumb\":{\"@id\":\"https:\/\/gysfm.com.ar\/inicio\/madre-e-hija-ecuatorianas-fueron-detenidas-por-el-ice-en-un-hospital-tras-sufrir-un-accidente-de-auto\/#breadcrumb\"},\"inLanguage\":\"es\",\"potentialAction\":[{\"@type\":\"ReadAction\",\"target\":[\"https:\/\/gysfm.com.ar\/inicio\/madre-e-hija-ecuatorianas-fueron-detenidas-por-el-ice-en-un-hospital-tras-sufrir-un-accidente-de-auto\/\"]}]},{\"@type\":\"ImageObject\",\"inLanguage\":\"es\",\"@id\":\"https:\/\/gysfm.com.ar\/inicio\/madre-e-hija-ecuatorianas-fueron-detenidas-por-el-ice-en-un-hospital-tras-sufrir-un-accidente-de-auto\/#primaryimage\",\"url\":\"https:\/\/gysfm.com.ar\/inicio\/wp-content\/uploads\/2026\/08\/la-madre-e-hija-ecuatorianas-que-fueron-detenidas-ZCG62XD3Y5FTBH7NCBH2CGB2VY.png\",\"contentUrl\":\"https:\/\/gysfm.com.ar\/inicio\/wp-content\/uploads\/2026\/08\/la-madre-e-hija-ecuatorianas-que-fueron-detenidas-ZCG62XD3Y5FTBH7NCBH2CGB2VY.png\",\"width\":1200,\"height\":800},{\"@type\":\"BreadcrumbList\",\"@id\":\"https:\/\/gysfm.com.ar\/inicio\/madre-e-hija-ecuatorianas-fueron-detenidas-por-el-ice-en-un-hospital-tras-sufrir-un-accidente-de-auto\/#breadcrumb\",\"itemListElement\":[{\"@type\":\"ListItem\",\"position\":1,\"name\":\"Portada\",\"item\":\"https:\/\/gysfm.com.ar\/inicio\/\"},{\"@type\":\"ListItem\",\"position\":2,\"name\":\"Madre e hija ecuatorianas fueron detenidas por el ICE en un hospital tras sufrir un accidente de auto\"}]},{\"@type\":\"WebSite\",\"@id\":\"https:\/\/gysfm.com.ar\/inicio\/#website\",\"url\":\"https:\/\/gysfm.com.ar\/inicio\/\",\"name\":\"GYS NOTICIAS |\",\"description\":\"DIARIO - RADIO ONLINE SAN JUAN ARGENTINA\",\"publisher\":{\"@id\":\"https:\/\/gysfm.com.ar\/inicio\/#organization\"},\"potentialAction\":[{\"@type\":\"SearchAction\",\"target\":{\"@type\":\"EntryPoint\",\"urlTemplate\":\"https:\/\/gysfm.com.ar\/inicio\/?s={search_term_string}\"},\"query-input\":{\"@type\":\"PropertyValueSpecification\",\"valueRequired\":true,\"valueName\":\"search_term_string\"}}],\"inLanguage\":\"es\"},{\"@type\":\"Organization\",\"@id\":\"https:\/\/gysfm.com.ar\/inicio\/#organization\",\"name\":\"GYS NOTICIAS |\",\"url\":\"https:\/\/gysfm.com.ar\/inicio\/\",\"logo\":{\"@type\":\"ImageObject\",\"inLanguage\":\"es\",\"@id\":\"https:\/\/gysfm.com.ar\/inicio\/#\/schema\/logo\/image\/\",\"url\":\"https:\/\/gysfm.com.ar\/inicio\/wp-content\/uploads\/2023\/07\/LOGOGYS-OK.png\",\"contentUrl\":\"https:\/\/gysfm.com.ar\/inicio\/wp-content\/uploads\/2023\/07\/LOGOGYS-OK.png\",\"width\":1170,\"height\":872,\"caption\":\"GYS NOTICIAS |\"},\"image\":{\"@id\":\"https:\/\/gysfm.com.ar\/inicio\/#\/schema\/logo\/image\/\"}},{\"@type\":\"Person\",\"@id\":\"https:\/\/gysfm.com.ar\/inicio\/#\/schema\/person\/3abba7593ef2ad19e1be221d54383dc5\",\"name\":\"Prensa G&amp;S FM\",\"image\":{\"@type\":\"ImageObject\",\"inLanguage\":\"es\",\"@id\":\"https:\/\/gysfm.com.ar\/inicio\/#\/schema\/person\/image\/\",\"url\":\"https:\/\/secure.gravatar.com\/avatar\/096ec78df02049ab018702bb4ccedf659377fa92a26540b5247612077a0dbd29?s=96&d=mm&r=g\",\"contentUrl\":\"https:\/\/secure.gravatar.com\/avatar\/096ec78df02049ab018702bb4ccedf659377fa92a26540b5247612077a0dbd29?s=96&d=mm&r=g\",\"caption\":\"Prensa G&amp;S FM\"},\"sameAs\":[\"https:\/\/gysfm.com.ar\/\"],\"url\":\"https:\/\/gysfm.com.ar\/inicio\/author\/lucasm\/\"}]}<\/script>\n<!-- \/ Yoast SEO plugin. -->","yoast_head_json":{"title":"Madre e hija ecuatorianas fueron detenidas por el ICE en un hospital tras sufrir un accidente de auto - GYS NOTICIAS |","robots":{"index":"index","follow":"follow","max-snippet":"max-snippet:-1","max-image-preview":"max-image-preview:large","max-video-preview":"max-video-preview:-1"},"canonical":"https:\/\/gysfm.com.ar\/inicio\/madre-e-hija-ecuatorianas-fueron-detenidas-por-el-ice-en-un-hospital-tras-sufrir-un-accidente-de-auto\/","og_locale":"es_ES","og_type":"article","og_title":"Madre e hija ecuatorianas fueron detenidas por el ICE en un hospital tras sufrir un accidente de auto - GYS NOTICIAS |","og_description":"Grace Calero iba con su hija conduciendo camino al trabajo cuando un auto las embisti\u00f3. Calero, de 39 a\u00f1os, y su hija Giulianna Carriel, de 19, fueron trasladadas en una ambulancia a la unidad de urgencias de un hospital de la localidad de Kissimmee, en el centro de Florida, el 20 de agosto. Cuando se [&hellip;]","og_url":"https:\/\/gysfm.com.ar\/inicio\/madre-e-hija-ecuatorianas-fueron-detenidas-por-el-ice-en-un-hospital-tras-sufrir-un-accidente-de-auto\/","og_site_name":"GYS NOTICIAS |","article_published_time":"2026-08-27T14:44:28+00:00","article_modified_time":"2026-08-27T14:44:29+00:00","og_image":[{"width":1200,"height":800,"url":"https:\/\/gysfm.com.ar\/inicio\/wp-content\/uploads\/2026\/08\/la-madre-e-hija-ecuatorianas-que-fueron-detenidas-ZCG62XD3Y5FTBH7NCBH2CGB2VY.png","type":"image\/png"}],"author":"Prensa G&amp;S FM","twitter_card":"summary_large_image","twitter_misc":{"Escrito por":"Prensa G&amp;S FM","Tiempo de lectura":"8 minutos"},"schema":{"@context":"https:\/\/schema.org","@graph":[{"@type":"Article","@id":"https:\/\/gysfm.com.ar\/inicio\/madre-e-hija-ecuatorianas-fueron-detenidas-por-el-ice-en-un-hospital-tras-sufrir-un-accidente-de-auto\/#article","isPartOf":{"@id":"https:\/\/gysfm.com.ar\/inicio\/madre-e-hija-ecuatorianas-fueron-detenidas-por-el-ice-en-un-hospital-tras-sufrir-un-accidente-de-auto\/"},"author":{"name":"Prensa G&amp;S FM","@id":"https:\/\/gysfm.com.ar\/inicio\/#\/schema\/person\/3abba7593ef2ad19e1be221d54383dc5"},"headline":"Madre e hija ecuatorianas fueron detenidas por el ICE en un hospital tras sufrir un accidente de auto","datePublished":"2026-08-27T14:44:28+00:00","dateModified":"2026-08-27T14:44:29+00:00","mainEntityOfPage":{"@id":"https:\/\/gysfm.com.ar\/inicio\/madre-e-hija-ecuatorianas-fueron-detenidas-por-el-ice-en-un-hospital-tras-sufrir-un-accidente-de-auto\/"},"wordCount":1557,"publisher":{"@id":"https:\/\/gysfm.com.ar\/inicio\/#organization"},"image":{"@id":"https:\/\/gysfm.com.ar\/inicio\/madre-e-hija-ecuatorianas-fueron-detenidas-por-el-ice-en-un-hospital-tras-sufrir-un-accidente-de-auto\/#primaryimage"},"thumbnailUrl":"https:\/\/gysfm.com.ar\/inicio\/wp-content\/uploads\/2026\/08\/la-madre-e-hija-ecuatorianas-que-fueron-detenidas-ZCG62XD3Y5FTBH7NCBH2CGB2VY.png","articleSection":["INTERNACIONALES"],"inLanguage":"es"},{"@type":"WebPage","@id":"https:\/\/gysfm.com.ar\/inicio\/madre-e-hija-ecuatorianas-fueron-detenidas-por-el-ice-en-un-hospital-tras-sufrir-un-accidente-de-auto\/","url":"https:\/\/gysfm.com.ar\/inicio\/madre-e-hija-ecuatorianas-fueron-detenidas-por-el-ice-en-un-hospital-tras-sufrir-un-accidente-de-auto\/","name":"Madre e hija ecuatorianas fueron detenidas por el ICE en un hospital tras sufrir un accidente de auto - GYS NOTICIAS |","isPartOf":{"@id":"https:\/\/gysfm.com.ar\/inicio\/#website"},"primaryImageOfPage":{"@id":"https:\/\/gysfm.com.ar\/inicio\/madre-e-hija-ecuatorianas-fueron-detenidas-por-el-ice-en-un-hospital-tras-sufrir-un-accidente-de-auto\/#primaryimage"},"image":{"@id":"https:\/\/gysfm.com.ar\/inicio\/madre-e-hija-ecuatorianas-fueron-detenidas-por-el-ice-en-un-hospital-tras-sufrir-un-accidente-de-auto\/#primaryimage"},"thumbnailUrl":"https:\/\/gysfm.com.ar\/inicio\/wp-content\/uploads\/2026\/08\/la-madre-e-hija-ecuatorianas-que-fueron-detenidas-ZCG62XD3Y5FTBH7NCBH2CGB2VY.png","datePublished":"2026-08-27T14:44:28+00:00","dateModified":"2026-08-27T14:44:29+00:00","breadcrumb":{"@id":"https:\/\/gysfm.com.ar\/inicio\/madre-e-hija-ecuatorianas-fueron-detenidas-por-el-ice-en-un-hospital-tras-sufrir-un-accidente-de-auto\/#breadcrumb"},"inLanguage":"es","potentialAction":[{"@type":"ReadAction","target":["https:\/\/gysfm.com.ar\/inicio\/madre-e-hija-ecuatorianas-fueron-detenidas-por-el-ice-en-un-hospital-tras-sufrir-un-accidente-de-auto\/"]}]},{"@type":"ImageObject","inLanguage":"es","@id":"https:\/\/gysfm.com.ar\/inicio\/madre-e-hija-ecuatorianas-fueron-detenidas-por-el-ice-en-un-hospital-tras-sufrir-un-accidente-de-auto\/#primaryimage","url":"https:\/\/gysfm.com.ar\/inicio\/wp-content\/uploads\/2026\/08\/la-madre-e-hija-ecuatorianas-que-fueron-detenidas-ZCG62XD3Y5FTBH7NCBH2CGB2VY.png","contentUrl":"https:\/\/gysfm.com.ar\/inicio\/wp-content\/uploads\/2026\/08\/la-madre-e-hija-ecuatorianas-que-fueron-detenidas-ZCG62XD3Y5FTBH7NCBH2CGB2VY.png","width":1200,"height":800},{"@type":"BreadcrumbList","@id":"https:\/\/gysfm.com.ar\/inicio\/madre-e-hija-ecuatorianas-fueron-detenidas-por-el-ice-en-un-hospital-tras-sufrir-un-accidente-de-auto\/#breadcrumb","itemListElement":[{"@type":"ListItem","position":1,"name":"Portada","item":"https:\/\/gysfm.com.ar\/inicio\/"},{"@type":"ListItem","position":2,"name":"Madre e hija ecuatorianas fueron detenidas por el ICE en un hospital tras sufrir un accidente de auto"}]},{"@type":"WebSite","@id":"https:\/\/gysfm.com.ar\/inicio\/#website","url":"https:\/\/gysfm.com.ar\/inicio\/","name":"GYS NOTICIAS |","description":"DIARIO - RADIO ONLINE SAN JUAN ARGENTINA","publisher":{"@id":"https:\/\/gysfm.com.ar\/inicio\/#organization"},"potentialAction":[{"@type":"SearchAction","target":{"@type":"EntryPoint","urlTemplate":"https:\/\/gysfm.com.ar\/inicio\/?s={search_term_string}"},"query-input":{"@type":"PropertyValueSpecification","valueRequired":true,"valueName":"search_term_string"}}],"inLanguage":"es"},{"@type":"Organization","@id":"https:\/\/gysfm.com.ar\/inicio\/#organization","name":"GYS NOTICIAS |","url":"https:\/\/gysfm.com.ar\/inicio\/","logo":{"@type":"ImageObject","inLanguage":"es","@id":"https:\/\/gysfm.com.ar\/inicio\/#\/schema\/logo\/image\/","url":"https:\/\/gysfm.com.ar\/inicio\/wp-content\/uploads\/2023\/07\/LOGOGYS-OK.png","contentUrl":"https:\/\/gysfm.com.ar\/inicio\/wp-content\/uploads\/2023\/07\/LOGOGYS-OK.png","width":1170,"height":872,"caption":"GYS NOTICIAS |"},"image":{"@id":"https:\/\/gysfm.com.ar\/inicio\/#\/schema\/logo\/image\/"}},{"@type":"Person","@id":"https:\/\/gysfm.com.ar\/inicio\/#\/schema\/person\/3abba7593ef2ad19e1be221d54383dc5","name":"Prensa G&amp;S FM","image":{"@type":"ImageObject","inLanguage":"es","@id":"https:\/\/gysfm.com.ar\/inicio\/#\/schema\/person\/image\/","url":"https:\/\/secure.gravatar.com\/avatar\/096ec78df02049ab018702bb4ccedf659377fa92a26540b5247612077a0dbd29?s=96&d=mm&r=g","contentUrl":"https:\/\/secure.gravatar.com\/avatar\/096ec78df02049ab018702bb4ccedf659377fa92a26540b5247612077a0dbd29?s=96&d=mm&r=g","caption":"Prensa G&amp;S FM"},"sameAs":["https:\/\/gysfm.com.ar\/"],"url":"https:\/\/gysfm.com.ar\/inicio\/author\/lucasm\/"}]}},"_links":{"self":[{"href":"https:\/\/gysfm.com.ar\/inicio\/wp-json\/wp\/v2\/posts\/209541","targetHints":{"allow":["GET"]}}],"collection":[{"href":"https:\/\/gysfm.com.ar\/inicio\/wp-json\/wp\/v2\/posts"}],"about":[{"href":"https:\/\/gysfm.com.ar\/inicio\/wp-json\/wp\/v2\/types\/post"}],"author":[{"embeddable":true,"href":"https:\/\/gysfm.com.ar\/inicio\/wp-json\/wp\/v2\/users\/2"}],"replies":[{"embeddable":true,"href":"https:\/\/gysfm.com.ar\/inicio\/wp-json\/wp\/v2\/comments?post=209541"}],"version-history":[{"count":1,"href":"https:\/\/gysfm.com.ar\/inicio\/wp-json\/wp\/v2\/posts\/209541\/revisions"}],"predecessor-version":[{"id":209543,"href":"https:\/\/gysfm.com.ar\/inicio\/wp-json\/wp\/v2\/posts\/209541\/revisions\/209543"}],"wp:featuredmedia":[{"embeddable":true,"href":"https:\/\/gysfm.com.ar\/inicio\/wp-json\/wp\/v2\/media\/209542"}],"wp:attachment":[{"href":"https:\/\/gysfm.com.ar\/inicio\/wp-json\/wp\/v2\/media?parent=209541"}],"wp:term":[{"taxonomy":"category","embeddable":true,"href":"https:\/\/gysfm.com.ar\/inicio\/wp-json\/wp\/v2\/categories?post=209541"},{"taxonomy":"post_tag","embeddable":true,"href":"https:\/\/gysfm.com.ar\/inicio\/wp-json\/wp\/v2\/tags?post=209541"}],"curies":[{"name":"wp","href":"https:\/\/api.w.org\/{rel}","templated":true}]}}