{"id":209534,"date":"2026-08-27T10:42:35","date_gmt":"2026-08-27T13:42:35","guid":{"rendered":"https:\/\/gysfm.com.ar\/inicio\/insolito-error-de-una-funeraria-en-uruguay-enterraron-a-la-persona-equivocada\/"},"modified":"2026-08-27T10:42:35","modified_gmt":"2026-08-27T13:42:35","slug":"insolito-error-de-una-funeraria-en-uruguay-enterraron-a-la-persona-equivocada","status":"publish","type":"post","link":"https:\/\/gysfm.com.ar\/inicio\/insolito-error-de-una-funeraria-en-uruguay-enterraron-a-la-persona-equivocada\/","title":{"rendered":"Ins\u00f3lito error de una funeraria en Uruguay: enterraron a la persona equivocada"},"content":{"rendered":"<p> <br \/>\n<\/p>\n<div>\n<p class=\"com-paragraph --capital --s\">Una familia uruguaya realiz\u00f3 el sepelio de un familiar en el <strong>Cementerio de Maldonado<\/strong> y, horas despu\u00e9s, recibi\u00f3 una comunicaci\u00f3n que modific\u00f3 lo ocurrido: <strong>la persona sepultada no era su ser querido<\/strong>.<\/p>\n<p class=\"com-paragraph --s\">La madrastra de la v\u00edctima fue a reconocer el cuerpo. Hicieron los papeles para el servicio f\u00fanebre con una empresa, que al levantar el cuerpo en la morgue se equivoc\u00f3, seg\u00fan inform\u00f3 <em>FM Gente<\/em> y confirm\u00f3 <em>El Pa\u00eds<\/em>.<\/p>\n<p class=\"com-paragraph --s\">La familia hab\u00eda realizado todos los pasos previos al sepelio entendiendo que el cuerpo correspond\u00eda a su familiar. Sin embargo, horas despu\u00e9s se les comunic\u00f3 que se hab\u00eda producido una confusi\u00f3n y que la persona sepultada era otra. <\/p>\n<p><iframe src=\"https:\/\/www.google.com\/maps\/embed?pb=!1m18!1m12!1m3!1d22012.185695534277!2d-54.97589978250909!3d-34.903162372075265!2m3!1f0!2f0!3f0!3m2!1i1024!2i768!4f13.1!3m3!1m2!1s0x957511629ece7513%3A0x4540f8966f30df27!2sCementerio%20de%20Maldonado!5e0!3m2!1ses!2sar!4v1787772230160!5m2!1ses!2sar\" width=\"600\" height=\"450\" style=\"border:0;\" allowfullscreen=\"\" loading=\"lazy\" referrerpolicy=\"strict-origin-when-cross-origin\"><\/iframe><\/p>\n<p class=\"com-paragraph --s\"><strong>La v\u00edctima era uno de los dos j\u00f3venes que d\u00edas atr\u00e1s muri\u00f3 aplastado por un \u00e1rbol en Maldonado<\/strong>.<\/p>\n<p class=\"com-paragraph --s\">Una persona cercana a la familia se\u00f1al\u00f3 que sus integrantes se encuentran <strong>en shock y esperan explicaciones sobre c\u00f3mo pudo ocurrir la situaci\u00f3n<\/strong>.<\/p>\n<p class=\"com-paragraph --s\">El caso est\u00e1 en manos de Fiscal\u00eda y <strong>se espera que la Justicia autorice la exhumaci\u00f3n del cuerpo enterrado por error<\/strong>. Una vez que se realice ese procedimiento se podr\u00e1 hacer el sepelio correctamente.<\/p>\n<p class=\"com-paragraph --s\"><strong>Dos hombres murieron el pasado viernes 21 de agosto en Maldonado luego de que un \u00e1rbol se les cayera encima<\/strong>. El hecho ocurri\u00f3 en las cercan\u00edas de las calles Del Rodeo y De la Montura, en la zona de Parque Burnett.<\/p>\n<p class=\"com-paragraph --s\">Seg\u00fan inform\u00f3 la Jefatura de Polic\u00eda de Maldonado, sobre las 15 horas, el 911 recibi\u00f3 un aviso que alertaba sobre la presencia de dos cuerpos en un \u00e1rea de muchos \u00e1rboles en la mencionada intersecci\u00f3n.<\/p>\n<div class=\"content-media\">\n<section role=\"button\" class=\"mod-media   \">\n<figure role=\"button\" tabindex=\"0\" class=\"mod-figure \"><figcaption class=\"mod-figcaption\"><span class=\"com-text --caption --twoxs\">Dos hombres murieron el pasado viernes 21 de agosto en Maldonado luego de que un \u00e1rbol se les cayera encima<\/span><span class=\"com-text --credit --twoxs\">LA NACION &#8211; Archivo<\/span><\/figcaption><\/figure>\n<\/section>\n<\/div>\n<p class=\"com-paragraph --s\">All\u00ed, personal policial constat\u00f3 la presencia de dos hombres mayores de edad sin signos vitales y con parte de sus cuerpos con un \u00e1rbol por encima.<\/p>\n<p class=\"com-paragraph --s\">Al lugar concurrieron autoridades policiales, as\u00ed como un m\u00e9dico forense y Polic\u00eda Cient\u00edfica. Por otro lado, Fiscal\u00eda investiga el caso y <strong>contin\u00faan las actuaciones para conocer la identidad de los dos fallecidos<\/strong>.<\/p>\n<p class=\"com-paragraph --s\">En tanto, la Intendencia de Maldonado inform\u00f3 que del accidente no formaron parte las \u201ccuadrillas\u201d de la comuna que estaban realizando tareas de poda en la zona. Tampoco form\u00f3 parte del siniestro una empresa tercerizada que la intendencia contrata para realizar descopes en diferentes espacios p\u00fablicos.<\/p>\n<section class=\"container-center-100 mb-40 border border-bottom border-thin border-neutral-light-700\">\n<hr\/>\n<\/section>\n<\/div>\n<p><script id=\"facebookpixel\" defer=\"\" type=\"text\/javascript\">\n        !function(f,b,e,v,n,t,s)\n        {if(f.fbq)return;n=f.fbq=function(){n.callMethod?\n        n.callMethod.apply(n,arguments):n.queue.push(arguments)};\n        if(!f._fbq)f._fbq=n;n.push=n;n.loaded=!0;n.version='2.0';\n        n.queue=[];t=b.createElement(e);t.async=!0;\n        t.src=v;s=b.getElementsByTagName(e)[0];\n        s.parentNode.insertBefore(t,s)}(window, document,'script',\n        'https:\/\/connect.facebook.net\/en_US\/fbevents.js');\n        fbq('init', '492459597522335');\n        fbq('track', 'PageView');\n    <\/script><br \/>\n<br \/><\/p>\n","protected":false},"excerpt":{"rendered":"<p>Una familia uruguaya realiz\u00f3 el sepelio de un familiar en el Cementerio de Maldonado y, horas despu\u00e9s, recibi\u00f3 una comunicaci\u00f3n que modific\u00f3 lo ocurrido: la persona sepultada no era su ser querido. La madrastra de la v\u00edctima fue a reconocer el cuerpo. Hicieron los papeles para el servicio f\u00fanebre con una empresa, que al levantar [&hellip;]<\/p>\n","protected":false},"author":2,"featured_media":209535,"comment_status":"closed","ping_status":"closed","sticky":false,"template":"","format":"standard","meta":{"footnotes":""},"categories":[26],"tags":[],"class_list":["post-209534","post","type-post","status-publish","format-standard","has-post-thumbnail","hentry","category-internacionales"],"yoast_head":"<!-- This site is optimized with the Yoast SEO plugin v24.4 - https:\/\/yoast.com\/wordpress\/plugins\/seo\/ -->\n<title>Ins\u00f3lito error de una funeraria en Uruguay: enterraron a la persona equivocada - GYS NOTICIAS |<\/title>\n<meta name=\"robots\" content=\"index, follow, max-snippet:-1, max-image-preview:large, max-video-preview:-1\" \/>\n<link rel=\"canonical\" href=\"https:\/\/gysfm.com.ar\/inicio\/insolito-error-de-una-funeraria-en-uruguay-enterraron-a-la-persona-equivocada\/\" \/>\n<meta property=\"og:locale\" content=\"es_ES\" \/>\n<meta property=\"og:type\" content=\"article\" \/>\n<meta property=\"og:title\" content=\"Ins\u00f3lito error de una funeraria en Uruguay: enterraron a la persona equivocada - GYS NOTICIAS |\" \/>\n<meta property=\"og:description\" content=\"Una familia uruguaya realiz\u00f3 el sepelio de un familiar en el Cementerio de Maldonado y, horas despu\u00e9s, recibi\u00f3 una comunicaci\u00f3n que modific\u00f3 lo ocurrido: la persona sepultada no era su ser querido. La madrastra de la v\u00edctima fue a reconocer el cuerpo. Hicieron los papeles para el servicio f\u00fanebre con una empresa, que al levantar [&hellip;]\" \/>\n<meta property=\"og:url\" content=\"https:\/\/gysfm.com.ar\/inicio\/insolito-error-de-una-funeraria-en-uruguay-enterraron-a-la-persona-equivocada\/\" \/>\n<meta property=\"og:site_name\" content=\"GYS NOTICIAS |\" \/>\n<meta property=\"article:published_time\" content=\"2026-08-27T13:42:35+00:00\" \/>\n<meta property=\"og:image\" content=\"https:\/\/gysfm.com.ar\/inicio\/wp-content\/uploads\/2026\/08\/cementerio-de-EHEWEOQGLBHD3GMDMTOJ5LJVDQ.jpg\" \/>\n\t<meta property=\"og:image:width\" content=\"1200\" \/>\n\t<meta property=\"og:image:height\" content=\"800\" \/>\n\t<meta property=\"og:image:type\" content=\"image\/jpeg\" \/>\n<meta name=\"author\" content=\"Prensa G&amp;S FM\" \/>\n<meta name=\"twitter:card\" content=\"summary_large_image\" \/>\n<meta name=\"twitter:label1\" content=\"Escrito por\" \/>\n\t<meta name=\"twitter:data1\" content=\"Prensa G&amp;S FM\" \/>\n\t<meta name=\"twitter:label2\" content=\"Tiempo de lectura\" \/>\n\t<meta name=\"twitter:data2\" content=\"2 minutos\" \/>\n<script type=\"application\/ld+json\" class=\"yoast-schema-graph\">{\"@context\":\"https:\/\/schema.org\",\"@graph\":[{\"@type\":\"Article\",\"@id\":\"https:\/\/gysfm.com.ar\/inicio\/insolito-error-de-una-funeraria-en-uruguay-enterraron-a-la-persona-equivocada\/#article\",\"isPartOf\":{\"@id\":\"https:\/\/gysfm.com.ar\/inicio\/insolito-error-de-una-funeraria-en-uruguay-enterraron-a-la-persona-equivocada\/\"},\"author\":{\"name\":\"Prensa G&amp;S FM\",\"@id\":\"https:\/\/gysfm.com.ar\/inicio\/#\/schema\/person\/3abba7593ef2ad19e1be221d54383dc5\"},\"headline\":\"Ins\u00f3lito error de una funeraria en Uruguay: enterraron a la persona equivocada\",\"datePublished\":\"2026-08-27T13:42:35+00:00\",\"mainEntityOfPage\":{\"@id\":\"https:\/\/gysfm.com.ar\/inicio\/insolito-error-de-una-funeraria-en-uruguay-enterraron-a-la-persona-equivocada\/\"},\"wordCount\":428,\"publisher\":{\"@id\":\"https:\/\/gysfm.com.ar\/inicio\/#organization\"},\"image\":{\"@id\":\"https:\/\/gysfm.com.ar\/inicio\/insolito-error-de-una-funeraria-en-uruguay-enterraron-a-la-persona-equivocada\/#primaryimage\"},\"thumbnailUrl\":\"https:\/\/gysfm.com.ar\/inicio\/wp-content\/uploads\/2026\/08\/cementerio-de-EHEWEOQGLBHD3GMDMTOJ5LJVDQ.jpg\",\"articleSection\":[\"INTERNACIONALES\"],\"inLanguage\":\"es\"},{\"@type\":\"WebPage\",\"@id\":\"https:\/\/gysfm.com.ar\/inicio\/insolito-error-de-una-funeraria-en-uruguay-enterraron-a-la-persona-equivocada\/\",\"url\":\"https:\/\/gysfm.com.ar\/inicio\/insolito-error-de-una-funeraria-en-uruguay-enterraron-a-la-persona-equivocada\/\",\"name\":\"Ins\u00f3lito error de una funeraria en Uruguay: enterraron a la persona equivocada - GYS NOTICIAS |\",\"isPartOf\":{\"@id\":\"https:\/\/gysfm.com.ar\/inicio\/#website\"},\"primaryImageOfPage\":{\"@id\":\"https:\/\/gysfm.com.ar\/inicio\/insolito-error-de-una-funeraria-en-uruguay-enterraron-a-la-persona-equivocada\/#primaryimage\"},\"image\":{\"@id\":\"https:\/\/gysfm.com.ar\/inicio\/insolito-error-de-una-funeraria-en-uruguay-enterraron-a-la-persona-equivocada\/#primaryimage\"},\"thumbnailUrl\":\"https:\/\/gysfm.com.ar\/inicio\/wp-content\/uploads\/2026\/08\/cementerio-de-EHEWEOQGLBHD3GMDMTOJ5LJVDQ.jpg\",\"datePublished\":\"2026-08-27T13:42:35+00:00\",\"breadcrumb\":{\"@id\":\"https:\/\/gysfm.com.ar\/inicio\/insolito-error-de-una-funeraria-en-uruguay-enterraron-a-la-persona-equivocada\/#breadcrumb\"},\"inLanguage\":\"es\",\"potentialAction\":[{\"@type\":\"ReadAction\",\"target\":[\"https:\/\/gysfm.com.ar\/inicio\/insolito-error-de-una-funeraria-en-uruguay-enterraron-a-la-persona-equivocada\/\"]}]},{\"@type\":\"ImageObject\",\"inLanguage\":\"es\",\"@id\":\"https:\/\/gysfm.com.ar\/inicio\/insolito-error-de-una-funeraria-en-uruguay-enterraron-a-la-persona-equivocada\/#primaryimage\",\"url\":\"https:\/\/gysfm.com.ar\/inicio\/wp-content\/uploads\/2026\/08\/cementerio-de-EHEWEOQGLBHD3GMDMTOJ5LJVDQ.jpg\",\"contentUrl\":\"https:\/\/gysfm.com.ar\/inicio\/wp-content\/uploads\/2026\/08\/cementerio-de-EHEWEOQGLBHD3GMDMTOJ5LJVDQ.jpg\",\"width\":1200,\"height\":800},{\"@type\":\"BreadcrumbList\",\"@id\":\"https:\/\/gysfm.com.ar\/inicio\/insolito-error-de-una-funeraria-en-uruguay-enterraron-a-la-persona-equivocada\/#breadcrumb\",\"itemListElement\":[{\"@type\":\"ListItem\",\"position\":1,\"name\":\"Portada\",\"item\":\"https:\/\/gysfm.com.ar\/inicio\/\"},{\"@type\":\"ListItem\",\"position\":2,\"name\":\"Ins\u00f3lito error de una funeraria en Uruguay: enterraron a la persona equivocada\"}]},{\"@type\":\"WebSite\",\"@id\":\"https:\/\/gysfm.com.ar\/inicio\/#website\",\"url\":\"https:\/\/gysfm.com.ar\/inicio\/\",\"name\":\"GYS NOTICIAS |\",\"description\":\"DIARIO - RADIO ONLINE SAN JUAN ARGENTINA\",\"publisher\":{\"@id\":\"https:\/\/gysfm.com.ar\/inicio\/#organization\"},\"potentialAction\":[{\"@type\":\"SearchAction\",\"target\":{\"@type\":\"EntryPoint\",\"urlTemplate\":\"https:\/\/gysfm.com.ar\/inicio\/?s={search_term_string}\"},\"query-input\":{\"@type\":\"PropertyValueSpecification\",\"valueRequired\":true,\"valueName\":\"search_term_string\"}}],\"inLanguage\":\"es\"},{\"@type\":\"Organization\",\"@id\":\"https:\/\/gysfm.com.ar\/inicio\/#organization\",\"name\":\"GYS NOTICIAS |\",\"url\":\"https:\/\/gysfm.com.ar\/inicio\/\",\"logo\":{\"@type\":\"ImageObject\",\"inLanguage\":\"es\",\"@id\":\"https:\/\/gysfm.com.ar\/inicio\/#\/schema\/logo\/image\/\",\"url\":\"https:\/\/gysfm.com.ar\/inicio\/wp-content\/uploads\/2023\/07\/LOGOGYS-OK.png\",\"contentUrl\":\"https:\/\/gysfm.com.ar\/inicio\/wp-content\/uploads\/2023\/07\/LOGOGYS-OK.png\",\"width\":1170,\"height\":872,\"caption\":\"GYS NOTICIAS |\"},\"image\":{\"@id\":\"https:\/\/gysfm.com.ar\/inicio\/#\/schema\/logo\/image\/\"}},{\"@type\":\"Person\",\"@id\":\"https:\/\/gysfm.com.ar\/inicio\/#\/schema\/person\/3abba7593ef2ad19e1be221d54383dc5\",\"name\":\"Prensa G&amp;S FM\",\"image\":{\"@type\":\"ImageObject\",\"inLanguage\":\"es\",\"@id\":\"https:\/\/gysfm.com.ar\/inicio\/#\/schema\/person\/image\/\",\"url\":\"https:\/\/secure.gravatar.com\/avatar\/096ec78df02049ab018702bb4ccedf659377fa92a26540b5247612077a0dbd29?s=96&d=mm&r=g\",\"contentUrl\":\"https:\/\/secure.gravatar.com\/avatar\/096ec78df02049ab018702bb4ccedf659377fa92a26540b5247612077a0dbd29?s=96&d=mm&r=g\",\"caption\":\"Prensa G&amp;S FM\"},\"sameAs\":[\"https:\/\/gysfm.com.ar\/\"],\"url\":\"https:\/\/gysfm.com.ar\/inicio\/author\/lucasm\/\"}]}<\/script>\n<!-- \/ Yoast SEO plugin. -->","yoast_head_json":{"title":"Ins\u00f3lito error de una funeraria en Uruguay: enterraron a la persona equivocada - GYS NOTICIAS |","robots":{"index":"index","follow":"follow","max-snippet":"max-snippet:-1","max-image-preview":"max-image-preview:large","max-video-preview":"max-video-preview:-1"},"canonical":"https:\/\/gysfm.com.ar\/inicio\/insolito-error-de-una-funeraria-en-uruguay-enterraron-a-la-persona-equivocada\/","og_locale":"es_ES","og_type":"article","og_title":"Ins\u00f3lito error de una funeraria en Uruguay: enterraron a la persona equivocada - GYS NOTICIAS |","og_description":"Una familia uruguaya realiz\u00f3 el sepelio de un familiar en el Cementerio de Maldonado y, horas despu\u00e9s, recibi\u00f3 una comunicaci\u00f3n que modific\u00f3 lo ocurrido: la persona sepultada no era su ser querido. La madrastra de la v\u00edctima fue a reconocer el cuerpo. Hicieron los papeles para el servicio f\u00fanebre con una empresa, que al levantar [&hellip;]","og_url":"https:\/\/gysfm.com.ar\/inicio\/insolito-error-de-una-funeraria-en-uruguay-enterraron-a-la-persona-equivocada\/","og_site_name":"GYS NOTICIAS |","article_published_time":"2026-08-27T13:42:35+00:00","og_image":[{"width":1200,"height":800,"url":"https:\/\/gysfm.com.ar\/inicio\/wp-content\/uploads\/2026\/08\/cementerio-de-EHEWEOQGLBHD3GMDMTOJ5LJVDQ.jpg","type":"image\/jpeg"}],"author":"Prensa G&amp;S FM","twitter_card":"summary_large_image","twitter_misc":{"Escrito por":"Prensa G&amp;S FM","Tiempo de lectura":"2 minutos"},"schema":{"@context":"https:\/\/schema.org","@graph":[{"@type":"Article","@id":"https:\/\/gysfm.com.ar\/inicio\/insolito-error-de-una-funeraria-en-uruguay-enterraron-a-la-persona-equivocada\/#article","isPartOf":{"@id":"https:\/\/gysfm.com.ar\/inicio\/insolito-error-de-una-funeraria-en-uruguay-enterraron-a-la-persona-equivocada\/"},"author":{"name":"Prensa G&amp;S FM","@id":"https:\/\/gysfm.com.ar\/inicio\/#\/schema\/person\/3abba7593ef2ad19e1be221d54383dc5"},"headline":"Ins\u00f3lito error de una funeraria en Uruguay: enterraron a la persona equivocada","datePublished":"2026-08-27T13:42:35+00:00","mainEntityOfPage":{"@id":"https:\/\/gysfm.com.ar\/inicio\/insolito-error-de-una-funeraria-en-uruguay-enterraron-a-la-persona-equivocada\/"},"wordCount":428,"publisher":{"@id":"https:\/\/gysfm.com.ar\/inicio\/#organization"},"image":{"@id":"https:\/\/gysfm.com.ar\/inicio\/insolito-error-de-una-funeraria-en-uruguay-enterraron-a-la-persona-equivocada\/#primaryimage"},"thumbnailUrl":"https:\/\/gysfm.com.ar\/inicio\/wp-content\/uploads\/2026\/08\/cementerio-de-EHEWEOQGLBHD3GMDMTOJ5LJVDQ.jpg","articleSection":["INTERNACIONALES"],"inLanguage":"es"},{"@type":"WebPage","@id":"https:\/\/gysfm.com.ar\/inicio\/insolito-error-de-una-funeraria-en-uruguay-enterraron-a-la-persona-equivocada\/","url":"https:\/\/gysfm.com.ar\/inicio\/insolito-error-de-una-funeraria-en-uruguay-enterraron-a-la-persona-equivocada\/","name":"Ins\u00f3lito error de una funeraria en Uruguay: enterraron a la persona equivocada - GYS NOTICIAS |","isPartOf":{"@id":"https:\/\/gysfm.com.ar\/inicio\/#website"},"primaryImageOfPage":{"@id":"https:\/\/gysfm.com.ar\/inicio\/insolito-error-de-una-funeraria-en-uruguay-enterraron-a-la-persona-equivocada\/#primaryimage"},"image":{"@id":"https:\/\/gysfm.com.ar\/inicio\/insolito-error-de-una-funeraria-en-uruguay-enterraron-a-la-persona-equivocada\/#primaryimage"},"thumbnailUrl":"https:\/\/gysfm.com.ar\/inicio\/wp-content\/uploads\/2026\/08\/cementerio-de-EHEWEOQGLBHD3GMDMTOJ5LJVDQ.jpg","datePublished":"2026-08-27T13:42:35+00:00","breadcrumb":{"@id":"https:\/\/gysfm.com.ar\/inicio\/insolito-error-de-una-funeraria-en-uruguay-enterraron-a-la-persona-equivocada\/#breadcrumb"},"inLanguage":"es","potentialAction":[{"@type":"ReadAction","target":["https:\/\/gysfm.com.ar\/inicio\/insolito-error-de-una-funeraria-en-uruguay-enterraron-a-la-persona-equivocada\/"]}]},{"@type":"ImageObject","inLanguage":"es","@id":"https:\/\/gysfm.com.ar\/inicio\/insolito-error-de-una-funeraria-en-uruguay-enterraron-a-la-persona-equivocada\/#primaryimage","url":"https:\/\/gysfm.com.ar\/inicio\/wp-content\/uploads\/2026\/08\/cementerio-de-EHEWEOQGLBHD3GMDMTOJ5LJVDQ.jpg","contentUrl":"https:\/\/gysfm.com.ar\/inicio\/wp-content\/uploads\/2026\/08\/cementerio-de-EHEWEOQGLBHD3GMDMTOJ5LJVDQ.jpg","width":1200,"height":800},{"@type":"BreadcrumbList","@id":"https:\/\/gysfm.com.ar\/inicio\/insolito-error-de-una-funeraria-en-uruguay-enterraron-a-la-persona-equivocada\/#breadcrumb","itemListElement":[{"@type":"ListItem","position":1,"name":"Portada","item":"https:\/\/gysfm.com.ar\/inicio\/"},{"@type":"ListItem","position":2,"name":"Ins\u00f3lito error de una funeraria en Uruguay: enterraron a la persona equivocada"}]},{"@type":"WebSite","@id":"https:\/\/gysfm.com.ar\/inicio\/#website","url":"https:\/\/gysfm.com.ar\/inicio\/","name":"GYS NOTICIAS |","description":"DIARIO - RADIO ONLINE SAN JUAN ARGENTINA","publisher":{"@id":"https:\/\/gysfm.com.ar\/inicio\/#organization"},"potentialAction":[{"@type":"SearchAction","target":{"@type":"EntryPoint","urlTemplate":"https:\/\/gysfm.com.ar\/inicio\/?s={search_term_string}"},"query-input":{"@type":"PropertyValueSpecification","valueRequired":true,"valueName":"search_term_string"}}],"inLanguage":"es"},{"@type":"Organization","@id":"https:\/\/gysfm.com.ar\/inicio\/#organization","name":"GYS NOTICIAS |","url":"https:\/\/gysfm.com.ar\/inicio\/","logo":{"@type":"ImageObject","inLanguage":"es","@id":"https:\/\/gysfm.com.ar\/inicio\/#\/schema\/logo\/image\/","url":"https:\/\/gysfm.com.ar\/inicio\/wp-content\/uploads\/2023\/07\/LOGOGYS-OK.png","contentUrl":"https:\/\/gysfm.com.ar\/inicio\/wp-content\/uploads\/2023\/07\/LOGOGYS-OK.png","width":1170,"height":872,"caption":"GYS NOTICIAS |"},"image":{"@id":"https:\/\/gysfm.com.ar\/inicio\/#\/schema\/logo\/image\/"}},{"@type":"Person","@id":"https:\/\/gysfm.com.ar\/inicio\/#\/schema\/person\/3abba7593ef2ad19e1be221d54383dc5","name":"Prensa G&amp;S FM","image":{"@type":"ImageObject","inLanguage":"es","@id":"https:\/\/gysfm.com.ar\/inicio\/#\/schema\/person\/image\/","url":"https:\/\/secure.gravatar.com\/avatar\/096ec78df02049ab018702bb4ccedf659377fa92a26540b5247612077a0dbd29?s=96&d=mm&r=g","contentUrl":"https:\/\/secure.gravatar.com\/avatar\/096ec78df02049ab018702bb4ccedf659377fa92a26540b5247612077a0dbd29?s=96&d=mm&r=g","caption":"Prensa G&amp;S FM"},"sameAs":["https:\/\/gysfm.com.ar\/"],"url":"https:\/\/gysfm.com.ar\/inicio\/author\/lucasm\/"}]}},"_links":{"self":[{"href":"https:\/\/gysfm.com.ar\/inicio\/wp-json\/wp\/v2\/posts\/209534","targetHints":{"allow":["GET"]}}],"collection":[{"href":"https:\/\/gysfm.com.ar\/inicio\/wp-json\/wp\/v2\/posts"}],"about":[{"href":"https:\/\/gysfm.com.ar\/inicio\/wp-json\/wp\/v2\/types\/post"}],"author":[{"embeddable":true,"href":"https:\/\/gysfm.com.ar\/inicio\/wp-json\/wp\/v2\/users\/2"}],"replies":[{"embeddable":true,"href":"https:\/\/gysfm.com.ar\/inicio\/wp-json\/wp\/v2\/comments?post=209534"}],"version-history":[{"count":1,"href":"https:\/\/gysfm.com.ar\/inicio\/wp-json\/wp\/v2\/posts\/209534\/revisions"}],"predecessor-version":[{"id":209536,"href":"https:\/\/gysfm.com.ar\/inicio\/wp-json\/wp\/v2\/posts\/209534\/revisions\/209536"}],"wp:featuredmedia":[{"embeddable":true,"href":"https:\/\/gysfm.com.ar\/inicio\/wp-json\/wp\/v2\/media\/209535"}],"wp:attachment":[{"href":"https:\/\/gysfm.com.ar\/inicio\/wp-json\/wp\/v2\/media?parent=209534"}],"wp:term":[{"taxonomy":"category","embeddable":true,"href":"https:\/\/gysfm.com.ar\/inicio\/wp-json\/wp\/v2\/categories?post=209534"},{"taxonomy":"post_tag","embeddable":true,"href":"https:\/\/gysfm.com.ar\/inicio\/wp-json\/wp\/v2\/tags?post=209534"}],"curies":[{"name":"wp","href":"https:\/\/api.w.org\/{rel}","templated":true}]}}