{"id":209529,"date":"2026-08-27T09:40:52","date_gmt":"2026-08-27T12:40:52","guid":{"rendered":"https:\/\/gysfm.com.ar\/inicio\/un-hombre-mato-a-ocho-familiares-durante-una-cena-incendio-la-casa-y-se-quito-la-vida\/"},"modified":"2026-08-27T09:40:53","modified_gmt":"2026-08-27T12:40:53","slug":"un-hombre-mato-a-ocho-familiares-durante-una-cena-incendio-la-casa-y-se-quito-la-vida","status":"publish","type":"post","link":"https:\/\/gysfm.com.ar\/inicio\/un-hombre-mato-a-ocho-familiares-durante-una-cena-incendio-la-casa-y-se-quito-la-vida\/","title":{"rendered":"Un hombre mat\u00f3 a ocho familiares durante una cena, incendi\u00f3 la casa y se quit\u00f3 la vida"},"content":{"rendered":"<p> <br \/>\n<\/p>\n<div>\n<p class=\"com-paragraph --capital --s\">Un hombre de 44 a\u00f1os mat\u00f3 a ocho familiares \u2014entre ellos cuatro menores de edad\u2014, prendi\u00f3 fuego su casa y posteriormente se quit\u00f3 la vida en la ciudad norteamericana de Billings, Montana.<\/p>\n<p class=\"com-paragraph --s\">El atacante fue identificado como Alan Smith, de 44 a\u00f1os. De acuerdo con el relato de Brad Ireland, el exesposo de una de las v\u00edctimas a<em> The Associated Press<\/em> (<em>AP<\/em>), Smith <strong>regres\u00f3 a la casa de sus padres apenas semanas despu\u00e9s de que le pidieran que abandonara la vivienda <\/strong>y abri\u00f3 fuego contra los presentes durante una cena familiar.<\/p>\n<p class=\"com-paragraph --s\">La polic\u00eda acudi\u00f3 al lugar el domingo por la noche tras recibir reportes de un incidente. Seg\u00fan reconstrucciones preliminares, los efectivos escucharon <strong>disparos provenientes de la parte trasera<\/strong> de la casa poco antes de que la casa quedar\u00e1 envuelta en llamas. <\/p>\n<div class=\"content-media\">\n<section role=\"button\" class=\"mod-media   \">\n<figure role=\"button\" tabindex=\"0\" class=\"mod-figure \"><figcaption class=\"mod-figcaption\"><span class=\"com-text --caption --twoxs\">El crimen ocurri\u00f3 en una vivienda de Billings Montana durante una reuni\u00f3n familiar<\/span><\/figcaption><\/figure>\n<\/section>\n<\/div>\n<p class=\"com-paragraph --s\">De acuerdo con el relato de Ireland, Alan Smith hab\u00eda vivido durante a\u00f1os con <strong>sus padres antes de que le solicitaran que se mudara algunas semanas atr\u00e1s<\/strong>. El domingo regres\u00f3 de manera inesperada, coincidiendo con una cena familiar que se realizaba regularmente en la vivienda.<\/p>\n<p class=\"com-paragraph --s\">Smith irrumpi\u00f3 en la casa y dispar\u00f3 contra su abuela, sus padres, su hermana y cuatro ni\u00f1os.<strong> Luego prendi\u00f3 fuego a la casa e intent\u00f3 escapar antes de darse muerte<\/strong>. Seg\u00fan las autoridades, el sospechoso sufri\u00f3 una herida de bala autoinfligida y posteriormente falleci\u00f3.<\/p>\n<div class=\"content-media\">\n<section role=\"button\" class=\"mod-media   \">\n<figure role=\"button\" tabindex=\"0\" class=\"mod-figure \"><figcaption class=\"mod-figcaption\"><span class=\"com-text --caption --twoxs\">A la izquierda, Landon y Charlotte Ghekiere; a la derecha Owen Ireland<\/span><\/figcaption><\/figure>\n<\/section>\n<\/div>\n<p class=\"com-paragraph --s\">Entre las v\u00edctimas se encontraban <strong>Megan Ghekiere<\/strong>, exesposa de Ireland, y los dos hijos que ambos tuvieron en com\u00fan: Owen Ireland, de 13 a\u00f1os, y Chloe Ireland, de 7. Tambi\u00e9n murieron los dos hijos del actual matrimonio de Ghekiere, Landon Ghekiere, de 15 a\u00f1os, y Charlotte Ghekiere, de 12.<\/p>\n<p><h2 class=\"font-primary font-w-bold text-subheading-lg text-left container-center-100 mb-8\"><span>Qu\u00e9 se sabe sobre el asesino<\/span><\/h2>\n<\/p>\n<p class=\"com-paragraph --s\">Tras la tragedia, se supo que Alan Smith hab\u00eda asistido a la Eastern Washington University. <strong>No hab\u00eda logrado conseguir empleo y tampoco registraba antecedentes penales<\/strong>.<\/p>\n<p class=\"com-paragraph --s\"><strong>\u201cHab\u00eda muchas se\u00f1ales de alerta y mucha gente habl\u00f3\u201d<\/strong>, afirm\u00f3 Ireland. \u201cNadie escuch\u00f3\u201d, recrimin\u00f3. El familiar describi\u00f3 a Smith como un \u201cermita\u00f1o\u201d que pasaba gran parte del tiempo solo en su habitaci\u00f3n utilizando una computadora.<\/p>\n<p class=\"com-paragraph --s\">\u201cNadie sab\u00eda qu\u00e9 hac\u00eda ah\u00ed las 24 horas del d\u00eda, los 7 d\u00edas de la semana\u201d, expres\u00f3.<\/p>\n<div class=\"content-media cursor-pointer container-center-100\">\n<section class=\"media-container relative ratio-16-9 mod-media pb-32\">\n<figure class=\"mod-video\">\n<div class=\"video-player bg-black ratio-16-9\" data-has-jwplayer=\"true\" data-video-id-jw=\"LqKpp82o\" data-config=\"{&quot;title&quot;:&quot;Masacre de una familia en EEUU&quot;,&quot;mediaId&quot;:&quot;LqKpp82o&quot;,&quot;playerId&quot;:&quot;ih0086X3&quot;,&quot;playlist&quot;:[{&quot;mediaid&quot;:&quot;LqKpp82o&quot;,&quot;sources&quot;:[{&quot;file&quot;:&quot;https:\/\/cdn.jwplayer.com\/manifests\/LqKpp82o.m3u8&quot;,&quot;type&quot;:&quot;application\/vnd.apple.mpegurl&quot;},{&quot;bitrate&quot;:475061,&quot;file&quot;:&quot;https:\/\/cdn.jwplayer.com\/videos\/LqKpp82o-kTExGaWf.mp4&quot;,&quot;filesize&quot;:2612840,&quot;framerate&quot;:30,&quot;height&quot;:322,&quot;label&quot;:&quot;180p&quot;,&quot;type&quot;:&quot;video\/mp4&quot;,&quot;width&quot;:214},{&quot;bitrate&quot;:660416,&quot;file&quot;:&quot;https:\/\/cdn.jwplayer.com\/videos\/LqKpp82o-K8B0kybS.mp4&quot;,&quot;filesize&quot;:3632289,&quot;framerate&quot;:30,&quot;height&quot;:480,&quot;label&quot;:&quot;270p&quot;,&quot;type&quot;:&quot;video\/mp4&quot;,&quot;width&quot;:320},{&quot;bitrate&quot;:115526,&quot;file&quot;:&quot;https:\/\/cdn.jwplayer.com\/videos\/LqKpp82o-hz5z2Tv4.m4a&quot;,&quot;filesize&quot;:635393,&quot;label&quot;:&quot;AAC Audio&quot;,&quot;type&quot;:&quot;audio\/mp4&quot;},{&quot;bitrate&quot;:909544,&quot;file&quot;:&quot;https:\/\/cdn.jwplayer.com\/videos\/LqKpp82o-FnZGUVnC.mp4&quot;,&quot;filesize&quot;:5002494,&quot;framerate&quot;:30,&quot;height&quot;:640,&quot;label&quot;:&quot;360p&quot;,&quot;type&quot;:&quot;video\/mp4&quot;,&quot;width&quot;:426}]}],&quot;hasAutoplay&quot;:false,&quot;autostart&quot;:true,&quot;tagsUrl&quot;:&quot;https:\/\/pubads.g.doubleclick.net\/gampad\/ads?slotname=\/133919216\/la_nacion_video\/nota\/preroll&amp;sz=640x480|400x300&amp;ciu_szs=300x250&amp;unviewed_position_start=1&amp;output=vast&amp;impl=s&amp;env=vp&amp;gdfp_req=1&amp;ad_rule=0&amp;vad_type=linear&amp;vpos=preroll&amp;cust_params=tags_nuevos%3Dte_estados_unidos%2Cte_tiroteo%2Cte_suicidio_%2Cca_estados_unidos%2Cca_el_mundo%2C%2CK7OILOVKXZB6BM5UMALX5RMIBM&amp;pod=3&amp;ppos=1&amp;lip=true&amp;min_ad_duration=0&amp;max_ad_duration=30000&amp;vrid=6256&amp;url=https%3A%2F%2Fwww.lanacion.com.ar%2Festados-unidos%2Fun-hombre-mato-a-ocho-familiares-durante-una-cena-incendio-la-casa-y-se-quito-la-vida-nid26082026%2F%3Fvariant%3DA%26utm_medium%3DEchobox%26utm_source%3DTwitter%26utm_term%3DAutofeed&amp;description_url=https%3A%2F%2Fwww.lanacion.com.ar%2Festados-unidos%2Fun-hombre-mato-a-ocho-familiares-durante-una-cena-incendio-la-casa-y-se-quito-la-vida-nid26082026%2F%3Fvariant%3DA%26utm_medium%3DEchobox%26utm_source%3DTwitter%26utm_term%3DAutofeed&amp;video_doc_id=short_onecue&amp;cmsid=496&amp;kfa=0&amp;tfcd=0&amp;correlator=1787833851807&quot;,&quot;arcSite&quot;:&quot;la-nacion-ar&quot;,&quot;duration&quot;:&quot;44000&quot;}\">\n<div id=\"facade-LqKpp82o\" class=\"content-facade-jw relative bg-black ratio-16-9\"><picture><source media=\"(max-width: 767px)\" srcset=\"https:\/\/www.lanacion.com.ar\/resizer\/v2\/https%3A%2F%2Fcdn.jwplayer.com%2Fv2%2Fmedia%2FLqKpp82o%2Fposter.jpg%3Fwidth%3D720?auth=c477c8f7e87a68be17c5011ec30cca2be1050f1d2d5baab3c2c891f0bdf4a582&amp;width=480&amp;quality=70&amp;smart=false\"\/><\/picture><\/div>\n<\/div><figcaption class=\"border border-1 border-bottom border-light-300 relative px-16 py-8 min-h-36 w-100_md px-0_l mb-8 bg-white\"><span class=\"text ln-text text-16 block\">Masacre de una familia en EEUU<\/span><\/figcaption><\/figure>\n<\/section>\n<\/div>\n<p class=\"com-paragraph --s\"><strong>Jennifer Mercer<\/strong>, vecina y amiga de la familia, organiz\u00f3 una campa\u00f1a de recaudaci\u00f3n de fondos para afrontar los gastos funerarios y otros costos derivados de la tragedia. Autorizada por la familia para brindar informaci\u00f3n, asegur\u00f3 que uno de los actos m\u00e1s destacados durante el ataque fue protagonizado <strong>por Charlotte Ghekiere<\/strong>, de 12 a\u00f1os.<\/p>\n<p class=\"com-paragraph --s\">\u201cLo \u00fanico que s\u00ed sabemos que ella fue la <strong>hero\u00edna<\/strong>\u201d, afirm\u00f3 Mercer. \u201cCharlotte llam\u00f3 al 911 e intent\u00f3 salvar a su familia. Y eso es algo que la familia s\u00ed quiere que se sepa\u201d.<\/p>\n<p class=\"com-paragraph --s\">Mercer describi\u00f3 a los fallecidos como una familia muy cercana. <strong>\u201cMuy cari\u00f1osa y unida\u201d,<\/strong> se\u00f1al\u00f3. Tambi\u00e9n destac\u00f3 que los ni\u00f1os manten\u00edan una excelente relaci\u00f3n entre ellos y que los adultos hab\u00edan logrado conservar v\u00ednculos cordiales incluso despu\u00e9s de un divorcio.<\/p>\n<p class=\"com-paragraph --s\">Seg\u00fan la mujer, las v\u00edctimas representaban cuatro generaciones distintas, desde una bisabuela de m\u00e1s de 90 a\u00f1os hasta una ni\u00f1a en edad escolar.<\/p>\n<p class=\"com-paragraph --s\"><em><strong>Con informaci\u00f3n de Associated Press<\/strong><\/em><\/p>\n<section class=\"container-center-100 mb-40 border border-bottom border-thin border-neutral-light-700\">\n<hr\/>\n<\/section>\n<\/div>\n<p><script id=\"facebookpixel\" defer=\"\" type=\"text\/javascript\">\n        !function(f,b,e,v,n,t,s)\n        {if(f.fbq)return;n=f.fbq=function(){n.callMethod?\n        n.callMethod.apply(n,arguments):n.queue.push(arguments)};\n        if(!f._fbq)f._fbq=n;n.push=n;n.loaded=!0;n.version='2.0';\n        n.queue=[];t=b.createElement(e);t.async=!0;\n        t.src=v;s=b.getElementsByTagName(e)[0];\n        s.parentNode.insertBefore(t,s)}(window, document,'script',\n        'https:\/\/connect.facebook.net\/en_US\/fbevents.js');\n        fbq('init', '492459597522335');\n        fbq('track', 'PageView');\n    <\/script><br \/>\n<br \/><\/p>\n","protected":false},"excerpt":{"rendered":"<p>Un hombre de 44 a\u00f1os mat\u00f3 a ocho familiares \u2014entre ellos cuatro menores de edad\u2014, prendi\u00f3 fuego su casa y posteriormente se quit\u00f3 la vida en la ciudad norteamericana de Billings, Montana. El atacante fue identificado como Alan Smith, de 44 a\u00f1os. De acuerdo con el relato de Brad Ireland, el exesposo de una de [&hellip;]<\/p>\n","protected":false},"author":2,"featured_media":209530,"comment_status":"closed","ping_status":"closed","sticky":false,"template":"","format":"standard","meta":{"footnotes":""},"categories":[26],"tags":[],"class_list":["post-209529","post","type-post","status-publish","format-standard","has-post-thumbnail","hentry","category-internacionales"],"yoast_head":"<!-- This site is optimized with the Yoast SEO plugin v24.4 - https:\/\/yoast.com\/wordpress\/plugins\/seo\/ -->\n<title>Un hombre mat\u00f3 a ocho familiares durante una cena, incendi\u00f3 la casa y se quit\u00f3 la vida - GYS NOTICIAS |<\/title>\n<meta name=\"robots\" content=\"index, follow, max-snippet:-1, max-image-preview:large, max-video-preview:-1\" \/>\n<link rel=\"canonical\" href=\"https:\/\/gysfm.com.ar\/inicio\/un-hombre-mato-a-ocho-familiares-durante-una-cena-incendio-la-casa-y-se-quito-la-vida\/\" \/>\n<meta property=\"og:locale\" content=\"es_ES\" \/>\n<meta property=\"og:type\" content=\"article\" \/>\n<meta property=\"og:title\" content=\"Un hombre mat\u00f3 a ocho familiares durante una cena, incendi\u00f3 la casa y se quit\u00f3 la vida - GYS NOTICIAS |\" \/>\n<meta property=\"og:description\" content=\"Un hombre de 44 a\u00f1os mat\u00f3 a ocho familiares \u2014entre ellos cuatro menores de edad\u2014, prendi\u00f3 fuego su casa y posteriormente se quit\u00f3 la vida en la ciudad norteamericana de Billings, Montana. El atacante fue identificado como Alan Smith, de 44 a\u00f1os. De acuerdo con el relato de Brad Ireland, el exesposo de una de [&hellip;]\" \/>\n<meta property=\"og:url\" content=\"https:\/\/gysfm.com.ar\/inicio\/un-hombre-mato-a-ocho-familiares-durante-una-cena-incendio-la-casa-y-se-quito-la-vida\/\" \/>\n<meta property=\"og:site_name\" content=\"GYS NOTICIAS |\" \/>\n<meta property=\"article:published_time\" content=\"2026-08-27T12:40:52+00:00\" \/>\n<meta property=\"article:modified_time\" content=\"2026-08-27T12:40:53+00:00\" \/>\n<meta property=\"og:image\" content=\"https:\/\/gysfm.com.ar\/inicio\/wp-content\/uploads\/2026\/08\/la-casa-familiar-en-llamas-tras-la-masacre-CTFXQOSGPVAFNP6V3OZDQNEMV4.webp.jpeg\" \/>\n\t<meta property=\"og:image:width\" content=\"1200\" \/>\n\t<meta property=\"og:image:height\" content=\"800\" \/>\n\t<meta property=\"og:image:type\" content=\"image\/jpeg\" \/>\n<meta name=\"author\" content=\"Prensa G&amp;S FM\" \/>\n<meta name=\"twitter:card\" content=\"summary_large_image\" \/>\n<meta name=\"twitter:label1\" content=\"Escrito por\" \/>\n\t<meta name=\"twitter:data1\" content=\"Prensa G&amp;S FM\" \/>\n\t<meta name=\"twitter:label2\" content=\"Tiempo de lectura\" \/>\n\t<meta name=\"twitter:data2\" content=\"3 minutos\" \/>\n<script type=\"application\/ld+json\" class=\"yoast-schema-graph\">{\"@context\":\"https:\/\/schema.org\",\"@graph\":[{\"@type\":\"Article\",\"@id\":\"https:\/\/gysfm.com.ar\/inicio\/un-hombre-mato-a-ocho-familiares-durante-una-cena-incendio-la-casa-y-se-quito-la-vida\/#article\",\"isPartOf\":{\"@id\":\"https:\/\/gysfm.com.ar\/inicio\/un-hombre-mato-a-ocho-familiares-durante-una-cena-incendio-la-casa-y-se-quito-la-vida\/\"},\"author\":{\"name\":\"Prensa G&amp;S FM\",\"@id\":\"https:\/\/gysfm.com.ar\/inicio\/#\/schema\/person\/3abba7593ef2ad19e1be221d54383dc5\"},\"headline\":\"Un hombre mat\u00f3 a ocho familiares durante una cena, incendi\u00f3 la casa y se quit\u00f3 la vida\",\"datePublished\":\"2026-08-27T12:40:52+00:00\",\"dateModified\":\"2026-08-27T12:40:53+00:00\",\"mainEntityOfPage\":{\"@id\":\"https:\/\/gysfm.com.ar\/inicio\/un-hombre-mato-a-ocho-familiares-durante-una-cena-incendio-la-casa-y-se-quito-la-vida\/\"},\"wordCount\":595,\"publisher\":{\"@id\":\"https:\/\/gysfm.com.ar\/inicio\/#organization\"},\"image\":{\"@id\":\"https:\/\/gysfm.com.ar\/inicio\/un-hombre-mato-a-ocho-familiares-durante-una-cena-incendio-la-casa-y-se-quito-la-vida\/#primaryimage\"},\"thumbnailUrl\":\"https:\/\/gysfm.com.ar\/inicio\/wp-content\/uploads\/2026\/08\/la-casa-familiar-en-llamas-tras-la-masacre-CTFXQOSGPVAFNP6V3OZDQNEMV4.webp.jpeg\",\"articleSection\":[\"INTERNACIONALES\"],\"inLanguage\":\"es\"},{\"@type\":\"WebPage\",\"@id\":\"https:\/\/gysfm.com.ar\/inicio\/un-hombre-mato-a-ocho-familiares-durante-una-cena-incendio-la-casa-y-se-quito-la-vida\/\",\"url\":\"https:\/\/gysfm.com.ar\/inicio\/un-hombre-mato-a-ocho-familiares-durante-una-cena-incendio-la-casa-y-se-quito-la-vida\/\",\"name\":\"Un hombre mat\u00f3 a ocho familiares durante una cena, incendi\u00f3 la casa y se quit\u00f3 la vida - GYS NOTICIAS |\",\"isPartOf\":{\"@id\":\"https:\/\/gysfm.com.ar\/inicio\/#website\"},\"primaryImageOfPage\":{\"@id\":\"https:\/\/gysfm.com.ar\/inicio\/un-hombre-mato-a-ocho-familiares-durante-una-cena-incendio-la-casa-y-se-quito-la-vida\/#primaryimage\"},\"image\":{\"@id\":\"https:\/\/gysfm.com.ar\/inicio\/un-hombre-mato-a-ocho-familiares-durante-una-cena-incendio-la-casa-y-se-quito-la-vida\/#primaryimage\"},\"thumbnailUrl\":\"https:\/\/gysfm.com.ar\/inicio\/wp-content\/uploads\/2026\/08\/la-casa-familiar-en-llamas-tras-la-masacre-CTFXQOSGPVAFNP6V3OZDQNEMV4.webp.jpeg\",\"datePublished\":\"2026-08-27T12:40:52+00:00\",\"dateModified\":\"2026-08-27T12:40:53+00:00\",\"breadcrumb\":{\"@id\":\"https:\/\/gysfm.com.ar\/inicio\/un-hombre-mato-a-ocho-familiares-durante-una-cena-incendio-la-casa-y-se-quito-la-vida\/#breadcrumb\"},\"inLanguage\":\"es\",\"potentialAction\":[{\"@type\":\"ReadAction\",\"target\":[\"https:\/\/gysfm.com.ar\/inicio\/un-hombre-mato-a-ocho-familiares-durante-una-cena-incendio-la-casa-y-se-quito-la-vida\/\"]}]},{\"@type\":\"ImageObject\",\"inLanguage\":\"es\",\"@id\":\"https:\/\/gysfm.com.ar\/inicio\/un-hombre-mato-a-ocho-familiares-durante-una-cena-incendio-la-casa-y-se-quito-la-vida\/#primaryimage\",\"url\":\"https:\/\/gysfm.com.ar\/inicio\/wp-content\/uploads\/2026\/08\/la-casa-familiar-en-llamas-tras-la-masacre-CTFXQOSGPVAFNP6V3OZDQNEMV4.webp.jpeg\",\"contentUrl\":\"https:\/\/gysfm.com.ar\/inicio\/wp-content\/uploads\/2026\/08\/la-casa-familiar-en-llamas-tras-la-masacre-CTFXQOSGPVAFNP6V3OZDQNEMV4.webp.jpeg\",\"width\":1200,\"height\":800},{\"@type\":\"BreadcrumbList\",\"@id\":\"https:\/\/gysfm.com.ar\/inicio\/un-hombre-mato-a-ocho-familiares-durante-una-cena-incendio-la-casa-y-se-quito-la-vida\/#breadcrumb\",\"itemListElement\":[{\"@type\":\"ListItem\",\"position\":1,\"name\":\"Portada\",\"item\":\"https:\/\/gysfm.com.ar\/inicio\/\"},{\"@type\":\"ListItem\",\"position\":2,\"name\":\"Un hombre mat\u00f3 a ocho familiares durante una cena, incendi\u00f3 la casa y se quit\u00f3 la vida\"}]},{\"@type\":\"WebSite\",\"@id\":\"https:\/\/gysfm.com.ar\/inicio\/#website\",\"url\":\"https:\/\/gysfm.com.ar\/inicio\/\",\"name\":\"GYS NOTICIAS |\",\"description\":\"DIARIO - RADIO ONLINE SAN JUAN ARGENTINA\",\"publisher\":{\"@id\":\"https:\/\/gysfm.com.ar\/inicio\/#organization\"},\"potentialAction\":[{\"@type\":\"SearchAction\",\"target\":{\"@type\":\"EntryPoint\",\"urlTemplate\":\"https:\/\/gysfm.com.ar\/inicio\/?s={search_term_string}\"},\"query-input\":{\"@type\":\"PropertyValueSpecification\",\"valueRequired\":true,\"valueName\":\"search_term_string\"}}],\"inLanguage\":\"es\"},{\"@type\":\"Organization\",\"@id\":\"https:\/\/gysfm.com.ar\/inicio\/#organization\",\"name\":\"GYS NOTICIAS |\",\"url\":\"https:\/\/gysfm.com.ar\/inicio\/\",\"logo\":{\"@type\":\"ImageObject\",\"inLanguage\":\"es\",\"@id\":\"https:\/\/gysfm.com.ar\/inicio\/#\/schema\/logo\/image\/\",\"url\":\"https:\/\/gysfm.com.ar\/inicio\/wp-content\/uploads\/2023\/07\/LOGOGYS-OK.png\",\"contentUrl\":\"https:\/\/gysfm.com.ar\/inicio\/wp-content\/uploads\/2023\/07\/LOGOGYS-OK.png\",\"width\":1170,\"height\":872,\"caption\":\"GYS NOTICIAS |\"},\"image\":{\"@id\":\"https:\/\/gysfm.com.ar\/inicio\/#\/schema\/logo\/image\/\"}},{\"@type\":\"Person\",\"@id\":\"https:\/\/gysfm.com.ar\/inicio\/#\/schema\/person\/3abba7593ef2ad19e1be221d54383dc5\",\"name\":\"Prensa G&amp;S FM\",\"image\":{\"@type\":\"ImageObject\",\"inLanguage\":\"es\",\"@id\":\"https:\/\/gysfm.com.ar\/inicio\/#\/schema\/person\/image\/\",\"url\":\"https:\/\/secure.gravatar.com\/avatar\/096ec78df02049ab018702bb4ccedf659377fa92a26540b5247612077a0dbd29?s=96&d=mm&r=g\",\"contentUrl\":\"https:\/\/secure.gravatar.com\/avatar\/096ec78df02049ab018702bb4ccedf659377fa92a26540b5247612077a0dbd29?s=96&d=mm&r=g\",\"caption\":\"Prensa G&amp;S FM\"},\"sameAs\":[\"https:\/\/gysfm.com.ar\/\"],\"url\":\"https:\/\/gysfm.com.ar\/inicio\/author\/lucasm\/\"}]}<\/script>\n<!-- \/ Yoast SEO plugin. -->","yoast_head_json":{"title":"Un hombre mat\u00f3 a ocho familiares durante una cena, incendi\u00f3 la casa y se quit\u00f3 la vida - GYS NOTICIAS |","robots":{"index":"index","follow":"follow","max-snippet":"max-snippet:-1","max-image-preview":"max-image-preview:large","max-video-preview":"max-video-preview:-1"},"canonical":"https:\/\/gysfm.com.ar\/inicio\/un-hombre-mato-a-ocho-familiares-durante-una-cena-incendio-la-casa-y-se-quito-la-vida\/","og_locale":"es_ES","og_type":"article","og_title":"Un hombre mat\u00f3 a ocho familiares durante una cena, incendi\u00f3 la casa y se quit\u00f3 la vida - GYS NOTICIAS |","og_description":"Un hombre de 44 a\u00f1os mat\u00f3 a ocho familiares \u2014entre ellos cuatro menores de edad\u2014, prendi\u00f3 fuego su casa y posteriormente se quit\u00f3 la vida en la ciudad norteamericana de Billings, Montana. El atacante fue identificado como Alan Smith, de 44 a\u00f1os. De acuerdo con el relato de Brad Ireland, el exesposo de una de [&hellip;]","og_url":"https:\/\/gysfm.com.ar\/inicio\/un-hombre-mato-a-ocho-familiares-durante-una-cena-incendio-la-casa-y-se-quito-la-vida\/","og_site_name":"GYS NOTICIAS |","article_published_time":"2026-08-27T12:40:52+00:00","article_modified_time":"2026-08-27T12:40:53+00:00","og_image":[{"width":1200,"height":800,"url":"https:\/\/gysfm.com.ar\/inicio\/wp-content\/uploads\/2026\/08\/la-casa-familiar-en-llamas-tras-la-masacre-CTFXQOSGPVAFNP6V3OZDQNEMV4.webp.jpeg","type":"image\/jpeg"}],"author":"Prensa G&amp;S FM","twitter_card":"summary_large_image","twitter_misc":{"Escrito por":"Prensa G&amp;S FM","Tiempo de lectura":"3 minutos"},"schema":{"@context":"https:\/\/schema.org","@graph":[{"@type":"Article","@id":"https:\/\/gysfm.com.ar\/inicio\/un-hombre-mato-a-ocho-familiares-durante-una-cena-incendio-la-casa-y-se-quito-la-vida\/#article","isPartOf":{"@id":"https:\/\/gysfm.com.ar\/inicio\/un-hombre-mato-a-ocho-familiares-durante-una-cena-incendio-la-casa-y-se-quito-la-vida\/"},"author":{"name":"Prensa G&amp;S FM","@id":"https:\/\/gysfm.com.ar\/inicio\/#\/schema\/person\/3abba7593ef2ad19e1be221d54383dc5"},"headline":"Un hombre mat\u00f3 a ocho familiares durante una cena, incendi\u00f3 la casa y se quit\u00f3 la vida","datePublished":"2026-08-27T12:40:52+00:00","dateModified":"2026-08-27T12:40:53+00:00","mainEntityOfPage":{"@id":"https:\/\/gysfm.com.ar\/inicio\/un-hombre-mato-a-ocho-familiares-durante-una-cena-incendio-la-casa-y-se-quito-la-vida\/"},"wordCount":595,"publisher":{"@id":"https:\/\/gysfm.com.ar\/inicio\/#organization"},"image":{"@id":"https:\/\/gysfm.com.ar\/inicio\/un-hombre-mato-a-ocho-familiares-durante-una-cena-incendio-la-casa-y-se-quito-la-vida\/#primaryimage"},"thumbnailUrl":"https:\/\/gysfm.com.ar\/inicio\/wp-content\/uploads\/2026\/08\/la-casa-familiar-en-llamas-tras-la-masacre-CTFXQOSGPVAFNP6V3OZDQNEMV4.webp.jpeg","articleSection":["INTERNACIONALES"],"inLanguage":"es"},{"@type":"WebPage","@id":"https:\/\/gysfm.com.ar\/inicio\/un-hombre-mato-a-ocho-familiares-durante-una-cena-incendio-la-casa-y-se-quito-la-vida\/","url":"https:\/\/gysfm.com.ar\/inicio\/un-hombre-mato-a-ocho-familiares-durante-una-cena-incendio-la-casa-y-se-quito-la-vida\/","name":"Un hombre mat\u00f3 a ocho familiares durante una cena, incendi\u00f3 la casa y se quit\u00f3 la vida - GYS NOTICIAS |","isPartOf":{"@id":"https:\/\/gysfm.com.ar\/inicio\/#website"},"primaryImageOfPage":{"@id":"https:\/\/gysfm.com.ar\/inicio\/un-hombre-mato-a-ocho-familiares-durante-una-cena-incendio-la-casa-y-se-quito-la-vida\/#primaryimage"},"image":{"@id":"https:\/\/gysfm.com.ar\/inicio\/un-hombre-mato-a-ocho-familiares-durante-una-cena-incendio-la-casa-y-se-quito-la-vida\/#primaryimage"},"thumbnailUrl":"https:\/\/gysfm.com.ar\/inicio\/wp-content\/uploads\/2026\/08\/la-casa-familiar-en-llamas-tras-la-masacre-CTFXQOSGPVAFNP6V3OZDQNEMV4.webp.jpeg","datePublished":"2026-08-27T12:40:52+00:00","dateModified":"2026-08-27T12:40:53+00:00","breadcrumb":{"@id":"https:\/\/gysfm.com.ar\/inicio\/un-hombre-mato-a-ocho-familiares-durante-una-cena-incendio-la-casa-y-se-quito-la-vida\/#breadcrumb"},"inLanguage":"es","potentialAction":[{"@type":"ReadAction","target":["https:\/\/gysfm.com.ar\/inicio\/un-hombre-mato-a-ocho-familiares-durante-una-cena-incendio-la-casa-y-se-quito-la-vida\/"]}]},{"@type":"ImageObject","inLanguage":"es","@id":"https:\/\/gysfm.com.ar\/inicio\/un-hombre-mato-a-ocho-familiares-durante-una-cena-incendio-la-casa-y-se-quito-la-vida\/#primaryimage","url":"https:\/\/gysfm.com.ar\/inicio\/wp-content\/uploads\/2026\/08\/la-casa-familiar-en-llamas-tras-la-masacre-CTFXQOSGPVAFNP6V3OZDQNEMV4.webp.jpeg","contentUrl":"https:\/\/gysfm.com.ar\/inicio\/wp-content\/uploads\/2026\/08\/la-casa-familiar-en-llamas-tras-la-masacre-CTFXQOSGPVAFNP6V3OZDQNEMV4.webp.jpeg","width":1200,"height":800},{"@type":"BreadcrumbList","@id":"https:\/\/gysfm.com.ar\/inicio\/un-hombre-mato-a-ocho-familiares-durante-una-cena-incendio-la-casa-y-se-quito-la-vida\/#breadcrumb","itemListElement":[{"@type":"ListItem","position":1,"name":"Portada","item":"https:\/\/gysfm.com.ar\/inicio\/"},{"@type":"ListItem","position":2,"name":"Un hombre mat\u00f3 a ocho familiares durante una cena, incendi\u00f3 la casa y se quit\u00f3 la vida"}]},{"@type":"WebSite","@id":"https:\/\/gysfm.com.ar\/inicio\/#website","url":"https:\/\/gysfm.com.ar\/inicio\/","name":"GYS NOTICIAS |","description":"DIARIO - RADIO ONLINE SAN JUAN ARGENTINA","publisher":{"@id":"https:\/\/gysfm.com.ar\/inicio\/#organization"},"potentialAction":[{"@type":"SearchAction","target":{"@type":"EntryPoint","urlTemplate":"https:\/\/gysfm.com.ar\/inicio\/?s={search_term_string}"},"query-input":{"@type":"PropertyValueSpecification","valueRequired":true,"valueName":"search_term_string"}}],"inLanguage":"es"},{"@type":"Organization","@id":"https:\/\/gysfm.com.ar\/inicio\/#organization","name":"GYS NOTICIAS |","url":"https:\/\/gysfm.com.ar\/inicio\/","logo":{"@type":"ImageObject","inLanguage":"es","@id":"https:\/\/gysfm.com.ar\/inicio\/#\/schema\/logo\/image\/","url":"https:\/\/gysfm.com.ar\/inicio\/wp-content\/uploads\/2023\/07\/LOGOGYS-OK.png","contentUrl":"https:\/\/gysfm.com.ar\/inicio\/wp-content\/uploads\/2023\/07\/LOGOGYS-OK.png","width":1170,"height":872,"caption":"GYS NOTICIAS |"},"image":{"@id":"https:\/\/gysfm.com.ar\/inicio\/#\/schema\/logo\/image\/"}},{"@type":"Person","@id":"https:\/\/gysfm.com.ar\/inicio\/#\/schema\/person\/3abba7593ef2ad19e1be221d54383dc5","name":"Prensa G&amp;S FM","image":{"@type":"ImageObject","inLanguage":"es","@id":"https:\/\/gysfm.com.ar\/inicio\/#\/schema\/person\/image\/","url":"https:\/\/secure.gravatar.com\/avatar\/096ec78df02049ab018702bb4ccedf659377fa92a26540b5247612077a0dbd29?s=96&d=mm&r=g","contentUrl":"https:\/\/secure.gravatar.com\/avatar\/096ec78df02049ab018702bb4ccedf659377fa92a26540b5247612077a0dbd29?s=96&d=mm&r=g","caption":"Prensa G&amp;S FM"},"sameAs":["https:\/\/gysfm.com.ar\/"],"url":"https:\/\/gysfm.com.ar\/inicio\/author\/lucasm\/"}]}},"_links":{"self":[{"href":"https:\/\/gysfm.com.ar\/inicio\/wp-json\/wp\/v2\/posts\/209529","targetHints":{"allow":["GET"]}}],"collection":[{"href":"https:\/\/gysfm.com.ar\/inicio\/wp-json\/wp\/v2\/posts"}],"about":[{"href":"https:\/\/gysfm.com.ar\/inicio\/wp-json\/wp\/v2\/types\/post"}],"author":[{"embeddable":true,"href":"https:\/\/gysfm.com.ar\/inicio\/wp-json\/wp\/v2\/users\/2"}],"replies":[{"embeddable":true,"href":"https:\/\/gysfm.com.ar\/inicio\/wp-json\/wp\/v2\/comments?post=209529"}],"version-history":[{"count":1,"href":"https:\/\/gysfm.com.ar\/inicio\/wp-json\/wp\/v2\/posts\/209529\/revisions"}],"predecessor-version":[{"id":209531,"href":"https:\/\/gysfm.com.ar\/inicio\/wp-json\/wp\/v2\/posts\/209529\/revisions\/209531"}],"wp:featuredmedia":[{"embeddable":true,"href":"https:\/\/gysfm.com.ar\/inicio\/wp-json\/wp\/v2\/media\/209530"}],"wp:attachment":[{"href":"https:\/\/gysfm.com.ar\/inicio\/wp-json\/wp\/v2\/media?parent=209529"}],"wp:term":[{"taxonomy":"category","embeddable":true,"href":"https:\/\/gysfm.com.ar\/inicio\/wp-json\/wp\/v2\/categories?post=209529"},{"taxonomy":"post_tag","embeddable":true,"href":"https:\/\/gysfm.com.ar\/inicio\/wp-json\/wp\/v2\/tags?post=209529"}],"curies":[{"name":"wp","href":"https:\/\/api.w.org\/{rel}","templated":true}]}}