{"id":209522,"date":"2026-08-27T08:07:46","date_gmt":"2026-08-27T11:07:46","guid":{"rendered":"https:\/\/gysfm.com.ar\/inicio\/bancos-respaldan-el-plan-oficial-que-busca-atacar-el-talon-de-aquiles-del-uva-bajaran-las-tasas\/"},"modified":"2026-08-27T08:07:46","modified_gmt":"2026-08-27T11:07:46","slug":"bancos-respaldan-el-plan-oficial-que-busca-atacar-el-talon-de-aquiles-del-uva-bajaran-las-tasas","status":"publish","type":"post","link":"https:\/\/gysfm.com.ar\/inicio\/bancos-respaldan-el-plan-oficial-que-busca-atacar-el-talon-de-aquiles-del-uva-bajaran-las-tasas\/","title":{"rendered":"bancos respaldan el plan oficial, que busca atacar el tal\u00f3n de Aquiles del UVA, \u00bfbajar\u00e1n las tasas?"},"content":{"rendered":"<p> <br \/>\n<\/p>\n<div id=\"\">\n<div contenteditable=\"false\" class=\"embed_cont type_imagen\" id=\"8270065-Libre-323550564_wrap\">\n<div id=\"8270065-Libre-323550564_content\" class=\"embed_content\"><img src=\"https:\/\/media.ambito.com\/p\/6157138f8b28acbe92a0cee50a2b7845\/adjuntos\/239\/imagenes\/043\/605\/0043605872\/730x0\/smart\/creditos-hip-1.jpeg\" decoding=\"async\" fetchpriority=\"low\" loading=\"lazy\" alt=\"\" title=\"\" width=\"730\" height=\"undefined\" id=\"8270065-Libre-323550564_embed\"\/><\/div><\/div>\n<p id=\"p-1787781242702-58216\">Consultado por <strong>\u00c1mbito, <\/strong>Claudio Cesario, presidente de la Asociaci\u00f3n de Bancos de la Argentina (ABA) -que re\u00fane a bancos privados de capital extranjero- sostuvo que el anuncio \u201ccontribuye a que las entidades contin\u00faen ofreciendo cr\u00e9ditos hipotecarios\u201d. Y destac\u00f3 el mecanismo de subastas por su transparencia y competencia entre bancos.<strong> \u201cEra muy importante que se contribuyera al fondeo de estos cr\u00e9ditos porque son a muy largo plazo, y este es un buen mecanismo que apunta a bajar el riesgo de descalce de plazos\u201d,<\/strong> se\u00f1al\u00f3 Cesario. El descalce se produce porque los bancos captan dep\u00f3sitos, en general, a plazos mucho m\u00e1s cortos (30, 60 y a 90 d\u00edas como mucho) que los de una hipoteca.<\/p>\n<p id=\"p-1787790956783-25559\" class=\"\" data-start=\"0\" data-end=\"489\">Por su parte, desde la <strong data-start=\"23\" data-end=\"66\">Asociaci\u00f3n de Bancos Argentinos (ADEBA)<\/strong>, que agrupa a la banca privada nacional, tambi\u00e9n evaluaron positivamente el programa. Ante una consulta de este medio, remarcaron que <strong data-start=\"201\" data-end=\"364\">asegura rendimientos reales positivos para el FGS durante toda la inversi\u00f3n y, al mismo tiempo, canaliza recursos de largo plazo hacia pr\u00e9stamos para vivienda.<\/strong> Tambi\u00e9n destacaron que el mecanismo de licitaciones incorpora competencia y transparencia entre las entidades participantes.<\/p>\n<p id=\"p-1787791069484-52559\">En esa l\u00ednea, Supervielle, una de las entidades que integran esta asociaci\u00f3n, se\u00f1al\u00f3 que la iniciativa puede impulsar el desarrollo del cr\u00e9dito hipotecario como una herramienta para ampliar el acceso a la vivienda, reactivar la econom\u00eda y dinamizar la construcci\u00f3n y toda su cadena de valor. <strong>\u201cPara que este mercado pueda crecer de manera sostenida, es fundamental avanzar en medidas que fortalezcan las fuentes de fondeo de largo plazo para el sistema financiero y, al mismo tiempo, seguir profundizando el desarrollo del mercado de capitales\u201d, <\/strong>indicaron desde la entidad. Por el momento, Supervielle, al igual que otras entidades consultadas por \u00c1mbito, esperan la reglamentaci\u00f3n e implementaci\u00f3n del programa, mientras realizan los an\u00e1lisis correspondientes para participar de las licitaciones.<\/p>\n<h2 id=\"p-1787790956783-86375\" data-start=\"491\" data-end=\"776\"><strong>El desaf\u00edo de que el fondeo de largo plazo reactive el cr\u00e9dito hipotecario<\/strong><\/h2>\n<p id=\"p-1787795341021-86995\">A su turno, <strong>Juan Cuattromo<\/strong>, presidente de <strong>ABAPPRA<\/strong> -la c\u00e1mara que agrupa a bancos p\u00fablicos, provinciales, municipales y cooperativos- y de <strong>Banco Provincia<\/strong>, coincidi\u00f3 en que el programa busca atacar una de las principales restricciones del mercado: la falta de liquidez y de fondeo de largo plazo para sostener el crecimiento del cr\u00e9dito hipotecario.<\/p>\n<p id=\"p-1787795341021-92523\"><strong>\u201cEstamos en una situaci\u00f3n que requiere una intervenci\u00f3n. Que el Estado cumpla ese rol me parece correcto. El mercado hipotecario est\u00e1 frenado y, para movilizarlo, se necesita una pol\u00edtica p\u00fablica que contribuya a su desarrollo\u201d<\/strong>, sostuvo Cuattromo. De todos modos, aclar\u00f3 que las entidades deber\u00e1n analizar los detalles de la instrumentaci\u00f3n, ya que no mantuvieron conversaciones previas con el equipo econ\u00f3mico. En ese marco, el principal desaf\u00edo ser\u00e1 que <strong>los recursos aportados por el FGS se traduzcan efectivamente en nuevas l\u00edneas de cr\u00e9dito y en mejores condiciones para las familias.<\/strong><\/p>\n<p id=\"p-1787795341021-79330\">M\u00e1s all\u00e1 del programa oficial, <strong>Banco Provincia <\/strong>anunciar\u00e1 en los pr\u00f3ximos d\u00edas novedades en el segmento hipotecario, con nuevas l\u00edneas que viene dise\u00f1ando y que tendr\u00e1n foco en la construcci\u00f3n, seg\u00fan pudo saber este medio.<\/p>\n<h2 id=\"p-1787791951845-84579\"><strong>El tope de UVA +7,5% y la brecha entre bancos<\/strong><\/h2>\n<p id=\"p-1787794953101-66231\">La imposici\u00f3n de una tasa m\u00e1xima -una rareza bajo la actual administraci\u00f3n- es uno de los aspectos centrales del esquema. Hoy las ofertas hipotecarias son muy dispares. <strong>Banco Naci\u00f3n cobra UVA m\u00e1s 6,7% e ICBC, UVA m\u00e1s 6,9%, ambos por debajo del tope previsto<\/strong>, seg\u00fan un relevamiento del economista Andr\u00e9s Salinas.<\/p>\n<div contenteditable=\"false\" class=\"embed_cont type_imagen\" id=\"8270066-Libre-1564195122_wrap\">\n<div id=\"8270066-Libre-1564195122_content\" class=\"embed_content\"> <img src=\"https:\/\/media.ambito.com\/p\/ac1a881ae764a66a3e0702ca7531e7a7\/adjuntos\/239\/imagenes\/043\/605\/0043605873\/730x0\/smart\/cred-3.jpeg\" decoding=\"async\" fetchpriority=\"low\" loading=\"lazy\" alt=\"\" title=\"\" width=\"730\" height=\"undefined\" id=\"8270066-Libre-1564195122_embed\"\/><\/div><\/div>\n<p id=\"p-1787792096650-65258\">BBVA tiene una l\u00ednea a UVA m\u00e1s 7,5%, mientras que Banco Ciudad ofrece condiciones especiales de UVA m\u00e1s 5,5% o 7,5% en determinados casos, aunque su tasa general llega a UVA m\u00e1s 9%.<\/p>\n<p id=\"p-1787791951845-5218\">El resto de las entidades aparece, en general, por encima de ese l\u00edmite:<strong> Credicoop ofrece UVA m\u00e1s 8%; Macro, UVA m\u00e1s 8,5%; Banco del Sol, UVA m\u00e1s 9%; Patagonia, UVA m\u00e1s 9,3%; Santander, Galicia y Comafi, UVA m\u00e1s 9,5%; Brubank, UVA m\u00e1s 12%; y Supervielle, UVA m\u00e1s 15%.<\/strong><\/p>\n<h2 id=\"p-1787791951845-65935\"><strong> \u00bfBajar\u00e1n las tasas? La gran inc\u00f3gnita del nuevo fondeo<\/strong><\/h2>\n<p id=\"p-1787791951845-66624\">El impacto del programa no ser\u00e1 uniforme.<strong> Federico Rouco,<\/strong> economista de Empiria, enfatiz\u00f3 que los bancos que ya ofrecen hipotecarios a UVA +7,5% o menos dif\u00edcilmente reduzcan sus tasas: para esas entidades, el beneficio ser\u00eda mejorar el fondeo y ampliar el volumen de pr\u00e9stamos, no abaratar las l\u00edneas existentes.<\/p>\n<p id=\"p-1787791951845-52909\">Distinto es el caso de los bancos que hoy cobran por encima de ese nivel. <strong>Para ellos, el nuevo esquema s\u00ed podr\u00eda habilitar pr\u00e9stamos a UVA m\u00e1s 7,5%, aunque probablemente circunscriptos a los cr\u00e9ditos que se fondeen con recursos del FGS. <\/strong>Rouco tambi\u00e9n estim\u00f3 que, por el plazo m\u00e1ximo de 90 d\u00edas para colocar los fondos, \u00ablas primeras licitaciones podr\u00edan concentrarse entre las entidades que ya tienen cr\u00e9ditos hipotecarios en marcha; las dem\u00e1s podr\u00edan primero adecuar sus tasas y luego competir por esos recursos\u00bb.<\/p>\n<p id=\"p-1787791951845-57716\">Salinas coincidi\u00f3 en que la medida deber\u00eda tener un efecto positivo, aunque advirti\u00f3 que todav\u00eda es prematuro dar por descontada una baja generalizada de las tasas.<strong> \u201cAc\u00e1 lo que le est\u00e1s dando (a los bancos) es la oportunidad de tener un fondeo un poco m\u00e1s largo plazo para achicar ese descalce de plazo\u201d,<\/strong> explic\u00f3. El analista remarc\u00f3 que a\u00fan faltan definiciones relevantes: qu\u00e9 bancos obtendr\u00e1n los mayores montos, a qu\u00e9 tasas ofertar\u00e1n en las licitaciones y cu\u00e1l ser\u00e1 el ritmo de las subastas. Adem\u00e1s, incluso el tramo m\u00e1s largo del programa, de cinco a\u00f1os, sigue estando muy por debajo de la vida promedio de una hipoteca, que ronda los 20 a\u00f1os.<\/p>\n<p id=\"p-1787791951845-33116\">La evoluci\u00f3n reciente muestra por qu\u00e9 esa discusi\u00f3n es relevante. Seg\u00fan una serie elaborada por el propio Salinas, <strong>la tasa promedio ofrecida para hipotecarios UVA lleg\u00f3 a un pico de 11,7% hacia fines de 2025 y se ubicaba en torno a 9,2% en junio. <\/strong>La tasa promedio efectivamente pactada fue menor, de 6,98%, reflejando el peso de las l\u00edneas subsidiadas o con condiciones preferenciales. Para Salinas, el programa representa \u201cun pasito m\u00e1s\u201d para profundizar un mercado de cr\u00e9dito todav\u00eda chico en relaci\u00f3n con el PBI.<\/p>\n<h2 id=\"p-1787793958713-83460\"><strong>El espejo de Chile: tasas m\u00e1s bajas y un mercado m\u00e1s profundo<\/strong><\/h2>\n<p id=\"p-1787795117883-5279\">La comparaci\u00f3n regional ayuda a poner en contexto la discusi\u00f3n sobre el actual y pr\u00f3ximo nivel de tasas. En Chile, donde los hipotecarios se ajustan por Unidad de Fomento (UF), el equivalente local de la UVA<strong>, la tasa promedio de los cr\u00e9ditos para vivienda se ubicaba en 5,08% en marzo y no mostr\u00f3 grandes cambios desde entonces (vale recordar que la inflaci\u00f3n anual es Chile es del 3,5%).<\/strong><\/p>\n<div contenteditable=\"false\" class=\"embed_cont type_imagen\" id=\"8270067-Libre-934773906_wrap\">\n<div id=\"8270067-Libre-934773906_content\" class=\"embed_content\"> <img src=\"https:\/\/media.ambito.com\/p\/eb49a5b451226a6bbb0643867b417987\/adjuntos\/239\/imagenes\/043\/605\/0043605874\/730x0\/smart\/chile-tasas-cred.png\" decoding=\"async\" fetchpriority=\"low\" loading=\"lazy\" alt=\"\" title=\"\" width=\"730\" height=\"undefined\" id=\"8270067-Libre-934773906_embed\"\/><\/div><\/div>\n<p id=\"p-1787793958713-58770\">Las ofertas iban desde 3,39% en Ita\u00fa y 4,19% en BancoEstado hasta 5,99% en Santander. Scotiabank cobraba 4,84%; BICE Hipotecaria, 5,50%; Banco Edwards y Banco Consorcio, 5,40%; y Banco de Chile, 5,89%.<\/p>\n<p id=\"p-1787794672448-48544\">La diferencia, de todos modos, no pasa solo por la tasa. Chile cuenta con un mercado hipotecario m\u00e1s profundo, una estabilidad macro que lleva alrededor de tres d\u00e9cadas y fuentes de financiamiento de mayor plazo. Ese es, precisamente, el punto que el nuevo programa busca empezar a corregir en la Argentina: <strong>que el cr\u00e9dito hipotecario deje, de una buena vez, de depender de ventanas transitorias y empiece a construir un fondeo estable, capaz de acompa\u00f1ar pr\u00e9stamos que duran d\u00e9cadas.<\/strong><\/p>\n<\/p><\/div>\n<p><script>\n!function(f,b,e,v,n,t,s)\n{if(f.fbq)return;n=f.fbq=function(){n.callMethod?\nn.callMethod.apply(n,arguments):n.queue.push(arguments)};\nif(!f._fbq)f._fbq=n;n.push=n;n.loaded=!0;n.version='2.0';\nn.queue=[];t=b.createElement(e);t.async=!0;\nt.src=v;s=b.getElementsByTagName(e)[0];\ns.parentNode.insertBefore(t,s)}(window,document,'script',\n'https:\/\/connect.facebook.net\/en_US\/fbevents.js');\nfbq('init', '2047048335588113');\nfbq('track', 'PageView');\n<\/script><br \/>\n<br \/><\/p>\n","protected":false},"excerpt":{"rendered":"<p>Consultado por \u00c1mbito, Claudio Cesario, presidente de la Asociaci\u00f3n de Bancos de la Argentina (ABA) -que re\u00fane a bancos privados de capital extranjero- sostuvo que el anuncio \u201ccontribuye a que las entidades contin\u00faen ofreciendo cr\u00e9ditos hipotecarios\u201d. Y destac\u00f3 el mecanismo de subastas por su transparencia y competencia entre bancos. \u201cEra muy importante que se contribuyera [&hellip;]<\/p>\n","protected":false},"author":1,"featured_media":209523,"comment_status":"closed","ping_status":"closed","sticky":false,"template":"","format":"standard","meta":{"footnotes":""},"categories":[28],"tags":[],"class_list":["post-209522","post","type-post","status-publish","format-standard","has-post-thumbnail","hentry","category-economia"],"yoast_head":"<!-- This site is optimized with the Yoast SEO plugin v24.4 - https:\/\/yoast.com\/wordpress\/plugins\/seo\/ -->\n<title>bancos respaldan el plan oficial, que busca atacar el tal\u00f3n de Aquiles del UVA, \u00bfbajar\u00e1n las tasas? - GYS NOTICIAS |<\/title>\n<meta name=\"robots\" content=\"index, follow, max-snippet:-1, max-image-preview:large, max-video-preview:-1\" \/>\n<link rel=\"canonical\" href=\"https:\/\/gysfm.com.ar\/inicio\/bancos-respaldan-el-plan-oficial-que-busca-atacar-el-talon-de-aquiles-del-uva-bajaran-las-tasas\/\" \/>\n<meta property=\"og:locale\" content=\"es_ES\" \/>\n<meta property=\"og:type\" content=\"article\" \/>\n<meta property=\"og:title\" content=\"bancos respaldan el plan oficial, que busca atacar el tal\u00f3n de Aquiles del UVA, \u00bfbajar\u00e1n las tasas? - GYS NOTICIAS |\" \/>\n<meta property=\"og:description\" content=\"Consultado por \u00c1mbito, Claudio Cesario, presidente de la Asociaci\u00f3n de Bancos de la Argentina (ABA) -que re\u00fane a bancos privados de capital extranjero- sostuvo que el anuncio \u201ccontribuye a que las entidades contin\u00faen ofreciendo cr\u00e9ditos hipotecarios\u201d. Y destac\u00f3 el mecanismo de subastas por su transparencia y competencia entre bancos. \u201cEra muy importante que se contribuyera [&hellip;]\" \/>\n<meta property=\"og:url\" content=\"https:\/\/gysfm.com.ar\/inicio\/bancos-respaldan-el-plan-oficial-que-busca-atacar-el-talon-de-aquiles-del-uva-bajaran-las-tasas\/\" \/>\n<meta property=\"og:site_name\" content=\"GYS NOTICIAS |\" \/>\n<meta property=\"article:published_time\" content=\"2026-08-27T11:07:46+00:00\" \/>\n<meta property=\"og:image\" content=\"https:\/\/media.ambito.com\/p\/6157138f8b28acbe92a0cee50a2b7845\/adjuntos\/239\/imagenes\/043\/605\/0043605872\/730x0\/smart\/creditos-hip-1.jpeg\" \/>\n<meta name=\"author\" content=\"admin\" \/>\n<meta name=\"twitter:card\" content=\"summary_large_image\" \/>\n<meta name=\"twitter:label1\" content=\"Escrito por\" \/>\n\t<meta name=\"twitter:data1\" content=\"admin\" \/>\n\t<meta name=\"twitter:label2\" content=\"Tiempo de lectura\" \/>\n\t<meta name=\"twitter:data2\" content=\"6 minutos\" \/>\n<script type=\"application\/ld+json\" class=\"yoast-schema-graph\">{\"@context\":\"https:\/\/schema.org\",\"@graph\":[{\"@type\":\"Article\",\"@id\":\"https:\/\/gysfm.com.ar\/inicio\/bancos-respaldan-el-plan-oficial-que-busca-atacar-el-talon-de-aquiles-del-uva-bajaran-las-tasas\/#article\",\"isPartOf\":{\"@id\":\"https:\/\/gysfm.com.ar\/inicio\/bancos-respaldan-el-plan-oficial-que-busca-atacar-el-talon-de-aquiles-del-uva-bajaran-las-tasas\/\"},\"author\":{\"name\":\"admin\",\"@id\":\"https:\/\/gysfm.com.ar\/inicio\/#\/schema\/person\/5bedd7ecd35cc35548d89effafa23696\"},\"headline\":\"bancos respaldan el plan oficial, que busca atacar el tal\u00f3n de Aquiles del UVA, \u00bfbajar\u00e1n las tasas?\",\"datePublished\":\"2026-08-27T11:07:46+00:00\",\"mainEntityOfPage\":{\"@id\":\"https:\/\/gysfm.com.ar\/inicio\/bancos-respaldan-el-plan-oficial-que-busca-atacar-el-talon-de-aquiles-del-uva-bajaran-las-tasas\/\"},\"wordCount\":1266,\"publisher\":{\"@id\":\"https:\/\/gysfm.com.ar\/inicio\/#organization\"},\"image\":{\"@id\":\"https:\/\/gysfm.com.ar\/inicio\/bancos-respaldan-el-plan-oficial-que-busca-atacar-el-talon-de-aquiles-del-uva-bajaran-las-tasas\/#primaryimage\"},\"thumbnailUrl\":\"https:\/\/gysfm.com.ar\/inicio\/wp-content\/uploads\/2026\/08\/creditos-hipotecarios-foto-tasas.png\",\"articleSection\":[\"ECONOMIA\"],\"inLanguage\":\"es\"},{\"@type\":\"WebPage\",\"@id\":\"https:\/\/gysfm.com.ar\/inicio\/bancos-respaldan-el-plan-oficial-que-busca-atacar-el-talon-de-aquiles-del-uva-bajaran-las-tasas\/\",\"url\":\"https:\/\/gysfm.com.ar\/inicio\/bancos-respaldan-el-plan-oficial-que-busca-atacar-el-talon-de-aquiles-del-uva-bajaran-las-tasas\/\",\"name\":\"bancos respaldan el plan oficial, que busca atacar el tal\u00f3n de Aquiles del UVA, \u00bfbajar\u00e1n las tasas? - GYS NOTICIAS |\",\"isPartOf\":{\"@id\":\"https:\/\/gysfm.com.ar\/inicio\/#website\"},\"primaryImageOfPage\":{\"@id\":\"https:\/\/gysfm.com.ar\/inicio\/bancos-respaldan-el-plan-oficial-que-busca-atacar-el-talon-de-aquiles-del-uva-bajaran-las-tasas\/#primaryimage\"},\"image\":{\"@id\":\"https:\/\/gysfm.com.ar\/inicio\/bancos-respaldan-el-plan-oficial-que-busca-atacar-el-talon-de-aquiles-del-uva-bajaran-las-tasas\/#primaryimage\"},\"thumbnailUrl\":\"https:\/\/gysfm.com.ar\/inicio\/wp-content\/uploads\/2026\/08\/creditos-hipotecarios-foto-tasas.png\",\"datePublished\":\"2026-08-27T11:07:46+00:00\",\"breadcrumb\":{\"@id\":\"https:\/\/gysfm.com.ar\/inicio\/bancos-respaldan-el-plan-oficial-que-busca-atacar-el-talon-de-aquiles-del-uva-bajaran-las-tasas\/#breadcrumb\"},\"inLanguage\":\"es\",\"potentialAction\":[{\"@type\":\"ReadAction\",\"target\":[\"https:\/\/gysfm.com.ar\/inicio\/bancos-respaldan-el-plan-oficial-que-busca-atacar-el-talon-de-aquiles-del-uva-bajaran-las-tasas\/\"]}]},{\"@type\":\"ImageObject\",\"inLanguage\":\"es\",\"@id\":\"https:\/\/gysfm.com.ar\/inicio\/bancos-respaldan-el-plan-oficial-que-busca-atacar-el-talon-de-aquiles-del-uva-bajaran-las-tasas\/#primaryimage\",\"url\":\"https:\/\/gysfm.com.ar\/inicio\/wp-content\/uploads\/2026\/08\/creditos-hipotecarios-foto-tasas.png\",\"contentUrl\":\"https:\/\/gysfm.com.ar\/inicio\/wp-content\/uploads\/2026\/08\/creditos-hipotecarios-foto-tasas.png\",\"width\":1200,\"height\":675},{\"@type\":\"BreadcrumbList\",\"@id\":\"https:\/\/gysfm.com.ar\/inicio\/bancos-respaldan-el-plan-oficial-que-busca-atacar-el-talon-de-aquiles-del-uva-bajaran-las-tasas\/#breadcrumb\",\"itemListElement\":[{\"@type\":\"ListItem\",\"position\":1,\"name\":\"Portada\",\"item\":\"https:\/\/gysfm.com.ar\/inicio\/\"},{\"@type\":\"ListItem\",\"position\":2,\"name\":\"bancos respaldan el plan oficial, que busca atacar el tal\u00f3n de Aquiles del UVA, \u00bfbajar\u00e1n las tasas?\"}]},{\"@type\":\"WebSite\",\"@id\":\"https:\/\/gysfm.com.ar\/inicio\/#website\",\"url\":\"https:\/\/gysfm.com.ar\/inicio\/\",\"name\":\"GYS NOTICIAS |\",\"description\":\"DIARIO - RADIO ONLINE SAN JUAN ARGENTINA\",\"publisher\":{\"@id\":\"https:\/\/gysfm.com.ar\/inicio\/#organization\"},\"potentialAction\":[{\"@type\":\"SearchAction\",\"target\":{\"@type\":\"EntryPoint\",\"urlTemplate\":\"https:\/\/gysfm.com.ar\/inicio\/?s={search_term_string}\"},\"query-input\":{\"@type\":\"PropertyValueSpecification\",\"valueRequired\":true,\"valueName\":\"search_term_string\"}}],\"inLanguage\":\"es\"},{\"@type\":\"Organization\",\"@id\":\"https:\/\/gysfm.com.ar\/inicio\/#organization\",\"name\":\"GYS NOTICIAS |\",\"url\":\"https:\/\/gysfm.com.ar\/inicio\/\",\"logo\":{\"@type\":\"ImageObject\",\"inLanguage\":\"es\",\"@id\":\"https:\/\/gysfm.com.ar\/inicio\/#\/schema\/logo\/image\/\",\"url\":\"https:\/\/gysfm.com.ar\/inicio\/wp-content\/uploads\/2023\/07\/LOGOGYS-OK.png\",\"contentUrl\":\"https:\/\/gysfm.com.ar\/inicio\/wp-content\/uploads\/2023\/07\/LOGOGYS-OK.png\",\"width\":1170,\"height\":872,\"caption\":\"GYS NOTICIAS |\"},\"image\":{\"@id\":\"https:\/\/gysfm.com.ar\/inicio\/#\/schema\/logo\/image\/\"}},{\"@type\":\"Person\",\"@id\":\"https:\/\/gysfm.com.ar\/inicio\/#\/schema\/person\/5bedd7ecd35cc35548d89effafa23696\",\"name\":\"admin\",\"image\":{\"@type\":\"ImageObject\",\"inLanguage\":\"es\",\"@id\":\"https:\/\/gysfm.com.ar\/inicio\/#\/schema\/person\/image\/\",\"url\":\"https:\/\/secure.gravatar.com\/avatar\/c331d312b5243fb64d5ba28108a447b27c925295129a363082c9ea52c28d32c2?s=96&d=mm&r=g\",\"contentUrl\":\"https:\/\/secure.gravatar.com\/avatar\/c331d312b5243fb64d5ba28108a447b27c925295129a363082c9ea52c28d32c2?s=96&d=mm&r=g\",\"caption\":\"admin\"},\"sameAs\":[\"https:\/\/gysfm.com.ar\/inicio\"],\"url\":\"https:\/\/gysfm.com.ar\/inicio\/author\/admin\/\"}]}<\/script>\n<!-- \/ Yoast SEO plugin. -->","yoast_head_json":{"title":"bancos respaldan el plan oficial, que busca atacar el tal\u00f3n de Aquiles del UVA, \u00bfbajar\u00e1n las tasas? - GYS NOTICIAS |","robots":{"index":"index","follow":"follow","max-snippet":"max-snippet:-1","max-image-preview":"max-image-preview:large","max-video-preview":"max-video-preview:-1"},"canonical":"https:\/\/gysfm.com.ar\/inicio\/bancos-respaldan-el-plan-oficial-que-busca-atacar-el-talon-de-aquiles-del-uva-bajaran-las-tasas\/","og_locale":"es_ES","og_type":"article","og_title":"bancos respaldan el plan oficial, que busca atacar el tal\u00f3n de Aquiles del UVA, \u00bfbajar\u00e1n las tasas? - GYS NOTICIAS |","og_description":"Consultado por \u00c1mbito, Claudio Cesario, presidente de la Asociaci\u00f3n de Bancos de la Argentina (ABA) -que re\u00fane a bancos privados de capital extranjero- sostuvo que el anuncio \u201ccontribuye a que las entidades contin\u00faen ofreciendo cr\u00e9ditos hipotecarios\u201d. Y destac\u00f3 el mecanismo de subastas por su transparencia y competencia entre bancos. \u201cEra muy importante que se contribuyera [&hellip;]","og_url":"https:\/\/gysfm.com.ar\/inicio\/bancos-respaldan-el-plan-oficial-que-busca-atacar-el-talon-de-aquiles-del-uva-bajaran-las-tasas\/","og_site_name":"GYS NOTICIAS |","article_published_time":"2026-08-27T11:07:46+00:00","og_image":[{"url":"https:\/\/media.ambito.com\/p\/6157138f8b28acbe92a0cee50a2b7845\/adjuntos\/239\/imagenes\/043\/605\/0043605872\/730x0\/smart\/creditos-hip-1.jpeg","type":"","width":"","height":""}],"author":"admin","twitter_card":"summary_large_image","twitter_misc":{"Escrito por":"admin","Tiempo de lectura":"6 minutos"},"schema":{"@context":"https:\/\/schema.org","@graph":[{"@type":"Article","@id":"https:\/\/gysfm.com.ar\/inicio\/bancos-respaldan-el-plan-oficial-que-busca-atacar-el-talon-de-aquiles-del-uva-bajaran-las-tasas\/#article","isPartOf":{"@id":"https:\/\/gysfm.com.ar\/inicio\/bancos-respaldan-el-plan-oficial-que-busca-atacar-el-talon-de-aquiles-del-uva-bajaran-las-tasas\/"},"author":{"name":"admin","@id":"https:\/\/gysfm.com.ar\/inicio\/#\/schema\/person\/5bedd7ecd35cc35548d89effafa23696"},"headline":"bancos respaldan el plan oficial, que busca atacar el tal\u00f3n de Aquiles del UVA, \u00bfbajar\u00e1n las tasas?","datePublished":"2026-08-27T11:07:46+00:00","mainEntityOfPage":{"@id":"https:\/\/gysfm.com.ar\/inicio\/bancos-respaldan-el-plan-oficial-que-busca-atacar-el-talon-de-aquiles-del-uva-bajaran-las-tasas\/"},"wordCount":1266,"publisher":{"@id":"https:\/\/gysfm.com.ar\/inicio\/#organization"},"image":{"@id":"https:\/\/gysfm.com.ar\/inicio\/bancos-respaldan-el-plan-oficial-que-busca-atacar-el-talon-de-aquiles-del-uva-bajaran-las-tasas\/#primaryimage"},"thumbnailUrl":"https:\/\/gysfm.com.ar\/inicio\/wp-content\/uploads\/2026\/08\/creditos-hipotecarios-foto-tasas.png","articleSection":["ECONOMIA"],"inLanguage":"es"},{"@type":"WebPage","@id":"https:\/\/gysfm.com.ar\/inicio\/bancos-respaldan-el-plan-oficial-que-busca-atacar-el-talon-de-aquiles-del-uva-bajaran-las-tasas\/","url":"https:\/\/gysfm.com.ar\/inicio\/bancos-respaldan-el-plan-oficial-que-busca-atacar-el-talon-de-aquiles-del-uva-bajaran-las-tasas\/","name":"bancos respaldan el plan oficial, que busca atacar el tal\u00f3n de Aquiles del UVA, \u00bfbajar\u00e1n las tasas? - GYS NOTICIAS |","isPartOf":{"@id":"https:\/\/gysfm.com.ar\/inicio\/#website"},"primaryImageOfPage":{"@id":"https:\/\/gysfm.com.ar\/inicio\/bancos-respaldan-el-plan-oficial-que-busca-atacar-el-talon-de-aquiles-del-uva-bajaran-las-tasas\/#primaryimage"},"image":{"@id":"https:\/\/gysfm.com.ar\/inicio\/bancos-respaldan-el-plan-oficial-que-busca-atacar-el-talon-de-aquiles-del-uva-bajaran-las-tasas\/#primaryimage"},"thumbnailUrl":"https:\/\/gysfm.com.ar\/inicio\/wp-content\/uploads\/2026\/08\/creditos-hipotecarios-foto-tasas.png","datePublished":"2026-08-27T11:07:46+00:00","breadcrumb":{"@id":"https:\/\/gysfm.com.ar\/inicio\/bancos-respaldan-el-plan-oficial-que-busca-atacar-el-talon-de-aquiles-del-uva-bajaran-las-tasas\/#breadcrumb"},"inLanguage":"es","potentialAction":[{"@type":"ReadAction","target":["https:\/\/gysfm.com.ar\/inicio\/bancos-respaldan-el-plan-oficial-que-busca-atacar-el-talon-de-aquiles-del-uva-bajaran-las-tasas\/"]}]},{"@type":"ImageObject","inLanguage":"es","@id":"https:\/\/gysfm.com.ar\/inicio\/bancos-respaldan-el-plan-oficial-que-busca-atacar-el-talon-de-aquiles-del-uva-bajaran-las-tasas\/#primaryimage","url":"https:\/\/gysfm.com.ar\/inicio\/wp-content\/uploads\/2026\/08\/creditos-hipotecarios-foto-tasas.png","contentUrl":"https:\/\/gysfm.com.ar\/inicio\/wp-content\/uploads\/2026\/08\/creditos-hipotecarios-foto-tasas.png","width":1200,"height":675},{"@type":"BreadcrumbList","@id":"https:\/\/gysfm.com.ar\/inicio\/bancos-respaldan-el-plan-oficial-que-busca-atacar-el-talon-de-aquiles-del-uva-bajaran-las-tasas\/#breadcrumb","itemListElement":[{"@type":"ListItem","position":1,"name":"Portada","item":"https:\/\/gysfm.com.ar\/inicio\/"},{"@type":"ListItem","position":2,"name":"bancos respaldan el plan oficial, que busca atacar el tal\u00f3n de Aquiles del UVA, \u00bfbajar\u00e1n las tasas?"}]},{"@type":"WebSite","@id":"https:\/\/gysfm.com.ar\/inicio\/#website","url":"https:\/\/gysfm.com.ar\/inicio\/","name":"GYS NOTICIAS |","description":"DIARIO - RADIO ONLINE SAN JUAN ARGENTINA","publisher":{"@id":"https:\/\/gysfm.com.ar\/inicio\/#organization"},"potentialAction":[{"@type":"SearchAction","target":{"@type":"EntryPoint","urlTemplate":"https:\/\/gysfm.com.ar\/inicio\/?s={search_term_string}"},"query-input":{"@type":"PropertyValueSpecification","valueRequired":true,"valueName":"search_term_string"}}],"inLanguage":"es"},{"@type":"Organization","@id":"https:\/\/gysfm.com.ar\/inicio\/#organization","name":"GYS NOTICIAS |","url":"https:\/\/gysfm.com.ar\/inicio\/","logo":{"@type":"ImageObject","inLanguage":"es","@id":"https:\/\/gysfm.com.ar\/inicio\/#\/schema\/logo\/image\/","url":"https:\/\/gysfm.com.ar\/inicio\/wp-content\/uploads\/2023\/07\/LOGOGYS-OK.png","contentUrl":"https:\/\/gysfm.com.ar\/inicio\/wp-content\/uploads\/2023\/07\/LOGOGYS-OK.png","width":1170,"height":872,"caption":"GYS NOTICIAS |"},"image":{"@id":"https:\/\/gysfm.com.ar\/inicio\/#\/schema\/logo\/image\/"}},{"@type":"Person","@id":"https:\/\/gysfm.com.ar\/inicio\/#\/schema\/person\/5bedd7ecd35cc35548d89effafa23696","name":"admin","image":{"@type":"ImageObject","inLanguage":"es","@id":"https:\/\/gysfm.com.ar\/inicio\/#\/schema\/person\/image\/","url":"https:\/\/secure.gravatar.com\/avatar\/c331d312b5243fb64d5ba28108a447b27c925295129a363082c9ea52c28d32c2?s=96&d=mm&r=g","contentUrl":"https:\/\/secure.gravatar.com\/avatar\/c331d312b5243fb64d5ba28108a447b27c925295129a363082c9ea52c28d32c2?s=96&d=mm&r=g","caption":"admin"},"sameAs":["https:\/\/gysfm.com.ar\/inicio"],"url":"https:\/\/gysfm.com.ar\/inicio\/author\/admin\/"}]}},"_links":{"self":[{"href":"https:\/\/gysfm.com.ar\/inicio\/wp-json\/wp\/v2\/posts\/209522","targetHints":{"allow":["GET"]}}],"collection":[{"href":"https:\/\/gysfm.com.ar\/inicio\/wp-json\/wp\/v2\/posts"}],"about":[{"href":"https:\/\/gysfm.com.ar\/inicio\/wp-json\/wp\/v2\/types\/post"}],"author":[{"embeddable":true,"href":"https:\/\/gysfm.com.ar\/inicio\/wp-json\/wp\/v2\/users\/1"}],"replies":[{"embeddable":true,"href":"https:\/\/gysfm.com.ar\/inicio\/wp-json\/wp\/v2\/comments?post=209522"}],"version-history":[{"count":0,"href":"https:\/\/gysfm.com.ar\/inicio\/wp-json\/wp\/v2\/posts\/209522\/revisions"}],"wp:featuredmedia":[{"embeddable":true,"href":"https:\/\/gysfm.com.ar\/inicio\/wp-json\/wp\/v2\/media\/209523"}],"wp:attachment":[{"href":"https:\/\/gysfm.com.ar\/inicio\/wp-json\/wp\/v2\/media?parent=209522"}],"wp:term":[{"taxonomy":"category","embeddable":true,"href":"https:\/\/gysfm.com.ar\/inicio\/wp-json\/wp\/v2\/categories?post=209522"},{"taxonomy":"post_tag","embeddable":true,"href":"https:\/\/gysfm.com.ar\/inicio\/wp-json\/wp\/v2\/tags?post=209522"}],"curies":[{"name":"wp","href":"https:\/\/api.w.org\/{rel}","templated":true}]}}