{"id":209519,"date":"2026-08-27T07:36:39","date_gmt":"2026-08-27T10:36:39","guid":{"rendered":"https:\/\/gysfm.com.ar\/inicio\/un-helicoptero-ultraligero-choco-contra-los-cables-de-un-teleferico-en-italia-se-incendio-y-termino-estrellandose\/"},"modified":"2026-08-27T07:36:40","modified_gmt":"2026-08-27T10:36:40","slug":"un-helicoptero-ultraligero-choco-contra-los-cables-de-un-teleferico-en-italia-se-incendio-y-termino-estrellandose","status":"publish","type":"post","link":"https:\/\/gysfm.com.ar\/inicio\/un-helicoptero-ultraligero-choco-contra-los-cables-de-un-teleferico-en-italia-se-incendio-y-termino-estrellandose\/","title":{"rendered":"Un helic\u00f3ptero ultraligero choc\u00f3 contra los cables de un telef\u00e9rico en Italia, se incendi\u00f3 y termin\u00f3 estrell\u00e1ndose"},"content":{"rendered":"<p> <br \/>\n<\/p>\n<div>\n<p class=\"com-paragraph --s\"><strong>Un helic\u00f3ptero ultraligero choc\u00f3 contra los cables de un telef\u00e9rico en Italia, se incendi\u00f3 y termin\u00f3 estrell\u00e1ndose.<\/strong> La tragedia ocurri\u00f3 este mi\u00e9rcoles en el valle de Antrona, una zona monta\u00f1osa del norte de Italia cercana a la frontera con Suiza, y dej\u00f3 un saldo de dos muertos.<\/p>\n<p class=\"com-paragraph --s\">De acuerdo con el diario <a href=\"https:\/\/www.lastampa.it\/verbano-cusio-ossola\/2026\/08\/26\/news\/ossola_incidente_ultraleggero_precipitato_campliccioli-15722816\/\" target=\"_blank\" title=\"https:\/\/www.lastampa.it\/verbano-cusio-ossola\/2026\/08\/26\/news\/ossola_incidente_ultraleggero_precipitato_campliccioli-15722816\/\" class=\"com-link break-word\" data-mrf-recirculation=\"n_link_parrafo\" rel=\"nofollow\"><em>La Stampa<\/em><\/a>, el accidente se produjo alrededor de las 11 de la ma\u00f1ana (hora local) en las inmediaciones del embalse de Campliccioli, ubicado a unos 1400 metros sobre el nivel del mar. El aparato sobrevolaba el sector cuando, por motivos que a\u00fan son materia de investigaci\u00f3n,<strong> impact\u00f3 contra los cables de un telef\u00e9rico de servicio que atraviesa el \u00e1rea.<\/strong><\/p>\n<div class=\"content-media cursor-pointer container-center-100\">\n<section class=\"media-container relative ratio-16-9 mod-media pb-32\">\n<figure class=\"mod-video\">\n<div class=\"video-player bg-black ratio-16-9\" data-has-jwplayer=\"true\" data-video-id-jw=\"ePmvAc0Y\" data-config=\"{&quot;title&quot;:&quot;Un helic\u00f3ptero ultraligero choc\u00f3 contra los cables de un telef\u00e9rico en Italia, se incendi\u00f3 y termin\u00f3 estrell\u00e1ndose&quot;,&quot;mediaId&quot;:&quot;ePmvAc0Y&quot;,&quot;playerId&quot;:&quot;ih0086X3&quot;,&quot;playlist&quot;:[{&quot;mediaid&quot;:&quot;ePmvAc0Y&quot;,&quot;sources&quot;:[{&quot;file&quot;:&quot;https:\/\/cdn.jwplayer.com\/manifests\/ePmvAc0Y.m3u8&quot;,&quot;type&quot;:&quot;application\/vnd.apple.mpegurl&quot;},{&quot;bitrate&quot;:454980,&quot;file&quot;:&quot;https:\/\/cdn.jwplayer.com\/videos\/ePmvAc0Y-kTExGaWf.mp4&quot;,&quot;filesize&quot;:1478688,&quot;framerate&quot;:30,&quot;height&quot;:182,&quot;label&quot;:&quot;180p&quot;,&quot;type&quot;:&quot;video\/mp4&quot;,&quot;width&quot;:320},{&quot;bitrate&quot;:659536,&quot;file&quot;:&quot;https:\/\/cdn.jwplayer.com\/videos\/ePmvAc0Y-K8B0kybS.mp4&quot;,&quot;filesize&quot;:2143495,&quot;framerate&quot;:30,&quot;height&quot;:272,&quot;label&quot;:&quot;270p&quot;,&quot;type&quot;:&quot;video\/mp4&quot;,&quot;width&quot;:480},{&quot;bitrate&quot;:114057,&quot;file&quot;:&quot;https:\/\/cdn.jwplayer.com\/videos\/ePmvAc0Y-hz5z2Tv4.m4a&quot;,&quot;filesize&quot;:384944,&quot;label&quot;:&quot;AAC Audio&quot;,&quot;type&quot;:&quot;audio\/mp4&quot;},{&quot;bitrate&quot;:873650,&quot;file&quot;:&quot;https:\/\/cdn.jwplayer.com\/videos\/ePmvAc0Y-FnZGUVnC.mp4&quot;,&quot;filesize&quot;:2839365,&quot;framerate&quot;:30,&quot;height&quot;:362,&quot;label&quot;:&quot;360p&quot;,&quot;type&quot;:&quot;video\/mp4&quot;,&quot;width&quot;:640}]}],&quot;hasAutoplay&quot;:false,&quot;autostart&quot;:true,&quot;tagsUrl&quot;:&quot;https:\/\/pubads.g.doubleclick.net\/gampad\/ads?slotname=\/133919216\/la_nacion_video\/nota\/preroll&amp;sz=640x480|400x300&amp;ciu_szs=300x250&amp;unviewed_position_start=1&amp;output=vast&amp;impl=s&amp;env=vp&amp;gdfp_req=1&amp;ad_rule=0&amp;vad_type=linear&amp;vpos=preroll&amp;cust_params=tags_nuevos%3Dte_italia%2Cte_accidente_aereo%2Cca_el_mundo%2C%2CNWZJEKP4OFFMRBXYCZ3OFVEEGQ&amp;pod=3&amp;ppos=1&amp;lip=true&amp;min_ad_duration=0&amp;max_ad_duration=30000&amp;vrid=6256&amp;url=https%3A%2F%2Fwww.lanacion.com.ar%2Fel-mundo%2Fun-helicoptero-ultraligero-choco-contra-los-cables-de-un-teleferico-en-italia-se-incendio-y-termino-nid26082026%2F%3Fvariant%3DA&amp;description_url=https%3A%2F%2Fwww.lanacion.com.ar%2Fel-mundo%2Fun-helicoptero-ultraligero-choco-contra-los-cables-de-un-teleferico-en-italia-se-incendio-y-termino-nid26082026%2F%3Fvariant%3DA&amp;video_doc_id=short_onecue&amp;cmsid=496&amp;kfa=0&amp;tfcd=0&amp;correlator=1787826281401&quot;,&quot;arcSite&quot;:&quot;la-nacion-ar&quot;,&quot;duration&quot;:&quot;26000&quot;}\">\n<div id=\"facade-ePmvAc0Y\" class=\"content-facade-jw relative bg-black ratio-16-9\"><picture><source media=\"(max-width: 767px)\" srcset=\"https:\/\/www.lanacion.com.ar\/resizer\/v2\/https%3A%2F%2Fcdn.jwplayer.com%2Fv2%2Fmedia%2FePmvAc0Y%2Fposter.jpg%3Fwidth%3D720?auth=17d27427c7200a009f4110b8ae56424814049821cbea910f095419771dc48616&amp;width=480&amp;quality=70&amp;smart=false\"\/><\/picture><\/div>\n<\/div><figcaption class=\"border border-1 border-bottom border-light-300 relative px-16 py-8 min-h-36 w-100_md px-0_l mb-8 bg-white\"><span class=\"text ln-text text-16 block\">Un helic\u00f3ptero ultraligero choc\u00f3 contra los cables de un telef\u00e9rico en Italia, se incendi\u00f3 y termin\u00f3 estrell\u00e1ndose<\/span><\/figcaption><\/figure>\n<\/section>\n<\/div>\n<p class=\"com-paragraph --s\">La secuencia qued\u00f3 registrada por un testigo ocasional y las im\u00e1genes comenzaron a circular r\u00e1pidamente en redes sociales. En el video se observa al giroc\u00f3ptero \u2014una aeronave ultraligera de ala rotatoria que combina caracter\u00edsticas de un helic\u00f3ptero y un avi\u00f3n\u2014 desplaz\u00e1ndose sobre el valle antes de la colisi\u00f3n. Instantes despu\u00e9s del impacto, <strong>una gran llamarada envolvi\u00f3 la aeronave, que cay\u00f3 al vac\u00edo.<\/strong><\/p>\n<p class=\"com-paragraph --s\">Las v\u00edctimas fueron identificadas como <strong>Alessandro Angelo Muscinelli<\/strong>, ingeniero nacido en 1964 y residente en Premeno, en la regi\u00f3n de Lombard\u00eda, y <strong>Antonella Pagliarani<\/strong>, nacida en 1963, residente en el \u00e1rea metropolitana de Mil\u00e1n y pareja de uno de los hermanos del piloto. Ambos hab\u00edan despegado poco antes desde el aer\u00f3dromo de Megolo, en la localidad de Pieve Vergonte, dentro del valle de Ossola.<\/p>\n<div class=\"content-media\">\n<section role=\"button\" class=\"mod-media   \">\n<figure role=\"button\" tabindex=\"0\" class=\"mod-figure \"><figcaption class=\"mod-figcaption\"><span class=\"com-text --caption --twoxs\">Al lugar acudieron helic\u00f3pteros sanitarios del servicio 118, el helic\u00f3ptero de bomberos Drago procedente de Malpensa, efectivos de las fuerzas de seguridad, brigadas terrestres de rescate y personal especializado del Servicio Alpino y de rescate<\/span><span class=\"com-text --credit --twoxs\">Gentileza La Stampa<\/span><\/figcaption><\/figure>\n<\/section>\n<\/div>\n<p class=\"com-paragraph --s\">Tras el siniestro se despleg\u00f3 un importante operativo de emergencia. Al lugar acudieron helic\u00f3pteros sanitarios del servicio 118, el helic\u00f3ptero de bomberos Drago procedente de Malpensa, efectivos de las fuerzas de seguridad, brigadas terrestres de rescate y personal especializado del Servicio Alpino y de rescate.<\/p>\n<p class=\"com-paragraph --s\">Uno de los testigos directos del hecho fue el alcalde de Antrona Schieranco, <strong>Franco Borsotti<\/strong>, quien observ\u00f3 la escena desde su vivienda<strong>. \u201cVi el helic\u00f3ptero dando vueltas primero por la zona de Cheggio y luego hacia Cingino. Despu\u00e9s escuch\u00e9 un rugido y vi una bola de fuego\u201d<\/strong>, relat\u00f3 a medios locales.<\/p>\n<div class=\"content-media\">\n<section role=\"button\" class=\"mod-media   \">\n<figure role=\"button\" tabindex=\"0\" class=\"mod-figure \"><figcaption class=\"mod-figcaption\"><span class=\"com-text --caption --twoxs\">El embalse de Campliccioli se encuentra en una de las \u00e1reas m\u00e1s visitadas del valle de Antrona<\/span><\/figcaption><\/figure>\n<\/section>\n<\/div>\n<p class=\"com-paragraph --s\">El embalse de Campliccioli se encuentra en una de las \u00e1reas m\u00e1s visitadas del valle de Antrona. Rodeado de bosques, senderos y picos alpinos, el lago artificial y la presa constituyen <strong>un importante atractivo tur\u00edstico durante los meses de verano<\/strong>, cuando cientos de excursionistas recorren la regi\u00f3n. La tragedia conmocion\u00f3 a los habitantes de la zona y a los visitantes que se encontraban all\u00ed al momento del accidente.<\/p>\n<p class=\"com-paragraph --s\">Las autoridades italianas abrieron una investigaci\u00f3n para esclarecer las circunstancias exactas del hecho y determinar las causas que llevaron a la colisi\u00f3n fatal.<\/p>\n<p class=\"com-paragraph --s\"><em><strong>Con informaci\u00f3n de Europa Press<\/strong><\/em><\/p>\n<section class=\"container-center-100 mb-40 border border-bottom border-thin border-neutral-light-700\">\n<hr\/>\n<\/section>\n<\/div>\n<p><script id=\"facebookpixel\" defer=\"\" type=\"text\/javascript\">\n        !function(f,b,e,v,n,t,s)\n        {if(f.fbq)return;n=f.fbq=function(){n.callMethod?\n        n.callMethod.apply(n,arguments):n.queue.push(arguments)};\n        if(!f._fbq)f._fbq=n;n.push=n;n.loaded=!0;n.version='2.0';\n        n.queue=[];t=b.createElement(e);t.async=!0;\n        t.src=v;s=b.getElementsByTagName(e)[0];\n        s.parentNode.insertBefore(t,s)}(window, document,'script',\n        'https:\/\/connect.facebook.net\/en_US\/fbevents.js');\n        fbq('init', '492459597522335');\n        fbq('track', 'PageView');\n    <\/script><br \/>\n<br \/><\/p>\n","protected":false},"excerpt":{"rendered":"<p>Un helic\u00f3ptero ultraligero choc\u00f3 contra los cables de un telef\u00e9rico en Italia, se incendi\u00f3 y termin\u00f3 estrell\u00e1ndose. La tragedia ocurri\u00f3 este mi\u00e9rcoles en el valle de Antrona, una zona monta\u00f1osa del norte de Italia cercana a la frontera con Suiza, y dej\u00f3 un saldo de dos muertos. De acuerdo con el diario La Stampa, el [&hellip;]<\/p>\n","protected":false},"author":2,"featured_media":209520,"comment_status":"closed","ping_status":"closed","sticky":false,"template":"","format":"standard","meta":{"footnotes":""},"categories":[26],"tags":[],"class_list":["post-209519","post","type-post","status-publish","format-standard","has-post-thumbnail","hentry","category-internacionales"],"yoast_head":"<!-- This site is optimized with the Yoast SEO plugin v24.4 - https:\/\/yoast.com\/wordpress\/plugins\/seo\/ -->\n<title>Un helic\u00f3ptero ultraligero choc\u00f3 contra los cables de un telef\u00e9rico en Italia, se incendi\u00f3 y termin\u00f3 estrell\u00e1ndose - GYS NOTICIAS |<\/title>\n<meta name=\"robots\" content=\"index, follow, max-snippet:-1, max-image-preview:large, max-video-preview:-1\" \/>\n<link rel=\"canonical\" href=\"https:\/\/gysfm.com.ar\/inicio\/un-helicoptero-ultraligero-choco-contra-los-cables-de-un-teleferico-en-italia-se-incendio-y-termino-estrellandose\/\" \/>\n<meta property=\"og:locale\" content=\"es_ES\" \/>\n<meta property=\"og:type\" content=\"article\" \/>\n<meta property=\"og:title\" content=\"Un helic\u00f3ptero ultraligero choc\u00f3 contra los cables de un telef\u00e9rico en Italia, se incendi\u00f3 y termin\u00f3 estrell\u00e1ndose - GYS NOTICIAS |\" \/>\n<meta property=\"og:description\" content=\"Un helic\u00f3ptero ultraligero choc\u00f3 contra los cables de un telef\u00e9rico en Italia, se incendi\u00f3 y termin\u00f3 estrell\u00e1ndose. La tragedia ocurri\u00f3 este mi\u00e9rcoles en el valle de Antrona, una zona monta\u00f1osa del norte de Italia cercana a la frontera con Suiza, y dej\u00f3 un saldo de dos muertos. De acuerdo con el diario La Stampa, el [&hellip;]\" \/>\n<meta property=\"og:url\" content=\"https:\/\/gysfm.com.ar\/inicio\/un-helicoptero-ultraligero-choco-contra-los-cables-de-un-teleferico-en-italia-se-incendio-y-termino-estrellandose\/\" \/>\n<meta property=\"og:site_name\" content=\"GYS NOTICIAS |\" \/>\n<meta property=\"article:published_time\" content=\"2026-08-27T10:36:39+00:00\" \/>\n<meta property=\"article:modified_time\" content=\"2026-08-27T10:36:40+00:00\" \/>\n<meta property=\"og:image\" content=\"https:\/\/gysfm.com.ar\/inicio\/wp-content\/uploads\/2026\/08\/un-helicoptero-ultraligero-choco-contra-los-JMNDXKJARZFGRJGXZDM3PIDPBI.jpg\" \/>\n\t<meta property=\"og:image:width\" content=\"1200\" \/>\n\t<meta property=\"og:image:height\" content=\"800\" \/>\n\t<meta property=\"og:image:type\" content=\"image\/jpeg\" \/>\n<meta name=\"author\" content=\"Prensa G&amp;S FM\" \/>\n<meta name=\"twitter:card\" content=\"summary_large_image\" \/>\n<meta name=\"twitter:label1\" content=\"Escrito por\" \/>\n\t<meta name=\"twitter:data1\" content=\"Prensa G&amp;S FM\" \/>\n\t<meta name=\"twitter:label2\" content=\"Tiempo de lectura\" \/>\n\t<meta name=\"twitter:data2\" content=\"3 minutos\" \/>\n<script type=\"application\/ld+json\" class=\"yoast-schema-graph\">{\"@context\":\"https:\/\/schema.org\",\"@graph\":[{\"@type\":\"Article\",\"@id\":\"https:\/\/gysfm.com.ar\/inicio\/un-helicoptero-ultraligero-choco-contra-los-cables-de-un-teleferico-en-italia-se-incendio-y-termino-estrellandose\/#article\",\"isPartOf\":{\"@id\":\"https:\/\/gysfm.com.ar\/inicio\/un-helicoptero-ultraligero-choco-contra-los-cables-de-un-teleferico-en-italia-se-incendio-y-termino-estrellandose\/\"},\"author\":{\"name\":\"Prensa G&amp;S FM\",\"@id\":\"https:\/\/gysfm.com.ar\/inicio\/#\/schema\/person\/3abba7593ef2ad19e1be221d54383dc5\"},\"headline\":\"Un helic\u00f3ptero ultraligero choc\u00f3 contra los cables de un telef\u00e9rico en Italia, se incendi\u00f3 y termin\u00f3 estrell\u00e1ndose\",\"datePublished\":\"2026-08-27T10:36:39+00:00\",\"dateModified\":\"2026-08-27T10:36:40+00:00\",\"mainEntityOfPage\":{\"@id\":\"https:\/\/gysfm.com.ar\/inicio\/un-helicoptero-ultraligero-choco-contra-los-cables-de-un-teleferico-en-italia-se-incendio-y-termino-estrellandose\/\"},\"wordCount\":558,\"publisher\":{\"@id\":\"https:\/\/gysfm.com.ar\/inicio\/#organization\"},\"image\":{\"@id\":\"https:\/\/gysfm.com.ar\/inicio\/un-helicoptero-ultraligero-choco-contra-los-cables-de-un-teleferico-en-italia-se-incendio-y-termino-estrellandose\/#primaryimage\"},\"thumbnailUrl\":\"https:\/\/gysfm.com.ar\/inicio\/wp-content\/uploads\/2026\/08\/un-helicoptero-ultraligero-choco-contra-los-JMNDXKJARZFGRJGXZDM3PIDPBI.jpg\",\"articleSection\":[\"INTERNACIONALES\"],\"inLanguage\":\"es\"},{\"@type\":\"WebPage\",\"@id\":\"https:\/\/gysfm.com.ar\/inicio\/un-helicoptero-ultraligero-choco-contra-los-cables-de-un-teleferico-en-italia-se-incendio-y-termino-estrellandose\/\",\"url\":\"https:\/\/gysfm.com.ar\/inicio\/un-helicoptero-ultraligero-choco-contra-los-cables-de-un-teleferico-en-italia-se-incendio-y-termino-estrellandose\/\",\"name\":\"Un helic\u00f3ptero ultraligero choc\u00f3 contra los cables de un telef\u00e9rico en Italia, se incendi\u00f3 y termin\u00f3 estrell\u00e1ndose - GYS NOTICIAS |\",\"isPartOf\":{\"@id\":\"https:\/\/gysfm.com.ar\/inicio\/#website\"},\"primaryImageOfPage\":{\"@id\":\"https:\/\/gysfm.com.ar\/inicio\/un-helicoptero-ultraligero-choco-contra-los-cables-de-un-teleferico-en-italia-se-incendio-y-termino-estrellandose\/#primaryimage\"},\"image\":{\"@id\":\"https:\/\/gysfm.com.ar\/inicio\/un-helicoptero-ultraligero-choco-contra-los-cables-de-un-teleferico-en-italia-se-incendio-y-termino-estrellandose\/#primaryimage\"},\"thumbnailUrl\":\"https:\/\/gysfm.com.ar\/inicio\/wp-content\/uploads\/2026\/08\/un-helicoptero-ultraligero-choco-contra-los-JMNDXKJARZFGRJGXZDM3PIDPBI.jpg\",\"datePublished\":\"2026-08-27T10:36:39+00:00\",\"dateModified\":\"2026-08-27T10:36:40+00:00\",\"breadcrumb\":{\"@id\":\"https:\/\/gysfm.com.ar\/inicio\/un-helicoptero-ultraligero-choco-contra-los-cables-de-un-teleferico-en-italia-se-incendio-y-termino-estrellandose\/#breadcrumb\"},\"inLanguage\":\"es\",\"potentialAction\":[{\"@type\":\"ReadAction\",\"target\":[\"https:\/\/gysfm.com.ar\/inicio\/un-helicoptero-ultraligero-choco-contra-los-cables-de-un-teleferico-en-italia-se-incendio-y-termino-estrellandose\/\"]}]},{\"@type\":\"ImageObject\",\"inLanguage\":\"es\",\"@id\":\"https:\/\/gysfm.com.ar\/inicio\/un-helicoptero-ultraligero-choco-contra-los-cables-de-un-teleferico-en-italia-se-incendio-y-termino-estrellandose\/#primaryimage\",\"url\":\"https:\/\/gysfm.com.ar\/inicio\/wp-content\/uploads\/2026\/08\/un-helicoptero-ultraligero-choco-contra-los-JMNDXKJARZFGRJGXZDM3PIDPBI.jpg\",\"contentUrl\":\"https:\/\/gysfm.com.ar\/inicio\/wp-content\/uploads\/2026\/08\/un-helicoptero-ultraligero-choco-contra-los-JMNDXKJARZFGRJGXZDM3PIDPBI.jpg\",\"width\":1200,\"height\":800},{\"@type\":\"BreadcrumbList\",\"@id\":\"https:\/\/gysfm.com.ar\/inicio\/un-helicoptero-ultraligero-choco-contra-los-cables-de-un-teleferico-en-italia-se-incendio-y-termino-estrellandose\/#breadcrumb\",\"itemListElement\":[{\"@type\":\"ListItem\",\"position\":1,\"name\":\"Portada\",\"item\":\"https:\/\/gysfm.com.ar\/inicio\/\"},{\"@type\":\"ListItem\",\"position\":2,\"name\":\"Un helic\u00f3ptero ultraligero choc\u00f3 contra los cables de un telef\u00e9rico en Italia, se incendi\u00f3 y termin\u00f3 estrell\u00e1ndose\"}]},{\"@type\":\"WebSite\",\"@id\":\"https:\/\/gysfm.com.ar\/inicio\/#website\",\"url\":\"https:\/\/gysfm.com.ar\/inicio\/\",\"name\":\"GYS NOTICIAS |\",\"description\":\"DIARIO - RADIO ONLINE SAN JUAN ARGENTINA\",\"publisher\":{\"@id\":\"https:\/\/gysfm.com.ar\/inicio\/#organization\"},\"potentialAction\":[{\"@type\":\"SearchAction\",\"target\":{\"@type\":\"EntryPoint\",\"urlTemplate\":\"https:\/\/gysfm.com.ar\/inicio\/?s={search_term_string}\"},\"query-input\":{\"@type\":\"PropertyValueSpecification\",\"valueRequired\":true,\"valueName\":\"search_term_string\"}}],\"inLanguage\":\"es\"},{\"@type\":\"Organization\",\"@id\":\"https:\/\/gysfm.com.ar\/inicio\/#organization\",\"name\":\"GYS NOTICIAS |\",\"url\":\"https:\/\/gysfm.com.ar\/inicio\/\",\"logo\":{\"@type\":\"ImageObject\",\"inLanguage\":\"es\",\"@id\":\"https:\/\/gysfm.com.ar\/inicio\/#\/schema\/logo\/image\/\",\"url\":\"https:\/\/gysfm.com.ar\/inicio\/wp-content\/uploads\/2023\/07\/LOGOGYS-OK.png\",\"contentUrl\":\"https:\/\/gysfm.com.ar\/inicio\/wp-content\/uploads\/2023\/07\/LOGOGYS-OK.png\",\"width\":1170,\"height\":872,\"caption\":\"GYS NOTICIAS |\"},\"image\":{\"@id\":\"https:\/\/gysfm.com.ar\/inicio\/#\/schema\/logo\/image\/\"}},{\"@type\":\"Person\",\"@id\":\"https:\/\/gysfm.com.ar\/inicio\/#\/schema\/person\/3abba7593ef2ad19e1be221d54383dc5\",\"name\":\"Prensa G&amp;S FM\",\"image\":{\"@type\":\"ImageObject\",\"inLanguage\":\"es\",\"@id\":\"https:\/\/gysfm.com.ar\/inicio\/#\/schema\/person\/image\/\",\"url\":\"https:\/\/secure.gravatar.com\/avatar\/096ec78df02049ab018702bb4ccedf659377fa92a26540b5247612077a0dbd29?s=96&d=mm&r=g\",\"contentUrl\":\"https:\/\/secure.gravatar.com\/avatar\/096ec78df02049ab018702bb4ccedf659377fa92a26540b5247612077a0dbd29?s=96&d=mm&r=g\",\"caption\":\"Prensa G&amp;S FM\"},\"sameAs\":[\"https:\/\/gysfm.com.ar\/\"],\"url\":\"https:\/\/gysfm.com.ar\/inicio\/author\/lucasm\/\"}]}<\/script>\n<!-- \/ Yoast SEO plugin. -->","yoast_head_json":{"title":"Un helic\u00f3ptero ultraligero choc\u00f3 contra los cables de un telef\u00e9rico en Italia, se incendi\u00f3 y termin\u00f3 estrell\u00e1ndose - GYS NOTICIAS |","robots":{"index":"index","follow":"follow","max-snippet":"max-snippet:-1","max-image-preview":"max-image-preview:large","max-video-preview":"max-video-preview:-1"},"canonical":"https:\/\/gysfm.com.ar\/inicio\/un-helicoptero-ultraligero-choco-contra-los-cables-de-un-teleferico-en-italia-se-incendio-y-termino-estrellandose\/","og_locale":"es_ES","og_type":"article","og_title":"Un helic\u00f3ptero ultraligero choc\u00f3 contra los cables de un telef\u00e9rico en Italia, se incendi\u00f3 y termin\u00f3 estrell\u00e1ndose - GYS NOTICIAS |","og_description":"Un helic\u00f3ptero ultraligero choc\u00f3 contra los cables de un telef\u00e9rico en Italia, se incendi\u00f3 y termin\u00f3 estrell\u00e1ndose. La tragedia ocurri\u00f3 este mi\u00e9rcoles en el valle de Antrona, una zona monta\u00f1osa del norte de Italia cercana a la frontera con Suiza, y dej\u00f3 un saldo de dos muertos. De acuerdo con el diario La Stampa, el [&hellip;]","og_url":"https:\/\/gysfm.com.ar\/inicio\/un-helicoptero-ultraligero-choco-contra-los-cables-de-un-teleferico-en-italia-se-incendio-y-termino-estrellandose\/","og_site_name":"GYS NOTICIAS |","article_published_time":"2026-08-27T10:36:39+00:00","article_modified_time":"2026-08-27T10:36:40+00:00","og_image":[{"width":1200,"height":800,"url":"https:\/\/gysfm.com.ar\/inicio\/wp-content\/uploads\/2026\/08\/un-helicoptero-ultraligero-choco-contra-los-JMNDXKJARZFGRJGXZDM3PIDPBI.jpg","type":"image\/jpeg"}],"author":"Prensa G&amp;S FM","twitter_card":"summary_large_image","twitter_misc":{"Escrito por":"Prensa G&amp;S FM","Tiempo de lectura":"3 minutos"},"schema":{"@context":"https:\/\/schema.org","@graph":[{"@type":"Article","@id":"https:\/\/gysfm.com.ar\/inicio\/un-helicoptero-ultraligero-choco-contra-los-cables-de-un-teleferico-en-italia-se-incendio-y-termino-estrellandose\/#article","isPartOf":{"@id":"https:\/\/gysfm.com.ar\/inicio\/un-helicoptero-ultraligero-choco-contra-los-cables-de-un-teleferico-en-italia-se-incendio-y-termino-estrellandose\/"},"author":{"name":"Prensa G&amp;S FM","@id":"https:\/\/gysfm.com.ar\/inicio\/#\/schema\/person\/3abba7593ef2ad19e1be221d54383dc5"},"headline":"Un helic\u00f3ptero ultraligero choc\u00f3 contra los cables de un telef\u00e9rico en Italia, se incendi\u00f3 y termin\u00f3 estrell\u00e1ndose","datePublished":"2026-08-27T10:36:39+00:00","dateModified":"2026-08-27T10:36:40+00:00","mainEntityOfPage":{"@id":"https:\/\/gysfm.com.ar\/inicio\/un-helicoptero-ultraligero-choco-contra-los-cables-de-un-teleferico-en-italia-se-incendio-y-termino-estrellandose\/"},"wordCount":558,"publisher":{"@id":"https:\/\/gysfm.com.ar\/inicio\/#organization"},"image":{"@id":"https:\/\/gysfm.com.ar\/inicio\/un-helicoptero-ultraligero-choco-contra-los-cables-de-un-teleferico-en-italia-se-incendio-y-termino-estrellandose\/#primaryimage"},"thumbnailUrl":"https:\/\/gysfm.com.ar\/inicio\/wp-content\/uploads\/2026\/08\/un-helicoptero-ultraligero-choco-contra-los-JMNDXKJARZFGRJGXZDM3PIDPBI.jpg","articleSection":["INTERNACIONALES"],"inLanguage":"es"},{"@type":"WebPage","@id":"https:\/\/gysfm.com.ar\/inicio\/un-helicoptero-ultraligero-choco-contra-los-cables-de-un-teleferico-en-italia-se-incendio-y-termino-estrellandose\/","url":"https:\/\/gysfm.com.ar\/inicio\/un-helicoptero-ultraligero-choco-contra-los-cables-de-un-teleferico-en-italia-se-incendio-y-termino-estrellandose\/","name":"Un helic\u00f3ptero ultraligero choc\u00f3 contra los cables de un telef\u00e9rico en Italia, se incendi\u00f3 y termin\u00f3 estrell\u00e1ndose - GYS NOTICIAS |","isPartOf":{"@id":"https:\/\/gysfm.com.ar\/inicio\/#website"},"primaryImageOfPage":{"@id":"https:\/\/gysfm.com.ar\/inicio\/un-helicoptero-ultraligero-choco-contra-los-cables-de-un-teleferico-en-italia-se-incendio-y-termino-estrellandose\/#primaryimage"},"image":{"@id":"https:\/\/gysfm.com.ar\/inicio\/un-helicoptero-ultraligero-choco-contra-los-cables-de-un-teleferico-en-italia-se-incendio-y-termino-estrellandose\/#primaryimage"},"thumbnailUrl":"https:\/\/gysfm.com.ar\/inicio\/wp-content\/uploads\/2026\/08\/un-helicoptero-ultraligero-choco-contra-los-JMNDXKJARZFGRJGXZDM3PIDPBI.jpg","datePublished":"2026-08-27T10:36:39+00:00","dateModified":"2026-08-27T10:36:40+00:00","breadcrumb":{"@id":"https:\/\/gysfm.com.ar\/inicio\/un-helicoptero-ultraligero-choco-contra-los-cables-de-un-teleferico-en-italia-se-incendio-y-termino-estrellandose\/#breadcrumb"},"inLanguage":"es","potentialAction":[{"@type":"ReadAction","target":["https:\/\/gysfm.com.ar\/inicio\/un-helicoptero-ultraligero-choco-contra-los-cables-de-un-teleferico-en-italia-se-incendio-y-termino-estrellandose\/"]}]},{"@type":"ImageObject","inLanguage":"es","@id":"https:\/\/gysfm.com.ar\/inicio\/un-helicoptero-ultraligero-choco-contra-los-cables-de-un-teleferico-en-italia-se-incendio-y-termino-estrellandose\/#primaryimage","url":"https:\/\/gysfm.com.ar\/inicio\/wp-content\/uploads\/2026\/08\/un-helicoptero-ultraligero-choco-contra-los-JMNDXKJARZFGRJGXZDM3PIDPBI.jpg","contentUrl":"https:\/\/gysfm.com.ar\/inicio\/wp-content\/uploads\/2026\/08\/un-helicoptero-ultraligero-choco-contra-los-JMNDXKJARZFGRJGXZDM3PIDPBI.jpg","width":1200,"height":800},{"@type":"BreadcrumbList","@id":"https:\/\/gysfm.com.ar\/inicio\/un-helicoptero-ultraligero-choco-contra-los-cables-de-un-teleferico-en-italia-se-incendio-y-termino-estrellandose\/#breadcrumb","itemListElement":[{"@type":"ListItem","position":1,"name":"Portada","item":"https:\/\/gysfm.com.ar\/inicio\/"},{"@type":"ListItem","position":2,"name":"Un helic\u00f3ptero ultraligero choc\u00f3 contra los cables de un telef\u00e9rico en Italia, se incendi\u00f3 y termin\u00f3 estrell\u00e1ndose"}]},{"@type":"WebSite","@id":"https:\/\/gysfm.com.ar\/inicio\/#website","url":"https:\/\/gysfm.com.ar\/inicio\/","name":"GYS NOTICIAS |","description":"DIARIO - RADIO ONLINE SAN JUAN ARGENTINA","publisher":{"@id":"https:\/\/gysfm.com.ar\/inicio\/#organization"},"potentialAction":[{"@type":"SearchAction","target":{"@type":"EntryPoint","urlTemplate":"https:\/\/gysfm.com.ar\/inicio\/?s={search_term_string}"},"query-input":{"@type":"PropertyValueSpecification","valueRequired":true,"valueName":"search_term_string"}}],"inLanguage":"es"},{"@type":"Organization","@id":"https:\/\/gysfm.com.ar\/inicio\/#organization","name":"GYS NOTICIAS |","url":"https:\/\/gysfm.com.ar\/inicio\/","logo":{"@type":"ImageObject","inLanguage":"es","@id":"https:\/\/gysfm.com.ar\/inicio\/#\/schema\/logo\/image\/","url":"https:\/\/gysfm.com.ar\/inicio\/wp-content\/uploads\/2023\/07\/LOGOGYS-OK.png","contentUrl":"https:\/\/gysfm.com.ar\/inicio\/wp-content\/uploads\/2023\/07\/LOGOGYS-OK.png","width":1170,"height":872,"caption":"GYS NOTICIAS |"},"image":{"@id":"https:\/\/gysfm.com.ar\/inicio\/#\/schema\/logo\/image\/"}},{"@type":"Person","@id":"https:\/\/gysfm.com.ar\/inicio\/#\/schema\/person\/3abba7593ef2ad19e1be221d54383dc5","name":"Prensa G&amp;S FM","image":{"@type":"ImageObject","inLanguage":"es","@id":"https:\/\/gysfm.com.ar\/inicio\/#\/schema\/person\/image\/","url":"https:\/\/secure.gravatar.com\/avatar\/096ec78df02049ab018702bb4ccedf659377fa92a26540b5247612077a0dbd29?s=96&d=mm&r=g","contentUrl":"https:\/\/secure.gravatar.com\/avatar\/096ec78df02049ab018702bb4ccedf659377fa92a26540b5247612077a0dbd29?s=96&d=mm&r=g","caption":"Prensa G&amp;S FM"},"sameAs":["https:\/\/gysfm.com.ar\/"],"url":"https:\/\/gysfm.com.ar\/inicio\/author\/lucasm\/"}]}},"_links":{"self":[{"href":"https:\/\/gysfm.com.ar\/inicio\/wp-json\/wp\/v2\/posts\/209519","targetHints":{"allow":["GET"]}}],"collection":[{"href":"https:\/\/gysfm.com.ar\/inicio\/wp-json\/wp\/v2\/posts"}],"about":[{"href":"https:\/\/gysfm.com.ar\/inicio\/wp-json\/wp\/v2\/types\/post"}],"author":[{"embeddable":true,"href":"https:\/\/gysfm.com.ar\/inicio\/wp-json\/wp\/v2\/users\/2"}],"replies":[{"embeddable":true,"href":"https:\/\/gysfm.com.ar\/inicio\/wp-json\/wp\/v2\/comments?post=209519"}],"version-history":[{"count":1,"href":"https:\/\/gysfm.com.ar\/inicio\/wp-json\/wp\/v2\/posts\/209519\/revisions"}],"predecessor-version":[{"id":209521,"href":"https:\/\/gysfm.com.ar\/inicio\/wp-json\/wp\/v2\/posts\/209519\/revisions\/209521"}],"wp:featuredmedia":[{"embeddable":true,"href":"https:\/\/gysfm.com.ar\/inicio\/wp-json\/wp\/v2\/media\/209520"}],"wp:attachment":[{"href":"https:\/\/gysfm.com.ar\/inicio\/wp-json\/wp\/v2\/media?parent=209519"}],"wp:term":[{"taxonomy":"category","embeddable":true,"href":"https:\/\/gysfm.com.ar\/inicio\/wp-json\/wp\/v2\/categories?post=209519"},{"taxonomy":"post_tag","embeddable":true,"href":"https:\/\/gysfm.com.ar\/inicio\/wp-json\/wp\/v2\/tags?post=209519"}],"curies":[{"name":"wp","href":"https:\/\/api.w.org\/{rel}","templated":true}]}}