{"id":209515,"date":"2026-08-27T06:34:24","date_gmt":"2026-08-27T09:34:24","guid":{"rendered":"https:\/\/gysfm.com.ar\/inicio\/un-destino-atractivo-para-los-montanistas-y-los-adeptos-a-la-espiritualidad\/"},"modified":"2026-08-27T06:34:25","modified_gmt":"2026-08-27T09:34:25","slug":"un-destino-atractivo-para-los-montanistas-y-los-adeptos-a-la-espiritualidad","status":"publish","type":"post","link":"https:\/\/gysfm.com.ar\/inicio\/un-destino-atractivo-para-los-montanistas-y-los-adeptos-a-la-espiritualidad\/","title":{"rendered":"Un destino atractivo para los monta\u00f1istas y los adeptos a la espiritualidad"},"content":{"rendered":"<p> <br \/>\n<\/p>\n<div>\n<p class=\"com-paragraph --capital --s\">Para un argentino, Nepal empieza siendo una idea bastante lejana. Desde Buenos Aires no hay vuelos directos a Katmand\u00fa y las alternativas exigen al menos una escala, con viajes que pueden superar las 24 horas. <strong>Pero es un destino \u00fanico, que llama la atenci\u00f3n por dem\u00e1s.<\/strong><\/p>\n<div class=\"content-media\">\n<section role=\"button\" class=\"mod-media   \">\n<figure role=\"button\" tabindex=\"0\" class=\"mod-figure \"><figcaption class=\"mod-figcaption\"><span class=\"com-text --caption --twoxs\">Janaki Mandir en Janakpur, el templo donde los hind\u00faes creen que la diosa Sita se cas\u00f3 con el Se\u00f1or Rama en Nepal<\/span><span class=\"com-text --credit --twoxs\">Abhishek Dutta<\/span><\/figcaption><\/figure>\n<\/section>\n<\/div>\n<p class=\"com-paragraph --s\">El pa\u00eds tiene unos<a href=\"https:\/\/www.lanacion.com.ar\/el-mundo\/una-alud-arrasa-una-region-de-nepal-y-deja-22-muertos-y-384-desaparecidos-nid26082026\/\" target=\"_self\" title=\"https:\/\/www.lanacion.com.ar\/el-mundo\/una-alud-arrasa-una-region-de-nepal-y-deja-22-muertos-y-384-desaparecidos-nid26082026\/\" class=\"com-link break-word\" data-mrf-recirculation=\"n_link_parrafo\"> 147.500 kil\u00f3metros cuadrados <\/a>(menos que la provincia de C\u00f3rdoba) y en apenas 150 a 250 kil\u00f3metros de norte a sur pasa de las llanuras subtropicales del Terai a las cumbres m\u00e1s altas de la Tierra. Ocho de los 14 picos del mundo que superan los 8000 metros est\u00e1n all\u00ed, incluido el Everest.<\/p>\n<p class=\"com-paragraph --s\">Esa imagen de monta\u00f1as imposibles es, claro, el gran im\u00e1n. Pero reducir Nepal al Everest deja afuera buena parte de lo que explica su industria tur\u00edstica. <strong>En 2025 el pa\u00eds recibi\u00f3 1.158.459 visitantes internacionales, seg\u00fan el Nepal Tourism Board y el Departamento de Inmigraci\u00f3n<\/strong>. <\/p>\n<p class=\"com-paragraph --s\">Fue un 0,95% m\u00e1s que en 2024 y signific\u00f3 recuperar el 96,8% del volumen de 2019, cuando hab\u00edan llegado 1.197.191 turistas. Nepal est\u00e1 otra vez muy cerca de ese n\u00famero, que es su r\u00e9cord, pese a una geograf\u00eda que nunca se lo pone demasiado f\u00e1cil.<\/p>\n<p class=\"com-paragraph --s\">Un dato ayuda a poner en perspectiva ese v\u00ednculo con la Argentina: <strong>en 2023 llegaron a Nepal unos 1530 viajeros argentinos<\/strong>, seg\u00fan estad\u00edsticas de inmigraci\u00f3n recopiladas por las autoridades tur\u00edsticas del pa\u00eds. No es un mercado masivo, pero tampoco marginal. Los registros mensuales de 2024 y 2025 muestran adem\u00e1s una presencia sostenida, sobre todo en los meses fuertes de trekking.<\/p>\n<div class=\"content-media\">\n<section role=\"button\" class=\"mod-media   \">\n<figure role=\"button\" tabindex=\"0\" class=\"mod-figure \"><figcaption class=\"mod-figcaption\"><span class=\"com-text --caption --twoxs\"><br \/>\nPaisaje del circuito Annapurna en Nepal<\/span><\/figcaption><\/figure>\n<\/section>\n<\/div>\n<p class=\"com-paragraph --s\">Katmand\u00fa suele ser la puerta de entrada y tambi\u00e9n el primer sacud\u00f3n. No es una capital prolija ni silenciosa, seg\u00fan cuentan muchos viajeros que estuvieron all\u00ed. <\/p>\n<p class=\"com-paragraph --s\">Hay motos, ruido de bocinas, polvo, cables, puestos callejeros y templos metidos casi entre negocios y edificios. El Valle de Katmand\u00fa, Patrimonio Mundial de la Unesco, re\u00fane<strong> siete conjuntos monumentales:<\/strong> las plazas Durbar de Katmand\u00fa, Patan y Bhaktapur; las estupas budistas de Swayambhu y Boudhanath; y los templos hinduistas de Pashupati y Changu Narayan. <\/p>\n<p class=\"com-paragraph --s\">En Nepal, la espiritualidad est\u00e1 en la calle. Despu\u00e9s aparece Pokhara, a unos 200 kil\u00f3metros de la capital, aunque en Nepal las distancias enga\u00f1an y el trayecto por ruta puede llevar muchas horas. La ciudad, junto al lago Phewa y con el macizo del <strong>Annapurna<\/strong> de fondo, funciona como descanso despu\u00e9s del v\u00e9rtigo de Katmand\u00fa y como puerta de entrada a varios de los trekkings m\u00e1s conocidos. El circuito del Annapurna permite acercarse al Himalaya sin convertir el viaje en una expedici\u00f3n extrema.<\/p>\n<p class=\"com-paragraph --s\">Pero Nepal no termina ah\u00ed. La Unesco reconoce cuatro sitios de Patrimonio Mundial: el Valle de Katmand\u00fa, <strong>Lumbini -lugar de nacimiento de Sidarta Gautama (Buda)-<\/strong>, el Parque Nacional de Sagarmatha, donde est\u00e1 el Everest, y el Parque Nacional de Chitwan. Este \u00faltimo queda en las tierras bajas del sur, con selva y rinocerontes de un cuerno, entre otras especies. Es dif\u00edcil imaginar un contraste m\u00e1s brusco con los glaciares del norte. En un mismo viaje se puede pasar de monasterios tibetanos y puentes colgantes a una reserva subtropical.<\/p>\n<div class=\"content-media\">\n<section role=\"button\" class=\"mod-media   \">\n<figure role=\"button\" tabindex=\"0\" class=\"mod-figure \"><figcaption class=\"mod-figcaption\"><span class=\"com-text --caption --twoxs\">Paisaje de monta\u00f1a en el camino a la base del Everest<\/span><\/figcaption><\/figure>\n<\/section>\n<\/div>\n<p class=\"com-paragraph --s\">Para los argentinos, adem\u00e1s, la entrada es bastante simple. Nepal permite obtener visa tur\u00edstica al llegar al aeropuerto internacional Tribhuvan. <\/p>\n<p class=\"com-paragraph --s\">El Departamento de Inmigraci\u00f3n cobra<strong> US$30 por 15 d\u00edas, US$50 por 30 y US$125 por 90;<\/strong> tambi\u00e9n existe la opci\u00f3n de tramitar una autorizaci\u00f3n electr\u00f3nica antes del viaje. Hay un dato para anotar: la Argentina no tiene embajada residente en Nepal. La representaci\u00f3n con jurisdicci\u00f3n sobre el pa\u00eds es la Embajada argentina en Nueva Delhi, que publica un tel\u00e9fono de guardia para emergencias.<\/p>\n<p class=\"com-paragraph --s\">El trekking exige algo m\u00e1s de planificaci\u00f3n de lo que sugieren algunas fotos de Instagram. Desde 2023, Nepal obliga a llevar gu\u00eda habilitado<strong> y la tarjeta TIMS (por <\/strong>Trekkers\u2019 Information Management System<strong>) <\/strong>emitida por una agencia para numerosas rutas en \u00e1reas protegidas, entre ellas Everest Base Camp, varios recorridos de Annapurna, Langtang y Manaslu. La tarjeta cuesta 2000 rupias nepalesas para viajeros de pa\u00edses que no pertenecen a la <strong>SAARC (Asociaci\u00f3n Sudasi\u00e1tica para la Cooperaci\u00f3n Regional, por sus siglas en ingl\u00e9s). <\/strong><\/p>\n<div class=\"content-media\">\n<section role=\"button\" class=\"mod-media   \">\n<figure role=\"button\" tabindex=\"0\" class=\"mod-figure \"><figcaption class=\"mod-figcaption\"><span class=\"com-text --caption --twoxs\">Uno de los Lagos Gokyo en Nepal<\/span><\/figcaption><\/figure>\n<\/section>\n<\/div>\n<p class=\"com-paragraph --s\">Hay una raz\u00f3n detr\u00e1s de estas reglas: en la monta\u00f1a las distancias son largas, la se\u00f1al desaparece y un simple inconveniente puede, en cuesti\u00f3n de pocas horas, convertirse en una emergencia. Algunas agencias aconsejan que el seguro incluya expresamente rescate de monta\u00f1a y evacuaci\u00f3n en helic\u00f3ptero.<\/p>\n<p class=\"com-paragraph --s\">Tambi\u00e9n importa mucho cu\u00e1ndo ir. Para trekking, las ventanas cl\u00e1sicas son la primavera boreal y, sobre todo, el oto\u00f1o, cuando termina el monz\u00f3n y suelen aparecer cielos m\u00e1s despejados. Entre junio y octubre las lluvias pueden provocar deslizamientos, crecidas y cortes de rutas.<strong> <\/strong><\/p>\n<p class=\"com-paragraph --s\"><strong>Este 26 de agosto, justamente, una inundaci\u00f3n repentina golpe\u00f3 el distrito de Rasuwa, al norte de Katmand\u00fa, y cient\u00edficos investigan si pudo haber sido desencadenada por una avalancha de hielo y roca. <\/strong><\/p>\n<p class=\"com-paragraph --s\">El otro gran obst\u00e1culo para un argentino es el pasaje. No hay conexi\u00f3n directa Buenos Aires-Katmand\u00fa; las rutas habituales pasan por grandes hubs como Estambul o Dub\u00e1i. En b\u00fasquedas realizadas en agosto, Turkish Airlines mostraba tarifas de ida y vuelta desde alrededor de US$2749 para noviembre y diciembre, aunque esos precios cambian todo el tiempo. <\/p>\n<div class=\"content-media\">\n<section role=\"button\" class=\"mod-media   \">\n<figure role=\"button\" tabindex=\"0\" class=\"mod-figure \"><figcaption class=\"mod-figcaption\"><span class=\"com-text --caption --twoxs\">Parque nacional Rara, Nepal<\/span><\/figcaption><\/figure>\n<\/section>\n<\/div>\n<p class=\"com-paragraph --s\">En destino, en cambio, el presupuesto puede aflojar: alojamiento, comida local y transporte terrestre suelen pesar bastante menos que el vuelo internacional. La ecuaci\u00f3n es rara: <strong>llegar es caro y lento; quedarse, no necesariamente.<\/strong><\/p>\n<p class=\"com-paragraph --s\">Quiz\u00e1s por eso Nepal no funciona demasiado bien como viaje de cinco d\u00edas para tachar de una lista. El pa\u00eds pide tiempo, no solo porque las rutas son lentas o porque la altura obliga a caminar despacio. Tambi\u00e9n porque su mejor parte aparece en esas transiciones: dejar atr\u00e1s una ciudad ruidosa y despertarse frente a una monta\u00f1a que no estaba visible la noche anterior; tomar un t\u00e9 en un lodge a 3500 metros; bajar d\u00edas despu\u00e9s a un valle verde donde vuelve el calor. Desde la Argentina hay medio mundo de por medio. <strong>Una vez ah\u00ed, esa distancia empieza a tener bastante sentido.<\/strong><\/p>\n<section class=\"container-center-100 mb-40 border border-bottom border-thin border-neutral-light-700\">\n<hr\/>\n<\/section>\n<\/div>\n<p><script id=\"facebookpixel\" defer=\"\" type=\"text\/javascript\">\n        !function(f,b,e,v,n,t,s)\n        {if(f.fbq)return;n=f.fbq=function(){n.callMethod?\n        n.callMethod.apply(n,arguments):n.queue.push(arguments)};\n        if(!f._fbq)f._fbq=n;n.push=n;n.loaded=!0;n.version='2.0';\n        n.queue=[];t=b.createElement(e);t.async=!0;\n        t.src=v;s=b.getElementsByTagName(e)[0];\n        s.parentNode.insertBefore(t,s)}(window, document,'script',\n        'https:\/\/connect.facebook.net\/en_US\/fbevents.js');\n        fbq('init', '492459597522335');\n        fbq('track', 'PageView');\n    <\/script><br \/>\n<br \/><\/p>\n","protected":false},"excerpt":{"rendered":"<p>Para un argentino, Nepal empieza siendo una idea bastante lejana. Desde Buenos Aires no hay vuelos directos a Katmand\u00fa y las alternativas exigen al menos una escala, con viajes que pueden superar las 24 horas. Pero es un destino \u00fanico, que llama la atenci\u00f3n por dem\u00e1s. Janaki Mandir en Janakpur, el templo donde los hind\u00faes [&hellip;]<\/p>\n","protected":false},"author":2,"featured_media":209516,"comment_status":"closed","ping_status":"closed","sticky":false,"template":"","format":"standard","meta":{"footnotes":""},"categories":[26],"tags":[],"class_list":["post-209515","post","type-post","status-publish","format-standard","has-post-thumbnail","hentry","category-internacionales"],"yoast_head":"<!-- This site is optimized with the Yoast SEO plugin v24.4 - https:\/\/yoast.com\/wordpress\/plugins\/seo\/ -->\n<title>Un destino atractivo para los monta\u00f1istas y los adeptos a la espiritualidad - GYS NOTICIAS |<\/title>\n<meta name=\"robots\" content=\"index, follow, max-snippet:-1, max-image-preview:large, max-video-preview:-1\" \/>\n<link rel=\"canonical\" href=\"https:\/\/gysfm.com.ar\/inicio\/un-destino-atractivo-para-los-montanistas-y-los-adeptos-a-la-espiritualidad\/\" \/>\n<meta property=\"og:locale\" content=\"es_ES\" \/>\n<meta property=\"og:type\" content=\"article\" \/>\n<meta property=\"og:title\" content=\"Un destino atractivo para los monta\u00f1istas y los adeptos a la espiritualidad - GYS NOTICIAS |\" \/>\n<meta property=\"og:description\" content=\"Para un argentino, Nepal empieza siendo una idea bastante lejana. Desde Buenos Aires no hay vuelos directos a Katmand\u00fa y las alternativas exigen al menos una escala, con viajes que pueden superar las 24 horas. Pero es un destino \u00fanico, que llama la atenci\u00f3n por dem\u00e1s. Janaki Mandir en Janakpur, el templo donde los hind\u00faes [&hellip;]\" \/>\n<meta property=\"og:url\" content=\"https:\/\/gysfm.com.ar\/inicio\/un-destino-atractivo-para-los-montanistas-y-los-adeptos-a-la-espiritualidad\/\" \/>\n<meta property=\"og:site_name\" content=\"GYS NOTICIAS |\" \/>\n<meta property=\"article:published_time\" content=\"2026-08-27T09:34:24+00:00\" \/>\n<meta property=\"article:modified_time\" content=\"2026-08-27T09:34:25+00:00\" \/>\n<meta property=\"og:image\" content=\"https:\/\/gysfm.com.ar\/inicio\/wp-content\/uploads\/2026\/08\/pagoda-de-la-paz-mundial-de-F7O3XR6M3RE5HFBAIVASP6J3YA.jpg\" \/>\n\t<meta property=\"og:image:width\" content=\"1200\" \/>\n\t<meta property=\"og:image:height\" content=\"800\" \/>\n\t<meta property=\"og:image:type\" content=\"image\/jpeg\" \/>\n<meta name=\"author\" content=\"Prensa G&amp;S FM\" \/>\n<meta name=\"twitter:card\" content=\"summary_large_image\" \/>\n<meta name=\"twitter:label1\" content=\"Escrito por\" \/>\n\t<meta name=\"twitter:data1\" content=\"Prensa G&amp;S FM\" \/>\n\t<meta name=\"twitter:label2\" content=\"Tiempo de lectura\" \/>\n\t<meta name=\"twitter:data2\" content=\"5 minutos\" \/>\n<script type=\"application\/ld+json\" class=\"yoast-schema-graph\">{\"@context\":\"https:\/\/schema.org\",\"@graph\":[{\"@type\":\"Article\",\"@id\":\"https:\/\/gysfm.com.ar\/inicio\/un-destino-atractivo-para-los-montanistas-y-los-adeptos-a-la-espiritualidad\/#article\",\"isPartOf\":{\"@id\":\"https:\/\/gysfm.com.ar\/inicio\/un-destino-atractivo-para-los-montanistas-y-los-adeptos-a-la-espiritualidad\/\"},\"author\":{\"name\":\"Prensa G&amp;S FM\",\"@id\":\"https:\/\/gysfm.com.ar\/inicio\/#\/schema\/person\/3abba7593ef2ad19e1be221d54383dc5\"},\"headline\":\"Un destino atractivo para los monta\u00f1istas y los adeptos a la espiritualidad\",\"datePublished\":\"2026-08-27T09:34:24+00:00\",\"dateModified\":\"2026-08-27T09:34:25+00:00\",\"mainEntityOfPage\":{\"@id\":\"https:\/\/gysfm.com.ar\/inicio\/un-destino-atractivo-para-los-montanistas-y-los-adeptos-a-la-espiritualidad\/\"},\"wordCount\":1114,\"publisher\":{\"@id\":\"https:\/\/gysfm.com.ar\/inicio\/#organization\"},\"image\":{\"@id\":\"https:\/\/gysfm.com.ar\/inicio\/un-destino-atractivo-para-los-montanistas-y-los-adeptos-a-la-espiritualidad\/#primaryimage\"},\"thumbnailUrl\":\"https:\/\/gysfm.com.ar\/inicio\/wp-content\/uploads\/2026\/08\/pagoda-de-la-paz-mundial-de-F7O3XR6M3RE5HFBAIVASP6J3YA.jpg\",\"articleSection\":[\"INTERNACIONALES\"],\"inLanguage\":\"es\"},{\"@type\":\"WebPage\",\"@id\":\"https:\/\/gysfm.com.ar\/inicio\/un-destino-atractivo-para-los-montanistas-y-los-adeptos-a-la-espiritualidad\/\",\"url\":\"https:\/\/gysfm.com.ar\/inicio\/un-destino-atractivo-para-los-montanistas-y-los-adeptos-a-la-espiritualidad\/\",\"name\":\"Un destino atractivo para los monta\u00f1istas y los adeptos a la espiritualidad - GYS NOTICIAS |\",\"isPartOf\":{\"@id\":\"https:\/\/gysfm.com.ar\/inicio\/#website\"},\"primaryImageOfPage\":{\"@id\":\"https:\/\/gysfm.com.ar\/inicio\/un-destino-atractivo-para-los-montanistas-y-los-adeptos-a-la-espiritualidad\/#primaryimage\"},\"image\":{\"@id\":\"https:\/\/gysfm.com.ar\/inicio\/un-destino-atractivo-para-los-montanistas-y-los-adeptos-a-la-espiritualidad\/#primaryimage\"},\"thumbnailUrl\":\"https:\/\/gysfm.com.ar\/inicio\/wp-content\/uploads\/2026\/08\/pagoda-de-la-paz-mundial-de-F7O3XR6M3RE5HFBAIVASP6J3YA.jpg\",\"datePublished\":\"2026-08-27T09:34:24+00:00\",\"dateModified\":\"2026-08-27T09:34:25+00:00\",\"breadcrumb\":{\"@id\":\"https:\/\/gysfm.com.ar\/inicio\/un-destino-atractivo-para-los-montanistas-y-los-adeptos-a-la-espiritualidad\/#breadcrumb\"},\"inLanguage\":\"es\",\"potentialAction\":[{\"@type\":\"ReadAction\",\"target\":[\"https:\/\/gysfm.com.ar\/inicio\/un-destino-atractivo-para-los-montanistas-y-los-adeptos-a-la-espiritualidad\/\"]}]},{\"@type\":\"ImageObject\",\"inLanguage\":\"es\",\"@id\":\"https:\/\/gysfm.com.ar\/inicio\/un-destino-atractivo-para-los-montanistas-y-los-adeptos-a-la-espiritualidad\/#primaryimage\",\"url\":\"https:\/\/gysfm.com.ar\/inicio\/wp-content\/uploads\/2026\/08\/pagoda-de-la-paz-mundial-de-F7O3XR6M3RE5HFBAIVASP6J3YA.jpg\",\"contentUrl\":\"https:\/\/gysfm.com.ar\/inicio\/wp-content\/uploads\/2026\/08\/pagoda-de-la-paz-mundial-de-F7O3XR6M3RE5HFBAIVASP6J3YA.jpg\",\"width\":1200,\"height\":800},{\"@type\":\"BreadcrumbList\",\"@id\":\"https:\/\/gysfm.com.ar\/inicio\/un-destino-atractivo-para-los-montanistas-y-los-adeptos-a-la-espiritualidad\/#breadcrumb\",\"itemListElement\":[{\"@type\":\"ListItem\",\"position\":1,\"name\":\"Portada\",\"item\":\"https:\/\/gysfm.com.ar\/inicio\/\"},{\"@type\":\"ListItem\",\"position\":2,\"name\":\"Un destino atractivo para los monta\u00f1istas y los adeptos a la espiritualidad\"}]},{\"@type\":\"WebSite\",\"@id\":\"https:\/\/gysfm.com.ar\/inicio\/#website\",\"url\":\"https:\/\/gysfm.com.ar\/inicio\/\",\"name\":\"GYS NOTICIAS |\",\"description\":\"DIARIO - RADIO ONLINE SAN JUAN ARGENTINA\",\"publisher\":{\"@id\":\"https:\/\/gysfm.com.ar\/inicio\/#organization\"},\"potentialAction\":[{\"@type\":\"SearchAction\",\"target\":{\"@type\":\"EntryPoint\",\"urlTemplate\":\"https:\/\/gysfm.com.ar\/inicio\/?s={search_term_string}\"},\"query-input\":{\"@type\":\"PropertyValueSpecification\",\"valueRequired\":true,\"valueName\":\"search_term_string\"}}],\"inLanguage\":\"es\"},{\"@type\":\"Organization\",\"@id\":\"https:\/\/gysfm.com.ar\/inicio\/#organization\",\"name\":\"GYS NOTICIAS |\",\"url\":\"https:\/\/gysfm.com.ar\/inicio\/\",\"logo\":{\"@type\":\"ImageObject\",\"inLanguage\":\"es\",\"@id\":\"https:\/\/gysfm.com.ar\/inicio\/#\/schema\/logo\/image\/\",\"url\":\"https:\/\/gysfm.com.ar\/inicio\/wp-content\/uploads\/2023\/07\/LOGOGYS-OK.png\",\"contentUrl\":\"https:\/\/gysfm.com.ar\/inicio\/wp-content\/uploads\/2023\/07\/LOGOGYS-OK.png\",\"width\":1170,\"height\":872,\"caption\":\"GYS NOTICIAS |\"},\"image\":{\"@id\":\"https:\/\/gysfm.com.ar\/inicio\/#\/schema\/logo\/image\/\"}},{\"@type\":\"Person\",\"@id\":\"https:\/\/gysfm.com.ar\/inicio\/#\/schema\/person\/3abba7593ef2ad19e1be221d54383dc5\",\"name\":\"Prensa G&amp;S FM\",\"image\":{\"@type\":\"ImageObject\",\"inLanguage\":\"es\",\"@id\":\"https:\/\/gysfm.com.ar\/inicio\/#\/schema\/person\/image\/\",\"url\":\"https:\/\/secure.gravatar.com\/avatar\/096ec78df02049ab018702bb4ccedf659377fa92a26540b5247612077a0dbd29?s=96&d=mm&r=g\",\"contentUrl\":\"https:\/\/secure.gravatar.com\/avatar\/096ec78df02049ab018702bb4ccedf659377fa92a26540b5247612077a0dbd29?s=96&d=mm&r=g\",\"caption\":\"Prensa G&amp;S FM\"},\"sameAs\":[\"https:\/\/gysfm.com.ar\/\"],\"url\":\"https:\/\/gysfm.com.ar\/inicio\/author\/lucasm\/\"}]}<\/script>\n<!-- \/ Yoast SEO plugin. -->","yoast_head_json":{"title":"Un destino atractivo para los monta\u00f1istas y los adeptos a la espiritualidad - GYS NOTICIAS |","robots":{"index":"index","follow":"follow","max-snippet":"max-snippet:-1","max-image-preview":"max-image-preview:large","max-video-preview":"max-video-preview:-1"},"canonical":"https:\/\/gysfm.com.ar\/inicio\/un-destino-atractivo-para-los-montanistas-y-los-adeptos-a-la-espiritualidad\/","og_locale":"es_ES","og_type":"article","og_title":"Un destino atractivo para los monta\u00f1istas y los adeptos a la espiritualidad - GYS NOTICIAS |","og_description":"Para un argentino, Nepal empieza siendo una idea bastante lejana. Desde Buenos Aires no hay vuelos directos a Katmand\u00fa y las alternativas exigen al menos una escala, con viajes que pueden superar las 24 horas. Pero es un destino \u00fanico, que llama la atenci\u00f3n por dem\u00e1s. Janaki Mandir en Janakpur, el templo donde los hind\u00faes [&hellip;]","og_url":"https:\/\/gysfm.com.ar\/inicio\/un-destino-atractivo-para-los-montanistas-y-los-adeptos-a-la-espiritualidad\/","og_site_name":"GYS NOTICIAS |","article_published_time":"2026-08-27T09:34:24+00:00","article_modified_time":"2026-08-27T09:34:25+00:00","og_image":[{"width":1200,"height":800,"url":"https:\/\/gysfm.com.ar\/inicio\/wp-content\/uploads\/2026\/08\/pagoda-de-la-paz-mundial-de-F7O3XR6M3RE5HFBAIVASP6J3YA.jpg","type":"image\/jpeg"}],"author":"Prensa G&amp;S FM","twitter_card":"summary_large_image","twitter_misc":{"Escrito por":"Prensa G&amp;S FM","Tiempo de lectura":"5 minutos"},"schema":{"@context":"https:\/\/schema.org","@graph":[{"@type":"Article","@id":"https:\/\/gysfm.com.ar\/inicio\/un-destino-atractivo-para-los-montanistas-y-los-adeptos-a-la-espiritualidad\/#article","isPartOf":{"@id":"https:\/\/gysfm.com.ar\/inicio\/un-destino-atractivo-para-los-montanistas-y-los-adeptos-a-la-espiritualidad\/"},"author":{"name":"Prensa G&amp;S FM","@id":"https:\/\/gysfm.com.ar\/inicio\/#\/schema\/person\/3abba7593ef2ad19e1be221d54383dc5"},"headline":"Un destino atractivo para los monta\u00f1istas y los adeptos a la espiritualidad","datePublished":"2026-08-27T09:34:24+00:00","dateModified":"2026-08-27T09:34:25+00:00","mainEntityOfPage":{"@id":"https:\/\/gysfm.com.ar\/inicio\/un-destino-atractivo-para-los-montanistas-y-los-adeptos-a-la-espiritualidad\/"},"wordCount":1114,"publisher":{"@id":"https:\/\/gysfm.com.ar\/inicio\/#organization"},"image":{"@id":"https:\/\/gysfm.com.ar\/inicio\/un-destino-atractivo-para-los-montanistas-y-los-adeptos-a-la-espiritualidad\/#primaryimage"},"thumbnailUrl":"https:\/\/gysfm.com.ar\/inicio\/wp-content\/uploads\/2026\/08\/pagoda-de-la-paz-mundial-de-F7O3XR6M3RE5HFBAIVASP6J3YA.jpg","articleSection":["INTERNACIONALES"],"inLanguage":"es"},{"@type":"WebPage","@id":"https:\/\/gysfm.com.ar\/inicio\/un-destino-atractivo-para-los-montanistas-y-los-adeptos-a-la-espiritualidad\/","url":"https:\/\/gysfm.com.ar\/inicio\/un-destino-atractivo-para-los-montanistas-y-los-adeptos-a-la-espiritualidad\/","name":"Un destino atractivo para los monta\u00f1istas y los adeptos a la espiritualidad - GYS NOTICIAS |","isPartOf":{"@id":"https:\/\/gysfm.com.ar\/inicio\/#website"},"primaryImageOfPage":{"@id":"https:\/\/gysfm.com.ar\/inicio\/un-destino-atractivo-para-los-montanistas-y-los-adeptos-a-la-espiritualidad\/#primaryimage"},"image":{"@id":"https:\/\/gysfm.com.ar\/inicio\/un-destino-atractivo-para-los-montanistas-y-los-adeptos-a-la-espiritualidad\/#primaryimage"},"thumbnailUrl":"https:\/\/gysfm.com.ar\/inicio\/wp-content\/uploads\/2026\/08\/pagoda-de-la-paz-mundial-de-F7O3XR6M3RE5HFBAIVASP6J3YA.jpg","datePublished":"2026-08-27T09:34:24+00:00","dateModified":"2026-08-27T09:34:25+00:00","breadcrumb":{"@id":"https:\/\/gysfm.com.ar\/inicio\/un-destino-atractivo-para-los-montanistas-y-los-adeptos-a-la-espiritualidad\/#breadcrumb"},"inLanguage":"es","potentialAction":[{"@type":"ReadAction","target":["https:\/\/gysfm.com.ar\/inicio\/un-destino-atractivo-para-los-montanistas-y-los-adeptos-a-la-espiritualidad\/"]}]},{"@type":"ImageObject","inLanguage":"es","@id":"https:\/\/gysfm.com.ar\/inicio\/un-destino-atractivo-para-los-montanistas-y-los-adeptos-a-la-espiritualidad\/#primaryimage","url":"https:\/\/gysfm.com.ar\/inicio\/wp-content\/uploads\/2026\/08\/pagoda-de-la-paz-mundial-de-F7O3XR6M3RE5HFBAIVASP6J3YA.jpg","contentUrl":"https:\/\/gysfm.com.ar\/inicio\/wp-content\/uploads\/2026\/08\/pagoda-de-la-paz-mundial-de-F7O3XR6M3RE5HFBAIVASP6J3YA.jpg","width":1200,"height":800},{"@type":"BreadcrumbList","@id":"https:\/\/gysfm.com.ar\/inicio\/un-destino-atractivo-para-los-montanistas-y-los-adeptos-a-la-espiritualidad\/#breadcrumb","itemListElement":[{"@type":"ListItem","position":1,"name":"Portada","item":"https:\/\/gysfm.com.ar\/inicio\/"},{"@type":"ListItem","position":2,"name":"Un destino atractivo para los monta\u00f1istas y los adeptos a la espiritualidad"}]},{"@type":"WebSite","@id":"https:\/\/gysfm.com.ar\/inicio\/#website","url":"https:\/\/gysfm.com.ar\/inicio\/","name":"GYS NOTICIAS |","description":"DIARIO - RADIO ONLINE SAN JUAN ARGENTINA","publisher":{"@id":"https:\/\/gysfm.com.ar\/inicio\/#organization"},"potentialAction":[{"@type":"SearchAction","target":{"@type":"EntryPoint","urlTemplate":"https:\/\/gysfm.com.ar\/inicio\/?s={search_term_string}"},"query-input":{"@type":"PropertyValueSpecification","valueRequired":true,"valueName":"search_term_string"}}],"inLanguage":"es"},{"@type":"Organization","@id":"https:\/\/gysfm.com.ar\/inicio\/#organization","name":"GYS NOTICIAS |","url":"https:\/\/gysfm.com.ar\/inicio\/","logo":{"@type":"ImageObject","inLanguage":"es","@id":"https:\/\/gysfm.com.ar\/inicio\/#\/schema\/logo\/image\/","url":"https:\/\/gysfm.com.ar\/inicio\/wp-content\/uploads\/2023\/07\/LOGOGYS-OK.png","contentUrl":"https:\/\/gysfm.com.ar\/inicio\/wp-content\/uploads\/2023\/07\/LOGOGYS-OK.png","width":1170,"height":872,"caption":"GYS NOTICIAS |"},"image":{"@id":"https:\/\/gysfm.com.ar\/inicio\/#\/schema\/logo\/image\/"}},{"@type":"Person","@id":"https:\/\/gysfm.com.ar\/inicio\/#\/schema\/person\/3abba7593ef2ad19e1be221d54383dc5","name":"Prensa G&amp;S FM","image":{"@type":"ImageObject","inLanguage":"es","@id":"https:\/\/gysfm.com.ar\/inicio\/#\/schema\/person\/image\/","url":"https:\/\/secure.gravatar.com\/avatar\/096ec78df02049ab018702bb4ccedf659377fa92a26540b5247612077a0dbd29?s=96&d=mm&r=g","contentUrl":"https:\/\/secure.gravatar.com\/avatar\/096ec78df02049ab018702bb4ccedf659377fa92a26540b5247612077a0dbd29?s=96&d=mm&r=g","caption":"Prensa G&amp;S FM"},"sameAs":["https:\/\/gysfm.com.ar\/"],"url":"https:\/\/gysfm.com.ar\/inicio\/author\/lucasm\/"}]}},"_links":{"self":[{"href":"https:\/\/gysfm.com.ar\/inicio\/wp-json\/wp\/v2\/posts\/209515","targetHints":{"allow":["GET"]}}],"collection":[{"href":"https:\/\/gysfm.com.ar\/inicio\/wp-json\/wp\/v2\/posts"}],"about":[{"href":"https:\/\/gysfm.com.ar\/inicio\/wp-json\/wp\/v2\/types\/post"}],"author":[{"embeddable":true,"href":"https:\/\/gysfm.com.ar\/inicio\/wp-json\/wp\/v2\/users\/2"}],"replies":[{"embeddable":true,"href":"https:\/\/gysfm.com.ar\/inicio\/wp-json\/wp\/v2\/comments?post=209515"}],"version-history":[{"count":1,"href":"https:\/\/gysfm.com.ar\/inicio\/wp-json\/wp\/v2\/posts\/209515\/revisions"}],"predecessor-version":[{"id":209517,"href":"https:\/\/gysfm.com.ar\/inicio\/wp-json\/wp\/v2\/posts\/209515\/revisions\/209517"}],"wp:featuredmedia":[{"embeddable":true,"href":"https:\/\/gysfm.com.ar\/inicio\/wp-json\/wp\/v2\/media\/209516"}],"wp:attachment":[{"href":"https:\/\/gysfm.com.ar\/inicio\/wp-json\/wp\/v2\/media?parent=209515"}],"wp:term":[{"taxonomy":"category","embeddable":true,"href":"https:\/\/gysfm.com.ar\/inicio\/wp-json\/wp\/v2\/categories?post=209515"},{"taxonomy":"post_tag","embeddable":true,"href":"https:\/\/gysfm.com.ar\/inicio\/wp-json\/wp\/v2\/tags?post=209515"}],"curies":[{"name":"wp","href":"https:\/\/api.w.org\/{rel}","templated":true}]}}