{"id":209512,"date":"2026-08-27T05:33:30","date_gmt":"2026-08-27T08:33:30","guid":{"rendered":"https:\/\/gysfm.com.ar\/inicio\/la-ia-sera-el-mayor-igualador-jamas-inventado-o-la-peor-fuente-de-injusticia-advirtio-bill-gates\/"},"modified":"2026-08-27T05:33:31","modified_gmt":"2026-08-27T08:33:31","slug":"la-ia-sera-el-mayor-igualador-jamas-inventado-o-la-peor-fuente-de-injusticia-advirtio-bill-gates","status":"publish","type":"post","link":"https:\/\/gysfm.com.ar\/inicio\/la-ia-sera-el-mayor-igualador-jamas-inventado-o-la-peor-fuente-de-injusticia-advirtio-bill-gates\/","title":{"rendered":"\u201cLa IA ser\u00e1 el mayor igualador jam\u00e1s inventado o la peor fuente de injusticia\u201d, advirti\u00f3 Bill Gates"},"content":{"rendered":"<p> <br \/>\n<\/p>\n<div>\n<p class=\"com-paragraph --capital --s\">WASHINGTON.\u2013 El empresario tecnol\u00f3gico estadounidense <strong>Bill Gates<\/strong> advirti\u00f3 este mi\u00e9rcoles que <strong>el mundo no est\u00e1 preparado para las consecuencias que traer\u00e1 la inteligencia artificial (IA),<\/strong> que destruye puestos de trabajo y amenaza el v\u00ednculo de los seres humanos, especialmente en los j\u00f3venes.<\/p>\n<p class=\"com-paragraph --s\">El cofundador de Microsoft afirm\u00f3 en un art\u00edculo en su blog que la transici\u00f3n hacia la era de la IA <strong>ser\u00e1 uno de los periodos m\u00e1s turbulentos de la historia<\/strong> y sostuvo que nadie ha presentado un plan cre\u00edble para gestionarla.<\/p>\n<p class=\"com-paragraph --s\"><strong>\u201cLa IA ser\u00e1 el mayor igualador jam\u00e1s inventado o la peor fuente de injusticia\u201d,<\/strong> escribi\u00f3 el millonario de 70 a\u00f1os, quien tambi\u00e9n se ha dedicado a la filantrop\u00eda desde la presidencia de la fundaci\u00f3n que lleva su nombre. <\/p>\n<div class=\"content-media\">\n<section role=\"button\" class=\"mod-media   \">\n<figure role=\"button\" tabindex=\"0\" class=\"mod-figure \"><figcaption class=\"mod-figcaption\"><span class=\"com-text --caption --twoxs\">Bill Gates advirti\u00f3 sobre los riesgos de la inteligencia artificial y pidi\u00f3 abordar sus posibles consecuencias<\/span><span class=\"com-text --credit --twoxs\">AFP<\/span><\/figcaption><\/figure>\n<\/section>\n<\/div>\n<p class=\"com-paragraph --s\">\u201c\u00bfC\u00f3mo utilizaremos esta tecnolog\u00eda para hacer del mundo <strong>un lugar m\u00e1s justo<\/strong> y evitar que ampl\u00ede la brecha entre ricos y pobres? \u00bfC\u00f3mo protegeremos a las personas m\u00e1s vulnerables de <strong>los perjuicios causados \u200b\u200bpor la inteligencia artificial<\/strong>, incluidas las que pierden su medio de vida y la sensaci\u00f3n de tener el control de su futuro?\u201d, se pregunt\u00f3.<\/p>\n<p class=\"com-paragraph --s\">\u201cCreo que responder a estas preguntas y actuar en consecuencia deber\u00eda ser la <strong>m\u00e1xima prioridad<\/strong> mundial. Si el mundo da los pasos adecuados, la IA <strong>ser\u00e1 una fuerza para el bien<\/strong> y mejorar\u00e1 la situaci\u00f3n de todos\u201d, a\u00f1adi\u00f3.<\/p>\n<p class=\"com-paragraph --s\">\u201cLamentablemente, en este momento no nos estamos preparando para eso. <strong>No veo indicios de que los l\u00edderes, los expertos y las comunidades est\u00e9n afrontando los desaf\u00edos de manera adecuada.<\/strong> No existe un plan para facilitar la transici\u00f3n a la era de la IA\u201d, se\u00f1al\u00f3 Gates, y dijo que probablemente apoyar\u00eda uno si existiera. \u201cSin embargo, no creo que eso vaya a suceder. Los incentivos <strong>geopol\u00edticos y econ\u00f3micos<\/strong> empujan demasiado fuerte para avanzar a toda velocidad\u201d.<\/p>\n<div class=\"content-media\">\n<section role=\"button\" class=\"mod-media   \">\n<figure role=\"button\" tabindex=\"0\" class=\"mod-figure \"><figcaption class=\"mod-figcaption\"><span class=\"com-text --caption --twoxs\">Gates ha sido un severo cr\u00edtico de la mirada puramente economicista sobre la IA (imagen ilustrativa) <\/span><span class=\"com-text --credit --twoxs\">Foto: Pexels<\/span><\/figcaption><\/figure>\n<\/section>\n<\/div>\n<p class=\"com-paragraph --s\">Se trata de la segunda advertencia de Gates sobre las consecuencias de la IA en solo unos d\u00edas, tras una entrevista con <em><strong>The New York Times<\/strong><\/em> la semana pasada donde tambi\u00e9n se refiri\u00f3 los incentivos econ\u00f3micos.<\/p>\n<p class=\"com-paragraph --s\">\u201cEn privado, las personas que entienden lo buena que es esta tecnolog\u00eda y lo mucho que est\u00e1 mejorando, est\u00e1n muy preocupadas\u201d, se\u00f1al\u00f3 en esa charla. <strong>Sin embargo, pocos ejecutivos tecnol\u00f3gicos est\u00e1n dispuestos a admitirlo p\u00fablicamente. <\/strong>\u201cAhora se dicen entre ellos: \u2018Escucha, no digas eso. Es malo para nosotros y para los pr\u00f3ximos billones de d\u00f3lares que estamos intentando recaudar\u2019\u201d.<\/p>\n<p><h2 class=\"font-primary font-w-bold text-subheading-lg text-left container-center-100 mb-8\"><span>Los riesgos principales<\/span><\/h2>\n<\/p>\n<p class=\"com-paragraph --s\">Gates enumer\u00f3 en su blog <strong>tres riesgos principales<\/strong> derivados del r\u00e1pido despliegue de la IA. El primero, <a href=\"https:\/\/www.lanacion.com.ar\/economia\/IA\/sera-muy-distinto-la-nueva-advertencia-de-bill-gates-sobre-el-avance-de-la-ia-en-el-mercado-laboral-nid12052026\/\" target=\"_self\" title=\"https:\/\/www.lanacion.com.ar\/economia\/IA\/sera-muy-distinto-la-nueva-advertencia-de-bill-gates-sobre-el-avance-de-la-ia-en-el-mercado-laboral-nid12052026\/\" class=\"com-link break-word\" data-mrf-recirculation=\"n_link_parrafo\">como advirti\u00f3 en otras oportunidades,<\/a> ser\u00eda la destrucci\u00f3n permanente de empleos.<\/p>\n<p class=\"com-paragraph --s\">El art\u00edculo sostiene que las comparaciones con lo que signific\u00f3 el paso del trabajo agr\u00edcola al de oficina son enga\u00f1osas, puesto que aquella transici\u00f3n <strong>se desarroll\u00f3 a lo largo de generaciones<\/strong> y cre\u00f3 nuevos puestos que segu\u00edan requiriendo pensamiento humano. <\/p>\n<p class=\"com-paragraph --s\">La IA, en cambio, <strong>puede sustituir al pensamiento mismo,<\/strong> alert\u00f3, lo que afectar\u00e1 al derecho, la medicina, la atenci\u00f3n al cliente, el software y la manufactura en aproximadamente una d\u00e9cada.<\/p>\n<div class=\"content-media\">\n<section role=\"button\" class=\"mod-media   \">\n<figure role=\"button\" tabindex=\"0\" class=\"mod-figure \"><figcaption class=\"mod-figcaption\"><span class=\"com-text --caption --twoxs\">Tanto el trabajo de oficina como el manual est\u00e1n en riesgo de ser reemplazados, como el sector de la construcci\u00f3n (foto ilustrativa)<\/span><span class=\"com-text --credit --twoxs\">Fotomontaje generado con IA<\/span><\/figcaption><\/figure>\n<\/section>\n<\/div>\n<p class=\"com-paragraph --s\">Los primeros puestos de trabajo y los de nivel intermedio son los m\u00e1s expuestos, afirm\u00f3, <strong>lo que implicar\u00e1 un mercado laboral con muchas menos vacantes para los j\u00f3venes.<\/strong><\/p>\n<p class=\"com-paragraph --s\">\u201cLos empleos de cuello blanco ya est\u00e1n sufriendo un impacto moderado. Tras la adopci\u00f3n generalizada de la IA generativa, el empleo <strong>cay\u00f3 considerablemente<\/strong> entre los trabajadores j\u00f3venes que ocupaban puestos especialmente vulnerables a la sustituci\u00f3n, pero no entre sus compa\u00f1eros de mayor edad\u201d, se\u00f1al\u00f3. <\/p>\n<p class=\"com-paragraph --s\">El trabajo manual <strong>se ver\u00e1 afectado de manera similar<\/strong>,<strong> a medida que los robots se abaraten. <\/strong>Los sectores de la <strong>construcci\u00f3n y la hosteler\u00eda<\/strong> ser\u00e1n impactados hacia finales de la d\u00e9cada. <\/p>\n<div class=\"content-media\">\n<section role=\"button\" class=\"mod-media   \">\n<figure role=\"button\" tabindex=\"0\" class=\"mod-figure \"><figcaption class=\"mod-figcaption\"><span class=\"com-text --caption --twoxs\">\u00bfLa IA podr\u00eda apropiarse de estos empleos?  (foto ilustrativa)<\/span><\/figcaption><\/figure>\n<\/section>\n<\/div>\n<p class=\"com-paragraph --s\">Gates sugiri\u00f3 que ciertos empleos deber\u00edan reservarse para humanos, incluso si la IA puede hacerlo mejor y m\u00e1s barato. A su juicio, <strong>se deber\u00eda prohibir la sustituci\u00f3n por IA en algunos puestos porque el rol es profundamente personal,<\/strong> como el de un cuidador, o porque es poco probable que las personas en esos puestos encuentren un nuevo empleo.<\/p>\n<p class=\"com-paragraph --s\">Tambi\u00e9n propuso un nuevo impuesto al uso de la IA, conocido como <strong>\u201cimpuesto por token\u201d,<\/strong> para encarecer la sustituci\u00f3n de personas y proporcionar fondos para ayudar a quienes pierdan su trabajo. <strong>Un token es una unidad b\u00e1sica de c\u00e1lculo en IA. <\/strong>La idea de gravarlo ha cobrado cierto impulso, incluso en Wall Street, como una forma de aumentar el costo de utilizar m\u00e1quinas en lugar de mano de obra humana.<\/p>\n<p class=\"com-paragraph --s\"><strong>El segundo riesgo ser\u00eda que nuevas capacidades de la IA caigan en malas manos,<\/strong> con ataques que son m\u00e1s r\u00e1pidos de lo que las empresas pueden contrarrestar. Los <strong>hospitales, los bancos, los sistemas de agua y las redes el\u00e9ctricas<\/strong> est\u00e1n todos expuestos, se\u00f1al\u00f3.<\/p>\n<div class=\"content-media\">\n<section role=\"button\" class=\"mod-media   \">\n<figure role=\"button\" tabindex=\"0\" class=\"mod-figure \"><figcaption class=\"mod-figcaption\"><span class=\"com-text --caption --twoxs\">Bill Gates y el presidente chino Xi Jinping, reunidos en Pek\u00edn en 2023   <\/span><span class=\"com-text --credit --twoxs\">Yin Bogu &#8211; Xinhua<\/span><\/figcaption><\/figure>\n<\/section>\n<\/div>\n<p class=\"com-paragraph --s\"><strong>La tercera \u00e1rea de riesgo tiene que ver con los ni\u00f1os y las relaciones humanas.<\/strong> Citando investigaciones, Gates afirm\u00f3 que <strong>los chatbots de IA que nunca retan ni frustran a los usuarios corren el riesgo de volverse adictivos<\/strong> y de negar a las personas la oportunidad de desarrollar habilidades sociales.<\/p>\n<p class=\"com-paragraph --s\">Los bots de IA <strong>\u201cnos roban las lecciones que aprendemos al relacionarnos con otras personas\u201d,<\/strong> escribi\u00f3.<\/p>\n<p class=\"com-paragraph --s\">Por otra parte, Gates anunci\u00f3 en una entrevista con la agencia Reuters que <strong>tiene previsto reunirse este a\u00f1o con el presidente chino, Xi Jinping,<\/strong> con el deseo de proponer iniciativas globales para mitigar los riesgos de la IA. Gates sostuvo <strong>que China podr\u00eda \u2060aceptar restringir el lanzamiento de modelos de IA potencialmente peligrosos<\/strong> si Estados Unidos tomara la iniciativa primero. <\/p>\n<p class=\"com-paragraph --s\"><strong>\u201cEl mundo entero se sumar\u00eda a esa iniciativa\u201d,<\/strong> afirm\u00f3 Gates, <a href=\"https:\/\/www.lanacion.com.ar\/el-mundo\/bill-gates-se-reunio-con-xi-jinping-que-busca-en-china-uno-de-los-mayores-multimillonarios-de-eeuu-nid16062023\/\" target=\"_self\" title=\"https:\/\/www.lanacion.com.ar\/el-mundo\/bill-gates-se-reunio-con-xi-jinping-que-busca-en-china-uno-de-los-mayores-multimillonarios-de-eeuu-nid16062023\/\" class=\"com-link break-word\" data-mrf-recirculation=\"n_link_parrafo\">quien se reuni\u00f3 con Xi hace tres a\u00f1os, <\/a>cuando fue el primer empresario extranjero en ser recibido por el presidente chino tras la pandemia.<\/p>\n<p class=\"com-paragraph --s\">El nuevo encuentro podr\u00eda concretarse en noviembre, donde Gates tiene agendado su pr\u00f3ximo viaje a China. Xi <strong>\u201cquiz\u00e1 se sorprenda de lo vehemente que soy\u201d,<\/strong> afirm\u00f3.<\/p>\n<p class=\"com-paragraph --s\"><strong>Agencias AFP y Reuters<\/strong><\/p>\n<section class=\"container-center-100 mb-40 border border-bottom border-thin border-neutral-light-700\">\n<hr\/>\n<\/section>\n<\/div>\n<p><script id=\"facebookpixel\" defer=\"\" type=\"text\/javascript\">\n        !function(f,b,e,v,n,t,s)\n        {if(f.fbq)return;n=f.fbq=function(){n.callMethod?\n        n.callMethod.apply(n,arguments):n.queue.push(arguments)};\n        if(!f._fbq)f._fbq=n;n.push=n;n.loaded=!0;n.version='2.0';\n        n.queue=[];t=b.createElement(e);t.async=!0;\n        t.src=v;s=b.getElementsByTagName(e)[0];\n        s.parentNode.insertBefore(t,s)}(window, document,'script',\n        'https:\/\/connect.facebook.net\/en_US\/fbevents.js');\n        fbq('init', '492459597522335');\n        fbq('track', 'PageView');\n    <\/script><br \/>\n<br \/><\/p>\n","protected":false},"excerpt":{"rendered":"<p>WASHINGTON.\u2013 El empresario tecnol\u00f3gico estadounidense Bill Gates advirti\u00f3 este mi\u00e9rcoles que el mundo no est\u00e1 preparado para las consecuencias que traer\u00e1 la inteligencia artificial (IA), que destruye puestos de trabajo y amenaza el v\u00ednculo de los seres humanos, especialmente en los j\u00f3venes. El cofundador de Microsoft afirm\u00f3 en un art\u00edculo en su blog que la [&hellip;]<\/p>\n","protected":false},"author":2,"featured_media":209513,"comment_status":"closed","ping_status":"closed","sticky":false,"template":"","format":"standard","meta":{"footnotes":""},"categories":[26],"tags":[],"class_list":["post-209512","post","type-post","status-publish","format-standard","has-post-thumbnail","hentry","category-internacionales"],"yoast_head":"<!-- This site is optimized with the Yoast SEO plugin v24.4 - https:\/\/yoast.com\/wordpress\/plugins\/seo\/ -->\n<title>\u201cLa IA ser\u00e1 el mayor igualador jam\u00e1s inventado o la peor fuente de injusticia\u201d, advirti\u00f3 Bill Gates - GYS NOTICIAS |<\/title>\n<meta name=\"robots\" content=\"index, follow, max-snippet:-1, max-image-preview:large, max-video-preview:-1\" \/>\n<link rel=\"canonical\" href=\"https:\/\/gysfm.com.ar\/inicio\/la-ia-sera-el-mayor-igualador-jamas-inventado-o-la-peor-fuente-de-injusticia-advirtio-bill-gates\/\" \/>\n<meta property=\"og:locale\" content=\"es_ES\" \/>\n<meta property=\"og:type\" content=\"article\" \/>\n<meta property=\"og:title\" content=\"\u201cLa IA ser\u00e1 el mayor igualador jam\u00e1s inventado o la peor fuente de injusticia\u201d, advirti\u00f3 Bill Gates - GYS NOTICIAS |\" \/>\n<meta property=\"og:description\" content=\"WASHINGTON.\u2013 El empresario tecnol\u00f3gico estadounidense Bill Gates advirti\u00f3 este mi\u00e9rcoles que el mundo no est\u00e1 preparado para las consecuencias que traer\u00e1 la inteligencia artificial (IA), que destruye puestos de trabajo y amenaza el v\u00ednculo de los seres humanos, especialmente en los j\u00f3venes. El cofundador de Microsoft afirm\u00f3 en un art\u00edculo en su blog que la [&hellip;]\" \/>\n<meta property=\"og:url\" content=\"https:\/\/gysfm.com.ar\/inicio\/la-ia-sera-el-mayor-igualador-jamas-inventado-o-la-peor-fuente-de-injusticia-advirtio-bill-gates\/\" \/>\n<meta property=\"og:site_name\" content=\"GYS NOTICIAS |\" \/>\n<meta property=\"article:published_time\" content=\"2026-08-27T08:33:30+00:00\" \/>\n<meta property=\"article:modified_time\" content=\"2026-08-27T08:33:31+00:00\" \/>\n<meta property=\"og:image\" content=\"https:\/\/gysfm.com.ar\/inicio\/wp-content\/uploads\/2026\/08\/bill-gates-durante-una-presentacion-en-el-foro-de-2V5IGSBSCJFORP7XLLCN2PUYVA.JPG\" \/>\n\t<meta property=\"og:image:width\" content=\"1200\" \/>\n\t<meta property=\"og:image:height\" content=\"800\" \/>\n\t<meta property=\"og:image:type\" content=\"image\/jpeg\" \/>\n<meta name=\"author\" content=\"Prensa G&amp;S FM\" \/>\n<meta name=\"twitter:card\" content=\"summary_large_image\" \/>\n<meta name=\"twitter:label1\" content=\"Escrito por\" \/>\n\t<meta name=\"twitter:data1\" content=\"Prensa G&amp;S FM\" \/>\n\t<meta name=\"twitter:label2\" content=\"Tiempo de lectura\" \/>\n\t<meta name=\"twitter:data2\" content=\"6 minutos\" \/>\n<script type=\"application\/ld+json\" class=\"yoast-schema-graph\">{\"@context\":\"https:\/\/schema.org\",\"@graph\":[{\"@type\":\"Article\",\"@id\":\"https:\/\/gysfm.com.ar\/inicio\/la-ia-sera-el-mayor-igualador-jamas-inventado-o-la-peor-fuente-de-injusticia-advirtio-bill-gates\/#article\",\"isPartOf\":{\"@id\":\"https:\/\/gysfm.com.ar\/inicio\/la-ia-sera-el-mayor-igualador-jamas-inventado-o-la-peor-fuente-de-injusticia-advirtio-bill-gates\/\"},\"author\":{\"name\":\"Prensa G&amp;S FM\",\"@id\":\"https:\/\/gysfm.com.ar\/inicio\/#\/schema\/person\/3abba7593ef2ad19e1be221d54383dc5\"},\"headline\":\"\u201cLa IA ser\u00e1 el mayor igualador jam\u00e1s inventado o la peor fuente de injusticia\u201d, advirti\u00f3 Bill Gates\",\"datePublished\":\"2026-08-27T08:33:30+00:00\",\"dateModified\":\"2026-08-27T08:33:31+00:00\",\"mainEntityOfPage\":{\"@id\":\"https:\/\/gysfm.com.ar\/inicio\/la-ia-sera-el-mayor-igualador-jamas-inventado-o-la-peor-fuente-de-injusticia-advirtio-bill-gates\/\"},\"wordCount\":1148,\"publisher\":{\"@id\":\"https:\/\/gysfm.com.ar\/inicio\/#organization\"},\"image\":{\"@id\":\"https:\/\/gysfm.com.ar\/inicio\/la-ia-sera-el-mayor-igualador-jamas-inventado-o-la-peor-fuente-de-injusticia-advirtio-bill-gates\/#primaryimage\"},\"thumbnailUrl\":\"https:\/\/gysfm.com.ar\/inicio\/wp-content\/uploads\/2026\/08\/bill-gates-durante-una-presentacion-en-el-foro-de-2V5IGSBSCJFORP7XLLCN2PUYVA.JPG\",\"articleSection\":[\"INTERNACIONALES\"],\"inLanguage\":\"es\"},{\"@type\":\"WebPage\",\"@id\":\"https:\/\/gysfm.com.ar\/inicio\/la-ia-sera-el-mayor-igualador-jamas-inventado-o-la-peor-fuente-de-injusticia-advirtio-bill-gates\/\",\"url\":\"https:\/\/gysfm.com.ar\/inicio\/la-ia-sera-el-mayor-igualador-jamas-inventado-o-la-peor-fuente-de-injusticia-advirtio-bill-gates\/\",\"name\":\"\u201cLa IA ser\u00e1 el mayor igualador jam\u00e1s inventado o la peor fuente de injusticia\u201d, advirti\u00f3 Bill Gates - GYS NOTICIAS |\",\"isPartOf\":{\"@id\":\"https:\/\/gysfm.com.ar\/inicio\/#website\"},\"primaryImageOfPage\":{\"@id\":\"https:\/\/gysfm.com.ar\/inicio\/la-ia-sera-el-mayor-igualador-jamas-inventado-o-la-peor-fuente-de-injusticia-advirtio-bill-gates\/#primaryimage\"},\"image\":{\"@id\":\"https:\/\/gysfm.com.ar\/inicio\/la-ia-sera-el-mayor-igualador-jamas-inventado-o-la-peor-fuente-de-injusticia-advirtio-bill-gates\/#primaryimage\"},\"thumbnailUrl\":\"https:\/\/gysfm.com.ar\/inicio\/wp-content\/uploads\/2026\/08\/bill-gates-durante-una-presentacion-en-el-foro-de-2V5IGSBSCJFORP7XLLCN2PUYVA.JPG\",\"datePublished\":\"2026-08-27T08:33:30+00:00\",\"dateModified\":\"2026-08-27T08:33:31+00:00\",\"breadcrumb\":{\"@id\":\"https:\/\/gysfm.com.ar\/inicio\/la-ia-sera-el-mayor-igualador-jamas-inventado-o-la-peor-fuente-de-injusticia-advirtio-bill-gates\/#breadcrumb\"},\"inLanguage\":\"es\",\"potentialAction\":[{\"@type\":\"ReadAction\",\"target\":[\"https:\/\/gysfm.com.ar\/inicio\/la-ia-sera-el-mayor-igualador-jamas-inventado-o-la-peor-fuente-de-injusticia-advirtio-bill-gates\/\"]}]},{\"@type\":\"ImageObject\",\"inLanguage\":\"es\",\"@id\":\"https:\/\/gysfm.com.ar\/inicio\/la-ia-sera-el-mayor-igualador-jamas-inventado-o-la-peor-fuente-de-injusticia-advirtio-bill-gates\/#primaryimage\",\"url\":\"https:\/\/gysfm.com.ar\/inicio\/wp-content\/uploads\/2026\/08\/bill-gates-durante-una-presentacion-en-el-foro-de-2V5IGSBSCJFORP7XLLCN2PUYVA.JPG\",\"contentUrl\":\"https:\/\/gysfm.com.ar\/inicio\/wp-content\/uploads\/2026\/08\/bill-gates-durante-una-presentacion-en-el-foro-de-2V5IGSBSCJFORP7XLLCN2PUYVA.JPG\",\"width\":1200,\"height\":800},{\"@type\":\"BreadcrumbList\",\"@id\":\"https:\/\/gysfm.com.ar\/inicio\/la-ia-sera-el-mayor-igualador-jamas-inventado-o-la-peor-fuente-de-injusticia-advirtio-bill-gates\/#breadcrumb\",\"itemListElement\":[{\"@type\":\"ListItem\",\"position\":1,\"name\":\"Portada\",\"item\":\"https:\/\/gysfm.com.ar\/inicio\/\"},{\"@type\":\"ListItem\",\"position\":2,\"name\":\"\u201cLa IA ser\u00e1 el mayor igualador jam\u00e1s inventado o la peor fuente de injusticia\u201d, advirti\u00f3 Bill Gates\"}]},{\"@type\":\"WebSite\",\"@id\":\"https:\/\/gysfm.com.ar\/inicio\/#website\",\"url\":\"https:\/\/gysfm.com.ar\/inicio\/\",\"name\":\"GYS NOTICIAS |\",\"description\":\"DIARIO - RADIO ONLINE SAN JUAN ARGENTINA\",\"publisher\":{\"@id\":\"https:\/\/gysfm.com.ar\/inicio\/#organization\"},\"potentialAction\":[{\"@type\":\"SearchAction\",\"target\":{\"@type\":\"EntryPoint\",\"urlTemplate\":\"https:\/\/gysfm.com.ar\/inicio\/?s={search_term_string}\"},\"query-input\":{\"@type\":\"PropertyValueSpecification\",\"valueRequired\":true,\"valueName\":\"search_term_string\"}}],\"inLanguage\":\"es\"},{\"@type\":\"Organization\",\"@id\":\"https:\/\/gysfm.com.ar\/inicio\/#organization\",\"name\":\"GYS NOTICIAS |\",\"url\":\"https:\/\/gysfm.com.ar\/inicio\/\",\"logo\":{\"@type\":\"ImageObject\",\"inLanguage\":\"es\",\"@id\":\"https:\/\/gysfm.com.ar\/inicio\/#\/schema\/logo\/image\/\",\"url\":\"https:\/\/gysfm.com.ar\/inicio\/wp-content\/uploads\/2023\/07\/LOGOGYS-OK.png\",\"contentUrl\":\"https:\/\/gysfm.com.ar\/inicio\/wp-content\/uploads\/2023\/07\/LOGOGYS-OK.png\",\"width\":1170,\"height\":872,\"caption\":\"GYS NOTICIAS |\"},\"image\":{\"@id\":\"https:\/\/gysfm.com.ar\/inicio\/#\/schema\/logo\/image\/\"}},{\"@type\":\"Person\",\"@id\":\"https:\/\/gysfm.com.ar\/inicio\/#\/schema\/person\/3abba7593ef2ad19e1be221d54383dc5\",\"name\":\"Prensa G&amp;S FM\",\"image\":{\"@type\":\"ImageObject\",\"inLanguage\":\"es\",\"@id\":\"https:\/\/gysfm.com.ar\/inicio\/#\/schema\/person\/image\/\",\"url\":\"https:\/\/secure.gravatar.com\/avatar\/096ec78df02049ab018702bb4ccedf659377fa92a26540b5247612077a0dbd29?s=96&d=mm&r=g\",\"contentUrl\":\"https:\/\/secure.gravatar.com\/avatar\/096ec78df02049ab018702bb4ccedf659377fa92a26540b5247612077a0dbd29?s=96&d=mm&r=g\",\"caption\":\"Prensa G&amp;S FM\"},\"sameAs\":[\"https:\/\/gysfm.com.ar\/\"],\"url\":\"https:\/\/gysfm.com.ar\/inicio\/author\/lucasm\/\"}]}<\/script>\n<!-- \/ Yoast SEO plugin. -->","yoast_head_json":{"title":"\u201cLa IA ser\u00e1 el mayor igualador jam\u00e1s inventado o la peor fuente de injusticia\u201d, advirti\u00f3 Bill Gates - GYS NOTICIAS |","robots":{"index":"index","follow":"follow","max-snippet":"max-snippet:-1","max-image-preview":"max-image-preview:large","max-video-preview":"max-video-preview:-1"},"canonical":"https:\/\/gysfm.com.ar\/inicio\/la-ia-sera-el-mayor-igualador-jamas-inventado-o-la-peor-fuente-de-injusticia-advirtio-bill-gates\/","og_locale":"es_ES","og_type":"article","og_title":"\u201cLa IA ser\u00e1 el mayor igualador jam\u00e1s inventado o la peor fuente de injusticia\u201d, advirti\u00f3 Bill Gates - GYS NOTICIAS |","og_description":"WASHINGTON.\u2013 El empresario tecnol\u00f3gico estadounidense Bill Gates advirti\u00f3 este mi\u00e9rcoles que el mundo no est\u00e1 preparado para las consecuencias que traer\u00e1 la inteligencia artificial (IA), que destruye puestos de trabajo y amenaza el v\u00ednculo de los seres humanos, especialmente en los j\u00f3venes. El cofundador de Microsoft afirm\u00f3 en un art\u00edculo en su blog que la [&hellip;]","og_url":"https:\/\/gysfm.com.ar\/inicio\/la-ia-sera-el-mayor-igualador-jamas-inventado-o-la-peor-fuente-de-injusticia-advirtio-bill-gates\/","og_site_name":"GYS NOTICIAS |","article_published_time":"2026-08-27T08:33:30+00:00","article_modified_time":"2026-08-27T08:33:31+00:00","og_image":[{"width":1200,"height":800,"url":"https:\/\/gysfm.com.ar\/inicio\/wp-content\/uploads\/2026\/08\/bill-gates-durante-una-presentacion-en-el-foro-de-2V5IGSBSCJFORP7XLLCN2PUYVA.JPG","type":"image\/jpeg"}],"author":"Prensa G&amp;S FM","twitter_card":"summary_large_image","twitter_misc":{"Escrito por":"Prensa G&amp;S FM","Tiempo de lectura":"6 minutos"},"schema":{"@context":"https:\/\/schema.org","@graph":[{"@type":"Article","@id":"https:\/\/gysfm.com.ar\/inicio\/la-ia-sera-el-mayor-igualador-jamas-inventado-o-la-peor-fuente-de-injusticia-advirtio-bill-gates\/#article","isPartOf":{"@id":"https:\/\/gysfm.com.ar\/inicio\/la-ia-sera-el-mayor-igualador-jamas-inventado-o-la-peor-fuente-de-injusticia-advirtio-bill-gates\/"},"author":{"name":"Prensa G&amp;S FM","@id":"https:\/\/gysfm.com.ar\/inicio\/#\/schema\/person\/3abba7593ef2ad19e1be221d54383dc5"},"headline":"\u201cLa IA ser\u00e1 el mayor igualador jam\u00e1s inventado o la peor fuente de injusticia\u201d, advirti\u00f3 Bill Gates","datePublished":"2026-08-27T08:33:30+00:00","dateModified":"2026-08-27T08:33:31+00:00","mainEntityOfPage":{"@id":"https:\/\/gysfm.com.ar\/inicio\/la-ia-sera-el-mayor-igualador-jamas-inventado-o-la-peor-fuente-de-injusticia-advirtio-bill-gates\/"},"wordCount":1148,"publisher":{"@id":"https:\/\/gysfm.com.ar\/inicio\/#organization"},"image":{"@id":"https:\/\/gysfm.com.ar\/inicio\/la-ia-sera-el-mayor-igualador-jamas-inventado-o-la-peor-fuente-de-injusticia-advirtio-bill-gates\/#primaryimage"},"thumbnailUrl":"https:\/\/gysfm.com.ar\/inicio\/wp-content\/uploads\/2026\/08\/bill-gates-durante-una-presentacion-en-el-foro-de-2V5IGSBSCJFORP7XLLCN2PUYVA.JPG","articleSection":["INTERNACIONALES"],"inLanguage":"es"},{"@type":"WebPage","@id":"https:\/\/gysfm.com.ar\/inicio\/la-ia-sera-el-mayor-igualador-jamas-inventado-o-la-peor-fuente-de-injusticia-advirtio-bill-gates\/","url":"https:\/\/gysfm.com.ar\/inicio\/la-ia-sera-el-mayor-igualador-jamas-inventado-o-la-peor-fuente-de-injusticia-advirtio-bill-gates\/","name":"\u201cLa IA ser\u00e1 el mayor igualador jam\u00e1s inventado o la peor fuente de injusticia\u201d, advirti\u00f3 Bill Gates - GYS NOTICIAS |","isPartOf":{"@id":"https:\/\/gysfm.com.ar\/inicio\/#website"},"primaryImageOfPage":{"@id":"https:\/\/gysfm.com.ar\/inicio\/la-ia-sera-el-mayor-igualador-jamas-inventado-o-la-peor-fuente-de-injusticia-advirtio-bill-gates\/#primaryimage"},"image":{"@id":"https:\/\/gysfm.com.ar\/inicio\/la-ia-sera-el-mayor-igualador-jamas-inventado-o-la-peor-fuente-de-injusticia-advirtio-bill-gates\/#primaryimage"},"thumbnailUrl":"https:\/\/gysfm.com.ar\/inicio\/wp-content\/uploads\/2026\/08\/bill-gates-durante-una-presentacion-en-el-foro-de-2V5IGSBSCJFORP7XLLCN2PUYVA.JPG","datePublished":"2026-08-27T08:33:30+00:00","dateModified":"2026-08-27T08:33:31+00:00","breadcrumb":{"@id":"https:\/\/gysfm.com.ar\/inicio\/la-ia-sera-el-mayor-igualador-jamas-inventado-o-la-peor-fuente-de-injusticia-advirtio-bill-gates\/#breadcrumb"},"inLanguage":"es","potentialAction":[{"@type":"ReadAction","target":["https:\/\/gysfm.com.ar\/inicio\/la-ia-sera-el-mayor-igualador-jamas-inventado-o-la-peor-fuente-de-injusticia-advirtio-bill-gates\/"]}]},{"@type":"ImageObject","inLanguage":"es","@id":"https:\/\/gysfm.com.ar\/inicio\/la-ia-sera-el-mayor-igualador-jamas-inventado-o-la-peor-fuente-de-injusticia-advirtio-bill-gates\/#primaryimage","url":"https:\/\/gysfm.com.ar\/inicio\/wp-content\/uploads\/2026\/08\/bill-gates-durante-una-presentacion-en-el-foro-de-2V5IGSBSCJFORP7XLLCN2PUYVA.JPG","contentUrl":"https:\/\/gysfm.com.ar\/inicio\/wp-content\/uploads\/2026\/08\/bill-gates-durante-una-presentacion-en-el-foro-de-2V5IGSBSCJFORP7XLLCN2PUYVA.JPG","width":1200,"height":800},{"@type":"BreadcrumbList","@id":"https:\/\/gysfm.com.ar\/inicio\/la-ia-sera-el-mayor-igualador-jamas-inventado-o-la-peor-fuente-de-injusticia-advirtio-bill-gates\/#breadcrumb","itemListElement":[{"@type":"ListItem","position":1,"name":"Portada","item":"https:\/\/gysfm.com.ar\/inicio\/"},{"@type":"ListItem","position":2,"name":"\u201cLa IA ser\u00e1 el mayor igualador jam\u00e1s inventado o la peor fuente de injusticia\u201d, advirti\u00f3 Bill Gates"}]},{"@type":"WebSite","@id":"https:\/\/gysfm.com.ar\/inicio\/#website","url":"https:\/\/gysfm.com.ar\/inicio\/","name":"GYS NOTICIAS |","description":"DIARIO - RADIO ONLINE SAN JUAN ARGENTINA","publisher":{"@id":"https:\/\/gysfm.com.ar\/inicio\/#organization"},"potentialAction":[{"@type":"SearchAction","target":{"@type":"EntryPoint","urlTemplate":"https:\/\/gysfm.com.ar\/inicio\/?s={search_term_string}"},"query-input":{"@type":"PropertyValueSpecification","valueRequired":true,"valueName":"search_term_string"}}],"inLanguage":"es"},{"@type":"Organization","@id":"https:\/\/gysfm.com.ar\/inicio\/#organization","name":"GYS NOTICIAS |","url":"https:\/\/gysfm.com.ar\/inicio\/","logo":{"@type":"ImageObject","inLanguage":"es","@id":"https:\/\/gysfm.com.ar\/inicio\/#\/schema\/logo\/image\/","url":"https:\/\/gysfm.com.ar\/inicio\/wp-content\/uploads\/2023\/07\/LOGOGYS-OK.png","contentUrl":"https:\/\/gysfm.com.ar\/inicio\/wp-content\/uploads\/2023\/07\/LOGOGYS-OK.png","width":1170,"height":872,"caption":"GYS NOTICIAS |"},"image":{"@id":"https:\/\/gysfm.com.ar\/inicio\/#\/schema\/logo\/image\/"}},{"@type":"Person","@id":"https:\/\/gysfm.com.ar\/inicio\/#\/schema\/person\/3abba7593ef2ad19e1be221d54383dc5","name":"Prensa G&amp;S FM","image":{"@type":"ImageObject","inLanguage":"es","@id":"https:\/\/gysfm.com.ar\/inicio\/#\/schema\/person\/image\/","url":"https:\/\/secure.gravatar.com\/avatar\/096ec78df02049ab018702bb4ccedf659377fa92a26540b5247612077a0dbd29?s=96&d=mm&r=g","contentUrl":"https:\/\/secure.gravatar.com\/avatar\/096ec78df02049ab018702bb4ccedf659377fa92a26540b5247612077a0dbd29?s=96&d=mm&r=g","caption":"Prensa G&amp;S FM"},"sameAs":["https:\/\/gysfm.com.ar\/"],"url":"https:\/\/gysfm.com.ar\/inicio\/author\/lucasm\/"}]}},"_links":{"self":[{"href":"https:\/\/gysfm.com.ar\/inicio\/wp-json\/wp\/v2\/posts\/209512","targetHints":{"allow":["GET"]}}],"collection":[{"href":"https:\/\/gysfm.com.ar\/inicio\/wp-json\/wp\/v2\/posts"}],"about":[{"href":"https:\/\/gysfm.com.ar\/inicio\/wp-json\/wp\/v2\/types\/post"}],"author":[{"embeddable":true,"href":"https:\/\/gysfm.com.ar\/inicio\/wp-json\/wp\/v2\/users\/2"}],"replies":[{"embeddable":true,"href":"https:\/\/gysfm.com.ar\/inicio\/wp-json\/wp\/v2\/comments?post=209512"}],"version-history":[{"count":1,"href":"https:\/\/gysfm.com.ar\/inicio\/wp-json\/wp\/v2\/posts\/209512\/revisions"}],"predecessor-version":[{"id":209514,"href":"https:\/\/gysfm.com.ar\/inicio\/wp-json\/wp\/v2\/posts\/209512\/revisions\/209514"}],"wp:featuredmedia":[{"embeddable":true,"href":"https:\/\/gysfm.com.ar\/inicio\/wp-json\/wp\/v2\/media\/209513"}],"wp:attachment":[{"href":"https:\/\/gysfm.com.ar\/inicio\/wp-json\/wp\/v2\/media?parent=209512"}],"wp:term":[{"taxonomy":"category","embeddable":true,"href":"https:\/\/gysfm.com.ar\/inicio\/wp-json\/wp\/v2\/categories?post=209512"},{"taxonomy":"post_tag","embeddable":true,"href":"https:\/\/gysfm.com.ar\/inicio\/wp-json\/wp\/v2\/tags?post=209512"}],"curies":[{"name":"wp","href":"https:\/\/api.w.org\/{rel}","templated":true}]}}