{"id":208937,"date":"2026-08-21T15:30:23","date_gmt":"2026-08-21T18:30:23","guid":{"rendered":"https:\/\/gysfm.com.ar\/inicio\/el-vendedor-de-autos-de-belgica-que-se-convirtio-en-principe-tras-confirmarse-su-parentesco-con-la-familia-real\/"},"modified":"2026-08-21T15:30:24","modified_gmt":"2026-08-21T18:30:24","slug":"el-vendedor-de-autos-de-belgica-que-se-convirtio-en-principe-tras-confirmarse-su-parentesco-con-la-familia-real","status":"publish","type":"post","link":"https:\/\/gysfm.com.ar\/inicio\/el-vendedor-de-autos-de-belgica-que-se-convirtio-en-principe-tras-confirmarse-su-parentesco-con-la-familia-real\/","title":{"rendered":"El vendedor de autos de B\u00e9lgica que se convirti\u00f3 en pr\u00edncipe tras confirmarse su parentesco con la familia real"},"content":{"rendered":"<p> <br \/>\n<\/p>\n<div>\n<p class=\"com-paragraph --capital --s text-left\">El pr\u00edncipe Laurent de <a href=\"https:\/\/www.lanacion.com.ar\/el-mundo\/dos-muertos-en-grecia-y-un-incendio-record-en-belgica-avanza-hacia-la-frontera-con-alemania-nid16082026\/\" target=\"_self\" title=\"https:\/\/www.lanacion.com.ar\/el-mundo\/dos-muertos-en-grecia-y-un-incendio-record-en-belgica-avanza-hacia-la-frontera-con-alemania-nid16082026\/\" class=\"com-link break-word\" data-mrf-recirculation=\"n_link_parrafo\">B\u00e9lgica<\/a> ha reconocido legalmente a <strong>Cl\u00e9ment Vandenkerckhove<\/strong>, un exvendedor de autom\u00f3viles de 26 a\u00f1os, <strong>como su hijo y heredero<\/strong>.<\/p>\n<p class=\"com-paragraph --s text-left\">Vandenkerckhove, fruto de la relaci\u00f3n entre el miembro de <a href=\"https:\/\/www.lanacion.com.ar\/revista-hola\/realeza-la-bicicleteada-de-la-reina-maxima-las-fotos-mas-romanticas-de-la-princesa-kate-y-el-nid17072026\/\" target=\"_self\" title=\"https:\/\/www.lanacion.com.ar\/revista-hola\/realeza-la-bicicleteada-de-la-reina-maxima-las-fotos-mas-romanticas-de-la-princesa-kate-y-el-nid17072026\/\" class=\"com-link break-word\" data-mrf-recirculation=\"n_link_parrafo\">la realeza<\/a> y la cantante belga Wendy Van Wanten, fue incorporado discretamente a la familia del pr\u00edncipe Laurent durante <strong>una ceremonia en el ayuntamiento hace seis meses<\/strong>, aunque los detalles apenas han trascendido ahora.<\/p>\n<p class=\"com-paragraph --s text-left\">Si bien se convierte formalmente en pr\u00edncipe, <strong>no recibir\u00e1 una asignaci\u00f3n de la Casa Real<\/strong>.<\/p>\n<p class=\"com-paragraph --s text-left\">El nuevo pr\u00edncipe ha tenido varios a\u00f1os para acostumbrarse a la idea de tener un padre miembro de la realeza y recientemente declar\u00f3 que <strong>a\u00fan no estaba seguro de si empezar\u00eda a utilizar el apellido de su padre<\/strong>, Sajonia-Coburgo.<\/p>\n<p class=\"com-paragraph --s text-left\">\u201cPuede que quiera hacerlo, pero <strong>estoy orgulloso del apellido Vandenkerckhove<\/strong>\u201d, declar\u00f3 al peri\u00f3dico <em>Het Nieuwsblad<\/em>.<\/p>\n<div class=\"content-media\">\n<section role=\"button\" class=\"mod-media   \">\n<figure role=\"button\" tabindex=\"0\" class=\"mod-figure \"><figcaption class=\"mod-figcaption\"><span class=\"com-text --caption --twoxs\">El pr\u00edncipe Laurent de B\u00e9lgica tuvo una relaci\u00f3n con la cantante Wendy Van Wanten de la cual naci\u00f3 Cl\u00e9ment Vandenkerckhove<\/span><span class=\"com-text --credit --twoxs\">Getty Images<\/span><\/figcaption><\/figure>\n<\/section>\n<\/div>\n<p class=\"com-paragraph --s\">\u201cSi renunciara a ese apellido, <strong>ser\u00eda una traici\u00f3n a todo lo que mi madre ha hecho por m\u00ed<\/strong>\u201d.<\/p>\n<p><h3 class=\"font-primary text-subheading-lg text-left container-center-100 mb-8\"><span>La prueba de ADN<\/span><\/h3>\n<\/p>\n<p class=\"com-paragraph --s\">Cl\u00e9ment <strong>no formar\u00e1 parte de la l\u00ednea de sucesi\u00f3n al trono<\/strong> <a href=\"https:\/\/www.lanacion.com.ar\/el-mundo\/belgica-se-enfrenta-a-un-incendio-sin-precedentes-mientras-los-fuegos-forestales-no-dan-tregua-en-nid15082026\/\" target=\"_self\" title=\"https:\/\/www.lanacion.com.ar\/el-mundo\/belgica-se-enfrenta-a-un-incendio-sin-precedentes-mientras-los-fuegos-forestales-no-dan-tregua-en-nid15082026\/\" class=\"com-link break-word\" data-mrf-recirculation=\"n_link_parrafo\">de B\u00e9lgica<\/a>, a diferencia de su media hermana, la princesa Louise, y sus medios hermanos, los pr\u00edncipes Aymeric y Nicolas. Tampoco participar\u00e1 en actos p\u00fablicos de la realeza.<\/p>\n<p class=\"com-paragraph --s\">Vandenkerckhove ya es conocido por los belgas, ya que fue protagonista de un documental de la televisi\u00f3n flamenca el pasado mes de septiembre, en el que <strong>relat\u00f3 c\u00f3mo lleg\u00f3 a conocer a su padre<\/strong>.<\/p>\n<p class=\"com-paragraph --s\">Su padre hab\u00eda mantenido una relaci\u00f3n con Wendy Van Wanten \u2014cuyo nombre real es Iris Vandenkerckhove\u2014 <strong>antes de casarse con la princesa Claire en 2003<\/strong>.<\/p>\n<p class=\"com-paragraph --s\">Durante el documental de la cadena <em>VTM<\/em>, Cl\u00e9ment cont\u00f3 que se encontr\u00f3 con el pr\u00edncipe por casualidad en <a href=\"https:\/\/www.lanacion.com.ar\/el-mundo\/una-explosion-provoca-un-derrumbe-en-un-centro-comercial-de-japon-y-buscan-a-decenas-de-nid28072026\/\" target=\"_self\" title=\"https:\/\/www.lanacion.com.ar\/el-mundo\/una-explosion-provoca-un-derrumbe-en-un-centro-comercial-de-japon-y-buscan-a-decenas-de-nid28072026\/\" class=\"com-link break-word\" data-mrf-recirculation=\"n_link_parrafo\">un centro comercial<\/a> en 2013, sin saber qui\u00e9n era. <strong>No fue hasta que cumpli\u00f3 16 a\u00f1os cuando su madre le revel\u00f3 la identidad de su padre<\/strong>.<\/p>\n<p class=\"com-paragraph --s\">Cuatro a\u00f1os m\u00e1s tarde, reuni\u00f3 el valor para llamarlo por tel\u00e9fono y, tras varias conversaciones m\u00e1s, se conocieron en persona; finalmente, <strong>el pr\u00edncipe Laurent sugiri\u00f3 que se sometieran a una prueba de <\/strong><a href=\"https:\/\/www.lanacion.com.ar\/estados-unidos\/noticias-del-fbi-y-el-dhs-que-dice-la-ley-en-eeuu-sobre-las-muestras-de-adn-y-huellas-dactilares-nid09082026\/\" target=\"_self\" title=\"https:\/\/www.lanacion.com.ar\/estados-unidos\/noticias-del-fbi-y-el-dhs-que-dice-la-ley-en-eeuu-sobre-las-muestras-de-adn-y-huellas-dactilares-nid09082026\/\" class=\"com-link break-word\" data-mrf-recirculation=\"n_link_parrafo\"><strong>ADN<\/strong><\/a>.<\/p>\n<p class=\"com-paragraph --s\">\u201cFuimos juntos al hospital y recuerdo que \u00e9l dijo: <strong>\u2018Yo ir\u00e9 primero para que te sientas tranquilo\u2019<\/strong>\u201d, declar\u00f3 a VTM. Posteriormente, recibi\u00f3 un correo electr\u00f3nico del laboratorio que le informaba de <strong>una coincidencia de ADN del 99,5%<\/strong>.<\/p>\n<p class=\"com-paragraph --s\">El caso de la prueba de ADN del pr\u00edncipe Laurent recuerda al de su padre, el exrey Alberto II, quien se someti\u00f3 a un an\u00e1lisis tras una larga batalla legal. En 2020, <strong>Alberto admiti\u00f3 haber tenido una hija fruto de una relaci\u00f3n extramatrimonial<\/strong> y termin\u00f3 reconoci\u00e9ndola oficialmente.<\/p>\n<p class=\"com-paragraph --s\">Alberto II abdic\u00f3 como rey de los belgas en 2013, cuando <strong>la cuesti\u00f3n de la paternidad se convirti\u00f3 en un esc\u00e1ndalo para la Casa Real<\/strong>. Delphine Bo\u00ebl, una conocida artista, gan\u00f3 finalmente su batalla judicial y obtuvo el derecho a ostentar el t\u00edtulo de princesa; ahora utiliza el nombre de Delphine de Sajonia-Coburgo.<\/p>\n<p class=\"com-paragraph --s\">En virtud de las modificaciones de la legislaci\u00f3n belga realizadas en 2013, <strong>solo unos pocos miembros de la familia real tienen derecho a recibir asignaciones p\u00fablicas<\/strong>: el rey Felipe, su padre el rey Alberto II, el pr\u00edncipe Laurent y la princesa Astrid.<\/p>\n<p class=\"com-paragraph --s text-left\"><em><strong>Por Paul Kirby<\/strong><\/em><\/p>\n<p class=\"com-paragraph --s text-left\"><em><strong>BBC Mundo<\/strong><\/em><\/p>\n<section class=\"container-center-100 mb-40 border border-bottom border-thin border-neutral-light-700\">\n<hr\/>\n<\/section>\n<\/div>\n<p><script id=\"facebookpixel\" defer=\"\" type=\"text\/javascript\">\n        !function(f,b,e,v,n,t,s)\n        {if(f.fbq)return;n=f.fbq=function(){n.callMethod?\n        n.callMethod.apply(n,arguments):n.queue.push(arguments)};\n        if(!f._fbq)f._fbq=n;n.push=n;n.loaded=!0;n.version='2.0';\n        n.queue=[];t=b.createElement(e);t.async=!0;\n        t.src=v;s=b.getElementsByTagName(e)[0];\n        s.parentNode.insertBefore(t,s)}(window, document,'script',\n        'https:\/\/connect.facebook.net\/en_US\/fbevents.js');\n        fbq('init', '492459597522335');\n        fbq('track', 'PageView');\n    <\/script><br \/>\n<br \/><\/p>\n","protected":false},"excerpt":{"rendered":"<p>El pr\u00edncipe Laurent de B\u00e9lgica ha reconocido legalmente a Cl\u00e9ment Vandenkerckhove, un exvendedor de autom\u00f3viles de 26 a\u00f1os, como su hijo y heredero. Vandenkerckhove, fruto de la relaci\u00f3n entre el miembro de la realeza y la cantante belga Wendy Van Wanten, fue incorporado discretamente a la familia del pr\u00edncipe Laurent durante una ceremonia en el [&hellip;]<\/p>\n","protected":false},"author":2,"featured_media":208938,"comment_status":"closed","ping_status":"closed","sticky":false,"template":"","format":"standard","meta":{"footnotes":""},"categories":[26],"tags":[],"class_list":["post-208937","post","type-post","status-publish","format-standard","has-post-thumbnail","hentry","category-internacionales"],"yoast_head":"<!-- This site is optimized with the Yoast SEO plugin v24.4 - https:\/\/yoast.com\/wordpress\/plugins\/seo\/ -->\n<title>El vendedor de autos de B\u00e9lgica que se convirti\u00f3 en pr\u00edncipe tras confirmarse su parentesco con la familia real - GYS NOTICIAS |<\/title>\n<meta name=\"robots\" content=\"index, follow, max-snippet:-1, max-image-preview:large, max-video-preview:-1\" \/>\n<link rel=\"canonical\" href=\"https:\/\/gysfm.com.ar\/inicio\/el-vendedor-de-autos-de-belgica-que-se-convirtio-en-principe-tras-confirmarse-su-parentesco-con-la-familia-real\/\" \/>\n<meta property=\"og:locale\" content=\"es_ES\" \/>\n<meta property=\"og:type\" content=\"article\" \/>\n<meta property=\"og:title\" content=\"El vendedor de autos de B\u00e9lgica que se convirti\u00f3 en pr\u00edncipe tras confirmarse su parentesco con la familia real - GYS NOTICIAS |\" \/>\n<meta property=\"og:description\" content=\"El pr\u00edncipe Laurent de B\u00e9lgica ha reconocido legalmente a Cl\u00e9ment Vandenkerckhove, un exvendedor de autom\u00f3viles de 26 a\u00f1os, como su hijo y heredero. Vandenkerckhove, fruto de la relaci\u00f3n entre el miembro de la realeza y la cantante belga Wendy Van Wanten, fue incorporado discretamente a la familia del pr\u00edncipe Laurent durante una ceremonia en el [&hellip;]\" \/>\n<meta property=\"og:url\" content=\"https:\/\/gysfm.com.ar\/inicio\/el-vendedor-de-autos-de-belgica-que-se-convirtio-en-principe-tras-confirmarse-su-parentesco-con-la-familia-real\/\" \/>\n<meta property=\"og:site_name\" content=\"GYS NOTICIAS |\" \/>\n<meta property=\"article:published_time\" content=\"2026-08-21T18:30:23+00:00\" \/>\n<meta property=\"article:modified_time\" content=\"2026-08-21T18:30:24+00:00\" \/>\n<meta property=\"og:image\" content=\"https:\/\/gysfm.com.ar\/inicio\/wp-content\/uploads\/2026\/08\/clement-vandenkerckhove-derecha-con-su-padre-el-6IOJYX342NFSBNJT4X7UADJVJE.webp.jpeg\" \/>\n\t<meta property=\"og:image:width\" content=\"1200\" \/>\n\t<meta property=\"og:image:height\" content=\"800\" \/>\n\t<meta property=\"og:image:type\" content=\"image\/jpeg\" \/>\n<meta name=\"author\" content=\"Prensa G&amp;S FM\" \/>\n<meta name=\"twitter:card\" content=\"summary_large_image\" \/>\n<meta name=\"twitter:label1\" content=\"Escrito por\" \/>\n\t<meta name=\"twitter:data1\" content=\"Prensa G&amp;S FM\" \/>\n\t<meta name=\"twitter:label2\" content=\"Tiempo de lectura\" \/>\n\t<meta name=\"twitter:data2\" content=\"3 minutos\" \/>\n<script type=\"application\/ld+json\" class=\"yoast-schema-graph\">{\"@context\":\"https:\/\/schema.org\",\"@graph\":[{\"@type\":\"Article\",\"@id\":\"https:\/\/gysfm.com.ar\/inicio\/el-vendedor-de-autos-de-belgica-que-se-convirtio-en-principe-tras-confirmarse-su-parentesco-con-la-familia-real\/#article\",\"isPartOf\":{\"@id\":\"https:\/\/gysfm.com.ar\/inicio\/el-vendedor-de-autos-de-belgica-que-se-convirtio-en-principe-tras-confirmarse-su-parentesco-con-la-familia-real\/\"},\"author\":{\"name\":\"Prensa G&amp;S FM\",\"@id\":\"https:\/\/gysfm.com.ar\/inicio\/#\/schema\/person\/3abba7593ef2ad19e1be221d54383dc5\"},\"headline\":\"El vendedor de autos de B\u00e9lgica que se convirti\u00f3 en pr\u00edncipe tras confirmarse su parentesco con la familia real\",\"datePublished\":\"2026-08-21T18:30:23+00:00\",\"dateModified\":\"2026-08-21T18:30:24+00:00\",\"mainEntityOfPage\":{\"@id\":\"https:\/\/gysfm.com.ar\/inicio\/el-vendedor-de-autos-de-belgica-que-se-convirtio-en-principe-tras-confirmarse-su-parentesco-con-la-familia-real\/\"},\"wordCount\":604,\"publisher\":{\"@id\":\"https:\/\/gysfm.com.ar\/inicio\/#organization\"},\"image\":{\"@id\":\"https:\/\/gysfm.com.ar\/inicio\/el-vendedor-de-autos-de-belgica-que-se-convirtio-en-principe-tras-confirmarse-su-parentesco-con-la-familia-real\/#primaryimage\"},\"thumbnailUrl\":\"https:\/\/gysfm.com.ar\/inicio\/wp-content\/uploads\/2026\/08\/clement-vandenkerckhove-derecha-con-su-padre-el-6IOJYX342NFSBNJT4X7UADJVJE.webp.jpeg\",\"articleSection\":[\"INTERNACIONALES\"],\"inLanguage\":\"es\"},{\"@type\":\"WebPage\",\"@id\":\"https:\/\/gysfm.com.ar\/inicio\/el-vendedor-de-autos-de-belgica-que-se-convirtio-en-principe-tras-confirmarse-su-parentesco-con-la-familia-real\/\",\"url\":\"https:\/\/gysfm.com.ar\/inicio\/el-vendedor-de-autos-de-belgica-que-se-convirtio-en-principe-tras-confirmarse-su-parentesco-con-la-familia-real\/\",\"name\":\"El vendedor de autos de B\u00e9lgica que se convirti\u00f3 en pr\u00edncipe tras confirmarse su parentesco con la familia real - GYS NOTICIAS |\",\"isPartOf\":{\"@id\":\"https:\/\/gysfm.com.ar\/inicio\/#website\"},\"primaryImageOfPage\":{\"@id\":\"https:\/\/gysfm.com.ar\/inicio\/el-vendedor-de-autos-de-belgica-que-se-convirtio-en-principe-tras-confirmarse-su-parentesco-con-la-familia-real\/#primaryimage\"},\"image\":{\"@id\":\"https:\/\/gysfm.com.ar\/inicio\/el-vendedor-de-autos-de-belgica-que-se-convirtio-en-principe-tras-confirmarse-su-parentesco-con-la-familia-real\/#primaryimage\"},\"thumbnailUrl\":\"https:\/\/gysfm.com.ar\/inicio\/wp-content\/uploads\/2026\/08\/clement-vandenkerckhove-derecha-con-su-padre-el-6IOJYX342NFSBNJT4X7UADJVJE.webp.jpeg\",\"datePublished\":\"2026-08-21T18:30:23+00:00\",\"dateModified\":\"2026-08-21T18:30:24+00:00\",\"breadcrumb\":{\"@id\":\"https:\/\/gysfm.com.ar\/inicio\/el-vendedor-de-autos-de-belgica-que-se-convirtio-en-principe-tras-confirmarse-su-parentesco-con-la-familia-real\/#breadcrumb\"},\"inLanguage\":\"es\",\"potentialAction\":[{\"@type\":\"ReadAction\",\"target\":[\"https:\/\/gysfm.com.ar\/inicio\/el-vendedor-de-autos-de-belgica-que-se-convirtio-en-principe-tras-confirmarse-su-parentesco-con-la-familia-real\/\"]}]},{\"@type\":\"ImageObject\",\"inLanguage\":\"es\",\"@id\":\"https:\/\/gysfm.com.ar\/inicio\/el-vendedor-de-autos-de-belgica-que-se-convirtio-en-principe-tras-confirmarse-su-parentesco-con-la-familia-real\/#primaryimage\",\"url\":\"https:\/\/gysfm.com.ar\/inicio\/wp-content\/uploads\/2026\/08\/clement-vandenkerckhove-derecha-con-su-padre-el-6IOJYX342NFSBNJT4X7UADJVJE.webp.jpeg\",\"contentUrl\":\"https:\/\/gysfm.com.ar\/inicio\/wp-content\/uploads\/2026\/08\/clement-vandenkerckhove-derecha-con-su-padre-el-6IOJYX342NFSBNJT4X7UADJVJE.webp.jpeg\",\"width\":1200,\"height\":800},{\"@type\":\"BreadcrumbList\",\"@id\":\"https:\/\/gysfm.com.ar\/inicio\/el-vendedor-de-autos-de-belgica-que-se-convirtio-en-principe-tras-confirmarse-su-parentesco-con-la-familia-real\/#breadcrumb\",\"itemListElement\":[{\"@type\":\"ListItem\",\"position\":1,\"name\":\"Portada\",\"item\":\"https:\/\/gysfm.com.ar\/inicio\/\"},{\"@type\":\"ListItem\",\"position\":2,\"name\":\"El vendedor de autos de B\u00e9lgica que se convirti\u00f3 en pr\u00edncipe tras confirmarse su parentesco con la familia real\"}]},{\"@type\":\"WebSite\",\"@id\":\"https:\/\/gysfm.com.ar\/inicio\/#website\",\"url\":\"https:\/\/gysfm.com.ar\/inicio\/\",\"name\":\"GYS NOTICIAS |\",\"description\":\"DIARIO - RADIO ONLINE SAN JUAN ARGENTINA\",\"publisher\":{\"@id\":\"https:\/\/gysfm.com.ar\/inicio\/#organization\"},\"potentialAction\":[{\"@type\":\"SearchAction\",\"target\":{\"@type\":\"EntryPoint\",\"urlTemplate\":\"https:\/\/gysfm.com.ar\/inicio\/?s={search_term_string}\"},\"query-input\":{\"@type\":\"PropertyValueSpecification\",\"valueRequired\":true,\"valueName\":\"search_term_string\"}}],\"inLanguage\":\"es\"},{\"@type\":\"Organization\",\"@id\":\"https:\/\/gysfm.com.ar\/inicio\/#organization\",\"name\":\"GYS NOTICIAS |\",\"url\":\"https:\/\/gysfm.com.ar\/inicio\/\",\"logo\":{\"@type\":\"ImageObject\",\"inLanguage\":\"es\",\"@id\":\"https:\/\/gysfm.com.ar\/inicio\/#\/schema\/logo\/image\/\",\"url\":\"https:\/\/gysfm.com.ar\/inicio\/wp-content\/uploads\/2023\/07\/LOGOGYS-OK.png\",\"contentUrl\":\"https:\/\/gysfm.com.ar\/inicio\/wp-content\/uploads\/2023\/07\/LOGOGYS-OK.png\",\"width\":1170,\"height\":872,\"caption\":\"GYS NOTICIAS |\"},\"image\":{\"@id\":\"https:\/\/gysfm.com.ar\/inicio\/#\/schema\/logo\/image\/\"}},{\"@type\":\"Person\",\"@id\":\"https:\/\/gysfm.com.ar\/inicio\/#\/schema\/person\/3abba7593ef2ad19e1be221d54383dc5\",\"name\":\"Prensa G&amp;S FM\",\"image\":{\"@type\":\"ImageObject\",\"inLanguage\":\"es\",\"@id\":\"https:\/\/gysfm.com.ar\/inicio\/#\/schema\/person\/image\/\",\"url\":\"https:\/\/secure.gravatar.com\/avatar\/096ec78df02049ab018702bb4ccedf659377fa92a26540b5247612077a0dbd29?s=96&d=mm&r=g\",\"contentUrl\":\"https:\/\/secure.gravatar.com\/avatar\/096ec78df02049ab018702bb4ccedf659377fa92a26540b5247612077a0dbd29?s=96&d=mm&r=g\",\"caption\":\"Prensa G&amp;S FM\"},\"sameAs\":[\"https:\/\/gysfm.com.ar\/\"],\"url\":\"https:\/\/gysfm.com.ar\/inicio\/author\/lucasm\/\"}]}<\/script>\n<!-- \/ Yoast SEO plugin. -->","yoast_head_json":{"title":"El vendedor de autos de B\u00e9lgica que se convirti\u00f3 en pr\u00edncipe tras confirmarse su parentesco con la familia real - GYS NOTICIAS |","robots":{"index":"index","follow":"follow","max-snippet":"max-snippet:-1","max-image-preview":"max-image-preview:large","max-video-preview":"max-video-preview:-1"},"canonical":"https:\/\/gysfm.com.ar\/inicio\/el-vendedor-de-autos-de-belgica-que-se-convirtio-en-principe-tras-confirmarse-su-parentesco-con-la-familia-real\/","og_locale":"es_ES","og_type":"article","og_title":"El vendedor de autos de B\u00e9lgica que se convirti\u00f3 en pr\u00edncipe tras confirmarse su parentesco con la familia real - GYS NOTICIAS |","og_description":"El pr\u00edncipe Laurent de B\u00e9lgica ha reconocido legalmente a Cl\u00e9ment Vandenkerckhove, un exvendedor de autom\u00f3viles de 26 a\u00f1os, como su hijo y heredero. Vandenkerckhove, fruto de la relaci\u00f3n entre el miembro de la realeza y la cantante belga Wendy Van Wanten, fue incorporado discretamente a la familia del pr\u00edncipe Laurent durante una ceremonia en el [&hellip;]","og_url":"https:\/\/gysfm.com.ar\/inicio\/el-vendedor-de-autos-de-belgica-que-se-convirtio-en-principe-tras-confirmarse-su-parentesco-con-la-familia-real\/","og_site_name":"GYS NOTICIAS |","article_published_time":"2026-08-21T18:30:23+00:00","article_modified_time":"2026-08-21T18:30:24+00:00","og_image":[{"width":1200,"height":800,"url":"https:\/\/gysfm.com.ar\/inicio\/wp-content\/uploads\/2026\/08\/clement-vandenkerckhove-derecha-con-su-padre-el-6IOJYX342NFSBNJT4X7UADJVJE.webp.jpeg","type":"image\/jpeg"}],"author":"Prensa G&amp;S FM","twitter_card":"summary_large_image","twitter_misc":{"Escrito por":"Prensa G&amp;S FM","Tiempo de lectura":"3 minutos"},"schema":{"@context":"https:\/\/schema.org","@graph":[{"@type":"Article","@id":"https:\/\/gysfm.com.ar\/inicio\/el-vendedor-de-autos-de-belgica-que-se-convirtio-en-principe-tras-confirmarse-su-parentesco-con-la-familia-real\/#article","isPartOf":{"@id":"https:\/\/gysfm.com.ar\/inicio\/el-vendedor-de-autos-de-belgica-que-se-convirtio-en-principe-tras-confirmarse-su-parentesco-con-la-familia-real\/"},"author":{"name":"Prensa G&amp;S FM","@id":"https:\/\/gysfm.com.ar\/inicio\/#\/schema\/person\/3abba7593ef2ad19e1be221d54383dc5"},"headline":"El vendedor de autos de B\u00e9lgica que se convirti\u00f3 en pr\u00edncipe tras confirmarse su parentesco con la familia real","datePublished":"2026-08-21T18:30:23+00:00","dateModified":"2026-08-21T18:30:24+00:00","mainEntityOfPage":{"@id":"https:\/\/gysfm.com.ar\/inicio\/el-vendedor-de-autos-de-belgica-que-se-convirtio-en-principe-tras-confirmarse-su-parentesco-con-la-familia-real\/"},"wordCount":604,"publisher":{"@id":"https:\/\/gysfm.com.ar\/inicio\/#organization"},"image":{"@id":"https:\/\/gysfm.com.ar\/inicio\/el-vendedor-de-autos-de-belgica-que-se-convirtio-en-principe-tras-confirmarse-su-parentesco-con-la-familia-real\/#primaryimage"},"thumbnailUrl":"https:\/\/gysfm.com.ar\/inicio\/wp-content\/uploads\/2026\/08\/clement-vandenkerckhove-derecha-con-su-padre-el-6IOJYX342NFSBNJT4X7UADJVJE.webp.jpeg","articleSection":["INTERNACIONALES"],"inLanguage":"es"},{"@type":"WebPage","@id":"https:\/\/gysfm.com.ar\/inicio\/el-vendedor-de-autos-de-belgica-que-se-convirtio-en-principe-tras-confirmarse-su-parentesco-con-la-familia-real\/","url":"https:\/\/gysfm.com.ar\/inicio\/el-vendedor-de-autos-de-belgica-que-se-convirtio-en-principe-tras-confirmarse-su-parentesco-con-la-familia-real\/","name":"El vendedor de autos de B\u00e9lgica que se convirti\u00f3 en pr\u00edncipe tras confirmarse su parentesco con la familia real - GYS NOTICIAS |","isPartOf":{"@id":"https:\/\/gysfm.com.ar\/inicio\/#website"},"primaryImageOfPage":{"@id":"https:\/\/gysfm.com.ar\/inicio\/el-vendedor-de-autos-de-belgica-que-se-convirtio-en-principe-tras-confirmarse-su-parentesco-con-la-familia-real\/#primaryimage"},"image":{"@id":"https:\/\/gysfm.com.ar\/inicio\/el-vendedor-de-autos-de-belgica-que-se-convirtio-en-principe-tras-confirmarse-su-parentesco-con-la-familia-real\/#primaryimage"},"thumbnailUrl":"https:\/\/gysfm.com.ar\/inicio\/wp-content\/uploads\/2026\/08\/clement-vandenkerckhove-derecha-con-su-padre-el-6IOJYX342NFSBNJT4X7UADJVJE.webp.jpeg","datePublished":"2026-08-21T18:30:23+00:00","dateModified":"2026-08-21T18:30:24+00:00","breadcrumb":{"@id":"https:\/\/gysfm.com.ar\/inicio\/el-vendedor-de-autos-de-belgica-que-se-convirtio-en-principe-tras-confirmarse-su-parentesco-con-la-familia-real\/#breadcrumb"},"inLanguage":"es","potentialAction":[{"@type":"ReadAction","target":["https:\/\/gysfm.com.ar\/inicio\/el-vendedor-de-autos-de-belgica-que-se-convirtio-en-principe-tras-confirmarse-su-parentesco-con-la-familia-real\/"]}]},{"@type":"ImageObject","inLanguage":"es","@id":"https:\/\/gysfm.com.ar\/inicio\/el-vendedor-de-autos-de-belgica-que-se-convirtio-en-principe-tras-confirmarse-su-parentesco-con-la-familia-real\/#primaryimage","url":"https:\/\/gysfm.com.ar\/inicio\/wp-content\/uploads\/2026\/08\/clement-vandenkerckhove-derecha-con-su-padre-el-6IOJYX342NFSBNJT4X7UADJVJE.webp.jpeg","contentUrl":"https:\/\/gysfm.com.ar\/inicio\/wp-content\/uploads\/2026\/08\/clement-vandenkerckhove-derecha-con-su-padre-el-6IOJYX342NFSBNJT4X7UADJVJE.webp.jpeg","width":1200,"height":800},{"@type":"BreadcrumbList","@id":"https:\/\/gysfm.com.ar\/inicio\/el-vendedor-de-autos-de-belgica-que-se-convirtio-en-principe-tras-confirmarse-su-parentesco-con-la-familia-real\/#breadcrumb","itemListElement":[{"@type":"ListItem","position":1,"name":"Portada","item":"https:\/\/gysfm.com.ar\/inicio\/"},{"@type":"ListItem","position":2,"name":"El vendedor de autos de B\u00e9lgica que se convirti\u00f3 en pr\u00edncipe tras confirmarse su parentesco con la familia real"}]},{"@type":"WebSite","@id":"https:\/\/gysfm.com.ar\/inicio\/#website","url":"https:\/\/gysfm.com.ar\/inicio\/","name":"GYS NOTICIAS |","description":"DIARIO - RADIO ONLINE SAN JUAN ARGENTINA","publisher":{"@id":"https:\/\/gysfm.com.ar\/inicio\/#organization"},"potentialAction":[{"@type":"SearchAction","target":{"@type":"EntryPoint","urlTemplate":"https:\/\/gysfm.com.ar\/inicio\/?s={search_term_string}"},"query-input":{"@type":"PropertyValueSpecification","valueRequired":true,"valueName":"search_term_string"}}],"inLanguage":"es"},{"@type":"Organization","@id":"https:\/\/gysfm.com.ar\/inicio\/#organization","name":"GYS NOTICIAS |","url":"https:\/\/gysfm.com.ar\/inicio\/","logo":{"@type":"ImageObject","inLanguage":"es","@id":"https:\/\/gysfm.com.ar\/inicio\/#\/schema\/logo\/image\/","url":"https:\/\/gysfm.com.ar\/inicio\/wp-content\/uploads\/2023\/07\/LOGOGYS-OK.png","contentUrl":"https:\/\/gysfm.com.ar\/inicio\/wp-content\/uploads\/2023\/07\/LOGOGYS-OK.png","width":1170,"height":872,"caption":"GYS NOTICIAS |"},"image":{"@id":"https:\/\/gysfm.com.ar\/inicio\/#\/schema\/logo\/image\/"}},{"@type":"Person","@id":"https:\/\/gysfm.com.ar\/inicio\/#\/schema\/person\/3abba7593ef2ad19e1be221d54383dc5","name":"Prensa G&amp;S FM","image":{"@type":"ImageObject","inLanguage":"es","@id":"https:\/\/gysfm.com.ar\/inicio\/#\/schema\/person\/image\/","url":"https:\/\/secure.gravatar.com\/avatar\/096ec78df02049ab018702bb4ccedf659377fa92a26540b5247612077a0dbd29?s=96&d=mm&r=g","contentUrl":"https:\/\/secure.gravatar.com\/avatar\/096ec78df02049ab018702bb4ccedf659377fa92a26540b5247612077a0dbd29?s=96&d=mm&r=g","caption":"Prensa G&amp;S FM"},"sameAs":["https:\/\/gysfm.com.ar\/"],"url":"https:\/\/gysfm.com.ar\/inicio\/author\/lucasm\/"}]}},"_links":{"self":[{"href":"https:\/\/gysfm.com.ar\/inicio\/wp-json\/wp\/v2\/posts\/208937","targetHints":{"allow":["GET"]}}],"collection":[{"href":"https:\/\/gysfm.com.ar\/inicio\/wp-json\/wp\/v2\/posts"}],"about":[{"href":"https:\/\/gysfm.com.ar\/inicio\/wp-json\/wp\/v2\/types\/post"}],"author":[{"embeddable":true,"href":"https:\/\/gysfm.com.ar\/inicio\/wp-json\/wp\/v2\/users\/2"}],"replies":[{"embeddable":true,"href":"https:\/\/gysfm.com.ar\/inicio\/wp-json\/wp\/v2\/comments?post=208937"}],"version-history":[{"count":1,"href":"https:\/\/gysfm.com.ar\/inicio\/wp-json\/wp\/v2\/posts\/208937\/revisions"}],"predecessor-version":[{"id":208939,"href":"https:\/\/gysfm.com.ar\/inicio\/wp-json\/wp\/v2\/posts\/208937\/revisions\/208939"}],"wp:featuredmedia":[{"embeddable":true,"href":"https:\/\/gysfm.com.ar\/inicio\/wp-json\/wp\/v2\/media\/208938"}],"wp:attachment":[{"href":"https:\/\/gysfm.com.ar\/inicio\/wp-json\/wp\/v2\/media?parent=208937"}],"wp:term":[{"taxonomy":"category","embeddable":true,"href":"https:\/\/gysfm.com.ar\/inicio\/wp-json\/wp\/v2\/categories?post=208937"},{"taxonomy":"post_tag","embeddable":true,"href":"https:\/\/gysfm.com.ar\/inicio\/wp-json\/wp\/v2\/tags?post=208937"}],"curies":[{"name":"wp","href":"https:\/\/api.w.org\/{rel}","templated":true}]}}