{"id":208934,"date":"2026-08-21T14:29:20","date_gmt":"2026-08-21T17:29:20","guid":{"rendered":"https:\/\/gysfm.com.ar\/inicio\/obras-en-aeroparque-cuales-son-los-dias-de-la-semana-que-viene-en-los-que-no-habra-actividad-y-que-pasara-con-los-vuelos\/"},"modified":"2026-08-21T14:29:21","modified_gmt":"2026-08-21T17:29:21","slug":"obras-en-aeroparque-cuales-son-los-dias-de-la-semana-que-viene-en-los-que-no-habra-actividad-y-que-pasara-con-los-vuelos","status":"publish","type":"post","link":"https:\/\/gysfm.com.ar\/inicio\/obras-en-aeroparque-cuales-son-los-dias-de-la-semana-que-viene-en-los-que-no-habra-actividad-y-que-pasara-con-los-vuelos\/","title":{"rendered":"Obras en Aeroparque: cu\u00e1les son los d\u00edas de la semana que viene en los que no habr\u00e1 actividad y qu\u00e9 pasar\u00e1 con los vuelos"},"content":{"rendered":"<p><\/p>\n<div>\n<p class=\"com-paragraph --s\"><strong>Desde las 9 del martes 25 de agosto hasta las 16 del jueves 27, el<\/strong> <strong>Aeroparque Jorge Newbery permanecer\u00e1 <\/strong><a href=\"https:\/\/www.lanacion.com.ar\/economia\/cerraran-aeroparque-por-dos-dias-en-agosto-para-realizar-un-mantenimiento-preventivo-de-la-pista-nid05062026\/\" target=\"_self\" title=\"https:\/\/www.lanacion.com.ar\/economia\/cerraran-aeroparque-por-dos-dias-en-agosto-para-realizar-un-mantenimiento-preventivo-de-la-pista-nid05062026\/\" class=\"com-link break-word\" data-mrf-recirculation=\"n_link_parrafo\"><strong>cerrado<\/strong><\/a><strong> para las operaciones a\u00e9reas<\/strong> debido a trabajos de <mark class=\"hl_underline\">mantenimiento preventivo de la pista<\/mark> en toda su extensi\u00f3n.<\/p>\n<p class=\"com-paragraph --s\">Sin embargo, el cierre <mark class=\"hl_underline\">no implicar\u00e1 la cancelaci\u00f3n general de los vuelos<\/mark> de cabotaje e internacionales previstos para esas fechas. Las<strong> aerol\u00edneas ajustaron sus programaciones y trasladar\u00e1n parte de sus operaciones<\/strong> <strong>al Aeropuerto Internacional Ministro Pistarini, en Ezeiza<\/strong>.<\/p>\n<p class=\"com-paragraph --s\">Seg\u00fan inform\u00f3 Aeropuertos Argentina, concesionario de ambas terminales, durante las horas en que Aeroparque permanezca cerrado<strong> Ezeiza recibir\u00e1 410 vuelos adicionales a los 530 que ya estaban previstos.<\/strong> De esta manera, la terminal de Ezeiza operar\u00e1 un total de 940 vuelos durante ese per\u00edodo.<\/p>\n<p class=\"com-paragraph --s\">Las obras en Aeroparque responden, seg\u00fan explic\u00f3 la compa\u00f1\u00eda, al fuerte crecimiento de la operaci\u00f3n de esa terminal y a las perspectivas de un nuevo aumento de la actividad, impulsado por una<strong> mayor oferta de vuelos y por la demanda de las l\u00edneas a\u00e9reas<\/strong> y de la aviaci\u00f3n ejecutiva.<\/p>\n<p class=\"com-paragraph --s\">Entre las tareas previstas se encuentran la <strong>reparaci\u00f3n y el sellado de juntas y fisuras<\/strong>, trabajos de descontaminaci\u00f3n y demarcaci\u00f3n de la pista, y el<strong> mantenimiento y ajuste del sistema de balizamiento<\/strong>. El cronograma fue coordinado con los organismos involucrados y las compa\u00f1\u00edas a\u00e9reas para definir las fechas y los horarios de intervenci\u00f3n.<\/p>\n<div class=\"content-media\">\n<section role=\"button\" class=\"mod-media   \">\n<figure role=\"button\" tabindex=\"0\" class=\"mod-figure \"><figcaption class=\"mod-figcaption\"><span class=\"com-text --caption --twoxs\">El cronograma fue coordinado con los organismos involucrados y las compa\u00f1\u00edas a\u00e9reas para definir las fechas y los horarios de intervenci\u00f3n<\/span><span class=\"com-text --credit --twoxs\">Hernan Zenteno &#8211; La Nacion<\/span><\/figcaption><\/figure>\n<\/section>\n<\/div>\n<p><h4 class=\"font-primary font-w-bold text-subheading-md text-left container-center-100 mb-8\"><span>Un plan de obras de US$85 millones<\/span><\/h4>\n<\/p>\n<p class=\"com-paragraph --s\">El cierre temporal de la pista forma parte de un proyecto integral de modernizaci\u00f3n de Aeroparque que contempla una inversi\u00f3n superior a los<strong> US$85 millones.<\/strong><\/p>\n<p class=\"com-paragraph --s\">La primera etapa del plan ya finaliz\u00f3 e incluy\u00f3 la ampliaci\u00f3n de la Plataforma Norte, que permiti\u00f3 aumentar la capacidad operativa de la terminal; la ampliaci\u00f3n del Punto de Inspecci\u00f3n y Registro (PIR) dom\u00e9stico y del hall de check-in, con el objetivo de incrementar el espacio disponible y agilizar el tr\u00e1nsito de pasajeros; y mejoras en las v\u00edas de circulaci\u00f3n del sector de arribos internacionales.<\/p>\n<p class=\"com-paragraph --s\">La segunda etapa apunta a profundizar las mejoras en la experiencia de los pasajeros. Entre las obras previstas se encuentra la ampliaci\u00f3n de las zonas de preembarque nacional y la incorporaci\u00f3n de tecnolog\u00eda que, seg\u00fan Aeropuertos Argentina, permitir\u00e1 reducir hasta un 26% el tiempo destinado al check-in y hasta un 33% el correspondiente al PIR.<\/p>\n<p class=\"com-paragraph --s\">El proyecto tambi\u00e9n contempla la construcci\u00f3n de una nueva sala VIP, la ampliaci\u00f3n de la superficie comercial y la incorporaci\u00f3n de nuevas propuestas gastron\u00f3micas. Entre ellas se encuentra Bis Caf\u00e9, que llegar\u00e1 a Aeroparque de la mano de Gonzalo Aramburu, el \u00fanico chef argentino con dos estrellas Michelin, y un nuevo restaurante de la cadena Outback Steakhouse en la zona de preembarque nacional.<\/p>\n<p class=\"com-paragraph --s\">Adem\u00e1s, el programa prev\u00e9 ampliar los servicios del espacio \u201cAmo Viajar\u201d, con sectores reservados y equipos de asistencia especializada para personas con necesidades espec\u00edficas, entre ellas adultos mayores, mujeres en per\u00edodo de lactancia y pasajeros con requerimientos m\u00e9dicos particulares.<\/p>\n<p class=\"com-paragraph --s\">El programa integral de obras fue dise\u00f1ado en coordinaci\u00f3n con el Organismo Regulador del Sistema Nacional de Aeropuertos (Orsna), con el objetivo de optimizar los espacios de la terminal y mejorar los servicios para los distintos perfiles de pasajeros que utilizan diariamente Aeroparque.<\/p>\n<section class=\"container-center-100 mb-40 border border-bottom border-thin border-neutral-light-700\">\n<hr\/>\n<\/section>\n<\/div>\n<p><script id=\"facebookpixel\" defer=\"\" type=\"text\/javascript\">\n        !function(f,b,e,v,n,t,s)\n        {if(f.fbq)return;n=f.fbq=function(){n.callMethod?\n        n.callMethod.apply(n,arguments):n.queue.push(arguments)};\n        if(!f._fbq)f._fbq=n;n.push=n;n.loaded=!0;n.version='2.0';\n        n.queue=[];t=b.createElement(e);t.async=!0;\n        t.src=v;s=b.getElementsByTagName(e)[0];\n        s.parentNode.insertBefore(t,s)}(window, document,'script',\n        'https:\/\/connect.facebook.net\/en_US\/fbevents.js');\n        fbq('init', '492459597522335');\n        fbq('track', 'PageView');\n    <\/script><\/p>\n","protected":false},"excerpt":{"rendered":"<p>Desde las 9 del martes 25 de agosto hasta las 16 del jueves 27, el Aeroparque Jorge Newbery permanecer\u00e1 cerrado para las operaciones a\u00e9reas debido a trabajos de mantenimiento preventivo de la pista en toda su extensi\u00f3n. Sin embargo, el cierre no implicar\u00e1 la cancelaci\u00f3n general de los vuelos de cabotaje e internacionales previstos para [&hellip;]<\/p>\n","protected":false},"author":1,"featured_media":207909,"comment_status":"closed","ping_status":"closed","sticky":false,"template":"","format":"standard","meta":{"footnotes":""},"categories":[28],"tags":[],"class_list":["post-208934","post","type-post","status-publish","format-standard","has-post-thumbnail","hentry","category-economia"],"yoast_head":"<!-- This site is optimized with the Yoast SEO plugin v24.4 - https:\/\/yoast.com\/wordpress\/plugins\/seo\/ -->\n<title>Obras en Aeroparque: cu\u00e1les son los d\u00edas de la semana que viene en los que no habr\u00e1 actividad y qu\u00e9 pasar\u00e1 con los vuelos - GYS NOTICIAS |<\/title>\n<meta name=\"robots\" content=\"index, follow, max-snippet:-1, max-image-preview:large, max-video-preview:-1\" \/>\n<link rel=\"canonical\" href=\"https:\/\/gysfm.com.ar\/inicio\/obras-en-aeroparque-cuales-son-los-dias-de-la-semana-que-viene-en-los-que-no-habra-actividad-y-que-pasara-con-los-vuelos\/\" \/>\n<meta property=\"og:locale\" content=\"es_ES\" \/>\n<meta property=\"og:type\" content=\"article\" \/>\n<meta property=\"og:title\" content=\"Obras en Aeroparque: cu\u00e1les son los d\u00edas de la semana que viene en los que no habr\u00e1 actividad y qu\u00e9 pasar\u00e1 con los vuelos - GYS NOTICIAS |\" \/>\n<meta property=\"og:description\" content=\"Desde las 9 del martes 25 de agosto hasta las 16 del jueves 27, el Aeroparque Jorge Newbery permanecer\u00e1 cerrado para las operaciones a\u00e9reas debido a trabajos de mantenimiento preventivo de la pista en toda su extensi\u00f3n. Sin embargo, el cierre no implicar\u00e1 la cancelaci\u00f3n general de los vuelos de cabotaje e internacionales previstos para [&hellip;]\" \/>\n<meta property=\"og:url\" content=\"https:\/\/gysfm.com.ar\/inicio\/obras-en-aeroparque-cuales-son-los-dias-de-la-semana-que-viene-en-los-que-no-habra-actividad-y-que-pasara-con-los-vuelos\/\" \/>\n<meta property=\"og:site_name\" content=\"GYS NOTICIAS |\" \/>\n<meta property=\"article:published_time\" content=\"2026-08-21T17:29:20+00:00\" \/>\n<meta property=\"article:modified_time\" content=\"2026-08-21T17:29:21+00:00\" \/>\n<meta property=\"og:image\" content=\"https:\/\/gysfm.com.ar\/inicio\/wp-content\/uploads\/2026\/08\/desde-las-9-del-martes-25-de-agosto-hasta-las-16-IQ57WHNYOVEAJK5P3OZPDIGZOU.jpg\" \/>\n\t<meta property=\"og:image:width\" content=\"1200\" \/>\n\t<meta property=\"og:image:height\" content=\"800\" \/>\n\t<meta property=\"og:image:type\" content=\"image\/jpeg\" \/>\n<meta name=\"author\" content=\"admin\" \/>\n<meta name=\"twitter:card\" content=\"summary_large_image\" \/>\n<meta name=\"twitter:label1\" content=\"Escrito por\" \/>\n\t<meta name=\"twitter:data1\" content=\"admin\" \/>\n\t<meta name=\"twitter:label2\" content=\"Tiempo de lectura\" \/>\n\t<meta name=\"twitter:data2\" content=\"3 minutos\" \/>\n<script type=\"application\/ld+json\" class=\"yoast-schema-graph\">{\"@context\":\"https:\/\/schema.org\",\"@graph\":[{\"@type\":\"Article\",\"@id\":\"https:\/\/gysfm.com.ar\/inicio\/obras-en-aeroparque-cuales-son-los-dias-de-la-semana-que-viene-en-los-que-no-habra-actividad-y-que-pasara-con-los-vuelos\/#article\",\"isPartOf\":{\"@id\":\"https:\/\/gysfm.com.ar\/inicio\/obras-en-aeroparque-cuales-son-los-dias-de-la-semana-que-viene-en-los-que-no-habra-actividad-y-que-pasara-con-los-vuelos\/\"},\"author\":{\"name\":\"admin\",\"@id\":\"https:\/\/gysfm.com.ar\/inicio\/#\/schema\/person\/5bedd7ecd35cc35548d89effafa23696\"},\"headline\":\"Obras en Aeroparque: cu\u00e1les son los d\u00edas de la semana que viene en los que no habr\u00e1 actividad y qu\u00e9 pasar\u00e1 con los vuelos\",\"datePublished\":\"2026-08-21T17:29:20+00:00\",\"dateModified\":\"2026-08-21T17:29:21+00:00\",\"mainEntityOfPage\":{\"@id\":\"https:\/\/gysfm.com.ar\/inicio\/obras-en-aeroparque-cuales-son-los-dias-de-la-semana-que-viene-en-los-que-no-habra-actividad-y-que-pasara-con-los-vuelos\/\"},\"wordCount\":607,\"publisher\":{\"@id\":\"https:\/\/gysfm.com.ar\/inicio\/#organization\"},\"image\":{\"@id\":\"https:\/\/gysfm.com.ar\/inicio\/obras-en-aeroparque-cuales-son-los-dias-de-la-semana-que-viene-en-los-que-no-habra-actividad-y-que-pasara-con-los-vuelos\/#primaryimage\"},\"thumbnailUrl\":\"https:\/\/gysfm.com.ar\/inicio\/wp-content\/uploads\/2026\/08\/desde-las-9-del-martes-25-de-agosto-hasta-las-16-IQ57WHNYOVEAJK5P3OZPDIGZOU.jpg\",\"articleSection\":[\"ECONOMIA\"],\"inLanguage\":\"es\"},{\"@type\":\"WebPage\",\"@id\":\"https:\/\/gysfm.com.ar\/inicio\/obras-en-aeroparque-cuales-son-los-dias-de-la-semana-que-viene-en-los-que-no-habra-actividad-y-que-pasara-con-los-vuelos\/\",\"url\":\"https:\/\/gysfm.com.ar\/inicio\/obras-en-aeroparque-cuales-son-los-dias-de-la-semana-que-viene-en-los-que-no-habra-actividad-y-que-pasara-con-los-vuelos\/\",\"name\":\"Obras en Aeroparque: cu\u00e1les son los d\u00edas de la semana que viene en los que no habr\u00e1 actividad y qu\u00e9 pasar\u00e1 con los vuelos - GYS NOTICIAS |\",\"isPartOf\":{\"@id\":\"https:\/\/gysfm.com.ar\/inicio\/#website\"},\"primaryImageOfPage\":{\"@id\":\"https:\/\/gysfm.com.ar\/inicio\/obras-en-aeroparque-cuales-son-los-dias-de-la-semana-que-viene-en-los-que-no-habra-actividad-y-que-pasara-con-los-vuelos\/#primaryimage\"},\"image\":{\"@id\":\"https:\/\/gysfm.com.ar\/inicio\/obras-en-aeroparque-cuales-son-los-dias-de-la-semana-que-viene-en-los-que-no-habra-actividad-y-que-pasara-con-los-vuelos\/#primaryimage\"},\"thumbnailUrl\":\"https:\/\/gysfm.com.ar\/inicio\/wp-content\/uploads\/2026\/08\/desde-las-9-del-martes-25-de-agosto-hasta-las-16-IQ57WHNYOVEAJK5P3OZPDIGZOU.jpg\",\"datePublished\":\"2026-08-21T17:29:20+00:00\",\"dateModified\":\"2026-08-21T17:29:21+00:00\",\"breadcrumb\":{\"@id\":\"https:\/\/gysfm.com.ar\/inicio\/obras-en-aeroparque-cuales-son-los-dias-de-la-semana-que-viene-en-los-que-no-habra-actividad-y-que-pasara-con-los-vuelos\/#breadcrumb\"},\"inLanguage\":\"es\",\"potentialAction\":[{\"@type\":\"ReadAction\",\"target\":[\"https:\/\/gysfm.com.ar\/inicio\/obras-en-aeroparque-cuales-son-los-dias-de-la-semana-que-viene-en-los-que-no-habra-actividad-y-que-pasara-con-los-vuelos\/\"]}]},{\"@type\":\"ImageObject\",\"inLanguage\":\"es\",\"@id\":\"https:\/\/gysfm.com.ar\/inicio\/obras-en-aeroparque-cuales-son-los-dias-de-la-semana-que-viene-en-los-que-no-habra-actividad-y-que-pasara-con-los-vuelos\/#primaryimage\",\"url\":\"https:\/\/gysfm.com.ar\/inicio\/wp-content\/uploads\/2026\/08\/desde-las-9-del-martes-25-de-agosto-hasta-las-16-IQ57WHNYOVEAJK5P3OZPDIGZOU.jpg\",\"contentUrl\":\"https:\/\/gysfm.com.ar\/inicio\/wp-content\/uploads\/2026\/08\/desde-las-9-del-martes-25-de-agosto-hasta-las-16-IQ57WHNYOVEAJK5P3OZPDIGZOU.jpg\",\"width\":1200,\"height\":800},{\"@type\":\"BreadcrumbList\",\"@id\":\"https:\/\/gysfm.com.ar\/inicio\/obras-en-aeroparque-cuales-son-los-dias-de-la-semana-que-viene-en-los-que-no-habra-actividad-y-que-pasara-con-los-vuelos\/#breadcrumb\",\"itemListElement\":[{\"@type\":\"ListItem\",\"position\":1,\"name\":\"Portada\",\"item\":\"https:\/\/gysfm.com.ar\/inicio\/\"},{\"@type\":\"ListItem\",\"position\":2,\"name\":\"Obras en Aeroparque: cu\u00e1les son los d\u00edas de la semana que viene en los que no habr\u00e1 actividad y qu\u00e9 pasar\u00e1 con los vuelos\"}]},{\"@type\":\"WebSite\",\"@id\":\"https:\/\/gysfm.com.ar\/inicio\/#website\",\"url\":\"https:\/\/gysfm.com.ar\/inicio\/\",\"name\":\"GYS NOTICIAS |\",\"description\":\"DIARIO - RADIO ONLINE SAN JUAN ARGENTINA\",\"publisher\":{\"@id\":\"https:\/\/gysfm.com.ar\/inicio\/#organization\"},\"potentialAction\":[{\"@type\":\"SearchAction\",\"target\":{\"@type\":\"EntryPoint\",\"urlTemplate\":\"https:\/\/gysfm.com.ar\/inicio\/?s={search_term_string}\"},\"query-input\":{\"@type\":\"PropertyValueSpecification\",\"valueRequired\":true,\"valueName\":\"search_term_string\"}}],\"inLanguage\":\"es\"},{\"@type\":\"Organization\",\"@id\":\"https:\/\/gysfm.com.ar\/inicio\/#organization\",\"name\":\"GYS NOTICIAS |\",\"url\":\"https:\/\/gysfm.com.ar\/inicio\/\",\"logo\":{\"@type\":\"ImageObject\",\"inLanguage\":\"es\",\"@id\":\"https:\/\/gysfm.com.ar\/inicio\/#\/schema\/logo\/image\/\",\"url\":\"https:\/\/gysfm.com.ar\/inicio\/wp-content\/uploads\/2023\/07\/LOGOGYS-OK.png\",\"contentUrl\":\"https:\/\/gysfm.com.ar\/inicio\/wp-content\/uploads\/2023\/07\/LOGOGYS-OK.png\",\"width\":1170,\"height\":872,\"caption\":\"GYS NOTICIAS |\"},\"image\":{\"@id\":\"https:\/\/gysfm.com.ar\/inicio\/#\/schema\/logo\/image\/\"}},{\"@type\":\"Person\",\"@id\":\"https:\/\/gysfm.com.ar\/inicio\/#\/schema\/person\/5bedd7ecd35cc35548d89effafa23696\",\"name\":\"admin\",\"image\":{\"@type\":\"ImageObject\",\"inLanguage\":\"es\",\"@id\":\"https:\/\/gysfm.com.ar\/inicio\/#\/schema\/person\/image\/\",\"url\":\"https:\/\/secure.gravatar.com\/avatar\/c331d312b5243fb64d5ba28108a447b27c925295129a363082c9ea52c28d32c2?s=96&d=mm&r=g\",\"contentUrl\":\"https:\/\/secure.gravatar.com\/avatar\/c331d312b5243fb64d5ba28108a447b27c925295129a363082c9ea52c28d32c2?s=96&d=mm&r=g\",\"caption\":\"admin\"},\"sameAs\":[\"https:\/\/gysfm.com.ar\/inicio\"],\"url\":\"https:\/\/gysfm.com.ar\/inicio\/author\/admin\/\"}]}<\/script>\n<!-- \/ Yoast SEO plugin. -->","yoast_head_json":{"title":"Obras en Aeroparque: cu\u00e1les son los d\u00edas de la semana que viene en los que no habr\u00e1 actividad y qu\u00e9 pasar\u00e1 con los vuelos - GYS NOTICIAS |","robots":{"index":"index","follow":"follow","max-snippet":"max-snippet:-1","max-image-preview":"max-image-preview:large","max-video-preview":"max-video-preview:-1"},"canonical":"https:\/\/gysfm.com.ar\/inicio\/obras-en-aeroparque-cuales-son-los-dias-de-la-semana-que-viene-en-los-que-no-habra-actividad-y-que-pasara-con-los-vuelos\/","og_locale":"es_ES","og_type":"article","og_title":"Obras en Aeroparque: cu\u00e1les son los d\u00edas de la semana que viene en los que no habr\u00e1 actividad y qu\u00e9 pasar\u00e1 con los vuelos - GYS NOTICIAS |","og_description":"Desde las 9 del martes 25 de agosto hasta las 16 del jueves 27, el Aeroparque Jorge Newbery permanecer\u00e1 cerrado para las operaciones a\u00e9reas debido a trabajos de mantenimiento preventivo de la pista en toda su extensi\u00f3n. Sin embargo, el cierre no implicar\u00e1 la cancelaci\u00f3n general de los vuelos de cabotaje e internacionales previstos para [&hellip;]","og_url":"https:\/\/gysfm.com.ar\/inicio\/obras-en-aeroparque-cuales-son-los-dias-de-la-semana-que-viene-en-los-que-no-habra-actividad-y-que-pasara-con-los-vuelos\/","og_site_name":"GYS NOTICIAS |","article_published_time":"2026-08-21T17:29:20+00:00","article_modified_time":"2026-08-21T17:29:21+00:00","og_image":[{"width":1200,"height":800,"url":"https:\/\/gysfm.com.ar\/inicio\/wp-content\/uploads\/2026\/08\/desde-las-9-del-martes-25-de-agosto-hasta-las-16-IQ57WHNYOVEAJK5P3OZPDIGZOU.jpg","type":"image\/jpeg"}],"author":"admin","twitter_card":"summary_large_image","twitter_misc":{"Escrito por":"admin","Tiempo de lectura":"3 minutos"},"schema":{"@context":"https:\/\/schema.org","@graph":[{"@type":"Article","@id":"https:\/\/gysfm.com.ar\/inicio\/obras-en-aeroparque-cuales-son-los-dias-de-la-semana-que-viene-en-los-que-no-habra-actividad-y-que-pasara-con-los-vuelos\/#article","isPartOf":{"@id":"https:\/\/gysfm.com.ar\/inicio\/obras-en-aeroparque-cuales-son-los-dias-de-la-semana-que-viene-en-los-que-no-habra-actividad-y-que-pasara-con-los-vuelos\/"},"author":{"name":"admin","@id":"https:\/\/gysfm.com.ar\/inicio\/#\/schema\/person\/5bedd7ecd35cc35548d89effafa23696"},"headline":"Obras en Aeroparque: cu\u00e1les son los d\u00edas de la semana que viene en los que no habr\u00e1 actividad y qu\u00e9 pasar\u00e1 con los vuelos","datePublished":"2026-08-21T17:29:20+00:00","dateModified":"2026-08-21T17:29:21+00:00","mainEntityOfPage":{"@id":"https:\/\/gysfm.com.ar\/inicio\/obras-en-aeroparque-cuales-son-los-dias-de-la-semana-que-viene-en-los-que-no-habra-actividad-y-que-pasara-con-los-vuelos\/"},"wordCount":607,"publisher":{"@id":"https:\/\/gysfm.com.ar\/inicio\/#organization"},"image":{"@id":"https:\/\/gysfm.com.ar\/inicio\/obras-en-aeroparque-cuales-son-los-dias-de-la-semana-que-viene-en-los-que-no-habra-actividad-y-que-pasara-con-los-vuelos\/#primaryimage"},"thumbnailUrl":"https:\/\/gysfm.com.ar\/inicio\/wp-content\/uploads\/2026\/08\/desde-las-9-del-martes-25-de-agosto-hasta-las-16-IQ57WHNYOVEAJK5P3OZPDIGZOU.jpg","articleSection":["ECONOMIA"],"inLanguage":"es"},{"@type":"WebPage","@id":"https:\/\/gysfm.com.ar\/inicio\/obras-en-aeroparque-cuales-son-los-dias-de-la-semana-que-viene-en-los-que-no-habra-actividad-y-que-pasara-con-los-vuelos\/","url":"https:\/\/gysfm.com.ar\/inicio\/obras-en-aeroparque-cuales-son-los-dias-de-la-semana-que-viene-en-los-que-no-habra-actividad-y-que-pasara-con-los-vuelos\/","name":"Obras en Aeroparque: cu\u00e1les son los d\u00edas de la semana que viene en los que no habr\u00e1 actividad y qu\u00e9 pasar\u00e1 con los vuelos - GYS NOTICIAS |","isPartOf":{"@id":"https:\/\/gysfm.com.ar\/inicio\/#website"},"primaryImageOfPage":{"@id":"https:\/\/gysfm.com.ar\/inicio\/obras-en-aeroparque-cuales-son-los-dias-de-la-semana-que-viene-en-los-que-no-habra-actividad-y-que-pasara-con-los-vuelos\/#primaryimage"},"image":{"@id":"https:\/\/gysfm.com.ar\/inicio\/obras-en-aeroparque-cuales-son-los-dias-de-la-semana-que-viene-en-los-que-no-habra-actividad-y-que-pasara-con-los-vuelos\/#primaryimage"},"thumbnailUrl":"https:\/\/gysfm.com.ar\/inicio\/wp-content\/uploads\/2026\/08\/desde-las-9-del-martes-25-de-agosto-hasta-las-16-IQ57WHNYOVEAJK5P3OZPDIGZOU.jpg","datePublished":"2026-08-21T17:29:20+00:00","dateModified":"2026-08-21T17:29:21+00:00","breadcrumb":{"@id":"https:\/\/gysfm.com.ar\/inicio\/obras-en-aeroparque-cuales-son-los-dias-de-la-semana-que-viene-en-los-que-no-habra-actividad-y-que-pasara-con-los-vuelos\/#breadcrumb"},"inLanguage":"es","potentialAction":[{"@type":"ReadAction","target":["https:\/\/gysfm.com.ar\/inicio\/obras-en-aeroparque-cuales-son-los-dias-de-la-semana-que-viene-en-los-que-no-habra-actividad-y-que-pasara-con-los-vuelos\/"]}]},{"@type":"ImageObject","inLanguage":"es","@id":"https:\/\/gysfm.com.ar\/inicio\/obras-en-aeroparque-cuales-son-los-dias-de-la-semana-que-viene-en-los-que-no-habra-actividad-y-que-pasara-con-los-vuelos\/#primaryimage","url":"https:\/\/gysfm.com.ar\/inicio\/wp-content\/uploads\/2026\/08\/desde-las-9-del-martes-25-de-agosto-hasta-las-16-IQ57WHNYOVEAJK5P3OZPDIGZOU.jpg","contentUrl":"https:\/\/gysfm.com.ar\/inicio\/wp-content\/uploads\/2026\/08\/desde-las-9-del-martes-25-de-agosto-hasta-las-16-IQ57WHNYOVEAJK5P3OZPDIGZOU.jpg","width":1200,"height":800},{"@type":"BreadcrumbList","@id":"https:\/\/gysfm.com.ar\/inicio\/obras-en-aeroparque-cuales-son-los-dias-de-la-semana-que-viene-en-los-que-no-habra-actividad-y-que-pasara-con-los-vuelos\/#breadcrumb","itemListElement":[{"@type":"ListItem","position":1,"name":"Portada","item":"https:\/\/gysfm.com.ar\/inicio\/"},{"@type":"ListItem","position":2,"name":"Obras en Aeroparque: cu\u00e1les son los d\u00edas de la semana que viene en los que no habr\u00e1 actividad y qu\u00e9 pasar\u00e1 con los vuelos"}]},{"@type":"WebSite","@id":"https:\/\/gysfm.com.ar\/inicio\/#website","url":"https:\/\/gysfm.com.ar\/inicio\/","name":"GYS NOTICIAS |","description":"DIARIO - RADIO ONLINE SAN JUAN ARGENTINA","publisher":{"@id":"https:\/\/gysfm.com.ar\/inicio\/#organization"},"potentialAction":[{"@type":"SearchAction","target":{"@type":"EntryPoint","urlTemplate":"https:\/\/gysfm.com.ar\/inicio\/?s={search_term_string}"},"query-input":{"@type":"PropertyValueSpecification","valueRequired":true,"valueName":"search_term_string"}}],"inLanguage":"es"},{"@type":"Organization","@id":"https:\/\/gysfm.com.ar\/inicio\/#organization","name":"GYS NOTICIAS |","url":"https:\/\/gysfm.com.ar\/inicio\/","logo":{"@type":"ImageObject","inLanguage":"es","@id":"https:\/\/gysfm.com.ar\/inicio\/#\/schema\/logo\/image\/","url":"https:\/\/gysfm.com.ar\/inicio\/wp-content\/uploads\/2023\/07\/LOGOGYS-OK.png","contentUrl":"https:\/\/gysfm.com.ar\/inicio\/wp-content\/uploads\/2023\/07\/LOGOGYS-OK.png","width":1170,"height":872,"caption":"GYS NOTICIAS |"},"image":{"@id":"https:\/\/gysfm.com.ar\/inicio\/#\/schema\/logo\/image\/"}},{"@type":"Person","@id":"https:\/\/gysfm.com.ar\/inicio\/#\/schema\/person\/5bedd7ecd35cc35548d89effafa23696","name":"admin","image":{"@type":"ImageObject","inLanguage":"es","@id":"https:\/\/gysfm.com.ar\/inicio\/#\/schema\/person\/image\/","url":"https:\/\/secure.gravatar.com\/avatar\/c331d312b5243fb64d5ba28108a447b27c925295129a363082c9ea52c28d32c2?s=96&d=mm&r=g","contentUrl":"https:\/\/secure.gravatar.com\/avatar\/c331d312b5243fb64d5ba28108a447b27c925295129a363082c9ea52c28d32c2?s=96&d=mm&r=g","caption":"admin"},"sameAs":["https:\/\/gysfm.com.ar\/inicio"],"url":"https:\/\/gysfm.com.ar\/inicio\/author\/admin\/"}]}},"_links":{"self":[{"href":"https:\/\/gysfm.com.ar\/inicio\/wp-json\/wp\/v2\/posts\/208934","targetHints":{"allow":["GET"]}}],"collection":[{"href":"https:\/\/gysfm.com.ar\/inicio\/wp-json\/wp\/v2\/posts"}],"about":[{"href":"https:\/\/gysfm.com.ar\/inicio\/wp-json\/wp\/v2\/types\/post"}],"author":[{"embeddable":true,"href":"https:\/\/gysfm.com.ar\/inicio\/wp-json\/wp\/v2\/users\/1"}],"replies":[{"embeddable":true,"href":"https:\/\/gysfm.com.ar\/inicio\/wp-json\/wp\/v2\/comments?post=208934"}],"version-history":[{"count":1,"href":"https:\/\/gysfm.com.ar\/inicio\/wp-json\/wp\/v2\/posts\/208934\/revisions"}],"predecessor-version":[{"id":208935,"href":"https:\/\/gysfm.com.ar\/inicio\/wp-json\/wp\/v2\/posts\/208934\/revisions\/208935"}],"wp:featuredmedia":[{"embeddable":true,"href":"https:\/\/gysfm.com.ar\/inicio\/wp-json\/wp\/v2\/media\/207909"}],"wp:attachment":[{"href":"https:\/\/gysfm.com.ar\/inicio\/wp-json\/wp\/v2\/media?parent=208934"}],"wp:term":[{"taxonomy":"category","embeddable":true,"href":"https:\/\/gysfm.com.ar\/inicio\/wp-json\/wp\/v2\/categories?post=208934"},{"taxonomy":"post_tag","embeddable":true,"href":"https:\/\/gysfm.com.ar\/inicio\/wp-json\/wp\/v2\/tags?post=208934"}],"curies":[{"name":"wp","href":"https:\/\/api.w.org\/{rel}","templated":true}]}}