{"id":208931,"date":"2026-08-21T14:28:15","date_gmt":"2026-08-21T17:28:15","guid":{"rendered":"https:\/\/gysfm.com.ar\/inicio\/la-vuelta-de-harry-los-motivos-detras-del-regreso-a-gran-bretana-del-hijo-prodigo-de-la-realeza\/"},"modified":"2026-08-21T14:28:22","modified_gmt":"2026-08-21T17:28:22","slug":"la-vuelta-de-harry-los-motivos-detras-del-regreso-a-gran-bretana-del-hijo-prodigo-de-la-realeza","status":"publish","type":"post","link":"https:\/\/gysfm.com.ar\/inicio\/la-vuelta-de-harry-los-motivos-detras-del-regreso-a-gran-bretana-del-hijo-prodigo-de-la-realeza\/","title":{"rendered":"La vuelta de Harry: los motivos detr\u00e1s del regreso a Gran Breta\u00f1a del hijo pr\u00f3digo de la realeza"},"content":{"rendered":"<p> <br \/>\n<\/p>\n<div>\n<p class=\"com-paragraph --capital --s\">LONDRES.- La sorprendente noticia de que el duque y la duquesa de Sussex \u2013<strong>el pr\u00edncipe Harry <\/strong>y su esposa, <strong>Meghan Markle<\/strong>\u2013 <a href=\"https:\/\/www.lanacion.com.ar\/el-mundo\/el-principe-harry-y-meghan-volveran-a-vivir-en-gran-bretana-nid19082026\/\" target=\"_self\" title=\"https:\/\/www.lanacion.com.ar\/el-mundo\/el-principe-harry-y-meghan-volveran-a-vivir-en-gran-bretana-nid19082026\/\" class=\"com-link break-word\" data-mrf-recirculation=\"n_link_parrafo\"><strong>regresar\u00e1n a Gran Breta\u00f1a despu\u00e9s de seis a\u00f1os de exilio autoimpuesto<\/strong><\/a> en Estados Unidos provoc\u00f3 conmoci\u00f3n en la familia real y en los medios.<\/p>\n<div class=\"content-media\">\n<section role=\"button\" class=\"mod-media   \">\n<figure role=\"button\" tabindex=\"0\" class=\"mod-figure \"><figcaption class=\"mod-figcaption\"><span class=\"com-text --caption --twoxs\">Meghan con el entonces pr\u00edncipe Carlos, junto al pr\u00edncipe William y el pr\u00edncipe Harry, durante el servicio por el D\u00eda de la Commonwealth en la Abad\u00eda de Westminster, en Londres<\/span><span class=\"com-text --credit --twoxs\">RICHARD POHLE &#8211; POOL<\/span><\/figcaption><\/figure>\n<\/section>\n<\/div>\n<p class=\"com-paragraph --s\"><a href=\"https:\/\/www.lanacion.com.ar\/el-mundo\/los-interrogantes-sobre-el-regreso-del-principe-harry-y-meghan-a-gran-bretana-nid20082026\/\" target=\"_self\" title=\"https:\/\/www.lanacion.com.ar\/el-mundo\/los-interrogantes-sobre-el-regreso-del-principe-harry-y-meghan-a-gran-bretana-nid20082026\/\" class=\"com-link break-word\" data-mrf-recirculation=\"n_link_parrafo\">Por el momento hay pocos detalles<\/a> y es probable que surja m\u00e1s informaci\u00f3n en los pr\u00f3ximos d\u00edas, pero el motivo de la mudanza ser\u00eda, en principio, que sus hijos, <strong>el pr\u00edncipe Archie, de 7 a\u00f1os, y la princesa Lilibet, de 5<\/strong>, asistan a escuelas brit\u00e1nicas. La familia vivir\u00e1 en una residencia privada que no pertenece a la realeza, aunque no est\u00e1 claro si la compraron o la alquilar\u00e1n. Seg\u00fan me informaron, es probable que se instalen cerca de <strong>Charles Spencer<\/strong>, hermano de la fallecida princesa <strong>Diana<\/strong>, con quien hablaron sobre la mudanza hace alg\u00fan tiempo. Spencer vive en la finca de Althorp House, <strong>unos 120 kil\u00f3metros al noroeste de Londres<\/strong>.<\/p>\n<p><h2 class=\"font-primary font-w-bold text-subheading-lg text-left container-center-100 mb-8\"><span>El retorno del pr\u00edncipe<\/span><\/h2>\n<\/p>\n<p class=\"com-paragraph --s\">Aunque la noticia cay\u00f3 como un trueno el martes por la noche en Gran Breta\u00f1a y, seg\u00fan trascendi\u00f3, <strong>el rey Carlos III <\/strong>fue informado de los planes de su hijo reci\u00e9n el domingo, la mudanza debe haber sido planeada desde hace alg\u00fan tiempo: la inscripci\u00f3n de los chicos en las escuelas debe hacerse con meses de anticipaci\u00f3n.<\/p>\n<p class=\"com-paragraph --s\">Sin duda, el rey estar\u00e1 encantado de tener la oportunidad de pasar m\u00e1s tiempo con unos nietos a los que ha visto muy poco. <strong>La mudanza es la culminaci\u00f3n del denominado \u201cProyecto Deshielo\u201d <\/strong>(\u201cProject Thaw\u201d), encomendado al secretario privado adjunto de Carlos, <strong>Theo Rycroft<\/strong>, para lograr el regreso de Harry al seno de la familia real despu\u00e9s de a\u00f1os de distanciamiento tras el \u201cMegxit\u201d de la pareja.<\/p>\n<div class=\"content-media\">\n<section role=\"button\" class=\"mod-media   \">\n<figure role=\"button\" tabindex=\"0\" class=\"mod-figure \"><figcaption class=\"mod-figcaption\"><span class=\"com-text --caption --twoxs\">El rey Carlos III camina junto a su hijo, el pr\u00edncipe Harry, mientras llegan a la Capilla de San Jorge, en el interior del Castillo de Windsor, Inglaterra<\/span><span class=\"com-text --credit --twoxs\">DAVID ROSE &#8211; POOL<\/span><\/figcaption><\/figure>\n<\/section>\n<\/div>\n<p class=\"com-paragraph --s\">Por eso, la noticia no deber\u00eda haber tomado a todos por sorpresa. Durante el \u00faltimo a\u00f1o hubo se\u00f1ales de que <strong>Harry estaba interesado en establecer su propia corte real alternativa <\/strong>en Gran Breta\u00f1a. El comentarista de la realeza <strong>Richard Eden <\/strong>revel\u00f3 la existencia del \u201cProyecto Deshielo\u201d en diciembre pasado y explic\u00f3 que no solo involucraba al rey, sino tambi\u00e9n a funcionarios del gobierno. <\/p>\n<p class=\"com-paragraph --s\">Ese mismo mes, el periodista estadounidense <strong>Rob Shuter <\/strong>cit\u00f3 a una fuente cercana al pr\u00edncipe Harry que afirm\u00f3: \u201cHarry quiere legitimidad. <strong>Quiere desenvolverse en el Reino Unido bajo sus propios t\u00e9rminos <\/strong>\u2013reuniones, trabajo ben\u00e9fico, compromisos de alto nivel\u2013 sin ser tratado como un invitado en su propio pa\u00eds\u201d.<\/p>\n<p class=\"com-paragraph --s\">El regreso de Harry puede estar motivado simplemente por el deseo de estar m\u00e1s cerca de su padre, que tiene 77 a\u00f1os y recibe tratamiento desde al menos 2024 por una forma de c\u00e1ncer que no fue revelada p\u00fablicamente. Pero la mudanza tambi\u00e9n podr\u00eda representar para Harry <strong>una oportunidad de recuperar su lugar en la familia real mientras su padre todav\u00eda est\u00e1 en el poder<\/strong> y antes de que su hermano, <strong>el pr\u00edncipe William<\/strong>, asuma el trono. Los dos hermanos contin\u00faan distanciados y es probable que William, como monarca, <strong>les quite a Harry y a sus hijos sus t\u00edtulos<\/strong>.<\/p>\n<div class=\"content-media\">\n<section role=\"button\" class=\"mod-media   \">\n<figure role=\"button\" tabindex=\"0\" class=\"mod-figure \"><figcaption class=\"mod-figcaption\"><span class=\"com-text --caption --twoxs\">El pr\u00edncipe William, el pr\u00edncipe Harry y Meghan asisten a un servicio por la recepci\u00f3n del f\u00e9retro de la reina Isabel II en Westminster Hall, en el Palacio de Westminster, Londres<\/span><span class=\"com-text --credit --twoxs\">ALKIS KONSTANTINIDIS &#8211; POOL<\/span><\/figcaption><\/figure>\n<\/section>\n<\/div>\n<p class=\"com-paragraph --s\">La familia real atraviesa <strong>una crisis de integrantes disponibles para asumir funciones oficiales<\/strong>. Los \u00fanicos miembros activos de la realeza menores de 60 a\u00f1os son el pr\u00edncipe William y la princesa <strong>Catherine de Gales<\/strong>. Su hijo mayor, <strong>George<\/strong>, tiene apenas 13 a\u00f1os.<\/p>\n<p class=\"com-paragraph --s\">El t\u00edo de William, el expr\u00edncipe Andrew, ahora simplemente <strong>Andrew Mountbatten\u2013Windsor<\/strong>, est\u00e1 desacreditado y apartado de la vida p\u00fablica por su vinculaci\u00f3n con los esc\u00e1ndalos sexuales de <strong>Jeffrey Epstein<\/strong>. Los planes para incorporar como miembros activos de la realeza a sus dos hijas adultas, <strong>Beatrice <\/strong>y <strong>Eugenie<\/strong>, fueron suspendidos debido a preocupaciones sobre sus actividades empresariales. <strong>Hay una necesidad de refuerzos para la familia real<\/strong>.<\/p>\n<p class=\"com-paragraph --s\">Despu\u00e9s de regresar a Gran Breta\u00f1a, Harry y Meghan <strong>podr\u00edan finalmente concretar la estrategia semirreal de estar \u201cmedio adentro, medio afuera\u201d <\/strong>que propusieron hace seis a\u00f1os y que la reina <strong>Isabel II<\/strong> rechaz\u00f3. Es probable que Harry se concentre en su trabajo ben\u00e9fico, incluidos los Juegos Invictus del a\u00f1o pr\u00f3ximo, el evento deportivo internacional que cre\u00f3 para militares y veteranos heridos, lesionados o enfermos.<\/p>\n<div class=\"content-media\">\n<section role=\"button\" class=\"mod-media   \">\n<figure role=\"button\" tabindex=\"0\" class=\"mod-figure \"><figcaption class=\"mod-figcaption\"><span class=\"com-text --caption --twoxs\">La mansi\u00f3n Althorp House, en West Northamptonshire, en el centro de Inglaterra<\/span><span class=\"com-text --credit --twoxs\">JUSTIN TALLIS &#8211; AFP<\/span><\/figcaption><\/figure>\n<\/section>\n<\/div>\n<p class=\"com-paragraph --s\">Meghan, casi con seguridad, <strong>continuar\u00e1 supervisando su marca de estilo de vida<\/strong>, <em>As Ever<\/em>, que lanz\u00f3 el a\u00f1o pasado junto con Netflix, en el marco de una asociaci\u00f3n que termin\u00f3 en marzo.<\/p>\n<p class=\"com-paragraph --s\">La aparente expectativa de la pareja es que sean convocados <strong>para reemplazar a otros miembros de la familia en recepciones y fiestas <\/strong>en los jardines de los palacios reales, mientras la Corona eval\u00faa la reacci\u00f3n del p\u00fablico, con un eventual regreso a las funciones oficiales.<\/p>\n<p class=\"com-paragraph --s\">Teniendo en cuenta los comentarios mordaces que Harry y Meghan hicieron en el pasado sobre la familia real y Gran Breta\u00f1a, <strong>en los que denunciaron racismo y malos tratos<\/strong>, este nuevo intento de empezar de cero en el Reino Unido puede parecer c\u00ednico e hip\u00f3crita. Pero reescribir sus propios relatos parece resultarles sencillo. Al final, el experimento estadounidense de Harry y Meghan no funcion\u00f3; <strong>ahora empieza otro cap\u00edtulo, con el regreso del hijo pr\u00f3digo<\/strong>.<\/p>\n<div class=\"content-media\">\n<section role=\"button\" class=\"mod-media   \">\n<figure role=\"button\" tabindex=\"0\" class=\"mod-figure \"><figcaption class=\"mod-figcaption\"><span class=\"com-text --caption --twoxs\">Meghan y el pr\u00edncipe Harry, mientras abandonan el balc\u00f3n del Palacio de Buckingham<\/span><span class=\"com-text --credit --twoxs\">TOLGA AKMEN &#8211; AFP<\/span><\/figcaption><\/figure>\n<\/section>\n<\/div>\n<p class=\"com-paragraph --s\">La reacci\u00f3n inicial de los comentaristas y del p\u00fablico brit\u00e1nicos ante la noticia del regreso de la pareja <strong>fue abrumadoramente negativa<\/strong>, pero la familia real brit\u00e1nica siempre ha jugado a largo plazo. La actual reina, <strong>Camilla<\/strong>, alguna vez fue vilipendiada; hoy es considerada un tesoro nacional. <\/p>\n<p class=\"com-paragraph --s\">Mientras Harry intentaba recomponer su relaci\u00f3n con su padre, su \u00edndice de aprobaci\u00f3n aument\u00f3 seis puntos durante el \u00faltimo a\u00f1o: <strong>el 33% de los brit\u00e1nicos tiene una opini\u00f3n favorable de \u00e9l<\/strong>, seg\u00fan una encuesta de YouGov realizada el mes pasado. Sin embargo, todav\u00eda est\u00e1 lejos de contar con el respaldo de la mayor\u00eda, mientras que la valoraci\u00f3n favorable de Meghan se mantiene en apenas el 22%.<\/p>\n<p class=\"com-paragraph --s\">La pareja debe confiar en que, con el tiempo,<strong> cambien las actitudes tanto dentro de la familia como en el pa\u00eds<\/strong>. Quiz\u00e1s los ayude una ola de simpat\u00eda el pr\u00f3ximo agosto, cuando la naci\u00f3n conmemore el 30\u00b0 aniversario de la muerte de la princesa Diana.<\/p>\n<section class=\"container-center-100 mb-40 border border-bottom border-thin border-neutral-light-700\">\n<hr\/>\n<\/section>\n<\/div>\n<p><script id=\"facebookpixel\" defer=\"\" type=\"text\/javascript\">\n        !function(f,b,e,v,n,t,s)\n        {if(f.fbq)return;n=f.fbq=function(){n.callMethod?\n        n.callMethod.apply(n,arguments):n.queue.push(arguments)};\n        if(!f._fbq)f._fbq=n;n.push=n;n.loaded=!0;n.version='2.0';\n        n.queue=[];t=b.createElement(e);t.async=!0;\n        t.src=v;s=b.getElementsByTagName(e)[0];\n        s.parentNode.insertBefore(t,s)}(window, document,'script',\n        'https:\/\/connect.facebook.net\/en_US\/fbevents.js');\n        fbq('init', '492459597522335');\n        fbq('track', 'PageView');\n    <\/script><br \/>\n<br \/><\/p>\n","protected":false},"excerpt":{"rendered":"<p>LONDRES.- La sorprendente noticia de que el duque y la duquesa de Sussex \u2013el pr\u00edncipe Harry y su esposa, Meghan Markle\u2013 regresar\u00e1n a Gran Breta\u00f1a despu\u00e9s de seis a\u00f1os de exilio autoimpuesto en Estados Unidos provoc\u00f3 conmoci\u00f3n en la familia real y en los medios. Meghan con el entonces pr\u00edncipe Carlos, junto al pr\u00edncipe William [&hellip;]<\/p>\n","protected":false},"author":2,"featured_media":208932,"comment_status":"closed","ping_status":"closed","sticky":false,"template":"","format":"standard","meta":{"footnotes":""},"categories":[26],"tags":[],"class_list":["post-208931","post","type-post","status-publish","format-standard","has-post-thumbnail","hentry","category-internacionales"],"yoast_head":"<!-- This site is optimized with the Yoast SEO plugin v24.4 - https:\/\/yoast.com\/wordpress\/plugins\/seo\/ -->\n<title>La vuelta de Harry: los motivos detr\u00e1s del regreso a Gran Breta\u00f1a del hijo pr\u00f3digo de la realeza - GYS NOTICIAS |<\/title>\n<meta name=\"robots\" content=\"index, follow, max-snippet:-1, max-image-preview:large, max-video-preview:-1\" \/>\n<link rel=\"canonical\" href=\"https:\/\/gysfm.com.ar\/inicio\/la-vuelta-de-harry-los-motivos-detras-del-regreso-a-gran-bretana-del-hijo-prodigo-de-la-realeza\/\" \/>\n<meta property=\"og:locale\" content=\"es_ES\" \/>\n<meta property=\"og:type\" content=\"article\" \/>\n<meta property=\"og:title\" content=\"La vuelta de Harry: los motivos detr\u00e1s del regreso a Gran Breta\u00f1a del hijo pr\u00f3digo de la realeza - GYS NOTICIAS |\" \/>\n<meta property=\"og:description\" content=\"LONDRES.- La sorprendente noticia de que el duque y la duquesa de Sussex \u2013el pr\u00edncipe Harry y su esposa, Meghan Markle\u2013 regresar\u00e1n a Gran Breta\u00f1a despu\u00e9s de seis a\u00f1os de exilio autoimpuesto en Estados Unidos provoc\u00f3 conmoci\u00f3n en la familia real y en los medios. Meghan con el entonces pr\u00edncipe Carlos, junto al pr\u00edncipe William [&hellip;]\" \/>\n<meta property=\"og:url\" content=\"https:\/\/gysfm.com.ar\/inicio\/la-vuelta-de-harry-los-motivos-detras-del-regreso-a-gran-bretana-del-hijo-prodigo-de-la-realeza\/\" \/>\n<meta property=\"og:site_name\" content=\"GYS NOTICIAS |\" \/>\n<meta property=\"article:published_time\" content=\"2026-08-21T17:28:15+00:00\" \/>\n<meta property=\"article:modified_time\" content=\"2026-08-21T17:28:22+00:00\" \/>\n<meta property=\"og:image\" content=\"https:\/\/gysfm.com.ar\/inicio\/wp-content\/uploads\/2026\/08\/el-duque-y-la-duquesa-de-sussex-el-principe-harry-UJ3UKGVYFFFJJIX2DO4IG2BW5I.jpg\" \/>\n\t<meta property=\"og:image:width\" content=\"1200\" \/>\n\t<meta property=\"og:image:height\" content=\"800\" \/>\n\t<meta property=\"og:image:type\" content=\"image\/jpeg\" \/>\n<meta name=\"author\" content=\"Prensa G&amp;S FM\" \/>\n<meta name=\"twitter:card\" content=\"summary_large_image\" \/>\n<meta name=\"twitter:label1\" content=\"Escrito por\" \/>\n\t<meta name=\"twitter:data1\" content=\"Prensa G&amp;S FM\" \/>\n\t<meta name=\"twitter:label2\" content=\"Tiempo de lectura\" \/>\n\t<meta name=\"twitter:data2\" content=\"6 minutos\" \/>\n<script type=\"application\/ld+json\" class=\"yoast-schema-graph\">{\"@context\":\"https:\/\/schema.org\",\"@graph\":[{\"@type\":\"Article\",\"@id\":\"https:\/\/gysfm.com.ar\/inicio\/la-vuelta-de-harry-los-motivos-detras-del-regreso-a-gran-bretana-del-hijo-prodigo-de-la-realeza\/#article\",\"isPartOf\":{\"@id\":\"https:\/\/gysfm.com.ar\/inicio\/la-vuelta-de-harry-los-motivos-detras-del-regreso-a-gran-bretana-del-hijo-prodigo-de-la-realeza\/\"},\"author\":{\"name\":\"Prensa G&amp;S FM\",\"@id\":\"https:\/\/gysfm.com.ar\/inicio\/#\/schema\/person\/3abba7593ef2ad19e1be221d54383dc5\"},\"headline\":\"La vuelta de Harry: los motivos detr\u00e1s del regreso a Gran Breta\u00f1a del hijo pr\u00f3digo de la realeza\",\"datePublished\":\"2026-08-21T17:28:15+00:00\",\"dateModified\":\"2026-08-21T17:28:22+00:00\",\"mainEntityOfPage\":{\"@id\":\"https:\/\/gysfm.com.ar\/inicio\/la-vuelta-de-harry-los-motivos-detras-del-regreso-a-gran-bretana-del-hijo-prodigo-de-la-realeza\/\"},\"wordCount\":1225,\"publisher\":{\"@id\":\"https:\/\/gysfm.com.ar\/inicio\/#organization\"},\"image\":{\"@id\":\"https:\/\/gysfm.com.ar\/inicio\/la-vuelta-de-harry-los-motivos-detras-del-regreso-a-gran-bretana-del-hijo-prodigo-de-la-realeza\/#primaryimage\"},\"thumbnailUrl\":\"https:\/\/gysfm.com.ar\/inicio\/wp-content\/uploads\/2026\/08\/el-duque-y-la-duquesa-de-sussex-el-principe-harry-UJ3UKGVYFFFJJIX2DO4IG2BW5I.jpg\",\"articleSection\":[\"INTERNACIONALES\"],\"inLanguage\":\"es\"},{\"@type\":\"WebPage\",\"@id\":\"https:\/\/gysfm.com.ar\/inicio\/la-vuelta-de-harry-los-motivos-detras-del-regreso-a-gran-bretana-del-hijo-prodigo-de-la-realeza\/\",\"url\":\"https:\/\/gysfm.com.ar\/inicio\/la-vuelta-de-harry-los-motivos-detras-del-regreso-a-gran-bretana-del-hijo-prodigo-de-la-realeza\/\",\"name\":\"La vuelta de Harry: los motivos detr\u00e1s del regreso a Gran Breta\u00f1a del hijo pr\u00f3digo de la realeza - GYS NOTICIAS |\",\"isPartOf\":{\"@id\":\"https:\/\/gysfm.com.ar\/inicio\/#website\"},\"primaryImageOfPage\":{\"@id\":\"https:\/\/gysfm.com.ar\/inicio\/la-vuelta-de-harry-los-motivos-detras-del-regreso-a-gran-bretana-del-hijo-prodigo-de-la-realeza\/#primaryimage\"},\"image\":{\"@id\":\"https:\/\/gysfm.com.ar\/inicio\/la-vuelta-de-harry-los-motivos-detras-del-regreso-a-gran-bretana-del-hijo-prodigo-de-la-realeza\/#primaryimage\"},\"thumbnailUrl\":\"https:\/\/gysfm.com.ar\/inicio\/wp-content\/uploads\/2026\/08\/el-duque-y-la-duquesa-de-sussex-el-principe-harry-UJ3UKGVYFFFJJIX2DO4IG2BW5I.jpg\",\"datePublished\":\"2026-08-21T17:28:15+00:00\",\"dateModified\":\"2026-08-21T17:28:22+00:00\",\"breadcrumb\":{\"@id\":\"https:\/\/gysfm.com.ar\/inicio\/la-vuelta-de-harry-los-motivos-detras-del-regreso-a-gran-bretana-del-hijo-prodigo-de-la-realeza\/#breadcrumb\"},\"inLanguage\":\"es\",\"potentialAction\":[{\"@type\":\"ReadAction\",\"target\":[\"https:\/\/gysfm.com.ar\/inicio\/la-vuelta-de-harry-los-motivos-detras-del-regreso-a-gran-bretana-del-hijo-prodigo-de-la-realeza\/\"]}]},{\"@type\":\"ImageObject\",\"inLanguage\":\"es\",\"@id\":\"https:\/\/gysfm.com.ar\/inicio\/la-vuelta-de-harry-los-motivos-detras-del-regreso-a-gran-bretana-del-hijo-prodigo-de-la-realeza\/#primaryimage\",\"url\":\"https:\/\/gysfm.com.ar\/inicio\/wp-content\/uploads\/2026\/08\/el-duque-y-la-duquesa-de-sussex-el-principe-harry-UJ3UKGVYFFFJJIX2DO4IG2BW5I.jpg\",\"contentUrl\":\"https:\/\/gysfm.com.ar\/inicio\/wp-content\/uploads\/2026\/08\/el-duque-y-la-duquesa-de-sussex-el-principe-harry-UJ3UKGVYFFFJJIX2DO4IG2BW5I.jpg\",\"width\":1200,\"height\":800},{\"@type\":\"BreadcrumbList\",\"@id\":\"https:\/\/gysfm.com.ar\/inicio\/la-vuelta-de-harry-los-motivos-detras-del-regreso-a-gran-bretana-del-hijo-prodigo-de-la-realeza\/#breadcrumb\",\"itemListElement\":[{\"@type\":\"ListItem\",\"position\":1,\"name\":\"Portada\",\"item\":\"https:\/\/gysfm.com.ar\/inicio\/\"},{\"@type\":\"ListItem\",\"position\":2,\"name\":\"La vuelta de Harry: los motivos detr\u00e1s del regreso a Gran Breta\u00f1a del hijo pr\u00f3digo de la realeza\"}]},{\"@type\":\"WebSite\",\"@id\":\"https:\/\/gysfm.com.ar\/inicio\/#website\",\"url\":\"https:\/\/gysfm.com.ar\/inicio\/\",\"name\":\"GYS NOTICIAS |\",\"description\":\"DIARIO - RADIO ONLINE SAN JUAN ARGENTINA\",\"publisher\":{\"@id\":\"https:\/\/gysfm.com.ar\/inicio\/#organization\"},\"potentialAction\":[{\"@type\":\"SearchAction\",\"target\":{\"@type\":\"EntryPoint\",\"urlTemplate\":\"https:\/\/gysfm.com.ar\/inicio\/?s={search_term_string}\"},\"query-input\":{\"@type\":\"PropertyValueSpecification\",\"valueRequired\":true,\"valueName\":\"search_term_string\"}}],\"inLanguage\":\"es\"},{\"@type\":\"Organization\",\"@id\":\"https:\/\/gysfm.com.ar\/inicio\/#organization\",\"name\":\"GYS NOTICIAS |\",\"url\":\"https:\/\/gysfm.com.ar\/inicio\/\",\"logo\":{\"@type\":\"ImageObject\",\"inLanguage\":\"es\",\"@id\":\"https:\/\/gysfm.com.ar\/inicio\/#\/schema\/logo\/image\/\",\"url\":\"https:\/\/gysfm.com.ar\/inicio\/wp-content\/uploads\/2023\/07\/LOGOGYS-OK.png\",\"contentUrl\":\"https:\/\/gysfm.com.ar\/inicio\/wp-content\/uploads\/2023\/07\/LOGOGYS-OK.png\",\"width\":1170,\"height\":872,\"caption\":\"GYS NOTICIAS |\"},\"image\":{\"@id\":\"https:\/\/gysfm.com.ar\/inicio\/#\/schema\/logo\/image\/\"}},{\"@type\":\"Person\",\"@id\":\"https:\/\/gysfm.com.ar\/inicio\/#\/schema\/person\/3abba7593ef2ad19e1be221d54383dc5\",\"name\":\"Prensa G&amp;S FM\",\"image\":{\"@type\":\"ImageObject\",\"inLanguage\":\"es\",\"@id\":\"https:\/\/gysfm.com.ar\/inicio\/#\/schema\/person\/image\/\",\"url\":\"https:\/\/secure.gravatar.com\/avatar\/096ec78df02049ab018702bb4ccedf659377fa92a26540b5247612077a0dbd29?s=96&d=mm&r=g\",\"contentUrl\":\"https:\/\/secure.gravatar.com\/avatar\/096ec78df02049ab018702bb4ccedf659377fa92a26540b5247612077a0dbd29?s=96&d=mm&r=g\",\"caption\":\"Prensa G&amp;S FM\"},\"sameAs\":[\"https:\/\/gysfm.com.ar\/\"],\"url\":\"https:\/\/gysfm.com.ar\/inicio\/author\/lucasm\/\"}]}<\/script>\n<!-- \/ Yoast SEO plugin. -->","yoast_head_json":{"title":"La vuelta de Harry: los motivos detr\u00e1s del regreso a Gran Breta\u00f1a del hijo pr\u00f3digo de la realeza - GYS NOTICIAS |","robots":{"index":"index","follow":"follow","max-snippet":"max-snippet:-1","max-image-preview":"max-image-preview:large","max-video-preview":"max-video-preview:-1"},"canonical":"https:\/\/gysfm.com.ar\/inicio\/la-vuelta-de-harry-los-motivos-detras-del-regreso-a-gran-bretana-del-hijo-prodigo-de-la-realeza\/","og_locale":"es_ES","og_type":"article","og_title":"La vuelta de Harry: los motivos detr\u00e1s del regreso a Gran Breta\u00f1a del hijo pr\u00f3digo de la realeza - GYS NOTICIAS |","og_description":"LONDRES.- La sorprendente noticia de que el duque y la duquesa de Sussex \u2013el pr\u00edncipe Harry y su esposa, Meghan Markle\u2013 regresar\u00e1n a Gran Breta\u00f1a despu\u00e9s de seis a\u00f1os de exilio autoimpuesto en Estados Unidos provoc\u00f3 conmoci\u00f3n en la familia real y en los medios. Meghan con el entonces pr\u00edncipe Carlos, junto al pr\u00edncipe William [&hellip;]","og_url":"https:\/\/gysfm.com.ar\/inicio\/la-vuelta-de-harry-los-motivos-detras-del-regreso-a-gran-bretana-del-hijo-prodigo-de-la-realeza\/","og_site_name":"GYS NOTICIAS |","article_published_time":"2026-08-21T17:28:15+00:00","article_modified_time":"2026-08-21T17:28:22+00:00","og_image":[{"width":1200,"height":800,"url":"https:\/\/gysfm.com.ar\/inicio\/wp-content\/uploads\/2026\/08\/el-duque-y-la-duquesa-de-sussex-el-principe-harry-UJ3UKGVYFFFJJIX2DO4IG2BW5I.jpg","type":"image\/jpeg"}],"author":"Prensa G&amp;S FM","twitter_card":"summary_large_image","twitter_misc":{"Escrito por":"Prensa G&amp;S FM","Tiempo de lectura":"6 minutos"},"schema":{"@context":"https:\/\/schema.org","@graph":[{"@type":"Article","@id":"https:\/\/gysfm.com.ar\/inicio\/la-vuelta-de-harry-los-motivos-detras-del-regreso-a-gran-bretana-del-hijo-prodigo-de-la-realeza\/#article","isPartOf":{"@id":"https:\/\/gysfm.com.ar\/inicio\/la-vuelta-de-harry-los-motivos-detras-del-regreso-a-gran-bretana-del-hijo-prodigo-de-la-realeza\/"},"author":{"name":"Prensa G&amp;S FM","@id":"https:\/\/gysfm.com.ar\/inicio\/#\/schema\/person\/3abba7593ef2ad19e1be221d54383dc5"},"headline":"La vuelta de Harry: los motivos detr\u00e1s del regreso a Gran Breta\u00f1a del hijo pr\u00f3digo de la realeza","datePublished":"2026-08-21T17:28:15+00:00","dateModified":"2026-08-21T17:28:22+00:00","mainEntityOfPage":{"@id":"https:\/\/gysfm.com.ar\/inicio\/la-vuelta-de-harry-los-motivos-detras-del-regreso-a-gran-bretana-del-hijo-prodigo-de-la-realeza\/"},"wordCount":1225,"publisher":{"@id":"https:\/\/gysfm.com.ar\/inicio\/#organization"},"image":{"@id":"https:\/\/gysfm.com.ar\/inicio\/la-vuelta-de-harry-los-motivos-detras-del-regreso-a-gran-bretana-del-hijo-prodigo-de-la-realeza\/#primaryimage"},"thumbnailUrl":"https:\/\/gysfm.com.ar\/inicio\/wp-content\/uploads\/2026\/08\/el-duque-y-la-duquesa-de-sussex-el-principe-harry-UJ3UKGVYFFFJJIX2DO4IG2BW5I.jpg","articleSection":["INTERNACIONALES"],"inLanguage":"es"},{"@type":"WebPage","@id":"https:\/\/gysfm.com.ar\/inicio\/la-vuelta-de-harry-los-motivos-detras-del-regreso-a-gran-bretana-del-hijo-prodigo-de-la-realeza\/","url":"https:\/\/gysfm.com.ar\/inicio\/la-vuelta-de-harry-los-motivos-detras-del-regreso-a-gran-bretana-del-hijo-prodigo-de-la-realeza\/","name":"La vuelta de Harry: los motivos detr\u00e1s del regreso a Gran Breta\u00f1a del hijo pr\u00f3digo de la realeza - GYS NOTICIAS |","isPartOf":{"@id":"https:\/\/gysfm.com.ar\/inicio\/#website"},"primaryImageOfPage":{"@id":"https:\/\/gysfm.com.ar\/inicio\/la-vuelta-de-harry-los-motivos-detras-del-regreso-a-gran-bretana-del-hijo-prodigo-de-la-realeza\/#primaryimage"},"image":{"@id":"https:\/\/gysfm.com.ar\/inicio\/la-vuelta-de-harry-los-motivos-detras-del-regreso-a-gran-bretana-del-hijo-prodigo-de-la-realeza\/#primaryimage"},"thumbnailUrl":"https:\/\/gysfm.com.ar\/inicio\/wp-content\/uploads\/2026\/08\/el-duque-y-la-duquesa-de-sussex-el-principe-harry-UJ3UKGVYFFFJJIX2DO4IG2BW5I.jpg","datePublished":"2026-08-21T17:28:15+00:00","dateModified":"2026-08-21T17:28:22+00:00","breadcrumb":{"@id":"https:\/\/gysfm.com.ar\/inicio\/la-vuelta-de-harry-los-motivos-detras-del-regreso-a-gran-bretana-del-hijo-prodigo-de-la-realeza\/#breadcrumb"},"inLanguage":"es","potentialAction":[{"@type":"ReadAction","target":["https:\/\/gysfm.com.ar\/inicio\/la-vuelta-de-harry-los-motivos-detras-del-regreso-a-gran-bretana-del-hijo-prodigo-de-la-realeza\/"]}]},{"@type":"ImageObject","inLanguage":"es","@id":"https:\/\/gysfm.com.ar\/inicio\/la-vuelta-de-harry-los-motivos-detras-del-regreso-a-gran-bretana-del-hijo-prodigo-de-la-realeza\/#primaryimage","url":"https:\/\/gysfm.com.ar\/inicio\/wp-content\/uploads\/2026\/08\/el-duque-y-la-duquesa-de-sussex-el-principe-harry-UJ3UKGVYFFFJJIX2DO4IG2BW5I.jpg","contentUrl":"https:\/\/gysfm.com.ar\/inicio\/wp-content\/uploads\/2026\/08\/el-duque-y-la-duquesa-de-sussex-el-principe-harry-UJ3UKGVYFFFJJIX2DO4IG2BW5I.jpg","width":1200,"height":800},{"@type":"BreadcrumbList","@id":"https:\/\/gysfm.com.ar\/inicio\/la-vuelta-de-harry-los-motivos-detras-del-regreso-a-gran-bretana-del-hijo-prodigo-de-la-realeza\/#breadcrumb","itemListElement":[{"@type":"ListItem","position":1,"name":"Portada","item":"https:\/\/gysfm.com.ar\/inicio\/"},{"@type":"ListItem","position":2,"name":"La vuelta de Harry: los motivos detr\u00e1s del regreso a Gran Breta\u00f1a del hijo pr\u00f3digo de la realeza"}]},{"@type":"WebSite","@id":"https:\/\/gysfm.com.ar\/inicio\/#website","url":"https:\/\/gysfm.com.ar\/inicio\/","name":"GYS NOTICIAS |","description":"DIARIO - RADIO ONLINE SAN JUAN ARGENTINA","publisher":{"@id":"https:\/\/gysfm.com.ar\/inicio\/#organization"},"potentialAction":[{"@type":"SearchAction","target":{"@type":"EntryPoint","urlTemplate":"https:\/\/gysfm.com.ar\/inicio\/?s={search_term_string}"},"query-input":{"@type":"PropertyValueSpecification","valueRequired":true,"valueName":"search_term_string"}}],"inLanguage":"es"},{"@type":"Organization","@id":"https:\/\/gysfm.com.ar\/inicio\/#organization","name":"GYS NOTICIAS |","url":"https:\/\/gysfm.com.ar\/inicio\/","logo":{"@type":"ImageObject","inLanguage":"es","@id":"https:\/\/gysfm.com.ar\/inicio\/#\/schema\/logo\/image\/","url":"https:\/\/gysfm.com.ar\/inicio\/wp-content\/uploads\/2023\/07\/LOGOGYS-OK.png","contentUrl":"https:\/\/gysfm.com.ar\/inicio\/wp-content\/uploads\/2023\/07\/LOGOGYS-OK.png","width":1170,"height":872,"caption":"GYS NOTICIAS |"},"image":{"@id":"https:\/\/gysfm.com.ar\/inicio\/#\/schema\/logo\/image\/"}},{"@type":"Person","@id":"https:\/\/gysfm.com.ar\/inicio\/#\/schema\/person\/3abba7593ef2ad19e1be221d54383dc5","name":"Prensa G&amp;S FM","image":{"@type":"ImageObject","inLanguage":"es","@id":"https:\/\/gysfm.com.ar\/inicio\/#\/schema\/person\/image\/","url":"https:\/\/secure.gravatar.com\/avatar\/096ec78df02049ab018702bb4ccedf659377fa92a26540b5247612077a0dbd29?s=96&d=mm&r=g","contentUrl":"https:\/\/secure.gravatar.com\/avatar\/096ec78df02049ab018702bb4ccedf659377fa92a26540b5247612077a0dbd29?s=96&d=mm&r=g","caption":"Prensa G&amp;S FM"},"sameAs":["https:\/\/gysfm.com.ar\/"],"url":"https:\/\/gysfm.com.ar\/inicio\/author\/lucasm\/"}]}},"_links":{"self":[{"href":"https:\/\/gysfm.com.ar\/inicio\/wp-json\/wp\/v2\/posts\/208931","targetHints":{"allow":["GET"]}}],"collection":[{"href":"https:\/\/gysfm.com.ar\/inicio\/wp-json\/wp\/v2\/posts"}],"about":[{"href":"https:\/\/gysfm.com.ar\/inicio\/wp-json\/wp\/v2\/types\/post"}],"author":[{"embeddable":true,"href":"https:\/\/gysfm.com.ar\/inicio\/wp-json\/wp\/v2\/users\/2"}],"replies":[{"embeddable":true,"href":"https:\/\/gysfm.com.ar\/inicio\/wp-json\/wp\/v2\/comments?post=208931"}],"version-history":[{"count":1,"href":"https:\/\/gysfm.com.ar\/inicio\/wp-json\/wp\/v2\/posts\/208931\/revisions"}],"predecessor-version":[{"id":208933,"href":"https:\/\/gysfm.com.ar\/inicio\/wp-json\/wp\/v2\/posts\/208931\/revisions\/208933"}],"wp:featuredmedia":[{"embeddable":true,"href":"https:\/\/gysfm.com.ar\/inicio\/wp-json\/wp\/v2\/media\/208932"}],"wp:attachment":[{"href":"https:\/\/gysfm.com.ar\/inicio\/wp-json\/wp\/v2\/media?parent=208931"}],"wp:term":[{"taxonomy":"category","embeddable":true,"href":"https:\/\/gysfm.com.ar\/inicio\/wp-json\/wp\/v2\/categories?post=208931"},{"taxonomy":"post_tag","embeddable":true,"href":"https:\/\/gysfm.com.ar\/inicio\/wp-json\/wp\/v2\/tags?post=208931"}],"curies":[{"name":"wp","href":"https:\/\/api.w.org\/{rel}","templated":true}]}}