{"id":208928,"date":"2026-08-21T13:26:14","date_gmt":"2026-08-21T16:26:14","guid":{"rendered":"https:\/\/gysfm.com.ar\/inicio\/de-la-espriella-abre-un-nuevo-frente-contra-el-gobierno-de-petro-por-presuntas-irregularidades\/"},"modified":"2026-08-21T13:26:15","modified_gmt":"2026-08-21T16:26:15","slug":"de-la-espriella-abre-un-nuevo-frente-contra-el-gobierno-de-petro-por-presuntas-irregularidades","status":"publish","type":"post","link":"https:\/\/gysfm.com.ar\/inicio\/de-la-espriella-abre-un-nuevo-frente-contra-el-gobierno-de-petro-por-presuntas-irregularidades\/","title":{"rendered":"De la Espriella abre un nuevo frente contra el gobierno de Petro por presuntas irregularidades"},"content":{"rendered":"<p> <br \/>\n<\/p>\n<div>\n<p class=\"com-paragraph --capital --s\">BOGOT\u00c1.\u2013 El presidente de Colombia, <a href=\"https:\/\/www.lanacion.com.ar\/el-mundo\/de-la-espriella-da-los-primeros-pasos-en-falso-de-su-mandato-en-medio-de-la-crisis-por-el-terremoto-nid18082026\/\" target=\"_self\" title=\"https:\/\/www.lanacion.com.ar\/el-mundo\/de-la-espriella-da-los-primeros-pasos-en-falso-de-su-mandato-en-medio-de-la-crisis-por-el-terremoto-nid18082026\/\" class=\"com-link break-word\" data-mrf-recirculation=\"n_link_parrafo\"><strong>Abelardo de la Espriella<\/strong><\/a>, present\u00f3 el martes ante la Fiscal\u00eda <strong>un informe de 135 p\u00e1ginas titulado \u201cEl libro de la verdad\u201d<\/strong>, en el que re\u00fane un total de <strong>82 casos de supuestas irregularidades<\/strong> que argumenta cometi\u00f3 el gobierno de su antecesor, <a href=\"https:\/\/www.lanacion.com.ar\/el-mundo\/los-desafios-que-enfrenta-de-la-espriella-para-gobernar-una-colombia-profundamente-dividida-nid08082026\/\" target=\"_self\" title=\"https:\/\/www.lanacion.com.ar\/el-mundo\/los-desafios-que-enfrenta-de-la-espriella-para-gobernar-una-colombia-profundamente-dividida-nid08082026\/\" class=\"com-link break-word\" data-mrf-recirculation=\"n_link_parrafo\"><strong>Gustavo Petro<\/strong><\/a>.<\/p>\n<p class=\"com-paragraph --s\">El informe, redactado en conjunto por cada uno de los ministros del flamante gobierno en base a las situaciones que presuntamente hallaron al momento de asumir sus carteras, <strong>presenta 23 casos que hacen referencia a posibles casos de corrupci\u00f3n<\/strong>, mientras que los otros 59 incluyen cr\u00edticas al manejo del Estado de la gesti\u00f3n anterior, orientadas principalmente a lo que describen como <strong>la \u201cdestrucci\u00f3n del rigor t\u00e9cnico\u201d<\/strong>.<\/p>\n<p class=\"com-paragraph --s\">Tras la presentaci\u00f3n del informe, el propio expresidente y la actual oposici\u00f3n del Pacto Hist\u00f3rico rechazaron la relevancia de las acusaciones argumentando que las denuncias no incluyen pruebas y <strong>se corresponden, m\u00e1s que a delitos, a disputas ideol\u00f3gicas<\/strong>.<\/p>\n<p class=\"com-paragraph --s\">\u201cNo hay libro forense entregado por <a href=\"https:\/\/www.lanacion.com.ar\/el-mundo\/el-nuevo-presidente-de-colombia-fue-puesto-a-prueba-de-inmediato-nid10082026\/\" target=\"_self\" title=\"https:\/\/www.lanacion.com.ar\/el-mundo\/el-nuevo-presidente-de-colombia-fue-puesto-a-prueba-de-inmediato-nid10082026\/\" class=\"com-link break-word\" data-mrf-recirculation=\"n_link_parrafo\">Abelardo<\/a> a la fiscal\u00eda. Se trata de 23 hechos que <strong>son pol\u00edticas p\u00fablicas que hemos defendido y no son delito<\/strong>\u201d, arremeti\u00f3 Petro en X el mi\u00e9rcoles.<\/p>\n<p class=\"com-paragraph --s\">El exmandatario insisti\u00f3 sin embargo en que cada antiguo ministro <strong>\u201cdebe responder de inmediato cada punto\u201d <\/strong>y asegur\u00f3 que, en caso de delito, \u201csu merecido es la pena\u201d.<\/p>\n<p class=\"com-paragraph --s\">La presentaci\u00f3n del informe representa el cap\u00edtulo m\u00e1s reciente de <strong>la tensa transici\u00f3n que atraviesa Colombia<\/strong>, marcada por la in\u00e9dita negativa del expresidente a reconocer la victoria electoral del nuevo mandatario y la imposibilidad de establecer un empalme t\u00e9cnico convencional entre ambas gestiones.<\/p>\n<p><h2 class=\"font-primary font-w-bold text-subheading-lg text-left container-center-100 mb-8\"><span>La denuncia de Abelardo<\/span><\/h2>\n<\/p>\n<p class=\"com-paragraph --s\"><a href=\"https:\/\/www.lanacion.com.ar\/el-mundo\/la-polemica-propuesta-de-de-la-espriella-que-abre-la-puerta-a-operaciones-militares-de-eeuu-en-nid13082026\/\" target=\"_self\" title=\"https:\/\/www.lanacion.com.ar\/el-mundo\/la-polemica-propuesta-de-de-la-espriella-que-abre-la-puerta-a-operaciones-militares-de-eeuu-en-nid13082026\/\" class=\"com-link break-word\" data-mrf-recirculation=\"n_link_parrafo\">De la Espriella<\/a> present\u00f3 el documento como una recopilaci\u00f3n de<strong> los hallazgos de su equipo durante los 47 d\u00edas de transici\u00f3n <\/strong>y las primeras semanas de gesti\u00f3n, y lo defini\u00f3 como \u201cdocumentaci\u00f3n t\u00e9cnica, rigurosa y con enfoque forense\u201d.<\/p>\n<p class=\"com-paragraph --s\">\u201cEstoy cumpliendo con la responsabilidad que me corresponde al reunir la informaci\u00f3n y <strong>no permitir que los hechos queden sepultados por el silencio y la impunidad<\/strong>\u201d, dijo el mandatario, antes de aclarar que su funci\u00f3n le obliga a <strong>\u201cllevar la verdad hasta la puerta de la justicia y detenerse all\u00ed\u201d<\/strong>.<\/p>\n<p class=\"com-paragraph --s\">De la Espriella pidi\u00f3 a la fiscal general, <strong>Luz Adriana Camargo<\/strong>, al procurador, <strong>Gregorio Eljach<\/strong>, y al contralor, <strong>Jorge Eli\u00e9cer Laverde <\/strong>\u2013presentes en el acto del martes\u2013, que determinen si los hechos denunciados constituyen delitos o, al menos, faltas disciplinarias. <\/p>\n<p class=\"com-paragraph --s\">Los tres posaron con el informe y prometieron investigar, sin ir m\u00e1s all\u00e1. \u201cSu contenido, se\u00f1or presidente, no lo dude,<strong> ser\u00e1 objeto de evaluaci\u00f3n t\u00e9cnica y jur\u00eddica<\/strong>\u201d, afirm\u00f3 Camargo.<\/p>\n<p class=\"com-paragraph --s\"><strong>La fiscal asegur\u00f3 que conformar\u00e1 un \u201cequipo especial\u201d<\/strong>, encabezado por la jefa de la Unidad de Fiscales Delegados ante la Corte Suprema y la directora especializada contra la corrupci\u00f3n, y remarc\u00f3 que las pruebas ser\u00e1n contrastadas bajo \u201cest\u00e1ndares de rigor probatorio, objetividad e independencia\u201d antes de definir si hay m\u00e9rito para abrir una causa judicial.<\/p>\n<p class=\"com-paragraph --s\">Entre los 23 casos de corrupci\u00f3n figuran <strong>modificaciones en un proceso de contrataci\u00f3n por unos 54 millones de d\u00f3lares <\/strong>en el <strong>Fenoge, <\/strong>el <strong>fondo estatal de energ\u00edas renovables,<\/strong> que ya derivaron en una investigaci\u00f3n disciplinaria de la Procuradur\u00eda y en la suspensi\u00f3n del director del fondo.<\/p>\n<p class=\"com-paragraph --s\">Tambi\u00e9n aparecen<strong> presuntas irregularidades en la concesi\u00f3n de notar\u00edas,<\/strong> <strong>con denuncias de sobornos de hasta casi 330 mil d\u00f3lares por plaza<\/strong>, seg\u00fan el ministro de Justicia,<strong> Iv\u00e1n Cancino<\/strong>.<\/p>\n<div class=\"content-media\">\n<section role=\"button\" class=\"mod-media   \">\n<figure role=\"button\" tabindex=\"0\" class=\"mod-figure \"><figcaption class=\"mod-figcaption\"><span class=\"com-text --caption --twoxs\">El presidente de Colombia, Abelardo de la Espriella, asiste al tradicional desfile de silleteros, en Medell\u00edn, departamento de Antioquia, Colombia<\/span><span class=\"com-text --credit --twoxs\">JAIME SALDARRIAGA &#8211; AFP<\/span><\/figcaption><\/figure>\n<\/section>\n<\/div>\n<p class=\"com-paragraph --s\">El grueso del documento, no obstante, son las 59 cr\u00edticas de gesti\u00f3n, agrupadas bajo el diagn\u00f3stico de una \u201cdestrucci\u00f3n del rigor t\u00e9cnico\u201d en la que el m\u00e9rito fue presuntamente reemplazado por <strong>\u201crelaciones de conveniencia y dependencia pol\u00edtica en los nombramientos\u201d<\/strong>.<\/p>\n<p class=\"com-paragraph --s\">Uno de los ejes centrales de la denuncia es el de las llamadas \u201cn\u00f3minas paralelas\u201d, cerca de <strong>900.000 contratos anuales <\/strong>bajo la figura de prestaci\u00f3n de servicios<strong> que habr\u00edan representado un gasto de casi 5000 millones de d\u00f3lares<\/strong>. <\/p>\n<p class=\"com-paragraph --s\">El libro cita una alerta de la Contralor\u00eda de enero de 2026 sobre 521.269 de esos contratos, por alrededor de <strong>10 millones de d\u00f3lares<\/strong>, firmados antes de que entrara en vigencia la Ley de Garant\u00edas. Como ejemplo puntual, se\u00f1ala que los contratos por prestaci\u00f3n de servicios en el Ministerio de Ambiente pasaron de 142, por <strong>700 mil d\u00f3lares<\/strong>, en 2022, a 1199, por <strong>m\u00e1s de 27 millones de d\u00f3lares<\/strong>, en 2025.<\/p>\n<p class=\"com-paragraph --s\">En el escrito tambi\u00e9n se advierte sobre <strong>el debilitamiento de la Fuerza P\u00fablica frente a la expansi\u00f3n de los grupos armados, <\/strong>con un d\u00e9ficit presupuestal cercano a los 14 billones de pesos que habr\u00eda dejado solo ocho de 19 helic\u00f3pteros MI-17 operativos.<\/p>\n<div class=\"content-media\">\n<section role=\"button\" class=\"mod-media   \">\n<figure role=\"button\" tabindex=\"0\" class=\"mod-figure \"><figcaption class=\"mod-figcaption\"><span class=\"com-text --caption --twoxs\">El nuevo presidente de Colombia, Abelardo de la Espriella, tras su asunci\u00f3n, en Cali, Colombia<\/span><span class=\"com-text --credit --twoxs\">JAIME SALDARRIAGA &#8211; AFP<\/span><\/figcaption><\/figure>\n<\/section>\n<\/div>\n<p class=\"com-paragraph --s\">Adem\u00e1s, el texto dedica un cap\u00edtulo a la Unidad Nacional para la Gesti\u00f3n del Riesgo de Desastres (UNGRD) \u2013que cobra particular relevancia porque ser la entidad que conduce la respuesta al terremoto del 10 de agosto\u2013, donde el hallazgo m\u00e1s grave es que <strong>apenas se ejecut\u00f3 el 4,3% de los 5000 millones d\u00f3lares asignados <\/strong>durante el gobierno de Petro. <\/p>\n<p class=\"com-paragraph --s\">El vicepresidente colombiano, <strong>Jos\u00e9 Manuel Restrepo<\/strong>, defendi\u00f3 el mi\u00e9rcoles la decisi\u00f3n de incluir las denuncias por corrupci\u00f3n con las cr\u00edticas a la gesti\u00f3n en un mismo documento y adelant\u00f3 que <strong>el libro presentado es apenas el primero de varios<\/strong>.<\/p>\n<p class=\"com-paragraph --s\">\u201cNo necesariamente todos son actos sujetos de investigaci\u00f3n por parte de la Fiscal\u00eda, pero <strong>son actos que no representan un buen manejo de la cosa p\u00fablica<\/strong>\u201d, dijo en entrevista con Blu Radio.<\/p>\n<p><h2 class=\"font-primary font-w-bold text-subheading-lg text-left container-center-100 mb-8\"><span>La respuesta de Petro<\/span><\/h2>\n<\/p>\n<p class=\"com-paragraph --s\">Petro se concentr\u00f3 en cuestionar los se\u00f1alamientos relacionados con las pol\u00edticas p\u00fablicas y <strong>evit\u00f3 referirse en detalle a los casos de presunta corrupci\u00f3n<\/strong>.<\/p>\n<p class=\"com-paragraph --s\">El expresidente compar\u00f3 el informe con el llamado <strong>\u201clibro blanco\u201d <\/strong>que present\u00f3 el actual alcalde de Medell\u00edn, <strong>Federico Guti\u00e9rrez<\/strong>, cuando asumi\u00f3 la ciudad y denunci\u00f3 irregularidades de la administraci\u00f3n de Daniel Quintero. Seg\u00fan Petro, <strong>aquellos se\u00f1alamientos tampoco derivaron hasta ahora en condenas<\/strong>.<\/p>\n<p class=\"com-paragraph --s\"><strong>Sus aliados de la oposici\u00f3n tambi\u00e9n rechazaron distintos cap\u00edtulos del informe<\/strong>. El senador y excandidato presidencial <strong>Iv\u00e1n Cepeda <\/strong>cuestion\u00f3 particularmente las cr\u00edticas del nuevo gobierno a los avances en la entrega de tierras a campesinos.<\/p>\n<div class=\"content-media\">\n<section role=\"button\" class=\"mod-media   \">\n<figure role=\"button\" tabindex=\"0\" class=\"mod-figure \"><figcaption class=\"mod-figcaption\"><span class=\"com-text --caption --twoxs\">El expresidente de Colombia Gustavo Petro da su \u00faltimo discurso desde la sede de gobierno en Bogot\u00e1<\/span><span class=\"com-text --credit --twoxs\">John Vizcaino &#8211; AP<\/span><\/figcaption><\/figure>\n<\/section>\n<\/div>\n<p class=\"com-paragraph --s\">\u201c<strong>Se busca restituir las tierras a los amigos despojadores, narcotraficantes y paramilitares<\/strong>. La verdad es que De la Espriella y su c\u00edrculo quieren impulsar la contrarreforma agraria\u201d, declar\u00f3 en X.<\/p>\n<p class=\"com-paragraph --s\">Carlos Carrillo, exdirector de la UNGRD, calific\u00f3 el documento como <strong>\u201cun panfleto de refritos y de declaraciones pol\u00edticas\u201d<\/strong>.<\/p>\n<p class=\"com-paragraph --s\">El exfuncionario admiti\u00f3 que hubo corrupci\u00f3n durante el gobierno anterior y que los responsables deben responder ante la Justicia, pero acus\u00f3 a la gesti\u00f3n de Abelardo de utilizar el informe para <strong>\u201cdesviar la atenci\u00f3n de lo mal que est\u00e1 arrancando\u201d su mandato<\/strong>.<\/p>\n<p class=\"com-paragraph --s\"><strong>Agencia ANSA y diarios <\/strong><em><strong>El Pa\u00eds <\/strong><\/em><strong>y <\/strong><em><strong>El Tiempo (GDA)<\/strong><\/em><\/p>\n<section class=\"container-center-100 mb-40 border border-bottom border-thin border-neutral-light-700\">\n<hr\/>\n<\/section>\n<\/div>\n<p><script id=\"facebookpixel\" defer=\"\" type=\"text\/javascript\">\n        !function(f,b,e,v,n,t,s)\n        {if(f.fbq)return;n=f.fbq=function(){n.callMethod?\n        n.callMethod.apply(n,arguments):n.queue.push(arguments)};\n        if(!f._fbq)f._fbq=n;n.push=n;n.loaded=!0;n.version='2.0';\n        n.queue=[];t=b.createElement(e);t.async=!0;\n        t.src=v;s=b.getElementsByTagName(e)[0];\n        s.parentNode.insertBefore(t,s)}(window, document,'script',\n        'https:\/\/connect.facebook.net\/en_US\/fbevents.js');\n        fbq('init', '492459597522335');\n        fbq('track', 'PageView');\n    <\/script><br \/>\n<br \/><\/p>\n","protected":false},"excerpt":{"rendered":"<p>BOGOT\u00c1.\u2013 El presidente de Colombia, Abelardo de la Espriella, present\u00f3 el martes ante la Fiscal\u00eda un informe de 135 p\u00e1ginas titulado \u201cEl libro de la verdad\u201d, en el que re\u00fane un total de 82 casos de supuestas irregularidades que argumenta cometi\u00f3 el gobierno de su antecesor, Gustavo Petro. El informe, redactado en conjunto por cada [&hellip;]<\/p>\n","protected":false},"author":2,"featured_media":208929,"comment_status":"closed","ping_status":"closed","sticky":false,"template":"","format":"standard","meta":{"footnotes":""},"categories":[26],"tags":[],"class_list":["post-208928","post","type-post","status-publish","format-standard","has-post-thumbnail","hentry","category-internacionales"],"yoast_head":"<!-- This site is optimized with the Yoast SEO plugin v24.4 - https:\/\/yoast.com\/wordpress\/plugins\/seo\/ -->\n<title>De la Espriella abre un nuevo frente contra el gobierno de Petro por presuntas irregularidades - GYS NOTICIAS |<\/title>\n<meta name=\"robots\" content=\"index, follow, max-snippet:-1, max-image-preview:large, max-video-preview:-1\" \/>\n<link rel=\"canonical\" href=\"https:\/\/gysfm.com.ar\/inicio\/de-la-espriella-abre-un-nuevo-frente-contra-el-gobierno-de-petro-por-presuntas-irregularidades\/\" \/>\n<meta property=\"og:locale\" content=\"es_ES\" \/>\n<meta property=\"og:type\" content=\"article\" \/>\n<meta property=\"og:title\" content=\"De la Espriella abre un nuevo frente contra el gobierno de Petro por presuntas irregularidades - GYS NOTICIAS |\" \/>\n<meta property=\"og:description\" content=\"BOGOT\u00c1.\u2013 El presidente de Colombia, Abelardo de la Espriella, present\u00f3 el martes ante la Fiscal\u00eda un informe de 135 p\u00e1ginas titulado \u201cEl libro de la verdad\u201d, en el que re\u00fane un total de 82 casos de supuestas irregularidades que argumenta cometi\u00f3 el gobierno de su antecesor, Gustavo Petro. El informe, redactado en conjunto por cada [&hellip;]\" \/>\n<meta property=\"og:url\" content=\"https:\/\/gysfm.com.ar\/inicio\/de-la-espriella-abre-un-nuevo-frente-contra-el-gobierno-de-petro-por-presuntas-irregularidades\/\" \/>\n<meta property=\"og:site_name\" content=\"GYS NOTICIAS |\" \/>\n<meta property=\"article:published_time\" content=\"2026-08-21T16:26:14+00:00\" \/>\n<meta property=\"article:modified_time\" content=\"2026-08-21T16:26:15+00:00\" \/>\n<meta property=\"og:image\" content=\"https:\/\/gysfm.com.ar\/inicio\/wp-content\/uploads\/2026\/08\/abelardo-de-la-espriella-en-la-presentacion-del-2BERQ6RCIRGIJAMU4WQJZVCJTM.jpg\" \/>\n\t<meta property=\"og:image:width\" content=\"1200\" \/>\n\t<meta property=\"og:image:height\" content=\"800\" \/>\n\t<meta property=\"og:image:type\" content=\"image\/jpeg\" \/>\n<meta name=\"author\" content=\"Prensa G&amp;S FM\" \/>\n<meta name=\"twitter:card\" content=\"summary_large_image\" \/>\n<meta name=\"twitter:label1\" content=\"Escrito por\" \/>\n\t<meta name=\"twitter:data1\" content=\"Prensa G&amp;S FM\" \/>\n\t<meta name=\"twitter:label2\" content=\"Tiempo de lectura\" \/>\n\t<meta name=\"twitter:data2\" content=\"6 minutos\" \/>\n<script type=\"application\/ld+json\" class=\"yoast-schema-graph\">{\"@context\":\"https:\/\/schema.org\",\"@graph\":[{\"@type\":\"Article\",\"@id\":\"https:\/\/gysfm.com.ar\/inicio\/de-la-espriella-abre-un-nuevo-frente-contra-el-gobierno-de-petro-por-presuntas-irregularidades\/#article\",\"isPartOf\":{\"@id\":\"https:\/\/gysfm.com.ar\/inicio\/de-la-espriella-abre-un-nuevo-frente-contra-el-gobierno-de-petro-por-presuntas-irregularidades\/\"},\"author\":{\"name\":\"Prensa G&amp;S FM\",\"@id\":\"https:\/\/gysfm.com.ar\/inicio\/#\/schema\/person\/3abba7593ef2ad19e1be221d54383dc5\"},\"headline\":\"De la Espriella abre un nuevo frente contra el gobierno de Petro por presuntas irregularidades\",\"datePublished\":\"2026-08-21T16:26:14+00:00\",\"dateModified\":\"2026-08-21T16:26:15+00:00\",\"mainEntityOfPage\":{\"@id\":\"https:\/\/gysfm.com.ar\/inicio\/de-la-espriella-abre-un-nuevo-frente-contra-el-gobierno-de-petro-por-presuntas-irregularidades\/\"},\"wordCount\":1239,\"publisher\":{\"@id\":\"https:\/\/gysfm.com.ar\/inicio\/#organization\"},\"image\":{\"@id\":\"https:\/\/gysfm.com.ar\/inicio\/de-la-espriella-abre-un-nuevo-frente-contra-el-gobierno-de-petro-por-presuntas-irregularidades\/#primaryimage\"},\"thumbnailUrl\":\"https:\/\/gysfm.com.ar\/inicio\/wp-content\/uploads\/2026\/08\/abelardo-de-la-espriella-en-la-presentacion-del-2BERQ6RCIRGIJAMU4WQJZVCJTM.jpg\",\"articleSection\":[\"INTERNACIONALES\"],\"inLanguage\":\"es\"},{\"@type\":\"WebPage\",\"@id\":\"https:\/\/gysfm.com.ar\/inicio\/de-la-espriella-abre-un-nuevo-frente-contra-el-gobierno-de-petro-por-presuntas-irregularidades\/\",\"url\":\"https:\/\/gysfm.com.ar\/inicio\/de-la-espriella-abre-un-nuevo-frente-contra-el-gobierno-de-petro-por-presuntas-irregularidades\/\",\"name\":\"De la Espriella abre un nuevo frente contra el gobierno de Petro por presuntas irregularidades - GYS NOTICIAS |\",\"isPartOf\":{\"@id\":\"https:\/\/gysfm.com.ar\/inicio\/#website\"},\"primaryImageOfPage\":{\"@id\":\"https:\/\/gysfm.com.ar\/inicio\/de-la-espriella-abre-un-nuevo-frente-contra-el-gobierno-de-petro-por-presuntas-irregularidades\/#primaryimage\"},\"image\":{\"@id\":\"https:\/\/gysfm.com.ar\/inicio\/de-la-espriella-abre-un-nuevo-frente-contra-el-gobierno-de-petro-por-presuntas-irregularidades\/#primaryimage\"},\"thumbnailUrl\":\"https:\/\/gysfm.com.ar\/inicio\/wp-content\/uploads\/2026\/08\/abelardo-de-la-espriella-en-la-presentacion-del-2BERQ6RCIRGIJAMU4WQJZVCJTM.jpg\",\"datePublished\":\"2026-08-21T16:26:14+00:00\",\"dateModified\":\"2026-08-21T16:26:15+00:00\",\"breadcrumb\":{\"@id\":\"https:\/\/gysfm.com.ar\/inicio\/de-la-espriella-abre-un-nuevo-frente-contra-el-gobierno-de-petro-por-presuntas-irregularidades\/#breadcrumb\"},\"inLanguage\":\"es\",\"potentialAction\":[{\"@type\":\"ReadAction\",\"target\":[\"https:\/\/gysfm.com.ar\/inicio\/de-la-espriella-abre-un-nuevo-frente-contra-el-gobierno-de-petro-por-presuntas-irregularidades\/\"]}]},{\"@type\":\"ImageObject\",\"inLanguage\":\"es\",\"@id\":\"https:\/\/gysfm.com.ar\/inicio\/de-la-espriella-abre-un-nuevo-frente-contra-el-gobierno-de-petro-por-presuntas-irregularidades\/#primaryimage\",\"url\":\"https:\/\/gysfm.com.ar\/inicio\/wp-content\/uploads\/2026\/08\/abelardo-de-la-espriella-en-la-presentacion-del-2BERQ6RCIRGIJAMU4WQJZVCJTM.jpg\",\"contentUrl\":\"https:\/\/gysfm.com.ar\/inicio\/wp-content\/uploads\/2026\/08\/abelardo-de-la-espriella-en-la-presentacion-del-2BERQ6RCIRGIJAMU4WQJZVCJTM.jpg\",\"width\":1200,\"height\":800},{\"@type\":\"BreadcrumbList\",\"@id\":\"https:\/\/gysfm.com.ar\/inicio\/de-la-espriella-abre-un-nuevo-frente-contra-el-gobierno-de-petro-por-presuntas-irregularidades\/#breadcrumb\",\"itemListElement\":[{\"@type\":\"ListItem\",\"position\":1,\"name\":\"Portada\",\"item\":\"https:\/\/gysfm.com.ar\/inicio\/\"},{\"@type\":\"ListItem\",\"position\":2,\"name\":\"De la Espriella abre un nuevo frente contra el gobierno de Petro por presuntas irregularidades\"}]},{\"@type\":\"WebSite\",\"@id\":\"https:\/\/gysfm.com.ar\/inicio\/#website\",\"url\":\"https:\/\/gysfm.com.ar\/inicio\/\",\"name\":\"GYS NOTICIAS |\",\"description\":\"DIARIO - RADIO ONLINE SAN JUAN ARGENTINA\",\"publisher\":{\"@id\":\"https:\/\/gysfm.com.ar\/inicio\/#organization\"},\"potentialAction\":[{\"@type\":\"SearchAction\",\"target\":{\"@type\":\"EntryPoint\",\"urlTemplate\":\"https:\/\/gysfm.com.ar\/inicio\/?s={search_term_string}\"},\"query-input\":{\"@type\":\"PropertyValueSpecification\",\"valueRequired\":true,\"valueName\":\"search_term_string\"}}],\"inLanguage\":\"es\"},{\"@type\":\"Organization\",\"@id\":\"https:\/\/gysfm.com.ar\/inicio\/#organization\",\"name\":\"GYS NOTICIAS |\",\"url\":\"https:\/\/gysfm.com.ar\/inicio\/\",\"logo\":{\"@type\":\"ImageObject\",\"inLanguage\":\"es\",\"@id\":\"https:\/\/gysfm.com.ar\/inicio\/#\/schema\/logo\/image\/\",\"url\":\"https:\/\/gysfm.com.ar\/inicio\/wp-content\/uploads\/2023\/07\/LOGOGYS-OK.png\",\"contentUrl\":\"https:\/\/gysfm.com.ar\/inicio\/wp-content\/uploads\/2023\/07\/LOGOGYS-OK.png\",\"width\":1170,\"height\":872,\"caption\":\"GYS NOTICIAS |\"},\"image\":{\"@id\":\"https:\/\/gysfm.com.ar\/inicio\/#\/schema\/logo\/image\/\"}},{\"@type\":\"Person\",\"@id\":\"https:\/\/gysfm.com.ar\/inicio\/#\/schema\/person\/3abba7593ef2ad19e1be221d54383dc5\",\"name\":\"Prensa G&amp;S FM\",\"image\":{\"@type\":\"ImageObject\",\"inLanguage\":\"es\",\"@id\":\"https:\/\/gysfm.com.ar\/inicio\/#\/schema\/person\/image\/\",\"url\":\"https:\/\/secure.gravatar.com\/avatar\/096ec78df02049ab018702bb4ccedf659377fa92a26540b5247612077a0dbd29?s=96&d=mm&r=g\",\"contentUrl\":\"https:\/\/secure.gravatar.com\/avatar\/096ec78df02049ab018702bb4ccedf659377fa92a26540b5247612077a0dbd29?s=96&d=mm&r=g\",\"caption\":\"Prensa G&amp;S FM\"},\"sameAs\":[\"https:\/\/gysfm.com.ar\/\"],\"url\":\"https:\/\/gysfm.com.ar\/inicio\/author\/lucasm\/\"}]}<\/script>\n<!-- \/ Yoast SEO plugin. -->","yoast_head_json":{"title":"De la Espriella abre un nuevo frente contra el gobierno de Petro por presuntas irregularidades - GYS NOTICIAS |","robots":{"index":"index","follow":"follow","max-snippet":"max-snippet:-1","max-image-preview":"max-image-preview:large","max-video-preview":"max-video-preview:-1"},"canonical":"https:\/\/gysfm.com.ar\/inicio\/de-la-espriella-abre-un-nuevo-frente-contra-el-gobierno-de-petro-por-presuntas-irregularidades\/","og_locale":"es_ES","og_type":"article","og_title":"De la Espriella abre un nuevo frente contra el gobierno de Petro por presuntas irregularidades - GYS NOTICIAS |","og_description":"BOGOT\u00c1.\u2013 El presidente de Colombia, Abelardo de la Espriella, present\u00f3 el martes ante la Fiscal\u00eda un informe de 135 p\u00e1ginas titulado \u201cEl libro de la verdad\u201d, en el que re\u00fane un total de 82 casos de supuestas irregularidades que argumenta cometi\u00f3 el gobierno de su antecesor, Gustavo Petro. El informe, redactado en conjunto por cada [&hellip;]","og_url":"https:\/\/gysfm.com.ar\/inicio\/de-la-espriella-abre-un-nuevo-frente-contra-el-gobierno-de-petro-por-presuntas-irregularidades\/","og_site_name":"GYS NOTICIAS |","article_published_time":"2026-08-21T16:26:14+00:00","article_modified_time":"2026-08-21T16:26:15+00:00","og_image":[{"width":1200,"height":800,"url":"https:\/\/gysfm.com.ar\/inicio\/wp-content\/uploads\/2026\/08\/abelardo-de-la-espriella-en-la-presentacion-del-2BERQ6RCIRGIJAMU4WQJZVCJTM.jpg","type":"image\/jpeg"}],"author":"Prensa G&amp;S FM","twitter_card":"summary_large_image","twitter_misc":{"Escrito por":"Prensa G&amp;S FM","Tiempo de lectura":"6 minutos"},"schema":{"@context":"https:\/\/schema.org","@graph":[{"@type":"Article","@id":"https:\/\/gysfm.com.ar\/inicio\/de-la-espriella-abre-un-nuevo-frente-contra-el-gobierno-de-petro-por-presuntas-irregularidades\/#article","isPartOf":{"@id":"https:\/\/gysfm.com.ar\/inicio\/de-la-espriella-abre-un-nuevo-frente-contra-el-gobierno-de-petro-por-presuntas-irregularidades\/"},"author":{"name":"Prensa G&amp;S FM","@id":"https:\/\/gysfm.com.ar\/inicio\/#\/schema\/person\/3abba7593ef2ad19e1be221d54383dc5"},"headline":"De la Espriella abre un nuevo frente contra el gobierno de Petro por presuntas irregularidades","datePublished":"2026-08-21T16:26:14+00:00","dateModified":"2026-08-21T16:26:15+00:00","mainEntityOfPage":{"@id":"https:\/\/gysfm.com.ar\/inicio\/de-la-espriella-abre-un-nuevo-frente-contra-el-gobierno-de-petro-por-presuntas-irregularidades\/"},"wordCount":1239,"publisher":{"@id":"https:\/\/gysfm.com.ar\/inicio\/#organization"},"image":{"@id":"https:\/\/gysfm.com.ar\/inicio\/de-la-espriella-abre-un-nuevo-frente-contra-el-gobierno-de-petro-por-presuntas-irregularidades\/#primaryimage"},"thumbnailUrl":"https:\/\/gysfm.com.ar\/inicio\/wp-content\/uploads\/2026\/08\/abelardo-de-la-espriella-en-la-presentacion-del-2BERQ6RCIRGIJAMU4WQJZVCJTM.jpg","articleSection":["INTERNACIONALES"],"inLanguage":"es"},{"@type":"WebPage","@id":"https:\/\/gysfm.com.ar\/inicio\/de-la-espriella-abre-un-nuevo-frente-contra-el-gobierno-de-petro-por-presuntas-irregularidades\/","url":"https:\/\/gysfm.com.ar\/inicio\/de-la-espriella-abre-un-nuevo-frente-contra-el-gobierno-de-petro-por-presuntas-irregularidades\/","name":"De la Espriella abre un nuevo frente contra el gobierno de Petro por presuntas irregularidades - GYS NOTICIAS |","isPartOf":{"@id":"https:\/\/gysfm.com.ar\/inicio\/#website"},"primaryImageOfPage":{"@id":"https:\/\/gysfm.com.ar\/inicio\/de-la-espriella-abre-un-nuevo-frente-contra-el-gobierno-de-petro-por-presuntas-irregularidades\/#primaryimage"},"image":{"@id":"https:\/\/gysfm.com.ar\/inicio\/de-la-espriella-abre-un-nuevo-frente-contra-el-gobierno-de-petro-por-presuntas-irregularidades\/#primaryimage"},"thumbnailUrl":"https:\/\/gysfm.com.ar\/inicio\/wp-content\/uploads\/2026\/08\/abelardo-de-la-espriella-en-la-presentacion-del-2BERQ6RCIRGIJAMU4WQJZVCJTM.jpg","datePublished":"2026-08-21T16:26:14+00:00","dateModified":"2026-08-21T16:26:15+00:00","breadcrumb":{"@id":"https:\/\/gysfm.com.ar\/inicio\/de-la-espriella-abre-un-nuevo-frente-contra-el-gobierno-de-petro-por-presuntas-irregularidades\/#breadcrumb"},"inLanguage":"es","potentialAction":[{"@type":"ReadAction","target":["https:\/\/gysfm.com.ar\/inicio\/de-la-espriella-abre-un-nuevo-frente-contra-el-gobierno-de-petro-por-presuntas-irregularidades\/"]}]},{"@type":"ImageObject","inLanguage":"es","@id":"https:\/\/gysfm.com.ar\/inicio\/de-la-espriella-abre-un-nuevo-frente-contra-el-gobierno-de-petro-por-presuntas-irregularidades\/#primaryimage","url":"https:\/\/gysfm.com.ar\/inicio\/wp-content\/uploads\/2026\/08\/abelardo-de-la-espriella-en-la-presentacion-del-2BERQ6RCIRGIJAMU4WQJZVCJTM.jpg","contentUrl":"https:\/\/gysfm.com.ar\/inicio\/wp-content\/uploads\/2026\/08\/abelardo-de-la-espriella-en-la-presentacion-del-2BERQ6RCIRGIJAMU4WQJZVCJTM.jpg","width":1200,"height":800},{"@type":"BreadcrumbList","@id":"https:\/\/gysfm.com.ar\/inicio\/de-la-espriella-abre-un-nuevo-frente-contra-el-gobierno-de-petro-por-presuntas-irregularidades\/#breadcrumb","itemListElement":[{"@type":"ListItem","position":1,"name":"Portada","item":"https:\/\/gysfm.com.ar\/inicio\/"},{"@type":"ListItem","position":2,"name":"De la Espriella abre un nuevo frente contra el gobierno de Petro por presuntas irregularidades"}]},{"@type":"WebSite","@id":"https:\/\/gysfm.com.ar\/inicio\/#website","url":"https:\/\/gysfm.com.ar\/inicio\/","name":"GYS NOTICIAS |","description":"DIARIO - RADIO ONLINE SAN JUAN ARGENTINA","publisher":{"@id":"https:\/\/gysfm.com.ar\/inicio\/#organization"},"potentialAction":[{"@type":"SearchAction","target":{"@type":"EntryPoint","urlTemplate":"https:\/\/gysfm.com.ar\/inicio\/?s={search_term_string}"},"query-input":{"@type":"PropertyValueSpecification","valueRequired":true,"valueName":"search_term_string"}}],"inLanguage":"es"},{"@type":"Organization","@id":"https:\/\/gysfm.com.ar\/inicio\/#organization","name":"GYS NOTICIAS |","url":"https:\/\/gysfm.com.ar\/inicio\/","logo":{"@type":"ImageObject","inLanguage":"es","@id":"https:\/\/gysfm.com.ar\/inicio\/#\/schema\/logo\/image\/","url":"https:\/\/gysfm.com.ar\/inicio\/wp-content\/uploads\/2023\/07\/LOGOGYS-OK.png","contentUrl":"https:\/\/gysfm.com.ar\/inicio\/wp-content\/uploads\/2023\/07\/LOGOGYS-OK.png","width":1170,"height":872,"caption":"GYS NOTICIAS |"},"image":{"@id":"https:\/\/gysfm.com.ar\/inicio\/#\/schema\/logo\/image\/"}},{"@type":"Person","@id":"https:\/\/gysfm.com.ar\/inicio\/#\/schema\/person\/3abba7593ef2ad19e1be221d54383dc5","name":"Prensa G&amp;S FM","image":{"@type":"ImageObject","inLanguage":"es","@id":"https:\/\/gysfm.com.ar\/inicio\/#\/schema\/person\/image\/","url":"https:\/\/secure.gravatar.com\/avatar\/096ec78df02049ab018702bb4ccedf659377fa92a26540b5247612077a0dbd29?s=96&d=mm&r=g","contentUrl":"https:\/\/secure.gravatar.com\/avatar\/096ec78df02049ab018702bb4ccedf659377fa92a26540b5247612077a0dbd29?s=96&d=mm&r=g","caption":"Prensa G&amp;S FM"},"sameAs":["https:\/\/gysfm.com.ar\/"],"url":"https:\/\/gysfm.com.ar\/inicio\/author\/lucasm\/"}]}},"_links":{"self":[{"href":"https:\/\/gysfm.com.ar\/inicio\/wp-json\/wp\/v2\/posts\/208928","targetHints":{"allow":["GET"]}}],"collection":[{"href":"https:\/\/gysfm.com.ar\/inicio\/wp-json\/wp\/v2\/posts"}],"about":[{"href":"https:\/\/gysfm.com.ar\/inicio\/wp-json\/wp\/v2\/types\/post"}],"author":[{"embeddable":true,"href":"https:\/\/gysfm.com.ar\/inicio\/wp-json\/wp\/v2\/users\/2"}],"replies":[{"embeddable":true,"href":"https:\/\/gysfm.com.ar\/inicio\/wp-json\/wp\/v2\/comments?post=208928"}],"version-history":[{"count":1,"href":"https:\/\/gysfm.com.ar\/inicio\/wp-json\/wp\/v2\/posts\/208928\/revisions"}],"predecessor-version":[{"id":208930,"href":"https:\/\/gysfm.com.ar\/inicio\/wp-json\/wp\/v2\/posts\/208928\/revisions\/208930"}],"wp:featuredmedia":[{"embeddable":true,"href":"https:\/\/gysfm.com.ar\/inicio\/wp-json\/wp\/v2\/media\/208929"}],"wp:attachment":[{"href":"https:\/\/gysfm.com.ar\/inicio\/wp-json\/wp\/v2\/media?parent=208928"}],"wp:term":[{"taxonomy":"category","embeddable":true,"href":"https:\/\/gysfm.com.ar\/inicio\/wp-json\/wp\/v2\/categories?post=208928"},{"taxonomy":"post_tag","embeddable":true,"href":"https:\/\/gysfm.com.ar\/inicio\/wp-json\/wp\/v2\/tags?post=208928"}],"curies":[{"name":"wp","href":"https:\/\/api.w.org\/{rel}","templated":true}]}}