{"id":208919,"date":"2026-08-21T12:25:27","date_gmt":"2026-08-21T15:25:27","guid":{"rendered":"https:\/\/gysfm.com.ar\/inicio\/que-se-sabe-del-sismo-de-peru\/"},"modified":"2026-08-21T12:25:29","modified_gmt":"2026-08-21T15:25:29","slug":"que-se-sabe-del-sismo-de-peru","status":"publish","type":"post","link":"https:\/\/gysfm.com.ar\/inicio\/que-se-sabe-del-sismo-de-peru\/","title":{"rendered":"Qu\u00e9 se sabe del sismo de Per\u00fa"},"content":{"rendered":"<p> <br \/>\n<\/p>\n<div>\n<p class=\"com-paragraph --s\"><a href=\"https:\/\/www.lanacion.com.ar\/el-mundo\/un-sismo-de-magnitud-67-sacudio-peru-nid20082026\/\" target=\"_self\" title=\"https:\/\/www.lanacion.com.ar\/el-mundo\/un-sismo-de-magnitud-67-sacudio-peru-nid20082026\/\" class=\"com-link break-word\" data-mrf-recirculation=\"n_link_parrafo\">Un sismo y terremoto de magnitud preliminar 6,7 se registr\u00f3 este jueves en el sur de Per\u00fa.<\/a> Seg\u00fan indic\u00f3 el Servicio Geol\u00f3gico de Estados Unidos, el movimiento tel\u00farico se registr\u00f3 cerca de las 13 (hora local) y el epicentro se localiz\u00f3 a 35 kil\u00f3metros al norte de la ciudad de Coracora, en la provincia de Parinacochas. <strong>Hasta el momento no se reportaron v\u00edctimas ni da\u00f1os materiales<\/strong>. <\/p>\n<div class=\"content-media\">\n<section role=\"button\" class=\"mod-media   \">\n<figure role=\"button\" tabindex=\"0\" class=\"mod-figure \"><figcaption class=\"mod-figcaption\"><span class=\"com-text --caption --twoxs\">El mapa del terremoto en Per\u00fa por el Servicio Geol\u00f3gico de Estados Unidos (USGS)<\/span><span class=\"com-text --credit --twoxs\">Servicio Geol\u00f3gico de Estados Unidos (USGS)<\/span><\/figcaption><\/figure>\n<\/section>\n<\/div>\n<p class=\"com-paragraph --s\">El temblor tuvo una profundidad de 108 kil\u00f3metros y alcanz\u00f3 una intensidad m\u00e1xima de III-IV en Coracora. Las coordenadas del epicentro fueron establecidas en una latitud de <strong>-14,70 y una longitud de -73,78<\/strong>.<\/p>\n<p class=\"com-paragraph --s\">El movimiento se sinti\u00f3 en varios puntos del sur del pa\u00eds, incluidos Ica y Arequipa. Poco despu\u00e9s, comenzaron a difundirse en redes sociales im\u00e1genes del evento; <strong>las de mayor repercusi\u00f3n captaron el impacto en la zona monta\u00f1osa<\/strong>, donde la vibraci\u00f3n levant\u00f3 densas nubes de polvo sobre el terreno. Un grupo de operarios registr\u00f3 la escena desde un punto elevado, mostrando c\u00f3mo la polvareda cubri\u00f3 el paisaje. <strong>\u201cEst\u00e1 todo nublado\u201d<\/strong>, se escucha comentar a uno de los trabajadores.<\/p>\n<div class=\"content-media cursor-pointer container-center-100\">\n<section class=\"media-container relative ratio-16-9 mod-media pb-32\">\n<figure class=\"mod-video\">\n<div class=\"video-player bg-black ratio-16-9\" data-has-jwplayer=\"true\" data-video-id-jw=\"BRW4kfQU\" data-config=\"{&quot;title&quot;:&quot;Familias abrazadas durante el sismo en Per\u00fa&quot;,&quot;mediaId&quot;:&quot;BRW4kfQU&quot;,&quot;playerId&quot;:&quot;ih0086X3&quot;,&quot;playlist&quot;:[{&quot;mediaid&quot;:&quot;BRW4kfQU&quot;,&quot;sources&quot;:[{&quot;file&quot;:&quot;https:\/\/cdn.jwplayer.com\/manifests\/BRW4kfQU.m3u8&quot;,&quot;type&quot;:&quot;application\/vnd.apple.mpegurl&quot;},{&quot;bitrate&quot;:519998,&quot;file&quot;:&quot;https:\/\/cdn.jwplayer.com\/videos\/BRW4kfQU-kTExGaWf.mp4&quot;,&quot;filesize&quot;:1169997,&quot;framerate&quot;:30,&quot;height&quot;:320,&quot;label&quot;:&quot;180p&quot;,&quot;type&quot;:&quot;video\/mp4&quot;,&quot;width&quot;:248},{&quot;bitrate&quot;:787291,&quot;file&quot;:&quot;https:\/\/cdn.jwplayer.com\/videos\/BRW4kfQU-K8B0kybS.mp4&quot;,&quot;filesize&quot;:1771406,&quot;framerate&quot;:30,&quot;height&quot;:482,&quot;label&quot;:&quot;270p&quot;,&quot;type&quot;:&quot;video\/mp4&quot;,&quot;width&quot;:374},{&quot;bitrate&quot;:114383,&quot;file&quot;:&quot;https:\/\/cdn.jwplayer.com\/videos\/BRW4kfQU-hz5z2Tv4.m4a&quot;,&quot;filesize&quot;:271660,&quot;label&quot;:&quot;AAC Audio&quot;,&quot;type&quot;:&quot;audio\/mp4&quot;},{&quot;bitrate&quot;:1044292,&quot;file&quot;:&quot;https:\/\/cdn.jwplayer.com\/videos\/BRW4kfQU-FnZGUVnC.mp4&quot;,&quot;filesize&quot;:2349658,&quot;framerate&quot;:30,&quot;height&quot;:640,&quot;label&quot;:&quot;360p&quot;,&quot;type&quot;:&quot;video\/mp4&quot;,&quot;width&quot;:498}]}],&quot;hasAutoplay&quot;:false,&quot;autostart&quot;:true,&quot;tagsUrl&quot;:&quot;https:\/\/pubads.g.doubleclick.net\/gampad\/ads?slotname=\/133919216\/la_nacion_video\/nota\/preroll&amp;sz=640x480|400x300&amp;ciu_szs=300x250&amp;unviewed_position_start=1&amp;output=vast&amp;impl=s&amp;env=vp&amp;gdfp_req=1&amp;ad_rule=0&amp;vad_type=linear&amp;vpos=preroll&amp;cust_params=tags_nuevos%3Dte_peru%2Cte_terremoto%2Cca_el_mundo%2C%2CPVSQT7SQYBD3NLWAMB3J7GB3IE&amp;pod=3&amp;ppos=1&amp;lip=true&amp;min_ad_duration=0&amp;max_ad_duration=30000&amp;vrid=6256&amp;url=https%3A%2F%2Fwww.lanacion.com.ar%2Fel-mundo%2Fque-se-sabe-del-sismo-de-peru-nid20082026%2F%3Fvariant%3DA&amp;description_url=https%3A%2F%2Fwww.lanacion.com.ar%2Fel-mundo%2Fque-se-sabe-del-sismo-de-peru-nid20082026%2F%3Fvariant%3DA&amp;video_doc_id=short_onecue&amp;cmsid=496&amp;kfa=0&amp;tfcd=0&amp;correlator=1787325550960&quot;,&quot;arcSite&quot;:&quot;la-nacion-ar&quot;,&quot;duration&quot;:&quot;19000&quot;}\">\n<div id=\"facade-BRW4kfQU\" class=\"content-facade-jw relative bg-black ratio-16-9\"><picture><source media=\"(max-width: 767px)\" srcset=\"https:\/\/www.lanacion.com.ar\/resizer\/v2\/https%3A%2F%2Fcdn.jwplayer.com%2Fv2%2Fmedia%2FBRW4kfQU%2Fposter.jpg%3Fwidth%3D720?auth=d9cc6a1e38ff248123be3284194482e25cf5fbc079f55131cb71206628522d62&amp;width=480&amp;quality=70&amp;smart=false\"\/><\/picture><\/div>\n<\/div><figcaption class=\"border border-1 border-bottom border-light-300 relative px-16 py-8 min-h-36 w-100_md px-0_l mb-8 bg-white\"><span class=\"text ln-text text-16 block\">Familias abrazadas durante el sismo en Per\u00fa<\/span><\/figcaption><\/figure>\n<\/section>\n<\/div>\n<p class=\"com-paragraph --s\">Tras sonar las alarmas, <strong>alumnos de colegios locales evacuaron las aulas hacia los patios, mientras que varias familias descendieron de sus veh\u00edculos<\/strong> a la espera de que cesara el movimiento. La poblaci\u00f3n actu\u00f3 de forma ordenada y sigui\u00f3 los protocolos ante emergencias s\u00edsmicas.<\/p>\n<div class=\"content-media cursor-pointer container-center-100\">\n<section class=\"media-container relative ratio-16-9 mod-media pb-32\">\n<figure class=\"mod-video\">\n<div class=\"video-player bg-black ratio-16-9\" data-has-jwplayer=\"true\" data-video-id-jw=\"wuqqVfHa\" data-config=\"{&quot;title&quot;:&quot;Vecinos registraron el momento del sismo en Per\u00fa&quot;,&quot;mediaId&quot;:&quot;wuqqVfHa&quot;,&quot;playerId&quot;:&quot;ih0086X3&quot;,&quot;playlist&quot;:[{&quot;mediaid&quot;:&quot;wuqqVfHa&quot;,&quot;sources&quot;:[{&quot;file&quot;:&quot;https:\/\/cdn.jwplayer.com\/manifests\/wuqqVfHa.m3u8&quot;,&quot;type&quot;:&quot;application\/vnd.apple.mpegurl&quot;},{&quot;bitrate&quot;:565468,&quot;file&quot;:&quot;https:\/\/cdn.jwplayer.com\/videos\/wuqqVfHa-kTExGaWf.mp4&quot;,&quot;filesize&quot;:4382378,&quot;framerate&quot;:30,&quot;height&quot;:318,&quot;label&quot;:&quot;180p&quot;,&quot;type&quot;:&quot;video\/mp4&quot;,&quot;width&quot;:320},{&quot;bitrate&quot;:766882,&quot;file&quot;:&quot;https:\/\/cdn.jwplayer.com\/videos\/wuqqVfHa-K8B0kybS.mp4&quot;,&quot;filesize&quot;:5943343,&quot;framerate&quot;:30,&quot;height&quot;:478,&quot;label&quot;:&quot;270p&quot;,&quot;type&quot;:&quot;video\/mp4&quot;,&quot;width&quot;:480},{&quot;bitrate&quot;:115078,&quot;file&quot;:&quot;https:\/\/cdn.jwplayer.com\/videos\/wuqqVfHa-hz5z2Tv4.m4a&quot;,&quot;filesize&quot;:891859,&quot;label&quot;:&quot;AAC Audio&quot;,&quot;type&quot;:&quot;audio\/mp4&quot;},{&quot;bitrate&quot;:1033443,&quot;file&quot;:&quot;https:\/\/cdn.jwplayer.com\/videos\/wuqqVfHa-FnZGUVnC.mp4&quot;,&quot;filesize&quot;:8009188,&quot;framerate&quot;:30,&quot;height&quot;:636,&quot;label&quot;:&quot;360p&quot;,&quot;type&quot;:&quot;video\/mp4&quot;,&quot;width&quot;:640}]}],&quot;hasAutoplay&quot;:false,&quot;autostart&quot;:true,&quot;tagsUrl&quot;:&quot;https:\/\/pubads.g.doubleclick.net\/gampad\/ads?slotname=\/133919216\/la_nacion_video\/nota\/preroll&amp;sz=640x480|400x300&amp;ciu_szs=300x250&amp;unviewed_position_start=1&amp;output=vast&amp;impl=s&amp;env=vp&amp;gdfp_req=1&amp;ad_rule=0&amp;vad_type=linear&amp;vpos=preroll&amp;cust_params=tags_nuevos%3Dte_peru%2Cte_terremoto%2Cca_el_mundo%2C%2CPVSQT7SQYBD3NLWAMB3J7GB3IE&amp;pod=3&amp;ppos=1&amp;lip=true&amp;min_ad_duration=0&amp;max_ad_duration=30000&amp;vrid=6256&amp;url=https%3A%2F%2Fwww.lanacion.com.ar%2Fel-mundo%2Fque-se-sabe-del-sismo-de-peru-nid20082026%2F%3Fvariant%3DA&amp;description_url=https%3A%2F%2Fwww.lanacion.com.ar%2Fel-mundo%2Fque-se-sabe-del-sismo-de-peru-nid20082026%2F%3Fvariant%3DA&amp;video_doc_id=short_onecue&amp;cmsid=496&amp;kfa=0&amp;tfcd=0&amp;correlator=1787325550960&quot;,&quot;arcSite&quot;:&quot;la-nacion-ar&quot;,&quot;duration&quot;:&quot;62000&quot;}\">\n<div id=\"facade-wuqqVfHa\" class=\"content-facade-jw relative bg-black ratio-16-9\"><picture><source media=\"(max-width: 767px)\" srcset=\"https:\/\/www.lanacion.com.ar\/resizer\/v2\/https%3A%2F%2Fcdn.jwplayer.com%2Fv2%2Fmedia%2FwuqqVfHa%2Fposter.jpg%3Fwidth%3D720?auth=e21301540a9fd3c40c20833df17f39286afd58b907ff3cdbe88cf9c0bdd7c021&amp;width=480&amp;quality=70&amp;smart=false\"\/><img class=\"image com-image flex --cover\" decoding=\"async\" fetchpriority=\"low\" loading=\"lazy\" src=\"https:\/\/gysfm.com.ar\/inicio\/wp-content\/uploads\/2026\/08\/https:\/\/cdn.jwplayer.com\/v2\/media\/wuqqVfHa\/poster.jpg\" alt=\"Vecinos registraron el momento del sismo en Per\u00fa\"\/><\/picture><\/div>\n<\/div><figcaption class=\"border border-1 border-bottom border-light-300 relative px-16 py-8 min-h-36 w-100_md px-0_l mb-8 bg-white\"><span class=\"text ln-text text-16 block\">Vecinos registraron el momento del sismo en Per\u00fa<\/span><\/figcaption><\/figure>\n<\/section>\n<\/div>\n<p class=\"com-paragraph --s\">Luis Vasquez, jefe de la Defensa Civil, confirm\u00f3 a la emisora <em>RPP <\/em>que no se registraron da\u00f1os hasta el momento. A su vez, el alcalde de Parinacochas, Yony Reyes, se\u00f1al\u00f3 la ausencia de afectaciones en la capital provincial, <strong>mientras que la Marina de Per\u00fa descart\u00f3 cualquier alerta de tsunami<\/strong>.<\/p>\n<div class=\"content-media cursor-pointer container-center-100\">\n<section class=\"media-container relative ratio-16-9 mod-media pb-32\">\n<figure class=\"mod-video\">\n<div class=\"video-player bg-black ratio-16-9\" data-has-jwplayer=\"true\" data-video-id-jw=\"UeAkQb09\" data-config=\"{&quot;title&quot;:&quot;El temblor visto desde las monta\u00f1as&quot;,&quot;mediaId&quot;:&quot;UeAkQb09&quot;,&quot;playerId&quot;:&quot;ih0086X3&quot;,&quot;playlist&quot;:[{&quot;mediaid&quot;:&quot;UeAkQb09&quot;,&quot;sources&quot;:[{&quot;file&quot;:&quot;https:\/\/cdn.jwplayer.com\/manifests\/UeAkQb09.m3u8&quot;,&quot;type&quot;:&quot;application\/vnd.apple.mpegurl&quot;},{&quot;bitrate&quot;:544925,&quot;file&quot;:&quot;https:\/\/cdn.jwplayer.com\/videos\/UeAkQb09-kTExGaWf.mp4&quot;,&quot;filesize&quot;:1294197,&quot;framerate&quot;:30,&quot;height&quot;:320,&quot;label&quot;:&quot;180p&quot;,&quot;type&quot;:&quot;video\/mp4&quot;,&quot;width&quot;:178},{&quot;bitrate&quot;:787176,&quot;file&quot;:&quot;https:\/\/cdn.jwplayer.com\/videos\/UeAkQb09-K8B0kybS.mp4&quot;,&quot;filesize&quot;:1869543,&quot;framerate&quot;:30,&quot;height&quot;:482,&quot;label&quot;:&quot;270p&quot;,&quot;type&quot;:&quot;video\/mp4&quot;,&quot;width&quot;:268},{&quot;bitrate&quot;:115768,&quot;file&quot;:&quot;https:\/\/cdn.jwplayer.com\/videos\/UeAkQb09-hz5z2Tv4.m4a&quot;,&quot;filesize&quot;:274951,&quot;label&quot;:&quot;AAC Audio&quot;,&quot;type&quot;:&quot;audio\/mp4&quot;}]}],&quot;hasAutoplay&quot;:false,&quot;autostart&quot;:true,&quot;tagsUrl&quot;:&quot;https:\/\/pubads.g.doubleclick.net\/gampad\/ads?slotname=\/133919216\/la_nacion_video\/nota\/preroll&amp;sz=640x480|400x300&amp;ciu_szs=300x250&amp;unviewed_position_start=1&amp;output=vast&amp;impl=s&amp;env=vp&amp;gdfp_req=1&amp;ad_rule=0&amp;vad_type=linear&amp;vpos=preroll&amp;cust_params=tags_nuevos%3Dte_peru%2Cte_terremoto%2Cca_el_mundo%2C%2CPVSQT7SQYBD3NLWAMB3J7GB3IE&amp;pod=3&amp;ppos=1&amp;lip=true&amp;min_ad_duration=0&amp;max_ad_duration=30000&amp;vrid=6256&amp;url=https%3A%2F%2Fwww.lanacion.com.ar%2Fel-mundo%2Fque-se-sabe-del-sismo-de-peru-nid20082026%2F%3Fvariant%3DA&amp;description_url=https%3A%2F%2Fwww.lanacion.com.ar%2Fel-mundo%2Fque-se-sabe-del-sismo-de-peru-nid20082026%2F%3Fvariant%3DA&amp;video_doc_id=short_onecue&amp;cmsid=496&amp;kfa=0&amp;tfcd=0&amp;correlator=1787325550960&quot;,&quot;arcSite&quot;:&quot;la-nacion-ar&quot;,&quot;duration&quot;:&quot;19000&quot;}\">\n<div id=\"facade-UeAkQb09\" class=\"content-facade-jw relative bg-black ratio-16-9\"><picture><source media=\"(max-width: 767px)\" srcset=\"https:\/\/www.lanacion.com.ar\/resizer\/v2\/https%3A%2F%2Fcdn.jwplayer.com%2Fv2%2Fmedia%2FUeAkQb09%2Fposter.jpg%3Fwidth%3D720?auth=c43510cd0e104219e150ec435c0aae05baaa2f620c5417265b5ea6aaec688125&amp;width=480&amp;quality=70&amp;smart=false\"\/><img class=\"image com-image flex --cover\" decoding=\"async\" fetchpriority=\"low\" loading=\"lazy\" src=\"https:\/\/gysfm.com.ar\/inicio\/wp-content\/uploads\/2026\/08\/https:\/\/cdn.jwplayer.com\/v2\/media\/UeAkQb09\/poster.jpg\" alt=\"El temblor visto desde las monta\u00f1as\"\/><\/picture><\/div>\n<\/div><figcaption class=\"border border-1 border-bottom border-light-300 relative px-16 py-8 min-h-36 w-100_md px-0_l mb-8 bg-white\"><span class=\"text ln-text text-16 block\">El temblor visto desde las monta\u00f1as<\/span><\/figcaption><\/figure>\n<\/section>\n<\/div>\n<p class=\"com-paragraph --s\">Este no es el primer episodio de esta \u00edndole que ocurre en el a\u00f1o. Durante la noche del 18 de julio, <strong>se registr\u00f3 un movimiento que alcanz\u00f3 una magnitud de 5,4 y tuvo su epicentro cerca de Chupaca y Chongos Bajo<\/strong>, en el departamento de Jun\u00edn, provocado por la activaci\u00f3n de la falla tect\u00f3nica Altos del Mantaro. Al registrarse a una profundidad tan superficial de solo 10 kil\u00f3metros, <strong>el temblor caus\u00f3 graves da\u00f1os estructurales en viviendas de la zona andina central del pa\u00eds, adem\u00e1s de dejar heridos y v\u00edctimas fatales<\/strong>.<\/p>\n<div class=\"content-media\">\n<section role=\"button\" class=\"mod-media   \">\n<figure role=\"button\" tabindex=\"0\" class=\"mod-figure \"><figcaption class=\"mod-figcaption\"><span class=\"com-text --caption --twoxs\">Al menos cinco personas fallecidas por el sismo de 5,1 registrado la noche del s\u00e1bado 19 de julio en el departamento central de Jun\u00edn, en Per\u00fa, confirmaron el domingo los medios de comunicaci\u00f3n locales (Xinhua\/Str) <\/span><span class=\"com-text --credit --twoxs\">[e]STR &#8211; XinHua<\/span><\/figcaption><\/figure>\n<\/section>\n<\/div>\n<p class=\"com-paragraph --s\">A su vez, el Instituto Geof\u00edsico del Per\u00fa report\u00f3 otros movimientos de menor escala durante el mes, entre los que destacaron un temblor de magnitud 3,8 percibido en Ilo, Moquegua, el 25 de julio, y otro de magnitud 4,1 localizado a 50 kil\u00f3metros al noreste de Nueva Cajamarca, en San Mart\u00edn, el 26 de julio.<\/p>\n<p><h2 class=\"font-primary font-w-bold text-subheading-lg text-left container-center-100 mb-8\"><span>Recomendaciones ante la presencia de un sismo<\/span><\/h2>\n<\/p>\n<p class=\"com-paragraph --s\">Ante la eventualidad de un movimiento tel\u00farico como el reciente, el Instituto Nacional de Defensa Civil (Indeci) de Per\u00fa <strong>recomienda tener siempre lista una mochila de emergencia con suministros b\u00e1sicos<\/strong>. Asimismo, insta a la ciudadan\u00eda a conservar la calma en todo momento, alejarse de ventanas, repisas, artefactos u otros objetos que puedan caer durante la evacuaci\u00f3n, y priorizar el uso de mensajes de texto para comunicarse para evitar colapsar las redes telef\u00f3nicas. Se sugiere adem\u00e1s ubicar previamente las zonas de seguridad internas del inmueble y <strong>coordinar un punto de encuentro familiar tras la evacuaci\u00f3n<\/strong>.<\/p>\n<section class=\"container-center-100 mb-40 border border-bottom border-thin border-neutral-light-700\"\/><\/div>\n<p><script id=\"facebookpixel\" defer=\"\" type=\"text\/javascript\">\n        !function(f,b,e,v,n,t,s)\n        {if(f.fbq)return;n=f.fbq=function(){n.callMethod?\n        n.callMethod.apply(n,arguments):n.queue.push(arguments)};\n        if(!f._fbq)f._fbq=n;n.push=n;n.loaded=!0;n.version='2.0';\n        n.queue=[];t=b.createElement(e);t.async=!0;\n        t.src=v;s=b.getElementsByTagName(e)[0];\n        s.parentNode.insertBefore(t,s)}(window, document,'script',\n        'https:\/\/connect.facebook.net\/en_US\/fbevents.js');\n        fbq('init', '492459597522335');\n        fbq('track', 'PageView');\n    <\/script><br \/>\n<br \/><\/p>\n","protected":false},"excerpt":{"rendered":"<p>Un sismo y terremoto de magnitud preliminar 6,7 se registr\u00f3 este jueves en el sur de Per\u00fa. Seg\u00fan indic\u00f3 el Servicio Geol\u00f3gico de Estados Unidos, el movimiento tel\u00farico se registr\u00f3 cerca de las 13 (hora local) y el epicentro se localiz\u00f3 a 35 kil\u00f3metros al norte de la ciudad de Coracora, en la provincia de [&hellip;]<\/p>\n","protected":false},"author":2,"featured_media":208920,"comment_status":"closed","ping_status":"closed","sticky":false,"template":"","format":"standard","meta":{"footnotes":""},"categories":[26],"tags":[],"class_list":["post-208919","post","type-post","status-publish","format-standard","has-post-thumbnail","hentry","category-internacionales"],"yoast_head":"<!-- This site is optimized with the Yoast SEO plugin v24.4 - https:\/\/yoast.com\/wordpress\/plugins\/seo\/ -->\n<title>Qu\u00e9 se sabe del sismo de Per\u00fa - GYS NOTICIAS |<\/title>\n<meta name=\"robots\" content=\"index, follow, max-snippet:-1, max-image-preview:large, max-video-preview:-1\" \/>\n<link rel=\"canonical\" href=\"https:\/\/gysfm.com.ar\/inicio\/que-se-sabe-del-sismo-de-peru\/\" \/>\n<meta property=\"og:locale\" content=\"es_ES\" \/>\n<meta property=\"og:type\" content=\"article\" \/>\n<meta property=\"og:title\" content=\"Qu\u00e9 se sabe del sismo de Per\u00fa - GYS NOTICIAS |\" \/>\n<meta property=\"og:description\" content=\"Un sismo y terremoto de magnitud preliminar 6,7 se registr\u00f3 este jueves en el sur de Per\u00fa. Seg\u00fan indic\u00f3 el Servicio Geol\u00f3gico de Estados Unidos, el movimiento tel\u00farico se registr\u00f3 cerca de las 13 (hora local) y el epicentro se localiz\u00f3 a 35 kil\u00f3metros al norte de la ciudad de Coracora, en la provincia de [&hellip;]\" \/>\n<meta property=\"og:url\" content=\"https:\/\/gysfm.com.ar\/inicio\/que-se-sabe-del-sismo-de-peru\/\" \/>\n<meta property=\"og:site_name\" content=\"GYS NOTICIAS |\" \/>\n<meta property=\"article:published_time\" content=\"2026-08-21T15:25:27+00:00\" \/>\n<meta property=\"article:modified_time\" content=\"2026-08-21T15:25:29+00:00\" \/>\n<meta property=\"og:image\" content=\"https:\/\/gysfm.com.ar\/inicio\/wp-content\/uploads\/2026\/08\/el-epicentro-se-registro-a-35-kilometros-de-la-DIEKEOCYDBAMRGTYQRAS6NSI3E.jpg\" \/>\n\t<meta property=\"og:image:width\" content=\"1200\" \/>\n\t<meta property=\"og:image:height\" content=\"800\" \/>\n\t<meta property=\"og:image:type\" content=\"image\/jpeg\" \/>\n<meta name=\"author\" content=\"Prensa G&amp;S FM\" \/>\n<meta name=\"twitter:card\" content=\"summary_large_image\" \/>\n<meta name=\"twitter:label1\" content=\"Escrito por\" \/>\n\t<meta name=\"twitter:data1\" content=\"Prensa G&amp;S FM\" \/>\n\t<meta name=\"twitter:label2\" content=\"Tiempo de lectura\" \/>\n\t<meta name=\"twitter:data2\" content=\"3 minutos\" \/>\n<script type=\"application\/ld+json\" class=\"yoast-schema-graph\">{\"@context\":\"https:\/\/schema.org\",\"@graph\":[{\"@type\":\"Article\",\"@id\":\"https:\/\/gysfm.com.ar\/inicio\/que-se-sabe-del-sismo-de-peru\/#article\",\"isPartOf\":{\"@id\":\"https:\/\/gysfm.com.ar\/inicio\/que-se-sabe-del-sismo-de-peru\/\"},\"author\":{\"name\":\"Prensa G&amp;S FM\",\"@id\":\"https:\/\/gysfm.com.ar\/inicio\/#\/schema\/person\/3abba7593ef2ad19e1be221d54383dc5\"},\"headline\":\"Qu\u00e9 se sabe del sismo de Per\u00fa\",\"datePublished\":\"2026-08-21T15:25:27+00:00\",\"dateModified\":\"2026-08-21T15:25:29+00:00\",\"mainEntityOfPage\":{\"@id\":\"https:\/\/gysfm.com.ar\/inicio\/que-se-sabe-del-sismo-de-peru\/\"},\"wordCount\":635,\"publisher\":{\"@id\":\"https:\/\/gysfm.com.ar\/inicio\/#organization\"},\"image\":{\"@id\":\"https:\/\/gysfm.com.ar\/inicio\/que-se-sabe-del-sismo-de-peru\/#primaryimage\"},\"thumbnailUrl\":\"https:\/\/gysfm.com.ar\/inicio\/wp-content\/uploads\/2026\/08\/el-epicentro-se-registro-a-35-kilometros-de-la-DIEKEOCYDBAMRGTYQRAS6NSI3E.jpg\",\"articleSection\":[\"INTERNACIONALES\"],\"inLanguage\":\"es\"},{\"@type\":\"WebPage\",\"@id\":\"https:\/\/gysfm.com.ar\/inicio\/que-se-sabe-del-sismo-de-peru\/\",\"url\":\"https:\/\/gysfm.com.ar\/inicio\/que-se-sabe-del-sismo-de-peru\/\",\"name\":\"Qu\u00e9 se sabe del sismo de Per\u00fa - GYS NOTICIAS |\",\"isPartOf\":{\"@id\":\"https:\/\/gysfm.com.ar\/inicio\/#website\"},\"primaryImageOfPage\":{\"@id\":\"https:\/\/gysfm.com.ar\/inicio\/que-se-sabe-del-sismo-de-peru\/#primaryimage\"},\"image\":{\"@id\":\"https:\/\/gysfm.com.ar\/inicio\/que-se-sabe-del-sismo-de-peru\/#primaryimage\"},\"thumbnailUrl\":\"https:\/\/gysfm.com.ar\/inicio\/wp-content\/uploads\/2026\/08\/el-epicentro-se-registro-a-35-kilometros-de-la-DIEKEOCYDBAMRGTYQRAS6NSI3E.jpg\",\"datePublished\":\"2026-08-21T15:25:27+00:00\",\"dateModified\":\"2026-08-21T15:25:29+00:00\",\"breadcrumb\":{\"@id\":\"https:\/\/gysfm.com.ar\/inicio\/que-se-sabe-del-sismo-de-peru\/#breadcrumb\"},\"inLanguage\":\"es\",\"potentialAction\":[{\"@type\":\"ReadAction\",\"target\":[\"https:\/\/gysfm.com.ar\/inicio\/que-se-sabe-del-sismo-de-peru\/\"]}]},{\"@type\":\"ImageObject\",\"inLanguage\":\"es\",\"@id\":\"https:\/\/gysfm.com.ar\/inicio\/que-se-sabe-del-sismo-de-peru\/#primaryimage\",\"url\":\"https:\/\/gysfm.com.ar\/inicio\/wp-content\/uploads\/2026\/08\/el-epicentro-se-registro-a-35-kilometros-de-la-DIEKEOCYDBAMRGTYQRAS6NSI3E.jpg\",\"contentUrl\":\"https:\/\/gysfm.com.ar\/inicio\/wp-content\/uploads\/2026\/08\/el-epicentro-se-registro-a-35-kilometros-de-la-DIEKEOCYDBAMRGTYQRAS6NSI3E.jpg\",\"width\":1200,\"height\":800},{\"@type\":\"BreadcrumbList\",\"@id\":\"https:\/\/gysfm.com.ar\/inicio\/que-se-sabe-del-sismo-de-peru\/#breadcrumb\",\"itemListElement\":[{\"@type\":\"ListItem\",\"position\":1,\"name\":\"Portada\",\"item\":\"https:\/\/gysfm.com.ar\/inicio\/\"},{\"@type\":\"ListItem\",\"position\":2,\"name\":\"Qu\u00e9 se sabe del sismo de Per\u00fa\"}]},{\"@type\":\"WebSite\",\"@id\":\"https:\/\/gysfm.com.ar\/inicio\/#website\",\"url\":\"https:\/\/gysfm.com.ar\/inicio\/\",\"name\":\"GYS NOTICIAS |\",\"description\":\"DIARIO - RADIO ONLINE SAN JUAN ARGENTINA\",\"publisher\":{\"@id\":\"https:\/\/gysfm.com.ar\/inicio\/#organization\"},\"potentialAction\":[{\"@type\":\"SearchAction\",\"target\":{\"@type\":\"EntryPoint\",\"urlTemplate\":\"https:\/\/gysfm.com.ar\/inicio\/?s={search_term_string}\"},\"query-input\":{\"@type\":\"PropertyValueSpecification\",\"valueRequired\":true,\"valueName\":\"search_term_string\"}}],\"inLanguage\":\"es\"},{\"@type\":\"Organization\",\"@id\":\"https:\/\/gysfm.com.ar\/inicio\/#organization\",\"name\":\"GYS NOTICIAS |\",\"url\":\"https:\/\/gysfm.com.ar\/inicio\/\",\"logo\":{\"@type\":\"ImageObject\",\"inLanguage\":\"es\",\"@id\":\"https:\/\/gysfm.com.ar\/inicio\/#\/schema\/logo\/image\/\",\"url\":\"https:\/\/gysfm.com.ar\/inicio\/wp-content\/uploads\/2023\/07\/LOGOGYS-OK.png\",\"contentUrl\":\"https:\/\/gysfm.com.ar\/inicio\/wp-content\/uploads\/2023\/07\/LOGOGYS-OK.png\",\"width\":1170,\"height\":872,\"caption\":\"GYS NOTICIAS |\"},\"image\":{\"@id\":\"https:\/\/gysfm.com.ar\/inicio\/#\/schema\/logo\/image\/\"}},{\"@type\":\"Person\",\"@id\":\"https:\/\/gysfm.com.ar\/inicio\/#\/schema\/person\/3abba7593ef2ad19e1be221d54383dc5\",\"name\":\"Prensa G&amp;S FM\",\"image\":{\"@type\":\"ImageObject\",\"inLanguage\":\"es\",\"@id\":\"https:\/\/gysfm.com.ar\/inicio\/#\/schema\/person\/image\/\",\"url\":\"https:\/\/secure.gravatar.com\/avatar\/096ec78df02049ab018702bb4ccedf659377fa92a26540b5247612077a0dbd29?s=96&d=mm&r=g\",\"contentUrl\":\"https:\/\/secure.gravatar.com\/avatar\/096ec78df02049ab018702bb4ccedf659377fa92a26540b5247612077a0dbd29?s=96&d=mm&r=g\",\"caption\":\"Prensa G&amp;S FM\"},\"sameAs\":[\"https:\/\/gysfm.com.ar\/\"],\"url\":\"https:\/\/gysfm.com.ar\/inicio\/author\/lucasm\/\"}]}<\/script>\n<!-- \/ Yoast SEO plugin. -->","yoast_head_json":{"title":"Qu\u00e9 se sabe del sismo de Per\u00fa - GYS NOTICIAS |","robots":{"index":"index","follow":"follow","max-snippet":"max-snippet:-1","max-image-preview":"max-image-preview:large","max-video-preview":"max-video-preview:-1"},"canonical":"https:\/\/gysfm.com.ar\/inicio\/que-se-sabe-del-sismo-de-peru\/","og_locale":"es_ES","og_type":"article","og_title":"Qu\u00e9 se sabe del sismo de Per\u00fa - GYS NOTICIAS |","og_description":"Un sismo y terremoto de magnitud preliminar 6,7 se registr\u00f3 este jueves en el sur de Per\u00fa. Seg\u00fan indic\u00f3 el Servicio Geol\u00f3gico de Estados Unidos, el movimiento tel\u00farico se registr\u00f3 cerca de las 13 (hora local) y el epicentro se localiz\u00f3 a 35 kil\u00f3metros al norte de la ciudad de Coracora, en la provincia de [&hellip;]","og_url":"https:\/\/gysfm.com.ar\/inicio\/que-se-sabe-del-sismo-de-peru\/","og_site_name":"GYS NOTICIAS |","article_published_time":"2026-08-21T15:25:27+00:00","article_modified_time":"2026-08-21T15:25:29+00:00","og_image":[{"width":1200,"height":800,"url":"https:\/\/gysfm.com.ar\/inicio\/wp-content\/uploads\/2026\/08\/el-epicentro-se-registro-a-35-kilometros-de-la-DIEKEOCYDBAMRGTYQRAS6NSI3E.jpg","type":"image\/jpeg"}],"author":"Prensa G&amp;S FM","twitter_card":"summary_large_image","twitter_misc":{"Escrito por":"Prensa G&amp;S FM","Tiempo de lectura":"3 minutos"},"schema":{"@context":"https:\/\/schema.org","@graph":[{"@type":"Article","@id":"https:\/\/gysfm.com.ar\/inicio\/que-se-sabe-del-sismo-de-peru\/#article","isPartOf":{"@id":"https:\/\/gysfm.com.ar\/inicio\/que-se-sabe-del-sismo-de-peru\/"},"author":{"name":"Prensa G&amp;S FM","@id":"https:\/\/gysfm.com.ar\/inicio\/#\/schema\/person\/3abba7593ef2ad19e1be221d54383dc5"},"headline":"Qu\u00e9 se sabe del sismo de Per\u00fa","datePublished":"2026-08-21T15:25:27+00:00","dateModified":"2026-08-21T15:25:29+00:00","mainEntityOfPage":{"@id":"https:\/\/gysfm.com.ar\/inicio\/que-se-sabe-del-sismo-de-peru\/"},"wordCount":635,"publisher":{"@id":"https:\/\/gysfm.com.ar\/inicio\/#organization"},"image":{"@id":"https:\/\/gysfm.com.ar\/inicio\/que-se-sabe-del-sismo-de-peru\/#primaryimage"},"thumbnailUrl":"https:\/\/gysfm.com.ar\/inicio\/wp-content\/uploads\/2026\/08\/el-epicentro-se-registro-a-35-kilometros-de-la-DIEKEOCYDBAMRGTYQRAS6NSI3E.jpg","articleSection":["INTERNACIONALES"],"inLanguage":"es"},{"@type":"WebPage","@id":"https:\/\/gysfm.com.ar\/inicio\/que-se-sabe-del-sismo-de-peru\/","url":"https:\/\/gysfm.com.ar\/inicio\/que-se-sabe-del-sismo-de-peru\/","name":"Qu\u00e9 se sabe del sismo de Per\u00fa - GYS NOTICIAS |","isPartOf":{"@id":"https:\/\/gysfm.com.ar\/inicio\/#website"},"primaryImageOfPage":{"@id":"https:\/\/gysfm.com.ar\/inicio\/que-se-sabe-del-sismo-de-peru\/#primaryimage"},"image":{"@id":"https:\/\/gysfm.com.ar\/inicio\/que-se-sabe-del-sismo-de-peru\/#primaryimage"},"thumbnailUrl":"https:\/\/gysfm.com.ar\/inicio\/wp-content\/uploads\/2026\/08\/el-epicentro-se-registro-a-35-kilometros-de-la-DIEKEOCYDBAMRGTYQRAS6NSI3E.jpg","datePublished":"2026-08-21T15:25:27+00:00","dateModified":"2026-08-21T15:25:29+00:00","breadcrumb":{"@id":"https:\/\/gysfm.com.ar\/inicio\/que-se-sabe-del-sismo-de-peru\/#breadcrumb"},"inLanguage":"es","potentialAction":[{"@type":"ReadAction","target":["https:\/\/gysfm.com.ar\/inicio\/que-se-sabe-del-sismo-de-peru\/"]}]},{"@type":"ImageObject","inLanguage":"es","@id":"https:\/\/gysfm.com.ar\/inicio\/que-se-sabe-del-sismo-de-peru\/#primaryimage","url":"https:\/\/gysfm.com.ar\/inicio\/wp-content\/uploads\/2026\/08\/el-epicentro-se-registro-a-35-kilometros-de-la-DIEKEOCYDBAMRGTYQRAS6NSI3E.jpg","contentUrl":"https:\/\/gysfm.com.ar\/inicio\/wp-content\/uploads\/2026\/08\/el-epicentro-se-registro-a-35-kilometros-de-la-DIEKEOCYDBAMRGTYQRAS6NSI3E.jpg","width":1200,"height":800},{"@type":"BreadcrumbList","@id":"https:\/\/gysfm.com.ar\/inicio\/que-se-sabe-del-sismo-de-peru\/#breadcrumb","itemListElement":[{"@type":"ListItem","position":1,"name":"Portada","item":"https:\/\/gysfm.com.ar\/inicio\/"},{"@type":"ListItem","position":2,"name":"Qu\u00e9 se sabe del sismo de Per\u00fa"}]},{"@type":"WebSite","@id":"https:\/\/gysfm.com.ar\/inicio\/#website","url":"https:\/\/gysfm.com.ar\/inicio\/","name":"GYS NOTICIAS |","description":"DIARIO - RADIO ONLINE SAN JUAN ARGENTINA","publisher":{"@id":"https:\/\/gysfm.com.ar\/inicio\/#organization"},"potentialAction":[{"@type":"SearchAction","target":{"@type":"EntryPoint","urlTemplate":"https:\/\/gysfm.com.ar\/inicio\/?s={search_term_string}"},"query-input":{"@type":"PropertyValueSpecification","valueRequired":true,"valueName":"search_term_string"}}],"inLanguage":"es"},{"@type":"Organization","@id":"https:\/\/gysfm.com.ar\/inicio\/#organization","name":"GYS NOTICIAS |","url":"https:\/\/gysfm.com.ar\/inicio\/","logo":{"@type":"ImageObject","inLanguage":"es","@id":"https:\/\/gysfm.com.ar\/inicio\/#\/schema\/logo\/image\/","url":"https:\/\/gysfm.com.ar\/inicio\/wp-content\/uploads\/2023\/07\/LOGOGYS-OK.png","contentUrl":"https:\/\/gysfm.com.ar\/inicio\/wp-content\/uploads\/2023\/07\/LOGOGYS-OK.png","width":1170,"height":872,"caption":"GYS NOTICIAS |"},"image":{"@id":"https:\/\/gysfm.com.ar\/inicio\/#\/schema\/logo\/image\/"}},{"@type":"Person","@id":"https:\/\/gysfm.com.ar\/inicio\/#\/schema\/person\/3abba7593ef2ad19e1be221d54383dc5","name":"Prensa G&amp;S FM","image":{"@type":"ImageObject","inLanguage":"es","@id":"https:\/\/gysfm.com.ar\/inicio\/#\/schema\/person\/image\/","url":"https:\/\/secure.gravatar.com\/avatar\/096ec78df02049ab018702bb4ccedf659377fa92a26540b5247612077a0dbd29?s=96&d=mm&r=g","contentUrl":"https:\/\/secure.gravatar.com\/avatar\/096ec78df02049ab018702bb4ccedf659377fa92a26540b5247612077a0dbd29?s=96&d=mm&r=g","caption":"Prensa G&amp;S FM"},"sameAs":["https:\/\/gysfm.com.ar\/"],"url":"https:\/\/gysfm.com.ar\/inicio\/author\/lucasm\/"}]}},"_links":{"self":[{"href":"https:\/\/gysfm.com.ar\/inicio\/wp-json\/wp\/v2\/posts\/208919","targetHints":{"allow":["GET"]}}],"collection":[{"href":"https:\/\/gysfm.com.ar\/inicio\/wp-json\/wp\/v2\/posts"}],"about":[{"href":"https:\/\/gysfm.com.ar\/inicio\/wp-json\/wp\/v2\/types\/post"}],"author":[{"embeddable":true,"href":"https:\/\/gysfm.com.ar\/inicio\/wp-json\/wp\/v2\/users\/2"}],"replies":[{"embeddable":true,"href":"https:\/\/gysfm.com.ar\/inicio\/wp-json\/wp\/v2\/comments?post=208919"}],"version-history":[{"count":1,"href":"https:\/\/gysfm.com.ar\/inicio\/wp-json\/wp\/v2\/posts\/208919\/revisions"}],"predecessor-version":[{"id":208921,"href":"https:\/\/gysfm.com.ar\/inicio\/wp-json\/wp\/v2\/posts\/208919\/revisions\/208921"}],"wp:featuredmedia":[{"embeddable":true,"href":"https:\/\/gysfm.com.ar\/inicio\/wp-json\/wp\/v2\/media\/208920"}],"wp:attachment":[{"href":"https:\/\/gysfm.com.ar\/inicio\/wp-json\/wp\/v2\/media?parent=208919"}],"wp:term":[{"taxonomy":"category","embeddable":true,"href":"https:\/\/gysfm.com.ar\/inicio\/wp-json\/wp\/v2\/categories?post=208919"},{"taxonomy":"post_tag","embeddable":true,"href":"https:\/\/gysfm.com.ar\/inicio\/wp-json\/wp\/v2\/tags?post=208919"}],"curies":[{"name":"wp","href":"https:\/\/api.w.org\/{rel}","templated":true}]}}