{"id":208851,"date":"2026-08-20T20:32:28","date_gmt":"2026-08-20T23:32:28","guid":{"rendered":"https:\/\/gysfm.com.ar\/inicio\/el-superavit-comercial-alcanzo-unos-us2-115-millones-en-julio-aunque-las-exportaciones-se-hundieron-casi-5-mensual\/"},"modified":"2026-08-20T20:32:28","modified_gmt":"2026-08-20T23:32:28","slug":"el-superavit-comercial-alcanzo-unos-us2-115-millones-en-julio-aunque-las-exportaciones-se-hundieron-casi-5-mensual","status":"publish","type":"post","link":"https:\/\/gysfm.com.ar\/inicio\/el-superavit-comercial-alcanzo-unos-us2-115-millones-en-julio-aunque-las-exportaciones-se-hundieron-casi-5-mensual\/","title":{"rendered":"El super\u00e1vit comercial alcanz\u00f3 unos u$s2.115 millones en julio, aunque las exportaciones se hundieron casi 5% mensual"},"content":{"rendered":"<p> <br \/>\n<\/p>\n<div id=\"\">\n<p id=\"p-1787261251647-1174\" data-start=\"2166\" data-end=\"2424\">La lectura tambi\u00e9n es consistente con el an\u00e1lisis de <strong>Abeceb<\/strong>, que destac\u00f3 que la<strong> mejora de los t\u00e9rminos del intercambio<\/strong>, de 3,7% interanual, ayud\u00f3 a sostener el valor exportado pese al escaso crecimiento de los vol\u00famenes.<\/p>\n<p id=\"p-1787261251647-30559\" data-start=\"2426\" data-end=\"2760\">Dentro de ese cuadro, <strong data-start=\"2448\" data-end=\"2474\">Combustibles y Energ\u00eda<\/strong> volvi\u00f3 a ser ampliamente el rubro m\u00e1s din\u00e1mico. Sus<strong> exportaciones crecieron 97,8% interanual<\/strong>, hasta u$s1.506 millones, mientras que las cantidades aumentaron 67,6%. El<strong> petr\u00f3leo crudo fue el principal impulsor<\/strong>, con ventas por u$s1.020 millones.<\/p>\n<p id=\"p-1787261251647-72103\" data-start=\"2762\" data-end=\"3098\">La magnitud del aporte muestra hasta qu\u00e9 punto la energ\u00eda est\u00e1 modificando la composici\u00f3n del comercio exterior: el sector explic\u00f3 alrededor del <strong data-start=\"2907\" data-end=\"2977\">68% de todo el incremento interanual de las exportaciones de julio<\/strong>, con unos u$s744 millones adicionales sobre una mejora total de u$s1.093 millones.<\/p>\n<p id=\"p-1787261251647-79733\" data-start=\"3100\" data-end=\"3517\">Detr\u00e1s de ese avance aparece el <strong>crecimiento de Vaca Muerta<\/strong>. La <strong>producci\u00f3n nacional de crudo<\/strong> alcanz\u00f3 en junio un <strong>r\u00e9cord de 914.900 barriles diarios<\/strong>, con la formaci\u00f3n neuquina explicando ya alrededor del 70% del total. A su vez, la mayor producci\u00f3n y la expansi\u00f3n de la infraestructura permiten sustituir importaciones energ\u00e9ticas y ampliar simult\u00e1neamente las ventas externas.<\/p>\n<h2 id=\"p-1787261583267-45921\" class=\"\" data-section-id=\"161coj9\" data-start=\"3519\" data-end=\"3600\">La apertura comercial empieza a mover exportaciones, aunque no de forma pareja<\/h2>\n<p id=\"p-1787261583267-646\" data-start=\"3602\" data-end=\"4058\">Fuera de la energ\u00eda, Bernini destac\u00f3 el desempe\u00f1o de <strong data-start=\"3655\" data-end=\"3695\">las carnes, la pesca y los veh\u00edculos<\/strong>. En el primer caso, parte del impulso estuvo asociado a las <strong>mayores ventas hacia Estados Unidos<\/strong>. Durante el primer semestre, los<strong> env\u00edos de carne vacuna<\/strong> a ese mercado crecieron <strong data-start=\"3872\" data-end=\"3907\">185% en volumen y 243% en valor<\/strong>, mientras que el cupo adicional correspondiente al tercer trimestre se agot\u00f3 durante la primera semana de julio.<\/p>\n<p id=\"p-1787261583267-55952\" data-start=\"4060\" data-end=\"4515\">En el <strong>sector automotor <\/strong>tambi\u00e9n apareci\u00f3 una din\u00e1mica favorable en el frente externo. Las <strong>exportaciones de veh\u00edculos crecieron con fuerza<\/strong> y<strong> las ventas hacia Brasil avanzaron 26% interanual<\/strong>. Sin embargo, esa mejora convivi\u00f3 con una <strong>ca\u00edda de 16% en la producci\u00f3n nacional <\/strong>y de <strong>31,9% en las ventas mayoristas al mercado dom\u00e9stico<\/strong>, lo que muestra una marcada <strong>divergencia entre el desempe\u00f1o exportador y la demanda interna.<\/strong><\/p>\n<p id=\"p-1787261583267-30762\" data-start=\"4517\" data-end=\"4742\">Bernini destac\u00f3 especialmente el comportamiento de <strong data-start=\"4568\" data-end=\"4583\">las pickups<\/strong>, en un proceso en el que<strong> parte de la producci\u00f3n local se desplaz\u00f3 desde modelos m\u00e1s orientados al mercado interno hacia veh\u00edculos con mayor perfil exportador.<\/strong><\/p>\n<h2 id=\"p-1787261583267-89087\" data-start=\"4744\" data-end=\"5100\">El desempe\u00f1o fue m\u00e1s flojo en otros segmentos<\/h2>\n<p id=\"p-1787262211762-270\" data-start=\"4744\" data-end=\"5100\">Las <strong>Manufacturas de Origen Agropecuario<\/strong> <strong>aumentaron 4,9% en valor<\/strong>, aunque las cantidades cayeron 7,2%, mientras que los <strong>Productos Primarios <\/strong>retrocedieron 0,6%. En este \u00faltimo caso, la baja estuvo muy influida por una<strong> ca\u00edda de 73,7% en las exportaciones de porotos de soja.<\/strong><\/p>\n<p id=\"p-1787261583267-69151\" data-start=\"5102\" data-end=\"5497\">Sin embargo, esa comparaci\u00f3n est\u00e1 condicionada por una base elevada de 2025, cuando la <strong>reducci\u00f3n temporal de retenciones adelant\u00f3 ventas al exterior<\/strong>. Por eso, la ca\u00edda de los Productos Primarios refleja m\u00e1s una <strong data-start=\"5313\" data-end=\"5417\">normalizaci\u00f3n respecto de un per\u00edodo excepcional y un cambio hacia productos con mayor procesamiento<\/strong> que una retracci\u00f3n generalizada del agro.<\/p>\n<p id=\"p-1787261583267-58264\" data-start=\"5499\" data-end=\"5709\">A su vez, Bernini se\u00f1al\u00f3 un<strong> desempe\u00f1o d\u00e9bil en vinos, farmac\u00e9uticos y alimentos elaborados<\/strong>. En el caso vitivin\u00edcola, la menor demanda tambi\u00e9n responde a una <strong>tendencia global de reducci\u00f3n del consumo de alcohol.<\/strong><\/p>\n<h2 id=\"p-1787261599198-25915\" class=\"\" data-section-id=\"b3d2ib\" data-start=\"5711\" data-end=\"5795\">Las importaciones cayeron 9% en cantidades y dejaron una se\u00f1al sobre la inversi\u00f3n<\/h2>\n<p id=\"p-1787267435336-33786\" class=\"\" data-start=\"86\" data-end=\"358\">Del otro lado de la balanza, <strong>las importaciones sumaron u$s6.739 millones<\/strong>, con una <strong>ca\u00edda interanual de 1,7%.<\/strong> La baja estuvo <strong>enteramente explicada por las cantidades<\/strong>, que <strong>retrocedieron 9,2%<\/strong>, mientras que los precios aumentaron 8,4%.<\/p>\n<p id=\"p-1787267435336-8130\" data-start=\"360\" data-end=\"655\">La composici\u00f3n, sin embargo, obliga a evitar una lectura lineal. Bernini puso el foco en la fuerte ca\u00edda de las cantidades importadas de <strong data-start=\"497\" data-end=\"583\">bienes de capital, cercana al 13%, y de sus piezas y accesorios, alrededor del 23%<\/strong>, porque se trata de rubros estrechamente relacionados con la inversi\u00f3n.<\/p>\n<p id=\"p-1787267435336-10337\" data-start=\"657\" data-end=\"1006\">Los datos muestran adem\u00e1s que la debilidad no se limita a julio. En este sentido,<strong> LCG<\/strong> destac\u00f3 que los bienes de capital y sus piezas vienen registrando<strong> ca\u00eddas durante todos los meses del a\u00f1o<\/strong>, mientras Abeceb vincul\u00f3 esa din\u00e1mica con una inversi\u00f3n y una actividad industrial todav\u00eda d\u00e9biles.<\/p>\n<p id=\"p-1787267435336-46027\" data-start=\"1008\" data-end=\"1438\">En ese contexto, <strong data-start=\"1025\" data-end=\"1116\">Federico Vacarezza, economista,<\/strong> plante\u00f3 que la industria atraviesa un<strong data-start=\"1025\" data-end=\"1116\"> \u201cefecto s\u00e1ndwich\u201d<\/strong>. Por un lado, enfrenta un <strong>mercado interno contra\u00eddo<\/strong> y, por otro, un frente exportador que, seg\u00fan se\u00f1al\u00f3, est\u00e1<strong> concentrado principalmente en grandes compa\u00f1\u00edas<\/strong>. A eso se suma una<strong> ca\u00edda generalizada de las importaciones<\/strong>, con excepci\u00f3n de algunos insumos que las empresas estar\u00edan recomponiendo para la segunda parte del a\u00f1o.<\/p>\n<p id=\"p-1787267435336-66503\" data-start=\"1440\" data-end=\"1811\">La lectura ayuda a explicar por qu\u00e9 un saldo comercial elevado puede convivir con una<strong> actividad fabril mucho m\u00e1s d\u00e9bil.<\/strong> Mientras algunos sectores exportadores encuentran demanda externa y generan divisas, <strong>una parte del entramado productivo local sigue condicionada por el menor consumo dom\u00e9stico, la baja inversi\u00f3n y dificultades para insertarse en los mercados externos.<\/strong><\/p>\n<p id=\"p-1787267435336-544\" data-start=\"1813\" data-end=\"2235\">No obstante, parte de la contracci\u00f3n importadora tiene otra explicaci\u00f3n. Entre los bienes de capital <strong>cayeron las compras externas de pickups<\/strong>, que est\u00e1n siendo reemplazadas por producci\u00f3n local, por lo que ese movimiento no necesariamente implica menor actividad.<\/p>\n<p id=\"p-1787267590856-45770\" data-start=\"1813\" data-end=\"2235\">Al mismo tiempo,<strong> crecieron las importaciones de tel\u00e9fonos y computadoras<\/strong>, mientras que la maquinaria propiamente dicha pr\u00e1cticamente no mostr\u00f3 crecimiento.<\/p>\n<p id=\"p-1787267435336-1392\" data-start=\"2237\" data-end=\"2597\">Algo similar ocurre con los <strong>Bienes Intermedios<\/strong>, que fueron el \u00fanico gran uso econ\u00f3mico con una variaci\u00f3n positiva en valor, de 16,5%. Sin embargo, una parte del incremento correspondi\u00f3 a soja importada para ser procesada localmente y posteriormente exportada, por lo que el dato resulta menos representativo de una recuperaci\u00f3n general de la demanda dom\u00e9stica.<\/p>\n<p id=\"p-1787267435336-13883\" data-start=\"2599\" data-end=\"2909\">Tambi\u00e9n retrocedieron las compras de <strong data-start=\"2636\" data-end=\"2666\">Combustibles y Lubricantes<\/strong>, un movimiento que en este caso tiene una lectura favorable: las cantidades cayeron 23,8% interanual en un contexto de mayor producci\u00f3n dom\u00e9stica de hidrocarburos y menor dependencia de energ\u00eda importada.<\/p>\n<p id=\"p-1787267435336-45198\" data-start=\"2911\" data-end=\"3097\">Por otro lado, los bienes de consumo bajaron 7,3% en valor y 5,2% en cantidades, una din\u00e1mica consistente con una demanda interna todav\u00eda contenida.<\/p>\n<p id=\"p-1787267435336-37295\" data-start=\"3099\" data-end=\"3426\">El sector automotor volvi\u00f3 a condensar ambas tendencias. Las importaciones cayeron 13% interanual y el d\u00e9ficit comercial del sector se redujo desde unos <strong data-start=\"3252\" data-end=\"3293\">u$s830 millones hasta u$s510 millones<\/strong>, favorecido tambi\u00e9n por un aumento de 21,1% en sus exportaciones en una definici\u00f3n m\u00e1s amplia.<\/p>\n<p id=\"p-1787267435336-29471\" data-start=\"3428\" data-end=\"3823\" data-is-last-node=\"\" data-is-only-node=\"\">As\u00ed, la ca\u00edda de las importaciones combina se\u00f1ales diferentes: <strong data-start=\"3491\" data-end=\"3633\">menor inversi\u00f3n y debilidad de la demanda interna, pero tambi\u00e9n sustituci\u00f3n por producci\u00f3n local y una menor necesidad de importar energ\u00eda<\/strong>. Esa mezcla es clave para interpretar un super\u00e1vit que sigue en niveles muy altos, aunque con una composici\u00f3n que no necesariamente refleja una mejora homog\u00e9nea del conjunto de la econom\u00eda.<\/p>\n<h2 id=\"p-1787261608469-4270\" class=\"\" data-section-id=\"1gx0bt0\" data-start=\"8342\" data-end=\"8413\">El super\u00e1vit ya supera los u$s16.000 millones y la energ\u00eda gana peso<\/h2>\n<p id=\"p-1787261608469-16944\" data-start=\"8415\" data-end=\"8758\">La evoluci\u00f3n del comercio exterior tambi\u00e9n mostr\u00f3 fuertes diferencias seg\u00fan los principales socios. De esta forma, <strong data-start=\"8515\" data-end=\"8571\">China volvi\u00f3 a concentrar el mayor d\u00e9ficit bilateral<\/strong>, con un<strong> rojo de u$s845 millones<\/strong>, seguida por el <strong>Mercosur, con u$s370 millones<\/strong>. Adem\u00e1s, <strong>Brasil <\/strong>se mantuvo como el <strong>principal socio comercial individual <\/strong>y dej\u00f3 un <strong>saldo negativo de u$s349 millones.<\/strong><\/p>\n<p id=\"p-1787261608469-97854\" data-start=\"8760\" data-end=\"8939\">En sentido contrario, los mayores super\u00e1vits se registraron con el <strong data-start=\"8827\" data-end=\"8845\">Resto de ALADI (Asociaci\u00f3n Latinoamericana de Integraci\u00f3n)<\/strong> por <strong>u$s938 millones,<\/strong> con <strong>India<\/strong>, por <strong>u$s496 millones<\/strong>, y el <strong>bloque del USMCA<\/strong>, integrado por Estados Unidos, M\u00e9xico y Canad\u00e1, con<strong> u$s467 millones.<\/strong><\/p>\n<p id=\"p-1787261608469-5688\" data-start=\"8941\" data-end=\"9223\">Con el resultado de julio, el <strong data-start=\"8971\" data-end=\"9058\">super\u00e1vit acumulado durante los primeros siete meses alcanz\u00f3 los u$s16.080 millones<\/strong>, frente a<strong> u$s3.669 millones en igual per\u00edodo de 2025<\/strong> y por encima incluso de todo el saldo registrado durante el a\u00f1o pasado.<\/p>\n<p id=\"p-1787261608469-97274\" data-start=\"9225\" data-end=\"9572\">La energ\u00eda explic\u00f3 una parte relevante de esa mejora, aunque no toda. Seg\u00fan LCG, alrededor del <strong data-start=\"9320\" data-end=\"9405\">25% del aumento del super\u00e1vit acumulado estuvo asociado al mayor saldo energ\u00e9tico<\/strong>, mientras que cerca de 40% respondi\u00f3 a una reducci\u00f3n de d\u00e9ficits en otros sectores de menor peso dentro del comercio exterior.<\/p>\n<h2 id=\"p-1787261645404-92675\" class=\"\" data-section-id=\"6viqo7\" data-start=\"9574\" data-end=\"9646\">El desaf\u00edo ser\u00e1 sostener el saldo cuando vuelva a crecer la actividad<\/h2>\n<p id=\"p-1787261645404-72391\" data-start=\"9648\" data-end=\"10101\">De cara al <strong>segundo semestre<\/strong>, el escenario sigue siendo favorable, aunque con <strong>mayores desaf\u00edos. <\/strong>Desde LCG esperan una menor estacionalidad del comercio exterior a medida que los combustibles ganan participaci\u00f3n, pero anticipa tambi\u00e9n una <strong>moderaci\u00f3n del dinamismo de las exportaciones agropecuarias<\/strong>. Para todo el a\u00f1o proyecta ventas externas cercanas a <strong data-start=\"9992\" data-end=\"10015\">u$s100.000 millones<\/strong> y un <strong>super\u00e1vit superior a u$s20.000 millones.<\/strong><\/p>\n<p id=\"p-1787261645404-33007\" data-start=\"10103\" data-end=\"10565\">En este sentido, Abeceb plantea un escenario similar. As\u00ed, explican que <strong>la energ\u00eda se consolida como un nuevo motor estructural<\/strong>, mientras que<strong> la miner\u00eda seguir\u00e1 aportando dinamismo a trav\u00e9s del oro, la plata y el litio<\/strong>. Del lado de las importaciones, en cambio, <strong>la debilidad industrial y de la inversi\u00f3n mantiene contenidas las compras de bienes de capital<\/strong>, aunque una recuperaci\u00f3n de la actividad podr\u00eda reactivar ese componente durante los pr\u00f3ximos meses.<\/p>\n<p id=\"p-1787261645404-99544\" data-start=\"10567\" data-end=\"10842\">En ese contexto, el \u00faltimo <strong data-start=\"10594\" data-end=\"10643\">Relevamiento de Expectativas de Mercado (REM)<\/strong> del Banco Central<strong> proyecta exportaciones por u$s100.207 millones e importaciones por u$s76.773 millones para todo 2026<\/strong>, lo que implicar\u00eda un <strong data-start=\"10785\" data-end=\"10841\">super\u00e1vit comercial cercano a los u$s23.400 millones<\/strong>.<\/p>\n<p id=\"p-1787261645404-50141\" data-start=\"10844\" data-end=\"11256\" data-is-last-node=\"\" data-is-only-node=\"\">As\u00ed, el saldo de julio deja dos din\u00e1micas diferentes. En el corto plazo,<strong> los mejores precios y la debilidad de las importaciones ampliaron el super\u00e1vit. <\/strong>M\u00e1s estructuralmente, <strong>energ\u00eda y miner\u00eda empiezan a diversificar la generaci\u00f3n de d\u00f3lares y a reducir la dependencia de la estacionalidad del agro<\/strong>. La prueba llegar\u00e1 si la actividad recupera tracci\u00f3n y vuelve a aumentar la demanda de bienes importados.<\/p>\n<\/div>\n<p><script>\n!function(f,b,e,v,n,t,s)\n{if(f.fbq)return;n=f.fbq=function(){n.callMethod?\nn.callMethod.apply(n,arguments):n.queue.push(arguments)};\nif(!f._fbq)f._fbq=n;n.push=n;n.loaded=!0;n.version='2.0';\nn.queue=[];t=b.createElement(e);t.async=!0;\nt.src=v;s=b.getElementsByTagName(e)[0];\ns.parentNode.insertBefore(t,s)}(window,document,'script',\n'https:\/\/connect.facebook.net\/en_US\/fbevents.js');\nfbq('init', '2047048335588113');\nfbq('track', 'PageView');\n<\/script><br \/>\n<br \/><\/p>\n","protected":false},"excerpt":{"rendered":"<p>La lectura tambi\u00e9n es consistente con el an\u00e1lisis de Abeceb, que destac\u00f3 que la mejora de los t\u00e9rminos del intercambio, de 3,7% interanual, ayud\u00f3 a sostener el valor exportado pese al escaso crecimiento de los vol\u00famenes. Dentro de ese cuadro, Combustibles y Energ\u00eda volvi\u00f3 a ser ampliamente el rubro m\u00e1s din\u00e1mico. Sus exportaciones crecieron 97,8% [&hellip;]<\/p>\n","protected":false},"author":1,"featured_media":0,"comment_status":"closed","ping_status":"closed","sticky":false,"template":"","format":"standard","meta":{"footnotes":""},"categories":[28],"tags":[],"class_list":["post-208851","post","type-post","status-publish","format-standard","hentry","category-economia"],"yoast_head":"<!-- This site is optimized with the Yoast SEO plugin v24.4 - https:\/\/yoast.com\/wordpress\/plugins\/seo\/ -->\n<title>El super\u00e1vit comercial alcanz\u00f3 unos u$s2.115 millones en julio, aunque las exportaciones se hundieron casi 5% mensual - GYS NOTICIAS |<\/title>\n<meta name=\"robots\" content=\"index, follow, max-snippet:-1, max-image-preview:large, max-video-preview:-1\" \/>\n<link rel=\"canonical\" href=\"https:\/\/gysfm.com.ar\/inicio\/el-superavit-comercial-alcanzo-unos-us2-115-millones-en-julio-aunque-las-exportaciones-se-hundieron-casi-5-mensual\/\" \/>\n<meta property=\"og:locale\" content=\"es_ES\" \/>\n<meta property=\"og:type\" content=\"article\" \/>\n<meta property=\"og:title\" content=\"El super\u00e1vit comercial alcanz\u00f3 unos u$s2.115 millones en julio, aunque las exportaciones se hundieron casi 5% mensual - GYS NOTICIAS |\" \/>\n<meta property=\"og:description\" content=\"La lectura tambi\u00e9n es consistente con el an\u00e1lisis de Abeceb, que destac\u00f3 que la mejora de los t\u00e9rminos del intercambio, de 3,7% interanual, ayud\u00f3 a sostener el valor exportado pese al escaso crecimiento de los vol\u00famenes. Dentro de ese cuadro, Combustibles y Energ\u00eda volvi\u00f3 a ser ampliamente el rubro m\u00e1s din\u00e1mico. Sus exportaciones crecieron 97,8% [&hellip;]\" \/>\n<meta property=\"og:url\" content=\"https:\/\/gysfm.com.ar\/inicio\/el-superavit-comercial-alcanzo-unos-us2-115-millones-en-julio-aunque-las-exportaciones-se-hundieron-casi-5-mensual\/\" \/>\n<meta property=\"og:site_name\" content=\"GYS NOTICIAS |\" \/>\n<meta property=\"article:published_time\" content=\"2026-08-20T23:32:28+00:00\" \/>\n<meta name=\"author\" content=\"admin\" \/>\n<meta name=\"twitter:card\" content=\"summary_large_image\" \/>\n<meta name=\"twitter:label1\" content=\"Escrito por\" \/>\n\t<meta name=\"twitter:data1\" content=\"admin\" \/>\n\t<meta name=\"twitter:label2\" content=\"Tiempo de lectura\" \/>\n\t<meta name=\"twitter:data2\" content=\"8 minutos\" \/>\n<script type=\"application\/ld+json\" class=\"yoast-schema-graph\">{\"@context\":\"https:\/\/schema.org\",\"@graph\":[{\"@type\":\"Article\",\"@id\":\"https:\/\/gysfm.com.ar\/inicio\/el-superavit-comercial-alcanzo-unos-us2-115-millones-en-julio-aunque-las-exportaciones-se-hundieron-casi-5-mensual\/#article\",\"isPartOf\":{\"@id\":\"https:\/\/gysfm.com.ar\/inicio\/el-superavit-comercial-alcanzo-unos-us2-115-millones-en-julio-aunque-las-exportaciones-se-hundieron-casi-5-mensual\/\"},\"author\":{\"name\":\"admin\",\"@id\":\"https:\/\/gysfm.com.ar\/inicio\/#\/schema\/person\/5bedd7ecd35cc35548d89effafa23696\"},\"headline\":\"El super\u00e1vit comercial alcanz\u00f3 unos u$s2.115 millones en julio, aunque las exportaciones se hundieron casi 5% mensual\",\"datePublished\":\"2026-08-20T23:32:28+00:00\",\"mainEntityOfPage\":{\"@id\":\"https:\/\/gysfm.com.ar\/inicio\/el-superavit-comercial-alcanzo-unos-us2-115-millones-en-julio-aunque-las-exportaciones-se-hundieron-casi-5-mensual\/\"},\"wordCount\":1633,\"publisher\":{\"@id\":\"https:\/\/gysfm.com.ar\/inicio\/#organization\"},\"articleSection\":[\"ECONOMIA\"],\"inLanguage\":\"es\"},{\"@type\":\"WebPage\",\"@id\":\"https:\/\/gysfm.com.ar\/inicio\/el-superavit-comercial-alcanzo-unos-us2-115-millones-en-julio-aunque-las-exportaciones-se-hundieron-casi-5-mensual\/\",\"url\":\"https:\/\/gysfm.com.ar\/inicio\/el-superavit-comercial-alcanzo-unos-us2-115-millones-en-julio-aunque-las-exportaciones-se-hundieron-casi-5-mensual\/\",\"name\":\"El super\u00e1vit comercial alcanz\u00f3 unos u$s2.115 millones en julio, aunque las exportaciones se hundieron casi 5% mensual - GYS NOTICIAS |\",\"isPartOf\":{\"@id\":\"https:\/\/gysfm.com.ar\/inicio\/#website\"},\"datePublished\":\"2026-08-20T23:32:28+00:00\",\"breadcrumb\":{\"@id\":\"https:\/\/gysfm.com.ar\/inicio\/el-superavit-comercial-alcanzo-unos-us2-115-millones-en-julio-aunque-las-exportaciones-se-hundieron-casi-5-mensual\/#breadcrumb\"},\"inLanguage\":\"es\",\"potentialAction\":[{\"@type\":\"ReadAction\",\"target\":[\"https:\/\/gysfm.com.ar\/inicio\/el-superavit-comercial-alcanzo-unos-us2-115-millones-en-julio-aunque-las-exportaciones-se-hundieron-casi-5-mensual\/\"]}]},{\"@type\":\"BreadcrumbList\",\"@id\":\"https:\/\/gysfm.com.ar\/inicio\/el-superavit-comercial-alcanzo-unos-us2-115-millones-en-julio-aunque-las-exportaciones-se-hundieron-casi-5-mensual\/#breadcrumb\",\"itemListElement\":[{\"@type\":\"ListItem\",\"position\":1,\"name\":\"Portada\",\"item\":\"https:\/\/gysfm.com.ar\/inicio\/\"},{\"@type\":\"ListItem\",\"position\":2,\"name\":\"El super\u00e1vit comercial alcanz\u00f3 unos u$s2.115 millones en julio, aunque las exportaciones se hundieron casi 5% mensual\"}]},{\"@type\":\"WebSite\",\"@id\":\"https:\/\/gysfm.com.ar\/inicio\/#website\",\"url\":\"https:\/\/gysfm.com.ar\/inicio\/\",\"name\":\"GYS NOTICIAS |\",\"description\":\"DIARIO - RADIO ONLINE SAN JUAN ARGENTINA\",\"publisher\":{\"@id\":\"https:\/\/gysfm.com.ar\/inicio\/#organization\"},\"potentialAction\":[{\"@type\":\"SearchAction\",\"target\":{\"@type\":\"EntryPoint\",\"urlTemplate\":\"https:\/\/gysfm.com.ar\/inicio\/?s={search_term_string}\"},\"query-input\":{\"@type\":\"PropertyValueSpecification\",\"valueRequired\":true,\"valueName\":\"search_term_string\"}}],\"inLanguage\":\"es\"},{\"@type\":\"Organization\",\"@id\":\"https:\/\/gysfm.com.ar\/inicio\/#organization\",\"name\":\"GYS NOTICIAS |\",\"url\":\"https:\/\/gysfm.com.ar\/inicio\/\",\"logo\":{\"@type\":\"ImageObject\",\"inLanguage\":\"es\",\"@id\":\"https:\/\/gysfm.com.ar\/inicio\/#\/schema\/logo\/image\/\",\"url\":\"https:\/\/gysfm.com.ar\/inicio\/wp-content\/uploads\/2023\/07\/LOGOGYS-OK.png\",\"contentUrl\":\"https:\/\/gysfm.com.ar\/inicio\/wp-content\/uploads\/2023\/07\/LOGOGYS-OK.png\",\"width\":1170,\"height\":872,\"caption\":\"GYS NOTICIAS |\"},\"image\":{\"@id\":\"https:\/\/gysfm.com.ar\/inicio\/#\/schema\/logo\/image\/\"}},{\"@type\":\"Person\",\"@id\":\"https:\/\/gysfm.com.ar\/inicio\/#\/schema\/person\/5bedd7ecd35cc35548d89effafa23696\",\"name\":\"admin\",\"image\":{\"@type\":\"ImageObject\",\"inLanguage\":\"es\",\"@id\":\"https:\/\/gysfm.com.ar\/inicio\/#\/schema\/person\/image\/\",\"url\":\"https:\/\/secure.gravatar.com\/avatar\/c331d312b5243fb64d5ba28108a447b27c925295129a363082c9ea52c28d32c2?s=96&d=mm&r=g\",\"contentUrl\":\"https:\/\/secure.gravatar.com\/avatar\/c331d312b5243fb64d5ba28108a447b27c925295129a363082c9ea52c28d32c2?s=96&d=mm&r=g\",\"caption\":\"admin\"},\"sameAs\":[\"https:\/\/gysfm.com.ar\/inicio\"],\"url\":\"https:\/\/gysfm.com.ar\/inicio\/author\/admin\/\"}]}<\/script>\n<!-- \/ Yoast SEO plugin. -->","yoast_head_json":{"title":"El super\u00e1vit comercial alcanz\u00f3 unos u$s2.115 millones en julio, aunque las exportaciones se hundieron casi 5% mensual - GYS NOTICIAS |","robots":{"index":"index","follow":"follow","max-snippet":"max-snippet:-1","max-image-preview":"max-image-preview:large","max-video-preview":"max-video-preview:-1"},"canonical":"https:\/\/gysfm.com.ar\/inicio\/el-superavit-comercial-alcanzo-unos-us2-115-millones-en-julio-aunque-las-exportaciones-se-hundieron-casi-5-mensual\/","og_locale":"es_ES","og_type":"article","og_title":"El super\u00e1vit comercial alcanz\u00f3 unos u$s2.115 millones en julio, aunque las exportaciones se hundieron casi 5% mensual - GYS NOTICIAS |","og_description":"La lectura tambi\u00e9n es consistente con el an\u00e1lisis de Abeceb, que destac\u00f3 que la mejora de los t\u00e9rminos del intercambio, de 3,7% interanual, ayud\u00f3 a sostener el valor exportado pese al escaso crecimiento de los vol\u00famenes. Dentro de ese cuadro, Combustibles y Energ\u00eda volvi\u00f3 a ser ampliamente el rubro m\u00e1s din\u00e1mico. Sus exportaciones crecieron 97,8% [&hellip;]","og_url":"https:\/\/gysfm.com.ar\/inicio\/el-superavit-comercial-alcanzo-unos-us2-115-millones-en-julio-aunque-las-exportaciones-se-hundieron-casi-5-mensual\/","og_site_name":"GYS NOTICIAS |","article_published_time":"2026-08-20T23:32:28+00:00","author":"admin","twitter_card":"summary_large_image","twitter_misc":{"Escrito por":"admin","Tiempo de lectura":"8 minutos"},"schema":{"@context":"https:\/\/schema.org","@graph":[{"@type":"Article","@id":"https:\/\/gysfm.com.ar\/inicio\/el-superavit-comercial-alcanzo-unos-us2-115-millones-en-julio-aunque-las-exportaciones-se-hundieron-casi-5-mensual\/#article","isPartOf":{"@id":"https:\/\/gysfm.com.ar\/inicio\/el-superavit-comercial-alcanzo-unos-us2-115-millones-en-julio-aunque-las-exportaciones-se-hundieron-casi-5-mensual\/"},"author":{"name":"admin","@id":"https:\/\/gysfm.com.ar\/inicio\/#\/schema\/person\/5bedd7ecd35cc35548d89effafa23696"},"headline":"El super\u00e1vit comercial alcanz\u00f3 unos u$s2.115 millones en julio, aunque las exportaciones se hundieron casi 5% mensual","datePublished":"2026-08-20T23:32:28+00:00","mainEntityOfPage":{"@id":"https:\/\/gysfm.com.ar\/inicio\/el-superavit-comercial-alcanzo-unos-us2-115-millones-en-julio-aunque-las-exportaciones-se-hundieron-casi-5-mensual\/"},"wordCount":1633,"publisher":{"@id":"https:\/\/gysfm.com.ar\/inicio\/#organization"},"articleSection":["ECONOMIA"],"inLanguage":"es"},{"@type":"WebPage","@id":"https:\/\/gysfm.com.ar\/inicio\/el-superavit-comercial-alcanzo-unos-us2-115-millones-en-julio-aunque-las-exportaciones-se-hundieron-casi-5-mensual\/","url":"https:\/\/gysfm.com.ar\/inicio\/el-superavit-comercial-alcanzo-unos-us2-115-millones-en-julio-aunque-las-exportaciones-se-hundieron-casi-5-mensual\/","name":"El super\u00e1vit comercial alcanz\u00f3 unos u$s2.115 millones en julio, aunque las exportaciones se hundieron casi 5% mensual - GYS NOTICIAS |","isPartOf":{"@id":"https:\/\/gysfm.com.ar\/inicio\/#website"},"datePublished":"2026-08-20T23:32:28+00:00","breadcrumb":{"@id":"https:\/\/gysfm.com.ar\/inicio\/el-superavit-comercial-alcanzo-unos-us2-115-millones-en-julio-aunque-las-exportaciones-se-hundieron-casi-5-mensual\/#breadcrumb"},"inLanguage":"es","potentialAction":[{"@type":"ReadAction","target":["https:\/\/gysfm.com.ar\/inicio\/el-superavit-comercial-alcanzo-unos-us2-115-millones-en-julio-aunque-las-exportaciones-se-hundieron-casi-5-mensual\/"]}]},{"@type":"BreadcrumbList","@id":"https:\/\/gysfm.com.ar\/inicio\/el-superavit-comercial-alcanzo-unos-us2-115-millones-en-julio-aunque-las-exportaciones-se-hundieron-casi-5-mensual\/#breadcrumb","itemListElement":[{"@type":"ListItem","position":1,"name":"Portada","item":"https:\/\/gysfm.com.ar\/inicio\/"},{"@type":"ListItem","position":2,"name":"El super\u00e1vit comercial alcanz\u00f3 unos u$s2.115 millones en julio, aunque las exportaciones se hundieron casi 5% mensual"}]},{"@type":"WebSite","@id":"https:\/\/gysfm.com.ar\/inicio\/#website","url":"https:\/\/gysfm.com.ar\/inicio\/","name":"GYS NOTICIAS |","description":"DIARIO - RADIO ONLINE SAN JUAN ARGENTINA","publisher":{"@id":"https:\/\/gysfm.com.ar\/inicio\/#organization"},"potentialAction":[{"@type":"SearchAction","target":{"@type":"EntryPoint","urlTemplate":"https:\/\/gysfm.com.ar\/inicio\/?s={search_term_string}"},"query-input":{"@type":"PropertyValueSpecification","valueRequired":true,"valueName":"search_term_string"}}],"inLanguage":"es"},{"@type":"Organization","@id":"https:\/\/gysfm.com.ar\/inicio\/#organization","name":"GYS NOTICIAS |","url":"https:\/\/gysfm.com.ar\/inicio\/","logo":{"@type":"ImageObject","inLanguage":"es","@id":"https:\/\/gysfm.com.ar\/inicio\/#\/schema\/logo\/image\/","url":"https:\/\/gysfm.com.ar\/inicio\/wp-content\/uploads\/2023\/07\/LOGOGYS-OK.png","contentUrl":"https:\/\/gysfm.com.ar\/inicio\/wp-content\/uploads\/2023\/07\/LOGOGYS-OK.png","width":1170,"height":872,"caption":"GYS NOTICIAS |"},"image":{"@id":"https:\/\/gysfm.com.ar\/inicio\/#\/schema\/logo\/image\/"}},{"@type":"Person","@id":"https:\/\/gysfm.com.ar\/inicio\/#\/schema\/person\/5bedd7ecd35cc35548d89effafa23696","name":"admin","image":{"@type":"ImageObject","inLanguage":"es","@id":"https:\/\/gysfm.com.ar\/inicio\/#\/schema\/person\/image\/","url":"https:\/\/secure.gravatar.com\/avatar\/c331d312b5243fb64d5ba28108a447b27c925295129a363082c9ea52c28d32c2?s=96&d=mm&r=g","contentUrl":"https:\/\/secure.gravatar.com\/avatar\/c331d312b5243fb64d5ba28108a447b27c925295129a363082c9ea52c28d32c2?s=96&d=mm&r=g","caption":"admin"},"sameAs":["https:\/\/gysfm.com.ar\/inicio"],"url":"https:\/\/gysfm.com.ar\/inicio\/author\/admin\/"}]}},"_links":{"self":[{"href":"https:\/\/gysfm.com.ar\/inicio\/wp-json\/wp\/v2\/posts\/208851","targetHints":{"allow":["GET"]}}],"collection":[{"href":"https:\/\/gysfm.com.ar\/inicio\/wp-json\/wp\/v2\/posts"}],"about":[{"href":"https:\/\/gysfm.com.ar\/inicio\/wp-json\/wp\/v2\/types\/post"}],"author":[{"embeddable":true,"href":"https:\/\/gysfm.com.ar\/inicio\/wp-json\/wp\/v2\/users\/1"}],"replies":[{"embeddable":true,"href":"https:\/\/gysfm.com.ar\/inicio\/wp-json\/wp\/v2\/comments?post=208851"}],"version-history":[{"count":0,"href":"https:\/\/gysfm.com.ar\/inicio\/wp-json\/wp\/v2\/posts\/208851\/revisions"}],"wp:attachment":[{"href":"https:\/\/gysfm.com.ar\/inicio\/wp-json\/wp\/v2\/media?parent=208851"}],"wp:term":[{"taxonomy":"category","embeddable":true,"href":"https:\/\/gysfm.com.ar\/inicio\/wp-json\/wp\/v2\/categories?post=208851"},{"taxonomy":"post_tag","embeddable":true,"href":"https:\/\/gysfm.com.ar\/inicio\/wp-json\/wp\/v2\/tags?post=208851"}],"curies":[{"name":"wp","href":"https:\/\/api.w.org\/{rel}","templated":true}]}}