{"id":208848,"date":"2026-08-20T19:04:14","date_gmt":"2026-08-20T22:04:14","guid":{"rendered":"https:\/\/gysfm.com.ar\/inicio\/en-junio-la-economia-crecio-08-mensual-y-27-interanual\/"},"modified":"2026-08-20T19:04:15","modified_gmt":"2026-08-20T22:04:15","slug":"en-junio-la-economia-crecio-08-mensual-y-27-interanual","status":"publish","type":"post","link":"https:\/\/gysfm.com.ar\/inicio\/en-junio-la-economia-crecio-08-mensual-y-27-interanual\/","title":{"rendered":"En junio, la econom\u00eda creci\u00f3 0,8% mensual y 2,7% interanual"},"content":{"rendered":"<p><\/p>\n<div>\n<p class=\"com-paragraph --capital --s\">La actividad econ\u00f3mica <strong>registr\u00f3 una suba de 0,8% en junio<\/strong>, respecto de mayo, aunque volvi\u00f3 a reflejar el comportamiento inestable que muestra en lo que va del a\u00f1o y que los analistas definen como de \u201cserrucho\u201d. <strong>En la medici\u00f3n interanual, en tanto, exhibi\u00f3 una mejora de 2,7% y acumul\u00f3 un crecimiento de 1,9% durante el primer semestre.<\/strong><\/p>\n<p class=\"com-paragraph --s\">El dato fue publicado por el Instituto Nacional de Estad\u00edstica y Censos (Indec) en su informe sobre el Estimador Mensual de Actividad Econ\u00f3mica (EMAE). Sin embargo,<strong> la mejora de junio no alcanz\u00f3 para disipar la volatilidad que caracteriz\u00f3 al primer semestre.<\/strong> Basta con observar la serie actualizada del Indec para comprobarlo: <strong>la econom\u00eda creci\u00f3 0,3% en enero, cay\u00f3 2,5% en febrero, rebot\u00f3 2,6% en marzo, retrocedi\u00f3 1,6% en abril y volvi\u00f3 a bajar 0,6% en mayo, antes de la recuperaci\u00f3n de 0,8% en junio.<\/strong><\/p>\n<p class=\"com-paragraph --s\">En el informe, el Indec analiz\u00f3 que, con relaci\u00f3n a igual mes de 2025, <strong>12 de los 15 sectores de actividad registraron subas en junio. <\/strong>Se destacaron Pesca, con un aumento interanual de 247,6%, y <strong>Explotaci\u00f3n de minas y canteras (incluye la explotaci\u00f3n de hidrocarburos), con una expansi\u00f3n de 15,6%.<\/strong><\/p>\n<p class=\"com-paragraph --s\">La actividad de <strong>Explotaci\u00f3n de minas y canteras fue, a su vez, la de mayor incidencia positiva en la variaci\u00f3n interanual del EMAE, seguida por Agricultura, ganader\u00eda, caza y silvicultura, que creci\u00f3 4,6%<\/strong>. La suma de estos sectores aport\u00f3 1,1 puntos porcentuales al crecimiento interanual de la econom\u00eda.<\/p>\n<p class=\"com-paragraph --s\">En contraste, tres sectores de actividad registraron ca\u00eddas en la comparaci\u00f3n con junio del a\u00f1o pasado.<strong> La baja m\u00e1s pronunciada correspondi\u00f3 a Administraci\u00f3n p\u00fablica y defensa; planes de seguridad social de afiliaci\u00f3n obligatoria, con un retroceso de 1,5%<\/strong>. Electricidad, gas y agua disminuy\u00f3 0,4%, mientras que Ense\u00f1anza cay\u00f3 0,1%. En conjunto, estas ramas restaron 0,1 puntos porcentuales a la variaci\u00f3n interanual del indicador.<\/p>\n<p class=\"com-paragraph --s\">A diferencia de lo ocurrido en mayo, algunos sectores vinculados con el mercado interno mostraron resultados positivos.<strong> La Industria manufacturera avanz\u00f3 1,9% interanual; la Construcci\u00f3n, 2,8%, y el Comercio mayorista, minorista y reparaciones, 0,8%<\/strong>. En el informe anterior, la industria y el comercio hab\u00edan figurado entre las principales actividades que restaron impulso al nivel general.<\/p>\n<p class=\"com-paragraph --s\">El Gobierno destac\u00f3 el resultado. El ministro de Econom\u00eda, Luis Caputo, coment\u00f3 en su cuenta de la red social X: \u201cEl indicador tendencia-ciclo, que permite analizar la din\u00e1mica subyacente del nivel de actividad al extraer el componente irregular, creci\u00f3 0,2% mensual y <strong>acumul\u00f3 27 meses consecutivos de crecimiento, resultando el ciclo expansivo m\u00e1s largo desde el registrado entre junio de 2009 y agosto de 2011<\/strong>\u2033.<\/p>\n<p class=\"com-paragraph --s\">El economista Lorenzo Sigaut Gravina, de la consultora Equilibra, se\u00f1al\u00f3 que el dato de actividad de junio result\u00f3 algo mejor de lo esperado. \u201c<strong>Era una mejora necesaria porque ven\u00edamos de dos meses consecutivos de ca\u00eddas significativas, en abril y mayo. El repunte estuvo impulsado, sobre todo, por la pesca, la miner\u00eda y la energ\u00eda<\/strong>\u201d, indic\u00f3.<\/p>\n<p class=\"com-paragraph --s\">De todos modos, Sigaut Gravina<strong> advirti\u00f3 que el segundo trimestre cerr\u00f3 con una ca\u00edda desestacionalizada de 0,9% en el nivel de actividad<\/strong>. \u201cEs un retroceso significativo. De hecho, la actividad termin\u00f3 apenas por debajo del nivel del cuarto trimestre de 2025\u201d, explic\u00f3. Adem\u00e1s, destac\u00f3 que<strong> el crecimiento interanual se desaceler\u00f3 de 2,3% en el primer trimestre a 1,6% en el segundo<\/strong>.<\/p>\n<p class=\"com-paragraph --s\">Seg\u00fan el economista de Equilibra, esto muestra que la econom\u00eda viene pesada y que, salvo la agroindustria, la energ\u00eda, la miner\u00eda y la pesca, el resto de los sectores est\u00e1 bastante frenado o atraviesa dificultades. \u201c<strong>Los sectores primarios son claramente la locomotora del crecimiento, pero las actividades no primarias avanzan de manera m\u00e1s trabada, lenta o amesetada, con meses de subas seguidos de otros de bajas<\/strong>\u201d, concluy\u00f3.<\/p>\n<p class=\"com-paragraph --s\">En esa misma l\u00ednea, el economista Sebasti\u00e1n Menescaldi, de la consultora EcoGo, afirm\u00f3 que el dato de junio fue positivo, tanto el mensual como el interanual. \u201c<strong>La mejora estuvo impulsada principalmente por Explotaci\u00f3n de minas y canteras y por Pesca, que creci\u00f3 con mucha fuerza, aunque contra una base de comparaci\u00f3n muy baja, debido a los problemas que hab\u00eda atravesado el sector el a\u00f1o pasado<\/strong>\u201d, explic\u00f3.<\/p>\n<p class=\"com-paragraph --s\">Menescaldi tambi\u00e9n destac\u00f3 los resultados positivos de la industria y la construcci\u00f3n, aunque puso en perspectiva este \u00faltimo dato. \u201c<strong>Si bien la construcci\u00f3n creci\u00f3, la comparaci\u00f3n se realiza contra un per\u00edodo en el que todav\u00eda no se hab\u00eda recuperado y su nivel contin\u00faa por debajo del registrado en 2023<\/strong>\u201d, se\u00f1al\u00f3. Agreg\u00f3, adem\u00e1s, que el Indec corrigi\u00f3 ligeramente al alza la serie de los meses anteriores.<\/p>\n<p class=\"com-paragraph --s\">Asimismo, Menescaldi advirti\u00f3 que el segundo trimestre cerr\u00f3 con una ca\u00edda desestacionalizada de casi 1% respecto del trimestre previo, como consecuencia de los retrocesos registrados en abril y mayo. \u201cHabr\u00e1 que ver c\u00f3mo sigue la econom\u00eda. <strong>Por ahora, la actividad acumula un crecimiento promedio de 1,9% y en EcoGo proyectamos que el a\u00f1o terminar\u00e1 en torno de ese nivel<\/strong>\u201d, concluy\u00f3.<\/p>\n<p class=\"com-paragraph --s\">En tanto, Camilo Tiscornia, director de C&amp;T Asesores Econ\u00f3micos, destac\u00f3 que la suba mensual de 0,8% permiti\u00f3 recuperar la ca\u00edda de mayo y volver al nivel de abril. <strong>\u201cDe todos modos, el segundo trimestre habr\u00eda cerrado con una leve baja respecto del primero. Habr\u00e1 que esperar los datos trimestrales definitivos<\/strong>\u201d, aclar\u00f3.<\/p>\n<p class=\"com-paragraph --s\">En el an\u00e1lisis sectorial, Tiscornia se\u00f1al\u00f3 que <strong>el agro continu\u00f3 creciendo, aunque a menor ritmo, mientras que la industria, la construcci\u00f3n y el comercio mostraron mejoras<\/strong>. \u201cM\u00e1s que la variaci\u00f3n interanual, lo importante es ver si se consolida una tendencia positiva durante varios meses consecutivos. <strong>Por ahora, la actividad sigue oscilando en torno a un mismo nivel y no se observa un cambio de tendencia fuerte<\/strong>\u201d, concluy\u00f3 el economista.<\/p>\n<p class=\"com-paragraph --s\">Tambi\u00e9n con el foco puesto en la realidad sectorial, la economista Mariangel Ghilardi, responsable de an\u00e1lisis sectorial de Abeceb, se\u00f1al\u00f3 que la heterogeneidad sigue siendo muy marcada. \u201c<strong>Los sectores vinculados a recursos naturales contin\u00faan funcionando como el principal motor de la actividad<\/strong>: explotaci\u00f3n de minas y canteras creci\u00f3 15,6% i.a. en junio y acumula una expansi\u00f3n cercana al 14% en el semestre, impulsada por el desarrollo de hidrocarburos y miner\u00eda; el agro avanz\u00f3 4,6% en junio y cerca de 10% en los primeros seis meses\u201d, detall\u00f3. <\/p>\n<p class=\"com-paragraph --s\">En el caso espec\u00edfico de la pesca, que mostr\u00f3 un salto de 247,6%, Ghilardi explic\u00f3 que, m\u00e1s all\u00e1 de que la base de comparaci\u00f3n es baja \u2013porque en junio del a\u00f1o pasado hubo paros y otros inconvenientes que la afectaron\u2013, <strong>viene teniendo muy buen a\u00f1o por el crecimiento de langostinos y r\u00e9cord de capturas de calamar. <\/strong><\/p>\n<p class=\"com-paragraph --s\">En cambio, continu\u00f3 Ghilardi, <strong>los sectores m\u00e1s expuestos al mercado interno muestran una recuperaci\u00f3n mucho m\u00e1s d\u00e9bil y todav\u00eda sin consolidar<\/strong>. La industria creci\u00f3 1,9% interanual en junio, pero acumula una ca\u00edda cercana al 2% en el semestre; el comercio apenas avanz\u00f3 0,8% en el mes y contin\u00faa alrededor de 1% por debajo del primer semestre de 2025, y la construcci\u00f3n presenta una se\u00f1al algo m\u00e1s favorable, con una mejora de 2,8% en junio y de 2% en el acumulado, aunque contin\u00faa mostrando una trayectoria tipo serrucho. <\/p>\n<p class=\"com-paragraph --s\">En este sentido, la economista de Abeceb concluy\u00f3 que el dato confirma una econom\u00eda de <strong>dos din\u00e1micas: sectores exportadores y ligados a recursos naturales que sostienen el crecimiento, y un mercado interno que dej\u00f3 atr\u00e1s lo peor pero todav\u00eda enfrenta restricciones de ingreso, cr\u00e9dito y demanda que limitan la velocidad de recuperaci\u00f3n<\/strong>.<\/p>\n<section class=\"container-center-100 mb-40 border border-bottom border-thin border-neutral-light-700\">\n<hr\/>\n<\/section>\n<\/div>\n<p><script id=\"facebookpixel\" defer=\"\" type=\"text\/javascript\">\n        !function(f,b,e,v,n,t,s)\n        {if(f.fbq)return;n=f.fbq=function(){n.callMethod?\n        n.callMethod.apply(n,arguments):n.queue.push(arguments)};\n        if(!f._fbq)f._fbq=n;n.push=n;n.loaded=!0;n.version='2.0';\n        n.queue=[];t=b.createElement(e);t.async=!0;\n        t.src=v;s=b.getElementsByTagName(e)[0];\n        s.parentNode.insertBefore(t,s)}(window, document,'script',\n        'https:\/\/connect.facebook.net\/en_US\/fbevents.js');\n        fbq('init', '492459597522335');\n        fbq('track', 'PageView');\n    <\/script><\/p>\n","protected":false},"excerpt":{"rendered":"<p>La actividad econ\u00f3mica registr\u00f3 una suba de 0,8% en junio, respecto de mayo, aunque volvi\u00f3 a reflejar el comportamiento inestable que muestra en lo que va del a\u00f1o y que los analistas definen como de \u201cserrucho\u201d. En la medici\u00f3n interanual, en tanto, exhibi\u00f3 una mejora de 2,7% y acumul\u00f3 un crecimiento de 1,9% durante el [&hellip;]<\/p>\n","protected":false},"author":1,"featured_media":208849,"comment_status":"closed","ping_status":"closed","sticky":false,"template":"","format":"standard","meta":{"footnotes":""},"categories":[28],"tags":[],"class_list":["post-208848","post","type-post","status-publish","format-standard","has-post-thumbnail","hentry","category-economia"],"yoast_head":"<!-- This site is optimized with the Yoast SEO plugin v24.4 - https:\/\/yoast.com\/wordpress\/plugins\/seo\/ -->\n<title>En junio, la econom\u00eda creci\u00f3 0,8% mensual y 2,7% interanual - GYS NOTICIAS |<\/title>\n<meta name=\"robots\" content=\"index, follow, max-snippet:-1, max-image-preview:large, max-video-preview:-1\" \/>\n<link rel=\"canonical\" href=\"https:\/\/gysfm.com.ar\/inicio\/en-junio-la-economia-crecio-08-mensual-y-27-interanual\/\" \/>\n<meta property=\"og:locale\" content=\"es_ES\" \/>\n<meta property=\"og:type\" content=\"article\" \/>\n<meta property=\"og:title\" content=\"En junio, la econom\u00eda creci\u00f3 0,8% mensual y 2,7% interanual - GYS NOTICIAS |\" \/>\n<meta property=\"og:description\" content=\"La actividad econ\u00f3mica registr\u00f3 una suba de 0,8% en junio, respecto de mayo, aunque volvi\u00f3 a reflejar el comportamiento inestable que muestra en lo que va del a\u00f1o y que los analistas definen como de \u201cserrucho\u201d. En la medici\u00f3n interanual, en tanto, exhibi\u00f3 una mejora de 2,7% y acumul\u00f3 un crecimiento de 1,9% durante el [&hellip;]\" \/>\n<meta property=\"og:url\" content=\"https:\/\/gysfm.com.ar\/inicio\/en-junio-la-economia-crecio-08-mensual-y-27-interanual\/\" \/>\n<meta property=\"og:site_name\" content=\"GYS NOTICIAS |\" \/>\n<meta property=\"article:published_time\" content=\"2026-08-20T22:04:14+00:00\" \/>\n<meta property=\"article:modified_time\" content=\"2026-08-20T22:04:15+00:00\" \/>\n<meta property=\"og:image\" content=\"https:\/\/gysfm.com.ar\/inicio\/wp-content\/uploads\/2026\/08\/la-actividad-economica-sigue-avanzando-en-formato-A2QOR57UXRCMVOMM6SR6QVWX3Y.jpg\" \/>\n\t<meta property=\"og:image:width\" content=\"1200\" \/>\n\t<meta property=\"og:image:height\" content=\"800\" \/>\n\t<meta property=\"og:image:type\" content=\"image\/jpeg\" \/>\n<meta name=\"author\" content=\"admin\" \/>\n<meta name=\"twitter:card\" content=\"summary_large_image\" \/>\n<meta name=\"twitter:label1\" content=\"Escrito por\" \/>\n\t<meta name=\"twitter:data1\" content=\"admin\" \/>\n\t<meta name=\"twitter:label2\" content=\"Tiempo de lectura\" \/>\n\t<meta name=\"twitter:data2\" content=\"6 minutos\" \/>\n<script type=\"application\/ld+json\" class=\"yoast-schema-graph\">{\"@context\":\"https:\/\/schema.org\",\"@graph\":[{\"@type\":\"Article\",\"@id\":\"https:\/\/gysfm.com.ar\/inicio\/en-junio-la-economia-crecio-08-mensual-y-27-interanual\/#article\",\"isPartOf\":{\"@id\":\"https:\/\/gysfm.com.ar\/inicio\/en-junio-la-economia-crecio-08-mensual-y-27-interanual\/\"},\"author\":{\"name\":\"admin\",\"@id\":\"https:\/\/gysfm.com.ar\/inicio\/#\/schema\/person\/5bedd7ecd35cc35548d89effafa23696\"},\"headline\":\"En junio, la econom\u00eda creci\u00f3 0,8% mensual y 2,7% interanual\",\"datePublished\":\"2026-08-20T22:04:14+00:00\",\"dateModified\":\"2026-08-20T22:04:15+00:00\",\"mainEntityOfPage\":{\"@id\":\"https:\/\/gysfm.com.ar\/inicio\/en-junio-la-economia-crecio-08-mensual-y-27-interanual\/\"},\"wordCount\":1261,\"publisher\":{\"@id\":\"https:\/\/gysfm.com.ar\/inicio\/#organization\"},\"image\":{\"@id\":\"https:\/\/gysfm.com.ar\/inicio\/en-junio-la-economia-crecio-08-mensual-y-27-interanual\/#primaryimage\"},\"thumbnailUrl\":\"https:\/\/gysfm.com.ar\/inicio\/wp-content\/uploads\/2026\/08\/la-actividad-economica-sigue-avanzando-en-formato-A2QOR57UXRCMVOMM6SR6QVWX3Y.jpg\",\"articleSection\":[\"ECONOMIA\"],\"inLanguage\":\"es\"},{\"@type\":\"WebPage\",\"@id\":\"https:\/\/gysfm.com.ar\/inicio\/en-junio-la-economia-crecio-08-mensual-y-27-interanual\/\",\"url\":\"https:\/\/gysfm.com.ar\/inicio\/en-junio-la-economia-crecio-08-mensual-y-27-interanual\/\",\"name\":\"En junio, la econom\u00eda creci\u00f3 0,8% mensual y 2,7% interanual - GYS NOTICIAS |\",\"isPartOf\":{\"@id\":\"https:\/\/gysfm.com.ar\/inicio\/#website\"},\"primaryImageOfPage\":{\"@id\":\"https:\/\/gysfm.com.ar\/inicio\/en-junio-la-economia-crecio-08-mensual-y-27-interanual\/#primaryimage\"},\"image\":{\"@id\":\"https:\/\/gysfm.com.ar\/inicio\/en-junio-la-economia-crecio-08-mensual-y-27-interanual\/#primaryimage\"},\"thumbnailUrl\":\"https:\/\/gysfm.com.ar\/inicio\/wp-content\/uploads\/2026\/08\/la-actividad-economica-sigue-avanzando-en-formato-A2QOR57UXRCMVOMM6SR6QVWX3Y.jpg\",\"datePublished\":\"2026-08-20T22:04:14+00:00\",\"dateModified\":\"2026-08-20T22:04:15+00:00\",\"breadcrumb\":{\"@id\":\"https:\/\/gysfm.com.ar\/inicio\/en-junio-la-economia-crecio-08-mensual-y-27-interanual\/#breadcrumb\"},\"inLanguage\":\"es\",\"potentialAction\":[{\"@type\":\"ReadAction\",\"target\":[\"https:\/\/gysfm.com.ar\/inicio\/en-junio-la-economia-crecio-08-mensual-y-27-interanual\/\"]}]},{\"@type\":\"ImageObject\",\"inLanguage\":\"es\",\"@id\":\"https:\/\/gysfm.com.ar\/inicio\/en-junio-la-economia-crecio-08-mensual-y-27-interanual\/#primaryimage\",\"url\":\"https:\/\/gysfm.com.ar\/inicio\/wp-content\/uploads\/2026\/08\/la-actividad-economica-sigue-avanzando-en-formato-A2QOR57UXRCMVOMM6SR6QVWX3Y.jpg\",\"contentUrl\":\"https:\/\/gysfm.com.ar\/inicio\/wp-content\/uploads\/2026\/08\/la-actividad-economica-sigue-avanzando-en-formato-A2QOR57UXRCMVOMM6SR6QVWX3Y.jpg\",\"width\":1200,\"height\":800},{\"@type\":\"BreadcrumbList\",\"@id\":\"https:\/\/gysfm.com.ar\/inicio\/en-junio-la-economia-crecio-08-mensual-y-27-interanual\/#breadcrumb\",\"itemListElement\":[{\"@type\":\"ListItem\",\"position\":1,\"name\":\"Portada\",\"item\":\"https:\/\/gysfm.com.ar\/inicio\/\"},{\"@type\":\"ListItem\",\"position\":2,\"name\":\"En junio, la econom\u00eda creci\u00f3 0,8% mensual y 2,7% interanual\"}]},{\"@type\":\"WebSite\",\"@id\":\"https:\/\/gysfm.com.ar\/inicio\/#website\",\"url\":\"https:\/\/gysfm.com.ar\/inicio\/\",\"name\":\"GYS NOTICIAS |\",\"description\":\"DIARIO - RADIO ONLINE SAN JUAN ARGENTINA\",\"publisher\":{\"@id\":\"https:\/\/gysfm.com.ar\/inicio\/#organization\"},\"potentialAction\":[{\"@type\":\"SearchAction\",\"target\":{\"@type\":\"EntryPoint\",\"urlTemplate\":\"https:\/\/gysfm.com.ar\/inicio\/?s={search_term_string}\"},\"query-input\":{\"@type\":\"PropertyValueSpecification\",\"valueRequired\":true,\"valueName\":\"search_term_string\"}}],\"inLanguage\":\"es\"},{\"@type\":\"Organization\",\"@id\":\"https:\/\/gysfm.com.ar\/inicio\/#organization\",\"name\":\"GYS NOTICIAS |\",\"url\":\"https:\/\/gysfm.com.ar\/inicio\/\",\"logo\":{\"@type\":\"ImageObject\",\"inLanguage\":\"es\",\"@id\":\"https:\/\/gysfm.com.ar\/inicio\/#\/schema\/logo\/image\/\",\"url\":\"https:\/\/gysfm.com.ar\/inicio\/wp-content\/uploads\/2023\/07\/LOGOGYS-OK.png\",\"contentUrl\":\"https:\/\/gysfm.com.ar\/inicio\/wp-content\/uploads\/2023\/07\/LOGOGYS-OK.png\",\"width\":1170,\"height\":872,\"caption\":\"GYS NOTICIAS |\"},\"image\":{\"@id\":\"https:\/\/gysfm.com.ar\/inicio\/#\/schema\/logo\/image\/\"}},{\"@type\":\"Person\",\"@id\":\"https:\/\/gysfm.com.ar\/inicio\/#\/schema\/person\/5bedd7ecd35cc35548d89effafa23696\",\"name\":\"admin\",\"image\":{\"@type\":\"ImageObject\",\"inLanguage\":\"es\",\"@id\":\"https:\/\/gysfm.com.ar\/inicio\/#\/schema\/person\/image\/\",\"url\":\"https:\/\/secure.gravatar.com\/avatar\/c331d312b5243fb64d5ba28108a447b27c925295129a363082c9ea52c28d32c2?s=96&d=mm&r=g\",\"contentUrl\":\"https:\/\/secure.gravatar.com\/avatar\/c331d312b5243fb64d5ba28108a447b27c925295129a363082c9ea52c28d32c2?s=96&d=mm&r=g\",\"caption\":\"admin\"},\"sameAs\":[\"https:\/\/gysfm.com.ar\/inicio\"],\"url\":\"https:\/\/gysfm.com.ar\/inicio\/author\/admin\/\"}]}<\/script>\n<!-- \/ Yoast SEO plugin. -->","yoast_head_json":{"title":"En junio, la econom\u00eda creci\u00f3 0,8% mensual y 2,7% interanual - GYS NOTICIAS |","robots":{"index":"index","follow":"follow","max-snippet":"max-snippet:-1","max-image-preview":"max-image-preview:large","max-video-preview":"max-video-preview:-1"},"canonical":"https:\/\/gysfm.com.ar\/inicio\/en-junio-la-economia-crecio-08-mensual-y-27-interanual\/","og_locale":"es_ES","og_type":"article","og_title":"En junio, la econom\u00eda creci\u00f3 0,8% mensual y 2,7% interanual - GYS NOTICIAS |","og_description":"La actividad econ\u00f3mica registr\u00f3 una suba de 0,8% en junio, respecto de mayo, aunque volvi\u00f3 a reflejar el comportamiento inestable que muestra en lo que va del a\u00f1o y que los analistas definen como de \u201cserrucho\u201d. En la medici\u00f3n interanual, en tanto, exhibi\u00f3 una mejora de 2,7% y acumul\u00f3 un crecimiento de 1,9% durante el [&hellip;]","og_url":"https:\/\/gysfm.com.ar\/inicio\/en-junio-la-economia-crecio-08-mensual-y-27-interanual\/","og_site_name":"GYS NOTICIAS |","article_published_time":"2026-08-20T22:04:14+00:00","article_modified_time":"2026-08-20T22:04:15+00:00","og_image":[{"width":1200,"height":800,"url":"https:\/\/gysfm.com.ar\/inicio\/wp-content\/uploads\/2026\/08\/la-actividad-economica-sigue-avanzando-en-formato-A2QOR57UXRCMVOMM6SR6QVWX3Y.jpg","type":"image\/jpeg"}],"author":"admin","twitter_card":"summary_large_image","twitter_misc":{"Escrito por":"admin","Tiempo de lectura":"6 minutos"},"schema":{"@context":"https:\/\/schema.org","@graph":[{"@type":"Article","@id":"https:\/\/gysfm.com.ar\/inicio\/en-junio-la-economia-crecio-08-mensual-y-27-interanual\/#article","isPartOf":{"@id":"https:\/\/gysfm.com.ar\/inicio\/en-junio-la-economia-crecio-08-mensual-y-27-interanual\/"},"author":{"name":"admin","@id":"https:\/\/gysfm.com.ar\/inicio\/#\/schema\/person\/5bedd7ecd35cc35548d89effafa23696"},"headline":"En junio, la econom\u00eda creci\u00f3 0,8% mensual y 2,7% interanual","datePublished":"2026-08-20T22:04:14+00:00","dateModified":"2026-08-20T22:04:15+00:00","mainEntityOfPage":{"@id":"https:\/\/gysfm.com.ar\/inicio\/en-junio-la-economia-crecio-08-mensual-y-27-interanual\/"},"wordCount":1261,"publisher":{"@id":"https:\/\/gysfm.com.ar\/inicio\/#organization"},"image":{"@id":"https:\/\/gysfm.com.ar\/inicio\/en-junio-la-economia-crecio-08-mensual-y-27-interanual\/#primaryimage"},"thumbnailUrl":"https:\/\/gysfm.com.ar\/inicio\/wp-content\/uploads\/2026\/08\/la-actividad-economica-sigue-avanzando-en-formato-A2QOR57UXRCMVOMM6SR6QVWX3Y.jpg","articleSection":["ECONOMIA"],"inLanguage":"es"},{"@type":"WebPage","@id":"https:\/\/gysfm.com.ar\/inicio\/en-junio-la-economia-crecio-08-mensual-y-27-interanual\/","url":"https:\/\/gysfm.com.ar\/inicio\/en-junio-la-economia-crecio-08-mensual-y-27-interanual\/","name":"En junio, la econom\u00eda creci\u00f3 0,8% mensual y 2,7% interanual - GYS NOTICIAS |","isPartOf":{"@id":"https:\/\/gysfm.com.ar\/inicio\/#website"},"primaryImageOfPage":{"@id":"https:\/\/gysfm.com.ar\/inicio\/en-junio-la-economia-crecio-08-mensual-y-27-interanual\/#primaryimage"},"image":{"@id":"https:\/\/gysfm.com.ar\/inicio\/en-junio-la-economia-crecio-08-mensual-y-27-interanual\/#primaryimage"},"thumbnailUrl":"https:\/\/gysfm.com.ar\/inicio\/wp-content\/uploads\/2026\/08\/la-actividad-economica-sigue-avanzando-en-formato-A2QOR57UXRCMVOMM6SR6QVWX3Y.jpg","datePublished":"2026-08-20T22:04:14+00:00","dateModified":"2026-08-20T22:04:15+00:00","breadcrumb":{"@id":"https:\/\/gysfm.com.ar\/inicio\/en-junio-la-economia-crecio-08-mensual-y-27-interanual\/#breadcrumb"},"inLanguage":"es","potentialAction":[{"@type":"ReadAction","target":["https:\/\/gysfm.com.ar\/inicio\/en-junio-la-economia-crecio-08-mensual-y-27-interanual\/"]}]},{"@type":"ImageObject","inLanguage":"es","@id":"https:\/\/gysfm.com.ar\/inicio\/en-junio-la-economia-crecio-08-mensual-y-27-interanual\/#primaryimage","url":"https:\/\/gysfm.com.ar\/inicio\/wp-content\/uploads\/2026\/08\/la-actividad-economica-sigue-avanzando-en-formato-A2QOR57UXRCMVOMM6SR6QVWX3Y.jpg","contentUrl":"https:\/\/gysfm.com.ar\/inicio\/wp-content\/uploads\/2026\/08\/la-actividad-economica-sigue-avanzando-en-formato-A2QOR57UXRCMVOMM6SR6QVWX3Y.jpg","width":1200,"height":800},{"@type":"BreadcrumbList","@id":"https:\/\/gysfm.com.ar\/inicio\/en-junio-la-economia-crecio-08-mensual-y-27-interanual\/#breadcrumb","itemListElement":[{"@type":"ListItem","position":1,"name":"Portada","item":"https:\/\/gysfm.com.ar\/inicio\/"},{"@type":"ListItem","position":2,"name":"En junio, la econom\u00eda creci\u00f3 0,8% mensual y 2,7% interanual"}]},{"@type":"WebSite","@id":"https:\/\/gysfm.com.ar\/inicio\/#website","url":"https:\/\/gysfm.com.ar\/inicio\/","name":"GYS NOTICIAS |","description":"DIARIO - RADIO ONLINE SAN JUAN ARGENTINA","publisher":{"@id":"https:\/\/gysfm.com.ar\/inicio\/#organization"},"potentialAction":[{"@type":"SearchAction","target":{"@type":"EntryPoint","urlTemplate":"https:\/\/gysfm.com.ar\/inicio\/?s={search_term_string}"},"query-input":{"@type":"PropertyValueSpecification","valueRequired":true,"valueName":"search_term_string"}}],"inLanguage":"es"},{"@type":"Organization","@id":"https:\/\/gysfm.com.ar\/inicio\/#organization","name":"GYS NOTICIAS |","url":"https:\/\/gysfm.com.ar\/inicio\/","logo":{"@type":"ImageObject","inLanguage":"es","@id":"https:\/\/gysfm.com.ar\/inicio\/#\/schema\/logo\/image\/","url":"https:\/\/gysfm.com.ar\/inicio\/wp-content\/uploads\/2023\/07\/LOGOGYS-OK.png","contentUrl":"https:\/\/gysfm.com.ar\/inicio\/wp-content\/uploads\/2023\/07\/LOGOGYS-OK.png","width":1170,"height":872,"caption":"GYS NOTICIAS |"},"image":{"@id":"https:\/\/gysfm.com.ar\/inicio\/#\/schema\/logo\/image\/"}},{"@type":"Person","@id":"https:\/\/gysfm.com.ar\/inicio\/#\/schema\/person\/5bedd7ecd35cc35548d89effafa23696","name":"admin","image":{"@type":"ImageObject","inLanguage":"es","@id":"https:\/\/gysfm.com.ar\/inicio\/#\/schema\/person\/image\/","url":"https:\/\/secure.gravatar.com\/avatar\/c331d312b5243fb64d5ba28108a447b27c925295129a363082c9ea52c28d32c2?s=96&d=mm&r=g","contentUrl":"https:\/\/secure.gravatar.com\/avatar\/c331d312b5243fb64d5ba28108a447b27c925295129a363082c9ea52c28d32c2?s=96&d=mm&r=g","caption":"admin"},"sameAs":["https:\/\/gysfm.com.ar\/inicio"],"url":"https:\/\/gysfm.com.ar\/inicio\/author\/admin\/"}]}},"_links":{"self":[{"href":"https:\/\/gysfm.com.ar\/inicio\/wp-json\/wp\/v2\/posts\/208848","targetHints":{"allow":["GET"]}}],"collection":[{"href":"https:\/\/gysfm.com.ar\/inicio\/wp-json\/wp\/v2\/posts"}],"about":[{"href":"https:\/\/gysfm.com.ar\/inicio\/wp-json\/wp\/v2\/types\/post"}],"author":[{"embeddable":true,"href":"https:\/\/gysfm.com.ar\/inicio\/wp-json\/wp\/v2\/users\/1"}],"replies":[{"embeddable":true,"href":"https:\/\/gysfm.com.ar\/inicio\/wp-json\/wp\/v2\/comments?post=208848"}],"version-history":[{"count":1,"href":"https:\/\/gysfm.com.ar\/inicio\/wp-json\/wp\/v2\/posts\/208848\/revisions"}],"predecessor-version":[{"id":208850,"href":"https:\/\/gysfm.com.ar\/inicio\/wp-json\/wp\/v2\/posts\/208848\/revisions\/208850"}],"wp:featuredmedia":[{"embeddable":true,"href":"https:\/\/gysfm.com.ar\/inicio\/wp-json\/wp\/v2\/media\/208849"}],"wp:attachment":[{"href":"https:\/\/gysfm.com.ar\/inicio\/wp-json\/wp\/v2\/media?parent=208848"}],"wp:term":[{"taxonomy":"category","embeddable":true,"href":"https:\/\/gysfm.com.ar\/inicio\/wp-json\/wp\/v2\/categories?post=208848"},{"taxonomy":"post_tag","embeddable":true,"href":"https:\/\/gysfm.com.ar\/inicio\/wp-json\/wp\/v2\/tags?post=208848"}],"curies":[{"name":"wp","href":"https:\/\/api.w.org\/{rel}","templated":true}]}}