{"id":208845,"date":"2026-08-20T19:03:11","date_gmt":"2026-08-20T22:03:11","guid":{"rendered":"https:\/\/gysfm.com.ar\/inicio\/en-busca-del-dueno-perdido-belgica-investiga-el-origen-de-un-millonario-tesoro-descubierto-por-un-obrero\/"},"modified":"2026-08-20T19:03:11","modified_gmt":"2026-08-20T22:03:11","slug":"en-busca-del-dueno-perdido-belgica-investiga-el-origen-de-un-millonario-tesoro-descubierto-por-un-obrero","status":"publish","type":"post","link":"https:\/\/gysfm.com.ar\/inicio\/en-busca-del-dueno-perdido-belgica-investiga-el-origen-de-un-millonario-tesoro-descubierto-por-un-obrero\/","title":{"rendered":"En busca del due\u00f1o perdido: B\u00e9lgica investiga el origen de un millonario tesoro descubierto por un obrero"},"content":{"rendered":"<p> <br \/>\n<\/p>\n<div>\n<p class=\"com-paragraph --capital --s\">NENDERMONDE, B\u00e9lgica.- \u00bfQui\u00e9n no ha so\u00f1ado alguna vez con encontrar un tesoro escondido? La fantas\u00eda se hizo realidad hace una semana en la ciudad belga de Dendermonde (noroeste de Bruselas), donde un estudiante adolescente que pasa el verano trabajando en la construcci\u00f3n hall\u00f3 enterrado en los cimientos de un edificio en reconstrucci\u00f3n<strong> un conjunto de lingotes y monedas de oro valorado en nueve millones de euros<\/strong>.<\/p>\n<p class=\"com-paragraph --s\">Eso s\u00ed, la segunda parte de ese sue\u00f1o, poder vivir de las rentas del hallazgo, no se va a cumplir: el oro vuelve a estar escondido, <strong>guardado \u201ca buen recaudo\u201d en una localizaci\u00f3n secreta<\/strong>, asegura la polic\u00eda local.<\/p>\n<p class=\"com-paragraph --s\"><strong>Y as\u00ed seguir\u00e1 hasta que se determine el origen del tesoro<\/strong>, otro gran misterio que sigue preocupando a los vecinos, historiadores locales y hasta a las autoridades de esta tranquila localidad flamenca que apenas se empieza a recuperar del revuelo internacional que ha causado el ins\u00f3lito hallazgo.<\/p>\n<p><h2 class=\"font-primary font-w-bold text-subheading-lg text-left container-center-100 mb-8\"><span>Las hip\u00f3tesis de la investigaci\u00f3n<\/span><\/h2>\n<\/p>\n<p class=\"com-paragraph --s\">Por m\u00e1s vueltas que le d\u00e9, y lleva muchas dadas desde que el pasado jueves salt\u00f3 la noticia del hallazgo, <strong>Luc Michiels no encuentra una explicaci\u00f3n convincente al tesoro <\/strong>descubierto en la que fuera la antigua residencia de los <strong>Van Assche<\/strong>, una acaudalada familia cervecera local.<\/p>\n<p class=\"com-paragraph --s\"><strong>\u201cEs incre\u00edble, \u00bfc\u00f3mo es posible que nadie supiera del oro escondido?\u201d<\/strong>, se pregunta este ingeniero jubilado que preside la asociaci\u00f3n hist\u00f3rica local mientras mira a lo que queda de la casona. En su poder est\u00e1n los archivos de la antigua cervecer\u00eda que se erig\u00eda tras la casa familiar hoy en ruinas y donde el pu\u00f1ado de obreros que presenciaron el hallazgo han vuelto al trabajo ahora que los curiosos y periodistas de los primeros d\u00edas han desaparecido. Pero tampoco entre esos documentos parece estar la respuesta.<\/p>\n<div class=\"content-media\">\n<section role=\"button\" class=\"mod-media   \">\n<figure role=\"button\" tabindex=\"0\" class=\"mod-figure \"><figcaption class=\"mod-figcaption\"><span class=\"com-text --caption --twoxs\">El tesoro hallado en Dendermonde, B\u00e9lgica. Fuente: X<\/span><\/figcaption><\/figure>\n<\/section>\n<\/div>\n<p class=\"com-paragraph --s\">A priori, igual que la polic\u00eda llamada nada m\u00e1s ser encontrado el tesoro, Michiels pens\u00f3 que el oro habr\u00eda sido escondido por la familia durante la Primera o la Segunda Guerra Mundial por miedo a que pudieran robarlo los soldados invasores alemanes. Pero esa teor\u00eda se deshizo r\u00e1pidamente: <strong>varios de los lingotes son mucho m\u00e1s recientes<\/strong>. Las fotos distribuidas por la Fiscal\u00eda de Flandes Oriental que lleva el caso muestran que algunos datan de 1957 y 1960.<\/p>\n<p class=\"com-paragraph --s\">La cervecer\u00eda cerr\u00f3 en los setenta. Michiels conoci\u00f3 a los \u00faltimos Van Assche, tres hermanos \u2013dos hombres y una mujer\u2013 que fallecieron, sin descendencia, entre 1960 y principios de la d\u00e9cada de 1980. La familia, cuenta, <strong>era muy \u201creservada\u201d, se \u201cdaba aires\u201d de grandeza, era algo \u201cavara\u201d y no se mezclaba con la comunidad<\/strong>, como corrobora tambi\u00e9n su amigo y compa\u00f1ero en la asociaci\u00f3n <strong>Johan Van Damme<\/strong>, cuya madre viv\u00eda en la misma calle que los Van Assche.<\/p>\n<p class=\"com-paragraph --s\">Tambi\u00e9n eran <strong>\u201cmuy religiosos\u201d<\/strong> \u2013financiaron la campana de la iglesia del vecindario que hubo que reponer cuando los nazis se llevaron la original\u2013 y se volcaban en obras de caridad. As\u00ed lo refleja el testamento conocido tras la muerte de <strong>Maria Van Assche<\/strong>, la \u00faltima en la l\u00ednea directa de la dinast\u00eda cervecera: todo fue legado a la abad\u00eda de Dendermonde, con instrucciones estrictas de que se destinara a causas ben\u00e9ficas. <strong>\u00bfTambi\u00e9n el tesoro?<\/strong><\/p>\n<div class=\"content-media\">\n<section role=\"button\" class=\"mod-media   \">\n<figure role=\"button\" tabindex=\"0\" class=\"mod-figure \"><figcaption class=\"mod-figcaption\"><span class=\"com-text --caption --twoxs\">El tesoro hallado en Dendermonde, B\u00e9lgica. Fuente: X<\/span><\/figcaption><\/figure>\n<\/section>\n<\/div>\n<p class=\"com-paragraph --s\">\u201cNo se entiende que en el testamento no se mencionara. <strong>Tengo la sensaci\u00f3n de que [los hermanos] no sab\u00edan nada<\/strong>\u201d, especula Michiels, que lamenta que \u201cno quede nadie vivo que pueda aclarar ese misterio\u201d.<\/p>\n<p class=\"com-paragraph --s\">Es algo que tambi\u00e9n le gustar\u00eda al jefe de la comisar\u00eda de Dendermonde, <strong>Patrick Feys<\/strong>, que reconoce que <strong>le \u201ctemblaban las manos\u201d cuando le toc\u00f3 hacer el primer inventario del tesoro<\/strong>: varias decenas de lingotes y miles de monedas de oro de las denominadas libras de oro o soberanos, usadas como inversi\u00f3n y que hoy cotizan a casi 1000 euros la pieza.<\/p>\n<p class=\"com-paragraph --s\">En total, <strong>unos nueve millones de euros al cambio actual <\/strong>que Feys alberg\u00f3 en su comisar\u00eda en los primeros momentos bajo medidas extraordinarias \u2013tres agentes velaban el tesoro al mismo tiempo, bajo la vigilancia de tres c\u00e1maras suplementarias, enumera\u2013 pero que se alegr\u00f3 de que haya sido ya trasladado a un \u201clugar seguro\u201d que se niega a desvelar.<\/p>\n<p><h2 class=\"font-primary font-w-bold text-subheading-lg text-left container-center-100 mb-8\"><span>El destino del tesoro<\/span><\/h2>\n<\/p>\n<p class=\"com-paragraph --s\">Por el momento, la Fiscal\u00eda sigue intentando<strong> \u201cdeterminar si el caso presenta alg\u00fan aspecto penal\u201d o no<\/strong>, por lo que pasar\u00eda a ser un \u201casunto civil\u201d ya fuera de su competencia, precisa una portavoz por correo electr\u00f3nico. <strong>Nadie se atreve a\u00fan a descartar del todo la pista criminal<\/strong>, entre otros porque una de las primeras funciones de la residencia donde se escond\u00eda el tesoro tras pasar a manos de los religiosos fue servir de albergue para exconvictos. Pero ni a los historiadores locales ni a la polic\u00eda les acaba de convencer esa posibilidad.<\/p>\n<p class=\"com-paragraph --s\"><strong>\u201cCreemos que es la familia la que lo escondi\u00f3. Es lo m\u00e1s l\u00f3gico, pero no sabemos por qu\u00e9\u201d<\/strong>, admite Feys.<\/p>\n<p><iframe src=\"https:\/\/www.google.com\/maps\/embed?pb=!1m18!1m12!1m3!1d160596.64457964487!2d3.9305499273977436!3d51.028662752050906!2m3!1f0!2f0!3f0!3m2!1i1024!2i768!4f13.1!3m3!1m2!1s0x47c3913015d0625f%3A0x6ab65978d5c280d!2s9200%20Dendermonde%2C%20B%C3%A9lgica!5e0!3m2!1ses!2sar!4v1787232289764!5m2!1ses!2sar\" width=\"600\" height=\"450\" style=\"border:0;\" allowfullscreen=\"\" loading=\"lazy\" referrerpolicy=\"strict-origin-when-cross-origin\"><\/iframe><\/p>\n<p class=\"com-paragraph --s\">Tampoco se sabe a\u00fan qui\u00e9n acabar\u00e1 haci\u00e9ndose con el tesoro, que ya han reclamado varias personas de diversas partes del mundo con los argumentos m\u00e1s estrafalarios imaginables, revela entre risas el comisario.<\/p>\n<p class=\"com-paragraph --s\">En uno de los correos que le han llegado estos d\u00edas, procedente de un pa\u00eds asi\u00e1tico, un hombre \u201cque dice haberse reencarnado, recuerda que vivi\u00f3 en B\u00e9lgica en los a\u00f1os sesenta y que escondi\u00f3 un tesoro, pero que no sab\u00eda ya d\u00f3nde. <strong>Que pensaba que solo era un sue\u00f1o hasta que vio la noticia y se dio cuenta que era verdad<\/strong>\u201d, cuenta. Pero \u201cla reencarnaci\u00f3n sigue sin ser una prueba v\u00e1lida\u201d, le respondieron desde la cuenta de Facebook de la comisar\u00eda.<\/p>\n<p class=\"com-paragraph --s\">Otro demandante asegura desde<strong> Lituania<\/strong> que su abuelo contaba \u2014sin que nadie le creyera\u2014 que hab\u00eda trabajado con los Van Assche y les ayud\u00f3 a esconder el tesoro, parte del cual le pertenec\u00eda y que ahora reclama el nieto. Tambi\u00e9n ha habido algunos locales que alegan alg\u00fan tipo de retorcido v\u00ednculo familiar con la familia cervecera. Salvo los casos m\u00e1s locos, que ignora directamente,<strong> la polic\u00eda invita a estas personas a contactar con abogados especializados<\/strong>.<\/p>\n<p class=\"com-paragraph --s\">La verdad, si es que llega a conocerse, tardar\u00e1, advierte Feys. La ley prev\u00e9 hasta cinco a\u00f1os para determinar el origen de una fortuna de este tipo. Si no se establece,<strong> el candidato m\u00e1s probable para hacerse con el dinero es la asociaci\u00f3n ben\u00e9fica local CAW<\/strong>, que es actualmente propietaria del terreno donde se hall\u00f3 el tesoro. Para Feys, ser\u00eda un \u201cbello final\u201d: al fin y al cabo, los Van Assche destinaron su dinero a obras sociales, y es lo que hace esta organizaci\u00f3n sin \u00e1nimo de lucro.<\/p>\n<p class=\"com-paragraph --s\"><strong>Philip Kobe<\/strong>, el estudiante que encontr\u00f3 el tesoro y avis\u00f3 a las autoridades \u2013otra \u201cbonita historia\u201d, un ejemplo \u201cmoral\u201d en estos tiempos, destaca la polic\u00eda, que lamenta las cr\u00edticas y mofas que han recibido el joven y sus compa\u00f1eros por no quedarse con el oro\u2013 <strong>espera por su parte recibir alguna compensaci\u00f3n<\/strong>. Pero para ello queda a\u00fan tiempo, advierte Feys. Dinero no faltar\u00e1.<\/p>\n<p class=\"com-paragraph --s\">\u00a9 Derechos mundiales de prensa en todas las lenguas reservados a Ediciones EL PA\u00cdS, S.L.U.<\/p>\n<section class=\"container-center-100 mb-40 border border-bottom border-thin border-neutral-light-700\">\n<hr\/>\n<\/section>\n<\/div>\n<p><script id=\"facebookpixel\" defer=\"\" type=\"text\/javascript\">\n        !function(f,b,e,v,n,t,s)\n        {if(f.fbq)return;n=f.fbq=function(){n.callMethod?\n        n.callMethod.apply(n,arguments):n.queue.push(arguments)};\n        if(!f._fbq)f._fbq=n;n.push=n;n.loaded=!0;n.version='2.0';\n        n.queue=[];t=b.createElement(e);t.async=!0;\n        t.src=v;s=b.getElementsByTagName(e)[0];\n        s.parentNode.insertBefore(t,s)}(window, document,'script',\n        'https:\/\/connect.facebook.net\/en_US\/fbevents.js');\n        fbq('init', '492459597522335');\n        fbq('track', 'PageView');\n    <\/script><br \/>\n<br \/><\/p>\n","protected":false},"excerpt":{"rendered":"<p>NENDERMONDE, B\u00e9lgica.- \u00bfQui\u00e9n no ha so\u00f1ado alguna vez con encontrar un tesoro escondido? La fantas\u00eda se hizo realidad hace una semana en la ciudad belga de Dendermonde (noroeste de Bruselas), donde un estudiante adolescente que pasa el verano trabajando en la construcci\u00f3n hall\u00f3 enterrado en los cimientos de un edificio en reconstrucci\u00f3n un conjunto de [&hellip;]<\/p>\n","protected":false},"author":2,"featured_media":208846,"comment_status":"closed","ping_status":"closed","sticky":false,"template":"","format":"standard","meta":{"footnotes":""},"categories":[26],"tags":[],"class_list":["post-208845","post","type-post","status-publish","format-standard","has-post-thumbnail","hentry","category-internacionales"],"yoast_head":"<!-- This site is optimized with the Yoast SEO plugin v24.4 - https:\/\/yoast.com\/wordpress\/plugins\/seo\/ -->\n<title>En busca del due\u00f1o perdido: B\u00e9lgica investiga el origen de un millonario tesoro descubierto por un obrero - GYS NOTICIAS |<\/title>\n<meta name=\"robots\" content=\"index, follow, max-snippet:-1, max-image-preview:large, max-video-preview:-1\" \/>\n<link rel=\"canonical\" href=\"https:\/\/gysfm.com.ar\/inicio\/en-busca-del-dueno-perdido-belgica-investiga-el-origen-de-un-millonario-tesoro-descubierto-por-un-obrero\/\" \/>\n<meta property=\"og:locale\" content=\"es_ES\" \/>\n<meta property=\"og:type\" content=\"article\" \/>\n<meta property=\"og:title\" content=\"En busca del due\u00f1o perdido: B\u00e9lgica investiga el origen de un millonario tesoro descubierto por un obrero - GYS NOTICIAS |\" \/>\n<meta property=\"og:description\" content=\"NENDERMONDE, B\u00e9lgica.- \u00bfQui\u00e9n no ha so\u00f1ado alguna vez con encontrar un tesoro escondido? La fantas\u00eda se hizo realidad hace una semana en la ciudad belga de Dendermonde (noroeste de Bruselas), donde un estudiante adolescente que pasa el verano trabajando en la construcci\u00f3n hall\u00f3 enterrado en los cimientos de un edificio en reconstrucci\u00f3n un conjunto de [&hellip;]\" \/>\n<meta property=\"og:url\" content=\"https:\/\/gysfm.com.ar\/inicio\/en-busca-del-dueno-perdido-belgica-investiga-el-origen-de-un-millonario-tesoro-descubierto-por-un-obrero\/\" \/>\n<meta property=\"og:site_name\" content=\"GYS NOTICIAS |\" \/>\n<meta property=\"article:published_time\" content=\"2026-08-20T22:03:11+00:00\" \/>\n<meta property=\"og:image\" content=\"https:\/\/gysfm.com.ar\/inicio\/wp-content\/uploads\/2026\/08\/el-tesoro-hallado-en-dendermonde-belgica-fuente-QX72QY335JCVBKLCTGC3JWURSU.jpg\" \/>\n\t<meta property=\"og:image:width\" content=\"1200\" \/>\n\t<meta property=\"og:image:height\" content=\"800\" \/>\n\t<meta property=\"og:image:type\" content=\"image\/jpeg\" \/>\n<meta name=\"author\" content=\"Prensa G&amp;S FM\" \/>\n<meta name=\"twitter:card\" content=\"summary_large_image\" \/>\n<meta name=\"twitter:label1\" content=\"Escrito por\" \/>\n\t<meta name=\"twitter:data1\" content=\"Prensa G&amp;S FM\" \/>\n\t<meta name=\"twitter:label2\" content=\"Tiempo de lectura\" \/>\n\t<meta name=\"twitter:data2\" content=\"6 minutos\" \/>\n<script type=\"application\/ld+json\" class=\"yoast-schema-graph\">{\"@context\":\"https:\/\/schema.org\",\"@graph\":[{\"@type\":\"Article\",\"@id\":\"https:\/\/gysfm.com.ar\/inicio\/en-busca-del-dueno-perdido-belgica-investiga-el-origen-de-un-millonario-tesoro-descubierto-por-un-obrero\/#article\",\"isPartOf\":{\"@id\":\"https:\/\/gysfm.com.ar\/inicio\/en-busca-del-dueno-perdido-belgica-investiga-el-origen-de-un-millonario-tesoro-descubierto-por-un-obrero\/\"},\"author\":{\"name\":\"Prensa G&amp;S FM\",\"@id\":\"https:\/\/gysfm.com.ar\/inicio\/#\/schema\/person\/3abba7593ef2ad19e1be221d54383dc5\"},\"headline\":\"En busca del due\u00f1o perdido: B\u00e9lgica investiga el origen de un millonario tesoro descubierto por un obrero\",\"datePublished\":\"2026-08-20T22:03:11+00:00\",\"mainEntityOfPage\":{\"@id\":\"https:\/\/gysfm.com.ar\/inicio\/en-busca-del-dueno-perdido-belgica-investiga-el-origen-de-un-millonario-tesoro-descubierto-por-un-obrero\/\"},\"wordCount\":1271,\"publisher\":{\"@id\":\"https:\/\/gysfm.com.ar\/inicio\/#organization\"},\"image\":{\"@id\":\"https:\/\/gysfm.com.ar\/inicio\/en-busca-del-dueno-perdido-belgica-investiga-el-origen-de-un-millonario-tesoro-descubierto-por-un-obrero\/#primaryimage\"},\"thumbnailUrl\":\"https:\/\/gysfm.com.ar\/inicio\/wp-content\/uploads\/2026\/08\/el-tesoro-hallado-en-dendermonde-belgica-fuente-QX72QY335JCVBKLCTGC3JWURSU.jpg\",\"articleSection\":[\"INTERNACIONALES\"],\"inLanguage\":\"es\"},{\"@type\":\"WebPage\",\"@id\":\"https:\/\/gysfm.com.ar\/inicio\/en-busca-del-dueno-perdido-belgica-investiga-el-origen-de-un-millonario-tesoro-descubierto-por-un-obrero\/\",\"url\":\"https:\/\/gysfm.com.ar\/inicio\/en-busca-del-dueno-perdido-belgica-investiga-el-origen-de-un-millonario-tesoro-descubierto-por-un-obrero\/\",\"name\":\"En busca del due\u00f1o perdido: B\u00e9lgica investiga el origen de un millonario tesoro descubierto por un obrero - GYS NOTICIAS |\",\"isPartOf\":{\"@id\":\"https:\/\/gysfm.com.ar\/inicio\/#website\"},\"primaryImageOfPage\":{\"@id\":\"https:\/\/gysfm.com.ar\/inicio\/en-busca-del-dueno-perdido-belgica-investiga-el-origen-de-un-millonario-tesoro-descubierto-por-un-obrero\/#primaryimage\"},\"image\":{\"@id\":\"https:\/\/gysfm.com.ar\/inicio\/en-busca-del-dueno-perdido-belgica-investiga-el-origen-de-un-millonario-tesoro-descubierto-por-un-obrero\/#primaryimage\"},\"thumbnailUrl\":\"https:\/\/gysfm.com.ar\/inicio\/wp-content\/uploads\/2026\/08\/el-tesoro-hallado-en-dendermonde-belgica-fuente-QX72QY335JCVBKLCTGC3JWURSU.jpg\",\"datePublished\":\"2026-08-20T22:03:11+00:00\",\"breadcrumb\":{\"@id\":\"https:\/\/gysfm.com.ar\/inicio\/en-busca-del-dueno-perdido-belgica-investiga-el-origen-de-un-millonario-tesoro-descubierto-por-un-obrero\/#breadcrumb\"},\"inLanguage\":\"es\",\"potentialAction\":[{\"@type\":\"ReadAction\",\"target\":[\"https:\/\/gysfm.com.ar\/inicio\/en-busca-del-dueno-perdido-belgica-investiga-el-origen-de-un-millonario-tesoro-descubierto-por-un-obrero\/\"]}]},{\"@type\":\"ImageObject\",\"inLanguage\":\"es\",\"@id\":\"https:\/\/gysfm.com.ar\/inicio\/en-busca-del-dueno-perdido-belgica-investiga-el-origen-de-un-millonario-tesoro-descubierto-por-un-obrero\/#primaryimage\",\"url\":\"https:\/\/gysfm.com.ar\/inicio\/wp-content\/uploads\/2026\/08\/el-tesoro-hallado-en-dendermonde-belgica-fuente-QX72QY335JCVBKLCTGC3JWURSU.jpg\",\"contentUrl\":\"https:\/\/gysfm.com.ar\/inicio\/wp-content\/uploads\/2026\/08\/el-tesoro-hallado-en-dendermonde-belgica-fuente-QX72QY335JCVBKLCTGC3JWURSU.jpg\",\"width\":1200,\"height\":800},{\"@type\":\"BreadcrumbList\",\"@id\":\"https:\/\/gysfm.com.ar\/inicio\/en-busca-del-dueno-perdido-belgica-investiga-el-origen-de-un-millonario-tesoro-descubierto-por-un-obrero\/#breadcrumb\",\"itemListElement\":[{\"@type\":\"ListItem\",\"position\":1,\"name\":\"Portada\",\"item\":\"https:\/\/gysfm.com.ar\/inicio\/\"},{\"@type\":\"ListItem\",\"position\":2,\"name\":\"En busca del due\u00f1o perdido: B\u00e9lgica investiga el origen de un millonario tesoro descubierto por un obrero\"}]},{\"@type\":\"WebSite\",\"@id\":\"https:\/\/gysfm.com.ar\/inicio\/#website\",\"url\":\"https:\/\/gysfm.com.ar\/inicio\/\",\"name\":\"GYS NOTICIAS |\",\"description\":\"DIARIO - RADIO ONLINE SAN JUAN ARGENTINA\",\"publisher\":{\"@id\":\"https:\/\/gysfm.com.ar\/inicio\/#organization\"},\"potentialAction\":[{\"@type\":\"SearchAction\",\"target\":{\"@type\":\"EntryPoint\",\"urlTemplate\":\"https:\/\/gysfm.com.ar\/inicio\/?s={search_term_string}\"},\"query-input\":{\"@type\":\"PropertyValueSpecification\",\"valueRequired\":true,\"valueName\":\"search_term_string\"}}],\"inLanguage\":\"es\"},{\"@type\":\"Organization\",\"@id\":\"https:\/\/gysfm.com.ar\/inicio\/#organization\",\"name\":\"GYS NOTICIAS |\",\"url\":\"https:\/\/gysfm.com.ar\/inicio\/\",\"logo\":{\"@type\":\"ImageObject\",\"inLanguage\":\"es\",\"@id\":\"https:\/\/gysfm.com.ar\/inicio\/#\/schema\/logo\/image\/\",\"url\":\"https:\/\/gysfm.com.ar\/inicio\/wp-content\/uploads\/2023\/07\/LOGOGYS-OK.png\",\"contentUrl\":\"https:\/\/gysfm.com.ar\/inicio\/wp-content\/uploads\/2023\/07\/LOGOGYS-OK.png\",\"width\":1170,\"height\":872,\"caption\":\"GYS NOTICIAS |\"},\"image\":{\"@id\":\"https:\/\/gysfm.com.ar\/inicio\/#\/schema\/logo\/image\/\"}},{\"@type\":\"Person\",\"@id\":\"https:\/\/gysfm.com.ar\/inicio\/#\/schema\/person\/3abba7593ef2ad19e1be221d54383dc5\",\"name\":\"Prensa G&amp;S FM\",\"image\":{\"@type\":\"ImageObject\",\"inLanguage\":\"es\",\"@id\":\"https:\/\/gysfm.com.ar\/inicio\/#\/schema\/person\/image\/\",\"url\":\"https:\/\/secure.gravatar.com\/avatar\/096ec78df02049ab018702bb4ccedf659377fa92a26540b5247612077a0dbd29?s=96&d=mm&r=g\",\"contentUrl\":\"https:\/\/secure.gravatar.com\/avatar\/096ec78df02049ab018702bb4ccedf659377fa92a26540b5247612077a0dbd29?s=96&d=mm&r=g\",\"caption\":\"Prensa G&amp;S FM\"},\"sameAs\":[\"https:\/\/gysfm.com.ar\/\"],\"url\":\"https:\/\/gysfm.com.ar\/inicio\/author\/lucasm\/\"}]}<\/script>\n<!-- \/ Yoast SEO plugin. -->","yoast_head_json":{"title":"En busca del due\u00f1o perdido: B\u00e9lgica investiga el origen de un millonario tesoro descubierto por un obrero - GYS NOTICIAS |","robots":{"index":"index","follow":"follow","max-snippet":"max-snippet:-1","max-image-preview":"max-image-preview:large","max-video-preview":"max-video-preview:-1"},"canonical":"https:\/\/gysfm.com.ar\/inicio\/en-busca-del-dueno-perdido-belgica-investiga-el-origen-de-un-millonario-tesoro-descubierto-por-un-obrero\/","og_locale":"es_ES","og_type":"article","og_title":"En busca del due\u00f1o perdido: B\u00e9lgica investiga el origen de un millonario tesoro descubierto por un obrero - GYS NOTICIAS |","og_description":"NENDERMONDE, B\u00e9lgica.- \u00bfQui\u00e9n no ha so\u00f1ado alguna vez con encontrar un tesoro escondido? La fantas\u00eda se hizo realidad hace una semana en la ciudad belga de Dendermonde (noroeste de Bruselas), donde un estudiante adolescente que pasa el verano trabajando en la construcci\u00f3n hall\u00f3 enterrado en los cimientos de un edificio en reconstrucci\u00f3n un conjunto de [&hellip;]","og_url":"https:\/\/gysfm.com.ar\/inicio\/en-busca-del-dueno-perdido-belgica-investiga-el-origen-de-un-millonario-tesoro-descubierto-por-un-obrero\/","og_site_name":"GYS NOTICIAS |","article_published_time":"2026-08-20T22:03:11+00:00","og_image":[{"width":1200,"height":800,"url":"https:\/\/gysfm.com.ar\/inicio\/wp-content\/uploads\/2026\/08\/el-tesoro-hallado-en-dendermonde-belgica-fuente-QX72QY335JCVBKLCTGC3JWURSU.jpg","type":"image\/jpeg"}],"author":"Prensa G&amp;S FM","twitter_card":"summary_large_image","twitter_misc":{"Escrito por":"Prensa G&amp;S FM","Tiempo de lectura":"6 minutos"},"schema":{"@context":"https:\/\/schema.org","@graph":[{"@type":"Article","@id":"https:\/\/gysfm.com.ar\/inicio\/en-busca-del-dueno-perdido-belgica-investiga-el-origen-de-un-millonario-tesoro-descubierto-por-un-obrero\/#article","isPartOf":{"@id":"https:\/\/gysfm.com.ar\/inicio\/en-busca-del-dueno-perdido-belgica-investiga-el-origen-de-un-millonario-tesoro-descubierto-por-un-obrero\/"},"author":{"name":"Prensa G&amp;S FM","@id":"https:\/\/gysfm.com.ar\/inicio\/#\/schema\/person\/3abba7593ef2ad19e1be221d54383dc5"},"headline":"En busca del due\u00f1o perdido: B\u00e9lgica investiga el origen de un millonario tesoro descubierto por un obrero","datePublished":"2026-08-20T22:03:11+00:00","mainEntityOfPage":{"@id":"https:\/\/gysfm.com.ar\/inicio\/en-busca-del-dueno-perdido-belgica-investiga-el-origen-de-un-millonario-tesoro-descubierto-por-un-obrero\/"},"wordCount":1271,"publisher":{"@id":"https:\/\/gysfm.com.ar\/inicio\/#organization"},"image":{"@id":"https:\/\/gysfm.com.ar\/inicio\/en-busca-del-dueno-perdido-belgica-investiga-el-origen-de-un-millonario-tesoro-descubierto-por-un-obrero\/#primaryimage"},"thumbnailUrl":"https:\/\/gysfm.com.ar\/inicio\/wp-content\/uploads\/2026\/08\/el-tesoro-hallado-en-dendermonde-belgica-fuente-QX72QY335JCVBKLCTGC3JWURSU.jpg","articleSection":["INTERNACIONALES"],"inLanguage":"es"},{"@type":"WebPage","@id":"https:\/\/gysfm.com.ar\/inicio\/en-busca-del-dueno-perdido-belgica-investiga-el-origen-de-un-millonario-tesoro-descubierto-por-un-obrero\/","url":"https:\/\/gysfm.com.ar\/inicio\/en-busca-del-dueno-perdido-belgica-investiga-el-origen-de-un-millonario-tesoro-descubierto-por-un-obrero\/","name":"En busca del due\u00f1o perdido: B\u00e9lgica investiga el origen de un millonario tesoro descubierto por un obrero - GYS NOTICIAS |","isPartOf":{"@id":"https:\/\/gysfm.com.ar\/inicio\/#website"},"primaryImageOfPage":{"@id":"https:\/\/gysfm.com.ar\/inicio\/en-busca-del-dueno-perdido-belgica-investiga-el-origen-de-un-millonario-tesoro-descubierto-por-un-obrero\/#primaryimage"},"image":{"@id":"https:\/\/gysfm.com.ar\/inicio\/en-busca-del-dueno-perdido-belgica-investiga-el-origen-de-un-millonario-tesoro-descubierto-por-un-obrero\/#primaryimage"},"thumbnailUrl":"https:\/\/gysfm.com.ar\/inicio\/wp-content\/uploads\/2026\/08\/el-tesoro-hallado-en-dendermonde-belgica-fuente-QX72QY335JCVBKLCTGC3JWURSU.jpg","datePublished":"2026-08-20T22:03:11+00:00","breadcrumb":{"@id":"https:\/\/gysfm.com.ar\/inicio\/en-busca-del-dueno-perdido-belgica-investiga-el-origen-de-un-millonario-tesoro-descubierto-por-un-obrero\/#breadcrumb"},"inLanguage":"es","potentialAction":[{"@type":"ReadAction","target":["https:\/\/gysfm.com.ar\/inicio\/en-busca-del-dueno-perdido-belgica-investiga-el-origen-de-un-millonario-tesoro-descubierto-por-un-obrero\/"]}]},{"@type":"ImageObject","inLanguage":"es","@id":"https:\/\/gysfm.com.ar\/inicio\/en-busca-del-dueno-perdido-belgica-investiga-el-origen-de-un-millonario-tesoro-descubierto-por-un-obrero\/#primaryimage","url":"https:\/\/gysfm.com.ar\/inicio\/wp-content\/uploads\/2026\/08\/el-tesoro-hallado-en-dendermonde-belgica-fuente-QX72QY335JCVBKLCTGC3JWURSU.jpg","contentUrl":"https:\/\/gysfm.com.ar\/inicio\/wp-content\/uploads\/2026\/08\/el-tesoro-hallado-en-dendermonde-belgica-fuente-QX72QY335JCVBKLCTGC3JWURSU.jpg","width":1200,"height":800},{"@type":"BreadcrumbList","@id":"https:\/\/gysfm.com.ar\/inicio\/en-busca-del-dueno-perdido-belgica-investiga-el-origen-de-un-millonario-tesoro-descubierto-por-un-obrero\/#breadcrumb","itemListElement":[{"@type":"ListItem","position":1,"name":"Portada","item":"https:\/\/gysfm.com.ar\/inicio\/"},{"@type":"ListItem","position":2,"name":"En busca del due\u00f1o perdido: B\u00e9lgica investiga el origen de un millonario tesoro descubierto por un obrero"}]},{"@type":"WebSite","@id":"https:\/\/gysfm.com.ar\/inicio\/#website","url":"https:\/\/gysfm.com.ar\/inicio\/","name":"GYS NOTICIAS |","description":"DIARIO - RADIO ONLINE SAN JUAN ARGENTINA","publisher":{"@id":"https:\/\/gysfm.com.ar\/inicio\/#organization"},"potentialAction":[{"@type":"SearchAction","target":{"@type":"EntryPoint","urlTemplate":"https:\/\/gysfm.com.ar\/inicio\/?s={search_term_string}"},"query-input":{"@type":"PropertyValueSpecification","valueRequired":true,"valueName":"search_term_string"}}],"inLanguage":"es"},{"@type":"Organization","@id":"https:\/\/gysfm.com.ar\/inicio\/#organization","name":"GYS NOTICIAS |","url":"https:\/\/gysfm.com.ar\/inicio\/","logo":{"@type":"ImageObject","inLanguage":"es","@id":"https:\/\/gysfm.com.ar\/inicio\/#\/schema\/logo\/image\/","url":"https:\/\/gysfm.com.ar\/inicio\/wp-content\/uploads\/2023\/07\/LOGOGYS-OK.png","contentUrl":"https:\/\/gysfm.com.ar\/inicio\/wp-content\/uploads\/2023\/07\/LOGOGYS-OK.png","width":1170,"height":872,"caption":"GYS NOTICIAS |"},"image":{"@id":"https:\/\/gysfm.com.ar\/inicio\/#\/schema\/logo\/image\/"}},{"@type":"Person","@id":"https:\/\/gysfm.com.ar\/inicio\/#\/schema\/person\/3abba7593ef2ad19e1be221d54383dc5","name":"Prensa G&amp;S FM","image":{"@type":"ImageObject","inLanguage":"es","@id":"https:\/\/gysfm.com.ar\/inicio\/#\/schema\/person\/image\/","url":"https:\/\/secure.gravatar.com\/avatar\/096ec78df02049ab018702bb4ccedf659377fa92a26540b5247612077a0dbd29?s=96&d=mm&r=g","contentUrl":"https:\/\/secure.gravatar.com\/avatar\/096ec78df02049ab018702bb4ccedf659377fa92a26540b5247612077a0dbd29?s=96&d=mm&r=g","caption":"Prensa G&amp;S FM"},"sameAs":["https:\/\/gysfm.com.ar\/"],"url":"https:\/\/gysfm.com.ar\/inicio\/author\/lucasm\/"}]}},"_links":{"self":[{"href":"https:\/\/gysfm.com.ar\/inicio\/wp-json\/wp\/v2\/posts\/208845","targetHints":{"allow":["GET"]}}],"collection":[{"href":"https:\/\/gysfm.com.ar\/inicio\/wp-json\/wp\/v2\/posts"}],"about":[{"href":"https:\/\/gysfm.com.ar\/inicio\/wp-json\/wp\/v2\/types\/post"}],"author":[{"embeddable":true,"href":"https:\/\/gysfm.com.ar\/inicio\/wp-json\/wp\/v2\/users\/2"}],"replies":[{"embeddable":true,"href":"https:\/\/gysfm.com.ar\/inicio\/wp-json\/wp\/v2\/comments?post=208845"}],"version-history":[{"count":1,"href":"https:\/\/gysfm.com.ar\/inicio\/wp-json\/wp\/v2\/posts\/208845\/revisions"}],"predecessor-version":[{"id":208847,"href":"https:\/\/gysfm.com.ar\/inicio\/wp-json\/wp\/v2\/posts\/208845\/revisions\/208847"}],"wp:featuredmedia":[{"embeddable":true,"href":"https:\/\/gysfm.com.ar\/inicio\/wp-json\/wp\/v2\/media\/208846"}],"wp:attachment":[{"href":"https:\/\/gysfm.com.ar\/inicio\/wp-json\/wp\/v2\/media?parent=208845"}],"wp:term":[{"taxonomy":"category","embeddable":true,"href":"https:\/\/gysfm.com.ar\/inicio\/wp-json\/wp\/v2\/categories?post=208845"},{"taxonomy":"post_tag","embeddable":true,"href":"https:\/\/gysfm.com.ar\/inicio\/wp-json\/wp\/v2\/tags?post=208845"}],"curies":[{"name":"wp","href":"https:\/\/api.w.org\/{rel}","templated":true}]}}