{"id":208843,"date":"2026-08-20T18:28:15","date_gmt":"2026-08-20T21:28:15","guid":{"rendered":"https:\/\/gysfm.com.ar\/inicio\/la-inflacion-ya-no-es-un-tema\/"},"modified":"2026-08-20T18:28:15","modified_gmt":"2026-08-20T21:28:15","slug":"la-inflacion-ya-no-es-un-tema","status":"publish","type":"post","link":"https:\/\/gysfm.com.ar\/inicio\/la-inflacion-ya-no-es-un-tema\/","title":{"rendered":"La inflaci\u00f3n ya no es un tema"},"content":{"rendered":"<p> <br \/>\n<\/p>\n<div id=\"\">\n<p id=\"p-1787233128664-46105\" class=\"\">El viceministro de Econom\u00eda, <strong>Jos\u00e9 Luis Daza<\/strong>, asegur\u00f3 que el  proceso de desinflaci\u00f3n continuar\u00e1 en la Argentina y sostuvo que la inflaci\u00f3n dej\u00f3 de representar una preocupaci\u00f3n central. Adem\u00e1s, asegur\u00f3 que el Gobierno continuar\u00e1 con la <strong>compra de reservas<\/strong> en una se\u00f1al hacia inversores y anticip\u00f3 que la <strong>aprobaci\u00f3n de la ley del Banco Central (BCRA)<\/strong> provocar\u00e1 un \u201cshock de confianza\u201d en la econom\u00eda.<\/p>\n<\/div>\n<div id=\"\">\n<p id=\"p-1787233128664-36390\" class=\"\">\u201cEstamos bajando la inflaci\u00f3n al ritmo de otros pa\u00edses. La inflaci\u00f3n para m\u00ed no es un tema\u201d, afirm\u00f3 Daza durante su exposici\u00f3n en la <strong>23\u00aa Conferencia del Council of the Americas<\/strong>, que se realiza este jueves en Buenos Aires.<\/p>\n<\/div>\n<div id=\"\">\n<p id=\"p-1787233128664-4793\" class=\"\"> En ese sentido, el funcionario ratific\u00f3 la continuidad del sendero de desaceleraci\u00f3n de los precios. \u201cEl proceso de desinflaci\u00f3n va a continuar\u201d, asegur\u00f3. A su vez, puso el foco en los cambios previstos para la autoridad monetaria: \u201cCuando se apruebe la ley del BCRA va a ser un shock de confianza para la econom\u00eda\u201d.<\/p>\n<\/div>\n<div id=\"\">\n<div contenteditable=\"false\" class=\"embed_cont type_imagen\" id=\"8267217-Libre-141880510_wrap\">\n<div id=\"8267217-Libre-141880510_content\" class=\"embed_content\"><img src=\"https:\/\/media.ambito.com\/p\/9e16251d31422d9e1707c8e2c29f4d37\/adjuntos\/239\/imagenes\/043\/593\/0043593034\/730x0\/smart\/captura-pantalla-2026-08-20-103745.png\" decoding=\"async\" fetchpriority=\"low\" loading=\"lazy\" alt=\"\" title=\"\" width=\"730\" height=\"undefined\" id=\"8267217-Libre-141880510_embed\"\/><\/div><\/div>\n<p id=\"p-1787233128664-26141\" class=\"\">Daza, quien particip\u00f3 del encuentro en reemplazo del ministro de Econom\u00eda, <strong>Luis Caputo<\/strong>, centr\u00f3 su discurso en los cambios econ\u00f3micos implementados desde la llegada de Javier Milei a la Presidencia y asegur\u00f3 que la transformaci\u00f3n de la Argentina tiene un car\u00e1cter estructural.<\/p>\n<\/div>\n<div id=\"\">\n<p id=\"p-1787233128664-92058\">\u201cMi mensaje hoy es simple: la Argentina ya cambi\u00f3. El cambio es, creo yo, permanente y el futuro de la Argentina es hoy\u201d, sostuvo.<\/p>\n<\/div>\n<div id=\"\">\n<h2 id=\"p-1787233522476-29216\">Pobreza y capital humano<\/h2>\n<p id=\"p-1787233522476-6743\" class=\"\">Daza tambi\u00e9n se refiri\u00f3 a la situaci\u00f3n social y reconoci\u00f3 que, pese a los avances que observa el Gobierno, los niveles de pobreza contin\u00faan siendo elevados.<\/p>\n<p id=\"p-1787233522476-79329\" class=\"\">\u201cHubo un esfuerzo de ayudar a los m\u00e1s pobres y m\u00e1s necesitados\u201d, sostuvo al mismo tiempo que destac\u00f3 a la ministra de Desarrollo Humano, Sandra Petovello. Y agreg\u00f3: \u201cEsta es tal vez la principal raz\u00f3n de satisfacci\u00f3n de estar en el sector p\u00fablico. La pobreza en Argentina todav\u00eda sigue siendo excesivamente alta\u201d.<\/p>\n<p id=\"p-1787233522476-48908\" class=\"\">Sin embargo, asegur\u00f3 que el Gobierno busca avanzar en su reducci\u00f3n sin comprometer los equilibrios macroecon\u00f3micos alcanzados. \u201c<strong>Estamos trabajando, estamos enfocando, lo estamos haciendo de manera robusta y sostenible\u201d<\/strong>, se\u00f1al\u00f3.<\/p>\n<p id=\"p-1787233522476-33146\" class=\"\">En su an\u00e1lisis sobre las perspectivas del pa\u00eds, el viceministro tambi\u00e9n destac\u00f3 las capacidades de la econom\u00eda argentina y, en particular, la formaci\u00f3n de sus trabajadores. \u201cArgentina tiene un capital humano de excelencia\u201d, asegur\u00f3.<\/p>\n<div contenteditable=\"false\" class=\"embed_cont type_imagen\" id=\"8267214-Libre-917926032_wrap\">\n<div id=\"8267214-Libre-917926032_content\" class=\"embed_content\"><img src=\"https:\/\/media.ambito.com\/p\/c0df177bf7c435c4cd88304697dbf49a\/adjuntos\/239\/imagenes\/043\/593\/0043593031\/730x0\/smart\/captura-pantalla-2026-08-20-103529.png\" decoding=\"async\" fetchpriority=\"low\" loading=\"lazy\" alt=\"Gr\u00e1fico mostrado por el viceministro de Econom\u00eda.\" title=\"Gr\u00e1fico mostrado por el viceministro de Econom\u00eda.\" width=\"730\" height=\"undefined\" id=\"8267214-Libre-917926032_embed\"\/><\/div>\n<div class=\"embed_wrapper-cont\" id=\"p-1787233570684-95835\">\n<div id=\"8267214-Libre-917926032_epigrafe\" class=\"embed_epigrafe\">\n<p id=\"p-1787233589795-85646\">Gr\u00e1fico mostrado por el viceministro de Econom\u00eda.<\/p>\n<\/div><\/div><\/div>\n<h2 id=\"p-1787233522476-51311\">\u201cEs muy dif\u00edcil no ser optimista\u201d<\/h2>\n<p id=\"p-1787233522476-84392\" class=\"\">Hacia el cierre de su exposici\u00f3n, Daza se mostr\u00f3 confiado sobre las perspectivas econ\u00f3micas, aunque busc\u00f3 diferenciar esa visi\u00f3n de un optimismo basado \u00fanicamente en expectativas.<\/p>\n<p id=\"p-1787233522476-97218\" class=\"\">\u201cCuando miramos hacia adelante, es muy dif\u00edcil no ser optimista. Yo soy realista\u201d, afirm\u00f3. En ese sentido, asegur\u00f3 haber observado anteriormente la evoluci\u00f3n de pa\u00edses que atravesaron procesos similares: \u201cHe visto a los pa\u00edses que hacen transformaciones como esta\u201d.<\/p>\n<p id=\"p-1787233522476-87992\">\u201cQuiero decirles que la Argentina ya cambi\u00f3 y cambi\u00f3 hol\u00edsticamente\u201d, afirm\u00f3 Daza al cerrar su participaci\u00f3n en el Council of the Americas.<\/p>\n<\/div>\n<p><script>\n!function(f,b,e,v,n,t,s)\n{if(f.fbq)return;n=f.fbq=function(){n.callMethod?\nn.callMethod.apply(n,arguments):n.queue.push(arguments)};\nif(!f._fbq)f._fbq=n;n.push=n;n.loaded=!0;n.version='2.0';\nn.queue=[];t=b.createElement(e);t.async=!0;\nt.src=v;s=b.getElementsByTagName(e)[0];\ns.parentNode.insertBefore(t,s)}(window,document,'script',\n'https:\/\/connect.facebook.net\/en_US\/fbevents.js');\nfbq('init', '2047048335588113');\nfbq('track', 'PageView');\n<\/script><br \/>\n<br \/><\/p>\n","protected":false},"excerpt":{"rendered":"<p>El viceministro de Econom\u00eda, Jos\u00e9 Luis Daza, asegur\u00f3 que el proceso de desinflaci\u00f3n continuar\u00e1 en la Argentina y sostuvo que la inflaci\u00f3n dej\u00f3 de representar una preocupaci\u00f3n central. Adem\u00e1s, asegur\u00f3 que el Gobierno continuar\u00e1 con la compra de reservas en una se\u00f1al hacia inversores y anticip\u00f3 que la aprobaci\u00f3n de la ley del Banco Central [&hellip;]<\/p>\n","protected":false},"author":1,"featured_media":208844,"comment_status":"closed","ping_status":"closed","sticky":false,"template":"","format":"standard","meta":{"footnotes":""},"categories":[28],"tags":[],"class_list":["post-208843","post","type-post","status-publish","format-standard","has-post-thumbnail","hentry","category-economia"],"yoast_head":"<!-- This site is optimized with the Yoast SEO plugin v24.4 - https:\/\/yoast.com\/wordpress\/plugins\/seo\/ -->\n<title>La inflaci\u00f3n ya no es un tema - GYS NOTICIAS |<\/title>\n<meta name=\"robots\" content=\"index, follow, max-snippet:-1, max-image-preview:large, max-video-preview:-1\" \/>\n<link rel=\"canonical\" href=\"https:\/\/gysfm.com.ar\/inicio\/la-inflacion-ya-no-es-un-tema\/\" \/>\n<meta property=\"og:locale\" content=\"es_ES\" \/>\n<meta property=\"og:type\" content=\"article\" \/>\n<meta property=\"og:title\" content=\"La inflaci\u00f3n ya no es un tema - GYS NOTICIAS |\" \/>\n<meta property=\"og:description\" content=\"El viceministro de Econom\u00eda, Jos\u00e9 Luis Daza, asegur\u00f3 que el proceso de desinflaci\u00f3n continuar\u00e1 en la Argentina y sostuvo que la inflaci\u00f3n dej\u00f3 de representar una preocupaci\u00f3n central. Adem\u00e1s, asegur\u00f3 que el Gobierno continuar\u00e1 con la compra de reservas en una se\u00f1al hacia inversores y anticip\u00f3 que la aprobaci\u00f3n de la ley del Banco Central [&hellip;]\" \/>\n<meta property=\"og:url\" content=\"https:\/\/gysfm.com.ar\/inicio\/la-inflacion-ya-no-es-un-tema\/\" \/>\n<meta property=\"og:site_name\" content=\"GYS NOTICIAS |\" \/>\n<meta property=\"article:published_time\" content=\"2026-08-20T21:28:15+00:00\" \/>\n<meta property=\"og:image\" content=\"https:\/\/media.ambito.com\/p\/9e16251d31422d9e1707c8e2c29f4d37\/adjuntos\/239\/imagenes\/043\/593\/0043593034\/730x0\/smart\/captura-pantalla-2026-08-20-103745.png\" \/>\n<meta name=\"author\" content=\"admin\" \/>\n<meta name=\"twitter:card\" content=\"summary_large_image\" \/>\n<meta name=\"twitter:label1\" content=\"Escrito por\" \/>\n\t<meta name=\"twitter:data1\" content=\"admin\" \/>\n\t<meta name=\"twitter:label2\" content=\"Tiempo de lectura\" \/>\n\t<meta name=\"twitter:data2\" content=\"3 minutos\" \/>\n<script type=\"application\/ld+json\" class=\"yoast-schema-graph\">{\"@context\":\"https:\/\/schema.org\",\"@graph\":[{\"@type\":\"Article\",\"@id\":\"https:\/\/gysfm.com.ar\/inicio\/la-inflacion-ya-no-es-un-tema\/#article\",\"isPartOf\":{\"@id\":\"https:\/\/gysfm.com.ar\/inicio\/la-inflacion-ya-no-es-un-tema\/\"},\"author\":{\"name\":\"admin\",\"@id\":\"https:\/\/gysfm.com.ar\/inicio\/#\/schema\/person\/5bedd7ecd35cc35548d89effafa23696\"},\"headline\":\"La inflaci\u00f3n ya no es un tema\",\"datePublished\":\"2026-08-20T21:28:15+00:00\",\"mainEntityOfPage\":{\"@id\":\"https:\/\/gysfm.com.ar\/inicio\/la-inflacion-ya-no-es-un-tema\/\"},\"wordCount\":526,\"publisher\":{\"@id\":\"https:\/\/gysfm.com.ar\/inicio\/#organization\"},\"image\":{\"@id\":\"https:\/\/gysfm.com.ar\/inicio\/la-inflacion-ya-no-es-un-tema\/#primaryimage\"},\"thumbnailUrl\":\"https:\/\/gysfm.com.ar\/inicio\/wp-content\/uploads\/2026\/08\/captura-daza-council-2026.jpg\",\"articleSection\":[\"ECONOMIA\"],\"inLanguage\":\"es\"},{\"@type\":\"WebPage\",\"@id\":\"https:\/\/gysfm.com.ar\/inicio\/la-inflacion-ya-no-es-un-tema\/\",\"url\":\"https:\/\/gysfm.com.ar\/inicio\/la-inflacion-ya-no-es-un-tema\/\",\"name\":\"La inflaci\u00f3n ya no es un tema - GYS NOTICIAS |\",\"isPartOf\":{\"@id\":\"https:\/\/gysfm.com.ar\/inicio\/#website\"},\"primaryImageOfPage\":{\"@id\":\"https:\/\/gysfm.com.ar\/inicio\/la-inflacion-ya-no-es-un-tema\/#primaryimage\"},\"image\":{\"@id\":\"https:\/\/gysfm.com.ar\/inicio\/la-inflacion-ya-no-es-un-tema\/#primaryimage\"},\"thumbnailUrl\":\"https:\/\/gysfm.com.ar\/inicio\/wp-content\/uploads\/2026\/08\/captura-daza-council-2026.jpg\",\"datePublished\":\"2026-08-20T21:28:15+00:00\",\"breadcrumb\":{\"@id\":\"https:\/\/gysfm.com.ar\/inicio\/la-inflacion-ya-no-es-un-tema\/#breadcrumb\"},\"inLanguage\":\"es\",\"potentialAction\":[{\"@type\":\"ReadAction\",\"target\":[\"https:\/\/gysfm.com.ar\/inicio\/la-inflacion-ya-no-es-un-tema\/\"]}]},{\"@type\":\"ImageObject\",\"inLanguage\":\"es\",\"@id\":\"https:\/\/gysfm.com.ar\/inicio\/la-inflacion-ya-no-es-un-tema\/#primaryimage\",\"url\":\"https:\/\/gysfm.com.ar\/inicio\/wp-content\/uploads\/2026\/08\/captura-daza-council-2026.jpg\",\"contentUrl\":\"https:\/\/gysfm.com.ar\/inicio\/wp-content\/uploads\/2026\/08\/captura-daza-council-2026.jpg\",\"width\":1200,\"height\":675},{\"@type\":\"BreadcrumbList\",\"@id\":\"https:\/\/gysfm.com.ar\/inicio\/la-inflacion-ya-no-es-un-tema\/#breadcrumb\",\"itemListElement\":[{\"@type\":\"ListItem\",\"position\":1,\"name\":\"Portada\",\"item\":\"https:\/\/gysfm.com.ar\/inicio\/\"},{\"@type\":\"ListItem\",\"position\":2,\"name\":\"La inflaci\u00f3n ya no es un tema\"}]},{\"@type\":\"WebSite\",\"@id\":\"https:\/\/gysfm.com.ar\/inicio\/#website\",\"url\":\"https:\/\/gysfm.com.ar\/inicio\/\",\"name\":\"GYS NOTICIAS |\",\"description\":\"DIARIO - RADIO ONLINE SAN JUAN ARGENTINA\",\"publisher\":{\"@id\":\"https:\/\/gysfm.com.ar\/inicio\/#organization\"},\"potentialAction\":[{\"@type\":\"SearchAction\",\"target\":{\"@type\":\"EntryPoint\",\"urlTemplate\":\"https:\/\/gysfm.com.ar\/inicio\/?s={search_term_string}\"},\"query-input\":{\"@type\":\"PropertyValueSpecification\",\"valueRequired\":true,\"valueName\":\"search_term_string\"}}],\"inLanguage\":\"es\"},{\"@type\":\"Organization\",\"@id\":\"https:\/\/gysfm.com.ar\/inicio\/#organization\",\"name\":\"GYS NOTICIAS |\",\"url\":\"https:\/\/gysfm.com.ar\/inicio\/\",\"logo\":{\"@type\":\"ImageObject\",\"inLanguage\":\"es\",\"@id\":\"https:\/\/gysfm.com.ar\/inicio\/#\/schema\/logo\/image\/\",\"url\":\"https:\/\/gysfm.com.ar\/inicio\/wp-content\/uploads\/2023\/07\/LOGOGYS-OK.png\",\"contentUrl\":\"https:\/\/gysfm.com.ar\/inicio\/wp-content\/uploads\/2023\/07\/LOGOGYS-OK.png\",\"width\":1170,\"height\":872,\"caption\":\"GYS NOTICIAS |\"},\"image\":{\"@id\":\"https:\/\/gysfm.com.ar\/inicio\/#\/schema\/logo\/image\/\"}},{\"@type\":\"Person\",\"@id\":\"https:\/\/gysfm.com.ar\/inicio\/#\/schema\/person\/5bedd7ecd35cc35548d89effafa23696\",\"name\":\"admin\",\"image\":{\"@type\":\"ImageObject\",\"inLanguage\":\"es\",\"@id\":\"https:\/\/gysfm.com.ar\/inicio\/#\/schema\/person\/image\/\",\"url\":\"https:\/\/secure.gravatar.com\/avatar\/c331d312b5243fb64d5ba28108a447b27c925295129a363082c9ea52c28d32c2?s=96&d=mm&r=g\",\"contentUrl\":\"https:\/\/secure.gravatar.com\/avatar\/c331d312b5243fb64d5ba28108a447b27c925295129a363082c9ea52c28d32c2?s=96&d=mm&r=g\",\"caption\":\"admin\"},\"sameAs\":[\"https:\/\/gysfm.com.ar\/inicio\"],\"url\":\"https:\/\/gysfm.com.ar\/inicio\/author\/admin\/\"}]}<\/script>\n<!-- \/ Yoast SEO plugin. -->","yoast_head_json":{"title":"La inflaci\u00f3n ya no es un tema - GYS NOTICIAS |","robots":{"index":"index","follow":"follow","max-snippet":"max-snippet:-1","max-image-preview":"max-image-preview:large","max-video-preview":"max-video-preview:-1"},"canonical":"https:\/\/gysfm.com.ar\/inicio\/la-inflacion-ya-no-es-un-tema\/","og_locale":"es_ES","og_type":"article","og_title":"La inflaci\u00f3n ya no es un tema - GYS NOTICIAS |","og_description":"El viceministro de Econom\u00eda, Jos\u00e9 Luis Daza, asegur\u00f3 que el proceso de desinflaci\u00f3n continuar\u00e1 en la Argentina y sostuvo que la inflaci\u00f3n dej\u00f3 de representar una preocupaci\u00f3n central. Adem\u00e1s, asegur\u00f3 que el Gobierno continuar\u00e1 con la compra de reservas en una se\u00f1al hacia inversores y anticip\u00f3 que la aprobaci\u00f3n de la ley del Banco Central [&hellip;]","og_url":"https:\/\/gysfm.com.ar\/inicio\/la-inflacion-ya-no-es-un-tema\/","og_site_name":"GYS NOTICIAS |","article_published_time":"2026-08-20T21:28:15+00:00","og_image":[{"url":"https:\/\/media.ambito.com\/p\/9e16251d31422d9e1707c8e2c29f4d37\/adjuntos\/239\/imagenes\/043\/593\/0043593034\/730x0\/smart\/captura-pantalla-2026-08-20-103745.png","type":"","width":"","height":""}],"author":"admin","twitter_card":"summary_large_image","twitter_misc":{"Escrito por":"admin","Tiempo de lectura":"3 minutos"},"schema":{"@context":"https:\/\/schema.org","@graph":[{"@type":"Article","@id":"https:\/\/gysfm.com.ar\/inicio\/la-inflacion-ya-no-es-un-tema\/#article","isPartOf":{"@id":"https:\/\/gysfm.com.ar\/inicio\/la-inflacion-ya-no-es-un-tema\/"},"author":{"name":"admin","@id":"https:\/\/gysfm.com.ar\/inicio\/#\/schema\/person\/5bedd7ecd35cc35548d89effafa23696"},"headline":"La inflaci\u00f3n ya no es un tema","datePublished":"2026-08-20T21:28:15+00:00","mainEntityOfPage":{"@id":"https:\/\/gysfm.com.ar\/inicio\/la-inflacion-ya-no-es-un-tema\/"},"wordCount":526,"publisher":{"@id":"https:\/\/gysfm.com.ar\/inicio\/#organization"},"image":{"@id":"https:\/\/gysfm.com.ar\/inicio\/la-inflacion-ya-no-es-un-tema\/#primaryimage"},"thumbnailUrl":"https:\/\/gysfm.com.ar\/inicio\/wp-content\/uploads\/2026\/08\/captura-daza-council-2026.jpg","articleSection":["ECONOMIA"],"inLanguage":"es"},{"@type":"WebPage","@id":"https:\/\/gysfm.com.ar\/inicio\/la-inflacion-ya-no-es-un-tema\/","url":"https:\/\/gysfm.com.ar\/inicio\/la-inflacion-ya-no-es-un-tema\/","name":"La inflaci\u00f3n ya no es un tema - GYS NOTICIAS |","isPartOf":{"@id":"https:\/\/gysfm.com.ar\/inicio\/#website"},"primaryImageOfPage":{"@id":"https:\/\/gysfm.com.ar\/inicio\/la-inflacion-ya-no-es-un-tema\/#primaryimage"},"image":{"@id":"https:\/\/gysfm.com.ar\/inicio\/la-inflacion-ya-no-es-un-tema\/#primaryimage"},"thumbnailUrl":"https:\/\/gysfm.com.ar\/inicio\/wp-content\/uploads\/2026\/08\/captura-daza-council-2026.jpg","datePublished":"2026-08-20T21:28:15+00:00","breadcrumb":{"@id":"https:\/\/gysfm.com.ar\/inicio\/la-inflacion-ya-no-es-un-tema\/#breadcrumb"},"inLanguage":"es","potentialAction":[{"@type":"ReadAction","target":["https:\/\/gysfm.com.ar\/inicio\/la-inflacion-ya-no-es-un-tema\/"]}]},{"@type":"ImageObject","inLanguage":"es","@id":"https:\/\/gysfm.com.ar\/inicio\/la-inflacion-ya-no-es-un-tema\/#primaryimage","url":"https:\/\/gysfm.com.ar\/inicio\/wp-content\/uploads\/2026\/08\/captura-daza-council-2026.jpg","contentUrl":"https:\/\/gysfm.com.ar\/inicio\/wp-content\/uploads\/2026\/08\/captura-daza-council-2026.jpg","width":1200,"height":675},{"@type":"BreadcrumbList","@id":"https:\/\/gysfm.com.ar\/inicio\/la-inflacion-ya-no-es-un-tema\/#breadcrumb","itemListElement":[{"@type":"ListItem","position":1,"name":"Portada","item":"https:\/\/gysfm.com.ar\/inicio\/"},{"@type":"ListItem","position":2,"name":"La inflaci\u00f3n ya no es un tema"}]},{"@type":"WebSite","@id":"https:\/\/gysfm.com.ar\/inicio\/#website","url":"https:\/\/gysfm.com.ar\/inicio\/","name":"GYS NOTICIAS |","description":"DIARIO - RADIO ONLINE SAN JUAN ARGENTINA","publisher":{"@id":"https:\/\/gysfm.com.ar\/inicio\/#organization"},"potentialAction":[{"@type":"SearchAction","target":{"@type":"EntryPoint","urlTemplate":"https:\/\/gysfm.com.ar\/inicio\/?s={search_term_string}"},"query-input":{"@type":"PropertyValueSpecification","valueRequired":true,"valueName":"search_term_string"}}],"inLanguage":"es"},{"@type":"Organization","@id":"https:\/\/gysfm.com.ar\/inicio\/#organization","name":"GYS NOTICIAS |","url":"https:\/\/gysfm.com.ar\/inicio\/","logo":{"@type":"ImageObject","inLanguage":"es","@id":"https:\/\/gysfm.com.ar\/inicio\/#\/schema\/logo\/image\/","url":"https:\/\/gysfm.com.ar\/inicio\/wp-content\/uploads\/2023\/07\/LOGOGYS-OK.png","contentUrl":"https:\/\/gysfm.com.ar\/inicio\/wp-content\/uploads\/2023\/07\/LOGOGYS-OK.png","width":1170,"height":872,"caption":"GYS NOTICIAS |"},"image":{"@id":"https:\/\/gysfm.com.ar\/inicio\/#\/schema\/logo\/image\/"}},{"@type":"Person","@id":"https:\/\/gysfm.com.ar\/inicio\/#\/schema\/person\/5bedd7ecd35cc35548d89effafa23696","name":"admin","image":{"@type":"ImageObject","inLanguage":"es","@id":"https:\/\/gysfm.com.ar\/inicio\/#\/schema\/person\/image\/","url":"https:\/\/secure.gravatar.com\/avatar\/c331d312b5243fb64d5ba28108a447b27c925295129a363082c9ea52c28d32c2?s=96&d=mm&r=g","contentUrl":"https:\/\/secure.gravatar.com\/avatar\/c331d312b5243fb64d5ba28108a447b27c925295129a363082c9ea52c28d32c2?s=96&d=mm&r=g","caption":"admin"},"sameAs":["https:\/\/gysfm.com.ar\/inicio"],"url":"https:\/\/gysfm.com.ar\/inicio\/author\/admin\/"}]}},"_links":{"self":[{"href":"https:\/\/gysfm.com.ar\/inicio\/wp-json\/wp\/v2\/posts\/208843","targetHints":{"allow":["GET"]}}],"collection":[{"href":"https:\/\/gysfm.com.ar\/inicio\/wp-json\/wp\/v2\/posts"}],"about":[{"href":"https:\/\/gysfm.com.ar\/inicio\/wp-json\/wp\/v2\/types\/post"}],"author":[{"embeddable":true,"href":"https:\/\/gysfm.com.ar\/inicio\/wp-json\/wp\/v2\/users\/1"}],"replies":[{"embeddable":true,"href":"https:\/\/gysfm.com.ar\/inicio\/wp-json\/wp\/v2\/comments?post=208843"}],"version-history":[{"count":0,"href":"https:\/\/gysfm.com.ar\/inicio\/wp-json\/wp\/v2\/posts\/208843\/revisions"}],"wp:featuredmedia":[{"embeddable":true,"href":"https:\/\/gysfm.com.ar\/inicio\/wp-json\/wp\/v2\/media\/208844"}],"wp:attachment":[{"href":"https:\/\/gysfm.com.ar\/inicio\/wp-json\/wp\/v2\/media?parent=208843"}],"wp:term":[{"taxonomy":"category","embeddable":true,"href":"https:\/\/gysfm.com.ar\/inicio\/wp-json\/wp\/v2\/categories?post=208843"},{"taxonomy":"post_tag","embeddable":true,"href":"https:\/\/gysfm.com.ar\/inicio\/wp-json\/wp\/v2\/tags?post=208843"}],"curies":[{"name":"wp","href":"https:\/\/api.w.org\/{rel}","templated":true}]}}