{"id":208836,"date":"2026-08-20T17:00:14","date_gmt":"2026-08-20T20:00:14","guid":{"rendered":"https:\/\/gysfm.com.ar\/inicio\/las-exportaciones-crecieron-14-en-julio-y-el-superavit-acumulado-en-el-ano-fue-de-us16-080-millones\/"},"modified":"2026-08-20T17:00:15","modified_gmt":"2026-08-20T20:00:15","slug":"las-exportaciones-crecieron-14-en-julio-y-el-superavit-acumulado-en-el-ano-fue-de-us16-080-millones","status":"publish","type":"post","link":"https:\/\/gysfm.com.ar\/inicio\/las-exportaciones-crecieron-14-en-julio-y-el-superavit-acumulado-en-el-ano-fue-de-us16-080-millones\/","title":{"rendered":"Las exportaciones crecieron 14% en julio y el super\u00e1vit acumulado en el a\u00f1o fue de US$16.080 millones"},"content":{"rendered":"<p><\/p>\n<div>\n<p class=\"com-paragraph --capital --s text-left\">En un contexto en donde las noticias sobre la corriente El Ni\u00f1o y un sinf\u00edn de lluvias generan ansiedad y preocupaci\u00f3n en el \u00e1mbito de las <em>commodities <\/em>agropecuarias y la producci\u00f3n, el \u00faltimo informe sobre el Intercambio Comercial Argentino (ICA), elaborado por el Indec, revela que<strong> la Argentina volvi\u00f3 a registrar un fuerte super\u00e1vit comercial <\/strong>impulsado por el crecimiento de las exportaciones y la ca\u00edda de las importaciones. <\/p>\n<p class=\"com-paragraph --s text-left\">En julio, <mark class=\"hl_underline\">las exportaciones alcanzaron un valor de US$8854 millones, lo que represent\u00f3 un incremento interanual de 14,1%.<\/mark> Hubo un alza de 1,5% en las cantidades exportadas y de 12,4% en los precios. El r\u00e9cord hist\u00f3rico de exportaciones mensuales registrado en la serie estad\u00edstica es de US$9578 millones, alcanzado en mayo de este a\u00f1o. <\/p>\n<p class=\"com-paragraph --s text-left\"><strong>Las importaciones alcanzaron US$6739 millones, lo que represent\u00f3 una ca\u00edda interanual de 1,7%<\/strong> debido a la disminuci\u00f3n de las cantidades de 9,2%, ya que los precios aumentaron 8,4%. Es una cifra que est\u00e1 lejos del r\u00e9cord hist\u00f3rico de importaciones mensuales, de US$8667 millones, en junio de 2022.<\/p>\n<p class=\"com-paragraph --s text-left\">La balanza comercial registr\u00f3 un super\u00e1vit de US$2115 millones, lo que represent\u00f3 un incremento de US$1208 millones respecto del mismo mes de 2025. El <strong>r\u00e9cord hist\u00f3rico del saldo comercial mensual<\/strong> es de <strong>US$3450 millones<\/strong>, alcanzado en <strong>mayo de 2026.<\/strong><\/p>\n<p class=\"com-paragraph --s text-left\">Las exportaciones de productos primarios disminuyeron 0,6% en su comparaci\u00f3n interanual, pero el resto de los rubros se mantuvieron al alza, sobre todo <strong>combustibles y energ\u00eda, que aument\u00f3 un 97,8% <\/strong>con un ingreso de US$1506 millones en el s\u00e9ptimo mes del a\u00f1o.<strong> <\/strong><\/p>\n<p class=\"com-paragraph --s text-left\">En cuanto a las importaciones, hubo una baja generalizada. Solo las compras externas de bienes intermedios se mantuvieron en terreno positivo, con una suba del 16%. Los bienes de capital y las piezas y accesorios de bienes de capital disminuyeron, pero tambi\u00e9n lo hicieron los bienes de consumo, con un 7,3%. Tambi\u00e9n hubo menos compras de veh\u00edculos automotores de pasajeros. <\/p>\n<p class=\"com-paragraph --s text-left\">De enero a julio de este a\u00f1o,<mark class=\"hl_underline\"> la balanza comercial tuvo un saldo positivo de US$16.080 millones<\/mark>, US$12.330 millones m\u00e1s que en igual per\u00edodo del a\u00f1o pasado, cuando las exportaciones argentinas de bienes totalizaron US$47.468 millones.<\/p>\n<p class=\"com-paragraph --s text-left\"><em>Noticia en desarrollo<\/em><\/p>\n<section class=\"container-center-100 mb-40 border border-bottom border-thin border-neutral-light-700\">\n<hr\/>\n<\/section>\n<\/div>\n<p><script id=\"facebookpixel\" defer=\"\" type=\"text\/javascript\">\n        !function(f,b,e,v,n,t,s)\n        {if(f.fbq)return;n=f.fbq=function(){n.callMethod?\n        n.callMethod.apply(n,arguments):n.queue.push(arguments)};\n        if(!f._fbq)f._fbq=n;n.push=n;n.loaded=!0;n.version='2.0';\n        n.queue=[];t=b.createElement(e);t.async=!0;\n        t.src=v;s=b.getElementsByTagName(e)[0];\n        s.parentNode.insertBefore(t,s)}(window, document,'script',\n        'https:\/\/connect.facebook.net\/en_US\/fbevents.js');\n        fbq('init', '492459597522335');\n        fbq('track', 'PageView');\n    <\/script><\/p>\n","protected":false},"excerpt":{"rendered":"<p>En un contexto en donde las noticias sobre la corriente El Ni\u00f1o y un sinf\u00edn de lluvias generan ansiedad y preocupaci\u00f3n en el \u00e1mbito de las commodities agropecuarias y la producci\u00f3n, el \u00faltimo informe sobre el Intercambio Comercial Argentino (ICA), elaborado por el Indec, revela que la Argentina volvi\u00f3 a registrar un fuerte super\u00e1vit comercial [&hellip;]<\/p>\n","protected":false},"author":1,"featured_media":208837,"comment_status":"closed","ping_status":"closed","sticky":false,"template":"","format":"standard","meta":{"footnotes":""},"categories":[28],"tags":[],"class_list":["post-208836","post","type-post","status-publish","format-standard","has-post-thumbnail","hentry","category-economia"],"yoast_head":"<!-- This site is optimized with the Yoast SEO plugin v24.4 - https:\/\/yoast.com\/wordpress\/plugins\/seo\/ -->\n<title>Las exportaciones crecieron 14% en julio y el super\u00e1vit acumulado en el a\u00f1o fue de US$16.080 millones - GYS NOTICIAS |<\/title>\n<meta name=\"robots\" content=\"index, follow, max-snippet:-1, max-image-preview:large, max-video-preview:-1\" \/>\n<link rel=\"canonical\" href=\"https:\/\/gysfm.com.ar\/inicio\/las-exportaciones-crecieron-14-en-julio-y-el-superavit-acumulado-en-el-ano-fue-de-us16-080-millones\/\" \/>\n<meta property=\"og:locale\" content=\"es_ES\" \/>\n<meta property=\"og:type\" content=\"article\" \/>\n<meta property=\"og:title\" content=\"Las exportaciones crecieron 14% en julio y el super\u00e1vit acumulado en el a\u00f1o fue de US$16.080 millones - GYS NOTICIAS |\" \/>\n<meta property=\"og:description\" content=\"En un contexto en donde las noticias sobre la corriente El Ni\u00f1o y un sinf\u00edn de lluvias generan ansiedad y preocupaci\u00f3n en el \u00e1mbito de las commodities agropecuarias y la producci\u00f3n, el \u00faltimo informe sobre el Intercambio Comercial Argentino (ICA), elaborado por el Indec, revela que la Argentina volvi\u00f3 a registrar un fuerte super\u00e1vit comercial [&hellip;]\" \/>\n<meta property=\"og:url\" content=\"https:\/\/gysfm.com.ar\/inicio\/las-exportaciones-crecieron-14-en-julio-y-el-superavit-acumulado-en-el-ano-fue-de-us16-080-millones\/\" \/>\n<meta property=\"og:site_name\" content=\"GYS NOTICIAS |\" \/>\n<meta property=\"article:published_time\" content=\"2026-08-20T20:00:14+00:00\" \/>\n<meta property=\"article:modified_time\" content=\"2026-08-20T20:00:15+00:00\" \/>\n<meta property=\"og:image\" content=\"https:\/\/gysfm.com.ar\/inicio\/wp-content\/uploads\/2026\/08\/las-commodities-agricolas-lideran-la-demanda-QEONOM5RBFD5DEW4RQDTFXW3ZM.jpg\" \/>\n\t<meta property=\"og:image:width\" content=\"1200\" \/>\n\t<meta property=\"og:image:height\" content=\"800\" \/>\n\t<meta property=\"og:image:type\" content=\"image\/jpeg\" \/>\n<meta name=\"author\" content=\"admin\" \/>\n<meta name=\"twitter:card\" content=\"summary_large_image\" \/>\n<meta name=\"twitter:label1\" content=\"Escrito por\" \/>\n\t<meta name=\"twitter:data1\" content=\"admin\" \/>\n\t<meta name=\"twitter:label2\" content=\"Tiempo de lectura\" \/>\n\t<meta name=\"twitter:data2\" content=\"2 minutos\" \/>\n<script type=\"application\/ld+json\" class=\"yoast-schema-graph\">{\"@context\":\"https:\/\/schema.org\",\"@graph\":[{\"@type\":\"Article\",\"@id\":\"https:\/\/gysfm.com.ar\/inicio\/las-exportaciones-crecieron-14-en-julio-y-el-superavit-acumulado-en-el-ano-fue-de-us16-080-millones\/#article\",\"isPartOf\":{\"@id\":\"https:\/\/gysfm.com.ar\/inicio\/las-exportaciones-crecieron-14-en-julio-y-el-superavit-acumulado-en-el-ano-fue-de-us16-080-millones\/\"},\"author\":{\"name\":\"admin\",\"@id\":\"https:\/\/gysfm.com.ar\/inicio\/#\/schema\/person\/5bedd7ecd35cc35548d89effafa23696\"},\"headline\":\"Las exportaciones crecieron 14% en julio y el super\u00e1vit acumulado en el a\u00f1o fue de US$16.080 millones\",\"datePublished\":\"2026-08-20T20:00:14+00:00\",\"dateModified\":\"2026-08-20T20:00:15+00:00\",\"mainEntityOfPage\":{\"@id\":\"https:\/\/gysfm.com.ar\/inicio\/las-exportaciones-crecieron-14-en-julio-y-el-superavit-acumulado-en-el-ano-fue-de-us16-080-millones\/\"},\"wordCount\":382,\"publisher\":{\"@id\":\"https:\/\/gysfm.com.ar\/inicio\/#organization\"},\"image\":{\"@id\":\"https:\/\/gysfm.com.ar\/inicio\/las-exportaciones-crecieron-14-en-julio-y-el-superavit-acumulado-en-el-ano-fue-de-us16-080-millones\/#primaryimage\"},\"thumbnailUrl\":\"https:\/\/gysfm.com.ar\/inicio\/wp-content\/uploads\/2026\/08\/las-commodities-agricolas-lideran-la-demanda-QEONOM5RBFD5DEW4RQDTFXW3ZM.jpg\",\"articleSection\":[\"ECONOMIA\"],\"inLanguage\":\"es\"},{\"@type\":\"WebPage\",\"@id\":\"https:\/\/gysfm.com.ar\/inicio\/las-exportaciones-crecieron-14-en-julio-y-el-superavit-acumulado-en-el-ano-fue-de-us16-080-millones\/\",\"url\":\"https:\/\/gysfm.com.ar\/inicio\/las-exportaciones-crecieron-14-en-julio-y-el-superavit-acumulado-en-el-ano-fue-de-us16-080-millones\/\",\"name\":\"Las exportaciones crecieron 14% en julio y el super\u00e1vit acumulado en el a\u00f1o fue de US$16.080 millones - GYS NOTICIAS |\",\"isPartOf\":{\"@id\":\"https:\/\/gysfm.com.ar\/inicio\/#website\"},\"primaryImageOfPage\":{\"@id\":\"https:\/\/gysfm.com.ar\/inicio\/las-exportaciones-crecieron-14-en-julio-y-el-superavit-acumulado-en-el-ano-fue-de-us16-080-millones\/#primaryimage\"},\"image\":{\"@id\":\"https:\/\/gysfm.com.ar\/inicio\/las-exportaciones-crecieron-14-en-julio-y-el-superavit-acumulado-en-el-ano-fue-de-us16-080-millones\/#primaryimage\"},\"thumbnailUrl\":\"https:\/\/gysfm.com.ar\/inicio\/wp-content\/uploads\/2026\/08\/las-commodities-agricolas-lideran-la-demanda-QEONOM5RBFD5DEW4RQDTFXW3ZM.jpg\",\"datePublished\":\"2026-08-20T20:00:14+00:00\",\"dateModified\":\"2026-08-20T20:00:15+00:00\",\"breadcrumb\":{\"@id\":\"https:\/\/gysfm.com.ar\/inicio\/las-exportaciones-crecieron-14-en-julio-y-el-superavit-acumulado-en-el-ano-fue-de-us16-080-millones\/#breadcrumb\"},\"inLanguage\":\"es\",\"potentialAction\":[{\"@type\":\"ReadAction\",\"target\":[\"https:\/\/gysfm.com.ar\/inicio\/las-exportaciones-crecieron-14-en-julio-y-el-superavit-acumulado-en-el-ano-fue-de-us16-080-millones\/\"]}]},{\"@type\":\"ImageObject\",\"inLanguage\":\"es\",\"@id\":\"https:\/\/gysfm.com.ar\/inicio\/las-exportaciones-crecieron-14-en-julio-y-el-superavit-acumulado-en-el-ano-fue-de-us16-080-millones\/#primaryimage\",\"url\":\"https:\/\/gysfm.com.ar\/inicio\/wp-content\/uploads\/2026\/08\/las-commodities-agricolas-lideran-la-demanda-QEONOM5RBFD5DEW4RQDTFXW3ZM.jpg\",\"contentUrl\":\"https:\/\/gysfm.com.ar\/inicio\/wp-content\/uploads\/2026\/08\/las-commodities-agricolas-lideran-la-demanda-QEONOM5RBFD5DEW4RQDTFXW3ZM.jpg\",\"width\":1200,\"height\":800},{\"@type\":\"BreadcrumbList\",\"@id\":\"https:\/\/gysfm.com.ar\/inicio\/las-exportaciones-crecieron-14-en-julio-y-el-superavit-acumulado-en-el-ano-fue-de-us16-080-millones\/#breadcrumb\",\"itemListElement\":[{\"@type\":\"ListItem\",\"position\":1,\"name\":\"Portada\",\"item\":\"https:\/\/gysfm.com.ar\/inicio\/\"},{\"@type\":\"ListItem\",\"position\":2,\"name\":\"Las exportaciones crecieron 14% en julio y el super\u00e1vit acumulado en el a\u00f1o fue de US$16.080 millones\"}]},{\"@type\":\"WebSite\",\"@id\":\"https:\/\/gysfm.com.ar\/inicio\/#website\",\"url\":\"https:\/\/gysfm.com.ar\/inicio\/\",\"name\":\"GYS NOTICIAS |\",\"description\":\"DIARIO - RADIO ONLINE SAN JUAN ARGENTINA\",\"publisher\":{\"@id\":\"https:\/\/gysfm.com.ar\/inicio\/#organization\"},\"potentialAction\":[{\"@type\":\"SearchAction\",\"target\":{\"@type\":\"EntryPoint\",\"urlTemplate\":\"https:\/\/gysfm.com.ar\/inicio\/?s={search_term_string}\"},\"query-input\":{\"@type\":\"PropertyValueSpecification\",\"valueRequired\":true,\"valueName\":\"search_term_string\"}}],\"inLanguage\":\"es\"},{\"@type\":\"Organization\",\"@id\":\"https:\/\/gysfm.com.ar\/inicio\/#organization\",\"name\":\"GYS NOTICIAS |\",\"url\":\"https:\/\/gysfm.com.ar\/inicio\/\",\"logo\":{\"@type\":\"ImageObject\",\"inLanguage\":\"es\",\"@id\":\"https:\/\/gysfm.com.ar\/inicio\/#\/schema\/logo\/image\/\",\"url\":\"https:\/\/gysfm.com.ar\/inicio\/wp-content\/uploads\/2023\/07\/LOGOGYS-OK.png\",\"contentUrl\":\"https:\/\/gysfm.com.ar\/inicio\/wp-content\/uploads\/2023\/07\/LOGOGYS-OK.png\",\"width\":1170,\"height\":872,\"caption\":\"GYS NOTICIAS |\"},\"image\":{\"@id\":\"https:\/\/gysfm.com.ar\/inicio\/#\/schema\/logo\/image\/\"}},{\"@type\":\"Person\",\"@id\":\"https:\/\/gysfm.com.ar\/inicio\/#\/schema\/person\/5bedd7ecd35cc35548d89effafa23696\",\"name\":\"admin\",\"image\":{\"@type\":\"ImageObject\",\"inLanguage\":\"es\",\"@id\":\"https:\/\/gysfm.com.ar\/inicio\/#\/schema\/person\/image\/\",\"url\":\"https:\/\/secure.gravatar.com\/avatar\/c331d312b5243fb64d5ba28108a447b27c925295129a363082c9ea52c28d32c2?s=96&d=mm&r=g\",\"contentUrl\":\"https:\/\/secure.gravatar.com\/avatar\/c331d312b5243fb64d5ba28108a447b27c925295129a363082c9ea52c28d32c2?s=96&d=mm&r=g\",\"caption\":\"admin\"},\"sameAs\":[\"https:\/\/gysfm.com.ar\/inicio\"],\"url\":\"https:\/\/gysfm.com.ar\/inicio\/author\/admin\/\"}]}<\/script>\n<!-- \/ Yoast SEO plugin. -->","yoast_head_json":{"title":"Las exportaciones crecieron 14% en julio y el super\u00e1vit acumulado en el a\u00f1o fue de US$16.080 millones - GYS NOTICIAS |","robots":{"index":"index","follow":"follow","max-snippet":"max-snippet:-1","max-image-preview":"max-image-preview:large","max-video-preview":"max-video-preview:-1"},"canonical":"https:\/\/gysfm.com.ar\/inicio\/las-exportaciones-crecieron-14-en-julio-y-el-superavit-acumulado-en-el-ano-fue-de-us16-080-millones\/","og_locale":"es_ES","og_type":"article","og_title":"Las exportaciones crecieron 14% en julio y el super\u00e1vit acumulado en el a\u00f1o fue de US$16.080 millones - GYS NOTICIAS |","og_description":"En un contexto en donde las noticias sobre la corriente El Ni\u00f1o y un sinf\u00edn de lluvias generan ansiedad y preocupaci\u00f3n en el \u00e1mbito de las commodities agropecuarias y la producci\u00f3n, el \u00faltimo informe sobre el Intercambio Comercial Argentino (ICA), elaborado por el Indec, revela que la Argentina volvi\u00f3 a registrar un fuerte super\u00e1vit comercial [&hellip;]","og_url":"https:\/\/gysfm.com.ar\/inicio\/las-exportaciones-crecieron-14-en-julio-y-el-superavit-acumulado-en-el-ano-fue-de-us16-080-millones\/","og_site_name":"GYS NOTICIAS |","article_published_time":"2026-08-20T20:00:14+00:00","article_modified_time":"2026-08-20T20:00:15+00:00","og_image":[{"width":1200,"height":800,"url":"https:\/\/gysfm.com.ar\/inicio\/wp-content\/uploads\/2026\/08\/las-commodities-agricolas-lideran-la-demanda-QEONOM5RBFD5DEW4RQDTFXW3ZM.jpg","type":"image\/jpeg"}],"author":"admin","twitter_card":"summary_large_image","twitter_misc":{"Escrito por":"admin","Tiempo de lectura":"2 minutos"},"schema":{"@context":"https:\/\/schema.org","@graph":[{"@type":"Article","@id":"https:\/\/gysfm.com.ar\/inicio\/las-exportaciones-crecieron-14-en-julio-y-el-superavit-acumulado-en-el-ano-fue-de-us16-080-millones\/#article","isPartOf":{"@id":"https:\/\/gysfm.com.ar\/inicio\/las-exportaciones-crecieron-14-en-julio-y-el-superavit-acumulado-en-el-ano-fue-de-us16-080-millones\/"},"author":{"name":"admin","@id":"https:\/\/gysfm.com.ar\/inicio\/#\/schema\/person\/5bedd7ecd35cc35548d89effafa23696"},"headline":"Las exportaciones crecieron 14% en julio y el super\u00e1vit acumulado en el a\u00f1o fue de US$16.080 millones","datePublished":"2026-08-20T20:00:14+00:00","dateModified":"2026-08-20T20:00:15+00:00","mainEntityOfPage":{"@id":"https:\/\/gysfm.com.ar\/inicio\/las-exportaciones-crecieron-14-en-julio-y-el-superavit-acumulado-en-el-ano-fue-de-us16-080-millones\/"},"wordCount":382,"publisher":{"@id":"https:\/\/gysfm.com.ar\/inicio\/#organization"},"image":{"@id":"https:\/\/gysfm.com.ar\/inicio\/las-exportaciones-crecieron-14-en-julio-y-el-superavit-acumulado-en-el-ano-fue-de-us16-080-millones\/#primaryimage"},"thumbnailUrl":"https:\/\/gysfm.com.ar\/inicio\/wp-content\/uploads\/2026\/08\/las-commodities-agricolas-lideran-la-demanda-QEONOM5RBFD5DEW4RQDTFXW3ZM.jpg","articleSection":["ECONOMIA"],"inLanguage":"es"},{"@type":"WebPage","@id":"https:\/\/gysfm.com.ar\/inicio\/las-exportaciones-crecieron-14-en-julio-y-el-superavit-acumulado-en-el-ano-fue-de-us16-080-millones\/","url":"https:\/\/gysfm.com.ar\/inicio\/las-exportaciones-crecieron-14-en-julio-y-el-superavit-acumulado-en-el-ano-fue-de-us16-080-millones\/","name":"Las exportaciones crecieron 14% en julio y el super\u00e1vit acumulado en el a\u00f1o fue de US$16.080 millones - GYS NOTICIAS |","isPartOf":{"@id":"https:\/\/gysfm.com.ar\/inicio\/#website"},"primaryImageOfPage":{"@id":"https:\/\/gysfm.com.ar\/inicio\/las-exportaciones-crecieron-14-en-julio-y-el-superavit-acumulado-en-el-ano-fue-de-us16-080-millones\/#primaryimage"},"image":{"@id":"https:\/\/gysfm.com.ar\/inicio\/las-exportaciones-crecieron-14-en-julio-y-el-superavit-acumulado-en-el-ano-fue-de-us16-080-millones\/#primaryimage"},"thumbnailUrl":"https:\/\/gysfm.com.ar\/inicio\/wp-content\/uploads\/2026\/08\/las-commodities-agricolas-lideran-la-demanda-QEONOM5RBFD5DEW4RQDTFXW3ZM.jpg","datePublished":"2026-08-20T20:00:14+00:00","dateModified":"2026-08-20T20:00:15+00:00","breadcrumb":{"@id":"https:\/\/gysfm.com.ar\/inicio\/las-exportaciones-crecieron-14-en-julio-y-el-superavit-acumulado-en-el-ano-fue-de-us16-080-millones\/#breadcrumb"},"inLanguage":"es","potentialAction":[{"@type":"ReadAction","target":["https:\/\/gysfm.com.ar\/inicio\/las-exportaciones-crecieron-14-en-julio-y-el-superavit-acumulado-en-el-ano-fue-de-us16-080-millones\/"]}]},{"@type":"ImageObject","inLanguage":"es","@id":"https:\/\/gysfm.com.ar\/inicio\/las-exportaciones-crecieron-14-en-julio-y-el-superavit-acumulado-en-el-ano-fue-de-us16-080-millones\/#primaryimage","url":"https:\/\/gysfm.com.ar\/inicio\/wp-content\/uploads\/2026\/08\/las-commodities-agricolas-lideran-la-demanda-QEONOM5RBFD5DEW4RQDTFXW3ZM.jpg","contentUrl":"https:\/\/gysfm.com.ar\/inicio\/wp-content\/uploads\/2026\/08\/las-commodities-agricolas-lideran-la-demanda-QEONOM5RBFD5DEW4RQDTFXW3ZM.jpg","width":1200,"height":800},{"@type":"BreadcrumbList","@id":"https:\/\/gysfm.com.ar\/inicio\/las-exportaciones-crecieron-14-en-julio-y-el-superavit-acumulado-en-el-ano-fue-de-us16-080-millones\/#breadcrumb","itemListElement":[{"@type":"ListItem","position":1,"name":"Portada","item":"https:\/\/gysfm.com.ar\/inicio\/"},{"@type":"ListItem","position":2,"name":"Las exportaciones crecieron 14% en julio y el super\u00e1vit acumulado en el a\u00f1o fue de US$16.080 millones"}]},{"@type":"WebSite","@id":"https:\/\/gysfm.com.ar\/inicio\/#website","url":"https:\/\/gysfm.com.ar\/inicio\/","name":"GYS NOTICIAS |","description":"DIARIO - RADIO ONLINE SAN JUAN ARGENTINA","publisher":{"@id":"https:\/\/gysfm.com.ar\/inicio\/#organization"},"potentialAction":[{"@type":"SearchAction","target":{"@type":"EntryPoint","urlTemplate":"https:\/\/gysfm.com.ar\/inicio\/?s={search_term_string}"},"query-input":{"@type":"PropertyValueSpecification","valueRequired":true,"valueName":"search_term_string"}}],"inLanguage":"es"},{"@type":"Organization","@id":"https:\/\/gysfm.com.ar\/inicio\/#organization","name":"GYS NOTICIAS |","url":"https:\/\/gysfm.com.ar\/inicio\/","logo":{"@type":"ImageObject","inLanguage":"es","@id":"https:\/\/gysfm.com.ar\/inicio\/#\/schema\/logo\/image\/","url":"https:\/\/gysfm.com.ar\/inicio\/wp-content\/uploads\/2023\/07\/LOGOGYS-OK.png","contentUrl":"https:\/\/gysfm.com.ar\/inicio\/wp-content\/uploads\/2023\/07\/LOGOGYS-OK.png","width":1170,"height":872,"caption":"GYS NOTICIAS |"},"image":{"@id":"https:\/\/gysfm.com.ar\/inicio\/#\/schema\/logo\/image\/"}},{"@type":"Person","@id":"https:\/\/gysfm.com.ar\/inicio\/#\/schema\/person\/5bedd7ecd35cc35548d89effafa23696","name":"admin","image":{"@type":"ImageObject","inLanguage":"es","@id":"https:\/\/gysfm.com.ar\/inicio\/#\/schema\/person\/image\/","url":"https:\/\/secure.gravatar.com\/avatar\/c331d312b5243fb64d5ba28108a447b27c925295129a363082c9ea52c28d32c2?s=96&d=mm&r=g","contentUrl":"https:\/\/secure.gravatar.com\/avatar\/c331d312b5243fb64d5ba28108a447b27c925295129a363082c9ea52c28d32c2?s=96&d=mm&r=g","caption":"admin"},"sameAs":["https:\/\/gysfm.com.ar\/inicio"],"url":"https:\/\/gysfm.com.ar\/inicio\/author\/admin\/"}]}},"_links":{"self":[{"href":"https:\/\/gysfm.com.ar\/inicio\/wp-json\/wp\/v2\/posts\/208836","targetHints":{"allow":["GET"]}}],"collection":[{"href":"https:\/\/gysfm.com.ar\/inicio\/wp-json\/wp\/v2\/posts"}],"about":[{"href":"https:\/\/gysfm.com.ar\/inicio\/wp-json\/wp\/v2\/types\/post"}],"author":[{"embeddable":true,"href":"https:\/\/gysfm.com.ar\/inicio\/wp-json\/wp\/v2\/users\/1"}],"replies":[{"embeddable":true,"href":"https:\/\/gysfm.com.ar\/inicio\/wp-json\/wp\/v2\/comments?post=208836"}],"version-history":[{"count":1,"href":"https:\/\/gysfm.com.ar\/inicio\/wp-json\/wp\/v2\/posts\/208836\/revisions"}],"predecessor-version":[{"id":208838,"href":"https:\/\/gysfm.com.ar\/inicio\/wp-json\/wp\/v2\/posts\/208836\/revisions\/208838"}],"wp:featuredmedia":[{"embeddable":true,"href":"https:\/\/gysfm.com.ar\/inicio\/wp-json\/wp\/v2\/media\/208837"}],"wp:attachment":[{"href":"https:\/\/gysfm.com.ar\/inicio\/wp-json\/wp\/v2\/media?parent=208836"}],"wp:term":[{"taxonomy":"category","embeddable":true,"href":"https:\/\/gysfm.com.ar\/inicio\/wp-json\/wp\/v2\/categories?post=208836"},{"taxonomy":"post_tag","embeddable":true,"href":"https:\/\/gysfm.com.ar\/inicio\/wp-json\/wp\/v2\/tags?post=208836"}],"curies":[{"name":"wp","href":"https:\/\/api.w.org\/{rel}","templated":true}]}}