{"id":208832,"date":"2026-08-20T16:24:12","date_gmt":"2026-08-20T19:24:12","guid":{"rendered":"https:\/\/gysfm.com.ar\/inicio\/la-confianza-del-consumidor-marco-una-caida-mensual-de-11-durante-agosto\/"},"modified":"2026-08-20T16:24:12","modified_gmt":"2026-08-20T19:24:12","slug":"la-confianza-del-consumidor-marco-una-caida-mensual-de-11-durante-agosto","status":"publish","type":"post","link":"https:\/\/gysfm.com.ar\/inicio\/la-confianza-del-consumidor-marco-una-caida-mensual-de-11-durante-agosto\/","title":{"rendered":"La confianza del consumidor marc\u00f3 una ca\u00edda mensual de 1,1% durante agosto"},"content":{"rendered":"<p> <br \/>\n<\/p>\n<div>\t\t<!-- { REGION4 --> <\/p>\n<header class=\"news-headline\">\n<div class=\"news-headline__topics-and-date-wrapper\">    <span class=\"news-headline__publication-date\"> 20 de agosto 2026 &#8211; 11:36<br \/>\n            <\/span><\/div>\n<h2 class=\"news-headline__article-summary\"\/>\n<p id=\"p-1787236395949-45983\" class=\"ignore-parser\"> Por regiones, el ICC registr\u00f3 aumentos en CABA y GBA, mientras que disminuy\u00f3 en el Interior, seg\u00fan public\u00f3 en esta jornada la Universidad Di Tella.<\/p>\n<\/header>\n<div class=\"detail-highlighted-multimedia content-protected-false\">\n<figure class=\"detail-highlighted-multimedia__figure\">  <img src=\"https:\/\/media.ambito.com\/p\/9da7e10a4f5558e6fca405c728dbf97c\/adjuntos\/239\/imagenes\/029\/754\/0029754348\/el-indice-confianza-del-consumidor-se-hundio-un-10-mayo.jpg\" decoding=\"async\" fetchpriority=\"low\" loading=\"lazy\" class=\"detail-highlighted-multimedia__figure-img img-fluid\" alt=\"\u00a0La mayor ca\u00edda se observ\u00f3 en Bienes Durables e Inmuebles (-4,03%), seguida por Situaci\u00f3n Personal (-3,31%).\" width=\"540\" height=\"405\"\/><figcaption class=\"detail-highlighted-multimedia__figcaption\">  <\/figcaption><\/figure>\n<\/p><\/div>\n<article class=\"article-body article-body--first-paragraph content-protected-false\" data-td-script-src=\"https:\/\/www.ambito.com\/td\/modulos\/encuestas\/js\/function-embeds-min-version-1787198804.js\">\n<p id=\"p-1787236400816-19435\" data-path-to-node=\"0\"><strong> El \u00cdndice de Confianza del Consumidor se ubic\u00f3 en 40,23 puntos en agosto, una ca\u00edda mensual de 1,08%. <\/strong>Se trata de un nivel similar respecto de agosto de 2025, seg\u00fan public\u00f3 en esta jornada el Centro de Investigaci\u00f3n de Finanzas de la <strong>Universidad Torcuato Di Tella.<\/strong><\/p>\n<\/article>\n<section class=\"suscription-false printed-edition\" style=\"display:none\">\n<p>El contenido al que quiere acceder es exclusivo para suscriptores.<\/p>\n<p>  <span> <button type=\"button\" name=\"button\" class=\"subscribe-btn mercadopago-btn\">suscribirse<\/button><\/span>  <span class=\"btns\"><button type=\"button\" name=\"button\" class=\"subscribe-btn reload-login\"> ya estoy suscripto<\/button><\/span>  <\/p>\n<\/section>\n<article class=\"article-body article-body--second-paragraph content-protected-false\">\n<div contenteditable=\"false\" class=\"embed_cont type_imagen\" id=\"8267241-Libre-220364064_wrap\">\n<div id=\"8267241-Libre-220364064_content\" class=\"embed_content\"><img src=\"https:\/\/media.ambito.com\/p\/b133e3d1bfe4bb5a0f8194c23b8c20cd\/adjuntos\/239\/imagenes\/043\/593\/0043593227\/730x0\/smart\/image.png\" decoding=\"async\" fetchpriority=\"low\" loading=\"lazy\" alt=\"\" title=\"\" width=\"730\" height=\"undefined\" id=\"8267241-Libre-220364064_embed\"\/><\/div><\/div>\n<p id=\"p-1787236400816-78626\" data-path-to-node=\"1\"><strong> Por regiones, el ICC registr\u00f3 aumentos en CABA y GBA, mientras que disminuy\u00f3 en el Interior. <\/strong>El mayor aumento se observ\u00f3 en el GBA (+0,41%), seguido por CABA (+0,11%), mientras que el Interior registr\u00f3 una ca\u00edda de 3,79%. El Interior exhibe el \u00edndice m\u00e1s elevado (43,82 puntos), en tanto que el GBA presenta el valor m\u00e1s bajo entre las tres regiones (38,27 puntos).<\/p>\n<\/article>\n<section class=\"related-news\">\t\t<span class=\"related-news__title\">Informate m\u00e1s<\/span>\t\t<\/p>\n<div class=\"row row--eq-height\">\n<div class=\"col-12 col-md-6\">\n<article class=\"news-article news-article--landscape-news news-article--landscape-news\">\n<figure class=\"news-article__figure figure\">\n\t\t\t\t\t\t\t\t\t\t\t<img src=\"https:\/\/media.ambito.com\/p\/c4eac12174eb98b740253936c2b08edc\/adjuntos\/239\/imagenes\/043\/585\/0043585559\/93x52\/913x374:933x394\/industria-empleo-pymes-actividad-economica.jpg\" decoding=\"async\" fetchpriority=\"low\" loading=\"lazy\" alt=\"la actividad economica mejoro en junio, pero acumulo un retroceso en el segundo trimestre\" title=\"la actividad economica mejoro en junio, pero acumulo un retroceso en el segundo trimestre\" width=\"93\" height=\"52\" class=\"news-article__figure-img figure-img img-fluid\"\/>\t\t<\/figure>\n<\/article><\/div>\n<div class=\"col-12 col-md-6\">\n<article class=\"news-article news-article--landscape-news news-article--landscape-news\">\n<figure class=\"news-article__figure figure\">\n\t\t\t\t\t\t\t\t\t\t\t<img src=\"https:\/\/media.ambito.com\/p\/3988fcd11e7f178c2fb897042ba594fe\/adjuntos\/239\/imagenes\/030\/292\/0030292529\/para-la-cepal-la-economia-caera-11-latinoamerica-2016.jpg\" decoding=\"async\" fetchpriority=\"low\" loading=\"lazy\" alt=\"La CEPAL proyecta un 2,2% para Am\u00e9rica Latina y el Caribe en 2026, insuficiente para mejorar el ingreso per c\u00e1pita.\" title=\"La CEPAL proyecta un 2,2% para Am\u00e9rica Latina y el Caribe en 2026, insuficiente para mejorar el ingreso per c\u00e1pita.\" width=\"93\" height=\"52\" class=\"news-article__figure-img figure-img img-fluid\"\/>\t\t<\/figure>\n<\/article><\/div>\n<\/div>\n<\/section>\n<article class=\"article-body article-body--third-paragraph content-protected-false\">\n<p id=\"p-1787236400816-90830\" data-path-to-node=\"2\"> Por nivel de ingresos, el ICC registr\u00f3 comportamientos dispares. <strong>Los hogares de ingresos bajos mostraron un aumento de 2,13%, mientras que los hogares de ingresos altos registraron una disminuci\u00f3n de 1,76%.<\/strong> Los hogares de ingresos altos contin\u00faan exhibiendo un \u00edndice superior (42,68 puntos) frente a los hogares de ingresos bajos (36,76 puntos).<\/p>\n<\/article>\n<article class=\"article-body article-body--fourth-paragraph content-protected-false\">\n<p id=\"p-1787236400816-45142\" data-path-to-node=\"3\">Por sub\u00edndices, Situaci\u00f3n Macroecon\u00f3mica registr\u00f3 un aumento de 3,06% en agosto, mientras que los restantes componentes mostraron disminuciones.<strong> La mayor ca\u00edda se observ\u00f3 en Bienes Durables e Inmuebles (-4,03%), seguida por Situaci\u00f3n Personal (-3,31%).<\/strong><\/p>\n<\/article>\n<article class=\"article-body article-body--fifth-paragraph content-protected-false\">\n<p id=\"p-1787236675287-21683\"> A su vez, las Expectativas Futuras aumentaron 0,44%, mientras que<strong> las Condiciones Presentes disminuyeron 3,18%.<\/strong> En la comparaci\u00f3n interanual, las Expectativas Futuras se ubican 2,44% por encima del nivel de agosto de 2025, en tanto que <strong>las Condiciones Presentes se encuentran 1,65% por debajo del registro de un a\u00f1o atr\u00e1s.<\/strong><\/p>\n<\/article>\n<article class=\"article-body article-body--remaining-paragraph content-protected-false\">  <\/article>\n<p>\t\t<!-- REGION4 } --><\/div>\n<p><script>\n!function(f,b,e,v,n,t,s)\n{if(f.fbq)return;n=f.fbq=function(){n.callMethod?\nn.callMethod.apply(n,arguments):n.queue.push(arguments)};\nif(!f._fbq)f._fbq=n;n.push=n;n.loaded=!0;n.version='2.0';\nn.queue=[];t=b.createElement(e);t.async=!0;\nt.src=v;s=b.getElementsByTagName(e)[0];\ns.parentNode.insertBefore(t,s)}(window,document,'script',\n'https:\/\/connect.facebook.net\/en_US\/fbevents.js');\nfbq('init', '2047048335588113');\nfbq('track', 'PageView');\n<\/script><br \/>\n<br \/><\/p>\n","protected":false},"excerpt":{"rendered":"<p>20 de agosto 2026 &#8211; 11:36 Por regiones, el ICC registr\u00f3 aumentos en CABA y GBA, mientras que disminuy\u00f3 en el Interior, seg\u00fan public\u00f3 en esta jornada la Universidad Di Tella. El \u00cdndice de Confianza del Consumidor se ubic\u00f3 en 40,23 puntos en agosto, una ca\u00edda mensual de 1,08%. Se trata de un nivel similar [&hellip;]<\/p>\n","protected":false},"author":1,"featured_media":92904,"comment_status":"closed","ping_status":"closed","sticky":false,"template":"","format":"standard","meta":{"footnotes":""},"categories":[28],"tags":[],"class_list":["post-208832","post","type-post","status-publish","format-standard","has-post-thumbnail","hentry","category-economia"],"yoast_head":"<!-- This site is optimized with the Yoast SEO plugin v24.4 - https:\/\/yoast.com\/wordpress\/plugins\/seo\/ -->\n<title>La confianza del consumidor marc\u00f3 una ca\u00edda mensual de 1,1% durante agosto - GYS NOTICIAS |<\/title>\n<meta name=\"robots\" content=\"index, follow, max-snippet:-1, max-image-preview:large, max-video-preview:-1\" \/>\n<link rel=\"canonical\" href=\"https:\/\/gysfm.com.ar\/inicio\/la-confianza-del-consumidor-marco-una-caida-mensual-de-11-durante-agosto\/\" \/>\n<meta property=\"og:locale\" content=\"es_ES\" \/>\n<meta property=\"og:type\" content=\"article\" \/>\n<meta property=\"og:title\" content=\"La confianza del consumidor marc\u00f3 una ca\u00edda mensual de 1,1% durante agosto - GYS NOTICIAS |\" \/>\n<meta property=\"og:description\" content=\"20 de agosto 2026 &#8211; 11:36 Por regiones, el ICC registr\u00f3 aumentos en CABA y GBA, mientras que disminuy\u00f3 en el Interior, seg\u00fan public\u00f3 en esta jornada la Universidad Di Tella. El \u00cdndice de Confianza del Consumidor se ubic\u00f3 en 40,23 puntos en agosto, una ca\u00edda mensual de 1,08%. Se trata de un nivel similar [&hellip;]\" \/>\n<meta property=\"og:url\" content=\"https:\/\/gysfm.com.ar\/inicio\/la-confianza-del-consumidor-marco-una-caida-mensual-de-11-durante-agosto\/\" \/>\n<meta property=\"og:site_name\" content=\"GYS NOTICIAS |\" \/>\n<meta property=\"article:published_time\" content=\"2026-08-20T19:24:12+00:00\" \/>\n<meta property=\"og:image\" content=\"https:\/\/media.ambito.com\/p\/9da7e10a4f5558e6fca405c728dbf97c\/adjuntos\/239\/imagenes\/029\/754\/0029754348\/el-indice-confianza-del-consumidor-se-hundio-un-10-mayo.jpg\" \/>\n<meta name=\"author\" content=\"admin\" \/>\n<meta name=\"twitter:card\" content=\"summary_large_image\" \/>\n<meta name=\"twitter:label1\" content=\"Escrito por\" \/>\n\t<meta name=\"twitter:data1\" content=\"admin\" \/>\n\t<meta name=\"twitter:label2\" content=\"Tiempo de lectura\" \/>\n\t<meta name=\"twitter:data2\" content=\"1 minuto\" \/>\n<script type=\"application\/ld+json\" class=\"yoast-schema-graph\">{\"@context\":\"https:\/\/schema.org\",\"@graph\":[{\"@type\":\"Article\",\"@id\":\"https:\/\/gysfm.com.ar\/inicio\/la-confianza-del-consumidor-marco-una-caida-mensual-de-11-durante-agosto\/#article\",\"isPartOf\":{\"@id\":\"https:\/\/gysfm.com.ar\/inicio\/la-confianza-del-consumidor-marco-una-caida-mensual-de-11-durante-agosto\/\"},\"author\":{\"name\":\"admin\",\"@id\":\"https:\/\/gysfm.com.ar\/inicio\/#\/schema\/person\/5bedd7ecd35cc35548d89effafa23696\"},\"headline\":\"La confianza del consumidor marc\u00f3 una ca\u00edda mensual de 1,1% durante agosto\",\"datePublished\":\"2026-08-20T19:24:12+00:00\",\"mainEntityOfPage\":{\"@id\":\"https:\/\/gysfm.com.ar\/inicio\/la-confianza-del-consumidor-marco-una-caida-mensual-de-11-durante-agosto\/\"},\"wordCount\":303,\"publisher\":{\"@id\":\"https:\/\/gysfm.com.ar\/inicio\/#organization\"},\"image\":{\"@id\":\"https:\/\/gysfm.com.ar\/inicio\/la-confianza-del-consumidor-marco-una-caida-mensual-de-11-durante-agosto\/#primaryimage\"},\"thumbnailUrl\":\"https:\/\/gysfm.com.ar\/inicio\/wp-content\/uploads\/2025\/02\/el-indice-confianza-del-consumidor-se-hundio-un-10-mayo.jpg\",\"articleSection\":[\"ECONOMIA\"],\"inLanguage\":\"es\"},{\"@type\":\"WebPage\",\"@id\":\"https:\/\/gysfm.com.ar\/inicio\/la-confianza-del-consumidor-marco-una-caida-mensual-de-11-durante-agosto\/\",\"url\":\"https:\/\/gysfm.com.ar\/inicio\/la-confianza-del-consumidor-marco-una-caida-mensual-de-11-durante-agosto\/\",\"name\":\"La confianza del consumidor marc\u00f3 una ca\u00edda mensual de 1,1% durante agosto - GYS NOTICIAS |\",\"isPartOf\":{\"@id\":\"https:\/\/gysfm.com.ar\/inicio\/#website\"},\"primaryImageOfPage\":{\"@id\":\"https:\/\/gysfm.com.ar\/inicio\/la-confianza-del-consumidor-marco-una-caida-mensual-de-11-durante-agosto\/#primaryimage\"},\"image\":{\"@id\":\"https:\/\/gysfm.com.ar\/inicio\/la-confianza-del-consumidor-marco-una-caida-mensual-de-11-durante-agosto\/#primaryimage\"},\"thumbnailUrl\":\"https:\/\/gysfm.com.ar\/inicio\/wp-content\/uploads\/2025\/02\/el-indice-confianza-del-consumidor-se-hundio-un-10-mayo.jpg\",\"datePublished\":\"2026-08-20T19:24:12+00:00\",\"breadcrumb\":{\"@id\":\"https:\/\/gysfm.com.ar\/inicio\/la-confianza-del-consumidor-marco-una-caida-mensual-de-11-durante-agosto\/#breadcrumb\"},\"inLanguage\":\"es\",\"potentialAction\":[{\"@type\":\"ReadAction\",\"target\":[\"https:\/\/gysfm.com.ar\/inicio\/la-confianza-del-consumidor-marco-una-caida-mensual-de-11-durante-agosto\/\"]}]},{\"@type\":\"ImageObject\",\"inLanguage\":\"es\",\"@id\":\"https:\/\/gysfm.com.ar\/inicio\/la-confianza-del-consumidor-marco-una-caida-mensual-de-11-durante-agosto\/#primaryimage\",\"url\":\"https:\/\/gysfm.com.ar\/inicio\/wp-content\/uploads\/2025\/02\/el-indice-confianza-del-consumidor-se-hundio-un-10-mayo.jpg\",\"contentUrl\":\"https:\/\/gysfm.com.ar\/inicio\/wp-content\/uploads\/2025\/02\/el-indice-confianza-del-consumidor-se-hundio-un-10-mayo.jpg\",\"width\":1200,\"height\":675},{\"@type\":\"BreadcrumbList\",\"@id\":\"https:\/\/gysfm.com.ar\/inicio\/la-confianza-del-consumidor-marco-una-caida-mensual-de-11-durante-agosto\/#breadcrumb\",\"itemListElement\":[{\"@type\":\"ListItem\",\"position\":1,\"name\":\"Portada\",\"item\":\"https:\/\/gysfm.com.ar\/inicio\/\"},{\"@type\":\"ListItem\",\"position\":2,\"name\":\"La confianza del consumidor marc\u00f3 una ca\u00edda mensual de 1,1% durante agosto\"}]},{\"@type\":\"WebSite\",\"@id\":\"https:\/\/gysfm.com.ar\/inicio\/#website\",\"url\":\"https:\/\/gysfm.com.ar\/inicio\/\",\"name\":\"GYS NOTICIAS |\",\"description\":\"DIARIO - RADIO ONLINE SAN JUAN ARGENTINA\",\"publisher\":{\"@id\":\"https:\/\/gysfm.com.ar\/inicio\/#organization\"},\"potentialAction\":[{\"@type\":\"SearchAction\",\"target\":{\"@type\":\"EntryPoint\",\"urlTemplate\":\"https:\/\/gysfm.com.ar\/inicio\/?s={search_term_string}\"},\"query-input\":{\"@type\":\"PropertyValueSpecification\",\"valueRequired\":true,\"valueName\":\"search_term_string\"}}],\"inLanguage\":\"es\"},{\"@type\":\"Organization\",\"@id\":\"https:\/\/gysfm.com.ar\/inicio\/#organization\",\"name\":\"GYS NOTICIAS |\",\"url\":\"https:\/\/gysfm.com.ar\/inicio\/\",\"logo\":{\"@type\":\"ImageObject\",\"inLanguage\":\"es\",\"@id\":\"https:\/\/gysfm.com.ar\/inicio\/#\/schema\/logo\/image\/\",\"url\":\"https:\/\/gysfm.com.ar\/inicio\/wp-content\/uploads\/2023\/07\/LOGOGYS-OK.png\",\"contentUrl\":\"https:\/\/gysfm.com.ar\/inicio\/wp-content\/uploads\/2023\/07\/LOGOGYS-OK.png\",\"width\":1170,\"height\":872,\"caption\":\"GYS NOTICIAS |\"},\"image\":{\"@id\":\"https:\/\/gysfm.com.ar\/inicio\/#\/schema\/logo\/image\/\"}},{\"@type\":\"Person\",\"@id\":\"https:\/\/gysfm.com.ar\/inicio\/#\/schema\/person\/5bedd7ecd35cc35548d89effafa23696\",\"name\":\"admin\",\"image\":{\"@type\":\"ImageObject\",\"inLanguage\":\"es\",\"@id\":\"https:\/\/gysfm.com.ar\/inicio\/#\/schema\/person\/image\/\",\"url\":\"https:\/\/secure.gravatar.com\/avatar\/c331d312b5243fb64d5ba28108a447b27c925295129a363082c9ea52c28d32c2?s=96&d=mm&r=g\",\"contentUrl\":\"https:\/\/secure.gravatar.com\/avatar\/c331d312b5243fb64d5ba28108a447b27c925295129a363082c9ea52c28d32c2?s=96&d=mm&r=g\",\"caption\":\"admin\"},\"sameAs\":[\"https:\/\/gysfm.com.ar\/inicio\"],\"url\":\"https:\/\/gysfm.com.ar\/inicio\/author\/admin\/\"}]}<\/script>\n<!-- \/ Yoast SEO plugin. -->","yoast_head_json":{"title":"La confianza del consumidor marc\u00f3 una ca\u00edda mensual de 1,1% durante agosto - GYS NOTICIAS |","robots":{"index":"index","follow":"follow","max-snippet":"max-snippet:-1","max-image-preview":"max-image-preview:large","max-video-preview":"max-video-preview:-1"},"canonical":"https:\/\/gysfm.com.ar\/inicio\/la-confianza-del-consumidor-marco-una-caida-mensual-de-11-durante-agosto\/","og_locale":"es_ES","og_type":"article","og_title":"La confianza del consumidor marc\u00f3 una ca\u00edda mensual de 1,1% durante agosto - GYS NOTICIAS |","og_description":"20 de agosto 2026 &#8211; 11:36 Por regiones, el ICC registr\u00f3 aumentos en CABA y GBA, mientras que disminuy\u00f3 en el Interior, seg\u00fan public\u00f3 en esta jornada la Universidad Di Tella. El \u00cdndice de Confianza del Consumidor se ubic\u00f3 en 40,23 puntos en agosto, una ca\u00edda mensual de 1,08%. Se trata de un nivel similar [&hellip;]","og_url":"https:\/\/gysfm.com.ar\/inicio\/la-confianza-del-consumidor-marco-una-caida-mensual-de-11-durante-agosto\/","og_site_name":"GYS NOTICIAS |","article_published_time":"2026-08-20T19:24:12+00:00","og_image":[{"url":"https:\/\/media.ambito.com\/p\/9da7e10a4f5558e6fca405c728dbf97c\/adjuntos\/239\/imagenes\/029\/754\/0029754348\/el-indice-confianza-del-consumidor-se-hundio-un-10-mayo.jpg","type":"","width":"","height":""}],"author":"admin","twitter_card":"summary_large_image","twitter_misc":{"Escrito por":"admin","Tiempo de lectura":"1 minuto"},"schema":{"@context":"https:\/\/schema.org","@graph":[{"@type":"Article","@id":"https:\/\/gysfm.com.ar\/inicio\/la-confianza-del-consumidor-marco-una-caida-mensual-de-11-durante-agosto\/#article","isPartOf":{"@id":"https:\/\/gysfm.com.ar\/inicio\/la-confianza-del-consumidor-marco-una-caida-mensual-de-11-durante-agosto\/"},"author":{"name":"admin","@id":"https:\/\/gysfm.com.ar\/inicio\/#\/schema\/person\/5bedd7ecd35cc35548d89effafa23696"},"headline":"La confianza del consumidor marc\u00f3 una ca\u00edda mensual de 1,1% durante agosto","datePublished":"2026-08-20T19:24:12+00:00","mainEntityOfPage":{"@id":"https:\/\/gysfm.com.ar\/inicio\/la-confianza-del-consumidor-marco-una-caida-mensual-de-11-durante-agosto\/"},"wordCount":303,"publisher":{"@id":"https:\/\/gysfm.com.ar\/inicio\/#organization"},"image":{"@id":"https:\/\/gysfm.com.ar\/inicio\/la-confianza-del-consumidor-marco-una-caida-mensual-de-11-durante-agosto\/#primaryimage"},"thumbnailUrl":"https:\/\/gysfm.com.ar\/inicio\/wp-content\/uploads\/2025\/02\/el-indice-confianza-del-consumidor-se-hundio-un-10-mayo.jpg","articleSection":["ECONOMIA"],"inLanguage":"es"},{"@type":"WebPage","@id":"https:\/\/gysfm.com.ar\/inicio\/la-confianza-del-consumidor-marco-una-caida-mensual-de-11-durante-agosto\/","url":"https:\/\/gysfm.com.ar\/inicio\/la-confianza-del-consumidor-marco-una-caida-mensual-de-11-durante-agosto\/","name":"La confianza del consumidor marc\u00f3 una ca\u00edda mensual de 1,1% durante agosto - GYS NOTICIAS |","isPartOf":{"@id":"https:\/\/gysfm.com.ar\/inicio\/#website"},"primaryImageOfPage":{"@id":"https:\/\/gysfm.com.ar\/inicio\/la-confianza-del-consumidor-marco-una-caida-mensual-de-11-durante-agosto\/#primaryimage"},"image":{"@id":"https:\/\/gysfm.com.ar\/inicio\/la-confianza-del-consumidor-marco-una-caida-mensual-de-11-durante-agosto\/#primaryimage"},"thumbnailUrl":"https:\/\/gysfm.com.ar\/inicio\/wp-content\/uploads\/2025\/02\/el-indice-confianza-del-consumidor-se-hundio-un-10-mayo.jpg","datePublished":"2026-08-20T19:24:12+00:00","breadcrumb":{"@id":"https:\/\/gysfm.com.ar\/inicio\/la-confianza-del-consumidor-marco-una-caida-mensual-de-11-durante-agosto\/#breadcrumb"},"inLanguage":"es","potentialAction":[{"@type":"ReadAction","target":["https:\/\/gysfm.com.ar\/inicio\/la-confianza-del-consumidor-marco-una-caida-mensual-de-11-durante-agosto\/"]}]},{"@type":"ImageObject","inLanguage":"es","@id":"https:\/\/gysfm.com.ar\/inicio\/la-confianza-del-consumidor-marco-una-caida-mensual-de-11-durante-agosto\/#primaryimage","url":"https:\/\/gysfm.com.ar\/inicio\/wp-content\/uploads\/2025\/02\/el-indice-confianza-del-consumidor-se-hundio-un-10-mayo.jpg","contentUrl":"https:\/\/gysfm.com.ar\/inicio\/wp-content\/uploads\/2025\/02\/el-indice-confianza-del-consumidor-se-hundio-un-10-mayo.jpg","width":1200,"height":675},{"@type":"BreadcrumbList","@id":"https:\/\/gysfm.com.ar\/inicio\/la-confianza-del-consumidor-marco-una-caida-mensual-de-11-durante-agosto\/#breadcrumb","itemListElement":[{"@type":"ListItem","position":1,"name":"Portada","item":"https:\/\/gysfm.com.ar\/inicio\/"},{"@type":"ListItem","position":2,"name":"La confianza del consumidor marc\u00f3 una ca\u00edda mensual de 1,1% durante agosto"}]},{"@type":"WebSite","@id":"https:\/\/gysfm.com.ar\/inicio\/#website","url":"https:\/\/gysfm.com.ar\/inicio\/","name":"GYS NOTICIAS |","description":"DIARIO - RADIO ONLINE SAN JUAN ARGENTINA","publisher":{"@id":"https:\/\/gysfm.com.ar\/inicio\/#organization"},"potentialAction":[{"@type":"SearchAction","target":{"@type":"EntryPoint","urlTemplate":"https:\/\/gysfm.com.ar\/inicio\/?s={search_term_string}"},"query-input":{"@type":"PropertyValueSpecification","valueRequired":true,"valueName":"search_term_string"}}],"inLanguage":"es"},{"@type":"Organization","@id":"https:\/\/gysfm.com.ar\/inicio\/#organization","name":"GYS NOTICIAS |","url":"https:\/\/gysfm.com.ar\/inicio\/","logo":{"@type":"ImageObject","inLanguage":"es","@id":"https:\/\/gysfm.com.ar\/inicio\/#\/schema\/logo\/image\/","url":"https:\/\/gysfm.com.ar\/inicio\/wp-content\/uploads\/2023\/07\/LOGOGYS-OK.png","contentUrl":"https:\/\/gysfm.com.ar\/inicio\/wp-content\/uploads\/2023\/07\/LOGOGYS-OK.png","width":1170,"height":872,"caption":"GYS NOTICIAS |"},"image":{"@id":"https:\/\/gysfm.com.ar\/inicio\/#\/schema\/logo\/image\/"}},{"@type":"Person","@id":"https:\/\/gysfm.com.ar\/inicio\/#\/schema\/person\/5bedd7ecd35cc35548d89effafa23696","name":"admin","image":{"@type":"ImageObject","inLanguage":"es","@id":"https:\/\/gysfm.com.ar\/inicio\/#\/schema\/person\/image\/","url":"https:\/\/secure.gravatar.com\/avatar\/c331d312b5243fb64d5ba28108a447b27c925295129a363082c9ea52c28d32c2?s=96&d=mm&r=g","contentUrl":"https:\/\/secure.gravatar.com\/avatar\/c331d312b5243fb64d5ba28108a447b27c925295129a363082c9ea52c28d32c2?s=96&d=mm&r=g","caption":"admin"},"sameAs":["https:\/\/gysfm.com.ar\/inicio"],"url":"https:\/\/gysfm.com.ar\/inicio\/author\/admin\/"}]}},"_links":{"self":[{"href":"https:\/\/gysfm.com.ar\/inicio\/wp-json\/wp\/v2\/posts\/208832","targetHints":{"allow":["GET"]}}],"collection":[{"href":"https:\/\/gysfm.com.ar\/inicio\/wp-json\/wp\/v2\/posts"}],"about":[{"href":"https:\/\/gysfm.com.ar\/inicio\/wp-json\/wp\/v2\/types\/post"}],"author":[{"embeddable":true,"href":"https:\/\/gysfm.com.ar\/inicio\/wp-json\/wp\/v2\/users\/1"}],"replies":[{"embeddable":true,"href":"https:\/\/gysfm.com.ar\/inicio\/wp-json\/wp\/v2\/comments?post=208832"}],"version-history":[{"count":0,"href":"https:\/\/gysfm.com.ar\/inicio\/wp-json\/wp\/v2\/posts\/208832\/revisions"}],"wp:featuredmedia":[{"embeddable":true,"href":"https:\/\/gysfm.com.ar\/inicio\/wp-json\/wp\/v2\/media\/92904"}],"wp:attachment":[{"href":"https:\/\/gysfm.com.ar\/inicio\/wp-json\/wp\/v2\/media?parent=208832"}],"wp:term":[{"taxonomy":"category","embeddable":true,"href":"https:\/\/gysfm.com.ar\/inicio\/wp-json\/wp\/v2\/categories?post=208832"},{"taxonomy":"post_tag","embeddable":true,"href":"https:\/\/gysfm.com.ar\/inicio\/wp-json\/wp\/v2\/tags?post=208832"}],"curies":[{"name":"wp","href":"https:\/\/api.w.org\/{rel}","templated":true}]}}