{"id":208829,"date":"2026-08-20T15:57:08","date_gmt":"2026-08-20T18:57:08","guid":{"rendered":"https:\/\/gysfm.com.ar\/inicio\/los-interrogantes-sobre-el-regreso-del-principe-harry-y-meghan-a-gran-bretana\/"},"modified":"2026-08-20T15:57:16","modified_gmt":"2026-08-20T18:57:16","slug":"los-interrogantes-sobre-el-regreso-del-principe-harry-y-meghan-a-gran-bretana","status":"publish","type":"post","link":"https:\/\/gysfm.com.ar\/inicio\/los-interrogantes-sobre-el-regreso-del-principe-harry-y-meghan-a-gran-bretana\/","title":{"rendered":"Los interrogantes sobre el regreso del pr\u00edncipe Harry y Meghan a Gran Breta\u00f1a"},"content":{"rendered":"<p> <br \/>\n<\/p>\n<div>\n<p class=\"com-paragraph --capital --s\">LONDRES.\u2013 El <a href=\"https:\/\/www.lanacion.com.ar\/el-mundo\/el-principe-harry-y-meghan-volveran-a-vivir-en-gran-bretana-nid19082026\/\" target=\"_self\" title=\"https:\/\/www.lanacion.com.ar\/el-mundo\/el-principe-harry-y-meghan-volveran-a-vivir-en-gran-bretana-nid19082026\/\" class=\"com-link break-word\" data-mrf-recirculation=\"n_link_parrafo\"><strong>pr\u00edncipe Harry y su esposa Meghan Markle planean regresar a Gran Breta\u00f1a<\/strong><\/a><strong> con sus dos hijos, seis a\u00f1os despu\u00e9s de abandonar sus funciones como miembros de la familia real<\/strong> y mudarse a Estados Unidos, seg\u00fan informaciones publicadas por varios medios brit\u00e1nicos que sorprendieron incluso por la aparente falta de anticipaci\u00f3n al <a href=\"https:\/\/www.lanacion.com.ar\/lifestyle\/no-es-bienvenida-la-llamada-del-principe-carlos-que-impidio-a-meghan-despedir-a-isabel-ii-en-nid19082026\/\" target=\"_self\" title=\"https:\/\/www.lanacion.com.ar\/lifestyle\/no-es-bienvenida-la-llamada-del-principe-carlos-que-impidio-a-meghan-despedir-a-isabel-ii-en-nid19082026\/\" class=\"com-link break-word\" data-mrf-recirculation=\"n_link_parrafo\">rey Carlos III<\/a> del proyecto.<\/p>\n<p class=\"com-paragraph --s\">Harry (41 a\u00f1os) y Meghan (45), <strong>se instalar\u00edan en una residencia privada en Inglaterra y sus hijos Archie (7) y Lilibet (5), estar\u00edan matriculados en un colegio brit\u00e1nico para comenzar el pr\u00f3ximo curso en septiembre.<\/strong> La pareja todav\u00eda no confirm\u00f3 oficialmente la mudanza, pero las versiones coincidentes de la prensa brit\u00e1nica apuntan a que el regreso podr\u00eda concretarse en las pr\u00f3ximas semanas.<\/p>\n<p class=\"com-paragraph --s\">La decisi\u00f3n abre numerosos interrogantes sobre la <strong>seguridad de la familia<\/strong>, su <strong>relaci\u00f3n con la monarqu\u00eda<\/strong> y el lugar que Harry y Meghan ocupar\u00edan en la vida p\u00fablica brit\u00e1nica despu\u00e9s de a\u00f1os de enfrentamientos con la Casa Real y con los medios de comunicaci\u00f3n.<\/p>\n<div class=\"content-media\">\n<section role=\"button\" class=\"mod-media   \">\n<figure role=\"button\" tabindex=\"0\" class=\"mod-figure \"><figcaption class=\"mod-figcaption\"><span class=\"com-text --caption --twoxs\">El pr\u00edncipe Harry, Meghan y sus hijos regresar\u00e1n al Reino Unido <\/span><span class=\"com-text --credit --twoxs\">Agencia AFP<\/span><\/figcaption><\/figure>\n<\/section>\n<\/div>\n<p class=\"com-paragraph --s\">El regreso supone un giro importante respecto de la posici\u00f3n expresada por Harry en los \u00faltimos a\u00f1os. En una entrevista con la BBC en 2025, el pr\u00edncipe dijo que <strong>no pod\u00eda imaginar un escenario en el que pudiera llevar nuevamente a su esposa y sus hijos a Reino Unido<\/strong>, debido en particular a las preocupaciones por su seguridad.<\/p>\n<p class=\"com-paragraph --s\"><strong>\u201cEs realmente triste no poder mostrarles a mis hijos mi patria\u201d<\/strong>, hab\u00eda dicho entonces.<\/p>\n<p class=\"com-paragraph --s\">La seguridad sigue siendo uno de los principales interrogantes. <strong>Harry mantiene una disputa judicial con el Ministerio del Interior brit\u00e1nico desde que dej\u00f3 de desempe\u00f1ar funciones oficiales y perdi\u00f3 el nivel de protecci\u00f3n policial que recib\u00eda como miembro activo de la realeza<\/strong>. En 2025 perdi\u00f3 una batalla judicial para recuperar esa protecci\u00f3n financiada por el Estado.<\/p>\n<p class=\"com-paragraph --s\">El primer ministro brit\u00e1nico, <strong>Andy Burnham, evit\u00f3 este jueves pronunciarse sobre qui\u00e9n financiar\u00e1 la seguridad de los duques de Sussex <\/strong>y calific\u00f3 el asunto de<strong> \u201cprivado\u201d<\/strong>.<\/p>\n<p class=\"com-paragraph --s\"><strong>\u201cEs una cuesti\u00f3n que concierne a Harry y Meghan, y les deseamos lo mejor en los pasos que est\u00e1n dando\u201d<\/strong>, dijo Burnham durante una visita a West Yorkshire.<\/p>\n<p class=\"com-paragraph --s\">La decisi\u00f3n de instalarse nuevamente en Reino Unido tambi\u00e9n sorprende por el momento elegido. Seg\u00fan medios brit\u00e1nicos, <strong>Carlos III fue informado del proyecto reci\u00e9n el domingo<\/strong>, pese a que el pr\u00edncipe habr\u00eda estado trabajando desde hace tiempo en la posibilidad de regresar.<\/p>\n<p class=\"com-paragraph --s\">La agencia brit\u00e1nica PA report\u00f3 que el monarca celebr\u00f3 la posibilidad de ver <strong>\u201cm\u00e1s a la familia a t\u00edtulo personal, pero su estatus de simples particulares no cambiar\u00e1\u201d.<\/strong><\/p>\n<p><h2 class=\"font-primary font-w-bold text-subheading-lg text-left container-center-100 mb-8\"><span>El acercamiento con Carlos<\/span><\/h2>\n<\/p>\n<p class=\"com-paragraph --s\">El <strong>posible regreso coincide con una etapa de cierto acercamiento entre Harry y su padre<\/strong>, el rey Carlos III, de 77 a\u00f1os.<\/p>\n<p class=\"com-paragraph --s\">A principios de julio, Harry, Meghan y sus dos hijos se reunieron en privado con Carlos y la reina Camilla en Highgrove House, una residencia real situada al oeste de Londres. Fue el primer encuentro entre los ni\u00f1os y su abuelo desde 2022.<\/p>\n<div class=\"content-media\">\n<section role=\"button\" class=\"mod-media   \">\n<figure role=\"button\" tabindex=\"0\" class=\"mod-figure \"><figcaption class=\"mod-figcaption\"><span class=\"com-text --caption --twoxs\">Harry asegur\u00f3 que quieren revincularse con su padre, tras a\u00f1os de distanciamiento<\/span><span class=\"com-text --credit --twoxs\">LOIC VENANCE &#8211; AFP<\/span><\/figcaption><\/figure>\n<\/section>\n<\/div>\n<p class=\"com-paragraph --s\">Harry expres\u00f3 reiteradamente su deseo de reconciliarse con su familia. <strong>\u201cMe encantar\u00eda reconciliarme con mi familia. No tiene sentido seguir peleando\u201d<\/strong>, dijo a la BBC el a\u00f1o pasado. En esa misma entrevista manifest\u00f3 su preocupaci\u00f3n por la salud de su padre, diagnosticado con c\u00e1ncer en 2024.<\/p>\n<p class=\"com-paragraph --s\">Para el historiador especializado en la monarqu\u00eda Ed Owens, el deseo de que sus hijos crezcan en Reino Unido es uno de los principales motivos de la mudanza. <strong>\u201cQuieren que sus hijos crezcan como ciudadanos brit\u00e1nicos tanto como estadounidenses\u201d<\/strong>, afirm\u00f3.<\/p>\n<p class=\"com-paragraph --s\">Pero la reconciliaci\u00f3n familiar podr\u00eda ser parcial, ya que <strong>la relaci\u00f3n entre Harry y su hermano mayor, Guillermo, pr\u00edncipe de Gales y heredero al trono, permanece profundamente deteriorada<\/strong>.<\/p>\n<p class=\"com-paragraph --s\">El excorresponsal real de la BBC Peter Hunt dijo que <strong>el anuncio sorpresa pondr\u00eda a Guillermo \u201cfuera de s\u00ed\u201d<\/strong>.<\/p>\n<p class=\"com-paragraph --s\">\u201cA corto plazo, Harry podr\u00e1 profundizar su acercamiento con su padre. Y su presencia de vuelta en casa har\u00e1 m\u00e1s dif\u00edcil que su hermano eluda una reconciliaci\u00f3n\u201d, analiz\u00f3. <\/p>\n<p><h2 class=\"font-primary font-w-bold text-subheading-lg text-left container-center-100 mb-8\"><span>Las heridas de la ruptura<\/span><\/h2>\n<\/p>\n<p class=\"com-paragraph --s\">Harry y Meghan abandonaron sus funciones oficiales en 2020 y posteriormente se instalaron en California con el objetivo de ser financieramente independientes. Desde entonces, ambos expusieron p\u00fablicamente sus diferencias con la monarqu\u00eda.<\/p>\n<p class=\"com-paragraph --s\">La <strong>entrevista con Oprah Winfrey<\/strong>, el<strong> documental de Netflix <\/strong>y las<strong> memorias de Harry, <\/strong><em><strong>Spare <\/strong><\/em>(<em>En la sombra<\/em>), publicadas en 2023, <strong>revelaron detalles privados de la familia real y provocaron una de las mayores crisis internas <\/strong>de la monarqu\u00eda brit\u00e1nica en d\u00e9cadas.<\/p>\n<div class=\"content-media\">\n<section role=\"button\" class=\"mod-media   \">\n<figure role=\"button\" tabindex=\"0\" class=\"mod-figure \"><figcaption class=\"mod-figcaption\"><span class=\"com-text --caption --twoxs\">Las memorias de Harry, tituladas \u00abSpare\u00bb contienen fuertes acusaciones sobre varios miembros de la familia Real<\/span><span class=\"com-text --credit --twoxs\">JUSTIN TALLIS &#8211; AFP<\/span><\/figcaption><\/figure>\n<\/section>\n<\/div>\n<p class=\"com-paragraph --s\"><strong>Meghan denunci\u00f3 que hab\u00eda sufrido problemas de salud mental <\/strong>y falta de apoyo durante su permanencia en la familia real. La pareja tambi\u00e9n afirm\u00f3 que <strong>al menos un integrante de la familia hab\u00eda realizado comentarios sobre el color de piel que tendr\u00eda su hijo<\/strong> antes de su nacimiento.<\/p>\n<p class=\"com-paragraph --s\">En sus memorias, <strong>Harry describi\u00f3 adem\u00e1s una relaci\u00f3n especialmente conflictiva con Guillermo <\/strong>y <strong>afirm\u00f3 que su hermano lo hab\u00eda agredido f\u00edsicamente <\/strong>durante una discusi\u00f3n relacionada con Meghan. Tambi\u00e9n lanz\u00f3 <strong>duras cr\u00edticas contra Camilla, a quien tild\u00f3 de \u201cpeligrosa\u201d<\/strong> y acus\u00f3 de haber cultivado v\u00ednculos con la prensa para mejorar su propia imagen.<\/p>\n<p><h2 class=\"font-primary font-w-bold text-subheading-lg text-left container-center-100 mb-8\"><span>\u00bfD\u00f3nde y c\u00f3mo vivir\u00e1n?<\/span><\/h2>\n<\/p>\n<p class=\"com-paragraph --s\">Seg\u00fan las informaciones difundidas por la prensa brit\u00e1nica,<strong> Harry y Meghan ya habr\u00edan elegido una vivienda que no pertenece a la Corona<\/strong>.<\/p>\n<p class=\"com-paragraph --s\">Entre las zonas mencionadas aparece <strong>Northamptonshire<\/strong>, al norte de Londres y cerca de Althorp, la <strong>propiedad de la familia Spencer<\/strong>, a la que pertenec\u00eda la princesa Diana, madre de Harry. Otra alternativa ser\u00edan los <strong>Cotswolds<\/strong>, una <strong>regi\u00f3n rural del centro-oeste de Inglaterra muy popular entre celebridades <\/strong>y miembros de la alta sociedad.<\/p>\n<p class=\"com-paragraph --s\">La elecci\u00f3n de una residencia alejada de Londres podr\u00eda permitirles <strong>mantener un perfil bajo<\/strong> y reducir su exposici\u00f3n a los <strong>tabloides brit\u00e1nicos<\/strong>, con los que <strong>Harry mantiene una relaci\u00f3n particularmente conflictiva<\/strong>.<\/p>\n<p class=\"com-paragraph --s\">El pr\u00edncipe llev\u00f3 adelante una prolongada batalla judicial contra distintos grupos de medios. Obtuvo victorias contra los editores de <em>The Daily Mirror<\/em> y <em>The Sun<\/em> por pr\u00e1cticas ilegales de espionaje y uso de investigadores privados, aunque tambi\u00e9n sufri\u00f3 derrotas en otros procesos.<\/p>\n<div class=\"content-media\">\n<section role=\"button\" class=\"mod-media   \">\n<figure role=\"button\" tabindex=\"0\" class=\"mod-figure \"><figcaption class=\"mod-figcaption\"><span class=\"com-text --caption --twoxs\">Harry mantuvo varios procesos judiciales contra tabloides brit\u00e1nicos<\/span><span class=\"com-text --credit --twoxs\">Kin Cheung &#8211; AP<\/span><\/figcaption><\/figure>\n<\/section>\n<\/div>\n<p class=\"com-paragraph --s\">Harry y Meghan conservan apoyo entre sectores j\u00f3venes de la poblaci\u00f3n brit\u00e1nica, pero contin\u00faan siendo impopulares entre buena parte del p\u00fablico.<\/p>\n<p class=\"com-paragraph --s\"><strong>Una encuesta reciente de YouGov situ\u00f3 en 33% la proporci\u00f3n de brit\u00e1nicos con una opini\u00f3n favorable sobre Harry, mientras que Meghan obtuvo apenas 22%<\/strong>.<\/p>\n<div class=\"content-media\">\n<section role=\"button\" class=\"mod-media   \">\n<figure role=\"button\" tabindex=\"0\" class=\"mod-figure \"><figcaption class=\"mod-figcaption\"><span class=\"com-text --caption --twoxs\">Las revelaciones de la pareja en un documental en Netflix no cayeron bien en la sociedad brit\u00e1nica<\/span><span class=\"com-text --credit --twoxs\">Netflix<\/span><\/figcaption><\/figure>\n<\/section>\n<\/div>\n<p class=\"com-paragraph --s\">Otro interrogante ser\u00e1 <strong>qu\u00e9 ocurrir\u00e1 con las actividades profesionales de la pareja<\/strong>. Tras abandonar la monarqu\u00eda, Harry y Meghan firmaron acuerdos comerciales, entre ellos un lucrativo contrato con Netflix, y desarrollaron proyectos vinculados con contenidos audiovisuales, podcasts y estilo de vida.<\/p>\n<p class=\"com-paragraph --s\"><strong>Meghan tambi\u00e9n impuls\u00f3 su propia marca, As Ever, dedicada a productos como mermeladas, velas y t\u00e9<\/strong>.<\/p>\n<p class=\"com-paragraph --s\">El <em>Daily Mail<\/em>, uno de los medios m\u00e1s cr\u00edticos de los Sussex, interpret\u00f3 el <strong>posible regreso como una se\u00f1al de que los proyectos de la pareja en Estados Unidos no habr\u00edan alcanzado las expectativas iniciales<\/strong>.<\/p>\n<p class=\"com-paragraph --s\"><strong>Agencias AP y AFP y diario <\/strong><em><strong>The New York Times<\/strong><\/em><\/p>\n<section class=\"container-center-100 mb-40 border border-bottom border-thin border-neutral-light-700\">\n<hr\/>\n<\/section>\n<\/div>\n<p><script id=\"facebookpixel\" defer=\"\" type=\"text\/javascript\">\n        !function(f,b,e,v,n,t,s)\n        {if(f.fbq)return;n=f.fbq=function(){n.callMethod?\n        n.callMethod.apply(n,arguments):n.queue.push(arguments)};\n        if(!f._fbq)f._fbq=n;n.push=n;n.loaded=!0;n.version='2.0';\n        n.queue=[];t=b.createElement(e);t.async=!0;\n        t.src=v;s=b.getElementsByTagName(e)[0];\n        s.parentNode.insertBefore(t,s)}(window, document,'script',\n        'https:\/\/connect.facebook.net\/en_US\/fbevents.js');\n        fbq('init', '492459597522335');\n        fbq('track', 'PageView');\n    <\/script><br \/>\n<br \/><\/p>\n","protected":false},"excerpt":{"rendered":"<p>LONDRES.\u2013 El pr\u00edncipe Harry y su esposa Meghan Markle planean regresar a Gran Breta\u00f1a con sus dos hijos, seis a\u00f1os despu\u00e9s de abandonar sus funciones como miembros de la familia real y mudarse a Estados Unidos, seg\u00fan informaciones publicadas por varios medios brit\u00e1nicos que sorprendieron incluso por la aparente falta de anticipaci\u00f3n al rey Carlos [&hellip;]<\/p>\n","protected":false},"author":2,"featured_media":208830,"comment_status":"closed","ping_status":"closed","sticky":false,"template":"","format":"standard","meta":{"footnotes":""},"categories":[26],"tags":[],"class_list":["post-208829","post","type-post","status-publish","format-standard","has-post-thumbnail","hentry","category-internacionales"],"yoast_head":"<!-- This site is optimized with the Yoast SEO plugin v24.4 - https:\/\/yoast.com\/wordpress\/plugins\/seo\/ -->\n<title>Los interrogantes sobre el regreso del pr\u00edncipe Harry y Meghan a Gran Breta\u00f1a - GYS NOTICIAS |<\/title>\n<meta name=\"robots\" content=\"index, follow, max-snippet:-1, max-image-preview:large, max-video-preview:-1\" \/>\n<link rel=\"canonical\" href=\"https:\/\/gysfm.com.ar\/inicio\/los-interrogantes-sobre-el-regreso-del-principe-harry-y-meghan-a-gran-bretana\/\" \/>\n<meta property=\"og:locale\" content=\"es_ES\" \/>\n<meta property=\"og:type\" content=\"article\" \/>\n<meta property=\"og:title\" content=\"Los interrogantes sobre el regreso del pr\u00edncipe Harry y Meghan a Gran Breta\u00f1a - GYS NOTICIAS |\" \/>\n<meta property=\"og:description\" content=\"LONDRES.\u2013 El pr\u00edncipe Harry y su esposa Meghan Markle planean regresar a Gran Breta\u00f1a con sus dos hijos, seis a\u00f1os despu\u00e9s de abandonar sus funciones como miembros de la familia real y mudarse a Estados Unidos, seg\u00fan informaciones publicadas por varios medios brit\u00e1nicos que sorprendieron incluso por la aparente falta de anticipaci\u00f3n al rey Carlos [&hellip;]\" \/>\n<meta property=\"og:url\" content=\"https:\/\/gysfm.com.ar\/inicio\/los-interrogantes-sobre-el-regreso-del-principe-harry-y-meghan-a-gran-bretana\/\" \/>\n<meta property=\"og:site_name\" content=\"GYS NOTICIAS |\" \/>\n<meta property=\"article:published_time\" content=\"2026-08-20T18:57:08+00:00\" \/>\n<meta property=\"article:modified_time\" content=\"2026-08-20T18:57:16+00:00\" \/>\n<meta property=\"og:image\" content=\"https:\/\/gysfm.com.ar\/inicio\/wp-content\/uploads\/2026\/08\/harry-y-meghan-decidieron-volver-a-inglaterra-P4KZVM3XBRDCDID3K4C74H7WEE.JPG\" \/>\n\t<meta property=\"og:image:width\" content=\"1200\" \/>\n\t<meta property=\"og:image:height\" content=\"800\" \/>\n\t<meta property=\"og:image:type\" content=\"image\/jpeg\" \/>\n<meta name=\"author\" content=\"Prensa G&amp;S FM\" \/>\n<meta name=\"twitter:card\" content=\"summary_large_image\" \/>\n<meta name=\"twitter:label1\" content=\"Escrito por\" \/>\n\t<meta name=\"twitter:data1\" content=\"Prensa G&amp;S FM\" \/>\n\t<meta name=\"twitter:label2\" content=\"Tiempo de lectura\" \/>\n\t<meta name=\"twitter:data2\" content=\"6 minutos\" \/>\n<script type=\"application\/ld+json\" class=\"yoast-schema-graph\">{\"@context\":\"https:\/\/schema.org\",\"@graph\":[{\"@type\":\"Article\",\"@id\":\"https:\/\/gysfm.com.ar\/inicio\/los-interrogantes-sobre-el-regreso-del-principe-harry-y-meghan-a-gran-bretana\/#article\",\"isPartOf\":{\"@id\":\"https:\/\/gysfm.com.ar\/inicio\/los-interrogantes-sobre-el-regreso-del-principe-harry-y-meghan-a-gran-bretana\/\"},\"author\":{\"name\":\"Prensa G&amp;S FM\",\"@id\":\"https:\/\/gysfm.com.ar\/inicio\/#\/schema\/person\/3abba7593ef2ad19e1be221d54383dc5\"},\"headline\":\"Los interrogantes sobre el regreso del pr\u00edncipe Harry y Meghan a Gran Breta\u00f1a\",\"datePublished\":\"2026-08-20T18:57:08+00:00\",\"dateModified\":\"2026-08-20T18:57:16+00:00\",\"mainEntityOfPage\":{\"@id\":\"https:\/\/gysfm.com.ar\/inicio\/los-interrogantes-sobre-el-regreso-del-principe-harry-y-meghan-a-gran-bretana\/\"},\"wordCount\":1324,\"publisher\":{\"@id\":\"https:\/\/gysfm.com.ar\/inicio\/#organization\"},\"image\":{\"@id\":\"https:\/\/gysfm.com.ar\/inicio\/los-interrogantes-sobre-el-regreso-del-principe-harry-y-meghan-a-gran-bretana\/#primaryimage\"},\"thumbnailUrl\":\"https:\/\/gysfm.com.ar\/inicio\/wp-content\/uploads\/2026\/08\/harry-y-meghan-decidieron-volver-a-inglaterra-P4KZVM3XBRDCDID3K4C74H7WEE.JPG\",\"articleSection\":[\"INTERNACIONALES\"],\"inLanguage\":\"es\"},{\"@type\":\"WebPage\",\"@id\":\"https:\/\/gysfm.com.ar\/inicio\/los-interrogantes-sobre-el-regreso-del-principe-harry-y-meghan-a-gran-bretana\/\",\"url\":\"https:\/\/gysfm.com.ar\/inicio\/los-interrogantes-sobre-el-regreso-del-principe-harry-y-meghan-a-gran-bretana\/\",\"name\":\"Los interrogantes sobre el regreso del pr\u00edncipe Harry y Meghan a Gran Breta\u00f1a - GYS NOTICIAS |\",\"isPartOf\":{\"@id\":\"https:\/\/gysfm.com.ar\/inicio\/#website\"},\"primaryImageOfPage\":{\"@id\":\"https:\/\/gysfm.com.ar\/inicio\/los-interrogantes-sobre-el-regreso-del-principe-harry-y-meghan-a-gran-bretana\/#primaryimage\"},\"image\":{\"@id\":\"https:\/\/gysfm.com.ar\/inicio\/los-interrogantes-sobre-el-regreso-del-principe-harry-y-meghan-a-gran-bretana\/#primaryimage\"},\"thumbnailUrl\":\"https:\/\/gysfm.com.ar\/inicio\/wp-content\/uploads\/2026\/08\/harry-y-meghan-decidieron-volver-a-inglaterra-P4KZVM3XBRDCDID3K4C74H7WEE.JPG\",\"datePublished\":\"2026-08-20T18:57:08+00:00\",\"dateModified\":\"2026-08-20T18:57:16+00:00\",\"breadcrumb\":{\"@id\":\"https:\/\/gysfm.com.ar\/inicio\/los-interrogantes-sobre-el-regreso-del-principe-harry-y-meghan-a-gran-bretana\/#breadcrumb\"},\"inLanguage\":\"es\",\"potentialAction\":[{\"@type\":\"ReadAction\",\"target\":[\"https:\/\/gysfm.com.ar\/inicio\/los-interrogantes-sobre-el-regreso-del-principe-harry-y-meghan-a-gran-bretana\/\"]}]},{\"@type\":\"ImageObject\",\"inLanguage\":\"es\",\"@id\":\"https:\/\/gysfm.com.ar\/inicio\/los-interrogantes-sobre-el-regreso-del-principe-harry-y-meghan-a-gran-bretana\/#primaryimage\",\"url\":\"https:\/\/gysfm.com.ar\/inicio\/wp-content\/uploads\/2026\/08\/harry-y-meghan-decidieron-volver-a-inglaterra-P4KZVM3XBRDCDID3K4C74H7WEE.JPG\",\"contentUrl\":\"https:\/\/gysfm.com.ar\/inicio\/wp-content\/uploads\/2026\/08\/harry-y-meghan-decidieron-volver-a-inglaterra-P4KZVM3XBRDCDID3K4C74H7WEE.JPG\",\"width\":1200,\"height\":800},{\"@type\":\"BreadcrumbList\",\"@id\":\"https:\/\/gysfm.com.ar\/inicio\/los-interrogantes-sobre-el-regreso-del-principe-harry-y-meghan-a-gran-bretana\/#breadcrumb\",\"itemListElement\":[{\"@type\":\"ListItem\",\"position\":1,\"name\":\"Portada\",\"item\":\"https:\/\/gysfm.com.ar\/inicio\/\"},{\"@type\":\"ListItem\",\"position\":2,\"name\":\"Los interrogantes sobre el regreso del pr\u00edncipe Harry y Meghan a Gran Breta\u00f1a\"}]},{\"@type\":\"WebSite\",\"@id\":\"https:\/\/gysfm.com.ar\/inicio\/#website\",\"url\":\"https:\/\/gysfm.com.ar\/inicio\/\",\"name\":\"GYS NOTICIAS |\",\"description\":\"DIARIO - RADIO ONLINE SAN JUAN ARGENTINA\",\"publisher\":{\"@id\":\"https:\/\/gysfm.com.ar\/inicio\/#organization\"},\"potentialAction\":[{\"@type\":\"SearchAction\",\"target\":{\"@type\":\"EntryPoint\",\"urlTemplate\":\"https:\/\/gysfm.com.ar\/inicio\/?s={search_term_string}\"},\"query-input\":{\"@type\":\"PropertyValueSpecification\",\"valueRequired\":true,\"valueName\":\"search_term_string\"}}],\"inLanguage\":\"es\"},{\"@type\":\"Organization\",\"@id\":\"https:\/\/gysfm.com.ar\/inicio\/#organization\",\"name\":\"GYS NOTICIAS |\",\"url\":\"https:\/\/gysfm.com.ar\/inicio\/\",\"logo\":{\"@type\":\"ImageObject\",\"inLanguage\":\"es\",\"@id\":\"https:\/\/gysfm.com.ar\/inicio\/#\/schema\/logo\/image\/\",\"url\":\"https:\/\/gysfm.com.ar\/inicio\/wp-content\/uploads\/2023\/07\/LOGOGYS-OK.png\",\"contentUrl\":\"https:\/\/gysfm.com.ar\/inicio\/wp-content\/uploads\/2023\/07\/LOGOGYS-OK.png\",\"width\":1170,\"height\":872,\"caption\":\"GYS NOTICIAS |\"},\"image\":{\"@id\":\"https:\/\/gysfm.com.ar\/inicio\/#\/schema\/logo\/image\/\"}},{\"@type\":\"Person\",\"@id\":\"https:\/\/gysfm.com.ar\/inicio\/#\/schema\/person\/3abba7593ef2ad19e1be221d54383dc5\",\"name\":\"Prensa G&amp;S FM\",\"image\":{\"@type\":\"ImageObject\",\"inLanguage\":\"es\",\"@id\":\"https:\/\/gysfm.com.ar\/inicio\/#\/schema\/person\/image\/\",\"url\":\"https:\/\/secure.gravatar.com\/avatar\/096ec78df02049ab018702bb4ccedf659377fa92a26540b5247612077a0dbd29?s=96&d=mm&r=g\",\"contentUrl\":\"https:\/\/secure.gravatar.com\/avatar\/096ec78df02049ab018702bb4ccedf659377fa92a26540b5247612077a0dbd29?s=96&d=mm&r=g\",\"caption\":\"Prensa G&amp;S FM\"},\"sameAs\":[\"https:\/\/gysfm.com.ar\/\"],\"url\":\"https:\/\/gysfm.com.ar\/inicio\/author\/lucasm\/\"}]}<\/script>\n<!-- \/ Yoast SEO plugin. -->","yoast_head_json":{"title":"Los interrogantes sobre el regreso del pr\u00edncipe Harry y Meghan a Gran Breta\u00f1a - GYS NOTICIAS |","robots":{"index":"index","follow":"follow","max-snippet":"max-snippet:-1","max-image-preview":"max-image-preview:large","max-video-preview":"max-video-preview:-1"},"canonical":"https:\/\/gysfm.com.ar\/inicio\/los-interrogantes-sobre-el-regreso-del-principe-harry-y-meghan-a-gran-bretana\/","og_locale":"es_ES","og_type":"article","og_title":"Los interrogantes sobre el regreso del pr\u00edncipe Harry y Meghan a Gran Breta\u00f1a - GYS NOTICIAS |","og_description":"LONDRES.\u2013 El pr\u00edncipe Harry y su esposa Meghan Markle planean regresar a Gran Breta\u00f1a con sus dos hijos, seis a\u00f1os despu\u00e9s de abandonar sus funciones como miembros de la familia real y mudarse a Estados Unidos, seg\u00fan informaciones publicadas por varios medios brit\u00e1nicos que sorprendieron incluso por la aparente falta de anticipaci\u00f3n al rey Carlos [&hellip;]","og_url":"https:\/\/gysfm.com.ar\/inicio\/los-interrogantes-sobre-el-regreso-del-principe-harry-y-meghan-a-gran-bretana\/","og_site_name":"GYS NOTICIAS |","article_published_time":"2026-08-20T18:57:08+00:00","article_modified_time":"2026-08-20T18:57:16+00:00","og_image":[{"width":1200,"height":800,"url":"https:\/\/gysfm.com.ar\/inicio\/wp-content\/uploads\/2026\/08\/harry-y-meghan-decidieron-volver-a-inglaterra-P4KZVM3XBRDCDID3K4C74H7WEE.JPG","type":"image\/jpeg"}],"author":"Prensa G&amp;S FM","twitter_card":"summary_large_image","twitter_misc":{"Escrito por":"Prensa G&amp;S FM","Tiempo de lectura":"6 minutos"},"schema":{"@context":"https:\/\/schema.org","@graph":[{"@type":"Article","@id":"https:\/\/gysfm.com.ar\/inicio\/los-interrogantes-sobre-el-regreso-del-principe-harry-y-meghan-a-gran-bretana\/#article","isPartOf":{"@id":"https:\/\/gysfm.com.ar\/inicio\/los-interrogantes-sobre-el-regreso-del-principe-harry-y-meghan-a-gran-bretana\/"},"author":{"name":"Prensa G&amp;S FM","@id":"https:\/\/gysfm.com.ar\/inicio\/#\/schema\/person\/3abba7593ef2ad19e1be221d54383dc5"},"headline":"Los interrogantes sobre el regreso del pr\u00edncipe Harry y Meghan a Gran Breta\u00f1a","datePublished":"2026-08-20T18:57:08+00:00","dateModified":"2026-08-20T18:57:16+00:00","mainEntityOfPage":{"@id":"https:\/\/gysfm.com.ar\/inicio\/los-interrogantes-sobre-el-regreso-del-principe-harry-y-meghan-a-gran-bretana\/"},"wordCount":1324,"publisher":{"@id":"https:\/\/gysfm.com.ar\/inicio\/#organization"},"image":{"@id":"https:\/\/gysfm.com.ar\/inicio\/los-interrogantes-sobre-el-regreso-del-principe-harry-y-meghan-a-gran-bretana\/#primaryimage"},"thumbnailUrl":"https:\/\/gysfm.com.ar\/inicio\/wp-content\/uploads\/2026\/08\/harry-y-meghan-decidieron-volver-a-inglaterra-P4KZVM3XBRDCDID3K4C74H7WEE.JPG","articleSection":["INTERNACIONALES"],"inLanguage":"es"},{"@type":"WebPage","@id":"https:\/\/gysfm.com.ar\/inicio\/los-interrogantes-sobre-el-regreso-del-principe-harry-y-meghan-a-gran-bretana\/","url":"https:\/\/gysfm.com.ar\/inicio\/los-interrogantes-sobre-el-regreso-del-principe-harry-y-meghan-a-gran-bretana\/","name":"Los interrogantes sobre el regreso del pr\u00edncipe Harry y Meghan a Gran Breta\u00f1a - GYS NOTICIAS |","isPartOf":{"@id":"https:\/\/gysfm.com.ar\/inicio\/#website"},"primaryImageOfPage":{"@id":"https:\/\/gysfm.com.ar\/inicio\/los-interrogantes-sobre-el-regreso-del-principe-harry-y-meghan-a-gran-bretana\/#primaryimage"},"image":{"@id":"https:\/\/gysfm.com.ar\/inicio\/los-interrogantes-sobre-el-regreso-del-principe-harry-y-meghan-a-gran-bretana\/#primaryimage"},"thumbnailUrl":"https:\/\/gysfm.com.ar\/inicio\/wp-content\/uploads\/2026\/08\/harry-y-meghan-decidieron-volver-a-inglaterra-P4KZVM3XBRDCDID3K4C74H7WEE.JPG","datePublished":"2026-08-20T18:57:08+00:00","dateModified":"2026-08-20T18:57:16+00:00","breadcrumb":{"@id":"https:\/\/gysfm.com.ar\/inicio\/los-interrogantes-sobre-el-regreso-del-principe-harry-y-meghan-a-gran-bretana\/#breadcrumb"},"inLanguage":"es","potentialAction":[{"@type":"ReadAction","target":["https:\/\/gysfm.com.ar\/inicio\/los-interrogantes-sobre-el-regreso-del-principe-harry-y-meghan-a-gran-bretana\/"]}]},{"@type":"ImageObject","inLanguage":"es","@id":"https:\/\/gysfm.com.ar\/inicio\/los-interrogantes-sobre-el-regreso-del-principe-harry-y-meghan-a-gran-bretana\/#primaryimage","url":"https:\/\/gysfm.com.ar\/inicio\/wp-content\/uploads\/2026\/08\/harry-y-meghan-decidieron-volver-a-inglaterra-P4KZVM3XBRDCDID3K4C74H7WEE.JPG","contentUrl":"https:\/\/gysfm.com.ar\/inicio\/wp-content\/uploads\/2026\/08\/harry-y-meghan-decidieron-volver-a-inglaterra-P4KZVM3XBRDCDID3K4C74H7WEE.JPG","width":1200,"height":800},{"@type":"BreadcrumbList","@id":"https:\/\/gysfm.com.ar\/inicio\/los-interrogantes-sobre-el-regreso-del-principe-harry-y-meghan-a-gran-bretana\/#breadcrumb","itemListElement":[{"@type":"ListItem","position":1,"name":"Portada","item":"https:\/\/gysfm.com.ar\/inicio\/"},{"@type":"ListItem","position":2,"name":"Los interrogantes sobre el regreso del pr\u00edncipe Harry y Meghan a Gran Breta\u00f1a"}]},{"@type":"WebSite","@id":"https:\/\/gysfm.com.ar\/inicio\/#website","url":"https:\/\/gysfm.com.ar\/inicio\/","name":"GYS NOTICIAS |","description":"DIARIO - RADIO ONLINE SAN JUAN ARGENTINA","publisher":{"@id":"https:\/\/gysfm.com.ar\/inicio\/#organization"},"potentialAction":[{"@type":"SearchAction","target":{"@type":"EntryPoint","urlTemplate":"https:\/\/gysfm.com.ar\/inicio\/?s={search_term_string}"},"query-input":{"@type":"PropertyValueSpecification","valueRequired":true,"valueName":"search_term_string"}}],"inLanguage":"es"},{"@type":"Organization","@id":"https:\/\/gysfm.com.ar\/inicio\/#organization","name":"GYS NOTICIAS |","url":"https:\/\/gysfm.com.ar\/inicio\/","logo":{"@type":"ImageObject","inLanguage":"es","@id":"https:\/\/gysfm.com.ar\/inicio\/#\/schema\/logo\/image\/","url":"https:\/\/gysfm.com.ar\/inicio\/wp-content\/uploads\/2023\/07\/LOGOGYS-OK.png","contentUrl":"https:\/\/gysfm.com.ar\/inicio\/wp-content\/uploads\/2023\/07\/LOGOGYS-OK.png","width":1170,"height":872,"caption":"GYS NOTICIAS |"},"image":{"@id":"https:\/\/gysfm.com.ar\/inicio\/#\/schema\/logo\/image\/"}},{"@type":"Person","@id":"https:\/\/gysfm.com.ar\/inicio\/#\/schema\/person\/3abba7593ef2ad19e1be221d54383dc5","name":"Prensa G&amp;S FM","image":{"@type":"ImageObject","inLanguage":"es","@id":"https:\/\/gysfm.com.ar\/inicio\/#\/schema\/person\/image\/","url":"https:\/\/secure.gravatar.com\/avatar\/096ec78df02049ab018702bb4ccedf659377fa92a26540b5247612077a0dbd29?s=96&d=mm&r=g","contentUrl":"https:\/\/secure.gravatar.com\/avatar\/096ec78df02049ab018702bb4ccedf659377fa92a26540b5247612077a0dbd29?s=96&d=mm&r=g","caption":"Prensa G&amp;S FM"},"sameAs":["https:\/\/gysfm.com.ar\/"],"url":"https:\/\/gysfm.com.ar\/inicio\/author\/lucasm\/"}]}},"_links":{"self":[{"href":"https:\/\/gysfm.com.ar\/inicio\/wp-json\/wp\/v2\/posts\/208829","targetHints":{"allow":["GET"]}}],"collection":[{"href":"https:\/\/gysfm.com.ar\/inicio\/wp-json\/wp\/v2\/posts"}],"about":[{"href":"https:\/\/gysfm.com.ar\/inicio\/wp-json\/wp\/v2\/types\/post"}],"author":[{"embeddable":true,"href":"https:\/\/gysfm.com.ar\/inicio\/wp-json\/wp\/v2\/users\/2"}],"replies":[{"embeddable":true,"href":"https:\/\/gysfm.com.ar\/inicio\/wp-json\/wp\/v2\/comments?post=208829"}],"version-history":[{"count":1,"href":"https:\/\/gysfm.com.ar\/inicio\/wp-json\/wp\/v2\/posts\/208829\/revisions"}],"predecessor-version":[{"id":208831,"href":"https:\/\/gysfm.com.ar\/inicio\/wp-json\/wp\/v2\/posts\/208829\/revisions\/208831"}],"wp:featuredmedia":[{"embeddable":true,"href":"https:\/\/gysfm.com.ar\/inicio\/wp-json\/wp\/v2\/media\/208830"}],"wp:attachment":[{"href":"https:\/\/gysfm.com.ar\/inicio\/wp-json\/wp\/v2\/media?parent=208829"}],"wp:term":[{"taxonomy":"category","embeddable":true,"href":"https:\/\/gysfm.com.ar\/inicio\/wp-json\/wp\/v2\/categories?post=208829"},{"taxonomy":"post_tag","embeddable":true,"href":"https:\/\/gysfm.com.ar\/inicio\/wp-json\/wp\/v2\/tags?post=208829"}],"curies":[{"name":"wp","href":"https:\/\/api.w.org\/{rel}","templated":true}]}}