{"id":208828,"date":"2026-08-20T15:22:09","date_gmt":"2026-08-20T18:22:09","guid":{"rendered":"https:\/\/gysfm.com.ar\/inicio\/la-canasta-de-servicios-publicos-aumento-54-en-un-ano-y-supero-a-la-inflacion\/"},"modified":"2026-08-20T15:22:09","modified_gmt":"2026-08-20T18:22:09","slug":"la-canasta-de-servicios-publicos-aumento-54-en-un-ano-y-supero-a-la-inflacion","status":"publish","type":"post","link":"https:\/\/gysfm.com.ar\/inicio\/la-canasta-de-servicios-publicos-aumento-54-en-un-ano-y-supero-a-la-inflacion\/","title":{"rendered":"La canasta de servicios p\u00fablicos aument\u00f3 54% en un a\u00f1o y super\u00f3 a la inflaci\u00f3n"},"content":{"rendered":"<p> <br \/>\n<\/p>\n<div id=\"\">\n<p id=\"p-1787237051326-9945\">La <strong>canasta de servicios p\u00fablicos del AMBA aument\u00f3 54% interanual en agosto de 2026 y volvi\u00f3 a crecer por encima de la inflaci\u00f3n. <\/strong>El relevamiento estim\u00f3 que <strong>un hogar promedio sin subsidios necesit\u00f3 $289.622 por mes para cubrir sus consumos de energ\u00eda el\u00e9ctrica, gas natural, agua potable y transporte p\u00fablico.<\/strong><\/p>\n<\/p><\/div>\n<div id=\"\">\n<p id=\"p-1787237051326-61548\">El dato central que se desprende del Reporte de Tarifas y Subsidios #41 del Observatorio de Tarifas y Subsidios del IIEP, integrado por la UBA y el Conicet, es que <strong>el costo de los servicios subi\u00f3 20 puntos porcentuales m\u00e1s que el nivel general de precios. Mientras la canasta avanz\u00f3 54% frente a agosto de 2025, el IPC del mismo per\u00edodo fue estimado en 34%.<\/strong><\/p>\n<\/p><\/div>\n<div id=\"\">\n<p id=\"p-1787237051326-78363\"> La suba interanual se dio aun cuando en agosto la canasta tuvo una baja mensual de 2,1% respecto de julio. Esa reducci\u00f3n obedeci\u00f3 principalmente a la menor demanda estacional de electricidad y gas despu\u00e9s del pico invernal, que compens\u00f3 los incrementos tarifarios del mes.<\/p>\n<\/div>\n<div id=\"\">\n<h2 id=\"p-1787237051326-49246\">Transporte, el rubro que m\u00e1s empuj\u00f3 la suba<\/h2>\n<p id=\"p-1787237051326-15475\">El informe mostr\u00f3 que el mayor incremento interanual se registr\u00f3 en transporte, con una suba del 69% frente a agosto de 2025. Ese rubro explic\u00f3 por s\u00ed solo 27 puntos porcentuales de los 54 puntos de aumento total de la canasta.<\/p>\n<\/div>\n<div id=\"\">\n<p id=\"p-1787237051326-97442\">El peso del transporte dentro del gasto familiar tambi\u00e9n es el m\u00e1s relevante: representa el 43% de la canasta de servicios p\u00fablicos del AMBA. En agosto, el gasto mensual estimado en transporte fue de $123.726.<\/p>\n<\/div>\n<div id=\"\">\n<div contenteditable=\"false\" class=\"embed_cont type_imagen\" id=\"8214715-Libre-43852516_wrap\">\n<div id=\"8214715-Libre-43852516_content\" class=\"embed_content\"><img src=\"https:\/\/media.ambito.com\/p\/a7daedc0e7902407a69e4a9a1d8a4f0a\/adjuntos\/239\/imagenes\/043\/319\/0043319578\/730x0\/smart\/las-empresas-ersa-y-transporte-san-lorenzo-corrientes-suspendieron-goce-haberes-23-choferes-colectivos-30-dias.jpg\" decoding=\"async\" fetchpriority=\"low\" loading=\"lazy\" alt=\"Las empresas ERSA y Transporte San Lorenzo, de Corrientes, suspendieron sin goce de haberes a 23 choferes de colectivos por 30 d\u00edas.\" title=\"Las empresas ERSA y Transporte San Lorenzo, de Corrientes, suspendieron sin goce de haberes a 23 choferes de colectivos por 30 d\u00edas.\" width=\"730\" height=\"undefined\" id=\"8214715-Libre-43852516_embed\"\/><\/div>\n<div class=\"embed_wrapper-cont\" id=\"p-1787240307411-8057\">\n<div id=\"8214715-Libre-43852516_epigrafe\" class=\"embed_epigrafe\">\n<p id=\"p-1787240307412-58247\">Las empresas ERSA y Transporte San Lorenzo, de Corrientes, suspendieron sin goce de haberes a 23 choferes de colectivos por 30 d\u00edas.<\/p>\n<\/div><\/div><\/div>\n<p id=\"p-1787237051326-75327\">La din\u00e1mica del rubro respondi\u00f3 a la regla de indexaci\u00f3n del boleto en la Ciudad de Buenos Aires, a los aumentos en servicios interjurisdiccionales y a una historia reciente de tarifas m\u00e1s atrasadas frente al resto de los servicios.<\/p>\n<h2 id=\"p-1787237051326-38518\">Luz, gas y agua tambi\u00e9n subieron por encima del IPC<\/h2>\n<p id=\"p-1787237051326-37633\">Adem\u00e1s del transporte, los otros componentes de la canasta tambi\u00e9n registraron aumentos interanuales superiores a la inflaci\u00f3n estimada.<\/p>\n<p id=\"p-1787237051326-89760\">La factura de energ\u00eda el\u00e9ctrica aument\u00f3 50% en un a\u00f1o y aport\u00f3 11 puntos porcentuales al incremento total de la canasta. En agosto, la factura el\u00e9ctrica mensual para un usuario N1 del AMBA fue estimada en $61.308.<\/p>\n<div contenteditable=\"false\" class=\"embed_cont type_imagen\" id=\"8245841-Libre-247089752_wrap\">\n<div id=\"8245841-Libre-247089752_content\" class=\"embed_content\"><img src=\"https:\/\/media.ambito.com\/p\/a58473c9b765371e5fb2706dca6f6e50\/adjuntos\/239\/imagenes\/043\/483\/0043483584\/730x0\/3258x1963:3278x1983\/luz-electricidad-subsidios-tarifas-gas.jpg\" decoding=\"async\" fetchpriority=\"low\" loading=\"lazy\" alt=\"\" title=\"\" width=\"730\" height=\"undefined\" id=\"8245841-Libre-247089752_embed\"\/><\/div><\/div>\n<p id=\"p-1787237051326-23662\">El gas natural mostr\u00f3 una suba interanual de 43% y explic\u00f3 10 puntos del aumento total. La factura de gas para un usuario N1 lleg\u00f3 a $61.613 mensuales.<\/p>\n<p id=\"p-1787237051326-3486\">El agua potable fue el rubro de menor incremento relativo, aunque tambi\u00e9n avanz\u00f3 por encima del IPC. La factura sin subsidios aument\u00f3 38% interanual y aport\u00f3 6 puntos porcentuales al crecimiento de la canasta. El gasto mensual estimado fue de $42.975.<\/p>\n<h2 id=\"p-1787237051326-56883\">La canasta subi\u00f3 944% desde diciembre de 2023<\/h2>\n<p id=\"p-1787237051326-89872\">El informe tambi\u00e9n permite mirar el cambio acumulado desde el inicio de la actual gesti\u00f3n nacional. Desde diciembre de 2023 hasta agosto de 2026, la canasta de servicios p\u00fablicos del AMBA aument\u00f3 944%, mientras que el nivel general de precios habr\u00eda avanzado 249%.<\/p>\n<p id=\"p-1787237051326-60680\">La diferencia muestra el fuerte proceso de recomposici\u00f3n tarifaria aplicado sobre servicios que ven\u00edan con retrasos relativos. El mayor salto acumulado desde diciembre de 2023 se dio en gas natural, con una suba de 2.071%. Luego aparece transporte, con 1.442%; agua, con 544%; y energ\u00eda el\u00e9ctrica, con 501%.<\/p>\n<p id=\"p-1787237051326-29068\">En lo que va de 2026, la canasta acumul\u00f3 una suba de 57,9%, tambi\u00e9n por encima de la inflaci\u00f3n estimada para el per\u00edodo, que fue de 21,7%.<\/p>\n<h2 id=\"p-1787237051326-42406\">Cu\u00e1nto pesa en el salario<\/h2>\n<p id=\"p-1787237051326-69356\"><strong>El gasto en servicios p\u00fablicos representa en agosto cerca del 15% del salario promedio registrado estimado para el AMBA, calculado en $1.993.280.<\/strong> Seg\u00fan el informe, con un salario promedio se pueden comprar 6,9 canastas de servicios p\u00fablicos, frente a 8,1 canastas en agosto de 2025.<\/p>\n<p id=\"p-1787237051326-17543\">Ese deterioro muestra que el aumento de los servicios avanz\u00f3 m\u00e1s r\u00e1pido que los ingresos. Aunque la factura mensual baj\u00f3 frente a julio por razones estacionales, el peso interanual de la canasta sigue siendo m\u00e1s alto que un a\u00f1o atr\u00e1s.<\/p>\n<div contenteditable=\"false\" class=\"embed_cont type_imagen\" id=\"8139432-Libre-1278762491_wrap\">\n<div id=\"8139432-Libre-1278762491_content\" class=\"embed_content\"><img src=\"https:\/\/media.ambito.com\/p\/f914b0668ccdbfab54a4e9a0a8f54a3f\/adjuntos\/239\/imagenes\/042\/849\/0042849721\/pesos-billetes.jpg?2025-10-13-18-05-30\" decoding=\"async\" fetchpriority=\"low\" loading=\"lazy\" alt=\"\" title=\"\" width=\"692\" height=\"460\" id=\"8139432-Libre-1278762491_embed\"\/><\/div><\/div>\n<p id=\"p-1787237051326-93127\">La relaci\u00f3n con el salario es clave porque los servicios p\u00fablicos son gastos de baja flexibilidad. A diferencia de otros consumos, electricidad, gas, agua y transporte no pueden recortarse completamente y ocupan una porci\u00f3n fija del presupuesto de los hogares.<\/p>\n<h2 id=\"p-1787237051326-84409\">Los usuarios cubren 55% del costo<\/h2>\n<p id=\"p-1787237051326-24083\">El reporte del IIEP tambi\u00e9n estim\u00f3 que los hogares del AMBA pagan tarifas que, en promedio, cubren el 55% de los costos de los servicios p\u00fablicos residenciales. El Estado cubre el 45% restante a trav\u00e9s de subsidios.<\/p>\n<p id=\"p-1787237051326-22178\">La cobertura es dispar seg\u00fan el servicio. En agosto continuaron las bonificaciones adicionales sobre el precio mayorista del gas y de la electricidad para usuarios subsidiados. En el caso del gas, las bonificaciones totales llegan al 75% sobre el bloque base subsidiado; en electricidad, alcanzan el 66,6%.<\/p>\n<p id=\"p-1787237051326-38562\">La combinaci\u00f3n de tarifas m\u00e1s altas, subsidios focalizados y menor consumo estacional explica la foto de agosto. En t\u00e9rminos mensuales, la canasta baj\u00f3 2,1%. Pero en la comparaci\u00f3n anual, el gasto en servicios p\u00fablicos creci\u00f3 54%, con el transporte como principal impulsor y todos los componentes por encima del IPC.<\/p>\n<\/p><\/div>\n<p><script>\n!function(f,b,e,v,n,t,s)\n{if(f.fbq)return;n=f.fbq=function(){n.callMethod?\nn.callMethod.apply(n,arguments):n.queue.push(arguments)};\nif(!f._fbq)f._fbq=n;n.push=n;n.loaded=!0;n.version='2.0';\nn.queue=[];t=b.createElement(e);t.async=!0;\nt.src=v;s=b.getElementsByTagName(e)[0];\ns.parentNode.insertBefore(t,s)}(window,document,'script',\n'https:\/\/connect.facebook.net\/en_US\/fbevents.js');\nfbq('init', '2047048335588113');\nfbq('track', 'PageView');\n<\/script><br \/>\n<br \/><\/p>\n","protected":false},"excerpt":{"rendered":"<p>La canasta de servicios p\u00fablicos del AMBA aument\u00f3 54% interanual en agosto de 2026 y volvi\u00f3 a crecer por encima de la inflaci\u00f3n. El relevamiento estim\u00f3 que un hogar promedio sin subsidios necesit\u00f3 $289.622 por mes para cubrir sus consumos de energ\u00eda el\u00e9ctrica, gas natural, agua potable y transporte p\u00fablico. El dato central que se [&hellip;]<\/p>\n","protected":false},"author":1,"featured_media":115297,"comment_status":"closed","ping_status":"closed","sticky":false,"template":"","format":"standard","meta":{"footnotes":""},"categories":[28],"tags":[],"class_list":["post-208828","post","type-post","status-publish","format-standard","has-post-thumbnail","hentry","category-economia"],"yoast_head":"<!-- This site is optimized with the Yoast SEO plugin v24.4 - https:\/\/yoast.com\/wordpress\/plugins\/seo\/ -->\n<title>La canasta de servicios p\u00fablicos aument\u00f3 54% en un a\u00f1o y super\u00f3 a la inflaci\u00f3n - GYS NOTICIAS |<\/title>\n<meta name=\"robots\" content=\"index, follow, max-snippet:-1, max-image-preview:large, max-video-preview:-1\" \/>\n<link rel=\"canonical\" href=\"https:\/\/gysfm.com.ar\/inicio\/la-canasta-de-servicios-publicos-aumento-54-en-un-ano-y-supero-a-la-inflacion\/\" \/>\n<meta property=\"og:locale\" content=\"es_ES\" \/>\n<meta property=\"og:type\" content=\"article\" \/>\n<meta property=\"og:title\" content=\"La canasta de servicios p\u00fablicos aument\u00f3 54% en un a\u00f1o y super\u00f3 a la inflaci\u00f3n - GYS NOTICIAS |\" \/>\n<meta property=\"og:description\" content=\"La canasta de servicios p\u00fablicos del AMBA aument\u00f3 54% interanual en agosto de 2026 y volvi\u00f3 a crecer por encima de la inflaci\u00f3n. El relevamiento estim\u00f3 que un hogar promedio sin subsidios necesit\u00f3 $289.622 por mes para cubrir sus consumos de energ\u00eda el\u00e9ctrica, gas natural, agua potable y transporte p\u00fablico. El dato central que se [&hellip;]\" \/>\n<meta property=\"og:url\" content=\"https:\/\/gysfm.com.ar\/inicio\/la-canasta-de-servicios-publicos-aumento-54-en-un-ano-y-supero-a-la-inflacion\/\" \/>\n<meta property=\"og:site_name\" content=\"GYS NOTICIAS |\" \/>\n<meta property=\"article:published_time\" content=\"2026-08-20T18:22:09+00:00\" \/>\n<meta property=\"og:image\" content=\"https:\/\/media.ambito.com\/p\/a7daedc0e7902407a69e4a9a1d8a4f0a\/adjuntos\/239\/imagenes\/043\/319\/0043319578\/730x0\/smart\/las-empresas-ersa-y-transporte-san-lorenzo-corrientes-suspendieron-goce-haberes-23-choferes-colectivos-30-dias.jpg\" \/>\n<meta name=\"author\" content=\"admin\" \/>\n<meta name=\"twitter:card\" content=\"summary_large_image\" \/>\n<meta name=\"twitter:label1\" content=\"Escrito por\" \/>\n\t<meta name=\"twitter:data1\" content=\"admin\" \/>\n\t<meta name=\"twitter:label2\" content=\"Tiempo de lectura\" \/>\n\t<meta name=\"twitter:data2\" content=\"4 minutos\" \/>\n<script type=\"application\/ld+json\" class=\"yoast-schema-graph\">{\"@context\":\"https:\/\/schema.org\",\"@graph\":[{\"@type\":\"Article\",\"@id\":\"https:\/\/gysfm.com.ar\/inicio\/la-canasta-de-servicios-publicos-aumento-54-en-un-ano-y-supero-a-la-inflacion\/#article\",\"isPartOf\":{\"@id\":\"https:\/\/gysfm.com.ar\/inicio\/la-canasta-de-servicios-publicos-aumento-54-en-un-ano-y-supero-a-la-inflacion\/\"},\"author\":{\"name\":\"admin\",\"@id\":\"https:\/\/gysfm.com.ar\/inicio\/#\/schema\/person\/5bedd7ecd35cc35548d89effafa23696\"},\"headline\":\"La canasta de servicios p\u00fablicos aument\u00f3 54% en un a\u00f1o y super\u00f3 a la inflaci\u00f3n\",\"datePublished\":\"2026-08-20T18:22:09+00:00\",\"mainEntityOfPage\":{\"@id\":\"https:\/\/gysfm.com.ar\/inicio\/la-canasta-de-servicios-publicos-aumento-54-en-un-ano-y-supero-a-la-inflacion\/\"},\"wordCount\":859,\"publisher\":{\"@id\":\"https:\/\/gysfm.com.ar\/inicio\/#organization\"},\"image\":{\"@id\":\"https:\/\/gysfm.com.ar\/inicio\/la-canasta-de-servicios-publicos-aumento-54-en-un-ano-y-supero-a-la-inflacion\/#primaryimage\"},\"thumbnailUrl\":\"https:\/\/gysfm.com.ar\/inicio\/wp-content\/uploads\/2025\/04\/servicios-publicos-agua-luz-gas-transportepng.png\",\"articleSection\":[\"ECONOMIA\"],\"inLanguage\":\"es\"},{\"@type\":\"WebPage\",\"@id\":\"https:\/\/gysfm.com.ar\/inicio\/la-canasta-de-servicios-publicos-aumento-54-en-un-ano-y-supero-a-la-inflacion\/\",\"url\":\"https:\/\/gysfm.com.ar\/inicio\/la-canasta-de-servicios-publicos-aumento-54-en-un-ano-y-supero-a-la-inflacion\/\",\"name\":\"La canasta de servicios p\u00fablicos aument\u00f3 54% en un a\u00f1o y super\u00f3 a la inflaci\u00f3n - GYS NOTICIAS |\",\"isPartOf\":{\"@id\":\"https:\/\/gysfm.com.ar\/inicio\/#website\"},\"primaryImageOfPage\":{\"@id\":\"https:\/\/gysfm.com.ar\/inicio\/la-canasta-de-servicios-publicos-aumento-54-en-un-ano-y-supero-a-la-inflacion\/#primaryimage\"},\"image\":{\"@id\":\"https:\/\/gysfm.com.ar\/inicio\/la-canasta-de-servicios-publicos-aumento-54-en-un-ano-y-supero-a-la-inflacion\/#primaryimage\"},\"thumbnailUrl\":\"https:\/\/gysfm.com.ar\/inicio\/wp-content\/uploads\/2025\/04\/servicios-publicos-agua-luz-gas-transportepng.png\",\"datePublished\":\"2026-08-20T18:22:09+00:00\",\"breadcrumb\":{\"@id\":\"https:\/\/gysfm.com.ar\/inicio\/la-canasta-de-servicios-publicos-aumento-54-en-un-ano-y-supero-a-la-inflacion\/#breadcrumb\"},\"inLanguage\":\"es\",\"potentialAction\":[{\"@type\":\"ReadAction\",\"target\":[\"https:\/\/gysfm.com.ar\/inicio\/la-canasta-de-servicios-publicos-aumento-54-en-un-ano-y-supero-a-la-inflacion\/\"]}]},{\"@type\":\"ImageObject\",\"inLanguage\":\"es\",\"@id\":\"https:\/\/gysfm.com.ar\/inicio\/la-canasta-de-servicios-publicos-aumento-54-en-un-ano-y-supero-a-la-inflacion\/#primaryimage\",\"url\":\"https:\/\/gysfm.com.ar\/inicio\/wp-content\/uploads\/2025\/04\/servicios-publicos-agua-luz-gas-transportepng.png\",\"contentUrl\":\"https:\/\/gysfm.com.ar\/inicio\/wp-content\/uploads\/2025\/04\/servicios-publicos-agua-luz-gas-transportepng.png\",\"width\":1200,\"height\":675},{\"@type\":\"BreadcrumbList\",\"@id\":\"https:\/\/gysfm.com.ar\/inicio\/la-canasta-de-servicios-publicos-aumento-54-en-un-ano-y-supero-a-la-inflacion\/#breadcrumb\",\"itemListElement\":[{\"@type\":\"ListItem\",\"position\":1,\"name\":\"Portada\",\"item\":\"https:\/\/gysfm.com.ar\/inicio\/\"},{\"@type\":\"ListItem\",\"position\":2,\"name\":\"La canasta de servicios p\u00fablicos aument\u00f3 54% en un a\u00f1o y super\u00f3 a la inflaci\u00f3n\"}]},{\"@type\":\"WebSite\",\"@id\":\"https:\/\/gysfm.com.ar\/inicio\/#website\",\"url\":\"https:\/\/gysfm.com.ar\/inicio\/\",\"name\":\"GYS NOTICIAS |\",\"description\":\"DIARIO - RADIO ONLINE SAN JUAN ARGENTINA\",\"publisher\":{\"@id\":\"https:\/\/gysfm.com.ar\/inicio\/#organization\"},\"potentialAction\":[{\"@type\":\"SearchAction\",\"target\":{\"@type\":\"EntryPoint\",\"urlTemplate\":\"https:\/\/gysfm.com.ar\/inicio\/?s={search_term_string}\"},\"query-input\":{\"@type\":\"PropertyValueSpecification\",\"valueRequired\":true,\"valueName\":\"search_term_string\"}}],\"inLanguage\":\"es\"},{\"@type\":\"Organization\",\"@id\":\"https:\/\/gysfm.com.ar\/inicio\/#organization\",\"name\":\"GYS NOTICIAS |\",\"url\":\"https:\/\/gysfm.com.ar\/inicio\/\",\"logo\":{\"@type\":\"ImageObject\",\"inLanguage\":\"es\",\"@id\":\"https:\/\/gysfm.com.ar\/inicio\/#\/schema\/logo\/image\/\",\"url\":\"https:\/\/gysfm.com.ar\/inicio\/wp-content\/uploads\/2023\/07\/LOGOGYS-OK.png\",\"contentUrl\":\"https:\/\/gysfm.com.ar\/inicio\/wp-content\/uploads\/2023\/07\/LOGOGYS-OK.png\",\"width\":1170,\"height\":872,\"caption\":\"GYS NOTICIAS |\"},\"image\":{\"@id\":\"https:\/\/gysfm.com.ar\/inicio\/#\/schema\/logo\/image\/\"}},{\"@type\":\"Person\",\"@id\":\"https:\/\/gysfm.com.ar\/inicio\/#\/schema\/person\/5bedd7ecd35cc35548d89effafa23696\",\"name\":\"admin\",\"image\":{\"@type\":\"ImageObject\",\"inLanguage\":\"es\",\"@id\":\"https:\/\/gysfm.com.ar\/inicio\/#\/schema\/person\/image\/\",\"url\":\"https:\/\/secure.gravatar.com\/avatar\/c331d312b5243fb64d5ba28108a447b27c925295129a363082c9ea52c28d32c2?s=96&d=mm&r=g\",\"contentUrl\":\"https:\/\/secure.gravatar.com\/avatar\/c331d312b5243fb64d5ba28108a447b27c925295129a363082c9ea52c28d32c2?s=96&d=mm&r=g\",\"caption\":\"admin\"},\"sameAs\":[\"https:\/\/gysfm.com.ar\/inicio\"],\"url\":\"https:\/\/gysfm.com.ar\/inicio\/author\/admin\/\"}]}<\/script>\n<!-- \/ Yoast SEO plugin. -->","yoast_head_json":{"title":"La canasta de servicios p\u00fablicos aument\u00f3 54% en un a\u00f1o y super\u00f3 a la inflaci\u00f3n - GYS NOTICIAS |","robots":{"index":"index","follow":"follow","max-snippet":"max-snippet:-1","max-image-preview":"max-image-preview:large","max-video-preview":"max-video-preview:-1"},"canonical":"https:\/\/gysfm.com.ar\/inicio\/la-canasta-de-servicios-publicos-aumento-54-en-un-ano-y-supero-a-la-inflacion\/","og_locale":"es_ES","og_type":"article","og_title":"La canasta de servicios p\u00fablicos aument\u00f3 54% en un a\u00f1o y super\u00f3 a la inflaci\u00f3n - GYS NOTICIAS |","og_description":"La canasta de servicios p\u00fablicos del AMBA aument\u00f3 54% interanual en agosto de 2026 y volvi\u00f3 a crecer por encima de la inflaci\u00f3n. El relevamiento estim\u00f3 que un hogar promedio sin subsidios necesit\u00f3 $289.622 por mes para cubrir sus consumos de energ\u00eda el\u00e9ctrica, gas natural, agua potable y transporte p\u00fablico. El dato central que se [&hellip;]","og_url":"https:\/\/gysfm.com.ar\/inicio\/la-canasta-de-servicios-publicos-aumento-54-en-un-ano-y-supero-a-la-inflacion\/","og_site_name":"GYS NOTICIAS |","article_published_time":"2026-08-20T18:22:09+00:00","og_image":[{"url":"https:\/\/media.ambito.com\/p\/a7daedc0e7902407a69e4a9a1d8a4f0a\/adjuntos\/239\/imagenes\/043\/319\/0043319578\/730x0\/smart\/las-empresas-ersa-y-transporte-san-lorenzo-corrientes-suspendieron-goce-haberes-23-choferes-colectivos-30-dias.jpg","type":"","width":"","height":""}],"author":"admin","twitter_card":"summary_large_image","twitter_misc":{"Escrito por":"admin","Tiempo de lectura":"4 minutos"},"schema":{"@context":"https:\/\/schema.org","@graph":[{"@type":"Article","@id":"https:\/\/gysfm.com.ar\/inicio\/la-canasta-de-servicios-publicos-aumento-54-en-un-ano-y-supero-a-la-inflacion\/#article","isPartOf":{"@id":"https:\/\/gysfm.com.ar\/inicio\/la-canasta-de-servicios-publicos-aumento-54-en-un-ano-y-supero-a-la-inflacion\/"},"author":{"name":"admin","@id":"https:\/\/gysfm.com.ar\/inicio\/#\/schema\/person\/5bedd7ecd35cc35548d89effafa23696"},"headline":"La canasta de servicios p\u00fablicos aument\u00f3 54% en un a\u00f1o y super\u00f3 a la inflaci\u00f3n","datePublished":"2026-08-20T18:22:09+00:00","mainEntityOfPage":{"@id":"https:\/\/gysfm.com.ar\/inicio\/la-canasta-de-servicios-publicos-aumento-54-en-un-ano-y-supero-a-la-inflacion\/"},"wordCount":859,"publisher":{"@id":"https:\/\/gysfm.com.ar\/inicio\/#organization"},"image":{"@id":"https:\/\/gysfm.com.ar\/inicio\/la-canasta-de-servicios-publicos-aumento-54-en-un-ano-y-supero-a-la-inflacion\/#primaryimage"},"thumbnailUrl":"https:\/\/gysfm.com.ar\/inicio\/wp-content\/uploads\/2025\/04\/servicios-publicos-agua-luz-gas-transportepng.png","articleSection":["ECONOMIA"],"inLanguage":"es"},{"@type":"WebPage","@id":"https:\/\/gysfm.com.ar\/inicio\/la-canasta-de-servicios-publicos-aumento-54-en-un-ano-y-supero-a-la-inflacion\/","url":"https:\/\/gysfm.com.ar\/inicio\/la-canasta-de-servicios-publicos-aumento-54-en-un-ano-y-supero-a-la-inflacion\/","name":"La canasta de servicios p\u00fablicos aument\u00f3 54% en un a\u00f1o y super\u00f3 a la inflaci\u00f3n - GYS NOTICIAS |","isPartOf":{"@id":"https:\/\/gysfm.com.ar\/inicio\/#website"},"primaryImageOfPage":{"@id":"https:\/\/gysfm.com.ar\/inicio\/la-canasta-de-servicios-publicos-aumento-54-en-un-ano-y-supero-a-la-inflacion\/#primaryimage"},"image":{"@id":"https:\/\/gysfm.com.ar\/inicio\/la-canasta-de-servicios-publicos-aumento-54-en-un-ano-y-supero-a-la-inflacion\/#primaryimage"},"thumbnailUrl":"https:\/\/gysfm.com.ar\/inicio\/wp-content\/uploads\/2025\/04\/servicios-publicos-agua-luz-gas-transportepng.png","datePublished":"2026-08-20T18:22:09+00:00","breadcrumb":{"@id":"https:\/\/gysfm.com.ar\/inicio\/la-canasta-de-servicios-publicos-aumento-54-en-un-ano-y-supero-a-la-inflacion\/#breadcrumb"},"inLanguage":"es","potentialAction":[{"@type":"ReadAction","target":["https:\/\/gysfm.com.ar\/inicio\/la-canasta-de-servicios-publicos-aumento-54-en-un-ano-y-supero-a-la-inflacion\/"]}]},{"@type":"ImageObject","inLanguage":"es","@id":"https:\/\/gysfm.com.ar\/inicio\/la-canasta-de-servicios-publicos-aumento-54-en-un-ano-y-supero-a-la-inflacion\/#primaryimage","url":"https:\/\/gysfm.com.ar\/inicio\/wp-content\/uploads\/2025\/04\/servicios-publicos-agua-luz-gas-transportepng.png","contentUrl":"https:\/\/gysfm.com.ar\/inicio\/wp-content\/uploads\/2025\/04\/servicios-publicos-agua-luz-gas-transportepng.png","width":1200,"height":675},{"@type":"BreadcrumbList","@id":"https:\/\/gysfm.com.ar\/inicio\/la-canasta-de-servicios-publicos-aumento-54-en-un-ano-y-supero-a-la-inflacion\/#breadcrumb","itemListElement":[{"@type":"ListItem","position":1,"name":"Portada","item":"https:\/\/gysfm.com.ar\/inicio\/"},{"@type":"ListItem","position":2,"name":"La canasta de servicios p\u00fablicos aument\u00f3 54% en un a\u00f1o y super\u00f3 a la inflaci\u00f3n"}]},{"@type":"WebSite","@id":"https:\/\/gysfm.com.ar\/inicio\/#website","url":"https:\/\/gysfm.com.ar\/inicio\/","name":"GYS NOTICIAS |","description":"DIARIO - RADIO ONLINE SAN JUAN ARGENTINA","publisher":{"@id":"https:\/\/gysfm.com.ar\/inicio\/#organization"},"potentialAction":[{"@type":"SearchAction","target":{"@type":"EntryPoint","urlTemplate":"https:\/\/gysfm.com.ar\/inicio\/?s={search_term_string}"},"query-input":{"@type":"PropertyValueSpecification","valueRequired":true,"valueName":"search_term_string"}}],"inLanguage":"es"},{"@type":"Organization","@id":"https:\/\/gysfm.com.ar\/inicio\/#organization","name":"GYS NOTICIAS |","url":"https:\/\/gysfm.com.ar\/inicio\/","logo":{"@type":"ImageObject","inLanguage":"es","@id":"https:\/\/gysfm.com.ar\/inicio\/#\/schema\/logo\/image\/","url":"https:\/\/gysfm.com.ar\/inicio\/wp-content\/uploads\/2023\/07\/LOGOGYS-OK.png","contentUrl":"https:\/\/gysfm.com.ar\/inicio\/wp-content\/uploads\/2023\/07\/LOGOGYS-OK.png","width":1170,"height":872,"caption":"GYS NOTICIAS |"},"image":{"@id":"https:\/\/gysfm.com.ar\/inicio\/#\/schema\/logo\/image\/"}},{"@type":"Person","@id":"https:\/\/gysfm.com.ar\/inicio\/#\/schema\/person\/5bedd7ecd35cc35548d89effafa23696","name":"admin","image":{"@type":"ImageObject","inLanguage":"es","@id":"https:\/\/gysfm.com.ar\/inicio\/#\/schema\/person\/image\/","url":"https:\/\/secure.gravatar.com\/avatar\/c331d312b5243fb64d5ba28108a447b27c925295129a363082c9ea52c28d32c2?s=96&d=mm&r=g","contentUrl":"https:\/\/secure.gravatar.com\/avatar\/c331d312b5243fb64d5ba28108a447b27c925295129a363082c9ea52c28d32c2?s=96&d=mm&r=g","caption":"admin"},"sameAs":["https:\/\/gysfm.com.ar\/inicio"],"url":"https:\/\/gysfm.com.ar\/inicio\/author\/admin\/"}]}},"_links":{"self":[{"href":"https:\/\/gysfm.com.ar\/inicio\/wp-json\/wp\/v2\/posts\/208828","targetHints":{"allow":["GET"]}}],"collection":[{"href":"https:\/\/gysfm.com.ar\/inicio\/wp-json\/wp\/v2\/posts"}],"about":[{"href":"https:\/\/gysfm.com.ar\/inicio\/wp-json\/wp\/v2\/types\/post"}],"author":[{"embeddable":true,"href":"https:\/\/gysfm.com.ar\/inicio\/wp-json\/wp\/v2\/users\/1"}],"replies":[{"embeddable":true,"href":"https:\/\/gysfm.com.ar\/inicio\/wp-json\/wp\/v2\/comments?post=208828"}],"version-history":[{"count":0,"href":"https:\/\/gysfm.com.ar\/inicio\/wp-json\/wp\/v2\/posts\/208828\/revisions"}],"wp:featuredmedia":[{"embeddable":true,"href":"https:\/\/gysfm.com.ar\/inicio\/wp-json\/wp\/v2\/media\/115297"}],"wp:attachment":[{"href":"https:\/\/gysfm.com.ar\/inicio\/wp-json\/wp\/v2\/media?parent=208828"}],"wp:term":[{"taxonomy":"category","embeddable":true,"href":"https:\/\/gysfm.com.ar\/inicio\/wp-json\/wp\/v2\/categories?post=208828"},{"taxonomy":"post_tag","embeddable":true,"href":"https:\/\/gysfm.com.ar\/inicio\/wp-json\/wp\/v2\/tags?post=208828"}],"curies":[{"name":"wp","href":"https:\/\/api.w.org\/{rel}","templated":true}]}}