{"id":208823,"date":"2026-08-20T14:56:11","date_gmt":"2026-08-20T17:56:11","guid":{"rendered":"https:\/\/gysfm.com.ar\/inicio\/la-inedita-medida-del-alcalde-de-una-ciudad-italiana-tras-ser-atropellado-por-una-bicicleta\/"},"modified":"2026-08-20T14:56:19","modified_gmt":"2026-08-20T17:56:19","slug":"la-inedita-medida-del-alcalde-de-una-ciudad-italiana-tras-ser-atropellado-por-una-bicicleta","status":"publish","type":"post","link":"https:\/\/gysfm.com.ar\/inicio\/la-inedita-medida-del-alcalde-de-una-ciudad-italiana-tras-ser-atropellado-por-una-bicicleta\/","title":{"rendered":"La in\u00e9dita medida del alcalde de una ciudad italiana tras ser atropellado por una bicicleta"},"content":{"rendered":"<p> <br \/>\n<\/p>\n<div>\n<p class=\"com-paragraph --capital --s text-left\">ROMA.- En una in\u00e9dita medida, el alcalde de la ciudad italiana de Como, Alejandro Rapinese, anunci\u00f3 que prohibir\u00e1 la <strong>circulaci\u00f3n de bicicletas<\/strong> en el<strong> casco hist\u00f3rico <\/strong>de la localidad, luego de haber sido atropellado por una de ellas. La iniciativa desat\u00f3 una <strong>ola de cr\u00edticas entre los vecinos y parte del arco pol\u00edtico, <\/strong>que tild\u00f3 la decisi\u00f3n de arbitraria al atribuirla a una cuesti\u00f3n personal. <\/p>\n<p class=\"com-paragraph --s\">Seg\u00fan precisaron medios locales, la prohibici\u00f3n impulsada por Rapinese compreder\u00e1 tanto a bicicletas el\u00e9ctricas como convencionales, entrar\u00e1 en vigencia a partir de septiembre y afectar\u00e1 alrededor de unas 30 calles que conforman el casco hist\u00f3rico de Como. <\/p>\n<p class=\"com-paragraph --s\">A partir de entonces, los ciclistas deber\u00e1n bajarse de sus bicicletas y caminar por las calles restringidas. La medida, que golpear\u00e1 tambi\u00e9n a repartidores, suscit\u00f3 todo tipo de cuestionamientos e incluso deriv\u00f3 en una petici\u00f3n por parte de un grupo de activistas para lograr que Rapinese de marcha atr\u00e1s con la iniciativa. <\/p>\n<div class=\"content-media\">\n<section role=\"button\" class=\"mod-media   \">\n<figure role=\"button\" tabindex=\"0\" class=\"mod-figure \"><figcaption class=\"mod-figcaption\"><span class=\"com-text --caption --twoxs\">El alcalde de Como proh\u00edbe las bicicletas en el centro de la ciudad tras ser atropellado<\/span><span class=\"com-text --credit --twoxs\">MNStudio<\/span><\/figcaption><\/figure>\n<\/section>\n<\/div>\n<p class=\"com-paragraph --s\">En ese sentido, Vincenzo Falanga, presidente de Nova Como, un grupo c\u00edvico local que impuls\u00f3 una protesta en bicicleta apunt\u00f3 contra el gobierno local al que acus\u00f3 de \u201cconvertir problemas individuales en problemas colectivos\u201d, seg\u00fan public\u00f3 The Guardian. <\/p>\n<p class=\"com-paragraph --s\">Pero los cuestionamientos se replican entre partidos como <strong>Hermanos de Italia, la Liga, Giro C\u00edvico, Forza Italia, y el Dem\u00f3crata, quienes llegaron a calificar como \u201cuna locura\u201d la nueva implementaci\u00f3n. <\/strong><\/p>\n<p class=\"com-paragraph --s\">Sin embargo, lejos de dar el brazo a torcer Rapinese ratific\u00f3 su postura. \u201cMe han acusado de adoptar esta medida porque me atropell\u00f3 una bicicleta el\u00e9ctrica; sin duda, es cierto. La gente act\u00faa bas\u00e1ndose en sus propias experiencias y yo s\u00e9 lo que se siente al ser atropellado por una de estas bestias\u201d, expres\u00f3 el mandatario local en di\u00e1logo con la agencia Ansa. <\/p>\n<p class=\"com-paragraph --s\">Y tras ello justific\u00f3: \u201cEn otras ciudades, un ni\u00f1o termina en el hospital y entonces los pol\u00edticos toman medidas. Aqu\u00ed, ni siquiera termin\u00e9 as\u00ed. Me atropell\u00f3 una bicicleta, reun\u00ed informaci\u00f3n y de ah\u00ed surgi\u00f3 esta medida\u201d. <\/p>\n<p class=\"com-paragraph --s\">El accidente de Rapinete ocurri\u00f3 en junio pasado cuando el alcalde sal\u00eda del ayuntamiento y una bicicleta lo embisti\u00f3, si bien al momento se desconoce al culpable. Seg\u00fan se precis\u00f3 el jefe local se hab\u00eda reunido ese mismo d\u00eda con parte de su gabinete para discutir una medida para lograr controlar el tr\u00e1fico en el centro de la ciudad. <\/p>\n<section class=\"container-center-100 mb-40 border border-bottom border-thin border-neutral-light-700\">\n<hr\/>\n<\/section>\n<\/div>\n<p><script id=\"facebookpixel\" defer=\"\" type=\"text\/javascript\">\n        !function(f,b,e,v,n,t,s)\n        {if(f.fbq)return;n=f.fbq=function(){n.callMethod?\n        n.callMethod.apply(n,arguments):n.queue.push(arguments)};\n        if(!f._fbq)f._fbq=n;n.push=n;n.loaded=!0;n.version='2.0';\n        n.queue=[];t=b.createElement(e);t.async=!0;\n        t.src=v;s=b.getElementsByTagName(e)[0];\n        s.parentNode.insertBefore(t,s)}(window, document,'script',\n        'https:\/\/connect.facebook.net\/en_US\/fbevents.js');\n        fbq('init', '492459597522335');\n        fbq('track', 'PageView');\n    <\/script><br \/>\n<br \/><\/p>\n","protected":false},"excerpt":{"rendered":"<p>ROMA.- En una in\u00e9dita medida, el alcalde de la ciudad italiana de Como, Alejandro Rapinese, anunci\u00f3 que prohibir\u00e1 la circulaci\u00f3n de bicicletas en el casco hist\u00f3rico de la localidad, luego de haber sido atropellado por una de ellas. La iniciativa desat\u00f3 una ola de cr\u00edticas entre los vecinos y parte del arco pol\u00edtico, que tild\u00f3 [&hellip;]<\/p>\n","protected":false},"author":2,"featured_media":208824,"comment_status":"closed","ping_status":"closed","sticky":false,"template":"","format":"standard","meta":{"footnotes":""},"categories":[26],"tags":[],"class_list":["post-208823","post","type-post","status-publish","format-standard","has-post-thumbnail","hentry","category-internacionales"],"yoast_head":"<!-- This site is optimized with the Yoast SEO plugin v24.4 - https:\/\/yoast.com\/wordpress\/plugins\/seo\/ -->\n<title>La in\u00e9dita medida del alcalde de una ciudad italiana tras ser atropellado por una bicicleta - GYS NOTICIAS |<\/title>\n<meta name=\"robots\" content=\"index, follow, max-snippet:-1, max-image-preview:large, max-video-preview:-1\" \/>\n<link rel=\"canonical\" href=\"https:\/\/gysfm.com.ar\/inicio\/la-inedita-medida-del-alcalde-de-una-ciudad-italiana-tras-ser-atropellado-por-una-bicicleta\/\" \/>\n<meta property=\"og:locale\" content=\"es_ES\" \/>\n<meta property=\"og:type\" content=\"article\" \/>\n<meta property=\"og:title\" content=\"La in\u00e9dita medida del alcalde de una ciudad italiana tras ser atropellado por una bicicleta - GYS NOTICIAS |\" \/>\n<meta property=\"og:description\" content=\"ROMA.- En una in\u00e9dita medida, el alcalde de la ciudad italiana de Como, Alejandro Rapinese, anunci\u00f3 que prohibir\u00e1 la circulaci\u00f3n de bicicletas en el casco hist\u00f3rico de la localidad, luego de haber sido atropellado por una de ellas. La iniciativa desat\u00f3 una ola de cr\u00edticas entre los vecinos y parte del arco pol\u00edtico, que tild\u00f3 [&hellip;]\" \/>\n<meta property=\"og:url\" content=\"https:\/\/gysfm.com.ar\/inicio\/la-inedita-medida-del-alcalde-de-una-ciudad-italiana-tras-ser-atropellado-por-una-bicicleta\/\" \/>\n<meta property=\"og:site_name\" content=\"GYS NOTICIAS |\" \/>\n<meta property=\"article:published_time\" content=\"2026-08-20T17:56:11+00:00\" \/>\n<meta property=\"article:modified_time\" content=\"2026-08-20T17:56:19+00:00\" \/>\n<meta property=\"og:image\" content=\"https:\/\/gysfm.com.ar\/inicio\/wp-content\/uploads\/2026\/08\/el-alcalde-de-como-prohibe-las-bicicletas-en-el-WSTUGTN3AZEKPF26KQKB2LC5PQ.JPG\" \/>\n\t<meta property=\"og:image:width\" content=\"1200\" \/>\n\t<meta property=\"og:image:height\" content=\"800\" \/>\n\t<meta property=\"og:image:type\" content=\"image\/jpeg\" \/>\n<meta name=\"author\" content=\"Prensa G&amp;S FM\" \/>\n<meta name=\"twitter:card\" content=\"summary_large_image\" \/>\n<meta name=\"twitter:label1\" content=\"Escrito por\" \/>\n\t<meta name=\"twitter:data1\" content=\"Prensa G&amp;S FM\" \/>\n\t<meta name=\"twitter:label2\" content=\"Tiempo de lectura\" \/>\n\t<meta name=\"twitter:data2\" content=\"2 minutos\" \/>\n<script type=\"application\/ld+json\" class=\"yoast-schema-graph\">{\"@context\":\"https:\/\/schema.org\",\"@graph\":[{\"@type\":\"Article\",\"@id\":\"https:\/\/gysfm.com.ar\/inicio\/la-inedita-medida-del-alcalde-de-una-ciudad-italiana-tras-ser-atropellado-por-una-bicicleta\/#article\",\"isPartOf\":{\"@id\":\"https:\/\/gysfm.com.ar\/inicio\/la-inedita-medida-del-alcalde-de-una-ciudad-italiana-tras-ser-atropellado-por-una-bicicleta\/\"},\"author\":{\"name\":\"Prensa G&amp;S FM\",\"@id\":\"https:\/\/gysfm.com.ar\/inicio\/#\/schema\/person\/3abba7593ef2ad19e1be221d54383dc5\"},\"headline\":\"La in\u00e9dita medida del alcalde de una ciudad italiana tras ser atropellado por una bicicleta\",\"datePublished\":\"2026-08-20T17:56:11+00:00\",\"dateModified\":\"2026-08-20T17:56:19+00:00\",\"mainEntityOfPage\":{\"@id\":\"https:\/\/gysfm.com.ar\/inicio\/la-inedita-medida-del-alcalde-de-una-ciudad-italiana-tras-ser-atropellado-por-una-bicicleta\/\"},\"wordCount\":448,\"publisher\":{\"@id\":\"https:\/\/gysfm.com.ar\/inicio\/#organization\"},\"image\":{\"@id\":\"https:\/\/gysfm.com.ar\/inicio\/la-inedita-medida-del-alcalde-de-una-ciudad-italiana-tras-ser-atropellado-por-una-bicicleta\/#primaryimage\"},\"thumbnailUrl\":\"https:\/\/gysfm.com.ar\/inicio\/wp-content\/uploads\/2026\/08\/el-alcalde-de-como-prohibe-las-bicicletas-en-el-WSTUGTN3AZEKPF26KQKB2LC5PQ.JPG\",\"articleSection\":[\"INTERNACIONALES\"],\"inLanguage\":\"es\"},{\"@type\":\"WebPage\",\"@id\":\"https:\/\/gysfm.com.ar\/inicio\/la-inedita-medida-del-alcalde-de-una-ciudad-italiana-tras-ser-atropellado-por-una-bicicleta\/\",\"url\":\"https:\/\/gysfm.com.ar\/inicio\/la-inedita-medida-del-alcalde-de-una-ciudad-italiana-tras-ser-atropellado-por-una-bicicleta\/\",\"name\":\"La in\u00e9dita medida del alcalde de una ciudad italiana tras ser atropellado por una bicicleta - GYS NOTICIAS |\",\"isPartOf\":{\"@id\":\"https:\/\/gysfm.com.ar\/inicio\/#website\"},\"primaryImageOfPage\":{\"@id\":\"https:\/\/gysfm.com.ar\/inicio\/la-inedita-medida-del-alcalde-de-una-ciudad-italiana-tras-ser-atropellado-por-una-bicicleta\/#primaryimage\"},\"image\":{\"@id\":\"https:\/\/gysfm.com.ar\/inicio\/la-inedita-medida-del-alcalde-de-una-ciudad-italiana-tras-ser-atropellado-por-una-bicicleta\/#primaryimage\"},\"thumbnailUrl\":\"https:\/\/gysfm.com.ar\/inicio\/wp-content\/uploads\/2026\/08\/el-alcalde-de-como-prohibe-las-bicicletas-en-el-WSTUGTN3AZEKPF26KQKB2LC5PQ.JPG\",\"datePublished\":\"2026-08-20T17:56:11+00:00\",\"dateModified\":\"2026-08-20T17:56:19+00:00\",\"breadcrumb\":{\"@id\":\"https:\/\/gysfm.com.ar\/inicio\/la-inedita-medida-del-alcalde-de-una-ciudad-italiana-tras-ser-atropellado-por-una-bicicleta\/#breadcrumb\"},\"inLanguage\":\"es\",\"potentialAction\":[{\"@type\":\"ReadAction\",\"target\":[\"https:\/\/gysfm.com.ar\/inicio\/la-inedita-medida-del-alcalde-de-una-ciudad-italiana-tras-ser-atropellado-por-una-bicicleta\/\"]}]},{\"@type\":\"ImageObject\",\"inLanguage\":\"es\",\"@id\":\"https:\/\/gysfm.com.ar\/inicio\/la-inedita-medida-del-alcalde-de-una-ciudad-italiana-tras-ser-atropellado-por-una-bicicleta\/#primaryimage\",\"url\":\"https:\/\/gysfm.com.ar\/inicio\/wp-content\/uploads\/2026\/08\/el-alcalde-de-como-prohibe-las-bicicletas-en-el-WSTUGTN3AZEKPF26KQKB2LC5PQ.JPG\",\"contentUrl\":\"https:\/\/gysfm.com.ar\/inicio\/wp-content\/uploads\/2026\/08\/el-alcalde-de-como-prohibe-las-bicicletas-en-el-WSTUGTN3AZEKPF26KQKB2LC5PQ.JPG\",\"width\":1200,\"height\":800},{\"@type\":\"BreadcrumbList\",\"@id\":\"https:\/\/gysfm.com.ar\/inicio\/la-inedita-medida-del-alcalde-de-una-ciudad-italiana-tras-ser-atropellado-por-una-bicicleta\/#breadcrumb\",\"itemListElement\":[{\"@type\":\"ListItem\",\"position\":1,\"name\":\"Portada\",\"item\":\"https:\/\/gysfm.com.ar\/inicio\/\"},{\"@type\":\"ListItem\",\"position\":2,\"name\":\"La in\u00e9dita medida del alcalde de una ciudad italiana tras ser atropellado por una bicicleta\"}]},{\"@type\":\"WebSite\",\"@id\":\"https:\/\/gysfm.com.ar\/inicio\/#website\",\"url\":\"https:\/\/gysfm.com.ar\/inicio\/\",\"name\":\"GYS NOTICIAS |\",\"description\":\"DIARIO - RADIO ONLINE SAN JUAN ARGENTINA\",\"publisher\":{\"@id\":\"https:\/\/gysfm.com.ar\/inicio\/#organization\"},\"potentialAction\":[{\"@type\":\"SearchAction\",\"target\":{\"@type\":\"EntryPoint\",\"urlTemplate\":\"https:\/\/gysfm.com.ar\/inicio\/?s={search_term_string}\"},\"query-input\":{\"@type\":\"PropertyValueSpecification\",\"valueRequired\":true,\"valueName\":\"search_term_string\"}}],\"inLanguage\":\"es\"},{\"@type\":\"Organization\",\"@id\":\"https:\/\/gysfm.com.ar\/inicio\/#organization\",\"name\":\"GYS NOTICIAS |\",\"url\":\"https:\/\/gysfm.com.ar\/inicio\/\",\"logo\":{\"@type\":\"ImageObject\",\"inLanguage\":\"es\",\"@id\":\"https:\/\/gysfm.com.ar\/inicio\/#\/schema\/logo\/image\/\",\"url\":\"https:\/\/gysfm.com.ar\/inicio\/wp-content\/uploads\/2023\/07\/LOGOGYS-OK.png\",\"contentUrl\":\"https:\/\/gysfm.com.ar\/inicio\/wp-content\/uploads\/2023\/07\/LOGOGYS-OK.png\",\"width\":1170,\"height\":872,\"caption\":\"GYS NOTICIAS |\"},\"image\":{\"@id\":\"https:\/\/gysfm.com.ar\/inicio\/#\/schema\/logo\/image\/\"}},{\"@type\":\"Person\",\"@id\":\"https:\/\/gysfm.com.ar\/inicio\/#\/schema\/person\/3abba7593ef2ad19e1be221d54383dc5\",\"name\":\"Prensa G&amp;S FM\",\"image\":{\"@type\":\"ImageObject\",\"inLanguage\":\"es\",\"@id\":\"https:\/\/gysfm.com.ar\/inicio\/#\/schema\/person\/image\/\",\"url\":\"https:\/\/secure.gravatar.com\/avatar\/096ec78df02049ab018702bb4ccedf659377fa92a26540b5247612077a0dbd29?s=96&d=mm&r=g\",\"contentUrl\":\"https:\/\/secure.gravatar.com\/avatar\/096ec78df02049ab018702bb4ccedf659377fa92a26540b5247612077a0dbd29?s=96&d=mm&r=g\",\"caption\":\"Prensa G&amp;S FM\"},\"sameAs\":[\"https:\/\/gysfm.com.ar\/\"],\"url\":\"https:\/\/gysfm.com.ar\/inicio\/author\/lucasm\/\"}]}<\/script>\n<!-- \/ Yoast SEO plugin. -->","yoast_head_json":{"title":"La in\u00e9dita medida del alcalde de una ciudad italiana tras ser atropellado por una bicicleta - GYS NOTICIAS |","robots":{"index":"index","follow":"follow","max-snippet":"max-snippet:-1","max-image-preview":"max-image-preview:large","max-video-preview":"max-video-preview:-1"},"canonical":"https:\/\/gysfm.com.ar\/inicio\/la-inedita-medida-del-alcalde-de-una-ciudad-italiana-tras-ser-atropellado-por-una-bicicleta\/","og_locale":"es_ES","og_type":"article","og_title":"La in\u00e9dita medida del alcalde de una ciudad italiana tras ser atropellado por una bicicleta - GYS NOTICIAS |","og_description":"ROMA.- En una in\u00e9dita medida, el alcalde de la ciudad italiana de Como, Alejandro Rapinese, anunci\u00f3 que prohibir\u00e1 la circulaci\u00f3n de bicicletas en el casco hist\u00f3rico de la localidad, luego de haber sido atropellado por una de ellas. La iniciativa desat\u00f3 una ola de cr\u00edticas entre los vecinos y parte del arco pol\u00edtico, que tild\u00f3 [&hellip;]","og_url":"https:\/\/gysfm.com.ar\/inicio\/la-inedita-medida-del-alcalde-de-una-ciudad-italiana-tras-ser-atropellado-por-una-bicicleta\/","og_site_name":"GYS NOTICIAS |","article_published_time":"2026-08-20T17:56:11+00:00","article_modified_time":"2026-08-20T17:56:19+00:00","og_image":[{"width":1200,"height":800,"url":"https:\/\/gysfm.com.ar\/inicio\/wp-content\/uploads\/2026\/08\/el-alcalde-de-como-prohibe-las-bicicletas-en-el-WSTUGTN3AZEKPF26KQKB2LC5PQ.JPG","type":"image\/jpeg"}],"author":"Prensa G&amp;S FM","twitter_card":"summary_large_image","twitter_misc":{"Escrito por":"Prensa G&amp;S FM","Tiempo de lectura":"2 minutos"},"schema":{"@context":"https:\/\/schema.org","@graph":[{"@type":"Article","@id":"https:\/\/gysfm.com.ar\/inicio\/la-inedita-medida-del-alcalde-de-una-ciudad-italiana-tras-ser-atropellado-por-una-bicicleta\/#article","isPartOf":{"@id":"https:\/\/gysfm.com.ar\/inicio\/la-inedita-medida-del-alcalde-de-una-ciudad-italiana-tras-ser-atropellado-por-una-bicicleta\/"},"author":{"name":"Prensa G&amp;S FM","@id":"https:\/\/gysfm.com.ar\/inicio\/#\/schema\/person\/3abba7593ef2ad19e1be221d54383dc5"},"headline":"La in\u00e9dita medida del alcalde de una ciudad italiana tras ser atropellado por una bicicleta","datePublished":"2026-08-20T17:56:11+00:00","dateModified":"2026-08-20T17:56:19+00:00","mainEntityOfPage":{"@id":"https:\/\/gysfm.com.ar\/inicio\/la-inedita-medida-del-alcalde-de-una-ciudad-italiana-tras-ser-atropellado-por-una-bicicleta\/"},"wordCount":448,"publisher":{"@id":"https:\/\/gysfm.com.ar\/inicio\/#organization"},"image":{"@id":"https:\/\/gysfm.com.ar\/inicio\/la-inedita-medida-del-alcalde-de-una-ciudad-italiana-tras-ser-atropellado-por-una-bicicleta\/#primaryimage"},"thumbnailUrl":"https:\/\/gysfm.com.ar\/inicio\/wp-content\/uploads\/2026\/08\/el-alcalde-de-como-prohibe-las-bicicletas-en-el-WSTUGTN3AZEKPF26KQKB2LC5PQ.JPG","articleSection":["INTERNACIONALES"],"inLanguage":"es"},{"@type":"WebPage","@id":"https:\/\/gysfm.com.ar\/inicio\/la-inedita-medida-del-alcalde-de-una-ciudad-italiana-tras-ser-atropellado-por-una-bicicleta\/","url":"https:\/\/gysfm.com.ar\/inicio\/la-inedita-medida-del-alcalde-de-una-ciudad-italiana-tras-ser-atropellado-por-una-bicicleta\/","name":"La in\u00e9dita medida del alcalde de una ciudad italiana tras ser atropellado por una bicicleta - GYS NOTICIAS |","isPartOf":{"@id":"https:\/\/gysfm.com.ar\/inicio\/#website"},"primaryImageOfPage":{"@id":"https:\/\/gysfm.com.ar\/inicio\/la-inedita-medida-del-alcalde-de-una-ciudad-italiana-tras-ser-atropellado-por-una-bicicleta\/#primaryimage"},"image":{"@id":"https:\/\/gysfm.com.ar\/inicio\/la-inedita-medida-del-alcalde-de-una-ciudad-italiana-tras-ser-atropellado-por-una-bicicleta\/#primaryimage"},"thumbnailUrl":"https:\/\/gysfm.com.ar\/inicio\/wp-content\/uploads\/2026\/08\/el-alcalde-de-como-prohibe-las-bicicletas-en-el-WSTUGTN3AZEKPF26KQKB2LC5PQ.JPG","datePublished":"2026-08-20T17:56:11+00:00","dateModified":"2026-08-20T17:56:19+00:00","breadcrumb":{"@id":"https:\/\/gysfm.com.ar\/inicio\/la-inedita-medida-del-alcalde-de-una-ciudad-italiana-tras-ser-atropellado-por-una-bicicleta\/#breadcrumb"},"inLanguage":"es","potentialAction":[{"@type":"ReadAction","target":["https:\/\/gysfm.com.ar\/inicio\/la-inedita-medida-del-alcalde-de-una-ciudad-italiana-tras-ser-atropellado-por-una-bicicleta\/"]}]},{"@type":"ImageObject","inLanguage":"es","@id":"https:\/\/gysfm.com.ar\/inicio\/la-inedita-medida-del-alcalde-de-una-ciudad-italiana-tras-ser-atropellado-por-una-bicicleta\/#primaryimage","url":"https:\/\/gysfm.com.ar\/inicio\/wp-content\/uploads\/2026\/08\/el-alcalde-de-como-prohibe-las-bicicletas-en-el-WSTUGTN3AZEKPF26KQKB2LC5PQ.JPG","contentUrl":"https:\/\/gysfm.com.ar\/inicio\/wp-content\/uploads\/2026\/08\/el-alcalde-de-como-prohibe-las-bicicletas-en-el-WSTUGTN3AZEKPF26KQKB2LC5PQ.JPG","width":1200,"height":800},{"@type":"BreadcrumbList","@id":"https:\/\/gysfm.com.ar\/inicio\/la-inedita-medida-del-alcalde-de-una-ciudad-italiana-tras-ser-atropellado-por-una-bicicleta\/#breadcrumb","itemListElement":[{"@type":"ListItem","position":1,"name":"Portada","item":"https:\/\/gysfm.com.ar\/inicio\/"},{"@type":"ListItem","position":2,"name":"La in\u00e9dita medida del alcalde de una ciudad italiana tras ser atropellado por una bicicleta"}]},{"@type":"WebSite","@id":"https:\/\/gysfm.com.ar\/inicio\/#website","url":"https:\/\/gysfm.com.ar\/inicio\/","name":"GYS NOTICIAS |","description":"DIARIO - RADIO ONLINE SAN JUAN ARGENTINA","publisher":{"@id":"https:\/\/gysfm.com.ar\/inicio\/#organization"},"potentialAction":[{"@type":"SearchAction","target":{"@type":"EntryPoint","urlTemplate":"https:\/\/gysfm.com.ar\/inicio\/?s={search_term_string}"},"query-input":{"@type":"PropertyValueSpecification","valueRequired":true,"valueName":"search_term_string"}}],"inLanguage":"es"},{"@type":"Organization","@id":"https:\/\/gysfm.com.ar\/inicio\/#organization","name":"GYS NOTICIAS |","url":"https:\/\/gysfm.com.ar\/inicio\/","logo":{"@type":"ImageObject","inLanguage":"es","@id":"https:\/\/gysfm.com.ar\/inicio\/#\/schema\/logo\/image\/","url":"https:\/\/gysfm.com.ar\/inicio\/wp-content\/uploads\/2023\/07\/LOGOGYS-OK.png","contentUrl":"https:\/\/gysfm.com.ar\/inicio\/wp-content\/uploads\/2023\/07\/LOGOGYS-OK.png","width":1170,"height":872,"caption":"GYS NOTICIAS |"},"image":{"@id":"https:\/\/gysfm.com.ar\/inicio\/#\/schema\/logo\/image\/"}},{"@type":"Person","@id":"https:\/\/gysfm.com.ar\/inicio\/#\/schema\/person\/3abba7593ef2ad19e1be221d54383dc5","name":"Prensa G&amp;S FM","image":{"@type":"ImageObject","inLanguage":"es","@id":"https:\/\/gysfm.com.ar\/inicio\/#\/schema\/person\/image\/","url":"https:\/\/secure.gravatar.com\/avatar\/096ec78df02049ab018702bb4ccedf659377fa92a26540b5247612077a0dbd29?s=96&d=mm&r=g","contentUrl":"https:\/\/secure.gravatar.com\/avatar\/096ec78df02049ab018702bb4ccedf659377fa92a26540b5247612077a0dbd29?s=96&d=mm&r=g","caption":"Prensa G&amp;S FM"},"sameAs":["https:\/\/gysfm.com.ar\/"],"url":"https:\/\/gysfm.com.ar\/inicio\/author\/lucasm\/"}]}},"_links":{"self":[{"href":"https:\/\/gysfm.com.ar\/inicio\/wp-json\/wp\/v2\/posts\/208823","targetHints":{"allow":["GET"]}}],"collection":[{"href":"https:\/\/gysfm.com.ar\/inicio\/wp-json\/wp\/v2\/posts"}],"about":[{"href":"https:\/\/gysfm.com.ar\/inicio\/wp-json\/wp\/v2\/types\/post"}],"author":[{"embeddable":true,"href":"https:\/\/gysfm.com.ar\/inicio\/wp-json\/wp\/v2\/users\/2"}],"replies":[{"embeddable":true,"href":"https:\/\/gysfm.com.ar\/inicio\/wp-json\/wp\/v2\/comments?post=208823"}],"version-history":[{"count":1,"href":"https:\/\/gysfm.com.ar\/inicio\/wp-json\/wp\/v2\/posts\/208823\/revisions"}],"predecessor-version":[{"id":208825,"href":"https:\/\/gysfm.com.ar\/inicio\/wp-json\/wp\/v2\/posts\/208823\/revisions\/208825"}],"wp:featuredmedia":[{"embeddable":true,"href":"https:\/\/gysfm.com.ar\/inicio\/wp-json\/wp\/v2\/media\/208824"}],"wp:attachment":[{"href":"https:\/\/gysfm.com.ar\/inicio\/wp-json\/wp\/v2\/media?parent=208823"}],"wp:term":[{"taxonomy":"category","embeddable":true,"href":"https:\/\/gysfm.com.ar\/inicio\/wp-json\/wp\/v2\/categories?post=208823"},{"taxonomy":"post_tag","embeddable":true,"href":"https:\/\/gysfm.com.ar\/inicio\/wp-json\/wp\/v2\/tags?post=208823"}],"curies":[{"name":"wp","href":"https:\/\/api.w.org\/{rel}","templated":true}]}}