{"id":208820,"date":"2026-08-20T14:20:13","date_gmt":"2026-08-20T17:20:13","guid":{"rendered":"https:\/\/gysfm.com.ar\/inicio\/las-solicitudes-iniciales-de-desempleo-en-eeuu-retroceden-superando-las-expectativas-del-mercado\/"},"modified":"2026-08-20T14:20:13","modified_gmt":"2026-08-20T17:20:13","slug":"las-solicitudes-iniciales-de-desempleo-en-eeuu-retroceden-superando-las-expectativas-del-mercado","status":"publish","type":"post","link":"https:\/\/gysfm.com.ar\/inicio\/las-solicitudes-iniciales-de-desempleo-en-eeuu-retroceden-superando-las-expectativas-del-mercado\/","title":{"rendered":"Las solicitudes iniciales de desempleo en EEUU retroceden, superando las expectativas del mercado"},"content":{"rendered":"<p> <br \/>\n<\/p>\n<div>\t\t<!-- { REGION4 --> <\/p>\n<header class=\"news-headline\">\n<div class=\"news-headline__topics-and-date-wrapper\">    <span class=\"news-headline__publication-date\"> 20 de agosto 2026 &#8211; 12:53<br \/>\n            <\/span><\/div>\n<h2 class=\"news-headline__article-summary\"\/>\n<p id=\"p-1787236932167-88564\" class=\"ignore-parser\"> Las peticiones de desempleo bajaron a 206.000, por debajo de las 210,000 previstas. El dato resulta clave para los mercados y las expectativas sobre la pol\u00edtica monetaria de la Reserva Federal.<\/p>\n<\/header>\n<div class=\"detail-highlighted-multimedia content-protected-false\">\n<figure class=\"detail-highlighted-multimedia__figure\">  <img src=\"https:\/\/media.ambito.com\/p\/756833a0bc7a85e2fe6e79af865a920c\/adjuntos\/239\/imagenes\/030\/167\/0030167387\/el-desempleo-eeuu-cayo-minimo-siete-anos.jpg\" decoding=\"async\" fetchpriority=\"low\" loading=\"lazy\" class=\"detail-highlighted-multimedia__figure-img img-fluid\" alt=\"El desempleo de EEUU cay\u00f3 a m\u00ednimo de siete a\u00f1os\" width=\"540\" height=\"405\"\/>  <\/figure>\n<\/div>\n<article class=\"article-body article-body--first-paragraph content-protected-false\" data-td-script-src=\"https:\/\/www.ambito.com\/td\/modulos\/encuestas\/js\/function-embeds-min-version-1787198804.js\">\n<p id=\"p-1787237585553-41380\" data-path-to-node=\"2,0\"><strong>La solicitud de subsidios por desempleo en  Estados Unidos cay\u00f3 m\u00e1s de lo previsto<\/strong> en la \u00faltima semana, marcando una nueva se\u00f1al de resistencia en el mercado laboral norteamericano.<\/p>\n<\/article>\n<section class=\"suscription-false printed-edition\" style=\"display:none\">\n<p> El contenido al que quiere acceder es exclusivo para suscriptores.<\/p>\n<p>  <span> <button type=\"button\" name=\"button\" class=\"subscribe-btn mercadopago-btn\">suscribirse<\/button><\/span>  <span class=\"btns\"><button type=\"button\" name=\"button\" class=\"subscribe-btn reload-login\"> ya estoy suscripto<\/button><\/span>  <\/p>\n<\/section>\n<article class=\"article-body article-body--second-paragraph content-protected-false\">\n<p id=\"p-1787237594342-12679\" class=\"\">De esta manera, <strong>las solicitudes iniciales de desempleo bajaron a 206.000, por debajo de las 210,000 previstas<\/strong> por los economistas. La cifra tambi\u00e9n fue menor a las 212.000 solicitudes registradas la semana anterior.<\/p>\n<\/article>\n<section class=\"related-news\">\t\t<span class=\"related-news__title\">Informate m\u00e1s<\/span>\t\t<\/p>\n<div class=\"row row--eq-height\">\n<div class=\"col-12 col-md-6\">\n<article class=\"news-article news-article--landscape-news news-article--landscape-news\">\n<figure class=\"news-article__figure figure\">\n\t\t\t\t\t\t\t\t\t\t\t<img src=\"https:\/\/media.ambito.com\/p\/a75659bad22faf55423cbddd223771db\/adjuntos\/239\/imagenes\/043\/516\/0043516492\/93x52\/718x603:738x623\/pymes-produccion-fabricas.png\" decoding=\"async\" fetchpriority=\"low\" loading=\"lazy\" alt=\"El 81% de las industrias sufre la p\u00e9rdida de ventas, lo cual ya impacta en la cadena de pagos.\" title=\"El 81% de las industrias sufre la p\u00e9rdida de ventas, lo cual ya impacta en la cadena de pagos.\" width=\"93\" height=\"52\" class=\"news-article__figure-img figure-img img-fluid\"\/>\t\t<\/figure>\n<\/article><\/div>\n<div class=\"col-12 col-md-6\">\n<article class=\"news-article news-article--landscape-news news-article--landscape-news\">\n<figure class=\"news-article__figure figure\">\n\t\t\t\t\t\t\t\t\t\t\t<img src=\"https:\/\/media.ambito.com\/p\/ef961689d13fd139df1562d6da36ebe6\/adjuntos\/239\/imagenes\/036\/986\/0036986702\/despidos-empleojpg.jpg\" decoding=\"async\" fetchpriority=\"low\" loading=\"lazy\" alt=\"Las empresas medianas no logran recuperar el dinamismo.\u00a0\" title=\"Las empresas medianas no logran recuperar el dinamismo.\u00a0\" width=\"93\" height=\"52\" class=\"news-article__figure-img figure-img img-fluid\"\/>\t\t<\/figure>\n<\/article><\/div>\n<\/div>\n<\/section>\n<article class=\"article-body article-body--third-paragraph content-protected-false\">\n<h2 id=\"p-1787237686561-53193\" class=\"\" role=\"heading\"> Se\u00f1ales de resistencia<\/h2>\n<p id=\"p-1787237713653-37822\" class=\"\">El dato, mejor a las estimaciones, indica que<strong> los despidos contin\u00faan relativamente contenidos <\/strong>pese a la incertidumbre que rodea las perspectivas generales de la econom\u00eda.<\/p>\n<\/article>\n<article class=\"article-body article-body--fourth-paragraph content-protected-false\">\n<div contenteditable=\"false\" class=\"embed_cont type_imagen\" id=\"6136892-Libre-859993379_wrap\">\n<div id=\"6136892-Libre-859993379_content\" class=\"embed_content\"><img src=\"https:\/\/media.ambito.com\/p\/6d7513ce270538bfaf341dec41291cc9\/adjuntos\/239\/imagenes\/029\/644\/0029644735\/eeuu-solicitudes-subsidios-desempleo-bajaron-niveles-vistos-ultima-vez-1973.jpg?0000-00-00-00-00-00\" decoding=\"async\" fetchpriority=\"high\" loading=\"eager\" crossorigin=\"anonymous\" alt=\"Mercado laboral: Demuestra resistencia con despidos contenidos pese a la incertidumbre econ\u00f3mica.\" title=\"Mercado laboral: Demuestra resistencia con despidos contenidos pese a la incertidumbre econ\u00f3mica.\" width=\"1000\" height=\"540\" id=\"6136892-Libre-859993379_embed\"\/><\/div>\n<div class=\"embed_wrapper-cont\" id=\"p-1787238819253-43967\">\n<div id=\"6136892-Libre-859993379_epigrafe\" class=\"embed_epigrafe\">\n<p id=\"p-1787238905905-20680\"><strong> Mercado laboral:<\/strong> Demuestra resistencia con despidos contenidos pese a la incertidumbre econ\u00f3mica.<\/p>\n<\/div><\/div><\/div>\n<p id=\"p-1787237798943-53101\" data-path-to-node=\"1,0\">Dado que <strong>las solicitudes iniciales funcionan como un indicador clave de las condiciones de empleo,<\/strong> una baja constante sugiere mayor estabilidad en las empresas norteamericanas y una menor presi\u00f3n en el mercado laboral.<\/p>\n<\/article>\n<article class=\"article-body article-body--fifth-paragraph content-protected-false\">\n<p id=\"p-1787237807612-25639\" class=\"\">La ca\u00edda m\u00e1s reciente, de 212.000 a 206.000, refleja la percepci\u00f3n de que <strong>las empresas eligen retener a sus trabajadores <\/strong>mientras los inversores analizan el impacto de las tasas de inter\u00e9s, la inflaci\u00f3n y otras presiones econ\u00f3micas.<\/p>\n<\/article>\n<article class=\"article-body article-body--remaining-paragraph content-protected-false\">\n<h2 id=\"p-1787237927011-3409\">El dato en relaci\u00f3n al d\u00f3lar<\/h2>\n<p id=\"p-1787237998741-61624\" class=\"\">Los indicadores de solicitudes de desempleo tambi\u00e9n <strong>podr\u00edan tener implicaciones para los mercados<\/strong> y las <strong>expectativas sobre la pol\u00edtica monetaria de la Reserva Federal. <\/strong>Un mercado laboral m\u00e1s s\u00f3lido que lo anticipado tender\u00eda a fortalecer al d\u00f3lar, especialmente si los inversores prev\u00e9n que la Reserva Federal dispondr\u00e1 de mayor margen para sostener una pol\u00edtica restrictiva.<\/p>\n<div contenteditable=\"false\" class=\"embed_cont type_imagen\" id=\"8003657-Libre-1095766663_wrap\">\n<div id=\"8003657-Libre-1095766663_content\" class=\"embed_content\"><img src=\"https:\/\/media.ambito.com\/p\/3e0ceecfa48d071b555441eab2ddeb09\/adjuntos\/239\/imagenes\/041\/953\/0041953393\/730x0\/652x177:672x197\/reserva-federal-eeuujpg.jpg\" decoding=\"async\" fetchpriority=\"low\" loading=\"lazy\" alt=\"Un mercado robusto podr\u00eda fortalecer al d\u00f3lar y dar margen a la Fed.\" title=\"Un mercado robusto podr\u00eda fortalecer al d\u00f3lar y dar margen a la Fed.\" width=\"730\" height=\"undefined\" id=\"8003657-Libre-1095766663_embed\"\/><\/div>\n<div class=\"embed_wrapper-cont\" id=\"p-1787238842043-37885\">\n<div id=\"8003657-Libre-1095766663_epigrafe\" class=\"embed_epigrafe\">\n<p id=\"p-1787238886322-10798\">Un mercado robusto podr\u00eda fortalecer al d\u00f3lar y dar margen a la Fed.<\/p>\n<\/div><\/div><\/div>\n<p id=\"p-1787237998741-87670\" data-path-to-node=\"2\"><strong>De manera contraria,<\/strong> un aumento sostenido de las solicitudes de desempleo normalmente indicar\u00eda una contracci\u00f3n de las condiciones laborales y podr\u00eda fortalecer los argumentos a favor de una pol\u00edtica monetaria m\u00e1s flexible.<\/p>\n<p id=\"p-1787238239956-35186\" data-path-to-node=\"3,0\">Al ser una de las lecturas m\u00e1s frecuentes del empleo estadounidense, la baja de las peticiones semanales a 206.000, frente a las 210.000 esperadas y las 212.000 previas, <strong>aport\u00f3 una se\u00f1al positiva sobre el estado de la actividad econ\u00f3mica.<\/strong><\/p>\n<p id=\"p-1787238184173-45247\" class=\"text text-block paragraph text-left neo-font-paragraph-xl-reg yf-18d6y07\">As\u00ed, la atenci\u00f3n se centrar\u00e1 ahora en los pr\u00f3ximos datos de empleo, inflaci\u00f3n y actividad econ\u00f3mica para determinar si el mercado laboral puede mantener esta resistencia y qu\u00e9 implicancias podr\u00eda tener para las pr\u00f3ximas decisiones de la Reserva Federal.<\/p>\n<div contenteditable=\"false\" class=\"embed_cont type_imagen\" id=\"8160877-Libre-1119874205_wrap\">\n<div id=\"8160877-Libre-1119874205_content\" class=\"embed_content\"><img src=\"https:\/\/media.ambito.com\/p\/881c8454b9b58fcf60faa7b0355f235c\/adjuntos\/239\/imagenes\/043\/000\/0043000401\/730x0\/smart\/desempleo-eeuu.jpg\" decoding=\"async\" fetchpriority=\"low\" loading=\"lazy\" alt=\"La solicitud de desempleo en EEUU cay\u00f3 a 206.000, menos de lo previsto.\" title=\"La solicitud de desempleo en EEUU cay\u00f3 a 206.000, menos de lo previsto.\" width=\"730\" height=\"undefined\" id=\"8160877-Libre-1119874205_embed\"\/><\/div>\n<div class=\"embed_wrapper-cont\" id=\"p-1787238867653-14723\">\n<div id=\"8160877-Libre-1119874205_epigrafe\" class=\"embed_epigrafe\">\n<p id=\"p-1787239149121-896\">La solicitud de desempleo en EEUU cay\u00f3 a 206.000, menos de lo previsto.<\/p>\n<\/div><\/div><\/div>\n<\/article>\n<p>\t\t<!-- REGION4 } --><\/div>\n<p><script>\n!function(f,b,e,v,n,t,s)\n{if(f.fbq)return;n=f.fbq=function(){n.callMethod?\nn.callMethod.apply(n,arguments):n.queue.push(arguments)};\nif(!f._fbq)f._fbq=n;n.push=n;n.loaded=!0;n.version='2.0';\nn.queue=[];t=b.createElement(e);t.async=!0;\nt.src=v;s=b.getElementsByTagName(e)[0];\ns.parentNode.insertBefore(t,s)}(window,document,'script',\n'https:\/\/connect.facebook.net\/en_US\/fbevents.js');\nfbq('init', '2047048335588113');\nfbq('track', 'PageView');\n<\/script><br \/>\n<br \/><\/p>\n","protected":false},"excerpt":{"rendered":"<p>20 de agosto 2026 &#8211; 12:53 Las peticiones de desempleo bajaron a 206.000, por debajo de las 210,000 previstas. El dato resulta clave para los mercados y las expectativas sobre la pol\u00edtica monetaria de la Reserva Federal. La solicitud de subsidios por desempleo en Estados Unidos cay\u00f3 m\u00e1s de lo previsto en la \u00faltima semana, [&hellip;]<\/p>\n","protected":false},"author":1,"featured_media":208821,"comment_status":"closed","ping_status":"closed","sticky":false,"template":"","format":"standard","meta":{"footnotes":""},"categories":[28],"tags":[],"class_list":["post-208820","post","type-post","status-publish","format-standard","has-post-thumbnail","hentry","category-economia"],"yoast_head":"<!-- This site is optimized with the Yoast SEO plugin v24.4 - https:\/\/yoast.com\/wordpress\/plugins\/seo\/ -->\n<title>Las solicitudes iniciales de desempleo en EEUU retroceden, superando las expectativas del mercado - GYS NOTICIAS |<\/title>\n<meta name=\"robots\" content=\"index, follow, max-snippet:-1, max-image-preview:large, max-video-preview:-1\" \/>\n<link rel=\"canonical\" href=\"https:\/\/gysfm.com.ar\/inicio\/las-solicitudes-iniciales-de-desempleo-en-eeuu-retroceden-superando-las-expectativas-del-mercado\/\" \/>\n<meta property=\"og:locale\" content=\"es_ES\" \/>\n<meta property=\"og:type\" content=\"article\" \/>\n<meta property=\"og:title\" content=\"Las solicitudes iniciales de desempleo en EEUU retroceden, superando las expectativas del mercado - GYS NOTICIAS |\" \/>\n<meta property=\"og:description\" content=\"20 de agosto 2026 &#8211; 12:53 Las peticiones de desempleo bajaron a 206.000, por debajo de las 210,000 previstas. El dato resulta clave para los mercados y las expectativas sobre la pol\u00edtica monetaria de la Reserva Federal. La solicitud de subsidios por desempleo en Estados Unidos cay\u00f3 m\u00e1s de lo previsto en la \u00faltima semana, [&hellip;]\" \/>\n<meta property=\"og:url\" content=\"https:\/\/gysfm.com.ar\/inicio\/las-solicitudes-iniciales-de-desempleo-en-eeuu-retroceden-superando-las-expectativas-del-mercado\/\" \/>\n<meta property=\"og:site_name\" content=\"GYS NOTICIAS |\" \/>\n<meta property=\"article:published_time\" content=\"2026-08-20T17:20:13+00:00\" \/>\n<meta property=\"og:image\" content=\"https:\/\/media.ambito.com\/p\/756833a0bc7a85e2fe6e79af865a920c\/adjuntos\/239\/imagenes\/030\/167\/0030167387\/el-desempleo-eeuu-cayo-minimo-siete-anos.jpg\" \/>\n<meta name=\"author\" content=\"admin\" \/>\n<meta name=\"twitter:card\" content=\"summary_large_image\" \/>\n<meta name=\"twitter:label1\" content=\"Escrito por\" \/>\n\t<meta name=\"twitter:data1\" content=\"admin\" \/>\n\t<meta name=\"twitter:label2\" content=\"Tiempo de lectura\" \/>\n\t<meta name=\"twitter:data2\" content=\"2 minutos\" \/>\n<script type=\"application\/ld+json\" class=\"yoast-schema-graph\">{\"@context\":\"https:\/\/schema.org\",\"@graph\":[{\"@type\":\"Article\",\"@id\":\"https:\/\/gysfm.com.ar\/inicio\/las-solicitudes-iniciales-de-desempleo-en-eeuu-retroceden-superando-las-expectativas-del-mercado\/#article\",\"isPartOf\":{\"@id\":\"https:\/\/gysfm.com.ar\/inicio\/las-solicitudes-iniciales-de-desempleo-en-eeuu-retroceden-superando-las-expectativas-del-mercado\/\"},\"author\":{\"name\":\"admin\",\"@id\":\"https:\/\/gysfm.com.ar\/inicio\/#\/schema\/person\/5bedd7ecd35cc35548d89effafa23696\"},\"headline\":\"Las solicitudes iniciales de desempleo en EEUU retroceden, superando las expectativas del mercado\",\"datePublished\":\"2026-08-20T17:20:13+00:00\",\"mainEntityOfPage\":{\"@id\":\"https:\/\/gysfm.com.ar\/inicio\/las-solicitudes-iniciales-de-desempleo-en-eeuu-retroceden-superando-las-expectativas-del-mercado\/\"},\"wordCount\":466,\"publisher\":{\"@id\":\"https:\/\/gysfm.com.ar\/inicio\/#organization\"},\"image\":{\"@id\":\"https:\/\/gysfm.com.ar\/inicio\/las-solicitudes-iniciales-de-desempleo-en-eeuu-retroceden-superando-las-expectativas-del-mercado\/#primaryimage\"},\"thumbnailUrl\":\"https:\/\/gysfm.com.ar\/inicio\/wp-content\/uploads\/2026\/08\/el-desempleo-eeuu-cayo-minimo-siete-anos.jpg\",\"articleSection\":[\"ECONOMIA\"],\"inLanguage\":\"es\"},{\"@type\":\"WebPage\",\"@id\":\"https:\/\/gysfm.com.ar\/inicio\/las-solicitudes-iniciales-de-desempleo-en-eeuu-retroceden-superando-las-expectativas-del-mercado\/\",\"url\":\"https:\/\/gysfm.com.ar\/inicio\/las-solicitudes-iniciales-de-desempleo-en-eeuu-retroceden-superando-las-expectativas-del-mercado\/\",\"name\":\"Las solicitudes iniciales de desempleo en EEUU retroceden, superando las expectativas del mercado - GYS NOTICIAS |\",\"isPartOf\":{\"@id\":\"https:\/\/gysfm.com.ar\/inicio\/#website\"},\"primaryImageOfPage\":{\"@id\":\"https:\/\/gysfm.com.ar\/inicio\/las-solicitudes-iniciales-de-desempleo-en-eeuu-retroceden-superando-las-expectativas-del-mercado\/#primaryimage\"},\"image\":{\"@id\":\"https:\/\/gysfm.com.ar\/inicio\/las-solicitudes-iniciales-de-desempleo-en-eeuu-retroceden-superando-las-expectativas-del-mercado\/#primaryimage\"},\"thumbnailUrl\":\"https:\/\/gysfm.com.ar\/inicio\/wp-content\/uploads\/2026\/08\/el-desempleo-eeuu-cayo-minimo-siete-anos.jpg\",\"datePublished\":\"2026-08-20T17:20:13+00:00\",\"breadcrumb\":{\"@id\":\"https:\/\/gysfm.com.ar\/inicio\/las-solicitudes-iniciales-de-desempleo-en-eeuu-retroceden-superando-las-expectativas-del-mercado\/#breadcrumb\"},\"inLanguage\":\"es\",\"potentialAction\":[{\"@type\":\"ReadAction\",\"target\":[\"https:\/\/gysfm.com.ar\/inicio\/las-solicitudes-iniciales-de-desempleo-en-eeuu-retroceden-superando-las-expectativas-del-mercado\/\"]}]},{\"@type\":\"ImageObject\",\"inLanguage\":\"es\",\"@id\":\"https:\/\/gysfm.com.ar\/inicio\/las-solicitudes-iniciales-de-desempleo-en-eeuu-retroceden-superando-las-expectativas-del-mercado\/#primaryimage\",\"url\":\"https:\/\/gysfm.com.ar\/inicio\/wp-content\/uploads\/2026\/08\/el-desempleo-eeuu-cayo-minimo-siete-anos.jpg\",\"contentUrl\":\"https:\/\/gysfm.com.ar\/inicio\/wp-content\/uploads\/2026\/08\/el-desempleo-eeuu-cayo-minimo-siete-anos.jpg\",\"width\":1200,\"height\":675},{\"@type\":\"BreadcrumbList\",\"@id\":\"https:\/\/gysfm.com.ar\/inicio\/las-solicitudes-iniciales-de-desempleo-en-eeuu-retroceden-superando-las-expectativas-del-mercado\/#breadcrumb\",\"itemListElement\":[{\"@type\":\"ListItem\",\"position\":1,\"name\":\"Portada\",\"item\":\"https:\/\/gysfm.com.ar\/inicio\/\"},{\"@type\":\"ListItem\",\"position\":2,\"name\":\"Las solicitudes iniciales de desempleo en EEUU retroceden, superando las expectativas del mercado\"}]},{\"@type\":\"WebSite\",\"@id\":\"https:\/\/gysfm.com.ar\/inicio\/#website\",\"url\":\"https:\/\/gysfm.com.ar\/inicio\/\",\"name\":\"GYS NOTICIAS |\",\"description\":\"DIARIO - RADIO ONLINE SAN JUAN ARGENTINA\",\"publisher\":{\"@id\":\"https:\/\/gysfm.com.ar\/inicio\/#organization\"},\"potentialAction\":[{\"@type\":\"SearchAction\",\"target\":{\"@type\":\"EntryPoint\",\"urlTemplate\":\"https:\/\/gysfm.com.ar\/inicio\/?s={search_term_string}\"},\"query-input\":{\"@type\":\"PropertyValueSpecification\",\"valueRequired\":true,\"valueName\":\"search_term_string\"}}],\"inLanguage\":\"es\"},{\"@type\":\"Organization\",\"@id\":\"https:\/\/gysfm.com.ar\/inicio\/#organization\",\"name\":\"GYS NOTICIAS |\",\"url\":\"https:\/\/gysfm.com.ar\/inicio\/\",\"logo\":{\"@type\":\"ImageObject\",\"inLanguage\":\"es\",\"@id\":\"https:\/\/gysfm.com.ar\/inicio\/#\/schema\/logo\/image\/\",\"url\":\"https:\/\/gysfm.com.ar\/inicio\/wp-content\/uploads\/2023\/07\/LOGOGYS-OK.png\",\"contentUrl\":\"https:\/\/gysfm.com.ar\/inicio\/wp-content\/uploads\/2023\/07\/LOGOGYS-OK.png\",\"width\":1170,\"height\":872,\"caption\":\"GYS NOTICIAS |\"},\"image\":{\"@id\":\"https:\/\/gysfm.com.ar\/inicio\/#\/schema\/logo\/image\/\"}},{\"@type\":\"Person\",\"@id\":\"https:\/\/gysfm.com.ar\/inicio\/#\/schema\/person\/5bedd7ecd35cc35548d89effafa23696\",\"name\":\"admin\",\"image\":{\"@type\":\"ImageObject\",\"inLanguage\":\"es\",\"@id\":\"https:\/\/gysfm.com.ar\/inicio\/#\/schema\/person\/image\/\",\"url\":\"https:\/\/secure.gravatar.com\/avatar\/c331d312b5243fb64d5ba28108a447b27c925295129a363082c9ea52c28d32c2?s=96&d=mm&r=g\",\"contentUrl\":\"https:\/\/secure.gravatar.com\/avatar\/c331d312b5243fb64d5ba28108a447b27c925295129a363082c9ea52c28d32c2?s=96&d=mm&r=g\",\"caption\":\"admin\"},\"sameAs\":[\"https:\/\/gysfm.com.ar\/inicio\"],\"url\":\"https:\/\/gysfm.com.ar\/inicio\/author\/admin\/\"}]}<\/script>\n<!-- \/ Yoast SEO plugin. -->","yoast_head_json":{"title":"Las solicitudes iniciales de desempleo en EEUU retroceden, superando las expectativas del mercado - GYS NOTICIAS |","robots":{"index":"index","follow":"follow","max-snippet":"max-snippet:-1","max-image-preview":"max-image-preview:large","max-video-preview":"max-video-preview:-1"},"canonical":"https:\/\/gysfm.com.ar\/inicio\/las-solicitudes-iniciales-de-desempleo-en-eeuu-retroceden-superando-las-expectativas-del-mercado\/","og_locale":"es_ES","og_type":"article","og_title":"Las solicitudes iniciales de desempleo en EEUU retroceden, superando las expectativas del mercado - GYS NOTICIAS |","og_description":"20 de agosto 2026 &#8211; 12:53 Las peticiones de desempleo bajaron a 206.000, por debajo de las 210,000 previstas. El dato resulta clave para los mercados y las expectativas sobre la pol\u00edtica monetaria de la Reserva Federal. La solicitud de subsidios por desempleo en Estados Unidos cay\u00f3 m\u00e1s de lo previsto en la \u00faltima semana, [&hellip;]","og_url":"https:\/\/gysfm.com.ar\/inicio\/las-solicitudes-iniciales-de-desempleo-en-eeuu-retroceden-superando-las-expectativas-del-mercado\/","og_site_name":"GYS NOTICIAS |","article_published_time":"2026-08-20T17:20:13+00:00","og_image":[{"url":"https:\/\/media.ambito.com\/p\/756833a0bc7a85e2fe6e79af865a920c\/adjuntos\/239\/imagenes\/030\/167\/0030167387\/el-desempleo-eeuu-cayo-minimo-siete-anos.jpg","type":"","width":"","height":""}],"author":"admin","twitter_card":"summary_large_image","twitter_misc":{"Escrito por":"admin","Tiempo de lectura":"2 minutos"},"schema":{"@context":"https:\/\/schema.org","@graph":[{"@type":"Article","@id":"https:\/\/gysfm.com.ar\/inicio\/las-solicitudes-iniciales-de-desempleo-en-eeuu-retroceden-superando-las-expectativas-del-mercado\/#article","isPartOf":{"@id":"https:\/\/gysfm.com.ar\/inicio\/las-solicitudes-iniciales-de-desempleo-en-eeuu-retroceden-superando-las-expectativas-del-mercado\/"},"author":{"name":"admin","@id":"https:\/\/gysfm.com.ar\/inicio\/#\/schema\/person\/5bedd7ecd35cc35548d89effafa23696"},"headline":"Las solicitudes iniciales de desempleo en EEUU retroceden, superando las expectativas del mercado","datePublished":"2026-08-20T17:20:13+00:00","mainEntityOfPage":{"@id":"https:\/\/gysfm.com.ar\/inicio\/las-solicitudes-iniciales-de-desempleo-en-eeuu-retroceden-superando-las-expectativas-del-mercado\/"},"wordCount":466,"publisher":{"@id":"https:\/\/gysfm.com.ar\/inicio\/#organization"},"image":{"@id":"https:\/\/gysfm.com.ar\/inicio\/las-solicitudes-iniciales-de-desempleo-en-eeuu-retroceden-superando-las-expectativas-del-mercado\/#primaryimage"},"thumbnailUrl":"https:\/\/gysfm.com.ar\/inicio\/wp-content\/uploads\/2026\/08\/el-desempleo-eeuu-cayo-minimo-siete-anos.jpg","articleSection":["ECONOMIA"],"inLanguage":"es"},{"@type":"WebPage","@id":"https:\/\/gysfm.com.ar\/inicio\/las-solicitudes-iniciales-de-desempleo-en-eeuu-retroceden-superando-las-expectativas-del-mercado\/","url":"https:\/\/gysfm.com.ar\/inicio\/las-solicitudes-iniciales-de-desempleo-en-eeuu-retroceden-superando-las-expectativas-del-mercado\/","name":"Las solicitudes iniciales de desempleo en EEUU retroceden, superando las expectativas del mercado - GYS NOTICIAS |","isPartOf":{"@id":"https:\/\/gysfm.com.ar\/inicio\/#website"},"primaryImageOfPage":{"@id":"https:\/\/gysfm.com.ar\/inicio\/las-solicitudes-iniciales-de-desempleo-en-eeuu-retroceden-superando-las-expectativas-del-mercado\/#primaryimage"},"image":{"@id":"https:\/\/gysfm.com.ar\/inicio\/las-solicitudes-iniciales-de-desempleo-en-eeuu-retroceden-superando-las-expectativas-del-mercado\/#primaryimage"},"thumbnailUrl":"https:\/\/gysfm.com.ar\/inicio\/wp-content\/uploads\/2026\/08\/el-desempleo-eeuu-cayo-minimo-siete-anos.jpg","datePublished":"2026-08-20T17:20:13+00:00","breadcrumb":{"@id":"https:\/\/gysfm.com.ar\/inicio\/las-solicitudes-iniciales-de-desempleo-en-eeuu-retroceden-superando-las-expectativas-del-mercado\/#breadcrumb"},"inLanguage":"es","potentialAction":[{"@type":"ReadAction","target":["https:\/\/gysfm.com.ar\/inicio\/las-solicitudes-iniciales-de-desempleo-en-eeuu-retroceden-superando-las-expectativas-del-mercado\/"]}]},{"@type":"ImageObject","inLanguage":"es","@id":"https:\/\/gysfm.com.ar\/inicio\/las-solicitudes-iniciales-de-desempleo-en-eeuu-retroceden-superando-las-expectativas-del-mercado\/#primaryimage","url":"https:\/\/gysfm.com.ar\/inicio\/wp-content\/uploads\/2026\/08\/el-desempleo-eeuu-cayo-minimo-siete-anos.jpg","contentUrl":"https:\/\/gysfm.com.ar\/inicio\/wp-content\/uploads\/2026\/08\/el-desempleo-eeuu-cayo-minimo-siete-anos.jpg","width":1200,"height":675},{"@type":"BreadcrumbList","@id":"https:\/\/gysfm.com.ar\/inicio\/las-solicitudes-iniciales-de-desempleo-en-eeuu-retroceden-superando-las-expectativas-del-mercado\/#breadcrumb","itemListElement":[{"@type":"ListItem","position":1,"name":"Portada","item":"https:\/\/gysfm.com.ar\/inicio\/"},{"@type":"ListItem","position":2,"name":"Las solicitudes iniciales de desempleo en EEUU retroceden, superando las expectativas del mercado"}]},{"@type":"WebSite","@id":"https:\/\/gysfm.com.ar\/inicio\/#website","url":"https:\/\/gysfm.com.ar\/inicio\/","name":"GYS NOTICIAS |","description":"DIARIO - RADIO ONLINE SAN JUAN ARGENTINA","publisher":{"@id":"https:\/\/gysfm.com.ar\/inicio\/#organization"},"potentialAction":[{"@type":"SearchAction","target":{"@type":"EntryPoint","urlTemplate":"https:\/\/gysfm.com.ar\/inicio\/?s={search_term_string}"},"query-input":{"@type":"PropertyValueSpecification","valueRequired":true,"valueName":"search_term_string"}}],"inLanguage":"es"},{"@type":"Organization","@id":"https:\/\/gysfm.com.ar\/inicio\/#organization","name":"GYS NOTICIAS |","url":"https:\/\/gysfm.com.ar\/inicio\/","logo":{"@type":"ImageObject","inLanguage":"es","@id":"https:\/\/gysfm.com.ar\/inicio\/#\/schema\/logo\/image\/","url":"https:\/\/gysfm.com.ar\/inicio\/wp-content\/uploads\/2023\/07\/LOGOGYS-OK.png","contentUrl":"https:\/\/gysfm.com.ar\/inicio\/wp-content\/uploads\/2023\/07\/LOGOGYS-OK.png","width":1170,"height":872,"caption":"GYS NOTICIAS |"},"image":{"@id":"https:\/\/gysfm.com.ar\/inicio\/#\/schema\/logo\/image\/"}},{"@type":"Person","@id":"https:\/\/gysfm.com.ar\/inicio\/#\/schema\/person\/5bedd7ecd35cc35548d89effafa23696","name":"admin","image":{"@type":"ImageObject","inLanguage":"es","@id":"https:\/\/gysfm.com.ar\/inicio\/#\/schema\/person\/image\/","url":"https:\/\/secure.gravatar.com\/avatar\/c331d312b5243fb64d5ba28108a447b27c925295129a363082c9ea52c28d32c2?s=96&d=mm&r=g","contentUrl":"https:\/\/secure.gravatar.com\/avatar\/c331d312b5243fb64d5ba28108a447b27c925295129a363082c9ea52c28d32c2?s=96&d=mm&r=g","caption":"admin"},"sameAs":["https:\/\/gysfm.com.ar\/inicio"],"url":"https:\/\/gysfm.com.ar\/inicio\/author\/admin\/"}]}},"_links":{"self":[{"href":"https:\/\/gysfm.com.ar\/inicio\/wp-json\/wp\/v2\/posts\/208820","targetHints":{"allow":["GET"]}}],"collection":[{"href":"https:\/\/gysfm.com.ar\/inicio\/wp-json\/wp\/v2\/posts"}],"about":[{"href":"https:\/\/gysfm.com.ar\/inicio\/wp-json\/wp\/v2\/types\/post"}],"author":[{"embeddable":true,"href":"https:\/\/gysfm.com.ar\/inicio\/wp-json\/wp\/v2\/users\/1"}],"replies":[{"embeddable":true,"href":"https:\/\/gysfm.com.ar\/inicio\/wp-json\/wp\/v2\/comments?post=208820"}],"version-history":[{"count":0,"href":"https:\/\/gysfm.com.ar\/inicio\/wp-json\/wp\/v2\/posts\/208820\/revisions"}],"wp:featuredmedia":[{"embeddable":true,"href":"https:\/\/gysfm.com.ar\/inicio\/wp-json\/wp\/v2\/media\/208821"}],"wp:attachment":[{"href":"https:\/\/gysfm.com.ar\/inicio\/wp-json\/wp\/v2\/media?parent=208820"}],"wp:term":[{"taxonomy":"category","embeddable":true,"href":"https:\/\/gysfm.com.ar\/inicio\/wp-json\/wp\/v2\/categories?post=208820"},{"taxonomy":"post_tag","embeddable":true,"href":"https:\/\/gysfm.com.ar\/inicio\/wp-json\/wp\/v2\/tags?post=208820"}],"curies":[{"name":"wp","href":"https:\/\/api.w.org\/{rel}","templated":true}]}}