{"id":208805,"date":"2026-08-20T12:20:07","date_gmt":"2026-08-20T15:20:07","guid":{"rendered":"https:\/\/gysfm.com.ar\/inicio\/corinthians-vs-rosario-central-hoy-en-vivo-por-la-copa-libertadores-posibles-formaciones-horario-y-por-donde-ver-ole\/"},"modified":"2026-08-20T12:20:07","modified_gmt":"2026-08-20T15:20:07","slug":"corinthians-vs-rosario-central-hoy-en-vivo-por-la-copa-libertadores-posibles-formaciones-horario-y-por-donde-ver-ole","status":"publish","type":"post","link":"https:\/\/gysfm.com.ar\/inicio\/corinthians-vs-rosario-central-hoy-en-vivo-por-la-copa-libertadores-posibles-formaciones-horario-y-por-donde-ver-ole\/","title":{"rendered":"Corinthians vs. Rosario Central, hoy EN VIVO por la Copa Libertadores: posibles formaciones, horario y por d\u00f3nde ver :: Ol\u00e9"},"content":{"rendered":"<p> <br \/>\n<\/p>\n<p><time class=\"createDate\" datetime=\"2026-08-20T10:26:54-03:00\">20\/08\/2026 10:26hs.<\/time><time class=\"modificatedDate\" datetime=\"2026-08-20T12:03:33-03:00\"> Actualizado al 20\/08\/2026 12:03hs.<\/time><\/p>\n<div id=\"storyBody\">\n<div class=\"sc-df222161-0 hNvwjb\">\n<p>Este jueves, <strong>Corinthians <\/strong> y <strong>Rosario Central<\/strong> se enfrentan en un duelo crucial en el estadio <strong>Neo Qu\u00edmica Arena<\/strong> de San Pablo por la vuelta de los octavos de final de la <strong>Copa Libertadores 2026<\/strong>. Tras una serie abierta que definir\u00e1 a uno de los clasificados a la siguiente fase del certamen continental, ambos conjuntos saltar\u00e1n al campo de juego con el objetivo de sellar el pase a los cuartos de final.<\/p>\n<\/div>\n<div class=\"sc-df222161-0 hNvwjb\">\n<p>En cuanto a c\u00f3mo llegan ambos equipos, <strong>la llave se mantiene completamente emparejada luego de haber igualado 0-0 en el encuentro de ida disputado en el Gigante de Arroyito<\/strong>. El Canalla buscar\u00e1 dar el golpe en condici\u00f3n de visitante para avanzar de ronda, mientras que el Timao intentar\u00e1 hacer valer la local\u00eda para imponerse en la serie y lograr la clasificaci\u00f3n directa sin necesidad de recurrir a la tanda de penales.<\/p>\n<\/div>\n<div class=\"sc-df222161-0 hNvwjb\">\n<p>El encuentro se disputar\u00e1 este jueves 20 de agosto a las <strong>21:30 (hora de Argentina)<\/strong>. La transmisi\u00f3n en vivo estar\u00e1 disponible en televisi\u00f3n a trav\u00e9s de Fox Sports y Telefe, adem\u00e1s de poder seguirse por streaming mediante las plataformas Disney+ Premium, Flow, DGo y Telecentro Play.<\/p>\n<\/div>\n<p><h2><strong>EN VIVO: SEGU\u00cd EL MINUTO A MINUTO DE CORINTHIANS VS. ROSARIO CENTRAL, POR LA COPA LIBERTADORES<\/strong><\/h2>\n<\/p>\n<article class=\"sc-df7341ea-2 jcfzgO\"><time>20\/08\/2026, <span style=\"font-weight: bold;\">12:01<\/span><\/time><\/p>\n<div class=\"groupItems\" id=\"Post0\">\n<p><h2><strong>La posible formaci\u00f3n de Rosario Central vs. Corinthians, por la Copa Libertadores<\/strong><\/h2>\n<\/p>\n<div class=\"sc-df222161-0 hNvwjb\">\n<p>Jerem\u00edas Ledesma; Emanuel Coronel, Ignacio Ovando, Gast\u00f3n \u00c1vila, Agust\u00edn S\u00e1ndez; Franco Ibarra, Vicente Pizarro; Giovanni Cantizano, \u00c1ngel Di Mar\u00eda, J\u00e1minton Campaz; Enzo Copetti. <strong>DT: Jorge Almir\u00f3n.<\/strong><\/p>\n<\/div>\n<div class=\"sc-c0843421-0 iNysjD image-embed\"><img alt=\"El DT de Rosario Central, Jorge Almir\u00f3n (EFE).\" loading=\"lazy\" width=\"720\" height=\"100\" decoding=\"async\" data-nimg=\"1\" style=\"color:transparent\" src=\"https:\/\/www.ole.com.ar\/images\/2026\/08\/14\/ts_OPd7-v_720x0__1.jpg\"\/><span class=\"epigraphe\">El DT de Rosario Central, Jorge Almir\u00f3n (EFE).<\/span><\/div>\n<\/div>\n<\/article>\n<article class=\"sc-df7341ea-2 jcfzgO\"><time>20\/08\/2026, <span style=\"font-weight: bold;\">11:32<\/span><\/time><\/p>\n<div class=\"groupItems\" id=\"Post1\">\n<p><h2><strong>Qui\u00e9n es el \u00e1rbitro de Corinthians vs. Rosario Central, por la Copa Libertadores<\/strong><\/h2>\n<\/p>\n<div class=\"sc-df222161-0 hNvwjb\">\n<p>El juez principal designado por la CONMEBOL para este choque es el venezolano <strong>Alexis Herrera<\/strong>. Estar\u00e1 acompa\u00f1ado por sus compatriotas en las l\u00edneas, mientras que la conducci\u00f3n del VAR estar\u00e1 a cargo del colombiano Nicol\u00e1s Gallo.<\/p>\n<\/div>\n<div class=\"sc-c0843421-0 iNysjD image-embed\"><img alt=\"El arbitro Alexis Herrera (EFE)\" loading=\"lazy\" width=\"720\" height=\"100\" decoding=\"async\" data-nimg=\"1\" style=\"color:transparent\" src=\"https:\/\/www.ole.com.ar\/images\/2026\/05\/14\/x-Q70UOr6_720x0__1.jpg\"\/><span class=\"epigraphe\">El arbitro Alexis Herrera (EFE)<\/span><\/div>\n<div class=\"sc-df222161-0 hNvwjb\">\n<ul>\n<li>\u00c1rbitro: Alexis Herrera<\/li>\n<li>Asistente 1: Lubin Torrealba<\/li>\n<li>Asistente 2: Antoni Garcia<\/li>\n<li>Cuatro \u00e1rbitro: Rony Cueva<\/li>\n<li>VAR: Nicol\u00e1s Gallo<\/li>\n<li>AVAR: Keiner Jim\u00e9nez<\/li>\n<\/ul>\n<\/div>\n<\/div>\n<\/article>\n<article class=\"sc-df7341ea-2 jcfzgO\"><time>20\/08\/2026, <span style=\"font-weight: bold;\">11:00<\/span><\/time><\/p>\n<div class=\"groupItems\" id=\"Post2\">\n<p><h2><strong>Por d\u00f3nde se puede ver el partido de la Copa Libertadores<\/strong><\/h2>\n<\/p>\n<div class=\"sc-df222161-0 hNvwjb\">\n<p>El partido de vuelta de los octavos de final ser\u00e1 transmitido en vivo por las pantallas de <strong>Fox Sports y Telef\u00e9<\/strong>. Tambi\u00e9n podr\u00e1 seguirse de forma online a trav\u00e9s de <strong>Disney+ Premium<\/strong> y las plataformas de los operadores de cable.<\/p>\n<\/div>\n<div class=\"sc-a7166897-0 eTTZWU\"><a href=\"https:\/\/www.ole.com.ar\/futbol-internacional\/libertadores\/corinthians-vs-rosario-central-partido-copa-libertadores-2026-vuelta-octavos-final-dia-horario-tv_0_w3sYTAPqN5.html\" aria-label=\"Qu\u00e9 canal de TV transmite Corinthians vs. Rosario Central, por la Copa Libertadores\" class=\"sc-d4f573e5-0 bUEDsN\"\/><\/p>\n<section><picture><img alt=\"Qu\u00e9 canal de TV transmite Corinthians vs. Rosario Central, por la Copa Libertadores\" loading=\"lazy\" width=\"290\" height=\"290\" decoding=\"async\" data-nimg=\"1\" style=\"color:transparent\" src=\"https:\/\/www.ole.com.ar\/images\/2026\/08\/19\/kTNoSSA0D_290x290__1.jpg\"\/><\/picture>\n<p><h3>Qu\u00e9 canal de TV transmite Corinthians vs. Rosario Central, por la Copa Libertadores<\/h3>\n<\/p>\n<\/section>\n<\/div>\n<\/div>\n<\/article>\n<article class=\"sc-df7341ea-2 jcfzgO\"><time>20\/08\/2026, <span style=\"font-weight: bold;\">10:45<\/span><\/time><\/p>\n<div class=\"groupItems\" id=\"Post3\">\n<p><h2><strong>A qu\u00e9 hora es el partido entre Corinthians y Rosario Central<\/strong><\/h2>\n<\/p>\n<div class=\"sc-df222161-0 hNvwjb\">\n<p>El encuentro se disputar\u00e1 este jueves 20 de agosto a las <strong>21:30 (hora de Argentina) <\/strong> en el estadio Neo Qu\u00edmica Arena de San Pablo.<\/p>\n<\/div>\n<div class=\"sc-c0843421-0 iNysjD image-embed\"><img alt=\"La hinchada de Corinthians en el Neo Quimica Arena (REUTERS).\" loading=\"lazy\" width=\"720\" height=\"100\" decoding=\"async\" data-nimg=\"1\" style=\"color:transparent\" src=\"https:\/\/www.ole.com.ar\/images\/2026\/08\/19\/KwCatsXq5_720x0__1.jpg\"\/><span class=\"epigraphe\">La hinchada de Corinthians en el Neo Quimica Arena (REUTERS).<\/span><\/div>\n<\/div>\n<\/article>\n<article class=\"sc-df7341ea-2 iqdgkI\"><time>20\/08\/2026, <span style=\"font-weight: bold;\">10:25<\/span><\/time><\/p>\n<div class=\"groupItems\" id=\"Post4\">\n<p><h2><strong>\u00a1Hoy el Canalla va por la clasificaci\u00f3n a los cuartos de la Libertadores!<\/strong><\/h2>\n<\/p>\n<div class=\"sc-df222161-0 hNvwjb\">\n<p><strong>Rosario Central visita a Corinthians en San Pablo en un cruce determinante por la vuelta de los octavos de final de la Copa Libertadores 2026<\/strong>. Tras igualar 0-0 en la ida disputada en el Gigante de Arroyito, el equipo dirigido por Jorge Almir\u00f3n buscar\u00e1 dar el golpe en suelo brasilero frente al conjunto conducido por Fernando Diniz para sellar la clasificaci\u00f3n a los cuartos de final del m\u00e1ximo torneo continental.<\/p>\n<\/div>\n<div class=\"sc-c0843421-0 iNysjD image-embed\"><img alt=\"Corinthians vs. Rosario Central, por la Copa Libertadores\" loading=\"lazy\" width=\"720\" height=\"100\" decoding=\"async\" data-nimg=\"1\" style=\"color:transparent\" src=\"https:\/\/www.ole.com.ar\/images\/2026\/08\/19\/kTNoSSA0D_720x0__1.jpg\"\/><span class=\"epigraphe\">Corinthians vs. Rosario Central, por la Copa Libertadores<\/span><\/div>\n<\/div>\n<\/article>\n<\/div>\n\n","protected":false},"excerpt":{"rendered":"<p>20\/08\/2026 10:26hs. Actualizado al 20\/08\/2026 12:03hs. Este jueves, Corinthians y Rosario Central se enfrentan en un duelo crucial en el estadio Neo Qu\u00edmica Arena de San Pablo por la vuelta de los octavos de final de la Copa Libertadores 2026. Tras una serie abierta que definir\u00e1 a uno de los clasificados a la siguiente fase [&hellip;]<\/p>\n","protected":false},"author":1,"featured_media":208806,"comment_status":"closed","ping_status":"closed","sticky":false,"template":"","format":"standard","meta":{"footnotes":""},"categories":[27],"tags":[],"class_list":["post-208805","post","type-post","status-publish","format-standard","has-post-thumbnail","hentry","category-deportes"],"yoast_head":"<!-- This site is optimized with the Yoast SEO plugin v24.4 - https:\/\/yoast.com\/wordpress\/plugins\/seo\/ -->\n<title>Corinthians vs. Rosario Central, hoy EN VIVO por la Copa Libertadores: posibles formaciones, horario y por d\u00f3nde ver :: Ol\u00e9 - GYS NOTICIAS |<\/title>\n<meta name=\"robots\" content=\"index, follow, max-snippet:-1, max-image-preview:large, max-video-preview:-1\" \/>\n<link rel=\"canonical\" href=\"https:\/\/gysfm.com.ar\/inicio\/corinthians-vs-rosario-central-hoy-en-vivo-por-la-copa-libertadores-posibles-formaciones-horario-y-por-donde-ver-ole\/\" \/>\n<meta property=\"og:locale\" content=\"es_ES\" \/>\n<meta property=\"og:type\" content=\"article\" \/>\n<meta property=\"og:title\" content=\"Corinthians vs. Rosario Central, hoy EN VIVO por la Copa Libertadores: posibles formaciones, horario y por d\u00f3nde ver :: Ol\u00e9 - GYS NOTICIAS |\" \/>\n<meta property=\"og:description\" content=\"20\/08\/2026 10:26hs. Actualizado al 20\/08\/2026 12:03hs. Este jueves, Corinthians y Rosario Central se enfrentan en un duelo crucial en el estadio Neo Qu\u00edmica Arena de San Pablo por la vuelta de los octavos de final de la Copa Libertadores 2026. Tras una serie abierta que definir\u00e1 a uno de los clasificados a la siguiente fase [&hellip;]\" \/>\n<meta property=\"og:url\" content=\"https:\/\/gysfm.com.ar\/inicio\/corinthians-vs-rosario-central-hoy-en-vivo-por-la-copa-libertadores-posibles-formaciones-horario-y-por-donde-ver-ole\/\" \/>\n<meta property=\"og:site_name\" content=\"GYS NOTICIAS |\" \/>\n<meta property=\"article:published_time\" content=\"2026-08-20T15:20:07+00:00\" \/>\n<meta property=\"og:image\" content=\"https:\/\/www.ole.com.ar\/images\/2026\/08\/14\/ts_OPd7-v_720x0__1.jpg\" \/>\n<meta name=\"author\" content=\"admin\" \/>\n<meta name=\"twitter:card\" content=\"summary_large_image\" \/>\n<meta name=\"twitter:label1\" content=\"Escrito por\" \/>\n\t<meta name=\"twitter:data1\" content=\"admin\" \/>\n\t<meta name=\"twitter:label2\" content=\"Tiempo de lectura\" \/>\n\t<meta name=\"twitter:data2\" content=\"3 minutos\" \/>\n<script type=\"application\/ld+json\" class=\"yoast-schema-graph\">{\"@context\":\"https:\/\/schema.org\",\"@graph\":[{\"@type\":\"Article\",\"@id\":\"https:\/\/gysfm.com.ar\/inicio\/corinthians-vs-rosario-central-hoy-en-vivo-por-la-copa-libertadores-posibles-formaciones-horario-y-por-donde-ver-ole\/#article\",\"isPartOf\":{\"@id\":\"https:\/\/gysfm.com.ar\/inicio\/corinthians-vs-rosario-central-hoy-en-vivo-por-la-copa-libertadores-posibles-formaciones-horario-y-por-donde-ver-ole\/\"},\"author\":{\"name\":\"admin\",\"@id\":\"https:\/\/gysfm.com.ar\/inicio\/#\/schema\/person\/5bedd7ecd35cc35548d89effafa23696\"},\"headline\":\"Corinthians vs. Rosario Central, hoy EN VIVO por la Copa Libertadores: posibles formaciones, horario y por d\u00f3nde ver :: Ol\u00e9\",\"datePublished\":\"2026-08-20T15:20:07+00:00\",\"mainEntityOfPage\":{\"@id\":\"https:\/\/gysfm.com.ar\/inicio\/corinthians-vs-rosario-central-hoy-en-vivo-por-la-copa-libertadores-posibles-formaciones-horario-y-por-donde-ver-ole\/\"},\"wordCount\":577,\"publisher\":{\"@id\":\"https:\/\/gysfm.com.ar\/inicio\/#organization\"},\"image\":{\"@id\":\"https:\/\/gysfm.com.ar\/inicio\/corinthians-vs-rosario-central-hoy-en-vivo-por-la-copa-libertadores-posibles-formaciones-horario-y-por-donde-ver-ole\/#primaryimage\"},\"thumbnailUrl\":\"https:\/\/gysfm.com.ar\/inicio\/wp-content\/uploads\/2026\/08\/7y38lp-tQ_2000x1500__1.jpg\",\"articleSection\":[\"DEPORTES\"],\"inLanguage\":\"es\"},{\"@type\":\"WebPage\",\"@id\":\"https:\/\/gysfm.com.ar\/inicio\/corinthians-vs-rosario-central-hoy-en-vivo-por-la-copa-libertadores-posibles-formaciones-horario-y-por-donde-ver-ole\/\",\"url\":\"https:\/\/gysfm.com.ar\/inicio\/corinthians-vs-rosario-central-hoy-en-vivo-por-la-copa-libertadores-posibles-formaciones-horario-y-por-donde-ver-ole\/\",\"name\":\"Corinthians vs. Rosario Central, hoy EN VIVO por la Copa Libertadores: posibles formaciones, horario y por d\u00f3nde ver :: Ol\u00e9 - GYS NOTICIAS |\",\"isPartOf\":{\"@id\":\"https:\/\/gysfm.com.ar\/inicio\/#website\"},\"primaryImageOfPage\":{\"@id\":\"https:\/\/gysfm.com.ar\/inicio\/corinthians-vs-rosario-central-hoy-en-vivo-por-la-copa-libertadores-posibles-formaciones-horario-y-por-donde-ver-ole\/#primaryimage\"},\"image\":{\"@id\":\"https:\/\/gysfm.com.ar\/inicio\/corinthians-vs-rosario-central-hoy-en-vivo-por-la-copa-libertadores-posibles-formaciones-horario-y-por-donde-ver-ole\/#primaryimage\"},\"thumbnailUrl\":\"https:\/\/gysfm.com.ar\/inicio\/wp-content\/uploads\/2026\/08\/7y38lp-tQ_2000x1500__1.jpg\",\"datePublished\":\"2026-08-20T15:20:07+00:00\",\"breadcrumb\":{\"@id\":\"https:\/\/gysfm.com.ar\/inicio\/corinthians-vs-rosario-central-hoy-en-vivo-por-la-copa-libertadores-posibles-formaciones-horario-y-por-donde-ver-ole\/#breadcrumb\"},\"inLanguage\":\"es\",\"potentialAction\":[{\"@type\":\"ReadAction\",\"target\":[\"https:\/\/gysfm.com.ar\/inicio\/corinthians-vs-rosario-central-hoy-en-vivo-por-la-copa-libertadores-posibles-formaciones-horario-y-por-donde-ver-ole\/\"]}]},{\"@type\":\"ImageObject\",\"inLanguage\":\"es\",\"@id\":\"https:\/\/gysfm.com.ar\/inicio\/corinthians-vs-rosario-central-hoy-en-vivo-por-la-copa-libertadores-posibles-formaciones-horario-y-por-donde-ver-ole\/#primaryimage\",\"url\":\"https:\/\/gysfm.com.ar\/inicio\/wp-content\/uploads\/2026\/08\/7y38lp-tQ_2000x1500__1.jpg\",\"contentUrl\":\"https:\/\/gysfm.com.ar\/inicio\/wp-content\/uploads\/2026\/08\/7y38lp-tQ_2000x1500__1.jpg\",\"width\":2000,\"height\":1500},{\"@type\":\"BreadcrumbList\",\"@id\":\"https:\/\/gysfm.com.ar\/inicio\/corinthians-vs-rosario-central-hoy-en-vivo-por-la-copa-libertadores-posibles-formaciones-horario-y-por-donde-ver-ole\/#breadcrumb\",\"itemListElement\":[{\"@type\":\"ListItem\",\"position\":1,\"name\":\"Portada\",\"item\":\"https:\/\/gysfm.com.ar\/inicio\/\"},{\"@type\":\"ListItem\",\"position\":2,\"name\":\"Corinthians vs. Rosario Central, hoy EN VIVO por la Copa Libertadores: posibles formaciones, horario y por d\u00f3nde ver :: Ol\u00e9\"}]},{\"@type\":\"WebSite\",\"@id\":\"https:\/\/gysfm.com.ar\/inicio\/#website\",\"url\":\"https:\/\/gysfm.com.ar\/inicio\/\",\"name\":\"GYS NOTICIAS |\",\"description\":\"DIARIO - RADIO ONLINE SAN JUAN ARGENTINA\",\"publisher\":{\"@id\":\"https:\/\/gysfm.com.ar\/inicio\/#organization\"},\"potentialAction\":[{\"@type\":\"SearchAction\",\"target\":{\"@type\":\"EntryPoint\",\"urlTemplate\":\"https:\/\/gysfm.com.ar\/inicio\/?s={search_term_string}\"},\"query-input\":{\"@type\":\"PropertyValueSpecification\",\"valueRequired\":true,\"valueName\":\"search_term_string\"}}],\"inLanguage\":\"es\"},{\"@type\":\"Organization\",\"@id\":\"https:\/\/gysfm.com.ar\/inicio\/#organization\",\"name\":\"GYS NOTICIAS |\",\"url\":\"https:\/\/gysfm.com.ar\/inicio\/\",\"logo\":{\"@type\":\"ImageObject\",\"inLanguage\":\"es\",\"@id\":\"https:\/\/gysfm.com.ar\/inicio\/#\/schema\/logo\/image\/\",\"url\":\"https:\/\/gysfm.com.ar\/inicio\/wp-content\/uploads\/2023\/07\/LOGOGYS-OK.png\",\"contentUrl\":\"https:\/\/gysfm.com.ar\/inicio\/wp-content\/uploads\/2023\/07\/LOGOGYS-OK.png\",\"width\":1170,\"height\":872,\"caption\":\"GYS NOTICIAS |\"},\"image\":{\"@id\":\"https:\/\/gysfm.com.ar\/inicio\/#\/schema\/logo\/image\/\"}},{\"@type\":\"Person\",\"@id\":\"https:\/\/gysfm.com.ar\/inicio\/#\/schema\/person\/5bedd7ecd35cc35548d89effafa23696\",\"name\":\"admin\",\"image\":{\"@type\":\"ImageObject\",\"inLanguage\":\"es\",\"@id\":\"https:\/\/gysfm.com.ar\/inicio\/#\/schema\/person\/image\/\",\"url\":\"https:\/\/secure.gravatar.com\/avatar\/c331d312b5243fb64d5ba28108a447b27c925295129a363082c9ea52c28d32c2?s=96&d=mm&r=g\",\"contentUrl\":\"https:\/\/secure.gravatar.com\/avatar\/c331d312b5243fb64d5ba28108a447b27c925295129a363082c9ea52c28d32c2?s=96&d=mm&r=g\",\"caption\":\"admin\"},\"sameAs\":[\"https:\/\/gysfm.com.ar\/inicio\"],\"url\":\"https:\/\/gysfm.com.ar\/inicio\/author\/admin\/\"}]}<\/script>\n<!-- \/ Yoast SEO plugin. -->","yoast_head_json":{"title":"Corinthians vs. Rosario Central, hoy EN VIVO por la Copa Libertadores: posibles formaciones, horario y por d\u00f3nde ver :: Ol\u00e9 - GYS NOTICIAS |","robots":{"index":"index","follow":"follow","max-snippet":"max-snippet:-1","max-image-preview":"max-image-preview:large","max-video-preview":"max-video-preview:-1"},"canonical":"https:\/\/gysfm.com.ar\/inicio\/corinthians-vs-rosario-central-hoy-en-vivo-por-la-copa-libertadores-posibles-formaciones-horario-y-por-donde-ver-ole\/","og_locale":"es_ES","og_type":"article","og_title":"Corinthians vs. Rosario Central, hoy EN VIVO por la Copa Libertadores: posibles formaciones, horario y por d\u00f3nde ver :: Ol\u00e9 - GYS NOTICIAS |","og_description":"20\/08\/2026 10:26hs. Actualizado al 20\/08\/2026 12:03hs. Este jueves, Corinthians y Rosario Central se enfrentan en un duelo crucial en el estadio Neo Qu\u00edmica Arena de San Pablo por la vuelta de los octavos de final de la Copa Libertadores 2026. Tras una serie abierta que definir\u00e1 a uno de los clasificados a la siguiente fase [&hellip;]","og_url":"https:\/\/gysfm.com.ar\/inicio\/corinthians-vs-rosario-central-hoy-en-vivo-por-la-copa-libertadores-posibles-formaciones-horario-y-por-donde-ver-ole\/","og_site_name":"GYS NOTICIAS |","article_published_time":"2026-08-20T15:20:07+00:00","og_image":[{"url":"https:\/\/www.ole.com.ar\/images\/2026\/08\/14\/ts_OPd7-v_720x0__1.jpg","type":"","width":"","height":""}],"author":"admin","twitter_card":"summary_large_image","twitter_misc":{"Escrito por":"admin","Tiempo de lectura":"3 minutos"},"schema":{"@context":"https:\/\/schema.org","@graph":[{"@type":"Article","@id":"https:\/\/gysfm.com.ar\/inicio\/corinthians-vs-rosario-central-hoy-en-vivo-por-la-copa-libertadores-posibles-formaciones-horario-y-por-donde-ver-ole\/#article","isPartOf":{"@id":"https:\/\/gysfm.com.ar\/inicio\/corinthians-vs-rosario-central-hoy-en-vivo-por-la-copa-libertadores-posibles-formaciones-horario-y-por-donde-ver-ole\/"},"author":{"name":"admin","@id":"https:\/\/gysfm.com.ar\/inicio\/#\/schema\/person\/5bedd7ecd35cc35548d89effafa23696"},"headline":"Corinthians vs. Rosario Central, hoy EN VIVO por la Copa Libertadores: posibles formaciones, horario y por d\u00f3nde ver :: Ol\u00e9","datePublished":"2026-08-20T15:20:07+00:00","mainEntityOfPage":{"@id":"https:\/\/gysfm.com.ar\/inicio\/corinthians-vs-rosario-central-hoy-en-vivo-por-la-copa-libertadores-posibles-formaciones-horario-y-por-donde-ver-ole\/"},"wordCount":577,"publisher":{"@id":"https:\/\/gysfm.com.ar\/inicio\/#organization"},"image":{"@id":"https:\/\/gysfm.com.ar\/inicio\/corinthians-vs-rosario-central-hoy-en-vivo-por-la-copa-libertadores-posibles-formaciones-horario-y-por-donde-ver-ole\/#primaryimage"},"thumbnailUrl":"https:\/\/gysfm.com.ar\/inicio\/wp-content\/uploads\/2026\/08\/7y38lp-tQ_2000x1500__1.jpg","articleSection":["DEPORTES"],"inLanguage":"es"},{"@type":"WebPage","@id":"https:\/\/gysfm.com.ar\/inicio\/corinthians-vs-rosario-central-hoy-en-vivo-por-la-copa-libertadores-posibles-formaciones-horario-y-por-donde-ver-ole\/","url":"https:\/\/gysfm.com.ar\/inicio\/corinthians-vs-rosario-central-hoy-en-vivo-por-la-copa-libertadores-posibles-formaciones-horario-y-por-donde-ver-ole\/","name":"Corinthians vs. Rosario Central, hoy EN VIVO por la Copa Libertadores: posibles formaciones, horario y por d\u00f3nde ver :: Ol\u00e9 - GYS NOTICIAS |","isPartOf":{"@id":"https:\/\/gysfm.com.ar\/inicio\/#website"},"primaryImageOfPage":{"@id":"https:\/\/gysfm.com.ar\/inicio\/corinthians-vs-rosario-central-hoy-en-vivo-por-la-copa-libertadores-posibles-formaciones-horario-y-por-donde-ver-ole\/#primaryimage"},"image":{"@id":"https:\/\/gysfm.com.ar\/inicio\/corinthians-vs-rosario-central-hoy-en-vivo-por-la-copa-libertadores-posibles-formaciones-horario-y-por-donde-ver-ole\/#primaryimage"},"thumbnailUrl":"https:\/\/gysfm.com.ar\/inicio\/wp-content\/uploads\/2026\/08\/7y38lp-tQ_2000x1500__1.jpg","datePublished":"2026-08-20T15:20:07+00:00","breadcrumb":{"@id":"https:\/\/gysfm.com.ar\/inicio\/corinthians-vs-rosario-central-hoy-en-vivo-por-la-copa-libertadores-posibles-formaciones-horario-y-por-donde-ver-ole\/#breadcrumb"},"inLanguage":"es","potentialAction":[{"@type":"ReadAction","target":["https:\/\/gysfm.com.ar\/inicio\/corinthians-vs-rosario-central-hoy-en-vivo-por-la-copa-libertadores-posibles-formaciones-horario-y-por-donde-ver-ole\/"]}]},{"@type":"ImageObject","inLanguage":"es","@id":"https:\/\/gysfm.com.ar\/inicio\/corinthians-vs-rosario-central-hoy-en-vivo-por-la-copa-libertadores-posibles-formaciones-horario-y-por-donde-ver-ole\/#primaryimage","url":"https:\/\/gysfm.com.ar\/inicio\/wp-content\/uploads\/2026\/08\/7y38lp-tQ_2000x1500__1.jpg","contentUrl":"https:\/\/gysfm.com.ar\/inicio\/wp-content\/uploads\/2026\/08\/7y38lp-tQ_2000x1500__1.jpg","width":2000,"height":1500},{"@type":"BreadcrumbList","@id":"https:\/\/gysfm.com.ar\/inicio\/corinthians-vs-rosario-central-hoy-en-vivo-por-la-copa-libertadores-posibles-formaciones-horario-y-por-donde-ver-ole\/#breadcrumb","itemListElement":[{"@type":"ListItem","position":1,"name":"Portada","item":"https:\/\/gysfm.com.ar\/inicio\/"},{"@type":"ListItem","position":2,"name":"Corinthians vs. Rosario Central, hoy EN VIVO por la Copa Libertadores: posibles formaciones, horario y por d\u00f3nde ver :: Ol\u00e9"}]},{"@type":"WebSite","@id":"https:\/\/gysfm.com.ar\/inicio\/#website","url":"https:\/\/gysfm.com.ar\/inicio\/","name":"GYS NOTICIAS |","description":"DIARIO - RADIO ONLINE SAN JUAN ARGENTINA","publisher":{"@id":"https:\/\/gysfm.com.ar\/inicio\/#organization"},"potentialAction":[{"@type":"SearchAction","target":{"@type":"EntryPoint","urlTemplate":"https:\/\/gysfm.com.ar\/inicio\/?s={search_term_string}"},"query-input":{"@type":"PropertyValueSpecification","valueRequired":true,"valueName":"search_term_string"}}],"inLanguage":"es"},{"@type":"Organization","@id":"https:\/\/gysfm.com.ar\/inicio\/#organization","name":"GYS NOTICIAS |","url":"https:\/\/gysfm.com.ar\/inicio\/","logo":{"@type":"ImageObject","inLanguage":"es","@id":"https:\/\/gysfm.com.ar\/inicio\/#\/schema\/logo\/image\/","url":"https:\/\/gysfm.com.ar\/inicio\/wp-content\/uploads\/2023\/07\/LOGOGYS-OK.png","contentUrl":"https:\/\/gysfm.com.ar\/inicio\/wp-content\/uploads\/2023\/07\/LOGOGYS-OK.png","width":1170,"height":872,"caption":"GYS NOTICIAS |"},"image":{"@id":"https:\/\/gysfm.com.ar\/inicio\/#\/schema\/logo\/image\/"}},{"@type":"Person","@id":"https:\/\/gysfm.com.ar\/inicio\/#\/schema\/person\/5bedd7ecd35cc35548d89effafa23696","name":"admin","image":{"@type":"ImageObject","inLanguage":"es","@id":"https:\/\/gysfm.com.ar\/inicio\/#\/schema\/person\/image\/","url":"https:\/\/secure.gravatar.com\/avatar\/c331d312b5243fb64d5ba28108a447b27c925295129a363082c9ea52c28d32c2?s=96&d=mm&r=g","contentUrl":"https:\/\/secure.gravatar.com\/avatar\/c331d312b5243fb64d5ba28108a447b27c925295129a363082c9ea52c28d32c2?s=96&d=mm&r=g","caption":"admin"},"sameAs":["https:\/\/gysfm.com.ar\/inicio"],"url":"https:\/\/gysfm.com.ar\/inicio\/author\/admin\/"}]}},"_links":{"self":[{"href":"https:\/\/gysfm.com.ar\/inicio\/wp-json\/wp\/v2\/posts\/208805","targetHints":{"allow":["GET"]}}],"collection":[{"href":"https:\/\/gysfm.com.ar\/inicio\/wp-json\/wp\/v2\/posts"}],"about":[{"href":"https:\/\/gysfm.com.ar\/inicio\/wp-json\/wp\/v2\/types\/post"}],"author":[{"embeddable":true,"href":"https:\/\/gysfm.com.ar\/inicio\/wp-json\/wp\/v2\/users\/1"}],"replies":[{"embeddable":true,"href":"https:\/\/gysfm.com.ar\/inicio\/wp-json\/wp\/v2\/comments?post=208805"}],"version-history":[{"count":0,"href":"https:\/\/gysfm.com.ar\/inicio\/wp-json\/wp\/v2\/posts\/208805\/revisions"}],"wp:featuredmedia":[{"embeddable":true,"href":"https:\/\/gysfm.com.ar\/inicio\/wp-json\/wp\/v2\/media\/208806"}],"wp:attachment":[{"href":"https:\/\/gysfm.com.ar\/inicio\/wp-json\/wp\/v2\/media?parent=208805"}],"wp:term":[{"taxonomy":"category","embeddable":true,"href":"https:\/\/gysfm.com.ar\/inicio\/wp-json\/wp\/v2\/categories?post=208805"},{"taxonomy":"post_tag","embeddable":true,"href":"https:\/\/gysfm.com.ar\/inicio\/wp-json\/wp\/v2\/tags?post=208805"}],"curies":[{"name":"wp","href":"https:\/\/api.w.org\/{rel}","templated":true}]}}