{"id":208800,"date":"2026-08-20T11:14:08","date_gmt":"2026-08-20T14:14:08","guid":{"rendered":"https:\/\/gysfm.com.ar\/inicio\/eeuu-y-canada-retoman-las-negociaciones-despues-de-que-donald-trump-prorrogue-su-implementacion\/"},"modified":"2026-08-20T11:14:08","modified_gmt":"2026-08-20T14:14:08","slug":"eeuu-y-canada-retoman-las-negociaciones-despues-de-que-donald-trump-prorrogue-su-implementacion","status":"publish","type":"post","link":"https:\/\/gysfm.com.ar\/inicio\/eeuu-y-canada-retoman-las-negociaciones-despues-de-que-donald-trump-prorrogue-su-implementacion\/","title":{"rendered":"EEUU y Canad\u00e1 retoman las negociaciones despu\u00e9s de que Donald Trump prorrogue su implementaci\u00f3n"},"content":{"rendered":"<p> <br \/>\n<\/p>\n<div>\t\t<!-- { REGION4 --> <\/p>\n<header class=\"news-headline\">\n<div class=\"news-headline__topics-and-date-wrapper\">    <span class=\"news-headline__publication-date\"> 19 de agosto 2026 &#8211; 16:45<br \/>\n            <\/span><\/div>\n<h2 class=\"news-headline__article-summary\"\/>\n<p id=\"p-1787159712077-75508\" class=\"ignore-parser\"> Trump suspendi\u00f3 por tres d\u00edas los aranceles del 50% sobre algunos productos canadienses. Mientras tanto, el sector automotriz presiona para bajar el gravamen del 25% al 10%, mientras Washington no cede de su oferta del 15%.<\/p>\n<\/header>\n<div class=\"detail-highlighted-multimedia content-protected-false\">\n<figure class=\"detail-highlighted-multimedia__figure\">  <img src=\"https:\/\/media.ambito.com\/p\/a1c74344563a6de324f9924e5ec250c5\/adjuntos\/239\/imagenes\/037\/930\/0037930925\/bandera-eeuu-canada.jpg\" decoding=\"async\" fetchpriority=\"low\" loading=\"lazy\" class=\"detail-highlighted-multimedia__figure-img img-fluid\" alt=\"Los aranceles implicar\u00edan un recargo de 50% a los productos canadienses.\u00a0\" width=\"540\" height=\"405\"\/><figcaption class=\"detail-highlighted-multimedia__figcaption\">  <span class=\"detail-highlighted-multimedia__copyright\">Pixabay<\/span><\/figcaption><\/figure>\n<\/div>\n<article class=\"article-body article-body--first-paragraph content-protected-false\" data-td-script-src=\"https:\/\/www.ambito.com\/td\/modulos\/encuestas\/js\/function-embeds-min-version-1787198804.js\">\n<p id=\"p-1787161264364-12831\" dir=\"ltr\">Los negociadores comerciales de<strong> Canad\u00e1<\/strong> y <strong>Estados Unidos<\/strong> se reunieron este mi\u00e9rcoles luego de que el presidente norteamericano, <strong>Donald Trump<\/strong>, suspendiera por tres d\u00edas la aplicaci\u00f3n de los aranceles del 50% previstos sobre algunos productos canadienses. <strong>El nivel del arancel sobre los autom\u00f3viles<\/strong> contin\u00faa siendo el principal punto de fricci\u00f3n.<\/p>\n<\/article>\n<section class=\"suscription-false printed-edition\" style=\"display:none\">\n<p> El contenido al que quiere acceder es exclusivo para suscriptores.<\/p>\n<p>  <span> <button type=\"button\" name=\"button\" class=\"subscribe-btn mercadopago-btn\">suscribirse<\/button><\/span>  <span class=\"btns\"><button type=\"button\" name=\"button\" class=\"subscribe-btn reload-login\"> ya estoy suscripto<\/button><\/span>  <\/p>\n<\/section>\n<article class=\"article-body article-body--second-paragraph content-protected-false\">\n<p id=\"p-1787161264364-73126\" dir=\"ltr\">El ministro canadiense a cargo del comercio con <strong>Estados Unidos, Dominic LeBlanc<\/strong>, y la negociadora principal de Canad\u00e1, <strong>Janice Charette<\/strong>, se reunieron con el representante comercial estadounidense, <strong>Jamieson Greer<\/strong>, seg\u00fan confirm\u00f3 la oficina de LeBlanc en un comunicado.<\/p>\n<\/article>\n<section class=\"related-news\">\t\t<span class=\"related-news__title\">Informate m\u00e1s<\/span>\t\t<\/p>\n<div class=\"row row--eq-height\">\n<div class=\"col-12 col-md-6\">\n<article class=\"news-article news-article--landscape-news news-article--landscape-news\">\n<figure class=\"news-article__figure figure\">\n\t\t\t\t\t\t\t\t\t\t\t<img src=\"https:\/\/media.ambito.com\/p\/97c727f3e1a751cccd4ee0e751f8a396\/adjuntos\/351\/imagenes\/041\/582\/0041582272\/93x52\/smart\/dolar-bandera-estados-unidosjpg.jpg\" decoding=\"async\" fetchpriority=\"low\" loading=\"lazy\" alt=\"El d\u00f3lar global cede de la mano de la recompra de bonos estadounidenses.\" title=\"El d\u00f3lar global cede de la mano de la recompra de bonos estadounidenses.\" width=\"93\" height=\"52\" class=\"news-article__figure-img figure-img img-fluid\"\/>\t\t<\/figure>\n<\/article><\/div>\n<div class=\"col-12 col-md-6\">\n<article class=\"news-article news-article--landscape-news news-article--landscape-news\">\n<figure class=\"news-article__figure figure\">\n\t\t\t\t\t\t\t\t\t\t\t<img src=\"https:\/\/media.ambito.com\/p\/69cfe093e3958a80d9acdcb46429a957\/adjuntos\/239\/imagenes\/043\/592\/0043592747\/93x52\/smart\/estados-unidos-mercados-dolar.jpg\" decoding=\"async\" fetchpriority=\"low\" loading=\"lazy\" alt=\"El pasivo de Estados Unidos ya supera los u$s40 billones, m\u00e1s del doble que hace menos de una d\u00e9cada. El creciente peso de los intereses amenaza con agravar el desequilibrio fiscal.\" title=\"El pasivo de Estados Unidos ya supera los u$s40 billones, m\u00e1s del doble que hace menos de una d\u00e9cada. El creciente peso de los intereses amenaza con agravar el desequilibrio fiscal.\" width=\"93\" height=\"52\" class=\"news-article__figure-img figure-img img-fluid\"\/>\t\t<\/figure>\n<\/article><\/div>\n<\/div>\n<\/section>\n<article class=\"article-body article-body--third-paragraph content-protected-false\">\n<p id=\"p-1787161264364-22474\" dir=\"ltr\"> El martes por la noche, <strong>Trump afirm\u00f3 que ambos pa\u00edses hab\u00edan llegado a un entendimiento<\/strong>, sujeto a la firma de los documentos correspondientes. Sin embargo, el primer ministro canadiense, <strong>Mark Carney<\/strong>, fue m\u00e1s cauto: reconoci\u00f3 que se hab\u00edan producido avances sustanciales, pero <strong>advirti\u00f3 que a\u00fan queda trabajo importante por delante<\/strong>.<\/p>\n<\/article>\n<article class=\"article-body article-body--fourth-paragraph content-protected-false\">\n<p id=\"p-1787161264364-2376\" dir=\"ltr\">A diferencia de esquemas anteriores,<strong> los nuevos aranceles se aplicar\u00edan con independencia <\/strong>de si las mercanc\u00edas cumplen los requisitos para recibir trato preferencial en el marco del acuerdo comercial entre <strong>Estados Unidos, M\u00e9xico y Canad\u00e1 (T-MEC)<\/strong>.<\/p>\n<\/article>\n<article class=\"article-body article-body--fifth-paragraph content-protected-false\">\n<div contenteditable=\"false\" class=\"embed_cont type_imagen\" id=\"8266562-Libre-570373036_wrap\">\n<div id=\"8266562-Libre-570373036_content\" class=\"embed_content\"><img src=\"https:\/\/media.ambito.com\/p\/2f414f5c1b7414f65a95712627a709fc\/adjuntos\/239\/imagenes\/043\/590\/0043590186\/730x0\/632x218:652x238\/trump-carney.png\" decoding=\"async\" fetchpriority=\"low\" loading=\"lazy\" alt=\"El primer ministro de Canad\u00e1, Mark Carney, junto al presidente norteamericano, Donald Trump.\" title=\"El primer ministro de Canad\u00e1, Mark Carney, junto al presidente norteamericano, Donald Trump.\" width=\"730\" height=\"undefined\" id=\"8266562-Libre-570373036_embed\"\/><\/div>\n<div class=\"embed_wrapper-cont\" id=\"p-1787161904517-61869\">\n<div id=\"8266562-Libre-570373036_epigrafe\" class=\"embed_epigrafe\">\n<p id=\"p-1787161941314-86035\">El primer ministro de Canad\u00e1, Mark Carney, junto al presidente norteamericano, Donald Trump.<\/p>\n<\/div><\/div><\/div>\n<h2 id=\"p-1787161264364-85618\" dir=\"ltr\">El sector automotriz, en el centro de la disputa<\/h2>\n<p id=\"p-1787161264364-65869\" dir=\"ltr\">Mientras tanto, los fabricantes de autom\u00f3viles esperan un acuerdo final que reduzca dr\u00e1sticamente el arancel estadounidense del 25% sobre los veh\u00edculos y autopartes canadienses. Dos ejecutivos del sector indicaron a Reuters que<strong> Canad\u00e1 presiona para llevarlo al 10%<\/strong>, mientras que Washington ofrece bajarlo al 15%.<\/p>\n<\/article>\n<article class=\"article-body article-body--remaining-paragraph content-protected-false\">\n<p id=\"p-1787161264364-47657\" dir=\"ltr\">Persisten adem\u00e1s otras cuestiones sin resolver. Una de ellas es<strong> si Estados Unidos permitir\u00e1 deducir del arancel el valor del contenido regional de M\u00e9xico, Estados Unidos y Canad\u00e1<\/strong> en su conjunto, o solo el aporte de componentes fabricados en territorio estadounidense.<\/p>\n<p id=\"p-1787161837218-42052\" dir=\"ltr\">Otra es si las reducciones alcanzar\u00e1n a los veh\u00edculos de servicio mediano y pesado, o \u00fanicamente a los autos de pasajeros y camionetas. <strong>Canad\u00e1 insiste en que las rebajas deben abarcar a todos los tipos de veh\u00edculos<\/strong>.<\/p>\n<\/article>\n<p>\t\t<!-- REGION4 } --><\/div>\n<p><script>\n!function(f,b,e,v,n,t,s)\n{if(f.fbq)return;n=f.fbq=function(){n.callMethod?\nn.callMethod.apply(n,arguments):n.queue.push(arguments)};\nif(!f._fbq)f._fbq=n;n.push=n;n.loaded=!0;n.version='2.0';\nn.queue=[];t=b.createElement(e);t.async=!0;\nt.src=v;s=b.getElementsByTagName(e)[0];\ns.parentNode.insertBefore(t,s)}(window,document,'script',\n'https:\/\/connect.facebook.net\/en_US\/fbevents.js');\nfbq('init', '2047048335588113');\nfbq('track', 'PageView');\n<\/script><br \/>\n<br \/><\/p>\n","protected":false},"excerpt":{"rendered":"<p>19 de agosto 2026 &#8211; 16:45 Trump suspendi\u00f3 por tres d\u00edas los aranceles del 50% sobre algunos productos canadienses. Mientras tanto, el sector automotriz presiona para bajar el gravamen del 25% al 10%, mientras Washington no cede de su oferta del 15%. Pixabay Los negociadores comerciales de Canad\u00e1 y Estados Unidos se reunieron este mi\u00e9rcoles [&hellip;]<\/p>\n","protected":false},"author":1,"featured_media":208801,"comment_status":"closed","ping_status":"closed","sticky":false,"template":"","format":"standard","meta":{"footnotes":""},"categories":[28],"tags":[],"class_list":["post-208800","post","type-post","status-publish","format-standard","has-post-thumbnail","hentry","category-economia"],"yoast_head":"<!-- This site is optimized with the Yoast SEO plugin v24.4 - https:\/\/yoast.com\/wordpress\/plugins\/seo\/ -->\n<title>EEUU y Canad\u00e1 retoman las negociaciones despu\u00e9s de que Donald Trump prorrogue su implementaci\u00f3n - GYS NOTICIAS |<\/title>\n<meta name=\"robots\" content=\"index, follow, max-snippet:-1, max-image-preview:large, max-video-preview:-1\" \/>\n<link rel=\"canonical\" href=\"https:\/\/gysfm.com.ar\/inicio\/eeuu-y-canada-retoman-las-negociaciones-despues-de-que-donald-trump-prorrogue-su-implementacion\/\" \/>\n<meta property=\"og:locale\" content=\"es_ES\" \/>\n<meta property=\"og:type\" content=\"article\" \/>\n<meta property=\"og:title\" content=\"EEUU y Canad\u00e1 retoman las negociaciones despu\u00e9s de que Donald Trump prorrogue su implementaci\u00f3n - GYS NOTICIAS |\" \/>\n<meta property=\"og:description\" content=\"19 de agosto 2026 &#8211; 16:45 Trump suspendi\u00f3 por tres d\u00edas los aranceles del 50% sobre algunos productos canadienses. Mientras tanto, el sector automotriz presiona para bajar el gravamen del 25% al 10%, mientras Washington no cede de su oferta del 15%. Pixabay Los negociadores comerciales de Canad\u00e1 y Estados Unidos se reunieron este mi\u00e9rcoles [&hellip;]\" \/>\n<meta property=\"og:url\" content=\"https:\/\/gysfm.com.ar\/inicio\/eeuu-y-canada-retoman-las-negociaciones-despues-de-que-donald-trump-prorrogue-su-implementacion\/\" \/>\n<meta property=\"og:site_name\" content=\"GYS NOTICIAS |\" \/>\n<meta property=\"article:published_time\" content=\"2026-08-20T14:14:08+00:00\" \/>\n<meta property=\"og:image\" content=\"https:\/\/media.ambito.com\/p\/a1c74344563a6de324f9924e5ec250c5\/adjuntos\/239\/imagenes\/037\/930\/0037930925\/bandera-eeuu-canada.jpg\" \/>\n<meta name=\"author\" content=\"admin\" \/>\n<meta name=\"twitter:card\" content=\"summary_large_image\" \/>\n<meta name=\"twitter:label1\" content=\"Escrito por\" \/>\n\t<meta name=\"twitter:data1\" content=\"admin\" \/>\n\t<meta name=\"twitter:label2\" content=\"Tiempo de lectura\" \/>\n\t<meta name=\"twitter:data2\" content=\"2 minutos\" \/>\n<script type=\"application\/ld+json\" class=\"yoast-schema-graph\">{\"@context\":\"https:\/\/schema.org\",\"@graph\":[{\"@type\":\"Article\",\"@id\":\"https:\/\/gysfm.com.ar\/inicio\/eeuu-y-canada-retoman-las-negociaciones-despues-de-que-donald-trump-prorrogue-su-implementacion\/#article\",\"isPartOf\":{\"@id\":\"https:\/\/gysfm.com.ar\/inicio\/eeuu-y-canada-retoman-las-negociaciones-despues-de-que-donald-trump-prorrogue-su-implementacion\/\"},\"author\":{\"name\":\"admin\",\"@id\":\"https:\/\/gysfm.com.ar\/inicio\/#\/schema\/person\/5bedd7ecd35cc35548d89effafa23696\"},\"headline\":\"EEUU y Canad\u00e1 retoman las negociaciones despu\u00e9s de que Donald Trump prorrogue su implementaci\u00f3n\",\"datePublished\":\"2026-08-20T14:14:08+00:00\",\"mainEntityOfPage\":{\"@id\":\"https:\/\/gysfm.com.ar\/inicio\/eeuu-y-canada-retoman-las-negociaciones-despues-de-que-donald-trump-prorrogue-su-implementacion\/\"},\"wordCount\":410,\"publisher\":{\"@id\":\"https:\/\/gysfm.com.ar\/inicio\/#organization\"},\"image\":{\"@id\":\"https:\/\/gysfm.com.ar\/inicio\/eeuu-y-canada-retoman-las-negociaciones-despues-de-que-donald-trump-prorrogue-su-implementacion\/#primaryimage\"},\"thumbnailUrl\":\"https:\/\/gysfm.com.ar\/inicio\/wp-content\/uploads\/2026\/08\/bandera-eeuu-canada.jpg\",\"articleSection\":[\"ECONOMIA\"],\"inLanguage\":\"es\"},{\"@type\":\"WebPage\",\"@id\":\"https:\/\/gysfm.com.ar\/inicio\/eeuu-y-canada-retoman-las-negociaciones-despues-de-que-donald-trump-prorrogue-su-implementacion\/\",\"url\":\"https:\/\/gysfm.com.ar\/inicio\/eeuu-y-canada-retoman-las-negociaciones-despues-de-que-donald-trump-prorrogue-su-implementacion\/\",\"name\":\"EEUU y Canad\u00e1 retoman las negociaciones despu\u00e9s de que Donald Trump prorrogue su implementaci\u00f3n - GYS NOTICIAS |\",\"isPartOf\":{\"@id\":\"https:\/\/gysfm.com.ar\/inicio\/#website\"},\"primaryImageOfPage\":{\"@id\":\"https:\/\/gysfm.com.ar\/inicio\/eeuu-y-canada-retoman-las-negociaciones-despues-de-que-donald-trump-prorrogue-su-implementacion\/#primaryimage\"},\"image\":{\"@id\":\"https:\/\/gysfm.com.ar\/inicio\/eeuu-y-canada-retoman-las-negociaciones-despues-de-que-donald-trump-prorrogue-su-implementacion\/#primaryimage\"},\"thumbnailUrl\":\"https:\/\/gysfm.com.ar\/inicio\/wp-content\/uploads\/2026\/08\/bandera-eeuu-canada.jpg\",\"datePublished\":\"2026-08-20T14:14:08+00:00\",\"breadcrumb\":{\"@id\":\"https:\/\/gysfm.com.ar\/inicio\/eeuu-y-canada-retoman-las-negociaciones-despues-de-que-donald-trump-prorrogue-su-implementacion\/#breadcrumb\"},\"inLanguage\":\"es\",\"potentialAction\":[{\"@type\":\"ReadAction\",\"target\":[\"https:\/\/gysfm.com.ar\/inicio\/eeuu-y-canada-retoman-las-negociaciones-despues-de-que-donald-trump-prorrogue-su-implementacion\/\"]}]},{\"@type\":\"ImageObject\",\"inLanguage\":\"es\",\"@id\":\"https:\/\/gysfm.com.ar\/inicio\/eeuu-y-canada-retoman-las-negociaciones-despues-de-que-donald-trump-prorrogue-su-implementacion\/#primaryimage\",\"url\":\"https:\/\/gysfm.com.ar\/inicio\/wp-content\/uploads\/2026\/08\/bandera-eeuu-canada.jpg\",\"contentUrl\":\"https:\/\/gysfm.com.ar\/inicio\/wp-content\/uploads\/2026\/08\/bandera-eeuu-canada.jpg\",\"width\":1200,\"height\":675},{\"@type\":\"BreadcrumbList\",\"@id\":\"https:\/\/gysfm.com.ar\/inicio\/eeuu-y-canada-retoman-las-negociaciones-despues-de-que-donald-trump-prorrogue-su-implementacion\/#breadcrumb\",\"itemListElement\":[{\"@type\":\"ListItem\",\"position\":1,\"name\":\"Portada\",\"item\":\"https:\/\/gysfm.com.ar\/inicio\/\"},{\"@type\":\"ListItem\",\"position\":2,\"name\":\"EEUU y Canad\u00e1 retoman las negociaciones despu\u00e9s de que Donald Trump prorrogue su implementaci\u00f3n\"}]},{\"@type\":\"WebSite\",\"@id\":\"https:\/\/gysfm.com.ar\/inicio\/#website\",\"url\":\"https:\/\/gysfm.com.ar\/inicio\/\",\"name\":\"GYS NOTICIAS |\",\"description\":\"DIARIO - RADIO ONLINE SAN JUAN ARGENTINA\",\"publisher\":{\"@id\":\"https:\/\/gysfm.com.ar\/inicio\/#organization\"},\"potentialAction\":[{\"@type\":\"SearchAction\",\"target\":{\"@type\":\"EntryPoint\",\"urlTemplate\":\"https:\/\/gysfm.com.ar\/inicio\/?s={search_term_string}\"},\"query-input\":{\"@type\":\"PropertyValueSpecification\",\"valueRequired\":true,\"valueName\":\"search_term_string\"}}],\"inLanguage\":\"es\"},{\"@type\":\"Organization\",\"@id\":\"https:\/\/gysfm.com.ar\/inicio\/#organization\",\"name\":\"GYS NOTICIAS |\",\"url\":\"https:\/\/gysfm.com.ar\/inicio\/\",\"logo\":{\"@type\":\"ImageObject\",\"inLanguage\":\"es\",\"@id\":\"https:\/\/gysfm.com.ar\/inicio\/#\/schema\/logo\/image\/\",\"url\":\"https:\/\/gysfm.com.ar\/inicio\/wp-content\/uploads\/2023\/07\/LOGOGYS-OK.png\",\"contentUrl\":\"https:\/\/gysfm.com.ar\/inicio\/wp-content\/uploads\/2023\/07\/LOGOGYS-OK.png\",\"width\":1170,\"height\":872,\"caption\":\"GYS NOTICIAS |\"},\"image\":{\"@id\":\"https:\/\/gysfm.com.ar\/inicio\/#\/schema\/logo\/image\/\"}},{\"@type\":\"Person\",\"@id\":\"https:\/\/gysfm.com.ar\/inicio\/#\/schema\/person\/5bedd7ecd35cc35548d89effafa23696\",\"name\":\"admin\",\"image\":{\"@type\":\"ImageObject\",\"inLanguage\":\"es\",\"@id\":\"https:\/\/gysfm.com.ar\/inicio\/#\/schema\/person\/image\/\",\"url\":\"https:\/\/secure.gravatar.com\/avatar\/c331d312b5243fb64d5ba28108a447b27c925295129a363082c9ea52c28d32c2?s=96&d=mm&r=g\",\"contentUrl\":\"https:\/\/secure.gravatar.com\/avatar\/c331d312b5243fb64d5ba28108a447b27c925295129a363082c9ea52c28d32c2?s=96&d=mm&r=g\",\"caption\":\"admin\"},\"sameAs\":[\"https:\/\/gysfm.com.ar\/inicio\"],\"url\":\"https:\/\/gysfm.com.ar\/inicio\/author\/admin\/\"}]}<\/script>\n<!-- \/ Yoast SEO plugin. -->","yoast_head_json":{"title":"EEUU y Canad\u00e1 retoman las negociaciones despu\u00e9s de que Donald Trump prorrogue su implementaci\u00f3n - GYS NOTICIAS |","robots":{"index":"index","follow":"follow","max-snippet":"max-snippet:-1","max-image-preview":"max-image-preview:large","max-video-preview":"max-video-preview:-1"},"canonical":"https:\/\/gysfm.com.ar\/inicio\/eeuu-y-canada-retoman-las-negociaciones-despues-de-que-donald-trump-prorrogue-su-implementacion\/","og_locale":"es_ES","og_type":"article","og_title":"EEUU y Canad\u00e1 retoman las negociaciones despu\u00e9s de que Donald Trump prorrogue su implementaci\u00f3n - GYS NOTICIAS |","og_description":"19 de agosto 2026 &#8211; 16:45 Trump suspendi\u00f3 por tres d\u00edas los aranceles del 50% sobre algunos productos canadienses. Mientras tanto, el sector automotriz presiona para bajar el gravamen del 25% al 10%, mientras Washington no cede de su oferta del 15%. Pixabay Los negociadores comerciales de Canad\u00e1 y Estados Unidos se reunieron este mi\u00e9rcoles [&hellip;]","og_url":"https:\/\/gysfm.com.ar\/inicio\/eeuu-y-canada-retoman-las-negociaciones-despues-de-que-donald-trump-prorrogue-su-implementacion\/","og_site_name":"GYS NOTICIAS |","article_published_time":"2026-08-20T14:14:08+00:00","og_image":[{"url":"https:\/\/media.ambito.com\/p\/a1c74344563a6de324f9924e5ec250c5\/adjuntos\/239\/imagenes\/037\/930\/0037930925\/bandera-eeuu-canada.jpg","type":"","width":"","height":""}],"author":"admin","twitter_card":"summary_large_image","twitter_misc":{"Escrito por":"admin","Tiempo de lectura":"2 minutos"},"schema":{"@context":"https:\/\/schema.org","@graph":[{"@type":"Article","@id":"https:\/\/gysfm.com.ar\/inicio\/eeuu-y-canada-retoman-las-negociaciones-despues-de-que-donald-trump-prorrogue-su-implementacion\/#article","isPartOf":{"@id":"https:\/\/gysfm.com.ar\/inicio\/eeuu-y-canada-retoman-las-negociaciones-despues-de-que-donald-trump-prorrogue-su-implementacion\/"},"author":{"name":"admin","@id":"https:\/\/gysfm.com.ar\/inicio\/#\/schema\/person\/5bedd7ecd35cc35548d89effafa23696"},"headline":"EEUU y Canad\u00e1 retoman las negociaciones despu\u00e9s de que Donald Trump prorrogue su implementaci\u00f3n","datePublished":"2026-08-20T14:14:08+00:00","mainEntityOfPage":{"@id":"https:\/\/gysfm.com.ar\/inicio\/eeuu-y-canada-retoman-las-negociaciones-despues-de-que-donald-trump-prorrogue-su-implementacion\/"},"wordCount":410,"publisher":{"@id":"https:\/\/gysfm.com.ar\/inicio\/#organization"},"image":{"@id":"https:\/\/gysfm.com.ar\/inicio\/eeuu-y-canada-retoman-las-negociaciones-despues-de-que-donald-trump-prorrogue-su-implementacion\/#primaryimage"},"thumbnailUrl":"https:\/\/gysfm.com.ar\/inicio\/wp-content\/uploads\/2026\/08\/bandera-eeuu-canada.jpg","articleSection":["ECONOMIA"],"inLanguage":"es"},{"@type":"WebPage","@id":"https:\/\/gysfm.com.ar\/inicio\/eeuu-y-canada-retoman-las-negociaciones-despues-de-que-donald-trump-prorrogue-su-implementacion\/","url":"https:\/\/gysfm.com.ar\/inicio\/eeuu-y-canada-retoman-las-negociaciones-despues-de-que-donald-trump-prorrogue-su-implementacion\/","name":"EEUU y Canad\u00e1 retoman las negociaciones despu\u00e9s de que Donald Trump prorrogue su implementaci\u00f3n - GYS NOTICIAS |","isPartOf":{"@id":"https:\/\/gysfm.com.ar\/inicio\/#website"},"primaryImageOfPage":{"@id":"https:\/\/gysfm.com.ar\/inicio\/eeuu-y-canada-retoman-las-negociaciones-despues-de-que-donald-trump-prorrogue-su-implementacion\/#primaryimage"},"image":{"@id":"https:\/\/gysfm.com.ar\/inicio\/eeuu-y-canada-retoman-las-negociaciones-despues-de-que-donald-trump-prorrogue-su-implementacion\/#primaryimage"},"thumbnailUrl":"https:\/\/gysfm.com.ar\/inicio\/wp-content\/uploads\/2026\/08\/bandera-eeuu-canada.jpg","datePublished":"2026-08-20T14:14:08+00:00","breadcrumb":{"@id":"https:\/\/gysfm.com.ar\/inicio\/eeuu-y-canada-retoman-las-negociaciones-despues-de-que-donald-trump-prorrogue-su-implementacion\/#breadcrumb"},"inLanguage":"es","potentialAction":[{"@type":"ReadAction","target":["https:\/\/gysfm.com.ar\/inicio\/eeuu-y-canada-retoman-las-negociaciones-despues-de-que-donald-trump-prorrogue-su-implementacion\/"]}]},{"@type":"ImageObject","inLanguage":"es","@id":"https:\/\/gysfm.com.ar\/inicio\/eeuu-y-canada-retoman-las-negociaciones-despues-de-que-donald-trump-prorrogue-su-implementacion\/#primaryimage","url":"https:\/\/gysfm.com.ar\/inicio\/wp-content\/uploads\/2026\/08\/bandera-eeuu-canada.jpg","contentUrl":"https:\/\/gysfm.com.ar\/inicio\/wp-content\/uploads\/2026\/08\/bandera-eeuu-canada.jpg","width":1200,"height":675},{"@type":"BreadcrumbList","@id":"https:\/\/gysfm.com.ar\/inicio\/eeuu-y-canada-retoman-las-negociaciones-despues-de-que-donald-trump-prorrogue-su-implementacion\/#breadcrumb","itemListElement":[{"@type":"ListItem","position":1,"name":"Portada","item":"https:\/\/gysfm.com.ar\/inicio\/"},{"@type":"ListItem","position":2,"name":"EEUU y Canad\u00e1 retoman las negociaciones despu\u00e9s de que Donald Trump prorrogue su implementaci\u00f3n"}]},{"@type":"WebSite","@id":"https:\/\/gysfm.com.ar\/inicio\/#website","url":"https:\/\/gysfm.com.ar\/inicio\/","name":"GYS NOTICIAS |","description":"DIARIO - RADIO ONLINE SAN JUAN ARGENTINA","publisher":{"@id":"https:\/\/gysfm.com.ar\/inicio\/#organization"},"potentialAction":[{"@type":"SearchAction","target":{"@type":"EntryPoint","urlTemplate":"https:\/\/gysfm.com.ar\/inicio\/?s={search_term_string}"},"query-input":{"@type":"PropertyValueSpecification","valueRequired":true,"valueName":"search_term_string"}}],"inLanguage":"es"},{"@type":"Organization","@id":"https:\/\/gysfm.com.ar\/inicio\/#organization","name":"GYS NOTICIAS |","url":"https:\/\/gysfm.com.ar\/inicio\/","logo":{"@type":"ImageObject","inLanguage":"es","@id":"https:\/\/gysfm.com.ar\/inicio\/#\/schema\/logo\/image\/","url":"https:\/\/gysfm.com.ar\/inicio\/wp-content\/uploads\/2023\/07\/LOGOGYS-OK.png","contentUrl":"https:\/\/gysfm.com.ar\/inicio\/wp-content\/uploads\/2023\/07\/LOGOGYS-OK.png","width":1170,"height":872,"caption":"GYS NOTICIAS |"},"image":{"@id":"https:\/\/gysfm.com.ar\/inicio\/#\/schema\/logo\/image\/"}},{"@type":"Person","@id":"https:\/\/gysfm.com.ar\/inicio\/#\/schema\/person\/5bedd7ecd35cc35548d89effafa23696","name":"admin","image":{"@type":"ImageObject","inLanguage":"es","@id":"https:\/\/gysfm.com.ar\/inicio\/#\/schema\/person\/image\/","url":"https:\/\/secure.gravatar.com\/avatar\/c331d312b5243fb64d5ba28108a447b27c925295129a363082c9ea52c28d32c2?s=96&d=mm&r=g","contentUrl":"https:\/\/secure.gravatar.com\/avatar\/c331d312b5243fb64d5ba28108a447b27c925295129a363082c9ea52c28d32c2?s=96&d=mm&r=g","caption":"admin"},"sameAs":["https:\/\/gysfm.com.ar\/inicio"],"url":"https:\/\/gysfm.com.ar\/inicio\/author\/admin\/"}]}},"_links":{"self":[{"href":"https:\/\/gysfm.com.ar\/inicio\/wp-json\/wp\/v2\/posts\/208800","targetHints":{"allow":["GET"]}}],"collection":[{"href":"https:\/\/gysfm.com.ar\/inicio\/wp-json\/wp\/v2\/posts"}],"about":[{"href":"https:\/\/gysfm.com.ar\/inicio\/wp-json\/wp\/v2\/types\/post"}],"author":[{"embeddable":true,"href":"https:\/\/gysfm.com.ar\/inicio\/wp-json\/wp\/v2\/users\/1"}],"replies":[{"embeddable":true,"href":"https:\/\/gysfm.com.ar\/inicio\/wp-json\/wp\/v2\/comments?post=208800"}],"version-history":[{"count":0,"href":"https:\/\/gysfm.com.ar\/inicio\/wp-json\/wp\/v2\/posts\/208800\/revisions"}],"wp:featuredmedia":[{"embeddable":true,"href":"https:\/\/gysfm.com.ar\/inicio\/wp-json\/wp\/v2\/media\/208801"}],"wp:attachment":[{"href":"https:\/\/gysfm.com.ar\/inicio\/wp-json\/wp\/v2\/media?parent=208800"}],"wp:term":[{"taxonomy":"category","embeddable":true,"href":"https:\/\/gysfm.com.ar\/inicio\/wp-json\/wp\/v2\/categories?post=208800"},{"taxonomy":"post_tag","embeddable":true,"href":"https:\/\/gysfm.com.ar\/inicio\/wp-json\/wp\/v2\/tags?post=208800"}],"curies":[{"name":"wp","href":"https:\/\/api.w.org\/{rel}","templated":true}]}}