{"id":208797,"date":"2026-08-20T10:52:05","date_gmt":"2026-08-20T13:52:05","guid":{"rendered":"https:\/\/gysfm.com.ar\/inicio\/peces-barcos-y-soberania-islandia-sopesa-su-futuro-europeo\/"},"modified":"2026-08-20T10:52:06","modified_gmt":"2026-08-20T13:52:06","slug":"peces-barcos-y-soberania-islandia-sopesa-su-futuro-europeo","status":"publish","type":"post","link":"https:\/\/gysfm.com.ar\/inicio\/peces-barcos-y-soberania-islandia-sopesa-su-futuro-europeo\/","title":{"rendered":"Peces, barcos y soberan\u00eda: Islandia sopesa su futuro europeo"},"content":{"rendered":"<p> <br \/>\n<\/p>\n<div>\n<p class=\"com-paragraph --capital --s\">COPENHAGUE\/REIKIAVIK.\u2013 Hace 50 a\u00f1os, Gylfi Geirsson y Sigurbjorn Svavarsson<strong> <\/strong>cortaban los cables de arrastre de barcos pesqueros brit\u00e1nicos y esquivaban fragatas de la Marina Real a bordo de peque\u00f1as embarcaciones de la Guardia Costera islandesa, utilizando t\u00e1cticas similares a las de la guerra de guerrillas <strong>para mantener a las flotas extranjeras fuera de sus aguas<\/strong>.<\/p>\n<p class=\"com-paragraph --s\"><a href=\"https:\/\/www.lanacion.com.ar\/el-mundo\/islandia-debate-entrar-a-la-union-europea-tras-las-amenazas-de-trump-sobre-groenlandia-nid26052026\/\" target=\"_self\" title=\"https:\/\/www.lanacion.com.ar\/el-mundo\/islandia-debate-entrar-a-la-union-europea-tras-las-amenazas-de-trump-sobre-groenlandia-nid26052026\/\" class=\"com-link break-word\" data-mrf-recirculation=\"n_link_parrafo\"><strong>Islandia<\/strong><\/a><strong> <\/strong>gan\u00f3 aquella serie de enfrentamientos conocida como las <strong>\u201cGuerras del Bacalao\u201d<\/strong>, y el control de esas aguas se convirti\u00f3 en la base de la econom\u00eda de la isla volc\u00e1nica.<\/p>\n<div class=\"content-media\">\n<section role=\"button\" class=\"mod-media   \">\n<figure role=\"button\" tabindex=\"0\" class=\"mod-figure \"><figcaption class=\"mod-figcaption\"><span class=\"com-text --caption --twoxs\">Un paisaje invernal en Islandia<\/span><span class=\"com-text --credit --twoxs\">Zhu Haochen &#8211; XinHua<\/span><\/figcaption><\/figure>\n<\/section>\n<\/div>\n<p class=\"com-paragraph --s\">Medio siglo despu\u00e9s,<strong> el temor a perder ese control se encuentra en el centro del refer\u00e9ndum del 29 de agosto<\/strong> sobre la posibilidad de reanudar las negociaciones para el ingreso de Islandia en la <strong>Uni\u00f3n Europea (UE)<\/strong>.<\/p>\n<p class=\"com-paragraph --s\">Para muchos, la votaci\u00f3n se reduce a una disyuntiva: si unas tasas de inter\u00e9s m\u00e1s bajas y un lugar en la mesa europea valen la pena <strong>a cambio de ceder parte del control sobre la pesca y de la autodeterminaci\u00f3n <\/strong>que definieron la independencia de Islandia desde que se separ\u00f3 de <strong>Dinamarca <\/strong>hace ocho d\u00e9cadas.<\/p>\n<p><h2 class=\"font-primary font-w-bold text-subheading-lg text-left container-center-100 mb-8\"><span>Preocupaci\u00f3n por Trump y el costo de vida<\/span><\/h2>\n<\/p>\n<p class=\"com-paragraph --s\">El debate p\u00fablico previo a la votaci\u00f3n est\u00e1 profundamente marcado por los derechos de pesca, pero ahora tambi\u00e9n <strong>se centra en el costo de vida y en las amenazas del presidente norteamericano, Donald Trump<\/strong>, de adquirir la vecina <a href=\"https:\/\/www.lanacion.com.ar\/el-mundo\/trump-arremete-contra-espana-y-exige-groenlandia-mientras-la-cumbre-de-la-otan-deja-al-descubierto-nid08072026\/\" target=\"_self\" title=\"https:\/\/www.lanacion.com.ar\/el-mundo\/trump-arremete-contra-espana-y-exige-groenlandia-mientras-la-cumbre-de-la-otan-deja-al-descubierto-nid08072026\/\" class=\"com-link break-word\" data-mrf-recirculation=\"n_link_parrafo\"><strong>Groenlandia<\/strong><\/a>, lo que gener\u00f3 interrogantes sobre las propias defensas de Islandia.<\/p>\n<div class=\"content-media\">\n<section role=\"button\" class=\"mod-media   \">\n<figure role=\"button\" tabindex=\"0\" class=\"mod-figure \"><figcaption class=\"mod-figcaption\"><span class=\"com-text --caption --twoxs\">Hafnarfjordur, Islandia<\/span><span class=\"com-text --credit --twoxs\">Owen Humphreys &#8211; PA Wire<\/span><\/figcaption><\/figure>\n<\/section>\n<\/div>\n<p class=\"com-paragraph --s\">\u201cLa situaci\u00f3n que veo hoy es que <strong>existe el temor de que podamos perder el control sobre aquello por lo que luchamos<\/strong>\u201d, afirm\u00f3 Svavarsson, quien en 1976 se desempe\u00f1\u00f3 como primer oficial del buque de la Guardia Costera Aegir, en el apogeo de las Guerras del Bacalao, y probablemente votar\u00e1 en contra de reanudar las negociaciones.<\/p>\n<p class=\"com-paragraph --s\"><strong>Islandia hab\u00eda solicitado ingresar en la UE en 2009<\/strong>, tras el colapso de su sistema bancario el a\u00f1o anterior, y pas\u00f3 cuatro a\u00f1os negociando antes de que un nuevo gobierno euroesc\u00e9ptico archivara el proceso en 2013.<\/p>\n<p><h2 class=\"font-primary font-w-bold text-subheading-lg text-left container-center-100 mb-8\"><span>Encuestas muy parejas<\/span><\/h2>\n<\/p>\n<p class=\"com-paragraph --s\"><strong>\u201cDefinitivamente voy a votar que s\u00ed\u201d<\/strong>, afirm\u00f3 Geirsson, quien fue operador de radio durante los enfrentamientos con Gran Breta\u00f1a y luego pas\u00f3 42 a\u00f1os en la Guardia Costera, antes de representar a Islandia en negociaciones internacionales sobre pesca.<\/p>\n<p class=\"com-paragraph --s\">\u201c<strong>No podemos ser una isla aislada en medio de la nada<\/strong>. Tenemos que cooperar con los pa\u00edses vecinos\u201d, dijo, y agreg\u00f3 que al menos le gustar\u00eda ver qu\u00e9 acuerdo podr\u00eda alcanzarse antes de tomar una decisi\u00f3n.<\/p>\n<p class=\"com-paragraph --s\">Pero si Islandia perdiera el control de sus zonas de pesca despu\u00e9s de negociar un acuerdo con la UE, votar\u00eda en contra del ingreso.<\/p>\n<div class=\"content-media\">\n<section role=\"button\" class=\"mod-media   \">\n<figure role=\"button\" tabindex=\"0\" class=\"mod-figure \"><figcaption class=\"mod-figcaption\"><span class=\"com-text --caption --twoxs\">El primer ministro de Estonia, Kristen Michal, estrecha la mano de la presidenta de Islandia, Halla T\u00f3masd\u00f3ttir, durante su reuni\u00f3n en la Casa Stenbock, en Tallin, Estonia<\/span><span class=\"com-text --credit --twoxs\">Sergei Grits &#8211; AP<\/span><\/figcaption><\/figure>\n<\/section>\n<\/div>\n<p class=\"com-paragraph --s\"><strong>\u201cSentir\u00eda que todo lo que hice de joven fue en vano\u201d<\/strong>, afirm\u00f3.<\/p>\n<p class=\"com-paragraph --s\">La consulta no es una votaci\u00f3n sobre el ingreso a la UE y cualquier tratado de adhesi\u00f3n requerir\u00eda un segundo refer\u00e9ndum.<\/p>\n<p class=\"com-paragraph --s\">Una encuesta de Gallup realizada este mes mostr\u00f3 a los votantes divididos respecto de la reanudaci\u00f3n de las negociaciones:<strong> el 46% dijo que votar\u00eda a favor y otro 46% en contra, mientras que el 8% se declar\u00f3 indeciso<\/strong>. Los sondeos muestran que una mayor\u00eda se opone al ingreso efectivo al bloque.<\/p>\n<p><h2 class=\"font-primary font-w-bold text-subheading-lg text-left container-center-100 mb-8\"><span>La pesca como identidad<\/span><\/h2>\n<\/p>\n<p class=\"com-paragraph --s\">La pesca sigue siendo fundamental<strong> tanto para la econom\u00eda como para la identidad de Islandia<\/strong>, junto con el aluminio y el turismo. Gran parte del bacalao que se consume hoy en los tradicionales locales brit\u00e1nicos de <em>fish and chips<\/em> proviene de aguas islandesas, un legado del mismo conflicto que protagonizaron Geirsson y Svavarsson.<\/p>\n<p class=\"com-paragraph --s\">\u201c<strong>La pesca se convierte en un s\u00edmbolo de la soberan\u00eda de Islandia<\/strong>, ya que es la base de su independencia econ\u00f3mica\u201d, afirm\u00f3 <strong>Eirikur Bergmann<\/strong>, profesor de Ciencias Pol\u00edticas de la Universidad de Bifrost.<\/p>\n<div class=\"content-media\">\n<section role=\"button\" class=\"mod-media   \">\n<figure role=\"button\" tabindex=\"0\" class=\"mod-figure \"><figcaption class=\"mod-figcaption\"><span class=\"com-text --caption --twoxs\">Reikiavik, Islandia<\/span><span class=\"com-text --credit --twoxs\">Tim Graham &#8211; Getty Images Europe<\/span><\/figcaption><\/figure>\n<\/section>\n<\/div>\n<p class=\"com-paragraph --s\"><strong>Heidrun Marteinsdottir<\/strong>, titular de la asociaci\u00f3n del sector Pesca Islandia, se\u00f1al\u00f3 que la industria procesa toda su captura en el pa\u00eds en lugar de exportarla sin procesar, un sistema que, advirti\u00f3, podr\u00eda desmoronarse si Islandia se incorporara a la Pol\u00edtica Pesquera Com\u00fan de la UE. <strong>\u201cTenemos el 100% de las ganancias en Islandia y queremos que siga siendo as\u00ed\u201d<\/strong>, afirm\u00f3.<\/p>\n<p class=\"com-paragraph --s\">Ning\u00fan ministro de Relaciones Exteriores, dijo Bergmann, podr\u00eda firmar jam\u00e1s un tratado que cediera el control: <strong>\u201cEsa persona ser\u00eda expulsada del pa\u00eds\u201d<\/strong>.<\/p>\n<p class=\"com-paragraph --s\">Para otros, la cuesti\u00f3n no tiene nada que ver con la pesca. \u201cSol\u00edamos ser una colonia de Dinamarca\u201d, dijo <strong>Floki<\/strong>, un dise\u00f1ador de 27 a\u00f1os de Reikiavik que prefiri\u00f3 no revelar su apellido. \u201cCreo que se trata, sobre todo, <strong>de mantener el control sobre nuestras propias decisiones y elecciones como pa\u00eds<\/strong>\u201d.<\/p>\n<p><h2 class=\"font-primary font-w-bold text-subheading-lg text-left container-center-100 mb-8\"><span>Seguridad y Rusia<\/span><\/h2>\n<\/p>\n<p class=\"com-paragraph --s\">Islandia se encuentra en un punto geopol\u00edtico estrat\u00e9gico, atravesada por la llamada brecha GIUK \u2014entre Groenlandia, Islandia y Gran Breta\u00f1a\u2014 que la OTAN considera desde hace tiempo <strong>una v\u00eda crucial para vigilar los movimientos de la Armada rusa<\/strong> hacia mar abierto.<\/p>\n<p class=\"com-paragraph --s\">El pa\u00eds no tiene un Ej\u00e9rcito propio y su defensa se basa en su pertenencia a la OTAN y en un acuerdo bilateral con Washington firmado en 1951.<\/p>\n<div class=\"content-media\">\n<section role=\"button\" class=\"mod-media   \">\n<figure role=\"button\" tabindex=\"0\" class=\"mod-figure \"><figcaption class=\"mod-figcaption\"><span class=\"com-text --caption --twoxs\">El sol se pone detr\u00e1s del Kremlin y la Catedral de San Basilio, en Mosc\u00fa<\/span><span class=\"com-text --credit --twoxs\">Pavel Bednyakov &#8211; AP<\/span><\/figcaption><\/figure>\n<\/section>\n<\/div>\n<p class=\"com-paragraph --s\">Sin embargo, los expertos sostienen que la presidencia de Trump, incluidos sus aranceles y sus amenazas de adquirir Groenlandia,<strong> oblig\u00f3 a los islandeses a revisar supuestos que antes daban por sentados<\/strong>, aunque la decisi\u00f3n de convocar el refer\u00e9ndum es anterior al segundo mandato de Trump.<\/p>\n<p class=\"com-paragraph --s\">\u201cTodo el asunto de Groenlandia hizo que los islandeses se detuvieran a reconsiderar su relaci\u00f3n con Estados Unidos y <strong>se preguntaran si Estados Unidos es un socio confiable <\/strong>(&#8230;) algo que nunca hab\u00eda sido una preocupaci\u00f3n en Islandia hasta ahora\u201d, afirm\u00f3 Bergmann.<\/p>\n<p class=\"com-paragraph --s\">La ministra de Relaciones Exteriores, <strong>Thorgerdur Gunnarsdottir<\/strong>, dijo a Reuters que <strong>la OTAN y el acuerdo de defensa con Estados Unidos seguir\u00e1n siendo la base de la seguridad <\/strong>de Islandia independientemente del resultado de la votaci\u00f3n, aunque la pertenencia a la UE podr\u00eda ser \u201cun valioso complemento\u201d, particularmente en materia de seguridad econ\u00f3mica.<\/p>\n<div class=\"content-media\">\n<section role=\"button\" class=\"mod-media   \">\n<figure role=\"button\" tabindex=\"0\" class=\"mod-figure \"><figcaption class=\"mod-figcaption\"><span class=\"com-text --caption --twoxs\">Protesta contra Trump frente al consulado estadounidense en Nuuk, Groenlandia<\/span><span class=\"com-text --credit --twoxs\">Evgeniy Maloletka &#8211; AP<\/span><\/figcaption><\/figure>\n<\/section>\n<\/div>\n<p class=\"com-paragraph --s\">Sobre las amenazas de Trump contra Groenlandia, afirm\u00f3: \u201cEstamos decepcionados por la campa\u00f1a de presi\u00f3n ejercida tanto contra los groenlandeses como contra Dinamarca\u201d.<\/p>\n<p class=\"com-paragraph --s\">Pero, seg\u00fan la ministra, la principal preocupaci\u00f3n est\u00e1 en otro lugar. \u201c<strong>Nuestra principal preocupaci\u00f3n est\u00e1 centrada en las actividades de Rusia<\/strong>, principalmente en <strong>Ucrania<\/strong>, pero tambi\u00e9n en sus actividades mar\u00edtimas en nuestras aguas y en las zonas cercanas, en el Atl\u00e1ntico Norte\u201d.<\/p>\n<section class=\"container-center-100 mb-40 border border-bottom border-thin border-neutral-light-700\">\n<div class=\"grid grid-cols-2_m gap-12 py-16 py-12_m\">\n<div class=\"flex flex-column gap-12\">\n<div class=\"flex flex-column brand-color\">\n<div class=\"flex flex-wrap w-100 w-full\">\n<div class=\"signature-with-authors flex flex-wrap flex-column flex-row_m ai-center_m ai-start  gap-16 w-100 w-full 2\">\n<div class=\"flex inline-flex ai-center gap-12\">\n<p><span>Por <span><strong>Stine Jacobsen<\/strong> y <\/span><span><strong>Tom Little<\/strong><\/span><\/span><\/p>\n<\/div>\n<\/div>\n<\/div>\n<\/div>\n<\/div>\n<\/div>\n<hr\/>\n<\/section>\n<\/div>\n<p><script id=\"facebookpixel\" defer=\"\" type=\"text\/javascript\">\n        !function(f,b,e,v,n,t,s)\n        {if(f.fbq)return;n=f.fbq=function(){n.callMethod?\n        n.callMethod.apply(n,arguments):n.queue.push(arguments)};\n        if(!f._fbq)f._fbq=n;n.push=n;n.loaded=!0;n.version='2.0';\n        n.queue=[];t=b.createElement(e);t.async=!0;\n        t.src=v;s=b.getElementsByTagName(e)[0];\n        s.parentNode.insertBefore(t,s)}(window, document,'script',\n        'https:\/\/connect.facebook.net\/en_US\/fbevents.js');\n        fbq('init', '492459597522335');\n        fbq('track', 'PageView');\n    <\/script><br \/>\n<br \/><\/p>\n","protected":false},"excerpt":{"rendered":"<p>COPENHAGUE\/REIKIAVIK.\u2013 Hace 50 a\u00f1os, Gylfi Geirsson y Sigurbjorn Svavarsson cortaban los cables de arrastre de barcos pesqueros brit\u00e1nicos y esquivaban fragatas de la Marina Real a bordo de peque\u00f1as embarcaciones de la Guardia Costera islandesa, utilizando t\u00e1cticas similares a las de la guerra de guerrillas para mantener a las flotas extranjeras fuera de sus aguas. [&hellip;]<\/p>\n","protected":false},"author":2,"featured_media":208798,"comment_status":"closed","ping_status":"closed","sticky":false,"template":"","format":"standard","meta":{"footnotes":""},"categories":[26],"tags":[],"class_list":["post-208797","post","type-post","status-publish","format-standard","has-post-thumbnail","hentry","category-internacionales"],"yoast_head":"<!-- This site is optimized with the Yoast SEO plugin v24.4 - https:\/\/yoast.com\/wordpress\/plugins\/seo\/ -->\n<title>Peces, barcos y soberan\u00eda: Islandia sopesa su futuro europeo - GYS NOTICIAS |<\/title>\n<meta name=\"robots\" content=\"index, follow, max-snippet:-1, max-image-preview:large, max-video-preview:-1\" \/>\n<link rel=\"canonical\" href=\"https:\/\/gysfm.com.ar\/inicio\/peces-barcos-y-soberania-islandia-sopesa-su-futuro-europeo\/\" \/>\n<meta property=\"og:locale\" content=\"es_ES\" \/>\n<meta property=\"og:type\" content=\"article\" \/>\n<meta property=\"og:title\" content=\"Peces, barcos y soberan\u00eda: Islandia sopesa su futuro europeo - GYS NOTICIAS |\" \/>\n<meta property=\"og:description\" content=\"COPENHAGUE\/REIKIAVIK.\u2013 Hace 50 a\u00f1os, Gylfi Geirsson y Sigurbjorn Svavarsson cortaban los cables de arrastre de barcos pesqueros brit\u00e1nicos y esquivaban fragatas de la Marina Real a bordo de peque\u00f1as embarcaciones de la Guardia Costera islandesa, utilizando t\u00e1cticas similares a las de la guerra de guerrillas para mantener a las flotas extranjeras fuera de sus aguas. [&hellip;]\" \/>\n<meta property=\"og:url\" content=\"https:\/\/gysfm.com.ar\/inicio\/peces-barcos-y-soberania-islandia-sopesa-su-futuro-europeo\/\" \/>\n<meta property=\"og:site_name\" content=\"GYS NOTICIAS |\" \/>\n<meta property=\"article:published_time\" content=\"2026-08-20T13:52:05+00:00\" \/>\n<meta property=\"article:modified_time\" content=\"2026-08-20T13:52:06+00:00\" \/>\n<meta property=\"og:image\" content=\"https:\/\/gysfm.com.ar\/inicio\/wp-content\/uploads\/2026\/08\/reikiavik-GVOLPCGU5JFALIAJLOSIFRCKPQ.jpg\" \/>\n\t<meta property=\"og:image:width\" content=\"1200\" \/>\n\t<meta property=\"og:image:height\" content=\"800\" \/>\n\t<meta property=\"og:image:type\" content=\"image\/jpeg\" \/>\n<meta name=\"author\" content=\"Prensa G&amp;S FM\" \/>\n<meta name=\"twitter:card\" content=\"summary_large_image\" \/>\n<meta name=\"twitter:label1\" content=\"Escrito por\" \/>\n\t<meta name=\"twitter:data1\" content=\"Prensa G&amp;S FM\" \/>\n\t<meta name=\"twitter:label2\" content=\"Tiempo de lectura\" \/>\n\t<meta name=\"twitter:data2\" content=\"6 minutos\" \/>\n<script type=\"application\/ld+json\" class=\"yoast-schema-graph\">{\"@context\":\"https:\/\/schema.org\",\"@graph\":[{\"@type\":\"Article\",\"@id\":\"https:\/\/gysfm.com.ar\/inicio\/peces-barcos-y-soberania-islandia-sopesa-su-futuro-europeo\/#article\",\"isPartOf\":{\"@id\":\"https:\/\/gysfm.com.ar\/inicio\/peces-barcos-y-soberania-islandia-sopesa-su-futuro-europeo\/\"},\"author\":{\"name\":\"Prensa G&amp;S FM\",\"@id\":\"https:\/\/gysfm.com.ar\/inicio\/#\/schema\/person\/3abba7593ef2ad19e1be221d54383dc5\"},\"headline\":\"Peces, barcos y soberan\u00eda: Islandia sopesa su futuro europeo\",\"datePublished\":\"2026-08-20T13:52:05+00:00\",\"dateModified\":\"2026-08-20T13:52:06+00:00\",\"mainEntityOfPage\":{\"@id\":\"https:\/\/gysfm.com.ar\/inicio\/peces-barcos-y-soberania-islandia-sopesa-su-futuro-europeo\/\"},\"wordCount\":1193,\"publisher\":{\"@id\":\"https:\/\/gysfm.com.ar\/inicio\/#organization\"},\"image\":{\"@id\":\"https:\/\/gysfm.com.ar\/inicio\/peces-barcos-y-soberania-islandia-sopesa-su-futuro-europeo\/#primaryimage\"},\"thumbnailUrl\":\"https:\/\/gysfm.com.ar\/inicio\/wp-content\/uploads\/2026\/08\/reikiavik-GVOLPCGU5JFALIAJLOSIFRCKPQ.jpg\",\"articleSection\":[\"INTERNACIONALES\"],\"inLanguage\":\"es\"},{\"@type\":\"WebPage\",\"@id\":\"https:\/\/gysfm.com.ar\/inicio\/peces-barcos-y-soberania-islandia-sopesa-su-futuro-europeo\/\",\"url\":\"https:\/\/gysfm.com.ar\/inicio\/peces-barcos-y-soberania-islandia-sopesa-su-futuro-europeo\/\",\"name\":\"Peces, barcos y soberan\u00eda: Islandia sopesa su futuro europeo - GYS NOTICIAS |\",\"isPartOf\":{\"@id\":\"https:\/\/gysfm.com.ar\/inicio\/#website\"},\"primaryImageOfPage\":{\"@id\":\"https:\/\/gysfm.com.ar\/inicio\/peces-barcos-y-soberania-islandia-sopesa-su-futuro-europeo\/#primaryimage\"},\"image\":{\"@id\":\"https:\/\/gysfm.com.ar\/inicio\/peces-barcos-y-soberania-islandia-sopesa-su-futuro-europeo\/#primaryimage\"},\"thumbnailUrl\":\"https:\/\/gysfm.com.ar\/inicio\/wp-content\/uploads\/2026\/08\/reikiavik-GVOLPCGU5JFALIAJLOSIFRCKPQ.jpg\",\"datePublished\":\"2026-08-20T13:52:05+00:00\",\"dateModified\":\"2026-08-20T13:52:06+00:00\",\"breadcrumb\":{\"@id\":\"https:\/\/gysfm.com.ar\/inicio\/peces-barcos-y-soberania-islandia-sopesa-su-futuro-europeo\/#breadcrumb\"},\"inLanguage\":\"es\",\"potentialAction\":[{\"@type\":\"ReadAction\",\"target\":[\"https:\/\/gysfm.com.ar\/inicio\/peces-barcos-y-soberania-islandia-sopesa-su-futuro-europeo\/\"]}]},{\"@type\":\"ImageObject\",\"inLanguage\":\"es\",\"@id\":\"https:\/\/gysfm.com.ar\/inicio\/peces-barcos-y-soberania-islandia-sopesa-su-futuro-europeo\/#primaryimage\",\"url\":\"https:\/\/gysfm.com.ar\/inicio\/wp-content\/uploads\/2026\/08\/reikiavik-GVOLPCGU5JFALIAJLOSIFRCKPQ.jpg\",\"contentUrl\":\"https:\/\/gysfm.com.ar\/inicio\/wp-content\/uploads\/2026\/08\/reikiavik-GVOLPCGU5JFALIAJLOSIFRCKPQ.jpg\",\"width\":1200,\"height\":800},{\"@type\":\"BreadcrumbList\",\"@id\":\"https:\/\/gysfm.com.ar\/inicio\/peces-barcos-y-soberania-islandia-sopesa-su-futuro-europeo\/#breadcrumb\",\"itemListElement\":[{\"@type\":\"ListItem\",\"position\":1,\"name\":\"Portada\",\"item\":\"https:\/\/gysfm.com.ar\/inicio\/\"},{\"@type\":\"ListItem\",\"position\":2,\"name\":\"Peces, barcos y soberan\u00eda: Islandia sopesa su futuro europeo\"}]},{\"@type\":\"WebSite\",\"@id\":\"https:\/\/gysfm.com.ar\/inicio\/#website\",\"url\":\"https:\/\/gysfm.com.ar\/inicio\/\",\"name\":\"GYS NOTICIAS |\",\"description\":\"DIARIO - RADIO ONLINE SAN JUAN ARGENTINA\",\"publisher\":{\"@id\":\"https:\/\/gysfm.com.ar\/inicio\/#organization\"},\"potentialAction\":[{\"@type\":\"SearchAction\",\"target\":{\"@type\":\"EntryPoint\",\"urlTemplate\":\"https:\/\/gysfm.com.ar\/inicio\/?s={search_term_string}\"},\"query-input\":{\"@type\":\"PropertyValueSpecification\",\"valueRequired\":true,\"valueName\":\"search_term_string\"}}],\"inLanguage\":\"es\"},{\"@type\":\"Organization\",\"@id\":\"https:\/\/gysfm.com.ar\/inicio\/#organization\",\"name\":\"GYS NOTICIAS |\",\"url\":\"https:\/\/gysfm.com.ar\/inicio\/\",\"logo\":{\"@type\":\"ImageObject\",\"inLanguage\":\"es\",\"@id\":\"https:\/\/gysfm.com.ar\/inicio\/#\/schema\/logo\/image\/\",\"url\":\"https:\/\/gysfm.com.ar\/inicio\/wp-content\/uploads\/2023\/07\/LOGOGYS-OK.png\",\"contentUrl\":\"https:\/\/gysfm.com.ar\/inicio\/wp-content\/uploads\/2023\/07\/LOGOGYS-OK.png\",\"width\":1170,\"height\":872,\"caption\":\"GYS NOTICIAS |\"},\"image\":{\"@id\":\"https:\/\/gysfm.com.ar\/inicio\/#\/schema\/logo\/image\/\"}},{\"@type\":\"Person\",\"@id\":\"https:\/\/gysfm.com.ar\/inicio\/#\/schema\/person\/3abba7593ef2ad19e1be221d54383dc5\",\"name\":\"Prensa G&amp;S FM\",\"image\":{\"@type\":\"ImageObject\",\"inLanguage\":\"es\",\"@id\":\"https:\/\/gysfm.com.ar\/inicio\/#\/schema\/person\/image\/\",\"url\":\"https:\/\/secure.gravatar.com\/avatar\/096ec78df02049ab018702bb4ccedf659377fa92a26540b5247612077a0dbd29?s=96&d=mm&r=g\",\"contentUrl\":\"https:\/\/secure.gravatar.com\/avatar\/096ec78df02049ab018702bb4ccedf659377fa92a26540b5247612077a0dbd29?s=96&d=mm&r=g\",\"caption\":\"Prensa G&amp;S FM\"},\"sameAs\":[\"https:\/\/gysfm.com.ar\/\"],\"url\":\"https:\/\/gysfm.com.ar\/inicio\/author\/lucasm\/\"}]}<\/script>\n<!-- \/ Yoast SEO plugin. -->","yoast_head_json":{"title":"Peces, barcos y soberan\u00eda: Islandia sopesa su futuro europeo - GYS NOTICIAS |","robots":{"index":"index","follow":"follow","max-snippet":"max-snippet:-1","max-image-preview":"max-image-preview:large","max-video-preview":"max-video-preview:-1"},"canonical":"https:\/\/gysfm.com.ar\/inicio\/peces-barcos-y-soberania-islandia-sopesa-su-futuro-europeo\/","og_locale":"es_ES","og_type":"article","og_title":"Peces, barcos y soberan\u00eda: Islandia sopesa su futuro europeo - GYS NOTICIAS |","og_description":"COPENHAGUE\/REIKIAVIK.\u2013 Hace 50 a\u00f1os, Gylfi Geirsson y Sigurbjorn Svavarsson cortaban los cables de arrastre de barcos pesqueros brit\u00e1nicos y esquivaban fragatas de la Marina Real a bordo de peque\u00f1as embarcaciones de la Guardia Costera islandesa, utilizando t\u00e1cticas similares a las de la guerra de guerrillas para mantener a las flotas extranjeras fuera de sus aguas. [&hellip;]","og_url":"https:\/\/gysfm.com.ar\/inicio\/peces-barcos-y-soberania-islandia-sopesa-su-futuro-europeo\/","og_site_name":"GYS NOTICIAS |","article_published_time":"2026-08-20T13:52:05+00:00","article_modified_time":"2026-08-20T13:52:06+00:00","og_image":[{"width":1200,"height":800,"url":"https:\/\/gysfm.com.ar\/inicio\/wp-content\/uploads\/2026\/08\/reikiavik-GVOLPCGU5JFALIAJLOSIFRCKPQ.jpg","type":"image\/jpeg"}],"author":"Prensa G&amp;S FM","twitter_card":"summary_large_image","twitter_misc":{"Escrito por":"Prensa G&amp;S FM","Tiempo de lectura":"6 minutos"},"schema":{"@context":"https:\/\/schema.org","@graph":[{"@type":"Article","@id":"https:\/\/gysfm.com.ar\/inicio\/peces-barcos-y-soberania-islandia-sopesa-su-futuro-europeo\/#article","isPartOf":{"@id":"https:\/\/gysfm.com.ar\/inicio\/peces-barcos-y-soberania-islandia-sopesa-su-futuro-europeo\/"},"author":{"name":"Prensa G&amp;S FM","@id":"https:\/\/gysfm.com.ar\/inicio\/#\/schema\/person\/3abba7593ef2ad19e1be221d54383dc5"},"headline":"Peces, barcos y soberan\u00eda: Islandia sopesa su futuro europeo","datePublished":"2026-08-20T13:52:05+00:00","dateModified":"2026-08-20T13:52:06+00:00","mainEntityOfPage":{"@id":"https:\/\/gysfm.com.ar\/inicio\/peces-barcos-y-soberania-islandia-sopesa-su-futuro-europeo\/"},"wordCount":1193,"publisher":{"@id":"https:\/\/gysfm.com.ar\/inicio\/#organization"},"image":{"@id":"https:\/\/gysfm.com.ar\/inicio\/peces-barcos-y-soberania-islandia-sopesa-su-futuro-europeo\/#primaryimage"},"thumbnailUrl":"https:\/\/gysfm.com.ar\/inicio\/wp-content\/uploads\/2026\/08\/reikiavik-GVOLPCGU5JFALIAJLOSIFRCKPQ.jpg","articleSection":["INTERNACIONALES"],"inLanguage":"es"},{"@type":"WebPage","@id":"https:\/\/gysfm.com.ar\/inicio\/peces-barcos-y-soberania-islandia-sopesa-su-futuro-europeo\/","url":"https:\/\/gysfm.com.ar\/inicio\/peces-barcos-y-soberania-islandia-sopesa-su-futuro-europeo\/","name":"Peces, barcos y soberan\u00eda: Islandia sopesa su futuro europeo - GYS NOTICIAS |","isPartOf":{"@id":"https:\/\/gysfm.com.ar\/inicio\/#website"},"primaryImageOfPage":{"@id":"https:\/\/gysfm.com.ar\/inicio\/peces-barcos-y-soberania-islandia-sopesa-su-futuro-europeo\/#primaryimage"},"image":{"@id":"https:\/\/gysfm.com.ar\/inicio\/peces-barcos-y-soberania-islandia-sopesa-su-futuro-europeo\/#primaryimage"},"thumbnailUrl":"https:\/\/gysfm.com.ar\/inicio\/wp-content\/uploads\/2026\/08\/reikiavik-GVOLPCGU5JFALIAJLOSIFRCKPQ.jpg","datePublished":"2026-08-20T13:52:05+00:00","dateModified":"2026-08-20T13:52:06+00:00","breadcrumb":{"@id":"https:\/\/gysfm.com.ar\/inicio\/peces-barcos-y-soberania-islandia-sopesa-su-futuro-europeo\/#breadcrumb"},"inLanguage":"es","potentialAction":[{"@type":"ReadAction","target":["https:\/\/gysfm.com.ar\/inicio\/peces-barcos-y-soberania-islandia-sopesa-su-futuro-europeo\/"]}]},{"@type":"ImageObject","inLanguage":"es","@id":"https:\/\/gysfm.com.ar\/inicio\/peces-barcos-y-soberania-islandia-sopesa-su-futuro-europeo\/#primaryimage","url":"https:\/\/gysfm.com.ar\/inicio\/wp-content\/uploads\/2026\/08\/reikiavik-GVOLPCGU5JFALIAJLOSIFRCKPQ.jpg","contentUrl":"https:\/\/gysfm.com.ar\/inicio\/wp-content\/uploads\/2026\/08\/reikiavik-GVOLPCGU5JFALIAJLOSIFRCKPQ.jpg","width":1200,"height":800},{"@type":"BreadcrumbList","@id":"https:\/\/gysfm.com.ar\/inicio\/peces-barcos-y-soberania-islandia-sopesa-su-futuro-europeo\/#breadcrumb","itemListElement":[{"@type":"ListItem","position":1,"name":"Portada","item":"https:\/\/gysfm.com.ar\/inicio\/"},{"@type":"ListItem","position":2,"name":"Peces, barcos y soberan\u00eda: Islandia sopesa su futuro europeo"}]},{"@type":"WebSite","@id":"https:\/\/gysfm.com.ar\/inicio\/#website","url":"https:\/\/gysfm.com.ar\/inicio\/","name":"GYS NOTICIAS |","description":"DIARIO - RADIO ONLINE SAN JUAN ARGENTINA","publisher":{"@id":"https:\/\/gysfm.com.ar\/inicio\/#organization"},"potentialAction":[{"@type":"SearchAction","target":{"@type":"EntryPoint","urlTemplate":"https:\/\/gysfm.com.ar\/inicio\/?s={search_term_string}"},"query-input":{"@type":"PropertyValueSpecification","valueRequired":true,"valueName":"search_term_string"}}],"inLanguage":"es"},{"@type":"Organization","@id":"https:\/\/gysfm.com.ar\/inicio\/#organization","name":"GYS NOTICIAS |","url":"https:\/\/gysfm.com.ar\/inicio\/","logo":{"@type":"ImageObject","inLanguage":"es","@id":"https:\/\/gysfm.com.ar\/inicio\/#\/schema\/logo\/image\/","url":"https:\/\/gysfm.com.ar\/inicio\/wp-content\/uploads\/2023\/07\/LOGOGYS-OK.png","contentUrl":"https:\/\/gysfm.com.ar\/inicio\/wp-content\/uploads\/2023\/07\/LOGOGYS-OK.png","width":1170,"height":872,"caption":"GYS NOTICIAS |"},"image":{"@id":"https:\/\/gysfm.com.ar\/inicio\/#\/schema\/logo\/image\/"}},{"@type":"Person","@id":"https:\/\/gysfm.com.ar\/inicio\/#\/schema\/person\/3abba7593ef2ad19e1be221d54383dc5","name":"Prensa G&amp;S FM","image":{"@type":"ImageObject","inLanguage":"es","@id":"https:\/\/gysfm.com.ar\/inicio\/#\/schema\/person\/image\/","url":"https:\/\/secure.gravatar.com\/avatar\/096ec78df02049ab018702bb4ccedf659377fa92a26540b5247612077a0dbd29?s=96&d=mm&r=g","contentUrl":"https:\/\/secure.gravatar.com\/avatar\/096ec78df02049ab018702bb4ccedf659377fa92a26540b5247612077a0dbd29?s=96&d=mm&r=g","caption":"Prensa G&amp;S FM"},"sameAs":["https:\/\/gysfm.com.ar\/"],"url":"https:\/\/gysfm.com.ar\/inicio\/author\/lucasm\/"}]}},"_links":{"self":[{"href":"https:\/\/gysfm.com.ar\/inicio\/wp-json\/wp\/v2\/posts\/208797","targetHints":{"allow":["GET"]}}],"collection":[{"href":"https:\/\/gysfm.com.ar\/inicio\/wp-json\/wp\/v2\/posts"}],"about":[{"href":"https:\/\/gysfm.com.ar\/inicio\/wp-json\/wp\/v2\/types\/post"}],"author":[{"embeddable":true,"href":"https:\/\/gysfm.com.ar\/inicio\/wp-json\/wp\/v2\/users\/2"}],"replies":[{"embeddable":true,"href":"https:\/\/gysfm.com.ar\/inicio\/wp-json\/wp\/v2\/comments?post=208797"}],"version-history":[{"count":1,"href":"https:\/\/gysfm.com.ar\/inicio\/wp-json\/wp\/v2\/posts\/208797\/revisions"}],"predecessor-version":[{"id":208799,"href":"https:\/\/gysfm.com.ar\/inicio\/wp-json\/wp\/v2\/posts\/208797\/revisions\/208799"}],"wp:featuredmedia":[{"embeddable":true,"href":"https:\/\/gysfm.com.ar\/inicio\/wp-json\/wp\/v2\/media\/208798"}],"wp:attachment":[{"href":"https:\/\/gysfm.com.ar\/inicio\/wp-json\/wp\/v2\/media?parent=208797"}],"wp:term":[{"taxonomy":"category","embeddable":true,"href":"https:\/\/gysfm.com.ar\/inicio\/wp-json\/wp\/v2\/categories?post=208797"},{"taxonomy":"post_tag","embeddable":true,"href":"https:\/\/gysfm.com.ar\/inicio\/wp-json\/wp\/v2\/tags?post=208797"}],"curies":[{"name":"wp","href":"https:\/\/api.w.org\/{rel}","templated":true}]}}