{"id":208795,"date":"2026-08-20T10:12:09","date_gmt":"2026-08-20T13:12:09","guid":{"rendered":"https:\/\/gysfm.com.ar\/inicio\/acordaron-una-nueva-actualizacion-salarial-del-21-para-julio-tras-activar-la-clausula-gatillo\/"},"modified":"2026-08-20T10:12:09","modified_gmt":"2026-08-20T13:12:09","slug":"acordaron-una-nueva-actualizacion-salarial-del-21-para-julio-tras-activar-la-clausula-gatillo","status":"publish","type":"post","link":"https:\/\/gysfm.com.ar\/inicio\/acordaron-una-nueva-actualizacion-salarial-del-21-para-julio-tras-activar-la-clausula-gatillo\/","title":{"rendered":"acordaron una nueva actualizaci\u00f3n salarial del 2,1% para julio tras activar la cl\u00e1usula gatillo"},"content":{"rendered":"<p> <br \/>\n<\/p>\n<div>\t\t<!-- { REGION4 --> <\/p>\n<header class=\"news-headline\">\n<div class=\"news-headline__topics-and-date-wrapper\">    <span class=\"news-headline__publication-date\"> 19 de agosto 2026 &#8211; 17:56<br \/>\n            <\/span><\/div>\n<h2 class=\"news-headline__article-summary\"\/>\n<p id=\"p-1787170648153-41132\" class=\"ignore-parser\"> El nuevo ajuste acompa\u00f1a la evoluci\u00f3n de los precios y lleva el incremento acumulado durante 2026 al 19,3% respecto de los salarios de diciembre de 2025.<\/p>\n<\/header>\n<div class=\"detail-highlighted-multimedia content-protected-false\">\n<figure class=\"detail-highlighted-multimedia__figure\">  <img src=\"https:\/\/media.ambito.com\/p\/b04fef5c704fddd49b01ed7289d1d3b9\/adjuntos\/239\/imagenes\/041\/943\/0041943470\/655x368\/smart\/dia-del-bancario.jpg\" decoding=\"async\" fetchpriority=\"high\" loading=\"eager\" crossorigin=\"anonymous\" class=\"detail-highlighted-multimedia__figure-img img-fluid\" alt=\"Paritarias de bancarios: acordaron una nueva actualizaci\u00f3n salarial del 2,1% para julio tras activar la cl\u00e1usula gatillo.\" width=\"1199\" height=\"675\"\/><figcaption class=\"detail-highlighted-multimedia__figcaption\">  <\/figcaption><\/figure>\n<\/p><\/div>\n<article class=\"article-body article-body--first-paragraph content-protected-false\" data-td-script-src=\"https:\/\/www.ambito.com\/td\/modulos\/encuestas\/js\/function-embeds-min-version-1787112478.js\">\n<p id=\"p-1784223648972-76525\"><strong> La Asociaci\u00f3n Bancaria<\/strong>  comunic\u00f3 la <strong>actualizaci\u00f3n salarial <\/strong>correspondiente a julio tras activar la cl\u00e1usula gatillo. El incremento ser\u00e1 del<strong> 2,1%<\/strong> y llevar\u00e1 el ingreso inicial, incluyendo la participaci\u00f3n en las ganancias, por encima de los $2,5 millones.<\/p>\n<\/article>\n<section class=\"suscription-false printed-edition\" style=\"display:none\">\n<p> El contenido al que quiere acceder es exclusivo para suscriptores.<\/p>\n<p>  <span> <button type=\"button\" name=\"button\" class=\"subscribe-btn mercadopago-btn\">suscribirse<\/button><\/span>  <span class=\"btns\"><button type=\"button\" name=\"button\" class=\"subscribe-btn reload-login\"> ya estoy suscripto<\/button><\/span>  <\/p>\n<\/section>\n<article class=\"article-body article-body--second-paragraph content-protected-false\">\n<p id=\"p-1787171201364-24809\">El gremio que nuclea a los trabajadores bancarios inform\u00f3 que, con la actualizaci\u00f3n, el salario inicial qued\u00f3 establecido en <strong>$2.463.757,68<\/strong>. A ese monto se le adicionan <strong>$71.219,54<\/strong> por participaci\u00f3n en las ganancias (ROE), por lo que el ingreso total alcanza los <strong>$2.534.977,22.<\/strong><\/p>\n<\/article>\n<section class=\"related-news\"><span class=\"related-news__title\"> Informate m\u00e1s<\/span>\t\t<\/p>\n<div class=\"row row--eq-height\">\n<div class=\"col-12 col-md-6\">\n<article class=\"news-article news-article--landscape-news news-article--landscape-news\">\n<figure class=\"news-article__figure figure\">\n\t\t\t\t\t\t\t\t\t\t\t<img src=\"https:\/\/media.ambito.com\/p\/3539c01c5b770de83a749d5e03fd257a\/adjuntos\/239\/imagenes\/041\/907\/0041907030\/pesos-salarios-inflacion-paritarias.jpg\" decoding=\"async\" fetchpriority=\"low\" loading=\"lazy\" alt=\"convocaron a una reunion para actualizar el salario minimo, vital y movil\" title=\"convocaron a una reunion para actualizar el salario minimo, vital y movil\" width=\"93\" height=\"52\" class=\"news-article__figure-img figure-img img-fluid\"\/>\t\t<\/figure>\n<\/article><\/div>\n<div class=\"col-12 col-md-6\">\n<article class=\"news-article news-article--landscape-news news-article--landscape-news\">\n<figure class=\"news-article__figure figure\">\n\t\t\t\t\t\t\t\t\t\t\t<img src=\"https:\/\/media.ambito.com\/p\/69cfe093e3958a80d9acdcb46429a957\/adjuntos\/239\/imagenes\/043\/592\/0043592747\/93x52\/smart\/estados-unidos-mercados-dolar.jpg\" decoding=\"async\" fetchpriority=\"low\" loading=\"lazy\" alt=\"El pasivo de Estados Unidos ya supera los u$s40 billones, m\u00e1s del doble que hace menos de una d\u00e9cada. El creciente peso de los intereses amenaza con agravar el desequilibrio fiscal.\" title=\"El pasivo de Estados Unidos ya supera los u$s40 billones, m\u00e1s del doble que hace menos de una d\u00e9cada. El creciente peso de los intereses amenaza con agravar el desequilibrio fiscal.\" width=\"93\" height=\"52\" class=\"news-article__figure-img figure-img img-fluid\"\/>\t\t<\/figure>\n<\/article><\/div>\n<\/div>\n<\/section>\n<article class=\"article-body article-body--third-paragraph content-protected-false\">\n<p id=\"p-1787171272198-18303\"> El nuevo ajuste acompa\u00f1a la evoluci\u00f3n de los precios y lleva el incremento acumulado durante 2026 al <strong>19,3%<\/strong> respecto de los salarios de diciembre de 2025, en l\u00ednea con la inflaci\u00f3n acumulada durante el mismo per\u00edodo. As\u00ed, el sector vuelve a posicionarse con uno de los pisos salariales m\u00e1s competitivos del mercado laboral.<\/p>\n<\/article>\n<article class=\"article-body article-body--fourth-paragraph content-protected-false\">\n<div contenteditable=\"false\" class=\"embed_cont type_imagen\" id=\"8229521-Libre-628254617_wrap\">\n<div id=\"8229521-Libre-628254617_content\" class=\"embed_content\"><img src=\"https:\/\/media.ambito.com\/p\/cf5db0af45cf364bcaced069f0b40a7f\/adjuntos\/239\/imagenes\/043\/398\/0043398391\/bancarios.jpg?2026-05-27-11-54-57\" decoding=\"async\" fetchpriority=\"low\" loading=\"lazy\" alt=\"El nuevo ajuste acompa\u00f1a la evoluci\u00f3n de los precios y lleva el incremento acumulado durante 2026 al 19,3% respecto de los salarios de diciembre de 2025.\" title=\"El nuevo ajuste acompa\u00f1a la evoluci\u00f3n de los precios y lleva el incremento acumulado durante 2026 al 19,3% respecto de los salarios de diciembre de 2025.\" width=\"690\" height=\"460\" id=\"8229521-Libre-628254617_embed\"\/><\/div>\n<div class=\"embed_wrapper-cont\" id=\"p-1787171675974-42137\">\n<div id=\"8229521-Libre-628254617_epigrafe\" class=\"embed_epigrafe\">\n<p id=\"p-1787172890041-58468\">El nuevo ajuste acompa\u00f1a la evoluci\u00f3n de los precios y lleva el incremento acumulado durante 2026 al 19,3% respecto de los salarios de diciembre de 2025.<\/p>\n<\/div><\/div><\/div>\n<p id=\"p-1787171353916-67036\">\u00abGarantizamos que los trabajadores\/as bancarios\/as contin\u00faen salvaguardando el poder adquisitivo de los salarios\u00bb, se\u00f1alaron desde la Asociaci\u00f3n Bancaria que conduce el tambi\u00e9n diputado nacional <strong>Sergio Palazzo<\/strong>.<\/p>\n<\/article>\n<article class=\"article-body article-body--fifth-paragraph content-protected-false\">\n<p id=\"p-1787171368471-15984\">Adem\u00e1s, aseguraron que este mecanismo continuar\u00e1 durante agosto y que reci\u00e9n se retomar\u00eda la negociaci\u00f3n paritaria en la segunda quincena de septiembre de 2026.<\/p>\n<\/article>\n<article class=\"article-body article-body--remaining-paragraph content-protected-false\">\n<h2 id=\"p-1779893255903-42946\" data-section-id=\"y514hw\" data-start=\"802\" data-end=\"846\">Nuevo b\u00e1sico bancario y escalas salariales tras el aumento<\/h2>\n<p id=\"p-1787171561825-7126\">En junio, el salario inicial del sector se encontraba en <strong>$2.412.128,22<\/strong>, mientras que el adicional por participaci\u00f3n en las ganancias era de <strong>$69.727,10<\/strong>. De esta manera, el ingreso total alcanzaba los <strong>$2.481.855,32.<\/strong><\/p>\n<p id=\"p-1787171561825-24410\">Con la actualizaci\u00f3n correspondiente a julio, el salario inicial aument\u00f3<strong> $51.629,46<\/strong> en un mes, mientras que el ingreso completo, contemplando el adicional por ROE, creci\u00f3 <strong>$53.121,90.<\/strong><\/p>\n<p id=\"p-1787171561825-11662\">El acuerdo alcanza a todas las remuneraciones mensuales brutas, normales, habituales y totales, tanto remunerativas como no remunerativas, adem\u00e1s de los adicionales convencionales y no convencionales.<\/p>\n<\/article>\n<p>\t\t<!-- REGION4 } --><\/div>\n<p><script>\n!function(f,b,e,v,n,t,s)\n{if(f.fbq)return;n=f.fbq=function(){n.callMethod?\nn.callMethod.apply(n,arguments):n.queue.push(arguments)};\nif(!f._fbq)f._fbq=n;n.push=n;n.loaded=!0;n.version='2.0';\nn.queue=[];t=b.createElement(e);t.async=!0;\nt.src=v;s=b.getElementsByTagName(e)[0];\ns.parentNode.insertBefore(t,s)}(window,document,'script',\n'https:\/\/connect.facebook.net\/en_US\/fbevents.js');\nfbq('init', '2047048335588113');\nfbq('track', 'PageView');\n<\/script><br \/>\n<br \/><\/p>\n","protected":false},"excerpt":{"rendered":"<p>19 de agosto 2026 &#8211; 17:56 El nuevo ajuste acompa\u00f1a la evoluci\u00f3n de los precios y lleva el incremento acumulado durante 2026 al 19,3% respecto de los salarios de diciembre de 2025. La Asociaci\u00f3n Bancaria comunic\u00f3 la actualizaci\u00f3n salarial correspondiente a julio tras activar la cl\u00e1usula gatillo. El incremento ser\u00e1 del 2,1% y llevar\u00e1 el [&hellip;]<\/p>\n","protected":false},"author":1,"featured_media":208796,"comment_status":"closed","ping_status":"closed","sticky":false,"template":"","format":"standard","meta":{"footnotes":""},"categories":[28],"tags":[],"class_list":["post-208795","post","type-post","status-publish","format-standard","has-post-thumbnail","hentry","category-economia"],"yoast_head":"<!-- This site is optimized with the Yoast SEO plugin v24.4 - https:\/\/yoast.com\/wordpress\/plugins\/seo\/ -->\n<title>acordaron una nueva actualizaci\u00f3n salarial del 2,1% para julio tras activar la cl\u00e1usula gatillo - GYS NOTICIAS |<\/title>\n<meta name=\"robots\" content=\"index, follow, max-snippet:-1, max-image-preview:large, max-video-preview:-1\" \/>\n<link rel=\"canonical\" href=\"https:\/\/gysfm.com.ar\/inicio\/acordaron-una-nueva-actualizacion-salarial-del-21-para-julio-tras-activar-la-clausula-gatillo\/\" \/>\n<meta property=\"og:locale\" content=\"es_ES\" \/>\n<meta property=\"og:type\" content=\"article\" \/>\n<meta property=\"og:title\" content=\"acordaron una nueva actualizaci\u00f3n salarial del 2,1% para julio tras activar la cl\u00e1usula gatillo - GYS NOTICIAS |\" \/>\n<meta property=\"og:description\" content=\"19 de agosto 2026 &#8211; 17:56 El nuevo ajuste acompa\u00f1a la evoluci\u00f3n de los precios y lleva el incremento acumulado durante 2026 al 19,3% respecto de los salarios de diciembre de 2025. La Asociaci\u00f3n Bancaria comunic\u00f3 la actualizaci\u00f3n salarial correspondiente a julio tras activar la cl\u00e1usula gatillo. El incremento ser\u00e1 del 2,1% y llevar\u00e1 el [&hellip;]\" \/>\n<meta property=\"og:url\" content=\"https:\/\/gysfm.com.ar\/inicio\/acordaron-una-nueva-actualizacion-salarial-del-21-para-julio-tras-activar-la-clausula-gatillo\/\" \/>\n<meta property=\"og:site_name\" content=\"GYS NOTICIAS |\" \/>\n<meta property=\"article:published_time\" content=\"2026-08-20T13:12:09+00:00\" \/>\n<meta property=\"og:image\" content=\"https:\/\/media.ambito.com\/p\/b04fef5c704fddd49b01ed7289d1d3b9\/adjuntos\/239\/imagenes\/041\/943\/0041943470\/655x368\/smart\/dia-del-bancario.jpg\" \/>\n<meta name=\"author\" content=\"admin\" \/>\n<meta name=\"twitter:card\" content=\"summary_large_image\" \/>\n<meta name=\"twitter:label1\" content=\"Escrito por\" \/>\n\t<meta name=\"twitter:data1\" content=\"admin\" \/>\n\t<meta name=\"twitter:label2\" content=\"Tiempo de lectura\" \/>\n\t<meta name=\"twitter:data2\" content=\"2 minutos\" \/>\n<script type=\"application\/ld+json\" class=\"yoast-schema-graph\">{\"@context\":\"https:\/\/schema.org\",\"@graph\":[{\"@type\":\"Article\",\"@id\":\"https:\/\/gysfm.com.ar\/inicio\/acordaron-una-nueva-actualizacion-salarial-del-21-para-julio-tras-activar-la-clausula-gatillo\/#article\",\"isPartOf\":{\"@id\":\"https:\/\/gysfm.com.ar\/inicio\/acordaron-una-nueva-actualizacion-salarial-del-21-para-julio-tras-activar-la-clausula-gatillo\/\"},\"author\":{\"name\":\"admin\",\"@id\":\"https:\/\/gysfm.com.ar\/inicio\/#\/schema\/person\/5bedd7ecd35cc35548d89effafa23696\"},\"headline\":\"acordaron una nueva actualizaci\u00f3n salarial del 2,1% para julio tras activar la cl\u00e1usula gatillo\",\"datePublished\":\"2026-08-20T13:12:09+00:00\",\"mainEntityOfPage\":{\"@id\":\"https:\/\/gysfm.com.ar\/inicio\/acordaron-una-nueva-actualizacion-salarial-del-21-para-julio-tras-activar-la-clausula-gatillo\/\"},\"wordCount\":374,\"publisher\":{\"@id\":\"https:\/\/gysfm.com.ar\/inicio\/#organization\"},\"image\":{\"@id\":\"https:\/\/gysfm.com.ar\/inicio\/acordaron-una-nueva-actualizacion-salarial-del-21-para-julio-tras-activar-la-clausula-gatillo\/#primaryimage\"},\"thumbnailUrl\":\"https:\/\/gysfm.com.ar\/inicio\/wp-content\/uploads\/2026\/08\/dia-del-bancario.jpg\",\"articleSection\":[\"ECONOMIA\"],\"inLanguage\":\"es\"},{\"@type\":\"WebPage\",\"@id\":\"https:\/\/gysfm.com.ar\/inicio\/acordaron-una-nueva-actualizacion-salarial-del-21-para-julio-tras-activar-la-clausula-gatillo\/\",\"url\":\"https:\/\/gysfm.com.ar\/inicio\/acordaron-una-nueva-actualizacion-salarial-del-21-para-julio-tras-activar-la-clausula-gatillo\/\",\"name\":\"acordaron una nueva actualizaci\u00f3n salarial del 2,1% para julio tras activar la cl\u00e1usula gatillo - GYS NOTICIAS |\",\"isPartOf\":{\"@id\":\"https:\/\/gysfm.com.ar\/inicio\/#website\"},\"primaryImageOfPage\":{\"@id\":\"https:\/\/gysfm.com.ar\/inicio\/acordaron-una-nueva-actualizacion-salarial-del-21-para-julio-tras-activar-la-clausula-gatillo\/#primaryimage\"},\"image\":{\"@id\":\"https:\/\/gysfm.com.ar\/inicio\/acordaron-una-nueva-actualizacion-salarial-del-21-para-julio-tras-activar-la-clausula-gatillo\/#primaryimage\"},\"thumbnailUrl\":\"https:\/\/gysfm.com.ar\/inicio\/wp-content\/uploads\/2026\/08\/dia-del-bancario.jpg\",\"datePublished\":\"2026-08-20T13:12:09+00:00\",\"breadcrumb\":{\"@id\":\"https:\/\/gysfm.com.ar\/inicio\/acordaron-una-nueva-actualizacion-salarial-del-21-para-julio-tras-activar-la-clausula-gatillo\/#breadcrumb\"},\"inLanguage\":\"es\",\"potentialAction\":[{\"@type\":\"ReadAction\",\"target\":[\"https:\/\/gysfm.com.ar\/inicio\/acordaron-una-nueva-actualizacion-salarial-del-21-para-julio-tras-activar-la-clausula-gatillo\/\"]}]},{\"@type\":\"ImageObject\",\"inLanguage\":\"es\",\"@id\":\"https:\/\/gysfm.com.ar\/inicio\/acordaron-una-nueva-actualizacion-salarial-del-21-para-julio-tras-activar-la-clausula-gatillo\/#primaryimage\",\"url\":\"https:\/\/gysfm.com.ar\/inicio\/wp-content\/uploads\/2026\/08\/dia-del-bancario.jpg\",\"contentUrl\":\"https:\/\/gysfm.com.ar\/inicio\/wp-content\/uploads\/2026\/08\/dia-del-bancario.jpg\",\"width\":1200,\"height\":675},{\"@type\":\"BreadcrumbList\",\"@id\":\"https:\/\/gysfm.com.ar\/inicio\/acordaron-una-nueva-actualizacion-salarial-del-21-para-julio-tras-activar-la-clausula-gatillo\/#breadcrumb\",\"itemListElement\":[{\"@type\":\"ListItem\",\"position\":1,\"name\":\"Portada\",\"item\":\"https:\/\/gysfm.com.ar\/inicio\/\"},{\"@type\":\"ListItem\",\"position\":2,\"name\":\"acordaron una nueva actualizaci\u00f3n salarial del 2,1% para julio tras activar la cl\u00e1usula gatillo\"}]},{\"@type\":\"WebSite\",\"@id\":\"https:\/\/gysfm.com.ar\/inicio\/#website\",\"url\":\"https:\/\/gysfm.com.ar\/inicio\/\",\"name\":\"GYS NOTICIAS |\",\"description\":\"DIARIO - RADIO ONLINE SAN JUAN ARGENTINA\",\"publisher\":{\"@id\":\"https:\/\/gysfm.com.ar\/inicio\/#organization\"},\"potentialAction\":[{\"@type\":\"SearchAction\",\"target\":{\"@type\":\"EntryPoint\",\"urlTemplate\":\"https:\/\/gysfm.com.ar\/inicio\/?s={search_term_string}\"},\"query-input\":{\"@type\":\"PropertyValueSpecification\",\"valueRequired\":true,\"valueName\":\"search_term_string\"}}],\"inLanguage\":\"es\"},{\"@type\":\"Organization\",\"@id\":\"https:\/\/gysfm.com.ar\/inicio\/#organization\",\"name\":\"GYS NOTICIAS |\",\"url\":\"https:\/\/gysfm.com.ar\/inicio\/\",\"logo\":{\"@type\":\"ImageObject\",\"inLanguage\":\"es\",\"@id\":\"https:\/\/gysfm.com.ar\/inicio\/#\/schema\/logo\/image\/\",\"url\":\"https:\/\/gysfm.com.ar\/inicio\/wp-content\/uploads\/2023\/07\/LOGOGYS-OK.png\",\"contentUrl\":\"https:\/\/gysfm.com.ar\/inicio\/wp-content\/uploads\/2023\/07\/LOGOGYS-OK.png\",\"width\":1170,\"height\":872,\"caption\":\"GYS NOTICIAS |\"},\"image\":{\"@id\":\"https:\/\/gysfm.com.ar\/inicio\/#\/schema\/logo\/image\/\"}},{\"@type\":\"Person\",\"@id\":\"https:\/\/gysfm.com.ar\/inicio\/#\/schema\/person\/5bedd7ecd35cc35548d89effafa23696\",\"name\":\"admin\",\"image\":{\"@type\":\"ImageObject\",\"inLanguage\":\"es\",\"@id\":\"https:\/\/gysfm.com.ar\/inicio\/#\/schema\/person\/image\/\",\"url\":\"https:\/\/secure.gravatar.com\/avatar\/c331d312b5243fb64d5ba28108a447b27c925295129a363082c9ea52c28d32c2?s=96&d=mm&r=g\",\"contentUrl\":\"https:\/\/secure.gravatar.com\/avatar\/c331d312b5243fb64d5ba28108a447b27c925295129a363082c9ea52c28d32c2?s=96&d=mm&r=g\",\"caption\":\"admin\"},\"sameAs\":[\"https:\/\/gysfm.com.ar\/inicio\"],\"url\":\"https:\/\/gysfm.com.ar\/inicio\/author\/admin\/\"}]}<\/script>\n<!-- \/ Yoast SEO plugin. -->","yoast_head_json":{"title":"acordaron una nueva actualizaci\u00f3n salarial del 2,1% para julio tras activar la cl\u00e1usula gatillo - GYS NOTICIAS |","robots":{"index":"index","follow":"follow","max-snippet":"max-snippet:-1","max-image-preview":"max-image-preview:large","max-video-preview":"max-video-preview:-1"},"canonical":"https:\/\/gysfm.com.ar\/inicio\/acordaron-una-nueva-actualizacion-salarial-del-21-para-julio-tras-activar-la-clausula-gatillo\/","og_locale":"es_ES","og_type":"article","og_title":"acordaron una nueva actualizaci\u00f3n salarial del 2,1% para julio tras activar la cl\u00e1usula gatillo - GYS NOTICIAS |","og_description":"19 de agosto 2026 &#8211; 17:56 El nuevo ajuste acompa\u00f1a la evoluci\u00f3n de los precios y lleva el incremento acumulado durante 2026 al 19,3% respecto de los salarios de diciembre de 2025. La Asociaci\u00f3n Bancaria comunic\u00f3 la actualizaci\u00f3n salarial correspondiente a julio tras activar la cl\u00e1usula gatillo. El incremento ser\u00e1 del 2,1% y llevar\u00e1 el [&hellip;]","og_url":"https:\/\/gysfm.com.ar\/inicio\/acordaron-una-nueva-actualizacion-salarial-del-21-para-julio-tras-activar-la-clausula-gatillo\/","og_site_name":"GYS NOTICIAS |","article_published_time":"2026-08-20T13:12:09+00:00","og_image":[{"url":"https:\/\/media.ambito.com\/p\/b04fef5c704fddd49b01ed7289d1d3b9\/adjuntos\/239\/imagenes\/041\/943\/0041943470\/655x368\/smart\/dia-del-bancario.jpg","type":"","width":"","height":""}],"author":"admin","twitter_card":"summary_large_image","twitter_misc":{"Escrito por":"admin","Tiempo de lectura":"2 minutos"},"schema":{"@context":"https:\/\/schema.org","@graph":[{"@type":"Article","@id":"https:\/\/gysfm.com.ar\/inicio\/acordaron-una-nueva-actualizacion-salarial-del-21-para-julio-tras-activar-la-clausula-gatillo\/#article","isPartOf":{"@id":"https:\/\/gysfm.com.ar\/inicio\/acordaron-una-nueva-actualizacion-salarial-del-21-para-julio-tras-activar-la-clausula-gatillo\/"},"author":{"name":"admin","@id":"https:\/\/gysfm.com.ar\/inicio\/#\/schema\/person\/5bedd7ecd35cc35548d89effafa23696"},"headline":"acordaron una nueva actualizaci\u00f3n salarial del 2,1% para julio tras activar la cl\u00e1usula gatillo","datePublished":"2026-08-20T13:12:09+00:00","mainEntityOfPage":{"@id":"https:\/\/gysfm.com.ar\/inicio\/acordaron-una-nueva-actualizacion-salarial-del-21-para-julio-tras-activar-la-clausula-gatillo\/"},"wordCount":374,"publisher":{"@id":"https:\/\/gysfm.com.ar\/inicio\/#organization"},"image":{"@id":"https:\/\/gysfm.com.ar\/inicio\/acordaron-una-nueva-actualizacion-salarial-del-21-para-julio-tras-activar-la-clausula-gatillo\/#primaryimage"},"thumbnailUrl":"https:\/\/gysfm.com.ar\/inicio\/wp-content\/uploads\/2026\/08\/dia-del-bancario.jpg","articleSection":["ECONOMIA"],"inLanguage":"es"},{"@type":"WebPage","@id":"https:\/\/gysfm.com.ar\/inicio\/acordaron-una-nueva-actualizacion-salarial-del-21-para-julio-tras-activar-la-clausula-gatillo\/","url":"https:\/\/gysfm.com.ar\/inicio\/acordaron-una-nueva-actualizacion-salarial-del-21-para-julio-tras-activar-la-clausula-gatillo\/","name":"acordaron una nueva actualizaci\u00f3n salarial del 2,1% para julio tras activar la cl\u00e1usula gatillo - GYS NOTICIAS |","isPartOf":{"@id":"https:\/\/gysfm.com.ar\/inicio\/#website"},"primaryImageOfPage":{"@id":"https:\/\/gysfm.com.ar\/inicio\/acordaron-una-nueva-actualizacion-salarial-del-21-para-julio-tras-activar-la-clausula-gatillo\/#primaryimage"},"image":{"@id":"https:\/\/gysfm.com.ar\/inicio\/acordaron-una-nueva-actualizacion-salarial-del-21-para-julio-tras-activar-la-clausula-gatillo\/#primaryimage"},"thumbnailUrl":"https:\/\/gysfm.com.ar\/inicio\/wp-content\/uploads\/2026\/08\/dia-del-bancario.jpg","datePublished":"2026-08-20T13:12:09+00:00","breadcrumb":{"@id":"https:\/\/gysfm.com.ar\/inicio\/acordaron-una-nueva-actualizacion-salarial-del-21-para-julio-tras-activar-la-clausula-gatillo\/#breadcrumb"},"inLanguage":"es","potentialAction":[{"@type":"ReadAction","target":["https:\/\/gysfm.com.ar\/inicio\/acordaron-una-nueva-actualizacion-salarial-del-21-para-julio-tras-activar-la-clausula-gatillo\/"]}]},{"@type":"ImageObject","inLanguage":"es","@id":"https:\/\/gysfm.com.ar\/inicio\/acordaron-una-nueva-actualizacion-salarial-del-21-para-julio-tras-activar-la-clausula-gatillo\/#primaryimage","url":"https:\/\/gysfm.com.ar\/inicio\/wp-content\/uploads\/2026\/08\/dia-del-bancario.jpg","contentUrl":"https:\/\/gysfm.com.ar\/inicio\/wp-content\/uploads\/2026\/08\/dia-del-bancario.jpg","width":1200,"height":675},{"@type":"BreadcrumbList","@id":"https:\/\/gysfm.com.ar\/inicio\/acordaron-una-nueva-actualizacion-salarial-del-21-para-julio-tras-activar-la-clausula-gatillo\/#breadcrumb","itemListElement":[{"@type":"ListItem","position":1,"name":"Portada","item":"https:\/\/gysfm.com.ar\/inicio\/"},{"@type":"ListItem","position":2,"name":"acordaron una nueva actualizaci\u00f3n salarial del 2,1% para julio tras activar la cl\u00e1usula gatillo"}]},{"@type":"WebSite","@id":"https:\/\/gysfm.com.ar\/inicio\/#website","url":"https:\/\/gysfm.com.ar\/inicio\/","name":"GYS NOTICIAS |","description":"DIARIO - RADIO ONLINE SAN JUAN ARGENTINA","publisher":{"@id":"https:\/\/gysfm.com.ar\/inicio\/#organization"},"potentialAction":[{"@type":"SearchAction","target":{"@type":"EntryPoint","urlTemplate":"https:\/\/gysfm.com.ar\/inicio\/?s={search_term_string}"},"query-input":{"@type":"PropertyValueSpecification","valueRequired":true,"valueName":"search_term_string"}}],"inLanguage":"es"},{"@type":"Organization","@id":"https:\/\/gysfm.com.ar\/inicio\/#organization","name":"GYS NOTICIAS |","url":"https:\/\/gysfm.com.ar\/inicio\/","logo":{"@type":"ImageObject","inLanguage":"es","@id":"https:\/\/gysfm.com.ar\/inicio\/#\/schema\/logo\/image\/","url":"https:\/\/gysfm.com.ar\/inicio\/wp-content\/uploads\/2023\/07\/LOGOGYS-OK.png","contentUrl":"https:\/\/gysfm.com.ar\/inicio\/wp-content\/uploads\/2023\/07\/LOGOGYS-OK.png","width":1170,"height":872,"caption":"GYS NOTICIAS |"},"image":{"@id":"https:\/\/gysfm.com.ar\/inicio\/#\/schema\/logo\/image\/"}},{"@type":"Person","@id":"https:\/\/gysfm.com.ar\/inicio\/#\/schema\/person\/5bedd7ecd35cc35548d89effafa23696","name":"admin","image":{"@type":"ImageObject","inLanguage":"es","@id":"https:\/\/gysfm.com.ar\/inicio\/#\/schema\/person\/image\/","url":"https:\/\/secure.gravatar.com\/avatar\/c331d312b5243fb64d5ba28108a447b27c925295129a363082c9ea52c28d32c2?s=96&d=mm&r=g","contentUrl":"https:\/\/secure.gravatar.com\/avatar\/c331d312b5243fb64d5ba28108a447b27c925295129a363082c9ea52c28d32c2?s=96&d=mm&r=g","caption":"admin"},"sameAs":["https:\/\/gysfm.com.ar\/inicio"],"url":"https:\/\/gysfm.com.ar\/inicio\/author\/admin\/"}]}},"_links":{"self":[{"href":"https:\/\/gysfm.com.ar\/inicio\/wp-json\/wp\/v2\/posts\/208795","targetHints":{"allow":["GET"]}}],"collection":[{"href":"https:\/\/gysfm.com.ar\/inicio\/wp-json\/wp\/v2\/posts"}],"about":[{"href":"https:\/\/gysfm.com.ar\/inicio\/wp-json\/wp\/v2\/types\/post"}],"author":[{"embeddable":true,"href":"https:\/\/gysfm.com.ar\/inicio\/wp-json\/wp\/v2\/users\/1"}],"replies":[{"embeddable":true,"href":"https:\/\/gysfm.com.ar\/inicio\/wp-json\/wp\/v2\/comments?post=208795"}],"version-history":[{"count":0,"href":"https:\/\/gysfm.com.ar\/inicio\/wp-json\/wp\/v2\/posts\/208795\/revisions"}],"wp:featuredmedia":[{"embeddable":true,"href":"https:\/\/gysfm.com.ar\/inicio\/wp-json\/wp\/v2\/media\/208796"}],"wp:attachment":[{"href":"https:\/\/gysfm.com.ar\/inicio\/wp-json\/wp\/v2\/media?parent=208795"}],"wp:term":[{"taxonomy":"category","embeddable":true,"href":"https:\/\/gysfm.com.ar\/inicio\/wp-json\/wp\/v2\/categories?post=208795"},{"taxonomy":"post_tag","embeddable":true,"href":"https:\/\/gysfm.com.ar\/inicio\/wp-json\/wp\/v2\/tags?post=208795"}],"curies":[{"name":"wp","href":"https:\/\/api.w.org\/{rel}","templated":true}]}}