{"id":208792,"date":"2026-08-20T09:52:10","date_gmt":"2026-08-20T12:52:10","guid":{"rendered":"https:\/\/gysfm.com.ar\/inicio\/una-de-las-principales-camaras-empresariales-admitio-que-hay-empresas-que-la-estan-pasando-mal-pero-defendio-el-rumbo-economico-en-el-council-of-the-americas\/"},"modified":"2026-08-20T09:52:13","modified_gmt":"2026-08-20T12:52:13","slug":"una-de-las-principales-camaras-empresariales-admitio-que-hay-empresas-que-la-estan-pasando-mal-pero-defendio-el-rumbo-economico-en-el-council-of-the-americas","status":"publish","type":"post","link":"https:\/\/gysfm.com.ar\/inicio\/una-de-las-principales-camaras-empresariales-admitio-que-hay-empresas-que-la-estan-pasando-mal-pero-defendio-el-rumbo-economico-en-el-council-of-the-americas\/","title":{"rendered":"Una de las principales c\u00e1maras empresariales admiti\u00f3 que \u201chay empresas que la est\u00e1n pasando mal\u201d pero defendi\u00f3 el rumbo econ\u00f3mico en el Council of the Americas"},"content":{"rendered":"<p><\/p>\n<div>\n<p class=\"com-paragraph --capital --s\">El fr\u00edo calaba fuerte esta ma\u00f1ana en el sal\u00f3n Versalles del Hotel Alvear, pero no impidi\u00f3 que el Council of the Americas reuniera, por 23\u00ba a\u00f1o consecutivo, a la plana empresarial y pol\u00edtica que sigue de cerca el pulso de la Argentina. \u201cFr\u00edo, \u00bfno?\u201d, arranc\u00f3 <strong>Mario Grinman<\/strong>, presidente de la C\u00e1mara Argentina de Comercio y Servicios (CAC) y anfitri\u00f3n del evento, antes de dar paso a un discurso centrado en una sola palabra: libertad.<\/p>\n<p class=\"com-paragraph --s\">Grinman eligi\u00f3 no repetir la f\u00f3rmula de otros a\u00f1os. Con seis minutos de reloj, propuso una reflexi\u00f3n sobre el ejercicio de la libertad m\u00e1s que sobre su conquista. <strong>\u201cAun siendo un valor, tiene costos\u201d<\/strong>, dijo, y remarc\u00f3 que el diccionario define a la libertad como la facultad del hombre de obrar de una manera u otra, y que ese obrar forma parte de la responsabilidad de cada uno.<\/p>\n<p class=\"com-paragraph --s\">El empresario traz\u00f3 una comparaci\u00f3n entre el pa\u00eds que describi\u00f3 como \u201cun estado omnipresente\u201d \u2014que decid\u00eda cu\u00e1ndo se pod\u00eda exportar carne o cu\u00e1nto deb\u00eda medir la g\u00f3ndola de un supermercado\u2014 y la etapa actual, en la que el sector privado recuper\u00f3 protagonismo. \u201c<strong>Ese estado sobredimensionado imped\u00eda a la mayor\u00eda de las empresas crecer y era un lastre para el pa\u00eds en general.<\/strong> Pero tambi\u00e9n hay que reconocer que ofrec\u00eda cierta comodidad: si las cosas sal\u00edan mal, ten\u00edamos a qui\u00e9n culpar\u201d, se\u00f1al\u00f3.<\/p>\n<p class=\"com-paragraph --s\">Grinman enumer\u00f3 los sectores que, a su juicio, se beneficiaron de esa mayor libertad econ\u00f3mica: los yacimientos de hidrocarburos de la Patagonia, que \u201caumentan exponencialmente su producci\u00f3n\u201d; los recursos minerales de la cordillera, <strong>que durante a\u00f1os la Argentina mir\u00f3 \u201ccon envidia\u201d hacia Chile y que hoy empiezan a explotarse<\/strong>; el inter\u00e9s de la inteligencia artificial en el pa\u00eds como destino de inversi\u00f3n, y la reconversi\u00f3n de otras actividades productivas a lo largo del territorio, entre ellas el agro.<\/p>\n<p class=\"com-paragraph --s\">El titular de la CAC no evit\u00f3 el costo social de la transformaci\u00f3n econ\u00f3mica. \u201cEstamos pasando por un momento heterog\u00e9neo. <mark class=\"hl_underline\">Hay empresas que la est\u00e1n pasando mal, hay empresas que han cerrado, se han perdido puestos de trabajo<\/mark>\u201d, admiti\u00f3 ante el auditorio, en referencia al sector de comercio y servicios que representa la c\u00e1mara \u2014seg\u00fan dijo, responsable de cerca del 65% del PBI y de una porci\u00f3n significativa del empleo formal del pa\u00eds\u2014. Pero enseguida complet\u00f3 la idea: <mark class=\"hl_underline\">\u201cSi ese es el precio que tenemos que pagar los argentinos para transformar nuestro pa\u00eds, para que nuestros nietos puedan vivir en un pa\u00eds normal y cre\u00edble, yo creo que vale la pena\u201d.<\/mark><\/p>\n<p class=\"com-paragraph --s\">Grinman tambi\u00e9n reclam\u00f3 una articulaci\u00f3n p\u00fablico-privada m\u00e1s activa. \u201cNo todo se le puede dejar al gobierno. Es momento de ser creativos y, entre todos, trabajar para un pa\u00eds mejor\u201d, plante\u00f3. Cerca del final, sin mencionar nombres, aludi\u00f3 a declaraciones de un dirigente opositor sobre eventuales nacionalizaciones y expropiaciones si su espacio llegara al poder, y contrapuso ese escenario al rumbo actual: \u201cNo exento de sacrificio, pero si lo consolidamos, si lo continuamos, vamos a tener un pa\u00eds espectacular\u201d. <strong>Cerr\u00f3 pidiendo a los presentes que definan \u201cde qu\u00e9 lado\u201d <\/strong>quieren estar, y dijo tener el suyo en claro.<\/p>\n<section class=\"container-center-100 mb-40 border border-bottom border-thin border-neutral-light-700\">\n<hr\/>\n<\/section>\n<\/div>\n<p><script id=\"facebookpixel\" defer=\"\" type=\"text\/javascript\">\n        !function(f,b,e,v,n,t,s)\n        {if(f.fbq)return;n=f.fbq=function(){n.callMethod?\n        n.callMethod.apply(n,arguments):n.queue.push(arguments)};\n        if(!f._fbq)f._fbq=n;n.push=n;n.loaded=!0;n.version='2.0';\n        n.queue=[];t=b.createElement(e);t.async=!0;\n        t.src=v;s=b.getElementsByTagName(e)[0];\n        s.parentNode.insertBefore(t,s)}(window, document,'script',\n        'https:\/\/connect.facebook.net\/en_US\/fbevents.js');\n        fbq('init', '492459597522335');\n        fbq('track', 'PageView');\n    <\/script><\/p>\n","protected":false},"excerpt":{"rendered":"<p>El fr\u00edo calaba fuerte esta ma\u00f1ana en el sal\u00f3n Versalles del Hotel Alvear, pero no impidi\u00f3 que el Council of the Americas reuniera, por 23\u00ba a\u00f1o consecutivo, a la plana empresarial y pol\u00edtica que sigue de cerca el pulso de la Argentina. \u201cFr\u00edo, \u00bfno?\u201d, arranc\u00f3 Mario Grinman, presidente de la C\u00e1mara Argentina de Comercio y [&hellip;]<\/p>\n","protected":false},"author":1,"featured_media":208793,"comment_status":"closed","ping_status":"closed","sticky":false,"template":"","format":"standard","meta":{"footnotes":""},"categories":[28],"tags":[],"class_list":["post-208792","post","type-post","status-publish","format-standard","has-post-thumbnail","hentry","category-economia"],"yoast_head":"<!-- This site is optimized with the Yoast SEO plugin v24.4 - https:\/\/yoast.com\/wordpress\/plugins\/seo\/ -->\n<title>Una de las principales c\u00e1maras empresariales admiti\u00f3 que \u201chay empresas que la est\u00e1n pasando mal\u201d pero defendi\u00f3 el rumbo econ\u00f3mico en el Council of the Americas - GYS NOTICIAS |<\/title>\n<meta name=\"robots\" content=\"index, follow, max-snippet:-1, max-image-preview:large, max-video-preview:-1\" \/>\n<link rel=\"canonical\" href=\"https:\/\/gysfm.com.ar\/inicio\/una-de-las-principales-camaras-empresariales-admitio-que-hay-empresas-que-la-estan-pasando-mal-pero-defendio-el-rumbo-economico-en-el-council-of-the-americas\/\" \/>\n<meta property=\"og:locale\" content=\"es_ES\" \/>\n<meta property=\"og:type\" content=\"article\" \/>\n<meta property=\"og:title\" content=\"Una de las principales c\u00e1maras empresariales admiti\u00f3 que \u201chay empresas que la est\u00e1n pasando mal\u201d pero defendi\u00f3 el rumbo econ\u00f3mico en el Council of the Americas - GYS NOTICIAS |\" \/>\n<meta property=\"og:description\" content=\"El fr\u00edo calaba fuerte esta ma\u00f1ana en el sal\u00f3n Versalles del Hotel Alvear, pero no impidi\u00f3 que el Council of the Americas reuniera, por 23\u00ba a\u00f1o consecutivo, a la plana empresarial y pol\u00edtica que sigue de cerca el pulso de la Argentina. \u201cFr\u00edo, \u00bfno?\u201d, arranc\u00f3 Mario Grinman, presidente de la C\u00e1mara Argentina de Comercio y [&hellip;]\" \/>\n<meta property=\"og:url\" content=\"https:\/\/gysfm.com.ar\/inicio\/una-de-las-principales-camaras-empresariales-admitio-que-hay-empresas-que-la-estan-pasando-mal-pero-defendio-el-rumbo-economico-en-el-council-of-the-americas\/\" \/>\n<meta property=\"og:site_name\" content=\"GYS NOTICIAS |\" \/>\n<meta property=\"article:published_time\" content=\"2026-08-20T12:52:10+00:00\" \/>\n<meta property=\"article:modified_time\" content=\"2026-08-20T12:52:13+00:00\" \/>\n<meta property=\"og:image\" content=\"https:\/\/gysfm.com.ar\/inicio\/wp-content\/uploads\/2026\/08\/mario-grinman-presidente-de-la-camara-argentina-XV4K3FJ43NGYXCEBLNES4EN2UQ.png\" \/>\n\t<meta property=\"og:image:width\" content=\"1200\" \/>\n\t<meta property=\"og:image:height\" content=\"800\" \/>\n\t<meta property=\"og:image:type\" content=\"image\/png\" \/>\n<meta name=\"author\" content=\"admin\" \/>\n<meta name=\"twitter:card\" content=\"summary_large_image\" \/>\n<meta name=\"twitter:label1\" content=\"Escrito por\" \/>\n\t<meta name=\"twitter:data1\" content=\"admin\" \/>\n\t<meta name=\"twitter:label2\" content=\"Tiempo de lectura\" \/>\n\t<meta name=\"twitter:data2\" content=\"3 minutos\" \/>\n<script type=\"application\/ld+json\" class=\"yoast-schema-graph\">{\"@context\":\"https:\/\/schema.org\",\"@graph\":[{\"@type\":\"Article\",\"@id\":\"https:\/\/gysfm.com.ar\/inicio\/una-de-las-principales-camaras-empresariales-admitio-que-hay-empresas-que-la-estan-pasando-mal-pero-defendio-el-rumbo-economico-en-el-council-of-the-americas\/#article\",\"isPartOf\":{\"@id\":\"https:\/\/gysfm.com.ar\/inicio\/una-de-las-principales-camaras-empresariales-admitio-que-hay-empresas-que-la-estan-pasando-mal-pero-defendio-el-rumbo-economico-en-el-council-of-the-americas\/\"},\"author\":{\"name\":\"admin\",\"@id\":\"https:\/\/gysfm.com.ar\/inicio\/#\/schema\/person\/5bedd7ecd35cc35548d89effafa23696\"},\"headline\":\"Una de las principales c\u00e1maras empresariales admiti\u00f3 que \u201chay empresas que la est\u00e1n pasando mal\u201d pero defendi\u00f3 el rumbo econ\u00f3mico en el Council of the Americas\",\"datePublished\":\"2026-08-20T12:52:10+00:00\",\"dateModified\":\"2026-08-20T12:52:13+00:00\",\"mainEntityOfPage\":{\"@id\":\"https:\/\/gysfm.com.ar\/inicio\/una-de-las-principales-camaras-empresariales-admitio-que-hay-empresas-que-la-estan-pasando-mal-pero-defendio-el-rumbo-economico-en-el-council-of-the-americas\/\"},\"wordCount\":589,\"publisher\":{\"@id\":\"https:\/\/gysfm.com.ar\/inicio\/#organization\"},\"image\":{\"@id\":\"https:\/\/gysfm.com.ar\/inicio\/una-de-las-principales-camaras-empresariales-admitio-que-hay-empresas-que-la-estan-pasando-mal-pero-defendio-el-rumbo-economico-en-el-council-of-the-americas\/#primaryimage\"},\"thumbnailUrl\":\"https:\/\/gysfm.com.ar\/inicio\/wp-content\/uploads\/2026\/08\/mario-grinman-presidente-de-la-camara-argentina-XV4K3FJ43NGYXCEBLNES4EN2UQ.png\",\"articleSection\":[\"ECONOMIA\"],\"inLanguage\":\"es\"},{\"@type\":\"WebPage\",\"@id\":\"https:\/\/gysfm.com.ar\/inicio\/una-de-las-principales-camaras-empresariales-admitio-que-hay-empresas-que-la-estan-pasando-mal-pero-defendio-el-rumbo-economico-en-el-council-of-the-americas\/\",\"url\":\"https:\/\/gysfm.com.ar\/inicio\/una-de-las-principales-camaras-empresariales-admitio-que-hay-empresas-que-la-estan-pasando-mal-pero-defendio-el-rumbo-economico-en-el-council-of-the-americas\/\",\"name\":\"Una de las principales c\u00e1maras empresariales admiti\u00f3 que \u201chay empresas que la est\u00e1n pasando mal\u201d pero defendi\u00f3 el rumbo econ\u00f3mico en el Council of the Americas - GYS NOTICIAS |\",\"isPartOf\":{\"@id\":\"https:\/\/gysfm.com.ar\/inicio\/#website\"},\"primaryImageOfPage\":{\"@id\":\"https:\/\/gysfm.com.ar\/inicio\/una-de-las-principales-camaras-empresariales-admitio-que-hay-empresas-que-la-estan-pasando-mal-pero-defendio-el-rumbo-economico-en-el-council-of-the-americas\/#primaryimage\"},\"image\":{\"@id\":\"https:\/\/gysfm.com.ar\/inicio\/una-de-las-principales-camaras-empresariales-admitio-que-hay-empresas-que-la-estan-pasando-mal-pero-defendio-el-rumbo-economico-en-el-council-of-the-americas\/#primaryimage\"},\"thumbnailUrl\":\"https:\/\/gysfm.com.ar\/inicio\/wp-content\/uploads\/2026\/08\/mario-grinman-presidente-de-la-camara-argentina-XV4K3FJ43NGYXCEBLNES4EN2UQ.png\",\"datePublished\":\"2026-08-20T12:52:10+00:00\",\"dateModified\":\"2026-08-20T12:52:13+00:00\",\"breadcrumb\":{\"@id\":\"https:\/\/gysfm.com.ar\/inicio\/una-de-las-principales-camaras-empresariales-admitio-que-hay-empresas-que-la-estan-pasando-mal-pero-defendio-el-rumbo-economico-en-el-council-of-the-americas\/#breadcrumb\"},\"inLanguage\":\"es\",\"potentialAction\":[{\"@type\":\"ReadAction\",\"target\":[\"https:\/\/gysfm.com.ar\/inicio\/una-de-las-principales-camaras-empresariales-admitio-que-hay-empresas-que-la-estan-pasando-mal-pero-defendio-el-rumbo-economico-en-el-council-of-the-americas\/\"]}]},{\"@type\":\"ImageObject\",\"inLanguage\":\"es\",\"@id\":\"https:\/\/gysfm.com.ar\/inicio\/una-de-las-principales-camaras-empresariales-admitio-que-hay-empresas-que-la-estan-pasando-mal-pero-defendio-el-rumbo-economico-en-el-council-of-the-americas\/#primaryimage\",\"url\":\"https:\/\/gysfm.com.ar\/inicio\/wp-content\/uploads\/2026\/08\/mario-grinman-presidente-de-la-camara-argentina-XV4K3FJ43NGYXCEBLNES4EN2UQ.png\",\"contentUrl\":\"https:\/\/gysfm.com.ar\/inicio\/wp-content\/uploads\/2026\/08\/mario-grinman-presidente-de-la-camara-argentina-XV4K3FJ43NGYXCEBLNES4EN2UQ.png\",\"width\":1200,\"height\":800},{\"@type\":\"BreadcrumbList\",\"@id\":\"https:\/\/gysfm.com.ar\/inicio\/una-de-las-principales-camaras-empresariales-admitio-que-hay-empresas-que-la-estan-pasando-mal-pero-defendio-el-rumbo-economico-en-el-council-of-the-americas\/#breadcrumb\",\"itemListElement\":[{\"@type\":\"ListItem\",\"position\":1,\"name\":\"Portada\",\"item\":\"https:\/\/gysfm.com.ar\/inicio\/\"},{\"@type\":\"ListItem\",\"position\":2,\"name\":\"Una de las principales c\u00e1maras empresariales admiti\u00f3 que \u201chay empresas que la est\u00e1n pasando mal\u201d pero defendi\u00f3 el rumbo econ\u00f3mico en el Council of the Americas\"}]},{\"@type\":\"WebSite\",\"@id\":\"https:\/\/gysfm.com.ar\/inicio\/#website\",\"url\":\"https:\/\/gysfm.com.ar\/inicio\/\",\"name\":\"GYS NOTICIAS |\",\"description\":\"DIARIO - RADIO ONLINE SAN JUAN ARGENTINA\",\"publisher\":{\"@id\":\"https:\/\/gysfm.com.ar\/inicio\/#organization\"},\"potentialAction\":[{\"@type\":\"SearchAction\",\"target\":{\"@type\":\"EntryPoint\",\"urlTemplate\":\"https:\/\/gysfm.com.ar\/inicio\/?s={search_term_string}\"},\"query-input\":{\"@type\":\"PropertyValueSpecification\",\"valueRequired\":true,\"valueName\":\"search_term_string\"}}],\"inLanguage\":\"es\"},{\"@type\":\"Organization\",\"@id\":\"https:\/\/gysfm.com.ar\/inicio\/#organization\",\"name\":\"GYS NOTICIAS |\",\"url\":\"https:\/\/gysfm.com.ar\/inicio\/\",\"logo\":{\"@type\":\"ImageObject\",\"inLanguage\":\"es\",\"@id\":\"https:\/\/gysfm.com.ar\/inicio\/#\/schema\/logo\/image\/\",\"url\":\"https:\/\/gysfm.com.ar\/inicio\/wp-content\/uploads\/2023\/07\/LOGOGYS-OK.png\",\"contentUrl\":\"https:\/\/gysfm.com.ar\/inicio\/wp-content\/uploads\/2023\/07\/LOGOGYS-OK.png\",\"width\":1170,\"height\":872,\"caption\":\"GYS NOTICIAS |\"},\"image\":{\"@id\":\"https:\/\/gysfm.com.ar\/inicio\/#\/schema\/logo\/image\/\"}},{\"@type\":\"Person\",\"@id\":\"https:\/\/gysfm.com.ar\/inicio\/#\/schema\/person\/5bedd7ecd35cc35548d89effafa23696\",\"name\":\"admin\",\"image\":{\"@type\":\"ImageObject\",\"inLanguage\":\"es\",\"@id\":\"https:\/\/gysfm.com.ar\/inicio\/#\/schema\/person\/image\/\",\"url\":\"https:\/\/secure.gravatar.com\/avatar\/c331d312b5243fb64d5ba28108a447b27c925295129a363082c9ea52c28d32c2?s=96&d=mm&r=g\",\"contentUrl\":\"https:\/\/secure.gravatar.com\/avatar\/c331d312b5243fb64d5ba28108a447b27c925295129a363082c9ea52c28d32c2?s=96&d=mm&r=g\",\"caption\":\"admin\"},\"sameAs\":[\"https:\/\/gysfm.com.ar\/inicio\"],\"url\":\"https:\/\/gysfm.com.ar\/inicio\/author\/admin\/\"}]}<\/script>\n<!-- \/ Yoast SEO plugin. -->","yoast_head_json":{"title":"Una de las principales c\u00e1maras empresariales admiti\u00f3 que \u201chay empresas que la est\u00e1n pasando mal\u201d pero defendi\u00f3 el rumbo econ\u00f3mico en el Council of the Americas - GYS NOTICIAS |","robots":{"index":"index","follow":"follow","max-snippet":"max-snippet:-1","max-image-preview":"max-image-preview:large","max-video-preview":"max-video-preview:-1"},"canonical":"https:\/\/gysfm.com.ar\/inicio\/una-de-las-principales-camaras-empresariales-admitio-que-hay-empresas-que-la-estan-pasando-mal-pero-defendio-el-rumbo-economico-en-el-council-of-the-americas\/","og_locale":"es_ES","og_type":"article","og_title":"Una de las principales c\u00e1maras empresariales admiti\u00f3 que \u201chay empresas que la est\u00e1n pasando mal\u201d pero defendi\u00f3 el rumbo econ\u00f3mico en el Council of the Americas - GYS NOTICIAS |","og_description":"El fr\u00edo calaba fuerte esta ma\u00f1ana en el sal\u00f3n Versalles del Hotel Alvear, pero no impidi\u00f3 que el Council of the Americas reuniera, por 23\u00ba a\u00f1o consecutivo, a la plana empresarial y pol\u00edtica que sigue de cerca el pulso de la Argentina. \u201cFr\u00edo, \u00bfno?\u201d, arranc\u00f3 Mario Grinman, presidente de la C\u00e1mara Argentina de Comercio y [&hellip;]","og_url":"https:\/\/gysfm.com.ar\/inicio\/una-de-las-principales-camaras-empresariales-admitio-que-hay-empresas-que-la-estan-pasando-mal-pero-defendio-el-rumbo-economico-en-el-council-of-the-americas\/","og_site_name":"GYS NOTICIAS |","article_published_time":"2026-08-20T12:52:10+00:00","article_modified_time":"2026-08-20T12:52:13+00:00","og_image":[{"width":1200,"height":800,"url":"https:\/\/gysfm.com.ar\/inicio\/wp-content\/uploads\/2026\/08\/mario-grinman-presidente-de-la-camara-argentina-XV4K3FJ43NGYXCEBLNES4EN2UQ.png","type":"image\/png"}],"author":"admin","twitter_card":"summary_large_image","twitter_misc":{"Escrito por":"admin","Tiempo de lectura":"3 minutos"},"schema":{"@context":"https:\/\/schema.org","@graph":[{"@type":"Article","@id":"https:\/\/gysfm.com.ar\/inicio\/una-de-las-principales-camaras-empresariales-admitio-que-hay-empresas-que-la-estan-pasando-mal-pero-defendio-el-rumbo-economico-en-el-council-of-the-americas\/#article","isPartOf":{"@id":"https:\/\/gysfm.com.ar\/inicio\/una-de-las-principales-camaras-empresariales-admitio-que-hay-empresas-que-la-estan-pasando-mal-pero-defendio-el-rumbo-economico-en-el-council-of-the-americas\/"},"author":{"name":"admin","@id":"https:\/\/gysfm.com.ar\/inicio\/#\/schema\/person\/5bedd7ecd35cc35548d89effafa23696"},"headline":"Una de las principales c\u00e1maras empresariales admiti\u00f3 que \u201chay empresas que la est\u00e1n pasando mal\u201d pero defendi\u00f3 el rumbo econ\u00f3mico en el Council of the Americas","datePublished":"2026-08-20T12:52:10+00:00","dateModified":"2026-08-20T12:52:13+00:00","mainEntityOfPage":{"@id":"https:\/\/gysfm.com.ar\/inicio\/una-de-las-principales-camaras-empresariales-admitio-que-hay-empresas-que-la-estan-pasando-mal-pero-defendio-el-rumbo-economico-en-el-council-of-the-americas\/"},"wordCount":589,"publisher":{"@id":"https:\/\/gysfm.com.ar\/inicio\/#organization"},"image":{"@id":"https:\/\/gysfm.com.ar\/inicio\/una-de-las-principales-camaras-empresariales-admitio-que-hay-empresas-que-la-estan-pasando-mal-pero-defendio-el-rumbo-economico-en-el-council-of-the-americas\/#primaryimage"},"thumbnailUrl":"https:\/\/gysfm.com.ar\/inicio\/wp-content\/uploads\/2026\/08\/mario-grinman-presidente-de-la-camara-argentina-XV4K3FJ43NGYXCEBLNES4EN2UQ.png","articleSection":["ECONOMIA"],"inLanguage":"es"},{"@type":"WebPage","@id":"https:\/\/gysfm.com.ar\/inicio\/una-de-las-principales-camaras-empresariales-admitio-que-hay-empresas-que-la-estan-pasando-mal-pero-defendio-el-rumbo-economico-en-el-council-of-the-americas\/","url":"https:\/\/gysfm.com.ar\/inicio\/una-de-las-principales-camaras-empresariales-admitio-que-hay-empresas-que-la-estan-pasando-mal-pero-defendio-el-rumbo-economico-en-el-council-of-the-americas\/","name":"Una de las principales c\u00e1maras empresariales admiti\u00f3 que \u201chay empresas que la est\u00e1n pasando mal\u201d pero defendi\u00f3 el rumbo econ\u00f3mico en el Council of the Americas - GYS NOTICIAS |","isPartOf":{"@id":"https:\/\/gysfm.com.ar\/inicio\/#website"},"primaryImageOfPage":{"@id":"https:\/\/gysfm.com.ar\/inicio\/una-de-las-principales-camaras-empresariales-admitio-que-hay-empresas-que-la-estan-pasando-mal-pero-defendio-el-rumbo-economico-en-el-council-of-the-americas\/#primaryimage"},"image":{"@id":"https:\/\/gysfm.com.ar\/inicio\/una-de-las-principales-camaras-empresariales-admitio-que-hay-empresas-que-la-estan-pasando-mal-pero-defendio-el-rumbo-economico-en-el-council-of-the-americas\/#primaryimage"},"thumbnailUrl":"https:\/\/gysfm.com.ar\/inicio\/wp-content\/uploads\/2026\/08\/mario-grinman-presidente-de-la-camara-argentina-XV4K3FJ43NGYXCEBLNES4EN2UQ.png","datePublished":"2026-08-20T12:52:10+00:00","dateModified":"2026-08-20T12:52:13+00:00","breadcrumb":{"@id":"https:\/\/gysfm.com.ar\/inicio\/una-de-las-principales-camaras-empresariales-admitio-que-hay-empresas-que-la-estan-pasando-mal-pero-defendio-el-rumbo-economico-en-el-council-of-the-americas\/#breadcrumb"},"inLanguage":"es","potentialAction":[{"@type":"ReadAction","target":["https:\/\/gysfm.com.ar\/inicio\/una-de-las-principales-camaras-empresariales-admitio-que-hay-empresas-que-la-estan-pasando-mal-pero-defendio-el-rumbo-economico-en-el-council-of-the-americas\/"]}]},{"@type":"ImageObject","inLanguage":"es","@id":"https:\/\/gysfm.com.ar\/inicio\/una-de-las-principales-camaras-empresariales-admitio-que-hay-empresas-que-la-estan-pasando-mal-pero-defendio-el-rumbo-economico-en-el-council-of-the-americas\/#primaryimage","url":"https:\/\/gysfm.com.ar\/inicio\/wp-content\/uploads\/2026\/08\/mario-grinman-presidente-de-la-camara-argentina-XV4K3FJ43NGYXCEBLNES4EN2UQ.png","contentUrl":"https:\/\/gysfm.com.ar\/inicio\/wp-content\/uploads\/2026\/08\/mario-grinman-presidente-de-la-camara-argentina-XV4K3FJ43NGYXCEBLNES4EN2UQ.png","width":1200,"height":800},{"@type":"BreadcrumbList","@id":"https:\/\/gysfm.com.ar\/inicio\/una-de-las-principales-camaras-empresariales-admitio-que-hay-empresas-que-la-estan-pasando-mal-pero-defendio-el-rumbo-economico-en-el-council-of-the-americas\/#breadcrumb","itemListElement":[{"@type":"ListItem","position":1,"name":"Portada","item":"https:\/\/gysfm.com.ar\/inicio\/"},{"@type":"ListItem","position":2,"name":"Una de las principales c\u00e1maras empresariales admiti\u00f3 que \u201chay empresas que la est\u00e1n pasando mal\u201d pero defendi\u00f3 el rumbo econ\u00f3mico en el Council of the Americas"}]},{"@type":"WebSite","@id":"https:\/\/gysfm.com.ar\/inicio\/#website","url":"https:\/\/gysfm.com.ar\/inicio\/","name":"GYS NOTICIAS |","description":"DIARIO - RADIO ONLINE SAN JUAN ARGENTINA","publisher":{"@id":"https:\/\/gysfm.com.ar\/inicio\/#organization"},"potentialAction":[{"@type":"SearchAction","target":{"@type":"EntryPoint","urlTemplate":"https:\/\/gysfm.com.ar\/inicio\/?s={search_term_string}"},"query-input":{"@type":"PropertyValueSpecification","valueRequired":true,"valueName":"search_term_string"}}],"inLanguage":"es"},{"@type":"Organization","@id":"https:\/\/gysfm.com.ar\/inicio\/#organization","name":"GYS NOTICIAS |","url":"https:\/\/gysfm.com.ar\/inicio\/","logo":{"@type":"ImageObject","inLanguage":"es","@id":"https:\/\/gysfm.com.ar\/inicio\/#\/schema\/logo\/image\/","url":"https:\/\/gysfm.com.ar\/inicio\/wp-content\/uploads\/2023\/07\/LOGOGYS-OK.png","contentUrl":"https:\/\/gysfm.com.ar\/inicio\/wp-content\/uploads\/2023\/07\/LOGOGYS-OK.png","width":1170,"height":872,"caption":"GYS NOTICIAS |"},"image":{"@id":"https:\/\/gysfm.com.ar\/inicio\/#\/schema\/logo\/image\/"}},{"@type":"Person","@id":"https:\/\/gysfm.com.ar\/inicio\/#\/schema\/person\/5bedd7ecd35cc35548d89effafa23696","name":"admin","image":{"@type":"ImageObject","inLanguage":"es","@id":"https:\/\/gysfm.com.ar\/inicio\/#\/schema\/person\/image\/","url":"https:\/\/secure.gravatar.com\/avatar\/c331d312b5243fb64d5ba28108a447b27c925295129a363082c9ea52c28d32c2?s=96&d=mm&r=g","contentUrl":"https:\/\/secure.gravatar.com\/avatar\/c331d312b5243fb64d5ba28108a447b27c925295129a363082c9ea52c28d32c2?s=96&d=mm&r=g","caption":"admin"},"sameAs":["https:\/\/gysfm.com.ar\/inicio"],"url":"https:\/\/gysfm.com.ar\/inicio\/author\/admin\/"}]}},"_links":{"self":[{"href":"https:\/\/gysfm.com.ar\/inicio\/wp-json\/wp\/v2\/posts\/208792","targetHints":{"allow":["GET"]}}],"collection":[{"href":"https:\/\/gysfm.com.ar\/inicio\/wp-json\/wp\/v2\/posts"}],"about":[{"href":"https:\/\/gysfm.com.ar\/inicio\/wp-json\/wp\/v2\/types\/post"}],"author":[{"embeddable":true,"href":"https:\/\/gysfm.com.ar\/inicio\/wp-json\/wp\/v2\/users\/1"}],"replies":[{"embeddable":true,"href":"https:\/\/gysfm.com.ar\/inicio\/wp-json\/wp\/v2\/comments?post=208792"}],"version-history":[{"count":1,"href":"https:\/\/gysfm.com.ar\/inicio\/wp-json\/wp\/v2\/posts\/208792\/revisions"}],"predecessor-version":[{"id":208794,"href":"https:\/\/gysfm.com.ar\/inicio\/wp-json\/wp\/v2\/posts\/208792\/revisions\/208794"}],"wp:featuredmedia":[{"embeddable":true,"href":"https:\/\/gysfm.com.ar\/inicio\/wp-json\/wp\/v2\/media\/208793"}],"wp:attachment":[{"href":"https:\/\/gysfm.com.ar\/inicio\/wp-json\/wp\/v2\/media?parent=208792"}],"wp:term":[{"taxonomy":"category","embeddable":true,"href":"https:\/\/gysfm.com.ar\/inicio\/wp-json\/wp\/v2\/categories?post=208792"},{"taxonomy":"post_tag","embeddable":true,"href":"https:\/\/gysfm.com.ar\/inicio\/wp-json\/wp\/v2\/tags?post=208792"}],"curies":[{"name":"wp","href":"https:\/\/api.w.org\/{rel}","templated":true}]}}