{"id":208789,"date":"2026-08-20T09:51:07","date_gmt":"2026-08-20T12:51:07","guid":{"rendered":"https:\/\/gysfm.com.ar\/inicio\/una-pareja-murio-en-un-accidente-de-helicoptero-en-grecia-durante-su-luna-de-miel\/"},"modified":"2026-08-20T09:51:08","modified_gmt":"2026-08-20T12:51:08","slug":"una-pareja-murio-en-un-accidente-de-helicoptero-en-grecia-durante-su-luna-de-miel","status":"publish","type":"post","link":"https:\/\/gysfm.com.ar\/inicio\/una-pareja-murio-en-un-accidente-de-helicoptero-en-grecia-durante-su-luna-de-miel\/","title":{"rendered":"Una pareja muri\u00f3 en un accidente de helic\u00f3ptero en Grecia durante su luna de miel"},"content":{"rendered":"<p> <br \/>\n<\/p>\n<div>\n<p class=\"com-paragraph --capital --s\">Una <strong>pareja brit\u00e1nica<\/strong> muri\u00f3 durante su <strong>luna de miel <\/strong>en un <strong>accidente de helic\u00f3ptero<\/strong> en la isla de Sifnos.<\/p>\n<p class=\"com-paragraph --s\">El siniestro involucr\u00f3 al helic\u00f3ptero privado Bell 206 que se estrell\u00f3 a pocos metros de una plataforma de aterrizaje. Adem\u00e1s de los reci\u00e9n casados, identificados como <strong>Alexander Cromie y Marie Ebert,<\/strong> en el accidente tambi\u00e9n muri\u00f3 el piloto de la aeronave de nacionalidad griega. <\/p>\n<div class=\"content-media cursor-pointer container-center-100\">\n<section class=\"media-container relative ratio-16-9 mod-media pb-32\">\n<figure class=\"mod-video\">\n<div class=\"video-player bg-black ratio-16-9\" data-has-jwplayer=\"true\" data-video-id-jw=\"7QGtUdLL\" data-config=\"{&quot;title&quot;:&quot;Video del accidente a\u00e9reo en Grecia&quot;,&quot;mediaId&quot;:&quot;7QGtUdLL&quot;,&quot;playerId&quot;:&quot;ih0086X3&quot;,&quot;playlist&quot;:[{&quot;mediaid&quot;:&quot;7QGtUdLL&quot;,&quot;sources&quot;:[{&quot;file&quot;:&quot;https:\/\/cdn.jwplayer.com\/manifests\/7QGtUdLL.m3u8&quot;,&quot;type&quot;:&quot;application\/vnd.apple.mpegurl&quot;},{&quot;bitrate&quot;:186004,&quot;file&quot;:&quot;https:\/\/cdn.jwplayer.com\/videos\/7QGtUdLL-kTExGaWf.mp4&quot;,&quot;filesize&quot;:465012,&quot;framerate&quot;:30,&quot;height&quot;:226,&quot;label&quot;:&quot;180p&quot;,&quot;type&quot;:&quot;video\/mp4&quot;,&quot;width&quot;:320},{&quot;bitrate&quot;:225033,&quot;file&quot;:&quot;https:\/\/cdn.jwplayer.com\/videos\/7QGtUdLL-K8B0kybS.mp4&quot;,&quot;filesize&quot;:562583,&quot;framerate&quot;:30,&quot;height&quot;:340,&quot;label&quot;:&quot;270p&quot;,&quot;type&quot;:&quot;video\/mp4&quot;,&quot;width&quot;:480},{&quot;bitrate&quot;:118671,&quot;file&quot;:&quot;https:\/\/cdn.jwplayer.com\/videos\/7QGtUdLL-hz5z2Tv4.m4a&quot;,&quot;filesize&quot;:296678,&quot;label&quot;:&quot;AAC Audio&quot;,&quot;type&quot;:&quot;audio\/mp4&quot;},{&quot;bitrate&quot;:263635,&quot;file&quot;:&quot;https:\/\/cdn.jwplayer.com\/videos\/7QGtUdLL-FnZGUVnC.mp4&quot;,&quot;filesize&quot;:659088,&quot;framerate&quot;:30,&quot;height&quot;:452,&quot;label&quot;:&quot;360p&quot;,&quot;type&quot;:&quot;video\/mp4&quot;,&quot;width&quot;:640}]}],&quot;hasAutoplay&quot;:false,&quot;autostart&quot;:true,&quot;tagsUrl&quot;:&quot;https:\/\/pubads.g.doubleclick.net\/gampad\/ads?slotname=\/133919216\/la_nacion_video\/nota\/preroll&amp;sz=640x480|400x300&amp;ciu_szs=300x250&amp;unviewed_position_start=1&amp;output=vast&amp;impl=s&amp;env=vp&amp;gdfp_req=1&amp;ad_rule=0&amp;vad_type=linear&amp;vpos=preroll&amp;cust_params=tags_nuevos%3Dte_grecia%2Cte_accidente_aereo%2Cca_el_mundo%2C%2CDZYYWVNRPVBTBPW5RDMHWXDVMM&amp;pod=3&amp;ppos=1&amp;lip=true&amp;min_ad_duration=0&amp;max_ad_duration=30000&amp;vrid=6256&amp;url=https%3A%2F%2Fwww.lanacion.com.ar%2Fel-mundo%2Funa-pareja-murio-en-un-accidente-de-helicoptero-en-grecia-durante-su-luna-de-miel-nid19082026%2F%3Fvariant%3DA&amp;description_url=https%3A%2F%2Fwww.lanacion.com.ar%2Fel-mundo%2Funa-pareja-murio-en-un-accidente-de-helicoptero-en-grecia-durante-su-luna-de-miel-nid19082026%2F%3Fvariant%3DA&amp;video_doc_id=short_onecue&amp;cmsid=496&amp;kfa=0&amp;tfcd=0&amp;correlator=1787229380931&quot;,&quot;arcSite&quot;:&quot;la-nacion-ar&quot;,&quot;duration&quot;:&quot;20000&quot;}\">\n<div id=\"facade-7QGtUdLL\" class=\"content-facade-jw relative bg-black ratio-16-9\"><picture><source media=\"(max-width: 767px)\" srcset=\"https:\/\/www.lanacion.com.ar\/resizer\/v2\/https%3A%2F%2Fcdn.jwplayer.com%2Fv2%2Fmedia%2F7QGtUdLL%2Fposter.jpg%3Fwidth%3D720?auth=5dfa7ed86aae48506559f68016f8bcc219890f529bbd2295da539d6c5809f865&amp;width=480&amp;quality=70&amp;smart=false\"\/><\/picture><\/div>\n<\/div><figcaption class=\"border border-1 border-bottom border-light-300 relative px-16 py-8 min-h-36 w-100_md px-0_l mb-8 bg-white\"><span class=\"text ln-text text-16 block\">Video del accidente a\u00e9reo en Grecia<\/span><\/figcaption><\/figure>\n<\/section>\n<\/div>\n<p class=\"com-paragraph --s\">Vecinos describieron haber escuchado un <strong>\u201cextra\u00f1o ruido en el motor\u201d<\/strong> instantes antes del impacto del veh\u00edculo que proced\u00eda de la localidad de Markopoulo, en las afueras de Atenas.<\/p>\n<p class=\"com-paragraph --s\">El helic\u00f3ptero cay\u00f3 a escasa distancia de un grupo de viviendas, lo que desat\u00f3 un incendio que debi\u00f3 ser sofocado de urgencia por los bomberos. El teniente de alcalde de Sifnos,<strong> Manolis Foundoulakis<\/strong>, afirm\u00f3 al medio de comunicaci\u00f3n local <em>Newsit<\/em> que pr\u00e1cticamente no quedaba <strong>\u201cnada\u201d del avi\u00f3n.<\/strong><\/p>\n<p class=\"com-paragraph --s\">Los cuerpos de la pareja fueron encontrados entre los restos del avi\u00f3n, mientras que la tercera se encontraba a poca distancia. <\/p>\n<p class=\"com-paragraph --s\">\u201cNuestros pensamientos est\u00e1n con las familias en estos momentos dif\u00edciles. Estamos prestando asistencia consular y en contacto con las autoridades griegas\u201d, declararon a la<em> BBC<\/em> desde el Ministerio de Asuntos Exteriores brit\u00e1nico.<\/p>\n<div class=\"content-media cursor-pointer container-center-100\">\n<section class=\"media-container relative ratio-16-9 mod-media pb-32\">\n<figure class=\"mod-video\">\n<div class=\"video-player bg-black ratio-16-9\" data-has-jwplayer=\"true\" data-video-id-jw=\"v74BCx2o\" data-config=\"{&quot;title&quot;:&quot;Accidente helic\u00f3ptero Grecia&quot;,&quot;mediaId&quot;:&quot;v74BCx2o&quot;,&quot;playerId&quot;:&quot;ih0086X3&quot;,&quot;playlist&quot;:[{&quot;mediaid&quot;:&quot;v74BCx2o&quot;,&quot;sources&quot;:[{&quot;file&quot;:&quot;https:\/\/cdn.jwplayer.com\/manifests\/v74BCx2o.m3u8&quot;,&quot;type&quot;:&quot;application\/vnd.apple.mpegurl&quot;},{&quot;bitrate&quot;:367908,&quot;file&quot;:&quot;https:\/\/cdn.jwplayer.com\/videos\/v74BCx2o-kTExGaWf.mp4&quot;,&quot;filesize&quot;:275931,&quot;framerate&quot;:30,&quot;height&quot;:180,&quot;label&quot;:&quot;180p&quot;,&quot;type&quot;:&quot;video\/mp4&quot;,&quot;width&quot;:320},{&quot;bitrate&quot;:548681,&quot;file&quot;:&quot;https:\/\/cdn.jwplayer.com\/videos\/v74BCx2o-K8B0kybS.mp4&quot;,&quot;filesize&quot;:411511,&quot;framerate&quot;:30,&quot;height&quot;:270,&quot;label&quot;:&quot;270p&quot;,&quot;type&quot;:&quot;video\/mp4&quot;,&quot;width&quot;:480},{&quot;bitrate&quot;:123614,&quot;file&quot;:&quot;https:\/\/cdn.jwplayer.com\/videos\/v74BCx2o-hz5z2Tv4.m4a&quot;,&quot;filesize&quot;:92711,&quot;label&quot;:&quot;AAC Audio&quot;,&quot;type&quot;:&quot;audio\/mp4&quot;},{&quot;bitrate&quot;:648838,&quot;file&quot;:&quot;https:\/\/cdn.jwplayer.com\/videos\/v74BCx2o-FnZGUVnC.mp4&quot;,&quot;filesize&quot;:486629,&quot;framerate&quot;:30,&quot;height&quot;:360,&quot;label&quot;:&quot;360p&quot;,&quot;type&quot;:&quot;video\/mp4&quot;,&quot;width&quot;:640}]}],&quot;hasAutoplay&quot;:false,&quot;autostart&quot;:true,&quot;tagsUrl&quot;:&quot;https:\/\/pubads.g.doubleclick.net\/gampad\/ads?slotname=\/133919216\/la_nacion_video\/nota\/preroll&amp;sz=640x480|400x300&amp;ciu_szs=300x250&amp;unviewed_position_start=1&amp;output=vast&amp;impl=s&amp;env=vp&amp;gdfp_req=1&amp;ad_rule=0&amp;vad_type=linear&amp;vpos=preroll&amp;cust_params=tags_nuevos%3Dte_grecia%2Cte_accidente_aereo%2Cca_el_mundo%2C%2CDZYYWVNRPVBTBPW5RDMHWXDVMM&amp;pod=3&amp;ppos=1&amp;lip=true&amp;min_ad_duration=0&amp;max_ad_duration=30000&amp;vrid=6256&amp;url=https%3A%2F%2Fwww.lanacion.com.ar%2Fel-mundo%2Funa-pareja-murio-en-un-accidente-de-helicoptero-en-grecia-durante-su-luna-de-miel-nid19082026%2F%3Fvariant%3DA&amp;description_url=https%3A%2F%2Fwww.lanacion.com.ar%2Fel-mundo%2Funa-pareja-murio-en-un-accidente-de-helicoptero-en-grecia-durante-su-luna-de-miel-nid19082026%2F%3Fvariant%3DA&amp;video_doc_id=short_onecue&amp;cmsid=496&amp;kfa=0&amp;tfcd=0&amp;correlator=1787229380932&quot;,&quot;arcSite&quot;:&quot;la-nacion-ar&quot;,&quot;duration&quot;:&quot;6000&quot;}\">\n<div id=\"facade-v74BCx2o\" class=\"content-facade-jw relative bg-black ratio-16-9\"><picture><source media=\"(max-width: 767px)\" srcset=\"https:\/\/www.lanacion.com.ar\/resizer\/v2\/https%3A%2F%2Fcdn.jwplayer.com%2Fv2%2Fmedia%2Fv74BCx2o%2Fposter.jpg%3Fwidth%3D720?auth=f8815910b03f7dbf917fb8a315faf51aad7a314034845e0deae758e568474127&amp;width=480&amp;quality=70&amp;smart=false\"\/><img class=\"image com-image flex --cover\" decoding=\"async\" fetchpriority=\"low\" loading=\"lazy\" src=\"https:\/\/gysfm.com.ar\/inicio\/wp-content\/uploads\/2026\/08\/https:\/\/cdn.jwplayer.com\/v2\/media\/v74BCx2o\/poster.jpg\" alt=\"Accidente helic\u00f3ptero Grecia\"\/><\/picture><\/div>\n<\/div><figcaption class=\"border border-1 border-bottom border-light-300 relative px-16 py-8 min-h-36 w-100_md px-0_l mb-8 bg-white\"><span class=\"text ln-text text-16 block\">Accidente helic\u00f3ptero Grecia<\/span><\/figcaption><\/figure>\n<\/section>\n<\/div>\n<p class=\"com-paragraph --s\">La autoridad de seguridad a\u00e9rea de Grecia investiga las causas y circunstancias del accidente. Se estima que las tareas de peritaje en la isla se extender\u00e1n durante al menos tres d\u00edas.<\/p>\n<p><h2 class=\"font-primary font-w-bold text-subheading-lg text-left container-center-100 mb-8\"><span>Despedida a la pareja<\/span><\/h2>\n<\/p>\n<p class=\"com-paragraph --s\">La firma de <strong>gesti\u00f3n de activos Blackstone<\/strong>, donde trabajaba Cromie, declar\u00f3 en un comunicado: \u201cEstamos consternados por el tr\u00e1gico fallecimiento de tres personas, entre ellas nuestro compa\u00f1ero Alex Cromie y su esposa Marie Ebert, que estaban celebrando su luna de miel\u201d.<\/p>\n<p class=\"com-paragraph --s\">\u201cAlex era muy querido por todos los que lo conocieron y trabajaron con \u00e9l en Blackstone, y nuestros pensamientos y oraciones est\u00e1n con sus seres queridos\u201d.<\/p>\n<p class=\"com-paragraph --s\">Por su parte, la consultora<strong> Bain &amp; Company<\/strong> donde trabajaba Ebert manifest\u00f3 en un texto: \u201cNos sorprende leer las noticias sobre el tr\u00e1gico accidente ocurrido en Grecia que involucr\u00f3 a una de nuestras compa\u00f1eras y a su esposo\u201d.<\/p>\n<div class=\"content-media\">\n<section role=\"button\" class=\"mod-media   \">\n<figure role=\"button\" tabindex=\"0\" class=\"mod-figure \"><figcaption class=\"mod-figcaption\"><span class=\"com-text --caption --twoxs\">El accidente a\u00e9reo ocurri\u00f3 en la Isla de Sifnos<\/span><\/figcaption><\/figure>\n<\/section>\n<\/div>\n<p class=\"com-paragraph --s\">El vicealcalde de turismo de la isla,<strong> Yiannis Rafeletos,<\/strong> declar\u00f3 a la BBC que los habitantes de Sifnos est\u00e1n \u201cdevastados\u201d y \u201cprofundamente conmocionados\u201d. \u201cTanta felicidad se ha convertido en tristeza\u201d, a\u00f1adi\u00f3.<\/p>\n<section class=\"container-center-100 mb-40 border border-bottom border-thin border-neutral-light-700\">\n<hr\/>\n<\/section>\n<\/div>\n<p><script id=\"facebookpixel\" defer=\"\" type=\"text\/javascript\">\n        !function(f,b,e,v,n,t,s)\n        {if(f.fbq)return;n=f.fbq=function(){n.callMethod?\n        n.callMethod.apply(n,arguments):n.queue.push(arguments)};\n        if(!f._fbq)f._fbq=n;n.push=n;n.loaded=!0;n.version='2.0';\n        n.queue=[];t=b.createElement(e);t.async=!0;\n        t.src=v;s=b.getElementsByTagName(e)[0];\n        s.parentNode.insertBefore(t,s)}(window, document,'script',\n        'https:\/\/connect.facebook.net\/en_US\/fbevents.js');\n        fbq('init', '492459597522335');\n        fbq('track', 'PageView');\n    <\/script><br \/>\n<br \/><\/p>\n","protected":false},"excerpt":{"rendered":"<p>Una pareja brit\u00e1nica muri\u00f3 durante su luna de miel en un accidente de helic\u00f3ptero en la isla de Sifnos. El siniestro involucr\u00f3 al helic\u00f3ptero privado Bell 206 que se estrell\u00f3 a pocos metros de una plataforma de aterrizaje. Adem\u00e1s de los reci\u00e9n casados, identificados como Alexander Cromie y Marie Ebert, en el accidente tambi\u00e9n muri\u00f3 [&hellip;]<\/p>\n","protected":false},"author":2,"featured_media":208790,"comment_status":"closed","ping_status":"closed","sticky":false,"template":"","format":"standard","meta":{"footnotes":""},"categories":[26],"tags":[],"class_list":["post-208789","post","type-post","status-publish","format-standard","has-post-thumbnail","hentry","category-internacionales"],"yoast_head":"<!-- This site is optimized with the Yoast SEO plugin v24.4 - https:\/\/yoast.com\/wordpress\/plugins\/seo\/ -->\n<title>Una pareja muri\u00f3 en un accidente de helic\u00f3ptero en Grecia durante su luna de miel - GYS NOTICIAS |<\/title>\n<meta name=\"robots\" content=\"index, follow, max-snippet:-1, max-image-preview:large, max-video-preview:-1\" \/>\n<link rel=\"canonical\" href=\"https:\/\/gysfm.com.ar\/inicio\/una-pareja-murio-en-un-accidente-de-helicoptero-en-grecia-durante-su-luna-de-miel\/\" \/>\n<meta property=\"og:locale\" content=\"es_ES\" \/>\n<meta property=\"og:type\" content=\"article\" \/>\n<meta property=\"og:title\" content=\"Una pareja muri\u00f3 en un accidente de helic\u00f3ptero en Grecia durante su luna de miel - GYS NOTICIAS |\" \/>\n<meta property=\"og:description\" content=\"Una pareja brit\u00e1nica muri\u00f3 durante su luna de miel en un accidente de helic\u00f3ptero en la isla de Sifnos. El siniestro involucr\u00f3 al helic\u00f3ptero privado Bell 206 que se estrell\u00f3 a pocos metros de una plataforma de aterrizaje. Adem\u00e1s de los reci\u00e9n casados, identificados como Alexander Cromie y Marie Ebert, en el accidente tambi\u00e9n muri\u00f3 [&hellip;]\" \/>\n<meta property=\"og:url\" content=\"https:\/\/gysfm.com.ar\/inicio\/una-pareja-murio-en-un-accidente-de-helicoptero-en-grecia-durante-su-luna-de-miel\/\" \/>\n<meta property=\"og:site_name\" content=\"GYS NOTICIAS |\" \/>\n<meta property=\"article:published_time\" content=\"2026-08-20T12:51:07+00:00\" \/>\n<meta property=\"article:modified_time\" content=\"2026-08-20T12:51:08+00:00\" \/>\n<meta property=\"og:image\" content=\"https:\/\/gysfm.com.ar\/inicio\/wp-content\/uploads\/2026\/08\/la-pareja-fue-identificada-como-los-recien-DNUY43ZXFRCJFLZQ6N3GCP4UUU.jpg\" \/>\n\t<meta property=\"og:image:width\" content=\"1200\" \/>\n\t<meta property=\"og:image:height\" content=\"800\" \/>\n\t<meta property=\"og:image:type\" content=\"image\/jpeg\" \/>\n<meta name=\"author\" content=\"Prensa G&amp;S FM\" \/>\n<meta name=\"twitter:card\" content=\"summary_large_image\" \/>\n<meta name=\"twitter:label1\" content=\"Escrito por\" \/>\n\t<meta name=\"twitter:data1\" content=\"Prensa G&amp;S FM\" \/>\n\t<meta name=\"twitter:label2\" content=\"Tiempo de lectura\" \/>\n\t<meta name=\"twitter:data2\" content=\"2 minutos\" \/>\n<script type=\"application\/ld+json\" class=\"yoast-schema-graph\">{\"@context\":\"https:\/\/schema.org\",\"@graph\":[{\"@type\":\"Article\",\"@id\":\"https:\/\/gysfm.com.ar\/inicio\/una-pareja-murio-en-un-accidente-de-helicoptero-en-grecia-durante-su-luna-de-miel\/#article\",\"isPartOf\":{\"@id\":\"https:\/\/gysfm.com.ar\/inicio\/una-pareja-murio-en-un-accidente-de-helicoptero-en-grecia-durante-su-luna-de-miel\/\"},\"author\":{\"name\":\"Prensa G&amp;S FM\",\"@id\":\"https:\/\/gysfm.com.ar\/inicio\/#\/schema\/person\/3abba7593ef2ad19e1be221d54383dc5\"},\"headline\":\"Una pareja muri\u00f3 en un accidente de helic\u00f3ptero en Grecia durante su luna de miel\",\"datePublished\":\"2026-08-20T12:51:07+00:00\",\"dateModified\":\"2026-08-20T12:51:08+00:00\",\"mainEntityOfPage\":{\"@id\":\"https:\/\/gysfm.com.ar\/inicio\/una-pareja-murio-en-un-accidente-de-helicoptero-en-grecia-durante-su-luna-de-miel\/\"},\"wordCount\":428,\"publisher\":{\"@id\":\"https:\/\/gysfm.com.ar\/inicio\/#organization\"},\"image\":{\"@id\":\"https:\/\/gysfm.com.ar\/inicio\/una-pareja-murio-en-un-accidente-de-helicoptero-en-grecia-durante-su-luna-de-miel\/#primaryimage\"},\"thumbnailUrl\":\"https:\/\/gysfm.com.ar\/inicio\/wp-content\/uploads\/2026\/08\/la-pareja-fue-identificada-como-los-recien-DNUY43ZXFRCJFLZQ6N3GCP4UUU.jpg\",\"articleSection\":[\"INTERNACIONALES\"],\"inLanguage\":\"es\"},{\"@type\":\"WebPage\",\"@id\":\"https:\/\/gysfm.com.ar\/inicio\/una-pareja-murio-en-un-accidente-de-helicoptero-en-grecia-durante-su-luna-de-miel\/\",\"url\":\"https:\/\/gysfm.com.ar\/inicio\/una-pareja-murio-en-un-accidente-de-helicoptero-en-grecia-durante-su-luna-de-miel\/\",\"name\":\"Una pareja muri\u00f3 en un accidente de helic\u00f3ptero en Grecia durante su luna de miel - GYS NOTICIAS |\",\"isPartOf\":{\"@id\":\"https:\/\/gysfm.com.ar\/inicio\/#website\"},\"primaryImageOfPage\":{\"@id\":\"https:\/\/gysfm.com.ar\/inicio\/una-pareja-murio-en-un-accidente-de-helicoptero-en-grecia-durante-su-luna-de-miel\/#primaryimage\"},\"image\":{\"@id\":\"https:\/\/gysfm.com.ar\/inicio\/una-pareja-murio-en-un-accidente-de-helicoptero-en-grecia-durante-su-luna-de-miel\/#primaryimage\"},\"thumbnailUrl\":\"https:\/\/gysfm.com.ar\/inicio\/wp-content\/uploads\/2026\/08\/la-pareja-fue-identificada-como-los-recien-DNUY43ZXFRCJFLZQ6N3GCP4UUU.jpg\",\"datePublished\":\"2026-08-20T12:51:07+00:00\",\"dateModified\":\"2026-08-20T12:51:08+00:00\",\"breadcrumb\":{\"@id\":\"https:\/\/gysfm.com.ar\/inicio\/una-pareja-murio-en-un-accidente-de-helicoptero-en-grecia-durante-su-luna-de-miel\/#breadcrumb\"},\"inLanguage\":\"es\",\"potentialAction\":[{\"@type\":\"ReadAction\",\"target\":[\"https:\/\/gysfm.com.ar\/inicio\/una-pareja-murio-en-un-accidente-de-helicoptero-en-grecia-durante-su-luna-de-miel\/\"]}]},{\"@type\":\"ImageObject\",\"inLanguage\":\"es\",\"@id\":\"https:\/\/gysfm.com.ar\/inicio\/una-pareja-murio-en-un-accidente-de-helicoptero-en-grecia-durante-su-luna-de-miel\/#primaryimage\",\"url\":\"https:\/\/gysfm.com.ar\/inicio\/wp-content\/uploads\/2026\/08\/la-pareja-fue-identificada-como-los-recien-DNUY43ZXFRCJFLZQ6N3GCP4UUU.jpg\",\"contentUrl\":\"https:\/\/gysfm.com.ar\/inicio\/wp-content\/uploads\/2026\/08\/la-pareja-fue-identificada-como-los-recien-DNUY43ZXFRCJFLZQ6N3GCP4UUU.jpg\",\"width\":1200,\"height\":800},{\"@type\":\"BreadcrumbList\",\"@id\":\"https:\/\/gysfm.com.ar\/inicio\/una-pareja-murio-en-un-accidente-de-helicoptero-en-grecia-durante-su-luna-de-miel\/#breadcrumb\",\"itemListElement\":[{\"@type\":\"ListItem\",\"position\":1,\"name\":\"Portada\",\"item\":\"https:\/\/gysfm.com.ar\/inicio\/\"},{\"@type\":\"ListItem\",\"position\":2,\"name\":\"Una pareja muri\u00f3 en un accidente de helic\u00f3ptero en Grecia durante su luna de miel\"}]},{\"@type\":\"WebSite\",\"@id\":\"https:\/\/gysfm.com.ar\/inicio\/#website\",\"url\":\"https:\/\/gysfm.com.ar\/inicio\/\",\"name\":\"GYS NOTICIAS |\",\"description\":\"DIARIO - RADIO ONLINE SAN JUAN ARGENTINA\",\"publisher\":{\"@id\":\"https:\/\/gysfm.com.ar\/inicio\/#organization\"},\"potentialAction\":[{\"@type\":\"SearchAction\",\"target\":{\"@type\":\"EntryPoint\",\"urlTemplate\":\"https:\/\/gysfm.com.ar\/inicio\/?s={search_term_string}\"},\"query-input\":{\"@type\":\"PropertyValueSpecification\",\"valueRequired\":true,\"valueName\":\"search_term_string\"}}],\"inLanguage\":\"es\"},{\"@type\":\"Organization\",\"@id\":\"https:\/\/gysfm.com.ar\/inicio\/#organization\",\"name\":\"GYS NOTICIAS |\",\"url\":\"https:\/\/gysfm.com.ar\/inicio\/\",\"logo\":{\"@type\":\"ImageObject\",\"inLanguage\":\"es\",\"@id\":\"https:\/\/gysfm.com.ar\/inicio\/#\/schema\/logo\/image\/\",\"url\":\"https:\/\/gysfm.com.ar\/inicio\/wp-content\/uploads\/2023\/07\/LOGOGYS-OK.png\",\"contentUrl\":\"https:\/\/gysfm.com.ar\/inicio\/wp-content\/uploads\/2023\/07\/LOGOGYS-OK.png\",\"width\":1170,\"height\":872,\"caption\":\"GYS NOTICIAS |\"},\"image\":{\"@id\":\"https:\/\/gysfm.com.ar\/inicio\/#\/schema\/logo\/image\/\"}},{\"@type\":\"Person\",\"@id\":\"https:\/\/gysfm.com.ar\/inicio\/#\/schema\/person\/3abba7593ef2ad19e1be221d54383dc5\",\"name\":\"Prensa G&amp;S FM\",\"image\":{\"@type\":\"ImageObject\",\"inLanguage\":\"es\",\"@id\":\"https:\/\/gysfm.com.ar\/inicio\/#\/schema\/person\/image\/\",\"url\":\"https:\/\/secure.gravatar.com\/avatar\/096ec78df02049ab018702bb4ccedf659377fa92a26540b5247612077a0dbd29?s=96&d=mm&r=g\",\"contentUrl\":\"https:\/\/secure.gravatar.com\/avatar\/096ec78df02049ab018702bb4ccedf659377fa92a26540b5247612077a0dbd29?s=96&d=mm&r=g\",\"caption\":\"Prensa G&amp;S FM\"},\"sameAs\":[\"https:\/\/gysfm.com.ar\/\"],\"url\":\"https:\/\/gysfm.com.ar\/inicio\/author\/lucasm\/\"}]}<\/script>\n<!-- \/ Yoast SEO plugin. -->","yoast_head_json":{"title":"Una pareja muri\u00f3 en un accidente de helic\u00f3ptero en Grecia durante su luna de miel - GYS NOTICIAS |","robots":{"index":"index","follow":"follow","max-snippet":"max-snippet:-1","max-image-preview":"max-image-preview:large","max-video-preview":"max-video-preview:-1"},"canonical":"https:\/\/gysfm.com.ar\/inicio\/una-pareja-murio-en-un-accidente-de-helicoptero-en-grecia-durante-su-luna-de-miel\/","og_locale":"es_ES","og_type":"article","og_title":"Una pareja muri\u00f3 en un accidente de helic\u00f3ptero en Grecia durante su luna de miel - GYS NOTICIAS |","og_description":"Una pareja brit\u00e1nica muri\u00f3 durante su luna de miel en un accidente de helic\u00f3ptero en la isla de Sifnos. El siniestro involucr\u00f3 al helic\u00f3ptero privado Bell 206 que se estrell\u00f3 a pocos metros de una plataforma de aterrizaje. Adem\u00e1s de los reci\u00e9n casados, identificados como Alexander Cromie y Marie Ebert, en el accidente tambi\u00e9n muri\u00f3 [&hellip;]","og_url":"https:\/\/gysfm.com.ar\/inicio\/una-pareja-murio-en-un-accidente-de-helicoptero-en-grecia-durante-su-luna-de-miel\/","og_site_name":"GYS NOTICIAS |","article_published_time":"2026-08-20T12:51:07+00:00","article_modified_time":"2026-08-20T12:51:08+00:00","og_image":[{"width":1200,"height":800,"url":"https:\/\/gysfm.com.ar\/inicio\/wp-content\/uploads\/2026\/08\/la-pareja-fue-identificada-como-los-recien-DNUY43ZXFRCJFLZQ6N3GCP4UUU.jpg","type":"image\/jpeg"}],"author":"Prensa G&amp;S FM","twitter_card":"summary_large_image","twitter_misc":{"Escrito por":"Prensa G&amp;S FM","Tiempo de lectura":"2 minutos"},"schema":{"@context":"https:\/\/schema.org","@graph":[{"@type":"Article","@id":"https:\/\/gysfm.com.ar\/inicio\/una-pareja-murio-en-un-accidente-de-helicoptero-en-grecia-durante-su-luna-de-miel\/#article","isPartOf":{"@id":"https:\/\/gysfm.com.ar\/inicio\/una-pareja-murio-en-un-accidente-de-helicoptero-en-grecia-durante-su-luna-de-miel\/"},"author":{"name":"Prensa G&amp;S FM","@id":"https:\/\/gysfm.com.ar\/inicio\/#\/schema\/person\/3abba7593ef2ad19e1be221d54383dc5"},"headline":"Una pareja muri\u00f3 en un accidente de helic\u00f3ptero en Grecia durante su luna de miel","datePublished":"2026-08-20T12:51:07+00:00","dateModified":"2026-08-20T12:51:08+00:00","mainEntityOfPage":{"@id":"https:\/\/gysfm.com.ar\/inicio\/una-pareja-murio-en-un-accidente-de-helicoptero-en-grecia-durante-su-luna-de-miel\/"},"wordCount":428,"publisher":{"@id":"https:\/\/gysfm.com.ar\/inicio\/#organization"},"image":{"@id":"https:\/\/gysfm.com.ar\/inicio\/una-pareja-murio-en-un-accidente-de-helicoptero-en-grecia-durante-su-luna-de-miel\/#primaryimage"},"thumbnailUrl":"https:\/\/gysfm.com.ar\/inicio\/wp-content\/uploads\/2026\/08\/la-pareja-fue-identificada-como-los-recien-DNUY43ZXFRCJFLZQ6N3GCP4UUU.jpg","articleSection":["INTERNACIONALES"],"inLanguage":"es"},{"@type":"WebPage","@id":"https:\/\/gysfm.com.ar\/inicio\/una-pareja-murio-en-un-accidente-de-helicoptero-en-grecia-durante-su-luna-de-miel\/","url":"https:\/\/gysfm.com.ar\/inicio\/una-pareja-murio-en-un-accidente-de-helicoptero-en-grecia-durante-su-luna-de-miel\/","name":"Una pareja muri\u00f3 en un accidente de helic\u00f3ptero en Grecia durante su luna de miel - GYS NOTICIAS |","isPartOf":{"@id":"https:\/\/gysfm.com.ar\/inicio\/#website"},"primaryImageOfPage":{"@id":"https:\/\/gysfm.com.ar\/inicio\/una-pareja-murio-en-un-accidente-de-helicoptero-en-grecia-durante-su-luna-de-miel\/#primaryimage"},"image":{"@id":"https:\/\/gysfm.com.ar\/inicio\/una-pareja-murio-en-un-accidente-de-helicoptero-en-grecia-durante-su-luna-de-miel\/#primaryimage"},"thumbnailUrl":"https:\/\/gysfm.com.ar\/inicio\/wp-content\/uploads\/2026\/08\/la-pareja-fue-identificada-como-los-recien-DNUY43ZXFRCJFLZQ6N3GCP4UUU.jpg","datePublished":"2026-08-20T12:51:07+00:00","dateModified":"2026-08-20T12:51:08+00:00","breadcrumb":{"@id":"https:\/\/gysfm.com.ar\/inicio\/una-pareja-murio-en-un-accidente-de-helicoptero-en-grecia-durante-su-luna-de-miel\/#breadcrumb"},"inLanguage":"es","potentialAction":[{"@type":"ReadAction","target":["https:\/\/gysfm.com.ar\/inicio\/una-pareja-murio-en-un-accidente-de-helicoptero-en-grecia-durante-su-luna-de-miel\/"]}]},{"@type":"ImageObject","inLanguage":"es","@id":"https:\/\/gysfm.com.ar\/inicio\/una-pareja-murio-en-un-accidente-de-helicoptero-en-grecia-durante-su-luna-de-miel\/#primaryimage","url":"https:\/\/gysfm.com.ar\/inicio\/wp-content\/uploads\/2026\/08\/la-pareja-fue-identificada-como-los-recien-DNUY43ZXFRCJFLZQ6N3GCP4UUU.jpg","contentUrl":"https:\/\/gysfm.com.ar\/inicio\/wp-content\/uploads\/2026\/08\/la-pareja-fue-identificada-como-los-recien-DNUY43ZXFRCJFLZQ6N3GCP4UUU.jpg","width":1200,"height":800},{"@type":"BreadcrumbList","@id":"https:\/\/gysfm.com.ar\/inicio\/una-pareja-murio-en-un-accidente-de-helicoptero-en-grecia-durante-su-luna-de-miel\/#breadcrumb","itemListElement":[{"@type":"ListItem","position":1,"name":"Portada","item":"https:\/\/gysfm.com.ar\/inicio\/"},{"@type":"ListItem","position":2,"name":"Una pareja muri\u00f3 en un accidente de helic\u00f3ptero en Grecia durante su luna de miel"}]},{"@type":"WebSite","@id":"https:\/\/gysfm.com.ar\/inicio\/#website","url":"https:\/\/gysfm.com.ar\/inicio\/","name":"GYS NOTICIAS |","description":"DIARIO - RADIO ONLINE SAN JUAN ARGENTINA","publisher":{"@id":"https:\/\/gysfm.com.ar\/inicio\/#organization"},"potentialAction":[{"@type":"SearchAction","target":{"@type":"EntryPoint","urlTemplate":"https:\/\/gysfm.com.ar\/inicio\/?s={search_term_string}"},"query-input":{"@type":"PropertyValueSpecification","valueRequired":true,"valueName":"search_term_string"}}],"inLanguage":"es"},{"@type":"Organization","@id":"https:\/\/gysfm.com.ar\/inicio\/#organization","name":"GYS NOTICIAS |","url":"https:\/\/gysfm.com.ar\/inicio\/","logo":{"@type":"ImageObject","inLanguage":"es","@id":"https:\/\/gysfm.com.ar\/inicio\/#\/schema\/logo\/image\/","url":"https:\/\/gysfm.com.ar\/inicio\/wp-content\/uploads\/2023\/07\/LOGOGYS-OK.png","contentUrl":"https:\/\/gysfm.com.ar\/inicio\/wp-content\/uploads\/2023\/07\/LOGOGYS-OK.png","width":1170,"height":872,"caption":"GYS NOTICIAS |"},"image":{"@id":"https:\/\/gysfm.com.ar\/inicio\/#\/schema\/logo\/image\/"}},{"@type":"Person","@id":"https:\/\/gysfm.com.ar\/inicio\/#\/schema\/person\/3abba7593ef2ad19e1be221d54383dc5","name":"Prensa G&amp;S FM","image":{"@type":"ImageObject","inLanguage":"es","@id":"https:\/\/gysfm.com.ar\/inicio\/#\/schema\/person\/image\/","url":"https:\/\/secure.gravatar.com\/avatar\/096ec78df02049ab018702bb4ccedf659377fa92a26540b5247612077a0dbd29?s=96&d=mm&r=g","contentUrl":"https:\/\/secure.gravatar.com\/avatar\/096ec78df02049ab018702bb4ccedf659377fa92a26540b5247612077a0dbd29?s=96&d=mm&r=g","caption":"Prensa G&amp;S FM"},"sameAs":["https:\/\/gysfm.com.ar\/"],"url":"https:\/\/gysfm.com.ar\/inicio\/author\/lucasm\/"}]}},"_links":{"self":[{"href":"https:\/\/gysfm.com.ar\/inicio\/wp-json\/wp\/v2\/posts\/208789","targetHints":{"allow":["GET"]}}],"collection":[{"href":"https:\/\/gysfm.com.ar\/inicio\/wp-json\/wp\/v2\/posts"}],"about":[{"href":"https:\/\/gysfm.com.ar\/inicio\/wp-json\/wp\/v2\/types\/post"}],"author":[{"embeddable":true,"href":"https:\/\/gysfm.com.ar\/inicio\/wp-json\/wp\/v2\/users\/2"}],"replies":[{"embeddable":true,"href":"https:\/\/gysfm.com.ar\/inicio\/wp-json\/wp\/v2\/comments?post=208789"}],"version-history":[{"count":1,"href":"https:\/\/gysfm.com.ar\/inicio\/wp-json\/wp\/v2\/posts\/208789\/revisions"}],"predecessor-version":[{"id":208791,"href":"https:\/\/gysfm.com.ar\/inicio\/wp-json\/wp\/v2\/posts\/208789\/revisions\/208791"}],"wp:featuredmedia":[{"embeddable":true,"href":"https:\/\/gysfm.com.ar\/inicio\/wp-json\/wp\/v2\/media\/208790"}],"wp:attachment":[{"href":"https:\/\/gysfm.com.ar\/inicio\/wp-json\/wp\/v2\/media?parent=208789"}],"wp:term":[{"taxonomy":"category","embeddable":true,"href":"https:\/\/gysfm.com.ar\/inicio\/wp-json\/wp\/v2\/categories?post=208789"},{"taxonomy":"post_tag","embeddable":true,"href":"https:\/\/gysfm.com.ar\/inicio\/wp-json\/wp\/v2\/tags?post=208789"}],"curies":[{"name":"wp","href":"https:\/\/api.w.org\/{rel}","templated":true}]}}