{"id":208787,"date":"2026-08-20T09:10:06","date_gmt":"2026-08-20T12:10:06","guid":{"rendered":"https:\/\/gysfm.com.ar\/inicio\/supermercados-anticipan-un-mejor-trimestre-pero-advierten-que-la-debil-demanda-todavia-frena-las-ventas\/"},"modified":"2026-08-20T09:10:06","modified_gmt":"2026-08-20T12:10:06","slug":"supermercados-anticipan-un-mejor-trimestre-pero-advierten-que-la-debil-demanda-todavia-frena-las-ventas","status":"publish","type":"post","link":"https:\/\/gysfm.com.ar\/inicio\/supermercados-anticipan-un-mejor-trimestre-pero-advierten-que-la-debil-demanda-todavia-frena-las-ventas\/","title":{"rendered":"Supermercados anticipan un mejor trimestre, pero advierten que la d\u00e9bil demanda todav\u00eda frena las ventas"},"content":{"rendered":"<p> <br \/>\n<\/p>\n<div id=\"\">\n<p id=\"p-1787168998036-5825\" class=\"\">Los <strong>supermercados y autoservicios mayoristas<\/strong>  <strong>muestran una mejora en las expectativas para los pr\u00f3ximos meses<\/strong>, aunque esa recuperaci\u00f3n todav\u00eda no alcanza para modificar la percepci\u00f3n sobre el presente. En julio, el <strong>Indicador de Confianza Empresarial (ICE) del INDEC<\/strong> se ubic\u00f3 en <strong>-1,1%<\/strong>, muy cerca del equilibrio y lejos de los m\u00ednimos registrados durante 2024.<\/p>\n<\/div>\n<div id=\"\">\n<p id=\"p-1787168998036-75716\" class=\"\">Sin embargo, esa mayor estabilidad responde principalmente a lo que las empresas esperan hacia adelante y no a una mejora equivalente de la situaci\u00f3n actual. Mientras la evaluaci\u00f3n de la <strong>situaci\u00f3n comercial presente tuvo un balance de -21,6%<\/strong>, las perspectivas para agosto-octubre alcanzaron <strong>8% positivo<\/strong>. A su vez, los stocks mostraron un saldo de -10,2%, por lo que el indicador general qued\u00f3 sostenido por expectativas m\u00e1s favorables para el pr\u00f3ximo trimestre.<\/p>\n<\/div>\n<div id=\"\">\n<p id=\"p-1787168998036-67521\" class=\"\"> En ese marco, el <strong>28,4% de las empresas calific\u00f3 como mala su situaci\u00f3n comercial actual<\/strong> y apenas 6,8% la consider\u00f3 buena, mientras <strong>64,8% respondi\u00f3 que era normal<\/strong>. Al mismo tiempo, la competencia se intensific\u00f3: <strong>26,1% de las firmas se\u00f1al\u00f3 que aument\u00f3 durante los \u00faltimos tres meses<\/strong>, frente a solo 5,7% que percibi\u00f3 una disminuci\u00f3n.<\/p>\n<\/div>\n<div id=\"\">\n<p id=\"p-1787168998036-28594\" class=\"\">De esta manera, el ICE cercano a cero no refleja todav\u00eda una recuperaci\u00f3n plena de la actividad. M\u00e1s bien, muestra que <strong>las empresas esperan una mejora hacia adelante mientras contin\u00faan evaluando con cautela las condiciones actuales del negocio<\/strong>.<\/p>\n<\/div>\n<div id=\"\">\n<h2 id=\"p-1787169278219-67046\" class=\"\" data-section-id=\"brp3ty\" data-start=\"201\" data-end=\"259\">La demanda volvi\u00f3 a ganar peso como principal obst\u00e1culo<\/h2>\n<p id=\"p-1787169278219-88204\" data-start=\"261\" data-end=\"608\">La <strong data-start=\"264\" data-end=\"289\">debilidad del consumo<\/strong> contin\u00faa siendo la principal restricci\u00f3n para supermercados y mayoristas. En ese contexto, <strong data-start=\"364\" data-end=\"492\">el 63,6% de las empresas se\u00f1al\u00f3 a la demanda insuficiente como el principal l\u00edmite para aumentar las ventas<\/strong>, frente al 57,3% registrado tres meses atr\u00e1s, lo que muestra que el problema gan\u00f3 peso durante el \u00faltimo trimestre.<\/p>\n<\/div>\n<div id=\"\">\n<p id=\"p-1787169278219-88667\" data-start=\"610\" data-end=\"1037\">A su vez, <strong data-start=\"610\" data-end=\"698\">la distancia respecto del resto de los factores relevados es considerable.<\/strong> Mientras el <strong data-start=\"711\" data-end=\"728\">costo laboral<\/strong> fue mencionado por el 20,5% de las firmas, el <strong data-start=\"775\" data-end=\"803\">costo del financiamiento<\/strong> concentr\u00f3 apenas el 5,7%. De esta manera, aunque los costos siguen condicionando al sector, la principal dificultad contin\u00faa estando en la<strong data-start=\"830\" data-end=\"1037\"> falta de una demanda suficientemente firme como para sostener una expansi\u00f3n de las ventas.<\/strong><\/p>\n<p id=\"p-1787169278219-9934\" data-start=\"1039\" data-end=\"1494\">A esta debilidad comercial se suma, adem\u00e1s, <strong data-start=\"1039\" data-end=\"1131\">un escenario financiero todav\u00eda restrictivo.<\/strong> En particular, <strong data-start=\"1147\" data-end=\"1250\">el 33% de las empresas calific\u00f3 como dif\u00edcil el acceso al cr\u00e9dito<\/strong> y solo el 3,4% lo consider\u00f3 f\u00e1cil, con un balance de -29,5%. En la misma l\u00ednea, <strong data-start=\"1278\" data-end=\"1398\">el 27,3% evalu\u00f3 negativamente su situaci\u00f3n financiera<\/strong>, frente al 10,2% que la calific\u00f3 como buena, lo que agrega una limitaci\u00f3n adicional para sostener capital de trabajo o ampliar operaciones.<\/p>\n<p id=\"p-1787169278219-58795\" data-start=\"1496\" data-end=\"1855\">Al mismo tiempo, esa menor fortaleza de la demanda no impidi\u00f3 que los precios continuaran avanzando. Durante julio, <strong data-start=\"1616\" data-end=\"1671\">el 60,2% de las firmas aument\u00f3 sus valores de venta<\/strong>, mientras apenas el 2,3% aplic\u00f3 reducciones. <strong data-start=\"1717\" data-end=\"1778\">A<\/strong>dem\u00e1s, la tendencia se mantendr\u00eda durante agosto-octubre, ya que el 62,5% espera nuevos incrementos y ninguna empresa anticipa bajas.<\/p>\n<p id=\"p-1787169278219-92507\" data-start=\"1857\" data-end=\"2309\" data-is-last-node=\"\" data-is-only-node=\"\">As\u00ed, la mejora de las expectativas comerciales aparece todav\u00eda condicionada por <strong>tres factores que se retroalimentan: una demanda insuficiente, un acceso al cr\u00e9dito exigente y precios que contin\u00faan en alza.<\/strong> Por eso, aunque las empresas muestran una visi\u00f3n algo m\u00e1s favorable hacia los pr\u00f3ximos meses, esa expectativa todav\u00eda no encuentra un respaldo equivalente en las condiciones actuales del negocio ni en una recuperaci\u00f3n firme de las ventas.<\/p>\n<h2 id=\"p-1787168998036-28838\">Las mejores expectativas todav\u00eda no impulsan compras ni empleo<\/h2>\n<p id=\"p-1787168998036-71026\" class=\"\">Hacia agosto-octubre, el <strong>13,6% de las empresas espera que su situaci\u00f3n comercial mejore<\/strong>, frente a 5,7% que anticipa un deterioro. En tanto, <strong>80,7% proyecta que permanecer\u00e1 sin cambios.<\/strong> Ese balance positivo de 8% explica buena parte del avance del indicador de confianza.<\/p>\n<p id=\"p-1787168998036-63647\" class=\"\">Sin embargo, ese mayor optimismo todav\u00eda no se refleja en las decisiones operativas. <strong>Los pedidos a proveedores presentan un balance negativo de -8%<\/strong>, ya que 12,5% espera reducirlos y apenas 4,5% aumentarlos. A su vez,<strong> ninguna empresa planea sumar personal durante el trimestre<\/strong>, mientras que 12,5% anticipa reducir su dotaci\u00f3n.<\/p>\n<p id=\"p-1787168998036-97104\" class=\"\">La brecha entre expectativas y decisiones marca, por ahora, el l\u00edmite de la mejora. Los supermercados y mayoristas esperan un escenario comercial algo m\u00e1s favorable, pero <strong>todav\u00eda no est\u00e1n aumentando compras, inventarios ni empleo como si anticiparan una recuperaci\u00f3n firme de las ventas<\/strong>.<\/p>\n<p id=\"p-1787168998036-27228\">As\u00ed, el sector parece haber encontrado una mayor estabilidad despu\u00e9s del deterioro previo, aunque todav\u00eda necesita que la mejora de las expectativas se traduzca en una recuperaci\u00f3n efectiva de la demanda. Hasta que eso ocurra, la confianza puede acercarse al equilibrio sin que el nivel de actividad acompa\u00f1e con la misma intensidad.<\/p>\n<\/p><\/div>\n<p><script>\n!function(f,b,e,v,n,t,s)\n{if(f.fbq)return;n=f.fbq=function(){n.callMethod?\nn.callMethod.apply(n,arguments):n.queue.push(arguments)};\nif(!f._fbq)f._fbq=n;n.push=n;n.loaded=!0;n.version='2.0';\nn.queue=[];t=b.createElement(e);t.async=!0;\nt.src=v;s=b.getElementsByTagName(e)[0];\ns.parentNode.insertBefore(t,s)}(window,document,'script',\n'https:\/\/connect.facebook.net\/en_US\/fbevents.js');\nfbq('init', '2047048335588113');\nfbq('track', 'PageView');\n<\/script><br \/>\n<br \/><\/p>\n","protected":false},"excerpt":{"rendered":"<p>Los supermercados y autoservicios mayoristas muestran una mejora en las expectativas para los pr\u00f3ximos meses, aunque esa recuperaci\u00f3n todav\u00eda no alcanza para modificar la percepci\u00f3n sobre el presente. En julio, el Indicador de Confianza Empresarial (ICE) del INDEC se ubic\u00f3 en -1,1%, muy cerca del equilibrio y lejos de los m\u00ednimos registrados durante 2024. Sin [&hellip;]<\/p>\n","protected":false},"author":1,"featured_media":208788,"comment_status":"closed","ping_status":"closed","sticky":false,"template":"","format":"standard","meta":{"footnotes":""},"categories":[28],"tags":[],"class_list":["post-208787","post","type-post","status-publish","format-standard","has-post-thumbnail","hentry","category-economia"],"yoast_head":"<!-- This site is optimized with the Yoast SEO plugin v24.4 - https:\/\/yoast.com\/wordpress\/plugins\/seo\/ -->\n<title>Supermercados anticipan un mejor trimestre, pero advierten que la d\u00e9bil demanda todav\u00eda frena las ventas - GYS NOTICIAS |<\/title>\n<meta name=\"robots\" content=\"index, follow, max-snippet:-1, max-image-preview:large, max-video-preview:-1\" \/>\n<link rel=\"canonical\" href=\"https:\/\/gysfm.com.ar\/inicio\/supermercados-anticipan-un-mejor-trimestre-pero-advierten-que-la-debil-demanda-todavia-frena-las-ventas\/\" \/>\n<meta property=\"og:locale\" content=\"es_ES\" \/>\n<meta property=\"og:type\" content=\"article\" \/>\n<meta property=\"og:title\" content=\"Supermercados anticipan un mejor trimestre, pero advierten que la d\u00e9bil demanda todav\u00eda frena las ventas - GYS NOTICIAS |\" \/>\n<meta property=\"og:description\" content=\"Los supermercados y autoservicios mayoristas muestran una mejora en las expectativas para los pr\u00f3ximos meses, aunque esa recuperaci\u00f3n todav\u00eda no alcanza para modificar la percepci\u00f3n sobre el presente. En julio, el Indicador de Confianza Empresarial (ICE) del INDEC se ubic\u00f3 en -1,1%, muy cerca del equilibrio y lejos de los m\u00ednimos registrados durante 2024. Sin [&hellip;]\" \/>\n<meta property=\"og:url\" content=\"https:\/\/gysfm.com.ar\/inicio\/supermercados-anticipan-un-mejor-trimestre-pero-advierten-que-la-debil-demanda-todavia-frena-las-ventas\/\" \/>\n<meta property=\"og:site_name\" content=\"GYS NOTICIAS |\" \/>\n<meta property=\"article:published_time\" content=\"2026-08-20T12:10:06+00:00\" \/>\n<meta name=\"author\" content=\"admin\" \/>\n<meta name=\"twitter:card\" content=\"summary_large_image\" \/>\n<meta name=\"twitter:label1\" content=\"Escrito por\" \/>\n\t<meta name=\"twitter:data1\" content=\"admin\" \/>\n\t<meta name=\"twitter:label2\" content=\"Tiempo de lectura\" \/>\n\t<meta name=\"twitter:data2\" content=\"4 minutos\" \/>\n<script type=\"application\/ld+json\" class=\"yoast-schema-graph\">{\"@context\":\"https:\/\/schema.org\",\"@graph\":[{\"@type\":\"Article\",\"@id\":\"https:\/\/gysfm.com.ar\/inicio\/supermercados-anticipan-un-mejor-trimestre-pero-advierten-que-la-debil-demanda-todavia-frena-las-ventas\/#article\",\"isPartOf\":{\"@id\":\"https:\/\/gysfm.com.ar\/inicio\/supermercados-anticipan-un-mejor-trimestre-pero-advierten-que-la-debil-demanda-todavia-frena-las-ventas\/\"},\"author\":{\"name\":\"admin\",\"@id\":\"https:\/\/gysfm.com.ar\/inicio\/#\/schema\/person\/5bedd7ecd35cc35548d89effafa23696\"},\"headline\":\"Supermercados anticipan un mejor trimestre, pero advierten que la d\u00e9bil demanda todav\u00eda frena las ventas\",\"datePublished\":\"2026-08-20T12:10:06+00:00\",\"mainEntityOfPage\":{\"@id\":\"https:\/\/gysfm.com.ar\/inicio\/supermercados-anticipan-un-mejor-trimestre-pero-advierten-que-la-debil-demanda-todavia-frena-las-ventas\/\"},\"wordCount\":781,\"publisher\":{\"@id\":\"https:\/\/gysfm.com.ar\/inicio\/#organization\"},\"image\":{\"@id\":\"https:\/\/gysfm.com.ar\/inicio\/supermercados-anticipan-un-mejor-trimestre-pero-advierten-que-la-debil-demanda-todavia-frena-las-ventas\/#primaryimage\"},\"thumbnailUrl\":\"https:\/\/gysfm.com.ar\/inicio\/wp-content\/uploads\/2026\/08\/supermercados.png\",\"articleSection\":[\"ECONOMIA\"],\"inLanguage\":\"es\"},{\"@type\":\"WebPage\",\"@id\":\"https:\/\/gysfm.com.ar\/inicio\/supermercados-anticipan-un-mejor-trimestre-pero-advierten-que-la-debil-demanda-todavia-frena-las-ventas\/\",\"url\":\"https:\/\/gysfm.com.ar\/inicio\/supermercados-anticipan-un-mejor-trimestre-pero-advierten-que-la-debil-demanda-todavia-frena-las-ventas\/\",\"name\":\"Supermercados anticipan un mejor trimestre, pero advierten que la d\u00e9bil demanda todav\u00eda frena las ventas - GYS NOTICIAS |\",\"isPartOf\":{\"@id\":\"https:\/\/gysfm.com.ar\/inicio\/#website\"},\"primaryImageOfPage\":{\"@id\":\"https:\/\/gysfm.com.ar\/inicio\/supermercados-anticipan-un-mejor-trimestre-pero-advierten-que-la-debil-demanda-todavia-frena-las-ventas\/#primaryimage\"},\"image\":{\"@id\":\"https:\/\/gysfm.com.ar\/inicio\/supermercados-anticipan-un-mejor-trimestre-pero-advierten-que-la-debil-demanda-todavia-frena-las-ventas\/#primaryimage\"},\"thumbnailUrl\":\"https:\/\/gysfm.com.ar\/inicio\/wp-content\/uploads\/2026\/08\/supermercados.png\",\"datePublished\":\"2026-08-20T12:10:06+00:00\",\"breadcrumb\":{\"@id\":\"https:\/\/gysfm.com.ar\/inicio\/supermercados-anticipan-un-mejor-trimestre-pero-advierten-que-la-debil-demanda-todavia-frena-las-ventas\/#breadcrumb\"},\"inLanguage\":\"es\",\"potentialAction\":[{\"@type\":\"ReadAction\",\"target\":[\"https:\/\/gysfm.com.ar\/inicio\/supermercados-anticipan-un-mejor-trimestre-pero-advierten-que-la-debil-demanda-todavia-frena-las-ventas\/\"]}]},{\"@type\":\"ImageObject\",\"inLanguage\":\"es\",\"@id\":\"https:\/\/gysfm.com.ar\/inicio\/supermercados-anticipan-un-mejor-trimestre-pero-advierten-que-la-debil-demanda-todavia-frena-las-ventas\/#primaryimage\",\"url\":\"https:\/\/gysfm.com.ar\/inicio\/wp-content\/uploads\/2026\/08\/supermercados.png\",\"contentUrl\":\"https:\/\/gysfm.com.ar\/inicio\/wp-content\/uploads\/2026\/08\/supermercados.png\",\"width\":1200,\"height\":675},{\"@type\":\"BreadcrumbList\",\"@id\":\"https:\/\/gysfm.com.ar\/inicio\/supermercados-anticipan-un-mejor-trimestre-pero-advierten-que-la-debil-demanda-todavia-frena-las-ventas\/#breadcrumb\",\"itemListElement\":[{\"@type\":\"ListItem\",\"position\":1,\"name\":\"Portada\",\"item\":\"https:\/\/gysfm.com.ar\/inicio\/\"},{\"@type\":\"ListItem\",\"position\":2,\"name\":\"Supermercados anticipan un mejor trimestre, pero advierten que la d\u00e9bil demanda todav\u00eda frena las ventas\"}]},{\"@type\":\"WebSite\",\"@id\":\"https:\/\/gysfm.com.ar\/inicio\/#website\",\"url\":\"https:\/\/gysfm.com.ar\/inicio\/\",\"name\":\"GYS NOTICIAS |\",\"description\":\"DIARIO - RADIO ONLINE SAN JUAN ARGENTINA\",\"publisher\":{\"@id\":\"https:\/\/gysfm.com.ar\/inicio\/#organization\"},\"potentialAction\":[{\"@type\":\"SearchAction\",\"target\":{\"@type\":\"EntryPoint\",\"urlTemplate\":\"https:\/\/gysfm.com.ar\/inicio\/?s={search_term_string}\"},\"query-input\":{\"@type\":\"PropertyValueSpecification\",\"valueRequired\":true,\"valueName\":\"search_term_string\"}}],\"inLanguage\":\"es\"},{\"@type\":\"Organization\",\"@id\":\"https:\/\/gysfm.com.ar\/inicio\/#organization\",\"name\":\"GYS NOTICIAS |\",\"url\":\"https:\/\/gysfm.com.ar\/inicio\/\",\"logo\":{\"@type\":\"ImageObject\",\"inLanguage\":\"es\",\"@id\":\"https:\/\/gysfm.com.ar\/inicio\/#\/schema\/logo\/image\/\",\"url\":\"https:\/\/gysfm.com.ar\/inicio\/wp-content\/uploads\/2023\/07\/LOGOGYS-OK.png\",\"contentUrl\":\"https:\/\/gysfm.com.ar\/inicio\/wp-content\/uploads\/2023\/07\/LOGOGYS-OK.png\",\"width\":1170,\"height\":872,\"caption\":\"GYS NOTICIAS |\"},\"image\":{\"@id\":\"https:\/\/gysfm.com.ar\/inicio\/#\/schema\/logo\/image\/\"}},{\"@type\":\"Person\",\"@id\":\"https:\/\/gysfm.com.ar\/inicio\/#\/schema\/person\/5bedd7ecd35cc35548d89effafa23696\",\"name\":\"admin\",\"image\":{\"@type\":\"ImageObject\",\"inLanguage\":\"es\",\"@id\":\"https:\/\/gysfm.com.ar\/inicio\/#\/schema\/person\/image\/\",\"url\":\"https:\/\/secure.gravatar.com\/avatar\/c331d312b5243fb64d5ba28108a447b27c925295129a363082c9ea52c28d32c2?s=96&d=mm&r=g\",\"contentUrl\":\"https:\/\/secure.gravatar.com\/avatar\/c331d312b5243fb64d5ba28108a447b27c925295129a363082c9ea52c28d32c2?s=96&d=mm&r=g\",\"caption\":\"admin\"},\"sameAs\":[\"https:\/\/gysfm.com.ar\/inicio\"],\"url\":\"https:\/\/gysfm.com.ar\/inicio\/author\/admin\/\"}]}<\/script>\n<!-- \/ Yoast SEO plugin. -->","yoast_head_json":{"title":"Supermercados anticipan un mejor trimestre, pero advierten que la d\u00e9bil demanda todav\u00eda frena las ventas - GYS NOTICIAS |","robots":{"index":"index","follow":"follow","max-snippet":"max-snippet:-1","max-image-preview":"max-image-preview:large","max-video-preview":"max-video-preview:-1"},"canonical":"https:\/\/gysfm.com.ar\/inicio\/supermercados-anticipan-un-mejor-trimestre-pero-advierten-que-la-debil-demanda-todavia-frena-las-ventas\/","og_locale":"es_ES","og_type":"article","og_title":"Supermercados anticipan un mejor trimestre, pero advierten que la d\u00e9bil demanda todav\u00eda frena las ventas - GYS NOTICIAS |","og_description":"Los supermercados y autoservicios mayoristas muestran una mejora en las expectativas para los pr\u00f3ximos meses, aunque esa recuperaci\u00f3n todav\u00eda no alcanza para modificar la percepci\u00f3n sobre el presente. En julio, el Indicador de Confianza Empresarial (ICE) del INDEC se ubic\u00f3 en -1,1%, muy cerca del equilibrio y lejos de los m\u00ednimos registrados durante 2024. Sin [&hellip;]","og_url":"https:\/\/gysfm.com.ar\/inicio\/supermercados-anticipan-un-mejor-trimestre-pero-advierten-que-la-debil-demanda-todavia-frena-las-ventas\/","og_site_name":"GYS NOTICIAS |","article_published_time":"2026-08-20T12:10:06+00:00","author":"admin","twitter_card":"summary_large_image","twitter_misc":{"Escrito por":"admin","Tiempo de lectura":"4 minutos"},"schema":{"@context":"https:\/\/schema.org","@graph":[{"@type":"Article","@id":"https:\/\/gysfm.com.ar\/inicio\/supermercados-anticipan-un-mejor-trimestre-pero-advierten-que-la-debil-demanda-todavia-frena-las-ventas\/#article","isPartOf":{"@id":"https:\/\/gysfm.com.ar\/inicio\/supermercados-anticipan-un-mejor-trimestre-pero-advierten-que-la-debil-demanda-todavia-frena-las-ventas\/"},"author":{"name":"admin","@id":"https:\/\/gysfm.com.ar\/inicio\/#\/schema\/person\/5bedd7ecd35cc35548d89effafa23696"},"headline":"Supermercados anticipan un mejor trimestre, pero advierten que la d\u00e9bil demanda todav\u00eda frena las ventas","datePublished":"2026-08-20T12:10:06+00:00","mainEntityOfPage":{"@id":"https:\/\/gysfm.com.ar\/inicio\/supermercados-anticipan-un-mejor-trimestre-pero-advierten-que-la-debil-demanda-todavia-frena-las-ventas\/"},"wordCount":781,"publisher":{"@id":"https:\/\/gysfm.com.ar\/inicio\/#organization"},"image":{"@id":"https:\/\/gysfm.com.ar\/inicio\/supermercados-anticipan-un-mejor-trimestre-pero-advierten-que-la-debil-demanda-todavia-frena-las-ventas\/#primaryimage"},"thumbnailUrl":"https:\/\/gysfm.com.ar\/inicio\/wp-content\/uploads\/2026\/08\/supermercados.png","articleSection":["ECONOMIA"],"inLanguage":"es"},{"@type":"WebPage","@id":"https:\/\/gysfm.com.ar\/inicio\/supermercados-anticipan-un-mejor-trimestre-pero-advierten-que-la-debil-demanda-todavia-frena-las-ventas\/","url":"https:\/\/gysfm.com.ar\/inicio\/supermercados-anticipan-un-mejor-trimestre-pero-advierten-que-la-debil-demanda-todavia-frena-las-ventas\/","name":"Supermercados anticipan un mejor trimestre, pero advierten que la d\u00e9bil demanda todav\u00eda frena las ventas - GYS NOTICIAS |","isPartOf":{"@id":"https:\/\/gysfm.com.ar\/inicio\/#website"},"primaryImageOfPage":{"@id":"https:\/\/gysfm.com.ar\/inicio\/supermercados-anticipan-un-mejor-trimestre-pero-advierten-que-la-debil-demanda-todavia-frena-las-ventas\/#primaryimage"},"image":{"@id":"https:\/\/gysfm.com.ar\/inicio\/supermercados-anticipan-un-mejor-trimestre-pero-advierten-que-la-debil-demanda-todavia-frena-las-ventas\/#primaryimage"},"thumbnailUrl":"https:\/\/gysfm.com.ar\/inicio\/wp-content\/uploads\/2026\/08\/supermercados.png","datePublished":"2026-08-20T12:10:06+00:00","breadcrumb":{"@id":"https:\/\/gysfm.com.ar\/inicio\/supermercados-anticipan-un-mejor-trimestre-pero-advierten-que-la-debil-demanda-todavia-frena-las-ventas\/#breadcrumb"},"inLanguage":"es","potentialAction":[{"@type":"ReadAction","target":["https:\/\/gysfm.com.ar\/inicio\/supermercados-anticipan-un-mejor-trimestre-pero-advierten-que-la-debil-demanda-todavia-frena-las-ventas\/"]}]},{"@type":"ImageObject","inLanguage":"es","@id":"https:\/\/gysfm.com.ar\/inicio\/supermercados-anticipan-un-mejor-trimestre-pero-advierten-que-la-debil-demanda-todavia-frena-las-ventas\/#primaryimage","url":"https:\/\/gysfm.com.ar\/inicio\/wp-content\/uploads\/2026\/08\/supermercados.png","contentUrl":"https:\/\/gysfm.com.ar\/inicio\/wp-content\/uploads\/2026\/08\/supermercados.png","width":1200,"height":675},{"@type":"BreadcrumbList","@id":"https:\/\/gysfm.com.ar\/inicio\/supermercados-anticipan-un-mejor-trimestre-pero-advierten-que-la-debil-demanda-todavia-frena-las-ventas\/#breadcrumb","itemListElement":[{"@type":"ListItem","position":1,"name":"Portada","item":"https:\/\/gysfm.com.ar\/inicio\/"},{"@type":"ListItem","position":2,"name":"Supermercados anticipan un mejor trimestre, pero advierten que la d\u00e9bil demanda todav\u00eda frena las ventas"}]},{"@type":"WebSite","@id":"https:\/\/gysfm.com.ar\/inicio\/#website","url":"https:\/\/gysfm.com.ar\/inicio\/","name":"GYS NOTICIAS |","description":"DIARIO - RADIO ONLINE SAN JUAN ARGENTINA","publisher":{"@id":"https:\/\/gysfm.com.ar\/inicio\/#organization"},"potentialAction":[{"@type":"SearchAction","target":{"@type":"EntryPoint","urlTemplate":"https:\/\/gysfm.com.ar\/inicio\/?s={search_term_string}"},"query-input":{"@type":"PropertyValueSpecification","valueRequired":true,"valueName":"search_term_string"}}],"inLanguage":"es"},{"@type":"Organization","@id":"https:\/\/gysfm.com.ar\/inicio\/#organization","name":"GYS NOTICIAS |","url":"https:\/\/gysfm.com.ar\/inicio\/","logo":{"@type":"ImageObject","inLanguage":"es","@id":"https:\/\/gysfm.com.ar\/inicio\/#\/schema\/logo\/image\/","url":"https:\/\/gysfm.com.ar\/inicio\/wp-content\/uploads\/2023\/07\/LOGOGYS-OK.png","contentUrl":"https:\/\/gysfm.com.ar\/inicio\/wp-content\/uploads\/2023\/07\/LOGOGYS-OK.png","width":1170,"height":872,"caption":"GYS NOTICIAS |"},"image":{"@id":"https:\/\/gysfm.com.ar\/inicio\/#\/schema\/logo\/image\/"}},{"@type":"Person","@id":"https:\/\/gysfm.com.ar\/inicio\/#\/schema\/person\/5bedd7ecd35cc35548d89effafa23696","name":"admin","image":{"@type":"ImageObject","inLanguage":"es","@id":"https:\/\/gysfm.com.ar\/inicio\/#\/schema\/person\/image\/","url":"https:\/\/secure.gravatar.com\/avatar\/c331d312b5243fb64d5ba28108a447b27c925295129a363082c9ea52c28d32c2?s=96&d=mm&r=g","contentUrl":"https:\/\/secure.gravatar.com\/avatar\/c331d312b5243fb64d5ba28108a447b27c925295129a363082c9ea52c28d32c2?s=96&d=mm&r=g","caption":"admin"},"sameAs":["https:\/\/gysfm.com.ar\/inicio"],"url":"https:\/\/gysfm.com.ar\/inicio\/author\/admin\/"}]}},"_links":{"self":[{"href":"https:\/\/gysfm.com.ar\/inicio\/wp-json\/wp\/v2\/posts\/208787","targetHints":{"allow":["GET"]}}],"collection":[{"href":"https:\/\/gysfm.com.ar\/inicio\/wp-json\/wp\/v2\/posts"}],"about":[{"href":"https:\/\/gysfm.com.ar\/inicio\/wp-json\/wp\/v2\/types\/post"}],"author":[{"embeddable":true,"href":"https:\/\/gysfm.com.ar\/inicio\/wp-json\/wp\/v2\/users\/1"}],"replies":[{"embeddable":true,"href":"https:\/\/gysfm.com.ar\/inicio\/wp-json\/wp\/v2\/comments?post=208787"}],"version-history":[{"count":0,"href":"https:\/\/gysfm.com.ar\/inicio\/wp-json\/wp\/v2\/posts\/208787\/revisions"}],"wp:featuredmedia":[{"embeddable":true,"href":"https:\/\/gysfm.com.ar\/inicio\/wp-json\/wp\/v2\/media\/208788"}],"wp:attachment":[{"href":"https:\/\/gysfm.com.ar\/inicio\/wp-json\/wp\/v2\/media?parent=208787"}],"wp:term":[{"taxonomy":"category","embeddable":true,"href":"https:\/\/gysfm.com.ar\/inicio\/wp-json\/wp\/v2\/categories?post=208787"},{"taxonomy":"post_tag","embeddable":true,"href":"https:\/\/gysfm.com.ar\/inicio\/wp-json\/wp\/v2\/tags?post=208787"}],"curies":[{"name":"wp","href":"https:\/\/api.w.org\/{rel}","templated":true}]}}