{"id":208784,"date":"2026-08-20T08:50:05","date_gmt":"2026-08-20T11:50:05","guid":{"rendered":"https:\/\/gysfm.com.ar\/inicio\/una-nueva-encuesta-revela-que-mas-del-30-de-los-uruguayos-se-autopercibe-pobre\/"},"modified":"2026-08-20T08:50:11","modified_gmt":"2026-08-20T11:50:11","slug":"una-nueva-encuesta-revela-que-mas-del-30-de-los-uruguayos-se-autopercibe-pobre","status":"publish","type":"post","link":"https:\/\/gysfm.com.ar\/inicio\/una-nueva-encuesta-revela-que-mas-del-30-de-los-uruguayos-se-autopercibe-pobre\/","title":{"rendered":"Una nueva encuesta revela que m\u00e1s del 30% de los uruguayos se autopercibe pobre"},"content":{"rendered":"<p> <br \/>\n<\/p>\n<div>\n<p class=\"com-paragraph --capital --s\">MONTEVIDEO.\u2013 En el marco de un evento organizado por la<strong> Asociaci\u00f3n Cristiana de Dirigentes de Empresa (ACDE),<\/strong> y mientras el Parlamento de <a href=\"https:\/\/www.lanacion.com.ar\/el-mundo\/uruguay-busca-una-mejor-estrategia-para-resistir-presion-de-eeuu-para-recibir-deportados-y-observa-nid11082026\/\" target=\"_self\" title=\"https:\/\/www.lanacion.com.ar\/el-mundo\/uruguay-busca-una-mejor-estrategia-para-resistir-presion-de-eeuu-para-recibir-deportados-y-observa-nid11082026\/\" class=\"com-link break-word\" data-mrf-recirculation=\"n_link_parrafo\">Uruguay<\/a> vota una nueva <strong>rendici\u00f3n de cuentas<\/strong> que prioriza el<strong> aumento de las transferencias <\/strong>destinadas a <strong>combatir la pobreza infantil, <\/strong>el director t\u00e9cnico del I<strong>nstituto Nacional de Estad\u00edstica (INE),<\/strong> <strong>Marcelo Bisogno, <\/strong>revel\u00f3 un dato que el organismo no publica habitualmente y que hasta ahora no hab\u00eda trascendido: <strong>m\u00e1s del 30% de los <\/strong><a href=\"https:\/\/www.lanacion.com.ar\/el-mundo\/mientras-trump-presiona-a-cuba-planea-enviar-deportados-cubanos-a-uruguay-nid29072026\/\" target=\"_self\" title=\"https:\/\/www.lanacion.com.ar\/el-mundo\/mientras-trump-presiona-a-cuba-planea-enviar-deportados-cubanos-a-uruguay-nid29072026\/\" class=\"com-link break-word\" data-mrf-recirculation=\"n_link_parrafo\"><strong>uruguayos<\/strong><\/a><strong> se autopercibe pobre<\/strong>.<\/p>\n<p class=\"com-paragraph --s\">Seg\u00fan inform\u00f3 el especialista \u2014que desarroll\u00f3 buena parte de su carrera fuera del pa\u00eds, en organismos internacionales como el Banco Mundial y el Banco Interamericano de Desarrollo\u2014, la <strong>medici\u00f3n de la pobreza tiene una dimensi\u00f3n temporal, subjetiva y cultural<\/strong>, y cont\u00f3 que, mientras preparaba su presentaci\u00f3n, se enter\u00f3 de que \u201cel INE tambi\u00e9n tiene en su Encuesta Continua de Hogares (ECH) una pregunta sobre \u2018si usted se siente pobre\u2019\u201d.<\/p>\n<p class=\"com-paragraph --s\">\u201cNo entiendo por qu\u00e9 nunca se public\u00f3. Tengo que averiguarlo. <strong>Los resultados que dan son significativamente distintos a los de la tasa de pobreza y est\u00e1n por encima del 30%<\/strong>. Es decir, si le preguntamos a la gente en Uruguay hoy: \u2018\u00bfUsted se siente pobre?\u2019 Hay <strong>m\u00e1s de un 31,3% que dice que s\u00ed<\/strong>\u201d, desarroll\u00f3 el economista.<\/p>\n<p class=\"com-paragraph --s\">En esta l\u00ednea, Bisogno contrast\u00f3 la respuesta de las personas consultadas con lo que arrojaron los <strong>\u00faltimos datos de pobreza medidos por ingreso correspondientes a 2025<\/strong>, cuando la tasa se estim\u00f3 en <strong>16,6%<\/strong>. Esto significa que, de cada 1000 personas que viven en el pa\u00eds, 166 no superan el ingreso m\u00ednimo necesario para cubrir sus necesidades b\u00e1sicas alimentarias y no alimentarias. En el caso de los hogares, la proporci\u00f3n por debajo de la l\u00ednea de pobreza es menor y se ubic\u00f3 en 13,2%. <strong>\u201cLa tasa de pobreza nuestra es de 16,6%. Sin embargo, m\u00e1s del doble dice sentirse pobre\u201d<\/strong>, consider\u00f3.<\/p>\n<p class=\"com-paragraph --s\">\u201cHacemos un trabajo muy intenso en determinar un fen\u00f3meno que es muy complejo como la pobreza. No hay coincidencia en lo que es el fen\u00f3meno subyacente pobreza, pero compartimos que hay privaci\u00f3n. Se carece de cosas que los otros s\u00ed tienen. Entendemos que la pobreza tiene una dimensi\u00f3n cultural, tiene un toque subjetivo y las privaciones no son siempre las mismas, por lo que es dif\u00edcil de medir\u201d, desarroll\u00f3.<\/p>\n<p class=\"com-paragraph --s\">Aclar\u00f3, en tanto, que el <strong>\u00edndice de pobreza en Uruguay hoy se \u201cbasa en una encuesta de gastos e ingresos de los hogares de 2017\u201d<\/strong>, mientras que la metodolog\u00eda anterior, basada en la encuesta de 2006, utilizaba otra canasta.<\/p>\n<div class=\"content-media\">\n<section role=\"button\" class=\"mod-media   \">\n<figure role=\"button\" tabindex=\"0\" class=\"mod-figure \"><figcaption class=\"mod-figcaption\"><span class=\"com-text --caption --twoxs\">La actualizaci\u00f3n de la canasta y de la metodolog\u00eda de c\u00e1lculo modific\u00f3 de manera significativa la tasa de pobreza registrada en Uruguay<\/span><span class=\"com-text --credit --twoxs\">Pilar Camacho<\/span><\/figcaption><\/figure>\n<\/section>\n<\/div>\n<p><h2 class=\"font-primary font-w-bold text-subheading-lg text-left container-center-100 mb-8\"><span>Pobreza Multidimensional<\/span><\/h2>\n<\/p>\n<p class=\"com-paragraph --s\">De hecho, <strong>cuando el INE actualiz\u00f3 su metodolog\u00eda de estimaci\u00f3n de la pobreza monetaria, el indicador pr\u00e1cticamente se duplic\u00f3<\/strong>: con la base anterior, la pobreza en 2024 se habr\u00eda ubicado en 8,3%, mientras que con la nueva alcanz\u00f3 el 17,3%. A partir de 2025, tambi\u00e9n se empez\u00f3 a publicar el <strong>\u00cdndice de Pobreza Multidimensional<\/strong> \u2014fue de 18,7%\u2014 que incorpora otras dimensiones y<strong> no solo ingreso monetario: educaci\u00f3n, condiciones habitacionales, servicios b\u00e1sicos, protecci\u00f3n social y empleo<\/strong>.<\/p>\n<p class=\"com-paragraph --s\">En esta l\u00ednea, Bisogno dijo que, con la incorporaci\u00f3n de este nuevo mecanismo de c\u00e1lculo, la medici\u00f3n, <strong>\u201caunque no se acerca del todo\u201d a la realidad, \u201cse acerca un poco m\u00e1s\u201d<\/strong>.<\/p>\n<p class=\"com-paragraph --s\">\u201c<strong>La pobreza no es solo un tema de ingresos<\/strong>. Tenemos que ver cu\u00e1les son las <strong>privaciones que sufre un hogar <\/strong>y si superan determinado nivel, que es arbitrario dependiendo cada pa\u00eds, entonces decimos que ese hogar es multidimensionalmente pobre. <\/p>\n<p class=\"com-paragraph --s\">Cuando cruzamos las dos tasas de pobreza estamos lejos de la coincidencia total: hay pobres multidimensionales que no los son por ingreso y que son por ingreso que no son multidimensionales. \u201d, a\u00f1adi\u00f3 el director del INE, que destac\u00f3 durante su presentaci\u00f3n la fuerte baja registrada a partir de 2006, luego de los niveles de pobreza del 47% alcanzados como consecuencia de la crisis de 2002.<\/p>\n<div class=\"content-media\">\n<section role=\"button\" class=\"mod-media   \">\n<figure role=\"button\" tabindex=\"0\" class=\"mod-figure \"><figcaption class=\"mod-figcaption\"><span class=\"com-text --caption --twoxs\">El INE comenz\u00f3 a publicar en 2025 el \u00cdndice de Pobreza Multidimensional, que incorpora dimensiones como educaci\u00f3n, vivienda, empleo y protecci\u00f3n social<\/span><span class=\"com-text --credit --twoxs\">An\u00edbal Greco<\/span><\/figcaption><\/figure>\n<\/section>\n<\/div>\n<p class=\"com-paragraph --s\">Sobre la tasa de pobreza subjetiva, que alcanz\u00f3 al 31,3%, Bisogno aclar\u00f3 que surge de una \u201cpregunta y una encuesta que est\u00e1 poco trabajada y habr\u00eda que mejorarla\u201d. Por eso, si bien ese porcentaje de la poblaci\u00f3n afirm\u00f3 sentirse pobre, se\u00f1al\u00f3 que <strong>\u201cno lo tomar\u00eda como pobreza\u201d<\/strong>.<\/p>\n<p class=\"com-paragraph --s\">En un cruce de datos, agreg\u00f3 que<strong> dentro de ese 31,3% hay un 20,7% de personas que se sienten pobres, pero que no son consideradas pobres seg\u00fan el criterio de ingresos<\/strong>, mientras que el 10,5% restante s\u00ed est\u00e1 incluido en la medici\u00f3n de pobreza por ingresos y, adem\u00e1s, se considera pobre seg\u00fan su percepci\u00f3n subjetiva.<\/p>\n<p class=\"com-paragraph --s\">Consultado por <em>El Pa\u00eds<\/em>, el economista especializado Mat\u00edas Brum dijo que, a partir de esos datos, surge que<strong> m\u00e1s de 1.120.000 personas aseguran ser pobres<\/strong>. De ellas, aproximadamente la mitad (50%) est\u00e1n contempladas en las mediciones del INE \u2014ya sea por ingresos o por pobreza multidimensional\u2014, mientras que unas<strong> 560.000 se autoperciben en una situaci\u00f3n de vulnerabilidad que no se refleja en las dimensiones consideradas para medir la pobreza por parte del Estado <\/strong>uruguayo.<\/p>\n<p class=\"com-paragraph --s\">El m\u00f3dulo de pobreza subjetiva \u2014que fue incorporado por el INE en 2022 y no es divulgado por los boletines de la ECH\u2014 tuvo registros muy similares en 2023 cuando tambi\u00e9n el 31% contest\u00f3 que se consideraba pobre.<\/p>\n<p><h2 class=\"font-primary font-w-bold text-subheading-lg text-left container-center-100 mb-8\"><span>\u201cSem\u00e1foro de eliminaci\u00f3n de pobreza\u201d<\/span><\/h2>\n<\/p>\n<p class=\"com-paragraph --s\">En el foro social organizado por ACDE \u2014que tuvo mesas de intercambio de autoridades de empresas y de fundaciones\u2014, cuya presidenta es la exministra de Industria Elisa Facio, tambi\u00e9n disertaron el economista Ignacio Munyo y el paraguayo Mart\u00edn Burt, fundador del <strong>Sem\u00e1foro de Eliminaci\u00f3n de la Pobreza<\/strong>.<\/p>\n<p class=\"com-paragraph --s\">En di\u00e1logo con <em>El Pa\u00eds<\/em>, Burt explic\u00f3 que su iniciativa, que est\u00e1 siendo implementada en m\u00e1s 60 pa\u00edses, plantea una <strong>\u201cnueva m\u00e9trica objetiva y subjetiva\u201d en la que se le pregunta a la gente que significa para ella ser \u201cno pobre\u201d<\/strong>.<\/p>\n<p class=\"com-paragraph --s\">\u201cContestan en diferentes categor\u00edas como<strong> ingreso, empleo, salud, ambiente, vivienda, infraestructura, educaci\u00f3n, cultura, participaci\u00f3n ciudadana, motivaci\u00f3n<\/strong>, entre otras. Las familias dicen que ser no pobre implica tener <strong>agua potable, ropa para cambiarse, pero tambi\u00e9n motivaci\u00f3n y autoestima<\/strong>. Para algunos, el motivo por el que no generan ingresos es por falta de esta \u00faltima, mientras que para otra es por no acceso a transporte p\u00fablico. El rojo significa ser muy pobre, el amarillo pobre y el verde ser no pobre\u201d, relat\u00f3.<\/p>\n<div class=\"content-media\">\n<section role=\"button\" class=\"mod-media   \">\n<figure role=\"button\" tabindex=\"0\" class=\"mod-figure \"><figcaption class=\"mod-figcaption\"><span class=\"com-text --caption --twoxs\">La medici\u00f3n multidimensional contempla educaci\u00f3n, condiciones habitacionales, servicios b\u00e1sicos, protecci\u00f3n social y empleo<\/span><span class=\"com-text --credit --twoxs\">Getty Images<\/span><\/figcaption><\/figure>\n<\/section>\n<\/div>\n<p class=\"com-paragraph --s\">En esta l\u00ednea, el orador invitado dijo que la familia usando tecnolog\u00eda en 20 minutos hace lo \u201cimpensable, mide su propia pobreza cuando los gobiernos nunca pensaron que los pobres pod\u00edan medir su propia pobreza\u201d.<\/p>\n<p class=\"com-paragraph --s\">\u201cLuego, se les permite <strong>identificar en qu\u00e9 est\u00e1n bien, en qu\u00e9 mal y se les pregunta tambi\u00e9n en qu\u00e9 se sienten orgullosos<\/strong>. Nunca se les pregunt\u00f3 eso. Se establecen cinco prioridades y se les ayuda a alcanzarlas. Para algunos es <strong>mejorar el ingreso, tener ahorro, mejorar la dieta, el acceso al transporte p\u00fablico<\/strong> y a partir de un banco de soluciones en cada comunidad se permite que las familias participen. Se apropien de la soluci\u00f3n. Se cree que las familias pobres son in\u00fatiles y no es cierto\u201d, plante\u00f3 sobre su la herramienta social que busca identificar e individualizar las privaciones que afectan a cada familia.<\/p>\n<section class=\"container-center-100 mb-40 border border-bottom border-thin border-neutral-light-700\">\n<hr\/>\n<\/section>\n<\/div>\n<p><script id=\"facebookpixel\" defer=\"\" type=\"text\/javascript\">\n        !function(f,b,e,v,n,t,s)\n        {if(f.fbq)return;n=f.fbq=function(){n.callMethod?\n        n.callMethod.apply(n,arguments):n.queue.push(arguments)};\n        if(!f._fbq)f._fbq=n;n.push=n;n.loaded=!0;n.version='2.0';\n        n.queue=[];t=b.createElement(e);t.async=!0;\n        t.src=v;s=b.getElementsByTagName(e)[0];\n        s.parentNode.insertBefore(t,s)}(window, document,'script',\n        'https:\/\/connect.facebook.net\/en_US\/fbevents.js');\n        fbq('init', '492459597522335');\n        fbq('track', 'PageView');\n    <\/script><br \/>\n<br \/><\/p>\n","protected":false},"excerpt":{"rendered":"<p>MONTEVIDEO.\u2013 En el marco de un evento organizado por la Asociaci\u00f3n Cristiana de Dirigentes de Empresa (ACDE), y mientras el Parlamento de Uruguay vota una nueva rendici\u00f3n de cuentas que prioriza el aumento de las transferencias destinadas a combatir la pobreza infantil, el director t\u00e9cnico del Instituto Nacional de Estad\u00edstica (INE), Marcelo Bisogno, revel\u00f3 un [&hellip;]<\/p>\n","protected":false},"author":2,"featured_media":208785,"comment_status":"closed","ping_status":"closed","sticky":false,"template":"","format":"standard","meta":{"footnotes":""},"categories":[26],"tags":[],"class_list":["post-208784","post","type-post","status-publish","format-standard","has-post-thumbnail","hentry","category-internacionales"],"yoast_head":"<!-- This site is optimized with the Yoast SEO plugin v24.4 - https:\/\/yoast.com\/wordpress\/plugins\/seo\/ -->\n<title>Una nueva encuesta revela que m\u00e1s del 30% de los uruguayos se autopercibe pobre - GYS NOTICIAS |<\/title>\n<meta name=\"robots\" content=\"index, follow, max-snippet:-1, max-image-preview:large, max-video-preview:-1\" \/>\n<link rel=\"canonical\" href=\"https:\/\/gysfm.com.ar\/inicio\/una-nueva-encuesta-revela-que-mas-del-30-de-los-uruguayos-se-autopercibe-pobre\/\" \/>\n<meta property=\"og:locale\" content=\"es_ES\" \/>\n<meta property=\"og:type\" content=\"article\" \/>\n<meta property=\"og:title\" content=\"Una nueva encuesta revela que m\u00e1s del 30% de los uruguayos se autopercibe pobre - GYS NOTICIAS |\" \/>\n<meta property=\"og:description\" content=\"MONTEVIDEO.\u2013 En el marco de un evento organizado por la Asociaci\u00f3n Cristiana de Dirigentes de Empresa (ACDE), y mientras el Parlamento de Uruguay vota una nueva rendici\u00f3n de cuentas que prioriza el aumento de las transferencias destinadas a combatir la pobreza infantil, el director t\u00e9cnico del Instituto Nacional de Estad\u00edstica (INE), Marcelo Bisogno, revel\u00f3 un [&hellip;]\" \/>\n<meta property=\"og:url\" content=\"https:\/\/gysfm.com.ar\/inicio\/una-nueva-encuesta-revela-que-mas-del-30-de-los-uruguayos-se-autopercibe-pobre\/\" \/>\n<meta property=\"og:site_name\" content=\"GYS NOTICIAS |\" \/>\n<meta property=\"article:published_time\" content=\"2026-08-20T11:50:05+00:00\" \/>\n<meta property=\"article:modified_time\" content=\"2026-08-20T11:50:11+00:00\" \/>\n<meta property=\"og:image\" content=\"https:\/\/gysfm.com.ar\/inicio\/wp-content\/uploads\/2026\/08\/ana-ribeiro-uruguay-bbc-bbc-mundo-mundo-LPHPM5ZULNDBNNKFA5OYO7TOTQ.jpg\" \/>\n\t<meta property=\"og:image:width\" content=\"1200\" \/>\n\t<meta property=\"og:image:height\" content=\"800\" \/>\n\t<meta property=\"og:image:type\" content=\"image\/jpeg\" \/>\n<meta name=\"author\" content=\"Prensa G&amp;S FM\" \/>\n<meta name=\"twitter:card\" content=\"summary_large_image\" \/>\n<meta name=\"twitter:label1\" content=\"Escrito por\" \/>\n\t<meta name=\"twitter:data1\" content=\"Prensa G&amp;S FM\" \/>\n\t<meta name=\"twitter:label2\" content=\"Tiempo de lectura\" \/>\n\t<meta name=\"twitter:data2\" content=\"6 minutos\" \/>\n<script type=\"application\/ld+json\" class=\"yoast-schema-graph\">{\"@context\":\"https:\/\/schema.org\",\"@graph\":[{\"@type\":\"Article\",\"@id\":\"https:\/\/gysfm.com.ar\/inicio\/una-nueva-encuesta-revela-que-mas-del-30-de-los-uruguayos-se-autopercibe-pobre\/#article\",\"isPartOf\":{\"@id\":\"https:\/\/gysfm.com.ar\/inicio\/una-nueva-encuesta-revela-que-mas-del-30-de-los-uruguayos-se-autopercibe-pobre\/\"},\"author\":{\"name\":\"Prensa G&amp;S FM\",\"@id\":\"https:\/\/gysfm.com.ar\/inicio\/#\/schema\/person\/3abba7593ef2ad19e1be221d54383dc5\"},\"headline\":\"Una nueva encuesta revela que m\u00e1s del 30% de los uruguayos se autopercibe pobre\",\"datePublished\":\"2026-08-20T11:50:05+00:00\",\"dateModified\":\"2026-08-20T11:50:11+00:00\",\"mainEntityOfPage\":{\"@id\":\"https:\/\/gysfm.com.ar\/inicio\/una-nueva-encuesta-revela-que-mas-del-30-de-los-uruguayos-se-autopercibe-pobre\/\"},\"wordCount\":1294,\"publisher\":{\"@id\":\"https:\/\/gysfm.com.ar\/inicio\/#organization\"},\"image\":{\"@id\":\"https:\/\/gysfm.com.ar\/inicio\/una-nueva-encuesta-revela-que-mas-del-30-de-los-uruguayos-se-autopercibe-pobre\/#primaryimage\"},\"thumbnailUrl\":\"https:\/\/gysfm.com.ar\/inicio\/wp-content\/uploads\/2026\/08\/ana-ribeiro-uruguay-bbc-bbc-mundo-mundo-LPHPM5ZULNDBNNKFA5OYO7TOTQ.jpg\",\"articleSection\":[\"INTERNACIONALES\"],\"inLanguage\":\"es\"},{\"@type\":\"WebPage\",\"@id\":\"https:\/\/gysfm.com.ar\/inicio\/una-nueva-encuesta-revela-que-mas-del-30-de-los-uruguayos-se-autopercibe-pobre\/\",\"url\":\"https:\/\/gysfm.com.ar\/inicio\/una-nueva-encuesta-revela-que-mas-del-30-de-los-uruguayos-se-autopercibe-pobre\/\",\"name\":\"Una nueva encuesta revela que m\u00e1s del 30% de los uruguayos se autopercibe pobre - GYS NOTICIAS |\",\"isPartOf\":{\"@id\":\"https:\/\/gysfm.com.ar\/inicio\/#website\"},\"primaryImageOfPage\":{\"@id\":\"https:\/\/gysfm.com.ar\/inicio\/una-nueva-encuesta-revela-que-mas-del-30-de-los-uruguayos-se-autopercibe-pobre\/#primaryimage\"},\"image\":{\"@id\":\"https:\/\/gysfm.com.ar\/inicio\/una-nueva-encuesta-revela-que-mas-del-30-de-los-uruguayos-se-autopercibe-pobre\/#primaryimage\"},\"thumbnailUrl\":\"https:\/\/gysfm.com.ar\/inicio\/wp-content\/uploads\/2026\/08\/ana-ribeiro-uruguay-bbc-bbc-mundo-mundo-LPHPM5ZULNDBNNKFA5OYO7TOTQ.jpg\",\"datePublished\":\"2026-08-20T11:50:05+00:00\",\"dateModified\":\"2026-08-20T11:50:11+00:00\",\"breadcrumb\":{\"@id\":\"https:\/\/gysfm.com.ar\/inicio\/una-nueva-encuesta-revela-que-mas-del-30-de-los-uruguayos-se-autopercibe-pobre\/#breadcrumb\"},\"inLanguage\":\"es\",\"potentialAction\":[{\"@type\":\"ReadAction\",\"target\":[\"https:\/\/gysfm.com.ar\/inicio\/una-nueva-encuesta-revela-que-mas-del-30-de-los-uruguayos-se-autopercibe-pobre\/\"]}]},{\"@type\":\"ImageObject\",\"inLanguage\":\"es\",\"@id\":\"https:\/\/gysfm.com.ar\/inicio\/una-nueva-encuesta-revela-que-mas-del-30-de-los-uruguayos-se-autopercibe-pobre\/#primaryimage\",\"url\":\"https:\/\/gysfm.com.ar\/inicio\/wp-content\/uploads\/2026\/08\/ana-ribeiro-uruguay-bbc-bbc-mundo-mundo-LPHPM5ZULNDBNNKFA5OYO7TOTQ.jpg\",\"contentUrl\":\"https:\/\/gysfm.com.ar\/inicio\/wp-content\/uploads\/2026\/08\/ana-ribeiro-uruguay-bbc-bbc-mundo-mundo-LPHPM5ZULNDBNNKFA5OYO7TOTQ.jpg\",\"width\":1200,\"height\":800},{\"@type\":\"BreadcrumbList\",\"@id\":\"https:\/\/gysfm.com.ar\/inicio\/una-nueva-encuesta-revela-que-mas-del-30-de-los-uruguayos-se-autopercibe-pobre\/#breadcrumb\",\"itemListElement\":[{\"@type\":\"ListItem\",\"position\":1,\"name\":\"Portada\",\"item\":\"https:\/\/gysfm.com.ar\/inicio\/\"},{\"@type\":\"ListItem\",\"position\":2,\"name\":\"Una nueva encuesta revela que m\u00e1s del 30% de los uruguayos se autopercibe pobre\"}]},{\"@type\":\"WebSite\",\"@id\":\"https:\/\/gysfm.com.ar\/inicio\/#website\",\"url\":\"https:\/\/gysfm.com.ar\/inicio\/\",\"name\":\"GYS NOTICIAS |\",\"description\":\"DIARIO - RADIO ONLINE SAN JUAN ARGENTINA\",\"publisher\":{\"@id\":\"https:\/\/gysfm.com.ar\/inicio\/#organization\"},\"potentialAction\":[{\"@type\":\"SearchAction\",\"target\":{\"@type\":\"EntryPoint\",\"urlTemplate\":\"https:\/\/gysfm.com.ar\/inicio\/?s={search_term_string}\"},\"query-input\":{\"@type\":\"PropertyValueSpecification\",\"valueRequired\":true,\"valueName\":\"search_term_string\"}}],\"inLanguage\":\"es\"},{\"@type\":\"Organization\",\"@id\":\"https:\/\/gysfm.com.ar\/inicio\/#organization\",\"name\":\"GYS NOTICIAS |\",\"url\":\"https:\/\/gysfm.com.ar\/inicio\/\",\"logo\":{\"@type\":\"ImageObject\",\"inLanguage\":\"es\",\"@id\":\"https:\/\/gysfm.com.ar\/inicio\/#\/schema\/logo\/image\/\",\"url\":\"https:\/\/gysfm.com.ar\/inicio\/wp-content\/uploads\/2023\/07\/LOGOGYS-OK.png\",\"contentUrl\":\"https:\/\/gysfm.com.ar\/inicio\/wp-content\/uploads\/2023\/07\/LOGOGYS-OK.png\",\"width\":1170,\"height\":872,\"caption\":\"GYS NOTICIAS |\"},\"image\":{\"@id\":\"https:\/\/gysfm.com.ar\/inicio\/#\/schema\/logo\/image\/\"}},{\"@type\":\"Person\",\"@id\":\"https:\/\/gysfm.com.ar\/inicio\/#\/schema\/person\/3abba7593ef2ad19e1be221d54383dc5\",\"name\":\"Prensa G&amp;S FM\",\"image\":{\"@type\":\"ImageObject\",\"inLanguage\":\"es\",\"@id\":\"https:\/\/gysfm.com.ar\/inicio\/#\/schema\/person\/image\/\",\"url\":\"https:\/\/secure.gravatar.com\/avatar\/096ec78df02049ab018702bb4ccedf659377fa92a26540b5247612077a0dbd29?s=96&d=mm&r=g\",\"contentUrl\":\"https:\/\/secure.gravatar.com\/avatar\/096ec78df02049ab018702bb4ccedf659377fa92a26540b5247612077a0dbd29?s=96&d=mm&r=g\",\"caption\":\"Prensa G&amp;S FM\"},\"sameAs\":[\"https:\/\/gysfm.com.ar\/\"],\"url\":\"https:\/\/gysfm.com.ar\/inicio\/author\/lucasm\/\"}]}<\/script>\n<!-- \/ Yoast SEO plugin. -->","yoast_head_json":{"title":"Una nueva encuesta revela que m\u00e1s del 30% de los uruguayos se autopercibe pobre - GYS NOTICIAS |","robots":{"index":"index","follow":"follow","max-snippet":"max-snippet:-1","max-image-preview":"max-image-preview:large","max-video-preview":"max-video-preview:-1"},"canonical":"https:\/\/gysfm.com.ar\/inicio\/una-nueva-encuesta-revela-que-mas-del-30-de-los-uruguayos-se-autopercibe-pobre\/","og_locale":"es_ES","og_type":"article","og_title":"Una nueva encuesta revela que m\u00e1s del 30% de los uruguayos se autopercibe pobre - GYS NOTICIAS |","og_description":"MONTEVIDEO.\u2013 En el marco de un evento organizado por la Asociaci\u00f3n Cristiana de Dirigentes de Empresa (ACDE), y mientras el Parlamento de Uruguay vota una nueva rendici\u00f3n de cuentas que prioriza el aumento de las transferencias destinadas a combatir la pobreza infantil, el director t\u00e9cnico del Instituto Nacional de Estad\u00edstica (INE), Marcelo Bisogno, revel\u00f3 un [&hellip;]","og_url":"https:\/\/gysfm.com.ar\/inicio\/una-nueva-encuesta-revela-que-mas-del-30-de-los-uruguayos-se-autopercibe-pobre\/","og_site_name":"GYS NOTICIAS |","article_published_time":"2026-08-20T11:50:05+00:00","article_modified_time":"2026-08-20T11:50:11+00:00","og_image":[{"width":1200,"height":800,"url":"https:\/\/gysfm.com.ar\/inicio\/wp-content\/uploads\/2026\/08\/ana-ribeiro-uruguay-bbc-bbc-mundo-mundo-LPHPM5ZULNDBNNKFA5OYO7TOTQ.jpg","type":"image\/jpeg"}],"author":"Prensa G&amp;S FM","twitter_card":"summary_large_image","twitter_misc":{"Escrito por":"Prensa G&amp;S FM","Tiempo de lectura":"6 minutos"},"schema":{"@context":"https:\/\/schema.org","@graph":[{"@type":"Article","@id":"https:\/\/gysfm.com.ar\/inicio\/una-nueva-encuesta-revela-que-mas-del-30-de-los-uruguayos-se-autopercibe-pobre\/#article","isPartOf":{"@id":"https:\/\/gysfm.com.ar\/inicio\/una-nueva-encuesta-revela-que-mas-del-30-de-los-uruguayos-se-autopercibe-pobre\/"},"author":{"name":"Prensa G&amp;S FM","@id":"https:\/\/gysfm.com.ar\/inicio\/#\/schema\/person\/3abba7593ef2ad19e1be221d54383dc5"},"headline":"Una nueva encuesta revela que m\u00e1s del 30% de los uruguayos se autopercibe pobre","datePublished":"2026-08-20T11:50:05+00:00","dateModified":"2026-08-20T11:50:11+00:00","mainEntityOfPage":{"@id":"https:\/\/gysfm.com.ar\/inicio\/una-nueva-encuesta-revela-que-mas-del-30-de-los-uruguayos-se-autopercibe-pobre\/"},"wordCount":1294,"publisher":{"@id":"https:\/\/gysfm.com.ar\/inicio\/#organization"},"image":{"@id":"https:\/\/gysfm.com.ar\/inicio\/una-nueva-encuesta-revela-que-mas-del-30-de-los-uruguayos-se-autopercibe-pobre\/#primaryimage"},"thumbnailUrl":"https:\/\/gysfm.com.ar\/inicio\/wp-content\/uploads\/2026\/08\/ana-ribeiro-uruguay-bbc-bbc-mundo-mundo-LPHPM5ZULNDBNNKFA5OYO7TOTQ.jpg","articleSection":["INTERNACIONALES"],"inLanguage":"es"},{"@type":"WebPage","@id":"https:\/\/gysfm.com.ar\/inicio\/una-nueva-encuesta-revela-que-mas-del-30-de-los-uruguayos-se-autopercibe-pobre\/","url":"https:\/\/gysfm.com.ar\/inicio\/una-nueva-encuesta-revela-que-mas-del-30-de-los-uruguayos-se-autopercibe-pobre\/","name":"Una nueva encuesta revela que m\u00e1s del 30% de los uruguayos se autopercibe pobre - GYS NOTICIAS |","isPartOf":{"@id":"https:\/\/gysfm.com.ar\/inicio\/#website"},"primaryImageOfPage":{"@id":"https:\/\/gysfm.com.ar\/inicio\/una-nueva-encuesta-revela-que-mas-del-30-de-los-uruguayos-se-autopercibe-pobre\/#primaryimage"},"image":{"@id":"https:\/\/gysfm.com.ar\/inicio\/una-nueva-encuesta-revela-que-mas-del-30-de-los-uruguayos-se-autopercibe-pobre\/#primaryimage"},"thumbnailUrl":"https:\/\/gysfm.com.ar\/inicio\/wp-content\/uploads\/2026\/08\/ana-ribeiro-uruguay-bbc-bbc-mundo-mundo-LPHPM5ZULNDBNNKFA5OYO7TOTQ.jpg","datePublished":"2026-08-20T11:50:05+00:00","dateModified":"2026-08-20T11:50:11+00:00","breadcrumb":{"@id":"https:\/\/gysfm.com.ar\/inicio\/una-nueva-encuesta-revela-que-mas-del-30-de-los-uruguayos-se-autopercibe-pobre\/#breadcrumb"},"inLanguage":"es","potentialAction":[{"@type":"ReadAction","target":["https:\/\/gysfm.com.ar\/inicio\/una-nueva-encuesta-revela-que-mas-del-30-de-los-uruguayos-se-autopercibe-pobre\/"]}]},{"@type":"ImageObject","inLanguage":"es","@id":"https:\/\/gysfm.com.ar\/inicio\/una-nueva-encuesta-revela-que-mas-del-30-de-los-uruguayos-se-autopercibe-pobre\/#primaryimage","url":"https:\/\/gysfm.com.ar\/inicio\/wp-content\/uploads\/2026\/08\/ana-ribeiro-uruguay-bbc-bbc-mundo-mundo-LPHPM5ZULNDBNNKFA5OYO7TOTQ.jpg","contentUrl":"https:\/\/gysfm.com.ar\/inicio\/wp-content\/uploads\/2026\/08\/ana-ribeiro-uruguay-bbc-bbc-mundo-mundo-LPHPM5ZULNDBNNKFA5OYO7TOTQ.jpg","width":1200,"height":800},{"@type":"BreadcrumbList","@id":"https:\/\/gysfm.com.ar\/inicio\/una-nueva-encuesta-revela-que-mas-del-30-de-los-uruguayos-se-autopercibe-pobre\/#breadcrumb","itemListElement":[{"@type":"ListItem","position":1,"name":"Portada","item":"https:\/\/gysfm.com.ar\/inicio\/"},{"@type":"ListItem","position":2,"name":"Una nueva encuesta revela que m\u00e1s del 30% de los uruguayos se autopercibe pobre"}]},{"@type":"WebSite","@id":"https:\/\/gysfm.com.ar\/inicio\/#website","url":"https:\/\/gysfm.com.ar\/inicio\/","name":"GYS NOTICIAS |","description":"DIARIO - RADIO ONLINE SAN JUAN ARGENTINA","publisher":{"@id":"https:\/\/gysfm.com.ar\/inicio\/#organization"},"potentialAction":[{"@type":"SearchAction","target":{"@type":"EntryPoint","urlTemplate":"https:\/\/gysfm.com.ar\/inicio\/?s={search_term_string}"},"query-input":{"@type":"PropertyValueSpecification","valueRequired":true,"valueName":"search_term_string"}}],"inLanguage":"es"},{"@type":"Organization","@id":"https:\/\/gysfm.com.ar\/inicio\/#organization","name":"GYS NOTICIAS |","url":"https:\/\/gysfm.com.ar\/inicio\/","logo":{"@type":"ImageObject","inLanguage":"es","@id":"https:\/\/gysfm.com.ar\/inicio\/#\/schema\/logo\/image\/","url":"https:\/\/gysfm.com.ar\/inicio\/wp-content\/uploads\/2023\/07\/LOGOGYS-OK.png","contentUrl":"https:\/\/gysfm.com.ar\/inicio\/wp-content\/uploads\/2023\/07\/LOGOGYS-OK.png","width":1170,"height":872,"caption":"GYS NOTICIAS |"},"image":{"@id":"https:\/\/gysfm.com.ar\/inicio\/#\/schema\/logo\/image\/"}},{"@type":"Person","@id":"https:\/\/gysfm.com.ar\/inicio\/#\/schema\/person\/3abba7593ef2ad19e1be221d54383dc5","name":"Prensa G&amp;S FM","image":{"@type":"ImageObject","inLanguage":"es","@id":"https:\/\/gysfm.com.ar\/inicio\/#\/schema\/person\/image\/","url":"https:\/\/secure.gravatar.com\/avatar\/096ec78df02049ab018702bb4ccedf659377fa92a26540b5247612077a0dbd29?s=96&d=mm&r=g","contentUrl":"https:\/\/secure.gravatar.com\/avatar\/096ec78df02049ab018702bb4ccedf659377fa92a26540b5247612077a0dbd29?s=96&d=mm&r=g","caption":"Prensa G&amp;S FM"},"sameAs":["https:\/\/gysfm.com.ar\/"],"url":"https:\/\/gysfm.com.ar\/inicio\/author\/lucasm\/"}]}},"_links":{"self":[{"href":"https:\/\/gysfm.com.ar\/inicio\/wp-json\/wp\/v2\/posts\/208784","targetHints":{"allow":["GET"]}}],"collection":[{"href":"https:\/\/gysfm.com.ar\/inicio\/wp-json\/wp\/v2\/posts"}],"about":[{"href":"https:\/\/gysfm.com.ar\/inicio\/wp-json\/wp\/v2\/types\/post"}],"author":[{"embeddable":true,"href":"https:\/\/gysfm.com.ar\/inicio\/wp-json\/wp\/v2\/users\/2"}],"replies":[{"embeddable":true,"href":"https:\/\/gysfm.com.ar\/inicio\/wp-json\/wp\/v2\/comments?post=208784"}],"version-history":[{"count":1,"href":"https:\/\/gysfm.com.ar\/inicio\/wp-json\/wp\/v2\/posts\/208784\/revisions"}],"predecessor-version":[{"id":208786,"href":"https:\/\/gysfm.com.ar\/inicio\/wp-json\/wp\/v2\/posts\/208784\/revisions\/208786"}],"wp:featuredmedia":[{"embeddable":true,"href":"https:\/\/gysfm.com.ar\/inicio\/wp-json\/wp\/v2\/media\/208785"}],"wp:attachment":[{"href":"https:\/\/gysfm.com.ar\/inicio\/wp-json\/wp\/v2\/media?parent=208784"}],"wp:term":[{"taxonomy":"category","embeddable":true,"href":"https:\/\/gysfm.com.ar\/inicio\/wp-json\/wp\/v2\/categories?post=208784"},{"taxonomy":"post_tag","embeddable":true,"href":"https:\/\/gysfm.com.ar\/inicio\/wp-json\/wp\/v2\/tags?post=208784"}],"curies":[{"name":"wp","href":"https:\/\/api.w.org\/{rel}","templated":true}]}}