{"id":208779,"date":"2026-08-20T07:49:06","date_gmt":"2026-08-20T10:49:06","guid":{"rendered":"https:\/\/gysfm.com.ar\/inicio\/acusan-a-un-funcionario-frances-de-drogar-a-mas-de-240-mujeres-para-que-se-hicieran-pis-encima-durante-entrevistas-de-trabajo\/"},"modified":"2026-08-20T07:49:07","modified_gmt":"2026-08-20T10:49:07","slug":"acusan-a-un-funcionario-frances-de-drogar-a-mas-de-240-mujeres-para-que-se-hicieran-pis-encima-durante-entrevistas-de-trabajo","status":"publish","type":"post","link":"https:\/\/gysfm.com.ar\/inicio\/acusan-a-un-funcionario-frances-de-drogar-a-mas-de-240-mujeres-para-que-se-hicieran-pis-encima-durante-entrevistas-de-trabajo\/","title":{"rendered":"Acusan a un funcionario franc\u00e9s de drogar a m\u00e1s de 240 mujeres para que se hicieran pis encima durante entrevistas de trabajo"},"content":{"rendered":"<p> <br \/>\n<\/p>\n<div>\n<p class=\"com-paragraph --capital --s text-left\">PAR\u00cdS.\u2013 Durante a\u00f1os, <strong>Christian Negre fue un alto funcionario del Ministerio de Cultura de <\/strong><a href=\"https:\/\/www.lanacion.com.ar\/el-mundo\/las-vacaciones-de-macron-que-desataron-indignacion-en-medio-de-un-verano-apocaliptico-en-francia-nid14082026\/\" target=\"_self\" title=\"https:\/\/www.lanacion.com.ar\/el-mundo\/las-vacaciones-de-macron-que-desataron-indignacion-en-medio-de-un-verano-apocaliptico-en-francia-nid14082026\/\" class=\"com-link break-word\" data-mrf-recirculation=\"n_link_parrafo\"><strong>Francia<\/strong><\/a> y ocup\u00f3 cargos de responsabilidad en el \u00e1rea de recursos humanos. Pero, seg\u00fan una investigaci\u00f3n judicial, <strong>aprovech\u00f3 esa posici\u00f3n para someter a mujeres que acud\u00edan a entrevistas de trabajo a un extra\u00f1o y humillante ritual<\/strong>. El funcionario les <strong>ofrec\u00eda caf\u00e9 o t\u00e9 adulterado con diur\u00e9ticos<\/strong>, las invitaba despu\u00e9s a caminar durante horas y las<strong> alejaba deliberadamente de los ba\u00f1os hasta provocarles una necesidad incontrolable de orinar<\/strong>. <\/p>\n<p class=\"com-paragraph --s\"><strong>M\u00e1s de 240 mujeres creen haber sido v\u00edctimas de ese mecanismo entre 2009 y 2018<\/strong>. Algunas fueron contactadas para puestos que ni siquiera exist\u00edan y otras acudieron a entrevistas para empleos reales que, con el tiempo, sospecharon que nunca estuvieron realmente destinadas a conseguir. Muchas no comprendieron qu\u00e9 hab\u00eda ocurrido hasta a\u00f1os despu\u00e9s, cuando la polic\u00eda se puso en contacto con ellas. <\/p>\n<div class=\"content-media\">\n<section role=\"button\" class=\"mod-media   \">\n<figure role=\"button\" tabindex=\"0\" class=\"mod-figure \"><figcaption class=\"mod-figcaption\"><span class=\"com-text --caption --twoxs\">El t\u00e9 que, seg\u00fan una de las presuntas v\u00edctimas, ten\u00eda un sabor extra\u00f1o y que hoy sospecha que pudo haber estado adulterado<\/span><span class=\"com-text --credit --twoxs\">taras_chaban<\/span><\/figcaption><\/figure>\n<\/section>\n<\/div>\n<p class=\"com-paragraph --s\">La historia sali\u00f3 a la luz en 2018, cuando un<strong> compa\u00f1ero de Negre lo sorprendi\u00f3 tomando fotograf\u00edas de las piernas de una mujer desde debajo de una mesa<\/strong>. La denuncia desencaden\u00f3 una investigaci\u00f3n y llev\u00f3 a los agentes a revisar sus dispositivos electr\u00f3nicos. All\u00ed encontraron una <strong>hoja de c\u00e1lculo que, seg\u00fan la fiscal\u00eda y varias de las mujeres interrogadas, llevaba un inquietante registro de sus encuentros<\/strong>. <\/p>\n<p class=\"com-paragraph --s\">El archivo, bautizado <strong>\u201cExperimentos P\u201d<\/strong>, conten\u00eda datos sobre las mujeres entrevistadas, las horas de llegada, el momento en que supuestamente se les administraban los diur\u00e9ticos, el tiempo que tardaban en necesitar un ba\u00f1o y detalles sobre su ropa interior. La polic\u00eda utiliz\u00f3 esa informaci\u00f3n para identificar a numerosas posibles v\u00edctimas. <\/p>\n<p><h2 class=\"font-primary font-w-bold text-subheading-lg text-left container-center-100 mb-8\"><span>Una entrevista que termin\u00f3 junto al Sena <\/span><\/h2>\n<\/p>\n<p class=\"com-paragraph --s\"><strong>Ana\u00efs de Vos ten\u00eda 27 a\u00f1os<\/strong> cuando conoci\u00f3 a Negre, en julio de 2011. Hab\u00eda acudido a una <strong>entrevista para un puesto en el Ministerio de Cultura en Par\u00eds<\/strong>. El funcionario le ofreci\u00f3 un caf\u00e9 que \u00e9l mismo hab\u00eda preparado. A ella le llam\u00f3 la atenci\u00f3n su<strong> sabor extra\u00f1o <\/strong>y solo bebi\u00f3 la mitad. <\/p>\n<p class=\"com-paragraph --s\">Poco despu\u00e9s, <strong>Negre propuso continuar la conversaci\u00f3n fuera de la oficina<\/strong>. Mientras caminaban por Par\u00eds, <strong>De Vos comenz\u00f3 a sentir una necesidad urgente e inexplicable de orinar<\/strong>. Intent\u00f3 regresar al edificio con la excusa de que ten\u00eda fr\u00edo, pero \u00e9l la condujo hacia el Sena. <\/p>\n<p class=\"com-paragraph --s\">Finalmente llegaron a un espacio debajo de un puente, donde Negre le indic\u00f3 que pod\u00eda orinar all\u00ed. De Vos recuerda la situaci\u00f3n como profundamente perturbadora. Sin embargo, insisti\u00f3 en continuar con la entrevista. Cuando intent\u00f3 utilizar los ba\u00f1os del Louvre, descubri\u00f3 que necesitaba pagar y no llevaba consigo el dinero. <strong>Termin\u00f3 entrando en una cafeter\u00eda, donde perdi\u00f3 el control y se orin\u00f3 encima<\/strong>. <\/p>\n<p class=\"com-paragraph --s\">Durante las tres horas que dur\u00f3 el encuentro <strong>se sinti\u00f3 cada vez m\u00e1s d\u00e9bil y mareada<\/strong>. No consigui\u00f3 el trabajo y durante a\u00f1os atribuy\u00f3 lo ocurrido al estr\u00e9s. En 2019 recibi\u00f3 una carta de la polic\u00eda y descubri\u00f3 que estaba entre las mujeres que los investigadores sospechaban que hab\u00edan sido drogadas por Negre. <strong>\u201cMe qued\u00e9 impactada\u201d<\/strong>, cont\u00f3. <\/p>\n<p><h2 class=\"font-primary font-w-bold text-subheading-lg text-left container-center-100 mb-8\"><span>Un patr\u00f3n repetido durante casi una d\u00e9cada <\/span><\/h2>\n<\/p>\n<p class=\"com-paragraph --s\">El relato de De Vos se repite, con variaciones, en numerosos testimonios.<strong> Otra de las presuntas v\u00edctimas, Marie-H\u00e9l\u00e8ne Brice, se entrevist\u00f3 con Negre en 2016<\/strong>, en Estrasburgo. \u00c9l le dijo que parec\u00eda estresada y <strong>propuso salir a caminar para que se relajara<\/strong>. <\/p>\n<p class=\"com-paragraph --s\">Durante el paseo, <strong>Brice comenz\u00f3 a sentir unas ganas repentinas y dolorosas de orinar<\/strong>. Negre asegur\u00f3 conocer un ba\u00f1o p\u00fablico, pero cuando llegaron no hab\u00eda ninguno. La <strong>mujer termin\u00f3 orinando en p\u00fablico mientras \u00e9l la cubr\u00eda con su campera<\/strong>. <\/p>\n<p class=\"com-paragraph --s\">Tambi\u00e9n en su caso fue la polic\u00eda la que le revel\u00f3 que pod\u00eda haber sido v\u00edctima de una maniobra deliberada. <strong>Brice sostiene que el episodio le dej\u00f3 secuelas psicol\u00f3gicas y problemas urinarios<\/strong>. <\/p>\n<div class=\"content-media\">\n<section role=\"button\" class=\"mod-media   \">\n<figure role=\"button\" tabindex=\"0\" class=\"mod-figure \"><figcaption class=\"mod-figcaption\"><span class=\"com-text --caption --twoxs\">El r\u00edo Sena, en Par\u00eds, donde varias de las presuntas v\u00edctimas fueron llevadas a caminar por Negre antes de verse obligadas a orinar en p\u00fablico<\/span><span class=\"com-text --credit --twoxs\">Andy Wong &#8211; AP<\/span><\/figcaption><\/figure>\n<\/section>\n<\/div>\n<p class=\"com-paragraph --s\">Otras mujeres describieron s\u00edntomas similares: <strong>palpitaciones, sudoraci\u00f3n, temblores, debilidad, desorientaci\u00f3n y una necesidad de orinar que aparec\u00eda de forma s\u00fabita y se volv\u00eda imposible de controlar<\/strong>. Algunas aseguraron que permanecieron f\u00edsicamente mal durante horas o d\u00edas. <\/p>\n<p class=\"com-paragraph --s\"><strong>Sylvie Delezenne, que se entrevist\u00f3 con Negre en 2015, hab\u00eda viajado desde Lille a Par\u00eds para postularse a un puesto <\/strong>que consideraba el trabajo de sus sue\u00f1os. Durante el encuentro comenz\u00f3 a sentirse mal y <strong>termin\u00f3 orinando en un t\u00fanel cercano al Sena<\/strong>. La entrevista dur\u00f3 m\u00e1s de cuatro horas. <\/p>\n<p class=\"com-paragraph --s\">Delezenne no volvi\u00f3 a pensar en el episodio hasta 2019, cuando la polic\u00eda la cit\u00f3 a declarar. Seg\u00fan cont\u00f3, los investigadores pudieron reconstruir con precisi\u00f3n lo sucedido a partir de la informaci\u00f3n encontrada en el ordenador de Negre: la supuesta hora en que recibi\u00f3 el diur\u00e9tico, el recorrido que hicieron, el momento en que necesit\u00f3 detenerse e incluso detalles sobre su ropa y fotograf\u00edas tomadas debajo del escritorio. <\/p>\n<p><h2 class=\"font-primary font-w-bold text-subheading-lg text-left container-center-100 mb-8\"><span>La investigaci\u00f3n y una confesi\u00f3n parcial <\/span><\/h2>\n<\/p>\n<p class=\"com-paragraph --s\"><strong>La investigaci\u00f3n llev\u00f3 a la suspensi\u00f3n de Negre de su cargo como director regional de asuntos culturales<\/strong>. Fue <strong>despedido del Ministerio de Cultura en 2018<\/strong> y posteriormente apartado de la administraci\u00f3n p\u00fablica. <\/p>\n<p class=\"com-paragraph --s\">Los fiscales sostienen que el funcionario administraba diur\u00e9ticos, medicamentos utilizados habitualmente para tratar enfermedades como la hipertensi\u00f3n y que aumentan la producci\u00f3n de orina. El toxic\u00f3logo Jean-Claude Alvarez, que dirige un programa piloto en un hospital franc\u00e9s, calific\u00f3 el uso de esas sustancias con ese objetivo de <strong>\u201cmuy inusual\u201d<\/strong> y se\u00f1al\u00f3 la BBC que en sus 26 a\u00f1os de experiencia <strong>nunca hab\u00eda visto un caso semejante<\/strong>. <\/p>\n<p class=\"com-paragraph --s\"><strong>Negre fue formalmente investigado por delitos que incluyen la administraci\u00f3n de sustancias, violencia cometida por un funcionario p\u00fablico, invasi\u00f3n de la privacidad y agresi\u00f3n sexual<\/strong>. El caso todav\u00eda no lleg\u00f3 a juicio. <\/p>\n<div class=\"content-media\">\n<section role=\"button\" class=\"mod-media   \">\n<figure role=\"button\" tabindex=\"0\" class=\"mod-figure \"><figcaption class=\"mod-figcaption\"><span class=\"com-text --caption --twoxs\">La cuesti\u00f3n de la sumisi\u00f3n qu\u00edmica volvi\u00f3 a estar en el centro de la escena en Francia tras el caso de Gisele Pelicot<\/span><span class=\"com-text --credit --twoxs\">GABRIEL BOUYS &#8211; AFP<\/span><\/figcaption><\/figure>\n<\/section>\n<\/div>\n<p class=\"com-paragraph --s\">En 2019, sin embargo, <strong>realiz\u00f3 una admisi\u00f3n parcial ante el diario franc\u00e9s <\/strong><em><strong>Lib\u00e9ration<\/strong><\/em>. Reconoci\u00f3 haber <strong>tomado fotograf\u00edas y haber administrado drogas a \u201c10 o 20\u201d mujeres en Par\u00eds<\/strong>. Dijo que su conducta era compulsiva y que lamentaba que nadie lo hubiera detenido antes, aunque neg\u00f3 haber tenido intenci\u00f3n de envenenar a las mujeres. <\/p>\n<p class=\"com-paragraph --s\">Desde entonces no volvi\u00f3 a hablar p\u00fablicamente sobre el caso. A trav\u00e9s de su abogada, Vanessa Stein, se neg\u00f3 a responder a las acusaciones alegando que la investigaci\u00f3n policial contin\u00faa. <\/p>\n<p class=\"com-paragraph --s\">El caso adquiri\u00f3 una nueva dimensi\u00f3n en Francia despu\u00e9s del proceso contra Dominique Pelicot, condenado por drogar a su esposa, Gisele Pelicot, para que otros hombres la violaran durante a\u00f1os. Ese caso convirti\u00f3 la llamada \u201csumisi\u00f3n qu\u00edmica\u201d en uno de los principales debates sobre violencia sexual en el pa\u00eds. <\/p>\n<p class=\"com-paragraph --s\"><strong>Agencia AFP y diario <\/strong><em><strong>The New York Times<\/strong><\/em><\/p>\n<section class=\"container-center-100 mb-40 border border-bottom border-thin border-neutral-light-700\">\n<hr\/>\n<\/section>\n<\/div>\n<p><script id=\"facebookpixel\" defer=\"\" type=\"text\/javascript\">\n        !function(f,b,e,v,n,t,s)\n        {if(f.fbq)return;n=f.fbq=function(){n.callMethod?\n        n.callMethod.apply(n,arguments):n.queue.push(arguments)};\n        if(!f._fbq)f._fbq=n;n.push=n;n.loaded=!0;n.version='2.0';\n        n.queue=[];t=b.createElement(e);t.async=!0;\n        t.src=v;s=b.getElementsByTagName(e)[0];\n        s.parentNode.insertBefore(t,s)}(window, document,'script',\n        'https:\/\/connect.facebook.net\/en_US\/fbevents.js');\n        fbq('init', '492459597522335');\n        fbq('track', 'PageView');\n    <\/script><br \/>\n<br \/><\/p>\n","protected":false},"excerpt":{"rendered":"<p>PAR\u00cdS.\u2013 Durante a\u00f1os, Christian Negre fue un alto funcionario del Ministerio de Cultura de Francia y ocup\u00f3 cargos de responsabilidad en el \u00e1rea de recursos humanos. Pero, seg\u00fan una investigaci\u00f3n judicial, aprovech\u00f3 esa posici\u00f3n para someter a mujeres que acud\u00edan a entrevistas de trabajo a un extra\u00f1o y humillante ritual. El funcionario les ofrec\u00eda caf\u00e9 [&hellip;]<\/p>\n","protected":false},"author":2,"featured_media":208780,"comment_status":"closed","ping_status":"closed","sticky":false,"template":"","format":"standard","meta":{"footnotes":""},"categories":[26],"tags":[],"class_list":["post-208779","post","type-post","status-publish","format-standard","has-post-thumbnail","hentry","category-internacionales"],"yoast_head":"<!-- This site is optimized with the Yoast SEO plugin v24.4 - https:\/\/yoast.com\/wordpress\/plugins\/seo\/ -->\n<title>Acusan a un funcionario franc\u00e9s de drogar a m\u00e1s de 240 mujeres para que se hicieran pis encima durante entrevistas de trabajo - GYS NOTICIAS |<\/title>\n<meta name=\"robots\" content=\"index, follow, max-snippet:-1, max-image-preview:large, max-video-preview:-1\" \/>\n<link rel=\"canonical\" href=\"https:\/\/gysfm.com.ar\/inicio\/acusan-a-un-funcionario-frances-de-drogar-a-mas-de-240-mujeres-para-que-se-hicieran-pis-encima-durante-entrevistas-de-trabajo\/\" \/>\n<meta property=\"og:locale\" content=\"es_ES\" \/>\n<meta property=\"og:type\" content=\"article\" \/>\n<meta property=\"og:title\" content=\"Acusan a un funcionario franc\u00e9s de drogar a m\u00e1s de 240 mujeres para que se hicieran pis encima durante entrevistas de trabajo - GYS NOTICIAS |\" \/>\n<meta property=\"og:description\" content=\"PAR\u00cdS.\u2013 Durante a\u00f1os, Christian Negre fue un alto funcionario del Ministerio de Cultura de Francia y ocup\u00f3 cargos de responsabilidad en el \u00e1rea de recursos humanos. Pero, seg\u00fan una investigaci\u00f3n judicial, aprovech\u00f3 esa posici\u00f3n para someter a mujeres que acud\u00edan a entrevistas de trabajo a un extra\u00f1o y humillante ritual. El funcionario les ofrec\u00eda caf\u00e9 [&hellip;]\" \/>\n<meta property=\"og:url\" content=\"https:\/\/gysfm.com.ar\/inicio\/acusan-a-un-funcionario-frances-de-drogar-a-mas-de-240-mujeres-para-que-se-hicieran-pis-encima-durante-entrevistas-de-trabajo\/\" \/>\n<meta property=\"og:site_name\" content=\"GYS NOTICIAS |\" \/>\n<meta property=\"article:published_time\" content=\"2026-08-20T10:49:06+00:00\" \/>\n<meta property=\"article:modified_time\" content=\"2026-08-20T10:49:07+00:00\" \/>\n<meta property=\"og:image\" content=\"https:\/\/gysfm.com.ar\/inicio\/wp-content\/uploads\/2026\/08\/una-de-las-denunciantes-anais-de-OMV4RXPP3RE3XLR3MEP2CIYCYU.jpg\" \/>\n\t<meta property=\"og:image:width\" content=\"1200\" \/>\n\t<meta property=\"og:image:height\" content=\"800\" \/>\n\t<meta property=\"og:image:type\" content=\"image\/jpeg\" \/>\n<meta name=\"author\" content=\"Prensa G&amp;S FM\" \/>\n<meta name=\"twitter:card\" content=\"summary_large_image\" \/>\n<meta name=\"twitter:label1\" content=\"Escrito por\" \/>\n\t<meta name=\"twitter:data1\" content=\"Prensa G&amp;S FM\" \/>\n\t<meta name=\"twitter:label2\" content=\"Tiempo de lectura\" \/>\n\t<meta name=\"twitter:data2\" content=\"6 minutos\" \/>\n<script type=\"application\/ld+json\" class=\"yoast-schema-graph\">{\"@context\":\"https:\/\/schema.org\",\"@graph\":[{\"@type\":\"Article\",\"@id\":\"https:\/\/gysfm.com.ar\/inicio\/acusan-a-un-funcionario-frances-de-drogar-a-mas-de-240-mujeres-para-que-se-hicieran-pis-encima-durante-entrevistas-de-trabajo\/#article\",\"isPartOf\":{\"@id\":\"https:\/\/gysfm.com.ar\/inicio\/acusan-a-un-funcionario-frances-de-drogar-a-mas-de-240-mujeres-para-que-se-hicieran-pis-encima-durante-entrevistas-de-trabajo\/\"},\"author\":{\"name\":\"Prensa G&amp;S FM\",\"@id\":\"https:\/\/gysfm.com.ar\/inicio\/#\/schema\/person\/3abba7593ef2ad19e1be221d54383dc5\"},\"headline\":\"Acusan a un funcionario franc\u00e9s de drogar a m\u00e1s de 240 mujeres para que se hicieran pis encima durante entrevistas de trabajo\",\"datePublished\":\"2026-08-20T10:49:06+00:00\",\"dateModified\":\"2026-08-20T10:49:07+00:00\",\"mainEntityOfPage\":{\"@id\":\"https:\/\/gysfm.com.ar\/inicio\/acusan-a-un-funcionario-frances-de-drogar-a-mas-de-240-mujeres-para-que-se-hicieran-pis-encima-durante-entrevistas-de-trabajo\/\"},\"wordCount\":1260,\"publisher\":{\"@id\":\"https:\/\/gysfm.com.ar\/inicio\/#organization\"},\"image\":{\"@id\":\"https:\/\/gysfm.com.ar\/inicio\/acusan-a-un-funcionario-frances-de-drogar-a-mas-de-240-mujeres-para-que-se-hicieran-pis-encima-durante-entrevistas-de-trabajo\/#primaryimage\"},\"thumbnailUrl\":\"https:\/\/gysfm.com.ar\/inicio\/wp-content\/uploads\/2026\/08\/una-de-las-denunciantes-anais-de-OMV4RXPP3RE3XLR3MEP2CIYCYU.jpg\",\"articleSection\":[\"INTERNACIONALES\"],\"inLanguage\":\"es\"},{\"@type\":\"WebPage\",\"@id\":\"https:\/\/gysfm.com.ar\/inicio\/acusan-a-un-funcionario-frances-de-drogar-a-mas-de-240-mujeres-para-que-se-hicieran-pis-encima-durante-entrevistas-de-trabajo\/\",\"url\":\"https:\/\/gysfm.com.ar\/inicio\/acusan-a-un-funcionario-frances-de-drogar-a-mas-de-240-mujeres-para-que-se-hicieran-pis-encima-durante-entrevistas-de-trabajo\/\",\"name\":\"Acusan a un funcionario franc\u00e9s de drogar a m\u00e1s de 240 mujeres para que se hicieran pis encima durante entrevistas de trabajo - GYS NOTICIAS |\",\"isPartOf\":{\"@id\":\"https:\/\/gysfm.com.ar\/inicio\/#website\"},\"primaryImageOfPage\":{\"@id\":\"https:\/\/gysfm.com.ar\/inicio\/acusan-a-un-funcionario-frances-de-drogar-a-mas-de-240-mujeres-para-que-se-hicieran-pis-encima-durante-entrevistas-de-trabajo\/#primaryimage\"},\"image\":{\"@id\":\"https:\/\/gysfm.com.ar\/inicio\/acusan-a-un-funcionario-frances-de-drogar-a-mas-de-240-mujeres-para-que-se-hicieran-pis-encima-durante-entrevistas-de-trabajo\/#primaryimage\"},\"thumbnailUrl\":\"https:\/\/gysfm.com.ar\/inicio\/wp-content\/uploads\/2026\/08\/una-de-las-denunciantes-anais-de-OMV4RXPP3RE3XLR3MEP2CIYCYU.jpg\",\"datePublished\":\"2026-08-20T10:49:06+00:00\",\"dateModified\":\"2026-08-20T10:49:07+00:00\",\"breadcrumb\":{\"@id\":\"https:\/\/gysfm.com.ar\/inicio\/acusan-a-un-funcionario-frances-de-drogar-a-mas-de-240-mujeres-para-que-se-hicieran-pis-encima-durante-entrevistas-de-trabajo\/#breadcrumb\"},\"inLanguage\":\"es\",\"potentialAction\":[{\"@type\":\"ReadAction\",\"target\":[\"https:\/\/gysfm.com.ar\/inicio\/acusan-a-un-funcionario-frances-de-drogar-a-mas-de-240-mujeres-para-que-se-hicieran-pis-encima-durante-entrevistas-de-trabajo\/\"]}]},{\"@type\":\"ImageObject\",\"inLanguage\":\"es\",\"@id\":\"https:\/\/gysfm.com.ar\/inicio\/acusan-a-un-funcionario-frances-de-drogar-a-mas-de-240-mujeres-para-que-se-hicieran-pis-encima-durante-entrevistas-de-trabajo\/#primaryimage\",\"url\":\"https:\/\/gysfm.com.ar\/inicio\/wp-content\/uploads\/2026\/08\/una-de-las-denunciantes-anais-de-OMV4RXPP3RE3XLR3MEP2CIYCYU.jpg\",\"contentUrl\":\"https:\/\/gysfm.com.ar\/inicio\/wp-content\/uploads\/2026\/08\/una-de-las-denunciantes-anais-de-OMV4RXPP3RE3XLR3MEP2CIYCYU.jpg\",\"width\":1200,\"height\":800},{\"@type\":\"BreadcrumbList\",\"@id\":\"https:\/\/gysfm.com.ar\/inicio\/acusan-a-un-funcionario-frances-de-drogar-a-mas-de-240-mujeres-para-que-se-hicieran-pis-encima-durante-entrevistas-de-trabajo\/#breadcrumb\",\"itemListElement\":[{\"@type\":\"ListItem\",\"position\":1,\"name\":\"Portada\",\"item\":\"https:\/\/gysfm.com.ar\/inicio\/\"},{\"@type\":\"ListItem\",\"position\":2,\"name\":\"Acusan a un funcionario franc\u00e9s de drogar a m\u00e1s de 240 mujeres para que se hicieran pis encima durante entrevistas de trabajo\"}]},{\"@type\":\"WebSite\",\"@id\":\"https:\/\/gysfm.com.ar\/inicio\/#website\",\"url\":\"https:\/\/gysfm.com.ar\/inicio\/\",\"name\":\"GYS NOTICIAS |\",\"description\":\"DIARIO - RADIO ONLINE SAN JUAN ARGENTINA\",\"publisher\":{\"@id\":\"https:\/\/gysfm.com.ar\/inicio\/#organization\"},\"potentialAction\":[{\"@type\":\"SearchAction\",\"target\":{\"@type\":\"EntryPoint\",\"urlTemplate\":\"https:\/\/gysfm.com.ar\/inicio\/?s={search_term_string}\"},\"query-input\":{\"@type\":\"PropertyValueSpecification\",\"valueRequired\":true,\"valueName\":\"search_term_string\"}}],\"inLanguage\":\"es\"},{\"@type\":\"Organization\",\"@id\":\"https:\/\/gysfm.com.ar\/inicio\/#organization\",\"name\":\"GYS NOTICIAS |\",\"url\":\"https:\/\/gysfm.com.ar\/inicio\/\",\"logo\":{\"@type\":\"ImageObject\",\"inLanguage\":\"es\",\"@id\":\"https:\/\/gysfm.com.ar\/inicio\/#\/schema\/logo\/image\/\",\"url\":\"https:\/\/gysfm.com.ar\/inicio\/wp-content\/uploads\/2023\/07\/LOGOGYS-OK.png\",\"contentUrl\":\"https:\/\/gysfm.com.ar\/inicio\/wp-content\/uploads\/2023\/07\/LOGOGYS-OK.png\",\"width\":1170,\"height\":872,\"caption\":\"GYS NOTICIAS |\"},\"image\":{\"@id\":\"https:\/\/gysfm.com.ar\/inicio\/#\/schema\/logo\/image\/\"}},{\"@type\":\"Person\",\"@id\":\"https:\/\/gysfm.com.ar\/inicio\/#\/schema\/person\/3abba7593ef2ad19e1be221d54383dc5\",\"name\":\"Prensa G&amp;S FM\",\"image\":{\"@type\":\"ImageObject\",\"inLanguage\":\"es\",\"@id\":\"https:\/\/gysfm.com.ar\/inicio\/#\/schema\/person\/image\/\",\"url\":\"https:\/\/secure.gravatar.com\/avatar\/096ec78df02049ab018702bb4ccedf659377fa92a26540b5247612077a0dbd29?s=96&d=mm&r=g\",\"contentUrl\":\"https:\/\/secure.gravatar.com\/avatar\/096ec78df02049ab018702bb4ccedf659377fa92a26540b5247612077a0dbd29?s=96&d=mm&r=g\",\"caption\":\"Prensa G&amp;S FM\"},\"sameAs\":[\"https:\/\/gysfm.com.ar\/\"],\"url\":\"https:\/\/gysfm.com.ar\/inicio\/author\/lucasm\/\"}]}<\/script>\n<!-- \/ Yoast SEO plugin. -->","yoast_head_json":{"title":"Acusan a un funcionario franc\u00e9s de drogar a m\u00e1s de 240 mujeres para que se hicieran pis encima durante entrevistas de trabajo - GYS NOTICIAS |","robots":{"index":"index","follow":"follow","max-snippet":"max-snippet:-1","max-image-preview":"max-image-preview:large","max-video-preview":"max-video-preview:-1"},"canonical":"https:\/\/gysfm.com.ar\/inicio\/acusan-a-un-funcionario-frances-de-drogar-a-mas-de-240-mujeres-para-que-se-hicieran-pis-encima-durante-entrevistas-de-trabajo\/","og_locale":"es_ES","og_type":"article","og_title":"Acusan a un funcionario franc\u00e9s de drogar a m\u00e1s de 240 mujeres para que se hicieran pis encima durante entrevistas de trabajo - GYS NOTICIAS |","og_description":"PAR\u00cdS.\u2013 Durante a\u00f1os, Christian Negre fue un alto funcionario del Ministerio de Cultura de Francia y ocup\u00f3 cargos de responsabilidad en el \u00e1rea de recursos humanos. Pero, seg\u00fan una investigaci\u00f3n judicial, aprovech\u00f3 esa posici\u00f3n para someter a mujeres que acud\u00edan a entrevistas de trabajo a un extra\u00f1o y humillante ritual. El funcionario les ofrec\u00eda caf\u00e9 [&hellip;]","og_url":"https:\/\/gysfm.com.ar\/inicio\/acusan-a-un-funcionario-frances-de-drogar-a-mas-de-240-mujeres-para-que-se-hicieran-pis-encima-durante-entrevistas-de-trabajo\/","og_site_name":"GYS NOTICIAS |","article_published_time":"2026-08-20T10:49:06+00:00","article_modified_time":"2026-08-20T10:49:07+00:00","og_image":[{"width":1200,"height":800,"url":"https:\/\/gysfm.com.ar\/inicio\/wp-content\/uploads\/2026\/08\/una-de-las-denunciantes-anais-de-OMV4RXPP3RE3XLR3MEP2CIYCYU.jpg","type":"image\/jpeg"}],"author":"Prensa G&amp;S FM","twitter_card":"summary_large_image","twitter_misc":{"Escrito por":"Prensa G&amp;S FM","Tiempo de lectura":"6 minutos"},"schema":{"@context":"https:\/\/schema.org","@graph":[{"@type":"Article","@id":"https:\/\/gysfm.com.ar\/inicio\/acusan-a-un-funcionario-frances-de-drogar-a-mas-de-240-mujeres-para-que-se-hicieran-pis-encima-durante-entrevistas-de-trabajo\/#article","isPartOf":{"@id":"https:\/\/gysfm.com.ar\/inicio\/acusan-a-un-funcionario-frances-de-drogar-a-mas-de-240-mujeres-para-que-se-hicieran-pis-encima-durante-entrevistas-de-trabajo\/"},"author":{"name":"Prensa G&amp;S FM","@id":"https:\/\/gysfm.com.ar\/inicio\/#\/schema\/person\/3abba7593ef2ad19e1be221d54383dc5"},"headline":"Acusan a un funcionario franc\u00e9s de drogar a m\u00e1s de 240 mujeres para que se hicieran pis encima durante entrevistas de trabajo","datePublished":"2026-08-20T10:49:06+00:00","dateModified":"2026-08-20T10:49:07+00:00","mainEntityOfPage":{"@id":"https:\/\/gysfm.com.ar\/inicio\/acusan-a-un-funcionario-frances-de-drogar-a-mas-de-240-mujeres-para-que-se-hicieran-pis-encima-durante-entrevistas-de-trabajo\/"},"wordCount":1260,"publisher":{"@id":"https:\/\/gysfm.com.ar\/inicio\/#organization"},"image":{"@id":"https:\/\/gysfm.com.ar\/inicio\/acusan-a-un-funcionario-frances-de-drogar-a-mas-de-240-mujeres-para-que-se-hicieran-pis-encima-durante-entrevistas-de-trabajo\/#primaryimage"},"thumbnailUrl":"https:\/\/gysfm.com.ar\/inicio\/wp-content\/uploads\/2026\/08\/una-de-las-denunciantes-anais-de-OMV4RXPP3RE3XLR3MEP2CIYCYU.jpg","articleSection":["INTERNACIONALES"],"inLanguage":"es"},{"@type":"WebPage","@id":"https:\/\/gysfm.com.ar\/inicio\/acusan-a-un-funcionario-frances-de-drogar-a-mas-de-240-mujeres-para-que-se-hicieran-pis-encima-durante-entrevistas-de-trabajo\/","url":"https:\/\/gysfm.com.ar\/inicio\/acusan-a-un-funcionario-frances-de-drogar-a-mas-de-240-mujeres-para-que-se-hicieran-pis-encima-durante-entrevistas-de-trabajo\/","name":"Acusan a un funcionario franc\u00e9s de drogar a m\u00e1s de 240 mujeres para que se hicieran pis encima durante entrevistas de trabajo - GYS NOTICIAS |","isPartOf":{"@id":"https:\/\/gysfm.com.ar\/inicio\/#website"},"primaryImageOfPage":{"@id":"https:\/\/gysfm.com.ar\/inicio\/acusan-a-un-funcionario-frances-de-drogar-a-mas-de-240-mujeres-para-que-se-hicieran-pis-encima-durante-entrevistas-de-trabajo\/#primaryimage"},"image":{"@id":"https:\/\/gysfm.com.ar\/inicio\/acusan-a-un-funcionario-frances-de-drogar-a-mas-de-240-mujeres-para-que-se-hicieran-pis-encima-durante-entrevistas-de-trabajo\/#primaryimage"},"thumbnailUrl":"https:\/\/gysfm.com.ar\/inicio\/wp-content\/uploads\/2026\/08\/una-de-las-denunciantes-anais-de-OMV4RXPP3RE3XLR3MEP2CIYCYU.jpg","datePublished":"2026-08-20T10:49:06+00:00","dateModified":"2026-08-20T10:49:07+00:00","breadcrumb":{"@id":"https:\/\/gysfm.com.ar\/inicio\/acusan-a-un-funcionario-frances-de-drogar-a-mas-de-240-mujeres-para-que-se-hicieran-pis-encima-durante-entrevistas-de-trabajo\/#breadcrumb"},"inLanguage":"es","potentialAction":[{"@type":"ReadAction","target":["https:\/\/gysfm.com.ar\/inicio\/acusan-a-un-funcionario-frances-de-drogar-a-mas-de-240-mujeres-para-que-se-hicieran-pis-encima-durante-entrevistas-de-trabajo\/"]}]},{"@type":"ImageObject","inLanguage":"es","@id":"https:\/\/gysfm.com.ar\/inicio\/acusan-a-un-funcionario-frances-de-drogar-a-mas-de-240-mujeres-para-que-se-hicieran-pis-encima-durante-entrevistas-de-trabajo\/#primaryimage","url":"https:\/\/gysfm.com.ar\/inicio\/wp-content\/uploads\/2026\/08\/una-de-las-denunciantes-anais-de-OMV4RXPP3RE3XLR3MEP2CIYCYU.jpg","contentUrl":"https:\/\/gysfm.com.ar\/inicio\/wp-content\/uploads\/2026\/08\/una-de-las-denunciantes-anais-de-OMV4RXPP3RE3XLR3MEP2CIYCYU.jpg","width":1200,"height":800},{"@type":"BreadcrumbList","@id":"https:\/\/gysfm.com.ar\/inicio\/acusan-a-un-funcionario-frances-de-drogar-a-mas-de-240-mujeres-para-que-se-hicieran-pis-encima-durante-entrevistas-de-trabajo\/#breadcrumb","itemListElement":[{"@type":"ListItem","position":1,"name":"Portada","item":"https:\/\/gysfm.com.ar\/inicio\/"},{"@type":"ListItem","position":2,"name":"Acusan a un funcionario franc\u00e9s de drogar a m\u00e1s de 240 mujeres para que se hicieran pis encima durante entrevistas de trabajo"}]},{"@type":"WebSite","@id":"https:\/\/gysfm.com.ar\/inicio\/#website","url":"https:\/\/gysfm.com.ar\/inicio\/","name":"GYS NOTICIAS |","description":"DIARIO - RADIO ONLINE SAN JUAN ARGENTINA","publisher":{"@id":"https:\/\/gysfm.com.ar\/inicio\/#organization"},"potentialAction":[{"@type":"SearchAction","target":{"@type":"EntryPoint","urlTemplate":"https:\/\/gysfm.com.ar\/inicio\/?s={search_term_string}"},"query-input":{"@type":"PropertyValueSpecification","valueRequired":true,"valueName":"search_term_string"}}],"inLanguage":"es"},{"@type":"Organization","@id":"https:\/\/gysfm.com.ar\/inicio\/#organization","name":"GYS NOTICIAS |","url":"https:\/\/gysfm.com.ar\/inicio\/","logo":{"@type":"ImageObject","inLanguage":"es","@id":"https:\/\/gysfm.com.ar\/inicio\/#\/schema\/logo\/image\/","url":"https:\/\/gysfm.com.ar\/inicio\/wp-content\/uploads\/2023\/07\/LOGOGYS-OK.png","contentUrl":"https:\/\/gysfm.com.ar\/inicio\/wp-content\/uploads\/2023\/07\/LOGOGYS-OK.png","width":1170,"height":872,"caption":"GYS NOTICIAS |"},"image":{"@id":"https:\/\/gysfm.com.ar\/inicio\/#\/schema\/logo\/image\/"}},{"@type":"Person","@id":"https:\/\/gysfm.com.ar\/inicio\/#\/schema\/person\/3abba7593ef2ad19e1be221d54383dc5","name":"Prensa G&amp;S FM","image":{"@type":"ImageObject","inLanguage":"es","@id":"https:\/\/gysfm.com.ar\/inicio\/#\/schema\/person\/image\/","url":"https:\/\/secure.gravatar.com\/avatar\/096ec78df02049ab018702bb4ccedf659377fa92a26540b5247612077a0dbd29?s=96&d=mm&r=g","contentUrl":"https:\/\/secure.gravatar.com\/avatar\/096ec78df02049ab018702bb4ccedf659377fa92a26540b5247612077a0dbd29?s=96&d=mm&r=g","caption":"Prensa G&amp;S FM"},"sameAs":["https:\/\/gysfm.com.ar\/"],"url":"https:\/\/gysfm.com.ar\/inicio\/author\/lucasm\/"}]}},"_links":{"self":[{"href":"https:\/\/gysfm.com.ar\/inicio\/wp-json\/wp\/v2\/posts\/208779","targetHints":{"allow":["GET"]}}],"collection":[{"href":"https:\/\/gysfm.com.ar\/inicio\/wp-json\/wp\/v2\/posts"}],"about":[{"href":"https:\/\/gysfm.com.ar\/inicio\/wp-json\/wp\/v2\/types\/post"}],"author":[{"embeddable":true,"href":"https:\/\/gysfm.com.ar\/inicio\/wp-json\/wp\/v2\/users\/2"}],"replies":[{"embeddable":true,"href":"https:\/\/gysfm.com.ar\/inicio\/wp-json\/wp\/v2\/comments?post=208779"}],"version-history":[{"count":1,"href":"https:\/\/gysfm.com.ar\/inicio\/wp-json\/wp\/v2\/posts\/208779\/revisions"}],"predecessor-version":[{"id":208781,"href":"https:\/\/gysfm.com.ar\/inicio\/wp-json\/wp\/v2\/posts\/208779\/revisions\/208781"}],"wp:featuredmedia":[{"embeddable":true,"href":"https:\/\/gysfm.com.ar\/inicio\/wp-json\/wp\/v2\/media\/208780"}],"wp:attachment":[{"href":"https:\/\/gysfm.com.ar\/inicio\/wp-json\/wp\/v2\/media?parent=208779"}],"wp:term":[{"taxonomy":"category","embeddable":true,"href":"https:\/\/gysfm.com.ar\/inicio\/wp-json\/wp\/v2\/categories?post=208779"},{"taxonomy":"post_tag","embeddable":true,"href":"https:\/\/gysfm.com.ar\/inicio\/wp-json\/wp\/v2\/tags?post=208779"}],"curies":[{"name":"wp","href":"https:\/\/api.w.org\/{rel}","templated":true}]}}