{"id":208778,"date":"2026-08-20T07:06:07","date_gmt":"2026-08-20T10:06:07","guid":{"rendered":"https:\/\/gysfm.com.ar\/inicio\/brotan-los-primeros-efectos-de-los-acuerdos-con-eeuu-y-la-ue-con-la-carne-como-producto-estrella\/"},"modified":"2026-08-20T07:06:07","modified_gmt":"2026-08-20T10:06:07","slug":"brotan-los-primeros-efectos-de-los-acuerdos-con-eeuu-y-la-ue-con-la-carne-como-producto-estrella","status":"publish","type":"post","link":"https:\/\/gysfm.com.ar\/inicio\/brotan-los-primeros-efectos-de-los-acuerdos-con-eeuu-y-la-ue-con-la-carne-como-producto-estrella\/","title":{"rendered":"brotan los primeros efectos de los acuerdos con EEUU y la UE, con la carne como producto estrella"},"content":{"rendered":"<p> <br \/>\n<\/p>\n<div id=\"\">\n<p id=\"p-1787177830343-99306\"><strong>En el segundo trimestre de 2026, las exportaciones argentinas crecieron un 30% respecto del mismo per\u00edodo del a\u00f1o pasado. <\/strong>Para <strong>Gerardo Alonso Schwarz<\/strong>, Economista Jefe del <strong>IERAL<\/strong> NEA, esto fue consecuencia de un combo que incluy\u00f3 factores sectoriales, factores internacionales y medidas generales de simplificaci\u00f3n del comercio exterior, que \u00abcontribuyeron a reducir los costos de transacci\u00f3n, los tiempos de abastecimiento de insumos clave para la producci\u00f3n y los costos log\u00edsticos y administrativos mientras increment\u00f3 los m\u00e1rgenes de rentabilidad a las producciones del interior\u00bb.<\/p>\n<\/div>\n<div id=\"\">\n<p id=\"p-1787177974549-27166\"> Sin embargo, tambi\u00e9n percibi\u00f3 algunos efectos de los recientes acuerdos comerciales firmados por el Gobierno. En cuanto al<strong> trato con EEUU<\/strong>, el especialista explic\u00f3 que, si bien todav\u00eda no entr\u00f3 en vigencia, en el mismo se \u00ab<strong>incluy\u00f3 un incremento de cuota de importaciones norteamericanas de carne bovina<\/strong> argentina que se formaliz\u00f3 a trav\u00e9s de otro instrumento (una proclama ejecutiva del presidente de Estados Unidos) <strong>de aplicaci\u00f3n inmediata<\/strong>\u00ab.<\/p>\n<\/div>\n<div id=\"\">\n<h2 id=\"p-1787182456906-79449\">El boom de las exportaciones de carne hacia EEUU<\/h2>\n<p id=\"p-1787178149510-26288\">En ese sentido, detall\u00f3 que, durante los primeros seis meses de 2026, las ventas argentinas a Estados Unidos de \u201cCarne Bovina Congelada\u201d se incrementaron un 175% (<strong>+u$s193 millones<\/strong>) y las de \u201cCarne Bovina Refrigerada\u201d registraron un incremento de 122% <strong>(+u$s48 millones<\/strong>).<\/p>\n<\/div>\n<div id=\"\">\n<p id=\"p-1787178477295-23522\">En la misma l\u00ednea, <strong>Federico Bernini<\/strong>, economista del Instituto Interdisciplinario de Econom\u00eda Pol\u00edtica (IIEP) de la <strong>UBA<\/strong>, destac\u00f3 en conversaciones con <strong>\u00c1mbito<\/strong> que, del acuerdo con EEUU, se<strong> destaca la performance de la carne vacuna \u00abque est\u00e1 volando\u00bb. <\/strong><\/p>\n<\/p><\/div>\n<div id=\"\">\n<p id=\"p-1787178964398-51101\"> Un informe reciente del IIEP se\u00f1al\u00f3 que las <strong>exportaciones de bienes diferenciados<\/strong> (por caracter\u00edsticas f\u00edsicas, dise\u00f1o, marca o confiabilidad), que son aquellos que reflejan \u00abuna estructura exportadora m\u00e1s sofisticada, con mayores posibilidades de generar derrames de conocimiento y mayores perspectivas de crecimiento futuro\u00bb, <strong>treparon un 18% interanual (+u$s847 millones) en el segundo trimestre<\/strong>. <strong>Un tercio de ese incremento (+u$s278 millones) fue generado por los env\u00edos de carne y pesca.<\/strong><\/p>\n<div contenteditable=\"false\" class=\"embed_cont type_imagen\" id=\"8267068-Libre-145786324_wrap\">\n<div id=\"8267068-Libre-145786324_content\" class=\"embed_content\"> <img src=\"https:\/\/media.ambito.com\/p\/34e4c80493dfe7027069e6a5ce49e0e4\/adjuntos\/239\/imagenes\/043\/592\/0043592542\/730x0\/smart\/image.png\" decoding=\"async\" fetchpriority=\"low\" loading=\"lazy\" alt=\"\" title=\"\" width=\"730\" height=\"undefined\" id=\"8267068-Libre-145786324_embed\"\/><\/div><\/div>\n<p id=\"p-1787179133253-18608\">Si bien una parte de ese ascenso fue causado por los mayores precios internacionales de la carne, el trabajo puso el<strong> foco tambi\u00e9n en el crecimiento de las ventas de carne vacuna hacia Estados Unidos<\/strong>, impulsado por la ampliaci\u00f3n temporaria de la cuota arancelaria. \u00abDesde febrero de 2026, Estados Unidos habilit\u00f3 para Argentina un cupo adicional de 80.000 toneladas, distribuido en cuatro tramos trimestrales de 20.000 toneladas, que se sum\u00f3 a la cuota preexistente de 20.000 toneladas\u00bb, profundiz\u00f3.<\/p>\n<h2 id=\"p-1787182483217-45934\">Las exportaciones hacia la UE que m\u00e1s subieron desde la entrada en vigencia del acuerdo<\/h2>\n<p id=\"p-1787179235390-72898\">Por otra parte, desde el IERAL analizaron el <strong>comportamiento de las exportaciones hacia la Uni\u00f3n Europea desde el 1\u00b0 de mayo<\/strong>, cuando comenz\u00f3 la aplicaci\u00f3n provisional del acuerdo comercial entre el Mercosur y la Uni\u00f3n Europea.<\/p>\n<p id=\"p-1787185162908-20358\">En concreto, los mayores aumentos durante esos dos meses, versus el mismo bimestre de 2025, se verificaron en<strong> \u201cSemillas de Girasol\u201d (+u$s160 millones), \u201cCarne Bovina Refrigerada\u201d (+u$s27 millones), \u201cC\u00edtricos Agrios\u201d (+u$s22 millones), \u201cAceite de Girasol\u201d (+u$s20 millones) y \u201cMoluscos\u201d (+u$s17 millones)<\/strong>.<\/p>\n<div contenteditable=\"false\" class=\"embed_cont type_imagen\" id=\"8267067-Libre-315669619_wrap\">\n<div id=\"8267067-Libre-315669619_content\" class=\"embed_content\"><img src=\"https:\/\/media.ambito.com\/p\/20828b7ec2d97e01b4167145250a0fce\/adjuntos\/239\/imagenes\/043\/592\/0043592528\/730x0\/smart\/image.png\" decoding=\"async\" fetchpriority=\"low\" loading=\"lazy\" alt=\"\" title=\"\" width=\"730\" height=\"undefined\" id=\"8267067-Libre-315669619_embed\"\/><\/div><\/div>\n<p id=\"p-1787179920496-91625\">Alonso Schwarz aclar\u00f3 que \u00ablos resultados deben interpretarse como se\u00f1ales preliminares y no como una estimaci\u00f3n definitiva de su impacto\u00bb y que parte de las subas est\u00e1n influenciadas por \u00abla facilitaci\u00f3n del comercio exterior y la coyuntura internacional (especialmente en el caso de las \u201cSemillas de Girasol\u201d)\u00bb. Aun as\u00ed, asegur\u00f3 que \u00ab<strong>varios productos muestran aumentos muy superiores al crecimiento del conjunto de las exportaciones argentinas<\/strong>\u00bb y que los datos \u00abcomienzan a mostrar el <strong>potencial dinamizador de la mayor inserci\u00f3n internacional<\/strong>, <strong>con efectos en todas las regiones<\/strong> debido a la distribuci\u00f3n geogr\u00e1fica de los sectores productivos\u00bb.<\/p>\n<p id=\"p-1787180069536-7323\">Por su parte, Bernini no se anim\u00f3 a asegurar que el crecimiento de las ventas de carne al \u00abViejo Continente\u00bb responde al acuerdo y \u00abs\u00ed lo es, el impacto es chico\u00bb, aunque si identific\u00f3 <strong>efectos positivos en otros productos como la miel<\/strong>, clasificado como un bien \u00abno diferenciado\u00bb por el IIEP. Vale agregar que, adem\u00e1s del mencionado aporte de la carne, las exportaciones de bienes con mayor valor agregado fueron tambi\u00e9n impulsadas por los env\u00edos de pick-ups a pa\u00edses de la regi\u00f3n, as\u00ed como por las subas en vinos y quesos.<\/p>\n<h2 id=\"p-1787182520331-74721\">Las exportaciones se encaminan a superar los u$s100.000 millones en 2026: un combo de causas y un desaf\u00edo central<\/h2>\n<p id=\"p-1787181055564-17774\">Al igual que el IERAL, el IIEP enfatiz\u00f3 que los acuerdos deben ser acompa\u00f1ados por una pol\u00edtica de facilitaci\u00f3n del intercambio comercial. Concretamente, <strong>el instituto celebr\u00f3 la reducci\u00f3n de las retenciones<\/strong>, al sostener que \u00ablos derechos de exportaci\u00f3n funcionan como un sustituto imperfecto del impuesto inmobiliario rural que, a diferencia de aquel, reducen el precio recibido por la producci\u00f3n exportada, alteran la elecci\u00f3n entre el mercado externo y el interno y no distinguen entre la renta de la tierra y la rentabilidad normal de la actividad\u00bb.<\/p>\n<p id=\"p-1787185248157-12433\">\u00abPor este motivo, distorsionan los incentivos a producir y exportar, especialmente en zonas marginales donde la menor productividad de la tierra hace que algunos establecimientos dejen de ser viables con mayor facilidad\u00bb, cuestion\u00f3.<\/p>\n<p id=\"p-1787181225016-62900\">Para el IIEP<strong>, las exportaciones de bienes diferenciados \u00abcompiten con pa\u00edses que, en general, no gravan sus exportaciones y que muchas veces las apoyan mediante otros instrumentos\u00bb<\/strong> y que \u00abes esperable un impacto mayor del impuesto en la producci\u00f3n de este tipo de bienes\u00bb que en el caso de los commodities.<\/p>\n<p id=\"p-1787181563927-18918\">La informaci\u00f3n desarrollada se da en un <strong>contexto general de exportaciones r\u00e9cord, que se encaminan a superar los u$s100.000 millones<\/strong> en 2026, de acuerdo con una estimaci\u00f3n de la consultora <strong>LCG<\/strong>. M\u00e1s all\u00e1 del aporte que pueden estar teniendo las medidas de liberalizaci\u00f3n y los acuerdos entre pa\u00edses, la entidad marc\u00f3 la incidencia de las cosechas r\u00e9cord de ma\u00edz y trigo, el aumento en el precio del aceite de soja y el boom en las ventas de petr\u00f3leo, tanto por el pujante nivel de producci\u00f3n de Vaca Muerta como por el salto de precios derivado de la guerra en Medio Oriente.<\/p>\n<p id=\"p-1787182029540-93060\">Como desaf\u00edo hacia adelante, LCG expres\u00f3 la <strong>necesidad de \u00abampliar todav\u00eda m\u00e1s la base de productos exportados<\/strong>, en bienes diferenciados y, presumiblemente, de mayor valor agregado local, de modo que sean m\u00e1s las empresas que colocan productos valorados por consumidores e inversores externos, y que haya m\u00e1s cantidad de trabajadores (calificados y no calificados) involucrados en el comercio exterior\u00bb.<\/p>\n<\/p><\/div>\n<p><script>\n!function(f,b,e,v,n,t,s)\n{if(f.fbq)return;n=f.fbq=function(){n.callMethod?\nn.callMethod.apply(n,arguments):n.queue.push(arguments)};\nif(!f._fbq)f._fbq=n;n.push=n;n.loaded=!0;n.version='2.0';\nn.queue=[];t=b.createElement(e);t.async=!0;\nt.src=v;s=b.getElementsByTagName(e)[0];\ns.parentNode.insertBefore(t,s)}(window,document,'script',\n'https:\/\/connect.facebook.net\/en_US\/fbevents.js');\nfbq('init', '2047048335588113');\nfbq('track', 'PageView');\n<\/script><br \/>\n<br \/><\/p>\n","protected":false},"excerpt":{"rendered":"<p>En el segundo trimestre de 2026, las exportaciones argentinas crecieron un 30% respecto del mismo per\u00edodo del a\u00f1o pasado. Para Gerardo Alonso Schwarz, Economista Jefe del IERAL NEA, esto fue consecuencia de un combo que incluy\u00f3 factores sectoriales, factores internacionales y medidas generales de simplificaci\u00f3n del comercio exterior, que \u00abcontribuyeron a reducir los costos de [&hellip;]<\/p>\n","protected":false},"author":1,"featured_media":203225,"comment_status":"closed","ping_status":"closed","sticky":false,"template":"","format":"standard","meta":{"footnotes":""},"categories":[28],"tags":[],"class_list":["post-208778","post","type-post","status-publish","format-standard","has-post-thumbnail","hentry","category-economia"],"yoast_head":"<!-- This site is optimized with the Yoast SEO plugin v24.4 - https:\/\/yoast.com\/wordpress\/plugins\/seo\/ -->\n<title>brotan los primeros efectos de los acuerdos con EEUU y la UE, con la carne como producto estrella - GYS NOTICIAS |<\/title>\n<meta name=\"robots\" content=\"index, follow, max-snippet:-1, max-image-preview:large, max-video-preview:-1\" \/>\n<link rel=\"canonical\" href=\"https:\/\/gysfm.com.ar\/inicio\/brotan-los-primeros-efectos-de-los-acuerdos-con-eeuu-y-la-ue-con-la-carne-como-producto-estrella\/\" \/>\n<meta property=\"og:locale\" content=\"es_ES\" \/>\n<meta property=\"og:type\" content=\"article\" \/>\n<meta property=\"og:title\" content=\"brotan los primeros efectos de los acuerdos con EEUU y la UE, con la carne como producto estrella - GYS NOTICIAS |\" \/>\n<meta property=\"og:description\" content=\"En el segundo trimestre de 2026, las exportaciones argentinas crecieron un 30% respecto del mismo per\u00edodo del a\u00f1o pasado. Para Gerardo Alonso Schwarz, Economista Jefe del IERAL NEA, esto fue consecuencia de un combo que incluy\u00f3 factores sectoriales, factores internacionales y medidas generales de simplificaci\u00f3n del comercio exterior, que \u00abcontribuyeron a reducir los costos de [&hellip;]\" \/>\n<meta property=\"og:url\" content=\"https:\/\/gysfm.com.ar\/inicio\/brotan-los-primeros-efectos-de-los-acuerdos-con-eeuu-y-la-ue-con-la-carne-como-producto-estrella\/\" \/>\n<meta property=\"og:site_name\" content=\"GYS NOTICIAS |\" \/>\n<meta property=\"article:published_time\" content=\"2026-08-20T10:06:07+00:00\" \/>\n<meta property=\"og:image\" content=\"https:\/\/media.ambito.com\/p\/34e4c80493dfe7027069e6a5ce49e0e4\/adjuntos\/239\/imagenes\/043\/592\/0043592542\/730x0\/smart\/image.png\" \/>\n<meta name=\"author\" content=\"admin\" \/>\n<meta name=\"twitter:card\" content=\"summary_large_image\" \/>\n<meta name=\"twitter:label1\" content=\"Escrito por\" \/>\n\t<meta name=\"twitter:data1\" content=\"admin\" \/>\n\t<meta name=\"twitter:label2\" content=\"Tiempo de lectura\" \/>\n\t<meta name=\"twitter:data2\" content=\"5 minutos\" \/>\n<script type=\"application\/ld+json\" class=\"yoast-schema-graph\">{\"@context\":\"https:\/\/schema.org\",\"@graph\":[{\"@type\":\"Article\",\"@id\":\"https:\/\/gysfm.com.ar\/inicio\/brotan-los-primeros-efectos-de-los-acuerdos-con-eeuu-y-la-ue-con-la-carne-como-producto-estrella\/#article\",\"isPartOf\":{\"@id\":\"https:\/\/gysfm.com.ar\/inicio\/brotan-los-primeros-efectos-de-los-acuerdos-con-eeuu-y-la-ue-con-la-carne-como-producto-estrella\/\"},\"author\":{\"name\":\"admin\",\"@id\":\"https:\/\/gysfm.com.ar\/inicio\/#\/schema\/person\/5bedd7ecd35cc35548d89effafa23696\"},\"headline\":\"brotan los primeros efectos de los acuerdos con EEUU y la UE, con la carne como producto estrella\",\"datePublished\":\"2026-08-20T10:06:07+00:00\",\"mainEntityOfPage\":{\"@id\":\"https:\/\/gysfm.com.ar\/inicio\/brotan-los-primeros-efectos-de-los-acuerdos-con-eeuu-y-la-ue-con-la-carne-como-producto-estrella\/\"},\"wordCount\":1093,\"publisher\":{\"@id\":\"https:\/\/gysfm.com.ar\/inicio\/#organization\"},\"image\":{\"@id\":\"https:\/\/gysfm.com.ar\/inicio\/brotan-los-primeros-efectos-de-los-acuerdos-con-eeuu-y-la-ue-con-la-carne-como-producto-estrella\/#primaryimage\"},\"thumbnailUrl\":\"https:\/\/gysfm.com.ar\/inicio\/wp-content\/uploads\/2026\/07\/comercio-exterior-importaciones-exportaciones-contenedores-containers.jpg\",\"articleSection\":[\"ECONOMIA\"],\"inLanguage\":\"es\"},{\"@type\":\"WebPage\",\"@id\":\"https:\/\/gysfm.com.ar\/inicio\/brotan-los-primeros-efectos-de-los-acuerdos-con-eeuu-y-la-ue-con-la-carne-como-producto-estrella\/\",\"url\":\"https:\/\/gysfm.com.ar\/inicio\/brotan-los-primeros-efectos-de-los-acuerdos-con-eeuu-y-la-ue-con-la-carne-como-producto-estrella\/\",\"name\":\"brotan los primeros efectos de los acuerdos con EEUU y la UE, con la carne como producto estrella - GYS NOTICIAS |\",\"isPartOf\":{\"@id\":\"https:\/\/gysfm.com.ar\/inicio\/#website\"},\"primaryImageOfPage\":{\"@id\":\"https:\/\/gysfm.com.ar\/inicio\/brotan-los-primeros-efectos-de-los-acuerdos-con-eeuu-y-la-ue-con-la-carne-como-producto-estrella\/#primaryimage\"},\"image\":{\"@id\":\"https:\/\/gysfm.com.ar\/inicio\/brotan-los-primeros-efectos-de-los-acuerdos-con-eeuu-y-la-ue-con-la-carne-como-producto-estrella\/#primaryimage\"},\"thumbnailUrl\":\"https:\/\/gysfm.com.ar\/inicio\/wp-content\/uploads\/2026\/07\/comercio-exterior-importaciones-exportaciones-contenedores-containers.jpg\",\"datePublished\":\"2026-08-20T10:06:07+00:00\",\"breadcrumb\":{\"@id\":\"https:\/\/gysfm.com.ar\/inicio\/brotan-los-primeros-efectos-de-los-acuerdos-con-eeuu-y-la-ue-con-la-carne-como-producto-estrella\/#breadcrumb\"},\"inLanguage\":\"es\",\"potentialAction\":[{\"@type\":\"ReadAction\",\"target\":[\"https:\/\/gysfm.com.ar\/inicio\/brotan-los-primeros-efectos-de-los-acuerdos-con-eeuu-y-la-ue-con-la-carne-como-producto-estrella\/\"]}]},{\"@type\":\"ImageObject\",\"inLanguage\":\"es\",\"@id\":\"https:\/\/gysfm.com.ar\/inicio\/brotan-los-primeros-efectos-de-los-acuerdos-con-eeuu-y-la-ue-con-la-carne-como-producto-estrella\/#primaryimage\",\"url\":\"https:\/\/gysfm.com.ar\/inicio\/wp-content\/uploads\/2026\/07\/comercio-exterior-importaciones-exportaciones-contenedores-containers.jpg\",\"contentUrl\":\"https:\/\/gysfm.com.ar\/inicio\/wp-content\/uploads\/2026\/07\/comercio-exterior-importaciones-exportaciones-contenedores-containers.jpg\",\"width\":1200,\"height\":675},{\"@type\":\"BreadcrumbList\",\"@id\":\"https:\/\/gysfm.com.ar\/inicio\/brotan-los-primeros-efectos-de-los-acuerdos-con-eeuu-y-la-ue-con-la-carne-como-producto-estrella\/#breadcrumb\",\"itemListElement\":[{\"@type\":\"ListItem\",\"position\":1,\"name\":\"Portada\",\"item\":\"https:\/\/gysfm.com.ar\/inicio\/\"},{\"@type\":\"ListItem\",\"position\":2,\"name\":\"brotan los primeros efectos de los acuerdos con EEUU y la UE, con la carne como producto estrella\"}]},{\"@type\":\"WebSite\",\"@id\":\"https:\/\/gysfm.com.ar\/inicio\/#website\",\"url\":\"https:\/\/gysfm.com.ar\/inicio\/\",\"name\":\"GYS NOTICIAS |\",\"description\":\"DIARIO - RADIO ONLINE SAN JUAN ARGENTINA\",\"publisher\":{\"@id\":\"https:\/\/gysfm.com.ar\/inicio\/#organization\"},\"potentialAction\":[{\"@type\":\"SearchAction\",\"target\":{\"@type\":\"EntryPoint\",\"urlTemplate\":\"https:\/\/gysfm.com.ar\/inicio\/?s={search_term_string}\"},\"query-input\":{\"@type\":\"PropertyValueSpecification\",\"valueRequired\":true,\"valueName\":\"search_term_string\"}}],\"inLanguage\":\"es\"},{\"@type\":\"Organization\",\"@id\":\"https:\/\/gysfm.com.ar\/inicio\/#organization\",\"name\":\"GYS NOTICIAS |\",\"url\":\"https:\/\/gysfm.com.ar\/inicio\/\",\"logo\":{\"@type\":\"ImageObject\",\"inLanguage\":\"es\",\"@id\":\"https:\/\/gysfm.com.ar\/inicio\/#\/schema\/logo\/image\/\",\"url\":\"https:\/\/gysfm.com.ar\/inicio\/wp-content\/uploads\/2023\/07\/LOGOGYS-OK.png\",\"contentUrl\":\"https:\/\/gysfm.com.ar\/inicio\/wp-content\/uploads\/2023\/07\/LOGOGYS-OK.png\",\"width\":1170,\"height\":872,\"caption\":\"GYS NOTICIAS |\"},\"image\":{\"@id\":\"https:\/\/gysfm.com.ar\/inicio\/#\/schema\/logo\/image\/\"}},{\"@type\":\"Person\",\"@id\":\"https:\/\/gysfm.com.ar\/inicio\/#\/schema\/person\/5bedd7ecd35cc35548d89effafa23696\",\"name\":\"admin\",\"image\":{\"@type\":\"ImageObject\",\"inLanguage\":\"es\",\"@id\":\"https:\/\/gysfm.com.ar\/inicio\/#\/schema\/person\/image\/\",\"url\":\"https:\/\/secure.gravatar.com\/avatar\/c331d312b5243fb64d5ba28108a447b27c925295129a363082c9ea52c28d32c2?s=96&d=mm&r=g\",\"contentUrl\":\"https:\/\/secure.gravatar.com\/avatar\/c331d312b5243fb64d5ba28108a447b27c925295129a363082c9ea52c28d32c2?s=96&d=mm&r=g\",\"caption\":\"admin\"},\"sameAs\":[\"https:\/\/gysfm.com.ar\/inicio\"],\"url\":\"https:\/\/gysfm.com.ar\/inicio\/author\/admin\/\"}]}<\/script>\n<!-- \/ Yoast SEO plugin. -->","yoast_head_json":{"title":"brotan los primeros efectos de los acuerdos con EEUU y la UE, con la carne como producto estrella - GYS NOTICIAS |","robots":{"index":"index","follow":"follow","max-snippet":"max-snippet:-1","max-image-preview":"max-image-preview:large","max-video-preview":"max-video-preview:-1"},"canonical":"https:\/\/gysfm.com.ar\/inicio\/brotan-los-primeros-efectos-de-los-acuerdos-con-eeuu-y-la-ue-con-la-carne-como-producto-estrella\/","og_locale":"es_ES","og_type":"article","og_title":"brotan los primeros efectos de los acuerdos con EEUU y la UE, con la carne como producto estrella - GYS NOTICIAS |","og_description":"En el segundo trimestre de 2026, las exportaciones argentinas crecieron un 30% respecto del mismo per\u00edodo del a\u00f1o pasado. Para Gerardo Alonso Schwarz, Economista Jefe del IERAL NEA, esto fue consecuencia de un combo que incluy\u00f3 factores sectoriales, factores internacionales y medidas generales de simplificaci\u00f3n del comercio exterior, que \u00abcontribuyeron a reducir los costos de [&hellip;]","og_url":"https:\/\/gysfm.com.ar\/inicio\/brotan-los-primeros-efectos-de-los-acuerdos-con-eeuu-y-la-ue-con-la-carne-como-producto-estrella\/","og_site_name":"GYS NOTICIAS |","article_published_time":"2026-08-20T10:06:07+00:00","og_image":[{"url":"https:\/\/media.ambito.com\/p\/34e4c80493dfe7027069e6a5ce49e0e4\/adjuntos\/239\/imagenes\/043\/592\/0043592542\/730x0\/smart\/image.png","type":"","width":"","height":""}],"author":"admin","twitter_card":"summary_large_image","twitter_misc":{"Escrito por":"admin","Tiempo de lectura":"5 minutos"},"schema":{"@context":"https:\/\/schema.org","@graph":[{"@type":"Article","@id":"https:\/\/gysfm.com.ar\/inicio\/brotan-los-primeros-efectos-de-los-acuerdos-con-eeuu-y-la-ue-con-la-carne-como-producto-estrella\/#article","isPartOf":{"@id":"https:\/\/gysfm.com.ar\/inicio\/brotan-los-primeros-efectos-de-los-acuerdos-con-eeuu-y-la-ue-con-la-carne-como-producto-estrella\/"},"author":{"name":"admin","@id":"https:\/\/gysfm.com.ar\/inicio\/#\/schema\/person\/5bedd7ecd35cc35548d89effafa23696"},"headline":"brotan los primeros efectos de los acuerdos con EEUU y la UE, con la carne como producto estrella","datePublished":"2026-08-20T10:06:07+00:00","mainEntityOfPage":{"@id":"https:\/\/gysfm.com.ar\/inicio\/brotan-los-primeros-efectos-de-los-acuerdos-con-eeuu-y-la-ue-con-la-carne-como-producto-estrella\/"},"wordCount":1093,"publisher":{"@id":"https:\/\/gysfm.com.ar\/inicio\/#organization"},"image":{"@id":"https:\/\/gysfm.com.ar\/inicio\/brotan-los-primeros-efectos-de-los-acuerdos-con-eeuu-y-la-ue-con-la-carne-como-producto-estrella\/#primaryimage"},"thumbnailUrl":"https:\/\/gysfm.com.ar\/inicio\/wp-content\/uploads\/2026\/07\/comercio-exterior-importaciones-exportaciones-contenedores-containers.jpg","articleSection":["ECONOMIA"],"inLanguage":"es"},{"@type":"WebPage","@id":"https:\/\/gysfm.com.ar\/inicio\/brotan-los-primeros-efectos-de-los-acuerdos-con-eeuu-y-la-ue-con-la-carne-como-producto-estrella\/","url":"https:\/\/gysfm.com.ar\/inicio\/brotan-los-primeros-efectos-de-los-acuerdos-con-eeuu-y-la-ue-con-la-carne-como-producto-estrella\/","name":"brotan los primeros efectos de los acuerdos con EEUU y la UE, con la carne como producto estrella - GYS NOTICIAS |","isPartOf":{"@id":"https:\/\/gysfm.com.ar\/inicio\/#website"},"primaryImageOfPage":{"@id":"https:\/\/gysfm.com.ar\/inicio\/brotan-los-primeros-efectos-de-los-acuerdos-con-eeuu-y-la-ue-con-la-carne-como-producto-estrella\/#primaryimage"},"image":{"@id":"https:\/\/gysfm.com.ar\/inicio\/brotan-los-primeros-efectos-de-los-acuerdos-con-eeuu-y-la-ue-con-la-carne-como-producto-estrella\/#primaryimage"},"thumbnailUrl":"https:\/\/gysfm.com.ar\/inicio\/wp-content\/uploads\/2026\/07\/comercio-exterior-importaciones-exportaciones-contenedores-containers.jpg","datePublished":"2026-08-20T10:06:07+00:00","breadcrumb":{"@id":"https:\/\/gysfm.com.ar\/inicio\/brotan-los-primeros-efectos-de-los-acuerdos-con-eeuu-y-la-ue-con-la-carne-como-producto-estrella\/#breadcrumb"},"inLanguage":"es","potentialAction":[{"@type":"ReadAction","target":["https:\/\/gysfm.com.ar\/inicio\/brotan-los-primeros-efectos-de-los-acuerdos-con-eeuu-y-la-ue-con-la-carne-como-producto-estrella\/"]}]},{"@type":"ImageObject","inLanguage":"es","@id":"https:\/\/gysfm.com.ar\/inicio\/brotan-los-primeros-efectos-de-los-acuerdos-con-eeuu-y-la-ue-con-la-carne-como-producto-estrella\/#primaryimage","url":"https:\/\/gysfm.com.ar\/inicio\/wp-content\/uploads\/2026\/07\/comercio-exterior-importaciones-exportaciones-contenedores-containers.jpg","contentUrl":"https:\/\/gysfm.com.ar\/inicio\/wp-content\/uploads\/2026\/07\/comercio-exterior-importaciones-exportaciones-contenedores-containers.jpg","width":1200,"height":675},{"@type":"BreadcrumbList","@id":"https:\/\/gysfm.com.ar\/inicio\/brotan-los-primeros-efectos-de-los-acuerdos-con-eeuu-y-la-ue-con-la-carne-como-producto-estrella\/#breadcrumb","itemListElement":[{"@type":"ListItem","position":1,"name":"Portada","item":"https:\/\/gysfm.com.ar\/inicio\/"},{"@type":"ListItem","position":2,"name":"brotan los primeros efectos de los acuerdos con EEUU y la UE, con la carne como producto estrella"}]},{"@type":"WebSite","@id":"https:\/\/gysfm.com.ar\/inicio\/#website","url":"https:\/\/gysfm.com.ar\/inicio\/","name":"GYS NOTICIAS |","description":"DIARIO - RADIO ONLINE SAN JUAN ARGENTINA","publisher":{"@id":"https:\/\/gysfm.com.ar\/inicio\/#organization"},"potentialAction":[{"@type":"SearchAction","target":{"@type":"EntryPoint","urlTemplate":"https:\/\/gysfm.com.ar\/inicio\/?s={search_term_string}"},"query-input":{"@type":"PropertyValueSpecification","valueRequired":true,"valueName":"search_term_string"}}],"inLanguage":"es"},{"@type":"Organization","@id":"https:\/\/gysfm.com.ar\/inicio\/#organization","name":"GYS NOTICIAS |","url":"https:\/\/gysfm.com.ar\/inicio\/","logo":{"@type":"ImageObject","inLanguage":"es","@id":"https:\/\/gysfm.com.ar\/inicio\/#\/schema\/logo\/image\/","url":"https:\/\/gysfm.com.ar\/inicio\/wp-content\/uploads\/2023\/07\/LOGOGYS-OK.png","contentUrl":"https:\/\/gysfm.com.ar\/inicio\/wp-content\/uploads\/2023\/07\/LOGOGYS-OK.png","width":1170,"height":872,"caption":"GYS NOTICIAS |"},"image":{"@id":"https:\/\/gysfm.com.ar\/inicio\/#\/schema\/logo\/image\/"}},{"@type":"Person","@id":"https:\/\/gysfm.com.ar\/inicio\/#\/schema\/person\/5bedd7ecd35cc35548d89effafa23696","name":"admin","image":{"@type":"ImageObject","inLanguage":"es","@id":"https:\/\/gysfm.com.ar\/inicio\/#\/schema\/person\/image\/","url":"https:\/\/secure.gravatar.com\/avatar\/c331d312b5243fb64d5ba28108a447b27c925295129a363082c9ea52c28d32c2?s=96&d=mm&r=g","contentUrl":"https:\/\/secure.gravatar.com\/avatar\/c331d312b5243fb64d5ba28108a447b27c925295129a363082c9ea52c28d32c2?s=96&d=mm&r=g","caption":"admin"},"sameAs":["https:\/\/gysfm.com.ar\/inicio"],"url":"https:\/\/gysfm.com.ar\/inicio\/author\/admin\/"}]}},"_links":{"self":[{"href":"https:\/\/gysfm.com.ar\/inicio\/wp-json\/wp\/v2\/posts\/208778","targetHints":{"allow":["GET"]}}],"collection":[{"href":"https:\/\/gysfm.com.ar\/inicio\/wp-json\/wp\/v2\/posts"}],"about":[{"href":"https:\/\/gysfm.com.ar\/inicio\/wp-json\/wp\/v2\/types\/post"}],"author":[{"embeddable":true,"href":"https:\/\/gysfm.com.ar\/inicio\/wp-json\/wp\/v2\/users\/1"}],"replies":[{"embeddable":true,"href":"https:\/\/gysfm.com.ar\/inicio\/wp-json\/wp\/v2\/comments?post=208778"}],"version-history":[{"count":0,"href":"https:\/\/gysfm.com.ar\/inicio\/wp-json\/wp\/v2\/posts\/208778\/revisions"}],"wp:featuredmedia":[{"embeddable":true,"href":"https:\/\/gysfm.com.ar\/inicio\/wp-json\/wp\/v2\/media\/203225"}],"wp:attachment":[{"href":"https:\/\/gysfm.com.ar\/inicio\/wp-json\/wp\/v2\/media?parent=208778"}],"wp:term":[{"taxonomy":"category","embeddable":true,"href":"https:\/\/gysfm.com.ar\/inicio\/wp-json\/wp\/v2\/categories?post=208778"},{"taxonomy":"post_tag","embeddable":true,"href":"https:\/\/gysfm.com.ar\/inicio\/wp-json\/wp\/v2\/tags?post=208778"}],"curies":[{"name":"wp","href":"https:\/\/api.w.org\/{rel}","templated":true}]}}