{"id":208672,"date":"2026-08-19T11:25:07","date_gmt":"2026-08-19T14:25:07","guid":{"rendered":"https:\/\/gysfm.com.ar\/inicio\/multaron-a-un-turista-en-noruega-por-despertar-a-un-oso-polar-con-una-sirena-maritima\/"},"modified":"2026-08-19T11:25:08","modified_gmt":"2026-08-19T14:25:08","slug":"multaron-a-un-turista-en-noruega-por-despertar-a-un-oso-polar-con-una-sirena-maritima","status":"publish","type":"post","link":"https:\/\/gysfm.com.ar\/inicio\/multaron-a-un-turista-en-noruega-por-despertar-a-un-oso-polar-con-una-sirena-maritima\/","title":{"rendered":"Multaron a un turista en Noruega por despertar a un oso polar con una sirena mar\u00edtima"},"content":{"rendered":"<p> <br \/>\n<\/p>\n<div>\n<p class=\"com-paragraph --capital --s text-left\">Un hombre fue <strong>multado con m\u00e1s de 5000 d\u00f3lares <\/strong>por hacer sonar una <strong>sirena antiniebla<\/strong> en un crucero en <strong>Noruega <\/strong>y <a href=\"https:\/\/www.lanacion.com.ar\/sociedad\/dos-corazones-la-compleja-realidad-detras-del-proyecto-legislativo-para-aumentar-las-penas-por-nid21042026\/\" target=\"_self\" title=\"https:\/\/www.lanacion.com.ar\/sociedad\/dos-corazones-la-compleja-realidad-detras-del-proyecto-legislativo-para-aumentar-las-penas-por-nid21042026\/\" class=\"com-link break-word\" data-mrf-recirculation=\"n_link_parrafo\"><strong>despertar a un oso polar<\/strong><\/a> en el archipi\u00e9lago de Svalbard. La noticia fue comunicada por el gobernador de la regi\u00f3n en un texto que detall\u00f3 que el incidente ocurri\u00f3 a principios de agosto, cuando el turista <strong>utiliz\u00f3 una bocina de tono grave <\/strong>que normalmente se reserva para advertencias de altamar.<\/p>\n<p class=\"com-paragraph --s text-left\">La multa fue impuesta al considerar que la acci\u00f3n <strong>era perjudicial para el animal<\/strong> y que se hab\u00eda llevado a cabo \u201cintencionalmente\u201d, seg\u00fan inform\u00f3 la <a href=\"https:\/\/edition.cnn.com\/2026\/08\/14\/travel\/sleeping-polar-bear-foghorn-svalbard-scli-intl\" target=\"_blank\" title=\"https:\/\/edition.cnn.com\/2026\/08\/14\/travel\/sleeping-polar-bear-foghorn-svalbard-scli-intl\" class=\"com-link break-word\" data-mrf-recirculation=\"n_link_parrafo\" rel=\"nofollow\"><em>CNN<\/em><\/a>.<\/p>\n<p class=\"com-paragraph --s text-left\">El barco en el que iban navegaba por un fiordo al norte de Svalbard, el grupo de islas \u00e1rticas que se encuentra aproximadamente <strong>a medio camino entre Noruega continental y el Polo Norte<\/strong>. <\/p>\n<p class=\"com-paragraph --s text-left\">El gobernador <strong>Lars Fause<\/strong> detall\u00f3 que durante la traves\u00eda, \u201c<strong>los ocupantes avistaron un oso polar durmiendo en tierra<\/strong>\u201d. \u201cUna persona a bordo activ\u00f3 entonces la sirena de niebla del barco, despertando al animal, que se traslad\u00f3 a otro lugar\u201d, explic\u00f3 en el comunicado.<\/p>\n<p><iframe src=\"https:\/\/www.google.com\/maps\/embed?pb=!1m18!1m12!1m3!1d3167509.897568433!2d11.853599273063423!3d78.8240361325254!2m3!1f0!2f0!3f0!3m2!1i1024!2i768!4f13.1!3m3!1m2!1s0x45a1cfdc4fa3c049%3A0x2bf373e71b35e875!2sSvalbard%2C%20Svalbard%20y%20Jan%20Mayen!5e0!3m2!1ses-419!2sar!4v1787138151458!5m2!1ses-419!2sar\" width=\"600\" height=\"450\" style=\"border:0;\" allowfullscreen=\"\" loading=\"lazy\" referrerpolicy=\"strict-origin-when-cross-origin\"><\/iframe><\/p>\n<p class=\"com-paragraph --s text-left\">El hombre fue r\u00e1pidamente identificado ya que los ciudadanos alertaron a las autoridades, y el sospechoso fue<strong> interceptado por empleados del gobernador<\/strong>.<\/p>\n<p class=\"com-paragraph --s text-left\">La medida se tom\u00f3 en el marco de las leyes de protecci\u00f3n ambiental de la regi\u00f3n de Svalbard, que establecen que <strong>est\u00e1 prohibido \u201cperturbar, atraer o perseguir innecesariamente a los osos polares\u201d<\/strong>, una <strong>especie protegida por el derecho internacional <\/strong>desde 1973.<\/p>\n<p class=\"com-paragraph --s\">Las regulaciones tambi\u00e9n estipulan que <strong>nadie puede acercarse a menos de 300 metros<\/strong> de un oso polar entre los meses de julio y febrero. Asimismo, entre marzo y junio \u2014la \u00e9poca t\u00edpica de apareamiento de estos mam\u00edferos\u2014 la zona restringida aumenta a 500 metros.<\/p>\n<p><h2 class=\"font-primary font-w-bold text-subheading-lg text-left container-center-100 mb-8\"><span>Especie protegida<\/span><\/h2>\n<\/p>\n<p class=\"com-paragraph --s\">Anteriormente, detall\u00f3 <em>CNN<\/em>, ya se impusieron multas por perturbar la vida animal en la regi\u00f3n de Svalbard. En 2024, un turista fue multado con aproximadamente <strong>1300 d\u00f3lares<\/strong> tras intentar acercarse a una morsa.<\/p>\n<p class=\"com-paragraph --s\">Adem\u00e1s, la<strong> caza de osos polares es ilegal en Svalbard <\/strong>desde que obtuvieron el estatus de especie protegida.<\/p>\n<p class=\"com-paragraph --s text-left\">Se calcula que unos 3000 osos polares viven en la regi\u00f3n de Svalbard y el mar de Barents, un mar marginal del oc\u00e9ano \u00c1rtico dividido entre <strong>aguas territoriales noruegas y rusas<\/strong>.<\/p>\n<div class=\"content-media\">\n<section role=\"button\" class=\"mod-media   \">\n<figure role=\"button\" tabindex=\"0\" class=\"mod-figure \"><figcaption class=\"mod-figcaption\"><span class=\"com-text --caption --twoxs\">Un cachorro de oso polar<\/span><span class=\"com-text --credit --twoxs\">Nima Sarikhani\/Fot\u00f3grafo de Vida Silvestre del A\u00f1o<\/span><\/figcaption><\/figure>\n<\/section>\n<\/div>\n<p class=\"com-paragraph --s\">Si bien se sabe que muchos migran al remoto archipi\u00e9lago de Tierra de Francisco Jos\u00e9, en el territorio m\u00e1s septentrional de Rusia, y el n\u00famero de superdepredadores en Svalbard var\u00eda a lo largo del a\u00f1o, alrededor de <strong>300 permanecen all\u00ed<\/strong> durante todo el a\u00f1o.<\/p>\n<p class=\"com-paragraph --s\">Quienes pasan los meses de verano en Svalbard lo hacen a pesar de un descenso significativo del hielo, donde los osos polares suelen cazar su principal fuente de alimento: las <strong>focas ricas en grasa<\/strong>.<\/p>\n<p class=\"com-paragraph --s\">\u201cLos osos que descansan durante la temporada de verano sin hielo, con menos fuentes de calor\u00edas ricas en grasas a su alcance, a menudo optan por esperar a que pasen los per\u00edodos de escasez con siestas muy largas y muy poco movimiento si est\u00e1n en buenas condiciones f\u00edsicas: lo que para un oso significa estar algo regordete\u201d, dijo<strong> Geoff York<\/strong>, vicepresidente de investigaci\u00f3n y pol\u00edticas de <em>Polar Bears International<\/em>, a <em>CNN<\/em>.<\/p>\n<p class=\"com-paragraph --s\">Y advirti\u00f3: \u201cMolestar a los osos durante esta \u00e9poca del a\u00f1o puede ser m\u00e1s importante para su supervivencia o su potencial \u00e9xito reproductivo si se trata de una hembra pre\u00f1ada o lactante, ya que les provoca un <strong>gasto innecesario de calor\u00edas<\/strong>\u201d.<\/p>\n<section class=\"container-center-100 mb-40 border border-bottom border-thin border-neutral-light-700\">\n<hr\/>\n<\/section>\n<\/div>\n<p><script id=\"facebookpixel\" defer=\"\" type=\"text\/javascript\">\n        !function(f,b,e,v,n,t,s)\n        {if(f.fbq)return;n=f.fbq=function(){n.callMethod?\n        n.callMethod.apply(n,arguments):n.queue.push(arguments)};\n        if(!f._fbq)f._fbq=n;n.push=n;n.loaded=!0;n.version='2.0';\n        n.queue=[];t=b.createElement(e);t.async=!0;\n        t.src=v;s=b.getElementsByTagName(e)[0];\n        s.parentNode.insertBefore(t,s)}(window, document,'script',\n        'https:\/\/connect.facebook.net\/en_US\/fbevents.js');\n        fbq('init', '492459597522335');\n        fbq('track', 'PageView');\n    <\/script><br \/>\n<br \/><\/p>\n","protected":false},"excerpt":{"rendered":"<p>Un hombre fue multado con m\u00e1s de 5000 d\u00f3lares por hacer sonar una sirena antiniebla en un crucero en Noruega y despertar a un oso polar en el archipi\u00e9lago de Svalbard. La noticia fue comunicada por el gobernador de la regi\u00f3n en un texto que detall\u00f3 que el incidente ocurri\u00f3 a principios de agosto, cuando [&hellip;]<\/p>\n","protected":false},"author":2,"featured_media":208673,"comment_status":"closed","ping_status":"closed","sticky":false,"template":"","format":"standard","meta":{"footnotes":""},"categories":[26],"tags":[],"class_list":["post-208672","post","type-post","status-publish","format-standard","has-post-thumbnail","hentry","category-internacionales"],"yoast_head":"<!-- This site is optimized with the Yoast SEO plugin v24.4 - https:\/\/yoast.com\/wordpress\/plugins\/seo\/ -->\n<title>Multaron a un turista en Noruega por despertar a un oso polar con una sirena mar\u00edtima - GYS NOTICIAS |<\/title>\n<meta name=\"robots\" content=\"index, follow, max-snippet:-1, max-image-preview:large, max-video-preview:-1\" \/>\n<link rel=\"canonical\" href=\"https:\/\/gysfm.com.ar\/inicio\/multaron-a-un-turista-en-noruega-por-despertar-a-un-oso-polar-con-una-sirena-maritima\/\" \/>\n<meta property=\"og:locale\" content=\"es_ES\" \/>\n<meta property=\"og:type\" content=\"article\" \/>\n<meta property=\"og:title\" content=\"Multaron a un turista en Noruega por despertar a un oso polar con una sirena mar\u00edtima - GYS NOTICIAS |\" \/>\n<meta property=\"og:description\" content=\"Un hombre fue multado con m\u00e1s de 5000 d\u00f3lares por hacer sonar una sirena antiniebla en un crucero en Noruega y despertar a un oso polar en el archipi\u00e9lago de Svalbard. La noticia fue comunicada por el gobernador de la regi\u00f3n en un texto que detall\u00f3 que el incidente ocurri\u00f3 a principios de agosto, cuando [&hellip;]\" \/>\n<meta property=\"og:url\" content=\"https:\/\/gysfm.com.ar\/inicio\/multaron-a-un-turista-en-noruega-por-despertar-a-un-oso-polar-con-una-sirena-maritima\/\" \/>\n<meta property=\"og:site_name\" content=\"GYS NOTICIAS |\" \/>\n<meta property=\"article:published_time\" content=\"2026-08-19T14:25:07+00:00\" \/>\n<meta property=\"article:modified_time\" content=\"2026-08-19T14:25:08+00:00\" \/>\n<meta property=\"og:image\" content=\"https:\/\/gysfm.com.ar\/inicio\/wp-content\/uploads\/2026\/08\/01092023-un-oso-polar-fotografiado-en-el-mar-de-NJ23CJ3N3BHX7BMBBZIB2TMR4I.jpg\" \/>\n\t<meta property=\"og:image:width\" content=\"1200\" \/>\n\t<meta property=\"og:image:height\" content=\"800\" \/>\n\t<meta property=\"og:image:type\" content=\"image\/jpeg\" \/>\n<meta name=\"author\" content=\"Prensa G&amp;S FM\" \/>\n<meta name=\"twitter:card\" content=\"summary_large_image\" \/>\n<meta name=\"twitter:label1\" content=\"Escrito por\" \/>\n\t<meta name=\"twitter:data1\" content=\"Prensa G&amp;S FM\" \/>\n\t<meta name=\"twitter:label2\" content=\"Tiempo de lectura\" \/>\n\t<meta name=\"twitter:data2\" content=\"3 minutos\" \/>\n<script type=\"application\/ld+json\" class=\"yoast-schema-graph\">{\"@context\":\"https:\/\/schema.org\",\"@graph\":[{\"@type\":\"Article\",\"@id\":\"https:\/\/gysfm.com.ar\/inicio\/multaron-a-un-turista-en-noruega-por-despertar-a-un-oso-polar-con-una-sirena-maritima\/#article\",\"isPartOf\":{\"@id\":\"https:\/\/gysfm.com.ar\/inicio\/multaron-a-un-turista-en-noruega-por-despertar-a-un-oso-polar-con-una-sirena-maritima\/\"},\"author\":{\"name\":\"Prensa G&amp;S FM\",\"@id\":\"https:\/\/gysfm.com.ar\/inicio\/#\/schema\/person\/3abba7593ef2ad19e1be221d54383dc5\"},\"headline\":\"Multaron a un turista en Noruega por despertar a un oso polar con una sirena mar\u00edtima\",\"datePublished\":\"2026-08-19T14:25:07+00:00\",\"dateModified\":\"2026-08-19T14:25:08+00:00\",\"mainEntityOfPage\":{\"@id\":\"https:\/\/gysfm.com.ar\/inicio\/multaron-a-un-turista-en-noruega-por-despertar-a-un-oso-polar-con-una-sirena-maritima\/\"},\"wordCount\":615,\"publisher\":{\"@id\":\"https:\/\/gysfm.com.ar\/inicio\/#organization\"},\"image\":{\"@id\":\"https:\/\/gysfm.com.ar\/inicio\/multaron-a-un-turista-en-noruega-por-despertar-a-un-oso-polar-con-una-sirena-maritima\/#primaryimage\"},\"thumbnailUrl\":\"https:\/\/gysfm.com.ar\/inicio\/wp-content\/uploads\/2026\/08\/01092023-un-oso-polar-fotografiado-en-el-mar-de-NJ23CJ3N3BHX7BMBBZIB2TMR4I.jpg\",\"articleSection\":[\"INTERNACIONALES\"],\"inLanguage\":\"es\"},{\"@type\":\"WebPage\",\"@id\":\"https:\/\/gysfm.com.ar\/inicio\/multaron-a-un-turista-en-noruega-por-despertar-a-un-oso-polar-con-una-sirena-maritima\/\",\"url\":\"https:\/\/gysfm.com.ar\/inicio\/multaron-a-un-turista-en-noruega-por-despertar-a-un-oso-polar-con-una-sirena-maritima\/\",\"name\":\"Multaron a un turista en Noruega por despertar a un oso polar con una sirena mar\u00edtima - GYS NOTICIAS |\",\"isPartOf\":{\"@id\":\"https:\/\/gysfm.com.ar\/inicio\/#website\"},\"primaryImageOfPage\":{\"@id\":\"https:\/\/gysfm.com.ar\/inicio\/multaron-a-un-turista-en-noruega-por-despertar-a-un-oso-polar-con-una-sirena-maritima\/#primaryimage\"},\"image\":{\"@id\":\"https:\/\/gysfm.com.ar\/inicio\/multaron-a-un-turista-en-noruega-por-despertar-a-un-oso-polar-con-una-sirena-maritima\/#primaryimage\"},\"thumbnailUrl\":\"https:\/\/gysfm.com.ar\/inicio\/wp-content\/uploads\/2026\/08\/01092023-un-oso-polar-fotografiado-en-el-mar-de-NJ23CJ3N3BHX7BMBBZIB2TMR4I.jpg\",\"datePublished\":\"2026-08-19T14:25:07+00:00\",\"dateModified\":\"2026-08-19T14:25:08+00:00\",\"breadcrumb\":{\"@id\":\"https:\/\/gysfm.com.ar\/inicio\/multaron-a-un-turista-en-noruega-por-despertar-a-un-oso-polar-con-una-sirena-maritima\/#breadcrumb\"},\"inLanguage\":\"es\",\"potentialAction\":[{\"@type\":\"ReadAction\",\"target\":[\"https:\/\/gysfm.com.ar\/inicio\/multaron-a-un-turista-en-noruega-por-despertar-a-un-oso-polar-con-una-sirena-maritima\/\"]}]},{\"@type\":\"ImageObject\",\"inLanguage\":\"es\",\"@id\":\"https:\/\/gysfm.com.ar\/inicio\/multaron-a-un-turista-en-noruega-por-despertar-a-un-oso-polar-con-una-sirena-maritima\/#primaryimage\",\"url\":\"https:\/\/gysfm.com.ar\/inicio\/wp-content\/uploads\/2026\/08\/01092023-un-oso-polar-fotografiado-en-el-mar-de-NJ23CJ3N3BHX7BMBBZIB2TMR4I.jpg\",\"contentUrl\":\"https:\/\/gysfm.com.ar\/inicio\/wp-content\/uploads\/2026\/08\/01092023-un-oso-polar-fotografiado-en-el-mar-de-NJ23CJ3N3BHX7BMBBZIB2TMR4I.jpg\",\"width\":1200,\"height\":800},{\"@type\":\"BreadcrumbList\",\"@id\":\"https:\/\/gysfm.com.ar\/inicio\/multaron-a-un-turista-en-noruega-por-despertar-a-un-oso-polar-con-una-sirena-maritima\/#breadcrumb\",\"itemListElement\":[{\"@type\":\"ListItem\",\"position\":1,\"name\":\"Portada\",\"item\":\"https:\/\/gysfm.com.ar\/inicio\/\"},{\"@type\":\"ListItem\",\"position\":2,\"name\":\"Multaron a un turista en Noruega por despertar a un oso polar con una sirena mar\u00edtima\"}]},{\"@type\":\"WebSite\",\"@id\":\"https:\/\/gysfm.com.ar\/inicio\/#website\",\"url\":\"https:\/\/gysfm.com.ar\/inicio\/\",\"name\":\"GYS NOTICIAS |\",\"description\":\"DIARIO - RADIO ONLINE SAN JUAN ARGENTINA\",\"publisher\":{\"@id\":\"https:\/\/gysfm.com.ar\/inicio\/#organization\"},\"potentialAction\":[{\"@type\":\"SearchAction\",\"target\":{\"@type\":\"EntryPoint\",\"urlTemplate\":\"https:\/\/gysfm.com.ar\/inicio\/?s={search_term_string}\"},\"query-input\":{\"@type\":\"PropertyValueSpecification\",\"valueRequired\":true,\"valueName\":\"search_term_string\"}}],\"inLanguage\":\"es\"},{\"@type\":\"Organization\",\"@id\":\"https:\/\/gysfm.com.ar\/inicio\/#organization\",\"name\":\"GYS NOTICIAS |\",\"url\":\"https:\/\/gysfm.com.ar\/inicio\/\",\"logo\":{\"@type\":\"ImageObject\",\"inLanguage\":\"es\",\"@id\":\"https:\/\/gysfm.com.ar\/inicio\/#\/schema\/logo\/image\/\",\"url\":\"https:\/\/gysfm.com.ar\/inicio\/wp-content\/uploads\/2023\/07\/LOGOGYS-OK.png\",\"contentUrl\":\"https:\/\/gysfm.com.ar\/inicio\/wp-content\/uploads\/2023\/07\/LOGOGYS-OK.png\",\"width\":1170,\"height\":872,\"caption\":\"GYS NOTICIAS |\"},\"image\":{\"@id\":\"https:\/\/gysfm.com.ar\/inicio\/#\/schema\/logo\/image\/\"}},{\"@type\":\"Person\",\"@id\":\"https:\/\/gysfm.com.ar\/inicio\/#\/schema\/person\/3abba7593ef2ad19e1be221d54383dc5\",\"name\":\"Prensa G&amp;S FM\",\"image\":{\"@type\":\"ImageObject\",\"inLanguage\":\"es\",\"@id\":\"https:\/\/gysfm.com.ar\/inicio\/#\/schema\/person\/image\/\",\"url\":\"https:\/\/secure.gravatar.com\/avatar\/096ec78df02049ab018702bb4ccedf659377fa92a26540b5247612077a0dbd29?s=96&d=mm&r=g\",\"contentUrl\":\"https:\/\/secure.gravatar.com\/avatar\/096ec78df02049ab018702bb4ccedf659377fa92a26540b5247612077a0dbd29?s=96&d=mm&r=g\",\"caption\":\"Prensa G&amp;S FM\"},\"sameAs\":[\"https:\/\/gysfm.com.ar\/\"],\"url\":\"https:\/\/gysfm.com.ar\/inicio\/author\/lucasm\/\"}]}<\/script>\n<!-- \/ Yoast SEO plugin. -->","yoast_head_json":{"title":"Multaron a un turista en Noruega por despertar a un oso polar con una sirena mar\u00edtima - GYS NOTICIAS |","robots":{"index":"index","follow":"follow","max-snippet":"max-snippet:-1","max-image-preview":"max-image-preview:large","max-video-preview":"max-video-preview:-1"},"canonical":"https:\/\/gysfm.com.ar\/inicio\/multaron-a-un-turista-en-noruega-por-despertar-a-un-oso-polar-con-una-sirena-maritima\/","og_locale":"es_ES","og_type":"article","og_title":"Multaron a un turista en Noruega por despertar a un oso polar con una sirena mar\u00edtima - GYS NOTICIAS |","og_description":"Un hombre fue multado con m\u00e1s de 5000 d\u00f3lares por hacer sonar una sirena antiniebla en un crucero en Noruega y despertar a un oso polar en el archipi\u00e9lago de Svalbard. La noticia fue comunicada por el gobernador de la regi\u00f3n en un texto que detall\u00f3 que el incidente ocurri\u00f3 a principios de agosto, cuando [&hellip;]","og_url":"https:\/\/gysfm.com.ar\/inicio\/multaron-a-un-turista-en-noruega-por-despertar-a-un-oso-polar-con-una-sirena-maritima\/","og_site_name":"GYS NOTICIAS |","article_published_time":"2026-08-19T14:25:07+00:00","article_modified_time":"2026-08-19T14:25:08+00:00","og_image":[{"width":1200,"height":800,"url":"https:\/\/gysfm.com.ar\/inicio\/wp-content\/uploads\/2026\/08\/01092023-un-oso-polar-fotografiado-en-el-mar-de-NJ23CJ3N3BHX7BMBBZIB2TMR4I.jpg","type":"image\/jpeg"}],"author":"Prensa G&amp;S FM","twitter_card":"summary_large_image","twitter_misc":{"Escrito por":"Prensa G&amp;S FM","Tiempo de lectura":"3 minutos"},"schema":{"@context":"https:\/\/schema.org","@graph":[{"@type":"Article","@id":"https:\/\/gysfm.com.ar\/inicio\/multaron-a-un-turista-en-noruega-por-despertar-a-un-oso-polar-con-una-sirena-maritima\/#article","isPartOf":{"@id":"https:\/\/gysfm.com.ar\/inicio\/multaron-a-un-turista-en-noruega-por-despertar-a-un-oso-polar-con-una-sirena-maritima\/"},"author":{"name":"Prensa G&amp;S FM","@id":"https:\/\/gysfm.com.ar\/inicio\/#\/schema\/person\/3abba7593ef2ad19e1be221d54383dc5"},"headline":"Multaron a un turista en Noruega por despertar a un oso polar con una sirena mar\u00edtima","datePublished":"2026-08-19T14:25:07+00:00","dateModified":"2026-08-19T14:25:08+00:00","mainEntityOfPage":{"@id":"https:\/\/gysfm.com.ar\/inicio\/multaron-a-un-turista-en-noruega-por-despertar-a-un-oso-polar-con-una-sirena-maritima\/"},"wordCount":615,"publisher":{"@id":"https:\/\/gysfm.com.ar\/inicio\/#organization"},"image":{"@id":"https:\/\/gysfm.com.ar\/inicio\/multaron-a-un-turista-en-noruega-por-despertar-a-un-oso-polar-con-una-sirena-maritima\/#primaryimage"},"thumbnailUrl":"https:\/\/gysfm.com.ar\/inicio\/wp-content\/uploads\/2026\/08\/01092023-un-oso-polar-fotografiado-en-el-mar-de-NJ23CJ3N3BHX7BMBBZIB2TMR4I.jpg","articleSection":["INTERNACIONALES"],"inLanguage":"es"},{"@type":"WebPage","@id":"https:\/\/gysfm.com.ar\/inicio\/multaron-a-un-turista-en-noruega-por-despertar-a-un-oso-polar-con-una-sirena-maritima\/","url":"https:\/\/gysfm.com.ar\/inicio\/multaron-a-un-turista-en-noruega-por-despertar-a-un-oso-polar-con-una-sirena-maritima\/","name":"Multaron a un turista en Noruega por despertar a un oso polar con una sirena mar\u00edtima - GYS NOTICIAS |","isPartOf":{"@id":"https:\/\/gysfm.com.ar\/inicio\/#website"},"primaryImageOfPage":{"@id":"https:\/\/gysfm.com.ar\/inicio\/multaron-a-un-turista-en-noruega-por-despertar-a-un-oso-polar-con-una-sirena-maritima\/#primaryimage"},"image":{"@id":"https:\/\/gysfm.com.ar\/inicio\/multaron-a-un-turista-en-noruega-por-despertar-a-un-oso-polar-con-una-sirena-maritima\/#primaryimage"},"thumbnailUrl":"https:\/\/gysfm.com.ar\/inicio\/wp-content\/uploads\/2026\/08\/01092023-un-oso-polar-fotografiado-en-el-mar-de-NJ23CJ3N3BHX7BMBBZIB2TMR4I.jpg","datePublished":"2026-08-19T14:25:07+00:00","dateModified":"2026-08-19T14:25:08+00:00","breadcrumb":{"@id":"https:\/\/gysfm.com.ar\/inicio\/multaron-a-un-turista-en-noruega-por-despertar-a-un-oso-polar-con-una-sirena-maritima\/#breadcrumb"},"inLanguage":"es","potentialAction":[{"@type":"ReadAction","target":["https:\/\/gysfm.com.ar\/inicio\/multaron-a-un-turista-en-noruega-por-despertar-a-un-oso-polar-con-una-sirena-maritima\/"]}]},{"@type":"ImageObject","inLanguage":"es","@id":"https:\/\/gysfm.com.ar\/inicio\/multaron-a-un-turista-en-noruega-por-despertar-a-un-oso-polar-con-una-sirena-maritima\/#primaryimage","url":"https:\/\/gysfm.com.ar\/inicio\/wp-content\/uploads\/2026\/08\/01092023-un-oso-polar-fotografiado-en-el-mar-de-NJ23CJ3N3BHX7BMBBZIB2TMR4I.jpg","contentUrl":"https:\/\/gysfm.com.ar\/inicio\/wp-content\/uploads\/2026\/08\/01092023-un-oso-polar-fotografiado-en-el-mar-de-NJ23CJ3N3BHX7BMBBZIB2TMR4I.jpg","width":1200,"height":800},{"@type":"BreadcrumbList","@id":"https:\/\/gysfm.com.ar\/inicio\/multaron-a-un-turista-en-noruega-por-despertar-a-un-oso-polar-con-una-sirena-maritima\/#breadcrumb","itemListElement":[{"@type":"ListItem","position":1,"name":"Portada","item":"https:\/\/gysfm.com.ar\/inicio\/"},{"@type":"ListItem","position":2,"name":"Multaron a un turista en Noruega por despertar a un oso polar con una sirena mar\u00edtima"}]},{"@type":"WebSite","@id":"https:\/\/gysfm.com.ar\/inicio\/#website","url":"https:\/\/gysfm.com.ar\/inicio\/","name":"GYS NOTICIAS |","description":"DIARIO - RADIO ONLINE SAN JUAN ARGENTINA","publisher":{"@id":"https:\/\/gysfm.com.ar\/inicio\/#organization"},"potentialAction":[{"@type":"SearchAction","target":{"@type":"EntryPoint","urlTemplate":"https:\/\/gysfm.com.ar\/inicio\/?s={search_term_string}"},"query-input":{"@type":"PropertyValueSpecification","valueRequired":true,"valueName":"search_term_string"}}],"inLanguage":"es"},{"@type":"Organization","@id":"https:\/\/gysfm.com.ar\/inicio\/#organization","name":"GYS NOTICIAS |","url":"https:\/\/gysfm.com.ar\/inicio\/","logo":{"@type":"ImageObject","inLanguage":"es","@id":"https:\/\/gysfm.com.ar\/inicio\/#\/schema\/logo\/image\/","url":"https:\/\/gysfm.com.ar\/inicio\/wp-content\/uploads\/2023\/07\/LOGOGYS-OK.png","contentUrl":"https:\/\/gysfm.com.ar\/inicio\/wp-content\/uploads\/2023\/07\/LOGOGYS-OK.png","width":1170,"height":872,"caption":"GYS NOTICIAS |"},"image":{"@id":"https:\/\/gysfm.com.ar\/inicio\/#\/schema\/logo\/image\/"}},{"@type":"Person","@id":"https:\/\/gysfm.com.ar\/inicio\/#\/schema\/person\/3abba7593ef2ad19e1be221d54383dc5","name":"Prensa G&amp;S FM","image":{"@type":"ImageObject","inLanguage":"es","@id":"https:\/\/gysfm.com.ar\/inicio\/#\/schema\/person\/image\/","url":"https:\/\/secure.gravatar.com\/avatar\/096ec78df02049ab018702bb4ccedf659377fa92a26540b5247612077a0dbd29?s=96&d=mm&r=g","contentUrl":"https:\/\/secure.gravatar.com\/avatar\/096ec78df02049ab018702bb4ccedf659377fa92a26540b5247612077a0dbd29?s=96&d=mm&r=g","caption":"Prensa G&amp;S FM"},"sameAs":["https:\/\/gysfm.com.ar\/"],"url":"https:\/\/gysfm.com.ar\/inicio\/author\/lucasm\/"}]}},"_links":{"self":[{"href":"https:\/\/gysfm.com.ar\/inicio\/wp-json\/wp\/v2\/posts\/208672","targetHints":{"allow":["GET"]}}],"collection":[{"href":"https:\/\/gysfm.com.ar\/inicio\/wp-json\/wp\/v2\/posts"}],"about":[{"href":"https:\/\/gysfm.com.ar\/inicio\/wp-json\/wp\/v2\/types\/post"}],"author":[{"embeddable":true,"href":"https:\/\/gysfm.com.ar\/inicio\/wp-json\/wp\/v2\/users\/2"}],"replies":[{"embeddable":true,"href":"https:\/\/gysfm.com.ar\/inicio\/wp-json\/wp\/v2\/comments?post=208672"}],"version-history":[{"count":1,"href":"https:\/\/gysfm.com.ar\/inicio\/wp-json\/wp\/v2\/posts\/208672\/revisions"}],"predecessor-version":[{"id":208674,"href":"https:\/\/gysfm.com.ar\/inicio\/wp-json\/wp\/v2\/posts\/208672\/revisions\/208674"}],"wp:featuredmedia":[{"embeddable":true,"href":"https:\/\/gysfm.com.ar\/inicio\/wp-json\/wp\/v2\/media\/208673"}],"wp:attachment":[{"href":"https:\/\/gysfm.com.ar\/inicio\/wp-json\/wp\/v2\/media?parent=208672"}],"wp:term":[{"taxonomy":"category","embeddable":true,"href":"https:\/\/gysfm.com.ar\/inicio\/wp-json\/wp\/v2\/categories?post=208672"},{"taxonomy":"post_tag","embeddable":true,"href":"https:\/\/gysfm.com.ar\/inicio\/wp-json\/wp\/v2\/tags?post=208672"}],"curies":[{"name":"wp","href":"https:\/\/api.w.org\/{rel}","templated":true}]}}